{"id":1765,"date":"2025-10-05T11:18:00","date_gmt":"2025-10-05T09:18:00","guid":{"rendered":"https:\/\/www.accidentdutravail-idf.net\/blog\/avec-un-complice-lemployee-municipale-dune-commune-de-gironde-avait-invente-un-faux-accident-de-travail\/"},"modified":"2025-10-05T11:18:00","modified_gmt":"2025-10-05T09:18:00","slug":"avec-un-complice-lemployee-municipale-dune-commune-de-gironde-avait-invente-un-faux-accident-de-travail","status":"publish","type":"post","link":"https:\/\/www.accidentdutravail-idf.net\/blog\/avec-un-complice-lemployee-municipale-dune-commune-de-gironde-avait-invente-un-faux-accident-de-travail\/","title":{"rendered":"Avec un complice, l&#8217;employ\u00e9e municipale d&rsquo;une commune de Gironde avait invent\u00e9 un faux accident de travail"},"content":{"rendered":"<div><img decoding=\"async\" src=\"https:\/\/www.accidentdutravail-idf.net\/blog\/wp-content\/uploads\/2025\/10\/avec-un-complice-lemployee-municipale-dune-commune-de-gironde-avait-invente-un-faux-accident-de-travail.jpg\" class=\"ff-og-image-inserted\"><\/div>\n<div class=\"ac-article-date\"> Par <strong> <a href=\"https:\/\/actu.fr\/auteur\/redaction-bordeaux\" title=\"Consulter tous les articles de R\u00e9daction Bordeaux\" target=\"_blank\" rel=\"nofollow\">R\u00e9daction Bordeaux<\/a> <\/strong> <span> Publi\u00e9 le  5 oct. 2025 \u00e0 17h44  <\/span>\n<\/div>\n<p>La cour administrative d\u2019appel de Bordeaux a r\u00e9tabli la sanction qui avait \u00e9t\u00e9 inflig\u00e9e \u00e0 une employ\u00e9e municipale de Saint-Antoine-sur-l\u2019Isle (Gironde) pour avoir fait une <strong>d\u00e9claration \u00ab&nbsp;mensong\u00e8re&nbsp;\u00bb d\u2019accident du travail<\/strong>. Cette adjointe technique territoriale travaillait en fait comme agent polyvalent \u00e0 l\u2019entretien des locaux, \u00e0 la surveillance des enfants \u00e0 la cantine, \u00e0 l\u2019entretien des espaces verts ou encore aux services administratifs de la commune. Titularis\u00e9e en 2013, elle avait affirm\u00e9 en 2017 s\u2019\u00eatre fait une \u00ab&nbsp;grave&nbsp;\u00bb entorse \u00e0 la cheville \u00ab&nbsp;en descendant du tracteur tondeuse&nbsp;\u00bb du service des espaces verts pour que son <strong>cong\u00e9 maladie soit consid\u00e9r\u00e9 comme accident du travail<\/strong> et qu\u2019elle continue ainsi de <strong>toucher sa pleine r\u00e9mun\u00e9ration<\/strong>.<\/p>\n<p class=\" wall-content\">La maire Paquerette Peyrideux, en poste depuis 2008, avait alors reconnu \u00ab&nbsp;l\u2019imputabilit\u00e9 au service&nbsp;\u00bb de cette entorse\u2026 avant de revenir sur sa d\u00e9cision quatre ans plus tard, en 2021, et de<strong> porter plainte contre son agent \u00e0 la gendarmerie<\/strong> pour <strong>\u00ab&nbsp;d\u00e9claration mensong\u00e8re&nbsp;\u00bb<\/strong>.<\/p>\n<h2 class=\" wall-content\">Son complice avait \u00e9t\u00e9 exclu durant six mois<\/h2>\n<p class=\" wall-content\">Un \u00ab&nbsp;rappel \u00e0 la loi&nbsp;\u00bb avait alors \u00e9t\u00e9 signifi\u00e9 \u00e0 la fonctionnaire par le procureur de la R\u00e9publique de Libourne le 14 mai 2020. L\u2019\u00e9lue avait, en parall\u00e8le, engag\u00e9 une proc\u00e9dure disciplinaire qui avait conduit \u00e0 une<strong> exclusion de fonctions de deux ans<\/strong> pour cette employ\u00e9e municipale.<\/p>\n<p class=\" wall-content\">Un de ses coll\u00e8gues avait lui \u00e9t\u00e9 exclu pendant six mois : il avait produit<strong> \u00ab&nbsp;trois fausses attestations&nbsp;\u00bb<\/strong> pour certifier avoir \u00e9t\u00e9 t\u00e9moin de l\u2019accident de travail de l\u2019int\u00e9ress\u00e9e. Il avait en r\u00e9alit\u00e9 \u00ab&nbsp;jou\u00e9 le jeu&nbsp;\u00bb alors que s\u2019\u00e9tait en r\u00e9alit\u00e9 \u00ab&nbsp;bless\u00e9e dans son jardin&nbsp;\u00bb.<\/p>\n<div class=\"ac-article-to-read wall-content\">\n<p>\u00c0 lire aussi<\/p>\n<\/div>\n<p class=\" wall-content\">En premi\u00e8re instance, le tribunal administratif de Bordeaux avait annul\u00e9 les sanctions inflig\u00e9es aux deux agents pour de simples vices de forme, ce qui avait pouss\u00e9 la commune \u00e0 faire appel des jugements. La cour administrative d\u2019appel de Bordeaux lui a donn\u00e9 raison en \u00e9cartant ce probl\u00e8me de proc\u00e9dure, et a r\u00e9examin\u00e9 l\u2019affaire sur le fond.<\/p>\n<h2 class=\" wall-content\">Elle a invent\u00e9 une chute du tracteur-tondeuse<\/h2>\n<p class=\" wall-content\">\u00ab&nbsp;Le proc\u00e8s-verbal d\u2019audition de Mme X par les services de gendarmerie de Coutras et le proc\u00e8s-verbal de synth\u00e8se dans lequel M. X reconna\u00eet finalement ne pas avoir \u00e9t\u00e9 t\u00e9moin de l\u2019accident r\u00e9v\u00e8lent que celui-ci a menti devant le conseil de discipline&nbsp;\u00bb, consid\u00e8re la cour administrative d\u2019appel de Bordeaux dans deux arr\u00eats en date du 16 septembre 2025.<\/p>\n<p class=\" wall-content\">Il avait en effet \u00ab&nbsp;pr\u00e9tendu&nbsp;\u00bb avoir r\u00e9dig\u00e9 ces attestations \u00ab&nbsp;\u00e0 la demande de la maire&nbsp;\u00bb pour \u00ab&nbsp;faciliter la gestion de d\u00e9claration de l\u2019accident aupr\u00e8s de l\u2019assureur de la commune&nbsp;\u00bb\u2026<\/p>\n<div class=\"ac-banner-article ac-banner-article--newsletter wall-content\">\n<p>Votre r\u00e9gion, votre actu !<\/p>\n<p>Recevez chaque jour les infos qui comptent pour vous.<\/p>\n<p> <a href=\"https:\/\/actu.fr\/newsletter\" class=\"ac-btn ac-btn--corner ac-btn--medium ac-btn--blue800\" target=\"_blank\" rel=\"nofollow\">S&rsquo;incrire<\/a>\n<\/div>\n<p class=\" wall-content\">Or une autre employ\u00e9e municipale avait certifi\u00e9 par la suite que son coll\u00e8gue n\u2019avait \u00ab&nbsp;pas pu&nbsp;\u00bb \u00eatre t\u00e9moin de l\u2019accident puisqu\u2019il \u00ab&nbsp;ne se trouvait pas avec Mme X \u00e0 l\u2019heure \u00e0 laquelle il \u00e9tait pr\u00e9tendument intervenu&nbsp;\u00bb.<\/p>\n<div class=\"ac-article-to-read wall-content\">\n<p>\u00c0 lire aussi<\/p>\n<\/div>\n<p class=\" wall-content\">Un \u00e9lu \u00ab&nbsp;dont la partialit\u00e9 n\u2019est pas d\u00e9montr\u00e9e&nbsp;\u00bb avait aussi affirm\u00e9 que cet employ\u00e9 municipal lui avait lui-m\u00eame d\u00e9clar\u00e9 n\u2019avoir \u00ab&nbsp;rien vu&nbsp;\u00bb puisqu\u2019il \u00ab&nbsp;travaillait \u00e0 proximit\u00e9 de l\u2019\u00e9cole&nbsp;\u00bb au moment de la pr\u00e9tendue chute de sa coll\u00e8gue du \u00ab&nbsp;tracteur-tondeuse&nbsp;\u00bb.<\/p>\n<p class=\" wall-content\">Il en va de m\u00eame pour le fait que la d\u00e9cision d\u2019exclusion temporaire mentionne \u00ab&nbsp;\u00e0 titre contextuel&nbsp;\u00bb que son \u00ab&nbsp;complice&nbsp;\u00bb avait d\u00e9j\u00e0 fait l\u2019objet d\u2019un \u00ab&nbsp;bl\u00e2me&nbsp;\u00bb de la part de sa hi\u00e9rarchie en octobre 2020.<\/p>\n<h2 class=\" wall-content\">Une employ\u00e9e d\u00e9j\u00e0 en conflit avec ses chefs<\/h2>\n<p class=\" wall-content\">L\u2019employ\u00e9e municipale qui avait fait cette fausse d\u00e9claration \u00e9tait \u00e0 vrai dire d\u00e9j\u00e0 en d\u00e9licatesse avec son employeur : le 29 juin 2021, le tribunal administratif de Bordeaux avait condamn\u00e9 la collectivit\u00e9 \u00e0 lui verser 500 euros pour son \u00ab&nbsp;pr\u00e9judice moral&nbsp;\u00bb et ses \u00ab&nbsp;troubles dans ses conditions d\u2019existence&nbsp;\u00bb pour lui avoir \u00ab&nbsp;ill\u00e9galement refus\u00e9&nbsp;\u00bb une prime.<\/p>\n<p class=\" wall-content\">Mais \u00ab&nbsp;il ne peut \u00eatre d\u00e9duit de cette seule circonstance que la d\u00e9cision n\u2019a \u00e9t\u00e9 prise que dans le but de la sanctionner pour avoir d\u00e9nonc\u00e9 les agissements dont elle a \u00e9t\u00e9 victime&nbsp;\u00bb, consid\u00e8re la cour. L\u2019employ\u00e9e municipale avait pourtant \u00ab&nbsp;port\u00e9 plainte pour ces faits et les a signal\u00e9s au procureur de la R\u00e9publique&nbsp;\u00bb, soulignait&nbsp;son avocat&nbsp;en premi\u00e8re instance.<\/p>\n<div class=\"ac-article-to-read wall-content\">\n<p>\u00c0 lire aussi<\/p>\n<\/div>\n<p class=\" wall-content\">Les juges d\u2019appel rappellent aussi que le m\u00eame tribunal administratif de Bordeaux avait rejet\u00e9 le m\u00eame jour, en 2021, les pr\u00e9tentions indemnitaires de l\u2019int\u00e9ress\u00e9e suite au harc\u00e8lement moral dont elle pr\u00e9tendait \u00eatre victime.<\/p>\n<p class=\" wall-content\">\u00ab&nbsp;Il ne r\u00e9sulte pas de l\u2019instruction que la maire se serait oppos\u00e9e \u00e0 toute reprise d\u2019activit\u00e9 de la requ\u00e9rante sur un poste am\u00e9nag\u00e9 dans l\u2019intention de freiner son avancement de carri\u00e8re&nbsp;\u00bb, consid\u00e8re la cour d\u2019administrative d\u2019appel de Bordeaux.<\/p>\n<p class=\" wall-content\">En effet, cette employ\u00e9e municipale \u00ab&nbsp;ne disposait pas des comp\u00e9tences professionnelles&nbsp;\u00bb pour \u00ab&nbsp;exercer des fonctions \u00e0 caract\u00e8re administratif&nbsp;\u00bb et \u00ab&nbsp;aucun emploi n\u2019\u00e9tait d\u00e9clar\u00e9 vacant au service de la restauration scolaire&nbsp;\u00bb.<\/p>\n<h2 class=\" wall-content\">La justice donne raison \u00e0 la mairie<\/h2>\n<p class=\" wall-content\">\u00ab&nbsp;Compte tenu de la gravit\u00e9 de la d\u00e9claration mensong\u00e8re commise et de son retentissement sur le service, la d\u00e9cision par laquelle la maire lui a inflig\u00e9 une exclusion pour deux ans n\u2019est pas entach\u00e9e d\u2019un d\u00e9faut de proportionnalit\u00e9&nbsp;\u00bb, en concluent les juges.<\/p>\n<p class=\" wall-content\">L\u2019avocat de l\u2019int\u00e9ress\u00e9e jugeait pourtant cette sanction \u00ab&nbsp;disproportionn\u00e9e&nbsp;\u00bb : sa cliente n\u2019avait \u00ab&nbsp;fait qu\u2019exercer l\u00e9gitimement ses droits&nbsp;\u00bb et elle en a gard\u00e9 des \u00ab&nbsp;s\u00e9quelles psychologiques&nbsp;\u00bb li\u00e9es \u00e0 son \u00ab&nbsp;ressenti l\u00e9gitime d\u2019injustice&nbsp;\u00bb et \u00e0 sa \u00ab&nbsp;perte de lien social&nbsp;\u00bb.<\/p>\n<p class=\" wall-content\">Son coll\u00e8gue qui avait \u00ab&nbsp;jou\u00e9 le jeu&nbsp;\u00bb en r\u00e9digeant trois fausses attestations a lui aussi vu son exclusion de fonctions de six mois r\u00e9tablie par la cour administrative d\u2019appel de Bordeaux.<\/p>\n<p class=\" wall-content\"><i>Personnalisez votre actualit\u00e9 en ajoutant vos villes et m\u00e9dias en favori avec <a href=\"https:\/\/moncompte.actu.fr\" title=\"D\u00e9couvez Mon Actu\" rel=\"nofollow\" data-trk=\"{&quot;cta&quot;:{&quot;action&quot;:&quot;https:\\\/\\\/moncompte.actu.fr&quot;,&quot;category&quot;:&quot;mon compte&quot;,&quot;from&quot;:&quot;article footer&quot;,&quot;name&quot;:&quot;Mon actu&quot;,&quot;type&quot;:&quot;cta&quot;}}\" target=\"_blank\">Mon Actu<\/a>.<\/i><\/p>\n<p> accidentdutravail-idf.net vous a pr\u00e9par\u00e9 ce post qui informe du sujet \u00ab\u00a0Association Sportive Huisson-Longueville Essonne\u00a0\u00bb. La chronique se veut g\u00e9n\u00e9r\u00e9e du mieux possible. Vous pouvez utiliser les coordonn\u00e9es indiqu\u00e9es sur le site dans le but d\u2019apporter des explications sur ce post qui parle du th\u00e8me \u00ab\u00a0Association Sportive Huisson-Longueville Essonne\u00a0\u00bb. Le site accidentdutravail-idf.net a pour but de fournir diverses publications sur la th\u00e9matique Association Sportive Huisson-Longueville Essonne diffus\u00e9es sur le net. Il y aura plusieurs articles autour du sujet \u00ab\u00a0Association Sportive Huisson-Longueville Essonne\u00a0\u00bb dans quelques jours, nous vous invitons \u00e0 naviguer sur notre site web \u00e0 plusieurs reprises.<\/p>\n","protected":false},"excerpt":{"rendered":"<p>Par R\u00e9daction Bordeaux Publi\u00e9 le 5 oct. 2025 \u00e0 17h44 La cour administrative d\u2019appel de Bordeaux a r\u00e9tabli la sanction qui avait \u00e9t\u00e9 inflig\u00e9e \u00e0 une employ\u00e9e municipale de Saint-Antoine-sur-l\u2019Isle (Gironde) pour avoir fait une d\u00e9claration \u00ab&nbsp;mensong\u00e8re&nbsp;\u00bb d\u2019accident du travail. Cette adjointe technique territoriale travaillait en fait comme agent polyvalent \u00e0 l\u2019entretien des locaux, \u00e0 &hellip; <\/p>\n<p class=\"link-more\"><a href=\"https:\/\/www.accidentdutravail-idf.net\/blog\/avec-un-complice-lemployee-municipale-dune-commune-de-gironde-avait-invente-un-faux-accident-de-travail\/\" class=\"more-link\">Continuer la lecture <span class=\"screen-reader-text\"> \u00ab\u00a0Avec un complice, l&#8217;employ\u00e9e municipale d&rsquo;une commune de Gironde avait invent\u00e9 un faux accident de travail\u00a0\u00bb<\/span><\/a><\/p>\n","protected":false},"author":2,"featured_media":0,"comment_status":"closed","ping_status":"closed","sticky":false,"template":"","format":"standard","meta":{"footnotes":""},"categories":[5],"tags":[],"class_list":["post-1765","post","type-post","status-publish","format-standard","hentry","category-securite-du-travail-en-ile-de-france-et-divers","entry"],"yoast_head":"<!-- This site is optimized with the Yoast SEO plugin v27.5 - https:\/\/yoast.com\/product\/yoast-seo-wordpress\/ -->\n<title>Avec un complice, l&#039;employ\u00e9e municipale d&#039;une commune de Gironde avait invent\u00e9 un faux accident de travail - ACCIDENTDUTRAVAIL-IDF<\/title>\n<meta name=\"description\" content=\"Avec un complice, l&#039;employ\u00e9e municipale d&#039;une commune de Gironde avait invent\u00e9 un faux accident de travail article de ACCIDENTDUTRAVAIL-IDF\" \/>\n<meta name=\"robots\" content=\"index, follow, max-snippet:-1, max-image-preview:large, max-video-preview:-1\" \/>\n<link rel=\"canonical\" href=\"https:\/\/www.accidentdutravail-idf.net\/blog\/avec-un-complice-lemployee-municipale-dune-commune-de-gironde-avait-invente-un-faux-accident-de-travail\/\" \/>\n<meta property=\"og:locale\" content=\"fr_FR\" \/>\n<meta property=\"og:type\" content=\"article\" \/>\n<meta property=\"og:title\" content=\"Avec un complice, l&#039;employ\u00e9e municipale d&#039;une commune de Gironde avait invent\u00e9 un faux accident de travail - ACCIDENTDUTRAVAIL-IDF\" \/>\n<meta property=\"og:description\" content=\"Avec un complice, l&#039;employ\u00e9e municipale d&#039;une commune de Gironde avait invent\u00e9 un faux accident de travail article de ACCIDENTDUTRAVAIL-IDF\" \/>\n<meta property=\"og:url\" content=\"https:\/\/www.accidentdutravail-idf.net\/blog\/avec-un-complice-lemployee-municipale-dune-commune-de-gironde-avait-invente-un-faux-accident-de-travail\/\" \/>\n<meta property=\"og:site_name\" content=\"ACCIDENTDUTRAVAIL-IDF\" \/>\n<meta property=\"article:published_time\" content=\"2025-10-05T09:18:00+00:00\" \/>\n<meta property=\"og:image\" content=\"https:\/\/www.accidentdutravail-idf.net\/blog\/wp-content\/uploads\/2025\/10\/avec-un-complice-lemployee-municipale-dune-commune-de-gironde-avait-invente-un-faux-accident-de-travail.jpg\" \/>\n<meta name=\"author\" content=\"Carlos Poulain\" \/>\n<meta name=\"twitter:card\" content=\"summary_large_image\" \/>\n<meta name=\"twitter:label1\" content=\"\u00c9crit par\" \/>\n\t<meta name=\"twitter:data1\" content=\"Carlos Poulain\" \/>\n\t<meta name=\"twitter:label2\" content=\"Dur\u00e9e de lecture estim\u00e9e\" \/>\n\t<meta name=\"twitter:data2\" content=\"6 minutes\" \/>\n<script type=\"application\/ld+json\" class=\"yoast-schema-graph\">{\"@context\":\"https:\\\/\\\/schema.org\",\"@graph\":[{\"@type\":\"Article\",\"@id\":\"https:\\\/\\\/www.accidentdutravail-idf.net\\\/blog\\\/avec-un-complice-lemployee-municipale-dune-commune-de-gironde-avait-invente-un-faux-accident-de-travail\\\/#article\",\"isPartOf\":{\"@id\":\"https:\\\/\\\/www.accidentdutravail-idf.net\\\/blog\\\/avec-un-complice-lemployee-municipale-dune-commune-de-gironde-avait-invente-un-faux-accident-de-travail\\\/\"},\"author\":{\"name\":\"Carlos Poulain\",\"@id\":\"https:\\\/\\\/www.accidentdutravail-idf.net\\\/blog\\\/#\\\/schema\\\/person\\\/3255d2f970de45e64bd9201f38e7b947\"},\"headline\":\"Avec un complice, l&#8217;employ\u00e9e municipale d&rsquo;une commune de Gironde avait invent\u00e9 un faux accident de travail\",\"datePublished\":\"2025-10-05T09:18:00+00:00\",\"mainEntityOfPage\":{\"@id\":\"https:\\\/\\\/www.accidentdutravail-idf.net\\\/blog\\\/avec-un-complice-lemployee-municipale-dune-commune-de-gironde-avait-invente-un-faux-accident-de-travail\\\/\"},\"wordCount\":1214,\"publisher\":{\"@id\":\"https:\\\/\\\/www.accidentdutravail-idf.net\\\/blog\\\/#organization\"},\"image\":{\"@id\":\"https:\\\/\\\/www.accidentdutravail-idf.net\\\/blog\\\/avec-un-complice-lemployee-municipale-dune-commune-de-gironde-avait-invente-un-faux-accident-de-travail\\\/#primaryimage\"},\"thumbnailUrl\":\"https:\\\/\\\/www.accidentdutravail-idf.net\\\/blog\\\/wp-content\\\/uploads\\\/2025\\\/10\\\/avec-un-complice-lemployee-municipale-dune-commune-de-gironde-avait-invente-un-faux-accident-de-travail.jpg\",\"articleSection\":[\"S\u00e9curit\u00e9 Du Travail En Ile-De-France Et Divers:\"],\"inLanguage\":\"fr-FR\"},{\"@type\":\"WebPage\",\"@id\":\"https:\\\/\\\/www.accidentdutravail-idf.net\\\/blog\\\/avec-un-complice-lemployee-municipale-dune-commune-de-gironde-avait-invente-un-faux-accident-de-travail\\\/\",\"url\":\"https:\\\/\\\/www.accidentdutravail-idf.net\\\/blog\\\/avec-un-complice-lemployee-municipale-dune-commune-de-gironde-avait-invente-un-faux-accident-de-travail\\\/\",\"name\":\"Avec un complice, l'employ\u00e9e municipale d'une commune de Gironde avait invent\u00e9 un faux accident de travail - ACCIDENTDUTRAVAIL-IDF\",\"isPartOf\":{\"@id\":\"https:\\\/\\\/www.accidentdutravail-idf.net\\\/blog\\\/#website\"},\"primaryImageOfPage\":{\"@id\":\"https:\\\/\\\/www.accidentdutravail-idf.net\\\/blog\\\/avec-un-complice-lemployee-municipale-dune-commune-de-gironde-avait-invente-un-faux-accident-de-travail\\\/#primaryimage\"},\"image\":{\"@id\":\"https:\\\/\\\/www.accidentdutravail-idf.net\\\/blog\\\/avec-un-complice-lemployee-municipale-dune-commune-de-gironde-avait-invente-un-faux-accident-de-travail\\\/#primaryimage\"},\"thumbnailUrl\":\"https:\\\/\\\/www.accidentdutravail-idf.net\\\/blog\\\/wp-content\\\/uploads\\\/2025\\\/10\\\/avec-un-complice-lemployee-municipale-dune-commune-de-gironde-avait-invente-un-faux-accident-de-travail.jpg\",\"datePublished\":\"2025-10-05T09:18:00+00:00\",\"description\":\"Avec un complice, l'employ\u00e9e municipale d'une commune de Gironde avait invent\u00e9 un faux accident de travail article de ACCIDENTDUTRAVAIL-IDF\",\"breadcrumb\":{\"@id\":\"https:\\\/\\\/www.accidentdutravail-idf.net\\\/blog\\\/avec-un-complice-lemployee-municipale-dune-commune-de-gironde-avait-invente-un-faux-accident-de-travail\\\/#breadcrumb\"},\"inLanguage\":\"fr-FR\",\"potentialAction\":[{\"@type\":\"ReadAction\",\"target\":[\"https:\\\/\\\/www.accidentdutravail-idf.net\\\/blog\\\/avec-un-complice-lemployee-municipale-dune-commune-de-gironde-avait-invente-un-faux-accident-de-travail\\\/\"]}]},{\"@type\":\"ImageObject\",\"inLanguage\":\"fr-FR\",\"@id\":\"https:\\\/\\\/www.accidentdutravail-idf.net\\\/blog\\\/avec-un-complice-lemployee-municipale-dune-commune-de-gironde-avait-invente-un-faux-accident-de-travail\\\/#primaryimage\",\"url\":\"https:\\\/\\\/www.accidentdutravail-idf.net\\\/blog\\\/wp-content\\\/uploads\\\/2025\\\/10\\\/avec-un-complice-lemployee-municipale-dune-commune-de-gironde-avait-invente-un-faux-accident-de-travail.jpg\",\"contentUrl\":\"https:\\\/\\\/www.accidentdutravail-idf.net\\\/blog\\\/wp-content\\\/uploads\\\/2025\\\/10\\\/avec-un-complice-lemployee-municipale-dune-commune-de-gironde-avait-invente-un-faux-accident-de-travail.jpg\"},{\"@type\":\"BreadcrumbList\",\"@id\":\"https:\\\/\\\/www.accidentdutravail-idf.net\\\/blog\\\/avec-un-complice-lemployee-municipale-dune-commune-de-gironde-avait-invente-un-faux-accident-de-travail\\\/#breadcrumb\",\"itemListElement\":[{\"@type\":\"ListItem\",\"position\":1,\"name\":\"Accueil\",\"item\":\"https:\\\/\\\/www.accidentdutravail-idf.net\\\/blog\\\/\"},{\"@type\":\"ListItem\",\"position\":2,\"name\":\"Avec un complice, l&#8217;employ\u00e9e municipale d&rsquo;une commune de Gironde avait invent\u00e9 un faux accident de travail\"}]},{\"@type\":\"WebSite\",\"@id\":\"https:\\\/\\\/www.accidentdutravail-idf.net\\\/blog\\\/#website\",\"url\":\"https:\\\/\\\/www.accidentdutravail-idf.net\\\/blog\\\/\",\"name\":\"ACCIDENTDUTRAVAIL-IDF\",\"description\":\"Portail accidents du travail-maladies professionnelles des entreprises d&#039;Ile-de-France\",\"publisher\":{\"@id\":\"https:\\\/\\\/www.accidentdutravail-idf.net\\\/blog\\\/#organization\"},\"potentialAction\":[{\"@type\":\"SearchAction\",\"target\":{\"@type\":\"EntryPoint\",\"urlTemplate\":\"https:\\\/\\\/www.accidentdutravail-idf.net\\\/blog\\\/?s={search_term_string}\"},\"query-input\":{\"@type\":\"PropertyValueSpecification\",\"valueRequired\":true,\"valueName\":\"search_term_string\"}}],\"inLanguage\":\"fr-FR\"},{\"@type\":\"Organization\",\"@id\":\"https:\\\/\\\/www.accidentdutravail-idf.net\\\/blog\\\/#organization\",\"name\":\"accidentdutravail-idf\",\"url\":\"https:\\\/\\\/www.accidentdutravail-idf.net\\\/blog\\\/\",\"logo\":{\"@type\":\"ImageObject\",\"inLanguage\":\"fr-FR\",\"@id\":\"https:\\\/\\\/www.accidentdutravail-idf.net\\\/blog\\\/#\\\/schema\\\/logo\\\/image\\\/\",\"url\":\"https:\\\/\\\/www.accidentdutravail-idf.net\\\/blog\\\/wp-content\\\/uploads\\\/2022\\\/09\\\/logo-2.png\",\"contentUrl\":\"https:\\\/\\\/www.accidentdutravail-idf.net\\\/blog\\\/wp-content\\\/uploads\\\/2022\\\/09\\\/logo-2.png\",\"width\":380,\"height\":291,\"caption\":\"accidentdutravail-idf\"},\"image\":{\"@id\":\"https:\\\/\\\/www.accidentdutravail-idf.net\\\/blog\\\/#\\\/schema\\\/logo\\\/image\\\/\"}},{\"@type\":\"Person\",\"@id\":\"https:\\\/\\\/www.accidentdutravail-idf.net\\\/blog\\\/#\\\/schema\\\/person\\\/3255d2f970de45e64bd9201f38e7b947\",\"name\":\"Carlos Poulain\",\"image\":{\"@type\":\"ImageObject\",\"inLanguage\":\"fr-FR\",\"@id\":\"https:\\\/\\\/secure.gravatar.com\\\/avatar\\\/b1c2f9d3588e34e91adb093635df64ef4b2381991216be7576466cfcdca4baf3?s=96&d=mm&r=g\",\"url\":\"https:\\\/\\\/secure.gravatar.com\\\/avatar\\\/b1c2f9d3588e34e91adb093635df64ef4b2381991216be7576466cfcdca4baf3?s=96&d=mm&r=g\",\"contentUrl\":\"https:\\\/\\\/secure.gravatar.com\\\/avatar\\\/b1c2f9d3588e34e91adb093635df64ef4b2381991216be7576466cfcdca4baf3?s=96&d=mm&r=g\",\"caption\":\"Carlos Poulain\"},\"url\":\"https:\\\/\\\/www.accidentdutravail-idf.net\\\/blog\\\/author\\\/idfcarlos\\\/\"}]}<\/script>\n<!-- \/ Yoast SEO plugin. -->","yoast_head_json":{"title":"Avec un complice, l'employ\u00e9e municipale d'une commune de Gironde avait invent\u00e9 un faux accident de travail - ACCIDENTDUTRAVAIL-IDF","description":"Avec un complice, l'employ\u00e9e municipale d'une commune de Gironde avait invent\u00e9 un faux accident de travail article de ACCIDENTDUTRAVAIL-IDF","robots":{"index":"index","follow":"follow","max-snippet":"max-snippet:-1","max-image-preview":"max-image-preview:large","max-video-preview":"max-video-preview:-1"},"canonical":"https:\/\/www.accidentdutravail-idf.net\/blog\/avec-un-complice-lemployee-municipale-dune-commune-de-gironde-avait-invente-un-faux-accident-de-travail\/","og_locale":"fr_FR","og_type":"article","og_title":"Avec un complice, l'employ\u00e9e municipale d'une commune de Gironde avait invent\u00e9 un faux accident de travail - ACCIDENTDUTRAVAIL-IDF","og_description":"Avec un complice, l'employ\u00e9e municipale d'une commune de Gironde avait invent\u00e9 un faux accident de travail article de ACCIDENTDUTRAVAIL-IDF","og_url":"https:\/\/www.accidentdutravail-idf.net\/blog\/avec-un-complice-lemployee-municipale-dune-commune-de-gironde-avait-invente-un-faux-accident-de-travail\/","og_site_name":"ACCIDENTDUTRAVAIL-IDF","article_published_time":"2025-10-05T09:18:00+00:00","og_image":[{"url":"https:\/\/www.accidentdutravail-idf.net\/blog\/wp-content\/uploads\/2025\/10\/avec-un-complice-lemployee-municipale-dune-commune-de-gironde-avait-invente-un-faux-accident-de-travail.jpg","type":"","width":"","height":""}],"author":"Carlos Poulain","twitter_card":"summary_large_image","twitter_misc":{"\u00c9crit par":"Carlos Poulain","Dur\u00e9e de lecture estim\u00e9e":"6 minutes"},"schema":{"@context":"https:\/\/schema.org","@graph":[{"@type":"Article","@id":"https:\/\/www.accidentdutravail-idf.net\/blog\/avec-un-complice-lemployee-municipale-dune-commune-de-gironde-avait-invente-un-faux-accident-de-travail\/#article","isPartOf":{"@id":"https:\/\/www.accidentdutravail-idf.net\/blog\/avec-un-complice-lemployee-municipale-dune-commune-de-gironde-avait-invente-un-faux-accident-de-travail\/"},"author":{"name":"Carlos Poulain","@id":"https:\/\/www.accidentdutravail-idf.net\/blog\/#\/schema\/person\/3255d2f970de45e64bd9201f38e7b947"},"headline":"Avec un complice, l&#8217;employ\u00e9e municipale d&rsquo;une commune de Gironde avait invent\u00e9 un faux accident de travail","datePublished":"2025-10-05T09:18:00+00:00","mainEntityOfPage":{"@id":"https:\/\/www.accidentdutravail-idf.net\/blog\/avec-un-complice-lemployee-municipale-dune-commune-de-gironde-avait-invente-un-faux-accident-de-travail\/"},"wordCount":1214,"publisher":{"@id":"https:\/\/www.accidentdutravail-idf.net\/blog\/#organization"},"image":{"@id":"https:\/\/www.accidentdutravail-idf.net\/blog\/avec-un-complice-lemployee-municipale-dune-commune-de-gironde-avait-invente-un-faux-accident-de-travail\/#primaryimage"},"thumbnailUrl":"https:\/\/www.accidentdutravail-idf.net\/blog\/wp-content\/uploads\/2025\/10\/avec-un-complice-lemployee-municipale-dune-commune-de-gironde-avait-invente-un-faux-accident-de-travail.jpg","articleSection":["S\u00e9curit\u00e9 Du Travail En Ile-De-France Et Divers:"],"inLanguage":"fr-FR"},{"@type":"WebPage","@id":"https:\/\/www.accidentdutravail-idf.net\/blog\/avec-un-complice-lemployee-municipale-dune-commune-de-gironde-avait-invente-un-faux-accident-de-travail\/","url":"https:\/\/www.accidentdutravail-idf.net\/blog\/avec-un-complice-lemployee-municipale-dune-commune-de-gironde-avait-invente-un-faux-accident-de-travail\/","name":"Avec un complice, l'employ\u00e9e municipale d'une commune de Gironde avait invent\u00e9 un faux accident de travail - ACCIDENTDUTRAVAIL-IDF","isPartOf":{"@id":"https:\/\/www.accidentdutravail-idf.net\/blog\/#website"},"primaryImageOfPage":{"@id":"https:\/\/www.accidentdutravail-idf.net\/blog\/avec-un-complice-lemployee-municipale-dune-commune-de-gironde-avait-invente-un-faux-accident-de-travail\/#primaryimage"},"image":{"@id":"https:\/\/www.accidentdutravail-idf.net\/blog\/avec-un-complice-lemployee-municipale-dune-commune-de-gironde-avait-invente-un-faux-accident-de-travail\/#primaryimage"},"thumbnailUrl":"https:\/\/www.accidentdutravail-idf.net\/blog\/wp-content\/uploads\/2025\/10\/avec-un-complice-lemployee-municipale-dune-commune-de-gironde-avait-invente-un-faux-accident-de-travail.jpg","datePublished":"2025-10-05T09:18:00+00:00","description":"Avec un complice, l'employ\u00e9e municipale d'une commune de Gironde avait invent\u00e9 un faux accident de travail article de ACCIDENTDUTRAVAIL-IDF","breadcrumb":{"@id":"https:\/\/www.accidentdutravail-idf.net\/blog\/avec-un-complice-lemployee-municipale-dune-commune-de-gironde-avait-invente-un-faux-accident-de-travail\/#breadcrumb"},"inLanguage":"fr-FR","potentialAction":[{"@type":"ReadAction","target":["https:\/\/www.accidentdutravail-idf.net\/blog\/avec-un-complice-lemployee-municipale-dune-commune-de-gironde-avait-invente-un-faux-accident-de-travail\/"]}]},{"@type":"ImageObject","inLanguage":"fr-FR","@id":"https:\/\/www.accidentdutravail-idf.net\/blog\/avec-un-complice-lemployee-municipale-dune-commune-de-gironde-avait-invente-un-faux-accident-de-travail\/#primaryimage","url":"https:\/\/www.accidentdutravail-idf.net\/blog\/wp-content\/uploads\/2025\/10\/avec-un-complice-lemployee-municipale-dune-commune-de-gironde-avait-invente-un-faux-accident-de-travail.jpg","contentUrl":"https:\/\/www.accidentdutravail-idf.net\/blog\/wp-content\/uploads\/2025\/10\/avec-un-complice-lemployee-municipale-dune-commune-de-gironde-avait-invente-un-faux-accident-de-travail.jpg"},{"@type":"BreadcrumbList","@id":"https:\/\/www.accidentdutravail-idf.net\/blog\/avec-un-complice-lemployee-municipale-dune-commune-de-gironde-avait-invente-un-faux-accident-de-travail\/#breadcrumb","itemListElement":[{"@type":"ListItem","position":1,"name":"Accueil","item":"https:\/\/www.accidentdutravail-idf.net\/blog\/"},{"@type":"ListItem","position":2,"name":"Avec un complice, l&#8217;employ\u00e9e municipale d&rsquo;une commune de Gironde avait invent\u00e9 un faux accident de travail"}]},{"@type":"WebSite","@id":"https:\/\/www.accidentdutravail-idf.net\/blog\/#website","url":"https:\/\/www.accidentdutravail-idf.net\/blog\/","name":"ACCIDENTDUTRAVAIL-IDF","description":"Portail accidents du travail-maladies professionnelles des entreprises d&#039;Ile-de-France","publisher":{"@id":"https:\/\/www.accidentdutravail-idf.net\/blog\/#organization"},"potentialAction":[{"@type":"SearchAction","target":{"@type":"EntryPoint","urlTemplate":"https:\/\/www.accidentdutravail-idf.net\/blog\/?s={search_term_string}"},"query-input":{"@type":"PropertyValueSpecification","valueRequired":true,"valueName":"search_term_string"}}],"inLanguage":"fr-FR"},{"@type":"Organization","@id":"https:\/\/www.accidentdutravail-idf.net\/blog\/#organization","name":"accidentdutravail-idf","url":"https:\/\/www.accidentdutravail-idf.net\/blog\/","logo":{"@type":"ImageObject","inLanguage":"fr-FR","@id":"https:\/\/www.accidentdutravail-idf.net\/blog\/#\/schema\/logo\/image\/","url":"https:\/\/www.accidentdutravail-idf.net\/blog\/wp-content\/uploads\/2022\/09\/logo-2.png","contentUrl":"https:\/\/www.accidentdutravail-idf.net\/blog\/wp-content\/uploads\/2022\/09\/logo-2.png","width":380,"height":291,"caption":"accidentdutravail-idf"},"image":{"@id":"https:\/\/www.accidentdutravail-idf.net\/blog\/#\/schema\/logo\/image\/"}},{"@type":"Person","@id":"https:\/\/www.accidentdutravail-idf.net\/blog\/#\/schema\/person\/3255d2f970de45e64bd9201f38e7b947","name":"Carlos Poulain","image":{"@type":"ImageObject","inLanguage":"fr-FR","@id":"https:\/\/secure.gravatar.com\/avatar\/b1c2f9d3588e34e91adb093635df64ef4b2381991216be7576466cfcdca4baf3?s=96&d=mm&r=g","url":"https:\/\/secure.gravatar.com\/avatar\/b1c2f9d3588e34e91adb093635df64ef4b2381991216be7576466cfcdca4baf3?s=96&d=mm&r=g","contentUrl":"https:\/\/secure.gravatar.com\/avatar\/b1c2f9d3588e34e91adb093635df64ef4b2381991216be7576466cfcdca4baf3?s=96&d=mm&r=g","caption":"Carlos Poulain"},"url":"https:\/\/www.accidentdutravail-idf.net\/blog\/author\/idfcarlos\/"}]}},"_links":{"self":[{"href":"https:\/\/www.accidentdutravail-idf.net\/blog\/wp-json\/wp\/v2\/posts\/1765","targetHints":{"allow":["GET"]}}],"collection":[{"href":"https:\/\/www.accidentdutravail-idf.net\/blog\/wp-json\/wp\/v2\/posts"}],"about":[{"href":"https:\/\/www.accidentdutravail-idf.net\/blog\/wp-json\/wp\/v2\/types\/post"}],"author":[{"embeddable":true,"href":"https:\/\/www.accidentdutravail-idf.net\/blog\/wp-json\/wp\/v2\/users\/2"}],"replies":[{"embeddable":true,"href":"https:\/\/www.accidentdutravail-idf.net\/blog\/wp-json\/wp\/v2\/comments?post=1765"}],"version-history":[{"count":0,"href":"https:\/\/www.accidentdutravail-idf.net\/blog\/wp-json\/wp\/v2\/posts\/1765\/revisions"}],"wp:attachment":[{"href":"https:\/\/www.accidentdutravail-idf.net\/blog\/wp-json\/wp\/v2\/media?parent=1765"}],"wp:term":[{"taxonomy":"category","embeddable":true,"href":"https:\/\/www.accidentdutravail-idf.net\/blog\/wp-json\/wp\/v2\/categories?post=1765"},{"taxonomy":"post_tag","embeddable":true,"href":"https:\/\/www.accidentdutravail-idf.net\/blog\/wp-json\/wp\/v2\/tags?post=1765"}],"curies":[{"name":"wp","href":"https:\/\/api.w.org\/{rel}","templated":true}]}}