{"id":1760,"date":"2025-09-30T03:12:00","date_gmt":"2025-09-30T01:12:00","guid":{"rendered":"https:\/\/www.accidentdutravail-idf.net\/blog\/accident-de-travail-lentreprise-cardoso-rejette-toute-responsabilite\/"},"modified":"2025-09-30T03:12:00","modified_gmt":"2025-09-30T01:12:00","slug":"accident-de-travail-lentreprise-cardoso-rejette-toute-responsabilite","status":"publish","type":"post","link":"https:\/\/www.accidentdutravail-idf.net\/blog\/accident-de-travail-lentreprise-cardoso-rejette-toute-responsabilite\/","title":{"rendered":"Accident de travail : l\u2019entreprise Cardoso rejette toute responsabilit\u00e9"},"content":{"rendered":"<div><img decoding=\"async\" src=\"https:\/\/www.accidentdutravail-idf.net\/blog\/wp-content\/uploads\/2025\/10\/accident-de-travail-lentreprise-cardoso-rejette-toute-responsabilite.jpg\" class=\"ff-og-image-inserted\"><\/div>\n<h4>\n<p>Un ouvrier est tomb\u00e9 d\u2019un toit \u00e0 cause d\u2019un \u00e9chafaudage mal install\u00e9. Son patron aujourd\u2019hui en faillite nie toute responsabilit\u00e9. La victime n\u2019avait pas les formations n\u00e9cessaires.<\/p>\n<\/h4>\n<p class=\"text\">Le 16&nbsp;septembre 2019 \u00e0 Grevenmacher, un ouvrier a fait une chute de huit m\u00e8tres d\u2019un toit. Feliciano a gliss\u00e9 entre la fa\u00e7ade et l\u2019\u00e9chafaudage. Son ancien employeur, l\u2019entreprise g\u00e9n\u00e9rale de construction Manuel Cardoso, rejette toute responsabilit\u00e9. Son avocat r\u00e9p\u00e8te qu\u2019il n\u2019est pas prouv\u00e9 que l\u2019ouvrier avait re\u00e7u l\u2019ordre de grimper sur le toit alors que l\u2019\u00e9chafaudage avait \u00e9t\u00e9 d\u00e9plac\u00e9.<\/p>\n<p><!-- \/21869038834\/Inreads --> <\/p>\n<p class=\"text\">\u00abNous venions de commencer la journ\u00e9e de travail. Mon chef d\u2019atelier m\u2019avait charg\u00e9 de travailler sur la charpente\u00bb, explique Feliciano. \u00abJ\u2019\u00e9tais sur le chantier depuis une semaine. L\u2019\u00e9chafaudage \u00e9tait d\u00e9j\u00e0 ainsi.\u00bb L\u2019ouvrier a escalad\u00e9 l\u2019\u00e9chafaudage, puis a utilis\u00e9 une \u00abpetite \u00e9chelle\u00bb pour acc\u00e9der au toit. \u00abJ\u2019ai voulu me hisser en m\u2019agrippant \u00e0 une planche en bois qui a c\u00e9d\u00e9.\u00bb Il a essay\u00e9 de se retenir, mais est tomb\u00e9 dans le vide.<\/p>\n<p class=\"text\">Gravement bless\u00e9, il \u00e9chappe au pire. L\u2019entreprise qui a construit l\u2019\u00e9chafaudage assure qu\u2019il l\u2019a \u00e9t\u00e9 en bonne et due forme et rejette la responsabilit\u00e9 de l\u2019accident sur l\u2019entreprise aujourd\u2019hui en faillite. La victime \u00e9tait un ancien chauffeur de camion affect\u00e9 par son employeur \u00e0 ce poste pour lequel il n\u2019avait re\u00e7u aucune formation certifi\u00e9e. \u00abJ\u2019avais appris sur le tas\u00bb, a-t-il pr\u00e9cis\u00e9 \u00e0 la barre de la 7<sup>e<\/sup>&nbsp;chambre correctionnelle du tribunal d\u2019arrondissement de Luxembourg.<\/p>\n<p class=\"text\">Il n\u2019y aurait pas non plus eu de plan de s\u00e9curit\u00e9 personnelle ou de formation ad\u00e9quate en mati\u00e8re de s\u00e9curit\u00e9, ajoute son avocat. \u00abSon poste \u00e9tait \u00e0 risque.\u00bb Son ancien employeur aurait, selon M<sup>e<\/sup>&nbsp;Pietropaolo, essay\u00e9 de camoufler l\u2019accident du travail alors que l\u2019ITM aurait constat\u00e9 une s\u00e9rie d\u2019infractions sur le chantier. Elles sont notamment \u00e0 attribuer \u00e0 l\u2019absence de responsable de la s\u00e9curit\u00e9 au moment du drame.<\/p>\n<p class=\"text\">Un argument retenu par le procureur qui a estim\u00e9 \u00abqu\u2019une entreprise doit garantir la s\u00e9curit\u00e9 et la sant\u00e9 de ses employ\u00e9s\u00bb et que l\u2019entreprise en question a manqu\u00e9 \u00e0 ses obligations. Le magistrat a jug\u00e9 que l\u2019infraction de coups et blessures involontaires \u00e9tait donn\u00e9e, mais la situation de faillite de l\u2019entreprise Cardoso pose probl\u00e8me quant \u00e0 la peine \u00e0 prononcer. Il s\u2019est donc rapport\u00e9 \u00e0 prudence du tribunal.<\/p>\n<p class=\"text\">L\u2019avocat de la d\u00e9fense conteste la responsabilit\u00e9 au p\u00e9nal et au civil de l\u2019employeur. Il a \u00e9galement rappel\u00e9 que s\u2019il devait y avoir condamnation au civil, le tribunal pourrait tout au plus faire une d\u00e9claration de cr\u00e9ance.<\/p>\n<p><strong><\/p>\n<p>L\u2019esprit frappeur<\/p>\n<p><\/strong><\/p>\n<p class=\"text\">Janis ne tergiverse apparemment pas longtemps avant de cogner. On ne conna\u00eetra jamais ses motivations. L\u2019individu, un marginal vivant sur la route, ne s\u2019est pas pr\u00e9sent\u00e9 au tribunal hier, o\u00f9 cinq affaires le concernant devaient \u00eatre jug\u00e9es. Des affaires de vol et de coups et blessures volontaires.<\/p>\n<p class=\"text\">La chambre correctionnelle a donc proc\u00e9d\u00e9 sans lui avec l\u2019aide de deux t\u00e9moins : l\u2019employ\u00e9e d\u2019une station-service de Mertert et une b\u00e9n\u00e9ficiaire du service Parachute \u00e0 la gare centrale qui se trouvait au mauvais endroit au mauvais moment. La premi\u00e8re a \u00e9t\u00e9 t\u00e9moin en 2021 d\u2019une bagarre initi\u00e9e par le pr\u00e9venu qui a profit\u00e9 du tumulte pour quitter les lieux avec un sac un peu plus lourd, l\u2019autre a re\u00e7u un coup de casque dans le dos alors qu\u2019il sortait d\u2019une bagarre en mars 2023.<\/p>\n<p class=\"text\">Les trois autres affaires concernent une cl\u00f4ture des CFL endommag\u00e9e, une tentative de vol de bouteille de vin suivie du passage \u00e0 tabac du vigile du magasin qui lui avait demand\u00e9 de quitter les lieux et, enfin, des menaces par gestes avec un couteau dans une soupe populaire.<\/p>\n<p class=\"text\">Le parquet a demand\u00e9 la jonction de toutes ces affaires et a requis une peine de 24 mois de prison \u00e0 l\u2019encontre du pr\u00e9venu. Il a inform\u00e9 le tribunal que le routard avait des casiers judiciaires pour le m\u00eame type de faits un peu partout en Europe, mais pas encore au Luxembourg.<\/p>\n<p class=\"text\">Les prononc\u00e9s sont fix\u00e9s au 23 octobre.<\/p>\n<p> accidentdutravail-idf.net vous a pr\u00e9par\u00e9 ce post qui informe du sujet \u00ab\u00a0Association Sportive Huisson-Longueville Essonne\u00a0\u00bb. La chronique se veut g\u00e9n\u00e9r\u00e9e du mieux possible. Vous pouvez utiliser les coordonn\u00e9es indiqu\u00e9es sur le site dans le but d\u2019apporter des explications sur ce post qui parle du th\u00e8me \u00ab\u00a0Association Sportive Huisson-Longueville Essonne\u00a0\u00bb. Le site accidentdutravail-idf.net a pour but de fournir diverses publications sur la th\u00e9matique Association Sportive Huisson-Longueville Essonne diffus\u00e9es sur le net. Il y aura plusieurs articles autour du sujet \u00ab\u00a0Association Sportive Huisson-Longueville Essonne\u00a0\u00bb dans quelques jours, nous vous invitons \u00e0 naviguer sur notre site web \u00e0 plusieurs reprises.<\/p>\n","protected":false},"excerpt":{"rendered":"<p>Un ouvrier est tomb\u00e9 d\u2019un toit \u00e0 cause d\u2019un \u00e9chafaudage mal install\u00e9. Son patron aujourd\u2019hui en faillite nie toute responsabilit\u00e9. La victime n\u2019avait pas les formations n\u00e9cessaires. Le 16&nbsp;septembre 2019 \u00e0 Grevenmacher, un ouvrier a fait une chute de huit m\u00e8tres d\u2019un toit. Feliciano a gliss\u00e9 entre la fa\u00e7ade et l\u2019\u00e9chafaudage. Son ancien employeur, l\u2019entreprise &hellip; <\/p>\n<p class=\"link-more\"><a href=\"https:\/\/www.accidentdutravail-idf.net\/blog\/accident-de-travail-lentreprise-cardoso-rejette-toute-responsabilite\/\" class=\"more-link\">Continuer la lecture <span class=\"screen-reader-text\"> \u00ab\u00a0Accident de travail : l\u2019entreprise Cardoso rejette toute responsabilit\u00e9\u00a0\u00bb<\/span><\/a><\/p>\n","protected":false},"author":2,"featured_media":0,"comment_status":"closed","ping_status":"closed","sticky":false,"template":"","format":"standard","meta":{"footnotes":""},"categories":[5],"tags":[],"class_list":["post-1760","post","type-post","status-publish","format-standard","hentry","category-securite-du-travail-en-ile-de-france-et-divers","entry"],"yoast_head":"<!-- This site is optimized with the Yoast SEO plugin v27.5 - https:\/\/yoast.com\/product\/yoast-seo-wordpress\/ -->\n<title>Accident de travail : l\u2019entreprise Cardoso rejette toute responsabilit\u00e9 - ACCIDENTDUTRAVAIL-IDF<\/title>\n<meta name=\"description\" content=\"Accident de travail : l\u2019entreprise Cardoso rejette toute responsabilit\u00e9 article de ACCIDENTDUTRAVAIL-IDF\" \/>\n<meta name=\"robots\" content=\"index, follow, max-snippet:-1, max-image-preview:large, max-video-preview:-1\" \/>\n<link rel=\"canonical\" href=\"https:\/\/www.accidentdutravail-idf.net\/blog\/accident-de-travail-lentreprise-cardoso-rejette-toute-responsabilite\/\" \/>\n<meta property=\"og:locale\" content=\"fr_FR\" \/>\n<meta property=\"og:type\" content=\"article\" \/>\n<meta property=\"og:title\" content=\"Accident de travail : l\u2019entreprise Cardoso rejette toute responsabilit\u00e9 - ACCIDENTDUTRAVAIL-IDF\" \/>\n<meta property=\"og:description\" content=\"Accident de travail : l\u2019entreprise Cardoso rejette toute responsabilit\u00e9 article de ACCIDENTDUTRAVAIL-IDF\" \/>\n<meta property=\"og:url\" content=\"https:\/\/www.accidentdutravail-idf.net\/blog\/accident-de-travail-lentreprise-cardoso-rejette-toute-responsabilite\/\" \/>\n<meta property=\"og:site_name\" content=\"ACCIDENTDUTRAVAIL-IDF\" \/>\n<meta property=\"article:published_time\" content=\"2025-09-30T01:12:00+00:00\" \/>\n<meta property=\"og:image\" content=\"https:\/\/www.accidentdutravail-idf.net\/blog\/wp-content\/uploads\/2025\/10\/accident-de-travail-lentreprise-cardoso-rejette-toute-responsabilite.jpg\" \/>\n<meta name=\"author\" content=\"Carlos Poulain\" \/>\n<meta name=\"twitter:card\" content=\"summary_large_image\" \/>\n<meta name=\"twitter:label1\" content=\"\u00c9crit par\" \/>\n\t<meta name=\"twitter:data1\" content=\"Carlos Poulain\" \/>\n\t<meta name=\"twitter:label2\" content=\"Dur\u00e9e de lecture estim\u00e9e\" \/>\n\t<meta name=\"twitter:data2\" content=\"4 minutes\" \/>\n<script type=\"application\/ld+json\" class=\"yoast-schema-graph\">{\"@context\":\"https:\\\/\\\/schema.org\",\"@graph\":[{\"@type\":\"Article\",\"@id\":\"https:\\\/\\\/www.accidentdutravail-idf.net\\\/blog\\\/accident-de-travail-lentreprise-cardoso-rejette-toute-responsabilite\\\/#article\",\"isPartOf\":{\"@id\":\"https:\\\/\\\/www.accidentdutravail-idf.net\\\/blog\\\/accident-de-travail-lentreprise-cardoso-rejette-toute-responsabilite\\\/\"},\"author\":{\"name\":\"Carlos Poulain\",\"@id\":\"https:\\\/\\\/www.accidentdutravail-idf.net\\\/blog\\\/#\\\/schema\\\/person\\\/3255d2f970de45e64bd9201f38e7b947\"},\"headline\":\"Accident de travail : l\u2019entreprise Cardoso rejette toute responsabilit\u00e9\",\"datePublished\":\"2025-09-30T01:12:00+00:00\",\"mainEntityOfPage\":{\"@id\":\"https:\\\/\\\/www.accidentdutravail-idf.net\\\/blog\\\/accident-de-travail-lentreprise-cardoso-rejette-toute-responsabilite\\\/\"},\"wordCount\":845,\"publisher\":{\"@id\":\"https:\\\/\\\/www.accidentdutravail-idf.net\\\/blog\\\/#organization\"},\"image\":{\"@id\":\"https:\\\/\\\/www.accidentdutravail-idf.net\\\/blog\\\/accident-de-travail-lentreprise-cardoso-rejette-toute-responsabilite\\\/#primaryimage\"},\"thumbnailUrl\":\"https:\\\/\\\/www.accidentdutravail-idf.net\\\/blog\\\/wp-content\\\/uploads\\\/2025\\\/10\\\/accident-de-travail-lentreprise-cardoso-rejette-toute-responsabilite.jpg\",\"articleSection\":[\"S\u00e9curit\u00e9 Du Travail En Ile-De-France Et Divers:\"],\"inLanguage\":\"fr-FR\"},{\"@type\":\"WebPage\",\"@id\":\"https:\\\/\\\/www.accidentdutravail-idf.net\\\/blog\\\/accident-de-travail-lentreprise-cardoso-rejette-toute-responsabilite\\\/\",\"url\":\"https:\\\/\\\/www.accidentdutravail-idf.net\\\/blog\\\/accident-de-travail-lentreprise-cardoso-rejette-toute-responsabilite\\\/\",\"name\":\"Accident de travail : l\u2019entreprise Cardoso rejette toute responsabilit\u00e9 - ACCIDENTDUTRAVAIL-IDF\",\"isPartOf\":{\"@id\":\"https:\\\/\\\/www.accidentdutravail-idf.net\\\/blog\\\/#website\"},\"primaryImageOfPage\":{\"@id\":\"https:\\\/\\\/www.accidentdutravail-idf.net\\\/blog\\\/accident-de-travail-lentreprise-cardoso-rejette-toute-responsabilite\\\/#primaryimage\"},\"image\":{\"@id\":\"https:\\\/\\\/www.accidentdutravail-idf.net\\\/blog\\\/accident-de-travail-lentreprise-cardoso-rejette-toute-responsabilite\\\/#primaryimage\"},\"thumbnailUrl\":\"https:\\\/\\\/www.accidentdutravail-idf.net\\\/blog\\\/wp-content\\\/uploads\\\/2025\\\/10\\\/accident-de-travail-lentreprise-cardoso-rejette-toute-responsabilite.jpg\",\"datePublished\":\"2025-09-30T01:12:00+00:00\",\"description\":\"Accident de travail : l\u2019entreprise Cardoso rejette toute responsabilit\u00e9 article de ACCIDENTDUTRAVAIL-IDF\",\"breadcrumb\":{\"@id\":\"https:\\\/\\\/www.accidentdutravail-idf.net\\\/blog\\\/accident-de-travail-lentreprise-cardoso-rejette-toute-responsabilite\\\/#breadcrumb\"},\"inLanguage\":\"fr-FR\",\"potentialAction\":[{\"@type\":\"ReadAction\",\"target\":[\"https:\\\/\\\/www.accidentdutravail-idf.net\\\/blog\\\/accident-de-travail-lentreprise-cardoso-rejette-toute-responsabilite\\\/\"]}]},{\"@type\":\"ImageObject\",\"inLanguage\":\"fr-FR\",\"@id\":\"https:\\\/\\\/www.accidentdutravail-idf.net\\\/blog\\\/accident-de-travail-lentreprise-cardoso-rejette-toute-responsabilite\\\/#primaryimage\",\"url\":\"https:\\\/\\\/www.accidentdutravail-idf.net\\\/blog\\\/wp-content\\\/uploads\\\/2025\\\/10\\\/accident-de-travail-lentreprise-cardoso-rejette-toute-responsabilite.jpg\",\"contentUrl\":\"https:\\\/\\\/www.accidentdutravail-idf.net\\\/blog\\\/wp-content\\\/uploads\\\/2025\\\/10\\\/accident-de-travail-lentreprise-cardoso-rejette-toute-responsabilite.jpg\"},{\"@type\":\"BreadcrumbList\",\"@id\":\"https:\\\/\\\/www.accidentdutravail-idf.net\\\/blog\\\/accident-de-travail-lentreprise-cardoso-rejette-toute-responsabilite\\\/#breadcrumb\",\"itemListElement\":[{\"@type\":\"ListItem\",\"position\":1,\"name\":\"Accueil\",\"item\":\"https:\\\/\\\/www.accidentdutravail-idf.net\\\/blog\\\/\"},{\"@type\":\"ListItem\",\"position\":2,\"name\":\"Accident de travail : l\u2019entreprise Cardoso rejette toute responsabilit\u00e9\"}]},{\"@type\":\"WebSite\",\"@id\":\"https:\\\/\\\/www.accidentdutravail-idf.net\\\/blog\\\/#website\",\"url\":\"https:\\\/\\\/www.accidentdutravail-idf.net\\\/blog\\\/\",\"name\":\"ACCIDENTDUTRAVAIL-IDF\",\"description\":\"Portail accidents du travail-maladies professionnelles des entreprises d&#039;Ile-de-France\",\"publisher\":{\"@id\":\"https:\\\/\\\/www.accidentdutravail-idf.net\\\/blog\\\/#organization\"},\"potentialAction\":[{\"@type\":\"SearchAction\",\"target\":{\"@type\":\"EntryPoint\",\"urlTemplate\":\"https:\\\/\\\/www.accidentdutravail-idf.net\\\/blog\\\/?s={search_term_string}\"},\"query-input\":{\"@type\":\"PropertyValueSpecification\",\"valueRequired\":true,\"valueName\":\"search_term_string\"}}],\"inLanguage\":\"fr-FR\"},{\"@type\":\"Organization\",\"@id\":\"https:\\\/\\\/www.accidentdutravail-idf.net\\\/blog\\\/#organization\",\"name\":\"accidentdutravail-idf\",\"url\":\"https:\\\/\\\/www.accidentdutravail-idf.net\\\/blog\\\/\",\"logo\":{\"@type\":\"ImageObject\",\"inLanguage\":\"fr-FR\",\"@id\":\"https:\\\/\\\/www.accidentdutravail-idf.net\\\/blog\\\/#\\\/schema\\\/logo\\\/image\\\/\",\"url\":\"https:\\\/\\\/www.accidentdutravail-idf.net\\\/blog\\\/wp-content\\\/uploads\\\/2022\\\/09\\\/logo-2.png\",\"contentUrl\":\"https:\\\/\\\/www.accidentdutravail-idf.net\\\/blog\\\/wp-content\\\/uploads\\\/2022\\\/09\\\/logo-2.png\",\"width\":380,\"height\":291,\"caption\":\"accidentdutravail-idf\"},\"image\":{\"@id\":\"https:\\\/\\\/www.accidentdutravail-idf.net\\\/blog\\\/#\\\/schema\\\/logo\\\/image\\\/\"}},{\"@type\":\"Person\",\"@id\":\"https:\\\/\\\/www.accidentdutravail-idf.net\\\/blog\\\/#\\\/schema\\\/person\\\/3255d2f970de45e64bd9201f38e7b947\",\"name\":\"Carlos Poulain\",\"image\":{\"@type\":\"ImageObject\",\"inLanguage\":\"fr-FR\",\"@id\":\"https:\\\/\\\/secure.gravatar.com\\\/avatar\\\/b1c2f9d3588e34e91adb093635df64ef4b2381991216be7576466cfcdca4baf3?s=96&d=mm&r=g\",\"url\":\"https:\\\/\\\/secure.gravatar.com\\\/avatar\\\/b1c2f9d3588e34e91adb093635df64ef4b2381991216be7576466cfcdca4baf3?s=96&d=mm&r=g\",\"contentUrl\":\"https:\\\/\\\/secure.gravatar.com\\\/avatar\\\/b1c2f9d3588e34e91adb093635df64ef4b2381991216be7576466cfcdca4baf3?s=96&d=mm&r=g\",\"caption\":\"Carlos Poulain\"},\"url\":\"https:\\\/\\\/www.accidentdutravail-idf.net\\\/blog\\\/author\\\/idfcarlos\\\/\"}]}<\/script>\n<!-- \/ Yoast SEO plugin. -->","yoast_head_json":{"title":"Accident de travail : l\u2019entreprise Cardoso rejette toute responsabilit\u00e9 - ACCIDENTDUTRAVAIL-IDF","description":"Accident de travail : l\u2019entreprise Cardoso rejette toute responsabilit\u00e9 article de ACCIDENTDUTRAVAIL-IDF","robots":{"index":"index","follow":"follow","max-snippet":"max-snippet:-1","max-image-preview":"max-image-preview:large","max-video-preview":"max-video-preview:-1"},"canonical":"https:\/\/www.accidentdutravail-idf.net\/blog\/accident-de-travail-lentreprise-cardoso-rejette-toute-responsabilite\/","og_locale":"fr_FR","og_type":"article","og_title":"Accident de travail : l\u2019entreprise Cardoso rejette toute responsabilit\u00e9 - ACCIDENTDUTRAVAIL-IDF","og_description":"Accident de travail : l\u2019entreprise Cardoso rejette toute responsabilit\u00e9 article de ACCIDENTDUTRAVAIL-IDF","og_url":"https:\/\/www.accidentdutravail-idf.net\/blog\/accident-de-travail-lentreprise-cardoso-rejette-toute-responsabilite\/","og_site_name":"ACCIDENTDUTRAVAIL-IDF","article_published_time":"2025-09-30T01:12:00+00:00","og_image":[{"url":"https:\/\/www.accidentdutravail-idf.net\/blog\/wp-content\/uploads\/2025\/10\/accident-de-travail-lentreprise-cardoso-rejette-toute-responsabilite.jpg","type":"","width":"","height":""}],"author":"Carlos Poulain","twitter_card":"summary_large_image","twitter_misc":{"\u00c9crit par":"Carlos Poulain","Dur\u00e9e de lecture estim\u00e9e":"4 minutes"},"schema":{"@context":"https:\/\/schema.org","@graph":[{"@type":"Article","@id":"https:\/\/www.accidentdutravail-idf.net\/blog\/accident-de-travail-lentreprise-cardoso-rejette-toute-responsabilite\/#article","isPartOf":{"@id":"https:\/\/www.accidentdutravail-idf.net\/blog\/accident-de-travail-lentreprise-cardoso-rejette-toute-responsabilite\/"},"author":{"name":"Carlos Poulain","@id":"https:\/\/www.accidentdutravail-idf.net\/blog\/#\/schema\/person\/3255d2f970de45e64bd9201f38e7b947"},"headline":"Accident de travail : l\u2019entreprise Cardoso rejette toute responsabilit\u00e9","datePublished":"2025-09-30T01:12:00+00:00","mainEntityOfPage":{"@id":"https:\/\/www.accidentdutravail-idf.net\/blog\/accident-de-travail-lentreprise-cardoso-rejette-toute-responsabilite\/"},"wordCount":845,"publisher":{"@id":"https:\/\/www.accidentdutravail-idf.net\/blog\/#organization"},"image":{"@id":"https:\/\/www.accidentdutravail-idf.net\/blog\/accident-de-travail-lentreprise-cardoso-rejette-toute-responsabilite\/#primaryimage"},"thumbnailUrl":"https:\/\/www.accidentdutravail-idf.net\/blog\/wp-content\/uploads\/2025\/10\/accident-de-travail-lentreprise-cardoso-rejette-toute-responsabilite.jpg","articleSection":["S\u00e9curit\u00e9 Du Travail En Ile-De-France Et Divers:"],"inLanguage":"fr-FR"},{"@type":"WebPage","@id":"https:\/\/www.accidentdutravail-idf.net\/blog\/accident-de-travail-lentreprise-cardoso-rejette-toute-responsabilite\/","url":"https:\/\/www.accidentdutravail-idf.net\/blog\/accident-de-travail-lentreprise-cardoso-rejette-toute-responsabilite\/","name":"Accident de travail : l\u2019entreprise Cardoso rejette toute responsabilit\u00e9 - ACCIDENTDUTRAVAIL-IDF","isPartOf":{"@id":"https:\/\/www.accidentdutravail-idf.net\/blog\/#website"},"primaryImageOfPage":{"@id":"https:\/\/www.accidentdutravail-idf.net\/blog\/accident-de-travail-lentreprise-cardoso-rejette-toute-responsabilite\/#primaryimage"},"image":{"@id":"https:\/\/www.accidentdutravail-idf.net\/blog\/accident-de-travail-lentreprise-cardoso-rejette-toute-responsabilite\/#primaryimage"},"thumbnailUrl":"https:\/\/www.accidentdutravail-idf.net\/blog\/wp-content\/uploads\/2025\/10\/accident-de-travail-lentreprise-cardoso-rejette-toute-responsabilite.jpg","datePublished":"2025-09-30T01:12:00+00:00","description":"Accident de travail : l\u2019entreprise Cardoso rejette toute responsabilit\u00e9 article de ACCIDENTDUTRAVAIL-IDF","breadcrumb":{"@id":"https:\/\/www.accidentdutravail-idf.net\/blog\/accident-de-travail-lentreprise-cardoso-rejette-toute-responsabilite\/#breadcrumb"},"inLanguage":"fr-FR","potentialAction":[{"@type":"ReadAction","target":["https:\/\/www.accidentdutravail-idf.net\/blog\/accident-de-travail-lentreprise-cardoso-rejette-toute-responsabilite\/"]}]},{"@type":"ImageObject","inLanguage":"fr-FR","@id":"https:\/\/www.accidentdutravail-idf.net\/blog\/accident-de-travail-lentreprise-cardoso-rejette-toute-responsabilite\/#primaryimage","url":"https:\/\/www.accidentdutravail-idf.net\/blog\/wp-content\/uploads\/2025\/10\/accident-de-travail-lentreprise-cardoso-rejette-toute-responsabilite.jpg","contentUrl":"https:\/\/www.accidentdutravail-idf.net\/blog\/wp-content\/uploads\/2025\/10\/accident-de-travail-lentreprise-cardoso-rejette-toute-responsabilite.jpg"},{"@type":"BreadcrumbList","@id":"https:\/\/www.accidentdutravail-idf.net\/blog\/accident-de-travail-lentreprise-cardoso-rejette-toute-responsabilite\/#breadcrumb","itemListElement":[{"@type":"ListItem","position":1,"name":"Accueil","item":"https:\/\/www.accidentdutravail-idf.net\/blog\/"},{"@type":"ListItem","position":2,"name":"Accident de travail : l\u2019entreprise Cardoso rejette toute responsabilit\u00e9"}]},{"@type":"WebSite","@id":"https:\/\/www.accidentdutravail-idf.net\/blog\/#website","url":"https:\/\/www.accidentdutravail-idf.net\/blog\/","name":"ACCIDENTDUTRAVAIL-IDF","description":"Portail accidents du travail-maladies professionnelles des entreprises d&#039;Ile-de-France","publisher":{"@id":"https:\/\/www.accidentdutravail-idf.net\/blog\/#organization"},"potentialAction":[{"@type":"SearchAction","target":{"@type":"EntryPoint","urlTemplate":"https:\/\/www.accidentdutravail-idf.net\/blog\/?s={search_term_string}"},"query-input":{"@type":"PropertyValueSpecification","valueRequired":true,"valueName":"search_term_string"}}],"inLanguage":"fr-FR"},{"@type":"Organization","@id":"https:\/\/www.accidentdutravail-idf.net\/blog\/#organization","name":"accidentdutravail-idf","url":"https:\/\/www.accidentdutravail-idf.net\/blog\/","logo":{"@type":"ImageObject","inLanguage":"fr-FR","@id":"https:\/\/www.accidentdutravail-idf.net\/blog\/#\/schema\/logo\/image\/","url":"https:\/\/www.accidentdutravail-idf.net\/blog\/wp-content\/uploads\/2022\/09\/logo-2.png","contentUrl":"https:\/\/www.accidentdutravail-idf.net\/blog\/wp-content\/uploads\/2022\/09\/logo-2.png","width":380,"height":291,"caption":"accidentdutravail-idf"},"image":{"@id":"https:\/\/www.accidentdutravail-idf.net\/blog\/#\/schema\/logo\/image\/"}},{"@type":"Person","@id":"https:\/\/www.accidentdutravail-idf.net\/blog\/#\/schema\/person\/3255d2f970de45e64bd9201f38e7b947","name":"Carlos Poulain","image":{"@type":"ImageObject","inLanguage":"fr-FR","@id":"https:\/\/secure.gravatar.com\/avatar\/b1c2f9d3588e34e91adb093635df64ef4b2381991216be7576466cfcdca4baf3?s=96&d=mm&r=g","url":"https:\/\/secure.gravatar.com\/avatar\/b1c2f9d3588e34e91adb093635df64ef4b2381991216be7576466cfcdca4baf3?s=96&d=mm&r=g","contentUrl":"https:\/\/secure.gravatar.com\/avatar\/b1c2f9d3588e34e91adb093635df64ef4b2381991216be7576466cfcdca4baf3?s=96&d=mm&r=g","caption":"Carlos Poulain"},"url":"https:\/\/www.accidentdutravail-idf.net\/blog\/author\/idfcarlos\/"}]}},"_links":{"self":[{"href":"https:\/\/www.accidentdutravail-idf.net\/blog\/wp-json\/wp\/v2\/posts\/1760","targetHints":{"allow":["GET"]}}],"collection":[{"href":"https:\/\/www.accidentdutravail-idf.net\/blog\/wp-json\/wp\/v2\/posts"}],"about":[{"href":"https:\/\/www.accidentdutravail-idf.net\/blog\/wp-json\/wp\/v2\/types\/post"}],"author":[{"embeddable":true,"href":"https:\/\/www.accidentdutravail-idf.net\/blog\/wp-json\/wp\/v2\/users\/2"}],"replies":[{"embeddable":true,"href":"https:\/\/www.accidentdutravail-idf.net\/blog\/wp-json\/wp\/v2\/comments?post=1760"}],"version-history":[{"count":0,"href":"https:\/\/www.accidentdutravail-idf.net\/blog\/wp-json\/wp\/v2\/posts\/1760\/revisions"}],"wp:attachment":[{"href":"https:\/\/www.accidentdutravail-idf.net\/blog\/wp-json\/wp\/v2\/media?parent=1760"}],"wp:term":[{"taxonomy":"category","embeddable":true,"href":"https:\/\/www.accidentdutravail-idf.net\/blog\/wp-json\/wp\/v2\/categories?post=1760"},{"taxonomy":"post_tag","embeddable":true,"href":"https:\/\/www.accidentdutravail-idf.net\/blog\/wp-json\/wp\/v2\/tags?post=1760"}],"curies":[{"name":"wp","href":"https:\/\/api.w.org\/{rel}","templated":true}]}}