{"id":1753,"date":"2025-09-30T07:21:00","date_gmt":"2025-09-30T05:21:00","guid":{"rendered":"https:\/\/www.accidentdutravail-idf.net\/blog\/un-jeune-interimaire-se-fait-amputer-apres-un-grave-accident-de-travail-dans-une-entreprise-de-logistique\/"},"modified":"2025-09-30T07:21:00","modified_gmt":"2025-09-30T05:21:00","slug":"un-jeune-interimaire-se-fait-amputer-apres-un-grave-accident-de-travail-dans-une-entreprise-de-logistique","status":"publish","type":"post","link":"https:\/\/www.accidentdutravail-idf.net\/blog\/un-jeune-interimaire-se-fait-amputer-apres-un-grave-accident-de-travail-dans-une-entreprise-de-logistique\/","title":{"rendered":"Un jeune int\u00e9rimaire se fait amputer apr\u00e8s un grave accident de travail dans une entreprise de logistique"},"content":{"rendered":"<div><img decoding=\"async\" src=\"https:\/\/www.accidentdutravail-idf.net\/blog\/wp-content\/uploads\/2025\/09\/un-jeune-interimaire-se-fait-amputer-apres-un-grave-accident-de-travail-dans-une-entreprise-de-logistique.jpg\" class=\"ff-og-image-inserted\"><\/div>\n<div>\n<p>Un grave accident de travail a secou\u00e9 une entreprise de logistique de Saint-Priest, pr\u00e8s de Lyon, le 19 septembre dernier relate <a href=\"https:\/\/www.ledauphine.com\/faits-divers-justice\/2025\/09\/27\/rhone-saint-priest-le-pied-broye-par-un-chariot-elevateur-ses-appels-a-l-aide-sont-restes-vains\" target=\"_blank\" rel=\"nofollow\">Le Dauphine Lib\u00e9r\u00e9<\/a>. La victime, un int\u00e9rimaire \u00e2g\u00e9 de 25 ans, manipulait un chariot \u00e9l\u00e9vateur lorsqu&rsquo;un incident est survenu aux alentours de 21h. En d\u00e9posant des palettes, son pied a \u00e9t\u00e9 \u00e9cras\u00e9 par l&rsquo;engin, malgr\u00e9 le port de chaussures de s\u00e9curit\u00e9. Le chariot a ensuite gliss\u00e9 et bascul\u00e9, le coin\u00e7ant sous son poids.<\/p>\n<\/div>\n<div>\n<h2>Coinc\u00e9 durant 30 minutes<\/h2>\n<p>Selon les t\u00e9moignages, l&rsquo;homme est rest\u00e9 coinc\u00e9 entre quinze et trente minutes, criant et klaxonnant sans pouvoir \u00eatre secouru. Ses tentatives pour alerter sa responsable sont rest\u00e9es sans r\u00e9ponse, et ses appels aux sapeurs-pompiers n&rsquo;ont pas permis une communication efficace en raison de la douleur et du bruit du klaxon.<\/p>\n<\/div>\n<div>\n<p>C&rsquo;est un riverain, alert\u00e9 par le vacarme, qui a contact\u00e9 les secours. Transport\u00e9 en urgence absolue \u00e0 l&rsquo;h\u00f4pital, l&rsquo;int\u00e9rimaire a subi l&rsquo;amputation de son pied, relate <a href=\"https:\/\/www.leprogres.fr\/faits-divers-justice\/2025\/09\/24\/victime-d-un-grave-accident-du-travail-un-jeune-interimaire-ampute\" target=\"_blank\" rel=\"nofollow\">Le Progr\u00e8s<\/a>. Une enqu\u00eate a \u00e9t\u00e9 ouverte pour d\u00e9terminer les causes exactes de l&rsquo;accident.<\/p>\n<p>L&rsquo;homme poss\u00e9dait pourtant un certificat d&rsquo;aptitude \u00e0 la conduite en s\u00e9curit\u00e9 des chariots \u00e9l\u00e9vateurs.&nbsp;<\/p>\n<\/div>\n<p>accidentdutravail-idf.net vous a pr\u00e9par\u00e9 ce post qui informe du sujet \u00ab\u00a0Association Sportive Huisson-Longueville Essonne\u00a0\u00bb. La chronique se veut g\u00e9n\u00e9r\u00e9e du mieux possible. Vous pouvez utiliser les coordonn\u00e9es indiqu\u00e9es sur le site dans le but d\u2019apporter des explications sur ce post qui parle du th\u00e8me \u00ab\u00a0Association Sportive Huisson-Longueville Essonne\u00a0\u00bb. Le site accidentdutravail-idf.net a pour but de fournir diverses publications sur la th\u00e9matique Association Sportive Huisson-Longueville Essonne diffus\u00e9es sur le net. Il y aura plusieurs articles autour du sujet \u00ab\u00a0Association Sportive Huisson-Longueville Essonne\u00a0\u00bb dans quelques jours, nous vous invitons \u00e0 naviguer sur notre site web \u00e0 plusieurs reprises.<\/p>\n","protected":false},"excerpt":{"rendered":"<p>Un grave accident de travail a secou\u00e9 une entreprise de logistique de Saint-Priest, pr\u00e8s de Lyon, le 19 septembre dernier relate Le Dauphine Lib\u00e9r\u00e9. La victime, un int\u00e9rimaire \u00e2g\u00e9 de 25 ans, manipulait un chariot \u00e9l\u00e9vateur lorsqu&rsquo;un incident est survenu aux alentours de 21h. En d\u00e9posant des palettes, son pied a \u00e9t\u00e9 \u00e9cras\u00e9 par l&rsquo;engin, &hellip; <\/p>\n<p class=\"link-more\"><a href=\"https:\/\/www.accidentdutravail-idf.net\/blog\/un-jeune-interimaire-se-fait-amputer-apres-un-grave-accident-de-travail-dans-une-entreprise-de-logistique\/\" class=\"more-link\">Continuer la lecture <span class=\"screen-reader-text\"> \u00ab\u00a0Un jeune int\u00e9rimaire se fait amputer apr\u00e8s un grave accident de travail dans une entreprise de logistique\u00a0\u00bb<\/span><\/a><\/p>\n","protected":false},"author":2,"featured_media":0,"comment_status":"closed","ping_status":"closed","sticky":false,"template":"","format":"standard","meta":{"footnotes":""},"categories":[5],"tags":[],"class_list":["post-1753","post","type-post","status-publish","format-standard","hentry","category-securite-du-travail-en-ile-de-france-et-divers","entry"],"yoast_head":"<!-- This site is optimized with the Yoast SEO plugin v27.5 - https:\/\/yoast.com\/product\/yoast-seo-wordpress\/ -->\n<title>Un jeune int\u00e9rimaire se fait amputer apr\u00e8s un grave accident de travail dans une entreprise de logistique - ACCIDENTDUTRAVAIL-IDF<\/title>\n<meta name=\"description\" content=\"Un jeune int\u00e9rimaire se fait amputer apr\u00e8s un grave accident de travail dans une entreprise de logistique article de ACCIDENTDUTRAVAIL-IDF\" \/>\n<meta name=\"robots\" content=\"index, follow, max-snippet:-1, max-image-preview:large, max-video-preview:-1\" \/>\n<link rel=\"canonical\" href=\"https:\/\/www.accidentdutravail-idf.net\/blog\/un-jeune-interimaire-se-fait-amputer-apres-un-grave-accident-de-travail-dans-une-entreprise-de-logistique\/\" \/>\n<meta property=\"og:locale\" content=\"fr_FR\" \/>\n<meta property=\"og:type\" content=\"article\" \/>\n<meta property=\"og:title\" content=\"Un jeune int\u00e9rimaire se fait amputer apr\u00e8s un grave accident de travail dans une entreprise de logistique - ACCIDENTDUTRAVAIL-IDF\" \/>\n<meta property=\"og:description\" content=\"Un jeune int\u00e9rimaire se fait amputer apr\u00e8s un grave accident de travail dans une entreprise de logistique article de ACCIDENTDUTRAVAIL-IDF\" \/>\n<meta property=\"og:url\" content=\"https:\/\/www.accidentdutravail-idf.net\/blog\/un-jeune-interimaire-se-fait-amputer-apres-un-grave-accident-de-travail-dans-une-entreprise-de-logistique\/\" \/>\n<meta property=\"og:site_name\" content=\"ACCIDENTDUTRAVAIL-IDF\" \/>\n<meta property=\"article:published_time\" content=\"2025-09-30T05:21:00+00:00\" \/>\n<meta property=\"og:image\" content=\"https:\/\/www.accidentdutravail-idf.net\/blog\/wp-content\/uploads\/2025\/09\/un-jeune-interimaire-se-fait-amputer-apres-un-grave-accident-de-travail-dans-une-entreprise-de-logistique.jpg\" \/>\n<meta name=\"author\" content=\"Carlos Poulain\" \/>\n<meta name=\"twitter:card\" content=\"summary_large_image\" \/>\n<meta name=\"twitter:label1\" content=\"\u00c9crit par\" \/>\n\t<meta name=\"twitter:data1\" content=\"Carlos Poulain\" \/>\n\t<meta name=\"twitter:label2\" content=\"Dur\u00e9e de lecture estim\u00e9e\" \/>\n\t<meta name=\"twitter:data2\" content=\"2 minutes\" \/>\n<script type=\"application\/ld+json\" class=\"yoast-schema-graph\">{\"@context\":\"https:\\\/\\\/schema.org\",\"@graph\":[{\"@type\":\"Article\",\"@id\":\"https:\\\/\\\/www.accidentdutravail-idf.net\\\/blog\\\/un-jeune-interimaire-se-fait-amputer-apres-un-grave-accident-de-travail-dans-une-entreprise-de-logistique\\\/#article\",\"isPartOf\":{\"@id\":\"https:\\\/\\\/www.accidentdutravail-idf.net\\\/blog\\\/un-jeune-interimaire-se-fait-amputer-apres-un-grave-accident-de-travail-dans-une-entreprise-de-logistique\\\/\"},\"author\":{\"name\":\"Carlos Poulain\",\"@id\":\"https:\\\/\\\/www.accidentdutravail-idf.net\\\/blog\\\/#\\\/schema\\\/person\\\/3255d2f970de45e64bd9201f38e7b947\"},\"headline\":\"Un jeune int\u00e9rimaire se fait amputer apr\u00e8s un grave accident de travail dans une entreprise de logistique\",\"datePublished\":\"2025-09-30T05:21:00+00:00\",\"mainEntityOfPage\":{\"@id\":\"https:\\\/\\\/www.accidentdutravail-idf.net\\\/blog\\\/un-jeune-interimaire-se-fait-amputer-apres-un-grave-accident-de-travail-dans-une-entreprise-de-logistique\\\/\"},\"wordCount\":321,\"publisher\":{\"@id\":\"https:\\\/\\\/www.accidentdutravail-idf.net\\\/blog\\\/#organization\"},\"image\":{\"@id\":\"https:\\\/\\\/www.accidentdutravail-idf.net\\\/blog\\\/un-jeune-interimaire-se-fait-amputer-apres-un-grave-accident-de-travail-dans-une-entreprise-de-logistique\\\/#primaryimage\"},\"thumbnailUrl\":\"https:\\\/\\\/www.accidentdutravail-idf.net\\\/blog\\\/wp-content\\\/uploads\\\/2025\\\/09\\\/un-jeune-interimaire-se-fait-amputer-apres-un-grave-accident-de-travail-dans-une-entreprise-de-logistique.jpg\",\"articleSection\":[\"S\u00e9curit\u00e9 Du Travail En Ile-De-France Et Divers:\"],\"inLanguage\":\"fr-FR\"},{\"@type\":\"WebPage\",\"@id\":\"https:\\\/\\\/www.accidentdutravail-idf.net\\\/blog\\\/un-jeune-interimaire-se-fait-amputer-apres-un-grave-accident-de-travail-dans-une-entreprise-de-logistique\\\/\",\"url\":\"https:\\\/\\\/www.accidentdutravail-idf.net\\\/blog\\\/un-jeune-interimaire-se-fait-amputer-apres-un-grave-accident-de-travail-dans-une-entreprise-de-logistique\\\/\",\"name\":\"Un jeune int\u00e9rimaire se fait amputer apr\u00e8s un grave accident de travail dans une entreprise de logistique - ACCIDENTDUTRAVAIL-IDF\",\"isPartOf\":{\"@id\":\"https:\\\/\\\/www.accidentdutravail-idf.net\\\/blog\\\/#website\"},\"primaryImageOfPage\":{\"@id\":\"https:\\\/\\\/www.accidentdutravail-idf.net\\\/blog\\\/un-jeune-interimaire-se-fait-amputer-apres-un-grave-accident-de-travail-dans-une-entreprise-de-logistique\\\/#primaryimage\"},\"image\":{\"@id\":\"https:\\\/\\\/www.accidentdutravail-idf.net\\\/blog\\\/un-jeune-interimaire-se-fait-amputer-apres-un-grave-accident-de-travail-dans-une-entreprise-de-logistique\\\/#primaryimage\"},\"thumbnailUrl\":\"https:\\\/\\\/www.accidentdutravail-idf.net\\\/blog\\\/wp-content\\\/uploads\\\/2025\\\/09\\\/un-jeune-interimaire-se-fait-amputer-apres-un-grave-accident-de-travail-dans-une-entreprise-de-logistique.jpg\",\"datePublished\":\"2025-09-30T05:21:00+00:00\",\"description\":\"Un jeune int\u00e9rimaire se fait amputer apr\u00e8s un grave accident de travail dans une entreprise de logistique article de ACCIDENTDUTRAVAIL-IDF\",\"breadcrumb\":{\"@id\":\"https:\\\/\\\/www.accidentdutravail-idf.net\\\/blog\\\/un-jeune-interimaire-se-fait-amputer-apres-un-grave-accident-de-travail-dans-une-entreprise-de-logistique\\\/#breadcrumb\"},\"inLanguage\":\"fr-FR\",\"potentialAction\":[{\"@type\":\"ReadAction\",\"target\":[\"https:\\\/\\\/www.accidentdutravail-idf.net\\\/blog\\\/un-jeune-interimaire-se-fait-amputer-apres-un-grave-accident-de-travail-dans-une-entreprise-de-logistique\\\/\"]}]},{\"@type\":\"ImageObject\",\"inLanguage\":\"fr-FR\",\"@id\":\"https:\\\/\\\/www.accidentdutravail-idf.net\\\/blog\\\/un-jeune-interimaire-se-fait-amputer-apres-un-grave-accident-de-travail-dans-une-entreprise-de-logistique\\\/#primaryimage\",\"url\":\"https:\\\/\\\/www.accidentdutravail-idf.net\\\/blog\\\/wp-content\\\/uploads\\\/2025\\\/09\\\/un-jeune-interimaire-se-fait-amputer-apres-un-grave-accident-de-travail-dans-une-entreprise-de-logistique.jpg\",\"contentUrl\":\"https:\\\/\\\/www.accidentdutravail-idf.net\\\/blog\\\/wp-content\\\/uploads\\\/2025\\\/09\\\/un-jeune-interimaire-se-fait-amputer-apres-un-grave-accident-de-travail-dans-une-entreprise-de-logistique.jpg\"},{\"@type\":\"BreadcrumbList\",\"@id\":\"https:\\\/\\\/www.accidentdutravail-idf.net\\\/blog\\\/un-jeune-interimaire-se-fait-amputer-apres-un-grave-accident-de-travail-dans-une-entreprise-de-logistique\\\/#breadcrumb\",\"itemListElement\":[{\"@type\":\"ListItem\",\"position\":1,\"name\":\"Accueil\",\"item\":\"https:\\\/\\\/www.accidentdutravail-idf.net\\\/blog\\\/\"},{\"@type\":\"ListItem\",\"position\":2,\"name\":\"Un jeune int\u00e9rimaire se fait amputer apr\u00e8s un grave accident de travail dans une entreprise de logistique\"}]},{\"@type\":\"WebSite\",\"@id\":\"https:\\\/\\\/www.accidentdutravail-idf.net\\\/blog\\\/#website\",\"url\":\"https:\\\/\\\/www.accidentdutravail-idf.net\\\/blog\\\/\",\"name\":\"ACCIDENTDUTRAVAIL-IDF\",\"description\":\"Portail accidents du travail-maladies professionnelles des entreprises d&#039;Ile-de-France\",\"publisher\":{\"@id\":\"https:\\\/\\\/www.accidentdutravail-idf.net\\\/blog\\\/#organization\"},\"potentialAction\":[{\"@type\":\"SearchAction\",\"target\":{\"@type\":\"EntryPoint\",\"urlTemplate\":\"https:\\\/\\\/www.accidentdutravail-idf.net\\\/blog\\\/?s={search_term_string}\"},\"query-input\":{\"@type\":\"PropertyValueSpecification\",\"valueRequired\":true,\"valueName\":\"search_term_string\"}}],\"inLanguage\":\"fr-FR\"},{\"@type\":\"Organization\",\"@id\":\"https:\\\/\\\/www.accidentdutravail-idf.net\\\/blog\\\/#organization\",\"name\":\"accidentdutravail-idf\",\"url\":\"https:\\\/\\\/www.accidentdutravail-idf.net\\\/blog\\\/\",\"logo\":{\"@type\":\"ImageObject\",\"inLanguage\":\"fr-FR\",\"@id\":\"https:\\\/\\\/www.accidentdutravail-idf.net\\\/blog\\\/#\\\/schema\\\/logo\\\/image\\\/\",\"url\":\"https:\\\/\\\/www.accidentdutravail-idf.net\\\/blog\\\/wp-content\\\/uploads\\\/2022\\\/09\\\/logo-2.png\",\"contentUrl\":\"https:\\\/\\\/www.accidentdutravail-idf.net\\\/blog\\\/wp-content\\\/uploads\\\/2022\\\/09\\\/logo-2.png\",\"width\":380,\"height\":291,\"caption\":\"accidentdutravail-idf\"},\"image\":{\"@id\":\"https:\\\/\\\/www.accidentdutravail-idf.net\\\/blog\\\/#\\\/schema\\\/logo\\\/image\\\/\"}},{\"@type\":\"Person\",\"@id\":\"https:\\\/\\\/www.accidentdutravail-idf.net\\\/blog\\\/#\\\/schema\\\/person\\\/3255d2f970de45e64bd9201f38e7b947\",\"name\":\"Carlos Poulain\",\"image\":{\"@type\":\"ImageObject\",\"inLanguage\":\"fr-FR\",\"@id\":\"https:\\\/\\\/secure.gravatar.com\\\/avatar\\\/b1c2f9d3588e34e91adb093635df64ef4b2381991216be7576466cfcdca4baf3?s=96&d=mm&r=g\",\"url\":\"https:\\\/\\\/secure.gravatar.com\\\/avatar\\\/b1c2f9d3588e34e91adb093635df64ef4b2381991216be7576466cfcdca4baf3?s=96&d=mm&r=g\",\"contentUrl\":\"https:\\\/\\\/secure.gravatar.com\\\/avatar\\\/b1c2f9d3588e34e91adb093635df64ef4b2381991216be7576466cfcdca4baf3?s=96&d=mm&r=g\",\"caption\":\"Carlos Poulain\"},\"url\":\"https:\\\/\\\/www.accidentdutravail-idf.net\\\/blog\\\/author\\\/idfcarlos\\\/\"}]}<\/script>\n<!-- \/ Yoast SEO plugin. -->","yoast_head_json":{"title":"Un jeune int\u00e9rimaire se fait amputer apr\u00e8s un grave accident de travail dans une entreprise de logistique - ACCIDENTDUTRAVAIL-IDF","description":"Un jeune int\u00e9rimaire se fait amputer apr\u00e8s un grave accident de travail dans une entreprise de logistique article de ACCIDENTDUTRAVAIL-IDF","robots":{"index":"index","follow":"follow","max-snippet":"max-snippet:-1","max-image-preview":"max-image-preview:large","max-video-preview":"max-video-preview:-1"},"canonical":"https:\/\/www.accidentdutravail-idf.net\/blog\/un-jeune-interimaire-se-fait-amputer-apres-un-grave-accident-de-travail-dans-une-entreprise-de-logistique\/","og_locale":"fr_FR","og_type":"article","og_title":"Un jeune int\u00e9rimaire se fait amputer apr\u00e8s un grave accident de travail dans une entreprise de logistique - ACCIDENTDUTRAVAIL-IDF","og_description":"Un jeune int\u00e9rimaire se fait amputer apr\u00e8s un grave accident de travail dans une entreprise de logistique article de ACCIDENTDUTRAVAIL-IDF","og_url":"https:\/\/www.accidentdutravail-idf.net\/blog\/un-jeune-interimaire-se-fait-amputer-apres-un-grave-accident-de-travail-dans-une-entreprise-de-logistique\/","og_site_name":"ACCIDENTDUTRAVAIL-IDF","article_published_time":"2025-09-30T05:21:00+00:00","og_image":[{"url":"https:\/\/www.accidentdutravail-idf.net\/blog\/wp-content\/uploads\/2025\/09\/un-jeune-interimaire-se-fait-amputer-apres-un-grave-accident-de-travail-dans-une-entreprise-de-logistique.jpg","type":"","width":"","height":""}],"author":"Carlos Poulain","twitter_card":"summary_large_image","twitter_misc":{"\u00c9crit par":"Carlos Poulain","Dur\u00e9e de lecture estim\u00e9e":"2 minutes"},"schema":{"@context":"https:\/\/schema.org","@graph":[{"@type":"Article","@id":"https:\/\/www.accidentdutravail-idf.net\/blog\/un-jeune-interimaire-se-fait-amputer-apres-un-grave-accident-de-travail-dans-une-entreprise-de-logistique\/#article","isPartOf":{"@id":"https:\/\/www.accidentdutravail-idf.net\/blog\/un-jeune-interimaire-se-fait-amputer-apres-un-grave-accident-de-travail-dans-une-entreprise-de-logistique\/"},"author":{"name":"Carlos Poulain","@id":"https:\/\/www.accidentdutravail-idf.net\/blog\/#\/schema\/person\/3255d2f970de45e64bd9201f38e7b947"},"headline":"Un jeune int\u00e9rimaire se fait amputer apr\u00e8s un grave accident de travail dans une entreprise de logistique","datePublished":"2025-09-30T05:21:00+00:00","mainEntityOfPage":{"@id":"https:\/\/www.accidentdutravail-idf.net\/blog\/un-jeune-interimaire-se-fait-amputer-apres-un-grave-accident-de-travail-dans-une-entreprise-de-logistique\/"},"wordCount":321,"publisher":{"@id":"https:\/\/www.accidentdutravail-idf.net\/blog\/#organization"},"image":{"@id":"https:\/\/www.accidentdutravail-idf.net\/blog\/un-jeune-interimaire-se-fait-amputer-apres-un-grave-accident-de-travail-dans-une-entreprise-de-logistique\/#primaryimage"},"thumbnailUrl":"https:\/\/www.accidentdutravail-idf.net\/blog\/wp-content\/uploads\/2025\/09\/un-jeune-interimaire-se-fait-amputer-apres-un-grave-accident-de-travail-dans-une-entreprise-de-logistique.jpg","articleSection":["S\u00e9curit\u00e9 Du Travail En Ile-De-France Et Divers:"],"inLanguage":"fr-FR"},{"@type":"WebPage","@id":"https:\/\/www.accidentdutravail-idf.net\/blog\/un-jeune-interimaire-se-fait-amputer-apres-un-grave-accident-de-travail-dans-une-entreprise-de-logistique\/","url":"https:\/\/www.accidentdutravail-idf.net\/blog\/un-jeune-interimaire-se-fait-amputer-apres-un-grave-accident-de-travail-dans-une-entreprise-de-logistique\/","name":"Un jeune int\u00e9rimaire se fait amputer apr\u00e8s un grave accident de travail dans une entreprise de logistique - ACCIDENTDUTRAVAIL-IDF","isPartOf":{"@id":"https:\/\/www.accidentdutravail-idf.net\/blog\/#website"},"primaryImageOfPage":{"@id":"https:\/\/www.accidentdutravail-idf.net\/blog\/un-jeune-interimaire-se-fait-amputer-apres-un-grave-accident-de-travail-dans-une-entreprise-de-logistique\/#primaryimage"},"image":{"@id":"https:\/\/www.accidentdutravail-idf.net\/blog\/un-jeune-interimaire-se-fait-amputer-apres-un-grave-accident-de-travail-dans-une-entreprise-de-logistique\/#primaryimage"},"thumbnailUrl":"https:\/\/www.accidentdutravail-idf.net\/blog\/wp-content\/uploads\/2025\/09\/un-jeune-interimaire-se-fait-amputer-apres-un-grave-accident-de-travail-dans-une-entreprise-de-logistique.jpg","datePublished":"2025-09-30T05:21:00+00:00","description":"Un jeune int\u00e9rimaire se fait amputer apr\u00e8s un grave accident de travail dans une entreprise de logistique article de ACCIDENTDUTRAVAIL-IDF","breadcrumb":{"@id":"https:\/\/www.accidentdutravail-idf.net\/blog\/un-jeune-interimaire-se-fait-amputer-apres-un-grave-accident-de-travail-dans-une-entreprise-de-logistique\/#breadcrumb"},"inLanguage":"fr-FR","potentialAction":[{"@type":"ReadAction","target":["https:\/\/www.accidentdutravail-idf.net\/blog\/un-jeune-interimaire-se-fait-amputer-apres-un-grave-accident-de-travail-dans-une-entreprise-de-logistique\/"]}]},{"@type":"ImageObject","inLanguage":"fr-FR","@id":"https:\/\/www.accidentdutravail-idf.net\/blog\/un-jeune-interimaire-se-fait-amputer-apres-un-grave-accident-de-travail-dans-une-entreprise-de-logistique\/#primaryimage","url":"https:\/\/www.accidentdutravail-idf.net\/blog\/wp-content\/uploads\/2025\/09\/un-jeune-interimaire-se-fait-amputer-apres-un-grave-accident-de-travail-dans-une-entreprise-de-logistique.jpg","contentUrl":"https:\/\/www.accidentdutravail-idf.net\/blog\/wp-content\/uploads\/2025\/09\/un-jeune-interimaire-se-fait-amputer-apres-un-grave-accident-de-travail-dans-une-entreprise-de-logistique.jpg"},{"@type":"BreadcrumbList","@id":"https:\/\/www.accidentdutravail-idf.net\/blog\/un-jeune-interimaire-se-fait-amputer-apres-un-grave-accident-de-travail-dans-une-entreprise-de-logistique\/#breadcrumb","itemListElement":[{"@type":"ListItem","position":1,"name":"Accueil","item":"https:\/\/www.accidentdutravail-idf.net\/blog\/"},{"@type":"ListItem","position":2,"name":"Un jeune int\u00e9rimaire se fait amputer apr\u00e8s un grave accident de travail dans une entreprise de logistique"}]},{"@type":"WebSite","@id":"https:\/\/www.accidentdutravail-idf.net\/blog\/#website","url":"https:\/\/www.accidentdutravail-idf.net\/blog\/","name":"ACCIDENTDUTRAVAIL-IDF","description":"Portail accidents du travail-maladies professionnelles des entreprises d&#039;Ile-de-France","publisher":{"@id":"https:\/\/www.accidentdutravail-idf.net\/blog\/#organization"},"potentialAction":[{"@type":"SearchAction","target":{"@type":"EntryPoint","urlTemplate":"https:\/\/www.accidentdutravail-idf.net\/blog\/?s={search_term_string}"},"query-input":{"@type":"PropertyValueSpecification","valueRequired":true,"valueName":"search_term_string"}}],"inLanguage":"fr-FR"},{"@type":"Organization","@id":"https:\/\/www.accidentdutravail-idf.net\/blog\/#organization","name":"accidentdutravail-idf","url":"https:\/\/www.accidentdutravail-idf.net\/blog\/","logo":{"@type":"ImageObject","inLanguage":"fr-FR","@id":"https:\/\/www.accidentdutravail-idf.net\/blog\/#\/schema\/logo\/image\/","url":"https:\/\/www.accidentdutravail-idf.net\/blog\/wp-content\/uploads\/2022\/09\/logo-2.png","contentUrl":"https:\/\/www.accidentdutravail-idf.net\/blog\/wp-content\/uploads\/2022\/09\/logo-2.png","width":380,"height":291,"caption":"accidentdutravail-idf"},"image":{"@id":"https:\/\/www.accidentdutravail-idf.net\/blog\/#\/schema\/logo\/image\/"}},{"@type":"Person","@id":"https:\/\/www.accidentdutravail-idf.net\/blog\/#\/schema\/person\/3255d2f970de45e64bd9201f38e7b947","name":"Carlos Poulain","image":{"@type":"ImageObject","inLanguage":"fr-FR","@id":"https:\/\/secure.gravatar.com\/avatar\/b1c2f9d3588e34e91adb093635df64ef4b2381991216be7576466cfcdca4baf3?s=96&d=mm&r=g","url":"https:\/\/secure.gravatar.com\/avatar\/b1c2f9d3588e34e91adb093635df64ef4b2381991216be7576466cfcdca4baf3?s=96&d=mm&r=g","contentUrl":"https:\/\/secure.gravatar.com\/avatar\/b1c2f9d3588e34e91adb093635df64ef4b2381991216be7576466cfcdca4baf3?s=96&d=mm&r=g","caption":"Carlos Poulain"},"url":"https:\/\/www.accidentdutravail-idf.net\/blog\/author\/idfcarlos\/"}]}},"_links":{"self":[{"href":"https:\/\/www.accidentdutravail-idf.net\/blog\/wp-json\/wp\/v2\/posts\/1753","targetHints":{"allow":["GET"]}}],"collection":[{"href":"https:\/\/www.accidentdutravail-idf.net\/blog\/wp-json\/wp\/v2\/posts"}],"about":[{"href":"https:\/\/www.accidentdutravail-idf.net\/blog\/wp-json\/wp\/v2\/types\/post"}],"author":[{"embeddable":true,"href":"https:\/\/www.accidentdutravail-idf.net\/blog\/wp-json\/wp\/v2\/users\/2"}],"replies":[{"embeddable":true,"href":"https:\/\/www.accidentdutravail-idf.net\/blog\/wp-json\/wp\/v2\/comments?post=1753"}],"version-history":[{"count":0,"href":"https:\/\/www.accidentdutravail-idf.net\/blog\/wp-json\/wp\/v2\/posts\/1753\/revisions"}],"wp:attachment":[{"href":"https:\/\/www.accidentdutravail-idf.net\/blog\/wp-json\/wp\/v2\/media?parent=1753"}],"wp:term":[{"taxonomy":"category","embeddable":true,"href":"https:\/\/www.accidentdutravail-idf.net\/blog\/wp-json\/wp\/v2\/categories?post=1753"},{"taxonomy":"post_tag","embeddable":true,"href":"https:\/\/www.accidentdutravail-idf.net\/blog\/wp-json\/wp\/v2\/tags?post=1753"}],"curies":[{"name":"wp","href":"https:\/\/api.w.org\/{rel}","templated":true}]}}