{"id":1752,"date":"2025-09-26T06:08:00","date_gmt":"2025-09-26T04:08:00","guid":{"rendered":"https:\/\/www.accidentdutravail-idf.net\/blog\/accidents-au-travail-luxembourg-enregistre-une-baisse-des-deces-en-2024\/"},"modified":"2025-09-26T06:08:00","modified_gmt":"2025-09-26T04:08:00","slug":"accidents-au-travail-luxembourg-enregistre-une-baisse-des-deces-en-2024","status":"publish","type":"post","link":"https:\/\/www.accidentdutravail-idf.net\/blog\/accidents-au-travail-luxembourg-enregistre-une-baisse-des-deces-en-2024\/","title":{"rendered":"Accidents au travail: Luxembourg enregistre une baisse des d\u00e9c\u00e8s en 2024"},"content":{"rendered":"<div id>\n<div class=\"Article_elementPublishdate__qcso_\">\n<p><span>Publi\u00e9<\/span>26. septembre 2025, 13:05<\/p>\n<\/div>\n<p><h2><span>Luxembourg en 2024<span class=\"visually-hidden\" aria-hidden=\"true\" role=\"presentation\">: <\/span><\/span>Moins d&rsquo;accidents et de morts au travail<\/h2>\n<\/p>\n<div class=\"Article_elementLead__N3pGr\">\n<p>Cinq personnes sont d\u00e9c\u00e9d\u00e9es sur leur lieu de travail en 2024 contre 19 en 2023, selon l&rsquo;Association d&rsquo;assurance accident (AAA) qui pr\u00e9sentait son rapport vendredi.<\/p>\n<\/div>\n<div class=\"Article_elementAuthors__LsHcz\">\n<section class=\"sc-c640c050-1 gvPySV\">\n<div class=\"sc-c640c050-0 kFLfEa\">\n<div class=\"sc-95b60818-2 fGjIFk\">\n<div class=\"sc-b1f21c84-0 erNuh\">\n<div class=\"sc-b1f21c84-3 fQbIbq\"><img decoding=\"async\" alt=\"Miriam Meinecke\" src=\"https:\/\/media.lessentiel.lu\/18\/image\/2024\/08\/02\/ca7c94fc-4874-4ba1-be87-f996b7492731.jpeg?auto=format%2Ccompress%2Cenhance&amp;fit=crop&amp;w=400&amp;h=400&amp;rect=0%2C0%2C2000%2C2000&amp;crop=faces&amp;s=2bd0db85ffb2922b2c31869069af2f6f\" class=\"sc-b1f21c84-1 juVSAe\"><\/div>\n<\/div>\n<div class=\"sc-95b60818-0 jIogjw\">\n<dt class=\"sc-95b60818-3 cVrYvK\">par<\/dt>\n<p><dd class=\"sc-95b60818-4 kYspjF\">Miriam Meinecke<\/dd>\n<\/p>\n<\/div>\n<\/div>\n<\/div>\n<\/section>\n<\/div>\n<\/div>\n<div id>\n<div class=\"Article_elementTextblockarray__WNyan\">\n<p>L&rsquo;Association d&rsquo;assurance accident (AAA) a reconnu 16 751 accidents l&rsquo;ann\u00e9e derni\u00e8re, selon son rapport 2024 publi\u00e9 ce vendredi. Soit une baisse de 3,8% par rapport \u00e0 2023. Plus de 80% d&rsquo;entre eux \u00e9taient des accidents du travail (13 724), auxquels s&rsquo;ajoutent 2 889 accidents de trajet et 138 maladies professionnelles (chiffre stable). Le nombre d&rsquo;accidents mortels a atteint en 2024 son plus bas niveau depuis 2011, avec cinq morts contre 19 en 2023.<\/p>\n<\/div>\n<div class=\"Article_elementTextblockarray__WNyan\">\n<p>Un bon quart de tous les accidents (26%) se sont produits dans l&rsquo;espace public. Les chantiers et les sites industriels, consid\u00e9r\u00e9s comme des zones \u00e0 risque classiques, ont \u00e9t\u00e9 le th\u00e9\u00e2tre de 43% des accidents contre tout de m\u00eame&nbsp;14% pour les lieux d\u2019activit\u00e9 tertiaire tels des bureaux ou des restaurants.<\/p>\n<\/div>\n<p><h2 class=\"crosshead_crosshead__MxhCQ crosshead_siteAreaNews__x10eM crosshead_typeStandard__szEKi\" data-testid=\"Crosshead\">Plaies superficielles et des coupures<\/h2>\n<\/p>\n<div class=\"Article_elementTextblockarray__WNyan\">\n<p>Presque la moiti\u00e9 des accidents (42%) ont \u00e9t\u00e9 caus\u00e9s en faisant une activit\u00e9 en mouvement (marcher, courir, monter, descendre, grimper&#8230;) contre 16% en manipulant des objets. Le travail avec des outils ainsi que la conduite et le transport repr\u00e9sentent chacun 13%. Selon l&rsquo;AAA, pr\u00e8s d&rsquo;un accident sur cinq \u00e9tait d\u00fb \u00e0 une surcharge physique ou psychique.<\/p>\n<\/div>\n<div class=\"Article_elementTextblockarray__WNyan\">\n<p>Plus de la moiti\u00e9 des blessures (51%) \u00e9taient des plaies superficielles et des coupures, suivies par des entorses et des foulures (31%) et des fractures (9%). Les parties du corps les plus touch\u00e9es sont les bras et les mains (37%), devant les jambes et les pieds (26%), la t\u00eate (15%) et le dos (9%).<\/p>\n<\/div>\n<div class=\"Article_elementTextblockarray__WNyan\">\n<p>En moyenne, l&rsquo;AAA a re\u00e7u 128 d\u00e9clarations par jour, les co\u00fbts s&rsquo;\u00e9levant en moyenne \u00e0 4053 euros par accident. Au total, les prestations en esp\u00e8ces aux assur\u00e9s (191,9 millions d&rsquo;euros) et les prestations en nature (44,7 millions d&rsquo;euros) ont constitu\u00e9 les postes les plus importants.<\/p>\n<\/div>\n<p><h2 class=\"crosshead_crosshead__MxhCQ crosshead_siteAreaNews__x10eM crosshead_typeStandard__szEKi\" data-testid=\"Crosshead\">Baisse des accidents dans la construction<\/h2>\n<\/p>\n<div class=\"Article_elementTextblockarray__WNyan\">\n<p>Pour observer l&rsquo;\u00e9volution, l&rsquo;assurance \u00e9tablit un indice de fr\u00e9quence des accidents, qui indique combien d&rsquo;accidents sont reconnus pour 100 salari\u00e9s. Dans le secteur \u00e0 risque de la construction, la fr\u00e9quence a baiss\u00e9 de 8,58 \u00e0 7,61% entre 2023 et 2024. \u00abCela s&rsquo;explique en partie par le ralentissement de la situation \u00e9conomique et la baisse du nombre d&#8217;employ\u00e9s dans ce secteur\u00bb, peut-on lire dans le <a target=\"_blank\" href=\"https:\/\/aaa.rapport-annuel.lu\/2024\/\" rel=\"noopener noreferrer nofollow\">rapport annuel<\/a>.<\/p>\n<\/div>\n<div class=\"Article_elementTextblockarray__WNyan\">\n<p>Globalement, l&rsquo;assurance accident constate une \u00e9volution positive. \u00c0 long terme, l&rsquo;indice de fr\u00e9quence des accidents a baiss\u00e9 de 4,76% \u00e0 3,31% depuis 2018, malgr\u00e9 une augmentation du nombre de salari\u00e9s et d&rsquo;unit\u00e9s de travail.<\/p>\n<\/div>\n<div class=\"Article_element__Tq_1s\">\n<div class=\"sc-80e8f4a0-0 bgBief undefined Default\" data-testid=\"InfoBox\">\n<div class=\"sc-80e8f4a0-1 sc-80e8f4a0-2 hwXPON gxHcPe\">\n<h3>Tu nous suis d\u00e9j\u00e0 sur WhatsApp?<\/h3>\n<\/div>\n<div class=\"sc-80e8f4a0-1 sc-80e8f4a0-4 hwXPON jvFQvC elementTextblockarray\">\n<p>Abonne-toi \u00e0 notre cha\u00eene, active la petite \ud83d\udd14 et tu recevras un <strong>r\u00e9cap de l&rsquo;actu<\/strong> chaque jour en <strong>d\u00e9but de soir\u00e9e<\/strong>.<\/p>\n<\/div>\n<\/div>\n<\/div>\n<\/div>\n<p>accidentdutravail-idf.net vous a pr\u00e9par\u00e9 ce post qui informe du sujet \u00ab\u00a0Association Sportive Huisson-Longueville Essonne\u00a0\u00bb. La chronique se veut g\u00e9n\u00e9r\u00e9e du mieux possible. Vous pouvez utiliser les coordonn\u00e9es indiqu\u00e9es sur le site dans le but d\u2019apporter des explications sur ce post qui parle du th\u00e8me \u00ab\u00a0Association Sportive Huisson-Longueville Essonne\u00a0\u00bb. Le site accidentdutravail-idf.net a pour but de fournir diverses publications sur la th\u00e9matique Association Sportive Huisson-Longueville Essonne diffus\u00e9es sur le net. Il y aura plusieurs articles autour du sujet \u00ab\u00a0Association Sportive Huisson-Longueville Essonne\u00a0\u00bb dans quelques jours, nous vous invitons \u00e0 naviguer sur notre site web \u00e0 plusieurs reprises.<\/p>\n","protected":false},"excerpt":{"rendered":"<p>Publi\u00e926. septembre 2025, 13:05 Luxembourg en 2024: Moins d&rsquo;accidents et de morts au travail Cinq personnes sont d\u00e9c\u00e9d\u00e9es sur leur lieu de travail en 2024 contre 19 en 2023, selon l&rsquo;Association d&rsquo;assurance accident (AAA) qui pr\u00e9sentait son rapport vendredi. par Miriam Meinecke L&rsquo;Association d&rsquo;assurance accident (AAA) a reconnu 16 751 accidents l&rsquo;ann\u00e9e derni\u00e8re, selon son &hellip; <\/p>\n<p class=\"link-more\"><a href=\"https:\/\/www.accidentdutravail-idf.net\/blog\/accidents-au-travail-luxembourg-enregistre-une-baisse-des-deces-en-2024\/\" class=\"more-link\">Continuer la lecture <span class=\"screen-reader-text\"> \u00ab\u00a0Accidents au travail: Luxembourg enregistre une baisse des d\u00e9c\u00e8s en 2024\u00a0\u00bb<\/span><\/a><\/p>\n","protected":false},"author":2,"featured_media":0,"comment_status":"closed","ping_status":"closed","sticky":false,"template":"","format":"standard","meta":{"footnotes":""},"categories":[5],"tags":[],"class_list":["post-1752","post","type-post","status-publish","format-standard","hentry","category-securite-du-travail-en-ile-de-france-et-divers","entry"],"yoast_head":"<!-- This site is optimized with the Yoast SEO plugin v27.5 - https:\/\/yoast.com\/product\/yoast-seo-wordpress\/ -->\n<title>Accidents au travail: Luxembourg enregistre une baisse des d\u00e9c\u00e8s en 2024 - ACCIDENTDUTRAVAIL-IDF<\/title>\n<meta name=\"description\" content=\"Accidents au travail: Luxembourg enregistre une baisse des d\u00e9c\u00e8s en 2024 article de ACCIDENTDUTRAVAIL-IDF\" \/>\n<meta name=\"robots\" content=\"index, follow, max-snippet:-1, max-image-preview:large, max-video-preview:-1\" \/>\n<link rel=\"canonical\" href=\"https:\/\/www.accidentdutravail-idf.net\/blog\/accidents-au-travail-luxembourg-enregistre-une-baisse-des-deces-en-2024\/\" \/>\n<meta property=\"og:locale\" content=\"fr_FR\" \/>\n<meta property=\"og:type\" content=\"article\" \/>\n<meta property=\"og:title\" content=\"Accidents au travail: Luxembourg enregistre une baisse des d\u00e9c\u00e8s en 2024 - ACCIDENTDUTRAVAIL-IDF\" \/>\n<meta property=\"og:description\" content=\"Accidents au travail: Luxembourg enregistre une baisse des d\u00e9c\u00e8s en 2024 article de ACCIDENTDUTRAVAIL-IDF\" \/>\n<meta property=\"og:url\" content=\"https:\/\/www.accidentdutravail-idf.net\/blog\/accidents-au-travail-luxembourg-enregistre-une-baisse-des-deces-en-2024\/\" \/>\n<meta property=\"og:site_name\" content=\"ACCIDENTDUTRAVAIL-IDF\" \/>\n<meta property=\"article:published_time\" content=\"2025-09-26T04:08:00+00:00\" \/>\n<meta property=\"og:image\" content=\"https:\/\/media.lessentiel.lu\/18\/image\/2024\/08\/02\/ca7c94fc-4874-4ba1-be87-f996b7492731.jpeg?auto=format%2Ccompress%2Cenhance&amp;fit=crop&amp;w=400&amp;h=400&amp;rect=0%2C0%2C2000%2C2000&amp;crop=faces&amp;s=2bd0db85ffb2922b2c31869069af2f6f\" \/>\n<meta name=\"author\" content=\"Carlos Poulain\" \/>\n<meta name=\"twitter:card\" content=\"summary_large_image\" \/>\n<meta name=\"twitter:label1\" content=\"\u00c9crit par\" \/>\n\t<meta name=\"twitter:data1\" content=\"Carlos Poulain\" \/>\n\t<meta name=\"twitter:label2\" content=\"Dur\u00e9e de lecture estim\u00e9e\" \/>\n\t<meta name=\"twitter:data2\" content=\"3 minutes\" \/>\n<script type=\"application\/ld+json\" class=\"yoast-schema-graph\">{\"@context\":\"https:\\\/\\\/schema.org\",\"@graph\":[{\"@type\":\"Article\",\"@id\":\"https:\\\/\\\/www.accidentdutravail-idf.net\\\/blog\\\/accidents-au-travail-luxembourg-enregistre-une-baisse-des-deces-en-2024\\\/#article\",\"isPartOf\":{\"@id\":\"https:\\\/\\\/www.accidentdutravail-idf.net\\\/blog\\\/accidents-au-travail-luxembourg-enregistre-une-baisse-des-deces-en-2024\\\/\"},\"author\":{\"name\":\"Carlos Poulain\",\"@id\":\"https:\\\/\\\/www.accidentdutravail-idf.net\\\/blog\\\/#\\\/schema\\\/person\\\/3255d2f970de45e64bd9201f38e7b947\"},\"headline\":\"Accidents au travail: Luxembourg enregistre une baisse des d\u00e9c\u00e8s en 2024\",\"datePublished\":\"2025-09-26T04:08:00+00:00\",\"mainEntityOfPage\":{\"@id\":\"https:\\\/\\\/www.accidentdutravail-idf.net\\\/blog\\\/accidents-au-travail-luxembourg-enregistre-une-baisse-des-deces-en-2024\\\/\"},\"wordCount\":557,\"publisher\":{\"@id\":\"https:\\\/\\\/www.accidentdutravail-idf.net\\\/blog\\\/#organization\"},\"image\":{\"@id\":\"https:\\\/\\\/www.accidentdutravail-idf.net\\\/blog\\\/accidents-au-travail-luxembourg-enregistre-une-baisse-des-deces-en-2024\\\/#primaryimage\"},\"thumbnailUrl\":\"https:\\\/\\\/media.lessentiel.lu\\\/18\\\/image\\\/2024\\\/08\\\/02\\\/ca7c94fc-4874-4ba1-be87-f996b7492731.jpeg?auto=format%2Ccompress%2Cenhance&amp;fit=crop&amp;w=400&amp;h=400&amp;rect=0%2C0%2C2000%2C2000&amp;crop=faces&amp;s=2bd0db85ffb2922b2c31869069af2f6f\",\"articleSection\":[\"S\u00e9curit\u00e9 Du Travail En Ile-De-France Et Divers:\"],\"inLanguage\":\"fr-FR\"},{\"@type\":\"WebPage\",\"@id\":\"https:\\\/\\\/www.accidentdutravail-idf.net\\\/blog\\\/accidents-au-travail-luxembourg-enregistre-une-baisse-des-deces-en-2024\\\/\",\"url\":\"https:\\\/\\\/www.accidentdutravail-idf.net\\\/blog\\\/accidents-au-travail-luxembourg-enregistre-une-baisse-des-deces-en-2024\\\/\",\"name\":\"Accidents au travail: Luxembourg enregistre une baisse des d\u00e9c\u00e8s en 2024 - ACCIDENTDUTRAVAIL-IDF\",\"isPartOf\":{\"@id\":\"https:\\\/\\\/www.accidentdutravail-idf.net\\\/blog\\\/#website\"},\"primaryImageOfPage\":{\"@id\":\"https:\\\/\\\/www.accidentdutravail-idf.net\\\/blog\\\/accidents-au-travail-luxembourg-enregistre-une-baisse-des-deces-en-2024\\\/#primaryimage\"},\"image\":{\"@id\":\"https:\\\/\\\/www.accidentdutravail-idf.net\\\/blog\\\/accidents-au-travail-luxembourg-enregistre-une-baisse-des-deces-en-2024\\\/#primaryimage\"},\"thumbnailUrl\":\"https:\\\/\\\/media.lessentiel.lu\\\/18\\\/image\\\/2024\\\/08\\\/02\\\/ca7c94fc-4874-4ba1-be87-f996b7492731.jpeg?auto=format%2Ccompress%2Cenhance&amp;fit=crop&amp;w=400&amp;h=400&amp;rect=0%2C0%2C2000%2C2000&amp;crop=faces&amp;s=2bd0db85ffb2922b2c31869069af2f6f\",\"datePublished\":\"2025-09-26T04:08:00+00:00\",\"description\":\"Accidents au travail: Luxembourg enregistre une baisse des d\u00e9c\u00e8s en 2024 article de ACCIDENTDUTRAVAIL-IDF\",\"breadcrumb\":{\"@id\":\"https:\\\/\\\/www.accidentdutravail-idf.net\\\/blog\\\/accidents-au-travail-luxembourg-enregistre-une-baisse-des-deces-en-2024\\\/#breadcrumb\"},\"inLanguage\":\"fr-FR\",\"potentialAction\":[{\"@type\":\"ReadAction\",\"target\":[\"https:\\\/\\\/www.accidentdutravail-idf.net\\\/blog\\\/accidents-au-travail-luxembourg-enregistre-une-baisse-des-deces-en-2024\\\/\"]}]},{\"@type\":\"ImageObject\",\"inLanguage\":\"fr-FR\",\"@id\":\"https:\\\/\\\/www.accidentdutravail-idf.net\\\/blog\\\/accidents-au-travail-luxembourg-enregistre-une-baisse-des-deces-en-2024\\\/#primaryimage\",\"url\":\"https:\\\/\\\/media.lessentiel.lu\\\/18\\\/image\\\/2024\\\/08\\\/02\\\/ca7c94fc-4874-4ba1-be87-f996b7492731.jpeg?auto=format%2Ccompress%2Cenhance&amp;fit=crop&amp;w=400&amp;h=400&amp;rect=0%2C0%2C2000%2C2000&amp;crop=faces&amp;s=2bd0db85ffb2922b2c31869069af2f6f\",\"contentUrl\":\"https:\\\/\\\/media.lessentiel.lu\\\/18\\\/image\\\/2024\\\/08\\\/02\\\/ca7c94fc-4874-4ba1-be87-f996b7492731.jpeg?auto=format%2Ccompress%2Cenhance&amp;fit=crop&amp;w=400&amp;h=400&amp;rect=0%2C0%2C2000%2C2000&amp;crop=faces&amp;s=2bd0db85ffb2922b2c31869069af2f6f\"},{\"@type\":\"BreadcrumbList\",\"@id\":\"https:\\\/\\\/www.accidentdutravail-idf.net\\\/blog\\\/accidents-au-travail-luxembourg-enregistre-une-baisse-des-deces-en-2024\\\/#breadcrumb\",\"itemListElement\":[{\"@type\":\"ListItem\",\"position\":1,\"name\":\"Accueil\",\"item\":\"https:\\\/\\\/www.accidentdutravail-idf.net\\\/blog\\\/\"},{\"@type\":\"ListItem\",\"position\":2,\"name\":\"Accidents au travail: Luxembourg enregistre une baisse des d\u00e9c\u00e8s en 2024\"}]},{\"@type\":\"WebSite\",\"@id\":\"https:\\\/\\\/www.accidentdutravail-idf.net\\\/blog\\\/#website\",\"url\":\"https:\\\/\\\/www.accidentdutravail-idf.net\\\/blog\\\/\",\"name\":\"ACCIDENTDUTRAVAIL-IDF\",\"description\":\"Portail accidents du travail-maladies professionnelles des entreprises d&#039;Ile-de-France\",\"publisher\":{\"@id\":\"https:\\\/\\\/www.accidentdutravail-idf.net\\\/blog\\\/#organization\"},\"potentialAction\":[{\"@type\":\"SearchAction\",\"target\":{\"@type\":\"EntryPoint\",\"urlTemplate\":\"https:\\\/\\\/www.accidentdutravail-idf.net\\\/blog\\\/?s={search_term_string}\"},\"query-input\":{\"@type\":\"PropertyValueSpecification\",\"valueRequired\":true,\"valueName\":\"search_term_string\"}}],\"inLanguage\":\"fr-FR\"},{\"@type\":\"Organization\",\"@id\":\"https:\\\/\\\/www.accidentdutravail-idf.net\\\/blog\\\/#organization\",\"name\":\"accidentdutravail-idf\",\"url\":\"https:\\\/\\\/www.accidentdutravail-idf.net\\\/blog\\\/\",\"logo\":{\"@type\":\"ImageObject\",\"inLanguage\":\"fr-FR\",\"@id\":\"https:\\\/\\\/www.accidentdutravail-idf.net\\\/blog\\\/#\\\/schema\\\/logo\\\/image\\\/\",\"url\":\"https:\\\/\\\/www.accidentdutravail-idf.net\\\/blog\\\/wp-content\\\/uploads\\\/2022\\\/09\\\/logo-2.png\",\"contentUrl\":\"https:\\\/\\\/www.accidentdutravail-idf.net\\\/blog\\\/wp-content\\\/uploads\\\/2022\\\/09\\\/logo-2.png\",\"width\":380,\"height\":291,\"caption\":\"accidentdutravail-idf\"},\"image\":{\"@id\":\"https:\\\/\\\/www.accidentdutravail-idf.net\\\/blog\\\/#\\\/schema\\\/logo\\\/image\\\/\"}},{\"@type\":\"Person\",\"@id\":\"https:\\\/\\\/www.accidentdutravail-idf.net\\\/blog\\\/#\\\/schema\\\/person\\\/3255d2f970de45e64bd9201f38e7b947\",\"name\":\"Carlos Poulain\",\"image\":{\"@type\":\"ImageObject\",\"inLanguage\":\"fr-FR\",\"@id\":\"https:\\\/\\\/secure.gravatar.com\\\/avatar\\\/b1c2f9d3588e34e91adb093635df64ef4b2381991216be7576466cfcdca4baf3?s=96&d=mm&r=g\",\"url\":\"https:\\\/\\\/secure.gravatar.com\\\/avatar\\\/b1c2f9d3588e34e91adb093635df64ef4b2381991216be7576466cfcdca4baf3?s=96&d=mm&r=g\",\"contentUrl\":\"https:\\\/\\\/secure.gravatar.com\\\/avatar\\\/b1c2f9d3588e34e91adb093635df64ef4b2381991216be7576466cfcdca4baf3?s=96&d=mm&r=g\",\"caption\":\"Carlos Poulain\"},\"url\":\"https:\\\/\\\/www.accidentdutravail-idf.net\\\/blog\\\/author\\\/idfcarlos\\\/\"}]}<\/script>\n<!-- \/ Yoast SEO plugin. -->","yoast_head_json":{"title":"Accidents au travail: Luxembourg enregistre une baisse des d\u00e9c\u00e8s en 2024 - ACCIDENTDUTRAVAIL-IDF","description":"Accidents au travail: Luxembourg enregistre une baisse des d\u00e9c\u00e8s en 2024 article de ACCIDENTDUTRAVAIL-IDF","robots":{"index":"index","follow":"follow","max-snippet":"max-snippet:-1","max-image-preview":"max-image-preview:large","max-video-preview":"max-video-preview:-1"},"canonical":"https:\/\/www.accidentdutravail-idf.net\/blog\/accidents-au-travail-luxembourg-enregistre-une-baisse-des-deces-en-2024\/","og_locale":"fr_FR","og_type":"article","og_title":"Accidents au travail: Luxembourg enregistre une baisse des d\u00e9c\u00e8s en 2024 - ACCIDENTDUTRAVAIL-IDF","og_description":"Accidents au travail: Luxembourg enregistre une baisse des d\u00e9c\u00e8s en 2024 article de ACCIDENTDUTRAVAIL-IDF","og_url":"https:\/\/www.accidentdutravail-idf.net\/blog\/accidents-au-travail-luxembourg-enregistre-une-baisse-des-deces-en-2024\/","og_site_name":"ACCIDENTDUTRAVAIL-IDF","article_published_time":"2025-09-26T04:08:00+00:00","og_image":[{"url":"https:\/\/media.lessentiel.lu\/18\/image\/2024\/08\/02\/ca7c94fc-4874-4ba1-be87-f996b7492731.jpeg?auto=format%2Ccompress%2Cenhance&amp;fit=crop&amp;w=400&amp;h=400&amp;rect=0%2C0%2C2000%2C2000&amp;crop=faces&amp;s=2bd0db85ffb2922b2c31869069af2f6f","type":"","width":"","height":""}],"author":"Carlos Poulain","twitter_card":"summary_large_image","twitter_misc":{"\u00c9crit par":"Carlos Poulain","Dur\u00e9e de lecture estim\u00e9e":"3 minutes"},"schema":{"@context":"https:\/\/schema.org","@graph":[{"@type":"Article","@id":"https:\/\/www.accidentdutravail-idf.net\/blog\/accidents-au-travail-luxembourg-enregistre-une-baisse-des-deces-en-2024\/#article","isPartOf":{"@id":"https:\/\/www.accidentdutravail-idf.net\/blog\/accidents-au-travail-luxembourg-enregistre-une-baisse-des-deces-en-2024\/"},"author":{"name":"Carlos Poulain","@id":"https:\/\/www.accidentdutravail-idf.net\/blog\/#\/schema\/person\/3255d2f970de45e64bd9201f38e7b947"},"headline":"Accidents au travail: Luxembourg enregistre une baisse des d\u00e9c\u00e8s en 2024","datePublished":"2025-09-26T04:08:00+00:00","mainEntityOfPage":{"@id":"https:\/\/www.accidentdutravail-idf.net\/blog\/accidents-au-travail-luxembourg-enregistre-une-baisse-des-deces-en-2024\/"},"wordCount":557,"publisher":{"@id":"https:\/\/www.accidentdutravail-idf.net\/blog\/#organization"},"image":{"@id":"https:\/\/www.accidentdutravail-idf.net\/blog\/accidents-au-travail-luxembourg-enregistre-une-baisse-des-deces-en-2024\/#primaryimage"},"thumbnailUrl":"https:\/\/media.lessentiel.lu\/18\/image\/2024\/08\/02\/ca7c94fc-4874-4ba1-be87-f996b7492731.jpeg?auto=format%2Ccompress%2Cenhance&amp;fit=crop&amp;w=400&amp;h=400&amp;rect=0%2C0%2C2000%2C2000&amp;crop=faces&amp;s=2bd0db85ffb2922b2c31869069af2f6f","articleSection":["S\u00e9curit\u00e9 Du Travail En Ile-De-France Et Divers:"],"inLanguage":"fr-FR"},{"@type":"WebPage","@id":"https:\/\/www.accidentdutravail-idf.net\/blog\/accidents-au-travail-luxembourg-enregistre-une-baisse-des-deces-en-2024\/","url":"https:\/\/www.accidentdutravail-idf.net\/blog\/accidents-au-travail-luxembourg-enregistre-une-baisse-des-deces-en-2024\/","name":"Accidents au travail: Luxembourg enregistre une baisse des d\u00e9c\u00e8s en 2024 - ACCIDENTDUTRAVAIL-IDF","isPartOf":{"@id":"https:\/\/www.accidentdutravail-idf.net\/blog\/#website"},"primaryImageOfPage":{"@id":"https:\/\/www.accidentdutravail-idf.net\/blog\/accidents-au-travail-luxembourg-enregistre-une-baisse-des-deces-en-2024\/#primaryimage"},"image":{"@id":"https:\/\/www.accidentdutravail-idf.net\/blog\/accidents-au-travail-luxembourg-enregistre-une-baisse-des-deces-en-2024\/#primaryimage"},"thumbnailUrl":"https:\/\/media.lessentiel.lu\/18\/image\/2024\/08\/02\/ca7c94fc-4874-4ba1-be87-f996b7492731.jpeg?auto=format%2Ccompress%2Cenhance&amp;fit=crop&amp;w=400&amp;h=400&amp;rect=0%2C0%2C2000%2C2000&amp;crop=faces&amp;s=2bd0db85ffb2922b2c31869069af2f6f","datePublished":"2025-09-26T04:08:00+00:00","description":"Accidents au travail: Luxembourg enregistre une baisse des d\u00e9c\u00e8s en 2024 article de ACCIDENTDUTRAVAIL-IDF","breadcrumb":{"@id":"https:\/\/www.accidentdutravail-idf.net\/blog\/accidents-au-travail-luxembourg-enregistre-une-baisse-des-deces-en-2024\/#breadcrumb"},"inLanguage":"fr-FR","potentialAction":[{"@type":"ReadAction","target":["https:\/\/www.accidentdutravail-idf.net\/blog\/accidents-au-travail-luxembourg-enregistre-une-baisse-des-deces-en-2024\/"]}]},{"@type":"ImageObject","inLanguage":"fr-FR","@id":"https:\/\/www.accidentdutravail-idf.net\/blog\/accidents-au-travail-luxembourg-enregistre-une-baisse-des-deces-en-2024\/#primaryimage","url":"https:\/\/media.lessentiel.lu\/18\/image\/2024\/08\/02\/ca7c94fc-4874-4ba1-be87-f996b7492731.jpeg?auto=format%2Ccompress%2Cenhance&amp;fit=crop&amp;w=400&amp;h=400&amp;rect=0%2C0%2C2000%2C2000&amp;crop=faces&amp;s=2bd0db85ffb2922b2c31869069af2f6f","contentUrl":"https:\/\/media.lessentiel.lu\/18\/image\/2024\/08\/02\/ca7c94fc-4874-4ba1-be87-f996b7492731.jpeg?auto=format%2Ccompress%2Cenhance&amp;fit=crop&amp;w=400&amp;h=400&amp;rect=0%2C0%2C2000%2C2000&amp;crop=faces&amp;s=2bd0db85ffb2922b2c31869069af2f6f"},{"@type":"BreadcrumbList","@id":"https:\/\/www.accidentdutravail-idf.net\/blog\/accidents-au-travail-luxembourg-enregistre-une-baisse-des-deces-en-2024\/#breadcrumb","itemListElement":[{"@type":"ListItem","position":1,"name":"Accueil","item":"https:\/\/www.accidentdutravail-idf.net\/blog\/"},{"@type":"ListItem","position":2,"name":"Accidents au travail: Luxembourg enregistre une baisse des d\u00e9c\u00e8s en 2024"}]},{"@type":"WebSite","@id":"https:\/\/www.accidentdutravail-idf.net\/blog\/#website","url":"https:\/\/www.accidentdutravail-idf.net\/blog\/","name":"ACCIDENTDUTRAVAIL-IDF","description":"Portail accidents du travail-maladies professionnelles des entreprises d&#039;Ile-de-France","publisher":{"@id":"https:\/\/www.accidentdutravail-idf.net\/blog\/#organization"},"potentialAction":[{"@type":"SearchAction","target":{"@type":"EntryPoint","urlTemplate":"https:\/\/www.accidentdutravail-idf.net\/blog\/?s={search_term_string}"},"query-input":{"@type":"PropertyValueSpecification","valueRequired":true,"valueName":"search_term_string"}}],"inLanguage":"fr-FR"},{"@type":"Organization","@id":"https:\/\/www.accidentdutravail-idf.net\/blog\/#organization","name":"accidentdutravail-idf","url":"https:\/\/www.accidentdutravail-idf.net\/blog\/","logo":{"@type":"ImageObject","inLanguage":"fr-FR","@id":"https:\/\/www.accidentdutravail-idf.net\/blog\/#\/schema\/logo\/image\/","url":"https:\/\/www.accidentdutravail-idf.net\/blog\/wp-content\/uploads\/2022\/09\/logo-2.png","contentUrl":"https:\/\/www.accidentdutravail-idf.net\/blog\/wp-content\/uploads\/2022\/09\/logo-2.png","width":380,"height":291,"caption":"accidentdutravail-idf"},"image":{"@id":"https:\/\/www.accidentdutravail-idf.net\/blog\/#\/schema\/logo\/image\/"}},{"@type":"Person","@id":"https:\/\/www.accidentdutravail-idf.net\/blog\/#\/schema\/person\/3255d2f970de45e64bd9201f38e7b947","name":"Carlos Poulain","image":{"@type":"ImageObject","inLanguage":"fr-FR","@id":"https:\/\/secure.gravatar.com\/avatar\/b1c2f9d3588e34e91adb093635df64ef4b2381991216be7576466cfcdca4baf3?s=96&d=mm&r=g","url":"https:\/\/secure.gravatar.com\/avatar\/b1c2f9d3588e34e91adb093635df64ef4b2381991216be7576466cfcdca4baf3?s=96&d=mm&r=g","contentUrl":"https:\/\/secure.gravatar.com\/avatar\/b1c2f9d3588e34e91adb093635df64ef4b2381991216be7576466cfcdca4baf3?s=96&d=mm&r=g","caption":"Carlos Poulain"},"url":"https:\/\/www.accidentdutravail-idf.net\/blog\/author\/idfcarlos\/"}]}},"_links":{"self":[{"href":"https:\/\/www.accidentdutravail-idf.net\/blog\/wp-json\/wp\/v2\/posts\/1752","targetHints":{"allow":["GET"]}}],"collection":[{"href":"https:\/\/www.accidentdutravail-idf.net\/blog\/wp-json\/wp\/v2\/posts"}],"about":[{"href":"https:\/\/www.accidentdutravail-idf.net\/blog\/wp-json\/wp\/v2\/types\/post"}],"author":[{"embeddable":true,"href":"https:\/\/www.accidentdutravail-idf.net\/blog\/wp-json\/wp\/v2\/users\/2"}],"replies":[{"embeddable":true,"href":"https:\/\/www.accidentdutravail-idf.net\/blog\/wp-json\/wp\/v2\/comments?post=1752"}],"version-history":[{"count":0,"href":"https:\/\/www.accidentdutravail-idf.net\/blog\/wp-json\/wp\/v2\/posts\/1752\/revisions"}],"wp:attachment":[{"href":"https:\/\/www.accidentdutravail-idf.net\/blog\/wp-json\/wp\/v2\/media?parent=1752"}],"wp:term":[{"taxonomy":"category","embeddable":true,"href":"https:\/\/www.accidentdutravail-idf.net\/blog\/wp-json\/wp\/v2\/categories?post=1752"},{"taxonomy":"post_tag","embeddable":true,"href":"https:\/\/www.accidentdutravail-idf.net\/blog\/wp-json\/wp\/v2\/tags?post=1752"}],"curies":[{"name":"wp","href":"https:\/\/api.w.org\/{rel}","templated":true}]}}