{"id":1748,"date":"2025-09-24T04:30:00","date_gmt":"2025-09-24T02:30:00","guid":{"rendered":"https:\/\/www.accidentdutravail-idf.net\/blog\/il-a-fait-une-lourde-chute-sur-un-chantier-dans-ce-club-de-football-du-tarn-la-solidarite-sorganise-autour-dun-joueur-victime-dun-grave-accident\/"},"modified":"2025-09-24T04:30:00","modified_gmt":"2025-09-24T02:30:00","slug":"il-a-fait-une-lourde-chute-sur-un-chantier-dans-ce-club-de-football-du-tarn-la-solidarite-sorganise-autour-dun-joueur-victime-dun-grave-accident","status":"publish","type":"post","link":"https:\/\/www.accidentdutravail-idf.net\/blog\/il-a-fait-une-lourde-chute-sur-un-chantier-dans-ce-club-de-football-du-tarn-la-solidarite-sorganise-autour-dun-joueur-victime-dun-grave-accident\/","title":{"rendered":"&lsquo;Il a fait une lourde chute sur un chantier&rsquo;\u2026. Dans ce club de football du Tarn, la solidarit\u00e9 s\u2019organise autour d\u2019un joueur, victime d\u2019un grave accident"},"content":{"rendered":"<div><img decoding=\"async\" src=\"https:\/\/www.accidentdutravail-idf.net\/blog\/wp-content\/uploads\/2025\/09\/il-a-fait-une-lourde-chute-sur-un-chantier-dans-ce-club-de-football-du-tarn-la-solidarite-sorganise-autour-dun-joueur-victime-dun-grave-accident.jpg\" class=\"ff-og-image-inserted\"><\/div>\n<p> <span class=\"article-full__chapo-label hide-on-small-only\">l&rsquo;essentiel<\/span> Mercredi 17&nbsp;septembre, un joueur de foot de Labastide-de-L\u00e9vis a \u00e9t\u00e9 victime d\u2019un grave accident du travail. L\u2019ensemble du club est encore sous le choc et le soutient quotidiennement dans cette \u00e9preuve. <\/p>\n<div data-state=\"fixed-height\" data-selection=\"disabled\"> <!-- Pub DFP Position [outstream] --> <\/p>\n<p>\u00ab\u00a0Heureusement, ses jours ne sont pas en danger. Mais il est s\u00e9rieusement bless\u00e9\u00a0\u00bb, explique&nbsp;Micka\u00ebl Pendari\u00e8s, le nouveau pr\u00e9sident du club de football de Labastide-de-L\u00e9vis, qui a pris ses fonctions depuis le d\u00e9but de la saison. Mercredi 17&nbsp;septembre, Maxime, joueur de l\u2019\u00e9quipe premi\u00e8re, a \u00e9t\u00e9 victime d\u2019une lourde chute sur un chantier. \u00ab\u00a0Il a les deux poignets et le coude cass\u00e9s. Le bassin aussi a \u00e9t\u00e9 touch\u00e9\u00a0\u00bb, d\u00e9plore le dirigeant.<\/p>\n<p><!-- Pub DFP Position [article] --> <\/p>\n<p>Dans ce club qui compte 80 licenci\u00e9s, l\u2019\u00e9motion est vive. \u00ab\u00a0On vient de faire une photo avec des joueurs des \u00e9quipes 1 et 2 que l\u2019on a post\u00e9e sur les r\u00e9seaux sociaux pour le soutenir. Les coachs et les licenci\u00e9s vont le voir quotidiennement \u00e0 l\u2019h\u00f4pital d\u2019Albi\u00a0\u00bb, pr\u00e9cise Micka\u00ebl Pendari\u00e8s. Maxime, \u00e2g\u00e9 d\u2019une trentaine d\u2019ann\u00e9es, \u00e9volue en D3.<\/p>\n<p>Au-del\u00e0 du soutien moral, le club envisage d\u2019autres formes d\u2019aide. \u00ab\u00a0Nous allons sans doute organiser un match dont les recettes lui reviendront. Mais \u00e0 ce jour, rien n\u2019a encore \u00e9t\u00e9 d\u00e9cid\u00e9\u00a0\u00bb, indique le pr\u00e9sident. Et de conclure&nbsp;: \u00ab\u00a0Quoi qu\u2019il en soit, on sera l\u00e0 pour lui. C\u2019est \u00e0 cela que l\u2019on reconna\u00eet les valeurs d\u2019un club&nbsp;: rester soud\u00e9 dans les bons et les mauvais moments.\u00a0\u00bb<\/p>\n<\/p><\/div>\n<p>accidentdutravail-idf.net vous a pr\u00e9par\u00e9 ce post qui informe du sujet \u00ab\u00a0Association Sportive Huisson-Longueville Essonne\u00a0\u00bb. La chronique se veut g\u00e9n\u00e9r\u00e9e du mieux possible. Vous pouvez utiliser les coordonn\u00e9es indiqu\u00e9es sur le site dans le but d\u2019apporter des explications sur ce post qui parle du th\u00e8me \u00ab\u00a0Association Sportive Huisson-Longueville Essonne\u00a0\u00bb. Le site accidentdutravail-idf.net a pour but de fournir diverses publications sur la th\u00e9matique Association Sportive Huisson-Longueville Essonne diffus\u00e9es sur le net. Il y aura plusieurs articles autour du sujet \u00ab\u00a0Association Sportive Huisson-Longueville Essonne\u00a0\u00bb dans quelques jours, nous vous invitons \u00e0 naviguer sur notre site web \u00e0 plusieurs reprises.<\/p>\n","protected":false},"excerpt":{"rendered":"<p>l&rsquo;essentiel Mercredi 17&nbsp;septembre, un joueur de foot de Labastide-de-L\u00e9vis a \u00e9t\u00e9 victime d\u2019un grave accident du travail. L\u2019ensemble du club est encore sous le choc et le soutient quotidiennement dans cette \u00e9preuve. \u00ab\u00a0Heureusement, ses jours ne sont pas en danger. Mais il est s\u00e9rieusement bless\u00e9\u00a0\u00bb, explique&nbsp;Micka\u00ebl Pendari\u00e8s, le nouveau pr\u00e9sident du club de football de &hellip; <\/p>\n<p class=\"link-more\"><a href=\"https:\/\/www.accidentdutravail-idf.net\/blog\/il-a-fait-une-lourde-chute-sur-un-chantier-dans-ce-club-de-football-du-tarn-la-solidarite-sorganise-autour-dun-joueur-victime-dun-grave-accident\/\" class=\"more-link\">Continuer la lecture <span class=\"screen-reader-text\"> \u00ab\u00a0&lsquo;Il a fait une lourde chute sur un chantier&rsquo;\u2026. Dans ce club de football du Tarn, la solidarit\u00e9 s\u2019organise autour d\u2019un joueur, victime d\u2019un grave accident\u00a0\u00bb<\/span><\/a><\/p>\n","protected":false},"author":2,"featured_media":0,"comment_status":"closed","ping_status":"closed","sticky":false,"template":"","format":"standard","meta":{"footnotes":""},"categories":[5],"tags":[],"class_list":["post-1748","post","type-post","status-publish","format-standard","hentry","category-securite-du-travail-en-ile-de-france-et-divers","entry"],"yoast_head":"<!-- This site is optimized with the Yoast SEO plugin v27.5 - https:\/\/yoast.com\/product\/yoast-seo-wordpress\/ -->\n<title>&#039;Il a fait une lourde chute sur un chantier&#039;\u2026. Dans ce club de football du Tarn, la solidarit\u00e9 s\u2019organise autour d\u2019un joueur, victime d\u2019un grave accident - ACCIDENTDUTRAVAIL-IDF<\/title>\n<meta name=\"description\" content=\"&#039;Il a fait une lourde chute sur un chantier&#039;\u2026. Dans ce club de football du Tarn, la solidarit\u00e9 s\u2019organise autour d\u2019un joueur, victime d\u2019un grave accident article de ACCIDENTDUTRAVAIL-IDF\" \/>\n<meta name=\"robots\" content=\"index, follow, max-snippet:-1, max-image-preview:large, max-video-preview:-1\" \/>\n<link rel=\"canonical\" href=\"https:\/\/www.accidentdutravail-idf.net\/blog\/il-a-fait-une-lourde-chute-sur-un-chantier-dans-ce-club-de-football-du-tarn-la-solidarite-sorganise-autour-dun-joueur-victime-dun-grave-accident\/\" \/>\n<meta property=\"og:locale\" content=\"fr_FR\" \/>\n<meta property=\"og:type\" content=\"article\" \/>\n<meta property=\"og:title\" content=\"&#039;Il a fait une lourde chute sur un chantier&#039;\u2026. Dans ce club de football du Tarn, la solidarit\u00e9 s\u2019organise autour d\u2019un joueur, victime d\u2019un grave accident - ACCIDENTDUTRAVAIL-IDF\" \/>\n<meta property=\"og:description\" content=\"&#039;Il a fait une lourde chute sur un chantier&#039;\u2026. Dans ce club de football du Tarn, la solidarit\u00e9 s\u2019organise autour d\u2019un joueur, victime d\u2019un grave accident article de ACCIDENTDUTRAVAIL-IDF\" \/>\n<meta property=\"og:url\" content=\"https:\/\/www.accidentdutravail-idf.net\/blog\/il-a-fait-une-lourde-chute-sur-un-chantier-dans-ce-club-de-football-du-tarn-la-solidarite-sorganise-autour-dun-joueur-victime-dun-grave-accident\/\" \/>\n<meta property=\"og:site_name\" content=\"ACCIDENTDUTRAVAIL-IDF\" \/>\n<meta property=\"article:published_time\" content=\"2025-09-24T02:30:00+00:00\" \/>\n<meta property=\"og:image\" content=\"https:\/\/www.accidentdutravail-idf.net\/blog\/wp-content\/uploads\/2025\/09\/il-a-fait-une-lourde-chute-sur-un-chantier-dans-ce-club-de-football-du-tarn-la-solidarite-sorganise-autour-dun-joueur-victime-dun-grave-accident.jpg\" \/>\n<meta name=\"author\" content=\"Carlos Poulain\" \/>\n<meta name=\"twitter:card\" content=\"summary_large_image\" \/>\n<meta name=\"twitter:label1\" content=\"\u00c9crit par\" \/>\n\t<meta name=\"twitter:data1\" content=\"Carlos Poulain\" \/>\n\t<meta name=\"twitter:label2\" content=\"Dur\u00e9e de lecture estim\u00e9e\" \/>\n\t<meta name=\"twitter:data2\" content=\"2 minutes\" \/>\n<script type=\"application\/ld+json\" class=\"yoast-schema-graph\">{\"@context\":\"https:\\\/\\\/schema.org\",\"@graph\":[{\"@type\":\"Article\",\"@id\":\"https:\\\/\\\/www.accidentdutravail-idf.net\\\/blog\\\/il-a-fait-une-lourde-chute-sur-un-chantier-dans-ce-club-de-football-du-tarn-la-solidarite-sorganise-autour-dun-joueur-victime-dun-grave-accident\\\/#article\",\"isPartOf\":{\"@id\":\"https:\\\/\\\/www.accidentdutravail-idf.net\\\/blog\\\/il-a-fait-une-lourde-chute-sur-un-chantier-dans-ce-club-de-football-du-tarn-la-solidarite-sorganise-autour-dun-joueur-victime-dun-grave-accident\\\/\"},\"author\":{\"name\":\"Carlos Poulain\",\"@id\":\"https:\\\/\\\/www.accidentdutravail-idf.net\\\/blog\\\/#\\\/schema\\\/person\\\/3255d2f970de45e64bd9201f38e7b947\"},\"headline\":\"&lsquo;Il a fait une lourde chute sur un chantier&rsquo;\u2026. Dans ce club de football du Tarn, la solidarit\u00e9 s\u2019organise autour d\u2019un joueur, victime d\u2019un grave accident\",\"datePublished\":\"2025-09-24T02:30:00+00:00\",\"mainEntityOfPage\":{\"@id\":\"https:\\\/\\\/www.accidentdutravail-idf.net\\\/blog\\\/il-a-fait-une-lourde-chute-sur-un-chantier-dans-ce-club-de-football-du-tarn-la-solidarite-sorganise-autour-dun-joueur-victime-dun-grave-accident\\\/\"},\"wordCount\":398,\"publisher\":{\"@id\":\"https:\\\/\\\/www.accidentdutravail-idf.net\\\/blog\\\/#organization\"},\"image\":{\"@id\":\"https:\\\/\\\/www.accidentdutravail-idf.net\\\/blog\\\/il-a-fait-une-lourde-chute-sur-un-chantier-dans-ce-club-de-football-du-tarn-la-solidarite-sorganise-autour-dun-joueur-victime-dun-grave-accident\\\/#primaryimage\"},\"thumbnailUrl\":\"https:\\\/\\\/www.accidentdutravail-idf.net\\\/blog\\\/wp-content\\\/uploads\\\/2025\\\/09\\\/il-a-fait-une-lourde-chute-sur-un-chantier-dans-ce-club-de-football-du-tarn-la-solidarite-sorganise-autour-dun-joueur-victime-dun-grave-accident.jpg\",\"articleSection\":[\"S\u00e9curit\u00e9 Du Travail En Ile-De-France Et Divers:\"],\"inLanguage\":\"fr-FR\"},{\"@type\":\"WebPage\",\"@id\":\"https:\\\/\\\/www.accidentdutravail-idf.net\\\/blog\\\/il-a-fait-une-lourde-chute-sur-un-chantier-dans-ce-club-de-football-du-tarn-la-solidarite-sorganise-autour-dun-joueur-victime-dun-grave-accident\\\/\",\"url\":\"https:\\\/\\\/www.accidentdutravail-idf.net\\\/blog\\\/il-a-fait-une-lourde-chute-sur-un-chantier-dans-ce-club-de-football-du-tarn-la-solidarite-sorganise-autour-dun-joueur-victime-dun-grave-accident\\\/\",\"name\":\"'Il a fait une lourde chute sur un chantier'\u2026. Dans ce club de football du Tarn, la solidarit\u00e9 s\u2019organise autour d\u2019un joueur, victime d\u2019un grave accident - ACCIDENTDUTRAVAIL-IDF\",\"isPartOf\":{\"@id\":\"https:\\\/\\\/www.accidentdutravail-idf.net\\\/blog\\\/#website\"},\"primaryImageOfPage\":{\"@id\":\"https:\\\/\\\/www.accidentdutravail-idf.net\\\/blog\\\/il-a-fait-une-lourde-chute-sur-un-chantier-dans-ce-club-de-football-du-tarn-la-solidarite-sorganise-autour-dun-joueur-victime-dun-grave-accident\\\/#primaryimage\"},\"image\":{\"@id\":\"https:\\\/\\\/www.accidentdutravail-idf.net\\\/blog\\\/il-a-fait-une-lourde-chute-sur-un-chantier-dans-ce-club-de-football-du-tarn-la-solidarite-sorganise-autour-dun-joueur-victime-dun-grave-accident\\\/#primaryimage\"},\"thumbnailUrl\":\"https:\\\/\\\/www.accidentdutravail-idf.net\\\/blog\\\/wp-content\\\/uploads\\\/2025\\\/09\\\/il-a-fait-une-lourde-chute-sur-un-chantier-dans-ce-club-de-football-du-tarn-la-solidarite-sorganise-autour-dun-joueur-victime-dun-grave-accident.jpg\",\"datePublished\":\"2025-09-24T02:30:00+00:00\",\"description\":\"'Il a fait une lourde chute sur un chantier'\u2026. Dans ce club de football du Tarn, la solidarit\u00e9 s\u2019organise autour d\u2019un joueur, victime d\u2019un grave accident article de ACCIDENTDUTRAVAIL-IDF\",\"breadcrumb\":{\"@id\":\"https:\\\/\\\/www.accidentdutravail-idf.net\\\/blog\\\/il-a-fait-une-lourde-chute-sur-un-chantier-dans-ce-club-de-football-du-tarn-la-solidarite-sorganise-autour-dun-joueur-victime-dun-grave-accident\\\/#breadcrumb\"},\"inLanguage\":\"fr-FR\",\"potentialAction\":[{\"@type\":\"ReadAction\",\"target\":[\"https:\\\/\\\/www.accidentdutravail-idf.net\\\/blog\\\/il-a-fait-une-lourde-chute-sur-un-chantier-dans-ce-club-de-football-du-tarn-la-solidarite-sorganise-autour-dun-joueur-victime-dun-grave-accident\\\/\"]}]},{\"@type\":\"ImageObject\",\"inLanguage\":\"fr-FR\",\"@id\":\"https:\\\/\\\/www.accidentdutravail-idf.net\\\/blog\\\/il-a-fait-une-lourde-chute-sur-un-chantier-dans-ce-club-de-football-du-tarn-la-solidarite-sorganise-autour-dun-joueur-victime-dun-grave-accident\\\/#primaryimage\",\"url\":\"https:\\\/\\\/www.accidentdutravail-idf.net\\\/blog\\\/wp-content\\\/uploads\\\/2025\\\/09\\\/il-a-fait-une-lourde-chute-sur-un-chantier-dans-ce-club-de-football-du-tarn-la-solidarite-sorganise-autour-dun-joueur-victime-dun-grave-accident.jpg\",\"contentUrl\":\"https:\\\/\\\/www.accidentdutravail-idf.net\\\/blog\\\/wp-content\\\/uploads\\\/2025\\\/09\\\/il-a-fait-une-lourde-chute-sur-un-chantier-dans-ce-club-de-football-du-tarn-la-solidarite-sorganise-autour-dun-joueur-victime-dun-grave-accident.jpg\"},{\"@type\":\"BreadcrumbList\",\"@id\":\"https:\\\/\\\/www.accidentdutravail-idf.net\\\/blog\\\/il-a-fait-une-lourde-chute-sur-un-chantier-dans-ce-club-de-football-du-tarn-la-solidarite-sorganise-autour-dun-joueur-victime-dun-grave-accident\\\/#breadcrumb\",\"itemListElement\":[{\"@type\":\"ListItem\",\"position\":1,\"name\":\"Accueil\",\"item\":\"https:\\\/\\\/www.accidentdutravail-idf.net\\\/blog\\\/\"},{\"@type\":\"ListItem\",\"position\":2,\"name\":\"&lsquo;Il a fait une lourde chute sur un chantier&rsquo;\u2026. Dans ce club de football du Tarn, la solidarit\u00e9 s\u2019organise autour d\u2019un joueur, victime d\u2019un grave accident\"}]},{\"@type\":\"WebSite\",\"@id\":\"https:\\\/\\\/www.accidentdutravail-idf.net\\\/blog\\\/#website\",\"url\":\"https:\\\/\\\/www.accidentdutravail-idf.net\\\/blog\\\/\",\"name\":\"ACCIDENTDUTRAVAIL-IDF\",\"description\":\"Portail accidents du travail-maladies professionnelles des entreprises d&#039;Ile-de-France\",\"publisher\":{\"@id\":\"https:\\\/\\\/www.accidentdutravail-idf.net\\\/blog\\\/#organization\"},\"potentialAction\":[{\"@type\":\"SearchAction\",\"target\":{\"@type\":\"EntryPoint\",\"urlTemplate\":\"https:\\\/\\\/www.accidentdutravail-idf.net\\\/blog\\\/?s={search_term_string}\"},\"query-input\":{\"@type\":\"PropertyValueSpecification\",\"valueRequired\":true,\"valueName\":\"search_term_string\"}}],\"inLanguage\":\"fr-FR\"},{\"@type\":\"Organization\",\"@id\":\"https:\\\/\\\/www.accidentdutravail-idf.net\\\/blog\\\/#organization\",\"name\":\"accidentdutravail-idf\",\"url\":\"https:\\\/\\\/www.accidentdutravail-idf.net\\\/blog\\\/\",\"logo\":{\"@type\":\"ImageObject\",\"inLanguage\":\"fr-FR\",\"@id\":\"https:\\\/\\\/www.accidentdutravail-idf.net\\\/blog\\\/#\\\/schema\\\/logo\\\/image\\\/\",\"url\":\"https:\\\/\\\/www.accidentdutravail-idf.net\\\/blog\\\/wp-content\\\/uploads\\\/2022\\\/09\\\/logo-2.png\",\"contentUrl\":\"https:\\\/\\\/www.accidentdutravail-idf.net\\\/blog\\\/wp-content\\\/uploads\\\/2022\\\/09\\\/logo-2.png\",\"width\":380,\"height\":291,\"caption\":\"accidentdutravail-idf\"},\"image\":{\"@id\":\"https:\\\/\\\/www.accidentdutravail-idf.net\\\/blog\\\/#\\\/schema\\\/logo\\\/image\\\/\"}},{\"@type\":\"Person\",\"@id\":\"https:\\\/\\\/www.accidentdutravail-idf.net\\\/blog\\\/#\\\/schema\\\/person\\\/3255d2f970de45e64bd9201f38e7b947\",\"name\":\"Carlos Poulain\",\"image\":{\"@type\":\"ImageObject\",\"inLanguage\":\"fr-FR\",\"@id\":\"https:\\\/\\\/secure.gravatar.com\\\/avatar\\\/b1c2f9d3588e34e91adb093635df64ef4b2381991216be7576466cfcdca4baf3?s=96&d=mm&r=g\",\"url\":\"https:\\\/\\\/secure.gravatar.com\\\/avatar\\\/b1c2f9d3588e34e91adb093635df64ef4b2381991216be7576466cfcdca4baf3?s=96&d=mm&r=g\",\"contentUrl\":\"https:\\\/\\\/secure.gravatar.com\\\/avatar\\\/b1c2f9d3588e34e91adb093635df64ef4b2381991216be7576466cfcdca4baf3?s=96&d=mm&r=g\",\"caption\":\"Carlos Poulain\"},\"url\":\"https:\\\/\\\/www.accidentdutravail-idf.net\\\/blog\\\/author\\\/idfcarlos\\\/\"}]}<\/script>\n<!-- \/ Yoast SEO plugin. -->","yoast_head_json":{"title":"'Il a fait une lourde chute sur un chantier'\u2026. Dans ce club de football du Tarn, la solidarit\u00e9 s\u2019organise autour d\u2019un joueur, victime d\u2019un grave accident - ACCIDENTDUTRAVAIL-IDF","description":"'Il a fait une lourde chute sur un chantier'\u2026. Dans ce club de football du Tarn, la solidarit\u00e9 s\u2019organise autour d\u2019un joueur, victime d\u2019un grave accident article de ACCIDENTDUTRAVAIL-IDF","robots":{"index":"index","follow":"follow","max-snippet":"max-snippet:-1","max-image-preview":"max-image-preview:large","max-video-preview":"max-video-preview:-1"},"canonical":"https:\/\/www.accidentdutravail-idf.net\/blog\/il-a-fait-une-lourde-chute-sur-un-chantier-dans-ce-club-de-football-du-tarn-la-solidarite-sorganise-autour-dun-joueur-victime-dun-grave-accident\/","og_locale":"fr_FR","og_type":"article","og_title":"'Il a fait une lourde chute sur un chantier'\u2026. Dans ce club de football du Tarn, la solidarit\u00e9 s\u2019organise autour d\u2019un joueur, victime d\u2019un grave accident - ACCIDENTDUTRAVAIL-IDF","og_description":"'Il a fait une lourde chute sur un chantier'\u2026. Dans ce club de football du Tarn, la solidarit\u00e9 s\u2019organise autour d\u2019un joueur, victime d\u2019un grave accident article de ACCIDENTDUTRAVAIL-IDF","og_url":"https:\/\/www.accidentdutravail-idf.net\/blog\/il-a-fait-une-lourde-chute-sur-un-chantier-dans-ce-club-de-football-du-tarn-la-solidarite-sorganise-autour-dun-joueur-victime-dun-grave-accident\/","og_site_name":"ACCIDENTDUTRAVAIL-IDF","article_published_time":"2025-09-24T02:30:00+00:00","og_image":[{"url":"https:\/\/www.accidentdutravail-idf.net\/blog\/wp-content\/uploads\/2025\/09\/il-a-fait-une-lourde-chute-sur-un-chantier-dans-ce-club-de-football-du-tarn-la-solidarite-sorganise-autour-dun-joueur-victime-dun-grave-accident.jpg","type":"","width":"","height":""}],"author":"Carlos Poulain","twitter_card":"summary_large_image","twitter_misc":{"\u00c9crit par":"Carlos Poulain","Dur\u00e9e de lecture estim\u00e9e":"2 minutes"},"schema":{"@context":"https:\/\/schema.org","@graph":[{"@type":"Article","@id":"https:\/\/www.accidentdutravail-idf.net\/blog\/il-a-fait-une-lourde-chute-sur-un-chantier-dans-ce-club-de-football-du-tarn-la-solidarite-sorganise-autour-dun-joueur-victime-dun-grave-accident\/#article","isPartOf":{"@id":"https:\/\/www.accidentdutravail-idf.net\/blog\/il-a-fait-une-lourde-chute-sur-un-chantier-dans-ce-club-de-football-du-tarn-la-solidarite-sorganise-autour-dun-joueur-victime-dun-grave-accident\/"},"author":{"name":"Carlos Poulain","@id":"https:\/\/www.accidentdutravail-idf.net\/blog\/#\/schema\/person\/3255d2f970de45e64bd9201f38e7b947"},"headline":"&lsquo;Il a fait une lourde chute sur un chantier&rsquo;\u2026. Dans ce club de football du Tarn, la solidarit\u00e9 s\u2019organise autour d\u2019un joueur, victime d\u2019un grave accident","datePublished":"2025-09-24T02:30:00+00:00","mainEntityOfPage":{"@id":"https:\/\/www.accidentdutravail-idf.net\/blog\/il-a-fait-une-lourde-chute-sur-un-chantier-dans-ce-club-de-football-du-tarn-la-solidarite-sorganise-autour-dun-joueur-victime-dun-grave-accident\/"},"wordCount":398,"publisher":{"@id":"https:\/\/www.accidentdutravail-idf.net\/blog\/#organization"},"image":{"@id":"https:\/\/www.accidentdutravail-idf.net\/blog\/il-a-fait-une-lourde-chute-sur-un-chantier-dans-ce-club-de-football-du-tarn-la-solidarite-sorganise-autour-dun-joueur-victime-dun-grave-accident\/#primaryimage"},"thumbnailUrl":"https:\/\/www.accidentdutravail-idf.net\/blog\/wp-content\/uploads\/2025\/09\/il-a-fait-une-lourde-chute-sur-un-chantier-dans-ce-club-de-football-du-tarn-la-solidarite-sorganise-autour-dun-joueur-victime-dun-grave-accident.jpg","articleSection":["S\u00e9curit\u00e9 Du Travail En Ile-De-France Et Divers:"],"inLanguage":"fr-FR"},{"@type":"WebPage","@id":"https:\/\/www.accidentdutravail-idf.net\/blog\/il-a-fait-une-lourde-chute-sur-un-chantier-dans-ce-club-de-football-du-tarn-la-solidarite-sorganise-autour-dun-joueur-victime-dun-grave-accident\/","url":"https:\/\/www.accidentdutravail-idf.net\/blog\/il-a-fait-une-lourde-chute-sur-un-chantier-dans-ce-club-de-football-du-tarn-la-solidarite-sorganise-autour-dun-joueur-victime-dun-grave-accident\/","name":"'Il a fait une lourde chute sur un chantier'\u2026. Dans ce club de football du Tarn, la solidarit\u00e9 s\u2019organise autour d\u2019un joueur, victime d\u2019un grave accident - ACCIDENTDUTRAVAIL-IDF","isPartOf":{"@id":"https:\/\/www.accidentdutravail-idf.net\/blog\/#website"},"primaryImageOfPage":{"@id":"https:\/\/www.accidentdutravail-idf.net\/blog\/il-a-fait-une-lourde-chute-sur-un-chantier-dans-ce-club-de-football-du-tarn-la-solidarite-sorganise-autour-dun-joueur-victime-dun-grave-accident\/#primaryimage"},"image":{"@id":"https:\/\/www.accidentdutravail-idf.net\/blog\/il-a-fait-une-lourde-chute-sur-un-chantier-dans-ce-club-de-football-du-tarn-la-solidarite-sorganise-autour-dun-joueur-victime-dun-grave-accident\/#primaryimage"},"thumbnailUrl":"https:\/\/www.accidentdutravail-idf.net\/blog\/wp-content\/uploads\/2025\/09\/il-a-fait-une-lourde-chute-sur-un-chantier-dans-ce-club-de-football-du-tarn-la-solidarite-sorganise-autour-dun-joueur-victime-dun-grave-accident.jpg","datePublished":"2025-09-24T02:30:00+00:00","description":"'Il a fait une lourde chute sur un chantier'\u2026. Dans ce club de football du Tarn, la solidarit\u00e9 s\u2019organise autour d\u2019un joueur, victime d\u2019un grave accident article de ACCIDENTDUTRAVAIL-IDF","breadcrumb":{"@id":"https:\/\/www.accidentdutravail-idf.net\/blog\/il-a-fait-une-lourde-chute-sur-un-chantier-dans-ce-club-de-football-du-tarn-la-solidarite-sorganise-autour-dun-joueur-victime-dun-grave-accident\/#breadcrumb"},"inLanguage":"fr-FR","potentialAction":[{"@type":"ReadAction","target":["https:\/\/www.accidentdutravail-idf.net\/blog\/il-a-fait-une-lourde-chute-sur-un-chantier-dans-ce-club-de-football-du-tarn-la-solidarite-sorganise-autour-dun-joueur-victime-dun-grave-accident\/"]}]},{"@type":"ImageObject","inLanguage":"fr-FR","@id":"https:\/\/www.accidentdutravail-idf.net\/blog\/il-a-fait-une-lourde-chute-sur-un-chantier-dans-ce-club-de-football-du-tarn-la-solidarite-sorganise-autour-dun-joueur-victime-dun-grave-accident\/#primaryimage","url":"https:\/\/www.accidentdutravail-idf.net\/blog\/wp-content\/uploads\/2025\/09\/il-a-fait-une-lourde-chute-sur-un-chantier-dans-ce-club-de-football-du-tarn-la-solidarite-sorganise-autour-dun-joueur-victime-dun-grave-accident.jpg","contentUrl":"https:\/\/www.accidentdutravail-idf.net\/blog\/wp-content\/uploads\/2025\/09\/il-a-fait-une-lourde-chute-sur-un-chantier-dans-ce-club-de-football-du-tarn-la-solidarite-sorganise-autour-dun-joueur-victime-dun-grave-accident.jpg"},{"@type":"BreadcrumbList","@id":"https:\/\/www.accidentdutravail-idf.net\/blog\/il-a-fait-une-lourde-chute-sur-un-chantier-dans-ce-club-de-football-du-tarn-la-solidarite-sorganise-autour-dun-joueur-victime-dun-grave-accident\/#breadcrumb","itemListElement":[{"@type":"ListItem","position":1,"name":"Accueil","item":"https:\/\/www.accidentdutravail-idf.net\/blog\/"},{"@type":"ListItem","position":2,"name":"&lsquo;Il a fait une lourde chute sur un chantier&rsquo;\u2026. Dans ce club de football du Tarn, la solidarit\u00e9 s\u2019organise autour d\u2019un joueur, victime d\u2019un grave accident"}]},{"@type":"WebSite","@id":"https:\/\/www.accidentdutravail-idf.net\/blog\/#website","url":"https:\/\/www.accidentdutravail-idf.net\/blog\/","name":"ACCIDENTDUTRAVAIL-IDF","description":"Portail accidents du travail-maladies professionnelles des entreprises d&#039;Ile-de-France","publisher":{"@id":"https:\/\/www.accidentdutravail-idf.net\/blog\/#organization"},"potentialAction":[{"@type":"SearchAction","target":{"@type":"EntryPoint","urlTemplate":"https:\/\/www.accidentdutravail-idf.net\/blog\/?s={search_term_string}"},"query-input":{"@type":"PropertyValueSpecification","valueRequired":true,"valueName":"search_term_string"}}],"inLanguage":"fr-FR"},{"@type":"Organization","@id":"https:\/\/www.accidentdutravail-idf.net\/blog\/#organization","name":"accidentdutravail-idf","url":"https:\/\/www.accidentdutravail-idf.net\/blog\/","logo":{"@type":"ImageObject","inLanguage":"fr-FR","@id":"https:\/\/www.accidentdutravail-idf.net\/blog\/#\/schema\/logo\/image\/","url":"https:\/\/www.accidentdutravail-idf.net\/blog\/wp-content\/uploads\/2022\/09\/logo-2.png","contentUrl":"https:\/\/www.accidentdutravail-idf.net\/blog\/wp-content\/uploads\/2022\/09\/logo-2.png","width":380,"height":291,"caption":"accidentdutravail-idf"},"image":{"@id":"https:\/\/www.accidentdutravail-idf.net\/blog\/#\/schema\/logo\/image\/"}},{"@type":"Person","@id":"https:\/\/www.accidentdutravail-idf.net\/blog\/#\/schema\/person\/3255d2f970de45e64bd9201f38e7b947","name":"Carlos Poulain","image":{"@type":"ImageObject","inLanguage":"fr-FR","@id":"https:\/\/secure.gravatar.com\/avatar\/b1c2f9d3588e34e91adb093635df64ef4b2381991216be7576466cfcdca4baf3?s=96&d=mm&r=g","url":"https:\/\/secure.gravatar.com\/avatar\/b1c2f9d3588e34e91adb093635df64ef4b2381991216be7576466cfcdca4baf3?s=96&d=mm&r=g","contentUrl":"https:\/\/secure.gravatar.com\/avatar\/b1c2f9d3588e34e91adb093635df64ef4b2381991216be7576466cfcdca4baf3?s=96&d=mm&r=g","caption":"Carlos Poulain"},"url":"https:\/\/www.accidentdutravail-idf.net\/blog\/author\/idfcarlos\/"}]}},"_links":{"self":[{"href":"https:\/\/www.accidentdutravail-idf.net\/blog\/wp-json\/wp\/v2\/posts\/1748","targetHints":{"allow":["GET"]}}],"collection":[{"href":"https:\/\/www.accidentdutravail-idf.net\/blog\/wp-json\/wp\/v2\/posts"}],"about":[{"href":"https:\/\/www.accidentdutravail-idf.net\/blog\/wp-json\/wp\/v2\/types\/post"}],"author":[{"embeddable":true,"href":"https:\/\/www.accidentdutravail-idf.net\/blog\/wp-json\/wp\/v2\/users\/2"}],"replies":[{"embeddable":true,"href":"https:\/\/www.accidentdutravail-idf.net\/blog\/wp-json\/wp\/v2\/comments?post=1748"}],"version-history":[{"count":0,"href":"https:\/\/www.accidentdutravail-idf.net\/blog\/wp-json\/wp\/v2\/posts\/1748\/revisions"}],"wp:attachment":[{"href":"https:\/\/www.accidentdutravail-idf.net\/blog\/wp-json\/wp\/v2\/media?parent=1748"}],"wp:term":[{"taxonomy":"category","embeddable":true,"href":"https:\/\/www.accidentdutravail-idf.net\/blog\/wp-json\/wp\/v2\/categories?post=1748"},{"taxonomy":"post_tag","embeddable":true,"href":"https:\/\/www.accidentdutravail-idf.net\/blog\/wp-json\/wp\/v2\/tags?post=1748"}],"curies":[{"name":"wp","href":"https:\/\/api.w.org\/{rel}","templated":true}]}}