{"id":1747,"date":"2025-09-24T01:50:00","date_gmt":"2025-09-23T23:50:00","guid":{"rendered":"https:\/\/www.accidentdutravail-idf.net\/blog\/un-interimaire-perd-la-vie-au-travail-a-saint-eloi-ecrase-par-un-engin\/"},"modified":"2025-09-24T01:50:00","modified_gmt":"2025-09-23T23:50:00","slug":"un-interimaire-perd-la-vie-au-travail-a-saint-eloi-ecrase-par-un-engin","status":"publish","type":"post","link":"https:\/\/www.accidentdutravail-idf.net\/blog\/un-interimaire-perd-la-vie-au-travail-a-saint-eloi-ecrase-par-un-engin\/","title":{"rendered":"Un int\u00e9rimaire perd la vie au travail \u00e0 Saint-\u00c9loi, \u00e9cras\u00e9 par un engin"},"content":{"rendered":"<figure class=\"relative flex flex-col sm:mx-0 -mx-4 mb-6\"><img decoding=\"async\" alt data-nimg=\"fill\" class=\"bg-black-1 !relative max-h-[438px] w-full object-contain\" src=\"https:\/\/www.accidentdutravail-idf.net\/blog\/wp-content\/uploads\/2025\/09\/un-interimaire-perd-la-vie-au-travail-a-saint-eloi-ecrase-par-un-engin.webp\"><figcaption class=\"text-neutral-12 text-sans bg-white-1 w-full py-3 text-xs sm:px-3 px-4\">Photo d&rsquo;illustration.<!-- --> <!-- -->\u00a9&nbsp;Pierre DESTRADE<\/figcaption><\/figure>\n<div class=\"mb-5 flex flex-col gap-2 print:hidden\">\n<p class=\"font-bold\">\u00c9couter l&rsquo;article<\/p>\n<\/div>\n<div class=\"z-10 mb-2 flex flex-col gap-4\">\n<p class=\"typo-p1-paragraph\">Un drame est survenu \u00e0 Saint-Eloi, mardi 23 septembre au sein de la soci\u00e9t\u00e9 Astradec, sp\u00e9cialis\u00e9e dans le recyclage.&nbsp;<\/p>\n<p class=\"typo-p1-paragraph\">Dans la matin\u00e9e, vers 8 h 30, un homme de 28 ans originaire de Saint-Ouen-sur-Loire, qui travaillait en int\u00e9rim au sein de la soci\u00e9t\u00e9 a \u00e9t\u00e9 percut\u00e9 par un engin de type tractopelle. Ce dernier lui aurait recul\u00e9 dessus.&nbsp;<\/p>\n<p class=\"typo-p1-paragraph\">Gri\u00e8vement bless\u00e9e, la victime avait \u00e9t\u00e9 transport\u00e9e en urgence \u00e0 l&rsquo;h\u00f4pital pour de multiples fractures. Malheureusement, elle&nbsp;n&rsquo;a pas surv\u00e9cu \u00e0 ses blessures et est d\u00e9c\u00e9d\u00e9e dans l&rsquo;apr\u00e8s-midi.&nbsp;<\/p>\n<h3 class=\"typo-h3\">Une enqu\u00eate ouverte<\/h3>\n<p class=\"typo-p1-paragraph\">Une enqu\u00eate a \u00e9t\u00e9 ouverte pour comprendre les circonstances de ce d\u00e9c\u00e8s. Contact\u00e9e, la soci\u00e9t\u00e9 Astradec, n&rsquo;a pour l&rsquo;instant pas donn\u00e9 suite \u00e0 nos questions.&nbsp;<\/p>\n<p class=\"typo-p1-paragraph\">Le maire de la commune, J\u00e9r\u00f4me Malus s&rsquo;est rendu sur le site peu apr\u00e8s l&rsquo;accident. \u00ab Cet accident du travail est tr\u00e8s grave et dramatique. L&rsquo;enqu\u00eate d\u00e9terminera s&rsquo;il aurait pu \u00eatre \u00e9vit\u00e9 ou non. \u00bb<\/p>\n<p class=\"typo-p1-paragraph\">Pour rappel, la soci\u00e9t\u00e9 Astradec avait \u00e9t\u00e9&nbsp;<a href=\"https:\/\/www.nievre.gouv.fr\/Publications\/Installations-classees-pour-la-protection-de-l-environnement\/ICPE-societe-ASTRADEC-ENVIRONNEMENT-commune-de-SAINT-ELOI\" rel=\"noopener noreferrer nofollow\" target=\"_blank\" class=\"hover:text-primary-10 disabled:text-primary-2 focus:text-primary-11 cursor-pointer cursor-pointer text-primary-9 font-semibold text-base inline\">mise en demeure<\/a> par la pr\u00e9fecture de la Ni\u00e8vre en 2024, afin de se mettre en conformit\u00e9 avec la r\u00e9glementation. En 2025, c&rsquo;est le maire de la commune qui demandait \u00e0 la soci\u00e9t\u00e9 de fournir un \u00e9ch\u00e9ancier pour r\u00e9duire le nombre de d\u00e9chets pr\u00e9sents sur le site. Ceux-ci d\u00e9passaient largement les limites pr\u00e9vues.&nbsp;<\/p>\n<\/div>\n<div class=\"flex w-full flex-wrap justify-center gap-4 lg:gap-8 my-10 print:hidden\"><button class=\"btn relative btn-sm btn-primary !normal-case\" type=\"button\">Commenter<\/button><\/p>\n<div class=\"inline-flex items-center gap-2 \">\n<p class=\"typo-p2-paragraph\">Partager :<\/p>\n<\/div>\n<\/div>\n<p>accidentdutravail-idf.net vous a pr\u00e9par\u00e9 ce post qui informe du sujet \u00ab\u00a0Association Sportive Huisson-Longueville Essonne\u00a0\u00bb. La chronique se veut g\u00e9n\u00e9r\u00e9e du mieux possible. Vous pouvez utiliser les coordonn\u00e9es indiqu\u00e9es sur le site dans le but d\u2019apporter des explications sur ce post qui parle du th\u00e8me \u00ab\u00a0Association Sportive Huisson-Longueville Essonne\u00a0\u00bb. Le site accidentdutravail-idf.net a pour but de fournir diverses publications sur la th\u00e9matique Association Sportive Huisson-Longueville Essonne diffus\u00e9es sur le net. Il y aura plusieurs articles autour du sujet \u00ab\u00a0Association Sportive Huisson-Longueville Essonne\u00a0\u00bb dans quelques jours, nous vous invitons \u00e0 naviguer sur notre site web \u00e0 plusieurs reprises.<\/p>\n","protected":false},"excerpt":{"rendered":"<p>Photo d&rsquo;illustration. \u00a9&nbsp;Pierre DESTRADE \u00c9couter l&rsquo;article Un drame est survenu \u00e0 Saint-Eloi, mardi 23 septembre au sein de la soci\u00e9t\u00e9 Astradec, sp\u00e9cialis\u00e9e dans le recyclage.&nbsp; Dans la matin\u00e9e, vers 8 h 30, un homme de 28 ans originaire de Saint-Ouen-sur-Loire, qui travaillait en int\u00e9rim au sein de la soci\u00e9t\u00e9 a \u00e9t\u00e9 percut\u00e9 par un engin &hellip; <\/p>\n<p class=\"link-more\"><a href=\"https:\/\/www.accidentdutravail-idf.net\/blog\/un-interimaire-perd-la-vie-au-travail-a-saint-eloi-ecrase-par-un-engin\/\" class=\"more-link\">Continuer la lecture <span class=\"screen-reader-text\"> \u00ab\u00a0Un int\u00e9rimaire perd la vie au travail \u00e0 Saint-\u00c9loi, \u00e9cras\u00e9 par un engin\u00a0\u00bb<\/span><\/a><\/p>\n","protected":false},"author":2,"featured_media":0,"comment_status":"closed","ping_status":"closed","sticky":false,"template":"","format":"standard","meta":{"footnotes":""},"categories":[5],"tags":[],"class_list":["post-1747","post","type-post","status-publish","format-standard","hentry","category-securite-du-travail-en-ile-de-france-et-divers","entry"],"yoast_head":"<!-- This site is optimized with the Yoast SEO plugin v27.5 - https:\/\/yoast.com\/product\/yoast-seo-wordpress\/ -->\n<title>Un int\u00e9rimaire perd la vie au travail \u00e0 Saint-\u00c9loi, \u00e9cras\u00e9 par un engin - ACCIDENTDUTRAVAIL-IDF<\/title>\n<meta name=\"description\" content=\"Un int\u00e9rimaire perd la vie au travail \u00e0 Saint-\u00c9loi, \u00e9cras\u00e9 par un engin article de ACCIDENTDUTRAVAIL-IDF\" \/>\n<meta name=\"robots\" content=\"index, follow, max-snippet:-1, max-image-preview:large, max-video-preview:-1\" \/>\n<link rel=\"canonical\" href=\"https:\/\/www.accidentdutravail-idf.net\/blog\/un-interimaire-perd-la-vie-au-travail-a-saint-eloi-ecrase-par-un-engin\/\" \/>\n<meta property=\"og:locale\" content=\"fr_FR\" \/>\n<meta property=\"og:type\" content=\"article\" \/>\n<meta property=\"og:title\" content=\"Un int\u00e9rimaire perd la vie au travail \u00e0 Saint-\u00c9loi, \u00e9cras\u00e9 par un engin - ACCIDENTDUTRAVAIL-IDF\" \/>\n<meta property=\"og:description\" content=\"Un int\u00e9rimaire perd la vie au travail \u00e0 Saint-\u00c9loi, \u00e9cras\u00e9 par un engin article de ACCIDENTDUTRAVAIL-IDF\" \/>\n<meta property=\"og:url\" content=\"https:\/\/www.accidentdutravail-idf.net\/blog\/un-interimaire-perd-la-vie-au-travail-a-saint-eloi-ecrase-par-un-engin\/\" \/>\n<meta property=\"og:site_name\" content=\"ACCIDENTDUTRAVAIL-IDF\" \/>\n<meta property=\"article:published_time\" content=\"2025-09-23T23:50:00+00:00\" \/>\n<meta property=\"og:image\" content=\"https:\/\/www.accidentdutravail-idf.net\/blog\/wp-content\/uploads\/2025\/09\/un-interimaire-perd-la-vie-au-travail-a-saint-eloi-ecrase-par-un-engin.webp\" \/>\n<meta name=\"author\" content=\"Carlos Poulain\" \/>\n<meta name=\"twitter:card\" content=\"summary_large_image\" \/>\n<meta name=\"twitter:label1\" content=\"\u00c9crit par\" \/>\n\t<meta name=\"twitter:data1\" content=\"Carlos Poulain\" \/>\n\t<meta name=\"twitter:label2\" content=\"Dur\u00e9e de lecture estim\u00e9e\" \/>\n\t<meta name=\"twitter:data2\" content=\"2 minutes\" \/>\n<script type=\"application\/ld+json\" class=\"yoast-schema-graph\">{\"@context\":\"https:\\\/\\\/schema.org\",\"@graph\":[{\"@type\":\"Article\",\"@id\":\"https:\\\/\\\/www.accidentdutravail-idf.net\\\/blog\\\/un-interimaire-perd-la-vie-au-travail-a-saint-eloi-ecrase-par-un-engin\\\/#article\",\"isPartOf\":{\"@id\":\"https:\\\/\\\/www.accidentdutravail-idf.net\\\/blog\\\/un-interimaire-perd-la-vie-au-travail-a-saint-eloi-ecrase-par-un-engin\\\/\"},\"author\":{\"name\":\"Carlos Poulain\",\"@id\":\"https:\\\/\\\/www.accidentdutravail-idf.net\\\/blog\\\/#\\\/schema\\\/person\\\/3255d2f970de45e64bd9201f38e7b947\"},\"headline\":\"Un int\u00e9rimaire perd la vie au travail \u00e0 Saint-\u00c9loi, \u00e9cras\u00e9 par un engin\",\"datePublished\":\"2025-09-23T23:50:00+00:00\",\"mainEntityOfPage\":{\"@id\":\"https:\\\/\\\/www.accidentdutravail-idf.net\\\/blog\\\/un-interimaire-perd-la-vie-au-travail-a-saint-eloi-ecrase-par-un-engin\\\/\"},\"wordCount\":370,\"publisher\":{\"@id\":\"https:\\\/\\\/www.accidentdutravail-idf.net\\\/blog\\\/#organization\"},\"image\":{\"@id\":\"https:\\\/\\\/www.accidentdutravail-idf.net\\\/blog\\\/un-interimaire-perd-la-vie-au-travail-a-saint-eloi-ecrase-par-un-engin\\\/#primaryimage\"},\"thumbnailUrl\":\"https:\\\/\\\/www.accidentdutravail-idf.net\\\/blog\\\/wp-content\\\/uploads\\\/2025\\\/09\\\/un-interimaire-perd-la-vie-au-travail-a-saint-eloi-ecrase-par-un-engin.webp\",\"articleSection\":[\"S\u00e9curit\u00e9 Du Travail En Ile-De-France Et Divers:\"],\"inLanguage\":\"fr-FR\"},{\"@type\":\"WebPage\",\"@id\":\"https:\\\/\\\/www.accidentdutravail-idf.net\\\/blog\\\/un-interimaire-perd-la-vie-au-travail-a-saint-eloi-ecrase-par-un-engin\\\/\",\"url\":\"https:\\\/\\\/www.accidentdutravail-idf.net\\\/blog\\\/un-interimaire-perd-la-vie-au-travail-a-saint-eloi-ecrase-par-un-engin\\\/\",\"name\":\"Un int\u00e9rimaire perd la vie au travail \u00e0 Saint-\u00c9loi, \u00e9cras\u00e9 par un engin - ACCIDENTDUTRAVAIL-IDF\",\"isPartOf\":{\"@id\":\"https:\\\/\\\/www.accidentdutravail-idf.net\\\/blog\\\/#website\"},\"primaryImageOfPage\":{\"@id\":\"https:\\\/\\\/www.accidentdutravail-idf.net\\\/blog\\\/un-interimaire-perd-la-vie-au-travail-a-saint-eloi-ecrase-par-un-engin\\\/#primaryimage\"},\"image\":{\"@id\":\"https:\\\/\\\/www.accidentdutravail-idf.net\\\/blog\\\/un-interimaire-perd-la-vie-au-travail-a-saint-eloi-ecrase-par-un-engin\\\/#primaryimage\"},\"thumbnailUrl\":\"https:\\\/\\\/www.accidentdutravail-idf.net\\\/blog\\\/wp-content\\\/uploads\\\/2025\\\/09\\\/un-interimaire-perd-la-vie-au-travail-a-saint-eloi-ecrase-par-un-engin.webp\",\"datePublished\":\"2025-09-23T23:50:00+00:00\",\"description\":\"Un int\u00e9rimaire perd la vie au travail \u00e0 Saint-\u00c9loi, \u00e9cras\u00e9 par un engin article de ACCIDENTDUTRAVAIL-IDF\",\"breadcrumb\":{\"@id\":\"https:\\\/\\\/www.accidentdutravail-idf.net\\\/blog\\\/un-interimaire-perd-la-vie-au-travail-a-saint-eloi-ecrase-par-un-engin\\\/#breadcrumb\"},\"inLanguage\":\"fr-FR\",\"potentialAction\":[{\"@type\":\"ReadAction\",\"target\":[\"https:\\\/\\\/www.accidentdutravail-idf.net\\\/blog\\\/un-interimaire-perd-la-vie-au-travail-a-saint-eloi-ecrase-par-un-engin\\\/\"]}]},{\"@type\":\"ImageObject\",\"inLanguage\":\"fr-FR\",\"@id\":\"https:\\\/\\\/www.accidentdutravail-idf.net\\\/blog\\\/un-interimaire-perd-la-vie-au-travail-a-saint-eloi-ecrase-par-un-engin\\\/#primaryimage\",\"url\":\"https:\\\/\\\/www.accidentdutravail-idf.net\\\/blog\\\/wp-content\\\/uploads\\\/2025\\\/09\\\/un-interimaire-perd-la-vie-au-travail-a-saint-eloi-ecrase-par-un-engin.webp\",\"contentUrl\":\"https:\\\/\\\/www.accidentdutravail-idf.net\\\/blog\\\/wp-content\\\/uploads\\\/2025\\\/09\\\/un-interimaire-perd-la-vie-au-travail-a-saint-eloi-ecrase-par-un-engin.webp\"},{\"@type\":\"BreadcrumbList\",\"@id\":\"https:\\\/\\\/www.accidentdutravail-idf.net\\\/blog\\\/un-interimaire-perd-la-vie-au-travail-a-saint-eloi-ecrase-par-un-engin\\\/#breadcrumb\",\"itemListElement\":[{\"@type\":\"ListItem\",\"position\":1,\"name\":\"Accueil\",\"item\":\"https:\\\/\\\/www.accidentdutravail-idf.net\\\/blog\\\/\"},{\"@type\":\"ListItem\",\"position\":2,\"name\":\"Un int\u00e9rimaire perd la vie au travail \u00e0 Saint-\u00c9loi, \u00e9cras\u00e9 par un engin\"}]},{\"@type\":\"WebSite\",\"@id\":\"https:\\\/\\\/www.accidentdutravail-idf.net\\\/blog\\\/#website\",\"url\":\"https:\\\/\\\/www.accidentdutravail-idf.net\\\/blog\\\/\",\"name\":\"ACCIDENTDUTRAVAIL-IDF\",\"description\":\"Portail accidents du travail-maladies professionnelles des entreprises d&#039;Ile-de-France\",\"publisher\":{\"@id\":\"https:\\\/\\\/www.accidentdutravail-idf.net\\\/blog\\\/#organization\"},\"potentialAction\":[{\"@type\":\"SearchAction\",\"target\":{\"@type\":\"EntryPoint\",\"urlTemplate\":\"https:\\\/\\\/www.accidentdutravail-idf.net\\\/blog\\\/?s={search_term_string}\"},\"query-input\":{\"@type\":\"PropertyValueSpecification\",\"valueRequired\":true,\"valueName\":\"search_term_string\"}}],\"inLanguage\":\"fr-FR\"},{\"@type\":\"Organization\",\"@id\":\"https:\\\/\\\/www.accidentdutravail-idf.net\\\/blog\\\/#organization\",\"name\":\"accidentdutravail-idf\",\"url\":\"https:\\\/\\\/www.accidentdutravail-idf.net\\\/blog\\\/\",\"logo\":{\"@type\":\"ImageObject\",\"inLanguage\":\"fr-FR\",\"@id\":\"https:\\\/\\\/www.accidentdutravail-idf.net\\\/blog\\\/#\\\/schema\\\/logo\\\/image\\\/\",\"url\":\"https:\\\/\\\/www.accidentdutravail-idf.net\\\/blog\\\/wp-content\\\/uploads\\\/2022\\\/09\\\/logo-2.png\",\"contentUrl\":\"https:\\\/\\\/www.accidentdutravail-idf.net\\\/blog\\\/wp-content\\\/uploads\\\/2022\\\/09\\\/logo-2.png\",\"width\":380,\"height\":291,\"caption\":\"accidentdutravail-idf\"},\"image\":{\"@id\":\"https:\\\/\\\/www.accidentdutravail-idf.net\\\/blog\\\/#\\\/schema\\\/logo\\\/image\\\/\"}},{\"@type\":\"Person\",\"@id\":\"https:\\\/\\\/www.accidentdutravail-idf.net\\\/blog\\\/#\\\/schema\\\/person\\\/3255d2f970de45e64bd9201f38e7b947\",\"name\":\"Carlos Poulain\",\"image\":{\"@type\":\"ImageObject\",\"inLanguage\":\"fr-FR\",\"@id\":\"https:\\\/\\\/secure.gravatar.com\\\/avatar\\\/b1c2f9d3588e34e91adb093635df64ef4b2381991216be7576466cfcdca4baf3?s=96&d=mm&r=g\",\"url\":\"https:\\\/\\\/secure.gravatar.com\\\/avatar\\\/b1c2f9d3588e34e91adb093635df64ef4b2381991216be7576466cfcdca4baf3?s=96&d=mm&r=g\",\"contentUrl\":\"https:\\\/\\\/secure.gravatar.com\\\/avatar\\\/b1c2f9d3588e34e91adb093635df64ef4b2381991216be7576466cfcdca4baf3?s=96&d=mm&r=g\",\"caption\":\"Carlos Poulain\"},\"url\":\"https:\\\/\\\/www.accidentdutravail-idf.net\\\/blog\\\/author\\\/idfcarlos\\\/\"}]}<\/script>\n<!-- \/ Yoast SEO plugin. -->","yoast_head_json":{"title":"Un int\u00e9rimaire perd la vie au travail \u00e0 Saint-\u00c9loi, \u00e9cras\u00e9 par un engin - ACCIDENTDUTRAVAIL-IDF","description":"Un int\u00e9rimaire perd la vie au travail \u00e0 Saint-\u00c9loi, \u00e9cras\u00e9 par un engin article de ACCIDENTDUTRAVAIL-IDF","robots":{"index":"index","follow":"follow","max-snippet":"max-snippet:-1","max-image-preview":"max-image-preview:large","max-video-preview":"max-video-preview:-1"},"canonical":"https:\/\/www.accidentdutravail-idf.net\/blog\/un-interimaire-perd-la-vie-au-travail-a-saint-eloi-ecrase-par-un-engin\/","og_locale":"fr_FR","og_type":"article","og_title":"Un int\u00e9rimaire perd la vie au travail \u00e0 Saint-\u00c9loi, \u00e9cras\u00e9 par un engin - ACCIDENTDUTRAVAIL-IDF","og_description":"Un int\u00e9rimaire perd la vie au travail \u00e0 Saint-\u00c9loi, \u00e9cras\u00e9 par un engin article de ACCIDENTDUTRAVAIL-IDF","og_url":"https:\/\/www.accidentdutravail-idf.net\/blog\/un-interimaire-perd-la-vie-au-travail-a-saint-eloi-ecrase-par-un-engin\/","og_site_name":"ACCIDENTDUTRAVAIL-IDF","article_published_time":"2025-09-23T23:50:00+00:00","og_image":[{"url":"https:\/\/www.accidentdutravail-idf.net\/blog\/wp-content\/uploads\/2025\/09\/un-interimaire-perd-la-vie-au-travail-a-saint-eloi-ecrase-par-un-engin.webp","type":"","width":"","height":""}],"author":"Carlos Poulain","twitter_card":"summary_large_image","twitter_misc":{"\u00c9crit par":"Carlos Poulain","Dur\u00e9e de lecture estim\u00e9e":"2 minutes"},"schema":{"@context":"https:\/\/schema.org","@graph":[{"@type":"Article","@id":"https:\/\/www.accidentdutravail-idf.net\/blog\/un-interimaire-perd-la-vie-au-travail-a-saint-eloi-ecrase-par-un-engin\/#article","isPartOf":{"@id":"https:\/\/www.accidentdutravail-idf.net\/blog\/un-interimaire-perd-la-vie-au-travail-a-saint-eloi-ecrase-par-un-engin\/"},"author":{"name":"Carlos Poulain","@id":"https:\/\/www.accidentdutravail-idf.net\/blog\/#\/schema\/person\/3255d2f970de45e64bd9201f38e7b947"},"headline":"Un int\u00e9rimaire perd la vie au travail \u00e0 Saint-\u00c9loi, \u00e9cras\u00e9 par un engin","datePublished":"2025-09-23T23:50:00+00:00","mainEntityOfPage":{"@id":"https:\/\/www.accidentdutravail-idf.net\/blog\/un-interimaire-perd-la-vie-au-travail-a-saint-eloi-ecrase-par-un-engin\/"},"wordCount":370,"publisher":{"@id":"https:\/\/www.accidentdutravail-idf.net\/blog\/#organization"},"image":{"@id":"https:\/\/www.accidentdutravail-idf.net\/blog\/un-interimaire-perd-la-vie-au-travail-a-saint-eloi-ecrase-par-un-engin\/#primaryimage"},"thumbnailUrl":"https:\/\/www.accidentdutravail-idf.net\/blog\/wp-content\/uploads\/2025\/09\/un-interimaire-perd-la-vie-au-travail-a-saint-eloi-ecrase-par-un-engin.webp","articleSection":["S\u00e9curit\u00e9 Du Travail En Ile-De-France Et Divers:"],"inLanguage":"fr-FR"},{"@type":"WebPage","@id":"https:\/\/www.accidentdutravail-idf.net\/blog\/un-interimaire-perd-la-vie-au-travail-a-saint-eloi-ecrase-par-un-engin\/","url":"https:\/\/www.accidentdutravail-idf.net\/blog\/un-interimaire-perd-la-vie-au-travail-a-saint-eloi-ecrase-par-un-engin\/","name":"Un int\u00e9rimaire perd la vie au travail \u00e0 Saint-\u00c9loi, \u00e9cras\u00e9 par un engin - ACCIDENTDUTRAVAIL-IDF","isPartOf":{"@id":"https:\/\/www.accidentdutravail-idf.net\/blog\/#website"},"primaryImageOfPage":{"@id":"https:\/\/www.accidentdutravail-idf.net\/blog\/un-interimaire-perd-la-vie-au-travail-a-saint-eloi-ecrase-par-un-engin\/#primaryimage"},"image":{"@id":"https:\/\/www.accidentdutravail-idf.net\/blog\/un-interimaire-perd-la-vie-au-travail-a-saint-eloi-ecrase-par-un-engin\/#primaryimage"},"thumbnailUrl":"https:\/\/www.accidentdutravail-idf.net\/blog\/wp-content\/uploads\/2025\/09\/un-interimaire-perd-la-vie-au-travail-a-saint-eloi-ecrase-par-un-engin.webp","datePublished":"2025-09-23T23:50:00+00:00","description":"Un int\u00e9rimaire perd la vie au travail \u00e0 Saint-\u00c9loi, \u00e9cras\u00e9 par un engin article de ACCIDENTDUTRAVAIL-IDF","breadcrumb":{"@id":"https:\/\/www.accidentdutravail-idf.net\/blog\/un-interimaire-perd-la-vie-au-travail-a-saint-eloi-ecrase-par-un-engin\/#breadcrumb"},"inLanguage":"fr-FR","potentialAction":[{"@type":"ReadAction","target":["https:\/\/www.accidentdutravail-idf.net\/blog\/un-interimaire-perd-la-vie-au-travail-a-saint-eloi-ecrase-par-un-engin\/"]}]},{"@type":"ImageObject","inLanguage":"fr-FR","@id":"https:\/\/www.accidentdutravail-idf.net\/blog\/un-interimaire-perd-la-vie-au-travail-a-saint-eloi-ecrase-par-un-engin\/#primaryimage","url":"https:\/\/www.accidentdutravail-idf.net\/blog\/wp-content\/uploads\/2025\/09\/un-interimaire-perd-la-vie-au-travail-a-saint-eloi-ecrase-par-un-engin.webp","contentUrl":"https:\/\/www.accidentdutravail-idf.net\/blog\/wp-content\/uploads\/2025\/09\/un-interimaire-perd-la-vie-au-travail-a-saint-eloi-ecrase-par-un-engin.webp"},{"@type":"BreadcrumbList","@id":"https:\/\/www.accidentdutravail-idf.net\/blog\/un-interimaire-perd-la-vie-au-travail-a-saint-eloi-ecrase-par-un-engin\/#breadcrumb","itemListElement":[{"@type":"ListItem","position":1,"name":"Accueil","item":"https:\/\/www.accidentdutravail-idf.net\/blog\/"},{"@type":"ListItem","position":2,"name":"Un int\u00e9rimaire perd la vie au travail \u00e0 Saint-\u00c9loi, \u00e9cras\u00e9 par un engin"}]},{"@type":"WebSite","@id":"https:\/\/www.accidentdutravail-idf.net\/blog\/#website","url":"https:\/\/www.accidentdutravail-idf.net\/blog\/","name":"ACCIDENTDUTRAVAIL-IDF","description":"Portail accidents du travail-maladies professionnelles des entreprises d&#039;Ile-de-France","publisher":{"@id":"https:\/\/www.accidentdutravail-idf.net\/blog\/#organization"},"potentialAction":[{"@type":"SearchAction","target":{"@type":"EntryPoint","urlTemplate":"https:\/\/www.accidentdutravail-idf.net\/blog\/?s={search_term_string}"},"query-input":{"@type":"PropertyValueSpecification","valueRequired":true,"valueName":"search_term_string"}}],"inLanguage":"fr-FR"},{"@type":"Organization","@id":"https:\/\/www.accidentdutravail-idf.net\/blog\/#organization","name":"accidentdutravail-idf","url":"https:\/\/www.accidentdutravail-idf.net\/blog\/","logo":{"@type":"ImageObject","inLanguage":"fr-FR","@id":"https:\/\/www.accidentdutravail-idf.net\/blog\/#\/schema\/logo\/image\/","url":"https:\/\/www.accidentdutravail-idf.net\/blog\/wp-content\/uploads\/2022\/09\/logo-2.png","contentUrl":"https:\/\/www.accidentdutravail-idf.net\/blog\/wp-content\/uploads\/2022\/09\/logo-2.png","width":380,"height":291,"caption":"accidentdutravail-idf"},"image":{"@id":"https:\/\/www.accidentdutravail-idf.net\/blog\/#\/schema\/logo\/image\/"}},{"@type":"Person","@id":"https:\/\/www.accidentdutravail-idf.net\/blog\/#\/schema\/person\/3255d2f970de45e64bd9201f38e7b947","name":"Carlos Poulain","image":{"@type":"ImageObject","inLanguage":"fr-FR","@id":"https:\/\/secure.gravatar.com\/avatar\/b1c2f9d3588e34e91adb093635df64ef4b2381991216be7576466cfcdca4baf3?s=96&d=mm&r=g","url":"https:\/\/secure.gravatar.com\/avatar\/b1c2f9d3588e34e91adb093635df64ef4b2381991216be7576466cfcdca4baf3?s=96&d=mm&r=g","contentUrl":"https:\/\/secure.gravatar.com\/avatar\/b1c2f9d3588e34e91adb093635df64ef4b2381991216be7576466cfcdca4baf3?s=96&d=mm&r=g","caption":"Carlos Poulain"},"url":"https:\/\/www.accidentdutravail-idf.net\/blog\/author\/idfcarlos\/"}]}},"_links":{"self":[{"href":"https:\/\/www.accidentdutravail-idf.net\/blog\/wp-json\/wp\/v2\/posts\/1747","targetHints":{"allow":["GET"]}}],"collection":[{"href":"https:\/\/www.accidentdutravail-idf.net\/blog\/wp-json\/wp\/v2\/posts"}],"about":[{"href":"https:\/\/www.accidentdutravail-idf.net\/blog\/wp-json\/wp\/v2\/types\/post"}],"author":[{"embeddable":true,"href":"https:\/\/www.accidentdutravail-idf.net\/blog\/wp-json\/wp\/v2\/users\/2"}],"replies":[{"embeddable":true,"href":"https:\/\/www.accidentdutravail-idf.net\/blog\/wp-json\/wp\/v2\/comments?post=1747"}],"version-history":[{"count":0,"href":"https:\/\/www.accidentdutravail-idf.net\/blog\/wp-json\/wp\/v2\/posts\/1747\/revisions"}],"wp:attachment":[{"href":"https:\/\/www.accidentdutravail-idf.net\/blog\/wp-json\/wp\/v2\/media?parent=1747"}],"wp:term":[{"taxonomy":"category","embeddable":true,"href":"https:\/\/www.accidentdutravail-idf.net\/blog\/wp-json\/wp\/v2\/categories?post=1747"},{"taxonomy":"post_tag","embeddable":true,"href":"https:\/\/www.accidentdutravail-idf.net\/blog\/wp-json\/wp\/v2\/tags?post=1747"}],"curies":[{"name":"wp","href":"https:\/\/api.w.org\/{rel}","templated":true}]}}