{"id":1744,"date":"2025-09-22T07:33:00","date_gmt":"2025-09-22T05:33:00","guid":{"rendered":"https:\/\/www.accidentdutravail-idf.net\/blog\/la-reconnaissance-dun-accident-du-travail-par-la-cpam-ne-garantit-pas-la-protection-contre-le-licenciement\/"},"modified":"2025-09-22T07:33:00","modified_gmt":"2025-09-22T05:33:00","slug":"la-reconnaissance-dun-accident-du-travail-par-la-cpam-ne-garantit-pas-la-protection-contre-le-licenciement","status":"publish","type":"post","link":"https:\/\/www.accidentdutravail-idf.net\/blog\/la-reconnaissance-dun-accident-du-travail-par-la-cpam-ne-garantit-pas-la-protection-contre-le-licenciement\/","title":{"rendered":"La reconnaissance d\u2019un accident du travail par la CPAM ne garantit pas la protection contre le licenciement."},"content":{"rendered":"<div><img decoding=\"async\" src=\"https:\/\/www.accidentdutravail-idf.net\/blog\/wp-content\/uploads\/2025\/09\/la-reconnaissance-dun-accident-du-travail-par-la-cpam-ne-garantit-pas-la-protection-contre-le-licenciement.jpg\" class=\"ff-og-image-inserted\"><\/div>\n<h2 class=\"spip\">1. Les conditions d\u2019application de la protection l\u00e9gale des victimes d\u2019accidents du travail.<\/h2>\n<h3 class=\"spip\">1.1. Le principe de protection contre le licenciement.<\/h3>\n<p>Le Code du travail \u00e9tablit une protection sp\u00e9cifique pour les salari\u00e9s victimes d\u2019un accident du travail ou d\u2019une maladie professionnelle<span class=\"spip_note_ref\">&nbsp;[<a href=\"https:\/\/www.village-justice.com\/articles\/reconnaissance-accident-travail-par-cpam-garantit-pas-protection-contre,54571.html#nb17\" class=\"spip_note\" rel=\"appendix nofollow\" title=\"C. trav. art. L1226-9.\" id=\"nh17\" target=\"_blank\">17<\/a>]<\/span>.<\/p>\n<p>Cette protection s\u2019applique pendant les p\u00e9riodes de suspension du contrat de travail cons\u00e9cutives \u00e0 l\u2019accident ou \u00e0 la maladie.<\/p>\n<p>L\u2019employeur ne peut rompre le contrat que dans deux cas exceptionnels&nbsp;: en cas de faute grave du salari\u00e9 ou d\u2019impossibilit\u00e9 de maintenir le contrat pour un motif \u00e9tranger \u00e0 l\u2019accident ou \u00e0 la maladie.<\/p>\n<p>Toute rupture intervenant en violation de cette r\u00e8gle est frapp\u00e9e de nullit\u00e9, entra\u00eenant des cons\u00e9quences financi\u00e8res importantes pour l\u2019employeur.<\/p>\n<h3 class=\"spip\">1.2. Les accidents et maladies concern\u00e9s par la protection.<\/h3>\n<p>La protection l\u00e9gale b\u00e9n\u00e9ficie aux salari\u00e9s victimes d\u2019un accident du travail, autre qu\u2019un accident du trajet, ou d\u2019une maladie professionnelle<span class=\"spip_note_ref\">&nbsp;[<a href=\"https:\/\/www.village-justice.com\/articles\/reconnaissance-accident-travail-par-cpam-garantit-pas-protection-contre,54571.html#nb18\" class=\"spip_note\" rel=\"appendix nofollow\" title=\"C. trav. art. L1226-7.\" id=\"nh18\" target=\"_blank\">18<\/a>]<\/span>.<\/p>\n<p>Les accidents et maladies vis\u00e9s doivent correspondre aux d\u00e9finitions donn\u00e9es par le Code de la S\u00e9curit\u00e9 sociale<span class=\"spip_note_ref\">&nbsp;[<a href=\"https:\/\/www.village-justice.com\/articles\/reconnaissance-accident-travail-par-cpam-garantit-pas-protection-contre,54571.html#nb19\" class=\"spip_note\" rel=\"appendix nofollow\" title=\"Cass. soc. 21-3-1996, n\u00b0 92-41.019 PR.\" id=\"nh19\" target=\"_blank\">19<\/a>]<\/span>.<\/p>\n<p>Les accidents de trajet sont express\u00e9ment exclus du champ de cette protection sp\u00e9cifique<span class=\"spip_note_ref\">&nbsp;[<a href=\"https:\/\/www.village-justice.com\/articles\/reconnaissance-accident-travail-par-cpam-garantit-pas-protection-contre,54571.html#nb20\" class=\"spip_note\" rel=\"appendix nofollow\" title=\"C. trav. art. L1226-7.\" id=\"nh20\" target=\"_blank\">20<\/a>]<\/span>.<\/p>\n<p>La protection s\u2019applique \u00e9galement en cas de rechute d\u2019un accident du travail survenu chez le m\u00eame employeur<span class=\"spip_note_ref\">&nbsp;[<a href=\"https:\/\/www.village-justice.com\/articles\/reconnaissance-accident-travail-par-cpam-garantit-pas-protection-contre,54571.html#nb21\" class=\"spip_note\" rel=\"appendix nofollow\" title=\"Cass. soc. 5-11-1991, n\u00b0 90-44.010 D.\" id=\"nh21\" target=\"_blank\">21<\/a>]<\/span>.<\/p>\n<h3 class=\"spip\">1.3. La condition de connaissance par l\u2019employeur.<\/h3>\n<p>La protection s\u2019applique d\u00e8s lors qu\u2019il existe un lien de causalit\u00e9, m\u00eame partiel, entre l\u2019incapacit\u00e9 temporaire de travail du salari\u00e9 et sa maladie ou son accident, et que l\u2019employeur a connaissance de l\u2019origine professionnelle de cette affection<span class=\"spip_note_ref\">&nbsp;[<a href=\"https:\/\/www.village-justice.com\/articles\/reconnaissance-accident-travail-par-cpam-garantit-pas-protection-contre,54571.html#nb22\" class=\"spip_note\" rel=\"appendix nofollow\" title=\"Cass. soc. 12-6-2024, n\u00b0 22-22.276 F-D.\" id=\"nh22\" target=\"_blank\">22<\/a>]<\/span>.<\/p>\n<p>Cette connaissance s\u2019appr\u00e9cie au jour de la notification du licenciement<span class=\"spip_note_ref\">&nbsp;[<a href=\"https:\/\/www.village-justice.com\/articles\/reconnaissance-accident-travail-par-cpam-garantit-pas-protection-contre,54571.html#nb23\" class=\"spip_note\" rel=\"appendix nofollow\" title=\"Cass. soc. 3-4-1990, n\u00b0 87-41.566 D.\" id=\"nh23\" target=\"_blank\">23<\/a>]<\/span>.<\/p>\n<p>L\u2019employeur ne peut se pr\u00e9valoir de son ignorance si l\u2019accident est survenu au temps et au lieu du travail<span class=\"spip_note_ref\">&nbsp;[<a href=\"https:\/\/www.village-justice.com\/articles\/reconnaissance-accident-travail-par-cpam-garantit-pas-protection-contre,54571.html#nb24\" class=\"spip_note\" rel=\"appendix nofollow\" title=\"Cass. soc. 29-6-2011, n\u00b0 10-11.699 FP-PBR.\" id=\"nh24\" target=\"_blank\">24<\/a>]<\/span>.<\/p>\n<p>La transmission d\u2019un certificat m\u00e9dical valant demande d\u2019\u00e9tablissement de maladie professionnelle constitue \u00e9galement un \u00e9l\u00e9ment \u00e9tablissant la connaissance de l\u2019employeur<span class=\"spip_note_ref\">&nbsp;[<a href=\"https:\/\/www.village-justice.com\/articles\/reconnaissance-accident-travail-par-cpam-garantit-pas-protection-contre,54571.html#nb25\" class=\"spip_note\" rel=\"appendix nofollow\" title=\"Cass. soc. 17-1-2006, n\u00b0 04-41.754 F-PB.\" id=\"nh25\" target=\"_blank\">25<\/a>]<\/span>.<\/p>\n<h2 class=\"spip\">2. L\u2019autonomie du droit du travail par rapport aux d\u00e9cisions de la S\u00e9curit\u00e9 sociale.<\/h2>\n<h3 class=\"spip\">2.1. Le principe d\u2019ind\u00e9pendance des juridictions du travail.<\/h3>\n<p>Les juridictions prud\u2019homales ne sont pas tenues par les d\u00e9cisions des caisses primaires d\u2019assurance maladie lorsqu\u2019elles statuent sur l\u2019origine professionnelle d\u2019un accident ou d\u2019une maladie.<\/p>\n<p>Il appartient aux juges du fond de rechercher eux-m\u00eames l\u2019existence du lien de causalit\u00e9 entre l\u2019origine professionnelle de l\u2019affection et l\u2019activit\u00e9 du salari\u00e9<span class=\"spip_note_ref\">&nbsp;[<a href=\"https:\/\/www.village-justice.com\/articles\/reconnaissance-accident-travail-par-cpam-garantit-pas-protection-contre,54571.html#nb26\" class=\"spip_note\" rel=\"appendix nofollow\" title=\"Cass. soc. 23-5-1996, n\u00b0 93-41.940 P.\" id=\"nh26\" target=\"_blank\">26<\/a>]<\/span>.<\/p>\n<p>Cette autonomie permet aux juridictions du travail de rejeter le caract\u00e8re professionnel d\u2019un accident m\u00eame en pr\u00e9sence d\u2019une d\u00e9cision de prise en charge par la caisse.<\/p>\n<p>Inversement, elles peuvent reconna\u00eetre l\u2019origine professionnelle d\u2019un accident malgr\u00e9 un refus de prise en charge par la S\u00e9curit\u00e9 sociale.<\/p>\n<h3 class=\"spip\">2.2. La port\u00e9e limit\u00e9e de la prise en charge par la CPAM.<\/h3>\n<p>La prise en charge d\u2019un arr\u00eat de travail au titre de la l\u00e9gislation sur les accidents du travail ne constitue pas \u00e0 elle seule la preuve de l\u2019origine professionnelle de l\u2019accident<span class=\"spip_note_ref\">&nbsp;[<a href=\"https:\/\/www.village-justice.com\/articles\/reconnaissance-accident-travail-par-cpam-garantit-pas-protection-contre,54571.html#nb27\" class=\"spip_note\" rel=\"appendix nofollow\" title=\"Cass. soc. 31-3-1993, n\u00b0 89-40.711 P.\" id=\"nh27\" target=\"_blank\">27<\/a>]<\/span>.<\/p>\n<p>Cette solution trouve une nouvelle illustration dans l\u2019arr\u00eat du 10 septembre 2025<span class=\"spip_note_ref\">&nbsp;[<a href=\"https:\/\/www.village-justice.com\/articles\/reconnaissance-accident-travail-par-cpam-garantit-pas-protection-contre,54571.html#nb28\" class=\"spip_note\" rel=\"appendix nofollow\" title=\"Cass. soc. 10-9-2025, n\u00b0 24-12900 FS-B.\" id=\"nh28\" target=\"_blank\">28<\/a>]<\/span>.<\/p>\n<p>En l\u2019esp\u00e8ce, malgr\u00e9 la prise en charge de l\u2019arr\u00eat de travail par la CPAM au titre des accidents du travail, la Cour de cassation a valid\u00e9 la d\u00e9cision des juges du fond qui avaient conclu \u00e0 l\u2019absence d\u2019accident du travail.<\/p>\n<p>Les circonstances de l\u2019accident manquaient de pr\u00e9cision&nbsp;: absence d\u2019attestation de t\u00e9moins, absence d\u2019indication sur les circonstances exactes, et l\u00e9sions peu caract\u00e9ristiques.<\/p>\n<h3 class=\"spip\">2.3. L\u2019appr\u00e9ciation souveraine des juges du fond.<\/h3>\n<p>Les juges du fond disposent d\u2019un pouvoir souverain d\u2019appr\u00e9ciation pour d\u00e9terminer l\u2019existence et la r\u00e9alit\u00e9 du caract\u00e8re professionnel d\u2019un accident ou d\u2019une maladie.<\/p>\n<p>Ils doivent former leur conviction au vu de l\u2019ensemble des \u00e9l\u00e9ments qui leur sont soumis par les parties, et non sur la seule base de la d\u00e9cision de la caisse.<\/p>\n<p>Cette appr\u00e9ciation peut s\u2019appuyer sur divers \u00e9l\u00e9ments&nbsp;: circonstances de l\u2019accident, t\u00e9moignages, expertises m\u00e9dicales, ou encore avis du m\u00e9decin du travail.<\/p>\n<p>L\u2019absence de formalit\u00e9s de d\u00e9claration \u00e0 la caisse primaire d\u2019assurance maladie n\u2019emp\u00eache pas l\u2019application des dispositions protectrices du Code du travail<span class=\"spip_note_ref\">&nbsp;[<a href=\"https:\/\/www.village-justice.com\/articles\/reconnaissance-accident-travail-par-cpam-garantit-pas-protection-contre,54571.html#nb29\" class=\"spip_note\" rel=\"appendix nofollow\" title=\"Cass. soc. 30-9-1992, n\u00b0 89-40.453 P.\" id=\"nh29\" target=\"_blank\">29<\/a>]<\/span>.<\/p>\n<h2 class=\"spip\">3. Les implications pratiques pour les employeurs et les salari\u00e9s.<\/h2>\n<h3 class=\"spip\">3.1. Les cons\u00e9quences pour la strat\u00e9gie contentieuse.<\/h3>\n<p>Pour les salari\u00e9s, la reconnaissance d\u2019un accident du travail par la CPAM constitue un \u00e9l\u00e9ment favorable mais non d\u00e9cisif dans le cadre d\u2019un contentieux prud\u2019homal.<\/p>\n<p>Il convient de rassembler d\u2019autres \u00e9l\u00e9ments probants&nbsp;: t\u00e9moignages de coll\u00e8gues, rapport de l\u2019inspection du travail, avis m\u00e9dical d\u00e9taill\u00e9, ou encore correspondances avec l\u2019employeur.<\/p>\n<p>Pour les employeurs, la prise en charge d\u2019un arr\u00eat de travail au titre des accidents du travail ne doit pas conduire \u00e0 une acceptation automatique du caract\u00e8re professionnel de l\u2019accident.<\/p>\n<p>Une contestation reste possible devant les juridictions prud\u2019homales, sous r\u00e9serve de disposer d\u2019\u00e9l\u00e9ments probants remettant en cause la r\u00e9alit\u00e9 ou les circonstances de l\u2019accident.<\/p>\n<h3 class=\"spip\">3.2. La distinction avec les r\u00e8gles applicables en mati\u00e8re d\u2019inaptitude.<\/h3>\n<p>La jurisprudence r\u00e9cente a \u00e9tabli une distinction importante concernant l\u2019effet des d\u00e9cisions de la CPAM selon qu\u2019il s\u2019agisse de protection contre le licenciement pendant l\u2019arr\u00eat de travail ou de protection en cas d\u2019inaptitude.<\/p>\n<p>En mati\u00e8re d\u2019inaptitude, la Cour de cassation a jug\u00e9 qu\u2019une d\u00e9cision non contest\u00e9e de la caisse reconnaissant le caract\u00e8re professionnel de l\u2019accident s\u2019impose au juge prud\u2019homal<span class=\"spip_note_ref\">&nbsp;[<a href=\"https:\/\/www.village-justice.com\/articles\/reconnaissance-accident-travail-par-cpam-garantit-pas-protection-contre,54571.html#nb30\" class=\"spip_note\" rel=\"appendix nofollow\" title=\"Cass. soc. 18-9-2024, n\u00b0 22-22.782 F-B.\" id=\"nh30\" target=\"_blank\">30<\/a>]<\/span>.<\/p>\n<p>Cette distinction montre que l\u2019autonomie du droit du travail par rapport au droit de la s\u00e9curit\u00e9 sociale n\u2019est pas absolue et varie selon les situations juridiques en cause.<\/p>\n<p>L\u2019arr\u00eat du 10 septembre 2025 confirme que cette autonomie demeure pleine et enti\u00e8re s\u2019agissant de la protection contre le licenciement pendant les p\u00e9riodes de suspension du contrat.<\/p>\n<h3 class=\"spip\">3.3. Les enjeux financiers de la qualification.<\/h3>\n<p>La qualification d\u2019un accident comme accident du travail emporte des cons\u00e9quences financi\u00e8res significatives tant pour l\u2019employeur que pour le salari\u00e9.<\/p>\n<p>En cas d\u2019inaptitude d\u2019origine professionnelle, l\u2019employeur doit, le cas \u00e9ch\u00e9ant, verser l\u2019indemnit\u00e9 l\u00e9gale de licenciement doubl\u00e9e et l\u2019indemnit\u00e9 compensatrice de pr\u00e9avis pr\u00e9vues aux articles L1226-14 et L1226-15<span class=\"spip_note_ref\">&nbsp;[<a href=\"https:\/\/www.village-justice.com\/articles\/reconnaissance-accident-travail-par-cpam-garantit-pas-protection-contre,54571.html#nb31\" class=\"spip_note\" rel=\"appendix nofollow\" title=\"C. trav. art. L1226-14 et L1226-15.\" id=\"nh31\" target=\"_blank\">31<\/a>]<\/span>.<\/p>\n<p>En cas de nullit\u00e9 pour violation de la protection L1226-9 pendant l\u2019arr\u00eat, les cons\u00e9quences rel\u00e8vent du r\u00e9gime de la nullit\u00e9, distinct du r\u00e9gime d\u2019inaptitude.<\/p>\n<p>Ces enjeux justifient l\u2019importance d\u2019une analyse juridique rigoureuse de chaque situation, ind\u00e9pendamment de la position adopt\u00e9e par les organismes de s\u00e9curit\u00e9 sociale.<\/p>\n<p>L\u2019arr\u00eat du 10 septembre 2025 rappelle ainsi l\u2019importance de ne pas se fier uniquement aux d\u00e9cisions administratives de prise en charge, mais d\u2019examiner avec attention les circonstances factuelles de chaque accident pour d\u00e9terminer son caract\u00e8re r\u00e9ellement professionnel au sens du droit du travail.<\/p>\n<p>accidentdutravail-idf.net vous a pr\u00e9par\u00e9 ce post qui informe du sujet \u00ab\u00a0Association Sportive Huisson-Longueville Essonne\u00a0\u00bb. La chronique se veut g\u00e9n\u00e9r\u00e9e du mieux possible. Vous pouvez utiliser les coordonn\u00e9es indiqu\u00e9es sur le site dans le but d\u2019apporter des explications sur ce post qui parle du th\u00e8me \u00ab\u00a0Association Sportive Huisson-Longueville Essonne\u00a0\u00bb. Le site accidentdutravail-idf.net a pour but de fournir diverses publications sur la th\u00e9matique Association Sportive Huisson-Longueville Essonne diffus\u00e9es sur le net. Il y aura plusieurs articles autour du sujet \u00ab\u00a0Association Sportive Huisson-Longueville Essonne\u00a0\u00bb dans quelques jours, nous vous invitons \u00e0 naviguer sur notre site web \u00e0 plusieurs reprises.<\/p>\n","protected":false},"excerpt":{"rendered":"<p>1. Les conditions d\u2019application de la protection l\u00e9gale des victimes d\u2019accidents du travail. 1.1. Le principe de protection contre le licenciement. Le Code du travail \u00e9tablit une protection sp\u00e9cifique pour les salari\u00e9s victimes d\u2019un accident du travail ou d\u2019une maladie professionnelle&nbsp;[17]. Cette protection s\u2019applique pendant les p\u00e9riodes de suspension du contrat de travail cons\u00e9cutives \u00e0 &hellip; <\/p>\n<p class=\"link-more\"><a href=\"https:\/\/www.accidentdutravail-idf.net\/blog\/la-reconnaissance-dun-accident-du-travail-par-la-cpam-ne-garantit-pas-la-protection-contre-le-licenciement\/\" class=\"more-link\">Continuer la lecture <span class=\"screen-reader-text\"> \u00ab\u00a0La reconnaissance d\u2019un accident du travail par la CPAM ne garantit pas la protection contre le licenciement.\u00a0\u00bb<\/span><\/a><\/p>\n","protected":false},"author":2,"featured_media":0,"comment_status":"closed","ping_status":"closed","sticky":false,"template":"","format":"standard","meta":{"footnotes":""},"categories":[5],"tags":[],"class_list":["post-1744","post","type-post","status-publish","format-standard","hentry","category-securite-du-travail-en-ile-de-france-et-divers","entry"],"yoast_head":"<!-- This site is optimized with the Yoast SEO plugin v27.5 - https:\/\/yoast.com\/product\/yoast-seo-wordpress\/ -->\n<title>La reconnaissance d\u2019un accident du travail par la CPAM ne garantit pas la protection contre le licenciement. - ACCIDENTDUTRAVAIL-IDF<\/title>\n<meta name=\"description\" content=\"La reconnaissance d\u2019un accident du travail par la CPAM ne garantit pas la protection contre le licenciement. article de ACCIDENTDUTRAVAIL-IDF\" \/>\n<meta name=\"robots\" content=\"index, follow, max-snippet:-1, max-image-preview:large, max-video-preview:-1\" \/>\n<link rel=\"canonical\" href=\"https:\/\/www.accidentdutravail-idf.net\/blog\/la-reconnaissance-dun-accident-du-travail-par-la-cpam-ne-garantit-pas-la-protection-contre-le-licenciement\/\" \/>\n<meta property=\"og:locale\" content=\"fr_FR\" \/>\n<meta property=\"og:type\" content=\"article\" \/>\n<meta property=\"og:title\" content=\"La reconnaissance d\u2019un accident du travail par la CPAM ne garantit pas la protection contre le licenciement. - ACCIDENTDUTRAVAIL-IDF\" \/>\n<meta property=\"og:description\" content=\"La reconnaissance d\u2019un accident du travail par la CPAM ne garantit pas la protection contre le licenciement. article de ACCIDENTDUTRAVAIL-IDF\" \/>\n<meta property=\"og:url\" content=\"https:\/\/www.accidentdutravail-idf.net\/blog\/la-reconnaissance-dun-accident-du-travail-par-la-cpam-ne-garantit-pas-la-protection-contre-le-licenciement\/\" \/>\n<meta property=\"og:site_name\" content=\"ACCIDENTDUTRAVAIL-IDF\" \/>\n<meta property=\"article:published_time\" content=\"2025-09-22T05:33:00+00:00\" \/>\n<meta property=\"og:image\" content=\"https:\/\/www.accidentdutravail-idf.net\/blog\/wp-content\/uploads\/2025\/09\/la-reconnaissance-dun-accident-du-travail-par-la-cpam-ne-garantit-pas-la-protection-contre-le-licenciement.jpg\" \/>\n<meta name=\"author\" content=\"Carlos Poulain\" \/>\n<meta name=\"twitter:card\" content=\"summary_large_image\" \/>\n<meta name=\"twitter:label1\" content=\"\u00c9crit par\" \/>\n\t<meta name=\"twitter:data1\" content=\"Carlos Poulain\" \/>\n\t<meta name=\"twitter:label2\" content=\"Dur\u00e9e de lecture estim\u00e9e\" \/>\n\t<meta name=\"twitter:data2\" content=\"7 minutes\" \/>\n<script type=\"application\/ld+json\" class=\"yoast-schema-graph\">{\"@context\":\"https:\\\/\\\/schema.org\",\"@graph\":[{\"@type\":\"Article\",\"@id\":\"https:\\\/\\\/www.accidentdutravail-idf.net\\\/blog\\\/la-reconnaissance-dun-accident-du-travail-par-la-cpam-ne-garantit-pas-la-protection-contre-le-licenciement\\\/#article\",\"isPartOf\":{\"@id\":\"https:\\\/\\\/www.accidentdutravail-idf.net\\\/blog\\\/la-reconnaissance-dun-accident-du-travail-par-la-cpam-ne-garantit-pas-la-protection-contre-le-licenciement\\\/\"},\"author\":{\"name\":\"Carlos Poulain\",\"@id\":\"https:\\\/\\\/www.accidentdutravail-idf.net\\\/blog\\\/#\\\/schema\\\/person\\\/3255d2f970de45e64bd9201f38e7b947\"},\"headline\":\"La reconnaissance d\u2019un accident du travail par la CPAM ne garantit pas la protection contre le licenciement.\",\"datePublished\":\"2025-09-22T05:33:00+00:00\",\"mainEntityOfPage\":{\"@id\":\"https:\\\/\\\/www.accidentdutravail-idf.net\\\/blog\\\/la-reconnaissance-dun-accident-du-travail-par-la-cpam-ne-garantit-pas-la-protection-contre-le-licenciement\\\/\"},\"wordCount\":1342,\"publisher\":{\"@id\":\"https:\\\/\\\/www.accidentdutravail-idf.net\\\/blog\\\/#organization\"},\"image\":{\"@id\":\"https:\\\/\\\/www.accidentdutravail-idf.net\\\/blog\\\/la-reconnaissance-dun-accident-du-travail-par-la-cpam-ne-garantit-pas-la-protection-contre-le-licenciement\\\/#primaryimage\"},\"thumbnailUrl\":\"https:\\\/\\\/www.accidentdutravail-idf.net\\\/blog\\\/wp-content\\\/uploads\\\/2025\\\/09\\\/la-reconnaissance-dun-accident-du-travail-par-la-cpam-ne-garantit-pas-la-protection-contre-le-licenciement.jpg\",\"articleSection\":[\"S\u00e9curit\u00e9 Du Travail En Ile-De-France Et Divers:\"],\"inLanguage\":\"fr-FR\"},{\"@type\":\"WebPage\",\"@id\":\"https:\\\/\\\/www.accidentdutravail-idf.net\\\/blog\\\/la-reconnaissance-dun-accident-du-travail-par-la-cpam-ne-garantit-pas-la-protection-contre-le-licenciement\\\/\",\"url\":\"https:\\\/\\\/www.accidentdutravail-idf.net\\\/blog\\\/la-reconnaissance-dun-accident-du-travail-par-la-cpam-ne-garantit-pas-la-protection-contre-le-licenciement\\\/\",\"name\":\"La reconnaissance d\u2019un accident du travail par la CPAM ne garantit pas la protection contre le licenciement. - ACCIDENTDUTRAVAIL-IDF\",\"isPartOf\":{\"@id\":\"https:\\\/\\\/www.accidentdutravail-idf.net\\\/blog\\\/#website\"},\"primaryImageOfPage\":{\"@id\":\"https:\\\/\\\/www.accidentdutravail-idf.net\\\/blog\\\/la-reconnaissance-dun-accident-du-travail-par-la-cpam-ne-garantit-pas-la-protection-contre-le-licenciement\\\/#primaryimage\"},\"image\":{\"@id\":\"https:\\\/\\\/www.accidentdutravail-idf.net\\\/blog\\\/la-reconnaissance-dun-accident-du-travail-par-la-cpam-ne-garantit-pas-la-protection-contre-le-licenciement\\\/#primaryimage\"},\"thumbnailUrl\":\"https:\\\/\\\/www.accidentdutravail-idf.net\\\/blog\\\/wp-content\\\/uploads\\\/2025\\\/09\\\/la-reconnaissance-dun-accident-du-travail-par-la-cpam-ne-garantit-pas-la-protection-contre-le-licenciement.jpg\",\"datePublished\":\"2025-09-22T05:33:00+00:00\",\"description\":\"La reconnaissance d\u2019un accident du travail par la CPAM ne garantit pas la protection contre le licenciement. article de ACCIDENTDUTRAVAIL-IDF\",\"breadcrumb\":{\"@id\":\"https:\\\/\\\/www.accidentdutravail-idf.net\\\/blog\\\/la-reconnaissance-dun-accident-du-travail-par-la-cpam-ne-garantit-pas-la-protection-contre-le-licenciement\\\/#breadcrumb\"},\"inLanguage\":\"fr-FR\",\"potentialAction\":[{\"@type\":\"ReadAction\",\"target\":[\"https:\\\/\\\/www.accidentdutravail-idf.net\\\/blog\\\/la-reconnaissance-dun-accident-du-travail-par-la-cpam-ne-garantit-pas-la-protection-contre-le-licenciement\\\/\"]}]},{\"@type\":\"ImageObject\",\"inLanguage\":\"fr-FR\",\"@id\":\"https:\\\/\\\/www.accidentdutravail-idf.net\\\/blog\\\/la-reconnaissance-dun-accident-du-travail-par-la-cpam-ne-garantit-pas-la-protection-contre-le-licenciement\\\/#primaryimage\",\"url\":\"https:\\\/\\\/www.accidentdutravail-idf.net\\\/blog\\\/wp-content\\\/uploads\\\/2025\\\/09\\\/la-reconnaissance-dun-accident-du-travail-par-la-cpam-ne-garantit-pas-la-protection-contre-le-licenciement.jpg\",\"contentUrl\":\"https:\\\/\\\/www.accidentdutravail-idf.net\\\/blog\\\/wp-content\\\/uploads\\\/2025\\\/09\\\/la-reconnaissance-dun-accident-du-travail-par-la-cpam-ne-garantit-pas-la-protection-contre-le-licenciement.jpg\"},{\"@type\":\"BreadcrumbList\",\"@id\":\"https:\\\/\\\/www.accidentdutravail-idf.net\\\/blog\\\/la-reconnaissance-dun-accident-du-travail-par-la-cpam-ne-garantit-pas-la-protection-contre-le-licenciement\\\/#breadcrumb\",\"itemListElement\":[{\"@type\":\"ListItem\",\"position\":1,\"name\":\"Accueil\",\"item\":\"https:\\\/\\\/www.accidentdutravail-idf.net\\\/blog\\\/\"},{\"@type\":\"ListItem\",\"position\":2,\"name\":\"La reconnaissance d\u2019un accident du travail par la CPAM ne garantit pas la protection contre le licenciement.\"}]},{\"@type\":\"WebSite\",\"@id\":\"https:\\\/\\\/www.accidentdutravail-idf.net\\\/blog\\\/#website\",\"url\":\"https:\\\/\\\/www.accidentdutravail-idf.net\\\/blog\\\/\",\"name\":\"ACCIDENTDUTRAVAIL-IDF\",\"description\":\"Portail accidents du travail-maladies professionnelles des entreprises d&#039;Ile-de-France\",\"publisher\":{\"@id\":\"https:\\\/\\\/www.accidentdutravail-idf.net\\\/blog\\\/#organization\"},\"potentialAction\":[{\"@type\":\"SearchAction\",\"target\":{\"@type\":\"EntryPoint\",\"urlTemplate\":\"https:\\\/\\\/www.accidentdutravail-idf.net\\\/blog\\\/?s={search_term_string}\"},\"query-input\":{\"@type\":\"PropertyValueSpecification\",\"valueRequired\":true,\"valueName\":\"search_term_string\"}}],\"inLanguage\":\"fr-FR\"},{\"@type\":\"Organization\",\"@id\":\"https:\\\/\\\/www.accidentdutravail-idf.net\\\/blog\\\/#organization\",\"name\":\"accidentdutravail-idf\",\"url\":\"https:\\\/\\\/www.accidentdutravail-idf.net\\\/blog\\\/\",\"logo\":{\"@type\":\"ImageObject\",\"inLanguage\":\"fr-FR\",\"@id\":\"https:\\\/\\\/www.accidentdutravail-idf.net\\\/blog\\\/#\\\/schema\\\/logo\\\/image\\\/\",\"url\":\"https:\\\/\\\/www.accidentdutravail-idf.net\\\/blog\\\/wp-content\\\/uploads\\\/2022\\\/09\\\/logo-2.png\",\"contentUrl\":\"https:\\\/\\\/www.accidentdutravail-idf.net\\\/blog\\\/wp-content\\\/uploads\\\/2022\\\/09\\\/logo-2.png\",\"width\":380,\"height\":291,\"caption\":\"accidentdutravail-idf\"},\"image\":{\"@id\":\"https:\\\/\\\/www.accidentdutravail-idf.net\\\/blog\\\/#\\\/schema\\\/logo\\\/image\\\/\"}},{\"@type\":\"Person\",\"@id\":\"https:\\\/\\\/www.accidentdutravail-idf.net\\\/blog\\\/#\\\/schema\\\/person\\\/3255d2f970de45e64bd9201f38e7b947\",\"name\":\"Carlos Poulain\",\"image\":{\"@type\":\"ImageObject\",\"inLanguage\":\"fr-FR\",\"@id\":\"https:\\\/\\\/secure.gravatar.com\\\/avatar\\\/b1c2f9d3588e34e91adb093635df64ef4b2381991216be7576466cfcdca4baf3?s=96&d=mm&r=g\",\"url\":\"https:\\\/\\\/secure.gravatar.com\\\/avatar\\\/b1c2f9d3588e34e91adb093635df64ef4b2381991216be7576466cfcdca4baf3?s=96&d=mm&r=g\",\"contentUrl\":\"https:\\\/\\\/secure.gravatar.com\\\/avatar\\\/b1c2f9d3588e34e91adb093635df64ef4b2381991216be7576466cfcdca4baf3?s=96&d=mm&r=g\",\"caption\":\"Carlos Poulain\"},\"url\":\"https:\\\/\\\/www.accidentdutravail-idf.net\\\/blog\\\/author\\\/idfcarlos\\\/\"}]}<\/script>\n<!-- \/ Yoast SEO plugin. -->","yoast_head_json":{"title":"La reconnaissance d\u2019un accident du travail par la CPAM ne garantit pas la protection contre le licenciement. - ACCIDENTDUTRAVAIL-IDF","description":"La reconnaissance d\u2019un accident du travail par la CPAM ne garantit pas la protection contre le licenciement. article de ACCIDENTDUTRAVAIL-IDF","robots":{"index":"index","follow":"follow","max-snippet":"max-snippet:-1","max-image-preview":"max-image-preview:large","max-video-preview":"max-video-preview:-1"},"canonical":"https:\/\/www.accidentdutravail-idf.net\/blog\/la-reconnaissance-dun-accident-du-travail-par-la-cpam-ne-garantit-pas-la-protection-contre-le-licenciement\/","og_locale":"fr_FR","og_type":"article","og_title":"La reconnaissance d\u2019un accident du travail par la CPAM ne garantit pas la protection contre le licenciement. - ACCIDENTDUTRAVAIL-IDF","og_description":"La reconnaissance d\u2019un accident du travail par la CPAM ne garantit pas la protection contre le licenciement. article de ACCIDENTDUTRAVAIL-IDF","og_url":"https:\/\/www.accidentdutravail-idf.net\/blog\/la-reconnaissance-dun-accident-du-travail-par-la-cpam-ne-garantit-pas-la-protection-contre-le-licenciement\/","og_site_name":"ACCIDENTDUTRAVAIL-IDF","article_published_time":"2025-09-22T05:33:00+00:00","og_image":[{"url":"https:\/\/www.accidentdutravail-idf.net\/blog\/wp-content\/uploads\/2025\/09\/la-reconnaissance-dun-accident-du-travail-par-la-cpam-ne-garantit-pas-la-protection-contre-le-licenciement.jpg","type":"","width":"","height":""}],"author":"Carlos Poulain","twitter_card":"summary_large_image","twitter_misc":{"\u00c9crit par":"Carlos Poulain","Dur\u00e9e de lecture estim\u00e9e":"7 minutes"},"schema":{"@context":"https:\/\/schema.org","@graph":[{"@type":"Article","@id":"https:\/\/www.accidentdutravail-idf.net\/blog\/la-reconnaissance-dun-accident-du-travail-par-la-cpam-ne-garantit-pas-la-protection-contre-le-licenciement\/#article","isPartOf":{"@id":"https:\/\/www.accidentdutravail-idf.net\/blog\/la-reconnaissance-dun-accident-du-travail-par-la-cpam-ne-garantit-pas-la-protection-contre-le-licenciement\/"},"author":{"name":"Carlos Poulain","@id":"https:\/\/www.accidentdutravail-idf.net\/blog\/#\/schema\/person\/3255d2f970de45e64bd9201f38e7b947"},"headline":"La reconnaissance d\u2019un accident du travail par la CPAM ne garantit pas la protection contre le licenciement.","datePublished":"2025-09-22T05:33:00+00:00","mainEntityOfPage":{"@id":"https:\/\/www.accidentdutravail-idf.net\/blog\/la-reconnaissance-dun-accident-du-travail-par-la-cpam-ne-garantit-pas-la-protection-contre-le-licenciement\/"},"wordCount":1342,"publisher":{"@id":"https:\/\/www.accidentdutravail-idf.net\/blog\/#organization"},"image":{"@id":"https:\/\/www.accidentdutravail-idf.net\/blog\/la-reconnaissance-dun-accident-du-travail-par-la-cpam-ne-garantit-pas-la-protection-contre-le-licenciement\/#primaryimage"},"thumbnailUrl":"https:\/\/www.accidentdutravail-idf.net\/blog\/wp-content\/uploads\/2025\/09\/la-reconnaissance-dun-accident-du-travail-par-la-cpam-ne-garantit-pas-la-protection-contre-le-licenciement.jpg","articleSection":["S\u00e9curit\u00e9 Du Travail En Ile-De-France Et Divers:"],"inLanguage":"fr-FR"},{"@type":"WebPage","@id":"https:\/\/www.accidentdutravail-idf.net\/blog\/la-reconnaissance-dun-accident-du-travail-par-la-cpam-ne-garantit-pas-la-protection-contre-le-licenciement\/","url":"https:\/\/www.accidentdutravail-idf.net\/blog\/la-reconnaissance-dun-accident-du-travail-par-la-cpam-ne-garantit-pas-la-protection-contre-le-licenciement\/","name":"La reconnaissance d\u2019un accident du travail par la CPAM ne garantit pas la protection contre le licenciement. - ACCIDENTDUTRAVAIL-IDF","isPartOf":{"@id":"https:\/\/www.accidentdutravail-idf.net\/blog\/#website"},"primaryImageOfPage":{"@id":"https:\/\/www.accidentdutravail-idf.net\/blog\/la-reconnaissance-dun-accident-du-travail-par-la-cpam-ne-garantit-pas-la-protection-contre-le-licenciement\/#primaryimage"},"image":{"@id":"https:\/\/www.accidentdutravail-idf.net\/blog\/la-reconnaissance-dun-accident-du-travail-par-la-cpam-ne-garantit-pas-la-protection-contre-le-licenciement\/#primaryimage"},"thumbnailUrl":"https:\/\/www.accidentdutravail-idf.net\/blog\/wp-content\/uploads\/2025\/09\/la-reconnaissance-dun-accident-du-travail-par-la-cpam-ne-garantit-pas-la-protection-contre-le-licenciement.jpg","datePublished":"2025-09-22T05:33:00+00:00","description":"La reconnaissance d\u2019un accident du travail par la CPAM ne garantit pas la protection contre le licenciement. article de ACCIDENTDUTRAVAIL-IDF","breadcrumb":{"@id":"https:\/\/www.accidentdutravail-idf.net\/blog\/la-reconnaissance-dun-accident-du-travail-par-la-cpam-ne-garantit-pas-la-protection-contre-le-licenciement\/#breadcrumb"},"inLanguage":"fr-FR","potentialAction":[{"@type":"ReadAction","target":["https:\/\/www.accidentdutravail-idf.net\/blog\/la-reconnaissance-dun-accident-du-travail-par-la-cpam-ne-garantit-pas-la-protection-contre-le-licenciement\/"]}]},{"@type":"ImageObject","inLanguage":"fr-FR","@id":"https:\/\/www.accidentdutravail-idf.net\/blog\/la-reconnaissance-dun-accident-du-travail-par-la-cpam-ne-garantit-pas-la-protection-contre-le-licenciement\/#primaryimage","url":"https:\/\/www.accidentdutravail-idf.net\/blog\/wp-content\/uploads\/2025\/09\/la-reconnaissance-dun-accident-du-travail-par-la-cpam-ne-garantit-pas-la-protection-contre-le-licenciement.jpg","contentUrl":"https:\/\/www.accidentdutravail-idf.net\/blog\/wp-content\/uploads\/2025\/09\/la-reconnaissance-dun-accident-du-travail-par-la-cpam-ne-garantit-pas-la-protection-contre-le-licenciement.jpg"},{"@type":"BreadcrumbList","@id":"https:\/\/www.accidentdutravail-idf.net\/blog\/la-reconnaissance-dun-accident-du-travail-par-la-cpam-ne-garantit-pas-la-protection-contre-le-licenciement\/#breadcrumb","itemListElement":[{"@type":"ListItem","position":1,"name":"Accueil","item":"https:\/\/www.accidentdutravail-idf.net\/blog\/"},{"@type":"ListItem","position":2,"name":"La reconnaissance d\u2019un accident du travail par la CPAM ne garantit pas la protection contre le licenciement."}]},{"@type":"WebSite","@id":"https:\/\/www.accidentdutravail-idf.net\/blog\/#website","url":"https:\/\/www.accidentdutravail-idf.net\/blog\/","name":"ACCIDENTDUTRAVAIL-IDF","description":"Portail accidents du travail-maladies professionnelles des entreprises d&#039;Ile-de-France","publisher":{"@id":"https:\/\/www.accidentdutravail-idf.net\/blog\/#organization"},"potentialAction":[{"@type":"SearchAction","target":{"@type":"EntryPoint","urlTemplate":"https:\/\/www.accidentdutravail-idf.net\/blog\/?s={search_term_string}"},"query-input":{"@type":"PropertyValueSpecification","valueRequired":true,"valueName":"search_term_string"}}],"inLanguage":"fr-FR"},{"@type":"Organization","@id":"https:\/\/www.accidentdutravail-idf.net\/blog\/#organization","name":"accidentdutravail-idf","url":"https:\/\/www.accidentdutravail-idf.net\/blog\/","logo":{"@type":"ImageObject","inLanguage":"fr-FR","@id":"https:\/\/www.accidentdutravail-idf.net\/blog\/#\/schema\/logo\/image\/","url":"https:\/\/www.accidentdutravail-idf.net\/blog\/wp-content\/uploads\/2022\/09\/logo-2.png","contentUrl":"https:\/\/www.accidentdutravail-idf.net\/blog\/wp-content\/uploads\/2022\/09\/logo-2.png","width":380,"height":291,"caption":"accidentdutravail-idf"},"image":{"@id":"https:\/\/www.accidentdutravail-idf.net\/blog\/#\/schema\/logo\/image\/"}},{"@type":"Person","@id":"https:\/\/www.accidentdutravail-idf.net\/blog\/#\/schema\/person\/3255d2f970de45e64bd9201f38e7b947","name":"Carlos Poulain","image":{"@type":"ImageObject","inLanguage":"fr-FR","@id":"https:\/\/secure.gravatar.com\/avatar\/b1c2f9d3588e34e91adb093635df64ef4b2381991216be7576466cfcdca4baf3?s=96&d=mm&r=g","url":"https:\/\/secure.gravatar.com\/avatar\/b1c2f9d3588e34e91adb093635df64ef4b2381991216be7576466cfcdca4baf3?s=96&d=mm&r=g","contentUrl":"https:\/\/secure.gravatar.com\/avatar\/b1c2f9d3588e34e91adb093635df64ef4b2381991216be7576466cfcdca4baf3?s=96&d=mm&r=g","caption":"Carlos Poulain"},"url":"https:\/\/www.accidentdutravail-idf.net\/blog\/author\/idfcarlos\/"}]}},"_links":{"self":[{"href":"https:\/\/www.accidentdutravail-idf.net\/blog\/wp-json\/wp\/v2\/posts\/1744","targetHints":{"allow":["GET"]}}],"collection":[{"href":"https:\/\/www.accidentdutravail-idf.net\/blog\/wp-json\/wp\/v2\/posts"}],"about":[{"href":"https:\/\/www.accidentdutravail-idf.net\/blog\/wp-json\/wp\/v2\/types\/post"}],"author":[{"embeddable":true,"href":"https:\/\/www.accidentdutravail-idf.net\/blog\/wp-json\/wp\/v2\/users\/2"}],"replies":[{"embeddable":true,"href":"https:\/\/www.accidentdutravail-idf.net\/blog\/wp-json\/wp\/v2\/comments?post=1744"}],"version-history":[{"count":0,"href":"https:\/\/www.accidentdutravail-idf.net\/blog\/wp-json\/wp\/v2\/posts\/1744\/revisions"}],"wp:attachment":[{"href":"https:\/\/www.accidentdutravail-idf.net\/blog\/wp-json\/wp\/v2\/media?parent=1744"}],"wp:term":[{"taxonomy":"category","embeddable":true,"href":"https:\/\/www.accidentdutravail-idf.net\/blog\/wp-json\/wp\/v2\/categories?post=1744"},{"taxonomy":"post_tag","embeddable":true,"href":"https:\/\/www.accidentdutravail-idf.net\/blog\/wp-json\/wp\/v2\/tags?post=1744"}],"curies":[{"name":"wp","href":"https:\/\/api.w.org\/{rel}","templated":true}]}}