{"id":1742,"date":"2000-12-31T18:00:00","date_gmt":"2000-12-31T16:00:00","guid":{"rendered":"https:\/\/www.accidentdutravail-idf.net\/blog\/le-suicide-du-rugbyman-de-rouen-jordan-michallet-reconnu-comme-accident-du-travail-par-la-justice\/"},"modified":"2000-12-31T18:00:00","modified_gmt":"2000-12-31T16:00:00","slug":"le-suicide-du-rugbyman-de-rouen-jordan-michallet-reconnu-comme-accident-du-travail-par-la-justice","status":"publish","type":"post","link":"https:\/\/www.accidentdutravail-idf.net\/blog\/le-suicide-du-rugbyman-de-rouen-jordan-michallet-reconnu-comme-accident-du-travail-par-la-justice\/","title":{"rendered":"Le suicide du rugbyman de Rouen Jordan Michallet reconnu comme accident du travail par la justice"},"content":{"rendered":"<p>Le tribunal judiciaire de Rouen a reconnu cet \u00e9t\u00e9 que le suicide, en janvier 2022, du joueur du Rouen Normandie Rugby Jordan Michallet \u00e9tait survenu \u00ab\u00a0par le fait du travail\u00a0\u00bb, \u00e0 cause de la \u00ab\u00a0pression\u00a0\u00bb qu&rsquo;il subissait. La CPAM est condamn\u00e9e \u00e0 prendre en charge cet accident du travail mortel.<\/p>\n<div><!--[1--><!--[--><!--[2--><!--[--><!--[1--><!--&gt;\n\n<p>--><!--[1--><!--[--><!--[2--><!--[1--><!--[1--><!--&gt;--><!--&gt;C'est une d\u00e9cision qui fera date dans le monde du sport&nbsp;: <strong>le suicide du joueur du Rouen Normandie Rugby, Jordan Michallet a \u00e9t\u00e9 reconnu comme accident de travail<\/strong> par le tribunal judiciaire de Rouen. L'information, r\u00e9v\u00e9l\u00e9e mardi 16 septembre par&nbsp;--><!--&gt;--><!--]--><!--]--><!--]--><!--&gt;[2--><!--[1--><!--[2--><!--&gt;[--><a target=\"_blank\" rel=\"nofollow noopener noreferrer\" class=\"IciLink ici-link IciArticleLink g-ici-body-regular-1 underline brand svelte-lu7k6w\" href=\"https:\/\/www.lequipe.fr\/Rugby\/Article\/-ces-defaites-et-le-fait-d-echouer-lui-procuraient-un-profond-mal-etre-le-suicide-du-rugbyman-jordan-michallet-reconnu-comme-accident-du-travail\/1593976\"><!--&gt;--><!--&gt;le journal L'\u00c9quipe--><!--&gt;--><\/a><!--]--><!--&gt;]--><!--]--><!--]--><!--&gt;[2--><!--[1--><!--[1--><!--&gt;--><!--&gt;, a \u00e9t\u00e9 confirm\u00e9e \u00e0 ICI Normandie le m\u00eame jour par l'avocat de la veuve du joueur, Me Antoine Semeria. Dans sa d\u00e9cision, rendue cet \u00e9t\u00e9 2025, la justice&nbsp;a reconnu que l'ultime geste de l'ouvreur du RNR&nbsp;\u00e9tait survenu par le <em>\"fait du travail\"<\/em>,&nbsp;\u00e0 cause de la <em>\"pression\"<\/em> qu'il subissait, explique l'avocat.--><!--&gt;--><!--]--><!--]--><!--]--><!--&gt;]--><!--]--><!--&gt;--><\/p>\n<p><!--&gt;]--><!--]--><!--]--><!--&gt;[2--><!--[3--><!--&gt;[--><!--]--><!--&gt;]--><!--]--><!--&gt;[2--><!--[--><!--[1--><!--&gt;\n\n<p>--><!--[1--><!--[--><!--[2--><!--[1--><!--[1--><!--&gt;--><!--&gt;La CPAM (Caisse primaire d'assurance maladie) Rouen-Elbeuf-Dieppe a \u00e9t\u00e9 <strong>condamn\u00e9e \u00e0 prendre en charge l'accident de travail mortel<\/strong>, ce qu'elle se refusait \u00e0 faire jusqu'\u00e0 maintenant, au motif qu'il \u00e9tait survenu hors du lieu et des horaires de travail du joueur.--><!--&gt;--><!--]--><!--]--><!--]--><!--&gt;]--><!--]--><!--&gt;--><\/p>\n<p><!--&gt;]--><!--]--><!--]--><!--&gt;[2--><!--[--><!--[1--><!--&gt;\n\n<p>--><!--[1--><!--[--><!--[2--><!--[1--><!--[1--><!--&gt;--><!--&gt;Le 18 janvier 2022, Jordan Michallet, \u00e2g\u00e9 de 29 ans, avait percut\u00e9 au volant de sa voiture le terre-plein central du pont Mathilde.&nbsp;Il \u00e9tait ensuite mont\u00e9 dans un immeuble en construction pour se jeter du quatri\u00e8me \u00e9tage. N\u00e9 \u00e0 Voiron (Is\u00e8re), il avait \u00e9galement \u00e9volu\u00e9 auparavant dans le club de sa ville natale puis au FC Grenoble et au RC Strasbourg.--><!--&gt;--><!--]--><!--]--><!--]--><!--&gt;]--><!--]--><!--&gt;--><\/p>\n<p><!--&gt;]--><!--]--><!--]--><!--&gt;[2--><!--[2--><!--&gt;\n\n<aside class=\"IciBounceArticle svelte-c9w8h3\">\n\n<h2 class=\"label g-ici-heading svelte-c9w8h3\">\u00c0 lire aussi<\/h2>\n\n \n\n<div class=\"content svelte-c9w8h3\"> [--><\/p>\n<div class=\"visual svelte-c9w8h3\">\n<div><!--&gt;[!--><!--]--> <!--[!--><img decoding=\"async\" src=\"https:\/\/www.accidentdutravail-idf.net\/blog\/wp-content\/uploads\/2025\/09\/le-suicide-du-rugbyman-de-rouen-jordan-michallet-reconnu-comme-accident-du-travail-par-la-justice.jpg\" alt=\"Jordan Michallet, 29 ans, occupait le poste de demi d'ouverture au sein de l'effectif rouennais.\" loading=\"lazy\" aria-hidden=\"true\" class=\"svelte-1pnmlwx rounded\"><!--]--><!--&gt;<\/div>\n\n--><\/div>\n<p><!--]--><\/div>\n<\/aside>\n<p><!--&gt;]--><!--]--><!--&gt;]--><!--]--><!--&gt;<\/div>\n\naccidentdutravail-idf.net vous a pr\u00e9par\u00e9 ce post qui informe du sujet \"Association Sportive Huisson-Longueville Essonne\". La chronique se veut g\u00e9n\u00e9r\u00e9e du mieux possible. Vous pouvez utiliser les coordonn\u00e9es indiqu\u00e9es sur le site dans le but d\u2019apporter des explications sur ce post qui parle du th\u00e8me \"Association Sportive Huisson-Longueville Essonne\". Le site accidentdutravail-idf.net a pour but de fournir diverses publications sur la th\u00e9matique Association Sportive Huisson-Longueville Essonne diffus\u00e9es sur le net. Il y aura plusieurs articles autour du sujet \"Association Sportive Huisson-Longueville Essonne\" dans quelques jours, nous vous invitons \u00e0 naviguer sur notre site web \u00e0 plusieurs reprises.--><\/p>\n","protected":false},"excerpt":{"rendered":"<p>Le tribunal judiciaire de Rouen a reconnu cet \u00e9t\u00e9 que le suicide, en janvier 2022, du joueur du Rouen Normandie Rugby Jordan Michallet \u00e9tait survenu \u00ab\u00a0par le fait du travail\u00a0\u00bb, \u00e0 cause de la \u00ab\u00a0pression\u00a0\u00bb qu&rsquo;il subissait. La CPAM est condamn\u00e9e \u00e0 prendre en charge cet accident du travail mortel.<\/p>\n","protected":false},"author":2,"featured_media":0,"comment_status":"closed","ping_status":"closed","sticky":false,"template":"","format":"standard","meta":{"footnotes":""},"categories":[5],"tags":[],"class_list":["post-1742","post","type-post","status-publish","format-standard","hentry","category-securite-du-travail-en-ile-de-france-et-divers","entry"],"yoast_head":"<!-- This site is optimized with the Yoast SEO plugin v27.5 - https:\/\/yoast.com\/product\/yoast-seo-wordpress\/ -->\n<title>Le suicide du rugbyman de Rouen Jordan Michallet reconnu comme accident du travail par la justice - ACCIDENTDUTRAVAIL-IDF<\/title>\n<meta name=\"description\" content=\"Le suicide du rugbyman de Rouen Jordan Michallet reconnu comme accident du travail par la justice article de ACCIDENTDUTRAVAIL-IDF\" \/>\n<meta name=\"robots\" content=\"index, follow, max-snippet:-1, max-image-preview:large, max-video-preview:-1\" \/>\n<link rel=\"canonical\" href=\"https:\/\/www.accidentdutravail-idf.net\/blog\/le-suicide-du-rugbyman-de-rouen-jordan-michallet-reconnu-comme-accident-du-travail-par-la-justice\/\" \/>\n<meta property=\"og:locale\" content=\"fr_FR\" \/>\n<meta property=\"og:type\" content=\"article\" \/>\n<meta property=\"og:title\" content=\"Le suicide du rugbyman de Rouen Jordan Michallet reconnu comme accident du travail par la justice - ACCIDENTDUTRAVAIL-IDF\" \/>\n<meta property=\"og:description\" content=\"Le suicide du rugbyman de Rouen Jordan Michallet reconnu comme accident du travail par la justice article de ACCIDENTDUTRAVAIL-IDF\" \/>\n<meta property=\"og:url\" content=\"https:\/\/www.accidentdutravail-idf.net\/blog\/le-suicide-du-rugbyman-de-rouen-jordan-michallet-reconnu-comme-accident-du-travail-par-la-justice\/\" \/>\n<meta property=\"og:site_name\" content=\"ACCIDENTDUTRAVAIL-IDF\" \/>\n<meta property=\"article:published_time\" content=\"2000-12-31T16:00:00+00:00\" \/>\n<meta property=\"og:image\" content=\"https:\/\/www.accidentdutravail-idf.net\/blog\/wp-content\/uploads\/2025\/09\/le-suicide-du-rugbyman-de-rouen-jordan-michallet-reconnu-comme-accident-du-travail-par-la-justice.jpg\" \/>\n<meta name=\"author\" content=\"Carlos Poulain\" \/>\n<meta name=\"twitter:card\" content=\"summary_large_image\" \/>\n<meta name=\"twitter:label1\" content=\"\u00c9crit par\" \/>\n\t<meta name=\"twitter:data1\" content=\"Carlos Poulain\" \/>\n<script type=\"application\/ld+json\" class=\"yoast-schema-graph\">{\"@context\":\"https:\\\/\\\/schema.org\",\"@graph\":[{\"@type\":\"Article\",\"@id\":\"https:\\\/\\\/www.accidentdutravail-idf.net\\\/blog\\\/le-suicide-du-rugbyman-de-rouen-jordan-michallet-reconnu-comme-accident-du-travail-par-la-justice\\\/#article\",\"isPartOf\":{\"@id\":\"https:\\\/\\\/www.accidentdutravail-idf.net\\\/blog\\\/le-suicide-du-rugbyman-de-rouen-jordan-michallet-reconnu-comme-accident-du-travail-par-la-justice\\\/\"},\"author\":{\"name\":\"Carlos Poulain\",\"@id\":\"https:\\\/\\\/www.accidentdutravail-idf.net\\\/blog\\\/#\\\/schema\\\/person\\\/3255d2f970de45e64bd9201f38e7b947\"},\"headline\":\"Le suicide du rugbyman de Rouen Jordan Michallet reconnu comme accident du travail par la justice\",\"datePublished\":\"2000-12-31T16:00:00+00:00\",\"mainEntityOfPage\":{\"@id\":\"https:\\\/\\\/www.accidentdutravail-idf.net\\\/blog\\\/le-suicide-du-rugbyman-de-rouen-jordan-michallet-reconnu-comme-accident-du-travail-par-la-justice\\\/\"},\"wordCount\":64,\"publisher\":{\"@id\":\"https:\\\/\\\/www.accidentdutravail-idf.net\\\/blog\\\/#organization\"},\"image\":{\"@id\":\"https:\\\/\\\/www.accidentdutravail-idf.net\\\/blog\\\/le-suicide-du-rugbyman-de-rouen-jordan-michallet-reconnu-comme-accident-du-travail-par-la-justice\\\/#primaryimage\"},\"thumbnailUrl\":\"https:\\\/\\\/www.accidentdutravail-idf.net\\\/blog\\\/wp-content\\\/uploads\\\/2025\\\/09\\\/le-suicide-du-rugbyman-de-rouen-jordan-michallet-reconnu-comme-accident-du-travail-par-la-justice.jpg\",\"articleSection\":[\"S\u00e9curit\u00e9 Du Travail En Ile-De-France Et Divers:\"],\"inLanguage\":\"fr-FR\"},{\"@type\":\"WebPage\",\"@id\":\"https:\\\/\\\/www.accidentdutravail-idf.net\\\/blog\\\/le-suicide-du-rugbyman-de-rouen-jordan-michallet-reconnu-comme-accident-du-travail-par-la-justice\\\/\",\"url\":\"https:\\\/\\\/www.accidentdutravail-idf.net\\\/blog\\\/le-suicide-du-rugbyman-de-rouen-jordan-michallet-reconnu-comme-accident-du-travail-par-la-justice\\\/\",\"name\":\"Le suicide du rugbyman de Rouen Jordan Michallet reconnu comme accident du travail par la justice - ACCIDENTDUTRAVAIL-IDF\",\"isPartOf\":{\"@id\":\"https:\\\/\\\/www.accidentdutravail-idf.net\\\/blog\\\/#website\"},\"primaryImageOfPage\":{\"@id\":\"https:\\\/\\\/www.accidentdutravail-idf.net\\\/blog\\\/le-suicide-du-rugbyman-de-rouen-jordan-michallet-reconnu-comme-accident-du-travail-par-la-justice\\\/#primaryimage\"},\"image\":{\"@id\":\"https:\\\/\\\/www.accidentdutravail-idf.net\\\/blog\\\/le-suicide-du-rugbyman-de-rouen-jordan-michallet-reconnu-comme-accident-du-travail-par-la-justice\\\/#primaryimage\"},\"thumbnailUrl\":\"https:\\\/\\\/www.accidentdutravail-idf.net\\\/blog\\\/wp-content\\\/uploads\\\/2025\\\/09\\\/le-suicide-du-rugbyman-de-rouen-jordan-michallet-reconnu-comme-accident-du-travail-par-la-justice.jpg\",\"datePublished\":\"2000-12-31T16:00:00+00:00\",\"description\":\"Le suicide du rugbyman de Rouen Jordan Michallet reconnu comme accident du travail par la justice article de ACCIDENTDUTRAVAIL-IDF\",\"breadcrumb\":{\"@id\":\"https:\\\/\\\/www.accidentdutravail-idf.net\\\/blog\\\/le-suicide-du-rugbyman-de-rouen-jordan-michallet-reconnu-comme-accident-du-travail-par-la-justice\\\/#breadcrumb\"},\"inLanguage\":\"fr-FR\",\"potentialAction\":[{\"@type\":\"ReadAction\",\"target\":[\"https:\\\/\\\/www.accidentdutravail-idf.net\\\/blog\\\/le-suicide-du-rugbyman-de-rouen-jordan-michallet-reconnu-comme-accident-du-travail-par-la-justice\\\/\"]}]},{\"@type\":\"ImageObject\",\"inLanguage\":\"fr-FR\",\"@id\":\"https:\\\/\\\/www.accidentdutravail-idf.net\\\/blog\\\/le-suicide-du-rugbyman-de-rouen-jordan-michallet-reconnu-comme-accident-du-travail-par-la-justice\\\/#primaryimage\",\"url\":\"https:\\\/\\\/www.accidentdutravail-idf.net\\\/blog\\\/wp-content\\\/uploads\\\/2025\\\/09\\\/le-suicide-du-rugbyman-de-rouen-jordan-michallet-reconnu-comme-accident-du-travail-par-la-justice.jpg\",\"contentUrl\":\"https:\\\/\\\/www.accidentdutravail-idf.net\\\/blog\\\/wp-content\\\/uploads\\\/2025\\\/09\\\/le-suicide-du-rugbyman-de-rouen-jordan-michallet-reconnu-comme-accident-du-travail-par-la-justice.jpg\"},{\"@type\":\"BreadcrumbList\",\"@id\":\"https:\\\/\\\/www.accidentdutravail-idf.net\\\/blog\\\/le-suicide-du-rugbyman-de-rouen-jordan-michallet-reconnu-comme-accident-du-travail-par-la-justice\\\/#breadcrumb\",\"itemListElement\":[{\"@type\":\"ListItem\",\"position\":1,\"name\":\"Accueil\",\"item\":\"https:\\\/\\\/www.accidentdutravail-idf.net\\\/blog\\\/\"},{\"@type\":\"ListItem\",\"position\":2,\"name\":\"Le suicide du rugbyman de Rouen Jordan Michallet reconnu comme accident du travail par la justice\"}]},{\"@type\":\"WebSite\",\"@id\":\"https:\\\/\\\/www.accidentdutravail-idf.net\\\/blog\\\/#website\",\"url\":\"https:\\\/\\\/www.accidentdutravail-idf.net\\\/blog\\\/\",\"name\":\"ACCIDENTDUTRAVAIL-IDF\",\"description\":\"Portail accidents du travail-maladies professionnelles des entreprises d&#039;Ile-de-France\",\"publisher\":{\"@id\":\"https:\\\/\\\/www.accidentdutravail-idf.net\\\/blog\\\/#organization\"},\"potentialAction\":[{\"@type\":\"SearchAction\",\"target\":{\"@type\":\"EntryPoint\",\"urlTemplate\":\"https:\\\/\\\/www.accidentdutravail-idf.net\\\/blog\\\/?s={search_term_string}\"},\"query-input\":{\"@type\":\"PropertyValueSpecification\",\"valueRequired\":true,\"valueName\":\"search_term_string\"}}],\"inLanguage\":\"fr-FR\"},{\"@type\":\"Organization\",\"@id\":\"https:\\\/\\\/www.accidentdutravail-idf.net\\\/blog\\\/#organization\",\"name\":\"accidentdutravail-idf\",\"url\":\"https:\\\/\\\/www.accidentdutravail-idf.net\\\/blog\\\/\",\"logo\":{\"@type\":\"ImageObject\",\"inLanguage\":\"fr-FR\",\"@id\":\"https:\\\/\\\/www.accidentdutravail-idf.net\\\/blog\\\/#\\\/schema\\\/logo\\\/image\\\/\",\"url\":\"https:\\\/\\\/www.accidentdutravail-idf.net\\\/blog\\\/wp-content\\\/uploads\\\/2022\\\/09\\\/logo-2.png\",\"contentUrl\":\"https:\\\/\\\/www.accidentdutravail-idf.net\\\/blog\\\/wp-content\\\/uploads\\\/2022\\\/09\\\/logo-2.png\",\"width\":380,\"height\":291,\"caption\":\"accidentdutravail-idf\"},\"image\":{\"@id\":\"https:\\\/\\\/www.accidentdutravail-idf.net\\\/blog\\\/#\\\/schema\\\/logo\\\/image\\\/\"}},{\"@type\":\"Person\",\"@id\":\"https:\\\/\\\/www.accidentdutravail-idf.net\\\/blog\\\/#\\\/schema\\\/person\\\/3255d2f970de45e64bd9201f38e7b947\",\"name\":\"Carlos Poulain\",\"image\":{\"@type\":\"ImageObject\",\"inLanguage\":\"fr-FR\",\"@id\":\"https:\\\/\\\/secure.gravatar.com\\\/avatar\\\/b1c2f9d3588e34e91adb093635df64ef4b2381991216be7576466cfcdca4baf3?s=96&d=mm&r=g\",\"url\":\"https:\\\/\\\/secure.gravatar.com\\\/avatar\\\/b1c2f9d3588e34e91adb093635df64ef4b2381991216be7576466cfcdca4baf3?s=96&d=mm&r=g\",\"contentUrl\":\"https:\\\/\\\/secure.gravatar.com\\\/avatar\\\/b1c2f9d3588e34e91adb093635df64ef4b2381991216be7576466cfcdca4baf3?s=96&d=mm&r=g\",\"caption\":\"Carlos Poulain\"},\"url\":\"https:\\\/\\\/www.accidentdutravail-idf.net\\\/blog\\\/author\\\/idfcarlos\\\/\"}]}<\/script>\n<!-- \/ Yoast SEO plugin. -->","yoast_head_json":{"title":"Le suicide du rugbyman de Rouen Jordan Michallet reconnu comme accident du travail par la justice - ACCIDENTDUTRAVAIL-IDF","description":"Le suicide du rugbyman de Rouen Jordan Michallet reconnu comme accident du travail par la justice article de ACCIDENTDUTRAVAIL-IDF","robots":{"index":"index","follow":"follow","max-snippet":"max-snippet:-1","max-image-preview":"max-image-preview:large","max-video-preview":"max-video-preview:-1"},"canonical":"https:\/\/www.accidentdutravail-idf.net\/blog\/le-suicide-du-rugbyman-de-rouen-jordan-michallet-reconnu-comme-accident-du-travail-par-la-justice\/","og_locale":"fr_FR","og_type":"article","og_title":"Le suicide du rugbyman de Rouen Jordan Michallet reconnu comme accident du travail par la justice - ACCIDENTDUTRAVAIL-IDF","og_description":"Le suicide du rugbyman de Rouen Jordan Michallet reconnu comme accident du travail par la justice article de ACCIDENTDUTRAVAIL-IDF","og_url":"https:\/\/www.accidentdutravail-idf.net\/blog\/le-suicide-du-rugbyman-de-rouen-jordan-michallet-reconnu-comme-accident-du-travail-par-la-justice\/","og_site_name":"ACCIDENTDUTRAVAIL-IDF","article_published_time":"2000-12-31T16:00:00+00:00","og_image":[{"url":"https:\/\/www.accidentdutravail-idf.net\/blog\/wp-content\/uploads\/2025\/09\/le-suicide-du-rugbyman-de-rouen-jordan-michallet-reconnu-comme-accident-du-travail-par-la-justice.jpg","type":"","width":"","height":""}],"author":"Carlos Poulain","twitter_card":"summary_large_image","twitter_misc":{"\u00c9crit par":"Carlos Poulain"},"schema":{"@context":"https:\/\/schema.org","@graph":[{"@type":"Article","@id":"https:\/\/www.accidentdutravail-idf.net\/blog\/le-suicide-du-rugbyman-de-rouen-jordan-michallet-reconnu-comme-accident-du-travail-par-la-justice\/#article","isPartOf":{"@id":"https:\/\/www.accidentdutravail-idf.net\/blog\/le-suicide-du-rugbyman-de-rouen-jordan-michallet-reconnu-comme-accident-du-travail-par-la-justice\/"},"author":{"name":"Carlos Poulain","@id":"https:\/\/www.accidentdutravail-idf.net\/blog\/#\/schema\/person\/3255d2f970de45e64bd9201f38e7b947"},"headline":"Le suicide du rugbyman de Rouen Jordan Michallet reconnu comme accident du travail par la justice","datePublished":"2000-12-31T16:00:00+00:00","mainEntityOfPage":{"@id":"https:\/\/www.accidentdutravail-idf.net\/blog\/le-suicide-du-rugbyman-de-rouen-jordan-michallet-reconnu-comme-accident-du-travail-par-la-justice\/"},"wordCount":64,"publisher":{"@id":"https:\/\/www.accidentdutravail-idf.net\/blog\/#organization"},"image":{"@id":"https:\/\/www.accidentdutravail-idf.net\/blog\/le-suicide-du-rugbyman-de-rouen-jordan-michallet-reconnu-comme-accident-du-travail-par-la-justice\/#primaryimage"},"thumbnailUrl":"https:\/\/www.accidentdutravail-idf.net\/blog\/wp-content\/uploads\/2025\/09\/le-suicide-du-rugbyman-de-rouen-jordan-michallet-reconnu-comme-accident-du-travail-par-la-justice.jpg","articleSection":["S\u00e9curit\u00e9 Du Travail En Ile-De-France Et Divers:"],"inLanguage":"fr-FR"},{"@type":"WebPage","@id":"https:\/\/www.accidentdutravail-idf.net\/blog\/le-suicide-du-rugbyman-de-rouen-jordan-michallet-reconnu-comme-accident-du-travail-par-la-justice\/","url":"https:\/\/www.accidentdutravail-idf.net\/blog\/le-suicide-du-rugbyman-de-rouen-jordan-michallet-reconnu-comme-accident-du-travail-par-la-justice\/","name":"Le suicide du rugbyman de Rouen Jordan Michallet reconnu comme accident du travail par la justice - ACCIDENTDUTRAVAIL-IDF","isPartOf":{"@id":"https:\/\/www.accidentdutravail-idf.net\/blog\/#website"},"primaryImageOfPage":{"@id":"https:\/\/www.accidentdutravail-idf.net\/blog\/le-suicide-du-rugbyman-de-rouen-jordan-michallet-reconnu-comme-accident-du-travail-par-la-justice\/#primaryimage"},"image":{"@id":"https:\/\/www.accidentdutravail-idf.net\/blog\/le-suicide-du-rugbyman-de-rouen-jordan-michallet-reconnu-comme-accident-du-travail-par-la-justice\/#primaryimage"},"thumbnailUrl":"https:\/\/www.accidentdutravail-idf.net\/blog\/wp-content\/uploads\/2025\/09\/le-suicide-du-rugbyman-de-rouen-jordan-michallet-reconnu-comme-accident-du-travail-par-la-justice.jpg","datePublished":"2000-12-31T16:00:00+00:00","description":"Le suicide du rugbyman de Rouen Jordan Michallet reconnu comme accident du travail par la justice article de ACCIDENTDUTRAVAIL-IDF","breadcrumb":{"@id":"https:\/\/www.accidentdutravail-idf.net\/blog\/le-suicide-du-rugbyman-de-rouen-jordan-michallet-reconnu-comme-accident-du-travail-par-la-justice\/#breadcrumb"},"inLanguage":"fr-FR","potentialAction":[{"@type":"ReadAction","target":["https:\/\/www.accidentdutravail-idf.net\/blog\/le-suicide-du-rugbyman-de-rouen-jordan-michallet-reconnu-comme-accident-du-travail-par-la-justice\/"]}]},{"@type":"ImageObject","inLanguage":"fr-FR","@id":"https:\/\/www.accidentdutravail-idf.net\/blog\/le-suicide-du-rugbyman-de-rouen-jordan-michallet-reconnu-comme-accident-du-travail-par-la-justice\/#primaryimage","url":"https:\/\/www.accidentdutravail-idf.net\/blog\/wp-content\/uploads\/2025\/09\/le-suicide-du-rugbyman-de-rouen-jordan-michallet-reconnu-comme-accident-du-travail-par-la-justice.jpg","contentUrl":"https:\/\/www.accidentdutravail-idf.net\/blog\/wp-content\/uploads\/2025\/09\/le-suicide-du-rugbyman-de-rouen-jordan-michallet-reconnu-comme-accident-du-travail-par-la-justice.jpg"},{"@type":"BreadcrumbList","@id":"https:\/\/www.accidentdutravail-idf.net\/blog\/le-suicide-du-rugbyman-de-rouen-jordan-michallet-reconnu-comme-accident-du-travail-par-la-justice\/#breadcrumb","itemListElement":[{"@type":"ListItem","position":1,"name":"Accueil","item":"https:\/\/www.accidentdutravail-idf.net\/blog\/"},{"@type":"ListItem","position":2,"name":"Le suicide du rugbyman de Rouen Jordan Michallet reconnu comme accident du travail par la justice"}]},{"@type":"WebSite","@id":"https:\/\/www.accidentdutravail-idf.net\/blog\/#website","url":"https:\/\/www.accidentdutravail-idf.net\/blog\/","name":"ACCIDENTDUTRAVAIL-IDF","description":"Portail accidents du travail-maladies professionnelles des entreprises d&#039;Ile-de-France","publisher":{"@id":"https:\/\/www.accidentdutravail-idf.net\/blog\/#organization"},"potentialAction":[{"@type":"SearchAction","target":{"@type":"EntryPoint","urlTemplate":"https:\/\/www.accidentdutravail-idf.net\/blog\/?s={search_term_string}"},"query-input":{"@type":"PropertyValueSpecification","valueRequired":true,"valueName":"search_term_string"}}],"inLanguage":"fr-FR"},{"@type":"Organization","@id":"https:\/\/www.accidentdutravail-idf.net\/blog\/#organization","name":"accidentdutravail-idf","url":"https:\/\/www.accidentdutravail-idf.net\/blog\/","logo":{"@type":"ImageObject","inLanguage":"fr-FR","@id":"https:\/\/www.accidentdutravail-idf.net\/blog\/#\/schema\/logo\/image\/","url":"https:\/\/www.accidentdutravail-idf.net\/blog\/wp-content\/uploads\/2022\/09\/logo-2.png","contentUrl":"https:\/\/www.accidentdutravail-idf.net\/blog\/wp-content\/uploads\/2022\/09\/logo-2.png","width":380,"height":291,"caption":"accidentdutravail-idf"},"image":{"@id":"https:\/\/www.accidentdutravail-idf.net\/blog\/#\/schema\/logo\/image\/"}},{"@type":"Person","@id":"https:\/\/www.accidentdutravail-idf.net\/blog\/#\/schema\/person\/3255d2f970de45e64bd9201f38e7b947","name":"Carlos Poulain","image":{"@type":"ImageObject","inLanguage":"fr-FR","@id":"https:\/\/secure.gravatar.com\/avatar\/b1c2f9d3588e34e91adb093635df64ef4b2381991216be7576466cfcdca4baf3?s=96&d=mm&r=g","url":"https:\/\/secure.gravatar.com\/avatar\/b1c2f9d3588e34e91adb093635df64ef4b2381991216be7576466cfcdca4baf3?s=96&d=mm&r=g","contentUrl":"https:\/\/secure.gravatar.com\/avatar\/b1c2f9d3588e34e91adb093635df64ef4b2381991216be7576466cfcdca4baf3?s=96&d=mm&r=g","caption":"Carlos Poulain"},"url":"https:\/\/www.accidentdutravail-idf.net\/blog\/author\/idfcarlos\/"}]}},"_links":{"self":[{"href":"https:\/\/www.accidentdutravail-idf.net\/blog\/wp-json\/wp\/v2\/posts\/1742","targetHints":{"allow":["GET"]}}],"collection":[{"href":"https:\/\/www.accidentdutravail-idf.net\/blog\/wp-json\/wp\/v2\/posts"}],"about":[{"href":"https:\/\/www.accidentdutravail-idf.net\/blog\/wp-json\/wp\/v2\/types\/post"}],"author":[{"embeddable":true,"href":"https:\/\/www.accidentdutravail-idf.net\/blog\/wp-json\/wp\/v2\/users\/2"}],"replies":[{"embeddable":true,"href":"https:\/\/www.accidentdutravail-idf.net\/blog\/wp-json\/wp\/v2\/comments?post=1742"}],"version-history":[{"count":0,"href":"https:\/\/www.accidentdutravail-idf.net\/blog\/wp-json\/wp\/v2\/posts\/1742\/revisions"}],"wp:attachment":[{"href":"https:\/\/www.accidentdutravail-idf.net\/blog\/wp-json\/wp\/v2\/media?parent=1742"}],"wp:term":[{"taxonomy":"category","embeddable":true,"href":"https:\/\/www.accidentdutravail-idf.net\/blog\/wp-json\/wp\/v2\/categories?post=1742"},{"taxonomy":"post_tag","embeddable":true,"href":"https:\/\/www.accidentdutravail-idf.net\/blog\/wp-json\/wp\/v2\/tags?post=1742"}],"curies":[{"name":"wp","href":"https:\/\/api.w.org\/{rel}","templated":true}]}}