{"id":1726,"date":"2025-09-16T08:16:00","date_gmt":"2025-09-16T06:16:00","guid":{"rendered":"https:\/\/www.accidentdutravail-idf.net\/blog\/ces-defaites-et-le-fait-dechouer-lui-procuraient-un-profond-mal-etre-le-suicide-du-rugbyman-jordan-michallet-reconnu-comme-accident-du-travail\/"},"modified":"2025-09-16T08:16:00","modified_gmt":"2025-09-16T06:16:00","slug":"ces-defaites-et-le-fait-dechouer-lui-procuraient-un-profond-mal-etre-le-suicide-du-rugbyman-jordan-michallet-reconnu-comme-accident-du-travail","status":"publish","type":"post","link":"https:\/\/www.accidentdutravail-idf.net\/blog\/ces-defaites-et-le-fait-dechouer-lui-procuraient-un-profond-mal-etre-le-suicide-du-rugbyman-jordan-michallet-reconnu-comme-accident-du-travail\/","title":{"rendered":"\u00ab Ces d\u00e9faites et le fait d&rsquo;\u00e9chouer lui procuraient un profond mal-\u00eatre \u00bb : le suicide du rugbyman Jordan Michallet reconnu comme accident du travail"},"content":{"rendered":"<div><img decoding=\"async\" src=\"https:\/\/www.accidentdutravail-idf.net\/blog\/wp-content\/uploads\/2025\/09\/ces-defaites-et-le-fait-dechouer-lui-procuraient-un-profond-mal-etre-le-suicide-du-rugbyman-jordan-michallet-reconnu-comme-accident-du-travail.jpg\" class=\"ff-og-image-inserted\"><\/div>\n<p><span class=\"Cmp--mobile\" data-v-534aed4e>En vous abonnant, vous acc\u00e9dez<br data-v-534aed4e><b data-v-534aed4e>\u00e0 la source de r\u00e9f\u00e9rence<\/b><br data-v-534aed4e> sur l&rsquo;actu sportive.<\/span> <span class=\"Cmp--desktop\" data-v-534aed4e>En vous abonnant, vous acc\u00e9dez <b data-v-534aed4e>\u00e0 la source de r\u00e9f\u00e9rence<\/b> sur l&rsquo;actu sportive.<\/span><\/p>\n<p><span class=\"Cmp--mobile\" data-v-534aed4e>accepter les cookies et acc\u00e9der<br data-v-534aed4e> \u00e0 L&rsquo;\u00c9quipe gratuitement<\/span> <span class=\"Cmp--desktop\" data-v-534aed4e>accepter les cookies et acc\u00e9der \u00e0 L&rsquo;\u00c9quipe gratuitement<\/span><\/p>\n<div data-v-534aed4e> L&rsquo;\u00c9quipe, <a href=\"https:\/\/www.lequipe.fr\/Page\/Informations-legales-de-l-equipe-et-les-societes-de-son-groupe\/1185337\" rel=\"noopener nofollow\" class=\"Link\" data-v-522fa997 data-v-534aed4e target=\"_blank\"> les soci\u00e9t\u00e9s de son groupe<\/a> et <button class=\"button--unstyled link\" data-v-534aed4e> leurs 272 partenaires <\/button> utilisent des cookies ou traceurs pour stocker et\/ou acc\u00e9der \u00e0 des informations sur votre terminal et traiter des donn\u00e9es personnelles vous concernant. Cela nous permet de vous afficher de la publicit\u00e9 personnalis\u00e9e en fonction de votre navigation, de vos donn\u00e9es de profil ou de votre localisation, de personnaliser le contenu \u00e9ditorial, de mesurer l&rsquo;audience de notre site et de permettre l&rsquo;interaction avec les r\u00e9seaux sociaux. Pour acc\u00e9der gratuitement au site (hors contenus exclusifs abonn\u00e9s), vous devez accepter l&rsquo;utilisation des traceurs de publicit\u00e9 personnalis\u00e9e, par L&rsquo;\u00c9quipe et des tiers partenaires. En cas de refus, navigation et fonctionnalit\u00e9s seront limit\u00e9es sur le site. Vos pr\u00e9f\u00e9rences s&rsquo;appliqueront uniquement \u00e0 nos sites et pourront \u00eatre modifi\u00e9es \u00e0 tout moment via le menu \u00ab <button class=\"button--unstyled link\" data-v-534aed4e> param\u00e9trer mon consentement <\/button> \u00bb. Plus d&rsquo;informations : <a href=\"https:\/\/www.lequipe.fr\/Page\/Politique-de-confidentialite\/1183897\" rel=\"noopener nofollow\" class=\"Link\" data-v-522fa997 data-v-534aed4e target=\"_blank\">politique de confidentialit\u00e9<\/a>. <\/div>\n<p>accidentdutravail-idf.net vous a pr\u00e9par\u00e9 ce post qui informe du sujet \u00ab\u00a0Association Sportive Huisson-Longueville Essonne\u00a0\u00bb. La chronique se veut g\u00e9n\u00e9r\u00e9e du mieux possible. Vous pouvez utiliser les coordonn\u00e9es indiqu\u00e9es sur le site dans le but d\u2019apporter des explications sur ce post qui parle du th\u00e8me \u00ab\u00a0Association Sportive Huisson-Longueville Essonne\u00a0\u00bb. Le site accidentdutravail-idf.net a pour but de fournir diverses publications sur la th\u00e9matique Association Sportive Huisson-Longueville Essonne diffus\u00e9es sur le net. Il y aura plusieurs articles autour du sujet \u00ab\u00a0Association Sportive Huisson-Longueville Essonne\u00a0\u00bb dans quelques jours, nous vous invitons \u00e0 naviguer sur notre site web \u00e0 plusieurs reprises.<\/p>\n","protected":false},"excerpt":{"rendered":"<p>En vous abonnant, vous acc\u00e9dez\u00e0 la source de r\u00e9f\u00e9rence sur l&rsquo;actu sportive. En vous abonnant, vous acc\u00e9dez \u00e0 la source de r\u00e9f\u00e9rence sur l&rsquo;actu sportive. accepter les cookies et acc\u00e9der \u00e0 L&rsquo;\u00c9quipe gratuitement accepter les cookies et acc\u00e9der \u00e0 L&rsquo;\u00c9quipe gratuitement L&rsquo;\u00c9quipe, les soci\u00e9t\u00e9s de son groupe et leurs 272 partenaires utilisent des cookies ou &hellip; <\/p>\n<p class=\"link-more\"><a href=\"https:\/\/www.accidentdutravail-idf.net\/blog\/ces-defaites-et-le-fait-dechouer-lui-procuraient-un-profond-mal-etre-le-suicide-du-rugbyman-jordan-michallet-reconnu-comme-accident-du-travail\/\" class=\"more-link\">Continuer la lecture <span class=\"screen-reader-text\"> \u00ab\u00a0\u00ab Ces d\u00e9faites et le fait d&rsquo;\u00e9chouer lui procuraient un profond mal-\u00eatre \u00bb : le suicide du rugbyman Jordan Michallet reconnu comme accident du travail\u00a0\u00bb<\/span><\/a><\/p>\n","protected":false},"author":2,"featured_media":0,"comment_status":"closed","ping_status":"closed","sticky":false,"template":"","format":"standard","meta":{"footnotes":""},"categories":[5],"tags":[],"class_list":["post-1726","post","type-post","status-publish","format-standard","hentry","category-securite-du-travail-en-ile-de-france-et-divers","entry"],"yoast_head":"<!-- This site is optimized with the Yoast SEO plugin v27.5 - https:\/\/yoast.com\/product\/yoast-seo-wordpress\/ -->\n<title>\u00ab Ces d\u00e9faites et le fait d&#039;\u00e9chouer lui procuraient un profond mal-\u00eatre \u00bb : le suicide du rugbyman Jordan Michallet reconnu comme accident du travail - ACCIDENTDUTRAVAIL-IDF<\/title>\n<meta name=\"description\" content=\"\u00ab Ces d\u00e9faites et le fait d&#039;\u00e9chouer lui procuraient un profond mal-\u00eatre \u00bb : le suicide du rugbyman Jordan Michallet reconnu comme accident du travail article de ACCIDENTDUTRAVAIL-IDF\" \/>\n<meta name=\"robots\" content=\"index, follow, max-snippet:-1, max-image-preview:large, max-video-preview:-1\" \/>\n<link rel=\"canonical\" href=\"https:\/\/www.accidentdutravail-idf.net\/blog\/ces-defaites-et-le-fait-dechouer-lui-procuraient-un-profond-mal-etre-le-suicide-du-rugbyman-jordan-michallet-reconnu-comme-accident-du-travail\/\" \/>\n<meta property=\"og:locale\" content=\"fr_FR\" \/>\n<meta property=\"og:type\" content=\"article\" \/>\n<meta property=\"og:title\" content=\"\u00ab Ces d\u00e9faites et le fait d&#039;\u00e9chouer lui procuraient un profond mal-\u00eatre \u00bb : le suicide du rugbyman Jordan Michallet reconnu comme accident du travail - ACCIDENTDUTRAVAIL-IDF\" \/>\n<meta property=\"og:description\" content=\"\u00ab Ces d\u00e9faites et le fait d&#039;\u00e9chouer lui procuraient un profond mal-\u00eatre \u00bb : le suicide du rugbyman Jordan Michallet reconnu comme accident du travail article de ACCIDENTDUTRAVAIL-IDF\" \/>\n<meta property=\"og:url\" content=\"https:\/\/www.accidentdutravail-idf.net\/blog\/ces-defaites-et-le-fait-dechouer-lui-procuraient-un-profond-mal-etre-le-suicide-du-rugbyman-jordan-michallet-reconnu-comme-accident-du-travail\/\" \/>\n<meta property=\"og:site_name\" content=\"ACCIDENTDUTRAVAIL-IDF\" \/>\n<meta property=\"article:published_time\" content=\"2025-09-16T06:16:00+00:00\" \/>\n<meta property=\"og:image\" content=\"https:\/\/www.accidentdutravail-idf.net\/blog\/wp-content\/uploads\/2025\/09\/ces-defaites-et-le-fait-dechouer-lui-procuraient-un-profond-mal-etre-le-suicide-du-rugbyman-jordan-michallet-reconnu-comme-accident-du-travail.jpg\" \/>\n<meta name=\"author\" content=\"Carlos Poulain\" \/>\n<meta name=\"twitter:card\" content=\"summary_large_image\" \/>\n<meta name=\"twitter:label1\" content=\"\u00c9crit par\" \/>\n\t<meta name=\"twitter:data1\" content=\"Carlos Poulain\" \/>\n\t<meta name=\"twitter:label2\" content=\"Dur\u00e9e de lecture estim\u00e9e\" \/>\n\t<meta name=\"twitter:data2\" content=\"2 minutes\" \/>\n<script type=\"application\/ld+json\" class=\"yoast-schema-graph\">{\"@context\":\"https:\\\/\\\/schema.org\",\"@graph\":[{\"@type\":\"Article\",\"@id\":\"https:\\\/\\\/www.accidentdutravail-idf.net\\\/blog\\\/ces-defaites-et-le-fait-dechouer-lui-procuraient-un-profond-mal-etre-le-suicide-du-rugbyman-jordan-michallet-reconnu-comme-accident-du-travail\\\/#article\",\"isPartOf\":{\"@id\":\"https:\\\/\\\/www.accidentdutravail-idf.net\\\/blog\\\/ces-defaites-et-le-fait-dechouer-lui-procuraient-un-profond-mal-etre-le-suicide-du-rugbyman-jordan-michallet-reconnu-comme-accident-du-travail\\\/\"},\"author\":{\"name\":\"Carlos Poulain\",\"@id\":\"https:\\\/\\\/www.accidentdutravail-idf.net\\\/blog\\\/#\\\/schema\\\/person\\\/3255d2f970de45e64bd9201f38e7b947\"},\"headline\":\"\u00ab Ces d\u00e9faites et le fait d&rsquo;\u00e9chouer lui procuraient un profond mal-\u00eatre \u00bb : le suicide du rugbyman Jordan Michallet reconnu comme accident du travail\",\"datePublished\":\"2025-09-16T06:16:00+00:00\",\"mainEntityOfPage\":{\"@id\":\"https:\\\/\\\/www.accidentdutravail-idf.net\\\/blog\\\/ces-defaites-et-le-fait-dechouer-lui-procuraient-un-profond-mal-etre-le-suicide-du-rugbyman-jordan-michallet-reconnu-comme-accident-du-travail\\\/\"},\"wordCount\":330,\"publisher\":{\"@id\":\"https:\\\/\\\/www.accidentdutravail-idf.net\\\/blog\\\/#organization\"},\"image\":{\"@id\":\"https:\\\/\\\/www.accidentdutravail-idf.net\\\/blog\\\/ces-defaites-et-le-fait-dechouer-lui-procuraient-un-profond-mal-etre-le-suicide-du-rugbyman-jordan-michallet-reconnu-comme-accident-du-travail\\\/#primaryimage\"},\"thumbnailUrl\":\"https:\\\/\\\/www.accidentdutravail-idf.net\\\/blog\\\/wp-content\\\/uploads\\\/2025\\\/09\\\/ces-defaites-et-le-fait-dechouer-lui-procuraient-un-profond-mal-etre-le-suicide-du-rugbyman-jordan-michallet-reconnu-comme-accident-du-travail.jpg\",\"articleSection\":[\"S\u00e9curit\u00e9 Du Travail En Ile-De-France Et Divers:\"],\"inLanguage\":\"fr-FR\"},{\"@type\":\"WebPage\",\"@id\":\"https:\\\/\\\/www.accidentdutravail-idf.net\\\/blog\\\/ces-defaites-et-le-fait-dechouer-lui-procuraient-un-profond-mal-etre-le-suicide-du-rugbyman-jordan-michallet-reconnu-comme-accident-du-travail\\\/\",\"url\":\"https:\\\/\\\/www.accidentdutravail-idf.net\\\/blog\\\/ces-defaites-et-le-fait-dechouer-lui-procuraient-un-profond-mal-etre-le-suicide-du-rugbyman-jordan-michallet-reconnu-comme-accident-du-travail\\\/\",\"name\":\"\u00ab Ces d\u00e9faites et le fait d'\u00e9chouer lui procuraient un profond mal-\u00eatre \u00bb : le suicide du rugbyman Jordan Michallet reconnu comme accident du travail - ACCIDENTDUTRAVAIL-IDF\",\"isPartOf\":{\"@id\":\"https:\\\/\\\/www.accidentdutravail-idf.net\\\/blog\\\/#website\"},\"primaryImageOfPage\":{\"@id\":\"https:\\\/\\\/www.accidentdutravail-idf.net\\\/blog\\\/ces-defaites-et-le-fait-dechouer-lui-procuraient-un-profond-mal-etre-le-suicide-du-rugbyman-jordan-michallet-reconnu-comme-accident-du-travail\\\/#primaryimage\"},\"image\":{\"@id\":\"https:\\\/\\\/www.accidentdutravail-idf.net\\\/blog\\\/ces-defaites-et-le-fait-dechouer-lui-procuraient-un-profond-mal-etre-le-suicide-du-rugbyman-jordan-michallet-reconnu-comme-accident-du-travail\\\/#primaryimage\"},\"thumbnailUrl\":\"https:\\\/\\\/www.accidentdutravail-idf.net\\\/blog\\\/wp-content\\\/uploads\\\/2025\\\/09\\\/ces-defaites-et-le-fait-dechouer-lui-procuraient-un-profond-mal-etre-le-suicide-du-rugbyman-jordan-michallet-reconnu-comme-accident-du-travail.jpg\",\"datePublished\":\"2025-09-16T06:16:00+00:00\",\"description\":\"\u00ab Ces d\u00e9faites et le fait d'\u00e9chouer lui procuraient un profond mal-\u00eatre \u00bb : le suicide du rugbyman Jordan Michallet reconnu comme accident du travail article de ACCIDENTDUTRAVAIL-IDF\",\"breadcrumb\":{\"@id\":\"https:\\\/\\\/www.accidentdutravail-idf.net\\\/blog\\\/ces-defaites-et-le-fait-dechouer-lui-procuraient-un-profond-mal-etre-le-suicide-du-rugbyman-jordan-michallet-reconnu-comme-accident-du-travail\\\/#breadcrumb\"},\"inLanguage\":\"fr-FR\",\"potentialAction\":[{\"@type\":\"ReadAction\",\"target\":[\"https:\\\/\\\/www.accidentdutravail-idf.net\\\/blog\\\/ces-defaites-et-le-fait-dechouer-lui-procuraient-un-profond-mal-etre-le-suicide-du-rugbyman-jordan-michallet-reconnu-comme-accident-du-travail\\\/\"]}]},{\"@type\":\"ImageObject\",\"inLanguage\":\"fr-FR\",\"@id\":\"https:\\\/\\\/www.accidentdutravail-idf.net\\\/blog\\\/ces-defaites-et-le-fait-dechouer-lui-procuraient-un-profond-mal-etre-le-suicide-du-rugbyman-jordan-michallet-reconnu-comme-accident-du-travail\\\/#primaryimage\",\"url\":\"https:\\\/\\\/www.accidentdutravail-idf.net\\\/blog\\\/wp-content\\\/uploads\\\/2025\\\/09\\\/ces-defaites-et-le-fait-dechouer-lui-procuraient-un-profond-mal-etre-le-suicide-du-rugbyman-jordan-michallet-reconnu-comme-accident-du-travail.jpg\",\"contentUrl\":\"https:\\\/\\\/www.accidentdutravail-idf.net\\\/blog\\\/wp-content\\\/uploads\\\/2025\\\/09\\\/ces-defaites-et-le-fait-dechouer-lui-procuraient-un-profond-mal-etre-le-suicide-du-rugbyman-jordan-michallet-reconnu-comme-accident-du-travail.jpg\"},{\"@type\":\"BreadcrumbList\",\"@id\":\"https:\\\/\\\/www.accidentdutravail-idf.net\\\/blog\\\/ces-defaites-et-le-fait-dechouer-lui-procuraient-un-profond-mal-etre-le-suicide-du-rugbyman-jordan-michallet-reconnu-comme-accident-du-travail\\\/#breadcrumb\",\"itemListElement\":[{\"@type\":\"ListItem\",\"position\":1,\"name\":\"Accueil\",\"item\":\"https:\\\/\\\/www.accidentdutravail-idf.net\\\/blog\\\/\"},{\"@type\":\"ListItem\",\"position\":2,\"name\":\"\u00ab Ces d\u00e9faites et le fait d&rsquo;\u00e9chouer lui procuraient un profond mal-\u00eatre \u00bb : le suicide du rugbyman Jordan Michallet reconnu comme accident du travail\"}]},{\"@type\":\"WebSite\",\"@id\":\"https:\\\/\\\/www.accidentdutravail-idf.net\\\/blog\\\/#website\",\"url\":\"https:\\\/\\\/www.accidentdutravail-idf.net\\\/blog\\\/\",\"name\":\"ACCIDENTDUTRAVAIL-IDF\",\"description\":\"Portail accidents du travail-maladies professionnelles des entreprises d&#039;Ile-de-France\",\"publisher\":{\"@id\":\"https:\\\/\\\/www.accidentdutravail-idf.net\\\/blog\\\/#organization\"},\"potentialAction\":[{\"@type\":\"SearchAction\",\"target\":{\"@type\":\"EntryPoint\",\"urlTemplate\":\"https:\\\/\\\/www.accidentdutravail-idf.net\\\/blog\\\/?s={search_term_string}\"},\"query-input\":{\"@type\":\"PropertyValueSpecification\",\"valueRequired\":true,\"valueName\":\"search_term_string\"}}],\"inLanguage\":\"fr-FR\"},{\"@type\":\"Organization\",\"@id\":\"https:\\\/\\\/www.accidentdutravail-idf.net\\\/blog\\\/#organization\",\"name\":\"accidentdutravail-idf\",\"url\":\"https:\\\/\\\/www.accidentdutravail-idf.net\\\/blog\\\/\",\"logo\":{\"@type\":\"ImageObject\",\"inLanguage\":\"fr-FR\",\"@id\":\"https:\\\/\\\/www.accidentdutravail-idf.net\\\/blog\\\/#\\\/schema\\\/logo\\\/image\\\/\",\"url\":\"https:\\\/\\\/www.accidentdutravail-idf.net\\\/blog\\\/wp-content\\\/uploads\\\/2022\\\/09\\\/logo-2.png\",\"contentUrl\":\"https:\\\/\\\/www.accidentdutravail-idf.net\\\/blog\\\/wp-content\\\/uploads\\\/2022\\\/09\\\/logo-2.png\",\"width\":380,\"height\":291,\"caption\":\"accidentdutravail-idf\"},\"image\":{\"@id\":\"https:\\\/\\\/www.accidentdutravail-idf.net\\\/blog\\\/#\\\/schema\\\/logo\\\/image\\\/\"}},{\"@type\":\"Person\",\"@id\":\"https:\\\/\\\/www.accidentdutravail-idf.net\\\/blog\\\/#\\\/schema\\\/person\\\/3255d2f970de45e64bd9201f38e7b947\",\"name\":\"Carlos Poulain\",\"image\":{\"@type\":\"ImageObject\",\"inLanguage\":\"fr-FR\",\"@id\":\"https:\\\/\\\/secure.gravatar.com\\\/avatar\\\/b1c2f9d3588e34e91adb093635df64ef4b2381991216be7576466cfcdca4baf3?s=96&d=mm&r=g\",\"url\":\"https:\\\/\\\/secure.gravatar.com\\\/avatar\\\/b1c2f9d3588e34e91adb093635df64ef4b2381991216be7576466cfcdca4baf3?s=96&d=mm&r=g\",\"contentUrl\":\"https:\\\/\\\/secure.gravatar.com\\\/avatar\\\/b1c2f9d3588e34e91adb093635df64ef4b2381991216be7576466cfcdca4baf3?s=96&d=mm&r=g\",\"caption\":\"Carlos Poulain\"},\"url\":\"https:\\\/\\\/www.accidentdutravail-idf.net\\\/blog\\\/author\\\/idfcarlos\\\/\"}]}<\/script>\n<!-- \/ Yoast SEO plugin. -->","yoast_head_json":{"title":"\u00ab Ces d\u00e9faites et le fait d'\u00e9chouer lui procuraient un profond mal-\u00eatre \u00bb : le suicide du rugbyman Jordan Michallet reconnu comme accident du travail - ACCIDENTDUTRAVAIL-IDF","description":"\u00ab Ces d\u00e9faites et le fait d'\u00e9chouer lui procuraient un profond mal-\u00eatre \u00bb : le suicide du rugbyman Jordan Michallet reconnu comme accident du travail article de ACCIDENTDUTRAVAIL-IDF","robots":{"index":"index","follow":"follow","max-snippet":"max-snippet:-1","max-image-preview":"max-image-preview:large","max-video-preview":"max-video-preview:-1"},"canonical":"https:\/\/www.accidentdutravail-idf.net\/blog\/ces-defaites-et-le-fait-dechouer-lui-procuraient-un-profond-mal-etre-le-suicide-du-rugbyman-jordan-michallet-reconnu-comme-accident-du-travail\/","og_locale":"fr_FR","og_type":"article","og_title":"\u00ab Ces d\u00e9faites et le fait d'\u00e9chouer lui procuraient un profond mal-\u00eatre \u00bb : le suicide du rugbyman Jordan Michallet reconnu comme accident du travail - ACCIDENTDUTRAVAIL-IDF","og_description":"\u00ab Ces d\u00e9faites et le fait d'\u00e9chouer lui procuraient un profond mal-\u00eatre \u00bb : le suicide du rugbyman Jordan Michallet reconnu comme accident du travail article de ACCIDENTDUTRAVAIL-IDF","og_url":"https:\/\/www.accidentdutravail-idf.net\/blog\/ces-defaites-et-le-fait-dechouer-lui-procuraient-un-profond-mal-etre-le-suicide-du-rugbyman-jordan-michallet-reconnu-comme-accident-du-travail\/","og_site_name":"ACCIDENTDUTRAVAIL-IDF","article_published_time":"2025-09-16T06:16:00+00:00","og_image":[{"url":"https:\/\/www.accidentdutravail-idf.net\/blog\/wp-content\/uploads\/2025\/09\/ces-defaites-et-le-fait-dechouer-lui-procuraient-un-profond-mal-etre-le-suicide-du-rugbyman-jordan-michallet-reconnu-comme-accident-du-travail.jpg","type":"","width":"","height":""}],"author":"Carlos Poulain","twitter_card":"summary_large_image","twitter_misc":{"\u00c9crit par":"Carlos Poulain","Dur\u00e9e de lecture estim\u00e9e":"2 minutes"},"schema":{"@context":"https:\/\/schema.org","@graph":[{"@type":"Article","@id":"https:\/\/www.accidentdutravail-idf.net\/blog\/ces-defaites-et-le-fait-dechouer-lui-procuraient-un-profond-mal-etre-le-suicide-du-rugbyman-jordan-michallet-reconnu-comme-accident-du-travail\/#article","isPartOf":{"@id":"https:\/\/www.accidentdutravail-idf.net\/blog\/ces-defaites-et-le-fait-dechouer-lui-procuraient-un-profond-mal-etre-le-suicide-du-rugbyman-jordan-michallet-reconnu-comme-accident-du-travail\/"},"author":{"name":"Carlos Poulain","@id":"https:\/\/www.accidentdutravail-idf.net\/blog\/#\/schema\/person\/3255d2f970de45e64bd9201f38e7b947"},"headline":"\u00ab Ces d\u00e9faites et le fait d&rsquo;\u00e9chouer lui procuraient un profond mal-\u00eatre \u00bb : le suicide du rugbyman Jordan Michallet reconnu comme accident du travail","datePublished":"2025-09-16T06:16:00+00:00","mainEntityOfPage":{"@id":"https:\/\/www.accidentdutravail-idf.net\/blog\/ces-defaites-et-le-fait-dechouer-lui-procuraient-un-profond-mal-etre-le-suicide-du-rugbyman-jordan-michallet-reconnu-comme-accident-du-travail\/"},"wordCount":330,"publisher":{"@id":"https:\/\/www.accidentdutravail-idf.net\/blog\/#organization"},"image":{"@id":"https:\/\/www.accidentdutravail-idf.net\/blog\/ces-defaites-et-le-fait-dechouer-lui-procuraient-un-profond-mal-etre-le-suicide-du-rugbyman-jordan-michallet-reconnu-comme-accident-du-travail\/#primaryimage"},"thumbnailUrl":"https:\/\/www.accidentdutravail-idf.net\/blog\/wp-content\/uploads\/2025\/09\/ces-defaites-et-le-fait-dechouer-lui-procuraient-un-profond-mal-etre-le-suicide-du-rugbyman-jordan-michallet-reconnu-comme-accident-du-travail.jpg","articleSection":["S\u00e9curit\u00e9 Du Travail En Ile-De-France Et Divers:"],"inLanguage":"fr-FR"},{"@type":"WebPage","@id":"https:\/\/www.accidentdutravail-idf.net\/blog\/ces-defaites-et-le-fait-dechouer-lui-procuraient-un-profond-mal-etre-le-suicide-du-rugbyman-jordan-michallet-reconnu-comme-accident-du-travail\/","url":"https:\/\/www.accidentdutravail-idf.net\/blog\/ces-defaites-et-le-fait-dechouer-lui-procuraient-un-profond-mal-etre-le-suicide-du-rugbyman-jordan-michallet-reconnu-comme-accident-du-travail\/","name":"\u00ab Ces d\u00e9faites et le fait d'\u00e9chouer lui procuraient un profond mal-\u00eatre \u00bb : le suicide du rugbyman Jordan Michallet reconnu comme accident du travail - ACCIDENTDUTRAVAIL-IDF","isPartOf":{"@id":"https:\/\/www.accidentdutravail-idf.net\/blog\/#website"},"primaryImageOfPage":{"@id":"https:\/\/www.accidentdutravail-idf.net\/blog\/ces-defaites-et-le-fait-dechouer-lui-procuraient-un-profond-mal-etre-le-suicide-du-rugbyman-jordan-michallet-reconnu-comme-accident-du-travail\/#primaryimage"},"image":{"@id":"https:\/\/www.accidentdutravail-idf.net\/blog\/ces-defaites-et-le-fait-dechouer-lui-procuraient-un-profond-mal-etre-le-suicide-du-rugbyman-jordan-michallet-reconnu-comme-accident-du-travail\/#primaryimage"},"thumbnailUrl":"https:\/\/www.accidentdutravail-idf.net\/blog\/wp-content\/uploads\/2025\/09\/ces-defaites-et-le-fait-dechouer-lui-procuraient-un-profond-mal-etre-le-suicide-du-rugbyman-jordan-michallet-reconnu-comme-accident-du-travail.jpg","datePublished":"2025-09-16T06:16:00+00:00","description":"\u00ab Ces d\u00e9faites et le fait d'\u00e9chouer lui procuraient un profond mal-\u00eatre \u00bb : le suicide du rugbyman Jordan Michallet reconnu comme accident du travail article de ACCIDENTDUTRAVAIL-IDF","breadcrumb":{"@id":"https:\/\/www.accidentdutravail-idf.net\/blog\/ces-defaites-et-le-fait-dechouer-lui-procuraient-un-profond-mal-etre-le-suicide-du-rugbyman-jordan-michallet-reconnu-comme-accident-du-travail\/#breadcrumb"},"inLanguage":"fr-FR","potentialAction":[{"@type":"ReadAction","target":["https:\/\/www.accidentdutravail-idf.net\/blog\/ces-defaites-et-le-fait-dechouer-lui-procuraient-un-profond-mal-etre-le-suicide-du-rugbyman-jordan-michallet-reconnu-comme-accident-du-travail\/"]}]},{"@type":"ImageObject","inLanguage":"fr-FR","@id":"https:\/\/www.accidentdutravail-idf.net\/blog\/ces-defaites-et-le-fait-dechouer-lui-procuraient-un-profond-mal-etre-le-suicide-du-rugbyman-jordan-michallet-reconnu-comme-accident-du-travail\/#primaryimage","url":"https:\/\/www.accidentdutravail-idf.net\/blog\/wp-content\/uploads\/2025\/09\/ces-defaites-et-le-fait-dechouer-lui-procuraient-un-profond-mal-etre-le-suicide-du-rugbyman-jordan-michallet-reconnu-comme-accident-du-travail.jpg","contentUrl":"https:\/\/www.accidentdutravail-idf.net\/blog\/wp-content\/uploads\/2025\/09\/ces-defaites-et-le-fait-dechouer-lui-procuraient-un-profond-mal-etre-le-suicide-du-rugbyman-jordan-michallet-reconnu-comme-accident-du-travail.jpg"},{"@type":"BreadcrumbList","@id":"https:\/\/www.accidentdutravail-idf.net\/blog\/ces-defaites-et-le-fait-dechouer-lui-procuraient-un-profond-mal-etre-le-suicide-du-rugbyman-jordan-michallet-reconnu-comme-accident-du-travail\/#breadcrumb","itemListElement":[{"@type":"ListItem","position":1,"name":"Accueil","item":"https:\/\/www.accidentdutravail-idf.net\/blog\/"},{"@type":"ListItem","position":2,"name":"\u00ab Ces d\u00e9faites et le fait d&rsquo;\u00e9chouer lui procuraient un profond mal-\u00eatre \u00bb : le suicide du rugbyman Jordan Michallet reconnu comme accident du travail"}]},{"@type":"WebSite","@id":"https:\/\/www.accidentdutravail-idf.net\/blog\/#website","url":"https:\/\/www.accidentdutravail-idf.net\/blog\/","name":"ACCIDENTDUTRAVAIL-IDF","description":"Portail accidents du travail-maladies professionnelles des entreprises d&#039;Ile-de-France","publisher":{"@id":"https:\/\/www.accidentdutravail-idf.net\/blog\/#organization"},"potentialAction":[{"@type":"SearchAction","target":{"@type":"EntryPoint","urlTemplate":"https:\/\/www.accidentdutravail-idf.net\/blog\/?s={search_term_string}"},"query-input":{"@type":"PropertyValueSpecification","valueRequired":true,"valueName":"search_term_string"}}],"inLanguage":"fr-FR"},{"@type":"Organization","@id":"https:\/\/www.accidentdutravail-idf.net\/blog\/#organization","name":"accidentdutravail-idf","url":"https:\/\/www.accidentdutravail-idf.net\/blog\/","logo":{"@type":"ImageObject","inLanguage":"fr-FR","@id":"https:\/\/www.accidentdutravail-idf.net\/blog\/#\/schema\/logo\/image\/","url":"https:\/\/www.accidentdutravail-idf.net\/blog\/wp-content\/uploads\/2022\/09\/logo-2.png","contentUrl":"https:\/\/www.accidentdutravail-idf.net\/blog\/wp-content\/uploads\/2022\/09\/logo-2.png","width":380,"height":291,"caption":"accidentdutravail-idf"},"image":{"@id":"https:\/\/www.accidentdutravail-idf.net\/blog\/#\/schema\/logo\/image\/"}},{"@type":"Person","@id":"https:\/\/www.accidentdutravail-idf.net\/blog\/#\/schema\/person\/3255d2f970de45e64bd9201f38e7b947","name":"Carlos Poulain","image":{"@type":"ImageObject","inLanguage":"fr-FR","@id":"https:\/\/secure.gravatar.com\/avatar\/b1c2f9d3588e34e91adb093635df64ef4b2381991216be7576466cfcdca4baf3?s=96&d=mm&r=g","url":"https:\/\/secure.gravatar.com\/avatar\/b1c2f9d3588e34e91adb093635df64ef4b2381991216be7576466cfcdca4baf3?s=96&d=mm&r=g","contentUrl":"https:\/\/secure.gravatar.com\/avatar\/b1c2f9d3588e34e91adb093635df64ef4b2381991216be7576466cfcdca4baf3?s=96&d=mm&r=g","caption":"Carlos Poulain"},"url":"https:\/\/www.accidentdutravail-idf.net\/blog\/author\/idfcarlos\/"}]}},"_links":{"self":[{"href":"https:\/\/www.accidentdutravail-idf.net\/blog\/wp-json\/wp\/v2\/posts\/1726","targetHints":{"allow":["GET"]}}],"collection":[{"href":"https:\/\/www.accidentdutravail-idf.net\/blog\/wp-json\/wp\/v2\/posts"}],"about":[{"href":"https:\/\/www.accidentdutravail-idf.net\/blog\/wp-json\/wp\/v2\/types\/post"}],"author":[{"embeddable":true,"href":"https:\/\/www.accidentdutravail-idf.net\/blog\/wp-json\/wp\/v2\/users\/2"}],"replies":[{"embeddable":true,"href":"https:\/\/www.accidentdutravail-idf.net\/blog\/wp-json\/wp\/v2\/comments?post=1726"}],"version-history":[{"count":0,"href":"https:\/\/www.accidentdutravail-idf.net\/blog\/wp-json\/wp\/v2\/posts\/1726\/revisions"}],"wp:attachment":[{"href":"https:\/\/www.accidentdutravail-idf.net\/blog\/wp-json\/wp\/v2\/media?parent=1726"}],"wp:term":[{"taxonomy":"category","embeddable":true,"href":"https:\/\/www.accidentdutravail-idf.net\/blog\/wp-json\/wp\/v2\/categories?post=1726"},{"taxonomy":"post_tag","embeddable":true,"href":"https:\/\/www.accidentdutravail-idf.net\/blog\/wp-json\/wp\/v2\/tags?post=1726"}],"curies":[{"name":"wp","href":"https:\/\/api.w.org\/{rel}","templated":true}]}}