{"id":1706,"date":"2025-09-04T12:12:00","date_gmt":"2025-09-04T10:12:00","guid":{"rendered":"https:\/\/www.accidentdutravail-idf.net\/blog\/une-enquete-ouverte-apres-la-mort-dun-salarie-viticole-dans-le-sancerrois\/"},"modified":"2025-09-04T12:12:00","modified_gmt":"2025-09-04T10:12:00","slug":"une-enquete-ouverte-apres-la-mort-dun-salarie-viticole-dans-le-sancerrois","status":"publish","type":"post","link":"https:\/\/www.accidentdutravail-idf.net\/blog\/une-enquete-ouverte-apres-la-mort-dun-salarie-viticole-dans-le-sancerrois\/","title":{"rendered":"Une enqu\u00eate ouverte apr\u00e8s la mort d&rsquo;un salari\u00e9 viticole dans le Sancerrois"},"content":{"rendered":"<div class=\"ad-slot border-info-6 bg-info-1 relative mx-auto box-content content-center border print:hidden transition-discrete duration-300 ease-in data-[closed]:h-0 data-[closed]:min-h-0 w-full min-h-[260px] sm:min-h-[480px] my-2\">\n<div id=\"div-gpt--732377866-article\" class=\"flex justify-center *:[&amp;.cf-placeholder~*]:hidden\"><\/div>\n<\/div>\n<p class=\"typo-p1-paragraph\"><a href=\"https:\/\/www.leberry.fr\/crezancy-en-sancerre-18300\/faits-divers\/mort-d-un-salarie-viticole-tombe-dans-un-pressoir-pendant-les-vendanges-dans-le-sancerrois_14743633\/\" rel=\"noopener noreferrer nofollow\" target=\"_blank\" class=\"hover:text-primary-10 disabled:text-primary-2 focus:text-primary-11 cursor-pointer cursor-pointer text-primary-9 font-semibold text-base inline\">Un homme de 36 ans a trouv\u00e9 la mort dans un accident du travail<\/a>, dans la cave d&rsquo;un domaine viticole de Cr\u00e9zancy-en-Sancerre, ce jeudi 4 septembre 2025.&nbsp;Alors que les vendanges viennent de commencer, ce salari\u00e9 viticole est tomb\u00e9 dans un pressoir, aux&nbsp;Caves du Prieur\u00e9, au lieu-dit Reigny.<\/p>\n<p>accidentdutravail-idf.net vous a pr\u00e9par\u00e9 ce post qui informe du sujet \u00ab\u00a0Association Sportive Huisson-Longueville Essonne\u00a0\u00bb. La chronique se veut g\u00e9n\u00e9r\u00e9e du mieux possible. Vous pouvez utiliser les coordonn\u00e9es indiqu\u00e9es sur le site dans le but d\u2019apporter des explications sur ce post qui parle du th\u00e8me \u00ab\u00a0Association Sportive Huisson-Longueville Essonne\u00a0\u00bb. Le site accidentdutravail-idf.net a pour but de fournir diverses publications sur la th\u00e9matique Association Sportive Huisson-Longueville Essonne diffus\u00e9es sur le net. Il y aura plusieurs articles autour du sujet \u00ab\u00a0Association Sportive Huisson-Longueville Essonne\u00a0\u00bb dans quelques jours, nous vous invitons \u00e0 naviguer sur notre site web \u00e0 plusieurs reprises.<\/p>\n","protected":false},"excerpt":{"rendered":"<p>Un homme de 36 ans a trouv\u00e9 la mort dans un accident du travail, dans la cave d&rsquo;un domaine viticole de Cr\u00e9zancy-en-Sancerre, ce jeudi 4 septembre 2025.&nbsp;Alors que les vendanges viennent de commencer, ce salari\u00e9 viticole est tomb\u00e9 dans un pressoir, aux&nbsp;Caves du Prieur\u00e9, au lieu-dit Reigny. accidentdutravail-idf.net vous a pr\u00e9par\u00e9 ce post qui informe &hellip; <\/p>\n<p class=\"link-more\"><a href=\"https:\/\/www.accidentdutravail-idf.net\/blog\/une-enquete-ouverte-apres-la-mort-dun-salarie-viticole-dans-le-sancerrois\/\" class=\"more-link\">Continuer la lecture <span class=\"screen-reader-text\"> \u00ab\u00a0Une enqu\u00eate ouverte apr\u00e8s la mort d&rsquo;un salari\u00e9 viticole dans le Sancerrois\u00a0\u00bb<\/span><\/a><\/p>\n","protected":false},"author":2,"featured_media":0,"comment_status":"closed","ping_status":"closed","sticky":false,"template":"","format":"standard","meta":{"footnotes":""},"categories":[5],"tags":[],"class_list":["post-1706","post","type-post","status-publish","format-standard","hentry","category-securite-du-travail-en-ile-de-france-et-divers","entry"],"yoast_head":"<!-- This site is optimized with the Yoast SEO plugin v27.5 - https:\/\/yoast.com\/product\/yoast-seo-wordpress\/ -->\n<title>Une enqu\u00eate ouverte apr\u00e8s la mort d&#039;un salari\u00e9 viticole dans le Sancerrois - ACCIDENTDUTRAVAIL-IDF<\/title>\n<meta name=\"description\" content=\"Une enqu\u00eate ouverte apr\u00e8s la mort d&#039;un salari\u00e9 viticole dans le Sancerrois article de ACCIDENTDUTRAVAIL-IDF\" \/>\n<meta name=\"robots\" content=\"index, follow, max-snippet:-1, max-image-preview:large, max-video-preview:-1\" \/>\n<link rel=\"canonical\" href=\"https:\/\/www.accidentdutravail-idf.net\/blog\/une-enquete-ouverte-apres-la-mort-dun-salarie-viticole-dans-le-sancerrois\/\" \/>\n<meta property=\"og:locale\" content=\"fr_FR\" \/>\n<meta property=\"og:type\" content=\"article\" \/>\n<meta property=\"og:title\" content=\"Une enqu\u00eate ouverte apr\u00e8s la mort d&#039;un salari\u00e9 viticole dans le Sancerrois - ACCIDENTDUTRAVAIL-IDF\" \/>\n<meta property=\"og:description\" content=\"Une enqu\u00eate ouverte apr\u00e8s la mort d&#039;un salari\u00e9 viticole dans le Sancerrois article de ACCIDENTDUTRAVAIL-IDF\" \/>\n<meta property=\"og:url\" content=\"https:\/\/www.accidentdutravail-idf.net\/blog\/une-enquete-ouverte-apres-la-mort-dun-salarie-viticole-dans-le-sancerrois\/\" \/>\n<meta property=\"og:site_name\" content=\"ACCIDENTDUTRAVAIL-IDF\" \/>\n<meta property=\"article:published_time\" content=\"2025-09-04T10:12:00+00:00\" \/>\n<meta name=\"author\" content=\"Carlos Poulain\" \/>\n<meta name=\"twitter:card\" content=\"summary_large_image\" \/>\n<meta name=\"twitter:label1\" content=\"\u00c9crit par\" \/>\n\t<meta name=\"twitter:data1\" content=\"Carlos Poulain\" \/>\n\t<meta name=\"twitter:label2\" content=\"Dur\u00e9e de lecture estim\u00e9e\" \/>\n\t<meta name=\"twitter:data2\" content=\"1 minute\" \/>\n<script type=\"application\/ld+json\" class=\"yoast-schema-graph\">{\"@context\":\"https:\\\/\\\/schema.org\",\"@graph\":[{\"@type\":\"Article\",\"@id\":\"https:\\\/\\\/www.accidentdutravail-idf.net\\\/blog\\\/une-enquete-ouverte-apres-la-mort-dun-salarie-viticole-dans-le-sancerrois\\\/#article\",\"isPartOf\":{\"@id\":\"https:\\\/\\\/www.accidentdutravail-idf.net\\\/blog\\\/une-enquete-ouverte-apres-la-mort-dun-salarie-viticole-dans-le-sancerrois\\\/\"},\"author\":{\"name\":\"Carlos Poulain\",\"@id\":\"https:\\\/\\\/www.accidentdutravail-idf.net\\\/blog\\\/#\\\/schema\\\/person\\\/3255d2f970de45e64bd9201f38e7b947\"},\"headline\":\"Une enqu\u00eate ouverte apr\u00e8s la mort d&rsquo;un salari\u00e9 viticole dans le Sancerrois\",\"datePublished\":\"2025-09-04T10:12:00+00:00\",\"mainEntityOfPage\":{\"@id\":\"https:\\\/\\\/www.accidentdutravail-idf.net\\\/blog\\\/une-enquete-ouverte-apres-la-mort-dun-salarie-viticole-dans-le-sancerrois\\\/\"},\"wordCount\":169,\"publisher\":{\"@id\":\"https:\\\/\\\/www.accidentdutravail-idf.net\\\/blog\\\/#organization\"},\"articleSection\":[\"S\u00e9curit\u00e9 Du Travail En Ile-De-France Et Divers:\"],\"inLanguage\":\"fr-FR\"},{\"@type\":\"WebPage\",\"@id\":\"https:\\\/\\\/www.accidentdutravail-idf.net\\\/blog\\\/une-enquete-ouverte-apres-la-mort-dun-salarie-viticole-dans-le-sancerrois\\\/\",\"url\":\"https:\\\/\\\/www.accidentdutravail-idf.net\\\/blog\\\/une-enquete-ouverte-apres-la-mort-dun-salarie-viticole-dans-le-sancerrois\\\/\",\"name\":\"Une enqu\u00eate ouverte apr\u00e8s la mort d'un salari\u00e9 viticole dans le Sancerrois - ACCIDENTDUTRAVAIL-IDF\",\"isPartOf\":{\"@id\":\"https:\\\/\\\/www.accidentdutravail-idf.net\\\/blog\\\/#website\"},\"datePublished\":\"2025-09-04T10:12:00+00:00\",\"description\":\"Une enqu\u00eate ouverte apr\u00e8s la mort d'un salari\u00e9 viticole dans le Sancerrois article de ACCIDENTDUTRAVAIL-IDF\",\"breadcrumb\":{\"@id\":\"https:\\\/\\\/www.accidentdutravail-idf.net\\\/blog\\\/une-enquete-ouverte-apres-la-mort-dun-salarie-viticole-dans-le-sancerrois\\\/#breadcrumb\"},\"inLanguage\":\"fr-FR\",\"potentialAction\":[{\"@type\":\"ReadAction\",\"target\":[\"https:\\\/\\\/www.accidentdutravail-idf.net\\\/blog\\\/une-enquete-ouverte-apres-la-mort-dun-salarie-viticole-dans-le-sancerrois\\\/\"]}]},{\"@type\":\"BreadcrumbList\",\"@id\":\"https:\\\/\\\/www.accidentdutravail-idf.net\\\/blog\\\/une-enquete-ouverte-apres-la-mort-dun-salarie-viticole-dans-le-sancerrois\\\/#breadcrumb\",\"itemListElement\":[{\"@type\":\"ListItem\",\"position\":1,\"name\":\"Accueil\",\"item\":\"https:\\\/\\\/www.accidentdutravail-idf.net\\\/blog\\\/\"},{\"@type\":\"ListItem\",\"position\":2,\"name\":\"Une enqu\u00eate ouverte apr\u00e8s la mort d&rsquo;un salari\u00e9 viticole dans le Sancerrois\"}]},{\"@type\":\"WebSite\",\"@id\":\"https:\\\/\\\/www.accidentdutravail-idf.net\\\/blog\\\/#website\",\"url\":\"https:\\\/\\\/www.accidentdutravail-idf.net\\\/blog\\\/\",\"name\":\"ACCIDENTDUTRAVAIL-IDF\",\"description\":\"Portail accidents du travail-maladies professionnelles des entreprises d&#039;Ile-de-France\",\"publisher\":{\"@id\":\"https:\\\/\\\/www.accidentdutravail-idf.net\\\/blog\\\/#organization\"},\"potentialAction\":[{\"@type\":\"SearchAction\",\"target\":{\"@type\":\"EntryPoint\",\"urlTemplate\":\"https:\\\/\\\/www.accidentdutravail-idf.net\\\/blog\\\/?s={search_term_string}\"},\"query-input\":{\"@type\":\"PropertyValueSpecification\",\"valueRequired\":true,\"valueName\":\"search_term_string\"}}],\"inLanguage\":\"fr-FR\"},{\"@type\":\"Organization\",\"@id\":\"https:\\\/\\\/www.accidentdutravail-idf.net\\\/blog\\\/#organization\",\"name\":\"accidentdutravail-idf\",\"url\":\"https:\\\/\\\/www.accidentdutravail-idf.net\\\/blog\\\/\",\"logo\":{\"@type\":\"ImageObject\",\"inLanguage\":\"fr-FR\",\"@id\":\"https:\\\/\\\/www.accidentdutravail-idf.net\\\/blog\\\/#\\\/schema\\\/logo\\\/image\\\/\",\"url\":\"https:\\\/\\\/www.accidentdutravail-idf.net\\\/blog\\\/wp-content\\\/uploads\\\/2022\\\/09\\\/logo-2.png\",\"contentUrl\":\"https:\\\/\\\/www.accidentdutravail-idf.net\\\/blog\\\/wp-content\\\/uploads\\\/2022\\\/09\\\/logo-2.png\",\"width\":380,\"height\":291,\"caption\":\"accidentdutravail-idf\"},\"image\":{\"@id\":\"https:\\\/\\\/www.accidentdutravail-idf.net\\\/blog\\\/#\\\/schema\\\/logo\\\/image\\\/\"}},{\"@type\":\"Person\",\"@id\":\"https:\\\/\\\/www.accidentdutravail-idf.net\\\/blog\\\/#\\\/schema\\\/person\\\/3255d2f970de45e64bd9201f38e7b947\",\"name\":\"Carlos Poulain\",\"image\":{\"@type\":\"ImageObject\",\"inLanguage\":\"fr-FR\",\"@id\":\"https:\\\/\\\/secure.gravatar.com\\\/avatar\\\/b1c2f9d3588e34e91adb093635df64ef4b2381991216be7576466cfcdca4baf3?s=96&d=mm&r=g\",\"url\":\"https:\\\/\\\/secure.gravatar.com\\\/avatar\\\/b1c2f9d3588e34e91adb093635df64ef4b2381991216be7576466cfcdca4baf3?s=96&d=mm&r=g\",\"contentUrl\":\"https:\\\/\\\/secure.gravatar.com\\\/avatar\\\/b1c2f9d3588e34e91adb093635df64ef4b2381991216be7576466cfcdca4baf3?s=96&d=mm&r=g\",\"caption\":\"Carlos Poulain\"},\"url\":\"https:\\\/\\\/www.accidentdutravail-idf.net\\\/blog\\\/author\\\/idfcarlos\\\/\"}]}<\/script>\n<!-- \/ Yoast SEO plugin. -->","yoast_head_json":{"title":"Une enqu\u00eate ouverte apr\u00e8s la mort d'un salari\u00e9 viticole dans le Sancerrois - ACCIDENTDUTRAVAIL-IDF","description":"Une enqu\u00eate ouverte apr\u00e8s la mort d'un salari\u00e9 viticole dans le Sancerrois article de ACCIDENTDUTRAVAIL-IDF","robots":{"index":"index","follow":"follow","max-snippet":"max-snippet:-1","max-image-preview":"max-image-preview:large","max-video-preview":"max-video-preview:-1"},"canonical":"https:\/\/www.accidentdutravail-idf.net\/blog\/une-enquete-ouverte-apres-la-mort-dun-salarie-viticole-dans-le-sancerrois\/","og_locale":"fr_FR","og_type":"article","og_title":"Une enqu\u00eate ouverte apr\u00e8s la mort d'un salari\u00e9 viticole dans le Sancerrois - ACCIDENTDUTRAVAIL-IDF","og_description":"Une enqu\u00eate ouverte apr\u00e8s la mort d'un salari\u00e9 viticole dans le Sancerrois article de ACCIDENTDUTRAVAIL-IDF","og_url":"https:\/\/www.accidentdutravail-idf.net\/blog\/une-enquete-ouverte-apres-la-mort-dun-salarie-viticole-dans-le-sancerrois\/","og_site_name":"ACCIDENTDUTRAVAIL-IDF","article_published_time":"2025-09-04T10:12:00+00:00","author":"Carlos Poulain","twitter_card":"summary_large_image","twitter_misc":{"\u00c9crit par":"Carlos Poulain","Dur\u00e9e de lecture estim\u00e9e":"1 minute"},"schema":{"@context":"https:\/\/schema.org","@graph":[{"@type":"Article","@id":"https:\/\/www.accidentdutravail-idf.net\/blog\/une-enquete-ouverte-apres-la-mort-dun-salarie-viticole-dans-le-sancerrois\/#article","isPartOf":{"@id":"https:\/\/www.accidentdutravail-idf.net\/blog\/une-enquete-ouverte-apres-la-mort-dun-salarie-viticole-dans-le-sancerrois\/"},"author":{"name":"Carlos Poulain","@id":"https:\/\/www.accidentdutravail-idf.net\/blog\/#\/schema\/person\/3255d2f970de45e64bd9201f38e7b947"},"headline":"Une enqu\u00eate ouverte apr\u00e8s la mort d&rsquo;un salari\u00e9 viticole dans le Sancerrois","datePublished":"2025-09-04T10:12:00+00:00","mainEntityOfPage":{"@id":"https:\/\/www.accidentdutravail-idf.net\/blog\/une-enquete-ouverte-apres-la-mort-dun-salarie-viticole-dans-le-sancerrois\/"},"wordCount":169,"publisher":{"@id":"https:\/\/www.accidentdutravail-idf.net\/blog\/#organization"},"articleSection":["S\u00e9curit\u00e9 Du Travail En Ile-De-France Et Divers:"],"inLanguage":"fr-FR"},{"@type":"WebPage","@id":"https:\/\/www.accidentdutravail-idf.net\/blog\/une-enquete-ouverte-apres-la-mort-dun-salarie-viticole-dans-le-sancerrois\/","url":"https:\/\/www.accidentdutravail-idf.net\/blog\/une-enquete-ouverte-apres-la-mort-dun-salarie-viticole-dans-le-sancerrois\/","name":"Une enqu\u00eate ouverte apr\u00e8s la mort d'un salari\u00e9 viticole dans le Sancerrois - ACCIDENTDUTRAVAIL-IDF","isPartOf":{"@id":"https:\/\/www.accidentdutravail-idf.net\/blog\/#website"},"datePublished":"2025-09-04T10:12:00+00:00","description":"Une enqu\u00eate ouverte apr\u00e8s la mort d'un salari\u00e9 viticole dans le Sancerrois article de ACCIDENTDUTRAVAIL-IDF","breadcrumb":{"@id":"https:\/\/www.accidentdutravail-idf.net\/blog\/une-enquete-ouverte-apres-la-mort-dun-salarie-viticole-dans-le-sancerrois\/#breadcrumb"},"inLanguage":"fr-FR","potentialAction":[{"@type":"ReadAction","target":["https:\/\/www.accidentdutravail-idf.net\/blog\/une-enquete-ouverte-apres-la-mort-dun-salarie-viticole-dans-le-sancerrois\/"]}]},{"@type":"BreadcrumbList","@id":"https:\/\/www.accidentdutravail-idf.net\/blog\/une-enquete-ouverte-apres-la-mort-dun-salarie-viticole-dans-le-sancerrois\/#breadcrumb","itemListElement":[{"@type":"ListItem","position":1,"name":"Accueil","item":"https:\/\/www.accidentdutravail-idf.net\/blog\/"},{"@type":"ListItem","position":2,"name":"Une enqu\u00eate ouverte apr\u00e8s la mort d&rsquo;un salari\u00e9 viticole dans le Sancerrois"}]},{"@type":"WebSite","@id":"https:\/\/www.accidentdutravail-idf.net\/blog\/#website","url":"https:\/\/www.accidentdutravail-idf.net\/blog\/","name":"ACCIDENTDUTRAVAIL-IDF","description":"Portail accidents du travail-maladies professionnelles des entreprises d&#039;Ile-de-France","publisher":{"@id":"https:\/\/www.accidentdutravail-idf.net\/blog\/#organization"},"potentialAction":[{"@type":"SearchAction","target":{"@type":"EntryPoint","urlTemplate":"https:\/\/www.accidentdutravail-idf.net\/blog\/?s={search_term_string}"},"query-input":{"@type":"PropertyValueSpecification","valueRequired":true,"valueName":"search_term_string"}}],"inLanguage":"fr-FR"},{"@type":"Organization","@id":"https:\/\/www.accidentdutravail-idf.net\/blog\/#organization","name":"accidentdutravail-idf","url":"https:\/\/www.accidentdutravail-idf.net\/blog\/","logo":{"@type":"ImageObject","inLanguage":"fr-FR","@id":"https:\/\/www.accidentdutravail-idf.net\/blog\/#\/schema\/logo\/image\/","url":"https:\/\/www.accidentdutravail-idf.net\/blog\/wp-content\/uploads\/2022\/09\/logo-2.png","contentUrl":"https:\/\/www.accidentdutravail-idf.net\/blog\/wp-content\/uploads\/2022\/09\/logo-2.png","width":380,"height":291,"caption":"accidentdutravail-idf"},"image":{"@id":"https:\/\/www.accidentdutravail-idf.net\/blog\/#\/schema\/logo\/image\/"}},{"@type":"Person","@id":"https:\/\/www.accidentdutravail-idf.net\/blog\/#\/schema\/person\/3255d2f970de45e64bd9201f38e7b947","name":"Carlos Poulain","image":{"@type":"ImageObject","inLanguage":"fr-FR","@id":"https:\/\/secure.gravatar.com\/avatar\/b1c2f9d3588e34e91adb093635df64ef4b2381991216be7576466cfcdca4baf3?s=96&d=mm&r=g","url":"https:\/\/secure.gravatar.com\/avatar\/b1c2f9d3588e34e91adb093635df64ef4b2381991216be7576466cfcdca4baf3?s=96&d=mm&r=g","contentUrl":"https:\/\/secure.gravatar.com\/avatar\/b1c2f9d3588e34e91adb093635df64ef4b2381991216be7576466cfcdca4baf3?s=96&d=mm&r=g","caption":"Carlos Poulain"},"url":"https:\/\/www.accidentdutravail-idf.net\/blog\/author\/idfcarlos\/"}]}},"_links":{"self":[{"href":"https:\/\/www.accidentdutravail-idf.net\/blog\/wp-json\/wp\/v2\/posts\/1706","targetHints":{"allow":["GET"]}}],"collection":[{"href":"https:\/\/www.accidentdutravail-idf.net\/blog\/wp-json\/wp\/v2\/posts"}],"about":[{"href":"https:\/\/www.accidentdutravail-idf.net\/blog\/wp-json\/wp\/v2\/types\/post"}],"author":[{"embeddable":true,"href":"https:\/\/www.accidentdutravail-idf.net\/blog\/wp-json\/wp\/v2\/users\/2"}],"replies":[{"embeddable":true,"href":"https:\/\/www.accidentdutravail-idf.net\/blog\/wp-json\/wp\/v2\/comments?post=1706"}],"version-history":[{"count":0,"href":"https:\/\/www.accidentdutravail-idf.net\/blog\/wp-json\/wp\/v2\/posts\/1706\/revisions"}],"wp:attachment":[{"href":"https:\/\/www.accidentdutravail-idf.net\/blog\/wp-json\/wp\/v2\/media?parent=1706"}],"wp:term":[{"taxonomy":"category","embeddable":true,"href":"https:\/\/www.accidentdutravail-idf.net\/blog\/wp-json\/wp\/v2\/categories?post=1706"},{"taxonomy":"post_tag","embeddable":true,"href":"https:\/\/www.accidentdutravail-idf.net\/blog\/wp-json\/wp\/v2\/tags?post=1706"}],"curies":[{"name":"wp","href":"https:\/\/api.w.org\/{rel}","templated":true}]}}