{"id":1703,"date":"2025-09-04T11:12:00","date_gmt":"2025-09-04T09:12:00","guid":{"rendered":"https:\/\/www.accidentdutravail-idf.net\/blog\/accident-du-travail-a-jatxou-un-elagueur-tres-grievement-blesse-apres-une-chute\/"},"modified":"2025-09-04T11:12:00","modified_gmt":"2025-09-04T09:12:00","slug":"accident-du-travail-a-jatxou-un-elagueur-tres-grievement-blesse-apres-une-chute","status":"publish","type":"post","link":"https:\/\/www.accidentdutravail-idf.net\/blog\/accident-du-travail-a-jatxou-un-elagueur-tres-grievement-blesse-apres-une-chute\/","title":{"rendered":"Accident du travail \u00e0 Jatxou, un \u00e9lagueur tr\u00e8s gri\u00e8vement bless\u00e9 apr\u00e8s une chute"},"content":{"rendered":"<div><img decoding=\"async\" src=\"https:\/\/www.accidentdutravail-idf.net\/blog\/wp-content\/uploads\/2025\/09\/accident-du-travail-a-jatxou-un-elagueur-tres-grievement-blesse-apres-une-chute.jpg\" class=\"ff-og-image-inserted\"><\/div>\n<p>Un jeune \u00e9lagueur de 28 ans tr\u00e8s gravement bless\u00e9 ce jeudi, apr\u00e8s une chute de 11 m\u00e8tres de hauteur, alors qu&rsquo;il travaillait sur un arbre sur la commune de Jatxou.<\/p>\n<div><!--[1--><!--[--><!--[2--><!--[--><!--[1--><!--&gt;\n\n<p>--><!--[1--><!--[--><!--[2--><!--[1--><!--[1--><!--&gt;--><!--&gt;Un <strong>grave accident du travai<\/strong>l s'est produit ce jeudi 4 septembre sur la commune de Jatxou non loin d'Ustaritz. Il \u00e9tait 10&nbsp;h&nbsp;25 lorsque les secours ont \u00e9t\u00e9 appel\u00e9s, pr\u00e9cise la gendarmerie des Pyr\u00e9n\u00e9es-Atlantiques. Un jeune \u00e9lagueur de 28 ans a fait une lourde chute de 11 m\u00e8tres de hauteur alors qu'il travaillait sur un arbre pour le compte d'une soci\u00e9t\u00e9 d'\u00e9lagage.--><!--&gt;--><!--]--><!--]--><!--]--><!--&gt;]--><!--]--><!--&gt;--><\/p>\n<p><!--&gt;]--><!--]--><!--]--><!--&gt;[2--><!--[3--><!--&gt;[--><!--]--><!--&gt;]--><!--]--><!--&gt;[2--><!--[--><!--[1--><!--&gt;\n\n<p>--><!--[1--><!--[--><!--[2--><!--[1--><!--[1--><!--&gt;--><!--&gt;Le jeune homme a \u00e9t\u00e9 pris en charge par les secours, la victime a \u00e9t\u00e9 transf\u00e9r\u00e9e en urgence absolue sur le centre hospitalier de la c\u00f4te basque de Bayonne. Le jeune homme est en vie, mais selon les premi\u00e8res constatations, il souffre de <strong>graves s\u00e9quelles<\/strong> physiques.--><!--&gt;--><!--]--><!--]--><!--]--><!--&gt;]--><!--]--><!--&gt;--><\/p>\n<p><!--&gt;]--><!--]--><!--]--><!--&gt;]--><!--]--><!--&gt;<\/div>\n\naccidentdutravail-idf.net vous a pr\u00e9par\u00e9 ce post qui informe du sujet \"Association Sportive Huisson-Longueville Essonne\". La chronique se veut g\u00e9n\u00e9r\u00e9e du mieux possible. Vous pouvez utiliser les coordonn\u00e9es indiqu\u00e9es sur le site dans le but d\u2019apporter des explications sur ce post qui parle du th\u00e8me \"Association Sportive Huisson-Longueville Essonne\". Le site accidentdutravail-idf.net a pour but de fournir diverses publications sur la th\u00e9matique Association Sportive Huisson-Longueville Essonne diffus\u00e9es sur le net. Il y aura plusieurs articles autour du sujet \"Association Sportive Huisson-Longueville Essonne\" dans quelques jours, nous vous invitons \u00e0 naviguer sur notre site web \u00e0 plusieurs reprises.--><\/p>\n","protected":false},"excerpt":{"rendered":"<p>Un jeune \u00e9lagueur de 28 ans tr\u00e8s gravement bless\u00e9 ce jeudi, apr\u00e8s une chute de 11 m\u00e8tres de hauteur, alors qu&rsquo;il travaillait sur un arbre sur la commune de Jatxou.<\/p>\n","protected":false},"author":2,"featured_media":0,"comment_status":"closed","ping_status":"closed","sticky":false,"template":"","format":"standard","meta":{"footnotes":""},"categories":[5],"tags":[],"class_list":["post-1703","post","type-post","status-publish","format-standard","hentry","category-securite-du-travail-en-ile-de-france-et-divers","entry"],"yoast_head":"<!-- This site is optimized with the Yoast SEO plugin v27.5 - https:\/\/yoast.com\/product\/yoast-seo-wordpress\/ -->\n<title>Accident du travail \u00e0 Jatxou, un \u00e9lagueur tr\u00e8s gri\u00e8vement bless\u00e9 apr\u00e8s une chute - ACCIDENTDUTRAVAIL-IDF<\/title>\n<meta name=\"description\" content=\"Accident du travail \u00e0 Jatxou, un \u00e9lagueur tr\u00e8s gri\u00e8vement bless\u00e9 apr\u00e8s une chute article de ACCIDENTDUTRAVAIL-IDF\" \/>\n<meta name=\"robots\" content=\"index, follow, max-snippet:-1, max-image-preview:large, max-video-preview:-1\" \/>\n<link rel=\"canonical\" href=\"https:\/\/www.accidentdutravail-idf.net\/blog\/accident-du-travail-a-jatxou-un-elagueur-tres-grievement-blesse-apres-une-chute\/\" \/>\n<meta property=\"og:locale\" content=\"fr_FR\" \/>\n<meta property=\"og:type\" content=\"article\" \/>\n<meta property=\"og:title\" content=\"Accident du travail \u00e0 Jatxou, un \u00e9lagueur tr\u00e8s gri\u00e8vement bless\u00e9 apr\u00e8s une chute - ACCIDENTDUTRAVAIL-IDF\" \/>\n<meta property=\"og:description\" content=\"Accident du travail \u00e0 Jatxou, un \u00e9lagueur tr\u00e8s gri\u00e8vement bless\u00e9 apr\u00e8s une chute article de ACCIDENTDUTRAVAIL-IDF\" \/>\n<meta property=\"og:url\" content=\"https:\/\/www.accidentdutravail-idf.net\/blog\/accident-du-travail-a-jatxou-un-elagueur-tres-grievement-blesse-apres-une-chute\/\" \/>\n<meta property=\"og:site_name\" content=\"ACCIDENTDUTRAVAIL-IDF\" \/>\n<meta property=\"article:published_time\" content=\"2025-09-04T09:12:00+00:00\" \/>\n<meta property=\"og:image\" content=\"https:\/\/www.accidentdutravail-idf.net\/blog\/wp-content\/uploads\/2025\/09\/accident-du-travail-a-jatxou-un-elagueur-tres-grievement-blesse-apres-une-chute.jpg\" \/>\n<meta name=\"author\" content=\"Carlos Poulain\" \/>\n<meta name=\"twitter:card\" content=\"summary_large_image\" \/>\n<meta name=\"twitter:label1\" content=\"\u00c9crit par\" \/>\n\t<meta name=\"twitter:data1\" content=\"Carlos Poulain\" \/>\n<script type=\"application\/ld+json\" class=\"yoast-schema-graph\">{\"@context\":\"https:\\\/\\\/schema.org\",\"@graph\":[{\"@type\":\"Article\",\"@id\":\"https:\\\/\\\/www.accidentdutravail-idf.net\\\/blog\\\/accident-du-travail-a-jatxou-un-elagueur-tres-grievement-blesse-apres-une-chute\\\/#article\",\"isPartOf\":{\"@id\":\"https:\\\/\\\/www.accidentdutravail-idf.net\\\/blog\\\/accident-du-travail-a-jatxou-un-elagueur-tres-grievement-blesse-apres-une-chute\\\/\"},\"author\":{\"name\":\"Carlos Poulain\",\"@id\":\"https:\\\/\\\/www.accidentdutravail-idf.net\\\/blog\\\/#\\\/schema\\\/person\\\/3255d2f970de45e64bd9201f38e7b947\"},\"headline\":\"Accident du travail \u00e0 Jatxou, un \u00e9lagueur tr\u00e8s gri\u00e8vement bless\u00e9 apr\u00e8s une chute\",\"datePublished\":\"2025-09-04T09:12:00+00:00\",\"mainEntityOfPage\":{\"@id\":\"https:\\\/\\\/www.accidentdutravail-idf.net\\\/blog\\\/accident-du-travail-a-jatxou-un-elagueur-tres-grievement-blesse-apres-une-chute\\\/\"},\"wordCount\":46,\"publisher\":{\"@id\":\"https:\\\/\\\/www.accidentdutravail-idf.net\\\/blog\\\/#organization\"},\"image\":{\"@id\":\"https:\\\/\\\/www.accidentdutravail-idf.net\\\/blog\\\/accident-du-travail-a-jatxou-un-elagueur-tres-grievement-blesse-apres-une-chute\\\/#primaryimage\"},\"thumbnailUrl\":\"https:\\\/\\\/www.accidentdutravail-idf.net\\\/blog\\\/wp-content\\\/uploads\\\/2025\\\/09\\\/accident-du-travail-a-jatxou-un-elagueur-tres-grievement-blesse-apres-une-chute.jpg\",\"articleSection\":[\"S\u00e9curit\u00e9 Du Travail En Ile-De-France Et Divers:\"],\"inLanguage\":\"fr-FR\"},{\"@type\":\"WebPage\",\"@id\":\"https:\\\/\\\/www.accidentdutravail-idf.net\\\/blog\\\/accident-du-travail-a-jatxou-un-elagueur-tres-grievement-blesse-apres-une-chute\\\/\",\"url\":\"https:\\\/\\\/www.accidentdutravail-idf.net\\\/blog\\\/accident-du-travail-a-jatxou-un-elagueur-tres-grievement-blesse-apres-une-chute\\\/\",\"name\":\"Accident du travail \u00e0 Jatxou, un \u00e9lagueur tr\u00e8s gri\u00e8vement bless\u00e9 apr\u00e8s une chute - ACCIDENTDUTRAVAIL-IDF\",\"isPartOf\":{\"@id\":\"https:\\\/\\\/www.accidentdutravail-idf.net\\\/blog\\\/#website\"},\"primaryImageOfPage\":{\"@id\":\"https:\\\/\\\/www.accidentdutravail-idf.net\\\/blog\\\/accident-du-travail-a-jatxou-un-elagueur-tres-grievement-blesse-apres-une-chute\\\/#primaryimage\"},\"image\":{\"@id\":\"https:\\\/\\\/www.accidentdutravail-idf.net\\\/blog\\\/accident-du-travail-a-jatxou-un-elagueur-tres-grievement-blesse-apres-une-chute\\\/#primaryimage\"},\"thumbnailUrl\":\"https:\\\/\\\/www.accidentdutravail-idf.net\\\/blog\\\/wp-content\\\/uploads\\\/2025\\\/09\\\/accident-du-travail-a-jatxou-un-elagueur-tres-grievement-blesse-apres-une-chute.jpg\",\"datePublished\":\"2025-09-04T09:12:00+00:00\",\"description\":\"Accident du travail \u00e0 Jatxou, un \u00e9lagueur tr\u00e8s gri\u00e8vement bless\u00e9 apr\u00e8s une chute article de ACCIDENTDUTRAVAIL-IDF\",\"breadcrumb\":{\"@id\":\"https:\\\/\\\/www.accidentdutravail-idf.net\\\/blog\\\/accident-du-travail-a-jatxou-un-elagueur-tres-grievement-blesse-apres-une-chute\\\/#breadcrumb\"},\"inLanguage\":\"fr-FR\",\"potentialAction\":[{\"@type\":\"ReadAction\",\"target\":[\"https:\\\/\\\/www.accidentdutravail-idf.net\\\/blog\\\/accident-du-travail-a-jatxou-un-elagueur-tres-grievement-blesse-apres-une-chute\\\/\"]}]},{\"@type\":\"ImageObject\",\"inLanguage\":\"fr-FR\",\"@id\":\"https:\\\/\\\/www.accidentdutravail-idf.net\\\/blog\\\/accident-du-travail-a-jatxou-un-elagueur-tres-grievement-blesse-apres-une-chute\\\/#primaryimage\",\"url\":\"https:\\\/\\\/www.accidentdutravail-idf.net\\\/blog\\\/wp-content\\\/uploads\\\/2025\\\/09\\\/accident-du-travail-a-jatxou-un-elagueur-tres-grievement-blesse-apres-une-chute.jpg\",\"contentUrl\":\"https:\\\/\\\/www.accidentdutravail-idf.net\\\/blog\\\/wp-content\\\/uploads\\\/2025\\\/09\\\/accident-du-travail-a-jatxou-un-elagueur-tres-grievement-blesse-apres-une-chute.jpg\"},{\"@type\":\"BreadcrumbList\",\"@id\":\"https:\\\/\\\/www.accidentdutravail-idf.net\\\/blog\\\/accident-du-travail-a-jatxou-un-elagueur-tres-grievement-blesse-apres-une-chute\\\/#breadcrumb\",\"itemListElement\":[{\"@type\":\"ListItem\",\"position\":1,\"name\":\"Accueil\",\"item\":\"https:\\\/\\\/www.accidentdutravail-idf.net\\\/blog\\\/\"},{\"@type\":\"ListItem\",\"position\":2,\"name\":\"Accident du travail \u00e0 Jatxou, un \u00e9lagueur tr\u00e8s gri\u00e8vement bless\u00e9 apr\u00e8s une chute\"}]},{\"@type\":\"WebSite\",\"@id\":\"https:\\\/\\\/www.accidentdutravail-idf.net\\\/blog\\\/#website\",\"url\":\"https:\\\/\\\/www.accidentdutravail-idf.net\\\/blog\\\/\",\"name\":\"ACCIDENTDUTRAVAIL-IDF\",\"description\":\"Portail accidents du travail-maladies professionnelles des entreprises d&#039;Ile-de-France\",\"publisher\":{\"@id\":\"https:\\\/\\\/www.accidentdutravail-idf.net\\\/blog\\\/#organization\"},\"potentialAction\":[{\"@type\":\"SearchAction\",\"target\":{\"@type\":\"EntryPoint\",\"urlTemplate\":\"https:\\\/\\\/www.accidentdutravail-idf.net\\\/blog\\\/?s={search_term_string}\"},\"query-input\":{\"@type\":\"PropertyValueSpecification\",\"valueRequired\":true,\"valueName\":\"search_term_string\"}}],\"inLanguage\":\"fr-FR\"},{\"@type\":\"Organization\",\"@id\":\"https:\\\/\\\/www.accidentdutravail-idf.net\\\/blog\\\/#organization\",\"name\":\"accidentdutravail-idf\",\"url\":\"https:\\\/\\\/www.accidentdutravail-idf.net\\\/blog\\\/\",\"logo\":{\"@type\":\"ImageObject\",\"inLanguage\":\"fr-FR\",\"@id\":\"https:\\\/\\\/www.accidentdutravail-idf.net\\\/blog\\\/#\\\/schema\\\/logo\\\/image\\\/\",\"url\":\"https:\\\/\\\/www.accidentdutravail-idf.net\\\/blog\\\/wp-content\\\/uploads\\\/2022\\\/09\\\/logo-2.png\",\"contentUrl\":\"https:\\\/\\\/www.accidentdutravail-idf.net\\\/blog\\\/wp-content\\\/uploads\\\/2022\\\/09\\\/logo-2.png\",\"width\":380,\"height\":291,\"caption\":\"accidentdutravail-idf\"},\"image\":{\"@id\":\"https:\\\/\\\/www.accidentdutravail-idf.net\\\/blog\\\/#\\\/schema\\\/logo\\\/image\\\/\"}},{\"@type\":\"Person\",\"@id\":\"https:\\\/\\\/www.accidentdutravail-idf.net\\\/blog\\\/#\\\/schema\\\/person\\\/3255d2f970de45e64bd9201f38e7b947\",\"name\":\"Carlos Poulain\",\"image\":{\"@type\":\"ImageObject\",\"inLanguage\":\"fr-FR\",\"@id\":\"https:\\\/\\\/secure.gravatar.com\\\/avatar\\\/b1c2f9d3588e34e91adb093635df64ef4b2381991216be7576466cfcdca4baf3?s=96&d=mm&r=g\",\"url\":\"https:\\\/\\\/secure.gravatar.com\\\/avatar\\\/b1c2f9d3588e34e91adb093635df64ef4b2381991216be7576466cfcdca4baf3?s=96&d=mm&r=g\",\"contentUrl\":\"https:\\\/\\\/secure.gravatar.com\\\/avatar\\\/b1c2f9d3588e34e91adb093635df64ef4b2381991216be7576466cfcdca4baf3?s=96&d=mm&r=g\",\"caption\":\"Carlos Poulain\"},\"url\":\"https:\\\/\\\/www.accidentdutravail-idf.net\\\/blog\\\/author\\\/idfcarlos\\\/\"}]}<\/script>\n<!-- \/ Yoast SEO plugin. -->","yoast_head_json":{"title":"Accident du travail \u00e0 Jatxou, un \u00e9lagueur tr\u00e8s gri\u00e8vement bless\u00e9 apr\u00e8s une chute - ACCIDENTDUTRAVAIL-IDF","description":"Accident du travail \u00e0 Jatxou, un \u00e9lagueur tr\u00e8s gri\u00e8vement bless\u00e9 apr\u00e8s une chute article de ACCIDENTDUTRAVAIL-IDF","robots":{"index":"index","follow":"follow","max-snippet":"max-snippet:-1","max-image-preview":"max-image-preview:large","max-video-preview":"max-video-preview:-1"},"canonical":"https:\/\/www.accidentdutravail-idf.net\/blog\/accident-du-travail-a-jatxou-un-elagueur-tres-grievement-blesse-apres-une-chute\/","og_locale":"fr_FR","og_type":"article","og_title":"Accident du travail \u00e0 Jatxou, un \u00e9lagueur tr\u00e8s gri\u00e8vement bless\u00e9 apr\u00e8s une chute - ACCIDENTDUTRAVAIL-IDF","og_description":"Accident du travail \u00e0 Jatxou, un \u00e9lagueur tr\u00e8s gri\u00e8vement bless\u00e9 apr\u00e8s une chute article de ACCIDENTDUTRAVAIL-IDF","og_url":"https:\/\/www.accidentdutravail-idf.net\/blog\/accident-du-travail-a-jatxou-un-elagueur-tres-grievement-blesse-apres-une-chute\/","og_site_name":"ACCIDENTDUTRAVAIL-IDF","article_published_time":"2025-09-04T09:12:00+00:00","og_image":[{"url":"https:\/\/www.accidentdutravail-idf.net\/blog\/wp-content\/uploads\/2025\/09\/accident-du-travail-a-jatxou-un-elagueur-tres-grievement-blesse-apres-une-chute.jpg","type":"","width":"","height":""}],"author":"Carlos Poulain","twitter_card":"summary_large_image","twitter_misc":{"\u00c9crit par":"Carlos Poulain"},"schema":{"@context":"https:\/\/schema.org","@graph":[{"@type":"Article","@id":"https:\/\/www.accidentdutravail-idf.net\/blog\/accident-du-travail-a-jatxou-un-elagueur-tres-grievement-blesse-apres-une-chute\/#article","isPartOf":{"@id":"https:\/\/www.accidentdutravail-idf.net\/blog\/accident-du-travail-a-jatxou-un-elagueur-tres-grievement-blesse-apres-une-chute\/"},"author":{"name":"Carlos Poulain","@id":"https:\/\/www.accidentdutravail-idf.net\/blog\/#\/schema\/person\/3255d2f970de45e64bd9201f38e7b947"},"headline":"Accident du travail \u00e0 Jatxou, un \u00e9lagueur tr\u00e8s gri\u00e8vement bless\u00e9 apr\u00e8s une chute","datePublished":"2025-09-04T09:12:00+00:00","mainEntityOfPage":{"@id":"https:\/\/www.accidentdutravail-idf.net\/blog\/accident-du-travail-a-jatxou-un-elagueur-tres-grievement-blesse-apres-une-chute\/"},"wordCount":46,"publisher":{"@id":"https:\/\/www.accidentdutravail-idf.net\/blog\/#organization"},"image":{"@id":"https:\/\/www.accidentdutravail-idf.net\/blog\/accident-du-travail-a-jatxou-un-elagueur-tres-grievement-blesse-apres-une-chute\/#primaryimage"},"thumbnailUrl":"https:\/\/www.accidentdutravail-idf.net\/blog\/wp-content\/uploads\/2025\/09\/accident-du-travail-a-jatxou-un-elagueur-tres-grievement-blesse-apres-une-chute.jpg","articleSection":["S\u00e9curit\u00e9 Du Travail En Ile-De-France Et Divers:"],"inLanguage":"fr-FR"},{"@type":"WebPage","@id":"https:\/\/www.accidentdutravail-idf.net\/blog\/accident-du-travail-a-jatxou-un-elagueur-tres-grievement-blesse-apres-une-chute\/","url":"https:\/\/www.accidentdutravail-idf.net\/blog\/accident-du-travail-a-jatxou-un-elagueur-tres-grievement-blesse-apres-une-chute\/","name":"Accident du travail \u00e0 Jatxou, un \u00e9lagueur tr\u00e8s gri\u00e8vement bless\u00e9 apr\u00e8s une chute - ACCIDENTDUTRAVAIL-IDF","isPartOf":{"@id":"https:\/\/www.accidentdutravail-idf.net\/blog\/#website"},"primaryImageOfPage":{"@id":"https:\/\/www.accidentdutravail-idf.net\/blog\/accident-du-travail-a-jatxou-un-elagueur-tres-grievement-blesse-apres-une-chute\/#primaryimage"},"image":{"@id":"https:\/\/www.accidentdutravail-idf.net\/blog\/accident-du-travail-a-jatxou-un-elagueur-tres-grievement-blesse-apres-une-chute\/#primaryimage"},"thumbnailUrl":"https:\/\/www.accidentdutravail-idf.net\/blog\/wp-content\/uploads\/2025\/09\/accident-du-travail-a-jatxou-un-elagueur-tres-grievement-blesse-apres-une-chute.jpg","datePublished":"2025-09-04T09:12:00+00:00","description":"Accident du travail \u00e0 Jatxou, un \u00e9lagueur tr\u00e8s gri\u00e8vement bless\u00e9 apr\u00e8s une chute article de ACCIDENTDUTRAVAIL-IDF","breadcrumb":{"@id":"https:\/\/www.accidentdutravail-idf.net\/blog\/accident-du-travail-a-jatxou-un-elagueur-tres-grievement-blesse-apres-une-chute\/#breadcrumb"},"inLanguage":"fr-FR","potentialAction":[{"@type":"ReadAction","target":["https:\/\/www.accidentdutravail-idf.net\/blog\/accident-du-travail-a-jatxou-un-elagueur-tres-grievement-blesse-apres-une-chute\/"]}]},{"@type":"ImageObject","inLanguage":"fr-FR","@id":"https:\/\/www.accidentdutravail-idf.net\/blog\/accident-du-travail-a-jatxou-un-elagueur-tres-grievement-blesse-apres-une-chute\/#primaryimage","url":"https:\/\/www.accidentdutravail-idf.net\/blog\/wp-content\/uploads\/2025\/09\/accident-du-travail-a-jatxou-un-elagueur-tres-grievement-blesse-apres-une-chute.jpg","contentUrl":"https:\/\/www.accidentdutravail-idf.net\/blog\/wp-content\/uploads\/2025\/09\/accident-du-travail-a-jatxou-un-elagueur-tres-grievement-blesse-apres-une-chute.jpg"},{"@type":"BreadcrumbList","@id":"https:\/\/www.accidentdutravail-idf.net\/blog\/accident-du-travail-a-jatxou-un-elagueur-tres-grievement-blesse-apres-une-chute\/#breadcrumb","itemListElement":[{"@type":"ListItem","position":1,"name":"Accueil","item":"https:\/\/www.accidentdutravail-idf.net\/blog\/"},{"@type":"ListItem","position":2,"name":"Accident du travail \u00e0 Jatxou, un \u00e9lagueur tr\u00e8s gri\u00e8vement bless\u00e9 apr\u00e8s une chute"}]},{"@type":"WebSite","@id":"https:\/\/www.accidentdutravail-idf.net\/blog\/#website","url":"https:\/\/www.accidentdutravail-idf.net\/blog\/","name":"ACCIDENTDUTRAVAIL-IDF","description":"Portail accidents du travail-maladies professionnelles des entreprises d&#039;Ile-de-France","publisher":{"@id":"https:\/\/www.accidentdutravail-idf.net\/blog\/#organization"},"potentialAction":[{"@type":"SearchAction","target":{"@type":"EntryPoint","urlTemplate":"https:\/\/www.accidentdutravail-idf.net\/blog\/?s={search_term_string}"},"query-input":{"@type":"PropertyValueSpecification","valueRequired":true,"valueName":"search_term_string"}}],"inLanguage":"fr-FR"},{"@type":"Organization","@id":"https:\/\/www.accidentdutravail-idf.net\/blog\/#organization","name":"accidentdutravail-idf","url":"https:\/\/www.accidentdutravail-idf.net\/blog\/","logo":{"@type":"ImageObject","inLanguage":"fr-FR","@id":"https:\/\/www.accidentdutravail-idf.net\/blog\/#\/schema\/logo\/image\/","url":"https:\/\/www.accidentdutravail-idf.net\/blog\/wp-content\/uploads\/2022\/09\/logo-2.png","contentUrl":"https:\/\/www.accidentdutravail-idf.net\/blog\/wp-content\/uploads\/2022\/09\/logo-2.png","width":380,"height":291,"caption":"accidentdutravail-idf"},"image":{"@id":"https:\/\/www.accidentdutravail-idf.net\/blog\/#\/schema\/logo\/image\/"}},{"@type":"Person","@id":"https:\/\/www.accidentdutravail-idf.net\/blog\/#\/schema\/person\/3255d2f970de45e64bd9201f38e7b947","name":"Carlos Poulain","image":{"@type":"ImageObject","inLanguage":"fr-FR","@id":"https:\/\/secure.gravatar.com\/avatar\/b1c2f9d3588e34e91adb093635df64ef4b2381991216be7576466cfcdca4baf3?s=96&d=mm&r=g","url":"https:\/\/secure.gravatar.com\/avatar\/b1c2f9d3588e34e91adb093635df64ef4b2381991216be7576466cfcdca4baf3?s=96&d=mm&r=g","contentUrl":"https:\/\/secure.gravatar.com\/avatar\/b1c2f9d3588e34e91adb093635df64ef4b2381991216be7576466cfcdca4baf3?s=96&d=mm&r=g","caption":"Carlos Poulain"},"url":"https:\/\/www.accidentdutravail-idf.net\/blog\/author\/idfcarlos\/"}]}},"_links":{"self":[{"href":"https:\/\/www.accidentdutravail-idf.net\/blog\/wp-json\/wp\/v2\/posts\/1703","targetHints":{"allow":["GET"]}}],"collection":[{"href":"https:\/\/www.accidentdutravail-idf.net\/blog\/wp-json\/wp\/v2\/posts"}],"about":[{"href":"https:\/\/www.accidentdutravail-idf.net\/blog\/wp-json\/wp\/v2\/types\/post"}],"author":[{"embeddable":true,"href":"https:\/\/www.accidentdutravail-idf.net\/blog\/wp-json\/wp\/v2\/users\/2"}],"replies":[{"embeddable":true,"href":"https:\/\/www.accidentdutravail-idf.net\/blog\/wp-json\/wp\/v2\/comments?post=1703"}],"version-history":[{"count":0,"href":"https:\/\/www.accidentdutravail-idf.net\/blog\/wp-json\/wp\/v2\/posts\/1703\/revisions"}],"wp:attachment":[{"href":"https:\/\/www.accidentdutravail-idf.net\/blog\/wp-json\/wp\/v2\/media?parent=1703"}],"wp:term":[{"taxonomy":"category","embeddable":true,"href":"https:\/\/www.accidentdutravail-idf.net\/blog\/wp-json\/wp\/v2\/categories?post=1703"},{"taxonomy":"post_tag","embeddable":true,"href":"https:\/\/www.accidentdutravail-idf.net\/blog\/wp-json\/wp\/v2\/tags?post=1703"}],"curies":[{"name":"wp","href":"https:\/\/api.w.org\/{rel}","templated":true}]}}