{"id":1695,"date":"2025-08-31T22:00:00","date_gmt":"2025-08-31T20:00:00","guid":{"rendered":"https:\/\/www.accidentdutravail-idf.net\/blog\/en-france-le-compteur-des-morts-au-travail-par-accident-reste-bloque-autour-de-750-deces-chaque-annee\/"},"modified":"2025-08-31T22:00:00","modified_gmt":"2025-08-31T20:00:00","slug":"en-france-le-compteur-des-morts-au-travail-par-accident-reste-bloque-autour-de-750-deces-chaque-annee","status":"publish","type":"post","link":"https:\/\/www.accidentdutravail-idf.net\/blog\/en-france-le-compteur-des-morts-au-travail-par-accident-reste-bloque-autour-de-750-deces-chaque-annee\/","title":{"rendered":"\u00ab En France, le compteur des morts au travail par accident reste bloqu\u00e9 autour de 750 d\u00e9c\u00e8s chaque ann\u00e9e"},"content":{"rendered":"<div><img decoding=\"async\" src=\"https:\/\/www.accidentdutravail-idf.net\/blog\/wp-content\/uploads\/2025\/09\/en-france-le-compteur-des-morts-au-travail-par-accident-reste-bloque-autour-de-750-deces-chaque-annee.jpg\" class=\"ff-og-image-inserted\"><\/div>\n<p class=\"article__paragraph \"><span class=\"article__inner\">L<\/span>es entreprises sont en roue libre sur la pr\u00e9vention des accidents du travail graves et mortels (ATGM). Ce constat, qui va s\u00fbrement faire hurler les organisations patronales, est attest\u00e9 par les chiffres de la sinistralit\u00e9 et par le <a href=\"https:\/\/travail-emploi.gouv.fr\/sites\/travail-emploi\/files\/2025-06\/DGT_Campagne%20AT_Bilan_Externe.pdf\" target=\"_blank\" rel=\"noopener nofollow\" title=\"Nouvelle fen\u00eatre\">bilan, publi\u00e9 en juin, de la campagne de l\u2019inspection du travail consacr\u00e9e \u00e0 la pr\u00e9vention des accidents du travail<\/a> (AT).<\/p>\n<p class=\"article__paragraph \">Alors que la lutte contre les ATGM est une priorit\u00e9 du <a href=\"https:\/\/travail-emploi.gouv.fr\/les-plans-sante-au-travail-pst\" target=\"_blank\" rel=\"noopener nofollow\" title=\"Nouvelle fen\u00eatre\">4<sup>e<\/sup> plan sant\u00e9 au travail (2021-2025)<\/a>, le compteur des morts au travail par accident reste bloqu\u00e9 autour de 750&nbsp;d\u00e9c\u00e8s chaque ann\u00e9e, <a href=\"https:\/\/www.assurance-maladie.ameli.fr\/sites\/default\/files\/rapport_annuel_2023_de_lassurance_maladie_-_risques_professionnels_d%C3%A9cembre_2024.pdf\" data-type=\"huit-affiliate\" target=\"_blank\" rel=\"noopener nofollow\" title=\"Nouvelle fen\u00eatre\">selon les chiffres de l\u2019Assurance-maladie, branche accidents du travail-maladies professionnelles<\/a> (AT-MP).<\/p>\n<p class=\"article__paragraph \">Plus inqui\u00e9tant, <a href=\"https:\/\/www.lemonde.fr\/economie\/article\/2025\/07\/08\/morts-au-travail-l-hecatombe-chez-les-jeunes-touche-meme-les-mineurs_6619953_3234.html\" target=\"_blank\" rel=\"nofollow\">les jeunes travailleurs payent un lourd tribut \u00e0 cette v\u00e9ritable \u00e9pid\u00e9mie<\/a>, avec 32&nbsp;d\u00e9c\u00e8s de salari\u00e9s de moins de 25&nbsp;ans. Cela est d\u2019autant plus inacceptable que les facteurs de risque \u00e0 l\u2019origine de cette accidentologie des jeunes sont bien document\u00e9s, entre les mauvaises conditions d\u2019accueil, l\u2019absence de formation \u00e0 la s\u00e9curit\u00e9, voire l\u2019affectation sur des postes dangereux ou aux conditions de travail d\u00e9grad\u00e9es.<\/p>\n<section class=\"catcher catcher--favoris\">\n<div class=\"catcher__content\"><span class=\"catcher__title catcher__title--hide\">Lire aussi |<\/span><span class=\"catcher__desc\"> <span class=\"icon__premium\"><span class=\"sr-only\">Article r\u00e9serv\u00e9 \u00e0 nos abonn\u00e9s<\/span><\/span> <a href=\"https:\/\/www.lemonde.fr\/economie\/article\/2025\/07\/08\/morts-au-travail-une-prise-de-conscience-timide-et-tardive_6619933_3234.html\" class=\"js-article-read-also catcher--favoris__link\" data-premium=\"1\" id=\"article-title-3430170\" target=\"_blank\" rel=\"nofollow\">Morts au travail&nbsp;: une prise de conscience timide et tardive<\/a> <\/span> <\/div>\n<p> <button class=\"lmd-btn-icon lmd-btn-icon--primary lmd-btn-icon--m js-lmd-dropdown-favorite-toggler\" aria-controls=\"lmd-dropdown-favorite\" aria-label=\"Lire plus tard\" aria-describedby=\"article-title-3430170\" data-article-id=\"3430170\" data-position=\"lire aussi\" data-url=\"https:\/\/www.lemonde.fr\/economie\/article\/2025\/07\/08\/morts-au-travail-une-prise-de-conscience-timide-et-tardive_6619933_3234.html\" data-status> <span class=\"icon__favorites\"><\/span> <span class=\"js-btn-icon-tooltip\" aria-hidden=\"true\">Lire plus tard<\/span> <\/button> <\/p>\n<\/section>\n<p class=\"article__paragraph \">Le bilan de la campagne de l\u2019inspection du travail consacr\u00e9e \u00e0 la pr\u00e9vention des AT conforte l\u2019analyse que les entreprises ne font pas les efforts attendus pour inverser cette tendance mortif\u00e8re. Dans les 1&nbsp;149&nbsp;\u00e9tablissements contr\u00f4l\u00e9s a&nbsp;posteriori par des inspecteurs du travail, le minist\u00e8re du travail r\u00e9v\u00e8le que seule la moiti\u00e9 des employeurs (50,6&nbsp;%) a mis en place des mesures concr\u00e8tes de pr\u00e9vention. <em>\u00ab&nbsp;Les employeurs ne tirent que trop rarement les cons\u00e9quences des accidents du travail qui surviennent&nbsp;\u00bb<\/em>, ce qui tend \u00e0 <em>\u00ab&nbsp;favoriser leur r\u00e9it\u00e9ration&nbsp;\u00bb<\/em>, peut-on lire dans&nbsp;<a href=\"https:\/\/travail-emploi.gouv.fr\/sites\/travail-emploi\/files\/2025-06\/DGT_Campagne%20AT_Bilan_Externe.pdf\" target=\"_blank\" rel=\"noopener nofollow\" title=\"Nouvelle fen\u00eatre\">le bilan de cette campagne de pr\u00e9vention<\/a>&nbsp;men\u00e9e en&nbsp;2024.<\/p>\n<h2 class=\"article__sub-title\">Mobilisation des outils coercitifs<\/h2>\n<p class=\"article__paragraph \">Trois employeurs sur dix (29,6&nbsp;%) n\u2019ont pas du tout r\u00e9\u00e9valu\u00e9 les risques \u00e0 l\u2019origine des accidents. Et un quart d\u2019entre eux (25,7&nbsp;%) l\u2019ont fait de mani\u00e8re insuffisante. Seulement 38&nbsp;% des employeurs ont mis \u00e0 jour leur document unique d\u2019\u00e9valuation des risques professionnels. Cette obligation formelle est n\u00e9glig\u00e9e m\u00eame par ceux qui ont fait l\u2019effort d\u2019analyser les causes des accidents.<\/p>\n<p class=\"reading-mode-only \"><strong>Il vous reste 65.5% de cet article \u00e0 lire. La suite est r\u00e9serv\u00e9e aux abonn\u00e9s.<\/strong><\/p>\n<p> accidentdutravail-idf.net vous a pr\u00e9par\u00e9 ce post qui informe du sujet \u00ab\u00a0Association Sportive Huisson-Longueville Essonne\u00a0\u00bb. La chronique se veut g\u00e9n\u00e9r\u00e9e du mieux possible. Vous pouvez utiliser les coordonn\u00e9es indiqu\u00e9es sur le site dans le but d\u2019apporter des explications sur ce post qui parle du th\u00e8me \u00ab\u00a0Association Sportive Huisson-Longueville Essonne\u00a0\u00bb. Le site accidentdutravail-idf.net a pour but de fournir diverses publications sur la th\u00e9matique Association Sportive Huisson-Longueville Essonne diffus\u00e9es sur le net. Il y aura plusieurs articles autour du sujet \u00ab\u00a0Association Sportive Huisson-Longueville Essonne\u00a0\u00bb dans quelques jours, nous vous invitons \u00e0 naviguer sur notre site web \u00e0 plusieurs reprises.<\/p>\n","protected":false},"excerpt":{"rendered":"<p>Les entreprises sont en roue libre sur la pr\u00e9vention des accidents du travail graves et mortels (ATGM). Ce constat, qui va s\u00fbrement faire hurler les organisations patronales, est attest\u00e9 par les chiffres de la sinistralit\u00e9 et par le bilan, publi\u00e9 en juin, de la campagne de l\u2019inspection du travail consacr\u00e9e \u00e0 la pr\u00e9vention des accidents &hellip; <\/p>\n<p class=\"link-more\"><a href=\"https:\/\/www.accidentdutravail-idf.net\/blog\/en-france-le-compteur-des-morts-au-travail-par-accident-reste-bloque-autour-de-750-deces-chaque-annee\/\" class=\"more-link\">Continuer la lecture <span class=\"screen-reader-text\"> \u00ab\u00a0\u00ab En France, le compteur des morts au travail par accident reste bloqu\u00e9 autour de 750 d\u00e9c\u00e8s chaque ann\u00e9e\u00a0\u00bb<\/span><\/a><\/p>\n","protected":false},"author":2,"featured_media":0,"comment_status":"closed","ping_status":"closed","sticky":false,"template":"","format":"standard","meta":{"footnotes":""},"categories":[5],"tags":[],"class_list":["post-1695","post","type-post","status-publish","format-standard","hentry","category-securite-du-travail-en-ile-de-france-et-divers","entry"],"yoast_head":"<!-- This site is optimized with the Yoast SEO plugin v27.5 - https:\/\/yoast.com\/product\/yoast-seo-wordpress\/ -->\n<title>\u00ab En France, le compteur des morts au travail par accident reste bloqu\u00e9 autour de 750 d\u00e9c\u00e8s chaque ann\u00e9e - ACCIDENTDUTRAVAIL-IDF<\/title>\n<meta name=\"description\" content=\"\u00ab En France, le compteur des morts au travail par accident reste bloqu\u00e9 autour de 750 d\u00e9c\u00e8s chaque ann\u00e9e article de ACCIDENTDUTRAVAIL-IDF\" \/>\n<meta name=\"robots\" content=\"index, follow, max-snippet:-1, max-image-preview:large, max-video-preview:-1\" \/>\n<link rel=\"canonical\" href=\"https:\/\/www.accidentdutravail-idf.net\/blog\/en-france-le-compteur-des-morts-au-travail-par-accident-reste-bloque-autour-de-750-deces-chaque-annee\/\" \/>\n<meta property=\"og:locale\" content=\"fr_FR\" \/>\n<meta property=\"og:type\" content=\"article\" \/>\n<meta property=\"og:title\" content=\"\u00ab En France, le compteur des morts au travail par accident reste bloqu\u00e9 autour de 750 d\u00e9c\u00e8s chaque ann\u00e9e - ACCIDENTDUTRAVAIL-IDF\" \/>\n<meta property=\"og:description\" content=\"\u00ab En France, le compteur des morts au travail par accident reste bloqu\u00e9 autour de 750 d\u00e9c\u00e8s chaque ann\u00e9e article de ACCIDENTDUTRAVAIL-IDF\" \/>\n<meta property=\"og:url\" content=\"https:\/\/www.accidentdutravail-idf.net\/blog\/en-france-le-compteur-des-morts-au-travail-par-accident-reste-bloque-autour-de-750-deces-chaque-annee\/\" \/>\n<meta property=\"og:site_name\" content=\"ACCIDENTDUTRAVAIL-IDF\" \/>\n<meta property=\"article:published_time\" content=\"2025-08-31T20:00:00+00:00\" \/>\n<meta property=\"og:image\" content=\"https:\/\/www.accidentdutravail-idf.net\/blog\/wp-content\/uploads\/2025\/09\/en-france-le-compteur-des-morts-au-travail-par-accident-reste-bloque-autour-de-750-deces-chaque-annee.jpg\" \/>\n<meta name=\"author\" content=\"Carlos Poulain\" \/>\n<meta name=\"twitter:card\" content=\"summary_large_image\" \/>\n<meta name=\"twitter:label1\" content=\"\u00c9crit par\" \/>\n\t<meta name=\"twitter:data1\" content=\"Carlos Poulain\" \/>\n\t<meta name=\"twitter:label2\" content=\"Dur\u00e9e de lecture estim\u00e9e\" \/>\n\t<meta name=\"twitter:data2\" content=\"3 minutes\" \/>\n<script type=\"application\/ld+json\" class=\"yoast-schema-graph\">{\"@context\":\"https:\\\/\\\/schema.org\",\"@graph\":[{\"@type\":\"Article\",\"@id\":\"https:\\\/\\\/www.accidentdutravail-idf.net\\\/blog\\\/en-france-le-compteur-des-morts-au-travail-par-accident-reste-bloque-autour-de-750-deces-chaque-annee\\\/#article\",\"isPartOf\":{\"@id\":\"https:\\\/\\\/www.accidentdutravail-idf.net\\\/blog\\\/en-france-le-compteur-des-morts-au-travail-par-accident-reste-bloque-autour-de-750-deces-chaque-annee\\\/\"},\"author\":{\"name\":\"Carlos Poulain\",\"@id\":\"https:\\\/\\\/www.accidentdutravail-idf.net\\\/blog\\\/#\\\/schema\\\/person\\\/3255d2f970de45e64bd9201f38e7b947\"},\"headline\":\"\u00ab En France, le compteur des morts au travail par accident reste bloqu\u00e9 autour de 750 d\u00e9c\u00e8s chaque ann\u00e9e\",\"datePublished\":\"2025-08-31T20:00:00+00:00\",\"mainEntityOfPage\":{\"@id\":\"https:\\\/\\\/www.accidentdutravail-idf.net\\\/blog\\\/en-france-le-compteur-des-morts-au-travail-par-accident-reste-bloque-autour-de-750-deces-chaque-annee\\\/\"},\"wordCount\":547,\"publisher\":{\"@id\":\"https:\\\/\\\/www.accidentdutravail-idf.net\\\/blog\\\/#organization\"},\"image\":{\"@id\":\"https:\\\/\\\/www.accidentdutravail-idf.net\\\/blog\\\/en-france-le-compteur-des-morts-au-travail-par-accident-reste-bloque-autour-de-750-deces-chaque-annee\\\/#primaryimage\"},\"thumbnailUrl\":\"https:\\\/\\\/www.accidentdutravail-idf.net\\\/blog\\\/wp-content\\\/uploads\\\/2025\\\/09\\\/en-france-le-compteur-des-morts-au-travail-par-accident-reste-bloque-autour-de-750-deces-chaque-annee.jpg\",\"articleSection\":[\"S\u00e9curit\u00e9 Du Travail En Ile-De-France Et Divers:\"],\"inLanguage\":\"fr-FR\"},{\"@type\":\"WebPage\",\"@id\":\"https:\\\/\\\/www.accidentdutravail-idf.net\\\/blog\\\/en-france-le-compteur-des-morts-au-travail-par-accident-reste-bloque-autour-de-750-deces-chaque-annee\\\/\",\"url\":\"https:\\\/\\\/www.accidentdutravail-idf.net\\\/blog\\\/en-france-le-compteur-des-morts-au-travail-par-accident-reste-bloque-autour-de-750-deces-chaque-annee\\\/\",\"name\":\"\u00ab En France, le compteur des morts au travail par accident reste bloqu\u00e9 autour de 750 d\u00e9c\u00e8s chaque ann\u00e9e - ACCIDENTDUTRAVAIL-IDF\",\"isPartOf\":{\"@id\":\"https:\\\/\\\/www.accidentdutravail-idf.net\\\/blog\\\/#website\"},\"primaryImageOfPage\":{\"@id\":\"https:\\\/\\\/www.accidentdutravail-idf.net\\\/blog\\\/en-france-le-compteur-des-morts-au-travail-par-accident-reste-bloque-autour-de-750-deces-chaque-annee\\\/#primaryimage\"},\"image\":{\"@id\":\"https:\\\/\\\/www.accidentdutravail-idf.net\\\/blog\\\/en-france-le-compteur-des-morts-au-travail-par-accident-reste-bloque-autour-de-750-deces-chaque-annee\\\/#primaryimage\"},\"thumbnailUrl\":\"https:\\\/\\\/www.accidentdutravail-idf.net\\\/blog\\\/wp-content\\\/uploads\\\/2025\\\/09\\\/en-france-le-compteur-des-morts-au-travail-par-accident-reste-bloque-autour-de-750-deces-chaque-annee.jpg\",\"datePublished\":\"2025-08-31T20:00:00+00:00\",\"description\":\"\u00ab En France, le compteur des morts au travail par accident reste bloqu\u00e9 autour de 750 d\u00e9c\u00e8s chaque ann\u00e9e article de ACCIDENTDUTRAVAIL-IDF\",\"breadcrumb\":{\"@id\":\"https:\\\/\\\/www.accidentdutravail-idf.net\\\/blog\\\/en-france-le-compteur-des-morts-au-travail-par-accident-reste-bloque-autour-de-750-deces-chaque-annee\\\/#breadcrumb\"},\"inLanguage\":\"fr-FR\",\"potentialAction\":[{\"@type\":\"ReadAction\",\"target\":[\"https:\\\/\\\/www.accidentdutravail-idf.net\\\/blog\\\/en-france-le-compteur-des-morts-au-travail-par-accident-reste-bloque-autour-de-750-deces-chaque-annee\\\/\"]}]},{\"@type\":\"ImageObject\",\"inLanguage\":\"fr-FR\",\"@id\":\"https:\\\/\\\/www.accidentdutravail-idf.net\\\/blog\\\/en-france-le-compteur-des-morts-au-travail-par-accident-reste-bloque-autour-de-750-deces-chaque-annee\\\/#primaryimage\",\"url\":\"https:\\\/\\\/www.accidentdutravail-idf.net\\\/blog\\\/wp-content\\\/uploads\\\/2025\\\/09\\\/en-france-le-compteur-des-morts-au-travail-par-accident-reste-bloque-autour-de-750-deces-chaque-annee.jpg\",\"contentUrl\":\"https:\\\/\\\/www.accidentdutravail-idf.net\\\/blog\\\/wp-content\\\/uploads\\\/2025\\\/09\\\/en-france-le-compteur-des-morts-au-travail-par-accident-reste-bloque-autour-de-750-deces-chaque-annee.jpg\"},{\"@type\":\"BreadcrumbList\",\"@id\":\"https:\\\/\\\/www.accidentdutravail-idf.net\\\/blog\\\/en-france-le-compteur-des-morts-au-travail-par-accident-reste-bloque-autour-de-750-deces-chaque-annee\\\/#breadcrumb\",\"itemListElement\":[{\"@type\":\"ListItem\",\"position\":1,\"name\":\"Accueil\",\"item\":\"https:\\\/\\\/www.accidentdutravail-idf.net\\\/blog\\\/\"},{\"@type\":\"ListItem\",\"position\":2,\"name\":\"\u00ab En France, le compteur des morts au travail par accident reste bloqu\u00e9 autour de 750 d\u00e9c\u00e8s chaque ann\u00e9e\"}]},{\"@type\":\"WebSite\",\"@id\":\"https:\\\/\\\/www.accidentdutravail-idf.net\\\/blog\\\/#website\",\"url\":\"https:\\\/\\\/www.accidentdutravail-idf.net\\\/blog\\\/\",\"name\":\"ACCIDENTDUTRAVAIL-IDF\",\"description\":\"Portail accidents du travail-maladies professionnelles des entreprises d&#039;Ile-de-France\",\"publisher\":{\"@id\":\"https:\\\/\\\/www.accidentdutravail-idf.net\\\/blog\\\/#organization\"},\"potentialAction\":[{\"@type\":\"SearchAction\",\"target\":{\"@type\":\"EntryPoint\",\"urlTemplate\":\"https:\\\/\\\/www.accidentdutravail-idf.net\\\/blog\\\/?s={search_term_string}\"},\"query-input\":{\"@type\":\"PropertyValueSpecification\",\"valueRequired\":true,\"valueName\":\"search_term_string\"}}],\"inLanguage\":\"fr-FR\"},{\"@type\":\"Organization\",\"@id\":\"https:\\\/\\\/www.accidentdutravail-idf.net\\\/blog\\\/#organization\",\"name\":\"accidentdutravail-idf\",\"url\":\"https:\\\/\\\/www.accidentdutravail-idf.net\\\/blog\\\/\",\"logo\":{\"@type\":\"ImageObject\",\"inLanguage\":\"fr-FR\",\"@id\":\"https:\\\/\\\/www.accidentdutravail-idf.net\\\/blog\\\/#\\\/schema\\\/logo\\\/image\\\/\",\"url\":\"https:\\\/\\\/www.accidentdutravail-idf.net\\\/blog\\\/wp-content\\\/uploads\\\/2022\\\/09\\\/logo-2.png\",\"contentUrl\":\"https:\\\/\\\/www.accidentdutravail-idf.net\\\/blog\\\/wp-content\\\/uploads\\\/2022\\\/09\\\/logo-2.png\",\"width\":380,\"height\":291,\"caption\":\"accidentdutravail-idf\"},\"image\":{\"@id\":\"https:\\\/\\\/www.accidentdutravail-idf.net\\\/blog\\\/#\\\/schema\\\/logo\\\/image\\\/\"}},{\"@type\":\"Person\",\"@id\":\"https:\\\/\\\/www.accidentdutravail-idf.net\\\/blog\\\/#\\\/schema\\\/person\\\/3255d2f970de45e64bd9201f38e7b947\",\"name\":\"Carlos Poulain\",\"image\":{\"@type\":\"ImageObject\",\"inLanguage\":\"fr-FR\",\"@id\":\"https:\\\/\\\/secure.gravatar.com\\\/avatar\\\/b1c2f9d3588e34e91adb093635df64ef4b2381991216be7576466cfcdca4baf3?s=96&d=mm&r=g\",\"url\":\"https:\\\/\\\/secure.gravatar.com\\\/avatar\\\/b1c2f9d3588e34e91adb093635df64ef4b2381991216be7576466cfcdca4baf3?s=96&d=mm&r=g\",\"contentUrl\":\"https:\\\/\\\/secure.gravatar.com\\\/avatar\\\/b1c2f9d3588e34e91adb093635df64ef4b2381991216be7576466cfcdca4baf3?s=96&d=mm&r=g\",\"caption\":\"Carlos Poulain\"},\"url\":\"https:\\\/\\\/www.accidentdutravail-idf.net\\\/blog\\\/author\\\/idfcarlos\\\/\"}]}<\/script>\n<!-- \/ Yoast SEO plugin. -->","yoast_head_json":{"title":"\u00ab En France, le compteur des morts au travail par accident reste bloqu\u00e9 autour de 750 d\u00e9c\u00e8s chaque ann\u00e9e - ACCIDENTDUTRAVAIL-IDF","description":"\u00ab En France, le compteur des morts au travail par accident reste bloqu\u00e9 autour de 750 d\u00e9c\u00e8s chaque ann\u00e9e article de ACCIDENTDUTRAVAIL-IDF","robots":{"index":"index","follow":"follow","max-snippet":"max-snippet:-1","max-image-preview":"max-image-preview:large","max-video-preview":"max-video-preview:-1"},"canonical":"https:\/\/www.accidentdutravail-idf.net\/blog\/en-france-le-compteur-des-morts-au-travail-par-accident-reste-bloque-autour-de-750-deces-chaque-annee\/","og_locale":"fr_FR","og_type":"article","og_title":"\u00ab En France, le compteur des morts au travail par accident reste bloqu\u00e9 autour de 750 d\u00e9c\u00e8s chaque ann\u00e9e - ACCIDENTDUTRAVAIL-IDF","og_description":"\u00ab En France, le compteur des morts au travail par accident reste bloqu\u00e9 autour de 750 d\u00e9c\u00e8s chaque ann\u00e9e article de ACCIDENTDUTRAVAIL-IDF","og_url":"https:\/\/www.accidentdutravail-idf.net\/blog\/en-france-le-compteur-des-morts-au-travail-par-accident-reste-bloque-autour-de-750-deces-chaque-annee\/","og_site_name":"ACCIDENTDUTRAVAIL-IDF","article_published_time":"2025-08-31T20:00:00+00:00","og_image":[{"url":"https:\/\/www.accidentdutravail-idf.net\/blog\/wp-content\/uploads\/2025\/09\/en-france-le-compteur-des-morts-au-travail-par-accident-reste-bloque-autour-de-750-deces-chaque-annee.jpg","type":"","width":"","height":""}],"author":"Carlos Poulain","twitter_card":"summary_large_image","twitter_misc":{"\u00c9crit par":"Carlos Poulain","Dur\u00e9e de lecture estim\u00e9e":"3 minutes"},"schema":{"@context":"https:\/\/schema.org","@graph":[{"@type":"Article","@id":"https:\/\/www.accidentdutravail-idf.net\/blog\/en-france-le-compteur-des-morts-au-travail-par-accident-reste-bloque-autour-de-750-deces-chaque-annee\/#article","isPartOf":{"@id":"https:\/\/www.accidentdutravail-idf.net\/blog\/en-france-le-compteur-des-morts-au-travail-par-accident-reste-bloque-autour-de-750-deces-chaque-annee\/"},"author":{"name":"Carlos Poulain","@id":"https:\/\/www.accidentdutravail-idf.net\/blog\/#\/schema\/person\/3255d2f970de45e64bd9201f38e7b947"},"headline":"\u00ab En France, le compteur des morts au travail par accident reste bloqu\u00e9 autour de 750 d\u00e9c\u00e8s chaque ann\u00e9e","datePublished":"2025-08-31T20:00:00+00:00","mainEntityOfPage":{"@id":"https:\/\/www.accidentdutravail-idf.net\/blog\/en-france-le-compteur-des-morts-au-travail-par-accident-reste-bloque-autour-de-750-deces-chaque-annee\/"},"wordCount":547,"publisher":{"@id":"https:\/\/www.accidentdutravail-idf.net\/blog\/#organization"},"image":{"@id":"https:\/\/www.accidentdutravail-idf.net\/blog\/en-france-le-compteur-des-morts-au-travail-par-accident-reste-bloque-autour-de-750-deces-chaque-annee\/#primaryimage"},"thumbnailUrl":"https:\/\/www.accidentdutravail-idf.net\/blog\/wp-content\/uploads\/2025\/09\/en-france-le-compteur-des-morts-au-travail-par-accident-reste-bloque-autour-de-750-deces-chaque-annee.jpg","articleSection":["S\u00e9curit\u00e9 Du Travail En Ile-De-France Et Divers:"],"inLanguage":"fr-FR"},{"@type":"WebPage","@id":"https:\/\/www.accidentdutravail-idf.net\/blog\/en-france-le-compteur-des-morts-au-travail-par-accident-reste-bloque-autour-de-750-deces-chaque-annee\/","url":"https:\/\/www.accidentdutravail-idf.net\/blog\/en-france-le-compteur-des-morts-au-travail-par-accident-reste-bloque-autour-de-750-deces-chaque-annee\/","name":"\u00ab En France, le compteur des morts au travail par accident reste bloqu\u00e9 autour de 750 d\u00e9c\u00e8s chaque ann\u00e9e - ACCIDENTDUTRAVAIL-IDF","isPartOf":{"@id":"https:\/\/www.accidentdutravail-idf.net\/blog\/#website"},"primaryImageOfPage":{"@id":"https:\/\/www.accidentdutravail-idf.net\/blog\/en-france-le-compteur-des-morts-au-travail-par-accident-reste-bloque-autour-de-750-deces-chaque-annee\/#primaryimage"},"image":{"@id":"https:\/\/www.accidentdutravail-idf.net\/blog\/en-france-le-compteur-des-morts-au-travail-par-accident-reste-bloque-autour-de-750-deces-chaque-annee\/#primaryimage"},"thumbnailUrl":"https:\/\/www.accidentdutravail-idf.net\/blog\/wp-content\/uploads\/2025\/09\/en-france-le-compteur-des-morts-au-travail-par-accident-reste-bloque-autour-de-750-deces-chaque-annee.jpg","datePublished":"2025-08-31T20:00:00+00:00","description":"\u00ab En France, le compteur des morts au travail par accident reste bloqu\u00e9 autour de 750 d\u00e9c\u00e8s chaque ann\u00e9e article de ACCIDENTDUTRAVAIL-IDF","breadcrumb":{"@id":"https:\/\/www.accidentdutravail-idf.net\/blog\/en-france-le-compteur-des-morts-au-travail-par-accident-reste-bloque-autour-de-750-deces-chaque-annee\/#breadcrumb"},"inLanguage":"fr-FR","potentialAction":[{"@type":"ReadAction","target":["https:\/\/www.accidentdutravail-idf.net\/blog\/en-france-le-compteur-des-morts-au-travail-par-accident-reste-bloque-autour-de-750-deces-chaque-annee\/"]}]},{"@type":"ImageObject","inLanguage":"fr-FR","@id":"https:\/\/www.accidentdutravail-idf.net\/blog\/en-france-le-compteur-des-morts-au-travail-par-accident-reste-bloque-autour-de-750-deces-chaque-annee\/#primaryimage","url":"https:\/\/www.accidentdutravail-idf.net\/blog\/wp-content\/uploads\/2025\/09\/en-france-le-compteur-des-morts-au-travail-par-accident-reste-bloque-autour-de-750-deces-chaque-annee.jpg","contentUrl":"https:\/\/www.accidentdutravail-idf.net\/blog\/wp-content\/uploads\/2025\/09\/en-france-le-compteur-des-morts-au-travail-par-accident-reste-bloque-autour-de-750-deces-chaque-annee.jpg"},{"@type":"BreadcrumbList","@id":"https:\/\/www.accidentdutravail-idf.net\/blog\/en-france-le-compteur-des-morts-au-travail-par-accident-reste-bloque-autour-de-750-deces-chaque-annee\/#breadcrumb","itemListElement":[{"@type":"ListItem","position":1,"name":"Accueil","item":"https:\/\/www.accidentdutravail-idf.net\/blog\/"},{"@type":"ListItem","position":2,"name":"\u00ab En France, le compteur des morts au travail par accident reste bloqu\u00e9 autour de 750 d\u00e9c\u00e8s chaque ann\u00e9e"}]},{"@type":"WebSite","@id":"https:\/\/www.accidentdutravail-idf.net\/blog\/#website","url":"https:\/\/www.accidentdutravail-idf.net\/blog\/","name":"ACCIDENTDUTRAVAIL-IDF","description":"Portail accidents du travail-maladies professionnelles des entreprises d&#039;Ile-de-France","publisher":{"@id":"https:\/\/www.accidentdutravail-idf.net\/blog\/#organization"},"potentialAction":[{"@type":"SearchAction","target":{"@type":"EntryPoint","urlTemplate":"https:\/\/www.accidentdutravail-idf.net\/blog\/?s={search_term_string}"},"query-input":{"@type":"PropertyValueSpecification","valueRequired":true,"valueName":"search_term_string"}}],"inLanguage":"fr-FR"},{"@type":"Organization","@id":"https:\/\/www.accidentdutravail-idf.net\/blog\/#organization","name":"accidentdutravail-idf","url":"https:\/\/www.accidentdutravail-idf.net\/blog\/","logo":{"@type":"ImageObject","inLanguage":"fr-FR","@id":"https:\/\/www.accidentdutravail-idf.net\/blog\/#\/schema\/logo\/image\/","url":"https:\/\/www.accidentdutravail-idf.net\/blog\/wp-content\/uploads\/2022\/09\/logo-2.png","contentUrl":"https:\/\/www.accidentdutravail-idf.net\/blog\/wp-content\/uploads\/2022\/09\/logo-2.png","width":380,"height":291,"caption":"accidentdutravail-idf"},"image":{"@id":"https:\/\/www.accidentdutravail-idf.net\/blog\/#\/schema\/logo\/image\/"}},{"@type":"Person","@id":"https:\/\/www.accidentdutravail-idf.net\/blog\/#\/schema\/person\/3255d2f970de45e64bd9201f38e7b947","name":"Carlos Poulain","image":{"@type":"ImageObject","inLanguage":"fr-FR","@id":"https:\/\/secure.gravatar.com\/avatar\/b1c2f9d3588e34e91adb093635df64ef4b2381991216be7576466cfcdca4baf3?s=96&d=mm&r=g","url":"https:\/\/secure.gravatar.com\/avatar\/b1c2f9d3588e34e91adb093635df64ef4b2381991216be7576466cfcdca4baf3?s=96&d=mm&r=g","contentUrl":"https:\/\/secure.gravatar.com\/avatar\/b1c2f9d3588e34e91adb093635df64ef4b2381991216be7576466cfcdca4baf3?s=96&d=mm&r=g","caption":"Carlos Poulain"},"url":"https:\/\/www.accidentdutravail-idf.net\/blog\/author\/idfcarlos\/"}]}},"_links":{"self":[{"href":"https:\/\/www.accidentdutravail-idf.net\/blog\/wp-json\/wp\/v2\/posts\/1695","targetHints":{"allow":["GET"]}}],"collection":[{"href":"https:\/\/www.accidentdutravail-idf.net\/blog\/wp-json\/wp\/v2\/posts"}],"about":[{"href":"https:\/\/www.accidentdutravail-idf.net\/blog\/wp-json\/wp\/v2\/types\/post"}],"author":[{"embeddable":true,"href":"https:\/\/www.accidentdutravail-idf.net\/blog\/wp-json\/wp\/v2\/users\/2"}],"replies":[{"embeddable":true,"href":"https:\/\/www.accidentdutravail-idf.net\/blog\/wp-json\/wp\/v2\/comments?post=1695"}],"version-history":[{"count":0,"href":"https:\/\/www.accidentdutravail-idf.net\/blog\/wp-json\/wp\/v2\/posts\/1695\/revisions"}],"wp:attachment":[{"href":"https:\/\/www.accidentdutravail-idf.net\/blog\/wp-json\/wp\/v2\/media?parent=1695"}],"wp:term":[{"taxonomy":"category","embeddable":true,"href":"https:\/\/www.accidentdutravail-idf.net\/blog\/wp-json\/wp\/v2\/categories?post=1695"},{"taxonomy":"post_tag","embeddable":true,"href":"https:\/\/www.accidentdutravail-idf.net\/blog\/wp-json\/wp\/v2\/tags?post=1695"}],"curies":[{"name":"wp","href":"https:\/\/api.w.org\/{rel}","templated":true}]}}