{"id":1692,"date":"2025-08-26T06:29:00","date_gmt":"2025-08-26T04:29:00","guid":{"rendered":"https:\/\/www.accidentdutravail-idf.net\/blog\/le-jeune-salarie-dune-scierie-des-salles-lavauguyon-gravement-blesse-dans-un-accident-de-travail\/"},"modified":"2025-08-26T06:29:00","modified_gmt":"2025-08-26T04:29:00","slug":"le-jeune-salarie-dune-scierie-des-salles-lavauguyon-gravement-blesse-dans-un-accident-de-travail","status":"publish","type":"post","link":"https:\/\/www.accidentdutravail-idf.net\/blog\/le-jeune-salarie-dune-scierie-des-salles-lavauguyon-gravement-blesse-dans-un-accident-de-travail\/","title":{"rendered":"Le jeune salari\u00e9 d&rsquo;une scierie des Salles-Lavauguyon gravement bless\u00e9 dans un accident de travail"},"content":{"rendered":"<figure class=\"relative flex flex-col sm:mx-0 -mx-4 mb-6\"><img decoding=\"async\" alt data-nimg=\"fill\" class=\"bg-black-1 !relative max-h-[438px] w-full object-contain\" src=\"https:\/\/www.accidentdutravail-idf.net\/blog\/wp-content\/uploads\/2025\/08\/le-jeune-salarie-dune-scierie-des-salles-lavauguyon-gravement-blesse-dans-un-accident-de-travail.webp\"><figcaption class=\"text-neutral-12 text-sans bg-white-1 w-full py-3 text-xs sm:px-3 px-4\">Photo d&rsquo;illustration.<!-- --> <!-- -->\u00a9&nbsp;Populaire du Centre<\/figcaption><\/figure>\n<div class=\"mb-5 flex flex-col gap-2 print:hidden\">\n<p class=\"font-bold\">\u00c9couter l&rsquo;article<\/p>\n<\/div>\n<div class=\"z-10 mb-2 flex flex-col gap-4\">\n<p class=\"typo-p1-paragraph\">Ce mardi 26 ao\u00fbt, le salari\u00e9 d&rsquo;une scierie situ\u00e9e dans l&rsquo;ouest de la Haute-Vienne, dans la commune des Salles-Lavauguyon, a \u00e9t\u00e9 gravement bless\u00e9. Ce dernier a \u00e9t\u00e9 violemment percut\u00e9 par un billot de bois pesant plus de 200 kg qui se serait d\u00e9croch\u00e9 d&rsquo;un engin de levage.<\/p>\n<p class=\"typo-p1-paragraph\">Gravement bless\u00e9, le jeune homme de 19 ans a \u00e9t\u00e9 m\u00e9dicalis\u00e9 et h\u00e9liport\u00e9 par le Smur. Selon le Samu, son pronostic vital n&rsquo;\u00e9tait pas engag\u00e9.&nbsp;<\/p>\n<p class=\"typo-p1-paragraph\">Une enqu\u00eate a \u00e9t\u00e9 ouverte par la gendarmerie afin de d\u00e9terminer les circonstances de cet accident du travail.<\/p>\n<\/div>\n<div class=\"flex w-full flex-wrap justify-center gap-4 lg:gap-8 my-10 print:hidden\"><button class=\"btn relative btn-sm btn-primary !normal-case\" type=\"button\">Lire les 2 commentaires<\/button><\/p>\n<div class=\"inline-flex items-center gap-2 \">\n<p class=\"typo-p2-paragraph\">Partager :<\/p>\n<\/div>\n<\/div>\n<p>accidentdutravail-idf.net vous a pr\u00e9par\u00e9 ce post qui informe du sujet \u00ab\u00a0Association Sportive Huisson-Longueville Essonne\u00a0\u00bb. La chronique se veut g\u00e9n\u00e9r\u00e9e du mieux possible. Vous pouvez utiliser les coordonn\u00e9es indiqu\u00e9es sur le site dans le but d\u2019apporter des explications sur ce post qui parle du th\u00e8me \u00ab\u00a0Association Sportive Huisson-Longueville Essonne\u00a0\u00bb. Le site accidentdutravail-idf.net a pour but de fournir diverses publications sur la th\u00e9matique Association Sportive Huisson-Longueville Essonne diffus\u00e9es sur le net. Il y aura plusieurs articles autour du sujet \u00ab\u00a0Association Sportive Huisson-Longueville Essonne\u00a0\u00bb dans quelques jours, nous vous invitons \u00e0 naviguer sur notre site web \u00e0 plusieurs reprises.<\/p>\n","protected":false},"excerpt":{"rendered":"<p>Photo d&rsquo;illustration. \u00a9&nbsp;Populaire du Centre \u00c9couter l&rsquo;article Ce mardi 26 ao\u00fbt, le salari\u00e9 d&rsquo;une scierie situ\u00e9e dans l&rsquo;ouest de la Haute-Vienne, dans la commune des Salles-Lavauguyon, a \u00e9t\u00e9 gravement bless\u00e9. Ce dernier a \u00e9t\u00e9 violemment percut\u00e9 par un billot de bois pesant plus de 200 kg qui se serait d\u00e9croch\u00e9 d&rsquo;un engin de levage. Gravement &hellip; <\/p>\n<p class=\"link-more\"><a href=\"https:\/\/www.accidentdutravail-idf.net\/blog\/le-jeune-salarie-dune-scierie-des-salles-lavauguyon-gravement-blesse-dans-un-accident-de-travail\/\" class=\"more-link\">Continuer la lecture <span class=\"screen-reader-text\"> \u00ab\u00a0Le jeune salari\u00e9 d&rsquo;une scierie des Salles-Lavauguyon gravement bless\u00e9 dans un accident de travail\u00a0\u00bb<\/span><\/a><\/p>\n","protected":false},"author":2,"featured_media":0,"comment_status":"closed","ping_status":"closed","sticky":false,"template":"","format":"standard","meta":{"footnotes":""},"categories":[5],"tags":[],"class_list":["post-1692","post","type-post","status-publish","format-standard","hentry","category-securite-du-travail-en-ile-de-france-et-divers","entry"],"yoast_head":"<!-- This site is optimized with the Yoast SEO plugin v27.5 - https:\/\/yoast.com\/product\/yoast-seo-wordpress\/ -->\n<title>Le jeune salari\u00e9 d&#039;une scierie des Salles-Lavauguyon gravement bless\u00e9 dans un accident de travail - ACCIDENTDUTRAVAIL-IDF<\/title>\n<meta name=\"description\" content=\"Le jeune salari\u00e9 d&#039;une scierie des Salles-Lavauguyon gravement bless\u00e9 dans un accident de travail article de ACCIDENTDUTRAVAIL-IDF\" \/>\n<meta name=\"robots\" content=\"index, follow, max-snippet:-1, max-image-preview:large, max-video-preview:-1\" \/>\n<link rel=\"canonical\" href=\"https:\/\/www.accidentdutravail-idf.net\/blog\/le-jeune-salarie-dune-scierie-des-salles-lavauguyon-gravement-blesse-dans-un-accident-de-travail\/\" \/>\n<meta property=\"og:locale\" content=\"fr_FR\" \/>\n<meta property=\"og:type\" content=\"article\" \/>\n<meta property=\"og:title\" content=\"Le jeune salari\u00e9 d&#039;une scierie des Salles-Lavauguyon gravement bless\u00e9 dans un accident de travail - ACCIDENTDUTRAVAIL-IDF\" \/>\n<meta property=\"og:description\" content=\"Le jeune salari\u00e9 d&#039;une scierie des Salles-Lavauguyon gravement bless\u00e9 dans un accident de travail article de ACCIDENTDUTRAVAIL-IDF\" \/>\n<meta property=\"og:url\" content=\"https:\/\/www.accidentdutravail-idf.net\/blog\/le-jeune-salarie-dune-scierie-des-salles-lavauguyon-gravement-blesse-dans-un-accident-de-travail\/\" \/>\n<meta property=\"og:site_name\" content=\"ACCIDENTDUTRAVAIL-IDF\" \/>\n<meta property=\"article:published_time\" content=\"2025-08-26T04:29:00+00:00\" \/>\n<meta property=\"og:image\" content=\"https:\/\/www.accidentdutravail-idf.net\/blog\/wp-content\/uploads\/2025\/08\/le-jeune-salarie-dune-scierie-des-salles-lavauguyon-gravement-blesse-dans-un-accident-de-travail.webp\" \/>\n<meta name=\"author\" content=\"Carlos Poulain\" \/>\n<meta name=\"twitter:card\" content=\"summary_large_image\" \/>\n<meta name=\"twitter:label1\" content=\"\u00c9crit par\" \/>\n\t<meta name=\"twitter:data1\" content=\"Carlos Poulain\" \/>\n\t<meta name=\"twitter:label2\" content=\"Dur\u00e9e de lecture estim\u00e9e\" \/>\n\t<meta name=\"twitter:data2\" content=\"1 minute\" \/>\n<script type=\"application\/ld+json\" class=\"yoast-schema-graph\">{\"@context\":\"https:\\\/\\\/schema.org\",\"@graph\":[{\"@type\":\"Article\",\"@id\":\"https:\\\/\\\/www.accidentdutravail-idf.net\\\/blog\\\/le-jeune-salarie-dune-scierie-des-salles-lavauguyon-gravement-blesse-dans-un-accident-de-travail\\\/#article\",\"isPartOf\":{\"@id\":\"https:\\\/\\\/www.accidentdutravail-idf.net\\\/blog\\\/le-jeune-salarie-dune-scierie-des-salles-lavauguyon-gravement-blesse-dans-un-accident-de-travail\\\/\"},\"author\":{\"name\":\"Carlos Poulain\",\"@id\":\"https:\\\/\\\/www.accidentdutravail-idf.net\\\/blog\\\/#\\\/schema\\\/person\\\/3255d2f970de45e64bd9201f38e7b947\"},\"headline\":\"Le jeune salari\u00e9 d&rsquo;une scierie des Salles-Lavauguyon gravement bless\u00e9 dans un accident de travail\",\"datePublished\":\"2025-08-26T04:29:00+00:00\",\"mainEntityOfPage\":{\"@id\":\"https:\\\/\\\/www.accidentdutravail-idf.net\\\/blog\\\/le-jeune-salarie-dune-scierie-des-salles-lavauguyon-gravement-blesse-dans-un-accident-de-travail\\\/\"},\"wordCount\":228,\"publisher\":{\"@id\":\"https:\\\/\\\/www.accidentdutravail-idf.net\\\/blog\\\/#organization\"},\"image\":{\"@id\":\"https:\\\/\\\/www.accidentdutravail-idf.net\\\/blog\\\/le-jeune-salarie-dune-scierie-des-salles-lavauguyon-gravement-blesse-dans-un-accident-de-travail\\\/#primaryimage\"},\"thumbnailUrl\":\"https:\\\/\\\/www.accidentdutravail-idf.net\\\/blog\\\/wp-content\\\/uploads\\\/2025\\\/08\\\/le-jeune-salarie-dune-scierie-des-salles-lavauguyon-gravement-blesse-dans-un-accident-de-travail.webp\",\"articleSection\":[\"S\u00e9curit\u00e9 Du Travail En Ile-De-France Et Divers:\"],\"inLanguage\":\"fr-FR\"},{\"@type\":\"WebPage\",\"@id\":\"https:\\\/\\\/www.accidentdutravail-idf.net\\\/blog\\\/le-jeune-salarie-dune-scierie-des-salles-lavauguyon-gravement-blesse-dans-un-accident-de-travail\\\/\",\"url\":\"https:\\\/\\\/www.accidentdutravail-idf.net\\\/blog\\\/le-jeune-salarie-dune-scierie-des-salles-lavauguyon-gravement-blesse-dans-un-accident-de-travail\\\/\",\"name\":\"Le jeune salari\u00e9 d'une scierie des Salles-Lavauguyon gravement bless\u00e9 dans un accident de travail - ACCIDENTDUTRAVAIL-IDF\",\"isPartOf\":{\"@id\":\"https:\\\/\\\/www.accidentdutravail-idf.net\\\/blog\\\/#website\"},\"primaryImageOfPage\":{\"@id\":\"https:\\\/\\\/www.accidentdutravail-idf.net\\\/blog\\\/le-jeune-salarie-dune-scierie-des-salles-lavauguyon-gravement-blesse-dans-un-accident-de-travail\\\/#primaryimage\"},\"image\":{\"@id\":\"https:\\\/\\\/www.accidentdutravail-idf.net\\\/blog\\\/le-jeune-salarie-dune-scierie-des-salles-lavauguyon-gravement-blesse-dans-un-accident-de-travail\\\/#primaryimage\"},\"thumbnailUrl\":\"https:\\\/\\\/www.accidentdutravail-idf.net\\\/blog\\\/wp-content\\\/uploads\\\/2025\\\/08\\\/le-jeune-salarie-dune-scierie-des-salles-lavauguyon-gravement-blesse-dans-un-accident-de-travail.webp\",\"datePublished\":\"2025-08-26T04:29:00+00:00\",\"description\":\"Le jeune salari\u00e9 d'une scierie des Salles-Lavauguyon gravement bless\u00e9 dans un accident de travail article de ACCIDENTDUTRAVAIL-IDF\",\"breadcrumb\":{\"@id\":\"https:\\\/\\\/www.accidentdutravail-idf.net\\\/blog\\\/le-jeune-salarie-dune-scierie-des-salles-lavauguyon-gravement-blesse-dans-un-accident-de-travail\\\/#breadcrumb\"},\"inLanguage\":\"fr-FR\",\"potentialAction\":[{\"@type\":\"ReadAction\",\"target\":[\"https:\\\/\\\/www.accidentdutravail-idf.net\\\/blog\\\/le-jeune-salarie-dune-scierie-des-salles-lavauguyon-gravement-blesse-dans-un-accident-de-travail\\\/\"]}]},{\"@type\":\"ImageObject\",\"inLanguage\":\"fr-FR\",\"@id\":\"https:\\\/\\\/www.accidentdutravail-idf.net\\\/blog\\\/le-jeune-salarie-dune-scierie-des-salles-lavauguyon-gravement-blesse-dans-un-accident-de-travail\\\/#primaryimage\",\"url\":\"https:\\\/\\\/www.accidentdutravail-idf.net\\\/blog\\\/wp-content\\\/uploads\\\/2025\\\/08\\\/le-jeune-salarie-dune-scierie-des-salles-lavauguyon-gravement-blesse-dans-un-accident-de-travail.webp\",\"contentUrl\":\"https:\\\/\\\/www.accidentdutravail-idf.net\\\/blog\\\/wp-content\\\/uploads\\\/2025\\\/08\\\/le-jeune-salarie-dune-scierie-des-salles-lavauguyon-gravement-blesse-dans-un-accident-de-travail.webp\"},{\"@type\":\"BreadcrumbList\",\"@id\":\"https:\\\/\\\/www.accidentdutravail-idf.net\\\/blog\\\/le-jeune-salarie-dune-scierie-des-salles-lavauguyon-gravement-blesse-dans-un-accident-de-travail\\\/#breadcrumb\",\"itemListElement\":[{\"@type\":\"ListItem\",\"position\":1,\"name\":\"Accueil\",\"item\":\"https:\\\/\\\/www.accidentdutravail-idf.net\\\/blog\\\/\"},{\"@type\":\"ListItem\",\"position\":2,\"name\":\"Le jeune salari\u00e9 d&rsquo;une scierie des Salles-Lavauguyon gravement bless\u00e9 dans un accident de travail\"}]},{\"@type\":\"WebSite\",\"@id\":\"https:\\\/\\\/www.accidentdutravail-idf.net\\\/blog\\\/#website\",\"url\":\"https:\\\/\\\/www.accidentdutravail-idf.net\\\/blog\\\/\",\"name\":\"ACCIDENTDUTRAVAIL-IDF\",\"description\":\"Portail accidents du travail-maladies professionnelles des entreprises d&#039;Ile-de-France\",\"publisher\":{\"@id\":\"https:\\\/\\\/www.accidentdutravail-idf.net\\\/blog\\\/#organization\"},\"potentialAction\":[{\"@type\":\"SearchAction\",\"target\":{\"@type\":\"EntryPoint\",\"urlTemplate\":\"https:\\\/\\\/www.accidentdutravail-idf.net\\\/blog\\\/?s={search_term_string}\"},\"query-input\":{\"@type\":\"PropertyValueSpecification\",\"valueRequired\":true,\"valueName\":\"search_term_string\"}}],\"inLanguage\":\"fr-FR\"},{\"@type\":\"Organization\",\"@id\":\"https:\\\/\\\/www.accidentdutravail-idf.net\\\/blog\\\/#organization\",\"name\":\"accidentdutravail-idf\",\"url\":\"https:\\\/\\\/www.accidentdutravail-idf.net\\\/blog\\\/\",\"logo\":{\"@type\":\"ImageObject\",\"inLanguage\":\"fr-FR\",\"@id\":\"https:\\\/\\\/www.accidentdutravail-idf.net\\\/blog\\\/#\\\/schema\\\/logo\\\/image\\\/\",\"url\":\"https:\\\/\\\/www.accidentdutravail-idf.net\\\/blog\\\/wp-content\\\/uploads\\\/2022\\\/09\\\/logo-2.png\",\"contentUrl\":\"https:\\\/\\\/www.accidentdutravail-idf.net\\\/blog\\\/wp-content\\\/uploads\\\/2022\\\/09\\\/logo-2.png\",\"width\":380,\"height\":291,\"caption\":\"accidentdutravail-idf\"},\"image\":{\"@id\":\"https:\\\/\\\/www.accidentdutravail-idf.net\\\/blog\\\/#\\\/schema\\\/logo\\\/image\\\/\"}},{\"@type\":\"Person\",\"@id\":\"https:\\\/\\\/www.accidentdutravail-idf.net\\\/blog\\\/#\\\/schema\\\/person\\\/3255d2f970de45e64bd9201f38e7b947\",\"name\":\"Carlos Poulain\",\"image\":{\"@type\":\"ImageObject\",\"inLanguage\":\"fr-FR\",\"@id\":\"https:\\\/\\\/secure.gravatar.com\\\/avatar\\\/b1c2f9d3588e34e91adb093635df64ef4b2381991216be7576466cfcdca4baf3?s=96&d=mm&r=g\",\"url\":\"https:\\\/\\\/secure.gravatar.com\\\/avatar\\\/b1c2f9d3588e34e91adb093635df64ef4b2381991216be7576466cfcdca4baf3?s=96&d=mm&r=g\",\"contentUrl\":\"https:\\\/\\\/secure.gravatar.com\\\/avatar\\\/b1c2f9d3588e34e91adb093635df64ef4b2381991216be7576466cfcdca4baf3?s=96&d=mm&r=g\",\"caption\":\"Carlos Poulain\"},\"url\":\"https:\\\/\\\/www.accidentdutravail-idf.net\\\/blog\\\/author\\\/idfcarlos\\\/\"}]}<\/script>\n<!-- \/ Yoast SEO plugin. -->","yoast_head_json":{"title":"Le jeune salari\u00e9 d'une scierie des Salles-Lavauguyon gravement bless\u00e9 dans un accident de travail - ACCIDENTDUTRAVAIL-IDF","description":"Le jeune salari\u00e9 d'une scierie des Salles-Lavauguyon gravement bless\u00e9 dans un accident de travail article de ACCIDENTDUTRAVAIL-IDF","robots":{"index":"index","follow":"follow","max-snippet":"max-snippet:-1","max-image-preview":"max-image-preview:large","max-video-preview":"max-video-preview:-1"},"canonical":"https:\/\/www.accidentdutravail-idf.net\/blog\/le-jeune-salarie-dune-scierie-des-salles-lavauguyon-gravement-blesse-dans-un-accident-de-travail\/","og_locale":"fr_FR","og_type":"article","og_title":"Le jeune salari\u00e9 d'une scierie des Salles-Lavauguyon gravement bless\u00e9 dans un accident de travail - ACCIDENTDUTRAVAIL-IDF","og_description":"Le jeune salari\u00e9 d'une scierie des Salles-Lavauguyon gravement bless\u00e9 dans un accident de travail article de ACCIDENTDUTRAVAIL-IDF","og_url":"https:\/\/www.accidentdutravail-idf.net\/blog\/le-jeune-salarie-dune-scierie-des-salles-lavauguyon-gravement-blesse-dans-un-accident-de-travail\/","og_site_name":"ACCIDENTDUTRAVAIL-IDF","article_published_time":"2025-08-26T04:29:00+00:00","og_image":[{"url":"https:\/\/www.accidentdutravail-idf.net\/blog\/wp-content\/uploads\/2025\/08\/le-jeune-salarie-dune-scierie-des-salles-lavauguyon-gravement-blesse-dans-un-accident-de-travail.webp","type":"","width":"","height":""}],"author":"Carlos Poulain","twitter_card":"summary_large_image","twitter_misc":{"\u00c9crit par":"Carlos Poulain","Dur\u00e9e de lecture estim\u00e9e":"1 minute"},"schema":{"@context":"https:\/\/schema.org","@graph":[{"@type":"Article","@id":"https:\/\/www.accidentdutravail-idf.net\/blog\/le-jeune-salarie-dune-scierie-des-salles-lavauguyon-gravement-blesse-dans-un-accident-de-travail\/#article","isPartOf":{"@id":"https:\/\/www.accidentdutravail-idf.net\/blog\/le-jeune-salarie-dune-scierie-des-salles-lavauguyon-gravement-blesse-dans-un-accident-de-travail\/"},"author":{"name":"Carlos Poulain","@id":"https:\/\/www.accidentdutravail-idf.net\/blog\/#\/schema\/person\/3255d2f970de45e64bd9201f38e7b947"},"headline":"Le jeune salari\u00e9 d&rsquo;une scierie des Salles-Lavauguyon gravement bless\u00e9 dans un accident de travail","datePublished":"2025-08-26T04:29:00+00:00","mainEntityOfPage":{"@id":"https:\/\/www.accidentdutravail-idf.net\/blog\/le-jeune-salarie-dune-scierie-des-salles-lavauguyon-gravement-blesse-dans-un-accident-de-travail\/"},"wordCount":228,"publisher":{"@id":"https:\/\/www.accidentdutravail-idf.net\/blog\/#organization"},"image":{"@id":"https:\/\/www.accidentdutravail-idf.net\/blog\/le-jeune-salarie-dune-scierie-des-salles-lavauguyon-gravement-blesse-dans-un-accident-de-travail\/#primaryimage"},"thumbnailUrl":"https:\/\/www.accidentdutravail-idf.net\/blog\/wp-content\/uploads\/2025\/08\/le-jeune-salarie-dune-scierie-des-salles-lavauguyon-gravement-blesse-dans-un-accident-de-travail.webp","articleSection":["S\u00e9curit\u00e9 Du Travail En Ile-De-France Et Divers:"],"inLanguage":"fr-FR"},{"@type":"WebPage","@id":"https:\/\/www.accidentdutravail-idf.net\/blog\/le-jeune-salarie-dune-scierie-des-salles-lavauguyon-gravement-blesse-dans-un-accident-de-travail\/","url":"https:\/\/www.accidentdutravail-idf.net\/blog\/le-jeune-salarie-dune-scierie-des-salles-lavauguyon-gravement-blesse-dans-un-accident-de-travail\/","name":"Le jeune salari\u00e9 d'une scierie des Salles-Lavauguyon gravement bless\u00e9 dans un accident de travail - ACCIDENTDUTRAVAIL-IDF","isPartOf":{"@id":"https:\/\/www.accidentdutravail-idf.net\/blog\/#website"},"primaryImageOfPage":{"@id":"https:\/\/www.accidentdutravail-idf.net\/blog\/le-jeune-salarie-dune-scierie-des-salles-lavauguyon-gravement-blesse-dans-un-accident-de-travail\/#primaryimage"},"image":{"@id":"https:\/\/www.accidentdutravail-idf.net\/blog\/le-jeune-salarie-dune-scierie-des-salles-lavauguyon-gravement-blesse-dans-un-accident-de-travail\/#primaryimage"},"thumbnailUrl":"https:\/\/www.accidentdutravail-idf.net\/blog\/wp-content\/uploads\/2025\/08\/le-jeune-salarie-dune-scierie-des-salles-lavauguyon-gravement-blesse-dans-un-accident-de-travail.webp","datePublished":"2025-08-26T04:29:00+00:00","description":"Le jeune salari\u00e9 d'une scierie des Salles-Lavauguyon gravement bless\u00e9 dans un accident de travail article de ACCIDENTDUTRAVAIL-IDF","breadcrumb":{"@id":"https:\/\/www.accidentdutravail-idf.net\/blog\/le-jeune-salarie-dune-scierie-des-salles-lavauguyon-gravement-blesse-dans-un-accident-de-travail\/#breadcrumb"},"inLanguage":"fr-FR","potentialAction":[{"@type":"ReadAction","target":["https:\/\/www.accidentdutravail-idf.net\/blog\/le-jeune-salarie-dune-scierie-des-salles-lavauguyon-gravement-blesse-dans-un-accident-de-travail\/"]}]},{"@type":"ImageObject","inLanguage":"fr-FR","@id":"https:\/\/www.accidentdutravail-idf.net\/blog\/le-jeune-salarie-dune-scierie-des-salles-lavauguyon-gravement-blesse-dans-un-accident-de-travail\/#primaryimage","url":"https:\/\/www.accidentdutravail-idf.net\/blog\/wp-content\/uploads\/2025\/08\/le-jeune-salarie-dune-scierie-des-salles-lavauguyon-gravement-blesse-dans-un-accident-de-travail.webp","contentUrl":"https:\/\/www.accidentdutravail-idf.net\/blog\/wp-content\/uploads\/2025\/08\/le-jeune-salarie-dune-scierie-des-salles-lavauguyon-gravement-blesse-dans-un-accident-de-travail.webp"},{"@type":"BreadcrumbList","@id":"https:\/\/www.accidentdutravail-idf.net\/blog\/le-jeune-salarie-dune-scierie-des-salles-lavauguyon-gravement-blesse-dans-un-accident-de-travail\/#breadcrumb","itemListElement":[{"@type":"ListItem","position":1,"name":"Accueil","item":"https:\/\/www.accidentdutravail-idf.net\/blog\/"},{"@type":"ListItem","position":2,"name":"Le jeune salari\u00e9 d&rsquo;une scierie des Salles-Lavauguyon gravement bless\u00e9 dans un accident de travail"}]},{"@type":"WebSite","@id":"https:\/\/www.accidentdutravail-idf.net\/blog\/#website","url":"https:\/\/www.accidentdutravail-idf.net\/blog\/","name":"ACCIDENTDUTRAVAIL-IDF","description":"Portail accidents du travail-maladies professionnelles des entreprises d&#039;Ile-de-France","publisher":{"@id":"https:\/\/www.accidentdutravail-idf.net\/blog\/#organization"},"potentialAction":[{"@type":"SearchAction","target":{"@type":"EntryPoint","urlTemplate":"https:\/\/www.accidentdutravail-idf.net\/blog\/?s={search_term_string}"},"query-input":{"@type":"PropertyValueSpecification","valueRequired":true,"valueName":"search_term_string"}}],"inLanguage":"fr-FR"},{"@type":"Organization","@id":"https:\/\/www.accidentdutravail-idf.net\/blog\/#organization","name":"accidentdutravail-idf","url":"https:\/\/www.accidentdutravail-idf.net\/blog\/","logo":{"@type":"ImageObject","inLanguage":"fr-FR","@id":"https:\/\/www.accidentdutravail-idf.net\/blog\/#\/schema\/logo\/image\/","url":"https:\/\/www.accidentdutravail-idf.net\/blog\/wp-content\/uploads\/2022\/09\/logo-2.png","contentUrl":"https:\/\/www.accidentdutravail-idf.net\/blog\/wp-content\/uploads\/2022\/09\/logo-2.png","width":380,"height":291,"caption":"accidentdutravail-idf"},"image":{"@id":"https:\/\/www.accidentdutravail-idf.net\/blog\/#\/schema\/logo\/image\/"}},{"@type":"Person","@id":"https:\/\/www.accidentdutravail-idf.net\/blog\/#\/schema\/person\/3255d2f970de45e64bd9201f38e7b947","name":"Carlos Poulain","image":{"@type":"ImageObject","inLanguage":"fr-FR","@id":"https:\/\/secure.gravatar.com\/avatar\/b1c2f9d3588e34e91adb093635df64ef4b2381991216be7576466cfcdca4baf3?s=96&d=mm&r=g","url":"https:\/\/secure.gravatar.com\/avatar\/b1c2f9d3588e34e91adb093635df64ef4b2381991216be7576466cfcdca4baf3?s=96&d=mm&r=g","contentUrl":"https:\/\/secure.gravatar.com\/avatar\/b1c2f9d3588e34e91adb093635df64ef4b2381991216be7576466cfcdca4baf3?s=96&d=mm&r=g","caption":"Carlos Poulain"},"url":"https:\/\/www.accidentdutravail-idf.net\/blog\/author\/idfcarlos\/"}]}},"_links":{"self":[{"href":"https:\/\/www.accidentdutravail-idf.net\/blog\/wp-json\/wp\/v2\/posts\/1692","targetHints":{"allow":["GET"]}}],"collection":[{"href":"https:\/\/www.accidentdutravail-idf.net\/blog\/wp-json\/wp\/v2\/posts"}],"about":[{"href":"https:\/\/www.accidentdutravail-idf.net\/blog\/wp-json\/wp\/v2\/types\/post"}],"author":[{"embeddable":true,"href":"https:\/\/www.accidentdutravail-idf.net\/blog\/wp-json\/wp\/v2\/users\/2"}],"replies":[{"embeddable":true,"href":"https:\/\/www.accidentdutravail-idf.net\/blog\/wp-json\/wp\/v2\/comments?post=1692"}],"version-history":[{"count":0,"href":"https:\/\/www.accidentdutravail-idf.net\/blog\/wp-json\/wp\/v2\/posts\/1692\/revisions"}],"wp:attachment":[{"href":"https:\/\/www.accidentdutravail-idf.net\/blog\/wp-json\/wp\/v2\/media?parent=1692"}],"wp:term":[{"taxonomy":"category","embeddable":true,"href":"https:\/\/www.accidentdutravail-idf.net\/blog\/wp-json\/wp\/v2\/categories?post=1692"},{"taxonomy":"post_tag","embeddable":true,"href":"https:\/\/www.accidentdutravail-idf.net\/blog\/wp-json\/wp\/v2\/tags?post=1692"}],"curies":[{"name":"wp","href":"https:\/\/api.w.org\/{rel}","templated":true}]}}