{"id":1689,"date":"2025-08-26T04:15:00","date_gmt":"2025-08-26T02:15:00","guid":{"rendered":"https:\/\/www.accidentdutravail-idf.net\/blog\/il-serait-tombe-de-plusieurs-metres-un-ouvrier-chute-lourdement-dune-nacelle-sur-un-chantier\/"},"modified":"2025-08-26T04:15:00","modified_gmt":"2025-08-26T02:15:00","slug":"il-serait-tombe-de-plusieurs-metres-un-ouvrier-chute-lourdement-dune-nacelle-sur-un-chantier","status":"publish","type":"post","link":"https:\/\/www.accidentdutravail-idf.net\/blog\/il-serait-tombe-de-plusieurs-metres-un-ouvrier-chute-lourdement-dune-nacelle-sur-un-chantier\/","title":{"rendered":"\u00ab\u00a0Il serait tomb\u00e9 de plusieurs m\u00e8tres\u00a0\u00bb : un ouvrier chute lourdement d\u2019une nacelle sur un chantier"},"content":{"rendered":"<div><img decoding=\"async\" src=\"https:\/\/www.accidentdutravail-idf.net\/blog\/wp-content\/uploads\/2025\/08\/il-serait-tombe-de-plusieurs-metres-un-ouvrier-chute-lourdement-dune-nacelle-sur-un-chantier.jpg\" class=\"ff-og-image-inserted\"><\/div>\n<p> Un ouvrier a fait une chute de plusieurs m\u00e8tres lundi 25&nbsp;ao\u00fbt 2025 sur le chantier de la Halle Fichet, en plein centre de Creil (Oise). L\u2019homme, gri\u00e8vement bless\u00e9, a \u00e9t\u00e9 h\u00e9liport\u00e9 \u00e0 l\u2019h\u00f4pital d\u2019Amiens. Une enqu\u00eate a \u00e9t\u00e9 ouverte pour d\u00e9terminer les circonstances de l\u2019accident. <\/p>\n<div> <!-- Pub DFP Position [outstream] --> <\/p>\n<p data-end=\"561\" data-start=\"299\">Un grave accident du travail s\u2019est produit en d\u00e9but de semaine sur le chantier de r\u00e9habilitation de la Halle Fichet, \u00e0 Creil (Oise). Dans la matin\u00e9e de ce lundi, un ouvrier a \u00e9t\u00e9 gri\u00e8vement bless\u00e9 apr\u00e8s une chute de plusieurs m\u00e8tres alors qu\u2019il se trouvait dans une nacelle \u00e9l\u00e9vatrice, selon nos confr\u00e8res du <em><a href=\"https:\/\/www.leparisien.fr\/oise-60\/cest-un-drame-absolu-un-homme-entre-la-vie-et-la-mort-apres-avoir-chute-dune-nacelle-sur-un-chantier-25-08-2025-WUK2XSHL25HC7A2ZPEJ6UCROJI.php\" target=\"_blank\" rel=\"nofollow\">Parisien<\/a><\/em>.<\/p>\n<p><!-- Pub DFP Position [article] --> <\/p>\n<p data-end=\"1009\" data-start=\"563\">Les faits se sont produits peu avant 8&nbsp;h&nbsp;30.&nbsp;L\u2019homme, \u00e2g\u00e9 d\u2019une quarantaine d\u2019ann\u00e9es, travaillait en hauteur lorsqu\u2019il a chut\u00e9 au sol. Selon les premiers \u00e9l\u00e9ments, la nacelle autonome dans laquelle il se trouvait aurait recul\u00e9 brutalement et son bras se serait ensuite encastr\u00e9 dans l\u2019\u00e9chafaudage, provoquant sa chute, d\u00e9taille le quotidien.<\/p>\n<p data-end=\"1009\" data-start=\"563\">L\u2019ouvrier, retrouv\u00e9 en arr\u00eat cardiorespiratoire, a \u00e9t\u00e9 rapidement pris en charge par le Samu, puis transport\u00e9 \u00e0 l\u2019h\u00f4pital de Creil et ensuite&nbsp;h\u00e9liport\u00e9 vers le CHU d\u2019Amiens. En fin de journ\u00e9e, son pronostic vital \u00e9tait engag\u00e9.<\/p>\n<h2 class=\"txt-int\" data-end=\"1152\" data-start=\"1011\">\u00ab\u00a0Un drame absolu\u00a0\u00bb<\/h2>\n<p data-end=\"1357\" data-start=\"1154\">Une enqu\u00eate de flagrance pour <em>\u00ab\u00a0blessures involontaires dans le cadre du travail\u00a0\u00bb<\/em> a \u00e9t\u00e9 ouverte par le parquet de Senlis. L\u2019inspection du travail et la police judiciaire sont \u00e9galement saisies du dossier.<\/p>\n<p data-end=\"1709\" data-start=\"1359\">La victime portait-elle un casque&nbsp;? \u00c9tait-elle attach\u00e9e&nbsp;? Les circonstances exactes restent \u00e0 \u00e9tablir. <em>\u00ab\u00a0Il serait tomb\u00e9 de plusieurs m\u00e8tres, trois \u00e0 quatre m\u00e8tres de haut.&nbsp;On ne sait pas si la personne a lui m\u00eame pris le risque de monter sans se harnacher, ou si le harnachement \u00e0 c\u00e9der. On ne sait pas pourquoi il \u00e9tait presque seul sur chantier&nbsp;\u00ab\u00a0,<\/em> s\u2019interroge la maire PS de Creil, Sophie Dhoury-Lehner.<\/p>\n<p data-end=\"1709\" data-start=\"1359\">L\u2019\u00e9lue qualifi\u00e9e l\u2019accident de <em>\u00ab\u00a0drame absolu\u00a0\u00bb<\/em>. <em>\u00ab\u00a0Je suis tr\u00e8s inqui\u00e8te pour cette personne. J\u2019ai \u00e9videmment une pens\u00e9e pour lui et pour sa famille. J\u2019esp\u00e8re qu\u2019il s\u2019en sortira et qu\u2019il se r\u00e9tablira le plus rapidement possible.\u00a0\u00bb<\/em>&nbsp;Le chantier, men\u00e9 dans le cadre d\u2019un march\u00e9 public, est \u00e0 l\u2019arr\u00eat jusqu\u2019\u00e0 nouvel ordre.<\/p>\n<\/p><\/div>\n<p>accidentdutravail-idf.net vous a pr\u00e9par\u00e9 ce post qui informe du sujet \u00ab\u00a0Association Sportive Huisson-Longueville Essonne\u00a0\u00bb. La chronique se veut g\u00e9n\u00e9r\u00e9e du mieux possible. Vous pouvez utiliser les coordonn\u00e9es indiqu\u00e9es sur le site dans le but d\u2019apporter des explications sur ce post qui parle du th\u00e8me \u00ab\u00a0Association Sportive Huisson-Longueville Essonne\u00a0\u00bb. Le site accidentdutravail-idf.net a pour but de fournir diverses publications sur la th\u00e9matique Association Sportive Huisson-Longueville Essonne diffus\u00e9es sur le net. Il y aura plusieurs articles autour du sujet \u00ab\u00a0Association Sportive Huisson-Longueville Essonne\u00a0\u00bb dans quelques jours, nous vous invitons \u00e0 naviguer sur notre site web \u00e0 plusieurs reprises.<\/p>\n","protected":false},"excerpt":{"rendered":"<p>Un ouvrier a fait une chute de plusieurs m\u00e8tres lundi 25&nbsp;ao\u00fbt 2025 sur le chantier de la Halle Fichet, en plein centre de Creil (Oise). L\u2019homme, gri\u00e8vement bless\u00e9, a \u00e9t\u00e9 h\u00e9liport\u00e9 \u00e0 l\u2019h\u00f4pital d\u2019Amiens. Une enqu\u00eate a \u00e9t\u00e9 ouverte pour d\u00e9terminer les circonstances de l\u2019accident. Un grave accident du travail s\u2019est produit en d\u00e9but de &hellip; <\/p>\n<p class=\"link-more\"><a href=\"https:\/\/www.accidentdutravail-idf.net\/blog\/il-serait-tombe-de-plusieurs-metres-un-ouvrier-chute-lourdement-dune-nacelle-sur-un-chantier\/\" class=\"more-link\">Continuer la lecture <span class=\"screen-reader-text\"> \u00ab\u00a0\u00ab\u00a0Il serait tomb\u00e9 de plusieurs m\u00e8tres\u00a0\u00bb : un ouvrier chute lourdement d\u2019une nacelle sur un chantier\u00a0\u00bb<\/span><\/a><\/p>\n","protected":false},"author":2,"featured_media":0,"comment_status":"closed","ping_status":"closed","sticky":false,"template":"","format":"standard","meta":{"footnotes":""},"categories":[5],"tags":[],"class_list":["post-1689","post","type-post","status-publish","format-standard","hentry","category-securite-du-travail-en-ile-de-france-et-divers","entry"],"yoast_head":"<!-- This site is optimized with the Yoast SEO plugin v27.5 - https:\/\/yoast.com\/product\/yoast-seo-wordpress\/ -->\n<title>&quot;Il serait tomb\u00e9 de plusieurs m\u00e8tres&quot; : un ouvrier chute lourdement d\u2019une nacelle sur un chantier - ACCIDENTDUTRAVAIL-IDF<\/title>\n<meta name=\"description\" content=\"&quot;Il serait tomb\u00e9 de plusieurs m\u00e8tres&quot; : un ouvrier chute lourdement d\u2019une nacelle sur un chantier article de ACCIDENTDUTRAVAIL-IDF\" \/>\n<meta name=\"robots\" content=\"index, follow, max-snippet:-1, max-image-preview:large, max-video-preview:-1\" \/>\n<link rel=\"canonical\" href=\"https:\/\/www.accidentdutravail-idf.net\/blog\/il-serait-tombe-de-plusieurs-metres-un-ouvrier-chute-lourdement-dune-nacelle-sur-un-chantier\/\" \/>\n<meta property=\"og:locale\" content=\"fr_FR\" \/>\n<meta property=\"og:type\" content=\"article\" \/>\n<meta property=\"og:title\" content=\"&quot;Il serait tomb\u00e9 de plusieurs m\u00e8tres&quot; : un ouvrier chute lourdement d\u2019une nacelle sur un chantier - ACCIDENTDUTRAVAIL-IDF\" \/>\n<meta property=\"og:description\" content=\"&quot;Il serait tomb\u00e9 de plusieurs m\u00e8tres&quot; : un ouvrier chute lourdement d\u2019une nacelle sur un chantier article de ACCIDENTDUTRAVAIL-IDF\" \/>\n<meta property=\"og:url\" content=\"https:\/\/www.accidentdutravail-idf.net\/blog\/il-serait-tombe-de-plusieurs-metres-un-ouvrier-chute-lourdement-dune-nacelle-sur-un-chantier\/\" \/>\n<meta property=\"og:site_name\" content=\"ACCIDENTDUTRAVAIL-IDF\" \/>\n<meta property=\"article:published_time\" content=\"2025-08-26T02:15:00+00:00\" \/>\n<meta property=\"og:image\" content=\"https:\/\/www.accidentdutravail-idf.net\/blog\/wp-content\/uploads\/2025\/08\/il-serait-tombe-de-plusieurs-metres-un-ouvrier-chute-lourdement-dune-nacelle-sur-un-chantier.jpg\" \/>\n<meta name=\"author\" content=\"Carlos Poulain\" \/>\n<meta name=\"twitter:card\" content=\"summary_large_image\" \/>\n<meta name=\"twitter:label1\" content=\"\u00c9crit par\" \/>\n\t<meta name=\"twitter:data1\" content=\"Carlos Poulain\" \/>\n\t<meta name=\"twitter:label2\" content=\"Dur\u00e9e de lecture estim\u00e9e\" \/>\n\t<meta name=\"twitter:data2\" content=\"3 minutes\" \/>\n<script type=\"application\/ld+json\" class=\"yoast-schema-graph\">{\"@context\":\"https:\\\/\\\/schema.org\",\"@graph\":[{\"@type\":\"Article\",\"@id\":\"https:\\\/\\\/www.accidentdutravail-idf.net\\\/blog\\\/il-serait-tombe-de-plusieurs-metres-un-ouvrier-chute-lourdement-dune-nacelle-sur-un-chantier\\\/#article\",\"isPartOf\":{\"@id\":\"https:\\\/\\\/www.accidentdutravail-idf.net\\\/blog\\\/il-serait-tombe-de-plusieurs-metres-un-ouvrier-chute-lourdement-dune-nacelle-sur-un-chantier\\\/\"},\"author\":{\"name\":\"Carlos Poulain\",\"@id\":\"https:\\\/\\\/www.accidentdutravail-idf.net\\\/blog\\\/#\\\/schema\\\/person\\\/3255d2f970de45e64bd9201f38e7b947\"},\"headline\":\"\u00ab\u00a0Il serait tomb\u00e9 de plusieurs m\u00e8tres\u00a0\u00bb : un ouvrier chute lourdement d\u2019une nacelle sur un chantier\",\"datePublished\":\"2025-08-26T02:15:00+00:00\",\"mainEntityOfPage\":{\"@id\":\"https:\\\/\\\/www.accidentdutravail-idf.net\\\/blog\\\/il-serait-tombe-de-plusieurs-metres-un-ouvrier-chute-lourdement-dune-nacelle-sur-un-chantier\\\/\"},\"wordCount\":524,\"publisher\":{\"@id\":\"https:\\\/\\\/www.accidentdutravail-idf.net\\\/blog\\\/#organization\"},\"image\":{\"@id\":\"https:\\\/\\\/www.accidentdutravail-idf.net\\\/blog\\\/il-serait-tombe-de-plusieurs-metres-un-ouvrier-chute-lourdement-dune-nacelle-sur-un-chantier\\\/#primaryimage\"},\"thumbnailUrl\":\"https:\\\/\\\/www.accidentdutravail-idf.net\\\/blog\\\/wp-content\\\/uploads\\\/2025\\\/08\\\/il-serait-tombe-de-plusieurs-metres-un-ouvrier-chute-lourdement-dune-nacelle-sur-un-chantier.jpg\",\"articleSection\":[\"S\u00e9curit\u00e9 Du Travail En Ile-De-France Et Divers:\"],\"inLanguage\":\"fr-FR\"},{\"@type\":\"WebPage\",\"@id\":\"https:\\\/\\\/www.accidentdutravail-idf.net\\\/blog\\\/il-serait-tombe-de-plusieurs-metres-un-ouvrier-chute-lourdement-dune-nacelle-sur-un-chantier\\\/\",\"url\":\"https:\\\/\\\/www.accidentdutravail-idf.net\\\/blog\\\/il-serait-tombe-de-plusieurs-metres-un-ouvrier-chute-lourdement-dune-nacelle-sur-un-chantier\\\/\",\"name\":\"\\\"Il serait tomb\u00e9 de plusieurs m\u00e8tres\\\" : un ouvrier chute lourdement d\u2019une nacelle sur un chantier - ACCIDENTDUTRAVAIL-IDF\",\"isPartOf\":{\"@id\":\"https:\\\/\\\/www.accidentdutravail-idf.net\\\/blog\\\/#website\"},\"primaryImageOfPage\":{\"@id\":\"https:\\\/\\\/www.accidentdutravail-idf.net\\\/blog\\\/il-serait-tombe-de-plusieurs-metres-un-ouvrier-chute-lourdement-dune-nacelle-sur-un-chantier\\\/#primaryimage\"},\"image\":{\"@id\":\"https:\\\/\\\/www.accidentdutravail-idf.net\\\/blog\\\/il-serait-tombe-de-plusieurs-metres-un-ouvrier-chute-lourdement-dune-nacelle-sur-un-chantier\\\/#primaryimage\"},\"thumbnailUrl\":\"https:\\\/\\\/www.accidentdutravail-idf.net\\\/blog\\\/wp-content\\\/uploads\\\/2025\\\/08\\\/il-serait-tombe-de-plusieurs-metres-un-ouvrier-chute-lourdement-dune-nacelle-sur-un-chantier.jpg\",\"datePublished\":\"2025-08-26T02:15:00+00:00\",\"description\":\"\\\"Il serait tomb\u00e9 de plusieurs m\u00e8tres\\\" : un ouvrier chute lourdement d\u2019une nacelle sur un chantier article de ACCIDENTDUTRAVAIL-IDF\",\"breadcrumb\":{\"@id\":\"https:\\\/\\\/www.accidentdutravail-idf.net\\\/blog\\\/il-serait-tombe-de-plusieurs-metres-un-ouvrier-chute-lourdement-dune-nacelle-sur-un-chantier\\\/#breadcrumb\"},\"inLanguage\":\"fr-FR\",\"potentialAction\":[{\"@type\":\"ReadAction\",\"target\":[\"https:\\\/\\\/www.accidentdutravail-idf.net\\\/blog\\\/il-serait-tombe-de-plusieurs-metres-un-ouvrier-chute-lourdement-dune-nacelle-sur-un-chantier\\\/\"]}]},{\"@type\":\"ImageObject\",\"inLanguage\":\"fr-FR\",\"@id\":\"https:\\\/\\\/www.accidentdutravail-idf.net\\\/blog\\\/il-serait-tombe-de-plusieurs-metres-un-ouvrier-chute-lourdement-dune-nacelle-sur-un-chantier\\\/#primaryimage\",\"url\":\"https:\\\/\\\/www.accidentdutravail-idf.net\\\/blog\\\/wp-content\\\/uploads\\\/2025\\\/08\\\/il-serait-tombe-de-plusieurs-metres-un-ouvrier-chute-lourdement-dune-nacelle-sur-un-chantier.jpg\",\"contentUrl\":\"https:\\\/\\\/www.accidentdutravail-idf.net\\\/blog\\\/wp-content\\\/uploads\\\/2025\\\/08\\\/il-serait-tombe-de-plusieurs-metres-un-ouvrier-chute-lourdement-dune-nacelle-sur-un-chantier.jpg\"},{\"@type\":\"BreadcrumbList\",\"@id\":\"https:\\\/\\\/www.accidentdutravail-idf.net\\\/blog\\\/il-serait-tombe-de-plusieurs-metres-un-ouvrier-chute-lourdement-dune-nacelle-sur-un-chantier\\\/#breadcrumb\",\"itemListElement\":[{\"@type\":\"ListItem\",\"position\":1,\"name\":\"Accueil\",\"item\":\"https:\\\/\\\/www.accidentdutravail-idf.net\\\/blog\\\/\"},{\"@type\":\"ListItem\",\"position\":2,\"name\":\"\u00ab\u00a0Il serait tomb\u00e9 de plusieurs m\u00e8tres\u00a0\u00bb : un ouvrier chute lourdement d\u2019une nacelle sur un chantier\"}]},{\"@type\":\"WebSite\",\"@id\":\"https:\\\/\\\/www.accidentdutravail-idf.net\\\/blog\\\/#website\",\"url\":\"https:\\\/\\\/www.accidentdutravail-idf.net\\\/blog\\\/\",\"name\":\"ACCIDENTDUTRAVAIL-IDF\",\"description\":\"Portail accidents du travail-maladies professionnelles des entreprises d&#039;Ile-de-France\",\"publisher\":{\"@id\":\"https:\\\/\\\/www.accidentdutravail-idf.net\\\/blog\\\/#organization\"},\"potentialAction\":[{\"@type\":\"SearchAction\",\"target\":{\"@type\":\"EntryPoint\",\"urlTemplate\":\"https:\\\/\\\/www.accidentdutravail-idf.net\\\/blog\\\/?s={search_term_string}\"},\"query-input\":{\"@type\":\"PropertyValueSpecification\",\"valueRequired\":true,\"valueName\":\"search_term_string\"}}],\"inLanguage\":\"fr-FR\"},{\"@type\":\"Organization\",\"@id\":\"https:\\\/\\\/www.accidentdutravail-idf.net\\\/blog\\\/#organization\",\"name\":\"accidentdutravail-idf\",\"url\":\"https:\\\/\\\/www.accidentdutravail-idf.net\\\/blog\\\/\",\"logo\":{\"@type\":\"ImageObject\",\"inLanguage\":\"fr-FR\",\"@id\":\"https:\\\/\\\/www.accidentdutravail-idf.net\\\/blog\\\/#\\\/schema\\\/logo\\\/image\\\/\",\"url\":\"https:\\\/\\\/www.accidentdutravail-idf.net\\\/blog\\\/wp-content\\\/uploads\\\/2022\\\/09\\\/logo-2.png\",\"contentUrl\":\"https:\\\/\\\/www.accidentdutravail-idf.net\\\/blog\\\/wp-content\\\/uploads\\\/2022\\\/09\\\/logo-2.png\",\"width\":380,\"height\":291,\"caption\":\"accidentdutravail-idf\"},\"image\":{\"@id\":\"https:\\\/\\\/www.accidentdutravail-idf.net\\\/blog\\\/#\\\/schema\\\/logo\\\/image\\\/\"}},{\"@type\":\"Person\",\"@id\":\"https:\\\/\\\/www.accidentdutravail-idf.net\\\/blog\\\/#\\\/schema\\\/person\\\/3255d2f970de45e64bd9201f38e7b947\",\"name\":\"Carlos Poulain\",\"image\":{\"@type\":\"ImageObject\",\"inLanguage\":\"fr-FR\",\"@id\":\"https:\\\/\\\/secure.gravatar.com\\\/avatar\\\/b1c2f9d3588e34e91adb093635df64ef4b2381991216be7576466cfcdca4baf3?s=96&d=mm&r=g\",\"url\":\"https:\\\/\\\/secure.gravatar.com\\\/avatar\\\/b1c2f9d3588e34e91adb093635df64ef4b2381991216be7576466cfcdca4baf3?s=96&d=mm&r=g\",\"contentUrl\":\"https:\\\/\\\/secure.gravatar.com\\\/avatar\\\/b1c2f9d3588e34e91adb093635df64ef4b2381991216be7576466cfcdca4baf3?s=96&d=mm&r=g\",\"caption\":\"Carlos Poulain\"},\"url\":\"https:\\\/\\\/www.accidentdutravail-idf.net\\\/blog\\\/author\\\/idfcarlos\\\/\"}]}<\/script>\n<!-- \/ Yoast SEO plugin. -->","yoast_head_json":{"title":"\"Il serait tomb\u00e9 de plusieurs m\u00e8tres\" : un ouvrier chute lourdement d\u2019une nacelle sur un chantier - ACCIDENTDUTRAVAIL-IDF","description":"\"Il serait tomb\u00e9 de plusieurs m\u00e8tres\" : un ouvrier chute lourdement d\u2019une nacelle sur un chantier article de ACCIDENTDUTRAVAIL-IDF","robots":{"index":"index","follow":"follow","max-snippet":"max-snippet:-1","max-image-preview":"max-image-preview:large","max-video-preview":"max-video-preview:-1"},"canonical":"https:\/\/www.accidentdutravail-idf.net\/blog\/il-serait-tombe-de-plusieurs-metres-un-ouvrier-chute-lourdement-dune-nacelle-sur-un-chantier\/","og_locale":"fr_FR","og_type":"article","og_title":"\"Il serait tomb\u00e9 de plusieurs m\u00e8tres\" : un ouvrier chute lourdement d\u2019une nacelle sur un chantier - ACCIDENTDUTRAVAIL-IDF","og_description":"\"Il serait tomb\u00e9 de plusieurs m\u00e8tres\" : un ouvrier chute lourdement d\u2019une nacelle sur un chantier article de ACCIDENTDUTRAVAIL-IDF","og_url":"https:\/\/www.accidentdutravail-idf.net\/blog\/il-serait-tombe-de-plusieurs-metres-un-ouvrier-chute-lourdement-dune-nacelle-sur-un-chantier\/","og_site_name":"ACCIDENTDUTRAVAIL-IDF","article_published_time":"2025-08-26T02:15:00+00:00","og_image":[{"url":"https:\/\/www.accidentdutravail-idf.net\/blog\/wp-content\/uploads\/2025\/08\/il-serait-tombe-de-plusieurs-metres-un-ouvrier-chute-lourdement-dune-nacelle-sur-un-chantier.jpg","type":"","width":"","height":""}],"author":"Carlos Poulain","twitter_card":"summary_large_image","twitter_misc":{"\u00c9crit par":"Carlos Poulain","Dur\u00e9e de lecture estim\u00e9e":"3 minutes"},"schema":{"@context":"https:\/\/schema.org","@graph":[{"@type":"Article","@id":"https:\/\/www.accidentdutravail-idf.net\/blog\/il-serait-tombe-de-plusieurs-metres-un-ouvrier-chute-lourdement-dune-nacelle-sur-un-chantier\/#article","isPartOf":{"@id":"https:\/\/www.accidentdutravail-idf.net\/blog\/il-serait-tombe-de-plusieurs-metres-un-ouvrier-chute-lourdement-dune-nacelle-sur-un-chantier\/"},"author":{"name":"Carlos Poulain","@id":"https:\/\/www.accidentdutravail-idf.net\/blog\/#\/schema\/person\/3255d2f970de45e64bd9201f38e7b947"},"headline":"\u00ab\u00a0Il serait tomb\u00e9 de plusieurs m\u00e8tres\u00a0\u00bb : un ouvrier chute lourdement d\u2019une nacelle sur un chantier","datePublished":"2025-08-26T02:15:00+00:00","mainEntityOfPage":{"@id":"https:\/\/www.accidentdutravail-idf.net\/blog\/il-serait-tombe-de-plusieurs-metres-un-ouvrier-chute-lourdement-dune-nacelle-sur-un-chantier\/"},"wordCount":524,"publisher":{"@id":"https:\/\/www.accidentdutravail-idf.net\/blog\/#organization"},"image":{"@id":"https:\/\/www.accidentdutravail-idf.net\/blog\/il-serait-tombe-de-plusieurs-metres-un-ouvrier-chute-lourdement-dune-nacelle-sur-un-chantier\/#primaryimage"},"thumbnailUrl":"https:\/\/www.accidentdutravail-idf.net\/blog\/wp-content\/uploads\/2025\/08\/il-serait-tombe-de-plusieurs-metres-un-ouvrier-chute-lourdement-dune-nacelle-sur-un-chantier.jpg","articleSection":["S\u00e9curit\u00e9 Du Travail En Ile-De-France Et Divers:"],"inLanguage":"fr-FR"},{"@type":"WebPage","@id":"https:\/\/www.accidentdutravail-idf.net\/blog\/il-serait-tombe-de-plusieurs-metres-un-ouvrier-chute-lourdement-dune-nacelle-sur-un-chantier\/","url":"https:\/\/www.accidentdutravail-idf.net\/blog\/il-serait-tombe-de-plusieurs-metres-un-ouvrier-chute-lourdement-dune-nacelle-sur-un-chantier\/","name":"\"Il serait tomb\u00e9 de plusieurs m\u00e8tres\" : un ouvrier chute lourdement d\u2019une nacelle sur un chantier - ACCIDENTDUTRAVAIL-IDF","isPartOf":{"@id":"https:\/\/www.accidentdutravail-idf.net\/blog\/#website"},"primaryImageOfPage":{"@id":"https:\/\/www.accidentdutravail-idf.net\/blog\/il-serait-tombe-de-plusieurs-metres-un-ouvrier-chute-lourdement-dune-nacelle-sur-un-chantier\/#primaryimage"},"image":{"@id":"https:\/\/www.accidentdutravail-idf.net\/blog\/il-serait-tombe-de-plusieurs-metres-un-ouvrier-chute-lourdement-dune-nacelle-sur-un-chantier\/#primaryimage"},"thumbnailUrl":"https:\/\/www.accidentdutravail-idf.net\/blog\/wp-content\/uploads\/2025\/08\/il-serait-tombe-de-plusieurs-metres-un-ouvrier-chute-lourdement-dune-nacelle-sur-un-chantier.jpg","datePublished":"2025-08-26T02:15:00+00:00","description":"\"Il serait tomb\u00e9 de plusieurs m\u00e8tres\" : un ouvrier chute lourdement d\u2019une nacelle sur un chantier article de ACCIDENTDUTRAVAIL-IDF","breadcrumb":{"@id":"https:\/\/www.accidentdutravail-idf.net\/blog\/il-serait-tombe-de-plusieurs-metres-un-ouvrier-chute-lourdement-dune-nacelle-sur-un-chantier\/#breadcrumb"},"inLanguage":"fr-FR","potentialAction":[{"@type":"ReadAction","target":["https:\/\/www.accidentdutravail-idf.net\/blog\/il-serait-tombe-de-plusieurs-metres-un-ouvrier-chute-lourdement-dune-nacelle-sur-un-chantier\/"]}]},{"@type":"ImageObject","inLanguage":"fr-FR","@id":"https:\/\/www.accidentdutravail-idf.net\/blog\/il-serait-tombe-de-plusieurs-metres-un-ouvrier-chute-lourdement-dune-nacelle-sur-un-chantier\/#primaryimage","url":"https:\/\/www.accidentdutravail-idf.net\/blog\/wp-content\/uploads\/2025\/08\/il-serait-tombe-de-plusieurs-metres-un-ouvrier-chute-lourdement-dune-nacelle-sur-un-chantier.jpg","contentUrl":"https:\/\/www.accidentdutravail-idf.net\/blog\/wp-content\/uploads\/2025\/08\/il-serait-tombe-de-plusieurs-metres-un-ouvrier-chute-lourdement-dune-nacelle-sur-un-chantier.jpg"},{"@type":"BreadcrumbList","@id":"https:\/\/www.accidentdutravail-idf.net\/blog\/il-serait-tombe-de-plusieurs-metres-un-ouvrier-chute-lourdement-dune-nacelle-sur-un-chantier\/#breadcrumb","itemListElement":[{"@type":"ListItem","position":1,"name":"Accueil","item":"https:\/\/www.accidentdutravail-idf.net\/blog\/"},{"@type":"ListItem","position":2,"name":"\u00ab\u00a0Il serait tomb\u00e9 de plusieurs m\u00e8tres\u00a0\u00bb : un ouvrier chute lourdement d\u2019une nacelle sur un chantier"}]},{"@type":"WebSite","@id":"https:\/\/www.accidentdutravail-idf.net\/blog\/#website","url":"https:\/\/www.accidentdutravail-idf.net\/blog\/","name":"ACCIDENTDUTRAVAIL-IDF","description":"Portail accidents du travail-maladies professionnelles des entreprises d&#039;Ile-de-France","publisher":{"@id":"https:\/\/www.accidentdutravail-idf.net\/blog\/#organization"},"potentialAction":[{"@type":"SearchAction","target":{"@type":"EntryPoint","urlTemplate":"https:\/\/www.accidentdutravail-idf.net\/blog\/?s={search_term_string}"},"query-input":{"@type":"PropertyValueSpecification","valueRequired":true,"valueName":"search_term_string"}}],"inLanguage":"fr-FR"},{"@type":"Organization","@id":"https:\/\/www.accidentdutravail-idf.net\/blog\/#organization","name":"accidentdutravail-idf","url":"https:\/\/www.accidentdutravail-idf.net\/blog\/","logo":{"@type":"ImageObject","inLanguage":"fr-FR","@id":"https:\/\/www.accidentdutravail-idf.net\/blog\/#\/schema\/logo\/image\/","url":"https:\/\/www.accidentdutravail-idf.net\/blog\/wp-content\/uploads\/2022\/09\/logo-2.png","contentUrl":"https:\/\/www.accidentdutravail-idf.net\/blog\/wp-content\/uploads\/2022\/09\/logo-2.png","width":380,"height":291,"caption":"accidentdutravail-idf"},"image":{"@id":"https:\/\/www.accidentdutravail-idf.net\/blog\/#\/schema\/logo\/image\/"}},{"@type":"Person","@id":"https:\/\/www.accidentdutravail-idf.net\/blog\/#\/schema\/person\/3255d2f970de45e64bd9201f38e7b947","name":"Carlos Poulain","image":{"@type":"ImageObject","inLanguage":"fr-FR","@id":"https:\/\/secure.gravatar.com\/avatar\/b1c2f9d3588e34e91adb093635df64ef4b2381991216be7576466cfcdca4baf3?s=96&d=mm&r=g","url":"https:\/\/secure.gravatar.com\/avatar\/b1c2f9d3588e34e91adb093635df64ef4b2381991216be7576466cfcdca4baf3?s=96&d=mm&r=g","contentUrl":"https:\/\/secure.gravatar.com\/avatar\/b1c2f9d3588e34e91adb093635df64ef4b2381991216be7576466cfcdca4baf3?s=96&d=mm&r=g","caption":"Carlos Poulain"},"url":"https:\/\/www.accidentdutravail-idf.net\/blog\/author\/idfcarlos\/"}]}},"_links":{"self":[{"href":"https:\/\/www.accidentdutravail-idf.net\/blog\/wp-json\/wp\/v2\/posts\/1689","targetHints":{"allow":["GET"]}}],"collection":[{"href":"https:\/\/www.accidentdutravail-idf.net\/blog\/wp-json\/wp\/v2\/posts"}],"about":[{"href":"https:\/\/www.accidentdutravail-idf.net\/blog\/wp-json\/wp\/v2\/types\/post"}],"author":[{"embeddable":true,"href":"https:\/\/www.accidentdutravail-idf.net\/blog\/wp-json\/wp\/v2\/users\/2"}],"replies":[{"embeddable":true,"href":"https:\/\/www.accidentdutravail-idf.net\/blog\/wp-json\/wp\/v2\/comments?post=1689"}],"version-history":[{"count":0,"href":"https:\/\/www.accidentdutravail-idf.net\/blog\/wp-json\/wp\/v2\/posts\/1689\/revisions"}],"wp:attachment":[{"href":"https:\/\/www.accidentdutravail-idf.net\/blog\/wp-json\/wp\/v2\/media?parent=1689"}],"wp:term":[{"taxonomy":"category","embeddable":true,"href":"https:\/\/www.accidentdutravail-idf.net\/blog\/wp-json\/wp\/v2\/categories?post=1689"},{"taxonomy":"post_tag","embeddable":true,"href":"https:\/\/www.accidentdutravail-idf.net\/blog\/wp-json\/wp\/v2\/tags?post=1689"}],"curies":[{"name":"wp","href":"https:\/\/api.w.org\/{rel}","templated":true}]}}