{"id":1684,"date":"2025-08-26T05:15:00","date_gmt":"2025-08-26T03:15:00","guid":{"rendered":"https:\/\/www.accidentdutravail-idf.net\/blog\/haute-vienne-un-grave-accident-du-travail-dans-une-scierie-aux-salles-lavauguyon\/"},"modified":"2025-08-26T05:15:00","modified_gmt":"2025-08-26T03:15:00","slug":"haute-vienne-un-grave-accident-du-travail-dans-une-scierie-aux-salles-lavauguyon","status":"publish","type":"post","link":"https:\/\/www.accidentdutravail-idf.net\/blog\/haute-vienne-un-grave-accident-du-travail-dans-une-scierie-aux-salles-lavauguyon\/","title":{"rendered":"Haute-Vienne : un grave accident du travail dans une scierie aux Salles-Lavauguyon"},"content":{"rendered":"<div><img decoding=\"async\" src=\"https:\/\/www.accidentdutravail-idf.net\/blog\/wp-content\/uploads\/2025\/08\/haute-vienne-un-grave-accident-du-travail-dans-une-scierie-aux-salles-lavauguyon.jpg\" class=\"ff-og-image-inserted\"><\/div>\n<p>Un jeune homme de 19 ans, employ\u00e9 d&rsquo;une scierie aux Salles Lavauguyon, dans l&rsquo;ouest de la Haute-Vienne, a d\u00fb \u00eatre h\u00e9liport\u00e9 au CHU de Limoges ce mardi matin. Il venait de recevoir un \u00e9norme billot de bois en pleine poitrine.<\/p>\n<div><!--[1--><!--[--><!--[2--><!--[--><!--[1--><!--&gt;\n\n<p>--><!--[1--><!--[--><!--[2--><!--[1--><!--[1--><!--&gt;--><!--&gt;Un grave accident du travail s'est produit ce mardi matin dans une scierie, aux Salles Lavauguyon, dans l'ouest de la Haute-Vienne. D'apr\u00e8s la gendarmerie, un employ\u00e9 \u00e2g\u00e9 de 19 ans a re\u00e7u en pleine poitrine un billot de bois de 200 \u00e0 300 kilos, qui s'\u00e9tait d\u00e9croch\u00e9 d'un engin de levage.--><!--&gt;--><!--]--><!--]--><!--]--><!--&gt;]--><!--]--><!--&gt;--><\/p>\n<p><!--&gt;]--><!--]--><!--]--><!--&gt;[2--><!--[3--><!--&gt;[--><!--]--><!--&gt;]--><!--]--><!--&gt;[2--><!--[--><!--[1--><!--&gt;\n\n<p>--><!--[1--><!--[--><!--[2--><!--[1--><!--[1--><!--&gt;--><!--&gt;Le jeune homme a d\u00fb \u00eatre h\u00e9liport\u00e9 au CHU de Limoges. Il \u00e9tait conscient au moment de sa prise en charge et son pronostic vital n'est pas engag\u00e9, mais il pr\u00e9sente de lourdes blessures, dont le degr\u00e9 et l'ampleur restaient \u00e0 \u00e9valuer. Une enqu\u00eate de gendarmerie est ouverte, et les machines ont \u00e9t\u00e9 mises \u00e0 l'arr\u00eat, en attendant le passage de l'inspection du travail.--><!--&gt;--><!--]--><!--]--><!--]--><!--&gt;]--><!--]--><!--&gt;--><\/p>\n<p><!--&gt;]--><!--]--><!--]--><!--&gt;]--><!--]--><!--&gt;<\/div>\n\naccidentdutravail-idf.net vous a pr\u00e9par\u00e9 ce post qui informe du sujet \"Association Sportive Huisson-Longueville Essonne\". La chronique se veut g\u00e9n\u00e9r\u00e9e du mieux possible. Vous pouvez utiliser les coordonn\u00e9es indiqu\u00e9es sur le site dans le but d\u2019apporter des explications sur ce post qui parle du th\u00e8me \"Association Sportive Huisson-Longueville Essonne\". Le site accidentdutravail-idf.net a pour but de fournir diverses publications sur la th\u00e9matique Association Sportive Huisson-Longueville Essonne diffus\u00e9es sur le net. Il y aura plusieurs articles autour du sujet \"Association Sportive Huisson-Longueville Essonne\" dans quelques jours, nous vous invitons \u00e0 naviguer sur notre site web \u00e0 plusieurs reprises.--><\/p>\n","protected":false},"excerpt":{"rendered":"<p>Un jeune homme de 19 ans, employ\u00e9 d&rsquo;une scierie aux Salles Lavauguyon, dans l&rsquo;ouest de la Haute-Vienne, a d\u00fb \u00eatre h\u00e9liport\u00e9 au CHU de Limoges ce mardi matin. Il venait de recevoir un \u00e9norme billot de bois en pleine poitrine.<\/p>\n","protected":false},"author":2,"featured_media":0,"comment_status":"closed","ping_status":"closed","sticky":false,"template":"","format":"standard","meta":{"footnotes":""},"categories":[5],"tags":[],"class_list":["post-1684","post","type-post","status-publish","format-standard","hentry","category-securite-du-travail-en-ile-de-france-et-divers","entry"],"yoast_head":"<!-- This site is optimized with the Yoast SEO plugin v27.5 - https:\/\/yoast.com\/product\/yoast-seo-wordpress\/ -->\n<title>Haute-Vienne : un grave accident du travail dans une scierie aux Salles-Lavauguyon - ACCIDENTDUTRAVAIL-IDF<\/title>\n<meta name=\"description\" content=\"Haute-Vienne : un grave accident du travail dans une scierie aux Salles-Lavauguyon article de ACCIDENTDUTRAVAIL-IDF\" \/>\n<meta name=\"robots\" content=\"index, follow, max-snippet:-1, max-image-preview:large, max-video-preview:-1\" \/>\n<link rel=\"canonical\" href=\"https:\/\/www.accidentdutravail-idf.net\/blog\/haute-vienne-un-grave-accident-du-travail-dans-une-scierie-aux-salles-lavauguyon\/\" \/>\n<meta property=\"og:locale\" content=\"fr_FR\" \/>\n<meta property=\"og:type\" content=\"article\" \/>\n<meta property=\"og:title\" content=\"Haute-Vienne : un grave accident du travail dans une scierie aux Salles-Lavauguyon - ACCIDENTDUTRAVAIL-IDF\" \/>\n<meta property=\"og:description\" content=\"Haute-Vienne : un grave accident du travail dans une scierie aux Salles-Lavauguyon article de ACCIDENTDUTRAVAIL-IDF\" \/>\n<meta property=\"og:url\" content=\"https:\/\/www.accidentdutravail-idf.net\/blog\/haute-vienne-un-grave-accident-du-travail-dans-une-scierie-aux-salles-lavauguyon\/\" \/>\n<meta property=\"og:site_name\" content=\"ACCIDENTDUTRAVAIL-IDF\" \/>\n<meta property=\"article:published_time\" content=\"2025-08-26T03:15:00+00:00\" \/>\n<meta property=\"og:image\" content=\"https:\/\/www.accidentdutravail-idf.net\/blog\/wp-content\/uploads\/2025\/08\/haute-vienne-un-grave-accident-du-travail-dans-une-scierie-aux-salles-lavauguyon.jpg\" \/>\n<meta name=\"author\" content=\"Carlos Poulain\" \/>\n<meta name=\"twitter:card\" content=\"summary_large_image\" \/>\n<meta name=\"twitter:label1\" content=\"\u00c9crit par\" \/>\n\t<meta name=\"twitter:data1\" content=\"Carlos Poulain\" \/>\n<script type=\"application\/ld+json\" class=\"yoast-schema-graph\">{\"@context\":\"https:\\\/\\\/schema.org\",\"@graph\":[{\"@type\":\"Article\",\"@id\":\"https:\\\/\\\/www.accidentdutravail-idf.net\\\/blog\\\/haute-vienne-un-grave-accident-du-travail-dans-une-scierie-aux-salles-lavauguyon\\\/#article\",\"isPartOf\":{\"@id\":\"https:\\\/\\\/www.accidentdutravail-idf.net\\\/blog\\\/haute-vienne-un-grave-accident-du-travail-dans-une-scierie-aux-salles-lavauguyon\\\/\"},\"author\":{\"name\":\"Carlos Poulain\",\"@id\":\"https:\\\/\\\/www.accidentdutravail-idf.net\\\/blog\\\/#\\\/schema\\\/person\\\/3255d2f970de45e64bd9201f38e7b947\"},\"headline\":\"Haute-Vienne : un grave accident du travail dans une scierie aux Salles-Lavauguyon\",\"datePublished\":\"2025-08-26T03:15:00+00:00\",\"mainEntityOfPage\":{\"@id\":\"https:\\\/\\\/www.accidentdutravail-idf.net\\\/blog\\\/haute-vienne-un-grave-accident-du-travail-dans-une-scierie-aux-salles-lavauguyon\\\/\"},\"wordCount\":51,\"publisher\":{\"@id\":\"https:\\\/\\\/www.accidentdutravail-idf.net\\\/blog\\\/#organization\"},\"image\":{\"@id\":\"https:\\\/\\\/www.accidentdutravail-idf.net\\\/blog\\\/haute-vienne-un-grave-accident-du-travail-dans-une-scierie-aux-salles-lavauguyon\\\/#primaryimage\"},\"thumbnailUrl\":\"https:\\\/\\\/www.accidentdutravail-idf.net\\\/blog\\\/wp-content\\\/uploads\\\/2025\\\/08\\\/haute-vienne-un-grave-accident-du-travail-dans-une-scierie-aux-salles-lavauguyon.jpg\",\"articleSection\":[\"S\u00e9curit\u00e9 Du Travail En Ile-De-France Et Divers:\"],\"inLanguage\":\"fr-FR\"},{\"@type\":\"WebPage\",\"@id\":\"https:\\\/\\\/www.accidentdutravail-idf.net\\\/blog\\\/haute-vienne-un-grave-accident-du-travail-dans-une-scierie-aux-salles-lavauguyon\\\/\",\"url\":\"https:\\\/\\\/www.accidentdutravail-idf.net\\\/blog\\\/haute-vienne-un-grave-accident-du-travail-dans-une-scierie-aux-salles-lavauguyon\\\/\",\"name\":\"Haute-Vienne : un grave accident du travail dans une scierie aux Salles-Lavauguyon - ACCIDENTDUTRAVAIL-IDF\",\"isPartOf\":{\"@id\":\"https:\\\/\\\/www.accidentdutravail-idf.net\\\/blog\\\/#website\"},\"primaryImageOfPage\":{\"@id\":\"https:\\\/\\\/www.accidentdutravail-idf.net\\\/blog\\\/haute-vienne-un-grave-accident-du-travail-dans-une-scierie-aux-salles-lavauguyon\\\/#primaryimage\"},\"image\":{\"@id\":\"https:\\\/\\\/www.accidentdutravail-idf.net\\\/blog\\\/haute-vienne-un-grave-accident-du-travail-dans-une-scierie-aux-salles-lavauguyon\\\/#primaryimage\"},\"thumbnailUrl\":\"https:\\\/\\\/www.accidentdutravail-idf.net\\\/blog\\\/wp-content\\\/uploads\\\/2025\\\/08\\\/haute-vienne-un-grave-accident-du-travail-dans-une-scierie-aux-salles-lavauguyon.jpg\",\"datePublished\":\"2025-08-26T03:15:00+00:00\",\"description\":\"Haute-Vienne : un grave accident du travail dans une scierie aux Salles-Lavauguyon article de ACCIDENTDUTRAVAIL-IDF\",\"breadcrumb\":{\"@id\":\"https:\\\/\\\/www.accidentdutravail-idf.net\\\/blog\\\/haute-vienne-un-grave-accident-du-travail-dans-une-scierie-aux-salles-lavauguyon\\\/#breadcrumb\"},\"inLanguage\":\"fr-FR\",\"potentialAction\":[{\"@type\":\"ReadAction\",\"target\":[\"https:\\\/\\\/www.accidentdutravail-idf.net\\\/blog\\\/haute-vienne-un-grave-accident-du-travail-dans-une-scierie-aux-salles-lavauguyon\\\/\"]}]},{\"@type\":\"ImageObject\",\"inLanguage\":\"fr-FR\",\"@id\":\"https:\\\/\\\/www.accidentdutravail-idf.net\\\/blog\\\/haute-vienne-un-grave-accident-du-travail-dans-une-scierie-aux-salles-lavauguyon\\\/#primaryimage\",\"url\":\"https:\\\/\\\/www.accidentdutravail-idf.net\\\/blog\\\/wp-content\\\/uploads\\\/2025\\\/08\\\/haute-vienne-un-grave-accident-du-travail-dans-une-scierie-aux-salles-lavauguyon.jpg\",\"contentUrl\":\"https:\\\/\\\/www.accidentdutravail-idf.net\\\/blog\\\/wp-content\\\/uploads\\\/2025\\\/08\\\/haute-vienne-un-grave-accident-du-travail-dans-une-scierie-aux-salles-lavauguyon.jpg\"},{\"@type\":\"BreadcrumbList\",\"@id\":\"https:\\\/\\\/www.accidentdutravail-idf.net\\\/blog\\\/haute-vienne-un-grave-accident-du-travail-dans-une-scierie-aux-salles-lavauguyon\\\/#breadcrumb\",\"itemListElement\":[{\"@type\":\"ListItem\",\"position\":1,\"name\":\"Accueil\",\"item\":\"https:\\\/\\\/www.accidentdutravail-idf.net\\\/blog\\\/\"},{\"@type\":\"ListItem\",\"position\":2,\"name\":\"Haute-Vienne : un grave accident du travail dans une scierie aux Salles-Lavauguyon\"}]},{\"@type\":\"WebSite\",\"@id\":\"https:\\\/\\\/www.accidentdutravail-idf.net\\\/blog\\\/#website\",\"url\":\"https:\\\/\\\/www.accidentdutravail-idf.net\\\/blog\\\/\",\"name\":\"ACCIDENTDUTRAVAIL-IDF\",\"description\":\"Portail accidents du travail-maladies professionnelles des entreprises d&#039;Ile-de-France\",\"publisher\":{\"@id\":\"https:\\\/\\\/www.accidentdutravail-idf.net\\\/blog\\\/#organization\"},\"potentialAction\":[{\"@type\":\"SearchAction\",\"target\":{\"@type\":\"EntryPoint\",\"urlTemplate\":\"https:\\\/\\\/www.accidentdutravail-idf.net\\\/blog\\\/?s={search_term_string}\"},\"query-input\":{\"@type\":\"PropertyValueSpecification\",\"valueRequired\":true,\"valueName\":\"search_term_string\"}}],\"inLanguage\":\"fr-FR\"},{\"@type\":\"Organization\",\"@id\":\"https:\\\/\\\/www.accidentdutravail-idf.net\\\/blog\\\/#organization\",\"name\":\"accidentdutravail-idf\",\"url\":\"https:\\\/\\\/www.accidentdutravail-idf.net\\\/blog\\\/\",\"logo\":{\"@type\":\"ImageObject\",\"inLanguage\":\"fr-FR\",\"@id\":\"https:\\\/\\\/www.accidentdutravail-idf.net\\\/blog\\\/#\\\/schema\\\/logo\\\/image\\\/\",\"url\":\"https:\\\/\\\/www.accidentdutravail-idf.net\\\/blog\\\/wp-content\\\/uploads\\\/2022\\\/09\\\/logo-2.png\",\"contentUrl\":\"https:\\\/\\\/www.accidentdutravail-idf.net\\\/blog\\\/wp-content\\\/uploads\\\/2022\\\/09\\\/logo-2.png\",\"width\":380,\"height\":291,\"caption\":\"accidentdutravail-idf\"},\"image\":{\"@id\":\"https:\\\/\\\/www.accidentdutravail-idf.net\\\/blog\\\/#\\\/schema\\\/logo\\\/image\\\/\"}},{\"@type\":\"Person\",\"@id\":\"https:\\\/\\\/www.accidentdutravail-idf.net\\\/blog\\\/#\\\/schema\\\/person\\\/3255d2f970de45e64bd9201f38e7b947\",\"name\":\"Carlos Poulain\",\"image\":{\"@type\":\"ImageObject\",\"inLanguage\":\"fr-FR\",\"@id\":\"https:\\\/\\\/secure.gravatar.com\\\/avatar\\\/b1c2f9d3588e34e91adb093635df64ef4b2381991216be7576466cfcdca4baf3?s=96&d=mm&r=g\",\"url\":\"https:\\\/\\\/secure.gravatar.com\\\/avatar\\\/b1c2f9d3588e34e91adb093635df64ef4b2381991216be7576466cfcdca4baf3?s=96&d=mm&r=g\",\"contentUrl\":\"https:\\\/\\\/secure.gravatar.com\\\/avatar\\\/b1c2f9d3588e34e91adb093635df64ef4b2381991216be7576466cfcdca4baf3?s=96&d=mm&r=g\",\"caption\":\"Carlos Poulain\"},\"url\":\"https:\\\/\\\/www.accidentdutravail-idf.net\\\/blog\\\/author\\\/idfcarlos\\\/\"}]}<\/script>\n<!-- \/ Yoast SEO plugin. -->","yoast_head_json":{"title":"Haute-Vienne : un grave accident du travail dans une scierie aux Salles-Lavauguyon - ACCIDENTDUTRAVAIL-IDF","description":"Haute-Vienne : un grave accident du travail dans une scierie aux Salles-Lavauguyon article de ACCIDENTDUTRAVAIL-IDF","robots":{"index":"index","follow":"follow","max-snippet":"max-snippet:-1","max-image-preview":"max-image-preview:large","max-video-preview":"max-video-preview:-1"},"canonical":"https:\/\/www.accidentdutravail-idf.net\/blog\/haute-vienne-un-grave-accident-du-travail-dans-une-scierie-aux-salles-lavauguyon\/","og_locale":"fr_FR","og_type":"article","og_title":"Haute-Vienne : un grave accident du travail dans une scierie aux Salles-Lavauguyon - ACCIDENTDUTRAVAIL-IDF","og_description":"Haute-Vienne : un grave accident du travail dans une scierie aux Salles-Lavauguyon article de ACCIDENTDUTRAVAIL-IDF","og_url":"https:\/\/www.accidentdutravail-idf.net\/blog\/haute-vienne-un-grave-accident-du-travail-dans-une-scierie-aux-salles-lavauguyon\/","og_site_name":"ACCIDENTDUTRAVAIL-IDF","article_published_time":"2025-08-26T03:15:00+00:00","og_image":[{"url":"https:\/\/www.accidentdutravail-idf.net\/blog\/wp-content\/uploads\/2025\/08\/haute-vienne-un-grave-accident-du-travail-dans-une-scierie-aux-salles-lavauguyon.jpg","type":"","width":"","height":""}],"author":"Carlos Poulain","twitter_card":"summary_large_image","twitter_misc":{"\u00c9crit par":"Carlos Poulain"},"schema":{"@context":"https:\/\/schema.org","@graph":[{"@type":"Article","@id":"https:\/\/www.accidentdutravail-idf.net\/blog\/haute-vienne-un-grave-accident-du-travail-dans-une-scierie-aux-salles-lavauguyon\/#article","isPartOf":{"@id":"https:\/\/www.accidentdutravail-idf.net\/blog\/haute-vienne-un-grave-accident-du-travail-dans-une-scierie-aux-salles-lavauguyon\/"},"author":{"name":"Carlos Poulain","@id":"https:\/\/www.accidentdutravail-idf.net\/blog\/#\/schema\/person\/3255d2f970de45e64bd9201f38e7b947"},"headline":"Haute-Vienne : un grave accident du travail dans une scierie aux Salles-Lavauguyon","datePublished":"2025-08-26T03:15:00+00:00","mainEntityOfPage":{"@id":"https:\/\/www.accidentdutravail-idf.net\/blog\/haute-vienne-un-grave-accident-du-travail-dans-une-scierie-aux-salles-lavauguyon\/"},"wordCount":51,"publisher":{"@id":"https:\/\/www.accidentdutravail-idf.net\/blog\/#organization"},"image":{"@id":"https:\/\/www.accidentdutravail-idf.net\/blog\/haute-vienne-un-grave-accident-du-travail-dans-une-scierie-aux-salles-lavauguyon\/#primaryimage"},"thumbnailUrl":"https:\/\/www.accidentdutravail-idf.net\/blog\/wp-content\/uploads\/2025\/08\/haute-vienne-un-grave-accident-du-travail-dans-une-scierie-aux-salles-lavauguyon.jpg","articleSection":["S\u00e9curit\u00e9 Du Travail En Ile-De-France Et Divers:"],"inLanguage":"fr-FR"},{"@type":"WebPage","@id":"https:\/\/www.accidentdutravail-idf.net\/blog\/haute-vienne-un-grave-accident-du-travail-dans-une-scierie-aux-salles-lavauguyon\/","url":"https:\/\/www.accidentdutravail-idf.net\/blog\/haute-vienne-un-grave-accident-du-travail-dans-une-scierie-aux-salles-lavauguyon\/","name":"Haute-Vienne : un grave accident du travail dans une scierie aux Salles-Lavauguyon - ACCIDENTDUTRAVAIL-IDF","isPartOf":{"@id":"https:\/\/www.accidentdutravail-idf.net\/blog\/#website"},"primaryImageOfPage":{"@id":"https:\/\/www.accidentdutravail-idf.net\/blog\/haute-vienne-un-grave-accident-du-travail-dans-une-scierie-aux-salles-lavauguyon\/#primaryimage"},"image":{"@id":"https:\/\/www.accidentdutravail-idf.net\/blog\/haute-vienne-un-grave-accident-du-travail-dans-une-scierie-aux-salles-lavauguyon\/#primaryimage"},"thumbnailUrl":"https:\/\/www.accidentdutravail-idf.net\/blog\/wp-content\/uploads\/2025\/08\/haute-vienne-un-grave-accident-du-travail-dans-une-scierie-aux-salles-lavauguyon.jpg","datePublished":"2025-08-26T03:15:00+00:00","description":"Haute-Vienne : un grave accident du travail dans une scierie aux Salles-Lavauguyon article de ACCIDENTDUTRAVAIL-IDF","breadcrumb":{"@id":"https:\/\/www.accidentdutravail-idf.net\/blog\/haute-vienne-un-grave-accident-du-travail-dans-une-scierie-aux-salles-lavauguyon\/#breadcrumb"},"inLanguage":"fr-FR","potentialAction":[{"@type":"ReadAction","target":["https:\/\/www.accidentdutravail-idf.net\/blog\/haute-vienne-un-grave-accident-du-travail-dans-une-scierie-aux-salles-lavauguyon\/"]}]},{"@type":"ImageObject","inLanguage":"fr-FR","@id":"https:\/\/www.accidentdutravail-idf.net\/blog\/haute-vienne-un-grave-accident-du-travail-dans-une-scierie-aux-salles-lavauguyon\/#primaryimage","url":"https:\/\/www.accidentdutravail-idf.net\/blog\/wp-content\/uploads\/2025\/08\/haute-vienne-un-grave-accident-du-travail-dans-une-scierie-aux-salles-lavauguyon.jpg","contentUrl":"https:\/\/www.accidentdutravail-idf.net\/blog\/wp-content\/uploads\/2025\/08\/haute-vienne-un-grave-accident-du-travail-dans-une-scierie-aux-salles-lavauguyon.jpg"},{"@type":"BreadcrumbList","@id":"https:\/\/www.accidentdutravail-idf.net\/blog\/haute-vienne-un-grave-accident-du-travail-dans-une-scierie-aux-salles-lavauguyon\/#breadcrumb","itemListElement":[{"@type":"ListItem","position":1,"name":"Accueil","item":"https:\/\/www.accidentdutravail-idf.net\/blog\/"},{"@type":"ListItem","position":2,"name":"Haute-Vienne : un grave accident du travail dans une scierie aux Salles-Lavauguyon"}]},{"@type":"WebSite","@id":"https:\/\/www.accidentdutravail-idf.net\/blog\/#website","url":"https:\/\/www.accidentdutravail-idf.net\/blog\/","name":"ACCIDENTDUTRAVAIL-IDF","description":"Portail accidents du travail-maladies professionnelles des entreprises d&#039;Ile-de-France","publisher":{"@id":"https:\/\/www.accidentdutravail-idf.net\/blog\/#organization"},"potentialAction":[{"@type":"SearchAction","target":{"@type":"EntryPoint","urlTemplate":"https:\/\/www.accidentdutravail-idf.net\/blog\/?s={search_term_string}"},"query-input":{"@type":"PropertyValueSpecification","valueRequired":true,"valueName":"search_term_string"}}],"inLanguage":"fr-FR"},{"@type":"Organization","@id":"https:\/\/www.accidentdutravail-idf.net\/blog\/#organization","name":"accidentdutravail-idf","url":"https:\/\/www.accidentdutravail-idf.net\/blog\/","logo":{"@type":"ImageObject","inLanguage":"fr-FR","@id":"https:\/\/www.accidentdutravail-idf.net\/blog\/#\/schema\/logo\/image\/","url":"https:\/\/www.accidentdutravail-idf.net\/blog\/wp-content\/uploads\/2022\/09\/logo-2.png","contentUrl":"https:\/\/www.accidentdutravail-idf.net\/blog\/wp-content\/uploads\/2022\/09\/logo-2.png","width":380,"height":291,"caption":"accidentdutravail-idf"},"image":{"@id":"https:\/\/www.accidentdutravail-idf.net\/blog\/#\/schema\/logo\/image\/"}},{"@type":"Person","@id":"https:\/\/www.accidentdutravail-idf.net\/blog\/#\/schema\/person\/3255d2f970de45e64bd9201f38e7b947","name":"Carlos Poulain","image":{"@type":"ImageObject","inLanguage":"fr-FR","@id":"https:\/\/secure.gravatar.com\/avatar\/b1c2f9d3588e34e91adb093635df64ef4b2381991216be7576466cfcdca4baf3?s=96&d=mm&r=g","url":"https:\/\/secure.gravatar.com\/avatar\/b1c2f9d3588e34e91adb093635df64ef4b2381991216be7576466cfcdca4baf3?s=96&d=mm&r=g","contentUrl":"https:\/\/secure.gravatar.com\/avatar\/b1c2f9d3588e34e91adb093635df64ef4b2381991216be7576466cfcdca4baf3?s=96&d=mm&r=g","caption":"Carlos Poulain"},"url":"https:\/\/www.accidentdutravail-idf.net\/blog\/author\/idfcarlos\/"}]}},"_links":{"self":[{"href":"https:\/\/www.accidentdutravail-idf.net\/blog\/wp-json\/wp\/v2\/posts\/1684","targetHints":{"allow":["GET"]}}],"collection":[{"href":"https:\/\/www.accidentdutravail-idf.net\/blog\/wp-json\/wp\/v2\/posts"}],"about":[{"href":"https:\/\/www.accidentdutravail-idf.net\/blog\/wp-json\/wp\/v2\/types\/post"}],"author":[{"embeddable":true,"href":"https:\/\/www.accidentdutravail-idf.net\/blog\/wp-json\/wp\/v2\/users\/2"}],"replies":[{"embeddable":true,"href":"https:\/\/www.accidentdutravail-idf.net\/blog\/wp-json\/wp\/v2\/comments?post=1684"}],"version-history":[{"count":0,"href":"https:\/\/www.accidentdutravail-idf.net\/blog\/wp-json\/wp\/v2\/posts\/1684\/revisions"}],"wp:attachment":[{"href":"https:\/\/www.accidentdutravail-idf.net\/blog\/wp-json\/wp\/v2\/media?parent=1684"}],"wp:term":[{"taxonomy":"category","embeddable":true,"href":"https:\/\/www.accidentdutravail-idf.net\/blog\/wp-json\/wp\/v2\/categories?post=1684"},{"taxonomy":"post_tag","embeddable":true,"href":"https:\/\/www.accidentdutravail-idf.net\/blog\/wp-json\/wp\/v2\/tags?post=1684"}],"curies":[{"name":"wp","href":"https:\/\/api.w.org\/{rel}","templated":true}]}}