{"id":1669,"date":"2025-07-20T19:00:00","date_gmt":"2025-07-20T17:00:00","guid":{"rendered":"https:\/\/www.accidentdutravail-idf.net\/blog\/accidents-du-travail-chaque-jour-on-compte-deux-a-trois-deces\/"},"modified":"2025-07-20T19:00:00","modified_gmt":"2025-07-20T17:00:00","slug":"accidents-du-travail-chaque-jour-on-compte-deux-a-trois-deces","status":"publish","type":"post","link":"https:\/\/www.accidentdutravail-idf.net\/blog\/accidents-du-travail-chaque-jour-on-compte-deux-a-trois-deces\/","title":{"rendered":"Accidents du travail : \u00ab Chaque jour, on compte deux \u00e0 trois d\u00e9c\u00e8s"},"content":{"rendered":"<div><img decoding=\"async\" src=\"https:\/\/www.accidentdutravail-idf.net\/blog\/wp-content\/uploads\/2025\/08\/accidents-du-travail-chaque-jour-on-compte-deux-a-trois-deces.jpg\" class=\"ff-og-image-inserted\"><\/div>\n<div>\n<p>Matis avait 19 ans. Le 15&nbsp;juillet, ce jeune ouvrier a perdu la vie sur un chantier en Vend\u00e9e, enseveli sous du goudron chaud \u00e0 200 degr\u00e9s. Le jeune homme vient allonger la sinistre liste des personnes d\u00e9c\u00e9d\u00e9es sur leur lieu de travail. Depuis le d\u00e9but de l\u2019ann\u00e9e 2025, plus de 150 personnes sont mortes \u00e0 la suite d\u2019un accident de travail, selon <a href=\"https:\/\/x.com\/DuAccident\" target=\"_blank\" rel=\"nofollow\">le d\u00e9compte quotidien que r\u00e9alise Matthieu L\u00e9pine<\/a> , sur la base d\u2019articles de presse. Parmi les victimes, certaines sont mineures (lire par ailleurs). \u00c0 l\u2019instar d\u2019Axel, ce lyc\u00e9en de 16 ans, en stage de seconde, qui a trouv\u00e9 la mort le 18&nbsp;juin apr\u00e8s la chute d\u2019une palette dans un magasin de d\u00e9coration \u00e0 Saint-L\u00f4 (Manche)\u2026<\/p>\n<p>\u00ab Il faut mettre fin \u00e0 cette id\u00e9e que la mort au travail est une fatalit\u00e9 et arr\u00eater de traiter ces sujets comme de simples faits divers&nbsp;\u00bb, explique Matthieu L\u00e9pine, auteur de l\u2019ouvrage <i>L\u2019H\u00e9catombe invisible<\/i> (\u00c9ditions du Seuil). \u00ab&nbsp;Chaque jour, on compte deux \u00e0 trois morts au travail et plus d\u2019un million de d\u00e9clarations d\u2019accident du travail chaque ann\u00e9e, sans compter qu\u2019un accident sur deux n\u2019est pas d\u00e9clar\u00e9&nbsp;\u00bb, poursuit le professeur d\u2019histoire-g\u00e9ographie.<\/p>\n<h2>810 morts en 2023<\/h2>\n<p>En 2023, 810 personnes sont mortes dans un accident du travail. En 2022, notre pays comptait 4,38 d\u00e9c\u00e8s li\u00e9s aux accidents de travail pour 100&nbsp;000 employ\u00e9s, bien plus que l\u2019Espagne (2,8), l\u2019Italie (2,5) et l\u2019Allemagne (0,95), selon Eurostat. \u00ab&nbsp;Nous ne sommes pas plus mauvais en France qu\u2019ailleurs, rectifie Eric Chev\u00e9e, vice-pr\u00e9sident en charge des affaires sociales \u00e0 la CPME. C\u2019est simplement que l\u2019on essaye de recenser tous les d\u00e9c\u00e8s, ce que sont loin de faire nos voisins europ\u00e9ens.&nbsp;\u00bb<\/p>\n<\/div>\n<div>\n<p>Les secteurs des transports et du BTP sont les plus touch\u00e9s.&nbsp;Les trajets domicile-travail sont \u00e9galement propices aux accidents mortels. \u00ab&nbsp;On a souvent tendance \u00e0 dire que ce sont les risques du m\u00e9tier. En r\u00e9alit\u00e9, non&nbsp;! Dans 99&nbsp;% des cas, la faute individuelle est due \u00e0 un probl\u00e8me plus large d\u2019organisation de l\u2019entreprise&nbsp;\u00bb, reprend&nbsp;Matthieu L\u00e9pine.<\/p>\n<p>Manque de formation, absence de dispositifs de s\u00e9curit\u00e9, n\u00e9gligences, mauvaises habitudes, course \u00e0 la productivit\u00e9 pour plus de rentabilit\u00e9, pression accrue, polyvalence \u00e0 outrance\u2026 Matthieu L\u00e9pine cite aussi l\u2019exemple de \u00ab&nbsp;cette entreprise o\u00f9 l\u2019on a d\u00e9sactiv\u00e9 le dispositif de s\u00e9curit\u00e9 d\u2019une machine pour \u00eatre plus productifs. Tout le monde le sait, mais on continue \u00e0 travailler dessus car \u00e7a arrange chacun, jusqu\u2019au jour o\u00f9 il y a un accident&nbsp;\u00bb.<\/p>\n<h2>\u00abOn ne parviendra jamais \u00e0 z\u00e9ro mort\u00bb<\/h2>\n<p>En 2022, un plan pour la pr\u00e9vention des accidents du travail graves et mortels (PATGM) a \u00e9t\u00e9 mis en place. \u00ab&nbsp;Dans le cadre de ce plan, un million d\u2019\u00e9l\u00e8ves et apprentis en CFA et lyc\u00e9es professionnels ont \u00e9t\u00e9 form\u00e9s et sensibilis\u00e9s \u00e0 la sant\u00e9 et \u00e0 la s\u00e9curit\u00e9 au travail, mais il faut aller encore plus loin&nbsp;\u00bb, indiquait Pierre Ramain, directeur g\u00e9n\u00e9ral du travail, <a href=\"https:\/\/www.preventionbtp.fr\/actualites\/accidents\/accidents-du-travail-comment-briser-le-plafond-de-verre_RSjamqw6p6BmeovidJXNcR\" target=\"_blank\" rel=\"nofollow\">en mars&nbsp;2025<\/a> , rappelant aussi, selon lui, l\u2019importance des campagnes de sensibilisation.<\/p>\n<p>\u00ab&nbsp;Mourir au travail ne devrait pas arriver, malheureusement on ne parviendra jamais \u00e0 z\u00e9ro mort. Que ce soit \u00e0 la maison, en entreprise, en voiture, la mort fait partie de la vie&nbsp;\u00bb, philosophe Eric Chev\u00e9e. Qui va m\u00eame plus loin&nbsp;: \u00ab&nbsp;93&nbsp;% des salari\u00e9s du secteur priv\u00e9 sont davantage en s\u00e9curit\u00e9 au travail que chez eux. En d\u2019autres termes, seule 7&nbsp;% de la population salari\u00e9e pr\u00e9sente un risque important au travail et fait l\u2019objet d\u2019un suivi annuel par la m\u00e9decine du travail.&nbsp;\u00bb<\/p>\n<p>Pour le repr\u00e9sentant de la CPME, il est essentielle d\u2019investir dans la pr\u00e9vention&nbsp;: \u00ab&nbsp;1&nbsp;euro d\u2019investi dans la pr\u00e9vention, c\u2019est 4&nbsp;euros d\u2019\u00e9vit\u00e9s sur la r\u00e9paration&nbsp;\u00bb, compare-t-il. En 2023, 716&nbsp;000 actions de pr\u00e9vention ont \u00e9t\u00e9 r\u00e9alis\u00e9es par les 180 services de pr\u00e9vention et de sant\u00e9 au travail.<\/p>\n<\/div>\n<div>\n<h2>La transformation des CHSCT mise en cause<\/h2>\n<p>La pr\u00e9vention est essentielle, mais ne fait pas tout. Me Charles Culioli, avocat sp\u00e9cialis\u00e9 en droit du travail, consid\u00e8re, de son c\u00f4t\u00e9, que le recours \u00e0 la sous-traitance \u00ab&nbsp;plus important en France que dans d\u2019autres pays d\u2019Europe&nbsp;\u00bb explique en partie le nombre \u00e9lev\u00e9 d\u2019accidents mortels du travail. \u00ab&nbsp;L\u2019envie d\u2019augmenter les marges est sup\u00e9rieure \u00e0 la s\u00e9curit\u00e9&nbsp;\u00bb, regrette-t-il.<\/p>\n<p>Pour l\u2019avocat, la transformation en 2020 des comit\u00e9s d\u2019hygi\u00e8ne, de s\u00e9curit\u00e9 et des conditions de travail (CHSCT), organe repr\u00e9sentatif du personnel charg\u00e9 de veiller \u00e0 ce que les conditions de sant\u00e9 et de s\u00e9curit\u00e9 soient respect\u00e9es et appliqu\u00e9es, a aussi eu \u00ab&nbsp;un impact direct&nbsp;\u00bb sur le nombre de d\u00e9c\u00e8s au travail. Avec le collectif familles stop \u00e0 la mort au travail, Me Culioli travaille \u00e0 l\u2019\u00e9laboration d\u2019une proposition de loi, visant \u00e0 renforcer les sanctions \u00e0 l\u2019\u00e9gard des entreprises d\u00e9faillantes (lire par ailleurs).<\/p>\n<p>Astrid Panosyan-Bouvet, ministre charg\u00e9e du Travail et de l\u2019Emploi, et <a href=\"https:\/\/www.ledauphine.com\/p\/gerald-darmanin\" target=\"_blank\" rel=\"nofollow\">G\u00e9rald Darmanin<\/a>, ministre de la Justice, viennent de signer une instruction renfor\u00e7ant la politique p\u00e9nale du travail en mati\u00e8re de r\u00e9pression des manquements aux obligations de sant\u00e9 et de s\u00e9curit\u00e9.<\/p>\n<h2>Un manque d&rsquo;inspecteurs<\/h2>\n<p>Le gouvernement entend renforcer le pouvoir des inspecteurs du travail. Aujourd\u2019hui, la France compte un peu moins de 2&nbsp;000 postes d\u2019agents de contr\u00f4le, soit en moyenne un poste d\u2019inspecteur du travail pour 11&nbsp;000 salari\u00e9s. C\u2019est insuffisant pour la CGT, qui estime que plus de quatre millions de salari\u00e9s sont priv\u00e9s de service public de l\u2019inspection du travail. \u00ab&nbsp;Depuis trois ans, il y a eu un effort de recrutement tr\u00e8s important, avec un objectif de pr\u00e8s de 200 nouveaux inspecteurs par an, qui a permis de redresser la situation&nbsp;\u00bb, a d\u00e9clar\u00e9 Astrid Panosyan-Bouvet<span>&nbsp;<\/span><a href=\"https:\/\/www.lemonde.fr\/politique\/article\/2025\/07\/11\/astrid-panosyan-bouvet-ministre-chargee-du-travail-lutter-contre-les-accidents-du-travail-est-un-devoir-moral_6620696_823448.html?random=306648077\" target=\"_blank\" rel=\"nofollow\">dans une r\u00e9cente interview au<span>&nbsp;<\/span><i>Monde<\/i>.<\/a><\/p>\n<p>Pour Christelle Glemet, secr\u00e9taire nationale de la CGT travail, emploi, formation professionnelle (TEFP), syndicat majoritaire chez les inspecteurs du travail, ces 200 postes \u00ab&nbsp;comblent \u00e0 peine les d\u00e9parts en retraite&nbsp;\u00bb.<\/p>\n<p>Et cette promesse gouvernementale ne devrait pas durer&nbsp;: \u00ab&nbsp;En 2026, seulement 45 postes sont ouverts au concours. On repart sur un rythme de croisi\u00e8re de moins de 50 postes par an&nbsp;\u00bb, d\u00e9plore la repr\u00e9sentante de la CGT. Sans compter les r\u00e9centes annonces de <a href=\"https:\/\/www.ledauphine.com\/p\/francois-bayrou\" target=\"_blank\" rel=\"nofollow\">Fran\u00e7ois Bayrou<\/a> de ne pas remplacer le d\u00e9part \u00e0 la retraite d\u2019un fonctionnaire sur trois qui ne pr\u00e9sagent rien de bon\u2026<\/p>\n<\/div>\n<div>\n<div class=\"insetContent\">\n<p class=\"insetTitle\">En juillet, de nombreux drames recens\u00e9s<\/p>\n<p>Le 2 juillet, une employ\u00e9e du groupe Maillard Industrie est d\u00e9c\u00e9d\u00e9e des suites d\u2019un accident du travail sur la commune d\u2019Autechaux (Doubs). La victime, \u00e2g\u00e9e de 33 ans, travaillait sur un robot de fraisage quand ses cheveux avaient \u00e9t\u00e9 happ\u00e9s par l\u2019engin, au cours d\u2019une manipulation.<\/p>\n<p>Le 4 juillet, un stagiaire de 16 ans est mort dans une exploitation agricole \u00e0 Vivy (Maine-et-Loire). Il aurait \u00e9t\u00e9 mortellement percut\u00e9 par le godet d\u2019un engin agricole.<\/p>\n<p>Le 9 juillet, un ouvrier de 35 ans a \u00e9t\u00e9 retrouv\u00e9 mort sur un chantier \u00e0 Faramans (Is\u00e8re). Il aurait chut\u00e9 sur un seau contenant des morceaux de verre venant lui perforer la cuisse.<\/p>\n<p>Le 11 juillet, un ouvrier d\u2019une soci\u00e9t\u00e9 locale de couverture est d\u00e9c\u00e9d\u00e9 \u00e0 la suite d\u2019une chute de plusieurs m\u00e8tres sur la plateforme ExxonMobil, \u00e0 Port-J\u00e9r\u00f4me (Seine-Maritime).<\/p>\n<p>Le 15 juillet, un jeune homme de 19 ans a \u00e9t\u00e9 enseveli par un enrob\u00e9 chauff\u00e9 \u00e0 200 \u00b0C \u00e0 Sainte-Flaive-des-Loups (Vend\u00e9e). Il est d\u00e9c\u00e9d\u00e9 des suites de ses blessures.<\/p>\n<p>Le 16 juillet, un salari\u00e9 de 25 ans de l\u2019entreprise Knauf Fibre a \u00e9t\u00e9 \u00e9cras\u00e9 par une presse industrielle de plusieurs tonnes \u00e0 La C\u00f4te, pr\u00e8s de Lure (Haute-Sa\u00f4ne). Son pronostic vital est engag\u00e9. Il y a deux mois un salari\u00e9 de 51 ans \u00e9tait mort dans des conditions quasiment similaires dans la m\u00eame usine.<\/p>\n<p>Le 16 juillet, un homme de 58 ans est mort happ\u00e9 par une vis sans fin dans une scierie \u00e0 Eymoutiers (Haute-Vienne).<\/p>\n<\/p><\/div>\n<\/div>\n<p>accidentdutravail-idf.net vous a pr\u00e9par\u00e9 ce post qui informe du sujet \u00ab\u00a0Association Sportive Huisson-Longueville Essonne\u00a0\u00bb. La chronique se veut g\u00e9n\u00e9r\u00e9e du mieux possible. Vous pouvez utiliser les coordonn\u00e9es indiqu\u00e9es sur le site dans le but d\u2019apporter des explications sur ce post qui parle du th\u00e8me \u00ab\u00a0Association Sportive Huisson-Longueville Essonne\u00a0\u00bb. Le site accidentdutravail-idf.net a pour but de fournir diverses publications sur la th\u00e9matique Association Sportive Huisson-Longueville Essonne diffus\u00e9es sur le net. Il y aura plusieurs articles autour du sujet \u00ab\u00a0Association Sportive Huisson-Longueville Essonne\u00a0\u00bb dans quelques jours, nous vous invitons \u00e0 naviguer sur notre site web \u00e0 plusieurs reprises.<\/p>\n","protected":false},"excerpt":{"rendered":"<p>Matis avait 19 ans. Le 15&nbsp;juillet, ce jeune ouvrier a perdu la vie sur un chantier en Vend\u00e9e, enseveli sous du goudron chaud \u00e0 200 degr\u00e9s. Le jeune homme vient allonger la sinistre liste des personnes d\u00e9c\u00e9d\u00e9es sur leur lieu de travail. Depuis le d\u00e9but de l\u2019ann\u00e9e 2025, plus de 150 personnes sont mortes \u00e0 &hellip; <\/p>\n<p class=\"link-more\"><a href=\"https:\/\/www.accidentdutravail-idf.net\/blog\/accidents-du-travail-chaque-jour-on-compte-deux-a-trois-deces\/\" class=\"more-link\">Continuer la lecture <span class=\"screen-reader-text\"> \u00ab\u00a0Accidents du travail : \u00ab Chaque jour, on compte deux \u00e0 trois d\u00e9c\u00e8s\u00a0\u00bb<\/span><\/a><\/p>\n","protected":false},"author":2,"featured_media":0,"comment_status":"closed","ping_status":"closed","sticky":false,"template":"","format":"standard","meta":{"footnotes":""},"categories":[5],"tags":[],"class_list":["post-1669","post","type-post","status-publish","format-standard","hentry","category-securite-du-travail-en-ile-de-france-et-divers","entry"],"yoast_head":"<!-- This site is optimized with the Yoast SEO plugin v27.5 - https:\/\/yoast.com\/product\/yoast-seo-wordpress\/ -->\n<title>Accidents du travail : \u00ab Chaque jour, on compte deux \u00e0 trois d\u00e9c\u00e8s - ACCIDENTDUTRAVAIL-IDF<\/title>\n<meta name=\"description\" content=\"Accidents du travail : \u00ab Chaque jour, on compte deux \u00e0 trois d\u00e9c\u00e8s article de ACCIDENTDUTRAVAIL-IDF\" \/>\n<meta name=\"robots\" content=\"index, follow, max-snippet:-1, max-image-preview:large, max-video-preview:-1\" \/>\n<link rel=\"canonical\" href=\"https:\/\/www.accidentdutravail-idf.net\/blog\/accidents-du-travail-chaque-jour-on-compte-deux-a-trois-deces\/\" \/>\n<meta property=\"og:locale\" content=\"fr_FR\" \/>\n<meta property=\"og:type\" content=\"article\" \/>\n<meta property=\"og:title\" content=\"Accidents du travail : \u00ab Chaque jour, on compte deux \u00e0 trois d\u00e9c\u00e8s - ACCIDENTDUTRAVAIL-IDF\" \/>\n<meta property=\"og:description\" content=\"Accidents du travail : \u00ab Chaque jour, on compte deux \u00e0 trois d\u00e9c\u00e8s article de ACCIDENTDUTRAVAIL-IDF\" \/>\n<meta property=\"og:url\" content=\"https:\/\/www.accidentdutravail-idf.net\/blog\/accidents-du-travail-chaque-jour-on-compte-deux-a-trois-deces\/\" \/>\n<meta property=\"og:site_name\" content=\"ACCIDENTDUTRAVAIL-IDF\" \/>\n<meta property=\"article:published_time\" content=\"2025-07-20T17:00:00+00:00\" \/>\n<meta property=\"og:image\" content=\"https:\/\/www.accidentdutravail-idf.net\/blog\/wp-content\/uploads\/2025\/08\/accidents-du-travail-chaque-jour-on-compte-deux-a-trois-deces.jpg\" \/>\n<meta name=\"author\" content=\"Carlos Poulain\" \/>\n<meta name=\"twitter:card\" content=\"summary_large_image\" \/>\n<meta name=\"twitter:label1\" content=\"\u00c9crit par\" \/>\n\t<meta name=\"twitter:data1\" content=\"Carlos Poulain\" \/>\n\t<meta name=\"twitter:label2\" content=\"Dur\u00e9e de lecture estim\u00e9e\" \/>\n\t<meta name=\"twitter:data2\" content=\"7 minutes\" \/>\n<script type=\"application\/ld+json\" class=\"yoast-schema-graph\">{\"@context\":\"https:\\\/\\\/schema.org\",\"@graph\":[{\"@type\":\"Article\",\"@id\":\"https:\\\/\\\/www.accidentdutravail-idf.net\\\/blog\\\/accidents-du-travail-chaque-jour-on-compte-deux-a-trois-deces\\\/#article\",\"isPartOf\":{\"@id\":\"https:\\\/\\\/www.accidentdutravail-idf.net\\\/blog\\\/accidents-du-travail-chaque-jour-on-compte-deux-a-trois-deces\\\/\"},\"author\":{\"name\":\"Carlos Poulain\",\"@id\":\"https:\\\/\\\/www.accidentdutravail-idf.net\\\/blog\\\/#\\\/schema\\\/person\\\/3255d2f970de45e64bd9201f38e7b947\"},\"headline\":\"Accidents du travail : \u00ab Chaque jour, on compte deux \u00e0 trois d\u00e9c\u00e8s\",\"datePublished\":\"2025-07-20T17:00:00+00:00\",\"mainEntityOfPage\":{\"@id\":\"https:\\\/\\\/www.accidentdutravail-idf.net\\\/blog\\\/accidents-du-travail-chaque-jour-on-compte-deux-a-trois-deces\\\/\"},\"wordCount\":1506,\"publisher\":{\"@id\":\"https:\\\/\\\/www.accidentdutravail-idf.net\\\/blog\\\/#organization\"},\"image\":{\"@id\":\"https:\\\/\\\/www.accidentdutravail-idf.net\\\/blog\\\/accidents-du-travail-chaque-jour-on-compte-deux-a-trois-deces\\\/#primaryimage\"},\"thumbnailUrl\":\"https:\\\/\\\/www.accidentdutravail-idf.net\\\/blog\\\/wp-content\\\/uploads\\\/2025\\\/08\\\/accidents-du-travail-chaque-jour-on-compte-deux-a-trois-deces.jpg\",\"articleSection\":[\"S\u00e9curit\u00e9 Du Travail En Ile-De-France Et Divers:\"],\"inLanguage\":\"fr-FR\"},{\"@type\":\"WebPage\",\"@id\":\"https:\\\/\\\/www.accidentdutravail-idf.net\\\/blog\\\/accidents-du-travail-chaque-jour-on-compte-deux-a-trois-deces\\\/\",\"url\":\"https:\\\/\\\/www.accidentdutravail-idf.net\\\/blog\\\/accidents-du-travail-chaque-jour-on-compte-deux-a-trois-deces\\\/\",\"name\":\"Accidents du travail : \u00ab Chaque jour, on compte deux \u00e0 trois d\u00e9c\u00e8s - ACCIDENTDUTRAVAIL-IDF\",\"isPartOf\":{\"@id\":\"https:\\\/\\\/www.accidentdutravail-idf.net\\\/blog\\\/#website\"},\"primaryImageOfPage\":{\"@id\":\"https:\\\/\\\/www.accidentdutravail-idf.net\\\/blog\\\/accidents-du-travail-chaque-jour-on-compte-deux-a-trois-deces\\\/#primaryimage\"},\"image\":{\"@id\":\"https:\\\/\\\/www.accidentdutravail-idf.net\\\/blog\\\/accidents-du-travail-chaque-jour-on-compte-deux-a-trois-deces\\\/#primaryimage\"},\"thumbnailUrl\":\"https:\\\/\\\/www.accidentdutravail-idf.net\\\/blog\\\/wp-content\\\/uploads\\\/2025\\\/08\\\/accidents-du-travail-chaque-jour-on-compte-deux-a-trois-deces.jpg\",\"datePublished\":\"2025-07-20T17:00:00+00:00\",\"description\":\"Accidents du travail : \u00ab Chaque jour, on compte deux \u00e0 trois d\u00e9c\u00e8s article de ACCIDENTDUTRAVAIL-IDF\",\"breadcrumb\":{\"@id\":\"https:\\\/\\\/www.accidentdutravail-idf.net\\\/blog\\\/accidents-du-travail-chaque-jour-on-compte-deux-a-trois-deces\\\/#breadcrumb\"},\"inLanguage\":\"fr-FR\",\"potentialAction\":[{\"@type\":\"ReadAction\",\"target\":[\"https:\\\/\\\/www.accidentdutravail-idf.net\\\/blog\\\/accidents-du-travail-chaque-jour-on-compte-deux-a-trois-deces\\\/\"]}]},{\"@type\":\"ImageObject\",\"inLanguage\":\"fr-FR\",\"@id\":\"https:\\\/\\\/www.accidentdutravail-idf.net\\\/blog\\\/accidents-du-travail-chaque-jour-on-compte-deux-a-trois-deces\\\/#primaryimage\",\"url\":\"https:\\\/\\\/www.accidentdutravail-idf.net\\\/blog\\\/wp-content\\\/uploads\\\/2025\\\/08\\\/accidents-du-travail-chaque-jour-on-compte-deux-a-trois-deces.jpg\",\"contentUrl\":\"https:\\\/\\\/www.accidentdutravail-idf.net\\\/blog\\\/wp-content\\\/uploads\\\/2025\\\/08\\\/accidents-du-travail-chaque-jour-on-compte-deux-a-trois-deces.jpg\"},{\"@type\":\"BreadcrumbList\",\"@id\":\"https:\\\/\\\/www.accidentdutravail-idf.net\\\/blog\\\/accidents-du-travail-chaque-jour-on-compte-deux-a-trois-deces\\\/#breadcrumb\",\"itemListElement\":[{\"@type\":\"ListItem\",\"position\":1,\"name\":\"Accueil\",\"item\":\"https:\\\/\\\/www.accidentdutravail-idf.net\\\/blog\\\/\"},{\"@type\":\"ListItem\",\"position\":2,\"name\":\"Accidents du travail : \u00ab Chaque jour, on compte deux \u00e0 trois d\u00e9c\u00e8s\"}]},{\"@type\":\"WebSite\",\"@id\":\"https:\\\/\\\/www.accidentdutravail-idf.net\\\/blog\\\/#website\",\"url\":\"https:\\\/\\\/www.accidentdutravail-idf.net\\\/blog\\\/\",\"name\":\"ACCIDENTDUTRAVAIL-IDF\",\"description\":\"Portail accidents du travail-maladies professionnelles des entreprises d&#039;Ile-de-France\",\"publisher\":{\"@id\":\"https:\\\/\\\/www.accidentdutravail-idf.net\\\/blog\\\/#organization\"},\"potentialAction\":[{\"@type\":\"SearchAction\",\"target\":{\"@type\":\"EntryPoint\",\"urlTemplate\":\"https:\\\/\\\/www.accidentdutravail-idf.net\\\/blog\\\/?s={search_term_string}\"},\"query-input\":{\"@type\":\"PropertyValueSpecification\",\"valueRequired\":true,\"valueName\":\"search_term_string\"}}],\"inLanguage\":\"fr-FR\"},{\"@type\":\"Organization\",\"@id\":\"https:\\\/\\\/www.accidentdutravail-idf.net\\\/blog\\\/#organization\",\"name\":\"accidentdutravail-idf\",\"url\":\"https:\\\/\\\/www.accidentdutravail-idf.net\\\/blog\\\/\",\"logo\":{\"@type\":\"ImageObject\",\"inLanguage\":\"fr-FR\",\"@id\":\"https:\\\/\\\/www.accidentdutravail-idf.net\\\/blog\\\/#\\\/schema\\\/logo\\\/image\\\/\",\"url\":\"https:\\\/\\\/www.accidentdutravail-idf.net\\\/blog\\\/wp-content\\\/uploads\\\/2022\\\/09\\\/logo-2.png\",\"contentUrl\":\"https:\\\/\\\/www.accidentdutravail-idf.net\\\/blog\\\/wp-content\\\/uploads\\\/2022\\\/09\\\/logo-2.png\",\"width\":380,\"height\":291,\"caption\":\"accidentdutravail-idf\"},\"image\":{\"@id\":\"https:\\\/\\\/www.accidentdutravail-idf.net\\\/blog\\\/#\\\/schema\\\/logo\\\/image\\\/\"}},{\"@type\":\"Person\",\"@id\":\"https:\\\/\\\/www.accidentdutravail-idf.net\\\/blog\\\/#\\\/schema\\\/person\\\/3255d2f970de45e64bd9201f38e7b947\",\"name\":\"Carlos Poulain\",\"image\":{\"@type\":\"ImageObject\",\"inLanguage\":\"fr-FR\",\"@id\":\"https:\\\/\\\/secure.gravatar.com\\\/avatar\\\/b1c2f9d3588e34e91adb093635df64ef4b2381991216be7576466cfcdca4baf3?s=96&d=mm&r=g\",\"url\":\"https:\\\/\\\/secure.gravatar.com\\\/avatar\\\/b1c2f9d3588e34e91adb093635df64ef4b2381991216be7576466cfcdca4baf3?s=96&d=mm&r=g\",\"contentUrl\":\"https:\\\/\\\/secure.gravatar.com\\\/avatar\\\/b1c2f9d3588e34e91adb093635df64ef4b2381991216be7576466cfcdca4baf3?s=96&d=mm&r=g\",\"caption\":\"Carlos Poulain\"},\"url\":\"https:\\\/\\\/www.accidentdutravail-idf.net\\\/blog\\\/author\\\/idfcarlos\\\/\"}]}<\/script>\n<!-- \/ Yoast SEO plugin. -->","yoast_head_json":{"title":"Accidents du travail : \u00ab Chaque jour, on compte deux \u00e0 trois d\u00e9c\u00e8s - ACCIDENTDUTRAVAIL-IDF","description":"Accidents du travail : \u00ab Chaque jour, on compte deux \u00e0 trois d\u00e9c\u00e8s article de ACCIDENTDUTRAVAIL-IDF","robots":{"index":"index","follow":"follow","max-snippet":"max-snippet:-1","max-image-preview":"max-image-preview:large","max-video-preview":"max-video-preview:-1"},"canonical":"https:\/\/www.accidentdutravail-idf.net\/blog\/accidents-du-travail-chaque-jour-on-compte-deux-a-trois-deces\/","og_locale":"fr_FR","og_type":"article","og_title":"Accidents du travail : \u00ab Chaque jour, on compte deux \u00e0 trois d\u00e9c\u00e8s - ACCIDENTDUTRAVAIL-IDF","og_description":"Accidents du travail : \u00ab Chaque jour, on compte deux \u00e0 trois d\u00e9c\u00e8s article de ACCIDENTDUTRAVAIL-IDF","og_url":"https:\/\/www.accidentdutravail-idf.net\/blog\/accidents-du-travail-chaque-jour-on-compte-deux-a-trois-deces\/","og_site_name":"ACCIDENTDUTRAVAIL-IDF","article_published_time":"2025-07-20T17:00:00+00:00","og_image":[{"url":"https:\/\/www.accidentdutravail-idf.net\/blog\/wp-content\/uploads\/2025\/08\/accidents-du-travail-chaque-jour-on-compte-deux-a-trois-deces.jpg","type":"","width":"","height":""}],"author":"Carlos Poulain","twitter_card":"summary_large_image","twitter_misc":{"\u00c9crit par":"Carlos Poulain","Dur\u00e9e de lecture estim\u00e9e":"7 minutes"},"schema":{"@context":"https:\/\/schema.org","@graph":[{"@type":"Article","@id":"https:\/\/www.accidentdutravail-idf.net\/blog\/accidents-du-travail-chaque-jour-on-compte-deux-a-trois-deces\/#article","isPartOf":{"@id":"https:\/\/www.accidentdutravail-idf.net\/blog\/accidents-du-travail-chaque-jour-on-compte-deux-a-trois-deces\/"},"author":{"name":"Carlos Poulain","@id":"https:\/\/www.accidentdutravail-idf.net\/blog\/#\/schema\/person\/3255d2f970de45e64bd9201f38e7b947"},"headline":"Accidents du travail : \u00ab Chaque jour, on compte deux \u00e0 trois d\u00e9c\u00e8s","datePublished":"2025-07-20T17:00:00+00:00","mainEntityOfPage":{"@id":"https:\/\/www.accidentdutravail-idf.net\/blog\/accidents-du-travail-chaque-jour-on-compte-deux-a-trois-deces\/"},"wordCount":1506,"publisher":{"@id":"https:\/\/www.accidentdutravail-idf.net\/blog\/#organization"},"image":{"@id":"https:\/\/www.accidentdutravail-idf.net\/blog\/accidents-du-travail-chaque-jour-on-compte-deux-a-trois-deces\/#primaryimage"},"thumbnailUrl":"https:\/\/www.accidentdutravail-idf.net\/blog\/wp-content\/uploads\/2025\/08\/accidents-du-travail-chaque-jour-on-compte-deux-a-trois-deces.jpg","articleSection":["S\u00e9curit\u00e9 Du Travail En Ile-De-France Et Divers:"],"inLanguage":"fr-FR"},{"@type":"WebPage","@id":"https:\/\/www.accidentdutravail-idf.net\/blog\/accidents-du-travail-chaque-jour-on-compte-deux-a-trois-deces\/","url":"https:\/\/www.accidentdutravail-idf.net\/blog\/accidents-du-travail-chaque-jour-on-compte-deux-a-trois-deces\/","name":"Accidents du travail : \u00ab Chaque jour, on compte deux \u00e0 trois d\u00e9c\u00e8s - ACCIDENTDUTRAVAIL-IDF","isPartOf":{"@id":"https:\/\/www.accidentdutravail-idf.net\/blog\/#website"},"primaryImageOfPage":{"@id":"https:\/\/www.accidentdutravail-idf.net\/blog\/accidents-du-travail-chaque-jour-on-compte-deux-a-trois-deces\/#primaryimage"},"image":{"@id":"https:\/\/www.accidentdutravail-idf.net\/blog\/accidents-du-travail-chaque-jour-on-compte-deux-a-trois-deces\/#primaryimage"},"thumbnailUrl":"https:\/\/www.accidentdutravail-idf.net\/blog\/wp-content\/uploads\/2025\/08\/accidents-du-travail-chaque-jour-on-compte-deux-a-trois-deces.jpg","datePublished":"2025-07-20T17:00:00+00:00","description":"Accidents du travail : \u00ab Chaque jour, on compte deux \u00e0 trois d\u00e9c\u00e8s article de ACCIDENTDUTRAVAIL-IDF","breadcrumb":{"@id":"https:\/\/www.accidentdutravail-idf.net\/blog\/accidents-du-travail-chaque-jour-on-compte-deux-a-trois-deces\/#breadcrumb"},"inLanguage":"fr-FR","potentialAction":[{"@type":"ReadAction","target":["https:\/\/www.accidentdutravail-idf.net\/blog\/accidents-du-travail-chaque-jour-on-compte-deux-a-trois-deces\/"]}]},{"@type":"ImageObject","inLanguage":"fr-FR","@id":"https:\/\/www.accidentdutravail-idf.net\/blog\/accidents-du-travail-chaque-jour-on-compte-deux-a-trois-deces\/#primaryimage","url":"https:\/\/www.accidentdutravail-idf.net\/blog\/wp-content\/uploads\/2025\/08\/accidents-du-travail-chaque-jour-on-compte-deux-a-trois-deces.jpg","contentUrl":"https:\/\/www.accidentdutravail-idf.net\/blog\/wp-content\/uploads\/2025\/08\/accidents-du-travail-chaque-jour-on-compte-deux-a-trois-deces.jpg"},{"@type":"BreadcrumbList","@id":"https:\/\/www.accidentdutravail-idf.net\/blog\/accidents-du-travail-chaque-jour-on-compte-deux-a-trois-deces\/#breadcrumb","itemListElement":[{"@type":"ListItem","position":1,"name":"Accueil","item":"https:\/\/www.accidentdutravail-idf.net\/blog\/"},{"@type":"ListItem","position":2,"name":"Accidents du travail : \u00ab Chaque jour, on compte deux \u00e0 trois d\u00e9c\u00e8s"}]},{"@type":"WebSite","@id":"https:\/\/www.accidentdutravail-idf.net\/blog\/#website","url":"https:\/\/www.accidentdutravail-idf.net\/blog\/","name":"ACCIDENTDUTRAVAIL-IDF","description":"Portail accidents du travail-maladies professionnelles des entreprises d&#039;Ile-de-France","publisher":{"@id":"https:\/\/www.accidentdutravail-idf.net\/blog\/#organization"},"potentialAction":[{"@type":"SearchAction","target":{"@type":"EntryPoint","urlTemplate":"https:\/\/www.accidentdutravail-idf.net\/blog\/?s={search_term_string}"},"query-input":{"@type":"PropertyValueSpecification","valueRequired":true,"valueName":"search_term_string"}}],"inLanguage":"fr-FR"},{"@type":"Organization","@id":"https:\/\/www.accidentdutravail-idf.net\/blog\/#organization","name":"accidentdutravail-idf","url":"https:\/\/www.accidentdutravail-idf.net\/blog\/","logo":{"@type":"ImageObject","inLanguage":"fr-FR","@id":"https:\/\/www.accidentdutravail-idf.net\/blog\/#\/schema\/logo\/image\/","url":"https:\/\/www.accidentdutravail-idf.net\/blog\/wp-content\/uploads\/2022\/09\/logo-2.png","contentUrl":"https:\/\/www.accidentdutravail-idf.net\/blog\/wp-content\/uploads\/2022\/09\/logo-2.png","width":380,"height":291,"caption":"accidentdutravail-idf"},"image":{"@id":"https:\/\/www.accidentdutravail-idf.net\/blog\/#\/schema\/logo\/image\/"}},{"@type":"Person","@id":"https:\/\/www.accidentdutravail-idf.net\/blog\/#\/schema\/person\/3255d2f970de45e64bd9201f38e7b947","name":"Carlos Poulain","image":{"@type":"ImageObject","inLanguage":"fr-FR","@id":"https:\/\/secure.gravatar.com\/avatar\/b1c2f9d3588e34e91adb093635df64ef4b2381991216be7576466cfcdca4baf3?s=96&d=mm&r=g","url":"https:\/\/secure.gravatar.com\/avatar\/b1c2f9d3588e34e91adb093635df64ef4b2381991216be7576466cfcdca4baf3?s=96&d=mm&r=g","contentUrl":"https:\/\/secure.gravatar.com\/avatar\/b1c2f9d3588e34e91adb093635df64ef4b2381991216be7576466cfcdca4baf3?s=96&d=mm&r=g","caption":"Carlos Poulain"},"url":"https:\/\/www.accidentdutravail-idf.net\/blog\/author\/idfcarlos\/"}]}},"_links":{"self":[{"href":"https:\/\/www.accidentdutravail-idf.net\/blog\/wp-json\/wp\/v2\/posts\/1669","targetHints":{"allow":["GET"]}}],"collection":[{"href":"https:\/\/www.accidentdutravail-idf.net\/blog\/wp-json\/wp\/v2\/posts"}],"about":[{"href":"https:\/\/www.accidentdutravail-idf.net\/blog\/wp-json\/wp\/v2\/types\/post"}],"author":[{"embeddable":true,"href":"https:\/\/www.accidentdutravail-idf.net\/blog\/wp-json\/wp\/v2\/users\/2"}],"replies":[{"embeddable":true,"href":"https:\/\/www.accidentdutravail-idf.net\/blog\/wp-json\/wp\/v2\/comments?post=1669"}],"version-history":[{"count":0,"href":"https:\/\/www.accidentdutravail-idf.net\/blog\/wp-json\/wp\/v2\/posts\/1669\/revisions"}],"wp:attachment":[{"href":"https:\/\/www.accidentdutravail-idf.net\/blog\/wp-json\/wp\/v2\/media?parent=1669"}],"wp:term":[{"taxonomy":"category","embeddable":true,"href":"https:\/\/www.accidentdutravail-idf.net\/blog\/wp-json\/wp\/v2\/categories?post=1669"},{"taxonomy":"post_tag","embeddable":true,"href":"https:\/\/www.accidentdutravail-idf.net\/blog\/wp-json\/wp\/v2\/tags?post=1669"}],"curies":[{"name":"wp","href":"https:\/\/api.w.org\/{rel}","templated":true}]}}