{"id":1668,"date":"2025-08-19T15:18:00","date_gmt":"2025-08-19T13:18:00","guid":{"rendered":"https:\/\/www.accidentdutravail-idf.net\/blog\/accident-mortel-dans-la-province-de-lecce-la-verite-sur-le-travail-des-mecaniciens\/"},"modified":"2025-08-19T15:18:00","modified_gmt":"2025-08-19T13:18:00","slug":"accident-mortel-dans-la-province-de-lecce-la-verite-sur-le-travail-des-mecaniciens","status":"publish","type":"post","link":"https:\/\/www.accidentdutravail-idf.net\/blog\/accident-mortel-dans-la-province-de-lecce-la-verite-sur-le-travail-des-mecaniciens\/","title":{"rendered":"Accident mortel dans la province de Lecce : la v\u00e9rit\u00e9 sur le travail des m\u00e9caniciens"},"content":{"rendered":"<div><img decoding=\"async\" src=\"https:\/\/www.accidentdutravail-idf.net\/blog\/wp-content\/uploads\/2025\/08\/accident-mortel-dans-la-province-de-lecce-la-verite-sur-le-travail-des-mecaniciens.png\" class=\"ff-og-image-inserted\"><\/div>\n<div id=\"toc_container\" class=\"no_bullets\">\n<p class=\"toc_title\">Sujets couverts<\/p>\n<\/div>\n<p>Soyons r\u00e9alistes&nbsp;: le monde du travail peut \u00eatre cruel, et nul ne le sait mieux que les professionnels de l&rsquo;ing\u00e9nierie m\u00e9canique. R\u00e9cemment, un tragique accident a co\u00fbt\u00e9 la vie \u00e0 Sergio Casarano, un m\u00e9canicien de 65&nbsp;ans, alors qu&rsquo;il travaillait sur un camion en panne. Cet \u00e9v\u00e9nement nous oblige \u00e0 r\u00e9fl\u00e9chir non seulement \u00e0 la s\u00e9curit\u00e9 au travail, mais aussi aux conditions de travail quotidiennes de nombreux professionnels. <\/p>\n<p><!-- ADOUT 4w notizie300x250 --><span id=\"adv-onpc-0\" class=\"adv-onpc\" data-b64=\"JTNDc2NyaXB0JTIwdHlwZSUzRCUyMnRleHQlMkZqYXZhc2NyaXB0JTIyJTIwaWQlM0QnNHdfMjUzMjQ3XzI3MTQ3MDEzMiclM0UlMEF2YXIlMjBvYmpfNHclMjAlM0QlMjBvYmpfNHclMjAlN0MlN0MlMjAlNUIlNUQlM0IlMEFvYmpfNHcucHVzaCglN0InY2lkJyUzQSc0d18yNTMyNDdfMjcxNDcwMTMyJyUyQyUyMCdpYyclM0EnMjUzMjQ3JTNCMTEyMDkxJTNCODA2NTElM0IwJyUyQyUyMCdkaW0nJTNBJTdCJ3dpZHRoJyUzQSczMDBweCclMkMlMjAnaGVpZ2h0JyUzQScyNTBweCclN0QlMjAlN0QpJTNCJTBBJTNDJTJGc2NyaXB0JTNFJTBBJTNDc2NyaXB0JTIwdHlwZSUzRCUyMnRleHQlMkZqYXZhc2NyaXB0JTIyJTIwc3JjJTNEJTIyaHR0cHMlM0ElMkYlMkZzdGF0aWMuNHduZXR3b3JrLmNvbSUyRmpzJTJGc2RrLm1pbi5qcyUyMiUzRSUzQyUyRnNjcmlwdCUzRQ==\" data-company=\"4w\" data-format=\"notizie300x250\"><\/span><!-- ADEND --><\/p>\n<p>Est-il vraiment acceptable que de telles trag\u00e9dies se produisent dans notre pays ?<\/p>\n<h2><span id=\"un-incidente-che-non-doveva-accadere\">Un accident qui n&rsquo;aurait pas d\u00fb se produire<\/span><\/h2>\n<p>La r\u00e9alit\u00e9 est moins politiquement correcte&nbsp;: Sergio Casarano changeait un pneu sur un poids lourd lorsqu&rsquo;un cric a l\u00e2ch\u00e9, provoquant le retournement du camion. Cet \u00e9v\u00e9nement tragique n&rsquo;est pas un incident isol\u00e9&nbsp;; il met en lumi\u00e8re un probl\u00e8me r\u00e9pandu dans le secteur&nbsp;: le manque d&rsquo;attention \u00e0 la s\u00e9curit\u00e9 et \u00e0 l&rsquo;entretien des \u00e9quipements. Selon les donn\u00e9es de l&rsquo;INAIL, les accidents du travail dans le secteur de la construction m\u00e9canique sont parmi les plus fr\u00e9quents, et pourtant, peu de mesures semblent \u00eatre prises pour am\u00e9liorer la situation. Vous \u00eates-vous d\u00e9j\u00e0 demand\u00e9 pourquoi tout cela arrive&nbsp;?<\/p>\n<p>Le fait que les autorit\u00e9s judiciaires aient ordonn\u00e9 la saisie du v\u00e9hicule ne suffit pas \u00e0 combler le vide laiss\u00e9 par une vie bris\u00e9e. Ce qui s&rsquo;est pass\u00e9 \u00e0 Casarano illustre une fois de plus comment le travail, souvent per\u00e7u comme un simple moyen de subsistance, peut devenir un pi\u00e8ge mortel. Pourquoi, alors, ne fait-on pas plus pour assurer la s\u00e9curit\u00e9 des travailleurs&nbsp;? Pourquoi la r\u00e9glementation est-elle si souvent n\u00e9glig\u00e9e&nbsp;? Les r\u00e9ponses sont inconfortables et, pour beaucoup, difficiles \u00e0 accepter.<\/p>\n<h2><span id=\"un8217analisi-controcorrente-della-sicurezza-sul-lavoro\">Une analyse \u00e0 contre-courant de la s\u00e9curit\u00e9 au travail<\/span><\/h2>\n<p>Je sais que ce n&rsquo;est pas courant, mais la v\u00e9rit\u00e9 est que de nombreuses entreprises ont tendance \u00e0 n\u00e9gliger les investissements en mati\u00e8re de s\u00e9curit\u00e9 pour \u00e9conomiser de l&rsquo;argent. R\u00e9sultat&nbsp;? Des travailleurs contraints de travailler avec des \u00e9quipements obsol\u00e8tes et des risques inacceptables. Lorsqu&rsquo;un m\u00e9canicien comme Casarano perd la vie, ce n&rsquo;est pas seulement une trag\u00e9die personnelle, mais une d\u00e9faillance collective qui affecte l&rsquo;ensemble du syst\u00e8me. La question qui se pose naturellement est&nbsp;: quelle valeur accordons-nous \u00e0 la vie des travailleurs&nbsp;?<\/p>\n<p>Les statistiques parlent d&rsquo;elles-m\u00eames&nbsp;: en 2022, plus de 1.000&nbsp;21 travailleurs ont perdu la vie dans des accidents du travail en Italie. Pourtant, il semble que nous nous contentions de pleurer ces d\u00e9c\u00e8s sans nous attaquer aux causes profondes. L&rsquo;absence de contr\u00f4les rigoureux et de formation ad\u00e9quate des travailleurs cr\u00e9e un climat d&rsquo;ins\u00e9curit\u00e9 inacceptable au XXIe&nbsp;si\u00e8cle. Il est temps de cesser d&rsquo;ignorer ces probl\u00e8mes et d&rsquo;exiger un v\u00e9ritable changement. Nous ne pouvons plus fermer les yeux sur cette situation.<\/p>\n<h2><span id=\"conclusioni-disturbanti-ma-necessarie\">Des conclusions troublantes mais n\u00e9cessaires<\/span><\/h2>\n<p>L&#8217;empereur est nu, et je vous le dis&nbsp;: la s\u00e9curit\u00e9 au travail est un mirage pour beaucoup. L&rsquo;accident mortel de Sergio Casarano n&rsquo;est que le dernier d&rsquo;une longue s\u00e9rie qui nous oblige \u00e0 r\u00e9fl\u00e9chir \u00e0 un syst\u00e8me qui ne fonctionne pas. Nous ne pouvons plus permettre que la vie d&rsquo;un travailleur soit sacrifi\u00e9e sur l&rsquo;autel du profit. Il est essentiel que nous tous, en tant que soci\u00e9t\u00e9, exigeions des entreprises qu&rsquo;elles rendent des comptes et fassent preuve de transparence. <\/p>\n<p>Nous vous invitons \u00e0 r\u00e9fl\u00e9chir&nbsp;: que pouvons-nous faire pour changer ce discours&nbsp;? La s\u00e9curit\u00e9 ne devrait pas \u00eatre une option, mais un droit inali\u00e9nable pour chaque travailleur. Chacun de nous a le pouvoir de faire entendre sa voix et d&rsquo;exiger le changement. Ne restons pas silencieux&nbsp;; faisons entendre notre appel \u00e0 la justice. Ce n&rsquo;est pas seulement une question de chiffres, mais de vies humaines. Il est temps d&rsquo;agir.<\/p>\n<p> accidentdutravail-idf.net vous a pr\u00e9par\u00e9 ce post qui informe du sujet \u00ab\u00a0Association Sportive Huisson-Longueville Essonne\u00a0\u00bb. La chronique se veut g\u00e9n\u00e9r\u00e9e du mieux possible. Vous pouvez utiliser les coordonn\u00e9es indiqu\u00e9es sur le site dans le but d\u2019apporter des explications sur ce post qui parle du th\u00e8me \u00ab\u00a0Association Sportive Huisson-Longueville Essonne\u00a0\u00bb. Le site accidentdutravail-idf.net a pour but de fournir diverses publications sur la th\u00e9matique Association Sportive Huisson-Longueville Essonne diffus\u00e9es sur le net. Il y aura plusieurs articles autour du sujet \u00ab\u00a0Association Sportive Huisson-Longueville Essonne\u00a0\u00bb dans quelques jours, nous vous invitons \u00e0 naviguer sur notre site web \u00e0 plusieurs reprises.<\/p>\n","protected":false},"excerpt":{"rendered":"<p>Sujets couverts Soyons r\u00e9alistes&nbsp;: le monde du travail peut \u00eatre cruel, et nul ne le sait mieux que les professionnels de l&rsquo;ing\u00e9nierie m\u00e9canique. R\u00e9cemment, un tragique accident a co\u00fbt\u00e9 la vie \u00e0 Sergio Casarano, un m\u00e9canicien de 65&nbsp;ans, alors qu&rsquo;il travaillait sur un camion en panne. Cet \u00e9v\u00e9nement nous oblige \u00e0 r\u00e9fl\u00e9chir non seulement \u00e0 &hellip; <\/p>\n<p class=\"link-more\"><a href=\"https:\/\/www.accidentdutravail-idf.net\/blog\/accident-mortel-dans-la-province-de-lecce-la-verite-sur-le-travail-des-mecaniciens\/\" class=\"more-link\">Continuer la lecture <span class=\"screen-reader-text\"> \u00ab\u00a0Accident mortel dans la province de Lecce : la v\u00e9rit\u00e9 sur le travail des m\u00e9caniciens\u00a0\u00bb<\/span><\/a><\/p>\n","protected":false},"author":2,"featured_media":0,"comment_status":"closed","ping_status":"closed","sticky":false,"template":"","format":"standard","meta":{"footnotes":""},"categories":[5],"tags":[],"class_list":["post-1668","post","type-post","status-publish","format-standard","hentry","category-securite-du-travail-en-ile-de-france-et-divers","entry"],"yoast_head":"<!-- This site is optimized with the Yoast SEO plugin v27.5 - https:\/\/yoast.com\/product\/yoast-seo-wordpress\/ -->\n<title>Accident mortel dans la province de Lecce : la v\u00e9rit\u00e9 sur le travail des m\u00e9caniciens - ACCIDENTDUTRAVAIL-IDF<\/title>\n<meta name=\"description\" content=\"Accident mortel dans la province de Lecce : la v\u00e9rit\u00e9 sur le travail des m\u00e9caniciens article de ACCIDENTDUTRAVAIL-IDF\" \/>\n<meta name=\"robots\" content=\"index, follow, max-snippet:-1, max-image-preview:large, max-video-preview:-1\" \/>\n<link rel=\"canonical\" href=\"https:\/\/www.accidentdutravail-idf.net\/blog\/accident-mortel-dans-la-province-de-lecce-la-verite-sur-le-travail-des-mecaniciens\/\" \/>\n<meta property=\"og:locale\" content=\"fr_FR\" \/>\n<meta property=\"og:type\" content=\"article\" \/>\n<meta property=\"og:title\" content=\"Accident mortel dans la province de Lecce : la v\u00e9rit\u00e9 sur le travail des m\u00e9caniciens - ACCIDENTDUTRAVAIL-IDF\" \/>\n<meta property=\"og:description\" content=\"Accident mortel dans la province de Lecce : la v\u00e9rit\u00e9 sur le travail des m\u00e9caniciens article de ACCIDENTDUTRAVAIL-IDF\" \/>\n<meta property=\"og:url\" content=\"https:\/\/www.accidentdutravail-idf.net\/blog\/accident-mortel-dans-la-province-de-lecce-la-verite-sur-le-travail-des-mecaniciens\/\" \/>\n<meta property=\"og:site_name\" content=\"ACCIDENTDUTRAVAIL-IDF\" \/>\n<meta property=\"article:published_time\" content=\"2025-08-19T13:18:00+00:00\" \/>\n<meta property=\"og:image\" content=\"https:\/\/www.accidentdutravail-idf.net\/blog\/wp-content\/uploads\/2025\/08\/accident-mortel-dans-la-province-de-lecce-la-verite-sur-le-travail-des-mecaniciens.png\" \/>\n<meta name=\"author\" content=\"Carlos Poulain\" \/>\n<meta name=\"twitter:card\" content=\"summary_large_image\" \/>\n<meta name=\"twitter:label1\" content=\"\u00c9crit par\" \/>\n\t<meta name=\"twitter:data1\" content=\"Carlos Poulain\" \/>\n\t<meta name=\"twitter:label2\" content=\"Dur\u00e9e de lecture estim\u00e9e\" \/>\n\t<meta name=\"twitter:data2\" content=\"4 minutes\" \/>\n<script type=\"application\/ld+json\" class=\"yoast-schema-graph\">{\"@context\":\"https:\\\/\\\/schema.org\",\"@graph\":[{\"@type\":\"Article\",\"@id\":\"https:\\\/\\\/www.accidentdutravail-idf.net\\\/blog\\\/accident-mortel-dans-la-province-de-lecce-la-verite-sur-le-travail-des-mecaniciens\\\/#article\",\"isPartOf\":{\"@id\":\"https:\\\/\\\/www.accidentdutravail-idf.net\\\/blog\\\/accident-mortel-dans-la-province-de-lecce-la-verite-sur-le-travail-des-mecaniciens\\\/\"},\"author\":{\"name\":\"Carlos Poulain\",\"@id\":\"https:\\\/\\\/www.accidentdutravail-idf.net\\\/blog\\\/#\\\/schema\\\/person\\\/3255d2f970de45e64bd9201f38e7b947\"},\"headline\":\"Accident mortel dans la province de Lecce : la v\u00e9rit\u00e9 sur le travail des m\u00e9caniciens\",\"datePublished\":\"2025-08-19T13:18:00+00:00\",\"mainEntityOfPage\":{\"@id\":\"https:\\\/\\\/www.accidentdutravail-idf.net\\\/blog\\\/accident-mortel-dans-la-province-de-lecce-la-verite-sur-le-travail-des-mecaniciens\\\/\"},\"wordCount\":774,\"publisher\":{\"@id\":\"https:\\\/\\\/www.accidentdutravail-idf.net\\\/blog\\\/#organization\"},\"image\":{\"@id\":\"https:\\\/\\\/www.accidentdutravail-idf.net\\\/blog\\\/accident-mortel-dans-la-province-de-lecce-la-verite-sur-le-travail-des-mecaniciens\\\/#primaryimage\"},\"thumbnailUrl\":\"https:\\\/\\\/www.accidentdutravail-idf.net\\\/blog\\\/wp-content\\\/uploads\\\/2025\\\/08\\\/accident-mortel-dans-la-province-de-lecce-la-verite-sur-le-travail-des-mecaniciens.png\",\"articleSection\":[\"S\u00e9curit\u00e9 Du Travail En Ile-De-France Et Divers:\"],\"inLanguage\":\"fr-FR\"},{\"@type\":\"WebPage\",\"@id\":\"https:\\\/\\\/www.accidentdutravail-idf.net\\\/blog\\\/accident-mortel-dans-la-province-de-lecce-la-verite-sur-le-travail-des-mecaniciens\\\/\",\"url\":\"https:\\\/\\\/www.accidentdutravail-idf.net\\\/blog\\\/accident-mortel-dans-la-province-de-lecce-la-verite-sur-le-travail-des-mecaniciens\\\/\",\"name\":\"Accident mortel dans la province de Lecce : la v\u00e9rit\u00e9 sur le travail des m\u00e9caniciens - ACCIDENTDUTRAVAIL-IDF\",\"isPartOf\":{\"@id\":\"https:\\\/\\\/www.accidentdutravail-idf.net\\\/blog\\\/#website\"},\"primaryImageOfPage\":{\"@id\":\"https:\\\/\\\/www.accidentdutravail-idf.net\\\/blog\\\/accident-mortel-dans-la-province-de-lecce-la-verite-sur-le-travail-des-mecaniciens\\\/#primaryimage\"},\"image\":{\"@id\":\"https:\\\/\\\/www.accidentdutravail-idf.net\\\/blog\\\/accident-mortel-dans-la-province-de-lecce-la-verite-sur-le-travail-des-mecaniciens\\\/#primaryimage\"},\"thumbnailUrl\":\"https:\\\/\\\/www.accidentdutravail-idf.net\\\/blog\\\/wp-content\\\/uploads\\\/2025\\\/08\\\/accident-mortel-dans-la-province-de-lecce-la-verite-sur-le-travail-des-mecaniciens.png\",\"datePublished\":\"2025-08-19T13:18:00+00:00\",\"description\":\"Accident mortel dans la province de Lecce : la v\u00e9rit\u00e9 sur le travail des m\u00e9caniciens article de ACCIDENTDUTRAVAIL-IDF\",\"breadcrumb\":{\"@id\":\"https:\\\/\\\/www.accidentdutravail-idf.net\\\/blog\\\/accident-mortel-dans-la-province-de-lecce-la-verite-sur-le-travail-des-mecaniciens\\\/#breadcrumb\"},\"inLanguage\":\"fr-FR\",\"potentialAction\":[{\"@type\":\"ReadAction\",\"target\":[\"https:\\\/\\\/www.accidentdutravail-idf.net\\\/blog\\\/accident-mortel-dans-la-province-de-lecce-la-verite-sur-le-travail-des-mecaniciens\\\/\"]}]},{\"@type\":\"ImageObject\",\"inLanguage\":\"fr-FR\",\"@id\":\"https:\\\/\\\/www.accidentdutravail-idf.net\\\/blog\\\/accident-mortel-dans-la-province-de-lecce-la-verite-sur-le-travail-des-mecaniciens\\\/#primaryimage\",\"url\":\"https:\\\/\\\/www.accidentdutravail-idf.net\\\/blog\\\/wp-content\\\/uploads\\\/2025\\\/08\\\/accident-mortel-dans-la-province-de-lecce-la-verite-sur-le-travail-des-mecaniciens.png\",\"contentUrl\":\"https:\\\/\\\/www.accidentdutravail-idf.net\\\/blog\\\/wp-content\\\/uploads\\\/2025\\\/08\\\/accident-mortel-dans-la-province-de-lecce-la-verite-sur-le-travail-des-mecaniciens.png\"},{\"@type\":\"BreadcrumbList\",\"@id\":\"https:\\\/\\\/www.accidentdutravail-idf.net\\\/blog\\\/accident-mortel-dans-la-province-de-lecce-la-verite-sur-le-travail-des-mecaniciens\\\/#breadcrumb\",\"itemListElement\":[{\"@type\":\"ListItem\",\"position\":1,\"name\":\"Accueil\",\"item\":\"https:\\\/\\\/www.accidentdutravail-idf.net\\\/blog\\\/\"},{\"@type\":\"ListItem\",\"position\":2,\"name\":\"Accident mortel dans la province de Lecce : la v\u00e9rit\u00e9 sur le travail des m\u00e9caniciens\"}]},{\"@type\":\"WebSite\",\"@id\":\"https:\\\/\\\/www.accidentdutravail-idf.net\\\/blog\\\/#website\",\"url\":\"https:\\\/\\\/www.accidentdutravail-idf.net\\\/blog\\\/\",\"name\":\"ACCIDENTDUTRAVAIL-IDF\",\"description\":\"Portail accidents du travail-maladies professionnelles des entreprises d&#039;Ile-de-France\",\"publisher\":{\"@id\":\"https:\\\/\\\/www.accidentdutravail-idf.net\\\/blog\\\/#organization\"},\"potentialAction\":[{\"@type\":\"SearchAction\",\"target\":{\"@type\":\"EntryPoint\",\"urlTemplate\":\"https:\\\/\\\/www.accidentdutravail-idf.net\\\/blog\\\/?s={search_term_string}\"},\"query-input\":{\"@type\":\"PropertyValueSpecification\",\"valueRequired\":true,\"valueName\":\"search_term_string\"}}],\"inLanguage\":\"fr-FR\"},{\"@type\":\"Organization\",\"@id\":\"https:\\\/\\\/www.accidentdutravail-idf.net\\\/blog\\\/#organization\",\"name\":\"accidentdutravail-idf\",\"url\":\"https:\\\/\\\/www.accidentdutravail-idf.net\\\/blog\\\/\",\"logo\":{\"@type\":\"ImageObject\",\"inLanguage\":\"fr-FR\",\"@id\":\"https:\\\/\\\/www.accidentdutravail-idf.net\\\/blog\\\/#\\\/schema\\\/logo\\\/image\\\/\",\"url\":\"https:\\\/\\\/www.accidentdutravail-idf.net\\\/blog\\\/wp-content\\\/uploads\\\/2022\\\/09\\\/logo-2.png\",\"contentUrl\":\"https:\\\/\\\/www.accidentdutravail-idf.net\\\/blog\\\/wp-content\\\/uploads\\\/2022\\\/09\\\/logo-2.png\",\"width\":380,\"height\":291,\"caption\":\"accidentdutravail-idf\"},\"image\":{\"@id\":\"https:\\\/\\\/www.accidentdutravail-idf.net\\\/blog\\\/#\\\/schema\\\/logo\\\/image\\\/\"}},{\"@type\":\"Person\",\"@id\":\"https:\\\/\\\/www.accidentdutravail-idf.net\\\/blog\\\/#\\\/schema\\\/person\\\/3255d2f970de45e64bd9201f38e7b947\",\"name\":\"Carlos Poulain\",\"image\":{\"@type\":\"ImageObject\",\"inLanguage\":\"fr-FR\",\"@id\":\"https:\\\/\\\/secure.gravatar.com\\\/avatar\\\/b1c2f9d3588e34e91adb093635df64ef4b2381991216be7576466cfcdca4baf3?s=96&d=mm&r=g\",\"url\":\"https:\\\/\\\/secure.gravatar.com\\\/avatar\\\/b1c2f9d3588e34e91adb093635df64ef4b2381991216be7576466cfcdca4baf3?s=96&d=mm&r=g\",\"contentUrl\":\"https:\\\/\\\/secure.gravatar.com\\\/avatar\\\/b1c2f9d3588e34e91adb093635df64ef4b2381991216be7576466cfcdca4baf3?s=96&d=mm&r=g\",\"caption\":\"Carlos Poulain\"},\"url\":\"https:\\\/\\\/www.accidentdutravail-idf.net\\\/blog\\\/author\\\/idfcarlos\\\/\"}]}<\/script>\n<!-- \/ Yoast SEO plugin. -->","yoast_head_json":{"title":"Accident mortel dans la province de Lecce : la v\u00e9rit\u00e9 sur le travail des m\u00e9caniciens - ACCIDENTDUTRAVAIL-IDF","description":"Accident mortel dans la province de Lecce : la v\u00e9rit\u00e9 sur le travail des m\u00e9caniciens article de ACCIDENTDUTRAVAIL-IDF","robots":{"index":"index","follow":"follow","max-snippet":"max-snippet:-1","max-image-preview":"max-image-preview:large","max-video-preview":"max-video-preview:-1"},"canonical":"https:\/\/www.accidentdutravail-idf.net\/blog\/accident-mortel-dans-la-province-de-lecce-la-verite-sur-le-travail-des-mecaniciens\/","og_locale":"fr_FR","og_type":"article","og_title":"Accident mortel dans la province de Lecce : la v\u00e9rit\u00e9 sur le travail des m\u00e9caniciens - ACCIDENTDUTRAVAIL-IDF","og_description":"Accident mortel dans la province de Lecce : la v\u00e9rit\u00e9 sur le travail des m\u00e9caniciens article de ACCIDENTDUTRAVAIL-IDF","og_url":"https:\/\/www.accidentdutravail-idf.net\/blog\/accident-mortel-dans-la-province-de-lecce-la-verite-sur-le-travail-des-mecaniciens\/","og_site_name":"ACCIDENTDUTRAVAIL-IDF","article_published_time":"2025-08-19T13:18:00+00:00","og_image":[{"url":"https:\/\/www.accidentdutravail-idf.net\/blog\/wp-content\/uploads\/2025\/08\/accident-mortel-dans-la-province-de-lecce-la-verite-sur-le-travail-des-mecaniciens.png","type":"","width":"","height":""}],"author":"Carlos Poulain","twitter_card":"summary_large_image","twitter_misc":{"\u00c9crit par":"Carlos Poulain","Dur\u00e9e de lecture estim\u00e9e":"4 minutes"},"schema":{"@context":"https:\/\/schema.org","@graph":[{"@type":"Article","@id":"https:\/\/www.accidentdutravail-idf.net\/blog\/accident-mortel-dans-la-province-de-lecce-la-verite-sur-le-travail-des-mecaniciens\/#article","isPartOf":{"@id":"https:\/\/www.accidentdutravail-idf.net\/blog\/accident-mortel-dans-la-province-de-lecce-la-verite-sur-le-travail-des-mecaniciens\/"},"author":{"name":"Carlos Poulain","@id":"https:\/\/www.accidentdutravail-idf.net\/blog\/#\/schema\/person\/3255d2f970de45e64bd9201f38e7b947"},"headline":"Accident mortel dans la province de Lecce : la v\u00e9rit\u00e9 sur le travail des m\u00e9caniciens","datePublished":"2025-08-19T13:18:00+00:00","mainEntityOfPage":{"@id":"https:\/\/www.accidentdutravail-idf.net\/blog\/accident-mortel-dans-la-province-de-lecce-la-verite-sur-le-travail-des-mecaniciens\/"},"wordCount":774,"publisher":{"@id":"https:\/\/www.accidentdutravail-idf.net\/blog\/#organization"},"image":{"@id":"https:\/\/www.accidentdutravail-idf.net\/blog\/accident-mortel-dans-la-province-de-lecce-la-verite-sur-le-travail-des-mecaniciens\/#primaryimage"},"thumbnailUrl":"https:\/\/www.accidentdutravail-idf.net\/blog\/wp-content\/uploads\/2025\/08\/accident-mortel-dans-la-province-de-lecce-la-verite-sur-le-travail-des-mecaniciens.png","articleSection":["S\u00e9curit\u00e9 Du Travail En Ile-De-France Et Divers:"],"inLanguage":"fr-FR"},{"@type":"WebPage","@id":"https:\/\/www.accidentdutravail-idf.net\/blog\/accident-mortel-dans-la-province-de-lecce-la-verite-sur-le-travail-des-mecaniciens\/","url":"https:\/\/www.accidentdutravail-idf.net\/blog\/accident-mortel-dans-la-province-de-lecce-la-verite-sur-le-travail-des-mecaniciens\/","name":"Accident mortel dans la province de Lecce : la v\u00e9rit\u00e9 sur le travail des m\u00e9caniciens - ACCIDENTDUTRAVAIL-IDF","isPartOf":{"@id":"https:\/\/www.accidentdutravail-idf.net\/blog\/#website"},"primaryImageOfPage":{"@id":"https:\/\/www.accidentdutravail-idf.net\/blog\/accident-mortel-dans-la-province-de-lecce-la-verite-sur-le-travail-des-mecaniciens\/#primaryimage"},"image":{"@id":"https:\/\/www.accidentdutravail-idf.net\/blog\/accident-mortel-dans-la-province-de-lecce-la-verite-sur-le-travail-des-mecaniciens\/#primaryimage"},"thumbnailUrl":"https:\/\/www.accidentdutravail-idf.net\/blog\/wp-content\/uploads\/2025\/08\/accident-mortel-dans-la-province-de-lecce-la-verite-sur-le-travail-des-mecaniciens.png","datePublished":"2025-08-19T13:18:00+00:00","description":"Accident mortel dans la province de Lecce : la v\u00e9rit\u00e9 sur le travail des m\u00e9caniciens article de ACCIDENTDUTRAVAIL-IDF","breadcrumb":{"@id":"https:\/\/www.accidentdutravail-idf.net\/blog\/accident-mortel-dans-la-province-de-lecce-la-verite-sur-le-travail-des-mecaniciens\/#breadcrumb"},"inLanguage":"fr-FR","potentialAction":[{"@type":"ReadAction","target":["https:\/\/www.accidentdutravail-idf.net\/blog\/accident-mortel-dans-la-province-de-lecce-la-verite-sur-le-travail-des-mecaniciens\/"]}]},{"@type":"ImageObject","inLanguage":"fr-FR","@id":"https:\/\/www.accidentdutravail-idf.net\/blog\/accident-mortel-dans-la-province-de-lecce-la-verite-sur-le-travail-des-mecaniciens\/#primaryimage","url":"https:\/\/www.accidentdutravail-idf.net\/blog\/wp-content\/uploads\/2025\/08\/accident-mortel-dans-la-province-de-lecce-la-verite-sur-le-travail-des-mecaniciens.png","contentUrl":"https:\/\/www.accidentdutravail-idf.net\/blog\/wp-content\/uploads\/2025\/08\/accident-mortel-dans-la-province-de-lecce-la-verite-sur-le-travail-des-mecaniciens.png"},{"@type":"BreadcrumbList","@id":"https:\/\/www.accidentdutravail-idf.net\/blog\/accident-mortel-dans-la-province-de-lecce-la-verite-sur-le-travail-des-mecaniciens\/#breadcrumb","itemListElement":[{"@type":"ListItem","position":1,"name":"Accueil","item":"https:\/\/www.accidentdutravail-idf.net\/blog\/"},{"@type":"ListItem","position":2,"name":"Accident mortel dans la province de Lecce : la v\u00e9rit\u00e9 sur le travail des m\u00e9caniciens"}]},{"@type":"WebSite","@id":"https:\/\/www.accidentdutravail-idf.net\/blog\/#website","url":"https:\/\/www.accidentdutravail-idf.net\/blog\/","name":"ACCIDENTDUTRAVAIL-IDF","description":"Portail accidents du travail-maladies professionnelles des entreprises d&#039;Ile-de-France","publisher":{"@id":"https:\/\/www.accidentdutravail-idf.net\/blog\/#organization"},"potentialAction":[{"@type":"SearchAction","target":{"@type":"EntryPoint","urlTemplate":"https:\/\/www.accidentdutravail-idf.net\/blog\/?s={search_term_string}"},"query-input":{"@type":"PropertyValueSpecification","valueRequired":true,"valueName":"search_term_string"}}],"inLanguage":"fr-FR"},{"@type":"Organization","@id":"https:\/\/www.accidentdutravail-idf.net\/blog\/#organization","name":"accidentdutravail-idf","url":"https:\/\/www.accidentdutravail-idf.net\/blog\/","logo":{"@type":"ImageObject","inLanguage":"fr-FR","@id":"https:\/\/www.accidentdutravail-idf.net\/blog\/#\/schema\/logo\/image\/","url":"https:\/\/www.accidentdutravail-idf.net\/blog\/wp-content\/uploads\/2022\/09\/logo-2.png","contentUrl":"https:\/\/www.accidentdutravail-idf.net\/blog\/wp-content\/uploads\/2022\/09\/logo-2.png","width":380,"height":291,"caption":"accidentdutravail-idf"},"image":{"@id":"https:\/\/www.accidentdutravail-idf.net\/blog\/#\/schema\/logo\/image\/"}},{"@type":"Person","@id":"https:\/\/www.accidentdutravail-idf.net\/blog\/#\/schema\/person\/3255d2f970de45e64bd9201f38e7b947","name":"Carlos Poulain","image":{"@type":"ImageObject","inLanguage":"fr-FR","@id":"https:\/\/secure.gravatar.com\/avatar\/b1c2f9d3588e34e91adb093635df64ef4b2381991216be7576466cfcdca4baf3?s=96&d=mm&r=g","url":"https:\/\/secure.gravatar.com\/avatar\/b1c2f9d3588e34e91adb093635df64ef4b2381991216be7576466cfcdca4baf3?s=96&d=mm&r=g","contentUrl":"https:\/\/secure.gravatar.com\/avatar\/b1c2f9d3588e34e91adb093635df64ef4b2381991216be7576466cfcdca4baf3?s=96&d=mm&r=g","caption":"Carlos Poulain"},"url":"https:\/\/www.accidentdutravail-idf.net\/blog\/author\/idfcarlos\/"}]}},"_links":{"self":[{"href":"https:\/\/www.accidentdutravail-idf.net\/blog\/wp-json\/wp\/v2\/posts\/1668","targetHints":{"allow":["GET"]}}],"collection":[{"href":"https:\/\/www.accidentdutravail-idf.net\/blog\/wp-json\/wp\/v2\/posts"}],"about":[{"href":"https:\/\/www.accidentdutravail-idf.net\/blog\/wp-json\/wp\/v2\/types\/post"}],"author":[{"embeddable":true,"href":"https:\/\/www.accidentdutravail-idf.net\/blog\/wp-json\/wp\/v2\/users\/2"}],"replies":[{"embeddable":true,"href":"https:\/\/www.accidentdutravail-idf.net\/blog\/wp-json\/wp\/v2\/comments?post=1668"}],"version-history":[{"count":0,"href":"https:\/\/www.accidentdutravail-idf.net\/blog\/wp-json\/wp\/v2\/posts\/1668\/revisions"}],"wp:attachment":[{"href":"https:\/\/www.accidentdutravail-idf.net\/blog\/wp-json\/wp\/v2\/media?parent=1668"}],"wp:term":[{"taxonomy":"category","embeddable":true,"href":"https:\/\/www.accidentdutravail-idf.net\/blog\/wp-json\/wp\/v2\/categories?post=1668"},{"taxonomy":"post_tag","embeddable":true,"href":"https:\/\/www.accidentdutravail-idf.net\/blog\/wp-json\/wp\/v2\/tags?post=1668"}],"curies":[{"name":"wp","href":"https:\/\/api.w.org\/{rel}","templated":true}]}}