{"id":1667,"date":"2025-08-19T11:04:00","date_gmt":"2025-08-19T09:04:00","guid":{"rendered":"https:\/\/www.accidentdutravail-idf.net\/blog\/accident-du-travail-une-aide-financiere-pour-prevenir-les-chutes-a-lofficine\/"},"modified":"2025-08-19T11:04:00","modified_gmt":"2025-08-19T09:04:00","slug":"accident-du-travail-une-aide-financiere-pour-prevenir-les-chutes-a-lofficine","status":"publish","type":"post","link":"https:\/\/www.accidentdutravail-idf.net\/blog\/accident-du-travail-une-aide-financiere-pour-prevenir-les-chutes-a-lofficine\/","title":{"rendered":"Accident du travail : une aide financi\u00e8re pour pr\u00e9venir les chutes \u00e0 l\u2019officine"},"content":{"rendered":"<div><img decoding=\"async\" src=\"https:\/\/www.accidentdutravail-idf.net\/blog\/wp-content\/uploads\/2025\/08\/accident-du-travail-une-aide-financiere-pour-prevenir-les-chutes-a-lofficine.jpg\" class=\"ff-og-image-inserted\"><\/div>\n<p>Mieux vaut pr\u00e9venir que gu\u00e9rir&nbsp;! Exercer son m\u00e9tier en pharmacie n\u2019est pas sans risque. Parmi les principaux accidents du travail, les chutes arrivent dans le peloton de t\u00eate, repr\u00e9sentant 55&nbsp;% des <a href=\"https:\/\/www.lemoniteurdespharmacies.fr\/legislation\/droit-du-travail\/temps-de-travail-et-conges\/fin-de-lindemnisation-des-arrets-de-travail-inferieurs-a-huit-jours-les-enjeux-pour-les-pharmaciens\" target=\"_blank\" rel=\"nofollow\">arr\u00eats de travail<\/a> en officine (chiffres de l\u2019Institut national de recherche et de s\u00e9curit\u00e9 \u2013 INRS). En cause&nbsp;: des sols d\u00e9grad\u00e9s ou glissants, des rayonnages en hauteur et des moyens de stockage inadapt\u00e9s. Pour prot\u00e9ger la sant\u00e9 des salari\u00e9s, l\u2019Assurance maladie propose d\u00e9sormais, aux entreprises de moins de 50 salari\u00e9s, quel que soit leur secteur d\u2019activit\u00e9, une subvention \u00ab&nbsp;Pr\u00e9vention Chutes&nbsp;\u00bb. Elle souhaite ainsi pr\u00e9venir les chutes de plain-pied et de hauteur.<\/p>\n<h2 class=\"wp-block-heading\">Jusqu\u2019\u00e0 25&nbsp;000&nbsp;\u20ac d\u2019aide<\/h2>\n<p>La subvention correspond \u00e0 50&nbsp;% du montant HT des sommes engag\u00e9es, dans la limite de 25&nbsp;000&nbsp;\u20ac, avec un plancher minimum de 1&nbsp;000&nbsp;\u20ac (ces montants prennent en compte l\u2019ensemble des frais associ\u00e9s&nbsp;: frais de port, de livraison, d\u2019installation, etc.). De quoi permettre de financer, par exemple, un \u00e9quipement mobile de mise en rayon (EMER) afin d\u2019atteindre les \u00e9tag\u00e8res les plus hautes en toute s\u00e9curit\u00e9.<\/p>\n<p>Mais attention, les demandes de subvention sont prises en compte par ordre d\u2019arriv\u00e9e, selon les budgets disponibles. Il faut donc faire vite pour d\u00e9poser les dossiers, sur le site&nbsp;<a href=\"https:\/\/www.net-entreprises.fr\/\" target=\"_blank\" rel=\"nofollow\">net-entreprises.fr<\/a> (rubrique Votre entreprise &gt;&nbsp;Demander une subvention).<\/p>\n<p>\u00c0 noter que plusieurs conditions sont pos\u00e9es par l\u2019Assurance maladie pour l\u2019obtention de la subvention, notamment la r\u00e9alisation d\u2019un document unique d\u2019\u00e9valuation des risques professionnels (DUERP), et le versement de plusieurs pi\u00e8ces justificatives list\u00e9es sur le <a href=\"https:\/\/www.ameli.fr\/entreprise\/sante-travail\/aides-financieres\/entreprises-1-50-salaries\/subventions-contre-chutes\/prevention-chutes\" target=\"_blank\" rel=\"nofollow\">site Ameli.fr<\/a>.<\/p>\n<div class=\"bloc_pub \">\n<p>Publicit\u00e9<\/p>\n<\/div>\n<h2 class=\"wp-block-heading\">Cons\u00e9quences en rafale<\/h2>\n<p>Pour l\u2019Assurance maladie comme pour la pharmacie, l\u2019investissement dans ce mat\u00e9riel de pr\u00e9vention sera synonyme d\u2019\u00e9conomies pour l\u2019avenir. En moyenne, un accident du travail co\u00fbte 4&nbsp;800&nbsp;\u20ac en frais directs \u00e0 l\u2019Assurance maladie. Mais les co\u00fbts indirects, souvent sous-estim\u00e9s, sont \u00e0 la charge de l\u2019entreprise et peuvent repr\u00e9senter trois \u00e0 cinq fois les co\u00fbts directs. Ils comprennent les indemnit\u00e9s compl\u00e9mentaires vers\u00e9es aux salari\u00e9s, les frais administratifs et juridiques, les r\u00e9parations d\u2019\u00e9quipements, et les co\u00fbts de remplacement et de r\u00e9int\u00e9gration des salari\u00e9s accident\u00e9s.<\/p>\n<p>Par ailleurs, un accident impacte la productivit\u00e9 de l\u2019entreprise, avec une surcharge de travail pour les autres employ\u00e9s, et potentiellement une perte de client\u00e8le. <a href=\"https:\/\/www.lemoniteurdespharmacies.fr\/legislation\/droit-des-societes\/evaluation-des-risques-a-lofficine-simple-comme-un-guide-en-ligne\" target=\"_blank\" rel=\"nofollow\">S\u2019attaquer aux causes<\/a> des chutes n\u2019est donc pas anodin.<\/p>\n<h2 class=\"wp-block-heading\">Pr\u00e9vention<\/h2>\n<p>En amont, d\u2019autres solutions pour agir existent, afin de permettre \u00e0 l\u2019employeur d\u2019assurer la s\u00e9curit\u00e9 et de prot\u00e9ger la sant\u00e9 de ses salari\u00e9s. \u00c9labor\u00e9 par l\u2019INRS et l\u2019Assurance maladie risques professionnels, l\u2019<a href=\"https:\/\/oira.osha.europa.eu\/oira-tools\/fr\/@@login\" target=\"_blank\" rel=\"nofollow\">outil OiRA<\/a> permet par exemple aux pharmacies d\u2019officine de r\u00e9aliser leur \u00e9valuation des risques en ligne et d\u2019\u00e9diter un plan d\u2019action. Pour chaque risque identifi\u00e9, une liste de mesures de pr\u00e9vention est propos\u00e9e. De quoi trouver de nombreuses id\u00e9es.<\/p>\n<div class=\"bloc_lire_aussi\">\n<p>\u00c0 lire aussi :<\/p>\n<\/div>\n<p>accidentdutravail-idf.net vous a pr\u00e9par\u00e9 ce post qui informe du sujet \u00ab\u00a0Association Sportive Huisson-Longueville Essonne\u00a0\u00bb. La chronique se veut g\u00e9n\u00e9r\u00e9e du mieux possible. Vous pouvez utiliser les coordonn\u00e9es indiqu\u00e9es sur le site dans le but d\u2019apporter des explications sur ce post qui parle du th\u00e8me \u00ab\u00a0Association Sportive Huisson-Longueville Essonne\u00a0\u00bb. Le site accidentdutravail-idf.net a pour but de fournir diverses publications sur la th\u00e9matique Association Sportive Huisson-Longueville Essonne diffus\u00e9es sur le net. Il y aura plusieurs articles autour du sujet \u00ab\u00a0Association Sportive Huisson-Longueville Essonne\u00a0\u00bb dans quelques jours, nous vous invitons \u00e0 naviguer sur notre site web \u00e0 plusieurs reprises.<\/p>\n","protected":false},"excerpt":{"rendered":"<p>Mieux vaut pr\u00e9venir que gu\u00e9rir&nbsp;! Exercer son m\u00e9tier en pharmacie n\u2019est pas sans risque. Parmi les principaux accidents du travail, les chutes arrivent dans le peloton de t\u00eate, repr\u00e9sentant 55&nbsp;% des arr\u00eats de travail en officine (chiffres de l\u2019Institut national de recherche et de s\u00e9curit\u00e9 \u2013 INRS). En cause&nbsp;: des sols d\u00e9grad\u00e9s ou glissants, des &hellip; <\/p>\n<p class=\"link-more\"><a href=\"https:\/\/www.accidentdutravail-idf.net\/blog\/accident-du-travail-une-aide-financiere-pour-prevenir-les-chutes-a-lofficine\/\" class=\"more-link\">Continuer la lecture <span class=\"screen-reader-text\"> \u00ab\u00a0Accident du travail : une aide financi\u00e8re pour pr\u00e9venir les chutes \u00e0 l\u2019officine\u00a0\u00bb<\/span><\/a><\/p>\n","protected":false},"author":2,"featured_media":0,"comment_status":"closed","ping_status":"closed","sticky":false,"template":"","format":"standard","meta":{"footnotes":""},"categories":[5],"tags":[],"class_list":["post-1667","post","type-post","status-publish","format-standard","hentry","category-securite-du-travail-en-ile-de-france-et-divers","entry"],"yoast_head":"<!-- This site is optimized with the Yoast SEO plugin v27.5 - https:\/\/yoast.com\/product\/yoast-seo-wordpress\/ -->\n<title>Accident du travail : une aide financi\u00e8re pour pr\u00e9venir les chutes \u00e0 l\u2019officine - ACCIDENTDUTRAVAIL-IDF<\/title>\n<meta name=\"description\" content=\"Accident du travail : une aide financi\u00e8re pour pr\u00e9venir les chutes \u00e0 l\u2019officine article de ACCIDENTDUTRAVAIL-IDF\" \/>\n<meta name=\"robots\" content=\"index, follow, max-snippet:-1, max-image-preview:large, max-video-preview:-1\" \/>\n<link rel=\"canonical\" href=\"https:\/\/www.accidentdutravail-idf.net\/blog\/accident-du-travail-une-aide-financiere-pour-prevenir-les-chutes-a-lofficine\/\" \/>\n<meta property=\"og:locale\" content=\"fr_FR\" \/>\n<meta property=\"og:type\" content=\"article\" \/>\n<meta property=\"og:title\" content=\"Accident du travail : une aide financi\u00e8re pour pr\u00e9venir les chutes \u00e0 l\u2019officine - ACCIDENTDUTRAVAIL-IDF\" \/>\n<meta property=\"og:description\" content=\"Accident du travail : une aide financi\u00e8re pour pr\u00e9venir les chutes \u00e0 l\u2019officine article de ACCIDENTDUTRAVAIL-IDF\" \/>\n<meta property=\"og:url\" content=\"https:\/\/www.accidentdutravail-idf.net\/blog\/accident-du-travail-une-aide-financiere-pour-prevenir-les-chutes-a-lofficine\/\" \/>\n<meta property=\"og:site_name\" content=\"ACCIDENTDUTRAVAIL-IDF\" \/>\n<meta property=\"article:published_time\" content=\"2025-08-19T09:04:00+00:00\" \/>\n<meta property=\"og:image\" content=\"https:\/\/www.accidentdutravail-idf.net\/blog\/wp-content\/uploads\/2025\/08\/accident-du-travail-une-aide-financiere-pour-prevenir-les-chutes-a-lofficine.jpg\" \/>\n<meta name=\"author\" content=\"Carlos Poulain\" \/>\n<meta name=\"twitter:card\" content=\"summary_large_image\" \/>\n<meta name=\"twitter:label1\" content=\"\u00c9crit par\" \/>\n\t<meta name=\"twitter:data1\" content=\"Carlos Poulain\" \/>\n\t<meta name=\"twitter:label2\" content=\"Dur\u00e9e de lecture estim\u00e9e\" \/>\n\t<meta name=\"twitter:data2\" content=\"3 minutes\" \/>\n<script type=\"application\/ld+json\" class=\"yoast-schema-graph\">{\"@context\":\"https:\\\/\\\/schema.org\",\"@graph\":[{\"@type\":\"Article\",\"@id\":\"https:\\\/\\\/www.accidentdutravail-idf.net\\\/blog\\\/accident-du-travail-une-aide-financiere-pour-prevenir-les-chutes-a-lofficine\\\/#article\",\"isPartOf\":{\"@id\":\"https:\\\/\\\/www.accidentdutravail-idf.net\\\/blog\\\/accident-du-travail-une-aide-financiere-pour-prevenir-les-chutes-a-lofficine\\\/\"},\"author\":{\"name\":\"Carlos Poulain\",\"@id\":\"https:\\\/\\\/www.accidentdutravail-idf.net\\\/blog\\\/#\\\/schema\\\/person\\\/3255d2f970de45e64bd9201f38e7b947\"},\"headline\":\"Accident du travail : une aide financi\u00e8re pour pr\u00e9venir les chutes \u00e0 l\u2019officine\",\"datePublished\":\"2025-08-19T09:04:00+00:00\",\"mainEntityOfPage\":{\"@id\":\"https:\\\/\\\/www.accidentdutravail-idf.net\\\/blog\\\/accident-du-travail-une-aide-financiere-pour-prevenir-les-chutes-a-lofficine\\\/\"},\"wordCount\":645,\"publisher\":{\"@id\":\"https:\\\/\\\/www.accidentdutravail-idf.net\\\/blog\\\/#organization\"},\"image\":{\"@id\":\"https:\\\/\\\/www.accidentdutravail-idf.net\\\/blog\\\/accident-du-travail-une-aide-financiere-pour-prevenir-les-chutes-a-lofficine\\\/#primaryimage\"},\"thumbnailUrl\":\"https:\\\/\\\/www.accidentdutravail-idf.net\\\/blog\\\/wp-content\\\/uploads\\\/2025\\\/08\\\/accident-du-travail-une-aide-financiere-pour-prevenir-les-chutes-a-lofficine.jpg\",\"articleSection\":[\"S\u00e9curit\u00e9 Du Travail En Ile-De-France Et Divers:\"],\"inLanguage\":\"fr-FR\"},{\"@type\":\"WebPage\",\"@id\":\"https:\\\/\\\/www.accidentdutravail-idf.net\\\/blog\\\/accident-du-travail-une-aide-financiere-pour-prevenir-les-chutes-a-lofficine\\\/\",\"url\":\"https:\\\/\\\/www.accidentdutravail-idf.net\\\/blog\\\/accident-du-travail-une-aide-financiere-pour-prevenir-les-chutes-a-lofficine\\\/\",\"name\":\"Accident du travail : une aide financi\u00e8re pour pr\u00e9venir les chutes \u00e0 l\u2019officine - ACCIDENTDUTRAVAIL-IDF\",\"isPartOf\":{\"@id\":\"https:\\\/\\\/www.accidentdutravail-idf.net\\\/blog\\\/#website\"},\"primaryImageOfPage\":{\"@id\":\"https:\\\/\\\/www.accidentdutravail-idf.net\\\/blog\\\/accident-du-travail-une-aide-financiere-pour-prevenir-les-chutes-a-lofficine\\\/#primaryimage\"},\"image\":{\"@id\":\"https:\\\/\\\/www.accidentdutravail-idf.net\\\/blog\\\/accident-du-travail-une-aide-financiere-pour-prevenir-les-chutes-a-lofficine\\\/#primaryimage\"},\"thumbnailUrl\":\"https:\\\/\\\/www.accidentdutravail-idf.net\\\/blog\\\/wp-content\\\/uploads\\\/2025\\\/08\\\/accident-du-travail-une-aide-financiere-pour-prevenir-les-chutes-a-lofficine.jpg\",\"datePublished\":\"2025-08-19T09:04:00+00:00\",\"description\":\"Accident du travail : une aide financi\u00e8re pour pr\u00e9venir les chutes \u00e0 l\u2019officine article de ACCIDENTDUTRAVAIL-IDF\",\"breadcrumb\":{\"@id\":\"https:\\\/\\\/www.accidentdutravail-idf.net\\\/blog\\\/accident-du-travail-une-aide-financiere-pour-prevenir-les-chutes-a-lofficine\\\/#breadcrumb\"},\"inLanguage\":\"fr-FR\",\"potentialAction\":[{\"@type\":\"ReadAction\",\"target\":[\"https:\\\/\\\/www.accidentdutravail-idf.net\\\/blog\\\/accident-du-travail-une-aide-financiere-pour-prevenir-les-chutes-a-lofficine\\\/\"]}]},{\"@type\":\"ImageObject\",\"inLanguage\":\"fr-FR\",\"@id\":\"https:\\\/\\\/www.accidentdutravail-idf.net\\\/blog\\\/accident-du-travail-une-aide-financiere-pour-prevenir-les-chutes-a-lofficine\\\/#primaryimage\",\"url\":\"https:\\\/\\\/www.accidentdutravail-idf.net\\\/blog\\\/wp-content\\\/uploads\\\/2025\\\/08\\\/accident-du-travail-une-aide-financiere-pour-prevenir-les-chutes-a-lofficine.jpg\",\"contentUrl\":\"https:\\\/\\\/www.accidentdutravail-idf.net\\\/blog\\\/wp-content\\\/uploads\\\/2025\\\/08\\\/accident-du-travail-une-aide-financiere-pour-prevenir-les-chutes-a-lofficine.jpg\"},{\"@type\":\"BreadcrumbList\",\"@id\":\"https:\\\/\\\/www.accidentdutravail-idf.net\\\/blog\\\/accident-du-travail-une-aide-financiere-pour-prevenir-les-chutes-a-lofficine\\\/#breadcrumb\",\"itemListElement\":[{\"@type\":\"ListItem\",\"position\":1,\"name\":\"Accueil\",\"item\":\"https:\\\/\\\/www.accidentdutravail-idf.net\\\/blog\\\/\"},{\"@type\":\"ListItem\",\"position\":2,\"name\":\"Accident du travail : une aide financi\u00e8re pour pr\u00e9venir les chutes \u00e0 l\u2019officine\"}]},{\"@type\":\"WebSite\",\"@id\":\"https:\\\/\\\/www.accidentdutravail-idf.net\\\/blog\\\/#website\",\"url\":\"https:\\\/\\\/www.accidentdutravail-idf.net\\\/blog\\\/\",\"name\":\"ACCIDENTDUTRAVAIL-IDF\",\"description\":\"Portail accidents du travail-maladies professionnelles des entreprises d&#039;Ile-de-France\",\"publisher\":{\"@id\":\"https:\\\/\\\/www.accidentdutravail-idf.net\\\/blog\\\/#organization\"},\"potentialAction\":[{\"@type\":\"SearchAction\",\"target\":{\"@type\":\"EntryPoint\",\"urlTemplate\":\"https:\\\/\\\/www.accidentdutravail-idf.net\\\/blog\\\/?s={search_term_string}\"},\"query-input\":{\"@type\":\"PropertyValueSpecification\",\"valueRequired\":true,\"valueName\":\"search_term_string\"}}],\"inLanguage\":\"fr-FR\"},{\"@type\":\"Organization\",\"@id\":\"https:\\\/\\\/www.accidentdutravail-idf.net\\\/blog\\\/#organization\",\"name\":\"accidentdutravail-idf\",\"url\":\"https:\\\/\\\/www.accidentdutravail-idf.net\\\/blog\\\/\",\"logo\":{\"@type\":\"ImageObject\",\"inLanguage\":\"fr-FR\",\"@id\":\"https:\\\/\\\/www.accidentdutravail-idf.net\\\/blog\\\/#\\\/schema\\\/logo\\\/image\\\/\",\"url\":\"https:\\\/\\\/www.accidentdutravail-idf.net\\\/blog\\\/wp-content\\\/uploads\\\/2022\\\/09\\\/logo-2.png\",\"contentUrl\":\"https:\\\/\\\/www.accidentdutravail-idf.net\\\/blog\\\/wp-content\\\/uploads\\\/2022\\\/09\\\/logo-2.png\",\"width\":380,\"height\":291,\"caption\":\"accidentdutravail-idf\"},\"image\":{\"@id\":\"https:\\\/\\\/www.accidentdutravail-idf.net\\\/blog\\\/#\\\/schema\\\/logo\\\/image\\\/\"}},{\"@type\":\"Person\",\"@id\":\"https:\\\/\\\/www.accidentdutravail-idf.net\\\/blog\\\/#\\\/schema\\\/person\\\/3255d2f970de45e64bd9201f38e7b947\",\"name\":\"Carlos Poulain\",\"image\":{\"@type\":\"ImageObject\",\"inLanguage\":\"fr-FR\",\"@id\":\"https:\\\/\\\/secure.gravatar.com\\\/avatar\\\/b1c2f9d3588e34e91adb093635df64ef4b2381991216be7576466cfcdca4baf3?s=96&d=mm&r=g\",\"url\":\"https:\\\/\\\/secure.gravatar.com\\\/avatar\\\/b1c2f9d3588e34e91adb093635df64ef4b2381991216be7576466cfcdca4baf3?s=96&d=mm&r=g\",\"contentUrl\":\"https:\\\/\\\/secure.gravatar.com\\\/avatar\\\/b1c2f9d3588e34e91adb093635df64ef4b2381991216be7576466cfcdca4baf3?s=96&d=mm&r=g\",\"caption\":\"Carlos Poulain\"},\"url\":\"https:\\\/\\\/www.accidentdutravail-idf.net\\\/blog\\\/author\\\/idfcarlos\\\/\"}]}<\/script>\n<!-- \/ Yoast SEO plugin. -->","yoast_head_json":{"title":"Accident du travail : une aide financi\u00e8re pour pr\u00e9venir les chutes \u00e0 l\u2019officine - ACCIDENTDUTRAVAIL-IDF","description":"Accident du travail : une aide financi\u00e8re pour pr\u00e9venir les chutes \u00e0 l\u2019officine article de ACCIDENTDUTRAVAIL-IDF","robots":{"index":"index","follow":"follow","max-snippet":"max-snippet:-1","max-image-preview":"max-image-preview:large","max-video-preview":"max-video-preview:-1"},"canonical":"https:\/\/www.accidentdutravail-idf.net\/blog\/accident-du-travail-une-aide-financiere-pour-prevenir-les-chutes-a-lofficine\/","og_locale":"fr_FR","og_type":"article","og_title":"Accident du travail : une aide financi\u00e8re pour pr\u00e9venir les chutes \u00e0 l\u2019officine - ACCIDENTDUTRAVAIL-IDF","og_description":"Accident du travail : une aide financi\u00e8re pour pr\u00e9venir les chutes \u00e0 l\u2019officine article de ACCIDENTDUTRAVAIL-IDF","og_url":"https:\/\/www.accidentdutravail-idf.net\/blog\/accident-du-travail-une-aide-financiere-pour-prevenir-les-chutes-a-lofficine\/","og_site_name":"ACCIDENTDUTRAVAIL-IDF","article_published_time":"2025-08-19T09:04:00+00:00","og_image":[{"url":"https:\/\/www.accidentdutravail-idf.net\/blog\/wp-content\/uploads\/2025\/08\/accident-du-travail-une-aide-financiere-pour-prevenir-les-chutes-a-lofficine.jpg","type":"","width":"","height":""}],"author":"Carlos Poulain","twitter_card":"summary_large_image","twitter_misc":{"\u00c9crit par":"Carlos Poulain","Dur\u00e9e de lecture estim\u00e9e":"3 minutes"},"schema":{"@context":"https:\/\/schema.org","@graph":[{"@type":"Article","@id":"https:\/\/www.accidentdutravail-idf.net\/blog\/accident-du-travail-une-aide-financiere-pour-prevenir-les-chutes-a-lofficine\/#article","isPartOf":{"@id":"https:\/\/www.accidentdutravail-idf.net\/blog\/accident-du-travail-une-aide-financiere-pour-prevenir-les-chutes-a-lofficine\/"},"author":{"name":"Carlos Poulain","@id":"https:\/\/www.accidentdutravail-idf.net\/blog\/#\/schema\/person\/3255d2f970de45e64bd9201f38e7b947"},"headline":"Accident du travail : une aide financi\u00e8re pour pr\u00e9venir les chutes \u00e0 l\u2019officine","datePublished":"2025-08-19T09:04:00+00:00","mainEntityOfPage":{"@id":"https:\/\/www.accidentdutravail-idf.net\/blog\/accident-du-travail-une-aide-financiere-pour-prevenir-les-chutes-a-lofficine\/"},"wordCount":645,"publisher":{"@id":"https:\/\/www.accidentdutravail-idf.net\/blog\/#organization"},"image":{"@id":"https:\/\/www.accidentdutravail-idf.net\/blog\/accident-du-travail-une-aide-financiere-pour-prevenir-les-chutes-a-lofficine\/#primaryimage"},"thumbnailUrl":"https:\/\/www.accidentdutravail-idf.net\/blog\/wp-content\/uploads\/2025\/08\/accident-du-travail-une-aide-financiere-pour-prevenir-les-chutes-a-lofficine.jpg","articleSection":["S\u00e9curit\u00e9 Du Travail En Ile-De-France Et Divers:"],"inLanguage":"fr-FR"},{"@type":"WebPage","@id":"https:\/\/www.accidentdutravail-idf.net\/blog\/accident-du-travail-une-aide-financiere-pour-prevenir-les-chutes-a-lofficine\/","url":"https:\/\/www.accidentdutravail-idf.net\/blog\/accident-du-travail-une-aide-financiere-pour-prevenir-les-chutes-a-lofficine\/","name":"Accident du travail : une aide financi\u00e8re pour pr\u00e9venir les chutes \u00e0 l\u2019officine - ACCIDENTDUTRAVAIL-IDF","isPartOf":{"@id":"https:\/\/www.accidentdutravail-idf.net\/blog\/#website"},"primaryImageOfPage":{"@id":"https:\/\/www.accidentdutravail-idf.net\/blog\/accident-du-travail-une-aide-financiere-pour-prevenir-les-chutes-a-lofficine\/#primaryimage"},"image":{"@id":"https:\/\/www.accidentdutravail-idf.net\/blog\/accident-du-travail-une-aide-financiere-pour-prevenir-les-chutes-a-lofficine\/#primaryimage"},"thumbnailUrl":"https:\/\/www.accidentdutravail-idf.net\/blog\/wp-content\/uploads\/2025\/08\/accident-du-travail-une-aide-financiere-pour-prevenir-les-chutes-a-lofficine.jpg","datePublished":"2025-08-19T09:04:00+00:00","description":"Accident du travail : une aide financi\u00e8re pour pr\u00e9venir les chutes \u00e0 l\u2019officine article de ACCIDENTDUTRAVAIL-IDF","breadcrumb":{"@id":"https:\/\/www.accidentdutravail-idf.net\/blog\/accident-du-travail-une-aide-financiere-pour-prevenir-les-chutes-a-lofficine\/#breadcrumb"},"inLanguage":"fr-FR","potentialAction":[{"@type":"ReadAction","target":["https:\/\/www.accidentdutravail-idf.net\/blog\/accident-du-travail-une-aide-financiere-pour-prevenir-les-chutes-a-lofficine\/"]}]},{"@type":"ImageObject","inLanguage":"fr-FR","@id":"https:\/\/www.accidentdutravail-idf.net\/blog\/accident-du-travail-une-aide-financiere-pour-prevenir-les-chutes-a-lofficine\/#primaryimage","url":"https:\/\/www.accidentdutravail-idf.net\/blog\/wp-content\/uploads\/2025\/08\/accident-du-travail-une-aide-financiere-pour-prevenir-les-chutes-a-lofficine.jpg","contentUrl":"https:\/\/www.accidentdutravail-idf.net\/blog\/wp-content\/uploads\/2025\/08\/accident-du-travail-une-aide-financiere-pour-prevenir-les-chutes-a-lofficine.jpg"},{"@type":"BreadcrumbList","@id":"https:\/\/www.accidentdutravail-idf.net\/blog\/accident-du-travail-une-aide-financiere-pour-prevenir-les-chutes-a-lofficine\/#breadcrumb","itemListElement":[{"@type":"ListItem","position":1,"name":"Accueil","item":"https:\/\/www.accidentdutravail-idf.net\/blog\/"},{"@type":"ListItem","position":2,"name":"Accident du travail : une aide financi\u00e8re pour pr\u00e9venir les chutes \u00e0 l\u2019officine"}]},{"@type":"WebSite","@id":"https:\/\/www.accidentdutravail-idf.net\/blog\/#website","url":"https:\/\/www.accidentdutravail-idf.net\/blog\/","name":"ACCIDENTDUTRAVAIL-IDF","description":"Portail accidents du travail-maladies professionnelles des entreprises d&#039;Ile-de-France","publisher":{"@id":"https:\/\/www.accidentdutravail-idf.net\/blog\/#organization"},"potentialAction":[{"@type":"SearchAction","target":{"@type":"EntryPoint","urlTemplate":"https:\/\/www.accidentdutravail-idf.net\/blog\/?s={search_term_string}"},"query-input":{"@type":"PropertyValueSpecification","valueRequired":true,"valueName":"search_term_string"}}],"inLanguage":"fr-FR"},{"@type":"Organization","@id":"https:\/\/www.accidentdutravail-idf.net\/blog\/#organization","name":"accidentdutravail-idf","url":"https:\/\/www.accidentdutravail-idf.net\/blog\/","logo":{"@type":"ImageObject","inLanguage":"fr-FR","@id":"https:\/\/www.accidentdutravail-idf.net\/blog\/#\/schema\/logo\/image\/","url":"https:\/\/www.accidentdutravail-idf.net\/blog\/wp-content\/uploads\/2022\/09\/logo-2.png","contentUrl":"https:\/\/www.accidentdutravail-idf.net\/blog\/wp-content\/uploads\/2022\/09\/logo-2.png","width":380,"height":291,"caption":"accidentdutravail-idf"},"image":{"@id":"https:\/\/www.accidentdutravail-idf.net\/blog\/#\/schema\/logo\/image\/"}},{"@type":"Person","@id":"https:\/\/www.accidentdutravail-idf.net\/blog\/#\/schema\/person\/3255d2f970de45e64bd9201f38e7b947","name":"Carlos Poulain","image":{"@type":"ImageObject","inLanguage":"fr-FR","@id":"https:\/\/secure.gravatar.com\/avatar\/b1c2f9d3588e34e91adb093635df64ef4b2381991216be7576466cfcdca4baf3?s=96&d=mm&r=g","url":"https:\/\/secure.gravatar.com\/avatar\/b1c2f9d3588e34e91adb093635df64ef4b2381991216be7576466cfcdca4baf3?s=96&d=mm&r=g","contentUrl":"https:\/\/secure.gravatar.com\/avatar\/b1c2f9d3588e34e91adb093635df64ef4b2381991216be7576466cfcdca4baf3?s=96&d=mm&r=g","caption":"Carlos Poulain"},"url":"https:\/\/www.accidentdutravail-idf.net\/blog\/author\/idfcarlos\/"}]}},"_links":{"self":[{"href":"https:\/\/www.accidentdutravail-idf.net\/blog\/wp-json\/wp\/v2\/posts\/1667","targetHints":{"allow":["GET"]}}],"collection":[{"href":"https:\/\/www.accidentdutravail-idf.net\/blog\/wp-json\/wp\/v2\/posts"}],"about":[{"href":"https:\/\/www.accidentdutravail-idf.net\/blog\/wp-json\/wp\/v2\/types\/post"}],"author":[{"embeddable":true,"href":"https:\/\/www.accidentdutravail-idf.net\/blog\/wp-json\/wp\/v2\/users\/2"}],"replies":[{"embeddable":true,"href":"https:\/\/www.accidentdutravail-idf.net\/blog\/wp-json\/wp\/v2\/comments?post=1667"}],"version-history":[{"count":0,"href":"https:\/\/www.accidentdutravail-idf.net\/blog\/wp-json\/wp\/v2\/posts\/1667\/revisions"}],"wp:attachment":[{"href":"https:\/\/www.accidentdutravail-idf.net\/blog\/wp-json\/wp\/v2\/media?parent=1667"}],"wp:term":[{"taxonomy":"category","embeddable":true,"href":"https:\/\/www.accidentdutravail-idf.net\/blog\/wp-json\/wp\/v2\/categories?post=1667"},{"taxonomy":"post_tag","embeddable":true,"href":"https:\/\/www.accidentdutravail-idf.net\/blog\/wp-json\/wp\/v2\/tags?post=1667"}],"curies":[{"name":"wp","href":"https:\/\/api.w.org\/{rel}","templated":true}]}}