{"id":1666,"date":"2025-08-19T13:03:00","date_gmt":"2025-08-19T11:03:00","guid":{"rendered":"https:\/\/www.accidentdutravail-idf.net\/blog\/tragedie-au-travail-il-intervient-sur-un-camion-en-panne-puis-laccident-mortel\/"},"modified":"2025-08-19T13:03:00","modified_gmt":"2025-08-19T11:03:00","slug":"tragedie-au-travail-il-intervient-sur-un-camion-en-panne-puis-laccident-mortel","status":"publish","type":"post","link":"https:\/\/www.accidentdutravail-idf.net\/blog\/tragedie-au-travail-il-intervient-sur-un-camion-en-panne-puis-laccident-mortel\/","title":{"rendered":"Trag\u00e9die au travail : il intervient sur un camion en panne. Puis, l&rsquo;accident mortel."},"content":{"rendered":"<div id>\n<p class=\"entry-subtitle g1-gamma g1-gamma-3rd\">Encore un accident du travail, cette fois \u00e0 Salento : un m\u00e9canicien de 65 ans a \u00e9t\u00e9 tu\u00e9 sous le poids d&rsquo;un camion.<\/p>\n<p class=\"gt-block g1-meta g1-meta-m entry-meta entry-meta-m\"> <span class=\"entry-byline entry-byline-m entry-byline-with-avatar\"> <span class=\"entry-author\"> <span class=\"entry-meta-label\">di<\/span> <a href=\"https:\/\/www.notizie.it\/fr\/auteur\/danieleorlandi\/\" title=\"Articles de Daniele Orlandi\" rel=\"author nofollow\" target=\"_blank\"> <img decoding=\"async\" data-expand=\"600\" alt=\"Photo du profil de Daniele Orlandi\" src=\"https:\/\/www.accidentdutravail-idf.net\/blog\/wp-content\/uploads\/2025\/08\/tragedie-au-travail-il-intervient-sur-un-camion-en-panne-puis-laccident-mortel.jpg\" class=\"avatar avatar-40 photo lazyloaded\" height=\"40\" width=\"40\" loading=\"lazy\"> <strong>Daniel Orlandi<\/strong> <\/a> <\/span> Post\u00e9 le 19 August 2025 \u00e0 18: 29 <\/span> <\/p>\n<p> <!-- ADOUT evo player.all --><!-- ADEND --> <\/p>\n<aside class=\"mashsb-container mashsb-main mashsb-stretched\"> <!-- ADOUT sharethis buttons.all --><!-- ShareThis BEGIN --><!-- ShareThis END --><!-- ADEND --><\/aside>\n<\/p><\/div>\n<div>\n<p class=\"gt-block\">Il faisait son travail quand <strong>soudain le camion<\/strong> sous lequel il essayait de changer un pneu, celui-ci lui est tomb\u00e9 dessus, l&rsquo;\u00e9crasant <\/p>\n<p class=\"gt-block\">Il s&rsquo;agit de la reconstitution d&rsquo;un autre accident du travail, cette fois \u00e0 Salento, qui a co\u00fbt\u00e9 la vie \u00e0 un homme de 65 ans. <strong>premi\u00e8re reconstruction<\/strong> des faits.<\/p>\n<h2>Un camion tombe sur un homme, l&rsquo;\u00e9crasant; un m\u00e9canicien de 65 ans d\u00e9c\u00e8de.<\/h2>\n<p> <!-- ADOUT 4w notizie300x250 --><span id=\"adv-onpc-0\" class=\"adv-onpc\" data-b64=\"JTNDc2NyaXB0JTIwdHlwZSUzRCUyMnRleHQlMkZqYXZhc2NyaXB0JTIyJTIwaWQlM0QnNHdfMjUzMjQ3XzI3MTQ3MDEzMiclM0UlMEF2YXIlMjBvYmpfNHclMjAlM0QlMjBvYmpfNHclMjAlN0MlN0MlMjAlNUIlNUQlM0IlMEFvYmpfNHcucHVzaCglN0InY2lkJyUzQSc0d18yNTMyNDdfMjcxNDcwMTMyJyUyQyUyMCdpYyclM0EnMjUzMjQ3JTNCMTEyMDkxJTNCODA2NTElM0IwJyUyQyUyMCdkaW0nJTNBJTdCJ3dpZHRoJyUzQSczMDBweCclMkMlMjAnaGVpZ2h0JyUzQScyNTBweCclN0QlMjAlN0QpJTNCJTBBJTNDJTJGc2NyaXB0JTNFJTBBJTNDc2NyaXB0JTIwdHlwZSUzRCUyMnRleHQlMkZqYXZhc2NyaXB0JTIyJTIwc3JjJTNEJTIyaHR0cHMlM0ElMkYlMkZzdGF0aWMuNHduZXR3b3JrLmNvbSUyRmpzJTJGc2RrLm1pbi5qcyUyMiUzRSUzQyUyRnNjcmlwdCUzRQ==\" data-company=\"4w\" data-format=\"notizie300x250\"><\/span><!-- ADEND --><\/p>\n<p class=\"gt-block\">La victime s&rsquo;appelait Sergio Casarano et r\u00e9sidait \u00e0 Racale : il effectuait son travail sur la route qui relie Taurisano <strong>\u00e0 Miggiano, dans la r\u00e9gion de Lecce.<\/strong> Il avait \u00e9t\u00e9 appel\u00e9 pour intervenir sur un v\u00e9hicule lourd en panne&nbsp;: l&rsquo;accident s&rsquo;est produit lors de r\u00e9parations&nbsp;; il rempla\u00e7ait un pneu lorsqu&rsquo;il a \u00e9t\u00e9 \u00e9cras\u00e9 par un affaissement. Les premi\u00e8res hypoth\u00e8ses sugg\u00e8rent que le cric utilis\u00e9 pour soulever le camion et changer le pneu s&rsquo;est cass\u00e9.<\/p>\n<p class=\"gt-block\">Les secours sont arriv\u00e9s sur place et ont transport\u00e9 l&rsquo;homme \u00e0 l&rsquo;h\u00f4pital de Tricase dans un \u00e9tat critique. Il y est toutefois d\u00e9c\u00e9d\u00e9 des suites de ses graves blessures. La police est arriv\u00e9e sur place pour <a target=\"_blank\" rel=\"noopener noreferrer nofollow\" href=\"https:\/\/www.notizie.it\/fr\/Un-entrepreneur-d%C3%A9c%C3%A8de-d%27une-enc%C3%A9phalopathie--l%27hypoth%C3%A8se-de-la-vache-folle-%C3%A9merge\/\">effectuer les mesures<\/a> et la saisie du camion a \u00e9t\u00e9 ordonn\u00e9e par le <strong>Parquet de Lecce<\/strong> pour arriver \u00e0 un <a target=\"_blank\" rel=\"noopener noreferrer nofollow\" href=\"https:\/\/www.notizie.it\/fr\/Olbia-%3A-deux-suspects-meurent-apr%C3%A8s-avoir-%C3%A9t%C3%A9-%C3%A9lectrocut%C3%A9s-au-Taser\/\">reconstruction<\/a> des faits.<\/p>\n<\/p><\/div>\n<p>accidentdutravail-idf.net vous a pr\u00e9par\u00e9 ce post qui informe du sujet \u00ab\u00a0Association Sportive Huisson-Longueville Essonne\u00a0\u00bb. La chronique se veut g\u00e9n\u00e9r\u00e9e du mieux possible. Vous pouvez utiliser les coordonn\u00e9es indiqu\u00e9es sur le site dans le but d\u2019apporter des explications sur ce post qui parle du th\u00e8me \u00ab\u00a0Association Sportive Huisson-Longueville Essonne\u00a0\u00bb. Le site accidentdutravail-idf.net a pour but de fournir diverses publications sur la th\u00e9matique Association Sportive Huisson-Longueville Essonne diffus\u00e9es sur le net. Il y aura plusieurs articles autour du sujet \u00ab\u00a0Association Sportive Huisson-Longueville Essonne\u00a0\u00bb dans quelques jours, nous vous invitons \u00e0 naviguer sur notre site web \u00e0 plusieurs reprises.<\/p>\n","protected":false},"excerpt":{"rendered":"<p>Encore un accident du travail, cette fois \u00e0 Salento : un m\u00e9canicien de 65 ans a \u00e9t\u00e9 tu\u00e9 sous le poids d&rsquo;un camion. di Daniel Orlandi Post\u00e9 le 19 August 2025 \u00e0 18: 29 Il faisait son travail quand soudain le camion sous lequel il essayait de changer un pneu, celui-ci lui est tomb\u00e9 dessus, &hellip; <\/p>\n<p class=\"link-more\"><a href=\"https:\/\/www.accidentdutravail-idf.net\/blog\/tragedie-au-travail-il-intervient-sur-un-camion-en-panne-puis-laccident-mortel\/\" class=\"more-link\">Continuer la lecture <span class=\"screen-reader-text\"> \u00ab\u00a0Trag\u00e9die au travail : il intervient sur un camion en panne. Puis, l&rsquo;accident mortel.\u00a0\u00bb<\/span><\/a><\/p>\n","protected":false},"author":2,"featured_media":0,"comment_status":"closed","ping_status":"closed","sticky":false,"template":"","format":"standard","meta":{"footnotes":""},"categories":[5],"tags":[],"class_list":["post-1666","post","type-post","status-publish","format-standard","hentry","category-securite-du-travail-en-ile-de-france-et-divers","entry"],"yoast_head":"<!-- This site is optimized with the Yoast SEO plugin v27.5 - https:\/\/yoast.com\/product\/yoast-seo-wordpress\/ -->\n<title>Trag\u00e9die au travail : il intervient sur un camion en panne. Puis, l&#039;accident mortel. - ACCIDENTDUTRAVAIL-IDF<\/title>\n<meta name=\"description\" content=\"Trag\u00e9die au travail : il intervient sur un camion en panne. Puis, l&#039;accident mortel. article de ACCIDENTDUTRAVAIL-IDF\" \/>\n<meta name=\"robots\" content=\"index, follow, max-snippet:-1, max-image-preview:large, max-video-preview:-1\" \/>\n<link rel=\"canonical\" href=\"https:\/\/www.accidentdutravail-idf.net\/blog\/tragedie-au-travail-il-intervient-sur-un-camion-en-panne-puis-laccident-mortel\/\" \/>\n<meta property=\"og:locale\" content=\"fr_FR\" \/>\n<meta property=\"og:type\" content=\"article\" \/>\n<meta property=\"og:title\" content=\"Trag\u00e9die au travail : il intervient sur un camion en panne. Puis, l&#039;accident mortel. - ACCIDENTDUTRAVAIL-IDF\" \/>\n<meta property=\"og:description\" content=\"Trag\u00e9die au travail : il intervient sur un camion en panne. Puis, l&#039;accident mortel. article de ACCIDENTDUTRAVAIL-IDF\" \/>\n<meta property=\"og:url\" content=\"https:\/\/www.accidentdutravail-idf.net\/blog\/tragedie-au-travail-il-intervient-sur-un-camion-en-panne-puis-laccident-mortel\/\" \/>\n<meta property=\"og:site_name\" content=\"ACCIDENTDUTRAVAIL-IDF\" \/>\n<meta property=\"article:published_time\" content=\"2025-08-19T11:03:00+00:00\" \/>\n<meta property=\"og:image\" content=\"https:\/\/www.accidentdutravail-idf.net\/blog\/wp-content\/uploads\/2025\/08\/tragedie-au-travail-il-intervient-sur-un-camion-en-panne-puis-laccident-mortel.jpg\" \/>\n<meta name=\"author\" content=\"Carlos Poulain\" \/>\n<meta name=\"twitter:card\" content=\"summary_large_image\" \/>\n<meta name=\"twitter:label1\" content=\"\u00c9crit par\" \/>\n\t<meta name=\"twitter:data1\" content=\"Carlos Poulain\" \/>\n\t<meta name=\"twitter:label2\" content=\"Dur\u00e9e de lecture estim\u00e9e\" \/>\n\t<meta name=\"twitter:data2\" content=\"2 minutes\" \/>\n<script type=\"application\/ld+json\" class=\"yoast-schema-graph\">{\"@context\":\"https:\\\/\\\/schema.org\",\"@graph\":[{\"@type\":\"Article\",\"@id\":\"https:\\\/\\\/www.accidentdutravail-idf.net\\\/blog\\\/tragedie-au-travail-il-intervient-sur-un-camion-en-panne-puis-laccident-mortel\\\/#article\",\"isPartOf\":{\"@id\":\"https:\\\/\\\/www.accidentdutravail-idf.net\\\/blog\\\/tragedie-au-travail-il-intervient-sur-un-camion-en-panne-puis-laccident-mortel\\\/\"},\"author\":{\"name\":\"Carlos Poulain\",\"@id\":\"https:\\\/\\\/www.accidentdutravail-idf.net\\\/blog\\\/#\\\/schema\\\/person\\\/3255d2f970de45e64bd9201f38e7b947\"},\"headline\":\"Trag\u00e9die au travail : il intervient sur un camion en panne. Puis, l&rsquo;accident mortel.\",\"datePublished\":\"2025-08-19T11:03:00+00:00\",\"mainEntityOfPage\":{\"@id\":\"https:\\\/\\\/www.accidentdutravail-idf.net\\\/blog\\\/tragedie-au-travail-il-intervient-sur-un-camion-en-panne-puis-laccident-mortel\\\/\"},\"wordCount\":358,\"publisher\":{\"@id\":\"https:\\\/\\\/www.accidentdutravail-idf.net\\\/blog\\\/#organization\"},\"image\":{\"@id\":\"https:\\\/\\\/www.accidentdutravail-idf.net\\\/blog\\\/tragedie-au-travail-il-intervient-sur-un-camion-en-panne-puis-laccident-mortel\\\/#primaryimage\"},\"thumbnailUrl\":\"https:\\\/\\\/www.accidentdutravail-idf.net\\\/blog\\\/wp-content\\\/uploads\\\/2025\\\/08\\\/tragedie-au-travail-il-intervient-sur-un-camion-en-panne-puis-laccident-mortel.jpg\",\"articleSection\":[\"S\u00e9curit\u00e9 Du Travail En Ile-De-France Et Divers:\"],\"inLanguage\":\"fr-FR\"},{\"@type\":\"WebPage\",\"@id\":\"https:\\\/\\\/www.accidentdutravail-idf.net\\\/blog\\\/tragedie-au-travail-il-intervient-sur-un-camion-en-panne-puis-laccident-mortel\\\/\",\"url\":\"https:\\\/\\\/www.accidentdutravail-idf.net\\\/blog\\\/tragedie-au-travail-il-intervient-sur-un-camion-en-panne-puis-laccident-mortel\\\/\",\"name\":\"Trag\u00e9die au travail : il intervient sur un camion en panne. Puis, l'accident mortel. - ACCIDENTDUTRAVAIL-IDF\",\"isPartOf\":{\"@id\":\"https:\\\/\\\/www.accidentdutravail-idf.net\\\/blog\\\/#website\"},\"primaryImageOfPage\":{\"@id\":\"https:\\\/\\\/www.accidentdutravail-idf.net\\\/blog\\\/tragedie-au-travail-il-intervient-sur-un-camion-en-panne-puis-laccident-mortel\\\/#primaryimage\"},\"image\":{\"@id\":\"https:\\\/\\\/www.accidentdutravail-idf.net\\\/blog\\\/tragedie-au-travail-il-intervient-sur-un-camion-en-panne-puis-laccident-mortel\\\/#primaryimage\"},\"thumbnailUrl\":\"https:\\\/\\\/www.accidentdutravail-idf.net\\\/blog\\\/wp-content\\\/uploads\\\/2025\\\/08\\\/tragedie-au-travail-il-intervient-sur-un-camion-en-panne-puis-laccident-mortel.jpg\",\"datePublished\":\"2025-08-19T11:03:00+00:00\",\"description\":\"Trag\u00e9die au travail : il intervient sur un camion en panne. Puis, l'accident mortel. article de ACCIDENTDUTRAVAIL-IDF\",\"breadcrumb\":{\"@id\":\"https:\\\/\\\/www.accidentdutravail-idf.net\\\/blog\\\/tragedie-au-travail-il-intervient-sur-un-camion-en-panne-puis-laccident-mortel\\\/#breadcrumb\"},\"inLanguage\":\"fr-FR\",\"potentialAction\":[{\"@type\":\"ReadAction\",\"target\":[\"https:\\\/\\\/www.accidentdutravail-idf.net\\\/blog\\\/tragedie-au-travail-il-intervient-sur-un-camion-en-panne-puis-laccident-mortel\\\/\"]}]},{\"@type\":\"ImageObject\",\"inLanguage\":\"fr-FR\",\"@id\":\"https:\\\/\\\/www.accidentdutravail-idf.net\\\/blog\\\/tragedie-au-travail-il-intervient-sur-un-camion-en-panne-puis-laccident-mortel\\\/#primaryimage\",\"url\":\"https:\\\/\\\/www.accidentdutravail-idf.net\\\/blog\\\/wp-content\\\/uploads\\\/2025\\\/08\\\/tragedie-au-travail-il-intervient-sur-un-camion-en-panne-puis-laccident-mortel.jpg\",\"contentUrl\":\"https:\\\/\\\/www.accidentdutravail-idf.net\\\/blog\\\/wp-content\\\/uploads\\\/2025\\\/08\\\/tragedie-au-travail-il-intervient-sur-un-camion-en-panne-puis-laccident-mortel.jpg\"},{\"@type\":\"BreadcrumbList\",\"@id\":\"https:\\\/\\\/www.accidentdutravail-idf.net\\\/blog\\\/tragedie-au-travail-il-intervient-sur-un-camion-en-panne-puis-laccident-mortel\\\/#breadcrumb\",\"itemListElement\":[{\"@type\":\"ListItem\",\"position\":1,\"name\":\"Accueil\",\"item\":\"https:\\\/\\\/www.accidentdutravail-idf.net\\\/blog\\\/\"},{\"@type\":\"ListItem\",\"position\":2,\"name\":\"Trag\u00e9die au travail : il intervient sur un camion en panne. Puis, l&rsquo;accident mortel.\"}]},{\"@type\":\"WebSite\",\"@id\":\"https:\\\/\\\/www.accidentdutravail-idf.net\\\/blog\\\/#website\",\"url\":\"https:\\\/\\\/www.accidentdutravail-idf.net\\\/blog\\\/\",\"name\":\"ACCIDENTDUTRAVAIL-IDF\",\"description\":\"Portail accidents du travail-maladies professionnelles des entreprises d&#039;Ile-de-France\",\"publisher\":{\"@id\":\"https:\\\/\\\/www.accidentdutravail-idf.net\\\/blog\\\/#organization\"},\"potentialAction\":[{\"@type\":\"SearchAction\",\"target\":{\"@type\":\"EntryPoint\",\"urlTemplate\":\"https:\\\/\\\/www.accidentdutravail-idf.net\\\/blog\\\/?s={search_term_string}\"},\"query-input\":{\"@type\":\"PropertyValueSpecification\",\"valueRequired\":true,\"valueName\":\"search_term_string\"}}],\"inLanguage\":\"fr-FR\"},{\"@type\":\"Organization\",\"@id\":\"https:\\\/\\\/www.accidentdutravail-idf.net\\\/blog\\\/#organization\",\"name\":\"accidentdutravail-idf\",\"url\":\"https:\\\/\\\/www.accidentdutravail-idf.net\\\/blog\\\/\",\"logo\":{\"@type\":\"ImageObject\",\"inLanguage\":\"fr-FR\",\"@id\":\"https:\\\/\\\/www.accidentdutravail-idf.net\\\/blog\\\/#\\\/schema\\\/logo\\\/image\\\/\",\"url\":\"https:\\\/\\\/www.accidentdutravail-idf.net\\\/blog\\\/wp-content\\\/uploads\\\/2022\\\/09\\\/logo-2.png\",\"contentUrl\":\"https:\\\/\\\/www.accidentdutravail-idf.net\\\/blog\\\/wp-content\\\/uploads\\\/2022\\\/09\\\/logo-2.png\",\"width\":380,\"height\":291,\"caption\":\"accidentdutravail-idf\"},\"image\":{\"@id\":\"https:\\\/\\\/www.accidentdutravail-idf.net\\\/blog\\\/#\\\/schema\\\/logo\\\/image\\\/\"}},{\"@type\":\"Person\",\"@id\":\"https:\\\/\\\/www.accidentdutravail-idf.net\\\/blog\\\/#\\\/schema\\\/person\\\/3255d2f970de45e64bd9201f38e7b947\",\"name\":\"Carlos Poulain\",\"image\":{\"@type\":\"ImageObject\",\"inLanguage\":\"fr-FR\",\"@id\":\"https:\\\/\\\/secure.gravatar.com\\\/avatar\\\/b1c2f9d3588e34e91adb093635df64ef4b2381991216be7576466cfcdca4baf3?s=96&d=mm&r=g\",\"url\":\"https:\\\/\\\/secure.gravatar.com\\\/avatar\\\/b1c2f9d3588e34e91adb093635df64ef4b2381991216be7576466cfcdca4baf3?s=96&d=mm&r=g\",\"contentUrl\":\"https:\\\/\\\/secure.gravatar.com\\\/avatar\\\/b1c2f9d3588e34e91adb093635df64ef4b2381991216be7576466cfcdca4baf3?s=96&d=mm&r=g\",\"caption\":\"Carlos Poulain\"},\"url\":\"https:\\\/\\\/www.accidentdutravail-idf.net\\\/blog\\\/author\\\/idfcarlos\\\/\"}]}<\/script>\n<!-- \/ Yoast SEO plugin. -->","yoast_head_json":{"title":"Trag\u00e9die au travail : il intervient sur un camion en panne. Puis, l'accident mortel. - ACCIDENTDUTRAVAIL-IDF","description":"Trag\u00e9die au travail : il intervient sur un camion en panne. Puis, l'accident mortel. article de ACCIDENTDUTRAVAIL-IDF","robots":{"index":"index","follow":"follow","max-snippet":"max-snippet:-1","max-image-preview":"max-image-preview:large","max-video-preview":"max-video-preview:-1"},"canonical":"https:\/\/www.accidentdutravail-idf.net\/blog\/tragedie-au-travail-il-intervient-sur-un-camion-en-panne-puis-laccident-mortel\/","og_locale":"fr_FR","og_type":"article","og_title":"Trag\u00e9die au travail : il intervient sur un camion en panne. Puis, l'accident mortel. - ACCIDENTDUTRAVAIL-IDF","og_description":"Trag\u00e9die au travail : il intervient sur un camion en panne. Puis, l'accident mortel. article de ACCIDENTDUTRAVAIL-IDF","og_url":"https:\/\/www.accidentdutravail-idf.net\/blog\/tragedie-au-travail-il-intervient-sur-un-camion-en-panne-puis-laccident-mortel\/","og_site_name":"ACCIDENTDUTRAVAIL-IDF","article_published_time":"2025-08-19T11:03:00+00:00","og_image":[{"url":"https:\/\/www.accidentdutravail-idf.net\/blog\/wp-content\/uploads\/2025\/08\/tragedie-au-travail-il-intervient-sur-un-camion-en-panne-puis-laccident-mortel.jpg","type":"","width":"","height":""}],"author":"Carlos Poulain","twitter_card":"summary_large_image","twitter_misc":{"\u00c9crit par":"Carlos Poulain","Dur\u00e9e de lecture estim\u00e9e":"2 minutes"},"schema":{"@context":"https:\/\/schema.org","@graph":[{"@type":"Article","@id":"https:\/\/www.accidentdutravail-idf.net\/blog\/tragedie-au-travail-il-intervient-sur-un-camion-en-panne-puis-laccident-mortel\/#article","isPartOf":{"@id":"https:\/\/www.accidentdutravail-idf.net\/blog\/tragedie-au-travail-il-intervient-sur-un-camion-en-panne-puis-laccident-mortel\/"},"author":{"name":"Carlos Poulain","@id":"https:\/\/www.accidentdutravail-idf.net\/blog\/#\/schema\/person\/3255d2f970de45e64bd9201f38e7b947"},"headline":"Trag\u00e9die au travail : il intervient sur un camion en panne. Puis, l&rsquo;accident mortel.","datePublished":"2025-08-19T11:03:00+00:00","mainEntityOfPage":{"@id":"https:\/\/www.accidentdutravail-idf.net\/blog\/tragedie-au-travail-il-intervient-sur-un-camion-en-panne-puis-laccident-mortel\/"},"wordCount":358,"publisher":{"@id":"https:\/\/www.accidentdutravail-idf.net\/blog\/#organization"},"image":{"@id":"https:\/\/www.accidentdutravail-idf.net\/blog\/tragedie-au-travail-il-intervient-sur-un-camion-en-panne-puis-laccident-mortel\/#primaryimage"},"thumbnailUrl":"https:\/\/www.accidentdutravail-idf.net\/blog\/wp-content\/uploads\/2025\/08\/tragedie-au-travail-il-intervient-sur-un-camion-en-panne-puis-laccident-mortel.jpg","articleSection":["S\u00e9curit\u00e9 Du Travail En Ile-De-France Et Divers:"],"inLanguage":"fr-FR"},{"@type":"WebPage","@id":"https:\/\/www.accidentdutravail-idf.net\/blog\/tragedie-au-travail-il-intervient-sur-un-camion-en-panne-puis-laccident-mortel\/","url":"https:\/\/www.accidentdutravail-idf.net\/blog\/tragedie-au-travail-il-intervient-sur-un-camion-en-panne-puis-laccident-mortel\/","name":"Trag\u00e9die au travail : il intervient sur un camion en panne. Puis, l'accident mortel. - ACCIDENTDUTRAVAIL-IDF","isPartOf":{"@id":"https:\/\/www.accidentdutravail-idf.net\/blog\/#website"},"primaryImageOfPage":{"@id":"https:\/\/www.accidentdutravail-idf.net\/blog\/tragedie-au-travail-il-intervient-sur-un-camion-en-panne-puis-laccident-mortel\/#primaryimage"},"image":{"@id":"https:\/\/www.accidentdutravail-idf.net\/blog\/tragedie-au-travail-il-intervient-sur-un-camion-en-panne-puis-laccident-mortel\/#primaryimage"},"thumbnailUrl":"https:\/\/www.accidentdutravail-idf.net\/blog\/wp-content\/uploads\/2025\/08\/tragedie-au-travail-il-intervient-sur-un-camion-en-panne-puis-laccident-mortel.jpg","datePublished":"2025-08-19T11:03:00+00:00","description":"Trag\u00e9die au travail : il intervient sur un camion en panne. Puis, l'accident mortel. article de ACCIDENTDUTRAVAIL-IDF","breadcrumb":{"@id":"https:\/\/www.accidentdutravail-idf.net\/blog\/tragedie-au-travail-il-intervient-sur-un-camion-en-panne-puis-laccident-mortel\/#breadcrumb"},"inLanguage":"fr-FR","potentialAction":[{"@type":"ReadAction","target":["https:\/\/www.accidentdutravail-idf.net\/blog\/tragedie-au-travail-il-intervient-sur-un-camion-en-panne-puis-laccident-mortel\/"]}]},{"@type":"ImageObject","inLanguage":"fr-FR","@id":"https:\/\/www.accidentdutravail-idf.net\/blog\/tragedie-au-travail-il-intervient-sur-un-camion-en-panne-puis-laccident-mortel\/#primaryimage","url":"https:\/\/www.accidentdutravail-idf.net\/blog\/wp-content\/uploads\/2025\/08\/tragedie-au-travail-il-intervient-sur-un-camion-en-panne-puis-laccident-mortel.jpg","contentUrl":"https:\/\/www.accidentdutravail-idf.net\/blog\/wp-content\/uploads\/2025\/08\/tragedie-au-travail-il-intervient-sur-un-camion-en-panne-puis-laccident-mortel.jpg"},{"@type":"BreadcrumbList","@id":"https:\/\/www.accidentdutravail-idf.net\/blog\/tragedie-au-travail-il-intervient-sur-un-camion-en-panne-puis-laccident-mortel\/#breadcrumb","itemListElement":[{"@type":"ListItem","position":1,"name":"Accueil","item":"https:\/\/www.accidentdutravail-idf.net\/blog\/"},{"@type":"ListItem","position":2,"name":"Trag\u00e9die au travail : il intervient sur un camion en panne. Puis, l&rsquo;accident mortel."}]},{"@type":"WebSite","@id":"https:\/\/www.accidentdutravail-idf.net\/blog\/#website","url":"https:\/\/www.accidentdutravail-idf.net\/blog\/","name":"ACCIDENTDUTRAVAIL-IDF","description":"Portail accidents du travail-maladies professionnelles des entreprises d&#039;Ile-de-France","publisher":{"@id":"https:\/\/www.accidentdutravail-idf.net\/blog\/#organization"},"potentialAction":[{"@type":"SearchAction","target":{"@type":"EntryPoint","urlTemplate":"https:\/\/www.accidentdutravail-idf.net\/blog\/?s={search_term_string}"},"query-input":{"@type":"PropertyValueSpecification","valueRequired":true,"valueName":"search_term_string"}}],"inLanguage":"fr-FR"},{"@type":"Organization","@id":"https:\/\/www.accidentdutravail-idf.net\/blog\/#organization","name":"accidentdutravail-idf","url":"https:\/\/www.accidentdutravail-idf.net\/blog\/","logo":{"@type":"ImageObject","inLanguage":"fr-FR","@id":"https:\/\/www.accidentdutravail-idf.net\/blog\/#\/schema\/logo\/image\/","url":"https:\/\/www.accidentdutravail-idf.net\/blog\/wp-content\/uploads\/2022\/09\/logo-2.png","contentUrl":"https:\/\/www.accidentdutravail-idf.net\/blog\/wp-content\/uploads\/2022\/09\/logo-2.png","width":380,"height":291,"caption":"accidentdutravail-idf"},"image":{"@id":"https:\/\/www.accidentdutravail-idf.net\/blog\/#\/schema\/logo\/image\/"}},{"@type":"Person","@id":"https:\/\/www.accidentdutravail-idf.net\/blog\/#\/schema\/person\/3255d2f970de45e64bd9201f38e7b947","name":"Carlos Poulain","image":{"@type":"ImageObject","inLanguage":"fr-FR","@id":"https:\/\/secure.gravatar.com\/avatar\/b1c2f9d3588e34e91adb093635df64ef4b2381991216be7576466cfcdca4baf3?s=96&d=mm&r=g","url":"https:\/\/secure.gravatar.com\/avatar\/b1c2f9d3588e34e91adb093635df64ef4b2381991216be7576466cfcdca4baf3?s=96&d=mm&r=g","contentUrl":"https:\/\/secure.gravatar.com\/avatar\/b1c2f9d3588e34e91adb093635df64ef4b2381991216be7576466cfcdca4baf3?s=96&d=mm&r=g","caption":"Carlos Poulain"},"url":"https:\/\/www.accidentdutravail-idf.net\/blog\/author\/idfcarlos\/"}]}},"_links":{"self":[{"href":"https:\/\/www.accidentdutravail-idf.net\/blog\/wp-json\/wp\/v2\/posts\/1666","targetHints":{"allow":["GET"]}}],"collection":[{"href":"https:\/\/www.accidentdutravail-idf.net\/blog\/wp-json\/wp\/v2\/posts"}],"about":[{"href":"https:\/\/www.accidentdutravail-idf.net\/blog\/wp-json\/wp\/v2\/types\/post"}],"author":[{"embeddable":true,"href":"https:\/\/www.accidentdutravail-idf.net\/blog\/wp-json\/wp\/v2\/users\/2"}],"replies":[{"embeddable":true,"href":"https:\/\/www.accidentdutravail-idf.net\/blog\/wp-json\/wp\/v2\/comments?post=1666"}],"version-history":[{"count":0,"href":"https:\/\/www.accidentdutravail-idf.net\/blog\/wp-json\/wp\/v2\/posts\/1666\/revisions"}],"wp:attachment":[{"href":"https:\/\/www.accidentdutravail-idf.net\/blog\/wp-json\/wp\/v2\/media?parent=1666"}],"wp:term":[{"taxonomy":"category","embeddable":true,"href":"https:\/\/www.accidentdutravail-idf.net\/blog\/wp-json\/wp\/v2\/categories?post=1666"},{"taxonomy":"post_tag","embeddable":true,"href":"https:\/\/www.accidentdutravail-idf.net\/blog\/wp-json\/wp\/v2\/tags?post=1666"}],"curies":[{"name":"wp","href":"https:\/\/api.w.org\/{rel}","templated":true}]}}