{"id":1664,"date":"2025-08-20T07:00:00","date_gmt":"2025-08-20T05:00:00","guid":{"rendered":"https:\/\/www.accidentdutravail-idf.net\/blog\/les-policiers-lui-confisquent-sa-voiture-deux-fois-dans-la-meme-journee-les-faits-divers-en-haute-loire-en-bref\/"},"modified":"2025-08-20T07:00:00","modified_gmt":"2025-08-20T05:00:00","slug":"les-policiers-lui-confisquent-sa-voiture-deux-fois-dans-la-meme-journee-les-faits-divers-en-haute-loire-en-bref","status":"publish","type":"post","link":"https:\/\/www.accidentdutravail-idf.net\/blog\/les-policiers-lui-confisquent-sa-voiture-deux-fois-dans-la-meme-journee-les-faits-divers-en-haute-loire-en-bref\/","title":{"rendered":"Les policiers lui confisquent sa voiture deux fois dans la m\u00eame journ\u00e9e&#8230; Les faits divers en Haute-Loire en bref"},"content":{"rendered":"<h3 class=\"typo-h3\">Saint-Jean-Lachalm : un ouvrier se blesse sur une \u00e9olienne<\/h3>\n<p class=\"typo-p1\">Un accident du travail a eu lieu lundi vers 14\u2009h\u200940 sur une des \u00e9oliennes de Saint-Jean-Lachalm. Un ouvrier de l\u2019entreprise Enercon a \u00e9t\u00e9 bless\u00e9 \u00e0 la t\u00eate. En haut d\u2019une \u00e9olienne, \u00e9quip\u00e9 d\u2019une longe pour descendre avec un treuil une armoire \u00e9lectrique, cette derni\u00e8re l\u2019a heurt\u00e9 \u00e0 la t\u00eate, lui faisant une plaie de 5 ou 6&nbsp;cm. Il a \u00e9t\u00e9 transport\u00e9 par les pompiers aux urgences de l\u2019h\u00f4pital du Puy-en-Velay. L\u2019inspection du travail a \u00e9t\u00e9 avis\u00e9e et les gendarmes sont \u00e9galement venus sur place.&nbsp;<\/p>\n<h3 class=\"typo-h3\">Landos : sortie de route sur l\u2019aire de repos de la RN 88<\/h3>\n<p class=\"typo-p1\">Un jeune conducteur \u00e2g\u00e9 de 18&nbsp;ans a fait une sortie de route \u00e0 Landos lundi vers 17\u2009h\u200910. L\u2019accident a eu lieu juste avant La Sauvetat, alors qu\u2019il circulait sur la RN 88, au niveau d\u2019une aire de repos. Il a heurt\u00e9 un panneau de c\u00e9dez-le-passage. Il aurait fait un malaise au volant. Le jeune homme n\u2019\u00e9tait pas bless\u00e9 mais il a \u00e9t\u00e9 transport\u00e9 \u00e0 l\u2019h\u00f4pital du Puy par les pompiers pour des v\u00e9rifications.&nbsp;<\/p>\n<h3 class=\"typo-h3\">Le Puy-en-Velay : interpell\u00e9 deux fois dans la m\u00eame journ\u00e9e<\/h3>\n<p class=\"typo-p1\">Un jeune \u00e2g\u00e9 de 18&nbsp;ans et domicili\u00e9 au Chambon-Feugerolles (Loire) a \u00e9t\u00e9 interpell\u00e9 \u00e0 deux reprises au cours de la m\u00eame journ\u00e9e du dimanche 17&nbsp;ao\u00fbt, au Puy-en-Velay. Une premi\u00e8re fois t\u00f4t le matin, \u00e0 6\u2009h\u200920, les policiers le contr\u00f4lent place de la Lib\u00e9ration au volant d\u2019une Peugeot 308. Si son alcool\u00e9mie est n\u00e9gative, le test des stup\u00e9fiants est positif au cannabis et \u00e0 la coca\u00efne. Le jeune conducteur se voit donc immobiliser son v\u00e9hicule et son permis lui est retir\u00e9. Mais le d\u00e9pistage positif aux stup\u00e9fiants ne permettant pas de le placer en garde \u00e0 vue, il est remis en libert\u00e9. Le m\u00eame jour, \u00e0 20\u2009h\u200945, les policiers remarquent \u00e0 nouveau la voiture circulant cette fois boulevard du Breuil. Alors qu\u2019il n\u2019a plus de permis, le jeune homme s\u2019\u00e9tait remis au volant de l\u2019auto r\u00e9cup\u00e9r\u00e9e plus t\u00f4t par un proche. \u00c9videmment, il \u00e9tait encore positif aux stup\u00e9fiants. Sa voiture a de nouveau \u00e9t\u00e9 immobilis\u00e9e. Il sera reconvoqu\u00e9 fin ao\u00fbt au commissariat pour se voir notifier la r\u00e9ponse p\u00e9nale et dans l\u2019attente des r\u00e9sultats d\u00e9finitifs des pr\u00e9l\u00e8vements r\u00e9alis\u00e9s.&nbsp;<\/p>\n<h3 class=\"typo-h3\">Saint-Just-pr\u00e8s-Brioude : sortie de route d\u2019une motocycliste<\/h3>\n<p class=\"typo-p1\">Vendredi 15&nbsp;ao\u00fbt, \u00e0 15&nbsp;heures, un automobiliste qui circulait sur la RD 52, entre le lieu-dit Ladignat et le terrain de foot de la commune de Saint-Just-pr\u00e8s-Brioude, a \u00e9t\u00e9 le t\u00e9moin de la sortie de route d\u2019une motocycliste. L\u2019homme a fait demi-tour et a d\u00e9couvert la conductrice du deux-roues, mineure, dans le foss\u00e9. Bless\u00e9e, elle a \u00e9t\u00e9 transport\u00e9e \u00e0 l\u2019h\u00f4pital de Brioude par les pompiers pour des examens compl\u00e9mentaires.&nbsp;<\/p>\n<h3 class=\"typo-h3\">Aurec-sur-Loire : le motard sans permis et en short chute<\/h3>\n<p class=\"typo-p1\">Un motard qui circulait samedi 16&nbsp;ao\u00fbt au guidon d\u2019une Suzuki a chut\u00e9 seul rue des Ollagni\u00e8res \u00e0 Aurec-sur-Loire en tout d\u00e9but d\u2019apr\u00e8s-midi. L\u2019homme, \u00e2g\u00e9 de 30&nbsp;ans, qui roulait sans permis de conduire suite \u00e0 sa suspension, a perdu le contr\u00f4le de sa moto dans un virage en raison, selon les premiers \u00e9l\u00e9ments, d\u2019une vitesse excessive et d\u2019un pneumatique arri\u00e8re lisse. Il circulait en short et tee-shirt. \u00c0 l\u2019arriv\u00e9e des secours, il se plaignait de douleurs \u00e0 la cheville ainsi que de br\u00fblures sur un bras et une jambe. Il a \u00e9t\u00e9 transport\u00e9 \u00e0 l\u2019h\u00f4pital de Firminy.<\/p>\n<p>accidentdutravail-idf.net vous a pr\u00e9par\u00e9 ce post qui informe du sujet \u00ab\u00a0Association Sportive Huisson-Longueville Essonne\u00a0\u00bb. La chronique se veut g\u00e9n\u00e9r\u00e9e du mieux possible. Vous pouvez utiliser les coordonn\u00e9es indiqu\u00e9es sur le site dans le but d\u2019apporter des explications sur ce post qui parle du th\u00e8me \u00ab\u00a0Association Sportive Huisson-Longueville Essonne\u00a0\u00bb. Le site accidentdutravail-idf.net a pour but de fournir diverses publications sur la th\u00e9matique Association Sportive Huisson-Longueville Essonne diffus\u00e9es sur le net. Il y aura plusieurs articles autour du sujet \u00ab\u00a0Association Sportive Huisson-Longueville Essonne\u00a0\u00bb dans quelques jours, nous vous invitons \u00e0 naviguer sur notre site web \u00e0 plusieurs reprises.<\/p>\n","protected":false},"excerpt":{"rendered":"<p>Saint-Jean-Lachalm : un ouvrier se blesse sur une \u00e9olienne Un accident du travail a eu lieu lundi vers 14\u2009h\u200940 sur une des \u00e9oliennes de Saint-Jean-Lachalm. Un ouvrier de l\u2019entreprise Enercon a \u00e9t\u00e9 bless\u00e9 \u00e0 la t\u00eate. En haut d\u2019une \u00e9olienne, \u00e9quip\u00e9 d\u2019une longe pour descendre avec un treuil une armoire \u00e9lectrique, cette derni\u00e8re l\u2019a heurt\u00e9 &hellip; <\/p>\n<p class=\"link-more\"><a href=\"https:\/\/www.accidentdutravail-idf.net\/blog\/les-policiers-lui-confisquent-sa-voiture-deux-fois-dans-la-meme-journee-les-faits-divers-en-haute-loire-en-bref\/\" class=\"more-link\">Continuer la lecture <span class=\"screen-reader-text\"> \u00ab\u00a0Les policiers lui confisquent sa voiture deux fois dans la m\u00eame journ\u00e9e&#8230; Les faits divers en Haute-Loire en bref\u00a0\u00bb<\/span><\/a><\/p>\n","protected":false},"author":2,"featured_media":0,"comment_status":"closed","ping_status":"closed","sticky":false,"template":"","format":"standard","meta":{"footnotes":""},"categories":[5],"tags":[],"class_list":["post-1664","post","type-post","status-publish","format-standard","hentry","category-securite-du-travail-en-ile-de-france-et-divers","entry"],"yoast_head":"<!-- This site is optimized with the Yoast SEO plugin v27.5 - https:\/\/yoast.com\/product\/yoast-seo-wordpress\/ -->\n<title>Les policiers lui confisquent sa voiture deux fois dans la m\u00eame journ\u00e9e... Les faits divers en Haute-Loire en bref - ACCIDENTDUTRAVAIL-IDF<\/title>\n<meta name=\"description\" content=\"Les policiers lui confisquent sa voiture deux fois dans la m\u00eame journ\u00e9e... Les faits divers en Haute-Loire en bref article de ACCIDENTDUTRAVAIL-IDF\" \/>\n<meta name=\"robots\" content=\"index, follow, max-snippet:-1, max-image-preview:large, max-video-preview:-1\" \/>\n<link rel=\"canonical\" href=\"https:\/\/www.accidentdutravail-idf.net\/blog\/les-policiers-lui-confisquent-sa-voiture-deux-fois-dans-la-meme-journee-les-faits-divers-en-haute-loire-en-bref\/\" \/>\n<meta property=\"og:locale\" content=\"fr_FR\" \/>\n<meta property=\"og:type\" content=\"article\" \/>\n<meta property=\"og:title\" content=\"Les policiers lui confisquent sa voiture deux fois dans la m\u00eame journ\u00e9e... Les faits divers en Haute-Loire en bref - ACCIDENTDUTRAVAIL-IDF\" \/>\n<meta property=\"og:description\" content=\"Les policiers lui confisquent sa voiture deux fois dans la m\u00eame journ\u00e9e... Les faits divers en Haute-Loire en bref article de ACCIDENTDUTRAVAIL-IDF\" \/>\n<meta property=\"og:url\" content=\"https:\/\/www.accidentdutravail-idf.net\/blog\/les-policiers-lui-confisquent-sa-voiture-deux-fois-dans-la-meme-journee-les-faits-divers-en-haute-loire-en-bref\/\" \/>\n<meta property=\"og:site_name\" content=\"ACCIDENTDUTRAVAIL-IDF\" \/>\n<meta property=\"article:published_time\" content=\"2025-08-20T05:00:00+00:00\" \/>\n<meta name=\"author\" content=\"Carlos Poulain\" \/>\n<meta name=\"twitter:card\" content=\"summary_large_image\" \/>\n<meta name=\"twitter:label1\" content=\"\u00c9crit par\" \/>\n\t<meta name=\"twitter:data1\" content=\"Carlos Poulain\" \/>\n\t<meta name=\"twitter:label2\" content=\"Dur\u00e9e de lecture estim\u00e9e\" \/>\n\t<meta name=\"twitter:data2\" content=\"4 minutes\" \/>\n<script type=\"application\/ld+json\" class=\"yoast-schema-graph\">{\"@context\":\"https:\\\/\\\/schema.org\",\"@graph\":[{\"@type\":\"Article\",\"@id\":\"https:\\\/\\\/www.accidentdutravail-idf.net\\\/blog\\\/les-policiers-lui-confisquent-sa-voiture-deux-fois-dans-la-meme-journee-les-faits-divers-en-haute-loire-en-bref\\\/#article\",\"isPartOf\":{\"@id\":\"https:\\\/\\\/www.accidentdutravail-idf.net\\\/blog\\\/les-policiers-lui-confisquent-sa-voiture-deux-fois-dans-la-meme-journee-les-faits-divers-en-haute-loire-en-bref\\\/\"},\"author\":{\"name\":\"Carlos Poulain\",\"@id\":\"https:\\\/\\\/www.accidentdutravail-idf.net\\\/blog\\\/#\\\/schema\\\/person\\\/3255d2f970de45e64bd9201f38e7b947\"},\"headline\":\"Les policiers lui confisquent sa voiture deux fois dans la m\u00eame journ\u00e9e&#8230; Les faits divers en Haute-Loire en bref\",\"datePublished\":\"2025-08-20T05:00:00+00:00\",\"mainEntityOfPage\":{\"@id\":\"https:\\\/\\\/www.accidentdutravail-idf.net\\\/blog\\\/les-policiers-lui-confisquent-sa-voiture-deux-fois-dans-la-meme-journee-les-faits-divers-en-haute-loire-en-bref\\\/\"},\"wordCount\":747,\"publisher\":{\"@id\":\"https:\\\/\\\/www.accidentdutravail-idf.net\\\/blog\\\/#organization\"},\"articleSection\":[\"S\u00e9curit\u00e9 Du Travail En Ile-De-France Et Divers:\"],\"inLanguage\":\"fr-FR\"},{\"@type\":\"WebPage\",\"@id\":\"https:\\\/\\\/www.accidentdutravail-idf.net\\\/blog\\\/les-policiers-lui-confisquent-sa-voiture-deux-fois-dans-la-meme-journee-les-faits-divers-en-haute-loire-en-bref\\\/\",\"url\":\"https:\\\/\\\/www.accidentdutravail-idf.net\\\/blog\\\/les-policiers-lui-confisquent-sa-voiture-deux-fois-dans-la-meme-journee-les-faits-divers-en-haute-loire-en-bref\\\/\",\"name\":\"Les policiers lui confisquent sa voiture deux fois dans la m\u00eame journ\u00e9e... Les faits divers en Haute-Loire en bref - ACCIDENTDUTRAVAIL-IDF\",\"isPartOf\":{\"@id\":\"https:\\\/\\\/www.accidentdutravail-idf.net\\\/blog\\\/#website\"},\"datePublished\":\"2025-08-20T05:00:00+00:00\",\"description\":\"Les policiers lui confisquent sa voiture deux fois dans la m\u00eame journ\u00e9e... Les faits divers en Haute-Loire en bref article de ACCIDENTDUTRAVAIL-IDF\",\"breadcrumb\":{\"@id\":\"https:\\\/\\\/www.accidentdutravail-idf.net\\\/blog\\\/les-policiers-lui-confisquent-sa-voiture-deux-fois-dans-la-meme-journee-les-faits-divers-en-haute-loire-en-bref\\\/#breadcrumb\"},\"inLanguage\":\"fr-FR\",\"potentialAction\":[{\"@type\":\"ReadAction\",\"target\":[\"https:\\\/\\\/www.accidentdutravail-idf.net\\\/blog\\\/les-policiers-lui-confisquent-sa-voiture-deux-fois-dans-la-meme-journee-les-faits-divers-en-haute-loire-en-bref\\\/\"]}]},{\"@type\":\"BreadcrumbList\",\"@id\":\"https:\\\/\\\/www.accidentdutravail-idf.net\\\/blog\\\/les-policiers-lui-confisquent-sa-voiture-deux-fois-dans-la-meme-journee-les-faits-divers-en-haute-loire-en-bref\\\/#breadcrumb\",\"itemListElement\":[{\"@type\":\"ListItem\",\"position\":1,\"name\":\"Accueil\",\"item\":\"https:\\\/\\\/www.accidentdutravail-idf.net\\\/blog\\\/\"},{\"@type\":\"ListItem\",\"position\":2,\"name\":\"Les policiers lui confisquent sa voiture deux fois dans la m\u00eame journ\u00e9e&#8230; Les faits divers en Haute-Loire en bref\"}]},{\"@type\":\"WebSite\",\"@id\":\"https:\\\/\\\/www.accidentdutravail-idf.net\\\/blog\\\/#website\",\"url\":\"https:\\\/\\\/www.accidentdutravail-idf.net\\\/blog\\\/\",\"name\":\"ACCIDENTDUTRAVAIL-IDF\",\"description\":\"Portail accidents du travail-maladies professionnelles des entreprises d&#039;Ile-de-France\",\"publisher\":{\"@id\":\"https:\\\/\\\/www.accidentdutravail-idf.net\\\/blog\\\/#organization\"},\"potentialAction\":[{\"@type\":\"SearchAction\",\"target\":{\"@type\":\"EntryPoint\",\"urlTemplate\":\"https:\\\/\\\/www.accidentdutravail-idf.net\\\/blog\\\/?s={search_term_string}\"},\"query-input\":{\"@type\":\"PropertyValueSpecification\",\"valueRequired\":true,\"valueName\":\"search_term_string\"}}],\"inLanguage\":\"fr-FR\"},{\"@type\":\"Organization\",\"@id\":\"https:\\\/\\\/www.accidentdutravail-idf.net\\\/blog\\\/#organization\",\"name\":\"accidentdutravail-idf\",\"url\":\"https:\\\/\\\/www.accidentdutravail-idf.net\\\/blog\\\/\",\"logo\":{\"@type\":\"ImageObject\",\"inLanguage\":\"fr-FR\",\"@id\":\"https:\\\/\\\/www.accidentdutravail-idf.net\\\/blog\\\/#\\\/schema\\\/logo\\\/image\\\/\",\"url\":\"https:\\\/\\\/www.accidentdutravail-idf.net\\\/blog\\\/wp-content\\\/uploads\\\/2022\\\/09\\\/logo-2.png\",\"contentUrl\":\"https:\\\/\\\/www.accidentdutravail-idf.net\\\/blog\\\/wp-content\\\/uploads\\\/2022\\\/09\\\/logo-2.png\",\"width\":380,\"height\":291,\"caption\":\"accidentdutravail-idf\"},\"image\":{\"@id\":\"https:\\\/\\\/www.accidentdutravail-idf.net\\\/blog\\\/#\\\/schema\\\/logo\\\/image\\\/\"}},{\"@type\":\"Person\",\"@id\":\"https:\\\/\\\/www.accidentdutravail-idf.net\\\/blog\\\/#\\\/schema\\\/person\\\/3255d2f970de45e64bd9201f38e7b947\",\"name\":\"Carlos Poulain\",\"image\":{\"@type\":\"ImageObject\",\"inLanguage\":\"fr-FR\",\"@id\":\"https:\\\/\\\/secure.gravatar.com\\\/avatar\\\/b1c2f9d3588e34e91adb093635df64ef4b2381991216be7576466cfcdca4baf3?s=96&d=mm&r=g\",\"url\":\"https:\\\/\\\/secure.gravatar.com\\\/avatar\\\/b1c2f9d3588e34e91adb093635df64ef4b2381991216be7576466cfcdca4baf3?s=96&d=mm&r=g\",\"contentUrl\":\"https:\\\/\\\/secure.gravatar.com\\\/avatar\\\/b1c2f9d3588e34e91adb093635df64ef4b2381991216be7576466cfcdca4baf3?s=96&d=mm&r=g\",\"caption\":\"Carlos Poulain\"},\"url\":\"https:\\\/\\\/www.accidentdutravail-idf.net\\\/blog\\\/author\\\/idfcarlos\\\/\"}]}<\/script>\n<!-- \/ Yoast SEO plugin. -->","yoast_head_json":{"title":"Les policiers lui confisquent sa voiture deux fois dans la m\u00eame journ\u00e9e... Les faits divers en Haute-Loire en bref - ACCIDENTDUTRAVAIL-IDF","description":"Les policiers lui confisquent sa voiture deux fois dans la m\u00eame journ\u00e9e... Les faits divers en Haute-Loire en bref article de ACCIDENTDUTRAVAIL-IDF","robots":{"index":"index","follow":"follow","max-snippet":"max-snippet:-1","max-image-preview":"max-image-preview:large","max-video-preview":"max-video-preview:-1"},"canonical":"https:\/\/www.accidentdutravail-idf.net\/blog\/les-policiers-lui-confisquent-sa-voiture-deux-fois-dans-la-meme-journee-les-faits-divers-en-haute-loire-en-bref\/","og_locale":"fr_FR","og_type":"article","og_title":"Les policiers lui confisquent sa voiture deux fois dans la m\u00eame journ\u00e9e... Les faits divers en Haute-Loire en bref - ACCIDENTDUTRAVAIL-IDF","og_description":"Les policiers lui confisquent sa voiture deux fois dans la m\u00eame journ\u00e9e... Les faits divers en Haute-Loire en bref article de ACCIDENTDUTRAVAIL-IDF","og_url":"https:\/\/www.accidentdutravail-idf.net\/blog\/les-policiers-lui-confisquent-sa-voiture-deux-fois-dans-la-meme-journee-les-faits-divers-en-haute-loire-en-bref\/","og_site_name":"ACCIDENTDUTRAVAIL-IDF","article_published_time":"2025-08-20T05:00:00+00:00","author":"Carlos Poulain","twitter_card":"summary_large_image","twitter_misc":{"\u00c9crit par":"Carlos Poulain","Dur\u00e9e de lecture estim\u00e9e":"4 minutes"},"schema":{"@context":"https:\/\/schema.org","@graph":[{"@type":"Article","@id":"https:\/\/www.accidentdutravail-idf.net\/blog\/les-policiers-lui-confisquent-sa-voiture-deux-fois-dans-la-meme-journee-les-faits-divers-en-haute-loire-en-bref\/#article","isPartOf":{"@id":"https:\/\/www.accidentdutravail-idf.net\/blog\/les-policiers-lui-confisquent-sa-voiture-deux-fois-dans-la-meme-journee-les-faits-divers-en-haute-loire-en-bref\/"},"author":{"name":"Carlos Poulain","@id":"https:\/\/www.accidentdutravail-idf.net\/blog\/#\/schema\/person\/3255d2f970de45e64bd9201f38e7b947"},"headline":"Les policiers lui confisquent sa voiture deux fois dans la m\u00eame journ\u00e9e&#8230; Les faits divers en Haute-Loire en bref","datePublished":"2025-08-20T05:00:00+00:00","mainEntityOfPage":{"@id":"https:\/\/www.accidentdutravail-idf.net\/blog\/les-policiers-lui-confisquent-sa-voiture-deux-fois-dans-la-meme-journee-les-faits-divers-en-haute-loire-en-bref\/"},"wordCount":747,"publisher":{"@id":"https:\/\/www.accidentdutravail-idf.net\/blog\/#organization"},"articleSection":["S\u00e9curit\u00e9 Du Travail En Ile-De-France Et Divers:"],"inLanguage":"fr-FR"},{"@type":"WebPage","@id":"https:\/\/www.accidentdutravail-idf.net\/blog\/les-policiers-lui-confisquent-sa-voiture-deux-fois-dans-la-meme-journee-les-faits-divers-en-haute-loire-en-bref\/","url":"https:\/\/www.accidentdutravail-idf.net\/blog\/les-policiers-lui-confisquent-sa-voiture-deux-fois-dans-la-meme-journee-les-faits-divers-en-haute-loire-en-bref\/","name":"Les policiers lui confisquent sa voiture deux fois dans la m\u00eame journ\u00e9e... Les faits divers en Haute-Loire en bref - ACCIDENTDUTRAVAIL-IDF","isPartOf":{"@id":"https:\/\/www.accidentdutravail-idf.net\/blog\/#website"},"datePublished":"2025-08-20T05:00:00+00:00","description":"Les policiers lui confisquent sa voiture deux fois dans la m\u00eame journ\u00e9e... Les faits divers en Haute-Loire en bref article de ACCIDENTDUTRAVAIL-IDF","breadcrumb":{"@id":"https:\/\/www.accidentdutravail-idf.net\/blog\/les-policiers-lui-confisquent-sa-voiture-deux-fois-dans-la-meme-journee-les-faits-divers-en-haute-loire-en-bref\/#breadcrumb"},"inLanguage":"fr-FR","potentialAction":[{"@type":"ReadAction","target":["https:\/\/www.accidentdutravail-idf.net\/blog\/les-policiers-lui-confisquent-sa-voiture-deux-fois-dans-la-meme-journee-les-faits-divers-en-haute-loire-en-bref\/"]}]},{"@type":"BreadcrumbList","@id":"https:\/\/www.accidentdutravail-idf.net\/blog\/les-policiers-lui-confisquent-sa-voiture-deux-fois-dans-la-meme-journee-les-faits-divers-en-haute-loire-en-bref\/#breadcrumb","itemListElement":[{"@type":"ListItem","position":1,"name":"Accueil","item":"https:\/\/www.accidentdutravail-idf.net\/blog\/"},{"@type":"ListItem","position":2,"name":"Les policiers lui confisquent sa voiture deux fois dans la m\u00eame journ\u00e9e&#8230; Les faits divers en Haute-Loire en bref"}]},{"@type":"WebSite","@id":"https:\/\/www.accidentdutravail-idf.net\/blog\/#website","url":"https:\/\/www.accidentdutravail-idf.net\/blog\/","name":"ACCIDENTDUTRAVAIL-IDF","description":"Portail accidents du travail-maladies professionnelles des entreprises d&#039;Ile-de-France","publisher":{"@id":"https:\/\/www.accidentdutravail-idf.net\/blog\/#organization"},"potentialAction":[{"@type":"SearchAction","target":{"@type":"EntryPoint","urlTemplate":"https:\/\/www.accidentdutravail-idf.net\/blog\/?s={search_term_string}"},"query-input":{"@type":"PropertyValueSpecification","valueRequired":true,"valueName":"search_term_string"}}],"inLanguage":"fr-FR"},{"@type":"Organization","@id":"https:\/\/www.accidentdutravail-idf.net\/blog\/#organization","name":"accidentdutravail-idf","url":"https:\/\/www.accidentdutravail-idf.net\/blog\/","logo":{"@type":"ImageObject","inLanguage":"fr-FR","@id":"https:\/\/www.accidentdutravail-idf.net\/blog\/#\/schema\/logo\/image\/","url":"https:\/\/www.accidentdutravail-idf.net\/blog\/wp-content\/uploads\/2022\/09\/logo-2.png","contentUrl":"https:\/\/www.accidentdutravail-idf.net\/blog\/wp-content\/uploads\/2022\/09\/logo-2.png","width":380,"height":291,"caption":"accidentdutravail-idf"},"image":{"@id":"https:\/\/www.accidentdutravail-idf.net\/blog\/#\/schema\/logo\/image\/"}},{"@type":"Person","@id":"https:\/\/www.accidentdutravail-idf.net\/blog\/#\/schema\/person\/3255d2f970de45e64bd9201f38e7b947","name":"Carlos Poulain","image":{"@type":"ImageObject","inLanguage":"fr-FR","@id":"https:\/\/secure.gravatar.com\/avatar\/b1c2f9d3588e34e91adb093635df64ef4b2381991216be7576466cfcdca4baf3?s=96&d=mm&r=g","url":"https:\/\/secure.gravatar.com\/avatar\/b1c2f9d3588e34e91adb093635df64ef4b2381991216be7576466cfcdca4baf3?s=96&d=mm&r=g","contentUrl":"https:\/\/secure.gravatar.com\/avatar\/b1c2f9d3588e34e91adb093635df64ef4b2381991216be7576466cfcdca4baf3?s=96&d=mm&r=g","caption":"Carlos Poulain"},"url":"https:\/\/www.accidentdutravail-idf.net\/blog\/author\/idfcarlos\/"}]}},"_links":{"self":[{"href":"https:\/\/www.accidentdutravail-idf.net\/blog\/wp-json\/wp\/v2\/posts\/1664","targetHints":{"allow":["GET"]}}],"collection":[{"href":"https:\/\/www.accidentdutravail-idf.net\/blog\/wp-json\/wp\/v2\/posts"}],"about":[{"href":"https:\/\/www.accidentdutravail-idf.net\/blog\/wp-json\/wp\/v2\/types\/post"}],"author":[{"embeddable":true,"href":"https:\/\/www.accidentdutravail-idf.net\/blog\/wp-json\/wp\/v2\/users\/2"}],"replies":[{"embeddable":true,"href":"https:\/\/www.accidentdutravail-idf.net\/blog\/wp-json\/wp\/v2\/comments?post=1664"}],"version-history":[{"count":0,"href":"https:\/\/www.accidentdutravail-idf.net\/blog\/wp-json\/wp\/v2\/posts\/1664\/revisions"}],"wp:attachment":[{"href":"https:\/\/www.accidentdutravail-idf.net\/blog\/wp-json\/wp\/v2\/media?parent=1664"}],"wp:term":[{"taxonomy":"category","embeddable":true,"href":"https:\/\/www.accidentdutravail-idf.net\/blog\/wp-json\/wp\/v2\/categories?post=1664"},{"taxonomy":"post_tag","embeddable":true,"href":"https:\/\/www.accidentdutravail-idf.net\/blog\/wp-json\/wp\/v2\/tags?post=1664"}],"curies":[{"name":"wp","href":"https:\/\/api.w.org\/{rel}","templated":true}]}}