{"id":166,"date":"2022-08-16T18:01:27","date_gmt":"2022-08-16T17:01:27","guid":{"rendered":"https:\/\/www.site.cdcl.xyz\/2022\/08\/16\/gauche-france-un-veritable-chef-detat-fhollande-nupes-gauche-gauchehollande\/"},"modified":"2022-08-16T18:01:27","modified_gmt":"2022-08-16T17:01:27","slug":"gauche-france-un-veritable-chef-detat-fhollande-nupes-gauche-gauchehollande","status":"publish","type":"post","link":"https:\/\/www.accidentdutravail-idf.net\/blog\/gauche-france-un-veritable-chef-detat-fhollande-nupes-gauche-gauchehollande\/","title":{"rendered":"Gauche France: Un v\u00e9ritable chef d\u2019\u00c9tat @fhollande \u2026 #nupes #gauche @GaucheHollande"},"content":{"rendered":"<p>En visitant Twitter nos r\u00e9dacteurs ont d\u00e9couvert un tweet de quelques mots qui risque de vous s\u00e9duire.<\/p>\n<p>L\u2019abonn\u00e9 twitter est annonc\u00e9 sous la signature Merci Hollande \ud83c\uddeb\ud83c\uddf7. Il<br \/>est connu avec le speudo @GaucheHollande.<\/p>\n<p>Nous vous rappelons sa description:<br \/>:Merci \u00e0 @fhollande, v\u00e9ritable Homme d\u2019\u00c9tat pour son action en tant que Pr\u00e9sident. A jamais dans l\u2019Histoire ! #MerciHollande<\/p>\n<p>Voil\u00e0 pareillement le lien de sa page:<br \/>https:\/\/twitter.com\/intent\/user?user_id=4048453983<\/p>\n<p>La date et l\u2019heure de parution est 2022-08-16 19:01:27.<\/p>\n<p>L\u2019article source : <\/p>\n<p>Un v\u00e9ritable chef d\u2019\u00c9tat @fhollande \ud83c\uddeb\ud83c\uddf7 <a rel=\"nofollow noopener\" target=\"_blank\" href=\"https:\/\/t.co\/ac2z6oDT3v\">https:\/\/t.co\/ac2z6oDT3v<\/a><\/p>\n<p>Ce tweet a \u00e9t\u00e9 lik\u00e9 11 fois et a \u00e9t\u00e9 retwett\u00e9 5 fois.<\/p>\n<p>Pour finir voil\u00e0 les hashtags enregistr\u00e9s dans le tweet: #v\u00e9ritable #chef #d\u00c9tat #fhollande <\/p>\n<p>Lecture:<\/p>\n<p>Mis\u00e8re de la philosophie\/Pr\u00e9face.,<a href=\"https:\/\/fr.wikisource.org\/wiki\/Mis%C3%A8re_de_la_philosophie\/Pr%C3%A9face\" target=\"_blank\" rel=\"noopener noreferrer nofollow\">Pr\u00e9sentation de l\u2019ouvrage<\/a><span><\/span>.<\/p>\n<p>Le Socialisme et les socialistes en Province.,<a href=\"https:\/\/fr.wikisource.org\/wiki\/Le_Socialisme_et_les_socialistes_en_Province\" target=\"_blank\" rel=\"noopener noreferrer nofollow\">sur ce lien la fiche de pr\u00e9sentation<\/a><span><\/span>. A emprunter en biblioth\u00e8que.<\/p>\n<p>Bulletin communiste\/1927.,<a href=\"https:\/\/fr.wikisource.org\/wiki\/Bulletin_communiste\/1927\" target=\"_blank\" rel=\"noopener noreferrer nofollow\">R\u00e9f\u00e9rences de l\u2019ouvrage<\/a><span><\/span>.<\/p>\n","protected":false},"excerpt":{"rendered":"<p>En visitant Twitter nos r\u00e9dacteurs ont d\u00e9couvert un tweet de quelques mots qui risque de vous s\u00e9duire. L\u2019abonn\u00e9 twitter est annonc\u00e9 sous la signature Merci Hollande \ud83c\uddeb\ud83c\uddf7. Ilest connu avec le speudo @GaucheHollande. Nous vous rappelons sa description::Merci \u00e0 @fhollande, v\u00e9ritable Homme d\u2019\u00c9tat pour son action en tant que Pr\u00e9sident. A jamais dans l\u2019Histoire ! &hellip; <\/p>\n<p class=\"link-more\"><a href=\"https:\/\/www.accidentdutravail-idf.net\/blog\/gauche-france-un-veritable-chef-detat-fhollande-nupes-gauche-gauchehollande\/\" class=\"more-link\">Continuer la lecture <span class=\"screen-reader-text\"> \u00ab\u00a0Gauche France: Un v\u00e9ritable chef d\u2019\u00c9tat @fhollande \u2026 #nupes #gauche @GaucheHollande\u00a0\u00bb<\/span><\/a><\/p>\n","protected":false},"author":3,"featured_media":167,"comment_status":"closed","ping_status":"closed","sticky":false,"template":"","format":"standard","meta":{"footnotes":""},"categories":[3],"tags":[],"class_list":["post-166","post","type-post","status-publish","format-standard","has-post-thumbnail","hentry","category-securite-du-travail-en-ile-de-france-communiques","entry"],"yoast_head":"<!-- This site is optimized with the Yoast SEO plugin v27.5 - https:\/\/yoast.com\/product\/yoast-seo-wordpress\/ -->\n<title>Gauche France: Un v\u00e9ritable chef d\u2019\u00c9tat @fhollande \u2026 #nupes #gauche @GaucheHollande - ACCIDENTDUTRAVAIL-IDF<\/title>\n<meta name=\"description\" content=\"Gauche France: Un v\u00e9ritable chef d\u2019\u00c9tat @fhollande \u2026 #nupes #gauche @GaucheHollande article de ACCIDENTDUTRAVAIL-IDF\" \/>\n<meta name=\"robots\" content=\"index, follow, max-snippet:-1, max-image-preview:large, max-video-preview:-1\" \/>\n<link rel=\"canonical\" href=\"https:\/\/www.accidentdutravail-idf.net\/blog\/gauche-france-un-veritable-chef-detat-fhollande-nupes-gauche-gauchehollande\/\" \/>\n<meta property=\"og:locale\" content=\"fr_FR\" \/>\n<meta property=\"og:type\" content=\"article\" \/>\n<meta property=\"og:title\" content=\"Gauche France: Un v\u00e9ritable chef d\u2019\u00c9tat @fhollande \u2026 #nupes #gauche @GaucheHollande - ACCIDENTDUTRAVAIL-IDF\" \/>\n<meta property=\"og:description\" content=\"Gauche France: Un v\u00e9ritable chef d\u2019\u00c9tat @fhollande \u2026 #nupes #gauche @GaucheHollande article de ACCIDENTDUTRAVAIL-IDF\" \/>\n<meta property=\"og:url\" content=\"https:\/\/www.accidentdutravail-idf.net\/blog\/gauche-france-un-veritable-chef-detat-fhollande-nupes-gauche-gauchehollande\/\" \/>\n<meta property=\"og:site_name\" content=\"ACCIDENTDUTRAVAIL-IDF\" \/>\n<meta property=\"article:published_time\" content=\"2022-08-16T17:01:27+00:00\" \/>\n<meta name=\"author\" content=\"Roxane BARLER\" \/>\n<meta name=\"twitter:card\" content=\"summary_large_image\" \/>\n<meta name=\"twitter:label1\" content=\"\u00c9crit par\" \/>\n\t<meta name=\"twitter:data1\" content=\"Roxane BARLER\" \/>\n\t<meta name=\"twitter:label2\" content=\"Dur\u00e9e de lecture estim\u00e9e\" \/>\n\t<meta name=\"twitter:data2\" content=\"1 minute\" \/>\n<script type=\"application\/ld+json\" class=\"yoast-schema-graph\">{\"@context\":\"https:\\\/\\\/schema.org\",\"@graph\":[{\"@type\":\"Article\",\"@id\":\"https:\\\/\\\/www.accidentdutravail-idf.net\\\/blog\\\/gauche-france-un-veritable-chef-detat-fhollande-nupes-gauche-gauchehollande\\\/#article\",\"isPartOf\":{\"@id\":\"https:\\\/\\\/www.accidentdutravail-idf.net\\\/blog\\\/gauche-france-un-veritable-chef-detat-fhollande-nupes-gauche-gauchehollande\\\/\"},\"author\":{\"name\":\"Roxane BARLER\",\"@id\":\"https:\\\/\\\/www.accidentdutravail-idf.net\\\/blog\\\/#\\\/schema\\\/person\\\/73aa09ba2db8f06bf1debf3a872bd6f9\"},\"headline\":\"Gauche France: Un v\u00e9ritable chef d\u2019\u00c9tat @fhollande \u2026 #nupes #gauche @GaucheHollande\",\"datePublished\":\"2022-08-16T17:01:27+00:00\",\"mainEntityOfPage\":{\"@id\":\"https:\\\/\\\/www.accidentdutravail-idf.net\\\/blog\\\/gauche-france-un-veritable-chef-detat-fhollande-nupes-gauche-gauchehollande\\\/\"},\"wordCount\":183,\"publisher\":{\"@id\":\"https:\\\/\\\/www.accidentdutravail-idf.net\\\/blog\\\/#organization\"},\"image\":{\"@id\":\"https:\\\/\\\/www.accidentdutravail-idf.net\\\/blog\\\/gauche-france-un-veritable-chef-detat-fhollande-nupes-gauche-gauchehollande\\\/#primaryimage\"},\"thumbnailUrl\":\"https:\\\/\\\/www.accidentdutravail-idf.net\\\/blog\\\/wp-content\\\/uploads\\\/2022\\\/11\\\/gauche-france-un-veritable-chef-detat-fhollande-nupes-gauche-gauchehollande.jpg\",\"articleSection\":[\"S\u00e9curit\u00e9 Du Travail En Ile-De-France Communiqu\u00e9s:\"],\"inLanguage\":\"fr-FR\"},{\"@type\":\"WebPage\",\"@id\":\"https:\\\/\\\/www.accidentdutravail-idf.net\\\/blog\\\/gauche-france-un-veritable-chef-detat-fhollande-nupes-gauche-gauchehollande\\\/\",\"url\":\"https:\\\/\\\/www.accidentdutravail-idf.net\\\/blog\\\/gauche-france-un-veritable-chef-detat-fhollande-nupes-gauche-gauchehollande\\\/\",\"name\":\"Gauche France: Un v\u00e9ritable chef d\u2019\u00c9tat @fhollande \u2026 #nupes #gauche @GaucheHollande - ACCIDENTDUTRAVAIL-IDF\",\"isPartOf\":{\"@id\":\"https:\\\/\\\/www.accidentdutravail-idf.net\\\/blog\\\/#website\"},\"primaryImageOfPage\":{\"@id\":\"https:\\\/\\\/www.accidentdutravail-idf.net\\\/blog\\\/gauche-france-un-veritable-chef-detat-fhollande-nupes-gauche-gauchehollande\\\/#primaryimage\"},\"image\":{\"@id\":\"https:\\\/\\\/www.accidentdutravail-idf.net\\\/blog\\\/gauche-france-un-veritable-chef-detat-fhollande-nupes-gauche-gauchehollande\\\/#primaryimage\"},\"thumbnailUrl\":\"https:\\\/\\\/www.accidentdutravail-idf.net\\\/blog\\\/wp-content\\\/uploads\\\/2022\\\/11\\\/gauche-france-un-veritable-chef-detat-fhollande-nupes-gauche-gauchehollande.jpg\",\"datePublished\":\"2022-08-16T17:01:27+00:00\",\"description\":\"Gauche France: Un v\u00e9ritable chef d\u2019\u00c9tat @fhollande \u2026 #nupes #gauche @GaucheHollande article de ACCIDENTDUTRAVAIL-IDF\",\"breadcrumb\":{\"@id\":\"https:\\\/\\\/www.accidentdutravail-idf.net\\\/blog\\\/gauche-france-un-veritable-chef-detat-fhollande-nupes-gauche-gauchehollande\\\/#breadcrumb\"},\"inLanguage\":\"fr-FR\",\"potentialAction\":[{\"@type\":\"ReadAction\",\"target\":[\"https:\\\/\\\/www.accidentdutravail-idf.net\\\/blog\\\/gauche-france-un-veritable-chef-detat-fhollande-nupes-gauche-gauchehollande\\\/\"]}]},{\"@type\":\"ImageObject\",\"inLanguage\":\"fr-FR\",\"@id\":\"https:\\\/\\\/www.accidentdutravail-idf.net\\\/blog\\\/gauche-france-un-veritable-chef-detat-fhollande-nupes-gauche-gauchehollande\\\/#primaryimage\",\"url\":\"https:\\\/\\\/www.accidentdutravail-idf.net\\\/blog\\\/wp-content\\\/uploads\\\/2022\\\/11\\\/gauche-france-un-veritable-chef-detat-fhollande-nupes-gauche-gauchehollande.jpg\",\"contentUrl\":\"https:\\\/\\\/www.accidentdutravail-idf.net\\\/blog\\\/wp-content\\\/uploads\\\/2022\\\/11\\\/gauche-france-un-veritable-chef-detat-fhollande-nupes-gauche-gauchehollande.jpg\",\"width\":800,\"height\":449,\"caption\":\"gauche france un veritable chef detat fhollande nupes gauche gauchehollande\"},{\"@type\":\"BreadcrumbList\",\"@id\":\"https:\\\/\\\/www.accidentdutravail-idf.net\\\/blog\\\/gauche-france-un-veritable-chef-detat-fhollande-nupes-gauche-gauchehollande\\\/#breadcrumb\",\"itemListElement\":[{\"@type\":\"ListItem\",\"position\":1,\"name\":\"Accueil\",\"item\":\"https:\\\/\\\/www.accidentdutravail-idf.net\\\/blog\\\/\"},{\"@type\":\"ListItem\",\"position\":2,\"name\":\"Gauche France: Un v\u00e9ritable chef d\u2019\u00c9tat @fhollande \u2026 #nupes #gauche @GaucheHollande\"}]},{\"@type\":\"WebSite\",\"@id\":\"https:\\\/\\\/www.accidentdutravail-idf.net\\\/blog\\\/#website\",\"url\":\"https:\\\/\\\/www.accidentdutravail-idf.net\\\/blog\\\/\",\"name\":\"ACCIDENTDUTRAVAIL-IDF\",\"description\":\"Portail accidents du travail-maladies professionnelles des entreprises d&#039;Ile-de-France\",\"publisher\":{\"@id\":\"https:\\\/\\\/www.accidentdutravail-idf.net\\\/blog\\\/#organization\"},\"potentialAction\":[{\"@type\":\"SearchAction\",\"target\":{\"@type\":\"EntryPoint\",\"urlTemplate\":\"https:\\\/\\\/www.accidentdutravail-idf.net\\\/blog\\\/?s={search_term_string}\"},\"query-input\":{\"@type\":\"PropertyValueSpecification\",\"valueRequired\":true,\"valueName\":\"search_term_string\"}}],\"inLanguage\":\"fr-FR\"},{\"@type\":\"Organization\",\"@id\":\"https:\\\/\\\/www.accidentdutravail-idf.net\\\/blog\\\/#organization\",\"name\":\"accidentdutravail-idf\",\"url\":\"https:\\\/\\\/www.accidentdutravail-idf.net\\\/blog\\\/\",\"logo\":{\"@type\":\"ImageObject\",\"inLanguage\":\"fr-FR\",\"@id\":\"https:\\\/\\\/www.accidentdutravail-idf.net\\\/blog\\\/#\\\/schema\\\/logo\\\/image\\\/\",\"url\":\"https:\\\/\\\/www.accidentdutravail-idf.net\\\/blog\\\/wp-content\\\/uploads\\\/2022\\\/09\\\/logo-2.png\",\"contentUrl\":\"https:\\\/\\\/www.accidentdutravail-idf.net\\\/blog\\\/wp-content\\\/uploads\\\/2022\\\/09\\\/logo-2.png\",\"width\":380,\"height\":291,\"caption\":\"accidentdutravail-idf\"},\"image\":{\"@id\":\"https:\\\/\\\/www.accidentdutravail-idf.net\\\/blog\\\/#\\\/schema\\\/logo\\\/image\\\/\"}},{\"@type\":\"Person\",\"@id\":\"https:\\\/\\\/www.accidentdutravail-idf.net\\\/blog\\\/#\\\/schema\\\/person\\\/73aa09ba2db8f06bf1debf3a872bd6f9\",\"name\":\"Roxane BARLER\",\"image\":{\"@type\":\"ImageObject\",\"inLanguage\":\"fr-FR\",\"@id\":\"https:\\\/\\\/secure.gravatar.com\\\/avatar\\\/0167a3f2fdd1b1378a9aef148e68e7656ab41c7534176836deba3d1e5d6dc5df?s=96&d=mm&r=g\",\"url\":\"https:\\\/\\\/secure.gravatar.com\\\/avatar\\\/0167a3f2fdd1b1378a9aef148e68e7656ab41c7534176836deba3d1e5d6dc5df?s=96&d=mm&r=g\",\"contentUrl\":\"https:\\\/\\\/secure.gravatar.com\\\/avatar\\\/0167a3f2fdd1b1378a9aef148e68e7656ab41c7534176836deba3d1e5d6dc5df?s=96&d=mm&r=g\",\"caption\":\"Roxane BARLER\"},\"url\":\"https:\\\/\\\/www.accidentdutravail-idf.net\\\/blog\\\/author\\\/idfroxane\\\/\"}]}<\/script>\n<!-- \/ Yoast SEO plugin. -->","yoast_head_json":{"title":"Gauche France: Un v\u00e9ritable chef d\u2019\u00c9tat @fhollande \u2026 #nupes #gauche @GaucheHollande - ACCIDENTDUTRAVAIL-IDF","description":"Gauche France: Un v\u00e9ritable chef d\u2019\u00c9tat @fhollande \u2026 #nupes #gauche @GaucheHollande article de ACCIDENTDUTRAVAIL-IDF","robots":{"index":"index","follow":"follow","max-snippet":"max-snippet:-1","max-image-preview":"max-image-preview:large","max-video-preview":"max-video-preview:-1"},"canonical":"https:\/\/www.accidentdutravail-idf.net\/blog\/gauche-france-un-veritable-chef-detat-fhollande-nupes-gauche-gauchehollande\/","og_locale":"fr_FR","og_type":"article","og_title":"Gauche France: Un v\u00e9ritable chef d\u2019\u00c9tat @fhollande \u2026 #nupes #gauche @GaucheHollande - ACCIDENTDUTRAVAIL-IDF","og_description":"Gauche France: Un v\u00e9ritable chef d\u2019\u00c9tat @fhollande \u2026 #nupes #gauche @GaucheHollande article de ACCIDENTDUTRAVAIL-IDF","og_url":"https:\/\/www.accidentdutravail-idf.net\/blog\/gauche-france-un-veritable-chef-detat-fhollande-nupes-gauche-gauchehollande\/","og_site_name":"ACCIDENTDUTRAVAIL-IDF","article_published_time":"2022-08-16T17:01:27+00:00","author":"Roxane BARLER","twitter_card":"summary_large_image","twitter_misc":{"\u00c9crit par":"Roxane BARLER","Dur\u00e9e de lecture estim\u00e9e":"1 minute"},"schema":{"@context":"https:\/\/schema.org","@graph":[{"@type":"Article","@id":"https:\/\/www.accidentdutravail-idf.net\/blog\/gauche-france-un-veritable-chef-detat-fhollande-nupes-gauche-gauchehollande\/#article","isPartOf":{"@id":"https:\/\/www.accidentdutravail-idf.net\/blog\/gauche-france-un-veritable-chef-detat-fhollande-nupes-gauche-gauchehollande\/"},"author":{"name":"Roxane BARLER","@id":"https:\/\/www.accidentdutravail-idf.net\/blog\/#\/schema\/person\/73aa09ba2db8f06bf1debf3a872bd6f9"},"headline":"Gauche France: Un v\u00e9ritable chef d\u2019\u00c9tat @fhollande \u2026 #nupes #gauche @GaucheHollande","datePublished":"2022-08-16T17:01:27+00:00","mainEntityOfPage":{"@id":"https:\/\/www.accidentdutravail-idf.net\/blog\/gauche-france-un-veritable-chef-detat-fhollande-nupes-gauche-gauchehollande\/"},"wordCount":183,"publisher":{"@id":"https:\/\/www.accidentdutravail-idf.net\/blog\/#organization"},"image":{"@id":"https:\/\/www.accidentdutravail-idf.net\/blog\/gauche-france-un-veritable-chef-detat-fhollande-nupes-gauche-gauchehollande\/#primaryimage"},"thumbnailUrl":"https:\/\/www.accidentdutravail-idf.net\/blog\/wp-content\/uploads\/2022\/11\/gauche-france-un-veritable-chef-detat-fhollande-nupes-gauche-gauchehollande.jpg","articleSection":["S\u00e9curit\u00e9 Du Travail En Ile-De-France Communiqu\u00e9s:"],"inLanguage":"fr-FR"},{"@type":"WebPage","@id":"https:\/\/www.accidentdutravail-idf.net\/blog\/gauche-france-un-veritable-chef-detat-fhollande-nupes-gauche-gauchehollande\/","url":"https:\/\/www.accidentdutravail-idf.net\/blog\/gauche-france-un-veritable-chef-detat-fhollande-nupes-gauche-gauchehollande\/","name":"Gauche France: Un v\u00e9ritable chef d\u2019\u00c9tat @fhollande \u2026 #nupes #gauche @GaucheHollande - ACCIDENTDUTRAVAIL-IDF","isPartOf":{"@id":"https:\/\/www.accidentdutravail-idf.net\/blog\/#website"},"primaryImageOfPage":{"@id":"https:\/\/www.accidentdutravail-idf.net\/blog\/gauche-france-un-veritable-chef-detat-fhollande-nupes-gauche-gauchehollande\/#primaryimage"},"image":{"@id":"https:\/\/www.accidentdutravail-idf.net\/blog\/gauche-france-un-veritable-chef-detat-fhollande-nupes-gauche-gauchehollande\/#primaryimage"},"thumbnailUrl":"https:\/\/www.accidentdutravail-idf.net\/blog\/wp-content\/uploads\/2022\/11\/gauche-france-un-veritable-chef-detat-fhollande-nupes-gauche-gauchehollande.jpg","datePublished":"2022-08-16T17:01:27+00:00","description":"Gauche France: Un v\u00e9ritable chef d\u2019\u00c9tat @fhollande \u2026 #nupes #gauche @GaucheHollande article de ACCIDENTDUTRAVAIL-IDF","breadcrumb":{"@id":"https:\/\/www.accidentdutravail-idf.net\/blog\/gauche-france-un-veritable-chef-detat-fhollande-nupes-gauche-gauchehollande\/#breadcrumb"},"inLanguage":"fr-FR","potentialAction":[{"@type":"ReadAction","target":["https:\/\/www.accidentdutravail-idf.net\/blog\/gauche-france-un-veritable-chef-detat-fhollande-nupes-gauche-gauchehollande\/"]}]},{"@type":"ImageObject","inLanguage":"fr-FR","@id":"https:\/\/www.accidentdutravail-idf.net\/blog\/gauche-france-un-veritable-chef-detat-fhollande-nupes-gauche-gauchehollande\/#primaryimage","url":"https:\/\/www.accidentdutravail-idf.net\/blog\/wp-content\/uploads\/2022\/11\/gauche-france-un-veritable-chef-detat-fhollande-nupes-gauche-gauchehollande.jpg","contentUrl":"https:\/\/www.accidentdutravail-idf.net\/blog\/wp-content\/uploads\/2022\/11\/gauche-france-un-veritable-chef-detat-fhollande-nupes-gauche-gauchehollande.jpg","width":800,"height":449,"caption":"gauche france un veritable chef detat fhollande nupes gauche gauchehollande"},{"@type":"BreadcrumbList","@id":"https:\/\/www.accidentdutravail-idf.net\/blog\/gauche-france-un-veritable-chef-detat-fhollande-nupes-gauche-gauchehollande\/#breadcrumb","itemListElement":[{"@type":"ListItem","position":1,"name":"Accueil","item":"https:\/\/www.accidentdutravail-idf.net\/blog\/"},{"@type":"ListItem","position":2,"name":"Gauche France: Un v\u00e9ritable chef d\u2019\u00c9tat @fhollande \u2026 #nupes #gauche @GaucheHollande"}]},{"@type":"WebSite","@id":"https:\/\/www.accidentdutravail-idf.net\/blog\/#website","url":"https:\/\/www.accidentdutravail-idf.net\/blog\/","name":"ACCIDENTDUTRAVAIL-IDF","description":"Portail accidents du travail-maladies professionnelles des entreprises d&#039;Ile-de-France","publisher":{"@id":"https:\/\/www.accidentdutravail-idf.net\/blog\/#organization"},"potentialAction":[{"@type":"SearchAction","target":{"@type":"EntryPoint","urlTemplate":"https:\/\/www.accidentdutravail-idf.net\/blog\/?s={search_term_string}"},"query-input":{"@type":"PropertyValueSpecification","valueRequired":true,"valueName":"search_term_string"}}],"inLanguage":"fr-FR"},{"@type":"Organization","@id":"https:\/\/www.accidentdutravail-idf.net\/blog\/#organization","name":"accidentdutravail-idf","url":"https:\/\/www.accidentdutravail-idf.net\/blog\/","logo":{"@type":"ImageObject","inLanguage":"fr-FR","@id":"https:\/\/www.accidentdutravail-idf.net\/blog\/#\/schema\/logo\/image\/","url":"https:\/\/www.accidentdutravail-idf.net\/blog\/wp-content\/uploads\/2022\/09\/logo-2.png","contentUrl":"https:\/\/www.accidentdutravail-idf.net\/blog\/wp-content\/uploads\/2022\/09\/logo-2.png","width":380,"height":291,"caption":"accidentdutravail-idf"},"image":{"@id":"https:\/\/www.accidentdutravail-idf.net\/blog\/#\/schema\/logo\/image\/"}},{"@type":"Person","@id":"https:\/\/www.accidentdutravail-idf.net\/blog\/#\/schema\/person\/73aa09ba2db8f06bf1debf3a872bd6f9","name":"Roxane BARLER","image":{"@type":"ImageObject","inLanguage":"fr-FR","@id":"https:\/\/secure.gravatar.com\/avatar\/0167a3f2fdd1b1378a9aef148e68e7656ab41c7534176836deba3d1e5d6dc5df?s=96&d=mm&r=g","url":"https:\/\/secure.gravatar.com\/avatar\/0167a3f2fdd1b1378a9aef148e68e7656ab41c7534176836deba3d1e5d6dc5df?s=96&d=mm&r=g","contentUrl":"https:\/\/secure.gravatar.com\/avatar\/0167a3f2fdd1b1378a9aef148e68e7656ab41c7534176836deba3d1e5d6dc5df?s=96&d=mm&r=g","caption":"Roxane BARLER"},"url":"https:\/\/www.accidentdutravail-idf.net\/blog\/author\/idfroxane\/"}]}},"_links":{"self":[{"href":"https:\/\/www.accidentdutravail-idf.net\/blog\/wp-json\/wp\/v2\/posts\/166","targetHints":{"allow":["GET"]}}],"collection":[{"href":"https:\/\/www.accidentdutravail-idf.net\/blog\/wp-json\/wp\/v2\/posts"}],"about":[{"href":"https:\/\/www.accidentdutravail-idf.net\/blog\/wp-json\/wp\/v2\/types\/post"}],"author":[{"embeddable":true,"href":"https:\/\/www.accidentdutravail-idf.net\/blog\/wp-json\/wp\/v2\/users\/3"}],"replies":[{"embeddable":true,"href":"https:\/\/www.accidentdutravail-idf.net\/blog\/wp-json\/wp\/v2\/comments?post=166"}],"version-history":[{"count":0,"href":"https:\/\/www.accidentdutravail-idf.net\/blog\/wp-json\/wp\/v2\/posts\/166\/revisions"}],"wp:featuredmedia":[{"embeddable":true,"href":"https:\/\/www.accidentdutravail-idf.net\/blog\/wp-json\/wp\/v2\/media\/167"}],"wp:attachment":[{"href":"https:\/\/www.accidentdutravail-idf.net\/blog\/wp-json\/wp\/v2\/media?parent=166"}],"wp:term":[{"taxonomy":"category","embeddable":true,"href":"https:\/\/www.accidentdutravail-idf.net\/blog\/wp-json\/wp\/v2\/categories?post=166"},{"taxonomy":"post_tag","embeddable":true,"href":"https:\/\/www.accidentdutravail-idf.net\/blog\/wp-json\/wp\/v2\/tags?post=166"}],"curies":[{"name":"wp","href":"https:\/\/api.w.org\/{rel}","templated":true}]}}