{"id":1653,"date":"2023-09-24T19:00:00","date_gmt":"2023-09-24T17:00:00","guid":{"rendered":"https:\/\/www.accidentdutravail-idf.net\/blog\/accidents-du-travail-les-metiers-les-plus-a-risque-capital\/"},"modified":"2023-09-24T19:00:00","modified_gmt":"2023-09-24T17:00:00","slug":"accidents-du-travail-les-metiers-les-plus-a-risque-capital","status":"publish","type":"post","link":"https:\/\/www.accidentdutravail-idf.net\/blog\/accidents-du-travail-les-metiers-les-plus-a-risque-capital\/","title":{"rendered":"Accidents du travail : les m\u00e9tiers les plus \u00e0 risque &#8211; Capital"},"content":{"rendered":"<div><img decoding=\"async\" src=\"https:\/\/www.accidentdutravail-idf.net\/blog\/wp-content\/uploads\/2025\/08\/accidents-du-travail-les-metiers-les-plus-a-risque-capital.jpg\" class=\"ff-og-image-inserted\"><\/div>\n<p>\u201cChaque jour, deux personnes meurent au travail et plus de cent sont bless\u00e9es gravement.\u201d C\u2019est avec ces chiffres gla\u00e7ants que le gouvernement lance, ce lundi 25 septembre, une campagne de sensibilisation \u00e0 la s\u00e9curit\u00e9 au travail. La France est loin d\u2019\u00eatre une bonne \u00e9l\u00e8ve dans le domaine. Le taux d\u2019<a href=\"https:\/\/www.capital.fr\/votre-carriere\/accident-du-travail-la-definition-et-les-criteres-donnes-par-la-loi-1238130\" target=\"_blank\" rel=\"nofollow\">accidents du travail<\/a> graves et mortels est environ <strong>deux fois plus \u00e9lev\u00e9 dans l\u2019Hexagone que la moyenne europ\u00e9enne<\/strong> : 4,8 pour 100.000 employ\u00e9s en 2019 contre 2,17 \u00e0 l\u2019\u00e9chelle du Vieux Continent. Sans surprise, les secteurs d\u2019activit\u00e9 les plus concern\u00e9s sont la construction, <strong>l\u2019agriculture, les industries extractives (exploitation mini\u00e8re), le travail du bois, le transport et l\u2019entreposage<\/strong>.<\/p>\n<p>Malgr\u00e9 une baisse importante des accidents du travail ces derni\u00e8res d\u00e9cennies, leur nombre stagne depuis les ann\u00e9es 2010. En 2021, pour les salari\u00e9s du r\u00e9gime g\u00e9n\u00e9ral et du r\u00e9gime agricole, on d\u00e9nombrait pr\u00e8s de <strong>640 000 accidents du travail<\/strong>, dont <strong>39 000 accidents du travail graves<\/strong> (6% du total) et <strong>696 accidents du travail mortels<\/strong> (0,1% du total) dont <strong>37 impliquant des jeunes de moins de 25 ans<\/strong>. Tous les salari\u00e9s ne sont pas expos\u00e9s de la m\u00eame mani\u00e8re \u00e0 ces risques. Les m\u00e9tiers les plus physiques le sont particuli\u00e8rement, tout comme les <a href=\"https:\/\/www.capital.fr\/votre-carriere\/contrat-de-travail-temporaire-1405636\" target=\"_blank\" rel=\"nofollow\">travailleurs temporaires<\/a>, les travailleurs d\u00e9tach\u00e9s et les jeunes travailleurs (apprentis, stagiaires, nouveaux embauch\u00e9s). En effet, <strong>pr\u00e8s de 15%<\/strong> des accidents graves et mortels surviennent au cours des trois premiers mois suivant l\u2019embauche et un quart des accidents du travail concernent des salari\u00e9s ayant moins d\u2019un an d\u2019anciennet\u00e9.<\/p>\n<p><a href=\"https:\/\/www.capital.fr\/page\/comparateur-assurance-sante\" target=\"_blank\" rel=\"nofollow\"><strong><em>&gt;&gt; Notre service &#8211; Faites des \u00e9conomies en testant notre comparateur d\u2019Assurances Sant\u00e9<\/em><\/strong><\/a><\/p>\n<h2 class=\"no-inject-ads\" id=\"bfnqe\"><strong>Les accidents routiers, premi\u00e8re cause de mortalit\u00e9 au travail<\/strong><\/h2>\n<p>Il existe diff\u00e9rents facteurs qui augmentent le risque d\u2019accident du travail et leur gravit\u00e9. Comme la conduite sur la route. \u201cChaque ann\u00e9e, les accidents routiers professionnels sont nombreux et constituent la<strong> premi\u00e8re cause de mortalit\u00e9 au travail<\/strong> si l\u2019on tient compte des accidents de trajet\u201d, souligne le gouvernement dans un dossier de presse.<\/p>\n<p>Les m\u00e9tiers impliquant de la <strong>manutention manuelle<\/strong> ne sont pas \u00e9pargn\u00e9s non plus. Ils d\u00e9signent, selon le l\u00e9gislateur, \u201ctoute op\u00e9ration de transport ou de soutien d\u2019une charge dont le levage, la pose, la pouss\u00e9e, le port ou le d\u00e9placement qui exige l\u2019effort physique d\u2019un ou plusieurs salari\u00e9s\u201d. R\u00e9sultat, les risques d\u2019accident sont \u201cimportants et vari\u00e9s\u201d : contusions, plaies, \u00e9crasements, fractures, douleurs dorsales, d\u00e9chirements musculaires etc. \u201cLes surfaces anguleuses ou rugueuses, les chutes d\u2019objets et les objets projet\u00e9s sont parmi les principales causes de blessures, de lac\u00e9rations ou de contusions pendant le travail de manutention manuelle\u201d, pr\u00e9cise le gouvernement. Cons\u00e9quence, la manutention manuelle est <strong>\u00e0 l\u2019origine de 50% des accidents du travail<\/strong>, \u201cdont l\u2019\u00e9crasement, les heurts et collisions avec objet ou les coupures et amputations rendent ce risque mortel pour 18% des d\u00e9c\u00e8s en 2021\u201d.<\/p>\n<p>Le <strong>risque de chute de hauteur <\/strong>(depuis les toitures, les \u00e9l\u00e9vateurs, les escabeaux ou les marchepieds par exemple) est aussi important, notamment pour les travailleurs du BTP, les agents de r\u00e9seaux \u00e9lectriques, les agents d\u2019entretien et techniciens de maintenance des entreprises ou encore les travailleurs du spectacles. De m\u00eame, l<strong>e recours aux machines d\u2019atelier, mobiles ou de levage<\/strong> accentue le risque d\u2019accident du travail. Il s\u2019agit en effet d\u2019\u00e9quipements de travail motoris\u00e9s, constitu\u00e9s d\u2019un syst\u00e8me d\u2019entra\u00eenement, de pi\u00e8ces et d\u2019organes li\u00e9s entre eux dont au moins un est mobile. \u201cDe ce fait, les machines sont complexes et susceptibles de g\u00e9n\u00e9rer des risques graves pour la s\u00e9curit\u00e9 des travailleurs qui les utilisent, en particulier en cas de d\u00e9fauts de conformit\u00e9 dans la conception ou de manquement concernant leur maintenance\u201d, pointe le gouvernement. \u00c0 noter qu\u2019en tant qu\u2019outils mis sur le march\u00e9 europ\u00e9en, les machines font l\u2019objet d\u2019exigences de conception qui s\u2019imposent aux fabricants (directive 2006-42-CE), de r\u00e8gles d\u2019utilisations issues de la directive europ\u00e9enne 2009-42-CE ainsi que d\u2019une obligation de maintien en \u00e9tat de conformit\u00e9 incombant aux employeurs.<\/p>\n<h2 class=\"no-inject-ads\" id=\"cuu8n\"><strong>Un co\u00fbt \u00e9conomique important<\/strong><\/h2>\n<p>Au-del\u00e0 du co\u00fbt humain, les accidents du travail \u201cont un impact \u00e9conomique qui p\u00e8se sur les entreprises comme sur la solidarit\u00e9 nationale\u201d, insiste le gouvernement : en 2021, ce sont pour les seuls salari\u00e9s du r\u00e9gime g\u00e9n\u00e9ral 48 millions de journ\u00e9es de travail perdues, plus de <strong>51 millions de jours d\u2019<\/strong><a href=\"https:\/\/www.capital.fr\/votre-carriere\/arret-de-travail-1405222\" target=\"_blank\" rel=\"nofollow\"><strong>arr\u00eats de travail<\/strong><\/a>, plus de <strong>2,5 milliards d\u2019euros de prestations vers\u00e9es par l\u2019Assurance maladie<\/strong> et 35 000 d\u00e9clarations d\u2019incapacit\u00e9 permanente, voire 39 000 si l\u2019on ajoute les salari\u00e9s du r\u00e9gime agricole.<\/p>\n<p> accidentdutravail-idf.net vous a pr\u00e9par\u00e9 ce post qui informe du sujet \u00ab\u00a0Association Sportive Huisson-Longueville Essonne\u00a0\u00bb. La chronique se veut g\u00e9n\u00e9r\u00e9e du mieux possible. Vous pouvez utiliser les coordonn\u00e9es indiqu\u00e9es sur le site dans le but d\u2019apporter des explications sur ce post qui parle du th\u00e8me \u00ab\u00a0Association Sportive Huisson-Longueville Essonne\u00a0\u00bb. Le site accidentdutravail-idf.net a pour but de fournir diverses publications sur la th\u00e9matique Association Sportive Huisson-Longueville Essonne diffus\u00e9es sur le net. Il y aura plusieurs articles autour du sujet \u00ab\u00a0Association Sportive Huisson-Longueville Essonne\u00a0\u00bb dans quelques jours, nous vous invitons \u00e0 naviguer sur notre site web \u00e0 plusieurs reprises.<\/p>\n","protected":false},"excerpt":{"rendered":"<p>\u201cChaque jour, deux personnes meurent au travail et plus de cent sont bless\u00e9es gravement.\u201d C\u2019est avec ces chiffres gla\u00e7ants que le gouvernement lance, ce lundi 25 septembre, une campagne de sensibilisation \u00e0 la s\u00e9curit\u00e9 au travail. La France est loin d\u2019\u00eatre une bonne \u00e9l\u00e8ve dans le domaine. Le taux d\u2019accidents du travail graves et mortels &hellip; <\/p>\n<p class=\"link-more\"><a href=\"https:\/\/www.accidentdutravail-idf.net\/blog\/accidents-du-travail-les-metiers-les-plus-a-risque-capital\/\" class=\"more-link\">Continuer la lecture <span class=\"screen-reader-text\"> \u00ab\u00a0Accidents du travail : les m\u00e9tiers les plus \u00e0 risque &#8211; Capital\u00a0\u00bb<\/span><\/a><\/p>\n","protected":false},"author":2,"featured_media":0,"comment_status":"closed","ping_status":"closed","sticky":false,"template":"","format":"standard","meta":{"footnotes":""},"categories":[5],"tags":[],"class_list":["post-1653","post","type-post","status-publish","format-standard","hentry","category-securite-du-travail-en-ile-de-france-et-divers","entry"],"yoast_head":"<!-- This site is optimized with the Yoast SEO plugin v27.5 - https:\/\/yoast.com\/product\/yoast-seo-wordpress\/ -->\n<title>Accidents du travail : les m\u00e9tiers les plus \u00e0 risque - Capital - ACCIDENTDUTRAVAIL-IDF<\/title>\n<meta name=\"description\" content=\"Accidents du travail : les m\u00e9tiers les plus \u00e0 risque - Capital article de ACCIDENTDUTRAVAIL-IDF\" \/>\n<meta name=\"robots\" content=\"index, follow, max-snippet:-1, max-image-preview:large, max-video-preview:-1\" \/>\n<link rel=\"canonical\" href=\"https:\/\/www.accidentdutravail-idf.net\/blog\/accidents-du-travail-les-metiers-les-plus-a-risque-capital\/\" \/>\n<meta property=\"og:locale\" content=\"fr_FR\" \/>\n<meta property=\"og:type\" content=\"article\" \/>\n<meta property=\"og:title\" content=\"Accidents du travail : les m\u00e9tiers les plus \u00e0 risque - Capital - ACCIDENTDUTRAVAIL-IDF\" \/>\n<meta property=\"og:description\" content=\"Accidents du travail : les m\u00e9tiers les plus \u00e0 risque - Capital article de ACCIDENTDUTRAVAIL-IDF\" \/>\n<meta property=\"og:url\" content=\"https:\/\/www.accidentdutravail-idf.net\/blog\/accidents-du-travail-les-metiers-les-plus-a-risque-capital\/\" \/>\n<meta property=\"og:site_name\" content=\"ACCIDENTDUTRAVAIL-IDF\" \/>\n<meta property=\"article:published_time\" content=\"2023-09-24T17:00:00+00:00\" \/>\n<meta property=\"og:image\" content=\"https:\/\/www.accidentdutravail-idf.net\/blog\/wp-content\/uploads\/2025\/08\/accidents-du-travail-les-metiers-les-plus-a-risque-capital.jpg\" \/>\n<meta name=\"author\" content=\"Carlos Poulain\" \/>\n<meta name=\"twitter:card\" content=\"summary_large_image\" \/>\n<meta name=\"twitter:label1\" content=\"\u00c9crit par\" \/>\n\t<meta name=\"twitter:data1\" content=\"Carlos Poulain\" \/>\n\t<meta name=\"twitter:label2\" content=\"Dur\u00e9e de lecture estim\u00e9e\" \/>\n\t<meta name=\"twitter:data2\" content=\"5 minutes\" \/>\n<script type=\"application\/ld+json\" class=\"yoast-schema-graph\">{\"@context\":\"https:\\\/\\\/schema.org\",\"@graph\":[{\"@type\":\"Article\",\"@id\":\"https:\\\/\\\/www.accidentdutravail-idf.net\\\/blog\\\/accidents-du-travail-les-metiers-les-plus-a-risque-capital\\\/#article\",\"isPartOf\":{\"@id\":\"https:\\\/\\\/www.accidentdutravail-idf.net\\\/blog\\\/accidents-du-travail-les-metiers-les-plus-a-risque-capital\\\/\"},\"author\":{\"name\":\"Carlos Poulain\",\"@id\":\"https:\\\/\\\/www.accidentdutravail-idf.net\\\/blog\\\/#\\\/schema\\\/person\\\/3255d2f970de45e64bd9201f38e7b947\"},\"headline\":\"Accidents du travail : les m\u00e9tiers les plus \u00e0 risque &#8211; Capital\",\"datePublished\":\"2023-09-24T17:00:00+00:00\",\"mainEntityOfPage\":{\"@id\":\"https:\\\/\\\/www.accidentdutravail-idf.net\\\/blog\\\/accidents-du-travail-les-metiers-les-plus-a-risque-capital\\\/\"},\"wordCount\":920,\"publisher\":{\"@id\":\"https:\\\/\\\/www.accidentdutravail-idf.net\\\/blog\\\/#organization\"},\"image\":{\"@id\":\"https:\\\/\\\/www.accidentdutravail-idf.net\\\/blog\\\/accidents-du-travail-les-metiers-les-plus-a-risque-capital\\\/#primaryimage\"},\"thumbnailUrl\":\"https:\\\/\\\/www.accidentdutravail-idf.net\\\/blog\\\/wp-content\\\/uploads\\\/2025\\\/08\\\/accidents-du-travail-les-metiers-les-plus-a-risque-capital.jpg\",\"articleSection\":[\"S\u00e9curit\u00e9 Du Travail En Ile-De-France Et Divers:\"],\"inLanguage\":\"fr-FR\"},{\"@type\":\"WebPage\",\"@id\":\"https:\\\/\\\/www.accidentdutravail-idf.net\\\/blog\\\/accidents-du-travail-les-metiers-les-plus-a-risque-capital\\\/\",\"url\":\"https:\\\/\\\/www.accidentdutravail-idf.net\\\/blog\\\/accidents-du-travail-les-metiers-les-plus-a-risque-capital\\\/\",\"name\":\"Accidents du travail : les m\u00e9tiers les plus \u00e0 risque - Capital - ACCIDENTDUTRAVAIL-IDF\",\"isPartOf\":{\"@id\":\"https:\\\/\\\/www.accidentdutravail-idf.net\\\/blog\\\/#website\"},\"primaryImageOfPage\":{\"@id\":\"https:\\\/\\\/www.accidentdutravail-idf.net\\\/blog\\\/accidents-du-travail-les-metiers-les-plus-a-risque-capital\\\/#primaryimage\"},\"image\":{\"@id\":\"https:\\\/\\\/www.accidentdutravail-idf.net\\\/blog\\\/accidents-du-travail-les-metiers-les-plus-a-risque-capital\\\/#primaryimage\"},\"thumbnailUrl\":\"https:\\\/\\\/www.accidentdutravail-idf.net\\\/blog\\\/wp-content\\\/uploads\\\/2025\\\/08\\\/accidents-du-travail-les-metiers-les-plus-a-risque-capital.jpg\",\"datePublished\":\"2023-09-24T17:00:00+00:00\",\"description\":\"Accidents du travail : les m\u00e9tiers les plus \u00e0 risque - Capital article de ACCIDENTDUTRAVAIL-IDF\",\"breadcrumb\":{\"@id\":\"https:\\\/\\\/www.accidentdutravail-idf.net\\\/blog\\\/accidents-du-travail-les-metiers-les-plus-a-risque-capital\\\/#breadcrumb\"},\"inLanguage\":\"fr-FR\",\"potentialAction\":[{\"@type\":\"ReadAction\",\"target\":[\"https:\\\/\\\/www.accidentdutravail-idf.net\\\/blog\\\/accidents-du-travail-les-metiers-les-plus-a-risque-capital\\\/\"]}]},{\"@type\":\"ImageObject\",\"inLanguage\":\"fr-FR\",\"@id\":\"https:\\\/\\\/www.accidentdutravail-idf.net\\\/blog\\\/accidents-du-travail-les-metiers-les-plus-a-risque-capital\\\/#primaryimage\",\"url\":\"https:\\\/\\\/www.accidentdutravail-idf.net\\\/blog\\\/wp-content\\\/uploads\\\/2025\\\/08\\\/accidents-du-travail-les-metiers-les-plus-a-risque-capital.jpg\",\"contentUrl\":\"https:\\\/\\\/www.accidentdutravail-idf.net\\\/blog\\\/wp-content\\\/uploads\\\/2025\\\/08\\\/accidents-du-travail-les-metiers-les-plus-a-risque-capital.jpg\"},{\"@type\":\"BreadcrumbList\",\"@id\":\"https:\\\/\\\/www.accidentdutravail-idf.net\\\/blog\\\/accidents-du-travail-les-metiers-les-plus-a-risque-capital\\\/#breadcrumb\",\"itemListElement\":[{\"@type\":\"ListItem\",\"position\":1,\"name\":\"Accueil\",\"item\":\"https:\\\/\\\/www.accidentdutravail-idf.net\\\/blog\\\/\"},{\"@type\":\"ListItem\",\"position\":2,\"name\":\"Accidents du travail : les m\u00e9tiers les plus \u00e0 risque &#8211; Capital\"}]},{\"@type\":\"WebSite\",\"@id\":\"https:\\\/\\\/www.accidentdutravail-idf.net\\\/blog\\\/#website\",\"url\":\"https:\\\/\\\/www.accidentdutravail-idf.net\\\/blog\\\/\",\"name\":\"ACCIDENTDUTRAVAIL-IDF\",\"description\":\"Portail accidents du travail-maladies professionnelles des entreprises d&#039;Ile-de-France\",\"publisher\":{\"@id\":\"https:\\\/\\\/www.accidentdutravail-idf.net\\\/blog\\\/#organization\"},\"potentialAction\":[{\"@type\":\"SearchAction\",\"target\":{\"@type\":\"EntryPoint\",\"urlTemplate\":\"https:\\\/\\\/www.accidentdutravail-idf.net\\\/blog\\\/?s={search_term_string}\"},\"query-input\":{\"@type\":\"PropertyValueSpecification\",\"valueRequired\":true,\"valueName\":\"search_term_string\"}}],\"inLanguage\":\"fr-FR\"},{\"@type\":\"Organization\",\"@id\":\"https:\\\/\\\/www.accidentdutravail-idf.net\\\/blog\\\/#organization\",\"name\":\"accidentdutravail-idf\",\"url\":\"https:\\\/\\\/www.accidentdutravail-idf.net\\\/blog\\\/\",\"logo\":{\"@type\":\"ImageObject\",\"inLanguage\":\"fr-FR\",\"@id\":\"https:\\\/\\\/www.accidentdutravail-idf.net\\\/blog\\\/#\\\/schema\\\/logo\\\/image\\\/\",\"url\":\"https:\\\/\\\/www.accidentdutravail-idf.net\\\/blog\\\/wp-content\\\/uploads\\\/2022\\\/09\\\/logo-2.png\",\"contentUrl\":\"https:\\\/\\\/www.accidentdutravail-idf.net\\\/blog\\\/wp-content\\\/uploads\\\/2022\\\/09\\\/logo-2.png\",\"width\":380,\"height\":291,\"caption\":\"accidentdutravail-idf\"},\"image\":{\"@id\":\"https:\\\/\\\/www.accidentdutravail-idf.net\\\/blog\\\/#\\\/schema\\\/logo\\\/image\\\/\"}},{\"@type\":\"Person\",\"@id\":\"https:\\\/\\\/www.accidentdutravail-idf.net\\\/blog\\\/#\\\/schema\\\/person\\\/3255d2f970de45e64bd9201f38e7b947\",\"name\":\"Carlos Poulain\",\"image\":{\"@type\":\"ImageObject\",\"inLanguage\":\"fr-FR\",\"@id\":\"https:\\\/\\\/secure.gravatar.com\\\/avatar\\\/b1c2f9d3588e34e91adb093635df64ef4b2381991216be7576466cfcdca4baf3?s=96&d=mm&r=g\",\"url\":\"https:\\\/\\\/secure.gravatar.com\\\/avatar\\\/b1c2f9d3588e34e91adb093635df64ef4b2381991216be7576466cfcdca4baf3?s=96&d=mm&r=g\",\"contentUrl\":\"https:\\\/\\\/secure.gravatar.com\\\/avatar\\\/b1c2f9d3588e34e91adb093635df64ef4b2381991216be7576466cfcdca4baf3?s=96&d=mm&r=g\",\"caption\":\"Carlos Poulain\"},\"url\":\"https:\\\/\\\/www.accidentdutravail-idf.net\\\/blog\\\/author\\\/idfcarlos\\\/\"}]}<\/script>\n<!-- \/ Yoast SEO plugin. -->","yoast_head_json":{"title":"Accidents du travail : les m\u00e9tiers les plus \u00e0 risque - Capital - ACCIDENTDUTRAVAIL-IDF","description":"Accidents du travail : les m\u00e9tiers les plus \u00e0 risque - Capital article de ACCIDENTDUTRAVAIL-IDF","robots":{"index":"index","follow":"follow","max-snippet":"max-snippet:-1","max-image-preview":"max-image-preview:large","max-video-preview":"max-video-preview:-1"},"canonical":"https:\/\/www.accidentdutravail-idf.net\/blog\/accidents-du-travail-les-metiers-les-plus-a-risque-capital\/","og_locale":"fr_FR","og_type":"article","og_title":"Accidents du travail : les m\u00e9tiers les plus \u00e0 risque - Capital - ACCIDENTDUTRAVAIL-IDF","og_description":"Accidents du travail : les m\u00e9tiers les plus \u00e0 risque - Capital article de ACCIDENTDUTRAVAIL-IDF","og_url":"https:\/\/www.accidentdutravail-idf.net\/blog\/accidents-du-travail-les-metiers-les-plus-a-risque-capital\/","og_site_name":"ACCIDENTDUTRAVAIL-IDF","article_published_time":"2023-09-24T17:00:00+00:00","og_image":[{"url":"https:\/\/www.accidentdutravail-idf.net\/blog\/wp-content\/uploads\/2025\/08\/accidents-du-travail-les-metiers-les-plus-a-risque-capital.jpg","type":"","width":"","height":""}],"author":"Carlos Poulain","twitter_card":"summary_large_image","twitter_misc":{"\u00c9crit par":"Carlos Poulain","Dur\u00e9e de lecture estim\u00e9e":"5 minutes"},"schema":{"@context":"https:\/\/schema.org","@graph":[{"@type":"Article","@id":"https:\/\/www.accidentdutravail-idf.net\/blog\/accidents-du-travail-les-metiers-les-plus-a-risque-capital\/#article","isPartOf":{"@id":"https:\/\/www.accidentdutravail-idf.net\/blog\/accidents-du-travail-les-metiers-les-plus-a-risque-capital\/"},"author":{"name":"Carlos Poulain","@id":"https:\/\/www.accidentdutravail-idf.net\/blog\/#\/schema\/person\/3255d2f970de45e64bd9201f38e7b947"},"headline":"Accidents du travail : les m\u00e9tiers les plus \u00e0 risque &#8211; Capital","datePublished":"2023-09-24T17:00:00+00:00","mainEntityOfPage":{"@id":"https:\/\/www.accidentdutravail-idf.net\/blog\/accidents-du-travail-les-metiers-les-plus-a-risque-capital\/"},"wordCount":920,"publisher":{"@id":"https:\/\/www.accidentdutravail-idf.net\/blog\/#organization"},"image":{"@id":"https:\/\/www.accidentdutravail-idf.net\/blog\/accidents-du-travail-les-metiers-les-plus-a-risque-capital\/#primaryimage"},"thumbnailUrl":"https:\/\/www.accidentdutravail-idf.net\/blog\/wp-content\/uploads\/2025\/08\/accidents-du-travail-les-metiers-les-plus-a-risque-capital.jpg","articleSection":["S\u00e9curit\u00e9 Du Travail En Ile-De-France Et Divers:"],"inLanguage":"fr-FR"},{"@type":"WebPage","@id":"https:\/\/www.accidentdutravail-idf.net\/blog\/accidents-du-travail-les-metiers-les-plus-a-risque-capital\/","url":"https:\/\/www.accidentdutravail-idf.net\/blog\/accidents-du-travail-les-metiers-les-plus-a-risque-capital\/","name":"Accidents du travail : les m\u00e9tiers les plus \u00e0 risque - Capital - ACCIDENTDUTRAVAIL-IDF","isPartOf":{"@id":"https:\/\/www.accidentdutravail-idf.net\/blog\/#website"},"primaryImageOfPage":{"@id":"https:\/\/www.accidentdutravail-idf.net\/blog\/accidents-du-travail-les-metiers-les-plus-a-risque-capital\/#primaryimage"},"image":{"@id":"https:\/\/www.accidentdutravail-idf.net\/blog\/accidents-du-travail-les-metiers-les-plus-a-risque-capital\/#primaryimage"},"thumbnailUrl":"https:\/\/www.accidentdutravail-idf.net\/blog\/wp-content\/uploads\/2025\/08\/accidents-du-travail-les-metiers-les-plus-a-risque-capital.jpg","datePublished":"2023-09-24T17:00:00+00:00","description":"Accidents du travail : les m\u00e9tiers les plus \u00e0 risque - Capital article de ACCIDENTDUTRAVAIL-IDF","breadcrumb":{"@id":"https:\/\/www.accidentdutravail-idf.net\/blog\/accidents-du-travail-les-metiers-les-plus-a-risque-capital\/#breadcrumb"},"inLanguage":"fr-FR","potentialAction":[{"@type":"ReadAction","target":["https:\/\/www.accidentdutravail-idf.net\/blog\/accidents-du-travail-les-metiers-les-plus-a-risque-capital\/"]}]},{"@type":"ImageObject","inLanguage":"fr-FR","@id":"https:\/\/www.accidentdutravail-idf.net\/blog\/accidents-du-travail-les-metiers-les-plus-a-risque-capital\/#primaryimage","url":"https:\/\/www.accidentdutravail-idf.net\/blog\/wp-content\/uploads\/2025\/08\/accidents-du-travail-les-metiers-les-plus-a-risque-capital.jpg","contentUrl":"https:\/\/www.accidentdutravail-idf.net\/blog\/wp-content\/uploads\/2025\/08\/accidents-du-travail-les-metiers-les-plus-a-risque-capital.jpg"},{"@type":"BreadcrumbList","@id":"https:\/\/www.accidentdutravail-idf.net\/blog\/accidents-du-travail-les-metiers-les-plus-a-risque-capital\/#breadcrumb","itemListElement":[{"@type":"ListItem","position":1,"name":"Accueil","item":"https:\/\/www.accidentdutravail-idf.net\/blog\/"},{"@type":"ListItem","position":2,"name":"Accidents du travail : les m\u00e9tiers les plus \u00e0 risque &#8211; Capital"}]},{"@type":"WebSite","@id":"https:\/\/www.accidentdutravail-idf.net\/blog\/#website","url":"https:\/\/www.accidentdutravail-idf.net\/blog\/","name":"ACCIDENTDUTRAVAIL-IDF","description":"Portail accidents du travail-maladies professionnelles des entreprises d&#039;Ile-de-France","publisher":{"@id":"https:\/\/www.accidentdutravail-idf.net\/blog\/#organization"},"potentialAction":[{"@type":"SearchAction","target":{"@type":"EntryPoint","urlTemplate":"https:\/\/www.accidentdutravail-idf.net\/blog\/?s={search_term_string}"},"query-input":{"@type":"PropertyValueSpecification","valueRequired":true,"valueName":"search_term_string"}}],"inLanguage":"fr-FR"},{"@type":"Organization","@id":"https:\/\/www.accidentdutravail-idf.net\/blog\/#organization","name":"accidentdutravail-idf","url":"https:\/\/www.accidentdutravail-idf.net\/blog\/","logo":{"@type":"ImageObject","inLanguage":"fr-FR","@id":"https:\/\/www.accidentdutravail-idf.net\/blog\/#\/schema\/logo\/image\/","url":"https:\/\/www.accidentdutravail-idf.net\/blog\/wp-content\/uploads\/2022\/09\/logo-2.png","contentUrl":"https:\/\/www.accidentdutravail-idf.net\/blog\/wp-content\/uploads\/2022\/09\/logo-2.png","width":380,"height":291,"caption":"accidentdutravail-idf"},"image":{"@id":"https:\/\/www.accidentdutravail-idf.net\/blog\/#\/schema\/logo\/image\/"}},{"@type":"Person","@id":"https:\/\/www.accidentdutravail-idf.net\/blog\/#\/schema\/person\/3255d2f970de45e64bd9201f38e7b947","name":"Carlos Poulain","image":{"@type":"ImageObject","inLanguage":"fr-FR","@id":"https:\/\/secure.gravatar.com\/avatar\/b1c2f9d3588e34e91adb093635df64ef4b2381991216be7576466cfcdca4baf3?s=96&d=mm&r=g","url":"https:\/\/secure.gravatar.com\/avatar\/b1c2f9d3588e34e91adb093635df64ef4b2381991216be7576466cfcdca4baf3?s=96&d=mm&r=g","contentUrl":"https:\/\/secure.gravatar.com\/avatar\/b1c2f9d3588e34e91adb093635df64ef4b2381991216be7576466cfcdca4baf3?s=96&d=mm&r=g","caption":"Carlos Poulain"},"url":"https:\/\/www.accidentdutravail-idf.net\/blog\/author\/idfcarlos\/"}]}},"_links":{"self":[{"href":"https:\/\/www.accidentdutravail-idf.net\/blog\/wp-json\/wp\/v2\/posts\/1653","targetHints":{"allow":["GET"]}}],"collection":[{"href":"https:\/\/www.accidentdutravail-idf.net\/blog\/wp-json\/wp\/v2\/posts"}],"about":[{"href":"https:\/\/www.accidentdutravail-idf.net\/blog\/wp-json\/wp\/v2\/types\/post"}],"author":[{"embeddable":true,"href":"https:\/\/www.accidentdutravail-idf.net\/blog\/wp-json\/wp\/v2\/users\/2"}],"replies":[{"embeddable":true,"href":"https:\/\/www.accidentdutravail-idf.net\/blog\/wp-json\/wp\/v2\/comments?post=1653"}],"version-history":[{"count":0,"href":"https:\/\/www.accidentdutravail-idf.net\/blog\/wp-json\/wp\/v2\/posts\/1653\/revisions"}],"wp:attachment":[{"href":"https:\/\/www.accidentdutravail-idf.net\/blog\/wp-json\/wp\/v2\/media?parent=1653"}],"wp:term":[{"taxonomy":"category","embeddable":true,"href":"https:\/\/www.accidentdutravail-idf.net\/blog\/wp-json\/wp\/v2\/categories?post=1653"},{"taxonomy":"post_tag","embeddable":true,"href":"https:\/\/www.accidentdutravail-idf.net\/blog\/wp-json\/wp\/v2\/tags?post=1653"}],"curies":[{"name":"wp","href":"https:\/\/api.w.org\/{rel}","templated":true}]}}