{"id":1646,"date":"2025-08-13T01:30:00","date_gmt":"2025-08-12T23:30:00","guid":{"rendered":"https:\/\/www.accidentdutravail-idf.net\/blog\/canicule-et-mortalite-au-travail-une-realite-encore-sous-estimee\/"},"modified":"2025-08-13T01:30:00","modified_gmt":"2025-08-12T23:30:00","slug":"canicule-et-mortalite-au-travail-une-realite-encore-sous-estimee","status":"publish","type":"post","link":"https:\/\/www.accidentdutravail-idf.net\/blog\/canicule-et-mortalite-au-travail-une-realite-encore-sous-estimee\/","title":{"rendered":"Canicule et mortalit\u00e9 au travail : une r\u00e9alit\u00e9 encore sous-estim\u00e9e"},"content":{"rendered":"<p><!-- partials\/article\/hook_media-standard.volt --> <\/p>\n<figure class=\"hook-media--standard \">   <img fetchpriority=\"high\" decoding=\"async\" class=\"mx-auto\" src=\"image\/svg+xml,%3Csvg%20xmlns%3D%27http%3A%2F%2Fwww.w3.org%2F2000%2Fsvg%27%20fill%3D%22%23e4e4e4%22%20viewBox%3D%270%200%20510%20340%27%20width%3D%22510%22%20height%3D%22340%22%3E%3Cpath%20d%3D%27M0%200h510v340H0z%27%2F%3E%3C%2Fsvg%3E\" loading=\"eager\" width=\"510\" height=\"340\" data-oncrawl-image-size=\"510x340\" alt=\"Des travailleurs sur un chantier \u00e0 Toulouse, le 13&nbsp;juillet 2022.\"><figcaption class=\"hook-media_figcaption\">\n<p class=\"latino-100m text-grey-600\"> Des travailleurs sur un chantier \u00e0 Toulouse, le 13&nbsp;juillet 2022.&nbsp;<span class=\"text-grey-600 ms-5\">VALENTINE CHAPUIS \/ AFP<\/span> <\/p>\n<\/figcaption><\/figure>\n<p> <!-- partials\/article\/actions\/toolbar --> <\/p>\n<div class=\"article__share d-flex align-items-center py-24 border-bottom mb-32\">\n<div class=\"d-flex flex-wrap gap-16\"> <!-- partials\/article\/actions\/gift.volt --> <!-- partials\/article\/actions\/comment.volt --> <button data-article-key=\"20250813.OBS106700\" aria-label=\"Lire&nbsp;plus&nbsp;tard\" data-section=\"Social\" data-piano=\"Page_Article,Sous_date_publi,A_lire_plus_tard,1er_clic,action\" class=\"popover-trigger btn--tertiary btn--icon-only btn btn--small btn--secondary read-later\"> <i class=\"icon icon-read-after\" aria-hidden=\"true\"><\/i> <span class=\"latino-300r mt-2 \"> Lire&nbsp;plus&nbsp;tard <\/span> <\/button> <a aria-label=\"Nous suivre sur Google News\" href=\"https:\/\/news.google.com\/publications\/CAAqBwgKMJe4nQkw3dFs?hl=fr&amp;gl=FR&amp;ceid=FR%3Afr\" target=\"_blank\" data-piano=\"Page_Article,Sous_date_publi,Nous_suivre_sur_google_news,1er_clic,action\" class=\"btn btn--small btn--tertiary btn--icon-only\" rel=\"nofollow\">    <span class=\"latino-300r mt-2 \">Google Actualit\u00e9s<\/span> <\/a> <!-- partials\/article\/actions\/hook_action-share.volt --><br \/>\n<button id=\"share\" aria-label=\"Partager\" class=\"popover-trigger btn btn--small btn--tertiary btn--icon-only\" data-piano=\"Page_Article,Sous_date_publi,Partager,1er_clic,action\">    <span class=\"latino-300r mt-2\">Partager<\/span><br \/>\n<\/button> <\/p>\n<div id=\"popover-share\" data-url=\"https:\/\/www.nouvelobs.com\/social\/20250813.OBS106700\/canicule-et-mortalite-au-travail-une-realite-encore-sous-estimee.html\" data-id=\"20250813.OBS106700\" data-popover-for=\"share\" class=\"popover p-30\" role=\"tooltip\">\n<div class=\"floating-close\"> <button class=\"popover-close btn btn--small btn--icon-only btn--transparent\"> <\/p>\n<p>Masquer ce message<\/p>\n<p>    <\/button> <\/div>\n<p> <button class=\"btn btn--large btn--secondary\" aria-label=\"Facebook\">    <span class=\"latino-300r\">Facebook<\/span> <\/button> <button class=\"btn btn--large btn--secondary\" aria-label=\"Bluesky\">    <span class=\"latino-300r\">Bluesky<\/span> <\/button> <button id=\"mail-button\" class=\"btn btn--large btn--secondary\" aria-label=\"Mail\">    <span class=\"latino-300r\">E-mail<\/span> <\/button> <button class=\"copy-button btn btn--large btn--secondary\" aria-label=\"copier le lien\">    <span class=\"latino-300r\">Copier le lien<\/span> <\/button> <\/p>\n<p> <button id=\"share-mail-submit\" type=\"submit\" class=\"latino-300r btn btn--large btn--black btn--fit\"> Envoyer <\/button> <\/p>\n<\/div>\n<p> <!-- app\/web\/views\/partials\/article\/actions\/subscribe.volt --> <span data-urlencode=\"aHR0cHM6Ly9tYWNvbW1hbmRlLm5vdXZlbG9icy5jb20vYWNjb3VudC9jcmVhdGUvMjMwNzIuMzYyODU\/YXJ0aWNsZT1odHRwcyUzQSUyRiUyRnd3dy5ub3V2ZWxvYnMuY29tJTJGc29jaWFsJTJGMjAyNTA4MTMuT0JTMTA2NzAwJTJGY2FuaWN1bGUtZXQtbW9ydGFsaXRlLWF1LXRyYXZhaWwtdW5lLXJlYWxpdGUtZW5jb3JlLXNvdXMtZXN0aW1lZS5odG1s\" data-piano=\"Page_Article,Sous_date_publi,S_abonner_Ete2025,1er_clic,action\" class=\"btn btn--small btn--conversion-secondary\"> S\u2019abonner pour lire <\/span> <\/div>\n<\/div>\n<p> <!-- partials\/article\/contextual_blocks.volt --> <!-- partials\/article\/node.volt --><br \/>\n<!-- partials\/article\/node_text.volt --> <\/p>\n<p class=\"node__paragraphe antonia-750r text-grey-800 pb-24 pb-md-30\">\nDans un entrep\u00f4t surchauff\u00e9, Alain s\u2019est effondr\u00e9. Deux jours plus tard, le 3&nbsp;juillet, ce salari\u00e9 de Fedex \u00e0 Tremblay (Seine-Saint-Denis) d\u00e9c\u00e9dait \u00e0 l\u2019h\u00f4pital. Temp\u00e9rature corporelle relev\u00e9e par les secours d\u00e9p\u00each\u00e9s sur les lieux de l\u2019accident&nbsp;: 42,9&nbsp;\u00b0C.<\/p>\n<p> <!-- partials\/article\/node.volt --><br \/>\n<!-- partials\/article\/node_text.volt --> <\/p>\n<p class=\"node__paragraphe antonia-750r text-grey-800 pb-8\">\nSon d\u00e9c\u00e8s \u00e9tait-il en lien avec la chaleur&nbsp;? Une enqu\u00eate a depuis \u00e9t\u00e9 ouverte, qui permettra de le d\u00e9terminer,<a target=\"_blank\" href=\"https:\/\/www.leparisien.fr\/seine-saint-denis-93\/alain-50-ans-mort-au-travail-en-pleine-canicule-a-tremblay-il-y-a-danger-de-mort-a-travailler-sous-40-degres-09-07-2025-ZDCEM22FTVH7VKSIFAX4ISZTPQ.php\" rel=\"noopener nofollow\"> rapporte<\/a> \u00ab&nbsp;le Parisien&nbsp;\u00bb. La m\u00eame question se pose pour cet ouvrier du b\u00e2timent de 3\u2026<\/p>\n<div class=\"registerwall2025 mb-10\">\n<div class=\"registerwall-wrapper d-flex flex-column align-items-left justify-content-center bg-blue-100 px-20 py-10 rounded-15\">\n<p class=\"teaser pb-md-10\">La r\u00e9daction vous offre <span class=\"text-warm-700\">cet article.<\/span><\/p>\n<p class=\"benefits pb-5 pb-md-15\">Une fois inscrit, vous pouvez profiter gratuitement des articles offerts.<\/p>\n<p> <span class=\"btn btn--medium btn--edito-secondary\" data-piano=\"paywall_gratuitisation,,,creer_un_compte_gratuit,navigation\" data-urlencode=\"aHR0cHM6Ly9zZWMubm91dmVsb2JzLmNvbS9zZnVzZXIvcmVnaXN0ZXI\/cmVkaXJlY3Rpb25Vcmw9aHR0cHMlM0ElMkYlMkZ3d3cubm91dmVsb2JzLmNvbSUyRnNvY2lhbCUyRjIwMjUwODEzLk9CUzEwNjcwMCUyRmNhbmljdWxlLWV0LW1vcnRhbGl0ZS1hdS10cmF2YWlsLXVuZS1yZWFsaXRlLWVuY29yZS1zb3VzLWVzdGltZWUuaHRtbCZyZWRpcmVjdEZyZWU9dHJ1ZQ==\">Cr\u00e9er un compte gratuit<\/span> <\/div>\n<p> <span class=\"latino-100m text-blue-400 text-decoration-underline\" data-piano=\"paywall_gratuitisation,,,se_connecter,navigation\" data-urlencode=\"aHR0cHM6Ly9zZWMubm91dmVsb2JzLmNvbS9zZnVzZXIvY29ubmV4aW9uP3JlZGlyZWN0aW9uVXJsPWh0dHBzJTNBJTJGJTJGd3d3Lm5vdXZlbG9icy5jb20lMkZzb2NpYWwlMkYyMDI1MDgxMy5PQlMxMDY3MDAlMkZjYW5pY3VsZS1ldC1tb3J0YWxpdGUtYXUtdHJhdmFpbC11bmUtcmVhbGl0ZS1lbmNvcmUtc291cy1lc3RpbWVlLmh0bWw=\"> Se connecter <\/span> <\/p>\n<\/p><\/div>\n<p> accidentdutravail-idf.net vous a pr\u00e9par\u00e9 ce post qui informe du sujet \u00ab\u00a0Association Sportive Huisson-Longueville Essonne\u00a0\u00bb. La chronique se veut g\u00e9n\u00e9r\u00e9e du mieux possible. Vous pouvez utiliser les coordonn\u00e9es indiqu\u00e9es sur le site dans le but d\u2019apporter des explications sur ce post qui parle du th\u00e8me \u00ab\u00a0Association Sportive Huisson-Longueville Essonne\u00a0\u00bb. Le site accidentdutravail-idf.net a pour but de fournir diverses publications sur la th\u00e9matique Association Sportive Huisson-Longueville Essonne diffus\u00e9es sur le net. Il y aura plusieurs articles autour du sujet \u00ab\u00a0Association Sportive Huisson-Longueville Essonne\u00a0\u00bb dans quelques jours, nous vous invitons \u00e0 naviguer sur notre site web \u00e0 plusieurs reprises.<\/p>\n","protected":false},"excerpt":{"rendered":"<p>Des travailleurs sur un chantier \u00e0 Toulouse, le 13&nbsp;juillet 2022.&nbsp;VALENTINE CHAPUIS \/ AFP Lire&nbsp;plus&nbsp;tard Google Actualit\u00e9s Partager Masquer ce message Facebook Bluesky E-mail Copier le lien Envoyer S\u2019abonner pour lire Dans un entrep\u00f4t surchauff\u00e9, Alain s\u2019est effondr\u00e9. Deux jours plus tard, le 3&nbsp;juillet, ce salari\u00e9 de Fedex \u00e0 Tremblay (Seine-Saint-Denis) d\u00e9c\u00e9dait \u00e0 l\u2019h\u00f4pital. Temp\u00e9rature corporelle &hellip; <\/p>\n<p class=\"link-more\"><a href=\"https:\/\/www.accidentdutravail-idf.net\/blog\/canicule-et-mortalite-au-travail-une-realite-encore-sous-estimee\/\" class=\"more-link\">Continuer la lecture <span class=\"screen-reader-text\"> \u00ab\u00a0Canicule et mortalit\u00e9 au travail : une r\u00e9alit\u00e9 encore sous-estim\u00e9e\u00a0\u00bb<\/span><\/a><\/p>\n","protected":false},"author":2,"featured_media":0,"comment_status":"closed","ping_status":"closed","sticky":false,"template":"","format":"standard","meta":{"footnotes":""},"categories":[5],"tags":[],"class_list":["post-1646","post","type-post","status-publish","format-standard","hentry","category-securite-du-travail-en-ile-de-france-et-divers","entry"],"yoast_head":"<!-- This site is optimized with the Yoast SEO plugin v27.5 - https:\/\/yoast.com\/product\/yoast-seo-wordpress\/ -->\n<title>Canicule et mortalit\u00e9 au travail : une r\u00e9alit\u00e9 encore sous-estim\u00e9e - ACCIDENTDUTRAVAIL-IDF<\/title>\n<meta name=\"description\" content=\"Canicule et mortalit\u00e9 au travail : une r\u00e9alit\u00e9 encore sous-estim\u00e9e article de ACCIDENTDUTRAVAIL-IDF\" \/>\n<meta name=\"robots\" content=\"index, follow, max-snippet:-1, max-image-preview:large, max-video-preview:-1\" \/>\n<link rel=\"canonical\" href=\"https:\/\/www.accidentdutravail-idf.net\/blog\/canicule-et-mortalite-au-travail-une-realite-encore-sous-estimee\/\" \/>\n<meta property=\"og:locale\" content=\"fr_FR\" \/>\n<meta property=\"og:type\" content=\"article\" \/>\n<meta property=\"og:title\" content=\"Canicule et mortalit\u00e9 au travail : une r\u00e9alit\u00e9 encore sous-estim\u00e9e - ACCIDENTDUTRAVAIL-IDF\" \/>\n<meta property=\"og:description\" content=\"Canicule et mortalit\u00e9 au travail : une r\u00e9alit\u00e9 encore sous-estim\u00e9e article de ACCIDENTDUTRAVAIL-IDF\" \/>\n<meta property=\"og:url\" content=\"https:\/\/www.accidentdutravail-idf.net\/blog\/canicule-et-mortalite-au-travail-une-realite-encore-sous-estimee\/\" \/>\n<meta property=\"og:site_name\" content=\"ACCIDENTDUTRAVAIL-IDF\" \/>\n<meta property=\"article:published_time\" content=\"2025-08-12T23:30:00+00:00\" \/>\n<meta name=\"author\" content=\"Carlos Poulain\" \/>\n<meta name=\"twitter:card\" content=\"summary_large_image\" \/>\n<meta name=\"twitter:label1\" content=\"\u00c9crit par\" \/>\n\t<meta name=\"twitter:data1\" content=\"Carlos Poulain\" \/>\n\t<meta name=\"twitter:label2\" content=\"Dur\u00e9e de lecture estim\u00e9e\" \/>\n\t<meta name=\"twitter:data2\" content=\"1 minute\" \/>\n<script type=\"application\/ld+json\" class=\"yoast-schema-graph\">{\"@context\":\"https:\\\/\\\/schema.org\",\"@graph\":[{\"@type\":\"Article\",\"@id\":\"https:\\\/\\\/www.accidentdutravail-idf.net\\\/blog\\\/canicule-et-mortalite-au-travail-une-realite-encore-sous-estimee\\\/#article\",\"isPartOf\":{\"@id\":\"https:\\\/\\\/www.accidentdutravail-idf.net\\\/blog\\\/canicule-et-mortalite-au-travail-une-realite-encore-sous-estimee\\\/\"},\"author\":{\"name\":\"Carlos Poulain\",\"@id\":\"https:\\\/\\\/www.accidentdutravail-idf.net\\\/blog\\\/#\\\/schema\\\/person\\\/3255d2f970de45e64bd9201f38e7b947\"},\"headline\":\"Canicule et mortalit\u00e9 au travail : une r\u00e9alit\u00e9 encore sous-estim\u00e9e\",\"datePublished\":\"2025-08-12T23:30:00+00:00\",\"mainEntityOfPage\":{\"@id\":\"https:\\\/\\\/www.accidentdutravail-idf.net\\\/blog\\\/canicule-et-mortalite-au-travail-une-realite-encore-sous-estimee\\\/\"},\"wordCount\":268,\"publisher\":{\"@id\":\"https:\\\/\\\/www.accidentdutravail-idf.net\\\/blog\\\/#organization\"},\"articleSection\":[\"S\u00e9curit\u00e9 Du Travail En Ile-De-France Et Divers:\"],\"inLanguage\":\"fr-FR\"},{\"@type\":\"WebPage\",\"@id\":\"https:\\\/\\\/www.accidentdutravail-idf.net\\\/blog\\\/canicule-et-mortalite-au-travail-une-realite-encore-sous-estimee\\\/\",\"url\":\"https:\\\/\\\/www.accidentdutravail-idf.net\\\/blog\\\/canicule-et-mortalite-au-travail-une-realite-encore-sous-estimee\\\/\",\"name\":\"Canicule et mortalit\u00e9 au travail : une r\u00e9alit\u00e9 encore sous-estim\u00e9e - ACCIDENTDUTRAVAIL-IDF\",\"isPartOf\":{\"@id\":\"https:\\\/\\\/www.accidentdutravail-idf.net\\\/blog\\\/#website\"},\"datePublished\":\"2025-08-12T23:30:00+00:00\",\"description\":\"Canicule et mortalit\u00e9 au travail : une r\u00e9alit\u00e9 encore sous-estim\u00e9e article de ACCIDENTDUTRAVAIL-IDF\",\"breadcrumb\":{\"@id\":\"https:\\\/\\\/www.accidentdutravail-idf.net\\\/blog\\\/canicule-et-mortalite-au-travail-une-realite-encore-sous-estimee\\\/#breadcrumb\"},\"inLanguage\":\"fr-FR\",\"potentialAction\":[{\"@type\":\"ReadAction\",\"target\":[\"https:\\\/\\\/www.accidentdutravail-idf.net\\\/blog\\\/canicule-et-mortalite-au-travail-une-realite-encore-sous-estimee\\\/\"]}]},{\"@type\":\"BreadcrumbList\",\"@id\":\"https:\\\/\\\/www.accidentdutravail-idf.net\\\/blog\\\/canicule-et-mortalite-au-travail-une-realite-encore-sous-estimee\\\/#breadcrumb\",\"itemListElement\":[{\"@type\":\"ListItem\",\"position\":1,\"name\":\"Accueil\",\"item\":\"https:\\\/\\\/www.accidentdutravail-idf.net\\\/blog\\\/\"},{\"@type\":\"ListItem\",\"position\":2,\"name\":\"Canicule et mortalit\u00e9 au travail : une r\u00e9alit\u00e9 encore sous-estim\u00e9e\"}]},{\"@type\":\"WebSite\",\"@id\":\"https:\\\/\\\/www.accidentdutravail-idf.net\\\/blog\\\/#website\",\"url\":\"https:\\\/\\\/www.accidentdutravail-idf.net\\\/blog\\\/\",\"name\":\"ACCIDENTDUTRAVAIL-IDF\",\"description\":\"Portail accidents du travail-maladies professionnelles des entreprises d&#039;Ile-de-France\",\"publisher\":{\"@id\":\"https:\\\/\\\/www.accidentdutravail-idf.net\\\/blog\\\/#organization\"},\"potentialAction\":[{\"@type\":\"SearchAction\",\"target\":{\"@type\":\"EntryPoint\",\"urlTemplate\":\"https:\\\/\\\/www.accidentdutravail-idf.net\\\/blog\\\/?s={search_term_string}\"},\"query-input\":{\"@type\":\"PropertyValueSpecification\",\"valueRequired\":true,\"valueName\":\"search_term_string\"}}],\"inLanguage\":\"fr-FR\"},{\"@type\":\"Organization\",\"@id\":\"https:\\\/\\\/www.accidentdutravail-idf.net\\\/blog\\\/#organization\",\"name\":\"accidentdutravail-idf\",\"url\":\"https:\\\/\\\/www.accidentdutravail-idf.net\\\/blog\\\/\",\"logo\":{\"@type\":\"ImageObject\",\"inLanguage\":\"fr-FR\",\"@id\":\"https:\\\/\\\/www.accidentdutravail-idf.net\\\/blog\\\/#\\\/schema\\\/logo\\\/image\\\/\",\"url\":\"https:\\\/\\\/www.accidentdutravail-idf.net\\\/blog\\\/wp-content\\\/uploads\\\/2022\\\/09\\\/logo-2.png\",\"contentUrl\":\"https:\\\/\\\/www.accidentdutravail-idf.net\\\/blog\\\/wp-content\\\/uploads\\\/2022\\\/09\\\/logo-2.png\",\"width\":380,\"height\":291,\"caption\":\"accidentdutravail-idf\"},\"image\":{\"@id\":\"https:\\\/\\\/www.accidentdutravail-idf.net\\\/blog\\\/#\\\/schema\\\/logo\\\/image\\\/\"}},{\"@type\":\"Person\",\"@id\":\"https:\\\/\\\/www.accidentdutravail-idf.net\\\/blog\\\/#\\\/schema\\\/person\\\/3255d2f970de45e64bd9201f38e7b947\",\"name\":\"Carlos Poulain\",\"image\":{\"@type\":\"ImageObject\",\"inLanguage\":\"fr-FR\",\"@id\":\"https:\\\/\\\/secure.gravatar.com\\\/avatar\\\/b1c2f9d3588e34e91adb093635df64ef4b2381991216be7576466cfcdca4baf3?s=96&d=mm&r=g\",\"url\":\"https:\\\/\\\/secure.gravatar.com\\\/avatar\\\/b1c2f9d3588e34e91adb093635df64ef4b2381991216be7576466cfcdca4baf3?s=96&d=mm&r=g\",\"contentUrl\":\"https:\\\/\\\/secure.gravatar.com\\\/avatar\\\/b1c2f9d3588e34e91adb093635df64ef4b2381991216be7576466cfcdca4baf3?s=96&d=mm&r=g\",\"caption\":\"Carlos Poulain\"},\"url\":\"https:\\\/\\\/www.accidentdutravail-idf.net\\\/blog\\\/author\\\/idfcarlos\\\/\"}]}<\/script>\n<!-- \/ Yoast SEO plugin. -->","yoast_head_json":{"title":"Canicule et mortalit\u00e9 au travail : une r\u00e9alit\u00e9 encore sous-estim\u00e9e - ACCIDENTDUTRAVAIL-IDF","description":"Canicule et mortalit\u00e9 au travail : une r\u00e9alit\u00e9 encore sous-estim\u00e9e article de ACCIDENTDUTRAVAIL-IDF","robots":{"index":"index","follow":"follow","max-snippet":"max-snippet:-1","max-image-preview":"max-image-preview:large","max-video-preview":"max-video-preview:-1"},"canonical":"https:\/\/www.accidentdutravail-idf.net\/blog\/canicule-et-mortalite-au-travail-une-realite-encore-sous-estimee\/","og_locale":"fr_FR","og_type":"article","og_title":"Canicule et mortalit\u00e9 au travail : une r\u00e9alit\u00e9 encore sous-estim\u00e9e - ACCIDENTDUTRAVAIL-IDF","og_description":"Canicule et mortalit\u00e9 au travail : une r\u00e9alit\u00e9 encore sous-estim\u00e9e article de ACCIDENTDUTRAVAIL-IDF","og_url":"https:\/\/www.accidentdutravail-idf.net\/blog\/canicule-et-mortalite-au-travail-une-realite-encore-sous-estimee\/","og_site_name":"ACCIDENTDUTRAVAIL-IDF","article_published_time":"2025-08-12T23:30:00+00:00","author":"Carlos Poulain","twitter_card":"summary_large_image","twitter_misc":{"\u00c9crit par":"Carlos Poulain","Dur\u00e9e de lecture estim\u00e9e":"1 minute"},"schema":{"@context":"https:\/\/schema.org","@graph":[{"@type":"Article","@id":"https:\/\/www.accidentdutravail-idf.net\/blog\/canicule-et-mortalite-au-travail-une-realite-encore-sous-estimee\/#article","isPartOf":{"@id":"https:\/\/www.accidentdutravail-idf.net\/blog\/canicule-et-mortalite-au-travail-une-realite-encore-sous-estimee\/"},"author":{"name":"Carlos Poulain","@id":"https:\/\/www.accidentdutravail-idf.net\/blog\/#\/schema\/person\/3255d2f970de45e64bd9201f38e7b947"},"headline":"Canicule et mortalit\u00e9 au travail : une r\u00e9alit\u00e9 encore sous-estim\u00e9e","datePublished":"2025-08-12T23:30:00+00:00","mainEntityOfPage":{"@id":"https:\/\/www.accidentdutravail-idf.net\/blog\/canicule-et-mortalite-au-travail-une-realite-encore-sous-estimee\/"},"wordCount":268,"publisher":{"@id":"https:\/\/www.accidentdutravail-idf.net\/blog\/#organization"},"articleSection":["S\u00e9curit\u00e9 Du Travail En Ile-De-France Et Divers:"],"inLanguage":"fr-FR"},{"@type":"WebPage","@id":"https:\/\/www.accidentdutravail-idf.net\/blog\/canicule-et-mortalite-au-travail-une-realite-encore-sous-estimee\/","url":"https:\/\/www.accidentdutravail-idf.net\/blog\/canicule-et-mortalite-au-travail-une-realite-encore-sous-estimee\/","name":"Canicule et mortalit\u00e9 au travail : une r\u00e9alit\u00e9 encore sous-estim\u00e9e - ACCIDENTDUTRAVAIL-IDF","isPartOf":{"@id":"https:\/\/www.accidentdutravail-idf.net\/blog\/#website"},"datePublished":"2025-08-12T23:30:00+00:00","description":"Canicule et mortalit\u00e9 au travail : une r\u00e9alit\u00e9 encore sous-estim\u00e9e article de ACCIDENTDUTRAVAIL-IDF","breadcrumb":{"@id":"https:\/\/www.accidentdutravail-idf.net\/blog\/canicule-et-mortalite-au-travail-une-realite-encore-sous-estimee\/#breadcrumb"},"inLanguage":"fr-FR","potentialAction":[{"@type":"ReadAction","target":["https:\/\/www.accidentdutravail-idf.net\/blog\/canicule-et-mortalite-au-travail-une-realite-encore-sous-estimee\/"]}]},{"@type":"BreadcrumbList","@id":"https:\/\/www.accidentdutravail-idf.net\/blog\/canicule-et-mortalite-au-travail-une-realite-encore-sous-estimee\/#breadcrumb","itemListElement":[{"@type":"ListItem","position":1,"name":"Accueil","item":"https:\/\/www.accidentdutravail-idf.net\/blog\/"},{"@type":"ListItem","position":2,"name":"Canicule et mortalit\u00e9 au travail : une r\u00e9alit\u00e9 encore sous-estim\u00e9e"}]},{"@type":"WebSite","@id":"https:\/\/www.accidentdutravail-idf.net\/blog\/#website","url":"https:\/\/www.accidentdutravail-idf.net\/blog\/","name":"ACCIDENTDUTRAVAIL-IDF","description":"Portail accidents du travail-maladies professionnelles des entreprises d&#039;Ile-de-France","publisher":{"@id":"https:\/\/www.accidentdutravail-idf.net\/blog\/#organization"},"potentialAction":[{"@type":"SearchAction","target":{"@type":"EntryPoint","urlTemplate":"https:\/\/www.accidentdutravail-idf.net\/blog\/?s={search_term_string}"},"query-input":{"@type":"PropertyValueSpecification","valueRequired":true,"valueName":"search_term_string"}}],"inLanguage":"fr-FR"},{"@type":"Organization","@id":"https:\/\/www.accidentdutravail-idf.net\/blog\/#organization","name":"accidentdutravail-idf","url":"https:\/\/www.accidentdutravail-idf.net\/blog\/","logo":{"@type":"ImageObject","inLanguage":"fr-FR","@id":"https:\/\/www.accidentdutravail-idf.net\/blog\/#\/schema\/logo\/image\/","url":"https:\/\/www.accidentdutravail-idf.net\/blog\/wp-content\/uploads\/2022\/09\/logo-2.png","contentUrl":"https:\/\/www.accidentdutravail-idf.net\/blog\/wp-content\/uploads\/2022\/09\/logo-2.png","width":380,"height":291,"caption":"accidentdutravail-idf"},"image":{"@id":"https:\/\/www.accidentdutravail-idf.net\/blog\/#\/schema\/logo\/image\/"}},{"@type":"Person","@id":"https:\/\/www.accidentdutravail-idf.net\/blog\/#\/schema\/person\/3255d2f970de45e64bd9201f38e7b947","name":"Carlos Poulain","image":{"@type":"ImageObject","inLanguage":"fr-FR","@id":"https:\/\/secure.gravatar.com\/avatar\/b1c2f9d3588e34e91adb093635df64ef4b2381991216be7576466cfcdca4baf3?s=96&d=mm&r=g","url":"https:\/\/secure.gravatar.com\/avatar\/b1c2f9d3588e34e91adb093635df64ef4b2381991216be7576466cfcdca4baf3?s=96&d=mm&r=g","contentUrl":"https:\/\/secure.gravatar.com\/avatar\/b1c2f9d3588e34e91adb093635df64ef4b2381991216be7576466cfcdca4baf3?s=96&d=mm&r=g","caption":"Carlos Poulain"},"url":"https:\/\/www.accidentdutravail-idf.net\/blog\/author\/idfcarlos\/"}]}},"_links":{"self":[{"href":"https:\/\/www.accidentdutravail-idf.net\/blog\/wp-json\/wp\/v2\/posts\/1646","targetHints":{"allow":["GET"]}}],"collection":[{"href":"https:\/\/www.accidentdutravail-idf.net\/blog\/wp-json\/wp\/v2\/posts"}],"about":[{"href":"https:\/\/www.accidentdutravail-idf.net\/blog\/wp-json\/wp\/v2\/types\/post"}],"author":[{"embeddable":true,"href":"https:\/\/www.accidentdutravail-idf.net\/blog\/wp-json\/wp\/v2\/users\/2"}],"replies":[{"embeddable":true,"href":"https:\/\/www.accidentdutravail-idf.net\/blog\/wp-json\/wp\/v2\/comments?post=1646"}],"version-history":[{"count":0,"href":"https:\/\/www.accidentdutravail-idf.net\/blog\/wp-json\/wp\/v2\/posts\/1646\/revisions"}],"wp:attachment":[{"href":"https:\/\/www.accidentdutravail-idf.net\/blog\/wp-json\/wp\/v2\/media?parent=1646"}],"wp:term":[{"taxonomy":"category","embeddable":true,"href":"https:\/\/www.accidentdutravail-idf.net\/blog\/wp-json\/wp\/v2\/categories?post=1646"},{"taxonomy":"post_tag","embeddable":true,"href":"https:\/\/www.accidentdutravail-idf.net\/blog\/wp-json\/wp\/v2\/tags?post=1646"}],"curies":[{"name":"wp","href":"https:\/\/api.w.org\/{rel}","templated":true}]}}