{"id":1645,"date":"2025-08-13T01:56:00","date_gmt":"2025-08-12T23:56:00","guid":{"rendered":"https:\/\/www.accidentdutravail-idf.net\/blog\/canicule-integrer-au-code-du-travail-une-notion-de-temperature-plaide-le-depute-hadrien-clouet\/"},"modified":"2025-08-13T01:56:00","modified_gmt":"2025-08-12T23:56:00","slug":"canicule-integrer-au-code-du-travail-une-notion-de-temperature-plaide-le-depute-hadrien-clouet","status":"publish","type":"post","link":"https:\/\/www.accidentdutravail-idf.net\/blog\/canicule-integrer-au-code-du-travail-une-notion-de-temperature-plaide-le-depute-hadrien-clouet\/","title":{"rendered":"Canicule: \u00ab\u00a0Int\u00e9grer au Code du travail une notion de temp\u00e9rature\u00a0\u00bb, plaide le d\u00e9put\u00e9 Hadrien Clouet"},"content":{"rendered":"<p>Face \u00e0 la canicule et aux dangers qu&rsquo;elle repr\u00e9sente pour certains salari\u00e9s, le d\u00e9put\u00e9 insoumis Hadrien Clouet a d\u00e9fendu sur RMC mercredi sa proposition de loi visant \u00e0 inscrire dans le Code du travail un seuil de temp\u00e9rature. \u00ab\u00a0Ces conditions-l\u00e0 sont dangereuses\u00a0\u00bb, d\u00e9nonce-t-il.<\/p>\n<p>Adapter le Code du travail aux canicules: le d\u00e9put\u00e9 de La France Insoumise Hadrien Clouet a d\u00e9pos\u00e9 une proposition de loi visant \u00e0 imposer des normes aux entreprises lorsque la temp\u00e9rature atteint un certain niveau.<\/p>\n<p>L&rsquo;Insoumis a fix\u00e9 le seuil \u00e0 \u00ab\u00a033 degr\u00e9s\u00a0\u00bb parce qu&rsquo;il est \u00ab\u00a0commun\u00e9ment retenu par les organisations scientifiques pour dire que la sant\u00e9 humaine est en jeu en quelques minutes\u00a0\u00bb \u00e0 ce niveau de temp\u00e9rature, explique ce mercredi sur RMC le d\u00e9put\u00e9. \u00ab\u00a0Il faut int\u00e9grer au Code du travail fran\u00e7ais une notion de temp\u00e9rature\u00a0\u00bb, insiste-t-il.<\/p>\n<p>La France traverse une p\u00e9riode de canicule o\u00f9 les pics de temp\u00e9rature d\u00e9passent les 40 degr\u00e9s. \u00ab\u00a0Ces conditions-l\u00e0 sont dangereuses pour les gens, parce que \u00e7a cause des probl\u00e8mes cardio-vasculaires, et \u00e7a emp\u00eache de se reposer. L&rsquo;\u00e9t\u00e9, il y a des accidents du travail\u00a0\u00bb, rappelle Hadrien Clouet au micro d&rsquo;<i><a href=\"https:\/\/rmc.bfmtv.com\/replay-emissions\/apolline-matin\/\" target=\"_blank\" class=\"external_link\" rel=\"nofollow\">Apolline Matin<\/a><\/i>.<\/p>\n<div class=\"embed episode_embed\">\n<div class=\"episode_embed_col_left\"><img decoding=\"async\" src=\"https:\/\/www.accidentdutravail-idf.net\/blog\/wp-content\/uploads\/2025\/08\/canicule-integrer-au-code-du-travail-une-notion-de-temperature-plaide-le-depute-hadrien-clouet.jpg\" alt=\"Le choix de Martin : Hadrien Clouet - 13\/08\" title=\"Le choix de Martin : Hadrien Clouet - 13\/08\"><\/div>\n<div class=\"episode_embed_col_right\">\n<div class=\"podcast_wrapper_infos\" data-audio-src=\"https:\/\/altice.simplecastaudio.com\/d453a6c0-dffa-4fc3-86eb-0f4701eee0b5\/episodes\/059a9a55-4038-4ab2-88e5-257825addc59\/audio\/128\/default.mp3?awCollectionId=d453a6c0-dffa-4fc3-86eb-0f4701eee0b5&amp;awEpisodeId=059a9a55-4038-4ab2-88e5-257825addc59&amp;category=News&amp;episode_published_at=2025-08-13T05%3A53%3A33&amp;episode_title=Le+choix+de+Martin+%3A+Hadrien+Clouet+-+13%2F08&amp;network=243043218706&amp;podcast_title=Apolline+Matin\" data-img-src=\"https:\/\/images.bfmtv.com\/bqJBDV6hWfHvt_JG_rkxYi19-Gg=\/0x0:0x0\/180x0\/podcast\/podcasts\/principale-131_7.jpg\" data-title=\"Le choix de Martin : Hadrien Clouet - 13\/08\" data-id=\"202508130144\" data-podcast-nom=\"Apolline Matin\" data-podcast-url=\"https:\/\/rmc.bfmtv.com\/replay-emissions\/apolline-matin\/podcast\/\"><span class=\"episode_embed_titre podcast_title_container\">Le choix de Martin : Hadrien Clouet &#8211; 13\/08<\/span><\/div>\n<\/div>\n<\/div>\n<p>Selon une \u00e9tude, r\u00e9alis\u00e9e par <a href=\"https:\/\/www.etui.org\/sites\/default\/files\/2021-11\/Heatwaves%20as%20an%20occupational%20hazard%20The%20impact%20of%20heat%20and%20heatwaves%20on%20workers%E2%80%99%20health%2C%20safety%20and%20wellbeing%20and%20on%20social%20inequalities-2021.pdf\" target=\"_blank\" class=\"external_link\" rel=\"nofollow\">le centre de recherche de la Cond\u00e9f\u00e9ration europ\u00e9enne des syndicats<\/a>, lorsque la temp\u00e9rature atteint 30 \u00e0 33\u00b0C, \u00ab\u00a0le risque global d&rsquo;accidents du travail est de 5 \u00e0 7% plus \u00e9lev\u00e9\u00a0\u00bb. Ce chiffre monte \u00e0 10-15% pour des marques \u00e0 38\u00b0C.<\/p>\n<h2 class=\"subheading\" id=\"6ofbm\">Des exemples europ\u00e9ens<\/h2>\n<p>La <a href=\"https:\/\/www.assemblee-nationale.fr\/dyn\/17\/textes\/l17b0598_proposition-loi\" target=\"_blank\" class=\"external_link\" rel=\"nofollow\">proposition de loi de Hadrien Clouet<\/a> vise \u00e0 \u00ab\u00a0\u00e9tablir une obligation l\u00e9gale d&rsquo;avoir des temps de pause lorsqu&rsquo;on d\u00e9passe un certain niveau de chaleur et reconna\u00eetre le droit d\u2019interruption des chantiers du BTP\u00a0\u00bb. Cela repr\u00e9sente une \u00ab\u00a0adaptation du Code du travail au d\u00e9r\u00e8glement climatique\u00a0\u00bb.<\/p>\n<p>M\u00eame si des entreprises ont d\u00e9j\u00e0 mis en place ce genre de mesures, le d\u00e9put\u00e9 LFI souhaite instaurer davantage d&rsquo;\u00e9galit\u00e9: \u00ab\u00a0Le danger de la situation qu&rsquo;on a aujourd&rsquo;hui, c&rsquo;est que l&#8217;employeur qui prend toutes les mesures soit en concurrence avec celui qui ne les prend pas. Autant avoir une norme pour tout le monde.\u00a0\u00bb<\/p>\n<p>L&rsquo;\u00e9lu insoumis rappelle que \u00ab\u00a0d&rsquo;autres pays europ\u00e9ens\u00a0\u00bb ont d\u00e9j\u00e0 mis en place des lois en ce sens. Il cite notamment l&rsquo;Espagne, o\u00f9, depuis 2023, les entreprises sont oblig\u00e9es de prendre des mesures lorsque les temp\u00e9ratures atteignent plus de 30\u00b0C.<\/p>\n<p>En Lettonie, une loi fixe la temp\u00e9rature maximale en int\u00e9rieur \u00e0 28\u00b0C pour travailler, mais aucune limite n&rsquo;a \u00e9t\u00e9 mise en place pour les missions en ext\u00e9rieur. Au Mont\u00e9n\u00e9gro, le seuil en ext\u00e9rieur est fix\u00e9 \u00e0 28\u00b0C. Enfin, \u00e0 Chypre, plus il fait chaud, plus les employ\u00e9s ont du temps de repos.<\/p>\n<div class=\"block_signature_parent\" id=\"block_signature_parent\">\n<div class=\"block_signature signature_marque\">\n<p><span class=\"author_name\">Tanguy Roman Clavelloux<\/span><\/p>\n<\/div>\n<\/div>\n<p>accidentdutravail-idf.net vous a pr\u00e9par\u00e9 ce post qui informe du sujet \u00ab\u00a0Association Sportive Huisson-Longueville Essonne\u00a0\u00bb. La chronique se veut g\u00e9n\u00e9r\u00e9e du mieux possible. Vous pouvez utiliser les coordonn\u00e9es indiqu\u00e9es sur le site dans le but d\u2019apporter des explications sur ce post qui parle du th\u00e8me \u00ab\u00a0Association Sportive Huisson-Longueville Essonne\u00a0\u00bb. Le site accidentdutravail-idf.net a pour but de fournir diverses publications sur la th\u00e9matique Association Sportive Huisson-Longueville Essonne diffus\u00e9es sur le net. Il y aura plusieurs articles autour du sujet \u00ab\u00a0Association Sportive Huisson-Longueville Essonne\u00a0\u00bb dans quelques jours, nous vous invitons \u00e0 naviguer sur notre site web \u00e0 plusieurs reprises.<\/p>\n","protected":false},"excerpt":{"rendered":"<p>Face \u00e0 la canicule et aux dangers qu&rsquo;elle repr\u00e9sente pour certains salari\u00e9s, le d\u00e9put\u00e9 insoumis Hadrien Clouet a d\u00e9fendu sur RMC mercredi sa proposition de loi visant \u00e0 inscrire dans le Code du travail un seuil de temp\u00e9rature. \u00ab\u00a0Ces conditions-l\u00e0 sont dangereuses\u00a0\u00bb, d\u00e9nonce-t-il. Adapter le Code du travail aux canicules: le d\u00e9put\u00e9 de La France &hellip; <\/p>\n<p class=\"link-more\"><a href=\"https:\/\/www.accidentdutravail-idf.net\/blog\/canicule-integrer-au-code-du-travail-une-notion-de-temperature-plaide-le-depute-hadrien-clouet\/\" class=\"more-link\">Continuer la lecture <span class=\"screen-reader-text\"> \u00ab\u00a0Canicule: \u00ab\u00a0Int\u00e9grer au Code du travail une notion de temp\u00e9rature\u00a0\u00bb, plaide le d\u00e9put\u00e9 Hadrien Clouet\u00a0\u00bb<\/span><\/a><\/p>\n","protected":false},"author":2,"featured_media":0,"comment_status":"closed","ping_status":"closed","sticky":false,"template":"","format":"standard","meta":{"footnotes":""},"categories":[5],"tags":[],"class_list":["post-1645","post","type-post","status-publish","format-standard","hentry","category-securite-du-travail-en-ile-de-france-et-divers","entry"],"yoast_head":"<!-- This site is optimized with the Yoast SEO plugin v27.5 - https:\/\/yoast.com\/product\/yoast-seo-wordpress\/ -->\n<title>Canicule: &quot;Int\u00e9grer au Code du travail une notion de temp\u00e9rature&quot;, plaide le d\u00e9put\u00e9 Hadrien Clouet - ACCIDENTDUTRAVAIL-IDF<\/title>\n<meta name=\"description\" content=\"Canicule: &quot;Int\u00e9grer au Code du travail une notion de temp\u00e9rature&quot;, plaide le d\u00e9put\u00e9 Hadrien Clouet article de ACCIDENTDUTRAVAIL-IDF\" \/>\n<meta name=\"robots\" content=\"index, follow, max-snippet:-1, max-image-preview:large, max-video-preview:-1\" \/>\n<link rel=\"canonical\" href=\"https:\/\/www.accidentdutravail-idf.net\/blog\/canicule-integrer-au-code-du-travail-une-notion-de-temperature-plaide-le-depute-hadrien-clouet\/\" \/>\n<meta property=\"og:locale\" content=\"fr_FR\" \/>\n<meta property=\"og:type\" content=\"article\" \/>\n<meta property=\"og:title\" content=\"Canicule: &quot;Int\u00e9grer au Code du travail une notion de temp\u00e9rature&quot;, plaide le d\u00e9put\u00e9 Hadrien Clouet - ACCIDENTDUTRAVAIL-IDF\" \/>\n<meta property=\"og:description\" content=\"Canicule: &quot;Int\u00e9grer au Code du travail une notion de temp\u00e9rature&quot;, plaide le d\u00e9put\u00e9 Hadrien Clouet article de ACCIDENTDUTRAVAIL-IDF\" \/>\n<meta property=\"og:url\" content=\"https:\/\/www.accidentdutravail-idf.net\/blog\/canicule-integrer-au-code-du-travail-une-notion-de-temperature-plaide-le-depute-hadrien-clouet\/\" \/>\n<meta property=\"og:site_name\" content=\"ACCIDENTDUTRAVAIL-IDF\" \/>\n<meta property=\"article:published_time\" content=\"2025-08-12T23:56:00+00:00\" \/>\n<meta property=\"og:image\" content=\"https:\/\/www.accidentdutravail-idf.net\/blog\/wp-content\/uploads\/2025\/08\/canicule-integrer-au-code-du-travail-une-notion-de-temperature-plaide-le-depute-hadrien-clouet.jpg\" \/>\n<meta name=\"author\" content=\"Carlos Poulain\" \/>\n<meta name=\"twitter:card\" content=\"summary_large_image\" \/>\n<meta name=\"twitter:label1\" content=\"\u00c9crit par\" \/>\n\t<meta name=\"twitter:data1\" content=\"Carlos Poulain\" \/>\n\t<meta name=\"twitter:label2\" content=\"Dur\u00e9e de lecture estim\u00e9e\" \/>\n\t<meta name=\"twitter:data2\" content=\"3 minutes\" \/>\n<script type=\"application\/ld+json\" class=\"yoast-schema-graph\">{\"@context\":\"https:\\\/\\\/schema.org\",\"@graph\":[{\"@type\":\"Article\",\"@id\":\"https:\\\/\\\/www.accidentdutravail-idf.net\\\/blog\\\/canicule-integrer-au-code-du-travail-une-notion-de-temperature-plaide-le-depute-hadrien-clouet\\\/#article\",\"isPartOf\":{\"@id\":\"https:\\\/\\\/www.accidentdutravail-idf.net\\\/blog\\\/canicule-integrer-au-code-du-travail-une-notion-de-temperature-plaide-le-depute-hadrien-clouet\\\/\"},\"author\":{\"name\":\"Carlos Poulain\",\"@id\":\"https:\\\/\\\/www.accidentdutravail-idf.net\\\/blog\\\/#\\\/schema\\\/person\\\/3255d2f970de45e64bd9201f38e7b947\"},\"headline\":\"Canicule: \u00ab\u00a0Int\u00e9grer au Code du travail une notion de temp\u00e9rature\u00a0\u00bb, plaide le d\u00e9put\u00e9 Hadrien Clouet\",\"datePublished\":\"2025-08-12T23:56:00+00:00\",\"mainEntityOfPage\":{\"@id\":\"https:\\\/\\\/www.accidentdutravail-idf.net\\\/blog\\\/canicule-integrer-au-code-du-travail-une-notion-de-temperature-plaide-le-depute-hadrien-clouet\\\/\"},\"wordCount\":590,\"publisher\":{\"@id\":\"https:\\\/\\\/www.accidentdutravail-idf.net\\\/blog\\\/#organization\"},\"image\":{\"@id\":\"https:\\\/\\\/www.accidentdutravail-idf.net\\\/blog\\\/canicule-integrer-au-code-du-travail-une-notion-de-temperature-plaide-le-depute-hadrien-clouet\\\/#primaryimage\"},\"thumbnailUrl\":\"https:\\\/\\\/www.accidentdutravail-idf.net\\\/blog\\\/wp-content\\\/uploads\\\/2025\\\/08\\\/canicule-integrer-au-code-du-travail-une-notion-de-temperature-plaide-le-depute-hadrien-clouet.jpg\",\"articleSection\":[\"S\u00e9curit\u00e9 Du Travail En Ile-De-France Et Divers:\"],\"inLanguage\":\"fr-FR\"},{\"@type\":\"WebPage\",\"@id\":\"https:\\\/\\\/www.accidentdutravail-idf.net\\\/blog\\\/canicule-integrer-au-code-du-travail-une-notion-de-temperature-plaide-le-depute-hadrien-clouet\\\/\",\"url\":\"https:\\\/\\\/www.accidentdutravail-idf.net\\\/blog\\\/canicule-integrer-au-code-du-travail-une-notion-de-temperature-plaide-le-depute-hadrien-clouet\\\/\",\"name\":\"Canicule: \\\"Int\u00e9grer au Code du travail une notion de temp\u00e9rature\\\", plaide le d\u00e9put\u00e9 Hadrien Clouet - ACCIDENTDUTRAVAIL-IDF\",\"isPartOf\":{\"@id\":\"https:\\\/\\\/www.accidentdutravail-idf.net\\\/blog\\\/#website\"},\"primaryImageOfPage\":{\"@id\":\"https:\\\/\\\/www.accidentdutravail-idf.net\\\/blog\\\/canicule-integrer-au-code-du-travail-une-notion-de-temperature-plaide-le-depute-hadrien-clouet\\\/#primaryimage\"},\"image\":{\"@id\":\"https:\\\/\\\/www.accidentdutravail-idf.net\\\/blog\\\/canicule-integrer-au-code-du-travail-une-notion-de-temperature-plaide-le-depute-hadrien-clouet\\\/#primaryimage\"},\"thumbnailUrl\":\"https:\\\/\\\/www.accidentdutravail-idf.net\\\/blog\\\/wp-content\\\/uploads\\\/2025\\\/08\\\/canicule-integrer-au-code-du-travail-une-notion-de-temperature-plaide-le-depute-hadrien-clouet.jpg\",\"datePublished\":\"2025-08-12T23:56:00+00:00\",\"description\":\"Canicule: \\\"Int\u00e9grer au Code du travail une notion de temp\u00e9rature\\\", plaide le d\u00e9put\u00e9 Hadrien Clouet article de ACCIDENTDUTRAVAIL-IDF\",\"breadcrumb\":{\"@id\":\"https:\\\/\\\/www.accidentdutravail-idf.net\\\/blog\\\/canicule-integrer-au-code-du-travail-une-notion-de-temperature-plaide-le-depute-hadrien-clouet\\\/#breadcrumb\"},\"inLanguage\":\"fr-FR\",\"potentialAction\":[{\"@type\":\"ReadAction\",\"target\":[\"https:\\\/\\\/www.accidentdutravail-idf.net\\\/blog\\\/canicule-integrer-au-code-du-travail-une-notion-de-temperature-plaide-le-depute-hadrien-clouet\\\/\"]}]},{\"@type\":\"ImageObject\",\"inLanguage\":\"fr-FR\",\"@id\":\"https:\\\/\\\/www.accidentdutravail-idf.net\\\/blog\\\/canicule-integrer-au-code-du-travail-une-notion-de-temperature-plaide-le-depute-hadrien-clouet\\\/#primaryimage\",\"url\":\"https:\\\/\\\/www.accidentdutravail-idf.net\\\/blog\\\/wp-content\\\/uploads\\\/2025\\\/08\\\/canicule-integrer-au-code-du-travail-une-notion-de-temperature-plaide-le-depute-hadrien-clouet.jpg\",\"contentUrl\":\"https:\\\/\\\/www.accidentdutravail-idf.net\\\/blog\\\/wp-content\\\/uploads\\\/2025\\\/08\\\/canicule-integrer-au-code-du-travail-une-notion-de-temperature-plaide-le-depute-hadrien-clouet.jpg\"},{\"@type\":\"BreadcrumbList\",\"@id\":\"https:\\\/\\\/www.accidentdutravail-idf.net\\\/blog\\\/canicule-integrer-au-code-du-travail-une-notion-de-temperature-plaide-le-depute-hadrien-clouet\\\/#breadcrumb\",\"itemListElement\":[{\"@type\":\"ListItem\",\"position\":1,\"name\":\"Accueil\",\"item\":\"https:\\\/\\\/www.accidentdutravail-idf.net\\\/blog\\\/\"},{\"@type\":\"ListItem\",\"position\":2,\"name\":\"Canicule: \u00ab\u00a0Int\u00e9grer au Code du travail une notion de temp\u00e9rature\u00a0\u00bb, plaide le d\u00e9put\u00e9 Hadrien Clouet\"}]},{\"@type\":\"WebSite\",\"@id\":\"https:\\\/\\\/www.accidentdutravail-idf.net\\\/blog\\\/#website\",\"url\":\"https:\\\/\\\/www.accidentdutravail-idf.net\\\/blog\\\/\",\"name\":\"ACCIDENTDUTRAVAIL-IDF\",\"description\":\"Portail accidents du travail-maladies professionnelles des entreprises d&#039;Ile-de-France\",\"publisher\":{\"@id\":\"https:\\\/\\\/www.accidentdutravail-idf.net\\\/blog\\\/#organization\"},\"potentialAction\":[{\"@type\":\"SearchAction\",\"target\":{\"@type\":\"EntryPoint\",\"urlTemplate\":\"https:\\\/\\\/www.accidentdutravail-idf.net\\\/blog\\\/?s={search_term_string}\"},\"query-input\":{\"@type\":\"PropertyValueSpecification\",\"valueRequired\":true,\"valueName\":\"search_term_string\"}}],\"inLanguage\":\"fr-FR\"},{\"@type\":\"Organization\",\"@id\":\"https:\\\/\\\/www.accidentdutravail-idf.net\\\/blog\\\/#organization\",\"name\":\"accidentdutravail-idf\",\"url\":\"https:\\\/\\\/www.accidentdutravail-idf.net\\\/blog\\\/\",\"logo\":{\"@type\":\"ImageObject\",\"inLanguage\":\"fr-FR\",\"@id\":\"https:\\\/\\\/www.accidentdutravail-idf.net\\\/blog\\\/#\\\/schema\\\/logo\\\/image\\\/\",\"url\":\"https:\\\/\\\/www.accidentdutravail-idf.net\\\/blog\\\/wp-content\\\/uploads\\\/2022\\\/09\\\/logo-2.png\",\"contentUrl\":\"https:\\\/\\\/www.accidentdutravail-idf.net\\\/blog\\\/wp-content\\\/uploads\\\/2022\\\/09\\\/logo-2.png\",\"width\":380,\"height\":291,\"caption\":\"accidentdutravail-idf\"},\"image\":{\"@id\":\"https:\\\/\\\/www.accidentdutravail-idf.net\\\/blog\\\/#\\\/schema\\\/logo\\\/image\\\/\"}},{\"@type\":\"Person\",\"@id\":\"https:\\\/\\\/www.accidentdutravail-idf.net\\\/blog\\\/#\\\/schema\\\/person\\\/3255d2f970de45e64bd9201f38e7b947\",\"name\":\"Carlos Poulain\",\"image\":{\"@type\":\"ImageObject\",\"inLanguage\":\"fr-FR\",\"@id\":\"https:\\\/\\\/secure.gravatar.com\\\/avatar\\\/b1c2f9d3588e34e91adb093635df64ef4b2381991216be7576466cfcdca4baf3?s=96&d=mm&r=g\",\"url\":\"https:\\\/\\\/secure.gravatar.com\\\/avatar\\\/b1c2f9d3588e34e91adb093635df64ef4b2381991216be7576466cfcdca4baf3?s=96&d=mm&r=g\",\"contentUrl\":\"https:\\\/\\\/secure.gravatar.com\\\/avatar\\\/b1c2f9d3588e34e91adb093635df64ef4b2381991216be7576466cfcdca4baf3?s=96&d=mm&r=g\",\"caption\":\"Carlos Poulain\"},\"url\":\"https:\\\/\\\/www.accidentdutravail-idf.net\\\/blog\\\/author\\\/idfcarlos\\\/\"}]}<\/script>\n<!-- \/ Yoast SEO plugin. -->","yoast_head_json":{"title":"Canicule: \"Int\u00e9grer au Code du travail une notion de temp\u00e9rature\", plaide le d\u00e9put\u00e9 Hadrien Clouet - ACCIDENTDUTRAVAIL-IDF","description":"Canicule: \"Int\u00e9grer au Code du travail une notion de temp\u00e9rature\", plaide le d\u00e9put\u00e9 Hadrien Clouet article de ACCIDENTDUTRAVAIL-IDF","robots":{"index":"index","follow":"follow","max-snippet":"max-snippet:-1","max-image-preview":"max-image-preview:large","max-video-preview":"max-video-preview:-1"},"canonical":"https:\/\/www.accidentdutravail-idf.net\/blog\/canicule-integrer-au-code-du-travail-une-notion-de-temperature-plaide-le-depute-hadrien-clouet\/","og_locale":"fr_FR","og_type":"article","og_title":"Canicule: \"Int\u00e9grer au Code du travail une notion de temp\u00e9rature\", plaide le d\u00e9put\u00e9 Hadrien Clouet - ACCIDENTDUTRAVAIL-IDF","og_description":"Canicule: \"Int\u00e9grer au Code du travail une notion de temp\u00e9rature\", plaide le d\u00e9put\u00e9 Hadrien Clouet article de ACCIDENTDUTRAVAIL-IDF","og_url":"https:\/\/www.accidentdutravail-idf.net\/blog\/canicule-integrer-au-code-du-travail-une-notion-de-temperature-plaide-le-depute-hadrien-clouet\/","og_site_name":"ACCIDENTDUTRAVAIL-IDF","article_published_time":"2025-08-12T23:56:00+00:00","og_image":[{"url":"https:\/\/www.accidentdutravail-idf.net\/blog\/wp-content\/uploads\/2025\/08\/canicule-integrer-au-code-du-travail-une-notion-de-temperature-plaide-le-depute-hadrien-clouet.jpg","type":"","width":"","height":""}],"author":"Carlos Poulain","twitter_card":"summary_large_image","twitter_misc":{"\u00c9crit par":"Carlos Poulain","Dur\u00e9e de lecture estim\u00e9e":"3 minutes"},"schema":{"@context":"https:\/\/schema.org","@graph":[{"@type":"Article","@id":"https:\/\/www.accidentdutravail-idf.net\/blog\/canicule-integrer-au-code-du-travail-une-notion-de-temperature-plaide-le-depute-hadrien-clouet\/#article","isPartOf":{"@id":"https:\/\/www.accidentdutravail-idf.net\/blog\/canicule-integrer-au-code-du-travail-une-notion-de-temperature-plaide-le-depute-hadrien-clouet\/"},"author":{"name":"Carlos Poulain","@id":"https:\/\/www.accidentdutravail-idf.net\/blog\/#\/schema\/person\/3255d2f970de45e64bd9201f38e7b947"},"headline":"Canicule: \u00ab\u00a0Int\u00e9grer au Code du travail une notion de temp\u00e9rature\u00a0\u00bb, plaide le d\u00e9put\u00e9 Hadrien Clouet","datePublished":"2025-08-12T23:56:00+00:00","mainEntityOfPage":{"@id":"https:\/\/www.accidentdutravail-idf.net\/blog\/canicule-integrer-au-code-du-travail-une-notion-de-temperature-plaide-le-depute-hadrien-clouet\/"},"wordCount":590,"publisher":{"@id":"https:\/\/www.accidentdutravail-idf.net\/blog\/#organization"},"image":{"@id":"https:\/\/www.accidentdutravail-idf.net\/blog\/canicule-integrer-au-code-du-travail-une-notion-de-temperature-plaide-le-depute-hadrien-clouet\/#primaryimage"},"thumbnailUrl":"https:\/\/www.accidentdutravail-idf.net\/blog\/wp-content\/uploads\/2025\/08\/canicule-integrer-au-code-du-travail-une-notion-de-temperature-plaide-le-depute-hadrien-clouet.jpg","articleSection":["S\u00e9curit\u00e9 Du Travail En Ile-De-France Et Divers:"],"inLanguage":"fr-FR"},{"@type":"WebPage","@id":"https:\/\/www.accidentdutravail-idf.net\/blog\/canicule-integrer-au-code-du-travail-une-notion-de-temperature-plaide-le-depute-hadrien-clouet\/","url":"https:\/\/www.accidentdutravail-idf.net\/blog\/canicule-integrer-au-code-du-travail-une-notion-de-temperature-plaide-le-depute-hadrien-clouet\/","name":"Canicule: \"Int\u00e9grer au Code du travail une notion de temp\u00e9rature\", plaide le d\u00e9put\u00e9 Hadrien Clouet - ACCIDENTDUTRAVAIL-IDF","isPartOf":{"@id":"https:\/\/www.accidentdutravail-idf.net\/blog\/#website"},"primaryImageOfPage":{"@id":"https:\/\/www.accidentdutravail-idf.net\/blog\/canicule-integrer-au-code-du-travail-une-notion-de-temperature-plaide-le-depute-hadrien-clouet\/#primaryimage"},"image":{"@id":"https:\/\/www.accidentdutravail-idf.net\/blog\/canicule-integrer-au-code-du-travail-une-notion-de-temperature-plaide-le-depute-hadrien-clouet\/#primaryimage"},"thumbnailUrl":"https:\/\/www.accidentdutravail-idf.net\/blog\/wp-content\/uploads\/2025\/08\/canicule-integrer-au-code-du-travail-une-notion-de-temperature-plaide-le-depute-hadrien-clouet.jpg","datePublished":"2025-08-12T23:56:00+00:00","description":"Canicule: \"Int\u00e9grer au Code du travail une notion de temp\u00e9rature\", plaide le d\u00e9put\u00e9 Hadrien Clouet article de ACCIDENTDUTRAVAIL-IDF","breadcrumb":{"@id":"https:\/\/www.accidentdutravail-idf.net\/blog\/canicule-integrer-au-code-du-travail-une-notion-de-temperature-plaide-le-depute-hadrien-clouet\/#breadcrumb"},"inLanguage":"fr-FR","potentialAction":[{"@type":"ReadAction","target":["https:\/\/www.accidentdutravail-idf.net\/blog\/canicule-integrer-au-code-du-travail-une-notion-de-temperature-plaide-le-depute-hadrien-clouet\/"]}]},{"@type":"ImageObject","inLanguage":"fr-FR","@id":"https:\/\/www.accidentdutravail-idf.net\/blog\/canicule-integrer-au-code-du-travail-une-notion-de-temperature-plaide-le-depute-hadrien-clouet\/#primaryimage","url":"https:\/\/www.accidentdutravail-idf.net\/blog\/wp-content\/uploads\/2025\/08\/canicule-integrer-au-code-du-travail-une-notion-de-temperature-plaide-le-depute-hadrien-clouet.jpg","contentUrl":"https:\/\/www.accidentdutravail-idf.net\/blog\/wp-content\/uploads\/2025\/08\/canicule-integrer-au-code-du-travail-une-notion-de-temperature-plaide-le-depute-hadrien-clouet.jpg"},{"@type":"BreadcrumbList","@id":"https:\/\/www.accidentdutravail-idf.net\/blog\/canicule-integrer-au-code-du-travail-une-notion-de-temperature-plaide-le-depute-hadrien-clouet\/#breadcrumb","itemListElement":[{"@type":"ListItem","position":1,"name":"Accueil","item":"https:\/\/www.accidentdutravail-idf.net\/blog\/"},{"@type":"ListItem","position":2,"name":"Canicule: \u00ab\u00a0Int\u00e9grer au Code du travail une notion de temp\u00e9rature\u00a0\u00bb, plaide le d\u00e9put\u00e9 Hadrien Clouet"}]},{"@type":"WebSite","@id":"https:\/\/www.accidentdutravail-idf.net\/blog\/#website","url":"https:\/\/www.accidentdutravail-idf.net\/blog\/","name":"ACCIDENTDUTRAVAIL-IDF","description":"Portail accidents du travail-maladies professionnelles des entreprises d&#039;Ile-de-France","publisher":{"@id":"https:\/\/www.accidentdutravail-idf.net\/blog\/#organization"},"potentialAction":[{"@type":"SearchAction","target":{"@type":"EntryPoint","urlTemplate":"https:\/\/www.accidentdutravail-idf.net\/blog\/?s={search_term_string}"},"query-input":{"@type":"PropertyValueSpecification","valueRequired":true,"valueName":"search_term_string"}}],"inLanguage":"fr-FR"},{"@type":"Organization","@id":"https:\/\/www.accidentdutravail-idf.net\/blog\/#organization","name":"accidentdutravail-idf","url":"https:\/\/www.accidentdutravail-idf.net\/blog\/","logo":{"@type":"ImageObject","inLanguage":"fr-FR","@id":"https:\/\/www.accidentdutravail-idf.net\/blog\/#\/schema\/logo\/image\/","url":"https:\/\/www.accidentdutravail-idf.net\/blog\/wp-content\/uploads\/2022\/09\/logo-2.png","contentUrl":"https:\/\/www.accidentdutravail-idf.net\/blog\/wp-content\/uploads\/2022\/09\/logo-2.png","width":380,"height":291,"caption":"accidentdutravail-idf"},"image":{"@id":"https:\/\/www.accidentdutravail-idf.net\/blog\/#\/schema\/logo\/image\/"}},{"@type":"Person","@id":"https:\/\/www.accidentdutravail-idf.net\/blog\/#\/schema\/person\/3255d2f970de45e64bd9201f38e7b947","name":"Carlos Poulain","image":{"@type":"ImageObject","inLanguage":"fr-FR","@id":"https:\/\/secure.gravatar.com\/avatar\/b1c2f9d3588e34e91adb093635df64ef4b2381991216be7576466cfcdca4baf3?s=96&d=mm&r=g","url":"https:\/\/secure.gravatar.com\/avatar\/b1c2f9d3588e34e91adb093635df64ef4b2381991216be7576466cfcdca4baf3?s=96&d=mm&r=g","contentUrl":"https:\/\/secure.gravatar.com\/avatar\/b1c2f9d3588e34e91adb093635df64ef4b2381991216be7576466cfcdca4baf3?s=96&d=mm&r=g","caption":"Carlos Poulain"},"url":"https:\/\/www.accidentdutravail-idf.net\/blog\/author\/idfcarlos\/"}]}},"_links":{"self":[{"href":"https:\/\/www.accidentdutravail-idf.net\/blog\/wp-json\/wp\/v2\/posts\/1645","targetHints":{"allow":["GET"]}}],"collection":[{"href":"https:\/\/www.accidentdutravail-idf.net\/blog\/wp-json\/wp\/v2\/posts"}],"about":[{"href":"https:\/\/www.accidentdutravail-idf.net\/blog\/wp-json\/wp\/v2\/types\/post"}],"author":[{"embeddable":true,"href":"https:\/\/www.accidentdutravail-idf.net\/blog\/wp-json\/wp\/v2\/users\/2"}],"replies":[{"embeddable":true,"href":"https:\/\/www.accidentdutravail-idf.net\/blog\/wp-json\/wp\/v2\/comments?post=1645"}],"version-history":[{"count":0,"href":"https:\/\/www.accidentdutravail-idf.net\/blog\/wp-json\/wp\/v2\/posts\/1645\/revisions"}],"wp:attachment":[{"href":"https:\/\/www.accidentdutravail-idf.net\/blog\/wp-json\/wp\/v2\/media?parent=1645"}],"wp:term":[{"taxonomy":"category","embeddable":true,"href":"https:\/\/www.accidentdutravail-idf.net\/blog\/wp-json\/wp\/v2\/categories?post=1645"},{"taxonomy":"post_tag","embeddable":true,"href":"https:\/\/www.accidentdutravail-idf.net\/blog\/wp-json\/wp\/v2\/tags?post=1645"}],"curies":[{"name":"wp","href":"https:\/\/api.w.org\/{rel}","templated":true}]}}