{"id":1644,"date":"2015-11-09T18:00:00","date_gmt":"2015-11-09T16:00:00","guid":{"rendered":"https:\/\/www.accidentdutravail-idf.net\/blog\/declaration-daccident-du-travail-par-lemployeur-evous\/"},"modified":"2015-11-09T18:00:00","modified_gmt":"2015-11-09T16:00:00","slug":"declaration-daccident-du-travail-par-lemployeur-evous","status":"publish","type":"post","link":"https:\/\/www.accidentdutravail-idf.net\/blog\/declaration-daccident-du-travail-par-lemployeur-evous\/","title":{"rendered":"D\u00e9claration d\u2019accident du travail par l\u2019employeur &#8211; .evous"},"content":{"rendered":"<p>Est consid\u00e9r\u00e9 comme accident du travail ou de trajet tout accident qui survient par le fait ou \u00e0 l\u2019occasion du travail, \u00e0 un salari\u00e9 ou \u00e0 une personne travaillant, \u00e0 quelque titre ou en quelque lieu que ce soit, pour un ou plusieurs employeurs. L\u2019employeur est tenu de le d\u00e9clarer d\u00e8s qu\u2019il en prend connaissance.<\/p>\n<p><strong>Crit\u00e8res de l\u2019accident de travail<\/strong><\/p>\n<p>Pour \u00eatre qualifi\u00e9 d\u2019accident du travail, l\u2019\u00e9v\u00e9nement doit r\u00e9unir plusieurs crit\u00e8res&nbsp;:<br \/>\n<br \/><span class=\"spip-puce ltr\"><b>\u2013<\/b><\/span>&nbsp;un \u00e9v\u00e9nement soudain (une chute, par exemple),<br \/>\n<br \/><span class=\"spip-puce ltr\"><b>\u2013<\/b><\/span>&nbsp;une l\u00e9sion corporelle ou psychique,<br \/>\n<br \/><span class=\"spip-puce ltr\"><b>\u2013<\/b><\/span>&nbsp;la survenance de l\u2019accident au cours ou \u00e0 l\u2019occasion du travail.<\/p>\n<p>L\u2019accident de trajet doit avoir lieu pendant l\u2019aller-retour entre le lieu du travail et l\u2019un des lieux suivants&nbsp;:<br \/>\n<br \/><span class=\"spip-puce ltr\"><b>\u2013<\/b><\/span>&nbsp;l a r\u00e9sidence principale,<br \/>\n<br \/><span class=\"spip-puce ltr\"><b>\u2013<\/b><\/span>&nbsp;une r\u00e9sidence secondaire pr\u00e9sentant un caract\u00e8re de stabilit\u00e9,<br \/>\n<br \/><span class=\"spip-puce ltr\"><b>\u2013<\/b><\/span>&nbsp;tout autre lieu o\u00f9 le travailleur se rend habituellement pour des raisons familiales,<br \/>\n<br \/><span class=\"spip-puce ltr\"><b>\u2013<\/b><\/span>&nbsp;le lieu o\u00f9 le salari\u00e9 prend habituellement ses repas (cantine, restaurant, etc.) pendant sa journ\u00e9e de travail.<\/p>\n<p>\u00c0 savoir&nbsp;: un accident ayant lieu pendant la suspension du contrat de travail (gr\u00e8ve, cong\u00e9s, etc.) n\u2019est pas consid\u00e9r\u00e9 comme li\u00e9 au travail.<\/p>\n<p><strong>D\u00e9claration du salari\u00e9 victime de l\u2019accident<\/strong><\/p>\n<p>Le salari\u00e9 victime d\u2019un accident du travail ou de trajet dispose de 24 heures pour en avertir son employeur, sauf en cas de force majeure .<\/p>\n<p>Il doit lui pr\u00e9ciser le lieu, les circonstances de l\u2019accident et l\u2019identit\u00e9 des t\u00e9moins \u00e9ventuels.<\/p>\n<p>Afin de faire constater les l\u00e9sions \u00e9ventuelles, il doit aussi rapidement consulter un m\u00e9decin qui \u00e9tablit alors un certificat m\u00e9dical initial.<\/p>\n<p>Le salari\u00e9 transmet ensuite les volets 1 et 2 de ce certificat \u00e0 sa caisse d\u2019assurance maladie et conserve le volet 3. En cas d\u2019arr\u00eat de travail, il adresse le volet 4, intitul\u00e9 \u00c2\u00ab&nbsp;certificat d\u2019arr\u00eat de travail \u00c2&nbsp;\u00bb \u00e0 son employeur.<\/p>\n<p><strong><br class=\"autobr\"><br \/>\nD\u00e9claration d\u2019accident de travail ou de trajet (DAT)<\/strong><\/p>\n<p>D\u00e9lai<\/p>\n<p>L\u2019employeur est tenu de d\u00e9clarer tout accident de travail ou de trajet 48 heures au plus tard (non compris les dimanches et jours f\u00e9ri\u00e9s ou ch\u00f4m\u00e9s) apr\u00e8s en avoir pris connaissance, sauf en cas de force majeure&nbsp;:<\/p>\n<p>\u00e0 la caisse primaire d\u2019assurance maladie (CPAM) dont d\u00e9pend la victime, s\u2019il s\u2019agit d\u2019un salari\u00e9 relevant du r\u00e9gime g\u00e9n\u00e9ral de la s\u00e9curit\u00e9 sociale,<\/p>\n<p>\u00e0 la caisse de la mutualit\u00e9 sociale agricole (MSA), s\u2019il s\u2019agit d\u2019un salari\u00e9 agricole.<\/p>\n<p>L\u2019employeur n\u2019a pas \u00e0 tenir compte de la gravit\u00e9 des l\u00e9sions subies par le salari\u00e9 et doit d\u00e9clarer tout accident, m\u00eame s\u2019il n\u2019entra\u00eene pas d\u2019arr\u00eat de travail ou m\u00eame si l\u2019employeur doute de son caract\u00e8re professionnel.<\/p>\n<p>En cas de non-d\u00e9claration par l\u2019employeur, la d\u00e9claration \u00e0 la caisse peut \u00eatre faite par la victime, ou ses repr\u00e9sentants, jusqu\u2019\u00e0 la fin de la 2e ann\u00e9e qui suit l\u2019accident (un accident survenu le 15 mars 2014 peut \u00eatre d\u00e9clar\u00e9 par la victime jusqu\u2019au 31 d\u00e9cembre 2016).<\/p>\n<p>Attention&nbsp;: l\u2019absence de d\u00e9claration ou une d\u00e9claration hors d\u00e9lai est passible d\u2019une amende (au maximum de 750 \u20ac pour une personne physique ou de 3 750 \u20ac pour une personne morale).<\/p>\n<p><strong>Modalit\u00e9s de d\u00e9claration<\/strong><\/p>\n<p><strong>L\u2019employeur peut effectuer une DAT&nbsp;:<\/strong><\/p>\n<p>soit directement en ligne, apr\u00e8s inscription pr\u00e9alable, en remplissant un formulaire ou \u00e0 partir d\u2019un d\u00e9p\u00f4t de fichier g\u00e9n\u00e9r\u00e9 par logiciel,<\/p>\n<p>soit par courrier en envoyant les 3 premiers volets du formulaire par lettre recommand\u00e9e avec accus\u00e9 de r\u00e9ception, le 4e volet devant \u00eatre conserv\u00e9 par l\u2019employeur pendant 5 ans.<\/p>\n<p>L\u2019employeur peut lors de sa d\u00e9claration \u00e9mettre des r\u00e9serves motiv\u00e9es sur les circonstances de lieu, de temps ou sur l\u2019existence d\u2019une cause totalement \u00e9trang\u00e8re au travail.<\/p>\n<p>La caisse d\u2019assurance maladie, dont d\u00e9pendent le salari\u00e9 et l\u2019employeur, dispose de 30 jours \u00e0 partir de la r\u00e9ception de la DAT pour statuer sur le caract\u00e8re professionnel de l\u2019accident.<\/p>\n<p><strong>Cas particuliers<\/strong><\/p>\n<p>En cas d\u2019accident survenu \u00e0 un travailleur int\u00e9rimaire mis \u00e0 disposition par une entreprise de travail temporaire (ou d\u2019int\u00e9rim), l\u2019entreprise utilisatrice doit informer dans les 24 heures par lettre recommand\u00e9e le service de pr\u00e9vention de la Carsat , l\u2019inspection du travail et l\u2019entreprise de travail temporaire.<\/p>\n<p>Si l\u2019accident concerne un \u00e9l\u00e8ve ou \u00e9tudiant effectuant un stage en entreprise, l\u2019entreprise d\u2019accueil du stagiaire doit adresser sans d\u00e9lai \u00e0 l\u2019\u00e9tablissement d\u2019enseignement la copie de la DAT.<\/p>\n<p>Si la victime de l\u2019accident est un travailleur \u00e0 domicile travaillant pour plusieurs employeurs, la d\u00e9claration doit \u00eatre effectu\u00e9e par l\u2019employeur pour qui elle travaillait au moment de l\u2019accident.<\/p>\n<p><strong>Inscription sur le registre des accidents b\u00e9nins<\/strong><\/p>\n<p>L\u2019employeur peut effectuer une simple inscription sur un registre sp\u00e9cifique dit registre d\u2019infirmerie ou registre d\u2019accidents b\u00e9nins dans les 48 heures suivant l\u2019accident, si les conditions suivantes sont remplies&nbsp;:<br \/>\n<br \/><span class=\"spip-puce ltr\"><b>\u2013<\/b><\/span>&nbsp;l\u2019accident n\u2019entra\u00eene ni arr\u00eat de travail ni soins m\u00e9dicaux,<br \/>\n<br \/><span class=\"spip-puce ltr\"><b>\u2013<\/b><\/span>&nbsp;l\u2019autorisation de tenir un tel registre a \u00e9t\u00e9 donn\u00e9e par la Carsat,<br \/>\n<br \/><span class=\"spip-puce ltr\"><b>\u2013<\/b><\/span>&nbsp;pr\u00e9sence permanente d\u2019un m\u00e9decin, d\u2019un pharmacien ou d\u2019un infirmier,<br \/>\n<br \/><span class=\"spip-puce ltr\"><b>\u2013<\/b><\/span>&nbsp;existence d\u2019un poste de secours d\u2019urgence,<br \/>\n<br \/><span class=\"spip-puce ltr\"><b>\u2013<\/b><\/span>&nbsp;l\u2019employeur informe le CHSCT de toute inscription,<br \/>\n<br \/><span class=\"spip-puce ltr\"><b>\u2013<\/b><\/span>&nbsp;le registre est sign\u00e9 par la victime de l\u2019accident.<\/p>\n<p>L\u2019inscription au registre doit mentionner&nbsp;:<br \/>\n<br \/><span class=\"spip-puce ltr\"><b>\u2013<\/b><\/span>&nbsp;le nom de la victime,<br \/>\n<br \/><span class=\"spip-puce ltr\"><b>\u2013<\/b><\/span>&nbsp;les date, lieu et circonstances de l\u2019accident,<br \/>\n<br \/><span class=\"spip-puce ltr\"><b>\u2013<\/b><\/span>&nbsp;la nature des l\u00e9sions, avec le visa de la personne ayant donn\u00e9 les soins.<\/p>\n<p>Le registre est consultable par&nbsp;:<br \/>\n<br \/><span class=\"spip-puce ltr\"><b>\u2013<\/b><\/span>&nbsp;la victime ou ses ayants droit,<br \/>\n<br \/><span class=\"spip-puce ltr\"><b>\u2013<\/b><\/span>&nbsp;les agents de la Carsat ou de la CPAM,<br \/>\n<br \/><span class=\"spip-puce ltr\"><b>\u2013<\/b><\/span>&nbsp;l\u2019inspecteur du travail,<br \/>\n<br \/><span class=\"spip-puce ltr\"><b>\u2013<\/b><\/span>&nbsp;le CHSCT ou les d\u00e9l\u00e9gu\u00e9s du personnel,<br \/>\n<br \/><span class=\"spip-puce ltr\"><b>\u2013<\/b><\/span>&nbsp;le m\u00e9decin du travail.<\/p>\n<p>Le registre doit \u00eatre envoy\u00e9 \u00e0 la Carsat \u00e0 la fin de chaque ann\u00e9e en recommand\u00e9.<\/p>\n<p><strong>Attestation de salaire<\/strong><\/p>\n<p>En cas d\u2019arr\u00eat de travail, l\u2019employeur doit \u00e9galement d\u00e9livrer une attestation de salaire pour le versement des indemnit\u00e9s journali\u00e8res.<\/p>\n<p>L\u2019attestation de salaire est obligatoire pour tout arr\u00eat de travail, quel qu\u2019en soit le motif. C\u2019est sur la base de cette attestation que la caisse d\u2019assurance maladie examine le droit du salari\u00e9 aux indemnit\u00e9s journali\u00e8res et en r\u00e9alise le calcul.<\/p>\n<p>L\u2019employeur doit y pr\u00e9ciser si le salaire est maintenu en totalit\u00e9. Si c\u2019est le cas, c\u2019est l\u2019employeur qui per\u00e7oit les indemnit\u00e9s journali\u00e8res (il est subrog\u00e9 dans les droits de la victime).<\/p>\n<p>Lors de la reprise du travail par le salari\u00e9, l\u2019employeur doit \u00e9tablir une nouvelle attestation de salaire sur laquelle la date de reprise effective du travail doit \u00eatre indiqu\u00e9e.<\/p>\n<p><strong>Feuille d\u2019accident \u00e0 remettre au salari\u00e9<\/strong><br class=\"autobr\"><br \/>\nL\u2019employeur doit \u00e9galement remettre une feuille d\u2019accident au salari\u00e9 victime de l\u2019accident du travail&nbsp;:<\/p>\n<p>Le salari\u00e9 doit la pr\u00e9senter syst\u00e9matiquement au praticien, \u00e0 l\u2019h\u00f4pital, qui dispense les soins, \u00e0 l\u2019auxiliaire m\u00e9dical, au pharmacien pour b\u00e9n\u00e9ficier du tiers payant, c\u2019est-\u00e0-dire du remboursement \u00e0 100&nbsp;% des frais m\u00e9dicaux li\u00e9s \u00e0 l\u2019accident du travail sans avance de frais, et de la gratuit\u00e9 des soins, dans la limite des tarifs conventionnels.<\/p>\n<p><strong>Services en ligne et formulaires<\/strong><\/p>\n<p><a href=\"http:\/\/www.net-entreprises.fr\/html\/dat.htm\" class=\"spip_out\" rel=\"external nofollow\" target=\"_blank\">D\u00e9claration d\u2019accident du travail ou de trajet<\/a> (DAT) en ligne <br class=\"autobr\"><br \/>\nT\u00e9l\u00e9service<\/p>\n<p><a href=\"http:\/\/www.net-entreprises.fr\/html\/msa-accident-travail.htm\" class=\"spip_out\" rel=\"external nofollow\" target=\"_blank\">D\u00e9claration d\u2019accident du travail et de maladie professionnelle<\/a> en ligne (DAT-MSA)<\/p>\n<p>T\u00e9l\u00e9service &#8211; Cerfa n\u00b013144*01<\/p>\n<p><a href=\"http:\/\/www.net-entreprises.fr\/html\/attestation_salaire_ij.htm\" class=\"spip_out\" rel=\"external nofollow\" target=\"_blank\">Attestation de salaire en ligne pour le paiement des indemnit\u00e9s journali\u00e8res<\/a><br class=\"autobr\"><br \/>\nT\u00e9l\u00e9service &#8211; Cerfa n\u00b012918*01<\/p>\n<p><a href=\"http:\/\/www.ameli.fr\/fileadmin\/user_upload\/formulaires\/S6200.pdf\" class=\"spip_out\" rel=\"external nofollow\" target=\"_blank\">D\u00e9claration d\u2019accident du travail ou de trajet<\/a><br class=\"autobr\"><br \/>\nFormulaire &#8211; Cerfa n\u00b014463*01 (ex-60-3682)<\/p>\n<p>Source&nbsp;: Direction de l\u2019information l\u00e9gale et administrative<\/p>\n<p>accidentdutravail-idf.net vous a pr\u00e9par\u00e9 ce post qui informe du sujet \u00ab\u00a0Association Sportive Huisson-Longueville Essonne\u00a0\u00bb. La chronique se veut g\u00e9n\u00e9r\u00e9e du mieux possible. Vous pouvez utiliser les coordonn\u00e9es indiqu\u00e9es sur le site dans le but d\u2019apporter des explications sur ce post qui parle du th\u00e8me \u00ab\u00a0Association Sportive Huisson-Longueville Essonne\u00a0\u00bb. Le site accidentdutravail-idf.net a pour but de fournir diverses publications sur la th\u00e9matique Association Sportive Huisson-Longueville Essonne diffus\u00e9es sur le net. Il y aura plusieurs articles autour du sujet \u00ab\u00a0Association Sportive Huisson-Longueville Essonne\u00a0\u00bb dans quelques jours, nous vous invitons \u00e0 naviguer sur notre site web \u00e0 plusieurs reprises.<\/p>\n","protected":false},"excerpt":{"rendered":"<p>Est consid\u00e9r\u00e9 comme accident du travail ou de trajet tout accident qui survient par le fait ou \u00e0 l\u2019occasion du travail, \u00e0 un salari\u00e9 ou \u00e0 une personne travaillant, \u00e0 quelque titre ou en quelque lieu que ce soit, pour un ou plusieurs employeurs. L\u2019employeur est tenu de le d\u00e9clarer d\u00e8s qu\u2019il en prend connaissance. &hellip; <\/p>\n<p class=\"link-more\"><a href=\"https:\/\/www.accidentdutravail-idf.net\/blog\/declaration-daccident-du-travail-par-lemployeur-evous\/\" class=\"more-link\">Continuer la lecture <span class=\"screen-reader-text\"> \u00ab\u00a0D\u00e9claration d\u2019accident du travail par l\u2019employeur &#8211; .evous\u00a0\u00bb<\/span><\/a><\/p>\n","protected":false},"author":2,"featured_media":0,"comment_status":"closed","ping_status":"closed","sticky":false,"template":"","format":"standard","meta":{"footnotes":""},"categories":[5],"tags":[],"class_list":["post-1644","post","type-post","status-publish","format-standard","hentry","category-securite-du-travail-en-ile-de-france-et-divers","entry"],"yoast_head":"<!-- This site is optimized with the Yoast SEO plugin v27.5 - https:\/\/yoast.com\/product\/yoast-seo-wordpress\/ -->\n<title>D\u00e9claration d\u2019accident du travail par l\u2019employeur - .evous - ACCIDENTDUTRAVAIL-IDF<\/title>\n<meta name=\"description\" content=\"D\u00e9claration d\u2019accident du travail par l\u2019employeur - .evous article de ACCIDENTDUTRAVAIL-IDF\" \/>\n<meta name=\"robots\" content=\"index, follow, max-snippet:-1, max-image-preview:large, max-video-preview:-1\" \/>\n<link rel=\"canonical\" href=\"https:\/\/www.accidentdutravail-idf.net\/blog\/declaration-daccident-du-travail-par-lemployeur-evous\/\" \/>\n<meta property=\"og:locale\" content=\"fr_FR\" \/>\n<meta property=\"og:type\" content=\"article\" \/>\n<meta property=\"og:title\" content=\"D\u00e9claration d\u2019accident du travail par l\u2019employeur - .evous - ACCIDENTDUTRAVAIL-IDF\" \/>\n<meta property=\"og:description\" content=\"D\u00e9claration d\u2019accident du travail par l\u2019employeur - .evous article de ACCIDENTDUTRAVAIL-IDF\" \/>\n<meta property=\"og:url\" content=\"https:\/\/www.accidentdutravail-idf.net\/blog\/declaration-daccident-du-travail-par-lemployeur-evous\/\" \/>\n<meta property=\"og:site_name\" content=\"ACCIDENTDUTRAVAIL-IDF\" \/>\n<meta property=\"article:published_time\" content=\"2015-11-09T16:00:00+00:00\" \/>\n<meta name=\"author\" content=\"Carlos Poulain\" \/>\n<meta name=\"twitter:card\" content=\"summary_large_image\" \/>\n<meta name=\"twitter:label1\" content=\"\u00c9crit par\" \/>\n\t<meta name=\"twitter:data1\" content=\"Carlos Poulain\" \/>\n\t<meta name=\"twitter:label2\" content=\"Dur\u00e9e de lecture estim\u00e9e\" \/>\n\t<meta name=\"twitter:data2\" content=\"7 minutes\" \/>\n<script type=\"application\/ld+json\" class=\"yoast-schema-graph\">{\"@context\":\"https:\\\/\\\/schema.org\",\"@graph\":[{\"@type\":\"Article\",\"@id\":\"https:\\\/\\\/www.accidentdutravail-idf.net\\\/blog\\\/declaration-daccident-du-travail-par-lemployeur-evous\\\/#article\",\"isPartOf\":{\"@id\":\"https:\\\/\\\/www.accidentdutravail-idf.net\\\/blog\\\/declaration-daccident-du-travail-par-lemployeur-evous\\\/\"},\"author\":{\"name\":\"Carlos Poulain\",\"@id\":\"https:\\\/\\\/www.accidentdutravail-idf.net\\\/blog\\\/#\\\/schema\\\/person\\\/3255d2f970de45e64bd9201f38e7b947\"},\"headline\":\"D\u00e9claration d\u2019accident du travail par l\u2019employeur &#8211; .evous\",\"datePublished\":\"2015-11-09T16:00:00+00:00\",\"mainEntityOfPage\":{\"@id\":\"https:\\\/\\\/www.accidentdutravail-idf.net\\\/blog\\\/declaration-daccident-du-travail-par-lemployeur-evous\\\/\"},\"wordCount\":1463,\"publisher\":{\"@id\":\"https:\\\/\\\/www.accidentdutravail-idf.net\\\/blog\\\/#organization\"},\"articleSection\":[\"S\u00e9curit\u00e9 Du Travail En Ile-De-France Et Divers:\"],\"inLanguage\":\"fr-FR\"},{\"@type\":\"WebPage\",\"@id\":\"https:\\\/\\\/www.accidentdutravail-idf.net\\\/blog\\\/declaration-daccident-du-travail-par-lemployeur-evous\\\/\",\"url\":\"https:\\\/\\\/www.accidentdutravail-idf.net\\\/blog\\\/declaration-daccident-du-travail-par-lemployeur-evous\\\/\",\"name\":\"D\u00e9claration d\u2019accident du travail par l\u2019employeur - .evous - ACCIDENTDUTRAVAIL-IDF\",\"isPartOf\":{\"@id\":\"https:\\\/\\\/www.accidentdutravail-idf.net\\\/blog\\\/#website\"},\"datePublished\":\"2015-11-09T16:00:00+00:00\",\"description\":\"D\u00e9claration d\u2019accident du travail par l\u2019employeur - .evous article de ACCIDENTDUTRAVAIL-IDF\",\"breadcrumb\":{\"@id\":\"https:\\\/\\\/www.accidentdutravail-idf.net\\\/blog\\\/declaration-daccident-du-travail-par-lemployeur-evous\\\/#breadcrumb\"},\"inLanguage\":\"fr-FR\",\"potentialAction\":[{\"@type\":\"ReadAction\",\"target\":[\"https:\\\/\\\/www.accidentdutravail-idf.net\\\/blog\\\/declaration-daccident-du-travail-par-lemployeur-evous\\\/\"]}]},{\"@type\":\"BreadcrumbList\",\"@id\":\"https:\\\/\\\/www.accidentdutravail-idf.net\\\/blog\\\/declaration-daccident-du-travail-par-lemployeur-evous\\\/#breadcrumb\",\"itemListElement\":[{\"@type\":\"ListItem\",\"position\":1,\"name\":\"Accueil\",\"item\":\"https:\\\/\\\/www.accidentdutravail-idf.net\\\/blog\\\/\"},{\"@type\":\"ListItem\",\"position\":2,\"name\":\"D\u00e9claration d\u2019accident du travail par l\u2019employeur &#8211; .evous\"}]},{\"@type\":\"WebSite\",\"@id\":\"https:\\\/\\\/www.accidentdutravail-idf.net\\\/blog\\\/#website\",\"url\":\"https:\\\/\\\/www.accidentdutravail-idf.net\\\/blog\\\/\",\"name\":\"ACCIDENTDUTRAVAIL-IDF\",\"description\":\"Portail accidents du travail-maladies professionnelles des entreprises d&#039;Ile-de-France\",\"publisher\":{\"@id\":\"https:\\\/\\\/www.accidentdutravail-idf.net\\\/blog\\\/#organization\"},\"potentialAction\":[{\"@type\":\"SearchAction\",\"target\":{\"@type\":\"EntryPoint\",\"urlTemplate\":\"https:\\\/\\\/www.accidentdutravail-idf.net\\\/blog\\\/?s={search_term_string}\"},\"query-input\":{\"@type\":\"PropertyValueSpecification\",\"valueRequired\":true,\"valueName\":\"search_term_string\"}}],\"inLanguage\":\"fr-FR\"},{\"@type\":\"Organization\",\"@id\":\"https:\\\/\\\/www.accidentdutravail-idf.net\\\/blog\\\/#organization\",\"name\":\"accidentdutravail-idf\",\"url\":\"https:\\\/\\\/www.accidentdutravail-idf.net\\\/blog\\\/\",\"logo\":{\"@type\":\"ImageObject\",\"inLanguage\":\"fr-FR\",\"@id\":\"https:\\\/\\\/www.accidentdutravail-idf.net\\\/blog\\\/#\\\/schema\\\/logo\\\/image\\\/\",\"url\":\"https:\\\/\\\/www.accidentdutravail-idf.net\\\/blog\\\/wp-content\\\/uploads\\\/2022\\\/09\\\/logo-2.png\",\"contentUrl\":\"https:\\\/\\\/www.accidentdutravail-idf.net\\\/blog\\\/wp-content\\\/uploads\\\/2022\\\/09\\\/logo-2.png\",\"width\":380,\"height\":291,\"caption\":\"accidentdutravail-idf\"},\"image\":{\"@id\":\"https:\\\/\\\/www.accidentdutravail-idf.net\\\/blog\\\/#\\\/schema\\\/logo\\\/image\\\/\"}},{\"@type\":\"Person\",\"@id\":\"https:\\\/\\\/www.accidentdutravail-idf.net\\\/blog\\\/#\\\/schema\\\/person\\\/3255d2f970de45e64bd9201f38e7b947\",\"name\":\"Carlos Poulain\",\"image\":{\"@type\":\"ImageObject\",\"inLanguage\":\"fr-FR\",\"@id\":\"https:\\\/\\\/secure.gravatar.com\\\/avatar\\\/b1c2f9d3588e34e91adb093635df64ef4b2381991216be7576466cfcdca4baf3?s=96&d=mm&r=g\",\"url\":\"https:\\\/\\\/secure.gravatar.com\\\/avatar\\\/b1c2f9d3588e34e91adb093635df64ef4b2381991216be7576466cfcdca4baf3?s=96&d=mm&r=g\",\"contentUrl\":\"https:\\\/\\\/secure.gravatar.com\\\/avatar\\\/b1c2f9d3588e34e91adb093635df64ef4b2381991216be7576466cfcdca4baf3?s=96&d=mm&r=g\",\"caption\":\"Carlos Poulain\"},\"url\":\"https:\\\/\\\/www.accidentdutravail-idf.net\\\/blog\\\/author\\\/idfcarlos\\\/\"}]}<\/script>\n<!-- \/ Yoast SEO plugin. -->","yoast_head_json":{"title":"D\u00e9claration d\u2019accident du travail par l\u2019employeur - .evous - ACCIDENTDUTRAVAIL-IDF","description":"D\u00e9claration d\u2019accident du travail par l\u2019employeur - .evous article de ACCIDENTDUTRAVAIL-IDF","robots":{"index":"index","follow":"follow","max-snippet":"max-snippet:-1","max-image-preview":"max-image-preview:large","max-video-preview":"max-video-preview:-1"},"canonical":"https:\/\/www.accidentdutravail-idf.net\/blog\/declaration-daccident-du-travail-par-lemployeur-evous\/","og_locale":"fr_FR","og_type":"article","og_title":"D\u00e9claration d\u2019accident du travail par l\u2019employeur - .evous - ACCIDENTDUTRAVAIL-IDF","og_description":"D\u00e9claration d\u2019accident du travail par l\u2019employeur - .evous article de ACCIDENTDUTRAVAIL-IDF","og_url":"https:\/\/www.accidentdutravail-idf.net\/blog\/declaration-daccident-du-travail-par-lemployeur-evous\/","og_site_name":"ACCIDENTDUTRAVAIL-IDF","article_published_time":"2015-11-09T16:00:00+00:00","author":"Carlos Poulain","twitter_card":"summary_large_image","twitter_misc":{"\u00c9crit par":"Carlos Poulain","Dur\u00e9e de lecture estim\u00e9e":"7 minutes"},"schema":{"@context":"https:\/\/schema.org","@graph":[{"@type":"Article","@id":"https:\/\/www.accidentdutravail-idf.net\/blog\/declaration-daccident-du-travail-par-lemployeur-evous\/#article","isPartOf":{"@id":"https:\/\/www.accidentdutravail-idf.net\/blog\/declaration-daccident-du-travail-par-lemployeur-evous\/"},"author":{"name":"Carlos Poulain","@id":"https:\/\/www.accidentdutravail-idf.net\/blog\/#\/schema\/person\/3255d2f970de45e64bd9201f38e7b947"},"headline":"D\u00e9claration d\u2019accident du travail par l\u2019employeur &#8211; .evous","datePublished":"2015-11-09T16:00:00+00:00","mainEntityOfPage":{"@id":"https:\/\/www.accidentdutravail-idf.net\/blog\/declaration-daccident-du-travail-par-lemployeur-evous\/"},"wordCount":1463,"publisher":{"@id":"https:\/\/www.accidentdutravail-idf.net\/blog\/#organization"},"articleSection":["S\u00e9curit\u00e9 Du Travail En Ile-De-France Et Divers:"],"inLanguage":"fr-FR"},{"@type":"WebPage","@id":"https:\/\/www.accidentdutravail-idf.net\/blog\/declaration-daccident-du-travail-par-lemployeur-evous\/","url":"https:\/\/www.accidentdutravail-idf.net\/blog\/declaration-daccident-du-travail-par-lemployeur-evous\/","name":"D\u00e9claration d\u2019accident du travail par l\u2019employeur - .evous - ACCIDENTDUTRAVAIL-IDF","isPartOf":{"@id":"https:\/\/www.accidentdutravail-idf.net\/blog\/#website"},"datePublished":"2015-11-09T16:00:00+00:00","description":"D\u00e9claration d\u2019accident du travail par l\u2019employeur - .evous article de ACCIDENTDUTRAVAIL-IDF","breadcrumb":{"@id":"https:\/\/www.accidentdutravail-idf.net\/blog\/declaration-daccident-du-travail-par-lemployeur-evous\/#breadcrumb"},"inLanguage":"fr-FR","potentialAction":[{"@type":"ReadAction","target":["https:\/\/www.accidentdutravail-idf.net\/blog\/declaration-daccident-du-travail-par-lemployeur-evous\/"]}]},{"@type":"BreadcrumbList","@id":"https:\/\/www.accidentdutravail-idf.net\/blog\/declaration-daccident-du-travail-par-lemployeur-evous\/#breadcrumb","itemListElement":[{"@type":"ListItem","position":1,"name":"Accueil","item":"https:\/\/www.accidentdutravail-idf.net\/blog\/"},{"@type":"ListItem","position":2,"name":"D\u00e9claration d\u2019accident du travail par l\u2019employeur &#8211; .evous"}]},{"@type":"WebSite","@id":"https:\/\/www.accidentdutravail-idf.net\/blog\/#website","url":"https:\/\/www.accidentdutravail-idf.net\/blog\/","name":"ACCIDENTDUTRAVAIL-IDF","description":"Portail accidents du travail-maladies professionnelles des entreprises d&#039;Ile-de-France","publisher":{"@id":"https:\/\/www.accidentdutravail-idf.net\/blog\/#organization"},"potentialAction":[{"@type":"SearchAction","target":{"@type":"EntryPoint","urlTemplate":"https:\/\/www.accidentdutravail-idf.net\/blog\/?s={search_term_string}"},"query-input":{"@type":"PropertyValueSpecification","valueRequired":true,"valueName":"search_term_string"}}],"inLanguage":"fr-FR"},{"@type":"Organization","@id":"https:\/\/www.accidentdutravail-idf.net\/blog\/#organization","name":"accidentdutravail-idf","url":"https:\/\/www.accidentdutravail-idf.net\/blog\/","logo":{"@type":"ImageObject","inLanguage":"fr-FR","@id":"https:\/\/www.accidentdutravail-idf.net\/blog\/#\/schema\/logo\/image\/","url":"https:\/\/www.accidentdutravail-idf.net\/blog\/wp-content\/uploads\/2022\/09\/logo-2.png","contentUrl":"https:\/\/www.accidentdutravail-idf.net\/blog\/wp-content\/uploads\/2022\/09\/logo-2.png","width":380,"height":291,"caption":"accidentdutravail-idf"},"image":{"@id":"https:\/\/www.accidentdutravail-idf.net\/blog\/#\/schema\/logo\/image\/"}},{"@type":"Person","@id":"https:\/\/www.accidentdutravail-idf.net\/blog\/#\/schema\/person\/3255d2f970de45e64bd9201f38e7b947","name":"Carlos Poulain","image":{"@type":"ImageObject","inLanguage":"fr-FR","@id":"https:\/\/secure.gravatar.com\/avatar\/b1c2f9d3588e34e91adb093635df64ef4b2381991216be7576466cfcdca4baf3?s=96&d=mm&r=g","url":"https:\/\/secure.gravatar.com\/avatar\/b1c2f9d3588e34e91adb093635df64ef4b2381991216be7576466cfcdca4baf3?s=96&d=mm&r=g","contentUrl":"https:\/\/secure.gravatar.com\/avatar\/b1c2f9d3588e34e91adb093635df64ef4b2381991216be7576466cfcdca4baf3?s=96&d=mm&r=g","caption":"Carlos Poulain"},"url":"https:\/\/www.accidentdutravail-idf.net\/blog\/author\/idfcarlos\/"}]}},"_links":{"self":[{"href":"https:\/\/www.accidentdutravail-idf.net\/blog\/wp-json\/wp\/v2\/posts\/1644","targetHints":{"allow":["GET"]}}],"collection":[{"href":"https:\/\/www.accidentdutravail-idf.net\/blog\/wp-json\/wp\/v2\/posts"}],"about":[{"href":"https:\/\/www.accidentdutravail-idf.net\/blog\/wp-json\/wp\/v2\/types\/post"}],"author":[{"embeddable":true,"href":"https:\/\/www.accidentdutravail-idf.net\/blog\/wp-json\/wp\/v2\/users\/2"}],"replies":[{"embeddable":true,"href":"https:\/\/www.accidentdutravail-idf.net\/blog\/wp-json\/wp\/v2\/comments?post=1644"}],"version-history":[{"count":0,"href":"https:\/\/www.accidentdutravail-idf.net\/blog\/wp-json\/wp\/v2\/posts\/1644\/revisions"}],"wp:attachment":[{"href":"https:\/\/www.accidentdutravail-idf.net\/blog\/wp-json\/wp\/v2\/media?parent=1644"}],"wp:term":[{"taxonomy":"category","embeddable":true,"href":"https:\/\/www.accidentdutravail-idf.net\/blog\/wp-json\/wp\/v2\/categories?post=1644"},{"taxonomy":"post_tag","embeddable":true,"href":"https:\/\/www.accidentdutravail-idf.net\/blog\/wp-json\/wp\/v2\/tags?post=1644"}],"curies":[{"name":"wp","href":"https:\/\/api.w.org\/{rel}","templated":true}]}}