{"id":1641,"date":"2025-08-08T01:01:00","date_gmt":"2025-08-07T23:01:00","guid":{"rendered":"https:\/\/www.accidentdutravail-idf.net\/blog\/chute-dune-nacelle-a-trois-metres-de-hauteur-un-homme-de-59-ans-grievement-blesse-dans-un-accident-du-travail\/"},"modified":"2025-08-08T01:01:00","modified_gmt":"2025-08-07T23:01:00","slug":"chute-dune-nacelle-a-trois-metres-de-hauteur-un-homme-de-59-ans-grievement-blesse-dans-un-accident-du-travail","status":"publish","type":"post","link":"https:\/\/www.accidentdutravail-idf.net\/blog\/chute-dune-nacelle-a-trois-metres-de-hauteur-un-homme-de-59-ans-grievement-blesse-dans-un-accident-du-travail\/","title":{"rendered":"Chute d\u2019une nacelle \u00e0 trois m\u00e8tres de hauteur : un homme de 59 ans gri\u00e8vement bless\u00e9 dans un accident du travail"},"content":{"rendered":"<p> <span class=\"article-full__chapo-label hide-on-small-only\">l&rsquo;essentiel<\/span> Un homme de 59 ans a \u00e9t\u00e9 gri\u00e8vement bless\u00e9 dans un accident du travail mardi 5&nbsp;ao\u00fbt 2025. L\u2019homme a chut\u00e9 d\u2019une nacelle \u00e0 plus de trois m\u00e8tres de hauteur. Trois autres hommes ont \u00e9t\u00e9 plus l\u00e9g\u00e8rement bless\u00e9s. <\/p>\n<div data-state=\"fixed-height\" data-selection=\"disabled\"> <!-- Pub DFP Position [outstream] --> <\/p>\n<p>Un tr\u00e8s grave accident du travail a eu lieu \u00e0 <a href=\"https:\/\/www.ladepeche.fr\/communes\/lamothe-capdeville,82090\/\" target=\"_self\" rel=\"nofollow\">Lamothe-Capdeville<\/a>, en Tarn-et-Garonne, mardi 5&nbsp;ao\u00fbt 2025. Un homme de 59 ans a \u00e9t\u00e9 pris en charge entre la vie et la mort apr\u00e8s avoir chut\u00e9 d\u2019une nacelle, sur une exploitation au nord de Montauban.<\/p>\n<p><!-- Pub DFP Position [article] --> <\/p>\n<p>Devant son \u00e9tat de sant\u00e9, un h\u00e9licopt\u00e8re du&nbsp;Service d\u2019aide m\u00e9dicale urgente de Haute-Garonne (Samu) a \u00e9t\u00e9 d\u00e9p\u00each\u00e9. Il a embarqu\u00e9 la victime dans les airs jusqu\u2019\u00e0 <a href=\"https:\/\/www.ladepeche.fr\/2025\/01\/18\/apres-rangueil-lhopital-purpan-devient-lieu-sans-tabac-12449768.php\" target=\"_self\" rel=\"nofollow\">l\u2019h\u00f4pital de Toulouse-Purpan<\/a>, o\u00f9 son \u00e9tat de sant\u00e9 \u00e9tait stable au lendemain de l\u2019accident.<\/p>\n<h2 class=\"txt-int\">Trois autres victimes<\/h2>\n<p>Une quinzaine de pompiers a \u00e9t\u00e9 mobilis\u00e9e&nbsp;durant l\u2019intervention. Car le quinquag\u00e9naire n\u2019\u00e9tait pas la seule victime de cette chute qui s\u2019est d\u00e9roul\u00e9e \u00e0 plus de trois m\u00e8tres de hauteur. Trois autres hommes de 36, 57 et 61 ans ont \u00e9t\u00e9 plus l\u00e9g\u00e8rement atteints. Amen\u00e9s \u00e0 l\u2019h\u00f4pital de <a href=\"https:\/\/www.ladepeche.fr\/communes\/montauban,82121\/\" target=\"_self\" rel=\"nofollow\">Montauban <\/a>pour des examens de contr\u00f4le, ils en sont rapidement ressortis.<\/p>\n<div class=\"center-align\" data-protec-aida=\"image\">\n<figure class=\"std-img\" data-src=\"https:\/\/images.ladepeche.fr\/api\/v1\/images\/view\/6894e08b4a00d873710ce82e\/original\/image.jpg?v=1\"> <img class=\"std-img__img responsive-img\" data-src=\"https:\/\/www.accidentdutravail-idf.net\/blog\/wp-content\/uploads\/2025\/08\/chute-dune-nacelle-a-trois-metres-de-hauteur-un-homme-de-59-ans-grievement-blesse-dans-un-accident-du-travail.jpg\" alt=\"L\u2019h\u00e9licopt\u00e8re du Samu a pris la victime en charge jusqu\u2019\u00e0 Purpan.\"><figcaption class=\"article-full__media-infos\"> <span class=\"article-full__media-legend\">L\u2019h\u00e9licopt\u00e8re du Samu a pris la victime en charge jusqu\u2019\u00e0 Purpan.<\/span> <span class=\"article-full__media-author\">DDM ILLUSTRATION &#8211; FREDERIC CHARMEUX<\/span> <\/figcaption><\/figure>\n<\/div>\n<p>Une enqu\u00eate a donc \u00e9t\u00e9 ouverte pour tenter de comprendre les circonstances pr\u00e9cises de l\u2019accident. Elle a \u00e9t\u00e9 confi\u00e9e \u00e0 la compagnie de gendarmerie de la cit\u00e9 d\u2019Ingres.<\/p>\n<\/p><\/div>\n<p>accidentdutravail-idf.net vous a pr\u00e9par\u00e9 ce post qui informe du sujet \u00ab\u00a0Association Sportive Huisson-Longueville Essonne\u00a0\u00bb. La chronique se veut g\u00e9n\u00e9r\u00e9e du mieux possible. Vous pouvez utiliser les coordonn\u00e9es indiqu\u00e9es sur le site dans le but d\u2019apporter des explications sur ce post qui parle du th\u00e8me \u00ab\u00a0Association Sportive Huisson-Longueville Essonne\u00a0\u00bb. Le site accidentdutravail-idf.net a pour but de fournir diverses publications sur la th\u00e9matique Association Sportive Huisson-Longueville Essonne diffus\u00e9es sur le net. Il y aura plusieurs articles autour du sujet \u00ab\u00a0Association Sportive Huisson-Longueville Essonne\u00a0\u00bb dans quelques jours, nous vous invitons \u00e0 naviguer sur notre site web \u00e0 plusieurs reprises.<\/p>\n","protected":false},"excerpt":{"rendered":"<p>l&rsquo;essentiel Un homme de 59 ans a \u00e9t\u00e9 gri\u00e8vement bless\u00e9 dans un accident du travail mardi 5&nbsp;ao\u00fbt 2025. L\u2019homme a chut\u00e9 d\u2019une nacelle \u00e0 plus de trois m\u00e8tres de hauteur. Trois autres hommes ont \u00e9t\u00e9 plus l\u00e9g\u00e8rement bless\u00e9s. Un tr\u00e8s grave accident du travail a eu lieu \u00e0 Lamothe-Capdeville, en Tarn-et-Garonne, mardi 5&nbsp;ao\u00fbt 2025. Un &hellip; <\/p>\n<p class=\"link-more\"><a href=\"https:\/\/www.accidentdutravail-idf.net\/blog\/chute-dune-nacelle-a-trois-metres-de-hauteur-un-homme-de-59-ans-grievement-blesse-dans-un-accident-du-travail\/\" class=\"more-link\">Continuer la lecture <span class=\"screen-reader-text\"> \u00ab\u00a0Chute d\u2019une nacelle \u00e0 trois m\u00e8tres de hauteur : un homme de 59 ans gri\u00e8vement bless\u00e9 dans un accident du travail\u00a0\u00bb<\/span><\/a><\/p>\n","protected":false},"author":2,"featured_media":0,"comment_status":"closed","ping_status":"closed","sticky":false,"template":"","format":"standard","meta":{"footnotes":""},"categories":[5],"tags":[],"class_list":["post-1641","post","type-post","status-publish","format-standard","hentry","category-securite-du-travail-en-ile-de-france-et-divers","entry"],"yoast_head":"<!-- This site is optimized with the Yoast SEO plugin v27.5 - https:\/\/yoast.com\/product\/yoast-seo-wordpress\/ -->\n<title>Chute d\u2019une nacelle \u00e0 trois m\u00e8tres de hauteur : un homme de 59 ans gri\u00e8vement bless\u00e9 dans un accident du travail - ACCIDENTDUTRAVAIL-IDF<\/title>\n<meta name=\"description\" content=\"Chute d\u2019une nacelle \u00e0 trois m\u00e8tres de hauteur : un homme de 59 ans gri\u00e8vement bless\u00e9 dans un accident du travail article de ACCIDENTDUTRAVAIL-IDF\" \/>\n<meta name=\"robots\" content=\"index, follow, max-snippet:-1, max-image-preview:large, max-video-preview:-1\" \/>\n<link rel=\"canonical\" href=\"https:\/\/www.accidentdutravail-idf.net\/blog\/chute-dune-nacelle-a-trois-metres-de-hauteur-un-homme-de-59-ans-grievement-blesse-dans-un-accident-du-travail\/\" \/>\n<meta property=\"og:locale\" content=\"fr_FR\" \/>\n<meta property=\"og:type\" content=\"article\" \/>\n<meta property=\"og:title\" content=\"Chute d\u2019une nacelle \u00e0 trois m\u00e8tres de hauteur : un homme de 59 ans gri\u00e8vement bless\u00e9 dans un accident du travail - ACCIDENTDUTRAVAIL-IDF\" \/>\n<meta property=\"og:description\" content=\"Chute d\u2019une nacelle \u00e0 trois m\u00e8tres de hauteur : un homme de 59 ans gri\u00e8vement bless\u00e9 dans un accident du travail article de ACCIDENTDUTRAVAIL-IDF\" \/>\n<meta property=\"og:url\" content=\"https:\/\/www.accidentdutravail-idf.net\/blog\/chute-dune-nacelle-a-trois-metres-de-hauteur-un-homme-de-59-ans-grievement-blesse-dans-un-accident-du-travail\/\" \/>\n<meta property=\"og:site_name\" content=\"ACCIDENTDUTRAVAIL-IDF\" \/>\n<meta property=\"article:published_time\" content=\"2025-08-07T23:01:00+00:00\" \/>\n<meta property=\"og:image\" content=\"https:\/\/www.accidentdutravail-idf.net\/blog\/wp-content\/uploads\/2025\/08\/chute-dune-nacelle-a-trois-metres-de-hauteur-un-homme-de-59-ans-grievement-blesse-dans-un-accident-du-travail.jpg\" \/>\n<meta name=\"author\" content=\"Carlos Poulain\" \/>\n<meta name=\"twitter:card\" content=\"summary_large_image\" \/>\n<meta name=\"twitter:label1\" content=\"\u00c9crit par\" \/>\n\t<meta name=\"twitter:data1\" content=\"Carlos Poulain\" \/>\n\t<meta name=\"twitter:label2\" content=\"Dur\u00e9e de lecture estim\u00e9e\" \/>\n\t<meta name=\"twitter:data2\" content=\"2 minutes\" \/>\n<script type=\"application\/ld+json\" class=\"yoast-schema-graph\">{\"@context\":\"https:\\\/\\\/schema.org\",\"@graph\":[{\"@type\":\"Article\",\"@id\":\"https:\\\/\\\/www.accidentdutravail-idf.net\\\/blog\\\/chute-dune-nacelle-a-trois-metres-de-hauteur-un-homme-de-59-ans-grievement-blesse-dans-un-accident-du-travail\\\/#article\",\"isPartOf\":{\"@id\":\"https:\\\/\\\/www.accidentdutravail-idf.net\\\/blog\\\/chute-dune-nacelle-a-trois-metres-de-hauteur-un-homme-de-59-ans-grievement-blesse-dans-un-accident-du-travail\\\/\"},\"author\":{\"name\":\"Carlos Poulain\",\"@id\":\"https:\\\/\\\/www.accidentdutravail-idf.net\\\/blog\\\/#\\\/schema\\\/person\\\/3255d2f970de45e64bd9201f38e7b947\"},\"headline\":\"Chute d\u2019une nacelle \u00e0 trois m\u00e8tres de hauteur : un homme de 59 ans gri\u00e8vement bless\u00e9 dans un accident du travail\",\"datePublished\":\"2025-08-07T23:01:00+00:00\",\"mainEntityOfPage\":{\"@id\":\"https:\\\/\\\/www.accidentdutravail-idf.net\\\/blog\\\/chute-dune-nacelle-a-trois-metres-de-hauteur-un-homme-de-59-ans-grievement-blesse-dans-un-accident-du-travail\\\/\"},\"wordCount\":391,\"publisher\":{\"@id\":\"https:\\\/\\\/www.accidentdutravail-idf.net\\\/blog\\\/#organization\"},\"image\":{\"@id\":\"https:\\\/\\\/www.accidentdutravail-idf.net\\\/blog\\\/chute-dune-nacelle-a-trois-metres-de-hauteur-un-homme-de-59-ans-grievement-blesse-dans-un-accident-du-travail\\\/#primaryimage\"},\"thumbnailUrl\":\"https:\\\/\\\/www.accidentdutravail-idf.net\\\/blog\\\/wp-content\\\/uploads\\\/2025\\\/08\\\/chute-dune-nacelle-a-trois-metres-de-hauteur-un-homme-de-59-ans-grievement-blesse-dans-un-accident-du-travail.jpg\",\"articleSection\":[\"S\u00e9curit\u00e9 Du Travail En Ile-De-France Et Divers:\"],\"inLanguage\":\"fr-FR\"},{\"@type\":\"WebPage\",\"@id\":\"https:\\\/\\\/www.accidentdutravail-idf.net\\\/blog\\\/chute-dune-nacelle-a-trois-metres-de-hauteur-un-homme-de-59-ans-grievement-blesse-dans-un-accident-du-travail\\\/\",\"url\":\"https:\\\/\\\/www.accidentdutravail-idf.net\\\/blog\\\/chute-dune-nacelle-a-trois-metres-de-hauteur-un-homme-de-59-ans-grievement-blesse-dans-un-accident-du-travail\\\/\",\"name\":\"Chute d\u2019une nacelle \u00e0 trois m\u00e8tres de hauteur : un homme de 59 ans gri\u00e8vement bless\u00e9 dans un accident du travail - ACCIDENTDUTRAVAIL-IDF\",\"isPartOf\":{\"@id\":\"https:\\\/\\\/www.accidentdutravail-idf.net\\\/blog\\\/#website\"},\"primaryImageOfPage\":{\"@id\":\"https:\\\/\\\/www.accidentdutravail-idf.net\\\/blog\\\/chute-dune-nacelle-a-trois-metres-de-hauteur-un-homme-de-59-ans-grievement-blesse-dans-un-accident-du-travail\\\/#primaryimage\"},\"image\":{\"@id\":\"https:\\\/\\\/www.accidentdutravail-idf.net\\\/blog\\\/chute-dune-nacelle-a-trois-metres-de-hauteur-un-homme-de-59-ans-grievement-blesse-dans-un-accident-du-travail\\\/#primaryimage\"},\"thumbnailUrl\":\"https:\\\/\\\/www.accidentdutravail-idf.net\\\/blog\\\/wp-content\\\/uploads\\\/2025\\\/08\\\/chute-dune-nacelle-a-trois-metres-de-hauteur-un-homme-de-59-ans-grievement-blesse-dans-un-accident-du-travail.jpg\",\"datePublished\":\"2025-08-07T23:01:00+00:00\",\"description\":\"Chute d\u2019une nacelle \u00e0 trois m\u00e8tres de hauteur : un homme de 59 ans gri\u00e8vement bless\u00e9 dans un accident du travail article de ACCIDENTDUTRAVAIL-IDF\",\"breadcrumb\":{\"@id\":\"https:\\\/\\\/www.accidentdutravail-idf.net\\\/blog\\\/chute-dune-nacelle-a-trois-metres-de-hauteur-un-homme-de-59-ans-grievement-blesse-dans-un-accident-du-travail\\\/#breadcrumb\"},\"inLanguage\":\"fr-FR\",\"potentialAction\":[{\"@type\":\"ReadAction\",\"target\":[\"https:\\\/\\\/www.accidentdutravail-idf.net\\\/blog\\\/chute-dune-nacelle-a-trois-metres-de-hauteur-un-homme-de-59-ans-grievement-blesse-dans-un-accident-du-travail\\\/\"]}]},{\"@type\":\"ImageObject\",\"inLanguage\":\"fr-FR\",\"@id\":\"https:\\\/\\\/www.accidentdutravail-idf.net\\\/blog\\\/chute-dune-nacelle-a-trois-metres-de-hauteur-un-homme-de-59-ans-grievement-blesse-dans-un-accident-du-travail\\\/#primaryimage\",\"url\":\"https:\\\/\\\/www.accidentdutravail-idf.net\\\/blog\\\/wp-content\\\/uploads\\\/2025\\\/08\\\/chute-dune-nacelle-a-trois-metres-de-hauteur-un-homme-de-59-ans-grievement-blesse-dans-un-accident-du-travail.jpg\",\"contentUrl\":\"https:\\\/\\\/www.accidentdutravail-idf.net\\\/blog\\\/wp-content\\\/uploads\\\/2025\\\/08\\\/chute-dune-nacelle-a-trois-metres-de-hauteur-un-homme-de-59-ans-grievement-blesse-dans-un-accident-du-travail.jpg\"},{\"@type\":\"BreadcrumbList\",\"@id\":\"https:\\\/\\\/www.accidentdutravail-idf.net\\\/blog\\\/chute-dune-nacelle-a-trois-metres-de-hauteur-un-homme-de-59-ans-grievement-blesse-dans-un-accident-du-travail\\\/#breadcrumb\",\"itemListElement\":[{\"@type\":\"ListItem\",\"position\":1,\"name\":\"Accueil\",\"item\":\"https:\\\/\\\/www.accidentdutravail-idf.net\\\/blog\\\/\"},{\"@type\":\"ListItem\",\"position\":2,\"name\":\"Chute d\u2019une nacelle \u00e0 trois m\u00e8tres de hauteur : un homme de 59 ans gri\u00e8vement bless\u00e9 dans un accident du travail\"}]},{\"@type\":\"WebSite\",\"@id\":\"https:\\\/\\\/www.accidentdutravail-idf.net\\\/blog\\\/#website\",\"url\":\"https:\\\/\\\/www.accidentdutravail-idf.net\\\/blog\\\/\",\"name\":\"ACCIDENTDUTRAVAIL-IDF\",\"description\":\"Portail accidents du travail-maladies professionnelles des entreprises d&#039;Ile-de-France\",\"publisher\":{\"@id\":\"https:\\\/\\\/www.accidentdutravail-idf.net\\\/blog\\\/#organization\"},\"potentialAction\":[{\"@type\":\"SearchAction\",\"target\":{\"@type\":\"EntryPoint\",\"urlTemplate\":\"https:\\\/\\\/www.accidentdutravail-idf.net\\\/blog\\\/?s={search_term_string}\"},\"query-input\":{\"@type\":\"PropertyValueSpecification\",\"valueRequired\":true,\"valueName\":\"search_term_string\"}}],\"inLanguage\":\"fr-FR\"},{\"@type\":\"Organization\",\"@id\":\"https:\\\/\\\/www.accidentdutravail-idf.net\\\/blog\\\/#organization\",\"name\":\"accidentdutravail-idf\",\"url\":\"https:\\\/\\\/www.accidentdutravail-idf.net\\\/blog\\\/\",\"logo\":{\"@type\":\"ImageObject\",\"inLanguage\":\"fr-FR\",\"@id\":\"https:\\\/\\\/www.accidentdutravail-idf.net\\\/blog\\\/#\\\/schema\\\/logo\\\/image\\\/\",\"url\":\"https:\\\/\\\/www.accidentdutravail-idf.net\\\/blog\\\/wp-content\\\/uploads\\\/2022\\\/09\\\/logo-2.png\",\"contentUrl\":\"https:\\\/\\\/www.accidentdutravail-idf.net\\\/blog\\\/wp-content\\\/uploads\\\/2022\\\/09\\\/logo-2.png\",\"width\":380,\"height\":291,\"caption\":\"accidentdutravail-idf\"},\"image\":{\"@id\":\"https:\\\/\\\/www.accidentdutravail-idf.net\\\/blog\\\/#\\\/schema\\\/logo\\\/image\\\/\"}},{\"@type\":\"Person\",\"@id\":\"https:\\\/\\\/www.accidentdutravail-idf.net\\\/blog\\\/#\\\/schema\\\/person\\\/3255d2f970de45e64bd9201f38e7b947\",\"name\":\"Carlos Poulain\",\"image\":{\"@type\":\"ImageObject\",\"inLanguage\":\"fr-FR\",\"@id\":\"https:\\\/\\\/secure.gravatar.com\\\/avatar\\\/b1c2f9d3588e34e91adb093635df64ef4b2381991216be7576466cfcdca4baf3?s=96&d=mm&r=g\",\"url\":\"https:\\\/\\\/secure.gravatar.com\\\/avatar\\\/b1c2f9d3588e34e91adb093635df64ef4b2381991216be7576466cfcdca4baf3?s=96&d=mm&r=g\",\"contentUrl\":\"https:\\\/\\\/secure.gravatar.com\\\/avatar\\\/b1c2f9d3588e34e91adb093635df64ef4b2381991216be7576466cfcdca4baf3?s=96&d=mm&r=g\",\"caption\":\"Carlos Poulain\"},\"url\":\"https:\\\/\\\/www.accidentdutravail-idf.net\\\/blog\\\/author\\\/idfcarlos\\\/\"}]}<\/script>\n<!-- \/ Yoast SEO plugin. -->","yoast_head_json":{"title":"Chute d\u2019une nacelle \u00e0 trois m\u00e8tres de hauteur : un homme de 59 ans gri\u00e8vement bless\u00e9 dans un accident du travail - ACCIDENTDUTRAVAIL-IDF","description":"Chute d\u2019une nacelle \u00e0 trois m\u00e8tres de hauteur : un homme de 59 ans gri\u00e8vement bless\u00e9 dans un accident du travail article de ACCIDENTDUTRAVAIL-IDF","robots":{"index":"index","follow":"follow","max-snippet":"max-snippet:-1","max-image-preview":"max-image-preview:large","max-video-preview":"max-video-preview:-1"},"canonical":"https:\/\/www.accidentdutravail-idf.net\/blog\/chute-dune-nacelle-a-trois-metres-de-hauteur-un-homme-de-59-ans-grievement-blesse-dans-un-accident-du-travail\/","og_locale":"fr_FR","og_type":"article","og_title":"Chute d\u2019une nacelle \u00e0 trois m\u00e8tres de hauteur : un homme de 59 ans gri\u00e8vement bless\u00e9 dans un accident du travail - ACCIDENTDUTRAVAIL-IDF","og_description":"Chute d\u2019une nacelle \u00e0 trois m\u00e8tres de hauteur : un homme de 59 ans gri\u00e8vement bless\u00e9 dans un accident du travail article de ACCIDENTDUTRAVAIL-IDF","og_url":"https:\/\/www.accidentdutravail-idf.net\/blog\/chute-dune-nacelle-a-trois-metres-de-hauteur-un-homme-de-59-ans-grievement-blesse-dans-un-accident-du-travail\/","og_site_name":"ACCIDENTDUTRAVAIL-IDF","article_published_time":"2025-08-07T23:01:00+00:00","og_image":[{"url":"https:\/\/www.accidentdutravail-idf.net\/blog\/wp-content\/uploads\/2025\/08\/chute-dune-nacelle-a-trois-metres-de-hauteur-un-homme-de-59-ans-grievement-blesse-dans-un-accident-du-travail.jpg","type":"","width":"","height":""}],"author":"Carlos Poulain","twitter_card":"summary_large_image","twitter_misc":{"\u00c9crit par":"Carlos Poulain","Dur\u00e9e de lecture estim\u00e9e":"2 minutes"},"schema":{"@context":"https:\/\/schema.org","@graph":[{"@type":"Article","@id":"https:\/\/www.accidentdutravail-idf.net\/blog\/chute-dune-nacelle-a-trois-metres-de-hauteur-un-homme-de-59-ans-grievement-blesse-dans-un-accident-du-travail\/#article","isPartOf":{"@id":"https:\/\/www.accidentdutravail-idf.net\/blog\/chute-dune-nacelle-a-trois-metres-de-hauteur-un-homme-de-59-ans-grievement-blesse-dans-un-accident-du-travail\/"},"author":{"name":"Carlos Poulain","@id":"https:\/\/www.accidentdutravail-idf.net\/blog\/#\/schema\/person\/3255d2f970de45e64bd9201f38e7b947"},"headline":"Chute d\u2019une nacelle \u00e0 trois m\u00e8tres de hauteur : un homme de 59 ans gri\u00e8vement bless\u00e9 dans un accident du travail","datePublished":"2025-08-07T23:01:00+00:00","mainEntityOfPage":{"@id":"https:\/\/www.accidentdutravail-idf.net\/blog\/chute-dune-nacelle-a-trois-metres-de-hauteur-un-homme-de-59-ans-grievement-blesse-dans-un-accident-du-travail\/"},"wordCount":391,"publisher":{"@id":"https:\/\/www.accidentdutravail-idf.net\/blog\/#organization"},"image":{"@id":"https:\/\/www.accidentdutravail-idf.net\/blog\/chute-dune-nacelle-a-trois-metres-de-hauteur-un-homme-de-59-ans-grievement-blesse-dans-un-accident-du-travail\/#primaryimage"},"thumbnailUrl":"https:\/\/www.accidentdutravail-idf.net\/blog\/wp-content\/uploads\/2025\/08\/chute-dune-nacelle-a-trois-metres-de-hauteur-un-homme-de-59-ans-grievement-blesse-dans-un-accident-du-travail.jpg","articleSection":["S\u00e9curit\u00e9 Du Travail En Ile-De-France Et Divers:"],"inLanguage":"fr-FR"},{"@type":"WebPage","@id":"https:\/\/www.accidentdutravail-idf.net\/blog\/chute-dune-nacelle-a-trois-metres-de-hauteur-un-homme-de-59-ans-grievement-blesse-dans-un-accident-du-travail\/","url":"https:\/\/www.accidentdutravail-idf.net\/blog\/chute-dune-nacelle-a-trois-metres-de-hauteur-un-homme-de-59-ans-grievement-blesse-dans-un-accident-du-travail\/","name":"Chute d\u2019une nacelle \u00e0 trois m\u00e8tres de hauteur : un homme de 59 ans gri\u00e8vement bless\u00e9 dans un accident du travail - ACCIDENTDUTRAVAIL-IDF","isPartOf":{"@id":"https:\/\/www.accidentdutravail-idf.net\/blog\/#website"},"primaryImageOfPage":{"@id":"https:\/\/www.accidentdutravail-idf.net\/blog\/chute-dune-nacelle-a-trois-metres-de-hauteur-un-homme-de-59-ans-grievement-blesse-dans-un-accident-du-travail\/#primaryimage"},"image":{"@id":"https:\/\/www.accidentdutravail-idf.net\/blog\/chute-dune-nacelle-a-trois-metres-de-hauteur-un-homme-de-59-ans-grievement-blesse-dans-un-accident-du-travail\/#primaryimage"},"thumbnailUrl":"https:\/\/www.accidentdutravail-idf.net\/blog\/wp-content\/uploads\/2025\/08\/chute-dune-nacelle-a-trois-metres-de-hauteur-un-homme-de-59-ans-grievement-blesse-dans-un-accident-du-travail.jpg","datePublished":"2025-08-07T23:01:00+00:00","description":"Chute d\u2019une nacelle \u00e0 trois m\u00e8tres de hauteur : un homme de 59 ans gri\u00e8vement bless\u00e9 dans un accident du travail article de ACCIDENTDUTRAVAIL-IDF","breadcrumb":{"@id":"https:\/\/www.accidentdutravail-idf.net\/blog\/chute-dune-nacelle-a-trois-metres-de-hauteur-un-homme-de-59-ans-grievement-blesse-dans-un-accident-du-travail\/#breadcrumb"},"inLanguage":"fr-FR","potentialAction":[{"@type":"ReadAction","target":["https:\/\/www.accidentdutravail-idf.net\/blog\/chute-dune-nacelle-a-trois-metres-de-hauteur-un-homme-de-59-ans-grievement-blesse-dans-un-accident-du-travail\/"]}]},{"@type":"ImageObject","inLanguage":"fr-FR","@id":"https:\/\/www.accidentdutravail-idf.net\/blog\/chute-dune-nacelle-a-trois-metres-de-hauteur-un-homme-de-59-ans-grievement-blesse-dans-un-accident-du-travail\/#primaryimage","url":"https:\/\/www.accidentdutravail-idf.net\/blog\/wp-content\/uploads\/2025\/08\/chute-dune-nacelle-a-trois-metres-de-hauteur-un-homme-de-59-ans-grievement-blesse-dans-un-accident-du-travail.jpg","contentUrl":"https:\/\/www.accidentdutravail-idf.net\/blog\/wp-content\/uploads\/2025\/08\/chute-dune-nacelle-a-trois-metres-de-hauteur-un-homme-de-59-ans-grievement-blesse-dans-un-accident-du-travail.jpg"},{"@type":"BreadcrumbList","@id":"https:\/\/www.accidentdutravail-idf.net\/blog\/chute-dune-nacelle-a-trois-metres-de-hauteur-un-homme-de-59-ans-grievement-blesse-dans-un-accident-du-travail\/#breadcrumb","itemListElement":[{"@type":"ListItem","position":1,"name":"Accueil","item":"https:\/\/www.accidentdutravail-idf.net\/blog\/"},{"@type":"ListItem","position":2,"name":"Chute d\u2019une nacelle \u00e0 trois m\u00e8tres de hauteur : un homme de 59 ans gri\u00e8vement bless\u00e9 dans un accident du travail"}]},{"@type":"WebSite","@id":"https:\/\/www.accidentdutravail-idf.net\/blog\/#website","url":"https:\/\/www.accidentdutravail-idf.net\/blog\/","name":"ACCIDENTDUTRAVAIL-IDF","description":"Portail accidents du travail-maladies professionnelles des entreprises d&#039;Ile-de-France","publisher":{"@id":"https:\/\/www.accidentdutravail-idf.net\/blog\/#organization"},"potentialAction":[{"@type":"SearchAction","target":{"@type":"EntryPoint","urlTemplate":"https:\/\/www.accidentdutravail-idf.net\/blog\/?s={search_term_string}"},"query-input":{"@type":"PropertyValueSpecification","valueRequired":true,"valueName":"search_term_string"}}],"inLanguage":"fr-FR"},{"@type":"Organization","@id":"https:\/\/www.accidentdutravail-idf.net\/blog\/#organization","name":"accidentdutravail-idf","url":"https:\/\/www.accidentdutravail-idf.net\/blog\/","logo":{"@type":"ImageObject","inLanguage":"fr-FR","@id":"https:\/\/www.accidentdutravail-idf.net\/blog\/#\/schema\/logo\/image\/","url":"https:\/\/www.accidentdutravail-idf.net\/blog\/wp-content\/uploads\/2022\/09\/logo-2.png","contentUrl":"https:\/\/www.accidentdutravail-idf.net\/blog\/wp-content\/uploads\/2022\/09\/logo-2.png","width":380,"height":291,"caption":"accidentdutravail-idf"},"image":{"@id":"https:\/\/www.accidentdutravail-idf.net\/blog\/#\/schema\/logo\/image\/"}},{"@type":"Person","@id":"https:\/\/www.accidentdutravail-idf.net\/blog\/#\/schema\/person\/3255d2f970de45e64bd9201f38e7b947","name":"Carlos Poulain","image":{"@type":"ImageObject","inLanguage":"fr-FR","@id":"https:\/\/secure.gravatar.com\/avatar\/b1c2f9d3588e34e91adb093635df64ef4b2381991216be7576466cfcdca4baf3?s=96&d=mm&r=g","url":"https:\/\/secure.gravatar.com\/avatar\/b1c2f9d3588e34e91adb093635df64ef4b2381991216be7576466cfcdca4baf3?s=96&d=mm&r=g","contentUrl":"https:\/\/secure.gravatar.com\/avatar\/b1c2f9d3588e34e91adb093635df64ef4b2381991216be7576466cfcdca4baf3?s=96&d=mm&r=g","caption":"Carlos Poulain"},"url":"https:\/\/www.accidentdutravail-idf.net\/blog\/author\/idfcarlos\/"}]}},"_links":{"self":[{"href":"https:\/\/www.accidentdutravail-idf.net\/blog\/wp-json\/wp\/v2\/posts\/1641","targetHints":{"allow":["GET"]}}],"collection":[{"href":"https:\/\/www.accidentdutravail-idf.net\/blog\/wp-json\/wp\/v2\/posts"}],"about":[{"href":"https:\/\/www.accidentdutravail-idf.net\/blog\/wp-json\/wp\/v2\/types\/post"}],"author":[{"embeddable":true,"href":"https:\/\/www.accidentdutravail-idf.net\/blog\/wp-json\/wp\/v2\/users\/2"}],"replies":[{"embeddable":true,"href":"https:\/\/www.accidentdutravail-idf.net\/blog\/wp-json\/wp\/v2\/comments?post=1641"}],"version-history":[{"count":0,"href":"https:\/\/www.accidentdutravail-idf.net\/blog\/wp-json\/wp\/v2\/posts\/1641\/revisions"}],"wp:attachment":[{"href":"https:\/\/www.accidentdutravail-idf.net\/blog\/wp-json\/wp\/v2\/media?parent=1641"}],"wp:term":[{"taxonomy":"category","embeddable":true,"href":"https:\/\/www.accidentdutravail-idf.net\/blog\/wp-json\/wp\/v2\/categories?post=1641"},{"taxonomy":"post_tag","embeddable":true,"href":"https:\/\/www.accidentdutravail-idf.net\/blog\/wp-json\/wp\/v2\/tags?post=1641"}],"curies":[{"name":"wp","href":"https:\/\/api.w.org\/{rel}","templated":true}]}}