{"id":1638,"date":"2025-08-06T07:06:00","date_gmt":"2025-08-06T05:06:00","guid":{"rendered":"https:\/\/www.accidentdutravail-idf.net\/blog\/accident-du-travail-dans-le-tarn-et-garonne-quatre-hommes-chutent-dune-nacelle-agricole\/"},"modified":"2025-08-06T07:06:00","modified_gmt":"2025-08-06T05:06:00","slug":"accident-du-travail-dans-le-tarn-et-garonne-quatre-hommes-chutent-dune-nacelle-agricole","status":"publish","type":"post","link":"https:\/\/www.accidentdutravail-idf.net\/blog\/accident-du-travail-dans-le-tarn-et-garonne-quatre-hommes-chutent-dune-nacelle-agricole\/","title":{"rendered":"Accident du travail dans le Tarn-et-Garonne : quatre hommes chutent d&rsquo;une nacelle agricole"},"content":{"rendered":"<div><img decoding=\"async\" src=\"https:\/\/www.accidentdutravail-idf.net\/blog\/wp-content\/uploads\/2025\/08\/accident-du-travail-dans-le-tarn-et-garonne-quatre-hommes-chutent-dune-nacelle-agricole.jpg\" class=\"ff-og-image-inserted\"><\/div>\n<div class=\"ac-article-date\"> Par <strong> <a href=\"https:\/\/actu.fr\/auteur\/margot-fournie\" title=\"Consulter tous les articles de Margot Fournie\" target=\"_blank\" rel=\"nofollow\">Margot Fournie<\/a> <\/strong> <span> Publi\u00e9 le  6 ao\u00fbt 2025 \u00e0 14h02  <\/span>\n<\/div>\n<p>Le 5&nbsp;ao\u00fbt, quatre hommes, \u00e2g\u00e9s de 59, 61, 36 et 57&nbsp;ans ont eu un <a href=\"https:\/\/actu.fr\/tag\/accident\" target=\"_blank\" rel=\"nofollow\">accident<\/a>, alors qu\u2019ils se trouvaient dans la commune de <a href=\"https:\/\/actu.fr\/occitanie\/lamothe-capdeville_82090\" target=\"_blank\" rel=\"nofollow\">Lamothe-Capdeville<\/a>, dans le <a href=\"https:\/\/actu.fr\/occitanie\/tarn-et-garonne_82\" target=\"_blank\" rel=\"nofollow\">Tarn-et-Garonne<\/a>. Selon nos <a href=\"https:\/\/france3-regions.franceinfo.fr\/occitanie\/tarn-et-garonne\/montauban\/accident-de-travail-quatre-hommes-tombent-d-une-nacelle-un-blesse-grave-3198153.html\" target=\"_blank\" rel=\"nofollow\">confr\u00e8res de <em>France 3 r\u00e9gions<\/em><\/a>, ils ont chut\u00e9 d\u2019une <strong>nacelle agricole<\/strong> situ\u00e9e \u00e0 <strong>trois m\u00e8tres de hauteur<\/strong>.<\/p>\n<figure class=\"ac-embed ac-embed--google wall-content\" data-provider=\"google\" data-cmp-purpose=\"embedInfographie\">\n<\/figure>\n<div class=\"ac-article-to-read wall-content\">\n<p>\u00c0 lire aussi<\/p>\n<\/div>\n<h2 class=\" wall-content\">Un des hommes a \u00e9t\u00e9 h\u00e9liport\u00e9 \u00e0 Toulouse<\/h2>\n<p class=\" wall-content\"><strong>Quinze sapeurs-pompiers<\/strong> sont intervenus. Sur place, ils ont pris en charge les quatre victimes. L\u2019homme \u00e2g\u00e9 de 59&nbsp;ans \u00e9tait <strong>bless\u00e9 gri\u00e8vement<\/strong>. Il a \u00e9t\u00e9 h\u00e9liport\u00e9 au<a href=\"https:\/\/actu.fr\/occitanie\/toulouse_31555\/classement-deux-hopitaux-de-toulouse-parmi-les-meilleurs-au-monde_62351388.html\" target=\"_blank\" rel=\"nofollow\"> CHU de Purpan \u00e0 Toulouse<\/a>, en Haute-Garonne.<\/p>\n<p class=\" wall-content\">Les trois autres hommes \u00e9taient dans un \u00e9tat moins grave. Ils ont \u00e9t\u00e9 hospitalis\u00e9s dans le secteur de Montauban.<\/p>\n<p class=\" wall-content\"><i>Suivez toute l\u2019actualit\u00e9 de vos villes et m\u00e9dias favoris en vous inscrivant \u00e0 <a href=\"https:\/\/moncompte.actu.fr\" title=\"D\u00e9couvez Mon Actu\" rel=\"nofollow\" data-trk=\"{&quot;cta&quot;:{&quot;action&quot;:&quot;https:\\\/\\\/moncompte.actu.fr&quot;,&quot;category&quot;:&quot;mon compte&quot;,&quot;from&quot;:&quot;article footer&quot;,&quot;name&quot;:&quot;Mon actu&quot;,&quot;type&quot;:&quot;cta&quot;}}\" target=\"_blank\">Mon Actu<\/a>.<\/i><\/p>\n<ul class=\"ac-article-tag wall-content\">\n<li><a href=\"https:\/\/actu.fr\/tag\/accident\" data-trk=\"{&quot;cta&quot;:{&quot;action&quot;:&quot;Accident&quot;,&quot;category&quot;:&quot;tag&quot;,&quot;from&quot;:&quot;article footer&quot;,&quot;name&quot;:&quot;Accident&quot;,&quot;type&quot;:&quot;cta&quot;}}\" target=\"_blank\" rel=\"nofollow\">#Accident<\/a><\/li>\n<li><a href=\"https:\/\/actu.fr\/tag\/pompiers\" data-trk=\"{&quot;cta&quot;:{&quot;action&quot;:&quot;Pompiers&quot;,&quot;category&quot;:&quot;tag&quot;,&quot;from&quot;:&quot;article footer&quot;,&quot;name&quot;:&quot;Pompiers&quot;,&quot;type&quot;:&quot;cta&quot;}}\" target=\"_blank\" rel=\"nofollow\">#Pompiers<\/a><\/li>\n<\/ul>\n<p> accidentdutravail-idf.net vous a pr\u00e9par\u00e9 ce post qui informe du sujet \u00ab\u00a0Association Sportive Huisson-Longueville Essonne\u00a0\u00bb. La chronique se veut g\u00e9n\u00e9r\u00e9e du mieux possible. Vous pouvez utiliser les coordonn\u00e9es indiqu\u00e9es sur le site dans le but d\u2019apporter des explications sur ce post qui parle du th\u00e8me \u00ab\u00a0Association Sportive Huisson-Longueville Essonne\u00a0\u00bb. Le site accidentdutravail-idf.net a pour but de fournir diverses publications sur la th\u00e9matique Association Sportive Huisson-Longueville Essonne diffus\u00e9es sur le net. Il y aura plusieurs articles autour du sujet \u00ab\u00a0Association Sportive Huisson-Longueville Essonne\u00a0\u00bb dans quelques jours, nous vous invitons \u00e0 naviguer sur notre site web \u00e0 plusieurs reprises.<\/p>\n","protected":false},"excerpt":{"rendered":"<p>Par Margot Fournie Publi\u00e9 le 6 ao\u00fbt 2025 \u00e0 14h02 Le 5&nbsp;ao\u00fbt, quatre hommes, \u00e2g\u00e9s de 59, 61, 36 et 57&nbsp;ans ont eu un accident, alors qu\u2019ils se trouvaient dans la commune de Lamothe-Capdeville, dans le Tarn-et-Garonne. Selon nos confr\u00e8res de France 3 r\u00e9gions, ils ont chut\u00e9 d\u2019une nacelle agricole situ\u00e9e \u00e0 trois m\u00e8tres de &hellip; <\/p>\n<p class=\"link-more\"><a href=\"https:\/\/www.accidentdutravail-idf.net\/blog\/accident-du-travail-dans-le-tarn-et-garonne-quatre-hommes-chutent-dune-nacelle-agricole\/\" class=\"more-link\">Continuer la lecture <span class=\"screen-reader-text\"> \u00ab\u00a0Accident du travail dans le Tarn-et-Garonne : quatre hommes chutent d&rsquo;une nacelle agricole\u00a0\u00bb<\/span><\/a><\/p>\n","protected":false},"author":2,"featured_media":0,"comment_status":"closed","ping_status":"closed","sticky":false,"template":"","format":"standard","meta":{"footnotes":""},"categories":[5],"tags":[],"class_list":["post-1638","post","type-post","status-publish","format-standard","hentry","category-securite-du-travail-en-ile-de-france-et-divers","entry"],"yoast_head":"<!-- This site is optimized with the Yoast SEO plugin v27.5 - https:\/\/yoast.com\/product\/yoast-seo-wordpress\/ -->\n<title>Accident du travail dans le Tarn-et-Garonne : quatre hommes chutent d&#039;une nacelle agricole - ACCIDENTDUTRAVAIL-IDF<\/title>\n<meta name=\"description\" content=\"Accident du travail dans le Tarn-et-Garonne : quatre hommes chutent d&#039;une nacelle agricole article de ACCIDENTDUTRAVAIL-IDF\" \/>\n<meta name=\"robots\" content=\"index, follow, max-snippet:-1, max-image-preview:large, max-video-preview:-1\" \/>\n<link rel=\"canonical\" href=\"https:\/\/www.accidentdutravail-idf.net\/blog\/accident-du-travail-dans-le-tarn-et-garonne-quatre-hommes-chutent-dune-nacelle-agricole\/\" \/>\n<meta property=\"og:locale\" content=\"fr_FR\" \/>\n<meta property=\"og:type\" content=\"article\" \/>\n<meta property=\"og:title\" content=\"Accident du travail dans le Tarn-et-Garonne : quatre hommes chutent d&#039;une nacelle agricole - ACCIDENTDUTRAVAIL-IDF\" \/>\n<meta property=\"og:description\" content=\"Accident du travail dans le Tarn-et-Garonne : quatre hommes chutent d&#039;une nacelle agricole article de ACCIDENTDUTRAVAIL-IDF\" \/>\n<meta property=\"og:url\" content=\"https:\/\/www.accidentdutravail-idf.net\/blog\/accident-du-travail-dans-le-tarn-et-garonne-quatre-hommes-chutent-dune-nacelle-agricole\/\" \/>\n<meta property=\"og:site_name\" content=\"ACCIDENTDUTRAVAIL-IDF\" \/>\n<meta property=\"article:published_time\" content=\"2025-08-06T05:06:00+00:00\" \/>\n<meta property=\"og:image\" content=\"https:\/\/www.accidentdutravail-idf.net\/blog\/wp-content\/uploads\/2025\/08\/accident-du-travail-dans-le-tarn-et-garonne-quatre-hommes-chutent-dune-nacelle-agricole.jpg\" \/>\n<meta name=\"author\" content=\"Carlos Poulain\" \/>\n<meta name=\"twitter:card\" content=\"summary_large_image\" \/>\n<meta name=\"twitter:label1\" content=\"\u00c9crit par\" \/>\n\t<meta name=\"twitter:data1\" content=\"Carlos Poulain\" \/>\n\t<meta name=\"twitter:label2\" content=\"Dur\u00e9e de lecture estim\u00e9e\" \/>\n\t<meta name=\"twitter:data2\" content=\"1 minute\" \/>\n<script type=\"application\/ld+json\" class=\"yoast-schema-graph\">{\"@context\":\"https:\\\/\\\/schema.org\",\"@graph\":[{\"@type\":\"Article\",\"@id\":\"https:\\\/\\\/www.accidentdutravail-idf.net\\\/blog\\\/accident-du-travail-dans-le-tarn-et-garonne-quatre-hommes-chutent-dune-nacelle-agricole\\\/#article\",\"isPartOf\":{\"@id\":\"https:\\\/\\\/www.accidentdutravail-idf.net\\\/blog\\\/accident-du-travail-dans-le-tarn-et-garonne-quatre-hommes-chutent-dune-nacelle-agricole\\\/\"},\"author\":{\"name\":\"Carlos Poulain\",\"@id\":\"https:\\\/\\\/www.accidentdutravail-idf.net\\\/blog\\\/#\\\/schema\\\/person\\\/3255d2f970de45e64bd9201f38e7b947\"},\"headline\":\"Accident du travail dans le Tarn-et-Garonne : quatre hommes chutent d&rsquo;une nacelle agricole\",\"datePublished\":\"2025-08-06T05:06:00+00:00\",\"mainEntityOfPage\":{\"@id\":\"https:\\\/\\\/www.accidentdutravail-idf.net\\\/blog\\\/accident-du-travail-dans-le-tarn-et-garonne-quatre-hommes-chutent-dune-nacelle-agricole\\\/\"},\"wordCount\":261,\"publisher\":{\"@id\":\"https:\\\/\\\/www.accidentdutravail-idf.net\\\/blog\\\/#organization\"},\"image\":{\"@id\":\"https:\\\/\\\/www.accidentdutravail-idf.net\\\/blog\\\/accident-du-travail-dans-le-tarn-et-garonne-quatre-hommes-chutent-dune-nacelle-agricole\\\/#primaryimage\"},\"thumbnailUrl\":\"https:\\\/\\\/www.accidentdutravail-idf.net\\\/blog\\\/wp-content\\\/uploads\\\/2025\\\/08\\\/accident-du-travail-dans-le-tarn-et-garonne-quatre-hommes-chutent-dune-nacelle-agricole.jpg\",\"articleSection\":[\"S\u00e9curit\u00e9 Du Travail En Ile-De-France Et Divers:\"],\"inLanguage\":\"fr-FR\"},{\"@type\":\"WebPage\",\"@id\":\"https:\\\/\\\/www.accidentdutravail-idf.net\\\/blog\\\/accident-du-travail-dans-le-tarn-et-garonne-quatre-hommes-chutent-dune-nacelle-agricole\\\/\",\"url\":\"https:\\\/\\\/www.accidentdutravail-idf.net\\\/blog\\\/accident-du-travail-dans-le-tarn-et-garonne-quatre-hommes-chutent-dune-nacelle-agricole\\\/\",\"name\":\"Accident du travail dans le Tarn-et-Garonne : quatre hommes chutent d'une nacelle agricole - ACCIDENTDUTRAVAIL-IDF\",\"isPartOf\":{\"@id\":\"https:\\\/\\\/www.accidentdutravail-idf.net\\\/blog\\\/#website\"},\"primaryImageOfPage\":{\"@id\":\"https:\\\/\\\/www.accidentdutravail-idf.net\\\/blog\\\/accident-du-travail-dans-le-tarn-et-garonne-quatre-hommes-chutent-dune-nacelle-agricole\\\/#primaryimage\"},\"image\":{\"@id\":\"https:\\\/\\\/www.accidentdutravail-idf.net\\\/blog\\\/accident-du-travail-dans-le-tarn-et-garonne-quatre-hommes-chutent-dune-nacelle-agricole\\\/#primaryimage\"},\"thumbnailUrl\":\"https:\\\/\\\/www.accidentdutravail-idf.net\\\/blog\\\/wp-content\\\/uploads\\\/2025\\\/08\\\/accident-du-travail-dans-le-tarn-et-garonne-quatre-hommes-chutent-dune-nacelle-agricole.jpg\",\"datePublished\":\"2025-08-06T05:06:00+00:00\",\"description\":\"Accident du travail dans le Tarn-et-Garonne : quatre hommes chutent d'une nacelle agricole article de ACCIDENTDUTRAVAIL-IDF\",\"breadcrumb\":{\"@id\":\"https:\\\/\\\/www.accidentdutravail-idf.net\\\/blog\\\/accident-du-travail-dans-le-tarn-et-garonne-quatre-hommes-chutent-dune-nacelle-agricole\\\/#breadcrumb\"},\"inLanguage\":\"fr-FR\",\"potentialAction\":[{\"@type\":\"ReadAction\",\"target\":[\"https:\\\/\\\/www.accidentdutravail-idf.net\\\/blog\\\/accident-du-travail-dans-le-tarn-et-garonne-quatre-hommes-chutent-dune-nacelle-agricole\\\/\"]}]},{\"@type\":\"ImageObject\",\"inLanguage\":\"fr-FR\",\"@id\":\"https:\\\/\\\/www.accidentdutravail-idf.net\\\/blog\\\/accident-du-travail-dans-le-tarn-et-garonne-quatre-hommes-chutent-dune-nacelle-agricole\\\/#primaryimage\",\"url\":\"https:\\\/\\\/www.accidentdutravail-idf.net\\\/blog\\\/wp-content\\\/uploads\\\/2025\\\/08\\\/accident-du-travail-dans-le-tarn-et-garonne-quatre-hommes-chutent-dune-nacelle-agricole.jpg\",\"contentUrl\":\"https:\\\/\\\/www.accidentdutravail-idf.net\\\/blog\\\/wp-content\\\/uploads\\\/2025\\\/08\\\/accident-du-travail-dans-le-tarn-et-garonne-quatre-hommes-chutent-dune-nacelle-agricole.jpg\"},{\"@type\":\"BreadcrumbList\",\"@id\":\"https:\\\/\\\/www.accidentdutravail-idf.net\\\/blog\\\/accident-du-travail-dans-le-tarn-et-garonne-quatre-hommes-chutent-dune-nacelle-agricole\\\/#breadcrumb\",\"itemListElement\":[{\"@type\":\"ListItem\",\"position\":1,\"name\":\"Accueil\",\"item\":\"https:\\\/\\\/www.accidentdutravail-idf.net\\\/blog\\\/\"},{\"@type\":\"ListItem\",\"position\":2,\"name\":\"Accident du travail dans le Tarn-et-Garonne : quatre hommes chutent d&rsquo;une nacelle agricole\"}]},{\"@type\":\"WebSite\",\"@id\":\"https:\\\/\\\/www.accidentdutravail-idf.net\\\/blog\\\/#website\",\"url\":\"https:\\\/\\\/www.accidentdutravail-idf.net\\\/blog\\\/\",\"name\":\"ACCIDENTDUTRAVAIL-IDF\",\"description\":\"Portail accidents du travail-maladies professionnelles des entreprises d&#039;Ile-de-France\",\"publisher\":{\"@id\":\"https:\\\/\\\/www.accidentdutravail-idf.net\\\/blog\\\/#organization\"},\"potentialAction\":[{\"@type\":\"SearchAction\",\"target\":{\"@type\":\"EntryPoint\",\"urlTemplate\":\"https:\\\/\\\/www.accidentdutravail-idf.net\\\/blog\\\/?s={search_term_string}\"},\"query-input\":{\"@type\":\"PropertyValueSpecification\",\"valueRequired\":true,\"valueName\":\"search_term_string\"}}],\"inLanguage\":\"fr-FR\"},{\"@type\":\"Organization\",\"@id\":\"https:\\\/\\\/www.accidentdutravail-idf.net\\\/blog\\\/#organization\",\"name\":\"accidentdutravail-idf\",\"url\":\"https:\\\/\\\/www.accidentdutravail-idf.net\\\/blog\\\/\",\"logo\":{\"@type\":\"ImageObject\",\"inLanguage\":\"fr-FR\",\"@id\":\"https:\\\/\\\/www.accidentdutravail-idf.net\\\/blog\\\/#\\\/schema\\\/logo\\\/image\\\/\",\"url\":\"https:\\\/\\\/www.accidentdutravail-idf.net\\\/blog\\\/wp-content\\\/uploads\\\/2022\\\/09\\\/logo-2.png\",\"contentUrl\":\"https:\\\/\\\/www.accidentdutravail-idf.net\\\/blog\\\/wp-content\\\/uploads\\\/2022\\\/09\\\/logo-2.png\",\"width\":380,\"height\":291,\"caption\":\"accidentdutravail-idf\"},\"image\":{\"@id\":\"https:\\\/\\\/www.accidentdutravail-idf.net\\\/blog\\\/#\\\/schema\\\/logo\\\/image\\\/\"}},{\"@type\":\"Person\",\"@id\":\"https:\\\/\\\/www.accidentdutravail-idf.net\\\/blog\\\/#\\\/schema\\\/person\\\/3255d2f970de45e64bd9201f38e7b947\",\"name\":\"Carlos Poulain\",\"image\":{\"@type\":\"ImageObject\",\"inLanguage\":\"fr-FR\",\"@id\":\"https:\\\/\\\/secure.gravatar.com\\\/avatar\\\/b1c2f9d3588e34e91adb093635df64ef4b2381991216be7576466cfcdca4baf3?s=96&d=mm&r=g\",\"url\":\"https:\\\/\\\/secure.gravatar.com\\\/avatar\\\/b1c2f9d3588e34e91adb093635df64ef4b2381991216be7576466cfcdca4baf3?s=96&d=mm&r=g\",\"contentUrl\":\"https:\\\/\\\/secure.gravatar.com\\\/avatar\\\/b1c2f9d3588e34e91adb093635df64ef4b2381991216be7576466cfcdca4baf3?s=96&d=mm&r=g\",\"caption\":\"Carlos Poulain\"},\"url\":\"https:\\\/\\\/www.accidentdutravail-idf.net\\\/blog\\\/author\\\/idfcarlos\\\/\"}]}<\/script>\n<!-- \/ Yoast SEO plugin. -->","yoast_head_json":{"title":"Accident du travail dans le Tarn-et-Garonne : quatre hommes chutent d'une nacelle agricole - ACCIDENTDUTRAVAIL-IDF","description":"Accident du travail dans le Tarn-et-Garonne : quatre hommes chutent d'une nacelle agricole article de ACCIDENTDUTRAVAIL-IDF","robots":{"index":"index","follow":"follow","max-snippet":"max-snippet:-1","max-image-preview":"max-image-preview:large","max-video-preview":"max-video-preview:-1"},"canonical":"https:\/\/www.accidentdutravail-idf.net\/blog\/accident-du-travail-dans-le-tarn-et-garonne-quatre-hommes-chutent-dune-nacelle-agricole\/","og_locale":"fr_FR","og_type":"article","og_title":"Accident du travail dans le Tarn-et-Garonne : quatre hommes chutent d'une nacelle agricole - ACCIDENTDUTRAVAIL-IDF","og_description":"Accident du travail dans le Tarn-et-Garonne : quatre hommes chutent d'une nacelle agricole article de ACCIDENTDUTRAVAIL-IDF","og_url":"https:\/\/www.accidentdutravail-idf.net\/blog\/accident-du-travail-dans-le-tarn-et-garonne-quatre-hommes-chutent-dune-nacelle-agricole\/","og_site_name":"ACCIDENTDUTRAVAIL-IDF","article_published_time":"2025-08-06T05:06:00+00:00","og_image":[{"url":"https:\/\/www.accidentdutravail-idf.net\/blog\/wp-content\/uploads\/2025\/08\/accident-du-travail-dans-le-tarn-et-garonne-quatre-hommes-chutent-dune-nacelle-agricole.jpg","type":"","width":"","height":""}],"author":"Carlos Poulain","twitter_card":"summary_large_image","twitter_misc":{"\u00c9crit par":"Carlos Poulain","Dur\u00e9e de lecture estim\u00e9e":"1 minute"},"schema":{"@context":"https:\/\/schema.org","@graph":[{"@type":"Article","@id":"https:\/\/www.accidentdutravail-idf.net\/blog\/accident-du-travail-dans-le-tarn-et-garonne-quatre-hommes-chutent-dune-nacelle-agricole\/#article","isPartOf":{"@id":"https:\/\/www.accidentdutravail-idf.net\/blog\/accident-du-travail-dans-le-tarn-et-garonne-quatre-hommes-chutent-dune-nacelle-agricole\/"},"author":{"name":"Carlos Poulain","@id":"https:\/\/www.accidentdutravail-idf.net\/blog\/#\/schema\/person\/3255d2f970de45e64bd9201f38e7b947"},"headline":"Accident du travail dans le Tarn-et-Garonne : quatre hommes chutent d&rsquo;une nacelle agricole","datePublished":"2025-08-06T05:06:00+00:00","mainEntityOfPage":{"@id":"https:\/\/www.accidentdutravail-idf.net\/blog\/accident-du-travail-dans-le-tarn-et-garonne-quatre-hommes-chutent-dune-nacelle-agricole\/"},"wordCount":261,"publisher":{"@id":"https:\/\/www.accidentdutravail-idf.net\/blog\/#organization"},"image":{"@id":"https:\/\/www.accidentdutravail-idf.net\/blog\/accident-du-travail-dans-le-tarn-et-garonne-quatre-hommes-chutent-dune-nacelle-agricole\/#primaryimage"},"thumbnailUrl":"https:\/\/www.accidentdutravail-idf.net\/blog\/wp-content\/uploads\/2025\/08\/accident-du-travail-dans-le-tarn-et-garonne-quatre-hommes-chutent-dune-nacelle-agricole.jpg","articleSection":["S\u00e9curit\u00e9 Du Travail En Ile-De-France Et Divers:"],"inLanguage":"fr-FR"},{"@type":"WebPage","@id":"https:\/\/www.accidentdutravail-idf.net\/blog\/accident-du-travail-dans-le-tarn-et-garonne-quatre-hommes-chutent-dune-nacelle-agricole\/","url":"https:\/\/www.accidentdutravail-idf.net\/blog\/accident-du-travail-dans-le-tarn-et-garonne-quatre-hommes-chutent-dune-nacelle-agricole\/","name":"Accident du travail dans le Tarn-et-Garonne : quatre hommes chutent d'une nacelle agricole - ACCIDENTDUTRAVAIL-IDF","isPartOf":{"@id":"https:\/\/www.accidentdutravail-idf.net\/blog\/#website"},"primaryImageOfPage":{"@id":"https:\/\/www.accidentdutravail-idf.net\/blog\/accident-du-travail-dans-le-tarn-et-garonne-quatre-hommes-chutent-dune-nacelle-agricole\/#primaryimage"},"image":{"@id":"https:\/\/www.accidentdutravail-idf.net\/blog\/accident-du-travail-dans-le-tarn-et-garonne-quatre-hommes-chutent-dune-nacelle-agricole\/#primaryimage"},"thumbnailUrl":"https:\/\/www.accidentdutravail-idf.net\/blog\/wp-content\/uploads\/2025\/08\/accident-du-travail-dans-le-tarn-et-garonne-quatre-hommes-chutent-dune-nacelle-agricole.jpg","datePublished":"2025-08-06T05:06:00+00:00","description":"Accident du travail dans le Tarn-et-Garonne : quatre hommes chutent d'une nacelle agricole article de ACCIDENTDUTRAVAIL-IDF","breadcrumb":{"@id":"https:\/\/www.accidentdutravail-idf.net\/blog\/accident-du-travail-dans-le-tarn-et-garonne-quatre-hommes-chutent-dune-nacelle-agricole\/#breadcrumb"},"inLanguage":"fr-FR","potentialAction":[{"@type":"ReadAction","target":["https:\/\/www.accidentdutravail-idf.net\/blog\/accident-du-travail-dans-le-tarn-et-garonne-quatre-hommes-chutent-dune-nacelle-agricole\/"]}]},{"@type":"ImageObject","inLanguage":"fr-FR","@id":"https:\/\/www.accidentdutravail-idf.net\/blog\/accident-du-travail-dans-le-tarn-et-garonne-quatre-hommes-chutent-dune-nacelle-agricole\/#primaryimage","url":"https:\/\/www.accidentdutravail-idf.net\/blog\/wp-content\/uploads\/2025\/08\/accident-du-travail-dans-le-tarn-et-garonne-quatre-hommes-chutent-dune-nacelle-agricole.jpg","contentUrl":"https:\/\/www.accidentdutravail-idf.net\/blog\/wp-content\/uploads\/2025\/08\/accident-du-travail-dans-le-tarn-et-garonne-quatre-hommes-chutent-dune-nacelle-agricole.jpg"},{"@type":"BreadcrumbList","@id":"https:\/\/www.accidentdutravail-idf.net\/blog\/accident-du-travail-dans-le-tarn-et-garonne-quatre-hommes-chutent-dune-nacelle-agricole\/#breadcrumb","itemListElement":[{"@type":"ListItem","position":1,"name":"Accueil","item":"https:\/\/www.accidentdutravail-idf.net\/blog\/"},{"@type":"ListItem","position":2,"name":"Accident du travail dans le Tarn-et-Garonne : quatre hommes chutent d&rsquo;une nacelle agricole"}]},{"@type":"WebSite","@id":"https:\/\/www.accidentdutravail-idf.net\/blog\/#website","url":"https:\/\/www.accidentdutravail-idf.net\/blog\/","name":"ACCIDENTDUTRAVAIL-IDF","description":"Portail accidents du travail-maladies professionnelles des entreprises d&#039;Ile-de-France","publisher":{"@id":"https:\/\/www.accidentdutravail-idf.net\/blog\/#organization"},"potentialAction":[{"@type":"SearchAction","target":{"@type":"EntryPoint","urlTemplate":"https:\/\/www.accidentdutravail-idf.net\/blog\/?s={search_term_string}"},"query-input":{"@type":"PropertyValueSpecification","valueRequired":true,"valueName":"search_term_string"}}],"inLanguage":"fr-FR"},{"@type":"Organization","@id":"https:\/\/www.accidentdutravail-idf.net\/blog\/#organization","name":"accidentdutravail-idf","url":"https:\/\/www.accidentdutravail-idf.net\/blog\/","logo":{"@type":"ImageObject","inLanguage":"fr-FR","@id":"https:\/\/www.accidentdutravail-idf.net\/blog\/#\/schema\/logo\/image\/","url":"https:\/\/www.accidentdutravail-idf.net\/blog\/wp-content\/uploads\/2022\/09\/logo-2.png","contentUrl":"https:\/\/www.accidentdutravail-idf.net\/blog\/wp-content\/uploads\/2022\/09\/logo-2.png","width":380,"height":291,"caption":"accidentdutravail-idf"},"image":{"@id":"https:\/\/www.accidentdutravail-idf.net\/blog\/#\/schema\/logo\/image\/"}},{"@type":"Person","@id":"https:\/\/www.accidentdutravail-idf.net\/blog\/#\/schema\/person\/3255d2f970de45e64bd9201f38e7b947","name":"Carlos Poulain","image":{"@type":"ImageObject","inLanguage":"fr-FR","@id":"https:\/\/secure.gravatar.com\/avatar\/b1c2f9d3588e34e91adb093635df64ef4b2381991216be7576466cfcdca4baf3?s=96&d=mm&r=g","url":"https:\/\/secure.gravatar.com\/avatar\/b1c2f9d3588e34e91adb093635df64ef4b2381991216be7576466cfcdca4baf3?s=96&d=mm&r=g","contentUrl":"https:\/\/secure.gravatar.com\/avatar\/b1c2f9d3588e34e91adb093635df64ef4b2381991216be7576466cfcdca4baf3?s=96&d=mm&r=g","caption":"Carlos Poulain"},"url":"https:\/\/www.accidentdutravail-idf.net\/blog\/author\/idfcarlos\/"}]}},"_links":{"self":[{"href":"https:\/\/www.accidentdutravail-idf.net\/blog\/wp-json\/wp\/v2\/posts\/1638","targetHints":{"allow":["GET"]}}],"collection":[{"href":"https:\/\/www.accidentdutravail-idf.net\/blog\/wp-json\/wp\/v2\/posts"}],"about":[{"href":"https:\/\/www.accidentdutravail-idf.net\/blog\/wp-json\/wp\/v2\/types\/post"}],"author":[{"embeddable":true,"href":"https:\/\/www.accidentdutravail-idf.net\/blog\/wp-json\/wp\/v2\/users\/2"}],"replies":[{"embeddable":true,"href":"https:\/\/www.accidentdutravail-idf.net\/blog\/wp-json\/wp\/v2\/comments?post=1638"}],"version-history":[{"count":0,"href":"https:\/\/www.accidentdutravail-idf.net\/blog\/wp-json\/wp\/v2\/posts\/1638\/revisions"}],"wp:attachment":[{"href":"https:\/\/www.accidentdutravail-idf.net\/blog\/wp-json\/wp\/v2\/media?parent=1638"}],"wp:term":[{"taxonomy":"category","embeddable":true,"href":"https:\/\/www.accidentdutravail-idf.net\/blog\/wp-json\/wp\/v2\/categories?post=1638"},{"taxonomy":"post_tag","embeddable":true,"href":"https:\/\/www.accidentdutravail-idf.net\/blog\/wp-json\/wp\/v2\/tags?post=1638"}],"curies":[{"name":"wp","href":"https:\/\/api.w.org\/{rel}","templated":true}]}}