{"id":1637,"date":"2025-08-04T19:07:00","date_gmt":"2025-08-04T17:07:00","guid":{"rendered":"https:\/\/www.accidentdutravail-idf.net\/blog\/accident-mortel-a-terrebonne-un-travailleur-de-21-ans-ecrase-par-une-pelle-mecanique\/"},"modified":"2025-08-04T19:07:00","modified_gmt":"2025-08-04T17:07:00","slug":"accident-mortel-a-terrebonne-un-travailleur-de-21-ans-ecrase-par-une-pelle-mecanique","status":"publish","type":"post","link":"https:\/\/www.accidentdutravail-idf.net\/blog\/accident-mortel-a-terrebonne-un-travailleur-de-21-ans-ecrase-par-une-pelle-mecanique\/","title":{"rendered":"Accident mortel \u00e0 Terrebonne Un travailleur de 21 ans \u00e9cras\u00e9 par une pelle m\u00e9canique"},"content":{"rendered":"<p class=\"lead textModule textModule--type-lead \">Un travailleur de 21&nbsp;ans a \u00e9t\u00e9 \u00e9cras\u00e9 mortellement par le godet d\u2019une pelle m\u00e9canique, lundi apr\u00e8s-midi, \u00e0 Terrebonne. Le tragique accident survient au premier jour du retour des vacances de la construction.<\/p>\n<div class=\"datewrapper \">\n<div class=\"dates\"> <span class=\"created\"> Publi\u00e9 hier \u00e0 20&nbsp;h&nbsp;07 <\/span> <\/div>\n<div id=\"socialShare_689279d5a51bd\" class=\"socialShare\"> <span class=\"share\" data-toggle-class=\"open\" data-toggle-class-target=\"#socialShare_689279d5a51bd\"> <img decoding=\"async\" width=\"16\" height=\"18\" src=\"https:\/\/www.accidentdutravail-idf.net\/blog\/wp-content\/uploads\/2025\/08\/accident-mortel-a-terrebonne-un-travailleur-de-21-ans-ecrase-par-une-pelle-mecanique.png\" alt=\"Partager\"> <\/span> <\/div>\n<\/p><\/div>\n<p class=\"paragraph textModule textModule--type-paragraph \">L\u2019\u00e9v\u00e8nement s\u2019est d\u00e9roul\u00e9 peu avant 13&nbsp;h, sur la rue Florimond-Gauthier de l\u2019\u00cele St-Jean, secteur de Terrebonne. La rue est ferm\u00e9e \u00e0 la circulation pour des travaux d\u2019aqueduc et de r\u00e9fection de la chauss\u00e9e.<\/p>\n<p class=\"paragraph textModule textModule--type-paragraph \">Le travailleur a \u00e9t\u00e9 transport\u00e9 dans un centre hospitalier apr\u00e8s que des man\u0153uvres de r\u00e9animation aient \u00e9t\u00e9 tent\u00e9es, mais son d\u00e9c\u00e8s a rapidement \u00e9t\u00e9 constat\u00e9.<\/p>\n<p class=\"paragraph textModule textModule--type-paragraph \">Le maire de Terrebonne, Mathieu Traversy, a publi\u00e9 sur Facebook apprendre la nouvelle \u00ab&nbsp;avec beaucoup de tristesse&nbsp;\u00bb.<\/p>\n<div class=\"adsWrapper greyLineToppedBox\">\n<div class=\"adSpotBlock wrapCenter pageBox adSpotBlock--pageView-desktop\">\n<div id=\"ad689279d5a5317-slotWrapper\" class=\"slotWrapper adSpotBlock__slotWrapper\"> <\/div>\n<\/div><\/div>\n<p class=\"paragraph textModule textModule--type-paragraph \">\u00ab&nbsp;Toutes mes pens\u00e9es vont \u00e0 la famille du travailleur d\u00e9c\u00e9d\u00e9, ses coll\u00e8gues de l\u2019entreprise r\u00e9alisant les travaux et aux premiers r\u00e9pondants qui sont intervenus sur les lieux.&nbsp;\u00bb<\/p>\n<p class=\"paragraph textModule textModule--type-paragraph \">Une enqu\u00eate conjointe de la CNESST et du Service de police intermunicipal de Terrebonne est en cours pour comprendre les circonstances de l\u2019accident.<\/p>\n<p class=\"paragraph textModule textModule--type-paragraph \">Pour le moment, la cause de l\u2019accident est inconnue.<\/p>\n<p> accidentdutravail-idf.net vous a pr\u00e9par\u00e9 ce post qui informe du sujet \u00ab\u00a0Association Sportive Huisson-Longueville Essonne\u00a0\u00bb. La chronique se veut g\u00e9n\u00e9r\u00e9e du mieux possible. Vous pouvez utiliser les coordonn\u00e9es indiqu\u00e9es sur le site dans le but d\u2019apporter des explications sur ce post qui parle du th\u00e8me \u00ab\u00a0Association Sportive Huisson-Longueville Essonne\u00a0\u00bb. Le site accidentdutravail-idf.net a pour but de fournir diverses publications sur la th\u00e9matique Association Sportive Huisson-Longueville Essonne diffus\u00e9es sur le net. Il y aura plusieurs articles autour du sujet \u00ab\u00a0Association Sportive Huisson-Longueville Essonne\u00a0\u00bb dans quelques jours, nous vous invitons \u00e0 naviguer sur notre site web \u00e0 plusieurs reprises.<\/p>\n","protected":false},"excerpt":{"rendered":"<p>Un travailleur de 21&nbsp;ans a \u00e9t\u00e9 \u00e9cras\u00e9 mortellement par le godet d\u2019une pelle m\u00e9canique, lundi apr\u00e8s-midi, \u00e0 Terrebonne. Le tragique accident survient au premier jour du retour des vacances de la construction. Publi\u00e9 hier \u00e0 20&nbsp;h&nbsp;07 L\u2019\u00e9v\u00e8nement s\u2019est d\u00e9roul\u00e9 peu avant 13&nbsp;h, sur la rue Florimond-Gauthier de l\u2019\u00cele St-Jean, secteur de Terrebonne. La rue est &hellip; <\/p>\n<p class=\"link-more\"><a href=\"https:\/\/www.accidentdutravail-idf.net\/blog\/accident-mortel-a-terrebonne-un-travailleur-de-21-ans-ecrase-par-une-pelle-mecanique\/\" class=\"more-link\">Continuer la lecture <span class=\"screen-reader-text\"> \u00ab\u00a0Accident mortel \u00e0 Terrebonne Un travailleur de 21 ans \u00e9cras\u00e9 par une pelle m\u00e9canique\u00a0\u00bb<\/span><\/a><\/p>\n","protected":false},"author":2,"featured_media":0,"comment_status":"closed","ping_status":"closed","sticky":false,"template":"","format":"standard","meta":{"footnotes":""},"categories":[5],"tags":[],"class_list":["post-1637","post","type-post","status-publish","format-standard","hentry","category-securite-du-travail-en-ile-de-france-et-divers","entry"],"yoast_head":"<!-- This site is optimized with the Yoast SEO plugin v27.5 - https:\/\/yoast.com\/product\/yoast-seo-wordpress\/ -->\n<title>Accident mortel \u00e0 Terrebonne Un travailleur de 21 ans \u00e9cras\u00e9 par une pelle m\u00e9canique - ACCIDENTDUTRAVAIL-IDF<\/title>\n<meta name=\"description\" content=\"Accident mortel \u00e0 Terrebonne Un travailleur de 21 ans \u00e9cras\u00e9 par une pelle m\u00e9canique article de ACCIDENTDUTRAVAIL-IDF\" \/>\n<meta name=\"robots\" content=\"index, follow, max-snippet:-1, max-image-preview:large, max-video-preview:-1\" \/>\n<link rel=\"canonical\" href=\"https:\/\/www.accidentdutravail-idf.net\/blog\/accident-mortel-a-terrebonne-un-travailleur-de-21-ans-ecrase-par-une-pelle-mecanique\/\" \/>\n<meta property=\"og:locale\" content=\"fr_FR\" \/>\n<meta property=\"og:type\" content=\"article\" \/>\n<meta property=\"og:title\" content=\"Accident mortel \u00e0 Terrebonne Un travailleur de 21 ans \u00e9cras\u00e9 par une pelle m\u00e9canique - ACCIDENTDUTRAVAIL-IDF\" \/>\n<meta property=\"og:description\" content=\"Accident mortel \u00e0 Terrebonne Un travailleur de 21 ans \u00e9cras\u00e9 par une pelle m\u00e9canique article de ACCIDENTDUTRAVAIL-IDF\" \/>\n<meta property=\"og:url\" content=\"https:\/\/www.accidentdutravail-idf.net\/blog\/accident-mortel-a-terrebonne-un-travailleur-de-21-ans-ecrase-par-une-pelle-mecanique\/\" \/>\n<meta property=\"og:site_name\" content=\"ACCIDENTDUTRAVAIL-IDF\" \/>\n<meta property=\"article:published_time\" content=\"2025-08-04T17:07:00+00:00\" \/>\n<meta property=\"og:image\" content=\"https:\/\/www.accidentdutravail-idf.net\/blog\/wp-content\/uploads\/2025\/08\/accident-mortel-a-terrebonne-un-travailleur-de-21-ans-ecrase-par-une-pelle-mecanique.png\" \/>\n<meta name=\"author\" content=\"Carlos Poulain\" \/>\n<meta name=\"twitter:card\" content=\"summary_large_image\" \/>\n<meta name=\"twitter:label1\" content=\"\u00c9crit par\" \/>\n\t<meta name=\"twitter:data1\" content=\"Carlos Poulain\" \/>\n\t<meta name=\"twitter:label2\" content=\"Dur\u00e9e de lecture estim\u00e9e\" \/>\n\t<meta name=\"twitter:data2\" content=\"2 minutes\" \/>\n<script type=\"application\/ld+json\" class=\"yoast-schema-graph\">{\"@context\":\"https:\\\/\\\/schema.org\",\"@graph\":[{\"@type\":\"Article\",\"@id\":\"https:\\\/\\\/www.accidentdutravail-idf.net\\\/blog\\\/accident-mortel-a-terrebonne-un-travailleur-de-21-ans-ecrase-par-une-pelle-mecanique\\\/#article\",\"isPartOf\":{\"@id\":\"https:\\\/\\\/www.accidentdutravail-idf.net\\\/blog\\\/accident-mortel-a-terrebonne-un-travailleur-de-21-ans-ecrase-par-une-pelle-mecanique\\\/\"},\"author\":{\"name\":\"Carlos Poulain\",\"@id\":\"https:\\\/\\\/www.accidentdutravail-idf.net\\\/blog\\\/#\\\/schema\\\/person\\\/3255d2f970de45e64bd9201f38e7b947\"},\"headline\":\"Accident mortel \u00e0 Terrebonne Un travailleur de 21 ans \u00e9cras\u00e9 par une pelle m\u00e9canique\",\"datePublished\":\"2025-08-04T17:07:00+00:00\",\"mainEntityOfPage\":{\"@id\":\"https:\\\/\\\/www.accidentdutravail-idf.net\\\/blog\\\/accident-mortel-a-terrebonne-un-travailleur-de-21-ans-ecrase-par-une-pelle-mecanique\\\/\"},\"wordCount\":321,\"publisher\":{\"@id\":\"https:\\\/\\\/www.accidentdutravail-idf.net\\\/blog\\\/#organization\"},\"image\":{\"@id\":\"https:\\\/\\\/www.accidentdutravail-idf.net\\\/blog\\\/accident-mortel-a-terrebonne-un-travailleur-de-21-ans-ecrase-par-une-pelle-mecanique\\\/#primaryimage\"},\"thumbnailUrl\":\"https:\\\/\\\/www.accidentdutravail-idf.net\\\/blog\\\/wp-content\\\/uploads\\\/2025\\\/08\\\/accident-mortel-a-terrebonne-un-travailleur-de-21-ans-ecrase-par-une-pelle-mecanique.png\",\"articleSection\":[\"S\u00e9curit\u00e9 Du Travail En Ile-De-France Et Divers:\"],\"inLanguage\":\"fr-FR\"},{\"@type\":\"WebPage\",\"@id\":\"https:\\\/\\\/www.accidentdutravail-idf.net\\\/blog\\\/accident-mortel-a-terrebonne-un-travailleur-de-21-ans-ecrase-par-une-pelle-mecanique\\\/\",\"url\":\"https:\\\/\\\/www.accidentdutravail-idf.net\\\/blog\\\/accident-mortel-a-terrebonne-un-travailleur-de-21-ans-ecrase-par-une-pelle-mecanique\\\/\",\"name\":\"Accident mortel \u00e0 Terrebonne Un travailleur de 21 ans \u00e9cras\u00e9 par une pelle m\u00e9canique - ACCIDENTDUTRAVAIL-IDF\",\"isPartOf\":{\"@id\":\"https:\\\/\\\/www.accidentdutravail-idf.net\\\/blog\\\/#website\"},\"primaryImageOfPage\":{\"@id\":\"https:\\\/\\\/www.accidentdutravail-idf.net\\\/blog\\\/accident-mortel-a-terrebonne-un-travailleur-de-21-ans-ecrase-par-une-pelle-mecanique\\\/#primaryimage\"},\"image\":{\"@id\":\"https:\\\/\\\/www.accidentdutravail-idf.net\\\/blog\\\/accident-mortel-a-terrebonne-un-travailleur-de-21-ans-ecrase-par-une-pelle-mecanique\\\/#primaryimage\"},\"thumbnailUrl\":\"https:\\\/\\\/www.accidentdutravail-idf.net\\\/blog\\\/wp-content\\\/uploads\\\/2025\\\/08\\\/accident-mortel-a-terrebonne-un-travailleur-de-21-ans-ecrase-par-une-pelle-mecanique.png\",\"datePublished\":\"2025-08-04T17:07:00+00:00\",\"description\":\"Accident mortel \u00e0 Terrebonne Un travailleur de 21 ans \u00e9cras\u00e9 par une pelle m\u00e9canique article de ACCIDENTDUTRAVAIL-IDF\",\"breadcrumb\":{\"@id\":\"https:\\\/\\\/www.accidentdutravail-idf.net\\\/blog\\\/accident-mortel-a-terrebonne-un-travailleur-de-21-ans-ecrase-par-une-pelle-mecanique\\\/#breadcrumb\"},\"inLanguage\":\"fr-FR\",\"potentialAction\":[{\"@type\":\"ReadAction\",\"target\":[\"https:\\\/\\\/www.accidentdutravail-idf.net\\\/blog\\\/accident-mortel-a-terrebonne-un-travailleur-de-21-ans-ecrase-par-une-pelle-mecanique\\\/\"]}]},{\"@type\":\"ImageObject\",\"inLanguage\":\"fr-FR\",\"@id\":\"https:\\\/\\\/www.accidentdutravail-idf.net\\\/blog\\\/accident-mortel-a-terrebonne-un-travailleur-de-21-ans-ecrase-par-une-pelle-mecanique\\\/#primaryimage\",\"url\":\"https:\\\/\\\/www.accidentdutravail-idf.net\\\/blog\\\/wp-content\\\/uploads\\\/2025\\\/08\\\/accident-mortel-a-terrebonne-un-travailleur-de-21-ans-ecrase-par-une-pelle-mecanique.png\",\"contentUrl\":\"https:\\\/\\\/www.accidentdutravail-idf.net\\\/blog\\\/wp-content\\\/uploads\\\/2025\\\/08\\\/accident-mortel-a-terrebonne-un-travailleur-de-21-ans-ecrase-par-une-pelle-mecanique.png\"},{\"@type\":\"BreadcrumbList\",\"@id\":\"https:\\\/\\\/www.accidentdutravail-idf.net\\\/blog\\\/accident-mortel-a-terrebonne-un-travailleur-de-21-ans-ecrase-par-une-pelle-mecanique\\\/#breadcrumb\",\"itemListElement\":[{\"@type\":\"ListItem\",\"position\":1,\"name\":\"Accueil\",\"item\":\"https:\\\/\\\/www.accidentdutravail-idf.net\\\/blog\\\/\"},{\"@type\":\"ListItem\",\"position\":2,\"name\":\"Accident mortel \u00e0 Terrebonne Un travailleur de 21 ans \u00e9cras\u00e9 par une pelle m\u00e9canique\"}]},{\"@type\":\"WebSite\",\"@id\":\"https:\\\/\\\/www.accidentdutravail-idf.net\\\/blog\\\/#website\",\"url\":\"https:\\\/\\\/www.accidentdutravail-idf.net\\\/blog\\\/\",\"name\":\"ACCIDENTDUTRAVAIL-IDF\",\"description\":\"Portail accidents du travail-maladies professionnelles des entreprises d&#039;Ile-de-France\",\"publisher\":{\"@id\":\"https:\\\/\\\/www.accidentdutravail-idf.net\\\/blog\\\/#organization\"},\"potentialAction\":[{\"@type\":\"SearchAction\",\"target\":{\"@type\":\"EntryPoint\",\"urlTemplate\":\"https:\\\/\\\/www.accidentdutravail-idf.net\\\/blog\\\/?s={search_term_string}\"},\"query-input\":{\"@type\":\"PropertyValueSpecification\",\"valueRequired\":true,\"valueName\":\"search_term_string\"}}],\"inLanguage\":\"fr-FR\"},{\"@type\":\"Organization\",\"@id\":\"https:\\\/\\\/www.accidentdutravail-idf.net\\\/blog\\\/#organization\",\"name\":\"accidentdutravail-idf\",\"url\":\"https:\\\/\\\/www.accidentdutravail-idf.net\\\/blog\\\/\",\"logo\":{\"@type\":\"ImageObject\",\"inLanguage\":\"fr-FR\",\"@id\":\"https:\\\/\\\/www.accidentdutravail-idf.net\\\/blog\\\/#\\\/schema\\\/logo\\\/image\\\/\",\"url\":\"https:\\\/\\\/www.accidentdutravail-idf.net\\\/blog\\\/wp-content\\\/uploads\\\/2022\\\/09\\\/logo-2.png\",\"contentUrl\":\"https:\\\/\\\/www.accidentdutravail-idf.net\\\/blog\\\/wp-content\\\/uploads\\\/2022\\\/09\\\/logo-2.png\",\"width\":380,\"height\":291,\"caption\":\"accidentdutravail-idf\"},\"image\":{\"@id\":\"https:\\\/\\\/www.accidentdutravail-idf.net\\\/blog\\\/#\\\/schema\\\/logo\\\/image\\\/\"}},{\"@type\":\"Person\",\"@id\":\"https:\\\/\\\/www.accidentdutravail-idf.net\\\/blog\\\/#\\\/schema\\\/person\\\/3255d2f970de45e64bd9201f38e7b947\",\"name\":\"Carlos Poulain\",\"image\":{\"@type\":\"ImageObject\",\"inLanguage\":\"fr-FR\",\"@id\":\"https:\\\/\\\/secure.gravatar.com\\\/avatar\\\/b1c2f9d3588e34e91adb093635df64ef4b2381991216be7576466cfcdca4baf3?s=96&d=mm&r=g\",\"url\":\"https:\\\/\\\/secure.gravatar.com\\\/avatar\\\/b1c2f9d3588e34e91adb093635df64ef4b2381991216be7576466cfcdca4baf3?s=96&d=mm&r=g\",\"contentUrl\":\"https:\\\/\\\/secure.gravatar.com\\\/avatar\\\/b1c2f9d3588e34e91adb093635df64ef4b2381991216be7576466cfcdca4baf3?s=96&d=mm&r=g\",\"caption\":\"Carlos Poulain\"},\"url\":\"https:\\\/\\\/www.accidentdutravail-idf.net\\\/blog\\\/author\\\/idfcarlos\\\/\"}]}<\/script>\n<!-- \/ Yoast SEO plugin. -->","yoast_head_json":{"title":"Accident mortel \u00e0 Terrebonne Un travailleur de 21 ans \u00e9cras\u00e9 par une pelle m\u00e9canique - ACCIDENTDUTRAVAIL-IDF","description":"Accident mortel \u00e0 Terrebonne Un travailleur de 21 ans \u00e9cras\u00e9 par une pelle m\u00e9canique article de ACCIDENTDUTRAVAIL-IDF","robots":{"index":"index","follow":"follow","max-snippet":"max-snippet:-1","max-image-preview":"max-image-preview:large","max-video-preview":"max-video-preview:-1"},"canonical":"https:\/\/www.accidentdutravail-idf.net\/blog\/accident-mortel-a-terrebonne-un-travailleur-de-21-ans-ecrase-par-une-pelle-mecanique\/","og_locale":"fr_FR","og_type":"article","og_title":"Accident mortel \u00e0 Terrebonne Un travailleur de 21 ans \u00e9cras\u00e9 par une pelle m\u00e9canique - ACCIDENTDUTRAVAIL-IDF","og_description":"Accident mortel \u00e0 Terrebonne Un travailleur de 21 ans \u00e9cras\u00e9 par une pelle m\u00e9canique article de ACCIDENTDUTRAVAIL-IDF","og_url":"https:\/\/www.accidentdutravail-idf.net\/blog\/accident-mortel-a-terrebonne-un-travailleur-de-21-ans-ecrase-par-une-pelle-mecanique\/","og_site_name":"ACCIDENTDUTRAVAIL-IDF","article_published_time":"2025-08-04T17:07:00+00:00","og_image":[{"url":"https:\/\/www.accidentdutravail-idf.net\/blog\/wp-content\/uploads\/2025\/08\/accident-mortel-a-terrebonne-un-travailleur-de-21-ans-ecrase-par-une-pelle-mecanique.png","type":"","width":"","height":""}],"author":"Carlos Poulain","twitter_card":"summary_large_image","twitter_misc":{"\u00c9crit par":"Carlos Poulain","Dur\u00e9e de lecture estim\u00e9e":"2 minutes"},"schema":{"@context":"https:\/\/schema.org","@graph":[{"@type":"Article","@id":"https:\/\/www.accidentdutravail-idf.net\/blog\/accident-mortel-a-terrebonne-un-travailleur-de-21-ans-ecrase-par-une-pelle-mecanique\/#article","isPartOf":{"@id":"https:\/\/www.accidentdutravail-idf.net\/blog\/accident-mortel-a-terrebonne-un-travailleur-de-21-ans-ecrase-par-une-pelle-mecanique\/"},"author":{"name":"Carlos Poulain","@id":"https:\/\/www.accidentdutravail-idf.net\/blog\/#\/schema\/person\/3255d2f970de45e64bd9201f38e7b947"},"headline":"Accident mortel \u00e0 Terrebonne Un travailleur de 21 ans \u00e9cras\u00e9 par une pelle m\u00e9canique","datePublished":"2025-08-04T17:07:00+00:00","mainEntityOfPage":{"@id":"https:\/\/www.accidentdutravail-idf.net\/blog\/accident-mortel-a-terrebonne-un-travailleur-de-21-ans-ecrase-par-une-pelle-mecanique\/"},"wordCount":321,"publisher":{"@id":"https:\/\/www.accidentdutravail-idf.net\/blog\/#organization"},"image":{"@id":"https:\/\/www.accidentdutravail-idf.net\/blog\/accident-mortel-a-terrebonne-un-travailleur-de-21-ans-ecrase-par-une-pelle-mecanique\/#primaryimage"},"thumbnailUrl":"https:\/\/www.accidentdutravail-idf.net\/blog\/wp-content\/uploads\/2025\/08\/accident-mortel-a-terrebonne-un-travailleur-de-21-ans-ecrase-par-une-pelle-mecanique.png","articleSection":["S\u00e9curit\u00e9 Du Travail En Ile-De-France Et Divers:"],"inLanguage":"fr-FR"},{"@type":"WebPage","@id":"https:\/\/www.accidentdutravail-idf.net\/blog\/accident-mortel-a-terrebonne-un-travailleur-de-21-ans-ecrase-par-une-pelle-mecanique\/","url":"https:\/\/www.accidentdutravail-idf.net\/blog\/accident-mortel-a-terrebonne-un-travailleur-de-21-ans-ecrase-par-une-pelle-mecanique\/","name":"Accident mortel \u00e0 Terrebonne Un travailleur de 21 ans \u00e9cras\u00e9 par une pelle m\u00e9canique - ACCIDENTDUTRAVAIL-IDF","isPartOf":{"@id":"https:\/\/www.accidentdutravail-idf.net\/blog\/#website"},"primaryImageOfPage":{"@id":"https:\/\/www.accidentdutravail-idf.net\/blog\/accident-mortel-a-terrebonne-un-travailleur-de-21-ans-ecrase-par-une-pelle-mecanique\/#primaryimage"},"image":{"@id":"https:\/\/www.accidentdutravail-idf.net\/blog\/accident-mortel-a-terrebonne-un-travailleur-de-21-ans-ecrase-par-une-pelle-mecanique\/#primaryimage"},"thumbnailUrl":"https:\/\/www.accidentdutravail-idf.net\/blog\/wp-content\/uploads\/2025\/08\/accident-mortel-a-terrebonne-un-travailleur-de-21-ans-ecrase-par-une-pelle-mecanique.png","datePublished":"2025-08-04T17:07:00+00:00","description":"Accident mortel \u00e0 Terrebonne Un travailleur de 21 ans \u00e9cras\u00e9 par une pelle m\u00e9canique article de ACCIDENTDUTRAVAIL-IDF","breadcrumb":{"@id":"https:\/\/www.accidentdutravail-idf.net\/blog\/accident-mortel-a-terrebonne-un-travailleur-de-21-ans-ecrase-par-une-pelle-mecanique\/#breadcrumb"},"inLanguage":"fr-FR","potentialAction":[{"@type":"ReadAction","target":["https:\/\/www.accidentdutravail-idf.net\/blog\/accident-mortel-a-terrebonne-un-travailleur-de-21-ans-ecrase-par-une-pelle-mecanique\/"]}]},{"@type":"ImageObject","inLanguage":"fr-FR","@id":"https:\/\/www.accidentdutravail-idf.net\/blog\/accident-mortel-a-terrebonne-un-travailleur-de-21-ans-ecrase-par-une-pelle-mecanique\/#primaryimage","url":"https:\/\/www.accidentdutravail-idf.net\/blog\/wp-content\/uploads\/2025\/08\/accident-mortel-a-terrebonne-un-travailleur-de-21-ans-ecrase-par-une-pelle-mecanique.png","contentUrl":"https:\/\/www.accidentdutravail-idf.net\/blog\/wp-content\/uploads\/2025\/08\/accident-mortel-a-terrebonne-un-travailleur-de-21-ans-ecrase-par-une-pelle-mecanique.png"},{"@type":"BreadcrumbList","@id":"https:\/\/www.accidentdutravail-idf.net\/blog\/accident-mortel-a-terrebonne-un-travailleur-de-21-ans-ecrase-par-une-pelle-mecanique\/#breadcrumb","itemListElement":[{"@type":"ListItem","position":1,"name":"Accueil","item":"https:\/\/www.accidentdutravail-idf.net\/blog\/"},{"@type":"ListItem","position":2,"name":"Accident mortel \u00e0 Terrebonne Un travailleur de 21 ans \u00e9cras\u00e9 par une pelle m\u00e9canique"}]},{"@type":"WebSite","@id":"https:\/\/www.accidentdutravail-idf.net\/blog\/#website","url":"https:\/\/www.accidentdutravail-idf.net\/blog\/","name":"ACCIDENTDUTRAVAIL-IDF","description":"Portail accidents du travail-maladies professionnelles des entreprises d&#039;Ile-de-France","publisher":{"@id":"https:\/\/www.accidentdutravail-idf.net\/blog\/#organization"},"potentialAction":[{"@type":"SearchAction","target":{"@type":"EntryPoint","urlTemplate":"https:\/\/www.accidentdutravail-idf.net\/blog\/?s={search_term_string}"},"query-input":{"@type":"PropertyValueSpecification","valueRequired":true,"valueName":"search_term_string"}}],"inLanguage":"fr-FR"},{"@type":"Organization","@id":"https:\/\/www.accidentdutravail-idf.net\/blog\/#organization","name":"accidentdutravail-idf","url":"https:\/\/www.accidentdutravail-idf.net\/blog\/","logo":{"@type":"ImageObject","inLanguage":"fr-FR","@id":"https:\/\/www.accidentdutravail-idf.net\/blog\/#\/schema\/logo\/image\/","url":"https:\/\/www.accidentdutravail-idf.net\/blog\/wp-content\/uploads\/2022\/09\/logo-2.png","contentUrl":"https:\/\/www.accidentdutravail-idf.net\/blog\/wp-content\/uploads\/2022\/09\/logo-2.png","width":380,"height":291,"caption":"accidentdutravail-idf"},"image":{"@id":"https:\/\/www.accidentdutravail-idf.net\/blog\/#\/schema\/logo\/image\/"}},{"@type":"Person","@id":"https:\/\/www.accidentdutravail-idf.net\/blog\/#\/schema\/person\/3255d2f970de45e64bd9201f38e7b947","name":"Carlos Poulain","image":{"@type":"ImageObject","inLanguage":"fr-FR","@id":"https:\/\/secure.gravatar.com\/avatar\/b1c2f9d3588e34e91adb093635df64ef4b2381991216be7576466cfcdca4baf3?s=96&d=mm&r=g","url":"https:\/\/secure.gravatar.com\/avatar\/b1c2f9d3588e34e91adb093635df64ef4b2381991216be7576466cfcdca4baf3?s=96&d=mm&r=g","contentUrl":"https:\/\/secure.gravatar.com\/avatar\/b1c2f9d3588e34e91adb093635df64ef4b2381991216be7576466cfcdca4baf3?s=96&d=mm&r=g","caption":"Carlos Poulain"},"url":"https:\/\/www.accidentdutravail-idf.net\/blog\/author\/idfcarlos\/"}]}},"_links":{"self":[{"href":"https:\/\/www.accidentdutravail-idf.net\/blog\/wp-json\/wp\/v2\/posts\/1637","targetHints":{"allow":["GET"]}}],"collection":[{"href":"https:\/\/www.accidentdutravail-idf.net\/blog\/wp-json\/wp\/v2\/posts"}],"about":[{"href":"https:\/\/www.accidentdutravail-idf.net\/blog\/wp-json\/wp\/v2\/types\/post"}],"author":[{"embeddable":true,"href":"https:\/\/www.accidentdutravail-idf.net\/blog\/wp-json\/wp\/v2\/users\/2"}],"replies":[{"embeddable":true,"href":"https:\/\/www.accidentdutravail-idf.net\/blog\/wp-json\/wp\/v2\/comments?post=1637"}],"version-history":[{"count":0,"href":"https:\/\/www.accidentdutravail-idf.net\/blog\/wp-json\/wp\/v2\/posts\/1637\/revisions"}],"wp:attachment":[{"href":"https:\/\/www.accidentdutravail-idf.net\/blog\/wp-json\/wp\/v2\/media?parent=1637"}],"wp:term":[{"taxonomy":"category","embeddable":true,"href":"https:\/\/www.accidentdutravail-idf.net\/blog\/wp-json\/wp\/v2\/categories?post=1637"},{"taxonomy":"post_tag","embeddable":true,"href":"https:\/\/www.accidentdutravail-idf.net\/blog\/wp-json\/wp\/v2\/tags?post=1637"}],"curies":[{"name":"wp","href":"https:\/\/api.w.org\/{rel}","templated":true}]}}