{"id":1635,"date":"2022-03-06T18:00:00","date_gmt":"2022-03-06T16:00:00","guid":{"rendered":"https:\/\/www.accidentdutravail-idf.net\/blog\/accident-du-travail-en-teletravail-que-dit-la-loi-challenges\/"},"modified":"2022-03-06T18:00:00","modified_gmt":"2022-03-06T16:00:00","slug":"accident-du-travail-en-teletravail-que-dit-la-loi-challenges","status":"publish","type":"post","link":"https:\/\/www.accidentdutravail-idf.net\/blog\/accident-du-travail-en-teletravail-que-dit-la-loi-challenges\/","title":{"rendered":"Accident du travail en t\u00e9l\u00e9travail: que dit la loi? &#8211; Challenges"},"content":{"rendered":"<div><img decoding=\"async\" src=\"https:\/\/www.accidentdutravail-idf.net\/blog\/wp-content\/uploads\/2025\/08\/accident-du-travail-en-teletravail-que-dit-la-loi-challenges.jpg\" class=\"ff-og-image-inserted\"><\/div>\n<div data-v-962d5293>\n<p class=\"upper-letter\" data-v-962d5293><span data-v-962d5293><span data-v-962d5293><a href=\"https:\/\/www.challenges.fr\/entreprise\/sante-et-pharmacie\/les-accidents-de-travail-ont-baisse-de-17-7-sous-l-effet-covid-19_786448\" data-v-962d5293 target=\"_blank\" rel=\"nofollow\"><span data-v-962d5293>Depuis le d\u00e9but de la pand\u00e9mie<\/span><\/a><span data-v-962d5293>, le t\u00e9l\u00e9travail s&rsquo;est intensifi\u00e9 et est devenu la norme. Si ce mode de fonctionnement poss\u00e8de ses avantages et inconv\u00e9nients, il est soumis aux m\u00eames risques qu&rsquo;en entreprise. En effet, un salari\u00e9 en t\u00e9l\u00e9travail peut \u00eatre victime d&rsquo;un accident. Dans ce cadre pr\u00e9cis, quels sont les droits du travailleur \u00e0 domicile? L&#8217;employeur peut-il contester un accident du travail survenu dans ce cadre-l\u00e0?<\/span><\/span><\/span><\/p>\n<h2 data-v-962d5293><span data-v-962d5293><span data-v-962d5293><strong data-v-962d5293><span data-v-962d5293>Accident du travail en t\u00e9l\u00e9travail: que dit la loi?<\/span><\/strong><\/span><\/span><\/h2>\n<p data-v-962d5293><span data-v-962d5293><span data-v-962d5293><span data-v-962d5293>La loi fran\u00e7aise est claire. Le droit du travail (<\/span><a href=\"https:\/\/www.legifrance.gouv.fr\/codes\/id\/LEGISCTA000025558058\/\" data-v-962d5293 target=\"_blank\" rel=\"nofollow\"><span data-v-962d5293>article&nbsp;L1222-9<\/span><\/a><span data-v-962d5293>) explique que les r\u00e8gles sont les m\u00eames pour un salari\u00e9 en entreprise que pour un salari\u00e9 travaillant \u00e0 domicile. L&rsquo;accident survenu sur le lieu o\u00f9 s&rsquo;exerce le t\u00e9l\u00e9travail pendant l&rsquo;activit\u00e9 professionnelle est pr\u00e9sum\u00e9 un accident du travail. Le salari\u00e9 doit pr\u00e9venir son entreprise dans un d\u00e9lai de 24 heures et consulter un m\u00e9decin, tandis que l&#8217;employeur d\u00e9clare l&rsquo;accident du travail \u00e0 la CPAM. L&rsquo;accident doit avoir eu lieu pendant les horaires de travail du salari\u00e9, ni avant ni apr\u00e8s.&nbsp;<\/span><\/span><\/span><\/p>\n<p data-v-962d5293><span data-v-962d5293><span data-v-962d5293><span data-v-962d5293>L&#8217;employeur a \u00e9galement des obligations en termes de pr\u00e9vention:<\/span><\/span><\/span><\/p>\n<ul data-v-962d5293>\n<li data-v-962d5293><span data-v-962d5293><span data-v-962d5293><span data-v-962d5293><span data-v-962d5293><span data-v-962d5293>assurer ses salari\u00e9s en t\u00e9l\u00e9travail;<\/span><\/span><\/span><\/span><\/span><\/li>\n<li data-v-962d5293><span data-v-962d5293><span data-v-962d5293><span data-v-962d5293><span data-v-962d5293><span data-v-962d5293>fournir du mat\u00e9riel&nbsp;informatique&nbsp;s\u00e9curis\u00e9 et fonctionnel;<\/span><\/span><\/span><\/span><\/span><\/li>\n<li data-v-962d5293><span data-v-962d5293><span data-v-962d5293><span data-v-962d5293><span data-v-962d5293><span data-v-962d5293>s&rsquo;int\u00e9resser \u00e0 l&rsquo;am\u00e9nagement de l&rsquo;espace, avec la possibilit\u00e9 de visites pr\u00e9ventives au domicile de l&#8217;employ\u00e9;<\/span><\/span><\/span><\/span><\/span><\/li>\n<li data-v-962d5293><span data-v-962d5293><span data-v-962d5293><span data-v-962d5293><span data-v-962d5293><span data-v-962d5293>entretien annuel obligatoire pour faire le point sur les conditions de travail en t\u00e9l\u00e9travail.<\/span><\/span><\/span><\/span><\/span><\/li>\n<\/ul>\n<h2 data-v-962d5293><span data-v-962d5293><span data-v-962d5293><strong data-v-962d5293><span data-v-962d5293>Les possibles contestations de l&#8217;employeur<\/span><\/strong><\/span><\/span><\/h2>\n<p data-v-962d5293><span data-v-962d5293><span data-v-962d5293><span data-v-962d5293>L&#8217;employeur a la possibilit\u00e9 de contester l&rsquo;accident du travail, s&rsquo;il consid\u00e8re que ce dernier n&rsquo;est pas en rapport avec l&rsquo;activit\u00e9 professionnelle exerc\u00e9e. Ainsi, si tomber dans ses escaliers durant ses heures de travail peut \u00eatre consid\u00e9r\u00e9 comme <\/span><a href=\"https:\/\/www.challenges.fr\/entreprise\/vie-de-bureau\/accident-de-trajet-quand-peut-il-etre-considere-comme-accident-du-travail_781342\" data-v-962d5293 target=\"_blank\" rel=\"nofollow\"><span data-v-962d5293>un accident de trajet<\/span><\/a><span data-v-962d5293>, avoir un accident domestique dans sa cuisine ou en tondant sa pelouse peut \u00eatre contest\u00e9, du fait de la nature de l&rsquo;accident, non li\u00e9 au travail sur ordinateur.<\/span><\/span><\/span><\/p>\n<p data-v-962d5293><span data-v-962d5293><span data-v-962d5293><span data-v-962d5293>Pour \u00e9viter les confusions, il peut \u00eatre judicieux que l&#8217;employeur fixe des horaires pr\u00e9cis et un lieu de travail d\u00e9limit\u00e9, afin de g\u00e9rer la possibilit\u00e9 d&rsquo;accident du travail. La connexion au r\u00e9seau de l&rsquo;entreprise est aussi une preuve, permettant de cadrer les horaires de travail. Mais le t\u00e9l\u00e9travail, par sa d\u00e9finition m\u00eame, reste flexible, ce qui peut entra\u00eener des complications.&nbsp;<\/span><\/span><\/span><\/p>\n<p data-v-962d5293><span data-v-962d5293><span data-v-962d5293><span data-v-962d5293>Si l&#8217;employeur conteste l&rsquo;accident du travail, il doit poser une r\u00e9clamation dans les dix jours suivant la d\u00e9claration de l&rsquo;accident \u00e0 la Cnam. L&rsquo;Assurance Maladie proc\u00e8dera alors \u00e0 une enqu\u00eate, pour d\u00e9terminer la nature de l&rsquo;accident. Avec <\/span><a href=\"https:\/\/www.challenges.fr\/entreprise\/vie-de-bureau\/vie-au-bureau-teletravail-les-mutations-se-poursuivent-en-2022_795676\" data-v-962d5293 target=\"_blank\" rel=\"nofollow\"><span data-v-962d5293>l&rsquo;essor du t\u00e9l\u00e9travail<\/span><\/a><span data-v-962d5293>, ce type de contestation pourrait bien s&rsquo;intensifier.&nbsp;<\/span><\/span><\/span><\/p>\n<p data-v-962d5293><span data-v-962d5293><span data-v-962d5293><span data-v-962d5293><span data-v-962d5293><span data-v-962d5293>(Par la r\u00e9daction de l&rsquo;agence hREF)<\/span><\/span><\/span><\/span><\/span><\/p>\n<\/div>\n<p>accidentdutravail-idf.net vous a pr\u00e9par\u00e9 ce post qui informe du sujet \u00ab\u00a0Association Sportive Huisson-Longueville Essonne\u00a0\u00bb. La chronique se veut g\u00e9n\u00e9r\u00e9e du mieux possible. Vous pouvez utiliser les coordonn\u00e9es indiqu\u00e9es sur le site dans le but d\u2019apporter des explications sur ce post qui parle du th\u00e8me \u00ab\u00a0Association Sportive Huisson-Longueville Essonne\u00a0\u00bb. Le site accidentdutravail-idf.net a pour but de fournir diverses publications sur la th\u00e9matique Association Sportive Huisson-Longueville Essonne diffus\u00e9es sur le net. Il y aura plusieurs articles autour du sujet \u00ab\u00a0Association Sportive Huisson-Longueville Essonne\u00a0\u00bb dans quelques jours, nous vous invitons \u00e0 naviguer sur notre site web \u00e0 plusieurs reprises.<\/p>\n","protected":false},"excerpt":{"rendered":"<p>Depuis le d\u00e9but de la pand\u00e9mie, le t\u00e9l\u00e9travail s&rsquo;est intensifi\u00e9 et est devenu la norme. Si ce mode de fonctionnement poss\u00e8de ses avantages et inconv\u00e9nients, il est soumis aux m\u00eames risques qu&rsquo;en entreprise. En effet, un salari\u00e9 en t\u00e9l\u00e9travail peut \u00eatre victime d&rsquo;un accident. Dans ce cadre pr\u00e9cis, quels sont les droits du travailleur \u00e0 &hellip; <\/p>\n<p class=\"link-more\"><a href=\"https:\/\/www.accidentdutravail-idf.net\/blog\/accident-du-travail-en-teletravail-que-dit-la-loi-challenges\/\" class=\"more-link\">Continuer la lecture <span class=\"screen-reader-text\"> \u00ab\u00a0Accident du travail en t\u00e9l\u00e9travail: que dit la loi? &#8211; Challenges\u00a0\u00bb<\/span><\/a><\/p>\n","protected":false},"author":2,"featured_media":0,"comment_status":"closed","ping_status":"closed","sticky":false,"template":"","format":"standard","meta":{"footnotes":""},"categories":[5],"tags":[],"class_list":["post-1635","post","type-post","status-publish","format-standard","hentry","category-securite-du-travail-en-ile-de-france-et-divers","entry"],"yoast_head":"<!-- This site is optimized with the Yoast SEO plugin v27.5 - https:\/\/yoast.com\/product\/yoast-seo-wordpress\/ -->\n<title>Accident du travail en t\u00e9l\u00e9travail: que dit la loi? - Challenges - ACCIDENTDUTRAVAIL-IDF<\/title>\n<meta name=\"description\" content=\"Accident du travail en t\u00e9l\u00e9travail: que dit la loi? - Challenges article de ACCIDENTDUTRAVAIL-IDF\" \/>\n<meta name=\"robots\" content=\"index, follow, max-snippet:-1, max-image-preview:large, max-video-preview:-1\" \/>\n<link rel=\"canonical\" href=\"https:\/\/www.accidentdutravail-idf.net\/blog\/accident-du-travail-en-teletravail-que-dit-la-loi-challenges\/\" \/>\n<meta property=\"og:locale\" content=\"fr_FR\" \/>\n<meta property=\"og:type\" content=\"article\" \/>\n<meta property=\"og:title\" content=\"Accident du travail en t\u00e9l\u00e9travail: que dit la loi? - Challenges - ACCIDENTDUTRAVAIL-IDF\" \/>\n<meta property=\"og:description\" content=\"Accident du travail en t\u00e9l\u00e9travail: que dit la loi? - Challenges article de ACCIDENTDUTRAVAIL-IDF\" \/>\n<meta property=\"og:url\" content=\"https:\/\/www.accidentdutravail-idf.net\/blog\/accident-du-travail-en-teletravail-que-dit-la-loi-challenges\/\" \/>\n<meta property=\"og:site_name\" content=\"ACCIDENTDUTRAVAIL-IDF\" \/>\n<meta property=\"article:published_time\" content=\"2022-03-06T16:00:00+00:00\" \/>\n<meta property=\"og:image\" content=\"https:\/\/www.accidentdutravail-idf.net\/blog\/wp-content\/uploads\/2025\/08\/accident-du-travail-en-teletravail-que-dit-la-loi-challenges.jpg\" \/>\n<meta name=\"author\" content=\"Carlos Poulain\" \/>\n<meta name=\"twitter:card\" content=\"summary_large_image\" \/>\n<meta name=\"twitter:label1\" content=\"\u00c9crit par\" \/>\n\t<meta name=\"twitter:data1\" content=\"Carlos Poulain\" \/>\n\t<meta name=\"twitter:label2\" content=\"Dur\u00e9e de lecture estim\u00e9e\" \/>\n\t<meta name=\"twitter:data2\" content=\"3 minutes\" \/>\n<script type=\"application\/ld+json\" class=\"yoast-schema-graph\">{\"@context\":\"https:\\\/\\\/schema.org\",\"@graph\":[{\"@type\":\"Article\",\"@id\":\"https:\\\/\\\/www.accidentdutravail-idf.net\\\/blog\\\/accident-du-travail-en-teletravail-que-dit-la-loi-challenges\\\/#article\",\"isPartOf\":{\"@id\":\"https:\\\/\\\/www.accidentdutravail-idf.net\\\/blog\\\/accident-du-travail-en-teletravail-que-dit-la-loi-challenges\\\/\"},\"author\":{\"name\":\"Carlos Poulain\",\"@id\":\"https:\\\/\\\/www.accidentdutravail-idf.net\\\/blog\\\/#\\\/schema\\\/person\\\/3255d2f970de45e64bd9201f38e7b947\"},\"headline\":\"Accident du travail en t\u00e9l\u00e9travail: que dit la loi? &#8211; Challenges\",\"datePublished\":\"2022-03-06T16:00:00+00:00\",\"mainEntityOfPage\":{\"@id\":\"https:\\\/\\\/www.accidentdutravail-idf.net\\\/blog\\\/accident-du-travail-en-teletravail-que-dit-la-loi-challenges\\\/\"},\"wordCount\":576,\"publisher\":{\"@id\":\"https:\\\/\\\/www.accidentdutravail-idf.net\\\/blog\\\/#organization\"},\"image\":{\"@id\":\"https:\\\/\\\/www.accidentdutravail-idf.net\\\/blog\\\/accident-du-travail-en-teletravail-que-dit-la-loi-challenges\\\/#primaryimage\"},\"thumbnailUrl\":\"https:\\\/\\\/www.accidentdutravail-idf.net\\\/blog\\\/wp-content\\\/uploads\\\/2025\\\/08\\\/accident-du-travail-en-teletravail-que-dit-la-loi-challenges.jpg\",\"articleSection\":[\"S\u00e9curit\u00e9 Du Travail En Ile-De-France Et Divers:\"],\"inLanguage\":\"fr-FR\"},{\"@type\":\"WebPage\",\"@id\":\"https:\\\/\\\/www.accidentdutravail-idf.net\\\/blog\\\/accident-du-travail-en-teletravail-que-dit-la-loi-challenges\\\/\",\"url\":\"https:\\\/\\\/www.accidentdutravail-idf.net\\\/blog\\\/accident-du-travail-en-teletravail-que-dit-la-loi-challenges\\\/\",\"name\":\"Accident du travail en t\u00e9l\u00e9travail: que dit la loi? - Challenges - ACCIDENTDUTRAVAIL-IDF\",\"isPartOf\":{\"@id\":\"https:\\\/\\\/www.accidentdutravail-idf.net\\\/blog\\\/#website\"},\"primaryImageOfPage\":{\"@id\":\"https:\\\/\\\/www.accidentdutravail-idf.net\\\/blog\\\/accident-du-travail-en-teletravail-que-dit-la-loi-challenges\\\/#primaryimage\"},\"image\":{\"@id\":\"https:\\\/\\\/www.accidentdutravail-idf.net\\\/blog\\\/accident-du-travail-en-teletravail-que-dit-la-loi-challenges\\\/#primaryimage\"},\"thumbnailUrl\":\"https:\\\/\\\/www.accidentdutravail-idf.net\\\/blog\\\/wp-content\\\/uploads\\\/2025\\\/08\\\/accident-du-travail-en-teletravail-que-dit-la-loi-challenges.jpg\",\"datePublished\":\"2022-03-06T16:00:00+00:00\",\"description\":\"Accident du travail en t\u00e9l\u00e9travail: que dit la loi? - Challenges article de ACCIDENTDUTRAVAIL-IDF\",\"breadcrumb\":{\"@id\":\"https:\\\/\\\/www.accidentdutravail-idf.net\\\/blog\\\/accident-du-travail-en-teletravail-que-dit-la-loi-challenges\\\/#breadcrumb\"},\"inLanguage\":\"fr-FR\",\"potentialAction\":[{\"@type\":\"ReadAction\",\"target\":[\"https:\\\/\\\/www.accidentdutravail-idf.net\\\/blog\\\/accident-du-travail-en-teletravail-que-dit-la-loi-challenges\\\/\"]}]},{\"@type\":\"ImageObject\",\"inLanguage\":\"fr-FR\",\"@id\":\"https:\\\/\\\/www.accidentdutravail-idf.net\\\/blog\\\/accident-du-travail-en-teletravail-que-dit-la-loi-challenges\\\/#primaryimage\",\"url\":\"https:\\\/\\\/www.accidentdutravail-idf.net\\\/blog\\\/wp-content\\\/uploads\\\/2025\\\/08\\\/accident-du-travail-en-teletravail-que-dit-la-loi-challenges.jpg\",\"contentUrl\":\"https:\\\/\\\/www.accidentdutravail-idf.net\\\/blog\\\/wp-content\\\/uploads\\\/2025\\\/08\\\/accident-du-travail-en-teletravail-que-dit-la-loi-challenges.jpg\"},{\"@type\":\"BreadcrumbList\",\"@id\":\"https:\\\/\\\/www.accidentdutravail-idf.net\\\/blog\\\/accident-du-travail-en-teletravail-que-dit-la-loi-challenges\\\/#breadcrumb\",\"itemListElement\":[{\"@type\":\"ListItem\",\"position\":1,\"name\":\"Accueil\",\"item\":\"https:\\\/\\\/www.accidentdutravail-idf.net\\\/blog\\\/\"},{\"@type\":\"ListItem\",\"position\":2,\"name\":\"Accident du travail en t\u00e9l\u00e9travail: que dit la loi? &#8211; Challenges\"}]},{\"@type\":\"WebSite\",\"@id\":\"https:\\\/\\\/www.accidentdutravail-idf.net\\\/blog\\\/#website\",\"url\":\"https:\\\/\\\/www.accidentdutravail-idf.net\\\/blog\\\/\",\"name\":\"ACCIDENTDUTRAVAIL-IDF\",\"description\":\"Portail accidents du travail-maladies professionnelles des entreprises d&#039;Ile-de-France\",\"publisher\":{\"@id\":\"https:\\\/\\\/www.accidentdutravail-idf.net\\\/blog\\\/#organization\"},\"potentialAction\":[{\"@type\":\"SearchAction\",\"target\":{\"@type\":\"EntryPoint\",\"urlTemplate\":\"https:\\\/\\\/www.accidentdutravail-idf.net\\\/blog\\\/?s={search_term_string}\"},\"query-input\":{\"@type\":\"PropertyValueSpecification\",\"valueRequired\":true,\"valueName\":\"search_term_string\"}}],\"inLanguage\":\"fr-FR\"},{\"@type\":\"Organization\",\"@id\":\"https:\\\/\\\/www.accidentdutravail-idf.net\\\/blog\\\/#organization\",\"name\":\"accidentdutravail-idf\",\"url\":\"https:\\\/\\\/www.accidentdutravail-idf.net\\\/blog\\\/\",\"logo\":{\"@type\":\"ImageObject\",\"inLanguage\":\"fr-FR\",\"@id\":\"https:\\\/\\\/www.accidentdutravail-idf.net\\\/blog\\\/#\\\/schema\\\/logo\\\/image\\\/\",\"url\":\"https:\\\/\\\/www.accidentdutravail-idf.net\\\/blog\\\/wp-content\\\/uploads\\\/2022\\\/09\\\/logo-2.png\",\"contentUrl\":\"https:\\\/\\\/www.accidentdutravail-idf.net\\\/blog\\\/wp-content\\\/uploads\\\/2022\\\/09\\\/logo-2.png\",\"width\":380,\"height\":291,\"caption\":\"accidentdutravail-idf\"},\"image\":{\"@id\":\"https:\\\/\\\/www.accidentdutravail-idf.net\\\/blog\\\/#\\\/schema\\\/logo\\\/image\\\/\"}},{\"@type\":\"Person\",\"@id\":\"https:\\\/\\\/www.accidentdutravail-idf.net\\\/blog\\\/#\\\/schema\\\/person\\\/3255d2f970de45e64bd9201f38e7b947\",\"name\":\"Carlos Poulain\",\"image\":{\"@type\":\"ImageObject\",\"inLanguage\":\"fr-FR\",\"@id\":\"https:\\\/\\\/secure.gravatar.com\\\/avatar\\\/b1c2f9d3588e34e91adb093635df64ef4b2381991216be7576466cfcdca4baf3?s=96&d=mm&r=g\",\"url\":\"https:\\\/\\\/secure.gravatar.com\\\/avatar\\\/b1c2f9d3588e34e91adb093635df64ef4b2381991216be7576466cfcdca4baf3?s=96&d=mm&r=g\",\"contentUrl\":\"https:\\\/\\\/secure.gravatar.com\\\/avatar\\\/b1c2f9d3588e34e91adb093635df64ef4b2381991216be7576466cfcdca4baf3?s=96&d=mm&r=g\",\"caption\":\"Carlos Poulain\"},\"url\":\"https:\\\/\\\/www.accidentdutravail-idf.net\\\/blog\\\/author\\\/idfcarlos\\\/\"}]}<\/script>\n<!-- \/ Yoast SEO plugin. -->","yoast_head_json":{"title":"Accident du travail en t\u00e9l\u00e9travail: que dit la loi? - Challenges - ACCIDENTDUTRAVAIL-IDF","description":"Accident du travail en t\u00e9l\u00e9travail: que dit la loi? - Challenges article de ACCIDENTDUTRAVAIL-IDF","robots":{"index":"index","follow":"follow","max-snippet":"max-snippet:-1","max-image-preview":"max-image-preview:large","max-video-preview":"max-video-preview:-1"},"canonical":"https:\/\/www.accidentdutravail-idf.net\/blog\/accident-du-travail-en-teletravail-que-dit-la-loi-challenges\/","og_locale":"fr_FR","og_type":"article","og_title":"Accident du travail en t\u00e9l\u00e9travail: que dit la loi? - Challenges - ACCIDENTDUTRAVAIL-IDF","og_description":"Accident du travail en t\u00e9l\u00e9travail: que dit la loi? - Challenges article de ACCIDENTDUTRAVAIL-IDF","og_url":"https:\/\/www.accidentdutravail-idf.net\/blog\/accident-du-travail-en-teletravail-que-dit-la-loi-challenges\/","og_site_name":"ACCIDENTDUTRAVAIL-IDF","article_published_time":"2022-03-06T16:00:00+00:00","og_image":[{"url":"https:\/\/www.accidentdutravail-idf.net\/blog\/wp-content\/uploads\/2025\/08\/accident-du-travail-en-teletravail-que-dit-la-loi-challenges.jpg","type":"","width":"","height":""}],"author":"Carlos Poulain","twitter_card":"summary_large_image","twitter_misc":{"\u00c9crit par":"Carlos Poulain","Dur\u00e9e de lecture estim\u00e9e":"3 minutes"},"schema":{"@context":"https:\/\/schema.org","@graph":[{"@type":"Article","@id":"https:\/\/www.accidentdutravail-idf.net\/blog\/accident-du-travail-en-teletravail-que-dit-la-loi-challenges\/#article","isPartOf":{"@id":"https:\/\/www.accidentdutravail-idf.net\/blog\/accident-du-travail-en-teletravail-que-dit-la-loi-challenges\/"},"author":{"name":"Carlos Poulain","@id":"https:\/\/www.accidentdutravail-idf.net\/blog\/#\/schema\/person\/3255d2f970de45e64bd9201f38e7b947"},"headline":"Accident du travail en t\u00e9l\u00e9travail: que dit la loi? &#8211; Challenges","datePublished":"2022-03-06T16:00:00+00:00","mainEntityOfPage":{"@id":"https:\/\/www.accidentdutravail-idf.net\/blog\/accident-du-travail-en-teletravail-que-dit-la-loi-challenges\/"},"wordCount":576,"publisher":{"@id":"https:\/\/www.accidentdutravail-idf.net\/blog\/#organization"},"image":{"@id":"https:\/\/www.accidentdutravail-idf.net\/blog\/accident-du-travail-en-teletravail-que-dit-la-loi-challenges\/#primaryimage"},"thumbnailUrl":"https:\/\/www.accidentdutravail-idf.net\/blog\/wp-content\/uploads\/2025\/08\/accident-du-travail-en-teletravail-que-dit-la-loi-challenges.jpg","articleSection":["S\u00e9curit\u00e9 Du Travail En Ile-De-France Et Divers:"],"inLanguage":"fr-FR"},{"@type":"WebPage","@id":"https:\/\/www.accidentdutravail-idf.net\/blog\/accident-du-travail-en-teletravail-que-dit-la-loi-challenges\/","url":"https:\/\/www.accidentdutravail-idf.net\/blog\/accident-du-travail-en-teletravail-que-dit-la-loi-challenges\/","name":"Accident du travail en t\u00e9l\u00e9travail: que dit la loi? - Challenges - ACCIDENTDUTRAVAIL-IDF","isPartOf":{"@id":"https:\/\/www.accidentdutravail-idf.net\/blog\/#website"},"primaryImageOfPage":{"@id":"https:\/\/www.accidentdutravail-idf.net\/blog\/accident-du-travail-en-teletravail-que-dit-la-loi-challenges\/#primaryimage"},"image":{"@id":"https:\/\/www.accidentdutravail-idf.net\/blog\/accident-du-travail-en-teletravail-que-dit-la-loi-challenges\/#primaryimage"},"thumbnailUrl":"https:\/\/www.accidentdutravail-idf.net\/blog\/wp-content\/uploads\/2025\/08\/accident-du-travail-en-teletravail-que-dit-la-loi-challenges.jpg","datePublished":"2022-03-06T16:00:00+00:00","description":"Accident du travail en t\u00e9l\u00e9travail: que dit la loi? - Challenges article de ACCIDENTDUTRAVAIL-IDF","breadcrumb":{"@id":"https:\/\/www.accidentdutravail-idf.net\/blog\/accident-du-travail-en-teletravail-que-dit-la-loi-challenges\/#breadcrumb"},"inLanguage":"fr-FR","potentialAction":[{"@type":"ReadAction","target":["https:\/\/www.accidentdutravail-idf.net\/blog\/accident-du-travail-en-teletravail-que-dit-la-loi-challenges\/"]}]},{"@type":"ImageObject","inLanguage":"fr-FR","@id":"https:\/\/www.accidentdutravail-idf.net\/blog\/accident-du-travail-en-teletravail-que-dit-la-loi-challenges\/#primaryimage","url":"https:\/\/www.accidentdutravail-idf.net\/blog\/wp-content\/uploads\/2025\/08\/accident-du-travail-en-teletravail-que-dit-la-loi-challenges.jpg","contentUrl":"https:\/\/www.accidentdutravail-idf.net\/blog\/wp-content\/uploads\/2025\/08\/accident-du-travail-en-teletravail-que-dit-la-loi-challenges.jpg"},{"@type":"BreadcrumbList","@id":"https:\/\/www.accidentdutravail-idf.net\/blog\/accident-du-travail-en-teletravail-que-dit-la-loi-challenges\/#breadcrumb","itemListElement":[{"@type":"ListItem","position":1,"name":"Accueil","item":"https:\/\/www.accidentdutravail-idf.net\/blog\/"},{"@type":"ListItem","position":2,"name":"Accident du travail en t\u00e9l\u00e9travail: que dit la loi? &#8211; Challenges"}]},{"@type":"WebSite","@id":"https:\/\/www.accidentdutravail-idf.net\/blog\/#website","url":"https:\/\/www.accidentdutravail-idf.net\/blog\/","name":"ACCIDENTDUTRAVAIL-IDF","description":"Portail accidents du travail-maladies professionnelles des entreprises d&#039;Ile-de-France","publisher":{"@id":"https:\/\/www.accidentdutravail-idf.net\/blog\/#organization"},"potentialAction":[{"@type":"SearchAction","target":{"@type":"EntryPoint","urlTemplate":"https:\/\/www.accidentdutravail-idf.net\/blog\/?s={search_term_string}"},"query-input":{"@type":"PropertyValueSpecification","valueRequired":true,"valueName":"search_term_string"}}],"inLanguage":"fr-FR"},{"@type":"Organization","@id":"https:\/\/www.accidentdutravail-idf.net\/blog\/#organization","name":"accidentdutravail-idf","url":"https:\/\/www.accidentdutravail-idf.net\/blog\/","logo":{"@type":"ImageObject","inLanguage":"fr-FR","@id":"https:\/\/www.accidentdutravail-idf.net\/blog\/#\/schema\/logo\/image\/","url":"https:\/\/www.accidentdutravail-idf.net\/blog\/wp-content\/uploads\/2022\/09\/logo-2.png","contentUrl":"https:\/\/www.accidentdutravail-idf.net\/blog\/wp-content\/uploads\/2022\/09\/logo-2.png","width":380,"height":291,"caption":"accidentdutravail-idf"},"image":{"@id":"https:\/\/www.accidentdutravail-idf.net\/blog\/#\/schema\/logo\/image\/"}},{"@type":"Person","@id":"https:\/\/www.accidentdutravail-idf.net\/blog\/#\/schema\/person\/3255d2f970de45e64bd9201f38e7b947","name":"Carlos Poulain","image":{"@type":"ImageObject","inLanguage":"fr-FR","@id":"https:\/\/secure.gravatar.com\/avatar\/b1c2f9d3588e34e91adb093635df64ef4b2381991216be7576466cfcdca4baf3?s=96&d=mm&r=g","url":"https:\/\/secure.gravatar.com\/avatar\/b1c2f9d3588e34e91adb093635df64ef4b2381991216be7576466cfcdca4baf3?s=96&d=mm&r=g","contentUrl":"https:\/\/secure.gravatar.com\/avatar\/b1c2f9d3588e34e91adb093635df64ef4b2381991216be7576466cfcdca4baf3?s=96&d=mm&r=g","caption":"Carlos Poulain"},"url":"https:\/\/www.accidentdutravail-idf.net\/blog\/author\/idfcarlos\/"}]}},"_links":{"self":[{"href":"https:\/\/www.accidentdutravail-idf.net\/blog\/wp-json\/wp\/v2\/posts\/1635","targetHints":{"allow":["GET"]}}],"collection":[{"href":"https:\/\/www.accidentdutravail-idf.net\/blog\/wp-json\/wp\/v2\/posts"}],"about":[{"href":"https:\/\/www.accidentdutravail-idf.net\/blog\/wp-json\/wp\/v2\/types\/post"}],"author":[{"embeddable":true,"href":"https:\/\/www.accidentdutravail-idf.net\/blog\/wp-json\/wp\/v2\/users\/2"}],"replies":[{"embeddable":true,"href":"https:\/\/www.accidentdutravail-idf.net\/blog\/wp-json\/wp\/v2\/comments?post=1635"}],"version-history":[{"count":0,"href":"https:\/\/www.accidentdutravail-idf.net\/blog\/wp-json\/wp\/v2\/posts\/1635\/revisions"}],"wp:attachment":[{"href":"https:\/\/www.accidentdutravail-idf.net\/blog\/wp-json\/wp\/v2\/media?parent=1635"}],"wp:term":[{"taxonomy":"category","embeddable":true,"href":"https:\/\/www.accidentdutravail-idf.net\/blog\/wp-json\/wp\/v2\/categories?post=1635"},{"taxonomy":"post_tag","embeddable":true,"href":"https:\/\/www.accidentdutravail-idf.net\/blog\/wp-json\/wp\/v2\/tags?post=1635"}],"curies":[{"name":"wp","href":"https:\/\/api.w.org\/{rel}","templated":true}]}}