{"id":1632,"date":"2025-07-30T09:19:00","date_gmt":"2025-07-30T07:19:00","guid":{"rendered":"https:\/\/www.accidentdutravail-idf.net\/blog\/kehl-accident-du-travail-explosion-mortelle-dans-une-usine-de-transformation-du-bois\/"},"modified":"2025-07-30T09:19:00","modified_gmt":"2025-07-30T07:19:00","slug":"kehl-accident-du-travail-explosion-mortelle-dans-une-usine-de-transformation-du-bois","status":"publish","type":"post","link":"https:\/\/www.accidentdutravail-idf.net\/blog\/kehl-accident-du-travail-explosion-mortelle-dans-une-usine-de-transformation-du-bois\/","title":{"rendered":"Kehl Accident du travail : explosion mortelle dans une usine de transformation du bois"},"content":{"rendered":"<div><img decoding=\"async\" src=\"https:\/\/www.accidentdutravail-idf.net\/blog\/wp-content\/uploads\/2025\/07\/kehl-accident-du-travail-explosion-mortelle-dans-une-usine-de-transformation-du-bois.jpg\" class=\"ff-og-image-inserted\"><\/div>\n<p>Un accident de travail mortel s\u2019est produit mardi soir dans la Weststrasse, dans la zone portuaire de Kehl. Vers 19 heures, pour des raisons encore inconnues, une explosion se serait produite dans une chemin\u00e9e d\u2018\u00e9chappement dans laquelle un homme se trouvait \u00e0 ce moment-l\u00e0 pour effectuer une op\u00e9ration de nettoyage. Malgr\u00e9 l\u2019arriv\u00e9e rapide des secours, la victime n\u2019a pas pu \u00eatre sauv\u00e9e. La production de cette usine de transformation du bois avait \u00e9t\u00e9 interrompue depuis la semaine derni\u00e8re pour permettre \u00e0 une entreprise sous-traitante de mener ces travaux de nettoyage. Une enqu\u00eate est en cours pour d\u00e9terminer la cause de cette dramatique explosion. Des techniciens m\u00e9dico-l\u00e9gaux \u00e9taient encore sur place ce mercredi, la victime n\u2019ayant pas encore pu \u00eatre sortie de la chemin\u00e9e. Le hall de l\u2019usine a \u00e9t\u00e9 plac\u00e9 sous s\u00e9questre jusqu\u2018\u00e0 la fin de l\u2019enqu\u00eate.<\/p>\n<p>Outre les patrouilles du commissariat de police de Kehl et de la police judiciaire, 46 pompiers et 15 personnels des services de secours ont \u00e9t\u00e9 d\u00e9ploy\u00e9s.<\/p>\n<p>L\u2019installation concern\u00e9e est compos\u00e9e d\u2019un s\u00e9choir \u00e0 bande pour le bois avec un ventilateur d\u2019extraction qui \u00e9vacue l\u2019air par la chemin\u00e9e.<\/p>\n<p>accidentdutravail-idf.net vous a pr\u00e9par\u00e9 ce post qui informe du sujet \u00ab\u00a0Association Sportive Huisson-Longueville Essonne\u00a0\u00bb. La chronique se veut g\u00e9n\u00e9r\u00e9e du mieux possible. Vous pouvez utiliser les coordonn\u00e9es indiqu\u00e9es sur le site dans le but d\u2019apporter des explications sur ce post qui parle du th\u00e8me \u00ab\u00a0Association Sportive Huisson-Longueville Essonne\u00a0\u00bb. Le site accidentdutravail-idf.net a pour but de fournir diverses publications sur la th\u00e9matique Association Sportive Huisson-Longueville Essonne diffus\u00e9es sur le net. Il y aura plusieurs articles autour du sujet \u00ab\u00a0Association Sportive Huisson-Longueville Essonne\u00a0\u00bb dans quelques jours, nous vous invitons \u00e0 naviguer sur notre site web \u00e0 plusieurs reprises.<\/p>\n","protected":false},"excerpt":{"rendered":"<p>Un accident de travail mortel s\u2019est produit mardi soir dans la Weststrasse, dans la zone portuaire de Kehl. Vers 19 heures, pour des raisons encore inconnues, une explosion se serait produite dans une chemin\u00e9e d\u2018\u00e9chappement dans laquelle un homme se trouvait \u00e0 ce moment-l\u00e0 pour effectuer une op\u00e9ration de nettoyage. Malgr\u00e9 l\u2019arriv\u00e9e rapide des secours, &hellip; <\/p>\n<p class=\"link-more\"><a href=\"https:\/\/www.accidentdutravail-idf.net\/blog\/kehl-accident-du-travail-explosion-mortelle-dans-une-usine-de-transformation-du-bois\/\" class=\"more-link\">Continuer la lecture <span class=\"screen-reader-text\"> \u00ab\u00a0Kehl Accident du travail : explosion mortelle dans une usine de transformation du bois\u00a0\u00bb<\/span><\/a><\/p>\n","protected":false},"author":2,"featured_media":0,"comment_status":"closed","ping_status":"closed","sticky":false,"template":"","format":"standard","meta":{"footnotes":""},"categories":[5],"tags":[],"class_list":["post-1632","post","type-post","status-publish","format-standard","hentry","category-securite-du-travail-en-ile-de-france-et-divers","entry"],"yoast_head":"<!-- This site is optimized with the Yoast SEO plugin v27.5 - https:\/\/yoast.com\/product\/yoast-seo-wordpress\/ -->\n<title>Kehl Accident du travail : explosion mortelle dans une usine de transformation du bois - ACCIDENTDUTRAVAIL-IDF<\/title>\n<meta name=\"description\" content=\"Kehl Accident du travail : explosion mortelle dans une usine de transformation du bois article de ACCIDENTDUTRAVAIL-IDF\" \/>\n<meta name=\"robots\" content=\"index, follow, max-snippet:-1, max-image-preview:large, max-video-preview:-1\" \/>\n<link rel=\"canonical\" href=\"https:\/\/www.accidentdutravail-idf.net\/blog\/kehl-accident-du-travail-explosion-mortelle-dans-une-usine-de-transformation-du-bois\/\" \/>\n<meta property=\"og:locale\" content=\"fr_FR\" \/>\n<meta property=\"og:type\" content=\"article\" \/>\n<meta property=\"og:title\" content=\"Kehl Accident du travail : explosion mortelle dans une usine de transformation du bois - ACCIDENTDUTRAVAIL-IDF\" \/>\n<meta property=\"og:description\" content=\"Kehl Accident du travail : explosion mortelle dans une usine de transformation du bois article de ACCIDENTDUTRAVAIL-IDF\" \/>\n<meta property=\"og:url\" content=\"https:\/\/www.accidentdutravail-idf.net\/blog\/kehl-accident-du-travail-explosion-mortelle-dans-une-usine-de-transformation-du-bois\/\" \/>\n<meta property=\"og:site_name\" content=\"ACCIDENTDUTRAVAIL-IDF\" \/>\n<meta property=\"article:published_time\" content=\"2025-07-30T07:19:00+00:00\" \/>\n<meta property=\"og:image\" content=\"https:\/\/www.accidentdutravail-idf.net\/blog\/wp-content\/uploads\/2025\/07\/kehl-accident-du-travail-explosion-mortelle-dans-une-usine-de-transformation-du-bois.jpg\" \/>\n<meta name=\"author\" content=\"Carlos Poulain\" \/>\n<meta name=\"twitter:card\" content=\"summary_large_image\" \/>\n<meta name=\"twitter:label1\" content=\"\u00c9crit par\" \/>\n\t<meta name=\"twitter:data1\" content=\"Carlos Poulain\" \/>\n\t<meta name=\"twitter:label2\" content=\"Dur\u00e9e de lecture estim\u00e9e\" \/>\n\t<meta name=\"twitter:data2\" content=\"2 minutes\" \/>\n<script type=\"application\/ld+json\" class=\"yoast-schema-graph\">{\"@context\":\"https:\\\/\\\/schema.org\",\"@graph\":[{\"@type\":\"Article\",\"@id\":\"https:\\\/\\\/www.accidentdutravail-idf.net\\\/blog\\\/kehl-accident-du-travail-explosion-mortelle-dans-une-usine-de-transformation-du-bois\\\/#article\",\"isPartOf\":{\"@id\":\"https:\\\/\\\/www.accidentdutravail-idf.net\\\/blog\\\/kehl-accident-du-travail-explosion-mortelle-dans-une-usine-de-transformation-du-bois\\\/\"},\"author\":{\"name\":\"Carlos Poulain\",\"@id\":\"https:\\\/\\\/www.accidentdutravail-idf.net\\\/blog\\\/#\\\/schema\\\/person\\\/3255d2f970de45e64bd9201f38e7b947\"},\"headline\":\"Kehl Accident du travail : explosion mortelle dans une usine de transformation du bois\",\"datePublished\":\"2025-07-30T07:19:00+00:00\",\"mainEntityOfPage\":{\"@id\":\"https:\\\/\\\/www.accidentdutravail-idf.net\\\/blog\\\/kehl-accident-du-travail-explosion-mortelle-dans-une-usine-de-transformation-du-bois\\\/\"},\"wordCount\":326,\"publisher\":{\"@id\":\"https:\\\/\\\/www.accidentdutravail-idf.net\\\/blog\\\/#organization\"},\"image\":{\"@id\":\"https:\\\/\\\/www.accidentdutravail-idf.net\\\/blog\\\/kehl-accident-du-travail-explosion-mortelle-dans-une-usine-de-transformation-du-bois\\\/#primaryimage\"},\"thumbnailUrl\":\"https:\\\/\\\/www.accidentdutravail-idf.net\\\/blog\\\/wp-content\\\/uploads\\\/2025\\\/07\\\/kehl-accident-du-travail-explosion-mortelle-dans-une-usine-de-transformation-du-bois.jpg\",\"articleSection\":[\"S\u00e9curit\u00e9 Du Travail En Ile-De-France Et Divers:\"],\"inLanguage\":\"fr-FR\"},{\"@type\":\"WebPage\",\"@id\":\"https:\\\/\\\/www.accidentdutravail-idf.net\\\/blog\\\/kehl-accident-du-travail-explosion-mortelle-dans-une-usine-de-transformation-du-bois\\\/\",\"url\":\"https:\\\/\\\/www.accidentdutravail-idf.net\\\/blog\\\/kehl-accident-du-travail-explosion-mortelle-dans-une-usine-de-transformation-du-bois\\\/\",\"name\":\"Kehl Accident du travail : explosion mortelle dans une usine de transformation du bois - ACCIDENTDUTRAVAIL-IDF\",\"isPartOf\":{\"@id\":\"https:\\\/\\\/www.accidentdutravail-idf.net\\\/blog\\\/#website\"},\"primaryImageOfPage\":{\"@id\":\"https:\\\/\\\/www.accidentdutravail-idf.net\\\/blog\\\/kehl-accident-du-travail-explosion-mortelle-dans-une-usine-de-transformation-du-bois\\\/#primaryimage\"},\"image\":{\"@id\":\"https:\\\/\\\/www.accidentdutravail-idf.net\\\/blog\\\/kehl-accident-du-travail-explosion-mortelle-dans-une-usine-de-transformation-du-bois\\\/#primaryimage\"},\"thumbnailUrl\":\"https:\\\/\\\/www.accidentdutravail-idf.net\\\/blog\\\/wp-content\\\/uploads\\\/2025\\\/07\\\/kehl-accident-du-travail-explosion-mortelle-dans-une-usine-de-transformation-du-bois.jpg\",\"datePublished\":\"2025-07-30T07:19:00+00:00\",\"description\":\"Kehl Accident du travail : explosion mortelle dans une usine de transformation du bois article de ACCIDENTDUTRAVAIL-IDF\",\"breadcrumb\":{\"@id\":\"https:\\\/\\\/www.accidentdutravail-idf.net\\\/blog\\\/kehl-accident-du-travail-explosion-mortelle-dans-une-usine-de-transformation-du-bois\\\/#breadcrumb\"},\"inLanguage\":\"fr-FR\",\"potentialAction\":[{\"@type\":\"ReadAction\",\"target\":[\"https:\\\/\\\/www.accidentdutravail-idf.net\\\/blog\\\/kehl-accident-du-travail-explosion-mortelle-dans-une-usine-de-transformation-du-bois\\\/\"]}]},{\"@type\":\"ImageObject\",\"inLanguage\":\"fr-FR\",\"@id\":\"https:\\\/\\\/www.accidentdutravail-idf.net\\\/blog\\\/kehl-accident-du-travail-explosion-mortelle-dans-une-usine-de-transformation-du-bois\\\/#primaryimage\",\"url\":\"https:\\\/\\\/www.accidentdutravail-idf.net\\\/blog\\\/wp-content\\\/uploads\\\/2025\\\/07\\\/kehl-accident-du-travail-explosion-mortelle-dans-une-usine-de-transformation-du-bois.jpg\",\"contentUrl\":\"https:\\\/\\\/www.accidentdutravail-idf.net\\\/blog\\\/wp-content\\\/uploads\\\/2025\\\/07\\\/kehl-accident-du-travail-explosion-mortelle-dans-une-usine-de-transformation-du-bois.jpg\"},{\"@type\":\"BreadcrumbList\",\"@id\":\"https:\\\/\\\/www.accidentdutravail-idf.net\\\/blog\\\/kehl-accident-du-travail-explosion-mortelle-dans-une-usine-de-transformation-du-bois\\\/#breadcrumb\",\"itemListElement\":[{\"@type\":\"ListItem\",\"position\":1,\"name\":\"Accueil\",\"item\":\"https:\\\/\\\/www.accidentdutravail-idf.net\\\/blog\\\/\"},{\"@type\":\"ListItem\",\"position\":2,\"name\":\"Kehl Accident du travail : explosion mortelle dans une usine de transformation du bois\"}]},{\"@type\":\"WebSite\",\"@id\":\"https:\\\/\\\/www.accidentdutravail-idf.net\\\/blog\\\/#website\",\"url\":\"https:\\\/\\\/www.accidentdutravail-idf.net\\\/blog\\\/\",\"name\":\"ACCIDENTDUTRAVAIL-IDF\",\"description\":\"Portail accidents du travail-maladies professionnelles des entreprises d&#039;Ile-de-France\",\"publisher\":{\"@id\":\"https:\\\/\\\/www.accidentdutravail-idf.net\\\/blog\\\/#organization\"},\"potentialAction\":[{\"@type\":\"SearchAction\",\"target\":{\"@type\":\"EntryPoint\",\"urlTemplate\":\"https:\\\/\\\/www.accidentdutravail-idf.net\\\/blog\\\/?s={search_term_string}\"},\"query-input\":{\"@type\":\"PropertyValueSpecification\",\"valueRequired\":true,\"valueName\":\"search_term_string\"}}],\"inLanguage\":\"fr-FR\"},{\"@type\":\"Organization\",\"@id\":\"https:\\\/\\\/www.accidentdutravail-idf.net\\\/blog\\\/#organization\",\"name\":\"accidentdutravail-idf\",\"url\":\"https:\\\/\\\/www.accidentdutravail-idf.net\\\/blog\\\/\",\"logo\":{\"@type\":\"ImageObject\",\"inLanguage\":\"fr-FR\",\"@id\":\"https:\\\/\\\/www.accidentdutravail-idf.net\\\/blog\\\/#\\\/schema\\\/logo\\\/image\\\/\",\"url\":\"https:\\\/\\\/www.accidentdutravail-idf.net\\\/blog\\\/wp-content\\\/uploads\\\/2022\\\/09\\\/logo-2.png\",\"contentUrl\":\"https:\\\/\\\/www.accidentdutravail-idf.net\\\/blog\\\/wp-content\\\/uploads\\\/2022\\\/09\\\/logo-2.png\",\"width\":380,\"height\":291,\"caption\":\"accidentdutravail-idf\"},\"image\":{\"@id\":\"https:\\\/\\\/www.accidentdutravail-idf.net\\\/blog\\\/#\\\/schema\\\/logo\\\/image\\\/\"}},{\"@type\":\"Person\",\"@id\":\"https:\\\/\\\/www.accidentdutravail-idf.net\\\/blog\\\/#\\\/schema\\\/person\\\/3255d2f970de45e64bd9201f38e7b947\",\"name\":\"Carlos Poulain\",\"image\":{\"@type\":\"ImageObject\",\"inLanguage\":\"fr-FR\",\"@id\":\"https:\\\/\\\/secure.gravatar.com\\\/avatar\\\/b1c2f9d3588e34e91adb093635df64ef4b2381991216be7576466cfcdca4baf3?s=96&d=mm&r=g\",\"url\":\"https:\\\/\\\/secure.gravatar.com\\\/avatar\\\/b1c2f9d3588e34e91adb093635df64ef4b2381991216be7576466cfcdca4baf3?s=96&d=mm&r=g\",\"contentUrl\":\"https:\\\/\\\/secure.gravatar.com\\\/avatar\\\/b1c2f9d3588e34e91adb093635df64ef4b2381991216be7576466cfcdca4baf3?s=96&d=mm&r=g\",\"caption\":\"Carlos Poulain\"},\"url\":\"https:\\\/\\\/www.accidentdutravail-idf.net\\\/blog\\\/author\\\/idfcarlos\\\/\"}]}<\/script>\n<!-- \/ Yoast SEO plugin. -->","yoast_head_json":{"title":"Kehl Accident du travail : explosion mortelle dans une usine de transformation du bois - ACCIDENTDUTRAVAIL-IDF","description":"Kehl Accident du travail : explosion mortelle dans une usine de transformation du bois article de ACCIDENTDUTRAVAIL-IDF","robots":{"index":"index","follow":"follow","max-snippet":"max-snippet:-1","max-image-preview":"max-image-preview:large","max-video-preview":"max-video-preview:-1"},"canonical":"https:\/\/www.accidentdutravail-idf.net\/blog\/kehl-accident-du-travail-explosion-mortelle-dans-une-usine-de-transformation-du-bois\/","og_locale":"fr_FR","og_type":"article","og_title":"Kehl Accident du travail : explosion mortelle dans une usine de transformation du bois - ACCIDENTDUTRAVAIL-IDF","og_description":"Kehl Accident du travail : explosion mortelle dans une usine de transformation du bois article de ACCIDENTDUTRAVAIL-IDF","og_url":"https:\/\/www.accidentdutravail-idf.net\/blog\/kehl-accident-du-travail-explosion-mortelle-dans-une-usine-de-transformation-du-bois\/","og_site_name":"ACCIDENTDUTRAVAIL-IDF","article_published_time":"2025-07-30T07:19:00+00:00","og_image":[{"url":"https:\/\/www.accidentdutravail-idf.net\/blog\/wp-content\/uploads\/2025\/07\/kehl-accident-du-travail-explosion-mortelle-dans-une-usine-de-transformation-du-bois.jpg","type":"","width":"","height":""}],"author":"Carlos Poulain","twitter_card":"summary_large_image","twitter_misc":{"\u00c9crit par":"Carlos Poulain","Dur\u00e9e de lecture estim\u00e9e":"2 minutes"},"schema":{"@context":"https:\/\/schema.org","@graph":[{"@type":"Article","@id":"https:\/\/www.accidentdutravail-idf.net\/blog\/kehl-accident-du-travail-explosion-mortelle-dans-une-usine-de-transformation-du-bois\/#article","isPartOf":{"@id":"https:\/\/www.accidentdutravail-idf.net\/blog\/kehl-accident-du-travail-explosion-mortelle-dans-une-usine-de-transformation-du-bois\/"},"author":{"name":"Carlos Poulain","@id":"https:\/\/www.accidentdutravail-idf.net\/blog\/#\/schema\/person\/3255d2f970de45e64bd9201f38e7b947"},"headline":"Kehl Accident du travail : explosion mortelle dans une usine de transformation du bois","datePublished":"2025-07-30T07:19:00+00:00","mainEntityOfPage":{"@id":"https:\/\/www.accidentdutravail-idf.net\/blog\/kehl-accident-du-travail-explosion-mortelle-dans-une-usine-de-transformation-du-bois\/"},"wordCount":326,"publisher":{"@id":"https:\/\/www.accidentdutravail-idf.net\/blog\/#organization"},"image":{"@id":"https:\/\/www.accidentdutravail-idf.net\/blog\/kehl-accident-du-travail-explosion-mortelle-dans-une-usine-de-transformation-du-bois\/#primaryimage"},"thumbnailUrl":"https:\/\/www.accidentdutravail-idf.net\/blog\/wp-content\/uploads\/2025\/07\/kehl-accident-du-travail-explosion-mortelle-dans-une-usine-de-transformation-du-bois.jpg","articleSection":["S\u00e9curit\u00e9 Du Travail En Ile-De-France Et Divers:"],"inLanguage":"fr-FR"},{"@type":"WebPage","@id":"https:\/\/www.accidentdutravail-idf.net\/blog\/kehl-accident-du-travail-explosion-mortelle-dans-une-usine-de-transformation-du-bois\/","url":"https:\/\/www.accidentdutravail-idf.net\/blog\/kehl-accident-du-travail-explosion-mortelle-dans-une-usine-de-transformation-du-bois\/","name":"Kehl Accident du travail : explosion mortelle dans une usine de transformation du bois - ACCIDENTDUTRAVAIL-IDF","isPartOf":{"@id":"https:\/\/www.accidentdutravail-idf.net\/blog\/#website"},"primaryImageOfPage":{"@id":"https:\/\/www.accidentdutravail-idf.net\/blog\/kehl-accident-du-travail-explosion-mortelle-dans-une-usine-de-transformation-du-bois\/#primaryimage"},"image":{"@id":"https:\/\/www.accidentdutravail-idf.net\/blog\/kehl-accident-du-travail-explosion-mortelle-dans-une-usine-de-transformation-du-bois\/#primaryimage"},"thumbnailUrl":"https:\/\/www.accidentdutravail-idf.net\/blog\/wp-content\/uploads\/2025\/07\/kehl-accident-du-travail-explosion-mortelle-dans-une-usine-de-transformation-du-bois.jpg","datePublished":"2025-07-30T07:19:00+00:00","description":"Kehl Accident du travail : explosion mortelle dans une usine de transformation du bois article de ACCIDENTDUTRAVAIL-IDF","breadcrumb":{"@id":"https:\/\/www.accidentdutravail-idf.net\/blog\/kehl-accident-du-travail-explosion-mortelle-dans-une-usine-de-transformation-du-bois\/#breadcrumb"},"inLanguage":"fr-FR","potentialAction":[{"@type":"ReadAction","target":["https:\/\/www.accidentdutravail-idf.net\/blog\/kehl-accident-du-travail-explosion-mortelle-dans-une-usine-de-transformation-du-bois\/"]}]},{"@type":"ImageObject","inLanguage":"fr-FR","@id":"https:\/\/www.accidentdutravail-idf.net\/blog\/kehl-accident-du-travail-explosion-mortelle-dans-une-usine-de-transformation-du-bois\/#primaryimage","url":"https:\/\/www.accidentdutravail-idf.net\/blog\/wp-content\/uploads\/2025\/07\/kehl-accident-du-travail-explosion-mortelle-dans-une-usine-de-transformation-du-bois.jpg","contentUrl":"https:\/\/www.accidentdutravail-idf.net\/blog\/wp-content\/uploads\/2025\/07\/kehl-accident-du-travail-explosion-mortelle-dans-une-usine-de-transformation-du-bois.jpg"},{"@type":"BreadcrumbList","@id":"https:\/\/www.accidentdutravail-idf.net\/blog\/kehl-accident-du-travail-explosion-mortelle-dans-une-usine-de-transformation-du-bois\/#breadcrumb","itemListElement":[{"@type":"ListItem","position":1,"name":"Accueil","item":"https:\/\/www.accidentdutravail-idf.net\/blog\/"},{"@type":"ListItem","position":2,"name":"Kehl Accident du travail : explosion mortelle dans une usine de transformation du bois"}]},{"@type":"WebSite","@id":"https:\/\/www.accidentdutravail-idf.net\/blog\/#website","url":"https:\/\/www.accidentdutravail-idf.net\/blog\/","name":"ACCIDENTDUTRAVAIL-IDF","description":"Portail accidents du travail-maladies professionnelles des entreprises d&#039;Ile-de-France","publisher":{"@id":"https:\/\/www.accidentdutravail-idf.net\/blog\/#organization"},"potentialAction":[{"@type":"SearchAction","target":{"@type":"EntryPoint","urlTemplate":"https:\/\/www.accidentdutravail-idf.net\/blog\/?s={search_term_string}"},"query-input":{"@type":"PropertyValueSpecification","valueRequired":true,"valueName":"search_term_string"}}],"inLanguage":"fr-FR"},{"@type":"Organization","@id":"https:\/\/www.accidentdutravail-idf.net\/blog\/#organization","name":"accidentdutravail-idf","url":"https:\/\/www.accidentdutravail-idf.net\/blog\/","logo":{"@type":"ImageObject","inLanguage":"fr-FR","@id":"https:\/\/www.accidentdutravail-idf.net\/blog\/#\/schema\/logo\/image\/","url":"https:\/\/www.accidentdutravail-idf.net\/blog\/wp-content\/uploads\/2022\/09\/logo-2.png","contentUrl":"https:\/\/www.accidentdutravail-idf.net\/blog\/wp-content\/uploads\/2022\/09\/logo-2.png","width":380,"height":291,"caption":"accidentdutravail-idf"},"image":{"@id":"https:\/\/www.accidentdutravail-idf.net\/blog\/#\/schema\/logo\/image\/"}},{"@type":"Person","@id":"https:\/\/www.accidentdutravail-idf.net\/blog\/#\/schema\/person\/3255d2f970de45e64bd9201f38e7b947","name":"Carlos Poulain","image":{"@type":"ImageObject","inLanguage":"fr-FR","@id":"https:\/\/secure.gravatar.com\/avatar\/b1c2f9d3588e34e91adb093635df64ef4b2381991216be7576466cfcdca4baf3?s=96&d=mm&r=g","url":"https:\/\/secure.gravatar.com\/avatar\/b1c2f9d3588e34e91adb093635df64ef4b2381991216be7576466cfcdca4baf3?s=96&d=mm&r=g","contentUrl":"https:\/\/secure.gravatar.com\/avatar\/b1c2f9d3588e34e91adb093635df64ef4b2381991216be7576466cfcdca4baf3?s=96&d=mm&r=g","caption":"Carlos Poulain"},"url":"https:\/\/www.accidentdutravail-idf.net\/blog\/author\/idfcarlos\/"}]}},"_links":{"self":[{"href":"https:\/\/www.accidentdutravail-idf.net\/blog\/wp-json\/wp\/v2\/posts\/1632","targetHints":{"allow":["GET"]}}],"collection":[{"href":"https:\/\/www.accidentdutravail-idf.net\/blog\/wp-json\/wp\/v2\/posts"}],"about":[{"href":"https:\/\/www.accidentdutravail-idf.net\/blog\/wp-json\/wp\/v2\/types\/post"}],"author":[{"embeddable":true,"href":"https:\/\/www.accidentdutravail-idf.net\/blog\/wp-json\/wp\/v2\/users\/2"}],"replies":[{"embeddable":true,"href":"https:\/\/www.accidentdutravail-idf.net\/blog\/wp-json\/wp\/v2\/comments?post=1632"}],"version-history":[{"count":0,"href":"https:\/\/www.accidentdutravail-idf.net\/blog\/wp-json\/wp\/v2\/posts\/1632\/revisions"}],"wp:attachment":[{"href":"https:\/\/www.accidentdutravail-idf.net\/blog\/wp-json\/wp\/v2\/media?parent=1632"}],"wp:term":[{"taxonomy":"category","embeddable":true,"href":"https:\/\/www.accidentdutravail-idf.net\/blog\/wp-json\/wp\/v2\/categories?post=1632"},{"taxonomy":"post_tag","embeddable":true,"href":"https:\/\/www.accidentdutravail-idf.net\/blog\/wp-json\/wp\/v2\/tags?post=1632"}],"curies":[{"name":"wp","href":"https:\/\/api.w.org\/{rel}","templated":true}]}}