{"id":1629,"date":"2025-07-29T14:52:00","date_gmt":"2025-07-29T12:52:00","guid":{"rendered":"https:\/\/www.accidentdutravail-idf.net\/blog\/accident-du-travail-un-homme-blesse-apres-une-chute-de-5-m-du-haut-dun-toit-a-sorgues-sur-le-site-eurenco\/"},"modified":"2025-07-29T14:52:00","modified_gmt":"2025-07-29T12:52:00","slug":"accident-du-travail-un-homme-blesse-apres-une-chute-de-5-m-du-haut-dun-toit-a-sorgues-sur-le-site-eurenco","status":"publish","type":"post","link":"https:\/\/www.accidentdutravail-idf.net\/blog\/accident-du-travail-un-homme-blesse-apres-une-chute-de-5-m-du-haut-dun-toit-a-sorgues-sur-le-site-eurenco\/","title":{"rendered":"Accident du travail : un homme bless\u00e9 apr\u00e8s une chute de 5 m du haut d\u2019un toit \u00e0 Sorgues, sur le site Eurenco"},"content":{"rendered":"<div><img decoding=\"async\" src=\"https:\/\/www.accidentdutravail-idf.net\/blog\/wp-content\/uploads\/2025\/07\/accident-du-travail-un-homme-blesse-apres-une-chute-de-5-m-du-haut-dun-toit-a-sorgues-sur-le-site-eurenco.jpg\" class=\"ff-og-image-inserted\"><\/div>\n<div>\n<p>Les circonstances de cet <a href=\"https:\/\/www.laprovence.com\/article\/faits-divers-justice\/1255870203351615\/accident-du-travail-un-jeune-homme-de-19-ans-gravement-blesse-enseveli-sous-de-lenrobe-chaud-a-200-degres\" target=\"_blank\" rel=\"nofollow\">accident du travail<\/a> restent \u00e0 \u00e9claircir. Mardi 29 juillet 2025, vers 12 h 45, un homme de 45 ans a chut\u00e9 de plusieurs du haut d\u2019un toit, cinq m\u00e8tres pr\u00e9cis\u00e9ment, sur le site de l\u2019<a href=\"https:\/\/www.laprovence.com\/article\/faits-divers-justice\/2253936150374714\/fuite-dacide-nitrique-devant-lusine-dexplosifs-eurenco-a-sorgues-la-d907-coupee-des-salaries-confines\" target=\"_blank\" rel=\"nofollow\">usine Eurenco<\/a>, \u00e0 Sorgues.<\/p>\n<p>S\u00e9rieusement bless\u00e9, il a \u00e9t\u00e9 pris en charge par les pompiers et transport\u00e9, conscient, vers le centre hospitalier d\u2019Avignon.&nbsp;Selon nos informations, la victime souffrirait a minima d\u2019une fracture du p\u00e9ron\u00e9, mais ses jours ne sont pas en danger.&nbsp;La brigade de gendarmerie de Sorgues a \u00e9t\u00e9 engag\u00e9e.<\/p>\n<\/div>\n<div>\n<p>Plus t\u00f4t dans la journ\u00e9e, mardi 29&nbsp;juillet, un second accident du travail s\u2019est produit <a href=\"https:\/\/www.laprovence.com\/article\/faits-divers-justice\/66288635555661\/un-homme-de-36-ans-gravement-blesse-apres-avoir-chute-d-un-echafaudage-dans-le-vaucluse\" target=\"_blank\" rel=\"nofollow\">sur un chantier de La Roque-Alric<\/a>, en Vaucluse.&nbsp;Un homme de 36&nbsp;ans perch\u00e9 sur un \u00e9chafaudage est tomb\u00e9 de plusieurs m\u00e8tres sur un parapet avant de finir sa chute en contrebas, il a \u00e9t\u00e9 h\u00e9liport\u00e9 dans un \u00e9tat grave vers l\u2019h\u00f4pital nord de Marseille.<\/p>\n<\/div>\n<p>accidentdutravail-idf.net vous a pr\u00e9par\u00e9 ce post qui informe du sujet \u00ab\u00a0Association Sportive Huisson-Longueville Essonne\u00a0\u00bb. La chronique se veut g\u00e9n\u00e9r\u00e9e du mieux possible. Vous pouvez utiliser les coordonn\u00e9es indiqu\u00e9es sur le site dans le but d\u2019apporter des explications sur ce post qui parle du th\u00e8me \u00ab\u00a0Association Sportive Huisson-Longueville Essonne\u00a0\u00bb. Le site accidentdutravail-idf.net a pour but de fournir diverses publications sur la th\u00e9matique Association Sportive Huisson-Longueville Essonne diffus\u00e9es sur le net. Il y aura plusieurs articles autour du sujet \u00ab\u00a0Association Sportive Huisson-Longueville Essonne\u00a0\u00bb dans quelques jours, nous vous invitons \u00e0 naviguer sur notre site web \u00e0 plusieurs reprises.<\/p>\n","protected":false},"excerpt":{"rendered":"<p>Les circonstances de cet accident du travail restent \u00e0 \u00e9claircir. Mardi 29 juillet 2025, vers 12 h 45, un homme de 45 ans a chut\u00e9 de plusieurs du haut d\u2019un toit, cinq m\u00e8tres pr\u00e9cis\u00e9ment, sur le site de l\u2019usine Eurenco, \u00e0 Sorgues. S\u00e9rieusement bless\u00e9, il a \u00e9t\u00e9 pris en charge par les pompiers et transport\u00e9, &hellip; <\/p>\n<p class=\"link-more\"><a href=\"https:\/\/www.accidentdutravail-idf.net\/blog\/accident-du-travail-un-homme-blesse-apres-une-chute-de-5-m-du-haut-dun-toit-a-sorgues-sur-le-site-eurenco\/\" class=\"more-link\">Continuer la lecture <span class=\"screen-reader-text\"> \u00ab\u00a0Accident du travail : un homme bless\u00e9 apr\u00e8s une chute de 5 m du haut d\u2019un toit \u00e0 Sorgues, sur le site Eurenco\u00a0\u00bb<\/span><\/a><\/p>\n","protected":false},"author":2,"featured_media":0,"comment_status":"closed","ping_status":"closed","sticky":false,"template":"","format":"standard","meta":{"footnotes":""},"categories":[5],"tags":[],"class_list":["post-1629","post","type-post","status-publish","format-standard","hentry","category-securite-du-travail-en-ile-de-france-et-divers","entry"],"yoast_head":"<!-- This site is optimized with the Yoast SEO plugin v27.5 - https:\/\/yoast.com\/product\/yoast-seo-wordpress\/ -->\n<title>Accident du travail : un homme bless\u00e9 apr\u00e8s une chute de 5 m du haut d\u2019un toit \u00e0 Sorgues, sur le site Eurenco - ACCIDENTDUTRAVAIL-IDF<\/title>\n<meta name=\"description\" content=\"Accident du travail : un homme bless\u00e9 apr\u00e8s une chute de 5 m du haut d\u2019un toit \u00e0 Sorgues, sur le site Eurenco article de ACCIDENTDUTRAVAIL-IDF\" \/>\n<meta name=\"robots\" content=\"index, follow, max-snippet:-1, max-image-preview:large, max-video-preview:-1\" \/>\n<link rel=\"canonical\" href=\"https:\/\/www.accidentdutravail-idf.net\/blog\/accident-du-travail-un-homme-blesse-apres-une-chute-de-5-m-du-haut-dun-toit-a-sorgues-sur-le-site-eurenco\/\" \/>\n<meta property=\"og:locale\" content=\"fr_FR\" \/>\n<meta property=\"og:type\" content=\"article\" \/>\n<meta property=\"og:title\" content=\"Accident du travail : un homme bless\u00e9 apr\u00e8s une chute de 5 m du haut d\u2019un toit \u00e0 Sorgues, sur le site Eurenco - ACCIDENTDUTRAVAIL-IDF\" \/>\n<meta property=\"og:description\" content=\"Accident du travail : un homme bless\u00e9 apr\u00e8s une chute de 5 m du haut d\u2019un toit \u00e0 Sorgues, sur le site Eurenco article de ACCIDENTDUTRAVAIL-IDF\" \/>\n<meta property=\"og:url\" content=\"https:\/\/www.accidentdutravail-idf.net\/blog\/accident-du-travail-un-homme-blesse-apres-une-chute-de-5-m-du-haut-dun-toit-a-sorgues-sur-le-site-eurenco\/\" \/>\n<meta property=\"og:site_name\" content=\"ACCIDENTDUTRAVAIL-IDF\" \/>\n<meta property=\"article:published_time\" content=\"2025-07-29T12:52:00+00:00\" \/>\n<meta property=\"og:image\" content=\"https:\/\/www.accidentdutravail-idf.net\/blog\/wp-content\/uploads\/2025\/07\/accident-du-travail-un-homme-blesse-apres-une-chute-de-5-m-du-haut-dun-toit-a-sorgues-sur-le-site-eurenco.jpg\" \/>\n<meta name=\"author\" content=\"Carlos Poulain\" \/>\n<meta name=\"twitter:card\" content=\"summary_large_image\" \/>\n<meta name=\"twitter:label1\" content=\"\u00c9crit par\" \/>\n\t<meta name=\"twitter:data1\" content=\"Carlos Poulain\" \/>\n\t<meta name=\"twitter:label2\" content=\"Dur\u00e9e de lecture estim\u00e9e\" \/>\n\t<meta name=\"twitter:data2\" content=\"1 minute\" \/>\n<script type=\"application\/ld+json\" class=\"yoast-schema-graph\">{\"@context\":\"https:\\\/\\\/schema.org\",\"@graph\":[{\"@type\":\"Article\",\"@id\":\"https:\\\/\\\/www.accidentdutravail-idf.net\\\/blog\\\/accident-du-travail-un-homme-blesse-apres-une-chute-de-5-m-du-haut-dun-toit-a-sorgues-sur-le-site-eurenco\\\/#article\",\"isPartOf\":{\"@id\":\"https:\\\/\\\/www.accidentdutravail-idf.net\\\/blog\\\/accident-du-travail-un-homme-blesse-apres-une-chute-de-5-m-du-haut-dun-toit-a-sorgues-sur-le-site-eurenco\\\/\"},\"author\":{\"name\":\"Carlos Poulain\",\"@id\":\"https:\\\/\\\/www.accidentdutravail-idf.net\\\/blog\\\/#\\\/schema\\\/person\\\/3255d2f970de45e64bd9201f38e7b947\"},\"headline\":\"Accident du travail : un homme bless\u00e9 apr\u00e8s une chute de 5 m du haut d\u2019un toit \u00e0 Sorgues, sur le site Eurenco\",\"datePublished\":\"2025-07-29T12:52:00+00:00\",\"mainEntityOfPage\":{\"@id\":\"https:\\\/\\\/www.accidentdutravail-idf.net\\\/blog\\\/accident-du-travail-un-homme-blesse-apres-une-chute-de-5-m-du-haut-dun-toit-a-sorgues-sur-le-site-eurenco\\\/\"},\"wordCount\":291,\"publisher\":{\"@id\":\"https:\\\/\\\/www.accidentdutravail-idf.net\\\/blog\\\/#organization\"},\"image\":{\"@id\":\"https:\\\/\\\/www.accidentdutravail-idf.net\\\/blog\\\/accident-du-travail-un-homme-blesse-apres-une-chute-de-5-m-du-haut-dun-toit-a-sorgues-sur-le-site-eurenco\\\/#primaryimage\"},\"thumbnailUrl\":\"https:\\\/\\\/www.accidentdutravail-idf.net\\\/blog\\\/wp-content\\\/uploads\\\/2025\\\/07\\\/accident-du-travail-un-homme-blesse-apres-une-chute-de-5-m-du-haut-dun-toit-a-sorgues-sur-le-site-eurenco.jpg\",\"articleSection\":[\"S\u00e9curit\u00e9 Du Travail En Ile-De-France Et Divers:\"],\"inLanguage\":\"fr-FR\"},{\"@type\":\"WebPage\",\"@id\":\"https:\\\/\\\/www.accidentdutravail-idf.net\\\/blog\\\/accident-du-travail-un-homme-blesse-apres-une-chute-de-5-m-du-haut-dun-toit-a-sorgues-sur-le-site-eurenco\\\/\",\"url\":\"https:\\\/\\\/www.accidentdutravail-idf.net\\\/blog\\\/accident-du-travail-un-homme-blesse-apres-une-chute-de-5-m-du-haut-dun-toit-a-sorgues-sur-le-site-eurenco\\\/\",\"name\":\"Accident du travail : un homme bless\u00e9 apr\u00e8s une chute de 5 m du haut d\u2019un toit \u00e0 Sorgues, sur le site Eurenco - ACCIDENTDUTRAVAIL-IDF\",\"isPartOf\":{\"@id\":\"https:\\\/\\\/www.accidentdutravail-idf.net\\\/blog\\\/#website\"},\"primaryImageOfPage\":{\"@id\":\"https:\\\/\\\/www.accidentdutravail-idf.net\\\/blog\\\/accident-du-travail-un-homme-blesse-apres-une-chute-de-5-m-du-haut-dun-toit-a-sorgues-sur-le-site-eurenco\\\/#primaryimage\"},\"image\":{\"@id\":\"https:\\\/\\\/www.accidentdutravail-idf.net\\\/blog\\\/accident-du-travail-un-homme-blesse-apres-une-chute-de-5-m-du-haut-dun-toit-a-sorgues-sur-le-site-eurenco\\\/#primaryimage\"},\"thumbnailUrl\":\"https:\\\/\\\/www.accidentdutravail-idf.net\\\/blog\\\/wp-content\\\/uploads\\\/2025\\\/07\\\/accident-du-travail-un-homme-blesse-apres-une-chute-de-5-m-du-haut-dun-toit-a-sorgues-sur-le-site-eurenco.jpg\",\"datePublished\":\"2025-07-29T12:52:00+00:00\",\"description\":\"Accident du travail : un homme bless\u00e9 apr\u00e8s une chute de 5 m du haut d\u2019un toit \u00e0 Sorgues, sur le site Eurenco article de ACCIDENTDUTRAVAIL-IDF\",\"breadcrumb\":{\"@id\":\"https:\\\/\\\/www.accidentdutravail-idf.net\\\/blog\\\/accident-du-travail-un-homme-blesse-apres-une-chute-de-5-m-du-haut-dun-toit-a-sorgues-sur-le-site-eurenco\\\/#breadcrumb\"},\"inLanguage\":\"fr-FR\",\"potentialAction\":[{\"@type\":\"ReadAction\",\"target\":[\"https:\\\/\\\/www.accidentdutravail-idf.net\\\/blog\\\/accident-du-travail-un-homme-blesse-apres-une-chute-de-5-m-du-haut-dun-toit-a-sorgues-sur-le-site-eurenco\\\/\"]}]},{\"@type\":\"ImageObject\",\"inLanguage\":\"fr-FR\",\"@id\":\"https:\\\/\\\/www.accidentdutravail-idf.net\\\/blog\\\/accident-du-travail-un-homme-blesse-apres-une-chute-de-5-m-du-haut-dun-toit-a-sorgues-sur-le-site-eurenco\\\/#primaryimage\",\"url\":\"https:\\\/\\\/www.accidentdutravail-idf.net\\\/blog\\\/wp-content\\\/uploads\\\/2025\\\/07\\\/accident-du-travail-un-homme-blesse-apres-une-chute-de-5-m-du-haut-dun-toit-a-sorgues-sur-le-site-eurenco.jpg\",\"contentUrl\":\"https:\\\/\\\/www.accidentdutravail-idf.net\\\/blog\\\/wp-content\\\/uploads\\\/2025\\\/07\\\/accident-du-travail-un-homme-blesse-apres-une-chute-de-5-m-du-haut-dun-toit-a-sorgues-sur-le-site-eurenco.jpg\"},{\"@type\":\"BreadcrumbList\",\"@id\":\"https:\\\/\\\/www.accidentdutravail-idf.net\\\/blog\\\/accident-du-travail-un-homme-blesse-apres-une-chute-de-5-m-du-haut-dun-toit-a-sorgues-sur-le-site-eurenco\\\/#breadcrumb\",\"itemListElement\":[{\"@type\":\"ListItem\",\"position\":1,\"name\":\"Accueil\",\"item\":\"https:\\\/\\\/www.accidentdutravail-idf.net\\\/blog\\\/\"},{\"@type\":\"ListItem\",\"position\":2,\"name\":\"Accident du travail : un homme bless\u00e9 apr\u00e8s une chute de 5 m du haut d\u2019un toit \u00e0 Sorgues, sur le site Eurenco\"}]},{\"@type\":\"WebSite\",\"@id\":\"https:\\\/\\\/www.accidentdutravail-idf.net\\\/blog\\\/#website\",\"url\":\"https:\\\/\\\/www.accidentdutravail-idf.net\\\/blog\\\/\",\"name\":\"ACCIDENTDUTRAVAIL-IDF\",\"description\":\"Portail accidents du travail-maladies professionnelles des entreprises d&#039;Ile-de-France\",\"publisher\":{\"@id\":\"https:\\\/\\\/www.accidentdutravail-idf.net\\\/blog\\\/#organization\"},\"potentialAction\":[{\"@type\":\"SearchAction\",\"target\":{\"@type\":\"EntryPoint\",\"urlTemplate\":\"https:\\\/\\\/www.accidentdutravail-idf.net\\\/blog\\\/?s={search_term_string}\"},\"query-input\":{\"@type\":\"PropertyValueSpecification\",\"valueRequired\":true,\"valueName\":\"search_term_string\"}}],\"inLanguage\":\"fr-FR\"},{\"@type\":\"Organization\",\"@id\":\"https:\\\/\\\/www.accidentdutravail-idf.net\\\/blog\\\/#organization\",\"name\":\"accidentdutravail-idf\",\"url\":\"https:\\\/\\\/www.accidentdutravail-idf.net\\\/blog\\\/\",\"logo\":{\"@type\":\"ImageObject\",\"inLanguage\":\"fr-FR\",\"@id\":\"https:\\\/\\\/www.accidentdutravail-idf.net\\\/blog\\\/#\\\/schema\\\/logo\\\/image\\\/\",\"url\":\"https:\\\/\\\/www.accidentdutravail-idf.net\\\/blog\\\/wp-content\\\/uploads\\\/2022\\\/09\\\/logo-2.png\",\"contentUrl\":\"https:\\\/\\\/www.accidentdutravail-idf.net\\\/blog\\\/wp-content\\\/uploads\\\/2022\\\/09\\\/logo-2.png\",\"width\":380,\"height\":291,\"caption\":\"accidentdutravail-idf\"},\"image\":{\"@id\":\"https:\\\/\\\/www.accidentdutravail-idf.net\\\/blog\\\/#\\\/schema\\\/logo\\\/image\\\/\"}},{\"@type\":\"Person\",\"@id\":\"https:\\\/\\\/www.accidentdutravail-idf.net\\\/blog\\\/#\\\/schema\\\/person\\\/3255d2f970de45e64bd9201f38e7b947\",\"name\":\"Carlos Poulain\",\"image\":{\"@type\":\"ImageObject\",\"inLanguage\":\"fr-FR\",\"@id\":\"https:\\\/\\\/secure.gravatar.com\\\/avatar\\\/b1c2f9d3588e34e91adb093635df64ef4b2381991216be7576466cfcdca4baf3?s=96&d=mm&r=g\",\"url\":\"https:\\\/\\\/secure.gravatar.com\\\/avatar\\\/b1c2f9d3588e34e91adb093635df64ef4b2381991216be7576466cfcdca4baf3?s=96&d=mm&r=g\",\"contentUrl\":\"https:\\\/\\\/secure.gravatar.com\\\/avatar\\\/b1c2f9d3588e34e91adb093635df64ef4b2381991216be7576466cfcdca4baf3?s=96&d=mm&r=g\",\"caption\":\"Carlos Poulain\"},\"url\":\"https:\\\/\\\/www.accidentdutravail-idf.net\\\/blog\\\/author\\\/idfcarlos\\\/\"}]}<\/script>\n<!-- \/ Yoast SEO plugin. -->","yoast_head_json":{"title":"Accident du travail : un homme bless\u00e9 apr\u00e8s une chute de 5 m du haut d\u2019un toit \u00e0 Sorgues, sur le site Eurenco - ACCIDENTDUTRAVAIL-IDF","description":"Accident du travail : un homme bless\u00e9 apr\u00e8s une chute de 5 m du haut d\u2019un toit \u00e0 Sorgues, sur le site Eurenco article de ACCIDENTDUTRAVAIL-IDF","robots":{"index":"index","follow":"follow","max-snippet":"max-snippet:-1","max-image-preview":"max-image-preview:large","max-video-preview":"max-video-preview:-1"},"canonical":"https:\/\/www.accidentdutravail-idf.net\/blog\/accident-du-travail-un-homme-blesse-apres-une-chute-de-5-m-du-haut-dun-toit-a-sorgues-sur-le-site-eurenco\/","og_locale":"fr_FR","og_type":"article","og_title":"Accident du travail : un homme bless\u00e9 apr\u00e8s une chute de 5 m du haut d\u2019un toit \u00e0 Sorgues, sur le site Eurenco - ACCIDENTDUTRAVAIL-IDF","og_description":"Accident du travail : un homme bless\u00e9 apr\u00e8s une chute de 5 m du haut d\u2019un toit \u00e0 Sorgues, sur le site Eurenco article de ACCIDENTDUTRAVAIL-IDF","og_url":"https:\/\/www.accidentdutravail-idf.net\/blog\/accident-du-travail-un-homme-blesse-apres-une-chute-de-5-m-du-haut-dun-toit-a-sorgues-sur-le-site-eurenco\/","og_site_name":"ACCIDENTDUTRAVAIL-IDF","article_published_time":"2025-07-29T12:52:00+00:00","og_image":[{"url":"https:\/\/www.accidentdutravail-idf.net\/blog\/wp-content\/uploads\/2025\/07\/accident-du-travail-un-homme-blesse-apres-une-chute-de-5-m-du-haut-dun-toit-a-sorgues-sur-le-site-eurenco.jpg","type":"","width":"","height":""}],"author":"Carlos Poulain","twitter_card":"summary_large_image","twitter_misc":{"\u00c9crit par":"Carlos Poulain","Dur\u00e9e de lecture estim\u00e9e":"1 minute"},"schema":{"@context":"https:\/\/schema.org","@graph":[{"@type":"Article","@id":"https:\/\/www.accidentdutravail-idf.net\/blog\/accident-du-travail-un-homme-blesse-apres-une-chute-de-5-m-du-haut-dun-toit-a-sorgues-sur-le-site-eurenco\/#article","isPartOf":{"@id":"https:\/\/www.accidentdutravail-idf.net\/blog\/accident-du-travail-un-homme-blesse-apres-une-chute-de-5-m-du-haut-dun-toit-a-sorgues-sur-le-site-eurenco\/"},"author":{"name":"Carlos Poulain","@id":"https:\/\/www.accidentdutravail-idf.net\/blog\/#\/schema\/person\/3255d2f970de45e64bd9201f38e7b947"},"headline":"Accident du travail : un homme bless\u00e9 apr\u00e8s une chute de 5 m du haut d\u2019un toit \u00e0 Sorgues, sur le site Eurenco","datePublished":"2025-07-29T12:52:00+00:00","mainEntityOfPage":{"@id":"https:\/\/www.accidentdutravail-idf.net\/blog\/accident-du-travail-un-homme-blesse-apres-une-chute-de-5-m-du-haut-dun-toit-a-sorgues-sur-le-site-eurenco\/"},"wordCount":291,"publisher":{"@id":"https:\/\/www.accidentdutravail-idf.net\/blog\/#organization"},"image":{"@id":"https:\/\/www.accidentdutravail-idf.net\/blog\/accident-du-travail-un-homme-blesse-apres-une-chute-de-5-m-du-haut-dun-toit-a-sorgues-sur-le-site-eurenco\/#primaryimage"},"thumbnailUrl":"https:\/\/www.accidentdutravail-idf.net\/blog\/wp-content\/uploads\/2025\/07\/accident-du-travail-un-homme-blesse-apres-une-chute-de-5-m-du-haut-dun-toit-a-sorgues-sur-le-site-eurenco.jpg","articleSection":["S\u00e9curit\u00e9 Du Travail En Ile-De-France Et Divers:"],"inLanguage":"fr-FR"},{"@type":"WebPage","@id":"https:\/\/www.accidentdutravail-idf.net\/blog\/accident-du-travail-un-homme-blesse-apres-une-chute-de-5-m-du-haut-dun-toit-a-sorgues-sur-le-site-eurenco\/","url":"https:\/\/www.accidentdutravail-idf.net\/blog\/accident-du-travail-un-homme-blesse-apres-une-chute-de-5-m-du-haut-dun-toit-a-sorgues-sur-le-site-eurenco\/","name":"Accident du travail : un homme bless\u00e9 apr\u00e8s une chute de 5 m du haut d\u2019un toit \u00e0 Sorgues, sur le site Eurenco - ACCIDENTDUTRAVAIL-IDF","isPartOf":{"@id":"https:\/\/www.accidentdutravail-idf.net\/blog\/#website"},"primaryImageOfPage":{"@id":"https:\/\/www.accidentdutravail-idf.net\/blog\/accident-du-travail-un-homme-blesse-apres-une-chute-de-5-m-du-haut-dun-toit-a-sorgues-sur-le-site-eurenco\/#primaryimage"},"image":{"@id":"https:\/\/www.accidentdutravail-idf.net\/blog\/accident-du-travail-un-homme-blesse-apres-une-chute-de-5-m-du-haut-dun-toit-a-sorgues-sur-le-site-eurenco\/#primaryimage"},"thumbnailUrl":"https:\/\/www.accidentdutravail-idf.net\/blog\/wp-content\/uploads\/2025\/07\/accident-du-travail-un-homme-blesse-apres-une-chute-de-5-m-du-haut-dun-toit-a-sorgues-sur-le-site-eurenco.jpg","datePublished":"2025-07-29T12:52:00+00:00","description":"Accident du travail : un homme bless\u00e9 apr\u00e8s une chute de 5 m du haut d\u2019un toit \u00e0 Sorgues, sur le site Eurenco article de ACCIDENTDUTRAVAIL-IDF","breadcrumb":{"@id":"https:\/\/www.accidentdutravail-idf.net\/blog\/accident-du-travail-un-homme-blesse-apres-une-chute-de-5-m-du-haut-dun-toit-a-sorgues-sur-le-site-eurenco\/#breadcrumb"},"inLanguage":"fr-FR","potentialAction":[{"@type":"ReadAction","target":["https:\/\/www.accidentdutravail-idf.net\/blog\/accident-du-travail-un-homme-blesse-apres-une-chute-de-5-m-du-haut-dun-toit-a-sorgues-sur-le-site-eurenco\/"]}]},{"@type":"ImageObject","inLanguage":"fr-FR","@id":"https:\/\/www.accidentdutravail-idf.net\/blog\/accident-du-travail-un-homme-blesse-apres-une-chute-de-5-m-du-haut-dun-toit-a-sorgues-sur-le-site-eurenco\/#primaryimage","url":"https:\/\/www.accidentdutravail-idf.net\/blog\/wp-content\/uploads\/2025\/07\/accident-du-travail-un-homme-blesse-apres-une-chute-de-5-m-du-haut-dun-toit-a-sorgues-sur-le-site-eurenco.jpg","contentUrl":"https:\/\/www.accidentdutravail-idf.net\/blog\/wp-content\/uploads\/2025\/07\/accident-du-travail-un-homme-blesse-apres-une-chute-de-5-m-du-haut-dun-toit-a-sorgues-sur-le-site-eurenco.jpg"},{"@type":"BreadcrumbList","@id":"https:\/\/www.accidentdutravail-idf.net\/blog\/accident-du-travail-un-homme-blesse-apres-une-chute-de-5-m-du-haut-dun-toit-a-sorgues-sur-le-site-eurenco\/#breadcrumb","itemListElement":[{"@type":"ListItem","position":1,"name":"Accueil","item":"https:\/\/www.accidentdutravail-idf.net\/blog\/"},{"@type":"ListItem","position":2,"name":"Accident du travail : un homme bless\u00e9 apr\u00e8s une chute de 5 m du haut d\u2019un toit \u00e0 Sorgues, sur le site Eurenco"}]},{"@type":"WebSite","@id":"https:\/\/www.accidentdutravail-idf.net\/blog\/#website","url":"https:\/\/www.accidentdutravail-idf.net\/blog\/","name":"ACCIDENTDUTRAVAIL-IDF","description":"Portail accidents du travail-maladies professionnelles des entreprises d&#039;Ile-de-France","publisher":{"@id":"https:\/\/www.accidentdutravail-idf.net\/blog\/#organization"},"potentialAction":[{"@type":"SearchAction","target":{"@type":"EntryPoint","urlTemplate":"https:\/\/www.accidentdutravail-idf.net\/blog\/?s={search_term_string}"},"query-input":{"@type":"PropertyValueSpecification","valueRequired":true,"valueName":"search_term_string"}}],"inLanguage":"fr-FR"},{"@type":"Organization","@id":"https:\/\/www.accidentdutravail-idf.net\/blog\/#organization","name":"accidentdutravail-idf","url":"https:\/\/www.accidentdutravail-idf.net\/blog\/","logo":{"@type":"ImageObject","inLanguage":"fr-FR","@id":"https:\/\/www.accidentdutravail-idf.net\/blog\/#\/schema\/logo\/image\/","url":"https:\/\/www.accidentdutravail-idf.net\/blog\/wp-content\/uploads\/2022\/09\/logo-2.png","contentUrl":"https:\/\/www.accidentdutravail-idf.net\/blog\/wp-content\/uploads\/2022\/09\/logo-2.png","width":380,"height":291,"caption":"accidentdutravail-idf"},"image":{"@id":"https:\/\/www.accidentdutravail-idf.net\/blog\/#\/schema\/logo\/image\/"}},{"@type":"Person","@id":"https:\/\/www.accidentdutravail-idf.net\/blog\/#\/schema\/person\/3255d2f970de45e64bd9201f38e7b947","name":"Carlos Poulain","image":{"@type":"ImageObject","inLanguage":"fr-FR","@id":"https:\/\/secure.gravatar.com\/avatar\/b1c2f9d3588e34e91adb093635df64ef4b2381991216be7576466cfcdca4baf3?s=96&d=mm&r=g","url":"https:\/\/secure.gravatar.com\/avatar\/b1c2f9d3588e34e91adb093635df64ef4b2381991216be7576466cfcdca4baf3?s=96&d=mm&r=g","contentUrl":"https:\/\/secure.gravatar.com\/avatar\/b1c2f9d3588e34e91adb093635df64ef4b2381991216be7576466cfcdca4baf3?s=96&d=mm&r=g","caption":"Carlos Poulain"},"url":"https:\/\/www.accidentdutravail-idf.net\/blog\/author\/idfcarlos\/"}]}},"_links":{"self":[{"href":"https:\/\/www.accidentdutravail-idf.net\/blog\/wp-json\/wp\/v2\/posts\/1629","targetHints":{"allow":["GET"]}}],"collection":[{"href":"https:\/\/www.accidentdutravail-idf.net\/blog\/wp-json\/wp\/v2\/posts"}],"about":[{"href":"https:\/\/www.accidentdutravail-idf.net\/blog\/wp-json\/wp\/v2\/types\/post"}],"author":[{"embeddable":true,"href":"https:\/\/www.accidentdutravail-idf.net\/blog\/wp-json\/wp\/v2\/users\/2"}],"replies":[{"embeddable":true,"href":"https:\/\/www.accidentdutravail-idf.net\/blog\/wp-json\/wp\/v2\/comments?post=1629"}],"version-history":[{"count":0,"href":"https:\/\/www.accidentdutravail-idf.net\/blog\/wp-json\/wp\/v2\/posts\/1629\/revisions"}],"wp:attachment":[{"href":"https:\/\/www.accidentdutravail-idf.net\/blog\/wp-json\/wp\/v2\/media?parent=1629"}],"wp:term":[{"taxonomy":"category","embeddable":true,"href":"https:\/\/www.accidentdutravail-idf.net\/blog\/wp-json\/wp\/v2\/categories?post=1629"},{"taxonomy":"post_tag","embeddable":true,"href":"https:\/\/www.accidentdutravail-idf.net\/blog\/wp-json\/wp\/v2\/tags?post=1629"}],"curies":[{"name":"wp","href":"https:\/\/api.w.org\/{rel}","templated":true}]}}