{"id":1624,"date":"2025-07-29T00:01:00","date_gmt":"2025-07-28T22:01:00","guid":{"rendered":"https:\/\/www.accidentdutravail-idf.net\/blog\/charente-maritime-a-chatelaillon-le-chantier-qui-a-valu-deux-proces-a-une-entreprise-du-batiment\/"},"modified":"2025-07-29T00:01:00","modified_gmt":"2025-07-28T22:01:00","slug":"charente-maritime-a-chatelaillon-le-chantier-qui-a-valu-deux-proces-a-une-entreprise-du-batiment","status":"publish","type":"post","link":"https:\/\/www.accidentdutravail-idf.net\/blog\/charente-maritime-a-chatelaillon-le-chantier-qui-a-valu-deux-proces-a-une-entreprise-du-batiment\/","title":{"rendered":"Charente-Maritime : \u00e0 Ch\u00e2telaillon, le chantier qui a valu deux proc\u00e8s \u00e0 une entreprise du b\u00e2timent"},"content":{"rendered":"<div><img decoding=\"async\" src=\"https:\/\/www.accidentdutravail-idf.net\/blog\/wp-content\/uploads\/2025\/07\/charente-maritime-a-chatelaillon-le-chantier-qui-a-valu-deux-proces-a-une-entreprise-du-batiment.jpg\" class=\"ff-og-image-inserted\"><\/div>\n<p><span class=\"lettrine-true\">U<\/span>n chantier tient rarement du long fleuve tranquille mais celui aux abords du nouveau stade de Ch\u00e2telaillon-Plage a vir\u00e9 au chemin de croix pour une entreprise de l\u2019Aunis sp\u00e9cialis\u00e9e dans le gros \u0153uvre.<\/p>\n<div class=\"related-article base-margin-bottom\"> <span class=\"badge\">Sur le m\u00eame sujet<\/span> <\/div>\n<p>Le patron de la soci\u00e9t\u00e9 Trichet, bas\u00e9e \u00e0 Saint-Sauveur-d\u2019Aunis, s\u2019est ainsi retrouv\u00e9 dans une situation in\u00e9dite, ayant \u00e0 r\u00e9pondre devant le tribunal judiciaire de La&nbsp;Rochelle de deux accidents du travail survenus \u00e0 neuf mois d\u2019intervalles. Les deux \u00e9v\u00e9nements se sont produits \u00e0 l\u2019occasion des travaux de construction de logements aux abords du complexe sportif.<\/p>\n<p>Reconnue coupable d\u2019une s\u00e9rie d\u2019infractions jeudi 24&nbsp;juillet, l\u2019entreprise a \u00e9t\u00e9 condamn\u00e9e \u00e0 verser 52&nbsp;000&nbsp;euros d\u2019amendes et le patron Herv\u00e9 Damilleville \u00e0 r\u00e9gler 6&nbsp;000&nbsp;euros d\u2019amendes. S\u2019ajoutent les frais irr\u00e9p\u00e9tibles et les dommages et int\u00e9r\u00eats qui seront d\u00e9battus \u00e0 une audience ult\u00e9rieure.<\/p>\n<p>Le premier \u00e9pisode s\u2019est produit le 1<sup>er<\/sup>&nbsp;septembre 2022. En fin de journ\u00e9e, un chef d\u2019\u00e9quipe a op\u00e9r\u00e9 une marche arri\u00e8re sur plusieurs dizaines de m\u00e8tres. La camionnette de l\u2019entreprise a percut\u00e9 dans le dos un ouvrier qui regagnait la base de vie. Touch\u00e9e au rachis, au cr\u00e2ne, aux cervicales, au groupe pelvien, la victime subit toujours les cons\u00e9quences de l\u2019accident. P\u00e8re de deux grandes filles, il ne peut pas rester debout plus de 15 minutes, des fractures costales l\u2019obligent \u00e0 prendre r\u00e9guli\u00e8rement de la morphine, il ne peut plus utiliser sa jambe gauche, celle-ci n\u2019\u00e9tant plus innerv\u00e9e.<\/p>\n<p>Le conducteur de la camionnette, \u00e2g\u00e9 de 41&nbsp;ans, a \u00e9t\u00e9 condamn\u00e9 \u00e0 dix mois d\u2019emprisonnement avec sursis. Il \u00e9cope \u00e9galement d\u2019une suspension de permis d\u2019une dur\u00e9e de quatre mois. Il \u00e9tait reproch\u00e9 \u00e0 l\u2019entreprise et au patron de ne pas avoir suffisamment s\u00e9curis\u00e9 le site, en particulier en ne diff\u00e9renciant pas le cheminement pi\u00e9tons du cheminement v\u00e9hicules.<\/p>\n<h2 class=\"article-subtitle\">Chute d\u2019\u00e9chafaudage<\/h2>\n<p>Concernant l\u2019autre accident, intervenu le 2&nbsp;juin 2023, il s\u2019agit cette fois d\u2019un employ\u00e9 qui, juch\u00e9 sur un \u00e9chafaudage, s\u2019est tromp\u00e9 en manipulant la grue avec la t\u00e9l\u00e9commande. La cha\u00eene a heurt\u00e9 son promontoire, le faisant tomber de pr\u00e8s de quatre m\u00e8tres. L\u2019\u00e9chaudage lui est tomb\u00e9 dessus. Quarante-cinq jours d\u2019incapacit\u00e9 totale de travail lui ont \u00e9t\u00e9 d\u00e9livr\u00e9s mais par chance, il s\u2019en est tir\u00e9 sans mal permanent. Il a repris le travail et n\u2019a pas souhait\u00e9 se porter partie civile. Pour autant, l\u2019employeur a eu \u00e0 r\u00e9pondre de l\u2019absence de dispositifs assurant la stabilit\u00e9 de l\u2019\u00e9chafaudage, l\u2019absence de v\u00e9rifications et l\u2019absence de mise \u00e0 disposition de la notice de montage.<\/p>\n<p>\u00ab&nbsp;Sur quels chantiers voyez-vous des ouvriers avec des notices&nbsp;\u00bb, a r\u00e9pliqu\u00e9 l\u2019avocate de l\u2019entreprise lors de l\u2019audience du 5&nbsp;juin, faisant valoir le monde qui s\u00e9parait la th\u00e9orie de la pratique. \u00ab&nbsp;La r\u00e9alit\u00e9, c\u2019est celle d\u2019une PME qui fait avec les moyens \u00e0 sa disposition.&nbsp;\u00bb La d\u00e9fense s\u2019est appliqu\u00e9e \u00e0 d\u00e9montrer que la SAS Trichet n\u2019\u00e9tait pas une entreprise d\u00e9faillante. Avant ces deux \u00e9v\u00e9nements, elle n\u2019avait jamais connu d\u2019accidents graves.<\/p>\n<p>Le patron a fait conna\u00eetre son intention de mettre en place des d\u00e9l\u00e9gations de pouvoir pour mieux contr\u00f4ler les chantiers. L\u2019Inspection du travail l\u2019aurait toujours \u00e0 l\u2019\u0153il&nbsp;: \u00ab&nbsp;Elle vient r\u00e9guli\u00e8rement visiter l\u2019entreprise. On est surveill\u00e9.&nbsp;\u00bb<\/p>\n<p> accidentdutravail-idf.net vous a pr\u00e9par\u00e9 ce post qui informe du sujet \u00ab\u00a0Association Sportive Huisson-Longueville Essonne\u00a0\u00bb. La chronique se veut g\u00e9n\u00e9r\u00e9e du mieux possible. Vous pouvez utiliser les coordonn\u00e9es indiqu\u00e9es sur le site dans le but d\u2019apporter des explications sur ce post qui parle du th\u00e8me \u00ab\u00a0Association Sportive Huisson-Longueville Essonne\u00a0\u00bb. Le site accidentdutravail-idf.net a pour but de fournir diverses publications sur la th\u00e9matique Association Sportive Huisson-Longueville Essonne diffus\u00e9es sur le net. Il y aura plusieurs articles autour du sujet \u00ab\u00a0Association Sportive Huisson-Longueville Essonne\u00a0\u00bb dans quelques jours, nous vous invitons \u00e0 naviguer sur notre site web \u00e0 plusieurs reprises.<\/p>\n","protected":false},"excerpt":{"rendered":"<p>Un chantier tient rarement du long fleuve tranquille mais celui aux abords du nouveau stade de Ch\u00e2telaillon-Plage a vir\u00e9 au chemin de croix pour une entreprise de l\u2019Aunis sp\u00e9cialis\u00e9e dans le gros \u0153uvre. Sur le m\u00eame sujet Le patron de la soci\u00e9t\u00e9 Trichet, bas\u00e9e \u00e0 Saint-Sauveur-d\u2019Aunis, s\u2019est ainsi retrouv\u00e9 dans une situation in\u00e9dite, ayant \u00e0 &hellip; <\/p>\n<p class=\"link-more\"><a href=\"https:\/\/www.accidentdutravail-idf.net\/blog\/charente-maritime-a-chatelaillon-le-chantier-qui-a-valu-deux-proces-a-une-entreprise-du-batiment\/\" class=\"more-link\">Continuer la lecture <span class=\"screen-reader-text\"> \u00ab\u00a0Charente-Maritime : \u00e0 Ch\u00e2telaillon, le chantier qui a valu deux proc\u00e8s \u00e0 une entreprise du b\u00e2timent\u00a0\u00bb<\/span><\/a><\/p>\n","protected":false},"author":2,"featured_media":0,"comment_status":"closed","ping_status":"closed","sticky":false,"template":"","format":"standard","meta":{"footnotes":""},"categories":[5],"tags":[],"class_list":["post-1624","post","type-post","status-publish","format-standard","hentry","category-securite-du-travail-en-ile-de-france-et-divers","entry"],"yoast_head":"<!-- This site is optimized with the Yoast SEO plugin v27.5 - https:\/\/yoast.com\/product\/yoast-seo-wordpress\/ -->\n<title>Charente-Maritime : \u00e0 Ch\u00e2telaillon, le chantier qui a valu deux proc\u00e8s \u00e0 une entreprise du b\u00e2timent - ACCIDENTDUTRAVAIL-IDF<\/title>\n<meta name=\"description\" content=\"Charente-Maritime : \u00e0 Ch\u00e2telaillon, le chantier qui a valu deux proc\u00e8s \u00e0 une entreprise du b\u00e2timent article de ACCIDENTDUTRAVAIL-IDF\" \/>\n<meta name=\"robots\" content=\"index, follow, max-snippet:-1, max-image-preview:large, max-video-preview:-1\" \/>\n<link rel=\"canonical\" href=\"https:\/\/www.accidentdutravail-idf.net\/blog\/charente-maritime-a-chatelaillon-le-chantier-qui-a-valu-deux-proces-a-une-entreprise-du-batiment\/\" \/>\n<meta property=\"og:locale\" content=\"fr_FR\" \/>\n<meta property=\"og:type\" content=\"article\" \/>\n<meta property=\"og:title\" content=\"Charente-Maritime : \u00e0 Ch\u00e2telaillon, le chantier qui a valu deux proc\u00e8s \u00e0 une entreprise du b\u00e2timent - ACCIDENTDUTRAVAIL-IDF\" \/>\n<meta property=\"og:description\" content=\"Charente-Maritime : \u00e0 Ch\u00e2telaillon, le chantier qui a valu deux proc\u00e8s \u00e0 une entreprise du b\u00e2timent article de ACCIDENTDUTRAVAIL-IDF\" \/>\n<meta property=\"og:url\" content=\"https:\/\/www.accidentdutravail-idf.net\/blog\/charente-maritime-a-chatelaillon-le-chantier-qui-a-valu-deux-proces-a-une-entreprise-du-batiment\/\" \/>\n<meta property=\"og:site_name\" content=\"ACCIDENTDUTRAVAIL-IDF\" \/>\n<meta property=\"article:published_time\" content=\"2025-07-28T22:01:00+00:00\" \/>\n<meta property=\"og:image\" content=\"https:\/\/www.accidentdutravail-idf.net\/blog\/wp-content\/uploads\/2025\/07\/charente-maritime-a-chatelaillon-le-chantier-qui-a-valu-deux-proces-a-une-entreprise-du-batiment.jpg\" \/>\n<meta name=\"author\" content=\"Carlos Poulain\" \/>\n<meta name=\"twitter:card\" content=\"summary_large_image\" \/>\n<meta name=\"twitter:label1\" content=\"\u00c9crit par\" \/>\n\t<meta name=\"twitter:data1\" content=\"Carlos Poulain\" \/>\n\t<meta name=\"twitter:label2\" content=\"Dur\u00e9e de lecture estim\u00e9e\" \/>\n\t<meta name=\"twitter:data2\" content=\"4 minutes\" \/>\n<script type=\"application\/ld+json\" class=\"yoast-schema-graph\">{\"@context\":\"https:\\\/\\\/schema.org\",\"@graph\":[{\"@type\":\"Article\",\"@id\":\"https:\\\/\\\/www.accidentdutravail-idf.net\\\/blog\\\/charente-maritime-a-chatelaillon-le-chantier-qui-a-valu-deux-proces-a-une-entreprise-du-batiment\\\/#article\",\"isPartOf\":{\"@id\":\"https:\\\/\\\/www.accidentdutravail-idf.net\\\/blog\\\/charente-maritime-a-chatelaillon-le-chantier-qui-a-valu-deux-proces-a-une-entreprise-du-batiment\\\/\"},\"author\":{\"name\":\"Carlos Poulain\",\"@id\":\"https:\\\/\\\/www.accidentdutravail-idf.net\\\/blog\\\/#\\\/schema\\\/person\\\/3255d2f970de45e64bd9201f38e7b947\"},\"headline\":\"Charente-Maritime : \u00e0 Ch\u00e2telaillon, le chantier qui a valu deux proc\u00e8s \u00e0 une entreprise du b\u00e2timent\",\"datePublished\":\"2025-07-28T22:01:00+00:00\",\"mainEntityOfPage\":{\"@id\":\"https:\\\/\\\/www.accidentdutravail-idf.net\\\/blog\\\/charente-maritime-a-chatelaillon-le-chantier-qui-a-valu-deux-proces-a-une-entreprise-du-batiment\\\/\"},\"wordCount\":729,\"publisher\":{\"@id\":\"https:\\\/\\\/www.accidentdutravail-idf.net\\\/blog\\\/#organization\"},\"image\":{\"@id\":\"https:\\\/\\\/www.accidentdutravail-idf.net\\\/blog\\\/charente-maritime-a-chatelaillon-le-chantier-qui-a-valu-deux-proces-a-une-entreprise-du-batiment\\\/#primaryimage\"},\"thumbnailUrl\":\"https:\\\/\\\/www.accidentdutravail-idf.net\\\/blog\\\/wp-content\\\/uploads\\\/2025\\\/07\\\/charente-maritime-a-chatelaillon-le-chantier-qui-a-valu-deux-proces-a-une-entreprise-du-batiment.jpg\",\"articleSection\":[\"S\u00e9curit\u00e9 Du Travail En Ile-De-France Et Divers:\"],\"inLanguage\":\"fr-FR\"},{\"@type\":\"WebPage\",\"@id\":\"https:\\\/\\\/www.accidentdutravail-idf.net\\\/blog\\\/charente-maritime-a-chatelaillon-le-chantier-qui-a-valu-deux-proces-a-une-entreprise-du-batiment\\\/\",\"url\":\"https:\\\/\\\/www.accidentdutravail-idf.net\\\/blog\\\/charente-maritime-a-chatelaillon-le-chantier-qui-a-valu-deux-proces-a-une-entreprise-du-batiment\\\/\",\"name\":\"Charente-Maritime : \u00e0 Ch\u00e2telaillon, le chantier qui a valu deux proc\u00e8s \u00e0 une entreprise du b\u00e2timent - ACCIDENTDUTRAVAIL-IDF\",\"isPartOf\":{\"@id\":\"https:\\\/\\\/www.accidentdutravail-idf.net\\\/blog\\\/#website\"},\"primaryImageOfPage\":{\"@id\":\"https:\\\/\\\/www.accidentdutravail-idf.net\\\/blog\\\/charente-maritime-a-chatelaillon-le-chantier-qui-a-valu-deux-proces-a-une-entreprise-du-batiment\\\/#primaryimage\"},\"image\":{\"@id\":\"https:\\\/\\\/www.accidentdutravail-idf.net\\\/blog\\\/charente-maritime-a-chatelaillon-le-chantier-qui-a-valu-deux-proces-a-une-entreprise-du-batiment\\\/#primaryimage\"},\"thumbnailUrl\":\"https:\\\/\\\/www.accidentdutravail-idf.net\\\/blog\\\/wp-content\\\/uploads\\\/2025\\\/07\\\/charente-maritime-a-chatelaillon-le-chantier-qui-a-valu-deux-proces-a-une-entreprise-du-batiment.jpg\",\"datePublished\":\"2025-07-28T22:01:00+00:00\",\"description\":\"Charente-Maritime : \u00e0 Ch\u00e2telaillon, le chantier qui a valu deux proc\u00e8s \u00e0 une entreprise du b\u00e2timent article de ACCIDENTDUTRAVAIL-IDF\",\"breadcrumb\":{\"@id\":\"https:\\\/\\\/www.accidentdutravail-idf.net\\\/blog\\\/charente-maritime-a-chatelaillon-le-chantier-qui-a-valu-deux-proces-a-une-entreprise-du-batiment\\\/#breadcrumb\"},\"inLanguage\":\"fr-FR\",\"potentialAction\":[{\"@type\":\"ReadAction\",\"target\":[\"https:\\\/\\\/www.accidentdutravail-idf.net\\\/blog\\\/charente-maritime-a-chatelaillon-le-chantier-qui-a-valu-deux-proces-a-une-entreprise-du-batiment\\\/\"]}]},{\"@type\":\"ImageObject\",\"inLanguage\":\"fr-FR\",\"@id\":\"https:\\\/\\\/www.accidentdutravail-idf.net\\\/blog\\\/charente-maritime-a-chatelaillon-le-chantier-qui-a-valu-deux-proces-a-une-entreprise-du-batiment\\\/#primaryimage\",\"url\":\"https:\\\/\\\/www.accidentdutravail-idf.net\\\/blog\\\/wp-content\\\/uploads\\\/2025\\\/07\\\/charente-maritime-a-chatelaillon-le-chantier-qui-a-valu-deux-proces-a-une-entreprise-du-batiment.jpg\",\"contentUrl\":\"https:\\\/\\\/www.accidentdutravail-idf.net\\\/blog\\\/wp-content\\\/uploads\\\/2025\\\/07\\\/charente-maritime-a-chatelaillon-le-chantier-qui-a-valu-deux-proces-a-une-entreprise-du-batiment.jpg\"},{\"@type\":\"BreadcrumbList\",\"@id\":\"https:\\\/\\\/www.accidentdutravail-idf.net\\\/blog\\\/charente-maritime-a-chatelaillon-le-chantier-qui-a-valu-deux-proces-a-une-entreprise-du-batiment\\\/#breadcrumb\",\"itemListElement\":[{\"@type\":\"ListItem\",\"position\":1,\"name\":\"Accueil\",\"item\":\"https:\\\/\\\/www.accidentdutravail-idf.net\\\/blog\\\/\"},{\"@type\":\"ListItem\",\"position\":2,\"name\":\"Charente-Maritime : \u00e0 Ch\u00e2telaillon, le chantier qui a valu deux proc\u00e8s \u00e0 une entreprise du b\u00e2timent\"}]},{\"@type\":\"WebSite\",\"@id\":\"https:\\\/\\\/www.accidentdutravail-idf.net\\\/blog\\\/#website\",\"url\":\"https:\\\/\\\/www.accidentdutravail-idf.net\\\/blog\\\/\",\"name\":\"ACCIDENTDUTRAVAIL-IDF\",\"description\":\"Portail accidents du travail-maladies professionnelles des entreprises d&#039;Ile-de-France\",\"publisher\":{\"@id\":\"https:\\\/\\\/www.accidentdutravail-idf.net\\\/blog\\\/#organization\"},\"potentialAction\":[{\"@type\":\"SearchAction\",\"target\":{\"@type\":\"EntryPoint\",\"urlTemplate\":\"https:\\\/\\\/www.accidentdutravail-idf.net\\\/blog\\\/?s={search_term_string}\"},\"query-input\":{\"@type\":\"PropertyValueSpecification\",\"valueRequired\":true,\"valueName\":\"search_term_string\"}}],\"inLanguage\":\"fr-FR\"},{\"@type\":\"Organization\",\"@id\":\"https:\\\/\\\/www.accidentdutravail-idf.net\\\/blog\\\/#organization\",\"name\":\"accidentdutravail-idf\",\"url\":\"https:\\\/\\\/www.accidentdutravail-idf.net\\\/blog\\\/\",\"logo\":{\"@type\":\"ImageObject\",\"inLanguage\":\"fr-FR\",\"@id\":\"https:\\\/\\\/www.accidentdutravail-idf.net\\\/blog\\\/#\\\/schema\\\/logo\\\/image\\\/\",\"url\":\"https:\\\/\\\/www.accidentdutravail-idf.net\\\/blog\\\/wp-content\\\/uploads\\\/2022\\\/09\\\/logo-2.png\",\"contentUrl\":\"https:\\\/\\\/www.accidentdutravail-idf.net\\\/blog\\\/wp-content\\\/uploads\\\/2022\\\/09\\\/logo-2.png\",\"width\":380,\"height\":291,\"caption\":\"accidentdutravail-idf\"},\"image\":{\"@id\":\"https:\\\/\\\/www.accidentdutravail-idf.net\\\/blog\\\/#\\\/schema\\\/logo\\\/image\\\/\"}},{\"@type\":\"Person\",\"@id\":\"https:\\\/\\\/www.accidentdutravail-idf.net\\\/blog\\\/#\\\/schema\\\/person\\\/3255d2f970de45e64bd9201f38e7b947\",\"name\":\"Carlos Poulain\",\"image\":{\"@type\":\"ImageObject\",\"inLanguage\":\"fr-FR\",\"@id\":\"https:\\\/\\\/secure.gravatar.com\\\/avatar\\\/b1c2f9d3588e34e91adb093635df64ef4b2381991216be7576466cfcdca4baf3?s=96&d=mm&r=g\",\"url\":\"https:\\\/\\\/secure.gravatar.com\\\/avatar\\\/b1c2f9d3588e34e91adb093635df64ef4b2381991216be7576466cfcdca4baf3?s=96&d=mm&r=g\",\"contentUrl\":\"https:\\\/\\\/secure.gravatar.com\\\/avatar\\\/b1c2f9d3588e34e91adb093635df64ef4b2381991216be7576466cfcdca4baf3?s=96&d=mm&r=g\",\"caption\":\"Carlos Poulain\"},\"url\":\"https:\\\/\\\/www.accidentdutravail-idf.net\\\/blog\\\/author\\\/idfcarlos\\\/\"}]}<\/script>\n<!-- \/ Yoast SEO plugin. -->","yoast_head_json":{"title":"Charente-Maritime : \u00e0 Ch\u00e2telaillon, le chantier qui a valu deux proc\u00e8s \u00e0 une entreprise du b\u00e2timent - ACCIDENTDUTRAVAIL-IDF","description":"Charente-Maritime : \u00e0 Ch\u00e2telaillon, le chantier qui a valu deux proc\u00e8s \u00e0 une entreprise du b\u00e2timent article de ACCIDENTDUTRAVAIL-IDF","robots":{"index":"index","follow":"follow","max-snippet":"max-snippet:-1","max-image-preview":"max-image-preview:large","max-video-preview":"max-video-preview:-1"},"canonical":"https:\/\/www.accidentdutravail-idf.net\/blog\/charente-maritime-a-chatelaillon-le-chantier-qui-a-valu-deux-proces-a-une-entreprise-du-batiment\/","og_locale":"fr_FR","og_type":"article","og_title":"Charente-Maritime : \u00e0 Ch\u00e2telaillon, le chantier qui a valu deux proc\u00e8s \u00e0 une entreprise du b\u00e2timent - ACCIDENTDUTRAVAIL-IDF","og_description":"Charente-Maritime : \u00e0 Ch\u00e2telaillon, le chantier qui a valu deux proc\u00e8s \u00e0 une entreprise du b\u00e2timent article de ACCIDENTDUTRAVAIL-IDF","og_url":"https:\/\/www.accidentdutravail-idf.net\/blog\/charente-maritime-a-chatelaillon-le-chantier-qui-a-valu-deux-proces-a-une-entreprise-du-batiment\/","og_site_name":"ACCIDENTDUTRAVAIL-IDF","article_published_time":"2025-07-28T22:01:00+00:00","og_image":[{"url":"https:\/\/www.accidentdutravail-idf.net\/blog\/wp-content\/uploads\/2025\/07\/charente-maritime-a-chatelaillon-le-chantier-qui-a-valu-deux-proces-a-une-entreprise-du-batiment.jpg","type":"","width":"","height":""}],"author":"Carlos Poulain","twitter_card":"summary_large_image","twitter_misc":{"\u00c9crit par":"Carlos Poulain","Dur\u00e9e de lecture estim\u00e9e":"4 minutes"},"schema":{"@context":"https:\/\/schema.org","@graph":[{"@type":"Article","@id":"https:\/\/www.accidentdutravail-idf.net\/blog\/charente-maritime-a-chatelaillon-le-chantier-qui-a-valu-deux-proces-a-une-entreprise-du-batiment\/#article","isPartOf":{"@id":"https:\/\/www.accidentdutravail-idf.net\/blog\/charente-maritime-a-chatelaillon-le-chantier-qui-a-valu-deux-proces-a-une-entreprise-du-batiment\/"},"author":{"name":"Carlos Poulain","@id":"https:\/\/www.accidentdutravail-idf.net\/blog\/#\/schema\/person\/3255d2f970de45e64bd9201f38e7b947"},"headline":"Charente-Maritime : \u00e0 Ch\u00e2telaillon, le chantier qui a valu deux proc\u00e8s \u00e0 une entreprise du b\u00e2timent","datePublished":"2025-07-28T22:01:00+00:00","mainEntityOfPage":{"@id":"https:\/\/www.accidentdutravail-idf.net\/blog\/charente-maritime-a-chatelaillon-le-chantier-qui-a-valu-deux-proces-a-une-entreprise-du-batiment\/"},"wordCount":729,"publisher":{"@id":"https:\/\/www.accidentdutravail-idf.net\/blog\/#organization"},"image":{"@id":"https:\/\/www.accidentdutravail-idf.net\/blog\/charente-maritime-a-chatelaillon-le-chantier-qui-a-valu-deux-proces-a-une-entreprise-du-batiment\/#primaryimage"},"thumbnailUrl":"https:\/\/www.accidentdutravail-idf.net\/blog\/wp-content\/uploads\/2025\/07\/charente-maritime-a-chatelaillon-le-chantier-qui-a-valu-deux-proces-a-une-entreprise-du-batiment.jpg","articleSection":["S\u00e9curit\u00e9 Du Travail En Ile-De-France Et Divers:"],"inLanguage":"fr-FR"},{"@type":"WebPage","@id":"https:\/\/www.accidentdutravail-idf.net\/blog\/charente-maritime-a-chatelaillon-le-chantier-qui-a-valu-deux-proces-a-une-entreprise-du-batiment\/","url":"https:\/\/www.accidentdutravail-idf.net\/blog\/charente-maritime-a-chatelaillon-le-chantier-qui-a-valu-deux-proces-a-une-entreprise-du-batiment\/","name":"Charente-Maritime : \u00e0 Ch\u00e2telaillon, le chantier qui a valu deux proc\u00e8s \u00e0 une entreprise du b\u00e2timent - ACCIDENTDUTRAVAIL-IDF","isPartOf":{"@id":"https:\/\/www.accidentdutravail-idf.net\/blog\/#website"},"primaryImageOfPage":{"@id":"https:\/\/www.accidentdutravail-idf.net\/blog\/charente-maritime-a-chatelaillon-le-chantier-qui-a-valu-deux-proces-a-une-entreprise-du-batiment\/#primaryimage"},"image":{"@id":"https:\/\/www.accidentdutravail-idf.net\/blog\/charente-maritime-a-chatelaillon-le-chantier-qui-a-valu-deux-proces-a-une-entreprise-du-batiment\/#primaryimage"},"thumbnailUrl":"https:\/\/www.accidentdutravail-idf.net\/blog\/wp-content\/uploads\/2025\/07\/charente-maritime-a-chatelaillon-le-chantier-qui-a-valu-deux-proces-a-une-entreprise-du-batiment.jpg","datePublished":"2025-07-28T22:01:00+00:00","description":"Charente-Maritime : \u00e0 Ch\u00e2telaillon, le chantier qui a valu deux proc\u00e8s \u00e0 une entreprise du b\u00e2timent article de ACCIDENTDUTRAVAIL-IDF","breadcrumb":{"@id":"https:\/\/www.accidentdutravail-idf.net\/blog\/charente-maritime-a-chatelaillon-le-chantier-qui-a-valu-deux-proces-a-une-entreprise-du-batiment\/#breadcrumb"},"inLanguage":"fr-FR","potentialAction":[{"@type":"ReadAction","target":["https:\/\/www.accidentdutravail-idf.net\/blog\/charente-maritime-a-chatelaillon-le-chantier-qui-a-valu-deux-proces-a-une-entreprise-du-batiment\/"]}]},{"@type":"ImageObject","inLanguage":"fr-FR","@id":"https:\/\/www.accidentdutravail-idf.net\/blog\/charente-maritime-a-chatelaillon-le-chantier-qui-a-valu-deux-proces-a-une-entreprise-du-batiment\/#primaryimage","url":"https:\/\/www.accidentdutravail-idf.net\/blog\/wp-content\/uploads\/2025\/07\/charente-maritime-a-chatelaillon-le-chantier-qui-a-valu-deux-proces-a-une-entreprise-du-batiment.jpg","contentUrl":"https:\/\/www.accidentdutravail-idf.net\/blog\/wp-content\/uploads\/2025\/07\/charente-maritime-a-chatelaillon-le-chantier-qui-a-valu-deux-proces-a-une-entreprise-du-batiment.jpg"},{"@type":"BreadcrumbList","@id":"https:\/\/www.accidentdutravail-idf.net\/blog\/charente-maritime-a-chatelaillon-le-chantier-qui-a-valu-deux-proces-a-une-entreprise-du-batiment\/#breadcrumb","itemListElement":[{"@type":"ListItem","position":1,"name":"Accueil","item":"https:\/\/www.accidentdutravail-idf.net\/blog\/"},{"@type":"ListItem","position":2,"name":"Charente-Maritime : \u00e0 Ch\u00e2telaillon, le chantier qui a valu deux proc\u00e8s \u00e0 une entreprise du b\u00e2timent"}]},{"@type":"WebSite","@id":"https:\/\/www.accidentdutravail-idf.net\/blog\/#website","url":"https:\/\/www.accidentdutravail-idf.net\/blog\/","name":"ACCIDENTDUTRAVAIL-IDF","description":"Portail accidents du travail-maladies professionnelles des entreprises d&#039;Ile-de-France","publisher":{"@id":"https:\/\/www.accidentdutravail-idf.net\/blog\/#organization"},"potentialAction":[{"@type":"SearchAction","target":{"@type":"EntryPoint","urlTemplate":"https:\/\/www.accidentdutravail-idf.net\/blog\/?s={search_term_string}"},"query-input":{"@type":"PropertyValueSpecification","valueRequired":true,"valueName":"search_term_string"}}],"inLanguage":"fr-FR"},{"@type":"Organization","@id":"https:\/\/www.accidentdutravail-idf.net\/blog\/#organization","name":"accidentdutravail-idf","url":"https:\/\/www.accidentdutravail-idf.net\/blog\/","logo":{"@type":"ImageObject","inLanguage":"fr-FR","@id":"https:\/\/www.accidentdutravail-idf.net\/blog\/#\/schema\/logo\/image\/","url":"https:\/\/www.accidentdutravail-idf.net\/blog\/wp-content\/uploads\/2022\/09\/logo-2.png","contentUrl":"https:\/\/www.accidentdutravail-idf.net\/blog\/wp-content\/uploads\/2022\/09\/logo-2.png","width":380,"height":291,"caption":"accidentdutravail-idf"},"image":{"@id":"https:\/\/www.accidentdutravail-idf.net\/blog\/#\/schema\/logo\/image\/"}},{"@type":"Person","@id":"https:\/\/www.accidentdutravail-idf.net\/blog\/#\/schema\/person\/3255d2f970de45e64bd9201f38e7b947","name":"Carlos Poulain","image":{"@type":"ImageObject","inLanguage":"fr-FR","@id":"https:\/\/secure.gravatar.com\/avatar\/b1c2f9d3588e34e91adb093635df64ef4b2381991216be7576466cfcdca4baf3?s=96&d=mm&r=g","url":"https:\/\/secure.gravatar.com\/avatar\/b1c2f9d3588e34e91adb093635df64ef4b2381991216be7576466cfcdca4baf3?s=96&d=mm&r=g","contentUrl":"https:\/\/secure.gravatar.com\/avatar\/b1c2f9d3588e34e91adb093635df64ef4b2381991216be7576466cfcdca4baf3?s=96&d=mm&r=g","caption":"Carlos Poulain"},"url":"https:\/\/www.accidentdutravail-idf.net\/blog\/author\/idfcarlos\/"}]}},"_links":{"self":[{"href":"https:\/\/www.accidentdutravail-idf.net\/blog\/wp-json\/wp\/v2\/posts\/1624","targetHints":{"allow":["GET"]}}],"collection":[{"href":"https:\/\/www.accidentdutravail-idf.net\/blog\/wp-json\/wp\/v2\/posts"}],"about":[{"href":"https:\/\/www.accidentdutravail-idf.net\/blog\/wp-json\/wp\/v2\/types\/post"}],"author":[{"embeddable":true,"href":"https:\/\/www.accidentdutravail-idf.net\/blog\/wp-json\/wp\/v2\/users\/2"}],"replies":[{"embeddable":true,"href":"https:\/\/www.accidentdutravail-idf.net\/blog\/wp-json\/wp\/v2\/comments?post=1624"}],"version-history":[{"count":0,"href":"https:\/\/www.accidentdutravail-idf.net\/blog\/wp-json\/wp\/v2\/posts\/1624\/revisions"}],"wp:attachment":[{"href":"https:\/\/www.accidentdutravail-idf.net\/blog\/wp-json\/wp\/v2\/media?parent=1624"}],"wp:term":[{"taxonomy":"category","embeddable":true,"href":"https:\/\/www.accidentdutravail-idf.net\/blog\/wp-json\/wp\/v2\/categories?post=1624"},{"taxonomy":"post_tag","embeddable":true,"href":"https:\/\/www.accidentdutravail-idf.net\/blog\/wp-json\/wp\/v2\/tags?post=1624"}],"curies":[{"name":"wp","href":"https:\/\/api.w.org\/{rel}","templated":true}]}}