{"id":1622,"date":"2025-07-28T12:39:00","date_gmt":"2025-07-28T10:39:00","guid":{"rendered":"https:\/\/www.accidentdutravail-idf.net\/blog\/chatel-st-denis-un-homme-decede-dans-un-accident-de-travail\/"},"modified":"2025-07-28T12:39:00","modified_gmt":"2025-07-28T10:39:00","slug":"chatel-st-denis-un-homme-decede-dans-un-accident-de-travail","status":"publish","type":"post","link":"https:\/\/www.accidentdutravail-idf.net\/blog\/chatel-st-denis-un-homme-decede-dans-un-accident-de-travail\/","title":{"rendered":"Ch\u00e2tel-St-Denis: Un homme d\u00e9c\u00e8de dans un accident de travail"},"content":{"rendered":"<nav class=\"Breadcrumbs_root__XDS5_\" aria-label=\"Breadcrumb\"><\/nav>\n<div class=\"ContentHead_root__gprpd ArticleContainer_content-width__FRl7F\">\n<h2 class=\"ContentHead_title___XVQC \">\n<p><span class=\"ArticleTitleHeader_titleheader__BkgWI\">Drame \u00e0 Ch\u00e2tel-St-Denis (FR)<\/span><span class=\"ArticleTitleHeader_hiddendash__12XEy\" aria-hidden=\"true\" role=\"presentation\"> \u2013 <\/span><\/p>\n<p><span class=\"ContentHead_text__2MEnX\">Un homme perd la vie dans un accident de travail<\/span><\/h2>\n<p class=\"ContentHead_lead____SsS link_regular__O0hk0 link_externalicon-big__ZdPgo link_externalicon__qcwXs\"><span><span class=\"HtmlText_root__A1OSq\">Un cinquantenaire est d\u00e9c\u00e9d\u00e9 lundi sur son lieu de travail dans le canton de Fribourg.<\/span><\/span><\/p>\n<div class=\"ContentMetaInfo_root__Bh2Gq\">\n<div class=\"ContentMetaInfo_authorsimages__feMDL\" role=\"button\"><img decoding=\"async\" src=\"https:\/\/www.accidentdutravail-idf.net\/blog\/wp-content\/uploads\/2025\/07\/chatel-st-denis-un-homme-decede-dans-un-accident-de-travail.jpg\" width=\"100\" height=\"100\" alt=\"Etonam Ahianyo\" class=\"AuthorImage_root__WCxj_ ContentMetaInfo_authorimage__Mp4LD AuthorImage_-content-head__3qDob\"><\/div>\n<div class=\"ContentMetaInfo_contenttext__OgjUo\"><span class=\"ContentMetaInfo_datewrapper__4sUYA\">Publi\u00e9 aujourd\u2019hui \u00e0 19h36<\/span><\/div>\n<\/div>\n<\/div>\n<figure class=\"ArticleImage_root__ljxWa ArticleContainer_full-width__Pv_7U ArticleElement_article-element__q93eL article-image\">\n<div class=\"ArticleImage_image-wrapper__CgipZ\"><img decoding=\"async\" loading=\"eager\" src=\"https:\/\/www.accidentdutravail-idf.net\/blog\/wp-content\/uploads\/2025\/07\/chatel-st-denis-un-homme-decede-dans-un-accident-de-travail.png\" alt=\"Voiture de police suisse blanche avec le num\u00e9ro 117, gar\u00e9e sur le bord de la route avec des arbres en arri\u00e8re-plan.\" title=\"Voiture de police suisse blanche avec le num\u00e9ro 117, gar\u00e9e sur le bord de la route avec des arbres en arri\u00e8re-plan.\" class=\"ResponsiveImage_root__ZDz10 responsive-image\"><button class=\"Button_root__QZUpH Button_-primary__W1s_H Button_-circle___o6Rb FullscreenButton_root__txhCu ArticleImage_fullscreenicon__PIPLj\" aria-label=\"ouvrir le plein \u00e9cran\"><\/button><\/div><figcaption class=\"ContentCaption_root__QGjxc link_regular__O0hk0 link_externalicon__qcwXs content-caption\">\n<p><span class=\"HtmlText_root__A1OSq\">Malgr\u00e9 l\u2019intervention rapide de la police et des services m\u00e9dicaux, la victime n\u2019a pas pu \u00eatre sauv\u00e9e.<\/span><\/p>\n<p>Keystone<\/p>\n<\/figcaption><\/figure>\n<div class=\"Bottalk_root__9GOYO ArticleContainer_content-width__FRl7F\">\n<div class=\"BottalkPaywall_overlaywrapper__T2GDO\">\n<div class=\"BottalkPaywall_panel__extCr\">\n<div class=\"BottalkPaywall_grp__XITof\"><span class=\"BottalkPaywall_text__DhgU8\">Abonnez-vous d\u00e8s maintenant et profitez de la fonction de lecture audio.<\/span><\/div>\n<\/div>\n<p><span class=\"BottalkPaywall_vendorlink__0Lfie\"><a href=\"https:\/\/bottalk.io\/\" class=\"BottalkPaywall_bottalklink__KDtuf\" target=\"_blank\" rel=\"noreferrer nofollow\">BotTalk<\/a><\/span><\/div>\n<\/div>\n<p class=\"ArticleParagraph_root__lhFZo ArticleContainer_content-width__FRl7F link_focus__0ZMwx link_externalicon-big__ZdPgo link_externalicon__qcwXs ArticleElement_article-element__q93eL\"><span class=\"HtmlText_root__A1OSq\">Un tragique accident de travail s\u2019est produit lundi matin dans une entreprise situ\u00e9e \u00e0 Ch\u00e2tel-St-Denis (FR), causant la mort d\u2019un homme de 59 ans, domicili\u00e9 dans le canton de Vaud.<\/span><\/p>\n<p class=\"ArticleParagraph_root__lhFZo ArticleContainer_content-width__FRl7F link_focus__0ZMwx link_externalicon-big__ZdPgo link_externalicon__qcwXs ArticleElement_article-element__q93eL\"><span class=\"HtmlText_root__A1OSq\">Alert\u00e9e autour de 11h20, la <\/span><a class=\"HtmlText_root__A1OSq\" href=\"https:\/\/www.24heures.ch\/canton-de-fribourg-conduite-sous-influence-de-lalcool-en-hausse-939218091886\" target=\"_blank\" rel=\"nofollow\"><span>Police cantonale fribourgeoise<\/span><\/a><span class=\"HtmlText_root__A1OSq\"> est intervenue rapidement sur les lieux. Malgr\u00e9 l\u2019engagement de plusieurs services d\u2019urgence, dont une ambulance, le Service Mobile d\u2019Urgence et de R\u00e9animation, les pompiers du bataillon Sud, ainsi que le Centre universitaire romand de m\u00e9decine l\u00e9gale, la victime n\u2019a malheureusement pas pu \u00eatre r\u00e9anim\u00e9e. Elle est d\u00e9c\u00e9d\u00e9e sur place en raison de la gravit\u00e9 de ses blessures.<\/span><\/p>\n<p class=\"ArticleParagraph_root__lhFZo ArticleContainer_content-width__FRl7F link_focus__0ZMwx link_externalicon-big__ZdPgo link_externalicon__qcwXs ArticleElement_article-element__q93eL\"><span class=\"HtmlText_root__A1OSq\">Les circonstances exactes de l\u2019accident ne sont pour l\u2019heure pas connues. Une enqu\u00eate a \u00e9t\u00e9 ouverte afin de faire toute la lumi\u00e8re sur les \u00e9v\u00e9nements ayant conduit \u00e0 ce drame.<\/span><\/p>\n<aside class=\"DynamicTeaser_root__9mL8g ArticleElement_article-element__q93eL\">\n<p class=\"DynamicTeaser_boxtitle__B6piN\"><span class=\"HtmlText_root__A1OSq\">Davantage sur les accidents tragiques<\/span><\/p>\n<\/aside>\n<section class=\"NewsletterBox_root__rh9I2 ArticleContainer_content-width__FRl7F\"><span class=\"NewsletterBox_nlindicator__S3yny\">Newsletter<\/span><span class=\"NewsletterBox_wrapper__nlGop\"><span class=\"NewsletterBox_description__fG0Kr\"><\/p>\n<p>\u00abLa semaine fribourgeoise\u00bb<\/p>\n<p><span class=\"NewsletterBox_lead__MvkdZ\">D\u00e9couvrez l\u2019essentiel de l\u2019actualit\u00e9 du canton de Fribourg, chaque vendredi.<\/span><\/p>\n<p><a class=\"NewsletterBox_more__FNemz link_underlinelink__K5Zr0\" href=\"https:\/\/www.24heures.ch\/nos-newsletters\" target=\"_blank\" rel=\"nofollow\">Autres newsletters<\/a><\/p>\n<p><\/span><span class=\"NewsletterButton_root__ui1c3\"><button class=\"Button_root__QZUpH Button_-primary__W1s_H\">Se connecter<\/button><span class=\"NewsletterButton_feedback__ApKG1\"><\/span><\/span><\/span><\/section>\n<div class=\"ArticleAuthorBio_root__1sQwc ArticleContainer_content-width__FRl7F\">\n<div><span class=\"ArticleAuthorBio_shortbio__BIjFP\"><span><span class=\"HtmlText_root__A1OSq\"><strong>Etonam Ahianyo<\/strong> est journaliste au sein de la r\u00e9daction num\u00e9rique des m\u00e9dias payants. Auparavant, il a travaill\u00e9 \u00e0 \u00ab20 minutes\u00bb, \u00abNewsExpress\u00bb et comme correspondant en Afrique de l\u2019Ouest pour plusieurs m\u00e9dias internationaux.<\/span><\/span><a class=\"ArticleAuthorBio_moreinfo__cqyvz link_underlinelink__K5Zr0\" rel=\"author nofollow\" href=\"https:\/\/www.24heures.ch\/author\/29647041\/etonam-ahianyo\" target=\"_blank\">Plus d&rsquo;infos<\/a><\/span><\/div>\n<\/div>\n<p class=\"Feedback_root__fr_Mi ArticleContainer_content-width__FRl7F\">Vous avez trouv\u00e9 une erreur?<a href=\"mailto:tes_correction@tamedia.ch?subject=Avis%20d'erreur%20%7C%20Etonam%20Ahianyo%20%7C%20Un%20homme%20perd%20la%20vie%20dans%20un%20accident%20de%20travail&amp;body=J'ai%20trouv%C3%A9%20une%20erreur%20dans%20cet%20article%3A%20https%3A%2F%2Fwww.24heures.ch%2Fchatel-st-denis-un-homme-decede-dans-un-accident-de-travail-365068432187\" class=\"Feedback_feedbacklink__VyDCi link_underlinelink__K5Zr0\" target=\"_blank\" rel=\"nofollow\">Merci de nous la signaler.<\/a><\/p>\n<p><button class=\"Button_root__QZUpH Button_-outline__avKL5\">0 commentaires<\/button><\/p>\n<p>accidentdutravail-idf.net vous a pr\u00e9par\u00e9 ce post qui informe du sujet \u00ab\u00a0Association Sportive Huisson-Longueville Essonne\u00a0\u00bb. La chronique se veut g\u00e9n\u00e9r\u00e9e du mieux possible. Vous pouvez utiliser les coordonn\u00e9es indiqu\u00e9es sur le site dans le but d\u2019apporter des explications sur ce post qui parle du th\u00e8me \u00ab\u00a0Association Sportive Huisson-Longueville Essonne\u00a0\u00bb. Le site accidentdutravail-idf.net a pour but de fournir diverses publications sur la th\u00e9matique Association Sportive Huisson-Longueville Essonne diffus\u00e9es sur le net. Il y aura plusieurs articles autour du sujet \u00ab\u00a0Association Sportive Huisson-Longueville Essonne\u00a0\u00bb dans quelques jours, nous vous invitons \u00e0 naviguer sur notre site web \u00e0 plusieurs reprises.<\/p>\n","protected":false},"excerpt":{"rendered":"<p>Drame \u00e0 Ch\u00e2tel-St-Denis (FR) \u2013 Un homme perd la vie dans un accident de travail Un cinquantenaire est d\u00e9c\u00e9d\u00e9 lundi sur son lieu de travail dans le canton de Fribourg. Publi\u00e9 aujourd\u2019hui \u00e0 19h36 Malgr\u00e9 l\u2019intervention rapide de la police et des services m\u00e9dicaux, la victime n\u2019a pas pu \u00eatre sauv\u00e9e. Keystone Abonnez-vous d\u00e8s maintenant &hellip; <\/p>\n<p class=\"link-more\"><a href=\"https:\/\/www.accidentdutravail-idf.net\/blog\/chatel-st-denis-un-homme-decede-dans-un-accident-de-travail\/\" class=\"more-link\">Continuer la lecture <span class=\"screen-reader-text\"> \u00ab\u00a0Ch\u00e2tel-St-Denis: Un homme d\u00e9c\u00e8de dans un accident de travail\u00a0\u00bb<\/span><\/a><\/p>\n","protected":false},"author":2,"featured_media":0,"comment_status":"closed","ping_status":"closed","sticky":false,"template":"","format":"standard","meta":{"footnotes":""},"categories":[5],"tags":[],"class_list":["post-1622","post","type-post","status-publish","format-standard","hentry","category-securite-du-travail-en-ile-de-france-et-divers","entry"],"yoast_head":"<!-- This site is optimized with the Yoast SEO plugin v27.5 - https:\/\/yoast.com\/product\/yoast-seo-wordpress\/ -->\n<title>Ch\u00e2tel-St-Denis: Un homme d\u00e9c\u00e8de dans un accident de travail - ACCIDENTDUTRAVAIL-IDF<\/title>\n<meta name=\"description\" content=\"Ch\u00e2tel-St-Denis: Un homme d\u00e9c\u00e8de dans un accident de travail article de ACCIDENTDUTRAVAIL-IDF\" \/>\n<meta name=\"robots\" content=\"index, follow, max-snippet:-1, max-image-preview:large, max-video-preview:-1\" \/>\n<link rel=\"canonical\" href=\"https:\/\/www.accidentdutravail-idf.net\/blog\/chatel-st-denis-un-homme-decede-dans-un-accident-de-travail\/\" \/>\n<meta property=\"og:locale\" content=\"fr_FR\" \/>\n<meta property=\"og:type\" content=\"article\" \/>\n<meta property=\"og:title\" content=\"Ch\u00e2tel-St-Denis: Un homme d\u00e9c\u00e8de dans un accident de travail - ACCIDENTDUTRAVAIL-IDF\" \/>\n<meta property=\"og:description\" content=\"Ch\u00e2tel-St-Denis: Un homme d\u00e9c\u00e8de dans un accident de travail article de ACCIDENTDUTRAVAIL-IDF\" \/>\n<meta property=\"og:url\" content=\"https:\/\/www.accidentdutravail-idf.net\/blog\/chatel-st-denis-un-homme-decede-dans-un-accident-de-travail\/\" \/>\n<meta property=\"og:site_name\" content=\"ACCIDENTDUTRAVAIL-IDF\" \/>\n<meta property=\"article:published_time\" content=\"2025-07-28T10:39:00+00:00\" \/>\n<meta property=\"og:image\" content=\"https:\/\/www.accidentdutravail-idf.net\/blog\/wp-content\/uploads\/2025\/07\/chatel-st-denis-un-homme-decede-dans-un-accident-de-travail.jpg\" \/>\n<meta name=\"author\" content=\"Carlos Poulain\" \/>\n<meta name=\"twitter:card\" content=\"summary_large_image\" \/>\n<meta name=\"twitter:label1\" content=\"\u00c9crit par\" \/>\n\t<meta name=\"twitter:data1\" content=\"Carlos Poulain\" \/>\n\t<meta name=\"twitter:label2\" content=\"Dur\u00e9e de lecture estim\u00e9e\" \/>\n\t<meta name=\"twitter:data2\" content=\"2 minutes\" \/>\n<script type=\"application\/ld+json\" class=\"yoast-schema-graph\">{\"@context\":\"https:\\\/\\\/schema.org\",\"@graph\":[{\"@type\":\"Article\",\"@id\":\"https:\\\/\\\/www.accidentdutravail-idf.net\\\/blog\\\/chatel-st-denis-un-homme-decede-dans-un-accident-de-travail\\\/#article\",\"isPartOf\":{\"@id\":\"https:\\\/\\\/www.accidentdutravail-idf.net\\\/blog\\\/chatel-st-denis-un-homme-decede-dans-un-accident-de-travail\\\/\"},\"author\":{\"name\":\"Carlos Poulain\",\"@id\":\"https:\\\/\\\/www.accidentdutravail-idf.net\\\/blog\\\/#\\\/schema\\\/person\\\/3255d2f970de45e64bd9201f38e7b947\"},\"headline\":\"Ch\u00e2tel-St-Denis: Un homme d\u00e9c\u00e8de dans un accident de travail\",\"datePublished\":\"2025-07-28T10:39:00+00:00\",\"mainEntityOfPage\":{\"@id\":\"https:\\\/\\\/www.accidentdutravail-idf.net\\\/blog\\\/chatel-st-denis-un-homme-decede-dans-un-accident-de-travail\\\/\"},\"wordCount\":406,\"publisher\":{\"@id\":\"https:\\\/\\\/www.accidentdutravail-idf.net\\\/blog\\\/#organization\"},\"image\":{\"@id\":\"https:\\\/\\\/www.accidentdutravail-idf.net\\\/blog\\\/chatel-st-denis-un-homme-decede-dans-un-accident-de-travail\\\/#primaryimage\"},\"thumbnailUrl\":\"https:\\\/\\\/www.accidentdutravail-idf.net\\\/blog\\\/wp-content\\\/uploads\\\/2025\\\/07\\\/chatel-st-denis-un-homme-decede-dans-un-accident-de-travail.jpg\",\"articleSection\":[\"S\u00e9curit\u00e9 Du Travail En Ile-De-France Et Divers:\"],\"inLanguage\":\"fr-FR\"},{\"@type\":\"WebPage\",\"@id\":\"https:\\\/\\\/www.accidentdutravail-idf.net\\\/blog\\\/chatel-st-denis-un-homme-decede-dans-un-accident-de-travail\\\/\",\"url\":\"https:\\\/\\\/www.accidentdutravail-idf.net\\\/blog\\\/chatel-st-denis-un-homme-decede-dans-un-accident-de-travail\\\/\",\"name\":\"Ch\u00e2tel-St-Denis: Un homme d\u00e9c\u00e8de dans un accident de travail - ACCIDENTDUTRAVAIL-IDF\",\"isPartOf\":{\"@id\":\"https:\\\/\\\/www.accidentdutravail-idf.net\\\/blog\\\/#website\"},\"primaryImageOfPage\":{\"@id\":\"https:\\\/\\\/www.accidentdutravail-idf.net\\\/blog\\\/chatel-st-denis-un-homme-decede-dans-un-accident-de-travail\\\/#primaryimage\"},\"image\":{\"@id\":\"https:\\\/\\\/www.accidentdutravail-idf.net\\\/blog\\\/chatel-st-denis-un-homme-decede-dans-un-accident-de-travail\\\/#primaryimage\"},\"thumbnailUrl\":\"https:\\\/\\\/www.accidentdutravail-idf.net\\\/blog\\\/wp-content\\\/uploads\\\/2025\\\/07\\\/chatel-st-denis-un-homme-decede-dans-un-accident-de-travail.jpg\",\"datePublished\":\"2025-07-28T10:39:00+00:00\",\"description\":\"Ch\u00e2tel-St-Denis: Un homme d\u00e9c\u00e8de dans un accident de travail article de ACCIDENTDUTRAVAIL-IDF\",\"breadcrumb\":{\"@id\":\"https:\\\/\\\/www.accidentdutravail-idf.net\\\/blog\\\/chatel-st-denis-un-homme-decede-dans-un-accident-de-travail\\\/#breadcrumb\"},\"inLanguage\":\"fr-FR\",\"potentialAction\":[{\"@type\":\"ReadAction\",\"target\":[\"https:\\\/\\\/www.accidentdutravail-idf.net\\\/blog\\\/chatel-st-denis-un-homme-decede-dans-un-accident-de-travail\\\/\"]}]},{\"@type\":\"ImageObject\",\"inLanguage\":\"fr-FR\",\"@id\":\"https:\\\/\\\/www.accidentdutravail-idf.net\\\/blog\\\/chatel-st-denis-un-homme-decede-dans-un-accident-de-travail\\\/#primaryimage\",\"url\":\"https:\\\/\\\/www.accidentdutravail-idf.net\\\/blog\\\/wp-content\\\/uploads\\\/2025\\\/07\\\/chatel-st-denis-un-homme-decede-dans-un-accident-de-travail.jpg\",\"contentUrl\":\"https:\\\/\\\/www.accidentdutravail-idf.net\\\/blog\\\/wp-content\\\/uploads\\\/2025\\\/07\\\/chatel-st-denis-un-homme-decede-dans-un-accident-de-travail.jpg\"},{\"@type\":\"BreadcrumbList\",\"@id\":\"https:\\\/\\\/www.accidentdutravail-idf.net\\\/blog\\\/chatel-st-denis-un-homme-decede-dans-un-accident-de-travail\\\/#breadcrumb\",\"itemListElement\":[{\"@type\":\"ListItem\",\"position\":1,\"name\":\"Accueil\",\"item\":\"https:\\\/\\\/www.accidentdutravail-idf.net\\\/blog\\\/\"},{\"@type\":\"ListItem\",\"position\":2,\"name\":\"Ch\u00e2tel-St-Denis: Un homme d\u00e9c\u00e8de dans un accident de travail\"}]},{\"@type\":\"WebSite\",\"@id\":\"https:\\\/\\\/www.accidentdutravail-idf.net\\\/blog\\\/#website\",\"url\":\"https:\\\/\\\/www.accidentdutravail-idf.net\\\/blog\\\/\",\"name\":\"ACCIDENTDUTRAVAIL-IDF\",\"description\":\"Portail accidents du travail-maladies professionnelles des entreprises d&#039;Ile-de-France\",\"publisher\":{\"@id\":\"https:\\\/\\\/www.accidentdutravail-idf.net\\\/blog\\\/#organization\"},\"potentialAction\":[{\"@type\":\"SearchAction\",\"target\":{\"@type\":\"EntryPoint\",\"urlTemplate\":\"https:\\\/\\\/www.accidentdutravail-idf.net\\\/blog\\\/?s={search_term_string}\"},\"query-input\":{\"@type\":\"PropertyValueSpecification\",\"valueRequired\":true,\"valueName\":\"search_term_string\"}}],\"inLanguage\":\"fr-FR\"},{\"@type\":\"Organization\",\"@id\":\"https:\\\/\\\/www.accidentdutravail-idf.net\\\/blog\\\/#organization\",\"name\":\"accidentdutravail-idf\",\"url\":\"https:\\\/\\\/www.accidentdutravail-idf.net\\\/blog\\\/\",\"logo\":{\"@type\":\"ImageObject\",\"inLanguage\":\"fr-FR\",\"@id\":\"https:\\\/\\\/www.accidentdutravail-idf.net\\\/blog\\\/#\\\/schema\\\/logo\\\/image\\\/\",\"url\":\"https:\\\/\\\/www.accidentdutravail-idf.net\\\/blog\\\/wp-content\\\/uploads\\\/2022\\\/09\\\/logo-2.png\",\"contentUrl\":\"https:\\\/\\\/www.accidentdutravail-idf.net\\\/blog\\\/wp-content\\\/uploads\\\/2022\\\/09\\\/logo-2.png\",\"width\":380,\"height\":291,\"caption\":\"accidentdutravail-idf\"},\"image\":{\"@id\":\"https:\\\/\\\/www.accidentdutravail-idf.net\\\/blog\\\/#\\\/schema\\\/logo\\\/image\\\/\"}},{\"@type\":\"Person\",\"@id\":\"https:\\\/\\\/www.accidentdutravail-idf.net\\\/blog\\\/#\\\/schema\\\/person\\\/3255d2f970de45e64bd9201f38e7b947\",\"name\":\"Carlos Poulain\",\"image\":{\"@type\":\"ImageObject\",\"inLanguage\":\"fr-FR\",\"@id\":\"https:\\\/\\\/secure.gravatar.com\\\/avatar\\\/b1c2f9d3588e34e91adb093635df64ef4b2381991216be7576466cfcdca4baf3?s=96&d=mm&r=g\",\"url\":\"https:\\\/\\\/secure.gravatar.com\\\/avatar\\\/b1c2f9d3588e34e91adb093635df64ef4b2381991216be7576466cfcdca4baf3?s=96&d=mm&r=g\",\"contentUrl\":\"https:\\\/\\\/secure.gravatar.com\\\/avatar\\\/b1c2f9d3588e34e91adb093635df64ef4b2381991216be7576466cfcdca4baf3?s=96&d=mm&r=g\",\"caption\":\"Carlos Poulain\"},\"url\":\"https:\\\/\\\/www.accidentdutravail-idf.net\\\/blog\\\/author\\\/idfcarlos\\\/\"}]}<\/script>\n<!-- \/ Yoast SEO plugin. -->","yoast_head_json":{"title":"Ch\u00e2tel-St-Denis: Un homme d\u00e9c\u00e8de dans un accident de travail - ACCIDENTDUTRAVAIL-IDF","description":"Ch\u00e2tel-St-Denis: Un homme d\u00e9c\u00e8de dans un accident de travail article de ACCIDENTDUTRAVAIL-IDF","robots":{"index":"index","follow":"follow","max-snippet":"max-snippet:-1","max-image-preview":"max-image-preview:large","max-video-preview":"max-video-preview:-1"},"canonical":"https:\/\/www.accidentdutravail-idf.net\/blog\/chatel-st-denis-un-homme-decede-dans-un-accident-de-travail\/","og_locale":"fr_FR","og_type":"article","og_title":"Ch\u00e2tel-St-Denis: Un homme d\u00e9c\u00e8de dans un accident de travail - ACCIDENTDUTRAVAIL-IDF","og_description":"Ch\u00e2tel-St-Denis: Un homme d\u00e9c\u00e8de dans un accident de travail article de ACCIDENTDUTRAVAIL-IDF","og_url":"https:\/\/www.accidentdutravail-idf.net\/blog\/chatel-st-denis-un-homme-decede-dans-un-accident-de-travail\/","og_site_name":"ACCIDENTDUTRAVAIL-IDF","article_published_time":"2025-07-28T10:39:00+00:00","og_image":[{"url":"https:\/\/www.accidentdutravail-idf.net\/blog\/wp-content\/uploads\/2025\/07\/chatel-st-denis-un-homme-decede-dans-un-accident-de-travail.jpg","type":"","width":"","height":""}],"author":"Carlos Poulain","twitter_card":"summary_large_image","twitter_misc":{"\u00c9crit par":"Carlos Poulain","Dur\u00e9e de lecture estim\u00e9e":"2 minutes"},"schema":{"@context":"https:\/\/schema.org","@graph":[{"@type":"Article","@id":"https:\/\/www.accidentdutravail-idf.net\/blog\/chatel-st-denis-un-homme-decede-dans-un-accident-de-travail\/#article","isPartOf":{"@id":"https:\/\/www.accidentdutravail-idf.net\/blog\/chatel-st-denis-un-homme-decede-dans-un-accident-de-travail\/"},"author":{"name":"Carlos Poulain","@id":"https:\/\/www.accidentdutravail-idf.net\/blog\/#\/schema\/person\/3255d2f970de45e64bd9201f38e7b947"},"headline":"Ch\u00e2tel-St-Denis: Un homme d\u00e9c\u00e8de dans un accident de travail","datePublished":"2025-07-28T10:39:00+00:00","mainEntityOfPage":{"@id":"https:\/\/www.accidentdutravail-idf.net\/blog\/chatel-st-denis-un-homme-decede-dans-un-accident-de-travail\/"},"wordCount":406,"publisher":{"@id":"https:\/\/www.accidentdutravail-idf.net\/blog\/#organization"},"image":{"@id":"https:\/\/www.accidentdutravail-idf.net\/blog\/chatel-st-denis-un-homme-decede-dans-un-accident-de-travail\/#primaryimage"},"thumbnailUrl":"https:\/\/www.accidentdutravail-idf.net\/blog\/wp-content\/uploads\/2025\/07\/chatel-st-denis-un-homme-decede-dans-un-accident-de-travail.jpg","articleSection":["S\u00e9curit\u00e9 Du Travail En Ile-De-France Et Divers:"],"inLanguage":"fr-FR"},{"@type":"WebPage","@id":"https:\/\/www.accidentdutravail-idf.net\/blog\/chatel-st-denis-un-homme-decede-dans-un-accident-de-travail\/","url":"https:\/\/www.accidentdutravail-idf.net\/blog\/chatel-st-denis-un-homme-decede-dans-un-accident-de-travail\/","name":"Ch\u00e2tel-St-Denis: Un homme d\u00e9c\u00e8de dans un accident de travail - ACCIDENTDUTRAVAIL-IDF","isPartOf":{"@id":"https:\/\/www.accidentdutravail-idf.net\/blog\/#website"},"primaryImageOfPage":{"@id":"https:\/\/www.accidentdutravail-idf.net\/blog\/chatel-st-denis-un-homme-decede-dans-un-accident-de-travail\/#primaryimage"},"image":{"@id":"https:\/\/www.accidentdutravail-idf.net\/blog\/chatel-st-denis-un-homme-decede-dans-un-accident-de-travail\/#primaryimage"},"thumbnailUrl":"https:\/\/www.accidentdutravail-idf.net\/blog\/wp-content\/uploads\/2025\/07\/chatel-st-denis-un-homme-decede-dans-un-accident-de-travail.jpg","datePublished":"2025-07-28T10:39:00+00:00","description":"Ch\u00e2tel-St-Denis: Un homme d\u00e9c\u00e8de dans un accident de travail article de ACCIDENTDUTRAVAIL-IDF","breadcrumb":{"@id":"https:\/\/www.accidentdutravail-idf.net\/blog\/chatel-st-denis-un-homme-decede-dans-un-accident-de-travail\/#breadcrumb"},"inLanguage":"fr-FR","potentialAction":[{"@type":"ReadAction","target":["https:\/\/www.accidentdutravail-idf.net\/blog\/chatel-st-denis-un-homme-decede-dans-un-accident-de-travail\/"]}]},{"@type":"ImageObject","inLanguage":"fr-FR","@id":"https:\/\/www.accidentdutravail-idf.net\/blog\/chatel-st-denis-un-homme-decede-dans-un-accident-de-travail\/#primaryimage","url":"https:\/\/www.accidentdutravail-idf.net\/blog\/wp-content\/uploads\/2025\/07\/chatel-st-denis-un-homme-decede-dans-un-accident-de-travail.jpg","contentUrl":"https:\/\/www.accidentdutravail-idf.net\/blog\/wp-content\/uploads\/2025\/07\/chatel-st-denis-un-homme-decede-dans-un-accident-de-travail.jpg"},{"@type":"BreadcrumbList","@id":"https:\/\/www.accidentdutravail-idf.net\/blog\/chatel-st-denis-un-homme-decede-dans-un-accident-de-travail\/#breadcrumb","itemListElement":[{"@type":"ListItem","position":1,"name":"Accueil","item":"https:\/\/www.accidentdutravail-idf.net\/blog\/"},{"@type":"ListItem","position":2,"name":"Ch\u00e2tel-St-Denis: Un homme d\u00e9c\u00e8de dans un accident de travail"}]},{"@type":"WebSite","@id":"https:\/\/www.accidentdutravail-idf.net\/blog\/#website","url":"https:\/\/www.accidentdutravail-idf.net\/blog\/","name":"ACCIDENTDUTRAVAIL-IDF","description":"Portail accidents du travail-maladies professionnelles des entreprises d&#039;Ile-de-France","publisher":{"@id":"https:\/\/www.accidentdutravail-idf.net\/blog\/#organization"},"potentialAction":[{"@type":"SearchAction","target":{"@type":"EntryPoint","urlTemplate":"https:\/\/www.accidentdutravail-idf.net\/blog\/?s={search_term_string}"},"query-input":{"@type":"PropertyValueSpecification","valueRequired":true,"valueName":"search_term_string"}}],"inLanguage":"fr-FR"},{"@type":"Organization","@id":"https:\/\/www.accidentdutravail-idf.net\/blog\/#organization","name":"accidentdutravail-idf","url":"https:\/\/www.accidentdutravail-idf.net\/blog\/","logo":{"@type":"ImageObject","inLanguage":"fr-FR","@id":"https:\/\/www.accidentdutravail-idf.net\/blog\/#\/schema\/logo\/image\/","url":"https:\/\/www.accidentdutravail-idf.net\/blog\/wp-content\/uploads\/2022\/09\/logo-2.png","contentUrl":"https:\/\/www.accidentdutravail-idf.net\/blog\/wp-content\/uploads\/2022\/09\/logo-2.png","width":380,"height":291,"caption":"accidentdutravail-idf"},"image":{"@id":"https:\/\/www.accidentdutravail-idf.net\/blog\/#\/schema\/logo\/image\/"}},{"@type":"Person","@id":"https:\/\/www.accidentdutravail-idf.net\/blog\/#\/schema\/person\/3255d2f970de45e64bd9201f38e7b947","name":"Carlos Poulain","image":{"@type":"ImageObject","inLanguage":"fr-FR","@id":"https:\/\/secure.gravatar.com\/avatar\/b1c2f9d3588e34e91adb093635df64ef4b2381991216be7576466cfcdca4baf3?s=96&d=mm&r=g","url":"https:\/\/secure.gravatar.com\/avatar\/b1c2f9d3588e34e91adb093635df64ef4b2381991216be7576466cfcdca4baf3?s=96&d=mm&r=g","contentUrl":"https:\/\/secure.gravatar.com\/avatar\/b1c2f9d3588e34e91adb093635df64ef4b2381991216be7576466cfcdca4baf3?s=96&d=mm&r=g","caption":"Carlos Poulain"},"url":"https:\/\/www.accidentdutravail-idf.net\/blog\/author\/idfcarlos\/"}]}},"_links":{"self":[{"href":"https:\/\/www.accidentdutravail-idf.net\/blog\/wp-json\/wp\/v2\/posts\/1622","targetHints":{"allow":["GET"]}}],"collection":[{"href":"https:\/\/www.accidentdutravail-idf.net\/blog\/wp-json\/wp\/v2\/posts"}],"about":[{"href":"https:\/\/www.accidentdutravail-idf.net\/blog\/wp-json\/wp\/v2\/types\/post"}],"author":[{"embeddable":true,"href":"https:\/\/www.accidentdutravail-idf.net\/blog\/wp-json\/wp\/v2\/users\/2"}],"replies":[{"embeddable":true,"href":"https:\/\/www.accidentdutravail-idf.net\/blog\/wp-json\/wp\/v2\/comments?post=1622"}],"version-history":[{"count":0,"href":"https:\/\/www.accidentdutravail-idf.net\/blog\/wp-json\/wp\/v2\/posts\/1622\/revisions"}],"wp:attachment":[{"href":"https:\/\/www.accidentdutravail-idf.net\/blog\/wp-json\/wp\/v2\/media?parent=1622"}],"wp:term":[{"taxonomy":"category","embeddable":true,"href":"https:\/\/www.accidentdutravail-idf.net\/blog\/wp-json\/wp\/v2\/categories?post=1622"},{"taxonomy":"post_tag","embeddable":true,"href":"https:\/\/www.accidentdutravail-idf.net\/blog\/wp-json\/wp\/v2\/tags?post=1622"}],"curies":[{"name":"wp","href":"https:\/\/api.w.org\/{rel}","templated":true}]}}