{"id":1621,"date":"2025-07-28T07:02:00","date_gmt":"2025-07-28T05:02:00","guid":{"rendered":"https:\/\/www.accidentdutravail-idf.net\/blog\/visites-medicales-de-reprise-du-travail-du-changement-a-venir\/"},"modified":"2025-07-28T07:02:00","modified_gmt":"2025-07-28T05:02:00","slug":"visites-medicales-de-reprise-du-travail-du-changement-a-venir","status":"publish","type":"post","link":"https:\/\/www.accidentdutravail-idf.net\/blog\/visites-medicales-de-reprise-du-travail-du-changement-a-venir\/","title":{"rendered":"Visites m\u00e9dicales de reprise du travail : du changement \u00e0 venir"},"content":{"rendered":"<div><img decoding=\"async\" src=\"https:\/\/www.accidentdutravail-idf.net\/blog\/wp-content\/uploads\/2025\/07\/visites-medicales-de-reprise-du-travail-du-changement-a-venir.jpg\" class=\"ff-og-image-inserted\"><\/div>\n<div class=\"font-bold max-w-max mb-8 prose [&amp;_p]:prose-lg text-color-default relative z-[3]\">\n<p>Les orientations budg\u00e9taires pour 2026 sont d\u00e9sormais connues. In\u00e9vitablement, la lutte contre l\u2019explosion des arr\u00eats maladie figure dans les priorit\u00e9s du Gouvernement. Et pour y parvenir, l\u2019ex\u00e9cutif aspire, entre autres, \u00e0 faire \u00e9voluer les r\u00e8gles sur la visite m\u00e9dicale de reprise. Bien que cette intention m\u00e9rite de plus amples pr\u00e9cisions, l\u2019id\u00e9e d&rsquo;une nouvelle r\u00e9forme semble d\u00e9j\u00e0 tr\u00e8s loin de faire l\u2019unanimit\u00e9.&nbsp;<\/p>\n<\/div>\n<h2 class=\"font-bold text-color-default group text-lg sm:text-xl md:text-2xl lg:text-3xl leading-h4 lg:leading-h2 pt-0 mb-8\" data-id=\"visite-de-reprise-une-etape-inevitable-pour-le-retour-de-certains-salaries\" data-title=\"Visite de reprise : une \u00e9tape in\u00e9vitable pour le retour de certains salari\u00e9s\" data-level=\"2\"><a class=\"li float-left -ml-6 mt-3 pr-2 leading-none opacity-0 transition group-hover:opacity-100\" id=\"visite-de-reprise-une-etape-inevitable-pour-le-retour-de-certains-salaries\" href=\"https:\/\/www.editions-tissot.fr\/actualite\/sante-securite\/visites-medicales-de-reprise-du-travail-du-changement-a-venir#visite-de-reprise-une-etape-inevitable-pour-le-retour-de-certains-salaries\" target=\"_blank\" rel=\"nofollow\"><\/a>Visite de reprise : une \u00e9tape in\u00e9vitable pour le retour de certains salari\u00e9s<\/h2>\n<div class=\"prose max-w-max text-color-3 mb-8 [&amp;_li]:prose-lg [&amp;_p]:prose-lg\">\n<p>L\u2019organisation d\u2019une visite de reprise est incontournable lorsqu\u2019un salari\u00e9, absent pour l\u2019un des motifs suivants, fait son retour en entreprise :&nbsp;<\/p>\n<ul>\n<li>cong\u00e9 de maternit\u00e9 ;<\/li>\n<li>maladie professionnelle ; <\/li>\n<li>accident du travail (absence d\u2019une dur\u00e9e minimale de 30 jours) ; <\/li>\n<li>maladie ou accident non professionnel (absence d\u2019une dur\u00e9e minimale de 60 jours).<\/li>\n<\/ul>\n<p>En principe, la tenue de cet examen doit \u00eatre programm\u00e9e au jour de la reprise effective du travail ou, au plus tard, dans les 8 jours qui suivent.<\/p>\n<p>Cette rencontre, g\u00e9n\u00e9ralement men\u00e9e par le m\u00e9decin du travail, va ainsi permettre :&nbsp;<\/p>\n<ul>\n<li>de v\u00e9rifier si le poste de travail du salari\u00e9 est compatible avec son \u00e9tat de sant\u00e9 ;<\/li>\n<li>d\u2019examiner les propositions d\u2019am\u00e9nagement, d&rsquo;adaptation ou de reclassement faites \u00e0 l\u2019occasion de la <a href=\"https:\/\/www.editions-tissot.fr\/guide\/definition\/visite-medicale-de-prereprise\" target=\"_blank\" rel=\"nofollow\">visite de pr\u00e9reprise<\/a> ;<\/li>\n<li>de pr\u00e9coniser l&rsquo;am\u00e9nagement, l&rsquo;adaptation du poste ou le reclassement du salari\u00e9 ;<\/li>\n<li>d\u2019\u00e9mettre, le cas \u00e9ch\u00e9ant, un avis d\u2019inaptitude.<\/li>\n<\/ul>\n<\/div>\n<div class=\"relative z-[3] mb-7 flex w-full flex-col items-start\">\n<div class=\"relative flex w-full flex-row items-start overflow-hidden before:bg-[#EAAA08] bg-white before:absolute before:left-0 before:top-0 before:h-full before:w-[2px]\">\n<div class=\"flex w-full flex-col items-start px-4 py-3.5 md:px-3 lg:px-6\">\n<h2 class=\"mb-2 flex flex-row items-center p-0 font-body text-sm font-medium md:text-base text-[#9D7102]\">Bon \u00e0 savoir<\/h2>\n<div>*]:font-normal text-et-gray-800 [&amp;&gt;*]:text-base md:[&amp;&gt;*]:text-lg\u00a0\u00bb readability=\u00a0\u00bb41&Prime;&gt;<\/p>\n<p>Lorsqu\u2019elle s\u2019impose, la r\u00e9alisation de la visite de reprise est cardinale. Puisqu\u2019\u00e0 d\u00e9faut de tenue, le contrat de travail du salari\u00e9 demeure suspendu. Ce qui induit, dans la pratique, que ce dernier peut encore pr\u00e9tendre \u00e0 un maintien de salaire alors m\u00eame, parfois, que son \u00e9tat de sant\u00e9 lui permettrait de reprendre une activit\u00e9. &nbsp;<\/p>\n<\/div>\n<\/div>\n<\/div>\n<\/div>\n<h2 class=\"font-bold text-color-default group text-lg sm:text-xl md:text-2xl lg:text-3xl leading-h4 lg:leading-h2 pt-0 mb-8\" data-id=\"reforme-de-la-visite-de-reprise-que-souhaite-vraiment-le-gouvernement-?\" data-title=\"R\u00e9forme de la visite de reprise : que souhaite vraiment le Gouvernement ?\" data-level=\"2\"><a class=\"li float-left -ml-6 mt-3 pr-2 leading-none opacity-0 transition group-hover:opacity-100\" id=\"reforme-de-la-visite-de-reprise-que-souhaite-vraiment-le-gouvernement-?\" href=\"https:\/\/www.editions-tissot.fr\/actualite\/sante-securite\/visites-medicales-de-reprise-du-travail-du-changement-a-venir#reforme-de-la-visite-de-reprise-que-souhaite-vraiment-le-gouvernement-?\" target=\"_blank\" rel=\"nofollow\"><\/a>R\u00e9forme de la visite de reprise : que souhaite vraiment le Gouvernement ?<\/h2>\n<div class=\"prose max-w-max text-color-3 mb-8 [&amp;_li]:prose-lg [&amp;_p]:prose-lg\">\n<p>Le 15 juillet 2025, le Premier ministre Fran\u00e7ois Bayrou a pr\u00e9sent\u00e9 les grandes orientations de son budget 2026.<\/p>\n<p>Dans la perspective de lutter contre l\u2019explosion des arr\u00eats maladie, ce dernier a point\u00e9 les \u00ab <i>blocages (\u2026) \u00e0 contre-courant <\/i>\u00bb g\u00e9n\u00e9r\u00e9s par les r\u00e8gles relatives \u00e0 la visite de reprise.<\/p>\n<p>Selon les dires du Premier ministre, le fait qu\u2019un salari\u00e9 ne puisse pas, au-del\u00e0 de 60 jours d\u2019arr\u00eats, reprendre le travail sans un avis du m\u00e9decin du travail est <i>\u00ab absurde \u00bb<\/i>. Et pour cause, dans la mesure o\u00f9 la France manque <i>\u00ab cruellement \u00bb<\/i> de m\u00e9decin du travail, cette situation emp\u00eache des <i>\u00ab dizaines de milliers \u00bb<\/i> de salari\u00e9s, pourtant d\u00e9sireux, de reprendre le travail.<\/p>\n<p>Pour rem\u00e9dier \u00e0 ce paradoxe, \u00e0 l\u2019origine de <i>\u00ab d\u00e9penses inutiles \u00bb<\/i>, le Premier ministre a propos\u00e9 de transf\u00e9rer, en partie, la r\u00e9alisation de ces visites \u00e0 la m\u00e9decine de ville. Mais attention, cela ne concernerait que les visites de reprise faisant suite \u00e0 un accident ou \u00e0 une maladie non professionnelle.<\/p>\n<p>A l\u2019\u00e9vidence, cette proposition n\u2019a pas manqu\u00e9 de faire r\u00e9agir les acteurs de la sant\u00e9 au travail et les repr\u00e9sentants syndicaux. D\u2019autant que le dossier de presse accompagnant la prise de parole de Fran\u00e7ois Bayrou exposait, assez curieusement, un projet bien diff\u00e9rent :&nbsp;<\/p>\n<ul>\n<li>suspendre la reprise du travail \u00e0 l\u2019avis d\u2019un m\u00e9decin g\u00e9n\u00e9raliste ou sp\u00e9cialiste en cas d\u2019arr\u00eat long ; <\/li>\n<li>permettre la reprise du travail sans obligation de visite dans les autres cas.&nbsp;<\/li>\n<\/ul>\n<\/div>\n<div class=\"relative z-[3] mb-7 flex w-full flex-col items-start\">\n<div class=\"relative flex w-full flex-row items-start overflow-hidden before:bg-et-corail-500 bg-white before:absolute before:left-0 before:top-0 before:h-full before:w-[2px]\">\n<div class=\"flex w-full flex-col items-start px-4 py-3.5 md:px-3 lg:px-6\">\n<h2 class=\"mb-2 flex flex-row items-center p-0 font-body text-sm font-medium md:text-base text-et-corail-700\">Important<\/h2>\n<div>*]:font-normal text-et-gray-800 [&amp;&gt;*]:text-base md:[&amp;&gt;*]:text-lg\u00a0\u00bb readability=\u00a0\u00bb35&Prime;&gt;<\/p>\n<p>Un nouveau rebondissement est \u00e0 signaler puisque le Gouvernement envisagerait plut\u00f4t, au final, de faire \u00e9voluer les crit\u00e8res justifiant l\u2019organisation de la visite de reprise.&nbsp;<\/p>\n<\/div>\n<\/div>\n<\/div>\n<\/div>\n<div class=\"prose max-w-max text-color-3 mb-8 [&amp;_li]:prose-lg [&amp;_p]:prose-lg\">\n<p>Aussi flou soit-il, ce projet de mesure, comme tant d\u2019autres <a href=\"https:\/\/www.editions-tissot.fr\/actualite\/droit-du-travail\/budget-2026-les-annonces-du-gouvernement-en-matiere-sociale\" target=\"_blank\" rel=\"nofollow\">pr\u00e9sent\u00e9s par le chef du Gouvernement<\/a>, pourrait int\u00e9grer le prochain PLFSS pour 2026. Rien ne garantit, en revanche, qu\u2019il r\u00e9ussira \u00e0 emporter l\u2019adh\u00e9sion des parlementaires.<\/p>\n<p>Pour en savoir davantage sur la visite de reprise et de pr\u00e9reprise, les Editions Tissot vous conseillent leur documentation \u00ab<a href=\"https:\/\/cmp.editions-tissot.fr\/com\/landing\/lua\/?cact=redac\" target=\"_blank\" rel=\"nofollow\"> Sant\u00e9 s\u00e9curit\u00e9 au travail ACTIV<\/a> \u00bb.<\/p>\n<p><i>Conf\u00e9rence de presse du Gouvernement, pr\u00e9sentation des orientations budg\u00e9taires pour 2026, 15 juillet 2025&nbsp;<\/i><br \/><i>Dossier de presse, Le moment de v\u00e9rit\u00e9, 15 juillet 2025<\/i><br \/><i>UNSA, Budget 2026 : un gouvernement enferm\u00e9 dans le courtermisme et la caricature, 15 juillet 2025<\/i><br \/><i>SFST et ANIMT, lettre ouverte \u00e0 Monsieur le Premier ministre, 17 juillet 2025<\/i><\/p>\n<\/div>\n<p>accidentdutravail-idf.net vous a pr\u00e9par\u00e9 ce post qui informe du sujet \u00ab\u00a0Association Sportive Huisson-Longueville Essonne\u00a0\u00bb. La chronique se veut g\u00e9n\u00e9r\u00e9e du mieux possible. Vous pouvez utiliser les coordonn\u00e9es indiqu\u00e9es sur le site dans le but d\u2019apporter des explications sur ce post qui parle du th\u00e8me \u00ab\u00a0Association Sportive Huisson-Longueville Essonne\u00a0\u00bb. Le site accidentdutravail-idf.net a pour but de fournir diverses publications sur la th\u00e9matique Association Sportive Huisson-Longueville Essonne diffus\u00e9es sur le net. Il y aura plusieurs articles autour du sujet \u00ab\u00a0Association Sportive Huisson-Longueville Essonne\u00a0\u00bb dans quelques jours, nous vous invitons \u00e0 naviguer sur notre site web \u00e0 plusieurs reprises.<\/p>\n","protected":false},"excerpt":{"rendered":"<p>Les orientations budg\u00e9taires pour 2026 sont d\u00e9sormais connues. In\u00e9vitablement, la lutte contre l\u2019explosion des arr\u00eats maladie figure dans les priorit\u00e9s du Gouvernement. Et pour y parvenir, l\u2019ex\u00e9cutif aspire, entre autres, \u00e0 faire \u00e9voluer les r\u00e8gles sur la visite m\u00e9dicale de reprise. Bien que cette intention m\u00e9rite de plus amples pr\u00e9cisions, l\u2019id\u00e9e d&rsquo;une nouvelle r\u00e9forme semble &hellip; <\/p>\n<p class=\"link-more\"><a href=\"https:\/\/www.accidentdutravail-idf.net\/blog\/visites-medicales-de-reprise-du-travail-du-changement-a-venir\/\" class=\"more-link\">Continuer la lecture <span class=\"screen-reader-text\"> \u00ab\u00a0Visites m\u00e9dicales de reprise du travail : du changement \u00e0 venir\u00a0\u00bb<\/span><\/a><\/p>\n","protected":false},"author":2,"featured_media":0,"comment_status":"closed","ping_status":"closed","sticky":false,"template":"","format":"standard","meta":{"footnotes":""},"categories":[5],"tags":[],"class_list":["post-1621","post","type-post","status-publish","format-standard","hentry","category-securite-du-travail-en-ile-de-france-et-divers","entry"],"yoast_head":"<!-- This site is optimized with the Yoast SEO plugin v27.5 - https:\/\/yoast.com\/product\/yoast-seo-wordpress\/ -->\n<title>Visites m\u00e9dicales de reprise du travail : du changement \u00e0 venir - ACCIDENTDUTRAVAIL-IDF<\/title>\n<meta name=\"description\" content=\"Visites m\u00e9dicales de reprise du travail : du changement \u00e0 venir article de ACCIDENTDUTRAVAIL-IDF\" \/>\n<meta name=\"robots\" content=\"index, follow, max-snippet:-1, max-image-preview:large, max-video-preview:-1\" \/>\n<link rel=\"canonical\" href=\"https:\/\/www.accidentdutravail-idf.net\/blog\/visites-medicales-de-reprise-du-travail-du-changement-a-venir\/\" \/>\n<meta property=\"og:locale\" content=\"fr_FR\" \/>\n<meta property=\"og:type\" content=\"article\" \/>\n<meta property=\"og:title\" content=\"Visites m\u00e9dicales de reprise du travail : du changement \u00e0 venir - ACCIDENTDUTRAVAIL-IDF\" \/>\n<meta property=\"og:description\" content=\"Visites m\u00e9dicales de reprise du travail : du changement \u00e0 venir article de ACCIDENTDUTRAVAIL-IDF\" \/>\n<meta property=\"og:url\" content=\"https:\/\/www.accidentdutravail-idf.net\/blog\/visites-medicales-de-reprise-du-travail-du-changement-a-venir\/\" \/>\n<meta property=\"og:site_name\" content=\"ACCIDENTDUTRAVAIL-IDF\" \/>\n<meta property=\"article:published_time\" content=\"2025-07-28T05:02:00+00:00\" \/>\n<meta property=\"og:image\" content=\"https:\/\/www.accidentdutravail-idf.net\/blog\/wp-content\/uploads\/2025\/07\/visites-medicales-de-reprise-du-travail-du-changement-a-venir.jpg\" \/>\n<meta name=\"author\" content=\"Carlos Poulain\" \/>\n<meta name=\"twitter:card\" content=\"summary_large_image\" \/>\n<meta name=\"twitter:label1\" content=\"\u00c9crit par\" \/>\n\t<meta name=\"twitter:data1\" content=\"Carlos Poulain\" \/>\n\t<meta name=\"twitter:label2\" content=\"Dur\u00e9e de lecture estim\u00e9e\" \/>\n\t<meta name=\"twitter:data2\" content=\"4 minutes\" \/>\n<script type=\"application\/ld+json\" class=\"yoast-schema-graph\">{\"@context\":\"https:\\\/\\\/schema.org\",\"@graph\":[{\"@type\":\"Article\",\"@id\":\"https:\\\/\\\/www.accidentdutravail-idf.net\\\/blog\\\/visites-medicales-de-reprise-du-travail-du-changement-a-venir\\\/#article\",\"isPartOf\":{\"@id\":\"https:\\\/\\\/www.accidentdutravail-idf.net\\\/blog\\\/visites-medicales-de-reprise-du-travail-du-changement-a-venir\\\/\"},\"author\":{\"name\":\"Carlos Poulain\",\"@id\":\"https:\\\/\\\/www.accidentdutravail-idf.net\\\/blog\\\/#\\\/schema\\\/person\\\/3255d2f970de45e64bd9201f38e7b947\"},\"headline\":\"Visites m\u00e9dicales de reprise du travail : du changement \u00e0 venir\",\"datePublished\":\"2025-07-28T05:02:00+00:00\",\"mainEntityOfPage\":{\"@id\":\"https:\\\/\\\/www.accidentdutravail-idf.net\\\/blog\\\/visites-medicales-de-reprise-du-travail-du-changement-a-venir\\\/\"},\"wordCount\":859,\"publisher\":{\"@id\":\"https:\\\/\\\/www.accidentdutravail-idf.net\\\/blog\\\/#organization\"},\"image\":{\"@id\":\"https:\\\/\\\/www.accidentdutravail-idf.net\\\/blog\\\/visites-medicales-de-reprise-du-travail-du-changement-a-venir\\\/#primaryimage\"},\"thumbnailUrl\":\"https:\\\/\\\/www.accidentdutravail-idf.net\\\/blog\\\/wp-content\\\/uploads\\\/2025\\\/07\\\/visites-medicales-de-reprise-du-travail-du-changement-a-venir.jpg\",\"articleSection\":[\"S\u00e9curit\u00e9 Du Travail En Ile-De-France Et Divers:\"],\"inLanguage\":\"fr-FR\"},{\"@type\":\"WebPage\",\"@id\":\"https:\\\/\\\/www.accidentdutravail-idf.net\\\/blog\\\/visites-medicales-de-reprise-du-travail-du-changement-a-venir\\\/\",\"url\":\"https:\\\/\\\/www.accidentdutravail-idf.net\\\/blog\\\/visites-medicales-de-reprise-du-travail-du-changement-a-venir\\\/\",\"name\":\"Visites m\u00e9dicales de reprise du travail : du changement \u00e0 venir - ACCIDENTDUTRAVAIL-IDF\",\"isPartOf\":{\"@id\":\"https:\\\/\\\/www.accidentdutravail-idf.net\\\/blog\\\/#website\"},\"primaryImageOfPage\":{\"@id\":\"https:\\\/\\\/www.accidentdutravail-idf.net\\\/blog\\\/visites-medicales-de-reprise-du-travail-du-changement-a-venir\\\/#primaryimage\"},\"image\":{\"@id\":\"https:\\\/\\\/www.accidentdutravail-idf.net\\\/blog\\\/visites-medicales-de-reprise-du-travail-du-changement-a-venir\\\/#primaryimage\"},\"thumbnailUrl\":\"https:\\\/\\\/www.accidentdutravail-idf.net\\\/blog\\\/wp-content\\\/uploads\\\/2025\\\/07\\\/visites-medicales-de-reprise-du-travail-du-changement-a-venir.jpg\",\"datePublished\":\"2025-07-28T05:02:00+00:00\",\"description\":\"Visites m\u00e9dicales de reprise du travail : du changement \u00e0 venir article de ACCIDENTDUTRAVAIL-IDF\",\"breadcrumb\":{\"@id\":\"https:\\\/\\\/www.accidentdutravail-idf.net\\\/blog\\\/visites-medicales-de-reprise-du-travail-du-changement-a-venir\\\/#breadcrumb\"},\"inLanguage\":\"fr-FR\",\"potentialAction\":[{\"@type\":\"ReadAction\",\"target\":[\"https:\\\/\\\/www.accidentdutravail-idf.net\\\/blog\\\/visites-medicales-de-reprise-du-travail-du-changement-a-venir\\\/\"]}]},{\"@type\":\"ImageObject\",\"inLanguage\":\"fr-FR\",\"@id\":\"https:\\\/\\\/www.accidentdutravail-idf.net\\\/blog\\\/visites-medicales-de-reprise-du-travail-du-changement-a-venir\\\/#primaryimage\",\"url\":\"https:\\\/\\\/www.accidentdutravail-idf.net\\\/blog\\\/wp-content\\\/uploads\\\/2025\\\/07\\\/visites-medicales-de-reprise-du-travail-du-changement-a-venir.jpg\",\"contentUrl\":\"https:\\\/\\\/www.accidentdutravail-idf.net\\\/blog\\\/wp-content\\\/uploads\\\/2025\\\/07\\\/visites-medicales-de-reprise-du-travail-du-changement-a-venir.jpg\"},{\"@type\":\"BreadcrumbList\",\"@id\":\"https:\\\/\\\/www.accidentdutravail-idf.net\\\/blog\\\/visites-medicales-de-reprise-du-travail-du-changement-a-venir\\\/#breadcrumb\",\"itemListElement\":[{\"@type\":\"ListItem\",\"position\":1,\"name\":\"Accueil\",\"item\":\"https:\\\/\\\/www.accidentdutravail-idf.net\\\/blog\\\/\"},{\"@type\":\"ListItem\",\"position\":2,\"name\":\"Visites m\u00e9dicales de reprise du travail : du changement \u00e0 venir\"}]},{\"@type\":\"WebSite\",\"@id\":\"https:\\\/\\\/www.accidentdutravail-idf.net\\\/blog\\\/#website\",\"url\":\"https:\\\/\\\/www.accidentdutravail-idf.net\\\/blog\\\/\",\"name\":\"ACCIDENTDUTRAVAIL-IDF\",\"description\":\"Portail accidents du travail-maladies professionnelles des entreprises d&#039;Ile-de-France\",\"publisher\":{\"@id\":\"https:\\\/\\\/www.accidentdutravail-idf.net\\\/blog\\\/#organization\"},\"potentialAction\":[{\"@type\":\"SearchAction\",\"target\":{\"@type\":\"EntryPoint\",\"urlTemplate\":\"https:\\\/\\\/www.accidentdutravail-idf.net\\\/blog\\\/?s={search_term_string}\"},\"query-input\":{\"@type\":\"PropertyValueSpecification\",\"valueRequired\":true,\"valueName\":\"search_term_string\"}}],\"inLanguage\":\"fr-FR\"},{\"@type\":\"Organization\",\"@id\":\"https:\\\/\\\/www.accidentdutravail-idf.net\\\/blog\\\/#organization\",\"name\":\"accidentdutravail-idf\",\"url\":\"https:\\\/\\\/www.accidentdutravail-idf.net\\\/blog\\\/\",\"logo\":{\"@type\":\"ImageObject\",\"inLanguage\":\"fr-FR\",\"@id\":\"https:\\\/\\\/www.accidentdutravail-idf.net\\\/blog\\\/#\\\/schema\\\/logo\\\/image\\\/\",\"url\":\"https:\\\/\\\/www.accidentdutravail-idf.net\\\/blog\\\/wp-content\\\/uploads\\\/2022\\\/09\\\/logo-2.png\",\"contentUrl\":\"https:\\\/\\\/www.accidentdutravail-idf.net\\\/blog\\\/wp-content\\\/uploads\\\/2022\\\/09\\\/logo-2.png\",\"width\":380,\"height\":291,\"caption\":\"accidentdutravail-idf\"},\"image\":{\"@id\":\"https:\\\/\\\/www.accidentdutravail-idf.net\\\/blog\\\/#\\\/schema\\\/logo\\\/image\\\/\"}},{\"@type\":\"Person\",\"@id\":\"https:\\\/\\\/www.accidentdutravail-idf.net\\\/blog\\\/#\\\/schema\\\/person\\\/3255d2f970de45e64bd9201f38e7b947\",\"name\":\"Carlos Poulain\",\"image\":{\"@type\":\"ImageObject\",\"inLanguage\":\"fr-FR\",\"@id\":\"https:\\\/\\\/secure.gravatar.com\\\/avatar\\\/b1c2f9d3588e34e91adb093635df64ef4b2381991216be7576466cfcdca4baf3?s=96&d=mm&r=g\",\"url\":\"https:\\\/\\\/secure.gravatar.com\\\/avatar\\\/b1c2f9d3588e34e91adb093635df64ef4b2381991216be7576466cfcdca4baf3?s=96&d=mm&r=g\",\"contentUrl\":\"https:\\\/\\\/secure.gravatar.com\\\/avatar\\\/b1c2f9d3588e34e91adb093635df64ef4b2381991216be7576466cfcdca4baf3?s=96&d=mm&r=g\",\"caption\":\"Carlos Poulain\"},\"url\":\"https:\\\/\\\/www.accidentdutravail-idf.net\\\/blog\\\/author\\\/idfcarlos\\\/\"}]}<\/script>\n<!-- \/ Yoast SEO plugin. -->","yoast_head_json":{"title":"Visites m\u00e9dicales de reprise du travail : du changement \u00e0 venir - ACCIDENTDUTRAVAIL-IDF","description":"Visites m\u00e9dicales de reprise du travail : du changement \u00e0 venir article de ACCIDENTDUTRAVAIL-IDF","robots":{"index":"index","follow":"follow","max-snippet":"max-snippet:-1","max-image-preview":"max-image-preview:large","max-video-preview":"max-video-preview:-1"},"canonical":"https:\/\/www.accidentdutravail-idf.net\/blog\/visites-medicales-de-reprise-du-travail-du-changement-a-venir\/","og_locale":"fr_FR","og_type":"article","og_title":"Visites m\u00e9dicales de reprise du travail : du changement \u00e0 venir - ACCIDENTDUTRAVAIL-IDF","og_description":"Visites m\u00e9dicales de reprise du travail : du changement \u00e0 venir article de ACCIDENTDUTRAVAIL-IDF","og_url":"https:\/\/www.accidentdutravail-idf.net\/blog\/visites-medicales-de-reprise-du-travail-du-changement-a-venir\/","og_site_name":"ACCIDENTDUTRAVAIL-IDF","article_published_time":"2025-07-28T05:02:00+00:00","og_image":[{"url":"https:\/\/www.accidentdutravail-idf.net\/blog\/wp-content\/uploads\/2025\/07\/visites-medicales-de-reprise-du-travail-du-changement-a-venir.jpg","type":"","width":"","height":""}],"author":"Carlos Poulain","twitter_card":"summary_large_image","twitter_misc":{"\u00c9crit par":"Carlos Poulain","Dur\u00e9e de lecture estim\u00e9e":"4 minutes"},"schema":{"@context":"https:\/\/schema.org","@graph":[{"@type":"Article","@id":"https:\/\/www.accidentdutravail-idf.net\/blog\/visites-medicales-de-reprise-du-travail-du-changement-a-venir\/#article","isPartOf":{"@id":"https:\/\/www.accidentdutravail-idf.net\/blog\/visites-medicales-de-reprise-du-travail-du-changement-a-venir\/"},"author":{"name":"Carlos Poulain","@id":"https:\/\/www.accidentdutravail-idf.net\/blog\/#\/schema\/person\/3255d2f970de45e64bd9201f38e7b947"},"headline":"Visites m\u00e9dicales de reprise du travail : du changement \u00e0 venir","datePublished":"2025-07-28T05:02:00+00:00","mainEntityOfPage":{"@id":"https:\/\/www.accidentdutravail-idf.net\/blog\/visites-medicales-de-reprise-du-travail-du-changement-a-venir\/"},"wordCount":859,"publisher":{"@id":"https:\/\/www.accidentdutravail-idf.net\/blog\/#organization"},"image":{"@id":"https:\/\/www.accidentdutravail-idf.net\/blog\/visites-medicales-de-reprise-du-travail-du-changement-a-venir\/#primaryimage"},"thumbnailUrl":"https:\/\/www.accidentdutravail-idf.net\/blog\/wp-content\/uploads\/2025\/07\/visites-medicales-de-reprise-du-travail-du-changement-a-venir.jpg","articleSection":["S\u00e9curit\u00e9 Du Travail En Ile-De-France Et Divers:"],"inLanguage":"fr-FR"},{"@type":"WebPage","@id":"https:\/\/www.accidentdutravail-idf.net\/blog\/visites-medicales-de-reprise-du-travail-du-changement-a-venir\/","url":"https:\/\/www.accidentdutravail-idf.net\/blog\/visites-medicales-de-reprise-du-travail-du-changement-a-venir\/","name":"Visites m\u00e9dicales de reprise du travail : du changement \u00e0 venir - ACCIDENTDUTRAVAIL-IDF","isPartOf":{"@id":"https:\/\/www.accidentdutravail-idf.net\/blog\/#website"},"primaryImageOfPage":{"@id":"https:\/\/www.accidentdutravail-idf.net\/blog\/visites-medicales-de-reprise-du-travail-du-changement-a-venir\/#primaryimage"},"image":{"@id":"https:\/\/www.accidentdutravail-idf.net\/blog\/visites-medicales-de-reprise-du-travail-du-changement-a-venir\/#primaryimage"},"thumbnailUrl":"https:\/\/www.accidentdutravail-idf.net\/blog\/wp-content\/uploads\/2025\/07\/visites-medicales-de-reprise-du-travail-du-changement-a-venir.jpg","datePublished":"2025-07-28T05:02:00+00:00","description":"Visites m\u00e9dicales de reprise du travail : du changement \u00e0 venir article de ACCIDENTDUTRAVAIL-IDF","breadcrumb":{"@id":"https:\/\/www.accidentdutravail-idf.net\/blog\/visites-medicales-de-reprise-du-travail-du-changement-a-venir\/#breadcrumb"},"inLanguage":"fr-FR","potentialAction":[{"@type":"ReadAction","target":["https:\/\/www.accidentdutravail-idf.net\/blog\/visites-medicales-de-reprise-du-travail-du-changement-a-venir\/"]}]},{"@type":"ImageObject","inLanguage":"fr-FR","@id":"https:\/\/www.accidentdutravail-idf.net\/blog\/visites-medicales-de-reprise-du-travail-du-changement-a-venir\/#primaryimage","url":"https:\/\/www.accidentdutravail-idf.net\/blog\/wp-content\/uploads\/2025\/07\/visites-medicales-de-reprise-du-travail-du-changement-a-venir.jpg","contentUrl":"https:\/\/www.accidentdutravail-idf.net\/blog\/wp-content\/uploads\/2025\/07\/visites-medicales-de-reprise-du-travail-du-changement-a-venir.jpg"},{"@type":"BreadcrumbList","@id":"https:\/\/www.accidentdutravail-idf.net\/blog\/visites-medicales-de-reprise-du-travail-du-changement-a-venir\/#breadcrumb","itemListElement":[{"@type":"ListItem","position":1,"name":"Accueil","item":"https:\/\/www.accidentdutravail-idf.net\/blog\/"},{"@type":"ListItem","position":2,"name":"Visites m\u00e9dicales de reprise du travail : du changement \u00e0 venir"}]},{"@type":"WebSite","@id":"https:\/\/www.accidentdutravail-idf.net\/blog\/#website","url":"https:\/\/www.accidentdutravail-idf.net\/blog\/","name":"ACCIDENTDUTRAVAIL-IDF","description":"Portail accidents du travail-maladies professionnelles des entreprises d&#039;Ile-de-France","publisher":{"@id":"https:\/\/www.accidentdutravail-idf.net\/blog\/#organization"},"potentialAction":[{"@type":"SearchAction","target":{"@type":"EntryPoint","urlTemplate":"https:\/\/www.accidentdutravail-idf.net\/blog\/?s={search_term_string}"},"query-input":{"@type":"PropertyValueSpecification","valueRequired":true,"valueName":"search_term_string"}}],"inLanguage":"fr-FR"},{"@type":"Organization","@id":"https:\/\/www.accidentdutravail-idf.net\/blog\/#organization","name":"accidentdutravail-idf","url":"https:\/\/www.accidentdutravail-idf.net\/blog\/","logo":{"@type":"ImageObject","inLanguage":"fr-FR","@id":"https:\/\/www.accidentdutravail-idf.net\/blog\/#\/schema\/logo\/image\/","url":"https:\/\/www.accidentdutravail-idf.net\/blog\/wp-content\/uploads\/2022\/09\/logo-2.png","contentUrl":"https:\/\/www.accidentdutravail-idf.net\/blog\/wp-content\/uploads\/2022\/09\/logo-2.png","width":380,"height":291,"caption":"accidentdutravail-idf"},"image":{"@id":"https:\/\/www.accidentdutravail-idf.net\/blog\/#\/schema\/logo\/image\/"}},{"@type":"Person","@id":"https:\/\/www.accidentdutravail-idf.net\/blog\/#\/schema\/person\/3255d2f970de45e64bd9201f38e7b947","name":"Carlos Poulain","image":{"@type":"ImageObject","inLanguage":"fr-FR","@id":"https:\/\/secure.gravatar.com\/avatar\/b1c2f9d3588e34e91adb093635df64ef4b2381991216be7576466cfcdca4baf3?s=96&d=mm&r=g","url":"https:\/\/secure.gravatar.com\/avatar\/b1c2f9d3588e34e91adb093635df64ef4b2381991216be7576466cfcdca4baf3?s=96&d=mm&r=g","contentUrl":"https:\/\/secure.gravatar.com\/avatar\/b1c2f9d3588e34e91adb093635df64ef4b2381991216be7576466cfcdca4baf3?s=96&d=mm&r=g","caption":"Carlos Poulain"},"url":"https:\/\/www.accidentdutravail-idf.net\/blog\/author\/idfcarlos\/"}]}},"_links":{"self":[{"href":"https:\/\/www.accidentdutravail-idf.net\/blog\/wp-json\/wp\/v2\/posts\/1621","targetHints":{"allow":["GET"]}}],"collection":[{"href":"https:\/\/www.accidentdutravail-idf.net\/blog\/wp-json\/wp\/v2\/posts"}],"about":[{"href":"https:\/\/www.accidentdutravail-idf.net\/blog\/wp-json\/wp\/v2\/types\/post"}],"author":[{"embeddable":true,"href":"https:\/\/www.accidentdutravail-idf.net\/blog\/wp-json\/wp\/v2\/users\/2"}],"replies":[{"embeddable":true,"href":"https:\/\/www.accidentdutravail-idf.net\/blog\/wp-json\/wp\/v2\/comments?post=1621"}],"version-history":[{"count":0,"href":"https:\/\/www.accidentdutravail-idf.net\/blog\/wp-json\/wp\/v2\/posts\/1621\/revisions"}],"wp:attachment":[{"href":"https:\/\/www.accidentdutravail-idf.net\/blog\/wp-json\/wp\/v2\/media?parent=1621"}],"wp:term":[{"taxonomy":"category","embeddable":true,"href":"https:\/\/www.accidentdutravail-idf.net\/blog\/wp-json\/wp\/v2\/categories?post=1621"},{"taxonomy":"post_tag","embeddable":true,"href":"https:\/\/www.accidentdutravail-idf.net\/blog\/wp-json\/wp\/v2\/tags?post=1621"}],"curies":[{"name":"wp","href":"https:\/\/api.w.org\/{rel}","templated":true}]}}