{"id":1620,"date":"2021-10-17T19:01:00","date_gmt":"2021-10-17T17:01:00","guid":{"rendered":"https:\/\/www.accidentdutravail-idf.net\/blog\/accident-du-travail-presumer-nest-pas-prejuger\/"},"modified":"2021-10-17T19:01:00","modified_gmt":"2021-10-17T17:01:00","slug":"accident-du-travail-presumer-nest-pas-prejuger","status":"publish","type":"post","link":"https:\/\/www.accidentdutravail-idf.net\/blog\/accident-du-travail-presumer-nest-pas-prejuger\/","title":{"rendered":"Accident du travail : pr\u00e9sumer n\u2019est pas pr\u00e9juger."},"content":{"rendered":"<p>Les motifs de sa d\u00e9cision sont cependant contestables au regard des conditions d\u2019application de la pr\u00e9somption l\u00e9gale d\u2019accident du travail, non respect\u00e9es par la Cour d\u2019appel, conditions sur lesquelles il est utile de revenir.<\/p>\n<h3 class=\"spip\">I.- La pr\u00e9somption l\u00e9gale applicable.<\/h3>\n<p>Selon l\u2019article L411-1 du Code de la s\u00e9curit\u00e9 sociale,<\/p>\n<blockquote class=\"spip\">\n<p>\u00ab&nbsp;<i>Est consid\u00e9r\u00e9 comme accident du travail, quelle qu\u2019en soit la cause, l\u2019accident survenu par le fait ou \u00e0 l\u2019occasion du travail \u00e0 toute personne salari\u00e9e ou travaillant, \u00e0 quelque titre ou en quelque lieu que ce soit, pour un ou plusieurs employeurs ou chefs d\u2019entreprise<\/i>&nbsp;\u00bb.<\/p>\n<\/blockquote>\n<p>Il convient de rappeler qu\u2019une pr\u00e9somption est un <i>mode de preuve<\/i> portant sur le caract\u00e8re <i>a priori<\/i> d\u00e9monstratif d\u2019un fait sur l\u2019existence d\u2019un autre. L\u2019article 1354 du Code civil indique&nbsp;: \u00ab&nbsp;<i>la pr\u00e9somption que la loi attache \u00e0 certains actes ou \u00e0 certains faits en les tenant pour certains dispense celui au profit duquel elle existe d\u2019en rapporter la preuve<\/i>&nbsp;\u00bb. L\u2019ancien article 1349 du m\u00eame Code soulignait, par une pr\u00e9cision malheureusement disparue, le caract\u00e8re inductif d\u2019une pr\u00e9somption, en \u00e9non\u00e7ant qu\u2019elle est la \u00ab&nbsp;<i>cons\u00e9quence<\/i>&nbsp;\u00bb tir\u00e9e \u00ab&nbsp;<i>d\u2019un fait connu \u00e0 un fait inconnu<\/i>&nbsp;\u00bb.<\/p>\n<p>La pr\u00e9somption porte ainsi, non pas sur le premier fait mais sur<i> la relation<\/i> suppos\u00e9e le lier \u00e0 l\u2019autre et la cons\u00e9quence qui en r\u00e9sulte sur le r\u00e9gime qui lui est applicable. Elle porte donc, en notre mati\u00e8re, sur<i> l\u2019imputabilit\u00e9<\/i> d\u2019un fait \u00e0 un accident du travail, et d\u00e8s lors sur sa qualification, l\u2019enjeu \u00e9tant de savoir si la l\u00e9gislation sur les accidents du travail lui \u00e9tait applicable ou non.<\/p>\n<p>La logique de ce m\u00e9canisme probatoire dispense le salari\u00e9 d\u2019\u00e9tablir la relation du fait qu\u2019il invoque \u00e0 cette qualification&nbsp;; cette derni\u00e8re d\u00e9coule de la pr\u00e9somption. Elle lui impose, en revanche, de prouver la r\u00e9alit\u00e9 de ce fait initial. A d\u00e9faut, ce m\u00e9canisme ne <i>peut pas<\/i> fonctionner, et ne <i>doit pas<\/i> l\u00e9galement fonctionner.<\/p>\n<p>C\u2019est pourquoi la Cour de cassation impose au salari\u00e9 cette preuve pr\u00e9liminaire, laquelle doit porter sur \u00ab&nbsp;<i>la mat\u00e9rialit\u00e9 d\u2019un accident survenu au lieu et au temps du travail<\/i>&nbsp;\u00bb (Soc., 3 f\u00e9vrier 2000, pourvoi n\u00b0&nbsp;<a href=\"https:\/\/www.legifrance.gouv.fr\/juri\/id\/JURITEXT000007410075?init=true&amp;page=1&amp;query=98-17.805&amp;searchField=ALL&amp;tab_selection=all\" class=\"spip_out\" rel=\"external nofollow\" target=\"_blank\">98-17.805<\/a>&nbsp;; 8 juillet 2010, pourvoi n\u00b0&nbsp;<a href=\"https:\/\/www.legifrance.gouv.fr\/juri\/id\/JURITEXT000022463089?init=true&amp;page=1&amp;query=09-16.181&amp;searchField=ALL&amp;tab_selection=all\" class=\"spip_out\" rel=\"external nofollow\" target=\"_blank\">09-16.181<\/a>).<\/p>\n<p>S\u2019agissant d\u2019une <i>preuve<\/i>, c\u2019est-\u00e0-dire de la mise en \u00e9vidence, document\u00e9e ou argument\u00e9e d\u2019un fait, il va de soi que la preuve de ce fait initial ne peut pas reposer exclusivement sur les affirmations du salari\u00e9 (2e Civ., 8 juillet 2010, <i>susvis\u00e9<\/i>). Une affirmation, par hypoth\u00e8se, ne prouve pas&nbsp;; elle \u00e9nonce, et l\u2019\u00e9nonciation est en l\u2019occurrence d\u2019autant plus suspecte qu\u2019elle \u00e9mane du salari\u00e9 lui-m\u00eame, lequel ne peut pr\u00e9tendre au b\u00e9n\u00e9fice d\u2019un r\u00e9gime juridique particulier sans que ses conditions mat\u00e9rielles soient r\u00e9unies.<\/p>\n<p>C\u2019est pourquoi, l\u00e0 encore, la jurisprudence est fond\u00e9e en raison, en ce qu\u2019elle exige du salari\u00e9 qu\u2019il apporte au juge des \u00e9l\u00e9ments qui lui permettent de \u00ab&nbsp;<i>caract\u00e9riser un fait accidentel au sens du texte susvis\u00e9<\/i>&nbsp;\u00bb, et ce sous le contr\u00f4le de la Cour de cassation (2e Civ., 7 juillet 2016, pourvoi n\u00b0&nbsp;<a href=\"https:\/\/www.legifrance.gouv.fr\/juri\/id\/JURITEXT000032870195?init=true&amp;page=1&amp;query=15-21.572&amp;searchField=ALL&amp;tab_selection=all\" class=\"spip_out\" rel=\"external nofollow\" target=\"_blank\">15-21.572<\/a>).<\/p>\n<p>Cette derni\u00e8re l\u2019a tr\u00e8s r\u00e9cemment rappel\u00e9, en des termes fort int\u00e9ressants pour le pr\u00e9sent litige&nbsp;:<\/p>\n<blockquote class=\"spip\">\n<p>\u00ab&nbsp;<i>Pour rejeter le recours de la victime, l\u2019arr\u00eat rel\u00e8ve qu\u2019une altercation, \u00e0 l\u2019occasion du travail, a eu lieu le 20 mai 2015 entre celle-ci et son sup\u00e9rieur hi\u00e9rarchique, que le caract\u00e8re houleux de la discussion est confirm\u00e9 par les autres protagonistes dont l\u2019intervention a \u00e9t\u00e9 n\u00e9cessaire pour la faire cesser, <strong>qu\u2019ainsi la mat\u00e9rialit\u00e9 de l\u2019\u00e9v\u00e9nement soudain invoqu\u00e9 est d\u00e9montr\u00e9e de sorte que la pr\u00e9somption d\u2019imputabilit\u00e9 de l\u2019accident au travail s\u2019applique<\/strong> (\u2026)<\/i>&nbsp;\u00bb (2e Civ., 28 janvier 2021, pourvoi n\u00b0&nbsp;<a href=\"https:\/\/www.legifrance.gouv.fr\/juri\/id\/JURITEXT000043106075?init=true&amp;page=1&amp;query=19-25.722&amp;searchField=ALL&amp;tab_selection=all\" class=\"spip_out\" rel=\"external nofollow\" target=\"_blank\">19-25.722<\/a>, publi\u00e9 au Bulletin).<\/p>\n<\/blockquote>\n<p>En se d\u00e9terminant ainsi, en effet, la Cour de cassation a d\u00e9clin\u00e9 tous les principes ici en cause&nbsp;:<br \/>\n<br \/><img decoding=\"async\" src=\"https:\/\/www.accidentdutravail-idf.net\/blog\/wp-content\/uploads\/2025\/07\/accident-du-travail-presumer-nest-pas-prejuger.gif\" width=\"8\" height=\"11\" class=\"puce\" alt=\"-\">&nbsp;la n\u00e9cessit\u00e9 de la d\u00e9monstration de la \u00ab&nbsp;<i>mat\u00e9rialit\u00e9 de l\u2019\u00e9v\u00e9nement<\/i>&nbsp;\u00bb, c\u2019est-\u00e0-dire de \u00ab&nbsp;<i>ce qui<\/i>&nbsp;\u00bb est advenu, en temps et en lieu&nbsp;;<br \/>\n<br \/><img decoding=\"async\" src=\"https:\/\/www.accidentdutravail-idf.net\/blog\/wp-content\/uploads\/2025\/07\/accident-du-travail-presumer-nest-pas-prejuger.gif\" width=\"8\" height=\"11\" class=\"puce\" alt=\"-\">&nbsp;la caract\u00e9risation de cet \u00e9v\u00e9nement en tant qu\u2019accident, c\u2019est-\u00e0-dire d\u2019\u00e9v\u00e9nement \u00ab&nbsp;<i>soudain<\/i>&nbsp;\u00bb&nbsp;; et<br \/>\n<br \/><img decoding=\"async\" src=\"https:\/\/www.accidentdutravail-idf.net\/blog\/wp-content\/uploads\/2025\/07\/accident-du-travail-presumer-nest-pas-prejuger.gif\" width=\"8\" height=\"11\" class=\"puce\" alt=\"-\">&nbsp;le caract\u00e8re ant\u00e9c\u00e9dent de cette preuve, puisque la pr\u00e9somption l\u00e9gale y est suspendue&nbsp;: \u00ab&nbsp;<i>la mat\u00e9rialit\u00e9 (\u2026) est d\u00e9montr\u00e9e <strong>de sorte que<\/strong> la pr\u00e9somption (\u2026) s\u2019applique<\/i>&nbsp;\u00bb.<\/p>\n<p>Si cela est vrai en g\u00e9n\u00e9ral de tout fait accidentel, ce l\u2019est en particulier des faits accidentels de type \u00e9motionnel ou psychologique (2e Civ., 2 avril 2015, pourvoi n\u00b0&nbsp;<a href=\"https:\/\/www.legifrance.gouv.fr\/juri\/id\/JURITEXT000030447515?init=true&amp;page=1&amp;query=14-14.437&amp;searchField=ALL&amp;tab_selection=all\" class=\"spip_out\" rel=\"external nofollow\" target=\"_blank\">14-14.437<\/a>), lesquels ne sont rien d\u2019autre qu\u2019une modalit\u00e9 particuli\u00e8re d\u2019accident. Cela est ais\u00e9 \u00e0 comprendre. La preuve du fait n\u2019est pas exigible \u00e0 raison de sa nature particuli\u00e8re &#8211; ce qu\u2019indique d\u2019ailleurs l\u2019article L411-1 du Code de la s\u00e9curit\u00e9 sociale, qui fait r\u00e9f\u00e9rence \u00e0 tout accident \u00ab&nbsp;<i>quelle qu\u2019en soit la cause<\/i>&nbsp;\u00bb &#8211; mais \u00e0 raison de son ant\u00e9c\u00e9dence mat\u00e9rielle, parce qu\u2019elle conditionne l\u2019application au fait \u00e9tabli de la pr\u00e9somption l\u00e9gale.<\/p>\n<h3 class=\"spip\">II.- Les objections de la caisse et la r\u00e9ponse de la Cour d\u2019appel.<\/h3>\n<p>La Caisse, il s\u2019agissait en l\u2019occurrence de la Caisse de retraite et de pr\u00e9voyance de la SNCF, qui refusait d\u2019admettre le principe m\u00eame d\u2019un accident du travail en cette affaire, avait en substance fait valoir que le salari\u00e9 n\u2019\u00e9tablissait par aucun document que ce soit l\u2019existence m\u00eame d\u2019un fait qualifiable d\u2019accident, et que la seule chose qu\u2019il p\u00fbt soutenir, mais de mani\u00e8re inop\u00e9rante, \u00e9tait que les troubles psychologiques qu\u2019il invoquait, et dont il \u00e9tait conc\u00e9d\u00e9 qu\u2019ils \u00e9taient m\u00e9dicalement attest\u00e9s, \u00e9taient li\u00e9s \u00e0 son activit\u00e9 professionnelle.<\/p>\n<p>En r\u00e9ponse, la Cour d\u2019appel de Grenoble a rappel\u00e9 qu\u2019en effet le salari\u00e9 devait prouver \u00ab&nbsp;<i>la mat\u00e9rialit\u00e9 de l\u2019accident (\u2026) ce qui suppose un \u00e9v\u00e9nement l\u00e9sionnel soudainement survenu \u00e0 une date certaine<\/i>&nbsp;\u00bb (arr\u00eat, p. 3, motifs \u00a7 2). Elle a ajout\u00e9 que, d\u00e8s lors, la seule \u00e9vocation d\u2019un harc\u00e8lement moral ou de l\u2019existence d\u2019une proc\u00e9dure disciplinaire engag\u00e9e contre lui, \u00e9galement mis en avant par le salari\u00e9, n\u2019\u00e9tablissaient pas cette mat\u00e9rialit\u00e9. Sur ce point, elle ne peut qu\u2019\u00eatre approuv\u00e9e car telle est la jurisprudence de la Cour de cassation.<\/p>\n<p>En revanche, la Cour d\u2019appel a consid\u00e9r\u00e9 que les dires du salari\u00e9, selon lesquels il avait \u00e9t\u00e9 \u00ab&nbsp;<i>victime d\u2019un choc psychologique \u00e0 l\u2019annonce de sa convocation devant un conseil de discipline<\/i>&nbsp;\u00bb \u00e9taient corrobor\u00e9s par deux documents m\u00e9dicaux, en particulier par le premier, parce qu\u2019il \u00e9tait proche de la date de r\u00e9ception \u00ab&nbsp;<i>de la lettre de convocation devant l\u2019instance disciplinaire<\/i>&nbsp;\u00bb (arr\u00eat, p. 3, \u00a7 motifs \u00a7 7). Elle en a d\u00e8s lors conclu que la mat\u00e9rialit\u00e9 de l\u2019accident \u00e9tait ainsi \u00e9tablie, de sorte que la pr\u00e9somption l\u00e9gale pouvait \u00eatre mise en \u0153uvre (p. 4).<\/p>\n<p>Suivant la logique de cette pr\u00e9somption simple, la Cour d\u2019appel de Grenoble a ensuite jug\u00e9 que la Caisse n\u2019apportait pas la preuve contraire que les troubles psychologiques invoqu\u00e9s par le salari\u00e9 fussent imputables \u00e0 autre chose qu\u2019\u00e0 un accident du travail, et qu\u2019en rattachant ces troubles au d\u00e9roul\u00e9 de la proc\u00e9dure disciplinaire, elle reconnaissait ainsi un contexte professionnel \u00ab&nbsp;<i>qu\u2019elle-m\u00eame consid\u00e8re comme \u00e9tant \u00e0 l\u2019origine de l\u2019\u00e9tat d\u00e9pressif du salari\u00e9<\/i>&nbsp;\u00bb.<\/p>\n<h3 class=\"spip\">III.- Une solution certainement critiquable.<\/h3>\n<p>A l\u2019examen, cependant, il appara\u00eet qu\u2019aucun des deux certificats m\u00e9dicaux sur lesquels la Cour d\u2019appel s\u2019est exclusivement fond\u00e9e ne contenait l\u2019indication d\u2019un fait accidentel quelconque, identifi\u00e9 comme tel et dat\u00e9. Le premier, en effet, se bornait \u00e0 viser un \u00ab&nbsp;<i>arr\u00eat de travail (\u2026) d\u00e9livr\u00e9 (\u2026) par le Dr N.<\/i>&nbsp;\u00bb deux jours apr\u00e8s l\u2019accident suppos\u00e9&nbsp;; le second, d\u00e9livr\u00e9 par un autre m\u00e9decin, se bornait \u00e0 indiquer que le salari\u00e9 pr\u00e9sentait \u00ab&nbsp;<i>un \u00e9tat d\u00e9pressif s\u00e9v\u00e8re r\u00e9actionnel \u00e0 des probl\u00e8mes professionnels<\/i>&nbsp;\u00bb.<\/p>\n<p>Ainsi, l\u2019application par la Cour de Grenoble de la pr\u00e9somption l\u00e9gale ne repose sur le constat d\u2019aucun fait dat\u00e9, \u00e9tabli par le salari\u00e9, susceptible de caract\u00e9riser \u00ab&nbsp;<i>la mat\u00e9rialit\u00e9 de l\u2019\u00e9v\u00e9nement soudain invoqu\u00e9<\/i>&nbsp;\u00bb, pour reprendre la formule de la Cour de cassation, l\u2019\u00e9tat d\u00e9pressif vis\u00e9, qui n\u2019\u00e9tait d\u2019ailleurs pas l\u2019objet de contestation, n\u2019\u00e9tant rattach\u00e9 qu\u2019\u00e0 des \u00ab&nbsp;<i>probl\u00e8mes professionnels<\/i>&nbsp;\u00bb g\u00e9n\u00e9raux, au demeurant non identifi\u00e9s.<\/p>\n<p>Ceci est confirm\u00e9 par la r\u00e9f\u00e9rence de l\u2019arr\u00eat au pr\u00e9tendu aveu de la Caisse, \u00e0 laquelle la Cour d\u2019appel attribue d\u2019avoir, comme elle-m\u00eame, rattach\u00e9 l\u2019\u00e9tat d\u00e9pressif invoqu\u00e9 au contexte professionnel du salari\u00e9. Il est impossible, en l\u2019\u00e9tat, de v\u00e9rifier, en particulier, si ces troubles psychologiques sont dus \u00e0 un stress attach\u00e9 \u00e0 l\u2019exercice de la profession, aux soucis provoqu\u00e9s par la proc\u00e9dure disciplinaire dont avait \u00e9t\u00e9 l\u2019objet le salari\u00e9, ou \u00e0 un conflit de ce dernier avec sa direction, ainsi qu\u2019il l\u2019all\u00e9guait.<\/p>\n<p>Ainsi, en d\u00e9pit des apparences, la Cour de Grenoble a fait une application erron\u00e9e de la pr\u00e9somption l\u00e9gale de l\u2019article L411-1 du Code de la s\u00e9curit\u00e9 sociale, et cela \u00e0 un double titre. D\u2019une part, parce qu\u2019elle n\u2019a pas tir\u00e9 les cons\u00e9quences l\u00e9gales des principes qu\u2019elle a elle-m\u00eame rappel\u00e9s, relatifs \u00e0 l\u2019exigence de la preuve pr\u00e9alable, par le salari\u00e9, d\u2019un \u00ab&nbsp;<i>\u00e9v\u00e9nement l\u00e9sionnel soudainement survenu \u00e0 une date certaine<\/i>&nbsp;\u00bb&nbsp;; d\u2019autre part, parce qu\u2019elle n\u2019a donn\u00e9 aucune base l\u00e9gale \u00e0 sa d\u00e9cision d\u00e8s lors que les documents m\u00e9dicaux sur lesquels elle l\u2019a exclusivement fond\u00e9e ne comportent aucune identification, ni d\u2019un accident, ni de la date \u00e0 laquelle il serait survenu.<\/p>\n<p>Il convient, pour \u00eatre complet, d\u2019observer que la motivation ainsi formul\u00e9e par la Cour ne pourrait pas \u00eatre justifi\u00e9e par l\u2019invocation de l\u2019exercice, par la Cour d\u2019appel de Grenoble, de son pouvoir souverain d\u2019appr\u00e9ciation des \u00e9l\u00e9ments de fait et de preuve de la cause (ex. Soc., 14 octobre 2020, pourvoi n\u00b0&nbsp;<a href=\"https:\/\/www.legifrance.gouv.fr\/juri\/id\/JURITEXT000042464530?fonds=JURI&amp;init=true&amp;isAdvancedResult=true&amp;page=1&amp;pageSize=10&amp;query=%7B%28%40ALL%5Be%22souverain%22%5D%29+%26%26+%28%40ALL%5Be%22de+fait+et+de+preuve%22%5D%29+%26%26+%28%40ALL%5Bt%22rejette%22%5D%29%7D&amp;tab_selection=all&amp;typeRecherche=date\" class=\"spip_out\" rel=\"external nofollow\" target=\"_blank\">19-12.489<\/a>).<\/p>\n<p>Invoquer le pouvoir souverain serait en effet inop\u00e9rant, et ne saurait abuser la Cour de cassation. Assur\u00e9ment, ce pouvoir porte bien sur de tels \u00e9l\u00e9ments, factuels et probatoires. Cependant, au regard des termes du litige, il ne peut porter que sur les \u00e9l\u00e9ments dont l\u2019article L411-1 du Code de la s\u00e9curit\u00e9 sociale et la jurisprudence exigent la r\u00e9union, et qui sont relatifs au constat n\u00e9cessaire d\u2019un \u00e9v\u00e9nement soudain, pr\u00e9cis et dat\u00e9 (2e Civ., 8 juillet 2010, pourvoi n\u00b0&nbsp;<a href=\"https:\/\/www.legifrance.gouv.fr\/juri\/id\/JURITEXT000022463089?init=true&amp;page=1&amp;query=09-16.181&amp;searchField=ALL&amp;tab_selection=all\" class=\"spip_out\" rel=\"external nofollow\" target=\"_blank\">09-16.181<\/a>). S\u2019ils sont absents &#8211; et tel est assur\u00e9ment le cas en l\u2019esp\u00e8ce &#8211; alors le pouvoir souverain des juges du fond n\u2019a pas de mati\u00e8re, de sorte que son \u00e9vocation ne peut \u00eatre qu\u2019incantatoire.<\/p>\n<p>La motivation de l\u2019arr\u00eat de la Cour de Grenoble n\u2019est donc justifiable \u00e0 aucun \u00e9gard.<\/p>\n<p>Elle offre n\u00e9anmoins l\u2019opportunit\u00e9, non seulement de pr\u00e9ciser les r\u00e8gles applicables en la mati\u00e8re, mais de rappeler ce principe plus g\u00e9n\u00e9ral&nbsp;: la pr\u00e9somption est un mode particulier de preuve, et non pas une modalit\u00e9 de jugement sans preuve.<\/p>\n<p>accidentdutravail-idf.net vous a pr\u00e9par\u00e9 ce post qui informe du sujet \u00ab\u00a0Association Sportive Huisson-Longueville Essonne\u00a0\u00bb. La chronique se veut g\u00e9n\u00e9r\u00e9e du mieux possible. Vous pouvez utiliser les coordonn\u00e9es indiqu\u00e9es sur le site dans le but d\u2019apporter des explications sur ce post qui parle du th\u00e8me \u00ab\u00a0Association Sportive Huisson-Longueville Essonne\u00a0\u00bb. Le site accidentdutravail-idf.net a pour but de fournir diverses publications sur la th\u00e9matique Association Sportive Huisson-Longueville Essonne diffus\u00e9es sur le net. Il y aura plusieurs articles autour du sujet \u00ab\u00a0Association Sportive Huisson-Longueville Essonne\u00a0\u00bb dans quelques jours, nous vous invitons \u00e0 naviguer sur notre site web \u00e0 plusieurs reprises.<\/p>\n","protected":false},"excerpt":{"rendered":"<p>Les motifs de sa d\u00e9cision sont cependant contestables au regard des conditions d\u2019application de la pr\u00e9somption l\u00e9gale d\u2019accident du travail, non respect\u00e9es par la Cour d\u2019appel, conditions sur lesquelles il est utile de revenir. I.- La pr\u00e9somption l\u00e9gale applicable. Selon l\u2019article L411-1 du Code de la s\u00e9curit\u00e9 sociale, \u00ab&nbsp;Est consid\u00e9r\u00e9 comme accident du travail, quelle &hellip; <\/p>\n<p class=\"link-more\"><a href=\"https:\/\/www.accidentdutravail-idf.net\/blog\/accident-du-travail-presumer-nest-pas-prejuger\/\" class=\"more-link\">Continuer la lecture <span class=\"screen-reader-text\"> \u00ab\u00a0Accident du travail : pr\u00e9sumer n\u2019est pas pr\u00e9juger.\u00a0\u00bb<\/span><\/a><\/p>\n","protected":false},"author":2,"featured_media":0,"comment_status":"closed","ping_status":"closed","sticky":false,"template":"","format":"standard","meta":{"footnotes":""},"categories":[5],"tags":[],"class_list":["post-1620","post","type-post","status-publish","format-standard","hentry","category-securite-du-travail-en-ile-de-france-et-divers","entry"],"yoast_head":"<!-- This site is optimized with the Yoast SEO plugin v27.5 - https:\/\/yoast.com\/product\/yoast-seo-wordpress\/ -->\n<title>Accident du travail : pr\u00e9sumer n\u2019est pas pr\u00e9juger. - ACCIDENTDUTRAVAIL-IDF<\/title>\n<meta name=\"description\" content=\"Accident du travail : pr\u00e9sumer n\u2019est pas pr\u00e9juger. article de ACCIDENTDUTRAVAIL-IDF\" \/>\n<meta name=\"robots\" content=\"index, follow, max-snippet:-1, max-image-preview:large, max-video-preview:-1\" \/>\n<link rel=\"canonical\" href=\"https:\/\/www.accidentdutravail-idf.net\/blog\/accident-du-travail-presumer-nest-pas-prejuger\/\" \/>\n<meta property=\"og:locale\" content=\"fr_FR\" \/>\n<meta property=\"og:type\" content=\"article\" \/>\n<meta property=\"og:title\" content=\"Accident du travail : pr\u00e9sumer n\u2019est pas pr\u00e9juger. - ACCIDENTDUTRAVAIL-IDF\" \/>\n<meta property=\"og:description\" content=\"Accident du travail : pr\u00e9sumer n\u2019est pas pr\u00e9juger. article de ACCIDENTDUTRAVAIL-IDF\" \/>\n<meta property=\"og:url\" content=\"https:\/\/www.accidentdutravail-idf.net\/blog\/accident-du-travail-presumer-nest-pas-prejuger\/\" \/>\n<meta property=\"og:site_name\" content=\"ACCIDENTDUTRAVAIL-IDF\" \/>\n<meta property=\"article:published_time\" content=\"2021-10-17T17:01:00+00:00\" \/>\n<meta property=\"og:image\" content=\"https:\/\/www.accidentdutravail-idf.net\/blog\/wp-content\/uploads\/2025\/07\/accident-du-travail-presumer-nest-pas-prejuger.gif\" \/>\n<meta name=\"author\" content=\"Carlos Poulain\" \/>\n<meta name=\"twitter:card\" content=\"summary_large_image\" \/>\n<meta name=\"twitter:label1\" content=\"\u00c9crit par\" \/>\n\t<meta name=\"twitter:data1\" content=\"Carlos Poulain\" \/>\n\t<meta name=\"twitter:label2\" content=\"Dur\u00e9e de lecture estim\u00e9e\" \/>\n\t<meta name=\"twitter:data2\" content=\"11 minutes\" \/>\n<script type=\"application\/ld+json\" class=\"yoast-schema-graph\">{\"@context\":\"https:\\\/\\\/schema.org\",\"@graph\":[{\"@type\":\"Article\",\"@id\":\"https:\\\/\\\/www.accidentdutravail-idf.net\\\/blog\\\/accident-du-travail-presumer-nest-pas-prejuger\\\/#article\",\"isPartOf\":{\"@id\":\"https:\\\/\\\/www.accidentdutravail-idf.net\\\/blog\\\/accident-du-travail-presumer-nest-pas-prejuger\\\/\"},\"author\":{\"name\":\"Carlos Poulain\",\"@id\":\"https:\\\/\\\/www.accidentdutravail-idf.net\\\/blog\\\/#\\\/schema\\\/person\\\/3255d2f970de45e64bd9201f38e7b947\"},\"headline\":\"Accident du travail : pr\u00e9sumer n\u2019est pas pr\u00e9juger.\",\"datePublished\":\"2021-10-17T17:01:00+00:00\",\"mainEntityOfPage\":{\"@id\":\"https:\\\/\\\/www.accidentdutravail-idf.net\\\/blog\\\/accident-du-travail-presumer-nest-pas-prejuger\\\/\"},\"wordCount\":2135,\"publisher\":{\"@id\":\"https:\\\/\\\/www.accidentdutravail-idf.net\\\/blog\\\/#organization\"},\"image\":{\"@id\":\"https:\\\/\\\/www.accidentdutravail-idf.net\\\/blog\\\/accident-du-travail-presumer-nest-pas-prejuger\\\/#primaryimage\"},\"thumbnailUrl\":\"https:\\\/\\\/www.accidentdutravail-idf.net\\\/blog\\\/wp-content\\\/uploads\\\/2025\\\/07\\\/accident-du-travail-presumer-nest-pas-prejuger.gif\",\"articleSection\":[\"S\u00e9curit\u00e9 Du Travail En Ile-De-France Et Divers:\"],\"inLanguage\":\"fr-FR\"},{\"@type\":\"WebPage\",\"@id\":\"https:\\\/\\\/www.accidentdutravail-idf.net\\\/blog\\\/accident-du-travail-presumer-nest-pas-prejuger\\\/\",\"url\":\"https:\\\/\\\/www.accidentdutravail-idf.net\\\/blog\\\/accident-du-travail-presumer-nest-pas-prejuger\\\/\",\"name\":\"Accident du travail : pr\u00e9sumer n\u2019est pas pr\u00e9juger. - ACCIDENTDUTRAVAIL-IDF\",\"isPartOf\":{\"@id\":\"https:\\\/\\\/www.accidentdutravail-idf.net\\\/blog\\\/#website\"},\"primaryImageOfPage\":{\"@id\":\"https:\\\/\\\/www.accidentdutravail-idf.net\\\/blog\\\/accident-du-travail-presumer-nest-pas-prejuger\\\/#primaryimage\"},\"image\":{\"@id\":\"https:\\\/\\\/www.accidentdutravail-idf.net\\\/blog\\\/accident-du-travail-presumer-nest-pas-prejuger\\\/#primaryimage\"},\"thumbnailUrl\":\"https:\\\/\\\/www.accidentdutravail-idf.net\\\/blog\\\/wp-content\\\/uploads\\\/2025\\\/07\\\/accident-du-travail-presumer-nest-pas-prejuger.gif\",\"datePublished\":\"2021-10-17T17:01:00+00:00\",\"description\":\"Accident du travail : pr\u00e9sumer n\u2019est pas pr\u00e9juger. article de ACCIDENTDUTRAVAIL-IDF\",\"breadcrumb\":{\"@id\":\"https:\\\/\\\/www.accidentdutravail-idf.net\\\/blog\\\/accident-du-travail-presumer-nest-pas-prejuger\\\/#breadcrumb\"},\"inLanguage\":\"fr-FR\",\"potentialAction\":[{\"@type\":\"ReadAction\",\"target\":[\"https:\\\/\\\/www.accidentdutravail-idf.net\\\/blog\\\/accident-du-travail-presumer-nest-pas-prejuger\\\/\"]}]},{\"@type\":\"ImageObject\",\"inLanguage\":\"fr-FR\",\"@id\":\"https:\\\/\\\/www.accidentdutravail-idf.net\\\/blog\\\/accident-du-travail-presumer-nest-pas-prejuger\\\/#primaryimage\",\"url\":\"https:\\\/\\\/www.accidentdutravail-idf.net\\\/blog\\\/wp-content\\\/uploads\\\/2025\\\/07\\\/accident-du-travail-presumer-nest-pas-prejuger.gif\",\"contentUrl\":\"https:\\\/\\\/www.accidentdutravail-idf.net\\\/blog\\\/wp-content\\\/uploads\\\/2025\\\/07\\\/accident-du-travail-presumer-nest-pas-prejuger.gif\"},{\"@type\":\"BreadcrumbList\",\"@id\":\"https:\\\/\\\/www.accidentdutravail-idf.net\\\/blog\\\/accident-du-travail-presumer-nest-pas-prejuger\\\/#breadcrumb\",\"itemListElement\":[{\"@type\":\"ListItem\",\"position\":1,\"name\":\"Accueil\",\"item\":\"https:\\\/\\\/www.accidentdutravail-idf.net\\\/blog\\\/\"},{\"@type\":\"ListItem\",\"position\":2,\"name\":\"Accident du travail : pr\u00e9sumer n\u2019est pas pr\u00e9juger.\"}]},{\"@type\":\"WebSite\",\"@id\":\"https:\\\/\\\/www.accidentdutravail-idf.net\\\/blog\\\/#website\",\"url\":\"https:\\\/\\\/www.accidentdutravail-idf.net\\\/blog\\\/\",\"name\":\"ACCIDENTDUTRAVAIL-IDF\",\"description\":\"Portail accidents du travail-maladies professionnelles des entreprises d&#039;Ile-de-France\",\"publisher\":{\"@id\":\"https:\\\/\\\/www.accidentdutravail-idf.net\\\/blog\\\/#organization\"},\"potentialAction\":[{\"@type\":\"SearchAction\",\"target\":{\"@type\":\"EntryPoint\",\"urlTemplate\":\"https:\\\/\\\/www.accidentdutravail-idf.net\\\/blog\\\/?s={search_term_string}\"},\"query-input\":{\"@type\":\"PropertyValueSpecification\",\"valueRequired\":true,\"valueName\":\"search_term_string\"}}],\"inLanguage\":\"fr-FR\"},{\"@type\":\"Organization\",\"@id\":\"https:\\\/\\\/www.accidentdutravail-idf.net\\\/blog\\\/#organization\",\"name\":\"accidentdutravail-idf\",\"url\":\"https:\\\/\\\/www.accidentdutravail-idf.net\\\/blog\\\/\",\"logo\":{\"@type\":\"ImageObject\",\"inLanguage\":\"fr-FR\",\"@id\":\"https:\\\/\\\/www.accidentdutravail-idf.net\\\/blog\\\/#\\\/schema\\\/logo\\\/image\\\/\",\"url\":\"https:\\\/\\\/www.accidentdutravail-idf.net\\\/blog\\\/wp-content\\\/uploads\\\/2022\\\/09\\\/logo-2.png\",\"contentUrl\":\"https:\\\/\\\/www.accidentdutravail-idf.net\\\/blog\\\/wp-content\\\/uploads\\\/2022\\\/09\\\/logo-2.png\",\"width\":380,\"height\":291,\"caption\":\"accidentdutravail-idf\"},\"image\":{\"@id\":\"https:\\\/\\\/www.accidentdutravail-idf.net\\\/blog\\\/#\\\/schema\\\/logo\\\/image\\\/\"}},{\"@type\":\"Person\",\"@id\":\"https:\\\/\\\/www.accidentdutravail-idf.net\\\/blog\\\/#\\\/schema\\\/person\\\/3255d2f970de45e64bd9201f38e7b947\",\"name\":\"Carlos Poulain\",\"image\":{\"@type\":\"ImageObject\",\"inLanguage\":\"fr-FR\",\"@id\":\"https:\\\/\\\/secure.gravatar.com\\\/avatar\\\/b1c2f9d3588e34e91adb093635df64ef4b2381991216be7576466cfcdca4baf3?s=96&d=mm&r=g\",\"url\":\"https:\\\/\\\/secure.gravatar.com\\\/avatar\\\/b1c2f9d3588e34e91adb093635df64ef4b2381991216be7576466cfcdca4baf3?s=96&d=mm&r=g\",\"contentUrl\":\"https:\\\/\\\/secure.gravatar.com\\\/avatar\\\/b1c2f9d3588e34e91adb093635df64ef4b2381991216be7576466cfcdca4baf3?s=96&d=mm&r=g\",\"caption\":\"Carlos Poulain\"},\"url\":\"https:\\\/\\\/www.accidentdutravail-idf.net\\\/blog\\\/author\\\/idfcarlos\\\/\"}]}<\/script>\n<!-- \/ Yoast SEO plugin. -->","yoast_head_json":{"title":"Accident du travail : pr\u00e9sumer n\u2019est pas pr\u00e9juger. - ACCIDENTDUTRAVAIL-IDF","description":"Accident du travail : pr\u00e9sumer n\u2019est pas pr\u00e9juger. article de ACCIDENTDUTRAVAIL-IDF","robots":{"index":"index","follow":"follow","max-snippet":"max-snippet:-1","max-image-preview":"max-image-preview:large","max-video-preview":"max-video-preview:-1"},"canonical":"https:\/\/www.accidentdutravail-idf.net\/blog\/accident-du-travail-presumer-nest-pas-prejuger\/","og_locale":"fr_FR","og_type":"article","og_title":"Accident du travail : pr\u00e9sumer n\u2019est pas pr\u00e9juger. - ACCIDENTDUTRAVAIL-IDF","og_description":"Accident du travail : pr\u00e9sumer n\u2019est pas pr\u00e9juger. article de ACCIDENTDUTRAVAIL-IDF","og_url":"https:\/\/www.accidentdutravail-idf.net\/blog\/accident-du-travail-presumer-nest-pas-prejuger\/","og_site_name":"ACCIDENTDUTRAVAIL-IDF","article_published_time":"2021-10-17T17:01:00+00:00","og_image":[{"url":"https:\/\/www.accidentdutravail-idf.net\/blog\/wp-content\/uploads\/2025\/07\/accident-du-travail-presumer-nest-pas-prejuger.gif","type":"","width":"","height":""}],"author":"Carlos Poulain","twitter_card":"summary_large_image","twitter_misc":{"\u00c9crit par":"Carlos Poulain","Dur\u00e9e de lecture estim\u00e9e":"11 minutes"},"schema":{"@context":"https:\/\/schema.org","@graph":[{"@type":"Article","@id":"https:\/\/www.accidentdutravail-idf.net\/blog\/accident-du-travail-presumer-nest-pas-prejuger\/#article","isPartOf":{"@id":"https:\/\/www.accidentdutravail-idf.net\/blog\/accident-du-travail-presumer-nest-pas-prejuger\/"},"author":{"name":"Carlos Poulain","@id":"https:\/\/www.accidentdutravail-idf.net\/blog\/#\/schema\/person\/3255d2f970de45e64bd9201f38e7b947"},"headline":"Accident du travail : pr\u00e9sumer n\u2019est pas pr\u00e9juger.","datePublished":"2021-10-17T17:01:00+00:00","mainEntityOfPage":{"@id":"https:\/\/www.accidentdutravail-idf.net\/blog\/accident-du-travail-presumer-nest-pas-prejuger\/"},"wordCount":2135,"publisher":{"@id":"https:\/\/www.accidentdutravail-idf.net\/blog\/#organization"},"image":{"@id":"https:\/\/www.accidentdutravail-idf.net\/blog\/accident-du-travail-presumer-nest-pas-prejuger\/#primaryimage"},"thumbnailUrl":"https:\/\/www.accidentdutravail-idf.net\/blog\/wp-content\/uploads\/2025\/07\/accident-du-travail-presumer-nest-pas-prejuger.gif","articleSection":["S\u00e9curit\u00e9 Du Travail En Ile-De-France Et Divers:"],"inLanguage":"fr-FR"},{"@type":"WebPage","@id":"https:\/\/www.accidentdutravail-idf.net\/blog\/accident-du-travail-presumer-nest-pas-prejuger\/","url":"https:\/\/www.accidentdutravail-idf.net\/blog\/accident-du-travail-presumer-nest-pas-prejuger\/","name":"Accident du travail : pr\u00e9sumer n\u2019est pas pr\u00e9juger. - ACCIDENTDUTRAVAIL-IDF","isPartOf":{"@id":"https:\/\/www.accidentdutravail-idf.net\/blog\/#website"},"primaryImageOfPage":{"@id":"https:\/\/www.accidentdutravail-idf.net\/blog\/accident-du-travail-presumer-nest-pas-prejuger\/#primaryimage"},"image":{"@id":"https:\/\/www.accidentdutravail-idf.net\/blog\/accident-du-travail-presumer-nest-pas-prejuger\/#primaryimage"},"thumbnailUrl":"https:\/\/www.accidentdutravail-idf.net\/blog\/wp-content\/uploads\/2025\/07\/accident-du-travail-presumer-nest-pas-prejuger.gif","datePublished":"2021-10-17T17:01:00+00:00","description":"Accident du travail : pr\u00e9sumer n\u2019est pas pr\u00e9juger. article de ACCIDENTDUTRAVAIL-IDF","breadcrumb":{"@id":"https:\/\/www.accidentdutravail-idf.net\/blog\/accident-du-travail-presumer-nest-pas-prejuger\/#breadcrumb"},"inLanguage":"fr-FR","potentialAction":[{"@type":"ReadAction","target":["https:\/\/www.accidentdutravail-idf.net\/blog\/accident-du-travail-presumer-nest-pas-prejuger\/"]}]},{"@type":"ImageObject","inLanguage":"fr-FR","@id":"https:\/\/www.accidentdutravail-idf.net\/blog\/accident-du-travail-presumer-nest-pas-prejuger\/#primaryimage","url":"https:\/\/www.accidentdutravail-idf.net\/blog\/wp-content\/uploads\/2025\/07\/accident-du-travail-presumer-nest-pas-prejuger.gif","contentUrl":"https:\/\/www.accidentdutravail-idf.net\/blog\/wp-content\/uploads\/2025\/07\/accident-du-travail-presumer-nest-pas-prejuger.gif"},{"@type":"BreadcrumbList","@id":"https:\/\/www.accidentdutravail-idf.net\/blog\/accident-du-travail-presumer-nest-pas-prejuger\/#breadcrumb","itemListElement":[{"@type":"ListItem","position":1,"name":"Accueil","item":"https:\/\/www.accidentdutravail-idf.net\/blog\/"},{"@type":"ListItem","position":2,"name":"Accident du travail : pr\u00e9sumer n\u2019est pas pr\u00e9juger."}]},{"@type":"WebSite","@id":"https:\/\/www.accidentdutravail-idf.net\/blog\/#website","url":"https:\/\/www.accidentdutravail-idf.net\/blog\/","name":"ACCIDENTDUTRAVAIL-IDF","description":"Portail accidents du travail-maladies professionnelles des entreprises d&#039;Ile-de-France","publisher":{"@id":"https:\/\/www.accidentdutravail-idf.net\/blog\/#organization"},"potentialAction":[{"@type":"SearchAction","target":{"@type":"EntryPoint","urlTemplate":"https:\/\/www.accidentdutravail-idf.net\/blog\/?s={search_term_string}"},"query-input":{"@type":"PropertyValueSpecification","valueRequired":true,"valueName":"search_term_string"}}],"inLanguage":"fr-FR"},{"@type":"Organization","@id":"https:\/\/www.accidentdutravail-idf.net\/blog\/#organization","name":"accidentdutravail-idf","url":"https:\/\/www.accidentdutravail-idf.net\/blog\/","logo":{"@type":"ImageObject","inLanguage":"fr-FR","@id":"https:\/\/www.accidentdutravail-idf.net\/blog\/#\/schema\/logo\/image\/","url":"https:\/\/www.accidentdutravail-idf.net\/blog\/wp-content\/uploads\/2022\/09\/logo-2.png","contentUrl":"https:\/\/www.accidentdutravail-idf.net\/blog\/wp-content\/uploads\/2022\/09\/logo-2.png","width":380,"height":291,"caption":"accidentdutravail-idf"},"image":{"@id":"https:\/\/www.accidentdutravail-idf.net\/blog\/#\/schema\/logo\/image\/"}},{"@type":"Person","@id":"https:\/\/www.accidentdutravail-idf.net\/blog\/#\/schema\/person\/3255d2f970de45e64bd9201f38e7b947","name":"Carlos Poulain","image":{"@type":"ImageObject","inLanguage":"fr-FR","@id":"https:\/\/secure.gravatar.com\/avatar\/b1c2f9d3588e34e91adb093635df64ef4b2381991216be7576466cfcdca4baf3?s=96&d=mm&r=g","url":"https:\/\/secure.gravatar.com\/avatar\/b1c2f9d3588e34e91adb093635df64ef4b2381991216be7576466cfcdca4baf3?s=96&d=mm&r=g","contentUrl":"https:\/\/secure.gravatar.com\/avatar\/b1c2f9d3588e34e91adb093635df64ef4b2381991216be7576466cfcdca4baf3?s=96&d=mm&r=g","caption":"Carlos Poulain"},"url":"https:\/\/www.accidentdutravail-idf.net\/blog\/author\/idfcarlos\/"}]}},"_links":{"self":[{"href":"https:\/\/www.accidentdutravail-idf.net\/blog\/wp-json\/wp\/v2\/posts\/1620","targetHints":{"allow":["GET"]}}],"collection":[{"href":"https:\/\/www.accidentdutravail-idf.net\/blog\/wp-json\/wp\/v2\/posts"}],"about":[{"href":"https:\/\/www.accidentdutravail-idf.net\/blog\/wp-json\/wp\/v2\/types\/post"}],"author":[{"embeddable":true,"href":"https:\/\/www.accidentdutravail-idf.net\/blog\/wp-json\/wp\/v2\/users\/2"}],"replies":[{"embeddable":true,"href":"https:\/\/www.accidentdutravail-idf.net\/blog\/wp-json\/wp\/v2\/comments?post=1620"}],"version-history":[{"count":0,"href":"https:\/\/www.accidentdutravail-idf.net\/blog\/wp-json\/wp\/v2\/posts\/1620\/revisions"}],"wp:attachment":[{"href":"https:\/\/www.accidentdutravail-idf.net\/blog\/wp-json\/wp\/v2\/media?parent=1620"}],"wp:term":[{"taxonomy":"category","embeddable":true,"href":"https:\/\/www.accidentdutravail-idf.net\/blog\/wp-json\/wp\/v2\/categories?post=1620"},{"taxonomy":"post_tag","embeddable":true,"href":"https:\/\/www.accidentdutravail-idf.net\/blog\/wp-json\/wp\/v2\/tags?post=1620"}],"curies":[{"name":"wp","href":"https:\/\/api.w.org\/{rel}","templated":true}]}}