{"id":1617,"date":"2025-07-25T06:04:00","date_gmt":"2025-07-25T04:04:00","guid":{"rendered":"https:\/\/www.accidentdutravail-idf.net\/blog\/le-chantier-vire-au-drame-un-ouvrier-sur-retrouve-coince-sous-un-bloc-de-beton-de-plusieurs-tonnes\/"},"modified":"2025-07-25T06:04:00","modified_gmt":"2025-07-25T04:04:00","slug":"le-chantier-vire-au-drame-un-ouvrier-sur-retrouve-coince-sous-un-bloc-de-beton-de-plusieurs-tonnes","status":"publish","type":"post","link":"https:\/\/www.accidentdutravail-idf.net\/blog\/le-chantier-vire-au-drame-un-ouvrier-sur-retrouve-coince-sous-un-bloc-de-beton-de-plusieurs-tonnes\/","title":{"rendered":"Le chantier vire au drame : un ouvrier sur retrouve coinc\u00e9 sous un bloc de b\u00e9ton de plusieurs tonnes"},"content":{"rendered":"<div><img decoding=\"async\" src=\"https:\/\/www.accidentdutravail-idf.net\/blog\/wp-content\/uploads\/2025\/07\/le-chantier-vire-au-drame-un-ouvrier-sur-retrouve-coince-sous-un-bloc-de-beton-de-plusieurs-tonnes.jpg\" class=\"ff-og-image-inserted\"><\/div>\n<p> Sur un chantier \u00e0 Apt, Vaucluse, un ouvrier s\u2019est retrouv\u00e9 coinc\u00e9 sous un bloc de b\u00e9ton de plusieurs tonnes jeudi 24&nbsp;juillet au matin. Il a \u00e9t\u00e9 transport\u00e9 en urgence absolue \u00e0 l\u2019h\u00f4pital le plus proche. <\/p>\n<div> <!-- Pub DFP Position [outstream] --> <\/p>\n<p>Un ouvrier a \u00e9t\u00e9 victime d\u2019un accident de travail. Dans la matin\u00e9e de ce jeudi 24&nbsp;juillet, sur le chantier du lyc\u00e9e Charles-de-Gaulle \u00e0 Apt, un homme de 45 s\u2019est retrouv\u00e9 coinc\u00e9 sous un bloc de b\u00e9ton de plusieurs tonnes.&nbsp;Huit sapeurs-pompiers ont \u00e9t\u00e9 mobilis\u00e9s pour l\u2019intervention d\u00e9taille <a href=\"https:\/\/www.francebleu.fr\/infos\/faits-divers-justice\/un-ouvrier-coince-sous-un-bloc-de-beton-a-apt-8173898\" target=\"_self\" rel=\"nofollow\"><em>Ici Vaucluse.<\/em><\/a><\/p>\n<p><!-- Pub DFP Position [article] --> <\/p>\n<h2 class=\"txt-int\">Evacu\u00e9&nbsp;en urgence absolue<\/h2>\n<p>Bloqu\u00e9e au niveau du 2e \u00e9tage du b\u00e2timent, la victime, qui se trouvait en \u00e9tat d\u2019urgence absolue, a pu \u00eatre d\u00e9gag\u00e9e gr\u00e2ce \u00e0 l\u2019utilisation&nbsp;de l\u2019un des engins du chantier. Elle a \u00e9t\u00e9 transport\u00e9e par le Smur aux urgences de l\u2019h\u00f4pital de la ville ajoute <a href=\"https:\/\/www.laprovence.com\/article\/societe\/49832583988674\/un-ouvrier-coince-sous-un-bloc-de-beton-sur-un-chantier-a-apt-grievement-blesse\" target=\"_self\" rel=\"nofollow\"><em>La Provence<\/em><\/a>.<\/p>\n<p>L\u2019homme est toujours dans un \u00e9tat critique. Une enqu\u00eate a \u00e9t\u00e9 ouverte \u00e0 la gendarmerie pour d\u00e9terminer les causes de cet accident.<\/p>\n<h2 class=\"txt-int\">Des accidents mortels en hausse dans le BTP<\/h2>\n<p>Le nombre d\u2019accidents du travail mortel en France en 20 ans a plut\u00f4t eu tendance \u00e0 augmenter.&nbsp;En 2023, 149&nbsp;salari\u00e9s du BTP sont morts des suites d\u2019un accident du travail.&nbsp;Si l\u2019on peut constater que le nombre d\u2019arr\u00eat de travail pour des accidents&nbsp;a tendance \u00e0 diminuer&nbsp;dans le secteur du&nbsp;b\u00e2timent, les accidents mortels quant \u00e0 eux restent \u00e0 un niveau \u00e9lev\u00e9 rapportait <a href=\"https:\/\/www.radiofrance.fr\/franceinter\/podcasts\/le-13-14\/le-13-14-du-mercredi-14-mai-2025-8145022\" target=\"_self\" rel=\"nofollow\"><em>France Inter<\/em><\/a>.<\/p>\n<\/p><\/div>\n<p>accidentdutravail-idf.net vous a pr\u00e9par\u00e9 ce post qui informe du sujet \u00ab\u00a0Association Sportive Huisson-Longueville Essonne\u00a0\u00bb. La chronique se veut g\u00e9n\u00e9r\u00e9e du mieux possible. Vous pouvez utiliser les coordonn\u00e9es indiqu\u00e9es sur le site dans le but d\u2019apporter des explications sur ce post qui parle du th\u00e8me \u00ab\u00a0Association Sportive Huisson-Longueville Essonne\u00a0\u00bb. Le site accidentdutravail-idf.net a pour but de fournir diverses publications sur la th\u00e9matique Association Sportive Huisson-Longueville Essonne diffus\u00e9es sur le net. Il y aura plusieurs articles autour du sujet \u00ab\u00a0Association Sportive Huisson-Longueville Essonne\u00a0\u00bb dans quelques jours, nous vous invitons \u00e0 naviguer sur notre site web \u00e0 plusieurs reprises.<\/p>\n","protected":false},"excerpt":{"rendered":"<p>Sur un chantier \u00e0 Apt, Vaucluse, un ouvrier s\u2019est retrouv\u00e9 coinc\u00e9 sous un bloc de b\u00e9ton de plusieurs tonnes jeudi 24&nbsp;juillet au matin. Il a \u00e9t\u00e9 transport\u00e9 en urgence absolue \u00e0 l\u2019h\u00f4pital le plus proche. Un ouvrier a \u00e9t\u00e9 victime d\u2019un accident de travail. Dans la matin\u00e9e de ce jeudi 24&nbsp;juillet, sur le chantier du &hellip; <\/p>\n<p class=\"link-more\"><a href=\"https:\/\/www.accidentdutravail-idf.net\/blog\/le-chantier-vire-au-drame-un-ouvrier-sur-retrouve-coince-sous-un-bloc-de-beton-de-plusieurs-tonnes\/\" class=\"more-link\">Continuer la lecture <span class=\"screen-reader-text\"> \u00ab\u00a0Le chantier vire au drame : un ouvrier sur retrouve coinc\u00e9 sous un bloc de b\u00e9ton de plusieurs tonnes\u00a0\u00bb<\/span><\/a><\/p>\n","protected":false},"author":2,"featured_media":0,"comment_status":"closed","ping_status":"closed","sticky":false,"template":"","format":"standard","meta":{"footnotes":""},"categories":[5],"tags":[],"class_list":["post-1617","post","type-post","status-publish","format-standard","hentry","category-securite-du-travail-en-ile-de-france-et-divers","entry"],"yoast_head":"<!-- This site is optimized with the Yoast SEO plugin v27.5 - https:\/\/yoast.com\/product\/yoast-seo-wordpress\/ -->\n<title>Le chantier vire au drame : un ouvrier sur retrouve coinc\u00e9 sous un bloc de b\u00e9ton de plusieurs tonnes - ACCIDENTDUTRAVAIL-IDF<\/title>\n<meta name=\"description\" content=\"Le chantier vire au drame : un ouvrier sur retrouve coinc\u00e9 sous un bloc de b\u00e9ton de plusieurs tonnes article de ACCIDENTDUTRAVAIL-IDF\" \/>\n<meta name=\"robots\" content=\"index, follow, max-snippet:-1, max-image-preview:large, max-video-preview:-1\" \/>\n<link rel=\"canonical\" href=\"https:\/\/www.accidentdutravail-idf.net\/blog\/le-chantier-vire-au-drame-un-ouvrier-sur-retrouve-coince-sous-un-bloc-de-beton-de-plusieurs-tonnes\/\" \/>\n<meta property=\"og:locale\" content=\"fr_FR\" \/>\n<meta property=\"og:type\" content=\"article\" \/>\n<meta property=\"og:title\" content=\"Le chantier vire au drame : un ouvrier sur retrouve coinc\u00e9 sous un bloc de b\u00e9ton de plusieurs tonnes - ACCIDENTDUTRAVAIL-IDF\" \/>\n<meta property=\"og:description\" content=\"Le chantier vire au drame : un ouvrier sur retrouve coinc\u00e9 sous un bloc de b\u00e9ton de plusieurs tonnes article de ACCIDENTDUTRAVAIL-IDF\" \/>\n<meta property=\"og:url\" content=\"https:\/\/www.accidentdutravail-idf.net\/blog\/le-chantier-vire-au-drame-un-ouvrier-sur-retrouve-coince-sous-un-bloc-de-beton-de-plusieurs-tonnes\/\" \/>\n<meta property=\"og:site_name\" content=\"ACCIDENTDUTRAVAIL-IDF\" \/>\n<meta property=\"article:published_time\" content=\"2025-07-25T04:04:00+00:00\" \/>\n<meta property=\"og:image\" content=\"https:\/\/www.accidentdutravail-idf.net\/blog\/wp-content\/uploads\/2025\/07\/le-chantier-vire-au-drame-un-ouvrier-sur-retrouve-coince-sous-un-bloc-de-beton-de-plusieurs-tonnes.jpg\" \/>\n<meta name=\"author\" content=\"Carlos Poulain\" \/>\n<meta name=\"twitter:card\" content=\"summary_large_image\" \/>\n<meta name=\"twitter:label1\" content=\"\u00c9crit par\" \/>\n\t<meta name=\"twitter:data1\" content=\"Carlos Poulain\" \/>\n\t<meta name=\"twitter:label2\" content=\"Dur\u00e9e de lecture estim\u00e9e\" \/>\n\t<meta name=\"twitter:data2\" content=\"2 minutes\" \/>\n<script type=\"application\/ld+json\" class=\"yoast-schema-graph\">{\"@context\":\"https:\\\/\\\/schema.org\",\"@graph\":[{\"@type\":\"Article\",\"@id\":\"https:\\\/\\\/www.accidentdutravail-idf.net\\\/blog\\\/le-chantier-vire-au-drame-un-ouvrier-sur-retrouve-coince-sous-un-bloc-de-beton-de-plusieurs-tonnes\\\/#article\",\"isPartOf\":{\"@id\":\"https:\\\/\\\/www.accidentdutravail-idf.net\\\/blog\\\/le-chantier-vire-au-drame-un-ouvrier-sur-retrouve-coince-sous-un-bloc-de-beton-de-plusieurs-tonnes\\\/\"},\"author\":{\"name\":\"Carlos Poulain\",\"@id\":\"https:\\\/\\\/www.accidentdutravail-idf.net\\\/blog\\\/#\\\/schema\\\/person\\\/3255d2f970de45e64bd9201f38e7b947\"},\"headline\":\"Le chantier vire au drame : un ouvrier sur retrouve coinc\u00e9 sous un bloc de b\u00e9ton de plusieurs tonnes\",\"datePublished\":\"2025-07-25T04:04:00+00:00\",\"mainEntityOfPage\":{\"@id\":\"https:\\\/\\\/www.accidentdutravail-idf.net\\\/blog\\\/le-chantier-vire-au-drame-un-ouvrier-sur-retrouve-coince-sous-un-bloc-de-beton-de-plusieurs-tonnes\\\/\"},\"wordCount\":389,\"publisher\":{\"@id\":\"https:\\\/\\\/www.accidentdutravail-idf.net\\\/blog\\\/#organization\"},\"image\":{\"@id\":\"https:\\\/\\\/www.accidentdutravail-idf.net\\\/blog\\\/le-chantier-vire-au-drame-un-ouvrier-sur-retrouve-coince-sous-un-bloc-de-beton-de-plusieurs-tonnes\\\/#primaryimage\"},\"thumbnailUrl\":\"https:\\\/\\\/www.accidentdutravail-idf.net\\\/blog\\\/wp-content\\\/uploads\\\/2025\\\/07\\\/le-chantier-vire-au-drame-un-ouvrier-sur-retrouve-coince-sous-un-bloc-de-beton-de-plusieurs-tonnes.jpg\",\"articleSection\":[\"S\u00e9curit\u00e9 Du Travail En Ile-De-France Et Divers:\"],\"inLanguage\":\"fr-FR\"},{\"@type\":\"WebPage\",\"@id\":\"https:\\\/\\\/www.accidentdutravail-idf.net\\\/blog\\\/le-chantier-vire-au-drame-un-ouvrier-sur-retrouve-coince-sous-un-bloc-de-beton-de-plusieurs-tonnes\\\/\",\"url\":\"https:\\\/\\\/www.accidentdutravail-idf.net\\\/blog\\\/le-chantier-vire-au-drame-un-ouvrier-sur-retrouve-coince-sous-un-bloc-de-beton-de-plusieurs-tonnes\\\/\",\"name\":\"Le chantier vire au drame : un ouvrier sur retrouve coinc\u00e9 sous un bloc de b\u00e9ton de plusieurs tonnes - ACCIDENTDUTRAVAIL-IDF\",\"isPartOf\":{\"@id\":\"https:\\\/\\\/www.accidentdutravail-idf.net\\\/blog\\\/#website\"},\"primaryImageOfPage\":{\"@id\":\"https:\\\/\\\/www.accidentdutravail-idf.net\\\/blog\\\/le-chantier-vire-au-drame-un-ouvrier-sur-retrouve-coince-sous-un-bloc-de-beton-de-plusieurs-tonnes\\\/#primaryimage\"},\"image\":{\"@id\":\"https:\\\/\\\/www.accidentdutravail-idf.net\\\/blog\\\/le-chantier-vire-au-drame-un-ouvrier-sur-retrouve-coince-sous-un-bloc-de-beton-de-plusieurs-tonnes\\\/#primaryimage\"},\"thumbnailUrl\":\"https:\\\/\\\/www.accidentdutravail-idf.net\\\/blog\\\/wp-content\\\/uploads\\\/2025\\\/07\\\/le-chantier-vire-au-drame-un-ouvrier-sur-retrouve-coince-sous-un-bloc-de-beton-de-plusieurs-tonnes.jpg\",\"datePublished\":\"2025-07-25T04:04:00+00:00\",\"description\":\"Le chantier vire au drame : un ouvrier sur retrouve coinc\u00e9 sous un bloc de b\u00e9ton de plusieurs tonnes article de ACCIDENTDUTRAVAIL-IDF\",\"breadcrumb\":{\"@id\":\"https:\\\/\\\/www.accidentdutravail-idf.net\\\/blog\\\/le-chantier-vire-au-drame-un-ouvrier-sur-retrouve-coince-sous-un-bloc-de-beton-de-plusieurs-tonnes\\\/#breadcrumb\"},\"inLanguage\":\"fr-FR\",\"potentialAction\":[{\"@type\":\"ReadAction\",\"target\":[\"https:\\\/\\\/www.accidentdutravail-idf.net\\\/blog\\\/le-chantier-vire-au-drame-un-ouvrier-sur-retrouve-coince-sous-un-bloc-de-beton-de-plusieurs-tonnes\\\/\"]}]},{\"@type\":\"ImageObject\",\"inLanguage\":\"fr-FR\",\"@id\":\"https:\\\/\\\/www.accidentdutravail-idf.net\\\/blog\\\/le-chantier-vire-au-drame-un-ouvrier-sur-retrouve-coince-sous-un-bloc-de-beton-de-plusieurs-tonnes\\\/#primaryimage\",\"url\":\"https:\\\/\\\/www.accidentdutravail-idf.net\\\/blog\\\/wp-content\\\/uploads\\\/2025\\\/07\\\/le-chantier-vire-au-drame-un-ouvrier-sur-retrouve-coince-sous-un-bloc-de-beton-de-plusieurs-tonnes.jpg\",\"contentUrl\":\"https:\\\/\\\/www.accidentdutravail-idf.net\\\/blog\\\/wp-content\\\/uploads\\\/2025\\\/07\\\/le-chantier-vire-au-drame-un-ouvrier-sur-retrouve-coince-sous-un-bloc-de-beton-de-plusieurs-tonnes.jpg\"},{\"@type\":\"BreadcrumbList\",\"@id\":\"https:\\\/\\\/www.accidentdutravail-idf.net\\\/blog\\\/le-chantier-vire-au-drame-un-ouvrier-sur-retrouve-coince-sous-un-bloc-de-beton-de-plusieurs-tonnes\\\/#breadcrumb\",\"itemListElement\":[{\"@type\":\"ListItem\",\"position\":1,\"name\":\"Accueil\",\"item\":\"https:\\\/\\\/www.accidentdutravail-idf.net\\\/blog\\\/\"},{\"@type\":\"ListItem\",\"position\":2,\"name\":\"Le chantier vire au drame : un ouvrier sur retrouve coinc\u00e9 sous un bloc de b\u00e9ton de plusieurs tonnes\"}]},{\"@type\":\"WebSite\",\"@id\":\"https:\\\/\\\/www.accidentdutravail-idf.net\\\/blog\\\/#website\",\"url\":\"https:\\\/\\\/www.accidentdutravail-idf.net\\\/blog\\\/\",\"name\":\"ACCIDENTDUTRAVAIL-IDF\",\"description\":\"Portail accidents du travail-maladies professionnelles des entreprises d&#039;Ile-de-France\",\"publisher\":{\"@id\":\"https:\\\/\\\/www.accidentdutravail-idf.net\\\/blog\\\/#organization\"},\"potentialAction\":[{\"@type\":\"SearchAction\",\"target\":{\"@type\":\"EntryPoint\",\"urlTemplate\":\"https:\\\/\\\/www.accidentdutravail-idf.net\\\/blog\\\/?s={search_term_string}\"},\"query-input\":{\"@type\":\"PropertyValueSpecification\",\"valueRequired\":true,\"valueName\":\"search_term_string\"}}],\"inLanguage\":\"fr-FR\"},{\"@type\":\"Organization\",\"@id\":\"https:\\\/\\\/www.accidentdutravail-idf.net\\\/blog\\\/#organization\",\"name\":\"accidentdutravail-idf\",\"url\":\"https:\\\/\\\/www.accidentdutravail-idf.net\\\/blog\\\/\",\"logo\":{\"@type\":\"ImageObject\",\"inLanguage\":\"fr-FR\",\"@id\":\"https:\\\/\\\/www.accidentdutravail-idf.net\\\/blog\\\/#\\\/schema\\\/logo\\\/image\\\/\",\"url\":\"https:\\\/\\\/www.accidentdutravail-idf.net\\\/blog\\\/wp-content\\\/uploads\\\/2022\\\/09\\\/logo-2.png\",\"contentUrl\":\"https:\\\/\\\/www.accidentdutravail-idf.net\\\/blog\\\/wp-content\\\/uploads\\\/2022\\\/09\\\/logo-2.png\",\"width\":380,\"height\":291,\"caption\":\"accidentdutravail-idf\"},\"image\":{\"@id\":\"https:\\\/\\\/www.accidentdutravail-idf.net\\\/blog\\\/#\\\/schema\\\/logo\\\/image\\\/\"}},{\"@type\":\"Person\",\"@id\":\"https:\\\/\\\/www.accidentdutravail-idf.net\\\/blog\\\/#\\\/schema\\\/person\\\/3255d2f970de45e64bd9201f38e7b947\",\"name\":\"Carlos Poulain\",\"image\":{\"@type\":\"ImageObject\",\"inLanguage\":\"fr-FR\",\"@id\":\"https:\\\/\\\/secure.gravatar.com\\\/avatar\\\/b1c2f9d3588e34e91adb093635df64ef4b2381991216be7576466cfcdca4baf3?s=96&d=mm&r=g\",\"url\":\"https:\\\/\\\/secure.gravatar.com\\\/avatar\\\/b1c2f9d3588e34e91adb093635df64ef4b2381991216be7576466cfcdca4baf3?s=96&d=mm&r=g\",\"contentUrl\":\"https:\\\/\\\/secure.gravatar.com\\\/avatar\\\/b1c2f9d3588e34e91adb093635df64ef4b2381991216be7576466cfcdca4baf3?s=96&d=mm&r=g\",\"caption\":\"Carlos Poulain\"},\"url\":\"https:\\\/\\\/www.accidentdutravail-idf.net\\\/blog\\\/author\\\/idfcarlos\\\/\"}]}<\/script>\n<!-- \/ Yoast SEO plugin. -->","yoast_head_json":{"title":"Le chantier vire au drame : un ouvrier sur retrouve coinc\u00e9 sous un bloc de b\u00e9ton de plusieurs tonnes - ACCIDENTDUTRAVAIL-IDF","description":"Le chantier vire au drame : un ouvrier sur retrouve coinc\u00e9 sous un bloc de b\u00e9ton de plusieurs tonnes article de ACCIDENTDUTRAVAIL-IDF","robots":{"index":"index","follow":"follow","max-snippet":"max-snippet:-1","max-image-preview":"max-image-preview:large","max-video-preview":"max-video-preview:-1"},"canonical":"https:\/\/www.accidentdutravail-idf.net\/blog\/le-chantier-vire-au-drame-un-ouvrier-sur-retrouve-coince-sous-un-bloc-de-beton-de-plusieurs-tonnes\/","og_locale":"fr_FR","og_type":"article","og_title":"Le chantier vire au drame : un ouvrier sur retrouve coinc\u00e9 sous un bloc de b\u00e9ton de plusieurs tonnes - ACCIDENTDUTRAVAIL-IDF","og_description":"Le chantier vire au drame : un ouvrier sur retrouve coinc\u00e9 sous un bloc de b\u00e9ton de plusieurs tonnes article de ACCIDENTDUTRAVAIL-IDF","og_url":"https:\/\/www.accidentdutravail-idf.net\/blog\/le-chantier-vire-au-drame-un-ouvrier-sur-retrouve-coince-sous-un-bloc-de-beton-de-plusieurs-tonnes\/","og_site_name":"ACCIDENTDUTRAVAIL-IDF","article_published_time":"2025-07-25T04:04:00+00:00","og_image":[{"url":"https:\/\/www.accidentdutravail-idf.net\/blog\/wp-content\/uploads\/2025\/07\/le-chantier-vire-au-drame-un-ouvrier-sur-retrouve-coince-sous-un-bloc-de-beton-de-plusieurs-tonnes.jpg","type":"","width":"","height":""}],"author":"Carlos Poulain","twitter_card":"summary_large_image","twitter_misc":{"\u00c9crit par":"Carlos Poulain","Dur\u00e9e de lecture estim\u00e9e":"2 minutes"},"schema":{"@context":"https:\/\/schema.org","@graph":[{"@type":"Article","@id":"https:\/\/www.accidentdutravail-idf.net\/blog\/le-chantier-vire-au-drame-un-ouvrier-sur-retrouve-coince-sous-un-bloc-de-beton-de-plusieurs-tonnes\/#article","isPartOf":{"@id":"https:\/\/www.accidentdutravail-idf.net\/blog\/le-chantier-vire-au-drame-un-ouvrier-sur-retrouve-coince-sous-un-bloc-de-beton-de-plusieurs-tonnes\/"},"author":{"name":"Carlos Poulain","@id":"https:\/\/www.accidentdutravail-idf.net\/blog\/#\/schema\/person\/3255d2f970de45e64bd9201f38e7b947"},"headline":"Le chantier vire au drame : un ouvrier sur retrouve coinc\u00e9 sous un bloc de b\u00e9ton de plusieurs tonnes","datePublished":"2025-07-25T04:04:00+00:00","mainEntityOfPage":{"@id":"https:\/\/www.accidentdutravail-idf.net\/blog\/le-chantier-vire-au-drame-un-ouvrier-sur-retrouve-coince-sous-un-bloc-de-beton-de-plusieurs-tonnes\/"},"wordCount":389,"publisher":{"@id":"https:\/\/www.accidentdutravail-idf.net\/blog\/#organization"},"image":{"@id":"https:\/\/www.accidentdutravail-idf.net\/blog\/le-chantier-vire-au-drame-un-ouvrier-sur-retrouve-coince-sous-un-bloc-de-beton-de-plusieurs-tonnes\/#primaryimage"},"thumbnailUrl":"https:\/\/www.accidentdutravail-idf.net\/blog\/wp-content\/uploads\/2025\/07\/le-chantier-vire-au-drame-un-ouvrier-sur-retrouve-coince-sous-un-bloc-de-beton-de-plusieurs-tonnes.jpg","articleSection":["S\u00e9curit\u00e9 Du Travail En Ile-De-France Et Divers:"],"inLanguage":"fr-FR"},{"@type":"WebPage","@id":"https:\/\/www.accidentdutravail-idf.net\/blog\/le-chantier-vire-au-drame-un-ouvrier-sur-retrouve-coince-sous-un-bloc-de-beton-de-plusieurs-tonnes\/","url":"https:\/\/www.accidentdutravail-idf.net\/blog\/le-chantier-vire-au-drame-un-ouvrier-sur-retrouve-coince-sous-un-bloc-de-beton-de-plusieurs-tonnes\/","name":"Le chantier vire au drame : un ouvrier sur retrouve coinc\u00e9 sous un bloc de b\u00e9ton de plusieurs tonnes - ACCIDENTDUTRAVAIL-IDF","isPartOf":{"@id":"https:\/\/www.accidentdutravail-idf.net\/blog\/#website"},"primaryImageOfPage":{"@id":"https:\/\/www.accidentdutravail-idf.net\/blog\/le-chantier-vire-au-drame-un-ouvrier-sur-retrouve-coince-sous-un-bloc-de-beton-de-plusieurs-tonnes\/#primaryimage"},"image":{"@id":"https:\/\/www.accidentdutravail-idf.net\/blog\/le-chantier-vire-au-drame-un-ouvrier-sur-retrouve-coince-sous-un-bloc-de-beton-de-plusieurs-tonnes\/#primaryimage"},"thumbnailUrl":"https:\/\/www.accidentdutravail-idf.net\/blog\/wp-content\/uploads\/2025\/07\/le-chantier-vire-au-drame-un-ouvrier-sur-retrouve-coince-sous-un-bloc-de-beton-de-plusieurs-tonnes.jpg","datePublished":"2025-07-25T04:04:00+00:00","description":"Le chantier vire au drame : un ouvrier sur retrouve coinc\u00e9 sous un bloc de b\u00e9ton de plusieurs tonnes article de ACCIDENTDUTRAVAIL-IDF","breadcrumb":{"@id":"https:\/\/www.accidentdutravail-idf.net\/blog\/le-chantier-vire-au-drame-un-ouvrier-sur-retrouve-coince-sous-un-bloc-de-beton-de-plusieurs-tonnes\/#breadcrumb"},"inLanguage":"fr-FR","potentialAction":[{"@type":"ReadAction","target":["https:\/\/www.accidentdutravail-idf.net\/blog\/le-chantier-vire-au-drame-un-ouvrier-sur-retrouve-coince-sous-un-bloc-de-beton-de-plusieurs-tonnes\/"]}]},{"@type":"ImageObject","inLanguage":"fr-FR","@id":"https:\/\/www.accidentdutravail-idf.net\/blog\/le-chantier-vire-au-drame-un-ouvrier-sur-retrouve-coince-sous-un-bloc-de-beton-de-plusieurs-tonnes\/#primaryimage","url":"https:\/\/www.accidentdutravail-idf.net\/blog\/wp-content\/uploads\/2025\/07\/le-chantier-vire-au-drame-un-ouvrier-sur-retrouve-coince-sous-un-bloc-de-beton-de-plusieurs-tonnes.jpg","contentUrl":"https:\/\/www.accidentdutravail-idf.net\/blog\/wp-content\/uploads\/2025\/07\/le-chantier-vire-au-drame-un-ouvrier-sur-retrouve-coince-sous-un-bloc-de-beton-de-plusieurs-tonnes.jpg"},{"@type":"BreadcrumbList","@id":"https:\/\/www.accidentdutravail-idf.net\/blog\/le-chantier-vire-au-drame-un-ouvrier-sur-retrouve-coince-sous-un-bloc-de-beton-de-plusieurs-tonnes\/#breadcrumb","itemListElement":[{"@type":"ListItem","position":1,"name":"Accueil","item":"https:\/\/www.accidentdutravail-idf.net\/blog\/"},{"@type":"ListItem","position":2,"name":"Le chantier vire au drame : un ouvrier sur retrouve coinc\u00e9 sous un bloc de b\u00e9ton de plusieurs tonnes"}]},{"@type":"WebSite","@id":"https:\/\/www.accidentdutravail-idf.net\/blog\/#website","url":"https:\/\/www.accidentdutravail-idf.net\/blog\/","name":"ACCIDENTDUTRAVAIL-IDF","description":"Portail accidents du travail-maladies professionnelles des entreprises d&#039;Ile-de-France","publisher":{"@id":"https:\/\/www.accidentdutravail-idf.net\/blog\/#organization"},"potentialAction":[{"@type":"SearchAction","target":{"@type":"EntryPoint","urlTemplate":"https:\/\/www.accidentdutravail-idf.net\/blog\/?s={search_term_string}"},"query-input":{"@type":"PropertyValueSpecification","valueRequired":true,"valueName":"search_term_string"}}],"inLanguage":"fr-FR"},{"@type":"Organization","@id":"https:\/\/www.accidentdutravail-idf.net\/blog\/#organization","name":"accidentdutravail-idf","url":"https:\/\/www.accidentdutravail-idf.net\/blog\/","logo":{"@type":"ImageObject","inLanguage":"fr-FR","@id":"https:\/\/www.accidentdutravail-idf.net\/blog\/#\/schema\/logo\/image\/","url":"https:\/\/www.accidentdutravail-idf.net\/blog\/wp-content\/uploads\/2022\/09\/logo-2.png","contentUrl":"https:\/\/www.accidentdutravail-idf.net\/blog\/wp-content\/uploads\/2022\/09\/logo-2.png","width":380,"height":291,"caption":"accidentdutravail-idf"},"image":{"@id":"https:\/\/www.accidentdutravail-idf.net\/blog\/#\/schema\/logo\/image\/"}},{"@type":"Person","@id":"https:\/\/www.accidentdutravail-idf.net\/blog\/#\/schema\/person\/3255d2f970de45e64bd9201f38e7b947","name":"Carlos Poulain","image":{"@type":"ImageObject","inLanguage":"fr-FR","@id":"https:\/\/secure.gravatar.com\/avatar\/b1c2f9d3588e34e91adb093635df64ef4b2381991216be7576466cfcdca4baf3?s=96&d=mm&r=g","url":"https:\/\/secure.gravatar.com\/avatar\/b1c2f9d3588e34e91adb093635df64ef4b2381991216be7576466cfcdca4baf3?s=96&d=mm&r=g","contentUrl":"https:\/\/secure.gravatar.com\/avatar\/b1c2f9d3588e34e91adb093635df64ef4b2381991216be7576466cfcdca4baf3?s=96&d=mm&r=g","caption":"Carlos Poulain"},"url":"https:\/\/www.accidentdutravail-idf.net\/blog\/author\/idfcarlos\/"}]}},"_links":{"self":[{"href":"https:\/\/www.accidentdutravail-idf.net\/blog\/wp-json\/wp\/v2\/posts\/1617","targetHints":{"allow":["GET"]}}],"collection":[{"href":"https:\/\/www.accidentdutravail-idf.net\/blog\/wp-json\/wp\/v2\/posts"}],"about":[{"href":"https:\/\/www.accidentdutravail-idf.net\/blog\/wp-json\/wp\/v2\/types\/post"}],"author":[{"embeddable":true,"href":"https:\/\/www.accidentdutravail-idf.net\/blog\/wp-json\/wp\/v2\/users\/2"}],"replies":[{"embeddable":true,"href":"https:\/\/www.accidentdutravail-idf.net\/blog\/wp-json\/wp\/v2\/comments?post=1617"}],"version-history":[{"count":0,"href":"https:\/\/www.accidentdutravail-idf.net\/blog\/wp-json\/wp\/v2\/posts\/1617\/revisions"}],"wp:attachment":[{"href":"https:\/\/www.accidentdutravail-idf.net\/blog\/wp-json\/wp\/v2\/media?parent=1617"}],"wp:term":[{"taxonomy":"category","embeddable":true,"href":"https:\/\/www.accidentdutravail-idf.net\/blog\/wp-json\/wp\/v2\/categories?post=1617"},{"taxonomy":"post_tag","embeddable":true,"href":"https:\/\/www.accidentdutravail-idf.net\/blog\/wp-json\/wp\/v2\/tags?post=1617"}],"curies":[{"name":"wp","href":"https:\/\/api.w.org\/{rel}","templated":true}]}}