{"id":1612,"date":"2025-07-22T08:09:00","date_gmt":"2025-07-22T06:09:00","guid":{"rendered":"https:\/\/www.accidentdutravail-idf.net\/blog\/letudiant-de-18-ans-profitait-de-lete-pour-travailler-sur-des-exploitations-agricoles-il-meurt-ecrase-entre-une-remorque-et-un-tracteur\/"},"modified":"2025-07-22T08:09:00","modified_gmt":"2025-07-22T06:09:00","slug":"letudiant-de-18-ans-profitait-de-lete-pour-travailler-sur-des-exploitations-agricoles-il-meurt-ecrase-entre-une-remorque-et-un-tracteur","status":"publish","type":"post","link":"https:\/\/www.accidentdutravail-idf.net\/blog\/letudiant-de-18-ans-profitait-de-lete-pour-travailler-sur-des-exploitations-agricoles-il-meurt-ecrase-entre-une-remorque-et-un-tracteur\/","title":{"rendered":"L\u2019\u00e9tudiant de 18 ans profitait de l\u2019\u00e9t\u00e9 pour travailler sur des exploitations agricoles, il meurt \u00e9cras\u00e9 entre une remorque et un tracteur"},"content":{"rendered":"<div><img decoding=\"async\" src=\"https:\/\/www.accidentdutravail-idf.net\/blog\/wp-content\/uploads\/2025\/07\/letudiant-de-18-ans-profitait-de-lete-pour-travailler-sur-des-exploitations-agricoles-il-meurt-ecrase-entre-une-remorque-et-un-tracteur.jpg\" class=\"ff-og-image-inserted\"><\/div>\n<p> <span class=\"article-full__chapo-label hide-on-small-only\">l&rsquo;essentiel<\/span> Un \u00e9tudiant de 18 ans et ouvrier agricole estival a \u00e9t\u00e9 gri\u00e8vement bless\u00e9 lors d\u2019un accident du travail impliquant notamment un tracteur. Il n\u2019a pas surv\u00e9cu \u00e0 ses blessures. <\/p>\n<div> <!-- Pub DFP Position [outstream] --> <\/p>\n<p>Il aurait f\u00eat\u00e9 ses 19 ans ce mardi\u2026 Un jeune homme originaire de Lestrem (Pas-de-Calais) et&nbsp;\u00e9tudiant \u00e0 l\u2019Universit\u00e9 de Picardie, \u00e0 Amiens, est mort alors qu\u2019il profitait&nbsp;de l\u2019\u00e9t\u00e9 pour travailler dans des exploitations agricoles. Ce n\u2019\u00e9tait pas une premi\u00e8re pour&nbsp;Constant Lepla, un habitu\u00e9 des travaux agricoles estivaux.<\/p>\n<p><!-- Pub DFP Position [article] --> <\/p>\n<p class=\"std-elt__inline\"> <strong>\u00c0 lire aussi :<\/strong> <a href=\"https:\/\/www.ladepeche.fr\/2024\/07\/16\/les-accidents-de-tracteur-se-multiplient-ces-derniers-jours-et-continuent-de-faire-des-morts-12085282.php\" target=\"_blank\" rel=\"nofollow\">Les accidents de tracteur se multiplient ces derniers jours et continuent de faire des morts<\/a> <\/p>\n<p>Le drame a eu lieu&nbsp;dans l\u2019Aisne, a confirm\u00e9&nbsp;le maire de Lestrem, Jacques Hurlus, \u00e0 nos confr\u00e8res de <a href=\"https:\/\/www.lavoixdunord.fr\/1608482\/article\/2025-07-21\/un-etudiant-originaire-de-lestrem-decede-dans-une-ferme-de-l-aisne-suite-un\" target=\"_blank\" rel=\"nofollow\">La Voix du Nord<\/a>. Les faits, \u00e9galement relat\u00e9s par <a href=\"https:\/\/www.lunion.fr\/id733959\/article\/2025-07-19\/louvrier-agricole-grievement-blesse-dans-une-exploitation-agricole-de-wimy-est\" target=\"_blank\" rel=\"nofollow\">L\u2019Union<\/a>, se sont d\u00e9roul\u00e9s&nbsp;dans une exploitation situ\u00e9e \u00e0 Wimy.&nbsp;Constant Lepla a d\u00e9croch\u00e9&nbsp;une remorque mais elle n\u2019\u00e9tait pas bien&nbsp;cal\u00e9e et s\u2019est mise \u00e0 rouler. L\u2019\u00e9tudiant de 18 ans s\u2019est retrouv\u00e9 coinc\u00e9 entre la&nbsp;remorque et le&nbsp;tracteur, selon nos confr\u00e8res.<\/p>\n<h2 class=\"txt-int\">H\u00e9liport\u00e9 \u00e0 l\u2019h\u00f4pital de Reims, en vain<\/h2>\n<p>Gri\u00e8vement bless\u00e9, il a \u00e9t\u00e9 pris&nbsp;en charge par les secours et h\u00e9liport\u00e9e \u00e0 l\u2019h\u00f4pital de Reimsavant avant de d\u00e9c\u00e9der plus tard dans la journ\u00e9e.<\/p>\n<p>Une enqu\u00eate a \u00e9t\u00e9 ouverte et les proches du jeune homme attendent de pied ferme que les circonstances du drame soient \u00e9claircies.<\/p>\n<\/p><\/div>\n<p>accidentdutravail-idf.net vous a pr\u00e9par\u00e9 ce post qui informe du sujet \u00ab\u00a0Association Sportive Huisson-Longueville Essonne\u00a0\u00bb. La chronique se veut g\u00e9n\u00e9r\u00e9e du mieux possible. Vous pouvez utiliser les coordonn\u00e9es indiqu\u00e9es sur le site dans le but d\u2019apporter des explications sur ce post qui parle du th\u00e8me \u00ab\u00a0Association Sportive Huisson-Longueville Essonne\u00a0\u00bb. Le site accidentdutravail-idf.net a pour but de fournir diverses publications sur la th\u00e9matique Association Sportive Huisson-Longueville Essonne diffus\u00e9es sur le net. Il y aura plusieurs articles autour du sujet \u00ab\u00a0Association Sportive Huisson-Longueville Essonne\u00a0\u00bb dans quelques jours, nous vous invitons \u00e0 naviguer sur notre site web \u00e0 plusieurs reprises.<\/p>\n","protected":false},"excerpt":{"rendered":"<p>l&rsquo;essentiel Un \u00e9tudiant de 18 ans et ouvrier agricole estival a \u00e9t\u00e9 gri\u00e8vement bless\u00e9 lors d\u2019un accident du travail impliquant notamment un tracteur. Il n\u2019a pas surv\u00e9cu \u00e0 ses blessures. Il aurait f\u00eat\u00e9 ses 19 ans ce mardi\u2026 Un jeune homme originaire de Lestrem (Pas-de-Calais) et&nbsp;\u00e9tudiant \u00e0 l\u2019Universit\u00e9 de Picardie, \u00e0 Amiens, est mort alors &hellip; <\/p>\n<p class=\"link-more\"><a href=\"https:\/\/www.accidentdutravail-idf.net\/blog\/letudiant-de-18-ans-profitait-de-lete-pour-travailler-sur-des-exploitations-agricoles-il-meurt-ecrase-entre-une-remorque-et-un-tracteur\/\" class=\"more-link\">Continuer la lecture <span class=\"screen-reader-text\"> \u00ab\u00a0L\u2019\u00e9tudiant de 18 ans profitait de l\u2019\u00e9t\u00e9 pour travailler sur des exploitations agricoles, il meurt \u00e9cras\u00e9 entre une remorque et un tracteur\u00a0\u00bb<\/span><\/a><\/p>\n","protected":false},"author":2,"featured_media":0,"comment_status":"closed","ping_status":"closed","sticky":false,"template":"","format":"standard","meta":{"footnotes":""},"categories":[5],"tags":[],"class_list":["post-1612","post","type-post","status-publish","format-standard","hentry","category-securite-du-travail-en-ile-de-france-et-divers","entry"],"yoast_head":"<!-- This site is optimized with the Yoast SEO plugin v27.5 - https:\/\/yoast.com\/product\/yoast-seo-wordpress\/ -->\n<title>L\u2019\u00e9tudiant de 18 ans profitait de l\u2019\u00e9t\u00e9 pour travailler sur des exploitations agricoles, il meurt \u00e9cras\u00e9 entre une remorque et un tracteur - ACCIDENTDUTRAVAIL-IDF<\/title>\n<meta name=\"description\" content=\"L\u2019\u00e9tudiant de 18 ans profitait de l\u2019\u00e9t\u00e9 pour travailler sur des exploitations agricoles, il meurt \u00e9cras\u00e9 entre une remorque et un tracteur article de ACCIDENTDUTRAVAIL-IDF\" \/>\n<meta name=\"robots\" content=\"index, follow, max-snippet:-1, max-image-preview:large, max-video-preview:-1\" \/>\n<link rel=\"canonical\" href=\"https:\/\/www.accidentdutravail-idf.net\/blog\/letudiant-de-18-ans-profitait-de-lete-pour-travailler-sur-des-exploitations-agricoles-il-meurt-ecrase-entre-une-remorque-et-un-tracteur\/\" \/>\n<meta property=\"og:locale\" content=\"fr_FR\" \/>\n<meta property=\"og:type\" content=\"article\" \/>\n<meta property=\"og:title\" content=\"L\u2019\u00e9tudiant de 18 ans profitait de l\u2019\u00e9t\u00e9 pour travailler sur des exploitations agricoles, il meurt \u00e9cras\u00e9 entre une remorque et un tracteur - ACCIDENTDUTRAVAIL-IDF\" \/>\n<meta property=\"og:description\" content=\"L\u2019\u00e9tudiant de 18 ans profitait de l\u2019\u00e9t\u00e9 pour travailler sur des exploitations agricoles, il meurt \u00e9cras\u00e9 entre une remorque et un tracteur article de ACCIDENTDUTRAVAIL-IDF\" \/>\n<meta property=\"og:url\" content=\"https:\/\/www.accidentdutravail-idf.net\/blog\/letudiant-de-18-ans-profitait-de-lete-pour-travailler-sur-des-exploitations-agricoles-il-meurt-ecrase-entre-une-remorque-et-un-tracteur\/\" \/>\n<meta property=\"og:site_name\" content=\"ACCIDENTDUTRAVAIL-IDF\" \/>\n<meta property=\"article:published_time\" content=\"2025-07-22T06:09:00+00:00\" \/>\n<meta property=\"og:image\" content=\"https:\/\/www.accidentdutravail-idf.net\/blog\/wp-content\/uploads\/2025\/07\/letudiant-de-18-ans-profitait-de-lete-pour-travailler-sur-des-exploitations-agricoles-il-meurt-ecrase-entre-une-remorque-et-un-tracteur.jpg\" \/>\n<meta name=\"author\" content=\"Carlos Poulain\" \/>\n<meta name=\"twitter:card\" content=\"summary_large_image\" \/>\n<meta name=\"twitter:label1\" content=\"\u00c9crit par\" \/>\n\t<meta name=\"twitter:data1\" content=\"Carlos Poulain\" \/>\n\t<meta name=\"twitter:label2\" content=\"Dur\u00e9e de lecture estim\u00e9e\" \/>\n\t<meta name=\"twitter:data2\" content=\"2 minutes\" \/>\n<script type=\"application\/ld+json\" class=\"yoast-schema-graph\">{\"@context\":\"https:\\\/\\\/schema.org\",\"@graph\":[{\"@type\":\"Article\",\"@id\":\"https:\\\/\\\/www.accidentdutravail-idf.net\\\/blog\\\/letudiant-de-18-ans-profitait-de-lete-pour-travailler-sur-des-exploitations-agricoles-il-meurt-ecrase-entre-une-remorque-et-un-tracteur\\\/#article\",\"isPartOf\":{\"@id\":\"https:\\\/\\\/www.accidentdutravail-idf.net\\\/blog\\\/letudiant-de-18-ans-profitait-de-lete-pour-travailler-sur-des-exploitations-agricoles-il-meurt-ecrase-entre-une-remorque-et-un-tracteur\\\/\"},\"author\":{\"name\":\"Carlos Poulain\",\"@id\":\"https:\\\/\\\/www.accidentdutravail-idf.net\\\/blog\\\/#\\\/schema\\\/person\\\/3255d2f970de45e64bd9201f38e7b947\"},\"headline\":\"L\u2019\u00e9tudiant de 18 ans profitait de l\u2019\u00e9t\u00e9 pour travailler sur des exploitations agricoles, il meurt \u00e9cras\u00e9 entre une remorque et un tracteur\",\"datePublished\":\"2025-07-22T06:09:00+00:00\",\"mainEntityOfPage\":{\"@id\":\"https:\\\/\\\/www.accidentdutravail-idf.net\\\/blog\\\/letudiant-de-18-ans-profitait-de-lete-pour-travailler-sur-des-exploitations-agricoles-il-meurt-ecrase-entre-une-remorque-et-un-tracteur\\\/\"},\"wordCount\":388,\"publisher\":{\"@id\":\"https:\\\/\\\/www.accidentdutravail-idf.net\\\/blog\\\/#organization\"},\"image\":{\"@id\":\"https:\\\/\\\/www.accidentdutravail-idf.net\\\/blog\\\/letudiant-de-18-ans-profitait-de-lete-pour-travailler-sur-des-exploitations-agricoles-il-meurt-ecrase-entre-une-remorque-et-un-tracteur\\\/#primaryimage\"},\"thumbnailUrl\":\"https:\\\/\\\/www.accidentdutravail-idf.net\\\/blog\\\/wp-content\\\/uploads\\\/2025\\\/07\\\/letudiant-de-18-ans-profitait-de-lete-pour-travailler-sur-des-exploitations-agricoles-il-meurt-ecrase-entre-une-remorque-et-un-tracteur.jpg\",\"articleSection\":[\"S\u00e9curit\u00e9 Du Travail En Ile-De-France Et Divers:\"],\"inLanguage\":\"fr-FR\"},{\"@type\":\"WebPage\",\"@id\":\"https:\\\/\\\/www.accidentdutravail-idf.net\\\/blog\\\/letudiant-de-18-ans-profitait-de-lete-pour-travailler-sur-des-exploitations-agricoles-il-meurt-ecrase-entre-une-remorque-et-un-tracteur\\\/\",\"url\":\"https:\\\/\\\/www.accidentdutravail-idf.net\\\/blog\\\/letudiant-de-18-ans-profitait-de-lete-pour-travailler-sur-des-exploitations-agricoles-il-meurt-ecrase-entre-une-remorque-et-un-tracteur\\\/\",\"name\":\"L\u2019\u00e9tudiant de 18 ans profitait de l\u2019\u00e9t\u00e9 pour travailler sur des exploitations agricoles, il meurt \u00e9cras\u00e9 entre une remorque et un tracteur - ACCIDENTDUTRAVAIL-IDF\",\"isPartOf\":{\"@id\":\"https:\\\/\\\/www.accidentdutravail-idf.net\\\/blog\\\/#website\"},\"primaryImageOfPage\":{\"@id\":\"https:\\\/\\\/www.accidentdutravail-idf.net\\\/blog\\\/letudiant-de-18-ans-profitait-de-lete-pour-travailler-sur-des-exploitations-agricoles-il-meurt-ecrase-entre-une-remorque-et-un-tracteur\\\/#primaryimage\"},\"image\":{\"@id\":\"https:\\\/\\\/www.accidentdutravail-idf.net\\\/blog\\\/letudiant-de-18-ans-profitait-de-lete-pour-travailler-sur-des-exploitations-agricoles-il-meurt-ecrase-entre-une-remorque-et-un-tracteur\\\/#primaryimage\"},\"thumbnailUrl\":\"https:\\\/\\\/www.accidentdutravail-idf.net\\\/blog\\\/wp-content\\\/uploads\\\/2025\\\/07\\\/letudiant-de-18-ans-profitait-de-lete-pour-travailler-sur-des-exploitations-agricoles-il-meurt-ecrase-entre-une-remorque-et-un-tracteur.jpg\",\"datePublished\":\"2025-07-22T06:09:00+00:00\",\"description\":\"L\u2019\u00e9tudiant de 18 ans profitait de l\u2019\u00e9t\u00e9 pour travailler sur des exploitations agricoles, il meurt \u00e9cras\u00e9 entre une remorque et un tracteur article de ACCIDENTDUTRAVAIL-IDF\",\"breadcrumb\":{\"@id\":\"https:\\\/\\\/www.accidentdutravail-idf.net\\\/blog\\\/letudiant-de-18-ans-profitait-de-lete-pour-travailler-sur-des-exploitations-agricoles-il-meurt-ecrase-entre-une-remorque-et-un-tracteur\\\/#breadcrumb\"},\"inLanguage\":\"fr-FR\",\"potentialAction\":[{\"@type\":\"ReadAction\",\"target\":[\"https:\\\/\\\/www.accidentdutravail-idf.net\\\/blog\\\/letudiant-de-18-ans-profitait-de-lete-pour-travailler-sur-des-exploitations-agricoles-il-meurt-ecrase-entre-une-remorque-et-un-tracteur\\\/\"]}]},{\"@type\":\"ImageObject\",\"inLanguage\":\"fr-FR\",\"@id\":\"https:\\\/\\\/www.accidentdutravail-idf.net\\\/blog\\\/letudiant-de-18-ans-profitait-de-lete-pour-travailler-sur-des-exploitations-agricoles-il-meurt-ecrase-entre-une-remorque-et-un-tracteur\\\/#primaryimage\",\"url\":\"https:\\\/\\\/www.accidentdutravail-idf.net\\\/blog\\\/wp-content\\\/uploads\\\/2025\\\/07\\\/letudiant-de-18-ans-profitait-de-lete-pour-travailler-sur-des-exploitations-agricoles-il-meurt-ecrase-entre-une-remorque-et-un-tracteur.jpg\",\"contentUrl\":\"https:\\\/\\\/www.accidentdutravail-idf.net\\\/blog\\\/wp-content\\\/uploads\\\/2025\\\/07\\\/letudiant-de-18-ans-profitait-de-lete-pour-travailler-sur-des-exploitations-agricoles-il-meurt-ecrase-entre-une-remorque-et-un-tracteur.jpg\"},{\"@type\":\"BreadcrumbList\",\"@id\":\"https:\\\/\\\/www.accidentdutravail-idf.net\\\/blog\\\/letudiant-de-18-ans-profitait-de-lete-pour-travailler-sur-des-exploitations-agricoles-il-meurt-ecrase-entre-une-remorque-et-un-tracteur\\\/#breadcrumb\",\"itemListElement\":[{\"@type\":\"ListItem\",\"position\":1,\"name\":\"Accueil\",\"item\":\"https:\\\/\\\/www.accidentdutravail-idf.net\\\/blog\\\/\"},{\"@type\":\"ListItem\",\"position\":2,\"name\":\"L\u2019\u00e9tudiant de 18 ans profitait de l\u2019\u00e9t\u00e9 pour travailler sur des exploitations agricoles, il meurt \u00e9cras\u00e9 entre une remorque et un tracteur\"}]},{\"@type\":\"WebSite\",\"@id\":\"https:\\\/\\\/www.accidentdutravail-idf.net\\\/blog\\\/#website\",\"url\":\"https:\\\/\\\/www.accidentdutravail-idf.net\\\/blog\\\/\",\"name\":\"ACCIDENTDUTRAVAIL-IDF\",\"description\":\"Portail accidents du travail-maladies professionnelles des entreprises d&#039;Ile-de-France\",\"publisher\":{\"@id\":\"https:\\\/\\\/www.accidentdutravail-idf.net\\\/blog\\\/#organization\"},\"potentialAction\":[{\"@type\":\"SearchAction\",\"target\":{\"@type\":\"EntryPoint\",\"urlTemplate\":\"https:\\\/\\\/www.accidentdutravail-idf.net\\\/blog\\\/?s={search_term_string}\"},\"query-input\":{\"@type\":\"PropertyValueSpecification\",\"valueRequired\":true,\"valueName\":\"search_term_string\"}}],\"inLanguage\":\"fr-FR\"},{\"@type\":\"Organization\",\"@id\":\"https:\\\/\\\/www.accidentdutravail-idf.net\\\/blog\\\/#organization\",\"name\":\"accidentdutravail-idf\",\"url\":\"https:\\\/\\\/www.accidentdutravail-idf.net\\\/blog\\\/\",\"logo\":{\"@type\":\"ImageObject\",\"inLanguage\":\"fr-FR\",\"@id\":\"https:\\\/\\\/www.accidentdutravail-idf.net\\\/blog\\\/#\\\/schema\\\/logo\\\/image\\\/\",\"url\":\"https:\\\/\\\/www.accidentdutravail-idf.net\\\/blog\\\/wp-content\\\/uploads\\\/2022\\\/09\\\/logo-2.png\",\"contentUrl\":\"https:\\\/\\\/www.accidentdutravail-idf.net\\\/blog\\\/wp-content\\\/uploads\\\/2022\\\/09\\\/logo-2.png\",\"width\":380,\"height\":291,\"caption\":\"accidentdutravail-idf\"},\"image\":{\"@id\":\"https:\\\/\\\/www.accidentdutravail-idf.net\\\/blog\\\/#\\\/schema\\\/logo\\\/image\\\/\"}},{\"@type\":\"Person\",\"@id\":\"https:\\\/\\\/www.accidentdutravail-idf.net\\\/blog\\\/#\\\/schema\\\/person\\\/3255d2f970de45e64bd9201f38e7b947\",\"name\":\"Carlos Poulain\",\"image\":{\"@type\":\"ImageObject\",\"inLanguage\":\"fr-FR\",\"@id\":\"https:\\\/\\\/secure.gravatar.com\\\/avatar\\\/b1c2f9d3588e34e91adb093635df64ef4b2381991216be7576466cfcdca4baf3?s=96&d=mm&r=g\",\"url\":\"https:\\\/\\\/secure.gravatar.com\\\/avatar\\\/b1c2f9d3588e34e91adb093635df64ef4b2381991216be7576466cfcdca4baf3?s=96&d=mm&r=g\",\"contentUrl\":\"https:\\\/\\\/secure.gravatar.com\\\/avatar\\\/b1c2f9d3588e34e91adb093635df64ef4b2381991216be7576466cfcdca4baf3?s=96&d=mm&r=g\",\"caption\":\"Carlos Poulain\"},\"url\":\"https:\\\/\\\/www.accidentdutravail-idf.net\\\/blog\\\/author\\\/idfcarlos\\\/\"}]}<\/script>\n<!-- \/ Yoast SEO plugin. -->","yoast_head_json":{"title":"L\u2019\u00e9tudiant de 18 ans profitait de l\u2019\u00e9t\u00e9 pour travailler sur des exploitations agricoles, il meurt \u00e9cras\u00e9 entre une remorque et un tracteur - ACCIDENTDUTRAVAIL-IDF","description":"L\u2019\u00e9tudiant de 18 ans profitait de l\u2019\u00e9t\u00e9 pour travailler sur des exploitations agricoles, il meurt \u00e9cras\u00e9 entre une remorque et un tracteur article de ACCIDENTDUTRAVAIL-IDF","robots":{"index":"index","follow":"follow","max-snippet":"max-snippet:-1","max-image-preview":"max-image-preview:large","max-video-preview":"max-video-preview:-1"},"canonical":"https:\/\/www.accidentdutravail-idf.net\/blog\/letudiant-de-18-ans-profitait-de-lete-pour-travailler-sur-des-exploitations-agricoles-il-meurt-ecrase-entre-une-remorque-et-un-tracteur\/","og_locale":"fr_FR","og_type":"article","og_title":"L\u2019\u00e9tudiant de 18 ans profitait de l\u2019\u00e9t\u00e9 pour travailler sur des exploitations agricoles, il meurt \u00e9cras\u00e9 entre une remorque et un tracteur - ACCIDENTDUTRAVAIL-IDF","og_description":"L\u2019\u00e9tudiant de 18 ans profitait de l\u2019\u00e9t\u00e9 pour travailler sur des exploitations agricoles, il meurt \u00e9cras\u00e9 entre une remorque et un tracteur article de ACCIDENTDUTRAVAIL-IDF","og_url":"https:\/\/www.accidentdutravail-idf.net\/blog\/letudiant-de-18-ans-profitait-de-lete-pour-travailler-sur-des-exploitations-agricoles-il-meurt-ecrase-entre-une-remorque-et-un-tracteur\/","og_site_name":"ACCIDENTDUTRAVAIL-IDF","article_published_time":"2025-07-22T06:09:00+00:00","og_image":[{"url":"https:\/\/www.accidentdutravail-idf.net\/blog\/wp-content\/uploads\/2025\/07\/letudiant-de-18-ans-profitait-de-lete-pour-travailler-sur-des-exploitations-agricoles-il-meurt-ecrase-entre-une-remorque-et-un-tracteur.jpg","type":"","width":"","height":""}],"author":"Carlos Poulain","twitter_card":"summary_large_image","twitter_misc":{"\u00c9crit par":"Carlos Poulain","Dur\u00e9e de lecture estim\u00e9e":"2 minutes"},"schema":{"@context":"https:\/\/schema.org","@graph":[{"@type":"Article","@id":"https:\/\/www.accidentdutravail-idf.net\/blog\/letudiant-de-18-ans-profitait-de-lete-pour-travailler-sur-des-exploitations-agricoles-il-meurt-ecrase-entre-une-remorque-et-un-tracteur\/#article","isPartOf":{"@id":"https:\/\/www.accidentdutravail-idf.net\/blog\/letudiant-de-18-ans-profitait-de-lete-pour-travailler-sur-des-exploitations-agricoles-il-meurt-ecrase-entre-une-remorque-et-un-tracteur\/"},"author":{"name":"Carlos Poulain","@id":"https:\/\/www.accidentdutravail-idf.net\/blog\/#\/schema\/person\/3255d2f970de45e64bd9201f38e7b947"},"headline":"L\u2019\u00e9tudiant de 18 ans profitait de l\u2019\u00e9t\u00e9 pour travailler sur des exploitations agricoles, il meurt \u00e9cras\u00e9 entre une remorque et un tracteur","datePublished":"2025-07-22T06:09:00+00:00","mainEntityOfPage":{"@id":"https:\/\/www.accidentdutravail-idf.net\/blog\/letudiant-de-18-ans-profitait-de-lete-pour-travailler-sur-des-exploitations-agricoles-il-meurt-ecrase-entre-une-remorque-et-un-tracteur\/"},"wordCount":388,"publisher":{"@id":"https:\/\/www.accidentdutravail-idf.net\/blog\/#organization"},"image":{"@id":"https:\/\/www.accidentdutravail-idf.net\/blog\/letudiant-de-18-ans-profitait-de-lete-pour-travailler-sur-des-exploitations-agricoles-il-meurt-ecrase-entre-une-remorque-et-un-tracteur\/#primaryimage"},"thumbnailUrl":"https:\/\/www.accidentdutravail-idf.net\/blog\/wp-content\/uploads\/2025\/07\/letudiant-de-18-ans-profitait-de-lete-pour-travailler-sur-des-exploitations-agricoles-il-meurt-ecrase-entre-une-remorque-et-un-tracteur.jpg","articleSection":["S\u00e9curit\u00e9 Du Travail En Ile-De-France Et Divers:"],"inLanguage":"fr-FR"},{"@type":"WebPage","@id":"https:\/\/www.accidentdutravail-idf.net\/blog\/letudiant-de-18-ans-profitait-de-lete-pour-travailler-sur-des-exploitations-agricoles-il-meurt-ecrase-entre-une-remorque-et-un-tracteur\/","url":"https:\/\/www.accidentdutravail-idf.net\/blog\/letudiant-de-18-ans-profitait-de-lete-pour-travailler-sur-des-exploitations-agricoles-il-meurt-ecrase-entre-une-remorque-et-un-tracteur\/","name":"L\u2019\u00e9tudiant de 18 ans profitait de l\u2019\u00e9t\u00e9 pour travailler sur des exploitations agricoles, il meurt \u00e9cras\u00e9 entre une remorque et un tracteur - ACCIDENTDUTRAVAIL-IDF","isPartOf":{"@id":"https:\/\/www.accidentdutravail-idf.net\/blog\/#website"},"primaryImageOfPage":{"@id":"https:\/\/www.accidentdutravail-idf.net\/blog\/letudiant-de-18-ans-profitait-de-lete-pour-travailler-sur-des-exploitations-agricoles-il-meurt-ecrase-entre-une-remorque-et-un-tracteur\/#primaryimage"},"image":{"@id":"https:\/\/www.accidentdutravail-idf.net\/blog\/letudiant-de-18-ans-profitait-de-lete-pour-travailler-sur-des-exploitations-agricoles-il-meurt-ecrase-entre-une-remorque-et-un-tracteur\/#primaryimage"},"thumbnailUrl":"https:\/\/www.accidentdutravail-idf.net\/blog\/wp-content\/uploads\/2025\/07\/letudiant-de-18-ans-profitait-de-lete-pour-travailler-sur-des-exploitations-agricoles-il-meurt-ecrase-entre-une-remorque-et-un-tracteur.jpg","datePublished":"2025-07-22T06:09:00+00:00","description":"L\u2019\u00e9tudiant de 18 ans profitait de l\u2019\u00e9t\u00e9 pour travailler sur des exploitations agricoles, il meurt \u00e9cras\u00e9 entre une remorque et un tracteur article de ACCIDENTDUTRAVAIL-IDF","breadcrumb":{"@id":"https:\/\/www.accidentdutravail-idf.net\/blog\/letudiant-de-18-ans-profitait-de-lete-pour-travailler-sur-des-exploitations-agricoles-il-meurt-ecrase-entre-une-remorque-et-un-tracteur\/#breadcrumb"},"inLanguage":"fr-FR","potentialAction":[{"@type":"ReadAction","target":["https:\/\/www.accidentdutravail-idf.net\/blog\/letudiant-de-18-ans-profitait-de-lete-pour-travailler-sur-des-exploitations-agricoles-il-meurt-ecrase-entre-une-remorque-et-un-tracteur\/"]}]},{"@type":"ImageObject","inLanguage":"fr-FR","@id":"https:\/\/www.accidentdutravail-idf.net\/blog\/letudiant-de-18-ans-profitait-de-lete-pour-travailler-sur-des-exploitations-agricoles-il-meurt-ecrase-entre-une-remorque-et-un-tracteur\/#primaryimage","url":"https:\/\/www.accidentdutravail-idf.net\/blog\/wp-content\/uploads\/2025\/07\/letudiant-de-18-ans-profitait-de-lete-pour-travailler-sur-des-exploitations-agricoles-il-meurt-ecrase-entre-une-remorque-et-un-tracteur.jpg","contentUrl":"https:\/\/www.accidentdutravail-idf.net\/blog\/wp-content\/uploads\/2025\/07\/letudiant-de-18-ans-profitait-de-lete-pour-travailler-sur-des-exploitations-agricoles-il-meurt-ecrase-entre-une-remorque-et-un-tracteur.jpg"},{"@type":"BreadcrumbList","@id":"https:\/\/www.accidentdutravail-idf.net\/blog\/letudiant-de-18-ans-profitait-de-lete-pour-travailler-sur-des-exploitations-agricoles-il-meurt-ecrase-entre-une-remorque-et-un-tracteur\/#breadcrumb","itemListElement":[{"@type":"ListItem","position":1,"name":"Accueil","item":"https:\/\/www.accidentdutravail-idf.net\/blog\/"},{"@type":"ListItem","position":2,"name":"L\u2019\u00e9tudiant de 18 ans profitait de l\u2019\u00e9t\u00e9 pour travailler sur des exploitations agricoles, il meurt \u00e9cras\u00e9 entre une remorque et un tracteur"}]},{"@type":"WebSite","@id":"https:\/\/www.accidentdutravail-idf.net\/blog\/#website","url":"https:\/\/www.accidentdutravail-idf.net\/blog\/","name":"ACCIDENTDUTRAVAIL-IDF","description":"Portail accidents du travail-maladies professionnelles des entreprises d&#039;Ile-de-France","publisher":{"@id":"https:\/\/www.accidentdutravail-idf.net\/blog\/#organization"},"potentialAction":[{"@type":"SearchAction","target":{"@type":"EntryPoint","urlTemplate":"https:\/\/www.accidentdutravail-idf.net\/blog\/?s={search_term_string}"},"query-input":{"@type":"PropertyValueSpecification","valueRequired":true,"valueName":"search_term_string"}}],"inLanguage":"fr-FR"},{"@type":"Organization","@id":"https:\/\/www.accidentdutravail-idf.net\/blog\/#organization","name":"accidentdutravail-idf","url":"https:\/\/www.accidentdutravail-idf.net\/blog\/","logo":{"@type":"ImageObject","inLanguage":"fr-FR","@id":"https:\/\/www.accidentdutravail-idf.net\/blog\/#\/schema\/logo\/image\/","url":"https:\/\/www.accidentdutravail-idf.net\/blog\/wp-content\/uploads\/2022\/09\/logo-2.png","contentUrl":"https:\/\/www.accidentdutravail-idf.net\/blog\/wp-content\/uploads\/2022\/09\/logo-2.png","width":380,"height":291,"caption":"accidentdutravail-idf"},"image":{"@id":"https:\/\/www.accidentdutravail-idf.net\/blog\/#\/schema\/logo\/image\/"}},{"@type":"Person","@id":"https:\/\/www.accidentdutravail-idf.net\/blog\/#\/schema\/person\/3255d2f970de45e64bd9201f38e7b947","name":"Carlos Poulain","image":{"@type":"ImageObject","inLanguage":"fr-FR","@id":"https:\/\/secure.gravatar.com\/avatar\/b1c2f9d3588e34e91adb093635df64ef4b2381991216be7576466cfcdca4baf3?s=96&d=mm&r=g","url":"https:\/\/secure.gravatar.com\/avatar\/b1c2f9d3588e34e91adb093635df64ef4b2381991216be7576466cfcdca4baf3?s=96&d=mm&r=g","contentUrl":"https:\/\/secure.gravatar.com\/avatar\/b1c2f9d3588e34e91adb093635df64ef4b2381991216be7576466cfcdca4baf3?s=96&d=mm&r=g","caption":"Carlos Poulain"},"url":"https:\/\/www.accidentdutravail-idf.net\/blog\/author\/idfcarlos\/"}]}},"_links":{"self":[{"href":"https:\/\/www.accidentdutravail-idf.net\/blog\/wp-json\/wp\/v2\/posts\/1612","targetHints":{"allow":["GET"]}}],"collection":[{"href":"https:\/\/www.accidentdutravail-idf.net\/blog\/wp-json\/wp\/v2\/posts"}],"about":[{"href":"https:\/\/www.accidentdutravail-idf.net\/blog\/wp-json\/wp\/v2\/types\/post"}],"author":[{"embeddable":true,"href":"https:\/\/www.accidentdutravail-idf.net\/blog\/wp-json\/wp\/v2\/users\/2"}],"replies":[{"embeddable":true,"href":"https:\/\/www.accidentdutravail-idf.net\/blog\/wp-json\/wp\/v2\/comments?post=1612"}],"version-history":[{"count":0,"href":"https:\/\/www.accidentdutravail-idf.net\/blog\/wp-json\/wp\/v2\/posts\/1612\/revisions"}],"wp:attachment":[{"href":"https:\/\/www.accidentdutravail-idf.net\/blog\/wp-json\/wp\/v2\/media?parent=1612"}],"wp:term":[{"taxonomy":"category","embeddable":true,"href":"https:\/\/www.accidentdutravail-idf.net\/blog\/wp-json\/wp\/v2\/categories?post=1612"},{"taxonomy":"post_tag","embeddable":true,"href":"https:\/\/www.accidentdutravail-idf.net\/blog\/wp-json\/wp\/v2\/tags?post=1612"}],"curies":[{"name":"wp","href":"https:\/\/api.w.org\/{rel}","templated":true}]}}