{"id":1611,"date":"2025-07-24T10:08:00","date_gmt":"2025-07-24T08:08:00","guid":{"rendered":"https:\/\/www.accidentdutravail-idf.net\/blog\/rouen-le-pont-guillaume-en-travaux-apres-laccident-de-grue-combien-ca-coute-et-qui-va-payer\/"},"modified":"2025-07-24T10:08:00","modified_gmt":"2025-07-24T08:08:00","slug":"rouen-le-pont-guillaume-en-travaux-apres-laccident-de-grue-combien-ca-coute-et-qui-va-payer","status":"publish","type":"post","link":"https:\/\/www.accidentdutravail-idf.net\/blog\/rouen-le-pont-guillaume-en-travaux-apres-laccident-de-grue-combien-ca-coute-et-qui-va-payer\/","title":{"rendered":"Rouen. Le pont Guillaume en travaux apr\u00e8s l&rsquo;accident de grue : combien \u00e7a co\u00fbte et qui va payer"},"content":{"rendered":"<div><img decoding=\"async\" src=\"https:\/\/www.accidentdutravail-idf.net\/blog\/wp-content\/uploads\/2025\/07\/rouen-le-pont-guillaume-en-travaux-apres-laccident-de-grue-combien-ca-coute-et-qui-va-payer.jpg\" class=\"ff-og-image-inserted\"><\/div>\n<div class=\"ac-article-date\"> Par <strong> <a href=\"https:\/\/actu.fr\/auteur\/adrien-filoche\" title=\"Consulter tous les articles de Adrien Filoche\" target=\"_blank\" rel=\"nofollow\">Adrien Filoche<\/a> <\/strong> <span> Publi\u00e9 le  24 juil. 2025 \u00e0 16h48  <\/span>\n<\/div>\n<p>Apr\u00e8s l\u2019incident de d\u00e9cembre&nbsp;2023, lors duquel <strong>une grue s\u2019\u00e9tait encastr\u00e9e dans le pont<\/strong> Guillaume-le-Conqu\u00e9rant \u00e0 <a href=\"https:\/\/actu.fr\/normandie\/rouen_76540\" target=\"_blank\" rel=\"nofollow\">Rouen<\/a> <strong>(Seine-Maritime)<\/strong>, <a href=\"https:\/\/actu.fr\/normandie\/rouen_76540\/rouen-les-travaux-du-pont-guillaume-le-conquerant-vont-debuter-quel-impact-sur-la-circulation_62939613.html\" target=\"_blank\" rel=\"nofollow\">les travaux de r\u00e9habilitation<\/a> de l\u2019\u00e9difice vont d\u00e9buter le 28&nbsp;juillet 2025. Ainsi, le pont sera ferm\u00e9 durant 10 nuits les mois de septembre et octobre afin de r\u00e9aliser des op\u00e9rations de soudure. Mais combien va co\u00fbter ce chantier\u2009? <strong>Et qui va payer\u2009?<\/strong> On s\u2019est renseign\u00e9.<\/p>\n<h2 class=\" wall-content\">Des discussions entre les assurances<\/h2>\n<p class=\" wall-content\">Dans cet impressionnant accident, le tord revient \u00e0 la personne qui dirigeait la p\u00e9niche, et dont la grue s\u2019\u00e9tait encastr\u00e9e dans le pont. Le co\u00fbt du chantier, ainsi que de la s\u00e9curisation de l\u2019\u00e9difice r\u00e9alis\u00e9e en amont et les \u00e9tudes men\u00e9es, est estim\u00e9 \u00e0 pr\u00e8s d\u2019<strong>un million d\u2019euros.<\/strong><\/p>\n<div class=\"ac-article-to-read wall-content\">\n<p>\u00c0 lire aussi<\/p>\n<\/div>\n<p class=\" wall-content\">C\u2019est la <a href=\"https:\/\/actu.fr\/tag\/metropole-rouen\" target=\"_blank\" rel=\"nofollow\">M\u00e9tropole de Rouen<\/a> qui fait l\u2019avance des frais. \u00ab\u2009Le remboursement fait l\u2019objet de discussions entre l\u2019assureur de la M\u00e9tropole et l\u2019assureur du propri\u00e9taire de la p\u00e9niche\u2009\u00bb, souligne la M\u00e9tropole. Et de pr\u00e9ciser\u2009: \u00ab\u2009<strong>En th\u00e9orie<\/strong>, l\u2019int\u00e9gralit\u00e9 de la somme sera imput\u00e9e \u00e0 l\u2019assurance du mis en cause.\u2009\u00bb<\/p>\n<p class=\" wall-content\">Le propri\u00e9taire de la p\u00e9niche n\u2019ayant pas pris la fuite et ayant reconnu ses torts, aucune plainte n\u2019a \u00e9t\u00e9 d\u00e9pos\u00e9e \u00e0 son encontre par la M\u00e9tropole de Rouen.<\/p>\n<div class=\"ac-infospratiques wall-content\">Suivez l\u2019actualit\u00e9 de Rouen sur <a href=\"https:\/\/www.whatsapp.com\/channel\/0029VaKfnf99hXF2ddApFB1D\" target=\"_blank\" rel=\"nofollow\">notre cha\u00eene WhatsApp<\/a> et sur <a href=\"https:\/\/www.tiktok.com\/@76actu.fr?lang=fr\" target=\"_blank\" rel=\"nofollow\">notre compte TikTok<\/a><\/div>\n<p class=\" wall-content\"><i>Suivez toute l\u2019actualit\u00e9 de vos villes et m\u00e9dias favoris en vous inscrivant \u00e0 <a href=\"https:\/\/moncompte.actu.fr\" title=\"D\u00e9couvez Mon Actu\" rel=\"nofollow\" data-trk=\"{&quot;cta&quot;:{&quot;action&quot;:&quot;https:\\\/\\\/moncompte.actu.fr&quot;,&quot;category&quot;:&quot;mon compte&quot;,&quot;from&quot;:&quot;article footer&quot;,&quot;name&quot;:&quot;Mon actu&quot;,&quot;type&quot;:&quot;cta&quot;}}\" target=\"_blank\">Mon Actu<\/a>.<\/i><\/p>\n<ul class=\"ac-article-tag wall-content\">\n<li><a href=\"https:\/\/actu.fr\/tag\/metropole-rouen\" data-trk=\"{&quot;cta&quot;:{&quot;action&quot;:&quot;M\\u00e9tropole Rouen&quot;,&quot;category&quot;:&quot;tag&quot;,&quot;from&quot;:&quot;article footer&quot;,&quot;name&quot;:&quot;M\\u00e9tropole Rouen&quot;,&quot;type&quot;:&quot;cta&quot;}}\" target=\"_blank\" rel=\"nofollow\">#M\u00e9tropole Rouen<\/a><\/li>\n<li><a href=\"https:\/\/actu.fr\/tag\/travaux\" data-trk=\"{&quot;cta&quot;:{&quot;action&quot;:&quot;Travaux&quot;,&quot;category&quot;:&quot;tag&quot;,&quot;from&quot;:&quot;article footer&quot;,&quot;name&quot;:&quot;Travaux&quot;,&quot;type&quot;:&quot;cta&quot;}}\" target=\"_blank\" rel=\"nofollow\">#Travaux<\/a><\/li>\n<\/ul>\n<p> accidentdutravail-idf.net vous a pr\u00e9par\u00e9 ce post qui informe du sujet \u00ab\u00a0Association Sportive Huisson-Longueville Essonne\u00a0\u00bb. La chronique se veut g\u00e9n\u00e9r\u00e9e du mieux possible. Vous pouvez utiliser les coordonn\u00e9es indiqu\u00e9es sur le site dans le but d\u2019apporter des explications sur ce post qui parle du th\u00e8me \u00ab\u00a0Association Sportive Huisson-Longueville Essonne\u00a0\u00bb. Le site accidentdutravail-idf.net a pour but de fournir diverses publications sur la th\u00e9matique Association Sportive Huisson-Longueville Essonne diffus\u00e9es sur le net. Il y aura plusieurs articles autour du sujet \u00ab\u00a0Association Sportive Huisson-Longueville Essonne\u00a0\u00bb dans quelques jours, nous vous invitons \u00e0 naviguer sur notre site web \u00e0 plusieurs reprises.<\/p>\n","protected":false},"excerpt":{"rendered":"<p>Par Adrien Filoche Publi\u00e9 le 24 juil. 2025 \u00e0 16h48 Apr\u00e8s l\u2019incident de d\u00e9cembre&nbsp;2023, lors duquel une grue s\u2019\u00e9tait encastr\u00e9e dans le pont Guillaume-le-Conqu\u00e9rant \u00e0 Rouen (Seine-Maritime), les travaux de r\u00e9habilitation de l\u2019\u00e9difice vont d\u00e9buter le 28&nbsp;juillet 2025. Ainsi, le pont sera ferm\u00e9 durant 10 nuits les mois de septembre et octobre afin de r\u00e9aliser &hellip; <\/p>\n<p class=\"link-more\"><a href=\"https:\/\/www.accidentdutravail-idf.net\/blog\/rouen-le-pont-guillaume-en-travaux-apres-laccident-de-grue-combien-ca-coute-et-qui-va-payer\/\" class=\"more-link\">Continuer la lecture <span class=\"screen-reader-text\"> \u00ab\u00a0Rouen. Le pont Guillaume en travaux apr\u00e8s l&rsquo;accident de grue : combien \u00e7a co\u00fbte et qui va payer\u00a0\u00bb<\/span><\/a><\/p>\n","protected":false},"author":2,"featured_media":0,"comment_status":"closed","ping_status":"closed","sticky":false,"template":"","format":"standard","meta":{"footnotes":""},"categories":[5],"tags":[],"class_list":["post-1611","post","type-post","status-publish","format-standard","hentry","category-securite-du-travail-en-ile-de-france-et-divers","entry"],"yoast_head":"<!-- This site is optimized with the Yoast SEO plugin v27.5 - https:\/\/yoast.com\/product\/yoast-seo-wordpress\/ -->\n<title>Rouen. Le pont Guillaume en travaux apr\u00e8s l&#039;accident de grue : combien \u00e7a co\u00fbte et qui va payer - ACCIDENTDUTRAVAIL-IDF<\/title>\n<meta name=\"description\" content=\"Rouen. Le pont Guillaume en travaux apr\u00e8s l&#039;accident de grue : combien \u00e7a co\u00fbte et qui va payer article de ACCIDENTDUTRAVAIL-IDF\" \/>\n<meta name=\"robots\" content=\"index, follow, max-snippet:-1, max-image-preview:large, max-video-preview:-1\" \/>\n<link rel=\"canonical\" href=\"https:\/\/www.accidentdutravail-idf.net\/blog\/rouen-le-pont-guillaume-en-travaux-apres-laccident-de-grue-combien-ca-coute-et-qui-va-payer\/\" \/>\n<meta property=\"og:locale\" content=\"fr_FR\" \/>\n<meta property=\"og:type\" content=\"article\" \/>\n<meta property=\"og:title\" content=\"Rouen. Le pont Guillaume en travaux apr\u00e8s l&#039;accident de grue : combien \u00e7a co\u00fbte et qui va payer - ACCIDENTDUTRAVAIL-IDF\" \/>\n<meta property=\"og:description\" content=\"Rouen. Le pont Guillaume en travaux apr\u00e8s l&#039;accident de grue : combien \u00e7a co\u00fbte et qui va payer article de ACCIDENTDUTRAVAIL-IDF\" \/>\n<meta property=\"og:url\" content=\"https:\/\/www.accidentdutravail-idf.net\/blog\/rouen-le-pont-guillaume-en-travaux-apres-laccident-de-grue-combien-ca-coute-et-qui-va-payer\/\" \/>\n<meta property=\"og:site_name\" content=\"ACCIDENTDUTRAVAIL-IDF\" \/>\n<meta property=\"article:published_time\" content=\"2025-07-24T08:08:00+00:00\" \/>\n<meta property=\"og:image\" content=\"https:\/\/www.accidentdutravail-idf.net\/blog\/wp-content\/uploads\/2025\/07\/rouen-le-pont-guillaume-en-travaux-apres-laccident-de-grue-combien-ca-coute-et-qui-va-payer.jpg\" \/>\n<meta name=\"author\" content=\"Carlos Poulain\" \/>\n<meta name=\"twitter:card\" content=\"summary_large_image\" \/>\n<meta name=\"twitter:label1\" content=\"\u00c9crit par\" \/>\n\t<meta name=\"twitter:data1\" content=\"Carlos Poulain\" \/>\n\t<meta name=\"twitter:label2\" content=\"Dur\u00e9e de lecture estim\u00e9e\" \/>\n\t<meta name=\"twitter:data2\" content=\"2 minutes\" \/>\n<script type=\"application\/ld+json\" class=\"yoast-schema-graph\">{\"@context\":\"https:\\\/\\\/schema.org\",\"@graph\":[{\"@type\":\"Article\",\"@id\":\"https:\\\/\\\/www.accidentdutravail-idf.net\\\/blog\\\/rouen-le-pont-guillaume-en-travaux-apres-laccident-de-grue-combien-ca-coute-et-qui-va-payer\\\/#article\",\"isPartOf\":{\"@id\":\"https:\\\/\\\/www.accidentdutravail-idf.net\\\/blog\\\/rouen-le-pont-guillaume-en-travaux-apres-laccident-de-grue-combien-ca-coute-et-qui-va-payer\\\/\"},\"author\":{\"name\":\"Carlos Poulain\",\"@id\":\"https:\\\/\\\/www.accidentdutravail-idf.net\\\/blog\\\/#\\\/schema\\\/person\\\/3255d2f970de45e64bd9201f38e7b947\"},\"headline\":\"Rouen. Le pont Guillaume en travaux apr\u00e8s l&rsquo;accident de grue : combien \u00e7a co\u00fbte et qui va payer\",\"datePublished\":\"2025-07-24T08:08:00+00:00\",\"mainEntityOfPage\":{\"@id\":\"https:\\\/\\\/www.accidentdutravail-idf.net\\\/blog\\\/rouen-le-pont-guillaume-en-travaux-apres-laccident-de-grue-combien-ca-coute-et-qui-va-payer\\\/\"},\"wordCount\":403,\"publisher\":{\"@id\":\"https:\\\/\\\/www.accidentdutravail-idf.net\\\/blog\\\/#organization\"},\"image\":{\"@id\":\"https:\\\/\\\/www.accidentdutravail-idf.net\\\/blog\\\/rouen-le-pont-guillaume-en-travaux-apres-laccident-de-grue-combien-ca-coute-et-qui-va-payer\\\/#primaryimage\"},\"thumbnailUrl\":\"https:\\\/\\\/www.accidentdutravail-idf.net\\\/blog\\\/wp-content\\\/uploads\\\/2025\\\/07\\\/rouen-le-pont-guillaume-en-travaux-apres-laccident-de-grue-combien-ca-coute-et-qui-va-payer.jpg\",\"articleSection\":[\"S\u00e9curit\u00e9 Du Travail En Ile-De-France Et Divers:\"],\"inLanguage\":\"fr-FR\"},{\"@type\":\"WebPage\",\"@id\":\"https:\\\/\\\/www.accidentdutravail-idf.net\\\/blog\\\/rouen-le-pont-guillaume-en-travaux-apres-laccident-de-grue-combien-ca-coute-et-qui-va-payer\\\/\",\"url\":\"https:\\\/\\\/www.accidentdutravail-idf.net\\\/blog\\\/rouen-le-pont-guillaume-en-travaux-apres-laccident-de-grue-combien-ca-coute-et-qui-va-payer\\\/\",\"name\":\"Rouen. Le pont Guillaume en travaux apr\u00e8s l'accident de grue : combien \u00e7a co\u00fbte et qui va payer - ACCIDENTDUTRAVAIL-IDF\",\"isPartOf\":{\"@id\":\"https:\\\/\\\/www.accidentdutravail-idf.net\\\/blog\\\/#website\"},\"primaryImageOfPage\":{\"@id\":\"https:\\\/\\\/www.accidentdutravail-idf.net\\\/blog\\\/rouen-le-pont-guillaume-en-travaux-apres-laccident-de-grue-combien-ca-coute-et-qui-va-payer\\\/#primaryimage\"},\"image\":{\"@id\":\"https:\\\/\\\/www.accidentdutravail-idf.net\\\/blog\\\/rouen-le-pont-guillaume-en-travaux-apres-laccident-de-grue-combien-ca-coute-et-qui-va-payer\\\/#primaryimage\"},\"thumbnailUrl\":\"https:\\\/\\\/www.accidentdutravail-idf.net\\\/blog\\\/wp-content\\\/uploads\\\/2025\\\/07\\\/rouen-le-pont-guillaume-en-travaux-apres-laccident-de-grue-combien-ca-coute-et-qui-va-payer.jpg\",\"datePublished\":\"2025-07-24T08:08:00+00:00\",\"description\":\"Rouen. Le pont Guillaume en travaux apr\u00e8s l'accident de grue : combien \u00e7a co\u00fbte et qui va payer article de ACCIDENTDUTRAVAIL-IDF\",\"breadcrumb\":{\"@id\":\"https:\\\/\\\/www.accidentdutravail-idf.net\\\/blog\\\/rouen-le-pont-guillaume-en-travaux-apres-laccident-de-grue-combien-ca-coute-et-qui-va-payer\\\/#breadcrumb\"},\"inLanguage\":\"fr-FR\",\"potentialAction\":[{\"@type\":\"ReadAction\",\"target\":[\"https:\\\/\\\/www.accidentdutravail-idf.net\\\/blog\\\/rouen-le-pont-guillaume-en-travaux-apres-laccident-de-grue-combien-ca-coute-et-qui-va-payer\\\/\"]}]},{\"@type\":\"ImageObject\",\"inLanguage\":\"fr-FR\",\"@id\":\"https:\\\/\\\/www.accidentdutravail-idf.net\\\/blog\\\/rouen-le-pont-guillaume-en-travaux-apres-laccident-de-grue-combien-ca-coute-et-qui-va-payer\\\/#primaryimage\",\"url\":\"https:\\\/\\\/www.accidentdutravail-idf.net\\\/blog\\\/wp-content\\\/uploads\\\/2025\\\/07\\\/rouen-le-pont-guillaume-en-travaux-apres-laccident-de-grue-combien-ca-coute-et-qui-va-payer.jpg\",\"contentUrl\":\"https:\\\/\\\/www.accidentdutravail-idf.net\\\/blog\\\/wp-content\\\/uploads\\\/2025\\\/07\\\/rouen-le-pont-guillaume-en-travaux-apres-laccident-de-grue-combien-ca-coute-et-qui-va-payer.jpg\"},{\"@type\":\"BreadcrumbList\",\"@id\":\"https:\\\/\\\/www.accidentdutravail-idf.net\\\/blog\\\/rouen-le-pont-guillaume-en-travaux-apres-laccident-de-grue-combien-ca-coute-et-qui-va-payer\\\/#breadcrumb\",\"itemListElement\":[{\"@type\":\"ListItem\",\"position\":1,\"name\":\"Accueil\",\"item\":\"https:\\\/\\\/www.accidentdutravail-idf.net\\\/blog\\\/\"},{\"@type\":\"ListItem\",\"position\":2,\"name\":\"Rouen. Le pont Guillaume en travaux apr\u00e8s l&rsquo;accident de grue : combien \u00e7a co\u00fbte et qui va payer\"}]},{\"@type\":\"WebSite\",\"@id\":\"https:\\\/\\\/www.accidentdutravail-idf.net\\\/blog\\\/#website\",\"url\":\"https:\\\/\\\/www.accidentdutravail-idf.net\\\/blog\\\/\",\"name\":\"ACCIDENTDUTRAVAIL-IDF\",\"description\":\"Portail accidents du travail-maladies professionnelles des entreprises d&#039;Ile-de-France\",\"publisher\":{\"@id\":\"https:\\\/\\\/www.accidentdutravail-idf.net\\\/blog\\\/#organization\"},\"potentialAction\":[{\"@type\":\"SearchAction\",\"target\":{\"@type\":\"EntryPoint\",\"urlTemplate\":\"https:\\\/\\\/www.accidentdutravail-idf.net\\\/blog\\\/?s={search_term_string}\"},\"query-input\":{\"@type\":\"PropertyValueSpecification\",\"valueRequired\":true,\"valueName\":\"search_term_string\"}}],\"inLanguage\":\"fr-FR\"},{\"@type\":\"Organization\",\"@id\":\"https:\\\/\\\/www.accidentdutravail-idf.net\\\/blog\\\/#organization\",\"name\":\"accidentdutravail-idf\",\"url\":\"https:\\\/\\\/www.accidentdutravail-idf.net\\\/blog\\\/\",\"logo\":{\"@type\":\"ImageObject\",\"inLanguage\":\"fr-FR\",\"@id\":\"https:\\\/\\\/www.accidentdutravail-idf.net\\\/blog\\\/#\\\/schema\\\/logo\\\/image\\\/\",\"url\":\"https:\\\/\\\/www.accidentdutravail-idf.net\\\/blog\\\/wp-content\\\/uploads\\\/2022\\\/09\\\/logo-2.png\",\"contentUrl\":\"https:\\\/\\\/www.accidentdutravail-idf.net\\\/blog\\\/wp-content\\\/uploads\\\/2022\\\/09\\\/logo-2.png\",\"width\":380,\"height\":291,\"caption\":\"accidentdutravail-idf\"},\"image\":{\"@id\":\"https:\\\/\\\/www.accidentdutravail-idf.net\\\/blog\\\/#\\\/schema\\\/logo\\\/image\\\/\"}},{\"@type\":\"Person\",\"@id\":\"https:\\\/\\\/www.accidentdutravail-idf.net\\\/blog\\\/#\\\/schema\\\/person\\\/3255d2f970de45e64bd9201f38e7b947\",\"name\":\"Carlos Poulain\",\"image\":{\"@type\":\"ImageObject\",\"inLanguage\":\"fr-FR\",\"@id\":\"https:\\\/\\\/secure.gravatar.com\\\/avatar\\\/b1c2f9d3588e34e91adb093635df64ef4b2381991216be7576466cfcdca4baf3?s=96&d=mm&r=g\",\"url\":\"https:\\\/\\\/secure.gravatar.com\\\/avatar\\\/b1c2f9d3588e34e91adb093635df64ef4b2381991216be7576466cfcdca4baf3?s=96&d=mm&r=g\",\"contentUrl\":\"https:\\\/\\\/secure.gravatar.com\\\/avatar\\\/b1c2f9d3588e34e91adb093635df64ef4b2381991216be7576466cfcdca4baf3?s=96&d=mm&r=g\",\"caption\":\"Carlos Poulain\"},\"url\":\"https:\\\/\\\/www.accidentdutravail-idf.net\\\/blog\\\/author\\\/idfcarlos\\\/\"}]}<\/script>\n<!-- \/ Yoast SEO plugin. -->","yoast_head_json":{"title":"Rouen. Le pont Guillaume en travaux apr\u00e8s l'accident de grue : combien \u00e7a co\u00fbte et qui va payer - ACCIDENTDUTRAVAIL-IDF","description":"Rouen. Le pont Guillaume en travaux apr\u00e8s l'accident de grue : combien \u00e7a co\u00fbte et qui va payer article de ACCIDENTDUTRAVAIL-IDF","robots":{"index":"index","follow":"follow","max-snippet":"max-snippet:-1","max-image-preview":"max-image-preview:large","max-video-preview":"max-video-preview:-1"},"canonical":"https:\/\/www.accidentdutravail-idf.net\/blog\/rouen-le-pont-guillaume-en-travaux-apres-laccident-de-grue-combien-ca-coute-et-qui-va-payer\/","og_locale":"fr_FR","og_type":"article","og_title":"Rouen. Le pont Guillaume en travaux apr\u00e8s l'accident de grue : combien \u00e7a co\u00fbte et qui va payer - ACCIDENTDUTRAVAIL-IDF","og_description":"Rouen. Le pont Guillaume en travaux apr\u00e8s l'accident de grue : combien \u00e7a co\u00fbte et qui va payer article de ACCIDENTDUTRAVAIL-IDF","og_url":"https:\/\/www.accidentdutravail-idf.net\/blog\/rouen-le-pont-guillaume-en-travaux-apres-laccident-de-grue-combien-ca-coute-et-qui-va-payer\/","og_site_name":"ACCIDENTDUTRAVAIL-IDF","article_published_time":"2025-07-24T08:08:00+00:00","og_image":[{"url":"https:\/\/www.accidentdutravail-idf.net\/blog\/wp-content\/uploads\/2025\/07\/rouen-le-pont-guillaume-en-travaux-apres-laccident-de-grue-combien-ca-coute-et-qui-va-payer.jpg","type":"","width":"","height":""}],"author":"Carlos Poulain","twitter_card":"summary_large_image","twitter_misc":{"\u00c9crit par":"Carlos Poulain","Dur\u00e9e de lecture estim\u00e9e":"2 minutes"},"schema":{"@context":"https:\/\/schema.org","@graph":[{"@type":"Article","@id":"https:\/\/www.accidentdutravail-idf.net\/blog\/rouen-le-pont-guillaume-en-travaux-apres-laccident-de-grue-combien-ca-coute-et-qui-va-payer\/#article","isPartOf":{"@id":"https:\/\/www.accidentdutravail-idf.net\/blog\/rouen-le-pont-guillaume-en-travaux-apres-laccident-de-grue-combien-ca-coute-et-qui-va-payer\/"},"author":{"name":"Carlos Poulain","@id":"https:\/\/www.accidentdutravail-idf.net\/blog\/#\/schema\/person\/3255d2f970de45e64bd9201f38e7b947"},"headline":"Rouen. Le pont Guillaume en travaux apr\u00e8s l&rsquo;accident de grue : combien \u00e7a co\u00fbte et qui va payer","datePublished":"2025-07-24T08:08:00+00:00","mainEntityOfPage":{"@id":"https:\/\/www.accidentdutravail-idf.net\/blog\/rouen-le-pont-guillaume-en-travaux-apres-laccident-de-grue-combien-ca-coute-et-qui-va-payer\/"},"wordCount":403,"publisher":{"@id":"https:\/\/www.accidentdutravail-idf.net\/blog\/#organization"},"image":{"@id":"https:\/\/www.accidentdutravail-idf.net\/blog\/rouen-le-pont-guillaume-en-travaux-apres-laccident-de-grue-combien-ca-coute-et-qui-va-payer\/#primaryimage"},"thumbnailUrl":"https:\/\/www.accidentdutravail-idf.net\/blog\/wp-content\/uploads\/2025\/07\/rouen-le-pont-guillaume-en-travaux-apres-laccident-de-grue-combien-ca-coute-et-qui-va-payer.jpg","articleSection":["S\u00e9curit\u00e9 Du Travail En Ile-De-France Et Divers:"],"inLanguage":"fr-FR"},{"@type":"WebPage","@id":"https:\/\/www.accidentdutravail-idf.net\/blog\/rouen-le-pont-guillaume-en-travaux-apres-laccident-de-grue-combien-ca-coute-et-qui-va-payer\/","url":"https:\/\/www.accidentdutravail-idf.net\/blog\/rouen-le-pont-guillaume-en-travaux-apres-laccident-de-grue-combien-ca-coute-et-qui-va-payer\/","name":"Rouen. Le pont Guillaume en travaux apr\u00e8s l'accident de grue : combien \u00e7a co\u00fbte et qui va payer - ACCIDENTDUTRAVAIL-IDF","isPartOf":{"@id":"https:\/\/www.accidentdutravail-idf.net\/blog\/#website"},"primaryImageOfPage":{"@id":"https:\/\/www.accidentdutravail-idf.net\/blog\/rouen-le-pont-guillaume-en-travaux-apres-laccident-de-grue-combien-ca-coute-et-qui-va-payer\/#primaryimage"},"image":{"@id":"https:\/\/www.accidentdutravail-idf.net\/blog\/rouen-le-pont-guillaume-en-travaux-apres-laccident-de-grue-combien-ca-coute-et-qui-va-payer\/#primaryimage"},"thumbnailUrl":"https:\/\/www.accidentdutravail-idf.net\/blog\/wp-content\/uploads\/2025\/07\/rouen-le-pont-guillaume-en-travaux-apres-laccident-de-grue-combien-ca-coute-et-qui-va-payer.jpg","datePublished":"2025-07-24T08:08:00+00:00","description":"Rouen. Le pont Guillaume en travaux apr\u00e8s l'accident de grue : combien \u00e7a co\u00fbte et qui va payer article de ACCIDENTDUTRAVAIL-IDF","breadcrumb":{"@id":"https:\/\/www.accidentdutravail-idf.net\/blog\/rouen-le-pont-guillaume-en-travaux-apres-laccident-de-grue-combien-ca-coute-et-qui-va-payer\/#breadcrumb"},"inLanguage":"fr-FR","potentialAction":[{"@type":"ReadAction","target":["https:\/\/www.accidentdutravail-idf.net\/blog\/rouen-le-pont-guillaume-en-travaux-apres-laccident-de-grue-combien-ca-coute-et-qui-va-payer\/"]}]},{"@type":"ImageObject","inLanguage":"fr-FR","@id":"https:\/\/www.accidentdutravail-idf.net\/blog\/rouen-le-pont-guillaume-en-travaux-apres-laccident-de-grue-combien-ca-coute-et-qui-va-payer\/#primaryimage","url":"https:\/\/www.accidentdutravail-idf.net\/blog\/wp-content\/uploads\/2025\/07\/rouen-le-pont-guillaume-en-travaux-apres-laccident-de-grue-combien-ca-coute-et-qui-va-payer.jpg","contentUrl":"https:\/\/www.accidentdutravail-idf.net\/blog\/wp-content\/uploads\/2025\/07\/rouen-le-pont-guillaume-en-travaux-apres-laccident-de-grue-combien-ca-coute-et-qui-va-payer.jpg"},{"@type":"BreadcrumbList","@id":"https:\/\/www.accidentdutravail-idf.net\/blog\/rouen-le-pont-guillaume-en-travaux-apres-laccident-de-grue-combien-ca-coute-et-qui-va-payer\/#breadcrumb","itemListElement":[{"@type":"ListItem","position":1,"name":"Accueil","item":"https:\/\/www.accidentdutravail-idf.net\/blog\/"},{"@type":"ListItem","position":2,"name":"Rouen. Le pont Guillaume en travaux apr\u00e8s l&rsquo;accident de grue : combien \u00e7a co\u00fbte et qui va payer"}]},{"@type":"WebSite","@id":"https:\/\/www.accidentdutravail-idf.net\/blog\/#website","url":"https:\/\/www.accidentdutravail-idf.net\/blog\/","name":"ACCIDENTDUTRAVAIL-IDF","description":"Portail accidents du travail-maladies professionnelles des entreprises d&#039;Ile-de-France","publisher":{"@id":"https:\/\/www.accidentdutravail-idf.net\/blog\/#organization"},"potentialAction":[{"@type":"SearchAction","target":{"@type":"EntryPoint","urlTemplate":"https:\/\/www.accidentdutravail-idf.net\/blog\/?s={search_term_string}"},"query-input":{"@type":"PropertyValueSpecification","valueRequired":true,"valueName":"search_term_string"}}],"inLanguage":"fr-FR"},{"@type":"Organization","@id":"https:\/\/www.accidentdutravail-idf.net\/blog\/#organization","name":"accidentdutravail-idf","url":"https:\/\/www.accidentdutravail-idf.net\/blog\/","logo":{"@type":"ImageObject","inLanguage":"fr-FR","@id":"https:\/\/www.accidentdutravail-idf.net\/blog\/#\/schema\/logo\/image\/","url":"https:\/\/www.accidentdutravail-idf.net\/blog\/wp-content\/uploads\/2022\/09\/logo-2.png","contentUrl":"https:\/\/www.accidentdutravail-idf.net\/blog\/wp-content\/uploads\/2022\/09\/logo-2.png","width":380,"height":291,"caption":"accidentdutravail-idf"},"image":{"@id":"https:\/\/www.accidentdutravail-idf.net\/blog\/#\/schema\/logo\/image\/"}},{"@type":"Person","@id":"https:\/\/www.accidentdutravail-idf.net\/blog\/#\/schema\/person\/3255d2f970de45e64bd9201f38e7b947","name":"Carlos Poulain","image":{"@type":"ImageObject","inLanguage":"fr-FR","@id":"https:\/\/secure.gravatar.com\/avatar\/b1c2f9d3588e34e91adb093635df64ef4b2381991216be7576466cfcdca4baf3?s=96&d=mm&r=g","url":"https:\/\/secure.gravatar.com\/avatar\/b1c2f9d3588e34e91adb093635df64ef4b2381991216be7576466cfcdca4baf3?s=96&d=mm&r=g","contentUrl":"https:\/\/secure.gravatar.com\/avatar\/b1c2f9d3588e34e91adb093635df64ef4b2381991216be7576466cfcdca4baf3?s=96&d=mm&r=g","caption":"Carlos Poulain"},"url":"https:\/\/www.accidentdutravail-idf.net\/blog\/author\/idfcarlos\/"}]}},"_links":{"self":[{"href":"https:\/\/www.accidentdutravail-idf.net\/blog\/wp-json\/wp\/v2\/posts\/1611","targetHints":{"allow":["GET"]}}],"collection":[{"href":"https:\/\/www.accidentdutravail-idf.net\/blog\/wp-json\/wp\/v2\/posts"}],"about":[{"href":"https:\/\/www.accidentdutravail-idf.net\/blog\/wp-json\/wp\/v2\/types\/post"}],"author":[{"embeddable":true,"href":"https:\/\/www.accidentdutravail-idf.net\/blog\/wp-json\/wp\/v2\/users\/2"}],"replies":[{"embeddable":true,"href":"https:\/\/www.accidentdutravail-idf.net\/blog\/wp-json\/wp\/v2\/comments?post=1611"}],"version-history":[{"count":0,"href":"https:\/\/www.accidentdutravail-idf.net\/blog\/wp-json\/wp\/v2\/posts\/1611\/revisions"}],"wp:attachment":[{"href":"https:\/\/www.accidentdutravail-idf.net\/blog\/wp-json\/wp\/v2\/media?parent=1611"}],"wp:term":[{"taxonomy":"category","embeddable":true,"href":"https:\/\/www.accidentdutravail-idf.net\/blog\/wp-json\/wp\/v2\/categories?post=1611"},{"taxonomy":"post_tag","embeddable":true,"href":"https:\/\/www.accidentdutravail-idf.net\/blog\/wp-json\/wp\/v2\/tags?post=1611"}],"curies":[{"name":"wp","href":"https:\/\/api.w.org\/{rel}","templated":true}]}}