{"id":1609,"date":"2025-07-24T13:14:00","date_gmt":"2025-07-24T11:14:00","guid":{"rendered":"https:\/\/www.accidentdutravail-idf.net\/blog\/le-groupe-pilote-et-randstad-forment-les-salaries-contre-les-tms-et-les-accidents-du-travail\/"},"modified":"2025-07-24T13:14:00","modified_gmt":"2025-07-24T11:14:00","slug":"le-groupe-pilote-et-randstad-forment-les-salaries-contre-les-tms-et-les-accidents-du-travail","status":"publish","type":"post","link":"https:\/\/www.accidentdutravail-idf.net\/blog\/le-groupe-pilote-et-randstad-forment-les-salaries-contre-les-tms-et-les-accidents-du-travail\/","title":{"rendered":"Le groupe Pilote et Randstad forment les salari\u00e9s contre les TMS et les accidents du travail"},"content":{"rendered":"<div><img decoding=\"async\" src=\"https:\/\/www.accidentdutravail-idf.net\/blog\/wp-content\/uploads\/2025\/07\/le-groupe-pilote-et-randstad-forment-les-salaries-contre-les-tms-et-les-accidents-du-travail.jpg\" class=\"ff-og-image-inserted\"><\/div>\n<p>Faire la chasse aux risques : \u00e0 Longuen\u00e9e-en-Anjou, dans l\u2019usine du groupe Pilote (469 M\u20ac de CA 2023), dont le si\u00e8ge se trouve \u00e0 La Limouzini\u00e8re (Loire-Atlantique), on a pris \u00e0 bras-le-corps la question des accidents de travail et des risques li\u00e9s aux TMS, les troubles musculosquelettiques. Un travail de fond, effectu\u00e9 quotidiennement, renforc\u00e9 de mani\u00e8re plus ponctuelle par des ateliers, mis en place avec le sp\u00e9cialiste des ressources humaines Randstad, qui d\u00e9veloppe le programme \u00ab Pr\u00e9vention en actions \u00bb pour la pr\u00e9vention active des TMS. En effet, le site du fabricant de v\u00e9hicules de loisirs, qui emploie pr\u00e8s de 300 collaborateurs, accueille \u00e9galement pr\u00e8s de 80 int\u00e9rimaires.<\/p>\n<h3>Des ateliers ludiques<\/h3>\n<p>Les ateliers mis en place r\u00e9guli\u00e8rement avec Randstad concernent donc en premier lieu les salari\u00e9s int\u00e9rimaires. \u00ab\u00a0Ils sont globalement plus expos\u00e9s aux risques m\u00eame si un grand nombre d\u2019entre eux est recrut\u00e9 sur des p\u00e9riodes longues pouvant aller jusqu\u2019\u00e0 18 mois, t\u00e9moigne Fr\u00e9d\u00e9ric M\u00e9rignat, responsable r\u00e9gional formation et pr\u00e9vention chez Randstad. L\u2019objectif est de sensibiliser sous forme ludique, avec des mises en situation, pour donner des astuces. En 2024, nous avons travaill\u00e9 sur les d\u00e9placements en s\u00e9curit\u00e9 dans l\u2019entreprise. Cette ann\u00e9e, les ateliers portent sur les TMS.\u00a0\u00bb<\/p>\n<p>Ateliers qui \u00e9voquent autant les aspects professionnels que le quotidien, s\u2019\u00e9largissant aussi \u00e0 d\u2019autres probl\u00e9matiques, comme l\u2019alimentation. \u00ab\u00a0Si on d\u00e9veloppe cette culture de la s\u00e9curit\u00e9, assure Fr\u00e9d\u00e9ric M\u00e9rignat, on l\u2019applique plus facilement dans la vie de tous les jours et dans toutes les circonstances.\u00a0\u00bb<\/p>\n<blockquote>\n<p>\u00ab\u00a0Tous les jours, un sujet s\u00e9curit\u00e9 est par exemple abord\u00e9 dans les \u00e9quipes lors de la prise de poste\u00a0\u00bb<\/p>\n<\/blockquote>\n<p>Dans l\u2019usine angevine du groupe Pilote, la sensibilisation et les actions en faveur de la s\u00e9curit\u00e9 sont r\u00e9guli\u00e8res depuis quelques ann\u00e9es : D\u00e9veloppement du dialogue, remont\u00e9e des situations dangereuses rencontr\u00e9es, campagnes de pr\u00e9vention et animations th\u00e9matiques adapt\u00e9es aux m\u00e9tiers de l\u2019entreprise\u2026<\/p>\n<h3>Diminution des accidents<\/h3>\n<p>\u00ab\u00a0Nous en sentons les effets, t\u00e9moigne R\u00e9gis Gu\u00e9rin, animateur s\u00e9curit\u00e9 du site de Pilote \u00e0 Longuen\u00e9e-en-Anjou. Notre taux de fr\u00e9quence (nombre d\u2019accidents de travail divis\u00e9 par le nombre d\u2019heures travaill\u00e9es multipli\u00e9 par un million, NDLR.) d\u00e9passait 40 et nous sommes maintenant au-dessous de 20. Nous l\u2019avons quasiment divis\u00e9 par trois et beaucoup d\u2019habitudes sont prises. Tous les jours, un sujet s\u00e9curit\u00e9 est par exemple abord\u00e9 dans les \u00e9quipes lors de la prise de poste.\u00a0\u00bb<\/p>\n<h3>Adaptation au contexte<\/h3>\n<p>Dans des m\u00e9tiers qui n\u00e9cessitent de la manutention et l\u2019utilisation d\u2019outils, l\u2019usine du groupe Pilote adapte la sensibilisation et la formation aux situations pouvant \u00eatre rencontr\u00e9es sur le lieu de travail. R\u00e9p\u00e9tition de gestes, port de charge, risques li\u00e9s \u00e0 l\u2019utilisation de machines.<\/p>\n<blockquote>\n<p>\u00ab\u00a0Il faut environ 5 ans pour que se diffuse une culture de la s\u00e9curit\u00e9 en entreprise\u00a0\u00bb<\/p>\n<\/blockquote>\n<p>Une campagne sur les potentiels accidents li\u00e9s aux mains a par exemple \u00e9t\u00e9 men\u00e9e, les salari\u00e9s \u00e9tant amen\u00e9s \u00e0 utiliser des cutters, des machines \u00e0 bois ou encore des scies. \u00ab\u00a0On retrouve des probl\u00e9matiques identiques dans les secteurs de l\u2019industrie et de la logistique, souligne Fr\u00e9d\u00e9ric M\u00e9rignat. Il faut environ 5 ans pour que se diffuse une culture de la s\u00e9curit\u00e9 en entreprise, et que chacun se l\u2019approprie \u00e0 tous les \u00e9chelons. On parle alors de maturit\u00e9 de s\u00e9curit\u00e9. Il faut ensuite continuer de l\u2019entretenir avec des actions de pr\u00e9vention.\u00a0\u00bb<\/p>\n<h2>\u00c9changes de bonnes pratiques avec Scania, Valeo et Giphar<\/h2>\n<p>Cette culture de s\u00e9curit\u00e9, l\u2019usine angevine du groupe Pilote la partage \u00e9galement. Un comit\u00e9 s\u00e9curit\u00e9 a \u00e9t\u00e9 lanc\u00e9 avec d\u2019autres entreprises de l\u2019agglom\u00e9ration, telles Scania, Astemo, Valeo, le logisticien Giphar et Intercosm\u00e9tiques, pour \u00e9changer sur les bonnes pratiques en mati\u00e8re de pr\u00e9vention.<\/p>\n<p> accidentdutravail-idf.net vous a pr\u00e9par\u00e9 ce post qui informe du sujet \u00ab\u00a0Association Sportive Huisson-Longueville Essonne\u00a0\u00bb. La chronique se veut g\u00e9n\u00e9r\u00e9e du mieux possible. Vous pouvez utiliser les coordonn\u00e9es indiqu\u00e9es sur le site dans le but d\u2019apporter des explications sur ce post qui parle du th\u00e8me \u00ab\u00a0Association Sportive Huisson-Longueville Essonne\u00a0\u00bb. Le site accidentdutravail-idf.net a pour but de fournir diverses publications sur la th\u00e9matique Association Sportive Huisson-Longueville Essonne diffus\u00e9es sur le net. Il y aura plusieurs articles autour du sujet \u00ab\u00a0Association Sportive Huisson-Longueville Essonne\u00a0\u00bb dans quelques jours, nous vous invitons \u00e0 naviguer sur notre site web \u00e0 plusieurs reprises.<\/p>\n","protected":false},"excerpt":{"rendered":"<p>Faire la chasse aux risques : \u00e0 Longuen\u00e9e-en-Anjou, dans l\u2019usine du groupe Pilote (469 M\u20ac de CA 2023), dont le si\u00e8ge se trouve \u00e0 La Limouzini\u00e8re (Loire-Atlantique), on a pris \u00e0 bras-le-corps la question des accidents de travail et des risques li\u00e9s aux TMS, les troubles musculosquelettiques. Un travail de fond, effectu\u00e9 quotidiennement, renforc\u00e9 de &hellip; <\/p>\n<p class=\"link-more\"><a href=\"https:\/\/www.accidentdutravail-idf.net\/blog\/le-groupe-pilote-et-randstad-forment-les-salaries-contre-les-tms-et-les-accidents-du-travail\/\" class=\"more-link\">Continuer la lecture <span class=\"screen-reader-text\"> \u00ab\u00a0Le groupe Pilote et Randstad forment les salari\u00e9s contre les TMS et les accidents du travail\u00a0\u00bb<\/span><\/a><\/p>\n","protected":false},"author":2,"featured_media":0,"comment_status":"closed","ping_status":"closed","sticky":false,"template":"","format":"standard","meta":{"footnotes":""},"categories":[5],"tags":[],"class_list":["post-1609","post","type-post","status-publish","format-standard","hentry","category-securite-du-travail-en-ile-de-france-et-divers","entry"],"yoast_head":"<!-- This site is optimized with the Yoast SEO plugin v27.5 - https:\/\/yoast.com\/product\/yoast-seo-wordpress\/ -->\n<title>Le groupe Pilote et Randstad forment les salari\u00e9s contre les TMS et les accidents du travail - ACCIDENTDUTRAVAIL-IDF<\/title>\n<meta name=\"description\" content=\"Le groupe Pilote et Randstad forment les salari\u00e9s contre les TMS et les accidents du travail article de ACCIDENTDUTRAVAIL-IDF\" \/>\n<meta name=\"robots\" content=\"index, follow, max-snippet:-1, max-image-preview:large, max-video-preview:-1\" \/>\n<link rel=\"canonical\" href=\"https:\/\/www.accidentdutravail-idf.net\/blog\/le-groupe-pilote-et-randstad-forment-les-salaries-contre-les-tms-et-les-accidents-du-travail\/\" \/>\n<meta property=\"og:locale\" content=\"fr_FR\" \/>\n<meta property=\"og:type\" content=\"article\" \/>\n<meta property=\"og:title\" content=\"Le groupe Pilote et Randstad forment les salari\u00e9s contre les TMS et les accidents du travail - ACCIDENTDUTRAVAIL-IDF\" \/>\n<meta property=\"og:description\" content=\"Le groupe Pilote et Randstad forment les salari\u00e9s contre les TMS et les accidents du travail article de ACCIDENTDUTRAVAIL-IDF\" \/>\n<meta property=\"og:url\" content=\"https:\/\/www.accidentdutravail-idf.net\/blog\/le-groupe-pilote-et-randstad-forment-les-salaries-contre-les-tms-et-les-accidents-du-travail\/\" \/>\n<meta property=\"og:site_name\" content=\"ACCIDENTDUTRAVAIL-IDF\" \/>\n<meta property=\"article:published_time\" content=\"2025-07-24T11:14:00+00:00\" \/>\n<meta property=\"og:image\" content=\"https:\/\/www.accidentdutravail-idf.net\/blog\/wp-content\/uploads\/2025\/07\/le-groupe-pilote-et-randstad-forment-les-salaries-contre-les-tms-et-les-accidents-du-travail.jpg\" \/>\n<meta name=\"author\" content=\"Carlos Poulain\" \/>\n<meta name=\"twitter:card\" content=\"summary_large_image\" \/>\n<meta name=\"twitter:label1\" content=\"\u00c9crit par\" \/>\n\t<meta name=\"twitter:data1\" content=\"Carlos Poulain\" \/>\n\t<meta name=\"twitter:label2\" content=\"Dur\u00e9e de lecture estim\u00e9e\" \/>\n\t<meta name=\"twitter:data2\" content=\"4 minutes\" \/>\n<script type=\"application\/ld+json\" class=\"yoast-schema-graph\">{\"@context\":\"https:\\\/\\\/schema.org\",\"@graph\":[{\"@type\":\"Article\",\"@id\":\"https:\\\/\\\/www.accidentdutravail-idf.net\\\/blog\\\/le-groupe-pilote-et-randstad-forment-les-salaries-contre-les-tms-et-les-accidents-du-travail\\\/#article\",\"isPartOf\":{\"@id\":\"https:\\\/\\\/www.accidentdutravail-idf.net\\\/blog\\\/le-groupe-pilote-et-randstad-forment-les-salaries-contre-les-tms-et-les-accidents-du-travail\\\/\"},\"author\":{\"name\":\"Carlos Poulain\",\"@id\":\"https:\\\/\\\/www.accidentdutravail-idf.net\\\/blog\\\/#\\\/schema\\\/person\\\/3255d2f970de45e64bd9201f38e7b947\"},\"headline\":\"Le groupe Pilote et Randstad forment les salari\u00e9s contre les TMS et les accidents du travail\",\"datePublished\":\"2025-07-24T11:14:00+00:00\",\"mainEntityOfPage\":{\"@id\":\"https:\\\/\\\/www.accidentdutravail-idf.net\\\/blog\\\/le-groupe-pilote-et-randstad-forment-les-salaries-contre-les-tms-et-les-accidents-du-travail\\\/\"},\"wordCount\":786,\"publisher\":{\"@id\":\"https:\\\/\\\/www.accidentdutravail-idf.net\\\/blog\\\/#organization\"},\"image\":{\"@id\":\"https:\\\/\\\/www.accidentdutravail-idf.net\\\/blog\\\/le-groupe-pilote-et-randstad-forment-les-salaries-contre-les-tms-et-les-accidents-du-travail\\\/#primaryimage\"},\"thumbnailUrl\":\"https:\\\/\\\/www.accidentdutravail-idf.net\\\/blog\\\/wp-content\\\/uploads\\\/2025\\\/07\\\/le-groupe-pilote-et-randstad-forment-les-salaries-contre-les-tms-et-les-accidents-du-travail.jpg\",\"articleSection\":[\"S\u00e9curit\u00e9 Du Travail En Ile-De-France Et Divers:\"],\"inLanguage\":\"fr-FR\"},{\"@type\":\"WebPage\",\"@id\":\"https:\\\/\\\/www.accidentdutravail-idf.net\\\/blog\\\/le-groupe-pilote-et-randstad-forment-les-salaries-contre-les-tms-et-les-accidents-du-travail\\\/\",\"url\":\"https:\\\/\\\/www.accidentdutravail-idf.net\\\/blog\\\/le-groupe-pilote-et-randstad-forment-les-salaries-contre-les-tms-et-les-accidents-du-travail\\\/\",\"name\":\"Le groupe Pilote et Randstad forment les salari\u00e9s contre les TMS et les accidents du travail - ACCIDENTDUTRAVAIL-IDF\",\"isPartOf\":{\"@id\":\"https:\\\/\\\/www.accidentdutravail-idf.net\\\/blog\\\/#website\"},\"primaryImageOfPage\":{\"@id\":\"https:\\\/\\\/www.accidentdutravail-idf.net\\\/blog\\\/le-groupe-pilote-et-randstad-forment-les-salaries-contre-les-tms-et-les-accidents-du-travail\\\/#primaryimage\"},\"image\":{\"@id\":\"https:\\\/\\\/www.accidentdutravail-idf.net\\\/blog\\\/le-groupe-pilote-et-randstad-forment-les-salaries-contre-les-tms-et-les-accidents-du-travail\\\/#primaryimage\"},\"thumbnailUrl\":\"https:\\\/\\\/www.accidentdutravail-idf.net\\\/blog\\\/wp-content\\\/uploads\\\/2025\\\/07\\\/le-groupe-pilote-et-randstad-forment-les-salaries-contre-les-tms-et-les-accidents-du-travail.jpg\",\"datePublished\":\"2025-07-24T11:14:00+00:00\",\"description\":\"Le groupe Pilote et Randstad forment les salari\u00e9s contre les TMS et les accidents du travail article de ACCIDENTDUTRAVAIL-IDF\",\"breadcrumb\":{\"@id\":\"https:\\\/\\\/www.accidentdutravail-idf.net\\\/blog\\\/le-groupe-pilote-et-randstad-forment-les-salaries-contre-les-tms-et-les-accidents-du-travail\\\/#breadcrumb\"},\"inLanguage\":\"fr-FR\",\"potentialAction\":[{\"@type\":\"ReadAction\",\"target\":[\"https:\\\/\\\/www.accidentdutravail-idf.net\\\/blog\\\/le-groupe-pilote-et-randstad-forment-les-salaries-contre-les-tms-et-les-accidents-du-travail\\\/\"]}]},{\"@type\":\"ImageObject\",\"inLanguage\":\"fr-FR\",\"@id\":\"https:\\\/\\\/www.accidentdutravail-idf.net\\\/blog\\\/le-groupe-pilote-et-randstad-forment-les-salaries-contre-les-tms-et-les-accidents-du-travail\\\/#primaryimage\",\"url\":\"https:\\\/\\\/www.accidentdutravail-idf.net\\\/blog\\\/wp-content\\\/uploads\\\/2025\\\/07\\\/le-groupe-pilote-et-randstad-forment-les-salaries-contre-les-tms-et-les-accidents-du-travail.jpg\",\"contentUrl\":\"https:\\\/\\\/www.accidentdutravail-idf.net\\\/blog\\\/wp-content\\\/uploads\\\/2025\\\/07\\\/le-groupe-pilote-et-randstad-forment-les-salaries-contre-les-tms-et-les-accidents-du-travail.jpg\"},{\"@type\":\"BreadcrumbList\",\"@id\":\"https:\\\/\\\/www.accidentdutravail-idf.net\\\/blog\\\/le-groupe-pilote-et-randstad-forment-les-salaries-contre-les-tms-et-les-accidents-du-travail\\\/#breadcrumb\",\"itemListElement\":[{\"@type\":\"ListItem\",\"position\":1,\"name\":\"Accueil\",\"item\":\"https:\\\/\\\/www.accidentdutravail-idf.net\\\/blog\\\/\"},{\"@type\":\"ListItem\",\"position\":2,\"name\":\"Le groupe Pilote et Randstad forment les salari\u00e9s contre les TMS et les accidents du travail\"}]},{\"@type\":\"WebSite\",\"@id\":\"https:\\\/\\\/www.accidentdutravail-idf.net\\\/blog\\\/#website\",\"url\":\"https:\\\/\\\/www.accidentdutravail-idf.net\\\/blog\\\/\",\"name\":\"ACCIDENTDUTRAVAIL-IDF\",\"description\":\"Portail accidents du travail-maladies professionnelles des entreprises d&#039;Ile-de-France\",\"publisher\":{\"@id\":\"https:\\\/\\\/www.accidentdutravail-idf.net\\\/blog\\\/#organization\"},\"potentialAction\":[{\"@type\":\"SearchAction\",\"target\":{\"@type\":\"EntryPoint\",\"urlTemplate\":\"https:\\\/\\\/www.accidentdutravail-idf.net\\\/blog\\\/?s={search_term_string}\"},\"query-input\":{\"@type\":\"PropertyValueSpecification\",\"valueRequired\":true,\"valueName\":\"search_term_string\"}}],\"inLanguage\":\"fr-FR\"},{\"@type\":\"Organization\",\"@id\":\"https:\\\/\\\/www.accidentdutravail-idf.net\\\/blog\\\/#organization\",\"name\":\"accidentdutravail-idf\",\"url\":\"https:\\\/\\\/www.accidentdutravail-idf.net\\\/blog\\\/\",\"logo\":{\"@type\":\"ImageObject\",\"inLanguage\":\"fr-FR\",\"@id\":\"https:\\\/\\\/www.accidentdutravail-idf.net\\\/blog\\\/#\\\/schema\\\/logo\\\/image\\\/\",\"url\":\"https:\\\/\\\/www.accidentdutravail-idf.net\\\/blog\\\/wp-content\\\/uploads\\\/2022\\\/09\\\/logo-2.png\",\"contentUrl\":\"https:\\\/\\\/www.accidentdutravail-idf.net\\\/blog\\\/wp-content\\\/uploads\\\/2022\\\/09\\\/logo-2.png\",\"width\":380,\"height\":291,\"caption\":\"accidentdutravail-idf\"},\"image\":{\"@id\":\"https:\\\/\\\/www.accidentdutravail-idf.net\\\/blog\\\/#\\\/schema\\\/logo\\\/image\\\/\"}},{\"@type\":\"Person\",\"@id\":\"https:\\\/\\\/www.accidentdutravail-idf.net\\\/blog\\\/#\\\/schema\\\/person\\\/3255d2f970de45e64bd9201f38e7b947\",\"name\":\"Carlos Poulain\",\"image\":{\"@type\":\"ImageObject\",\"inLanguage\":\"fr-FR\",\"@id\":\"https:\\\/\\\/secure.gravatar.com\\\/avatar\\\/b1c2f9d3588e34e91adb093635df64ef4b2381991216be7576466cfcdca4baf3?s=96&d=mm&r=g\",\"url\":\"https:\\\/\\\/secure.gravatar.com\\\/avatar\\\/b1c2f9d3588e34e91adb093635df64ef4b2381991216be7576466cfcdca4baf3?s=96&d=mm&r=g\",\"contentUrl\":\"https:\\\/\\\/secure.gravatar.com\\\/avatar\\\/b1c2f9d3588e34e91adb093635df64ef4b2381991216be7576466cfcdca4baf3?s=96&d=mm&r=g\",\"caption\":\"Carlos Poulain\"},\"url\":\"https:\\\/\\\/www.accidentdutravail-idf.net\\\/blog\\\/author\\\/idfcarlos\\\/\"}]}<\/script>\n<!-- \/ Yoast SEO plugin. -->","yoast_head_json":{"title":"Le groupe Pilote et Randstad forment les salari\u00e9s contre les TMS et les accidents du travail - ACCIDENTDUTRAVAIL-IDF","description":"Le groupe Pilote et Randstad forment les salari\u00e9s contre les TMS et les accidents du travail article de ACCIDENTDUTRAVAIL-IDF","robots":{"index":"index","follow":"follow","max-snippet":"max-snippet:-1","max-image-preview":"max-image-preview:large","max-video-preview":"max-video-preview:-1"},"canonical":"https:\/\/www.accidentdutravail-idf.net\/blog\/le-groupe-pilote-et-randstad-forment-les-salaries-contre-les-tms-et-les-accidents-du-travail\/","og_locale":"fr_FR","og_type":"article","og_title":"Le groupe Pilote et Randstad forment les salari\u00e9s contre les TMS et les accidents du travail - ACCIDENTDUTRAVAIL-IDF","og_description":"Le groupe Pilote et Randstad forment les salari\u00e9s contre les TMS et les accidents du travail article de ACCIDENTDUTRAVAIL-IDF","og_url":"https:\/\/www.accidentdutravail-idf.net\/blog\/le-groupe-pilote-et-randstad-forment-les-salaries-contre-les-tms-et-les-accidents-du-travail\/","og_site_name":"ACCIDENTDUTRAVAIL-IDF","article_published_time":"2025-07-24T11:14:00+00:00","og_image":[{"url":"https:\/\/www.accidentdutravail-idf.net\/blog\/wp-content\/uploads\/2025\/07\/le-groupe-pilote-et-randstad-forment-les-salaries-contre-les-tms-et-les-accidents-du-travail.jpg","type":"","width":"","height":""}],"author":"Carlos Poulain","twitter_card":"summary_large_image","twitter_misc":{"\u00c9crit par":"Carlos Poulain","Dur\u00e9e de lecture estim\u00e9e":"4 minutes"},"schema":{"@context":"https:\/\/schema.org","@graph":[{"@type":"Article","@id":"https:\/\/www.accidentdutravail-idf.net\/blog\/le-groupe-pilote-et-randstad-forment-les-salaries-contre-les-tms-et-les-accidents-du-travail\/#article","isPartOf":{"@id":"https:\/\/www.accidentdutravail-idf.net\/blog\/le-groupe-pilote-et-randstad-forment-les-salaries-contre-les-tms-et-les-accidents-du-travail\/"},"author":{"name":"Carlos Poulain","@id":"https:\/\/www.accidentdutravail-idf.net\/blog\/#\/schema\/person\/3255d2f970de45e64bd9201f38e7b947"},"headline":"Le groupe Pilote et Randstad forment les salari\u00e9s contre les TMS et les accidents du travail","datePublished":"2025-07-24T11:14:00+00:00","mainEntityOfPage":{"@id":"https:\/\/www.accidentdutravail-idf.net\/blog\/le-groupe-pilote-et-randstad-forment-les-salaries-contre-les-tms-et-les-accidents-du-travail\/"},"wordCount":786,"publisher":{"@id":"https:\/\/www.accidentdutravail-idf.net\/blog\/#organization"},"image":{"@id":"https:\/\/www.accidentdutravail-idf.net\/blog\/le-groupe-pilote-et-randstad-forment-les-salaries-contre-les-tms-et-les-accidents-du-travail\/#primaryimage"},"thumbnailUrl":"https:\/\/www.accidentdutravail-idf.net\/blog\/wp-content\/uploads\/2025\/07\/le-groupe-pilote-et-randstad-forment-les-salaries-contre-les-tms-et-les-accidents-du-travail.jpg","articleSection":["S\u00e9curit\u00e9 Du Travail En Ile-De-France Et Divers:"],"inLanguage":"fr-FR"},{"@type":"WebPage","@id":"https:\/\/www.accidentdutravail-idf.net\/blog\/le-groupe-pilote-et-randstad-forment-les-salaries-contre-les-tms-et-les-accidents-du-travail\/","url":"https:\/\/www.accidentdutravail-idf.net\/blog\/le-groupe-pilote-et-randstad-forment-les-salaries-contre-les-tms-et-les-accidents-du-travail\/","name":"Le groupe Pilote et Randstad forment les salari\u00e9s contre les TMS et les accidents du travail - ACCIDENTDUTRAVAIL-IDF","isPartOf":{"@id":"https:\/\/www.accidentdutravail-idf.net\/blog\/#website"},"primaryImageOfPage":{"@id":"https:\/\/www.accidentdutravail-idf.net\/blog\/le-groupe-pilote-et-randstad-forment-les-salaries-contre-les-tms-et-les-accidents-du-travail\/#primaryimage"},"image":{"@id":"https:\/\/www.accidentdutravail-idf.net\/blog\/le-groupe-pilote-et-randstad-forment-les-salaries-contre-les-tms-et-les-accidents-du-travail\/#primaryimage"},"thumbnailUrl":"https:\/\/www.accidentdutravail-idf.net\/blog\/wp-content\/uploads\/2025\/07\/le-groupe-pilote-et-randstad-forment-les-salaries-contre-les-tms-et-les-accidents-du-travail.jpg","datePublished":"2025-07-24T11:14:00+00:00","description":"Le groupe Pilote et Randstad forment les salari\u00e9s contre les TMS et les accidents du travail article de ACCIDENTDUTRAVAIL-IDF","breadcrumb":{"@id":"https:\/\/www.accidentdutravail-idf.net\/blog\/le-groupe-pilote-et-randstad-forment-les-salaries-contre-les-tms-et-les-accidents-du-travail\/#breadcrumb"},"inLanguage":"fr-FR","potentialAction":[{"@type":"ReadAction","target":["https:\/\/www.accidentdutravail-idf.net\/blog\/le-groupe-pilote-et-randstad-forment-les-salaries-contre-les-tms-et-les-accidents-du-travail\/"]}]},{"@type":"ImageObject","inLanguage":"fr-FR","@id":"https:\/\/www.accidentdutravail-idf.net\/blog\/le-groupe-pilote-et-randstad-forment-les-salaries-contre-les-tms-et-les-accidents-du-travail\/#primaryimage","url":"https:\/\/www.accidentdutravail-idf.net\/blog\/wp-content\/uploads\/2025\/07\/le-groupe-pilote-et-randstad-forment-les-salaries-contre-les-tms-et-les-accidents-du-travail.jpg","contentUrl":"https:\/\/www.accidentdutravail-idf.net\/blog\/wp-content\/uploads\/2025\/07\/le-groupe-pilote-et-randstad-forment-les-salaries-contre-les-tms-et-les-accidents-du-travail.jpg"},{"@type":"BreadcrumbList","@id":"https:\/\/www.accidentdutravail-idf.net\/blog\/le-groupe-pilote-et-randstad-forment-les-salaries-contre-les-tms-et-les-accidents-du-travail\/#breadcrumb","itemListElement":[{"@type":"ListItem","position":1,"name":"Accueil","item":"https:\/\/www.accidentdutravail-idf.net\/blog\/"},{"@type":"ListItem","position":2,"name":"Le groupe Pilote et Randstad forment les salari\u00e9s contre les TMS et les accidents du travail"}]},{"@type":"WebSite","@id":"https:\/\/www.accidentdutravail-idf.net\/blog\/#website","url":"https:\/\/www.accidentdutravail-idf.net\/blog\/","name":"ACCIDENTDUTRAVAIL-IDF","description":"Portail accidents du travail-maladies professionnelles des entreprises d&#039;Ile-de-France","publisher":{"@id":"https:\/\/www.accidentdutravail-idf.net\/blog\/#organization"},"potentialAction":[{"@type":"SearchAction","target":{"@type":"EntryPoint","urlTemplate":"https:\/\/www.accidentdutravail-idf.net\/blog\/?s={search_term_string}"},"query-input":{"@type":"PropertyValueSpecification","valueRequired":true,"valueName":"search_term_string"}}],"inLanguage":"fr-FR"},{"@type":"Organization","@id":"https:\/\/www.accidentdutravail-idf.net\/blog\/#organization","name":"accidentdutravail-idf","url":"https:\/\/www.accidentdutravail-idf.net\/blog\/","logo":{"@type":"ImageObject","inLanguage":"fr-FR","@id":"https:\/\/www.accidentdutravail-idf.net\/blog\/#\/schema\/logo\/image\/","url":"https:\/\/www.accidentdutravail-idf.net\/blog\/wp-content\/uploads\/2022\/09\/logo-2.png","contentUrl":"https:\/\/www.accidentdutravail-idf.net\/blog\/wp-content\/uploads\/2022\/09\/logo-2.png","width":380,"height":291,"caption":"accidentdutravail-idf"},"image":{"@id":"https:\/\/www.accidentdutravail-idf.net\/blog\/#\/schema\/logo\/image\/"}},{"@type":"Person","@id":"https:\/\/www.accidentdutravail-idf.net\/blog\/#\/schema\/person\/3255d2f970de45e64bd9201f38e7b947","name":"Carlos Poulain","image":{"@type":"ImageObject","inLanguage":"fr-FR","@id":"https:\/\/secure.gravatar.com\/avatar\/b1c2f9d3588e34e91adb093635df64ef4b2381991216be7576466cfcdca4baf3?s=96&d=mm&r=g","url":"https:\/\/secure.gravatar.com\/avatar\/b1c2f9d3588e34e91adb093635df64ef4b2381991216be7576466cfcdca4baf3?s=96&d=mm&r=g","contentUrl":"https:\/\/secure.gravatar.com\/avatar\/b1c2f9d3588e34e91adb093635df64ef4b2381991216be7576466cfcdca4baf3?s=96&d=mm&r=g","caption":"Carlos Poulain"},"url":"https:\/\/www.accidentdutravail-idf.net\/blog\/author\/idfcarlos\/"}]}},"_links":{"self":[{"href":"https:\/\/www.accidentdutravail-idf.net\/blog\/wp-json\/wp\/v2\/posts\/1609","targetHints":{"allow":["GET"]}}],"collection":[{"href":"https:\/\/www.accidentdutravail-idf.net\/blog\/wp-json\/wp\/v2\/posts"}],"about":[{"href":"https:\/\/www.accidentdutravail-idf.net\/blog\/wp-json\/wp\/v2\/types\/post"}],"author":[{"embeddable":true,"href":"https:\/\/www.accidentdutravail-idf.net\/blog\/wp-json\/wp\/v2\/users\/2"}],"replies":[{"embeddable":true,"href":"https:\/\/www.accidentdutravail-idf.net\/blog\/wp-json\/wp\/v2\/comments?post=1609"}],"version-history":[{"count":0,"href":"https:\/\/www.accidentdutravail-idf.net\/blog\/wp-json\/wp\/v2\/posts\/1609\/revisions"}],"wp:attachment":[{"href":"https:\/\/www.accidentdutravail-idf.net\/blog\/wp-json\/wp\/v2\/media?parent=1609"}],"wp:term":[{"taxonomy":"category","embeddable":true,"href":"https:\/\/www.accidentdutravail-idf.net\/blog\/wp-json\/wp\/v2\/categories?post=1609"},{"taxonomy":"post_tag","embeddable":true,"href":"https:\/\/www.accidentdutravail-idf.net\/blog\/wp-json\/wp\/v2\/tags?post=1609"}],"curies":[{"name":"wp","href":"https:\/\/api.w.org\/{rel}","templated":true}]}}