{"id":1608,"date":"2025-07-23T23:32:00","date_gmt":"2025-07-23T21:32:00","guid":{"rendered":"https:\/\/www.accidentdutravail-idf.net\/blog\/la-correze-renforce-son-intervention-contre-les-accidents-du-travail\/"},"modified":"2025-07-23T23:32:00","modified_gmt":"2025-07-23T21:32:00","slug":"la-correze-renforce-son-intervention-contre-les-accidents-du-travail","status":"publish","type":"post","link":"https:\/\/www.accidentdutravail-idf.net\/blog\/la-correze-renforce-son-intervention-contre-les-accidents-du-travail\/","title":{"rendered":"La Corr\u00e8ze renforce son intervention contre les accidents du travail"},"content":{"rendered":"<div class=\"BodyLayout svelte-9sfmr6\">\n<div class=\"content svelte-9sfmr6\">\n<figure class=\"ClickableMainVisual svelte-13beeiz\" role=\"group\" aria-label=\"En Corr\u00e8ze, on compte 35 accidents pour 1.000 travailleurs en moyenne \u00a9 Maxppp - Bruno Levesque\"><button type=\"button\" aria-label=\"illustration agrandir l'image\" class=\"svelte-13beeiz\"><\/p>\n<div><!--[!--><!--]--> <!--[!--><img decoding=\"async\" src=\"https:\/\/www.accidentdutravail-idf.net\/blog\/wp-content\/uploads\/2025\/07\/la-correze-renforce-son-intervention-contre-les-accidents-du-travail.jpg\" alt=\"illustration agrandir l'image\" loading=\"eager\" aria-hidden=\"true\" class=\"svelte-1pnmlwx rounded\"><!--]--><!--&gt;<\/div>\n\n--><\/button><figcaption class=\"g-ici-caption-regular svelte-13beeiz\">En Corr\u00e8ze, on compte 35 accidents pour 1.000 travailleurs en moyenne \u00a9 Maxppp &#8211; Bruno Levesque<\/figcaption><\/figure>\n<p> <!--[!--><!--]--><!--&gt; \n\n<section class=\"EditorialInfos svelte-1a514ib\">--> <!--[--><\/p>\n<p class=\"g-ici-body-regular-3 info svelte-1a514ib\"><span>Diffus\u00e9 le jeudi 24 juillet 2025 \u00e0 6:31<\/span> <!--[!--><!--]--><\/p>\n<p><!--]--> <!--[--><\/p>\n<p class=\"g-ici-body-regular-3 info svelte-1a514ib\"><span>Publi\u00e9 le jeudi 24 juillet 2025 \u00e0 6:31<\/span> <!--[!--><!--]--><\/p>\n<p><!--]--><\/section>\n<p><!--&gt; [--><\/p>\n<p class=\"g-ici-body-bold-1 standFirst svelte-g22axr\">En France, deux personnes meurent d&rsquo;un accident du travail chaque jour. Une convention vient d&rsquo;\u00eatre sign\u00e9e entre la Chambre de commerce et d&rsquo;industrie de la Corr\u00e8ze et la Carsat Centre-Ouest. L&rsquo;objectif est de r\u00e9duire les accidents du travail et leur gravit\u00e9 dans le d\u00e9partement.\n<\/p>\n<p><!--]--> <\/p>\n<div class=\"IciBody \"><!--[1--><!--[--><!--[2--><!--[--><!--[1--><!--&gt;\n\n<p>--><!--[1--><!--[--><!--[2--><!--[1--><!--[1--><!--&gt;--><!--&gt;En Corr\u00e8ze, on compte 35 accidents du travail pour 1.000 travailleurs, une moyenne plus \u00e9lev\u00e9e que dans le reste de la France. Face \u00e0 ce constat, la Chambre de commerce et d'industrie de la Corr\u00e8ze et la Carsat Centre-Ouest viennent de signer une convention pour tenter de r\u00e9duire le nombre de ces accidents. La convention pr\u00e9voit de mieux sensibiliser davantage les chefs d'entreprise \u00e0 cet enjeu, mais aussi les aider financi\u00e8rement \u00e0 investir dans des \u00e9quipements et des formations.--><!--&gt;--><!--]--><!--]--><!--]--><!--&gt;]--><!--]--><!--&gt;--><\/p>\n<p><!--&gt;]--><!--]--><!--]--><!--&gt;[2--><!--[3--><!--&gt;[--><!--]--><!--&gt;]--><!--]--><!--&gt;]--><!--]--><!--&gt;<\/div>\n\n--> <!--&gt; [--><!--]--><!--&gt; [--><!--]--><!--&gt; --> <!--[!--> <\/p>\n<div class=\"content svelte-1vha4t1\">\n<p class=\"g-ici-body-regular-3 description svelte-1vha4t1\"><!--&gt;Tous les vendredis, recevez le meilleur de la semaine d\u2019ici Limousin&nbsp;: certifi\u00e9 100% local&nbsp;!--><\/p>\n<p><span>En cliquant sur \u00ab\u00a0S\u2019abonner\u00a0\u00bb, j&rsquo;accepte que les donn\u00e9es recueillies par Radio France soient destin\u00e9es \u00e0 l&rsquo;envoi par courrier \u00e9lectronique de contenus et d&rsquo;informations relatifs aux programmes.<\/span> <button class=\"legalNotice no-color ici-link underline svelte-1vha4t1\" type=\"button\">Plus d&rsquo;informations.<\/button><\/p>\n<\/div>\n<p><!--]--><!--&gt;<\/div>\n\n <\/div>\n\n--> <!--[--><!--[--><!--]--><!--]--><!--&gt; [--><\/p>\n<section class=\"SectionWithLink g-ici-section svelte-ahjc7j\" id=\"expressions-list g-ici-section full-width-mobile\"><!--[--><\/p>\n<p><!--[--><\/p>\n<h2 class=\"g-ici-heading sectionTitle\">Les \u00e9pisodes de l\u2019\u00e9mission&nbsp;: L&rsquo;info d&rsquo;ici, ici Limousin<\/h2>\n<p><!--]--><!--&gt;<\/p>\n\n]--> <\/p>\n<div class=\"container svelte-ahjc7j seeMoreContainer\">\n<div class=\"SimpleListSection svelte-x0ggds\">\n<div class=\"content svelte-x0ggds\"><!--[--><\/p>\n<div class=\"IciCard standard svelte-a5dikd\">\n<div class=\"content svelte-a5dikd\">\n<div class=\"details svelte-a5dikd\"><!--[--><!--[!--><button type=\"button\" class=\"IciPlayButton ici-button left-icon default medium disabled svelte-1jriiip darkFocus\" aria-label=\"Limoges Handball - Ewan Kervadec&nbsp;: &quot;Il faudra compter sur Limoges pour aller jouer le Top 5&quot; 3 min : \u00e9mission non disponible\"><!--&gt; <span class=\"text svelte-1jriiip\"><\/span><\/button>]--><!--]--> <!--[!--><\/p>\n<p class=\"date g-ici-body-regular-3 svelte-a5dikd\"><!--&gt;Le&nbsp;24\/07\/2025--><\/p>\n<p><!--]--><\/div>\n<\/div><\/div>\n<div class=\"IciCard standard svelte-a5dikd\">\n<div class=\"content svelte-a5dikd\">\n<div class=\"details svelte-a5dikd\"><!--[--><!--[!--><button type=\"button\" class=\"IciPlayButton ici-button left-icon default medium disabled svelte-1jriiip darkFocus\" aria-label=\"&quot;J'appelle tout le monde \u00e0 l'aide&quot; : en Limousin, des r\u00e9fugi\u00e9s syriens alertent sur la situation dans leur pays 3 min : \u00e9mission non disponible\"><!--&gt; <span class=\"text svelte-1jriiip\"><\/span><\/button>]--><!--]--> <!--[!--><\/p>\n<p class=\"date g-ici-body-regular-3 svelte-a5dikd\"><!--&gt;Le&nbsp;23\/07\/2025--><\/p>\n<p><!--]--><\/div>\n<\/div><\/div>\n<div class=\"IciCard standard svelte-a5dikd\">\n<div class=\"content svelte-a5dikd\">\n<div class=\"details svelte-a5dikd\"><!--[--><!--[!--><button type=\"button\" class=\"IciPlayButton ici-button left-icon default medium disabled svelte-1jriiip darkFocus\" aria-label=\"Un espace de biodiversit\u00e9 cr\u00e9\u00e9 dans une commune de Corr\u00e8ze 2 min : \u00e9mission non disponible\"><!--&gt; <span class=\"text svelte-1jriiip\"><\/span><\/button>]--><!--]--> <!--[!--><\/p>\n<p class=\"date g-ici-body-regular-3 svelte-a5dikd\"><!--&gt;Le&nbsp;23\/07\/2025--><\/p>\n<p><!--]--><\/div>\n<\/div><\/div>\n<div class=\"IciCard standard svelte-a5dikd\">\n<div class=\"content svelte-a5dikd\">\n<div class=\"details svelte-a5dikd\"><!--[--><!--[!--><button type=\"button\" class=\"IciPlayButton ici-button left-icon default medium disabled svelte-1jriiip darkFocus\" aria-label=\"R\u00e9actions en Limousin autour de la p\u00e9tition contre la Loi Duplomb 4 min : \u00e9mission non disponible\"><!--&gt; <span class=\"text svelte-1jriiip\"><\/span><\/button>]--><!--]--> <!--[!--><\/p>\n<p class=\"date g-ici-body-regular-3 svelte-a5dikd\"><!--&gt;Le&nbsp;22\/07\/2025--><\/p>\n<p><!--]--><\/div>\n<\/div><\/div>\n<p><!--]--><\/div>\n<\/div>\n<p><!--&gt;<\/div>\n\n [--><!--]--><\/section>\n<p><!--]--><!--&gt; [--><\/p>\n<section class=\"SectionWithLink g-ici-section svelte-ahjc7j\" id=\"recommendedSection\"><!--[--><\/p>\n<p><h2 class=\"g-ici-heading\">Sur le m\u00eame th\u00e8me<\/h2>\n<p><!--&gt;<\/p>\n\n]--> <\/p>\n<div class=\"container svelte-ahjc7j\">\n<ul class=\"content svelte-bu824\"><!--[--><!--&gt;\n\n<li class=\"IciCard standard svelte-1jx21n2\">\n\n<div class=\"content svelte-1jx21n2\"> [--><\/p>\n<p class=\"standfirst g-ici-body-regular-2 svelte-1jx21n2\">Alors que la Corr\u00e8ze a perdu 20% de ses pharmacies en 20 ans, selon les chiffres du dernier barom\u00e8tre du Conseil national de l&rsquo;ordre, Olivier Marquet le pr\u00e9sident de la chambre syndicale des pharmaciens de la Corr\u00e8ze, \u00e9tait l&rsquo;invit\u00e9 d&rsquo;ICI Limousin matin ce jeudi. Interview en r\u00e9\u00e9coute ici.<\/p>\n<p><!--]--> <\/p>\n<div class=\"details svelte-1jx21n2\"><!--[--><!--[!--><button type=\"button\" class=\"IciPlayButton ici-button left-icon default medium disabled svelte-1jriiip darkFocus\" aria-label=\"La pharmacie en rural &quot;n'est pas sexy&quot; pour les jeunes, dit Olivier Marquet repr\u00e9sentant des pharmaciens de Corr\u00e8ze 4 min : \u00e9mission non disponible\"><!--&gt; <span class=\"text svelte-1jriiip\"><\/span><\/button>]--><!--]--> <!--[--><!--[!--><\/p>\n<p class=\"date g-ici-body-regular-3 svelte-1jx21n2\"><!--&gt;Le&nbsp;12\/06\/2025--><\/p>\n<p><!--]--><!--]--><\/div>\n<\/div>\n<p> <!--[--><!--]--><!--&gt;<\/li>\n\n--><!--&gt;\n\n<li class=\"IciCard standard svelte-1jx21n2\">\n\n<div class=\"content svelte-1jx21n2\"> [--><\/p>\n<p class=\"standfirst g-ici-body-regular-2 svelte-1jx21n2\">Comment va l&rsquo;\u00e9conomie corr\u00e9zienne ? L&rsquo;observatoire \u00e9conomique de la chambre de commerce et d&rsquo;industrie va faire ce lundi un \u00e9tat des lieux, dont Fran\u00e7oise Cayre, pr\u00e9sidente de la CCI de Corr\u00e8ze a \u00e9bauch\u00e9 les grandes lignes ce lundi matin sur France Bleu Limousin.<\/p>\n<p><!--]--> <\/p>\n<div class=\"details svelte-1jx21n2\"><!--[--><!--[!--><button type=\"button\" class=\"IciPlayButton ici-button left-icon default medium disabled svelte-1jriiip darkFocus\" aria-label=\"Fran\u00e7oise Cayre dresse le barom\u00e8tre \u00e9conomique de la Chambre de commerce et d'industrie de la Corr\u00e8ze 3 min : \u00e9mission non disponible\"><!--&gt; <span class=\"text svelte-1jriiip\"><\/span><\/button>]--><!--]--> <!--[--><!--[!--><\/p>\n<p class=\"date g-ici-body-regular-3 svelte-1jx21n2\"><!--&gt;Le&nbsp;07\/10\/2024--><\/p>\n<p><!--]--><!--]--><\/div>\n<\/div>\n<p> <!--[--><!--]--><!--&gt;<\/li>\n\n--><!--&gt;\n\n<li class=\"IciCard standard svelte-1jx21n2\">\n\n<div class=\"content svelte-1jx21n2\"> [--><\/p>\n<p class=\"standfirst g-ici-body-regular-2 svelte-1jx21n2\">D\u00e9couvrez&nbsp;la campagne de pub vid\u00e9o pour la Corr\u00e8ze, avec le slogan \u00ab\u00a0La Corr\u00e8ze, c&rsquo;est loin, mais c&rsquo;est unique\u00a0\u00bb et avec le slogan \u201cRien \u00e0 voir\u201d qui depuis lundi se d\u00e9cline sur internet et les r\u00e9seaux sociaux, via trois petits films tr\u00e8s dr\u00f4les, tr\u00e8s d\u00e9cal\u00e9s.<\/p>\n<p><!--]--> <\/p>\n<div class=\"details svelte-1jx21n2\"><!--[--><!--[!--><button type=\"button\" class=\"IciPlayButton ici-button left-icon default medium disabled svelte-1jriiip darkFocus\" aria-label=\"Dans la revue des m\u00e9dias ICI Limousin, d\u00e9couvrez l'hilarante campagne de pub vid\u00e9o pour la Corr\u00e8ze 3 min : \u00e9mission non disponible\"><!--&gt; <span class=\"text svelte-1jriiip\"><\/span><\/button>]--><!--]--> <!--[--><!--[!--><\/p>\n<p class=\"date g-ici-body-regular-3 svelte-1jx21n2\"><!--&gt;Le&nbsp;11\/06\/2025--><\/p>\n<p><!--]--><!--]--><\/div>\n<\/div>\n<p> <!--[--><!--]--><!--&gt;<\/li>\n\n--><!--&gt;\n\n<li class=\"IciCard standard svelte-1jx21n2\">\n\n<div class=\"content svelte-1jx21n2\"> [--><\/p>\n<p class=\"standfirst g-ici-body-regular-2 svelte-1jx21n2\">La Chambre des M\u00e9tiers et de l&rsquo;Artisanat de Corr\u00e8ze a inaugur\u00e9 ce lundi de nouveaux locaux \u00e0 Brive. Ils permettent d&rsquo;accro\u00eetre la pr\u00e9sence de l&rsquo;organisme sur le d\u00e9partement. <\/p>\n<p><!--]--> <\/p>\n<div class=\"details svelte-1jx21n2\"><!--[--><!--[!--><button type=\"button\" class=\"IciPlayButton ici-button left-icon default medium disabled svelte-1jriiip darkFocus\" aria-label=\"La chambre des m\u00e9tiers et de l'artisanat de Corr\u00e8ze inaugure de nouveaux locaux 3 min : \u00e9mission non disponible\"><!--&gt; <span class=\"text svelte-1jriiip\"><\/span><\/button>]--><!--]--> <!--[--><!--[!--><\/p>\n<p class=\"date g-ici-body-regular-3 svelte-1jx21n2\"><!--&gt;Le&nbsp;24\/09\/2024--><\/p>\n<p><!--]--><!--]--><\/div>\n<\/div>\n<p> <!--[--><!--]--><!--&gt;<\/li>\n\n--><!--]--><\/ul>\n<p><!--&gt;<\/div>\n\n [!--><!--]--><\/section>\n<p><!--]--><!--&gt;accidentdutravail-idf.net vous a pr\u00e9par\u00e9 ce post qui informe du sujet \"Association Sportive Huisson-Longueville Essonne\". La chronique se veut g\u00e9n\u00e9r\u00e9e du mieux possible. Vous pouvez utiliser les coordonn\u00e9es indiqu\u00e9es sur le site dans le but d\u2019apporter des explications sur ce post qui parle du th\u00e8me \"Association Sportive Huisson-Longueville Essonne\". Le site accidentdutravail-idf.net a pour but de fournir diverses publications sur la th\u00e9matique Association Sportive Huisson-Longueville Essonne diffus\u00e9es sur le net. Il y aura plusieurs articles autour du sujet \"Association Sportive Huisson-Longueville Essonne\" dans quelques jours, nous vous invitons \u00e0 naviguer sur notre site web \u00e0 plusieurs reprises.--><\/p>\n","protected":false},"excerpt":{"rendered":"<p>En Corr\u00e8ze, on compte 35 accidents pour 1.000 travailleurs en moyenne \u00a9 Maxppp &#8211; Bruno Levesque Diffus\u00e9 le jeudi 24 juillet 2025 \u00e0 6:31 Publi\u00e9 le jeudi 24 juillet 2025 \u00e0 6:31 En France, deux personnes meurent d&rsquo;un accident du travail chaque jour. Une convention vient d&rsquo;\u00eatre sign\u00e9e entre la Chambre de commerce et d&rsquo;industrie &hellip; <\/p>\n<p class=\"link-more\"><a href=\"https:\/\/www.accidentdutravail-idf.net\/blog\/la-correze-renforce-son-intervention-contre-les-accidents-du-travail\/\" class=\"more-link\">Continuer la lecture <span class=\"screen-reader-text\"> \u00ab\u00a0La Corr\u00e8ze renforce son intervention contre les accidents du travail\u00a0\u00bb<\/span><\/a><\/p>\n","protected":false},"author":2,"featured_media":0,"comment_status":"closed","ping_status":"closed","sticky":false,"template":"","format":"standard","meta":{"footnotes":""},"categories":[5],"tags":[],"class_list":["post-1608","post","type-post","status-publish","format-standard","hentry","category-securite-du-travail-en-ile-de-france-et-divers","entry"],"yoast_head":"<!-- This site is optimized with the Yoast SEO plugin v27.5 - https:\/\/yoast.com\/product\/yoast-seo-wordpress\/ -->\n<title>La Corr\u00e8ze renforce son intervention contre les accidents du travail - ACCIDENTDUTRAVAIL-IDF<\/title>\n<meta name=\"description\" content=\"La Corr\u00e8ze renforce son intervention contre les accidents du travail article de ACCIDENTDUTRAVAIL-IDF\" \/>\n<meta name=\"robots\" content=\"index, follow, max-snippet:-1, max-image-preview:large, max-video-preview:-1\" \/>\n<link rel=\"canonical\" href=\"https:\/\/www.accidentdutravail-idf.net\/blog\/la-correze-renforce-son-intervention-contre-les-accidents-du-travail\/\" \/>\n<meta property=\"og:locale\" content=\"fr_FR\" \/>\n<meta property=\"og:type\" content=\"article\" \/>\n<meta property=\"og:title\" content=\"La Corr\u00e8ze renforce son intervention contre les accidents du travail - ACCIDENTDUTRAVAIL-IDF\" \/>\n<meta property=\"og:description\" content=\"La Corr\u00e8ze renforce son intervention contre les accidents du travail article de ACCIDENTDUTRAVAIL-IDF\" \/>\n<meta property=\"og:url\" content=\"https:\/\/www.accidentdutravail-idf.net\/blog\/la-correze-renforce-son-intervention-contre-les-accidents-du-travail\/\" \/>\n<meta property=\"og:site_name\" content=\"ACCIDENTDUTRAVAIL-IDF\" \/>\n<meta property=\"article:published_time\" content=\"2025-07-23T21:32:00+00:00\" \/>\n<meta property=\"og:image\" content=\"https:\/\/www.accidentdutravail-idf.net\/blog\/wp-content\/uploads\/2025\/07\/la-correze-renforce-son-intervention-contre-les-accidents-du-travail.jpg\" \/>\n<meta name=\"author\" content=\"Carlos Poulain\" \/>\n<meta name=\"twitter:card\" content=\"summary_large_image\" \/>\n<meta name=\"twitter:label1\" content=\"\u00c9crit par\" \/>\n\t<meta name=\"twitter:data1\" content=\"Carlos Poulain\" \/>\n\t<meta name=\"twitter:label2\" content=\"Dur\u00e9e de lecture estim\u00e9e\" \/>\n\t<meta name=\"twitter:data2\" content=\"2 minutes\" \/>\n<script type=\"application\/ld+json\" class=\"yoast-schema-graph\">{\"@context\":\"https:\\\/\\\/schema.org\",\"@graph\":[{\"@type\":\"Article\",\"@id\":\"https:\\\/\\\/www.accidentdutravail-idf.net\\\/blog\\\/la-correze-renforce-son-intervention-contre-les-accidents-du-travail\\\/#article\",\"isPartOf\":{\"@id\":\"https:\\\/\\\/www.accidentdutravail-idf.net\\\/blog\\\/la-correze-renforce-son-intervention-contre-les-accidents-du-travail\\\/\"},\"author\":{\"name\":\"Carlos Poulain\",\"@id\":\"https:\\\/\\\/www.accidentdutravail-idf.net\\\/blog\\\/#\\\/schema\\\/person\\\/3255d2f970de45e64bd9201f38e7b947\"},\"headline\":\"La Corr\u00e8ze renforce son intervention contre les accidents du travail\",\"datePublished\":\"2025-07-23T21:32:00+00:00\",\"mainEntityOfPage\":{\"@id\":\"https:\\\/\\\/www.accidentdutravail-idf.net\\\/blog\\\/la-correze-renforce-son-intervention-contre-les-accidents-du-travail\\\/\"},\"wordCount\":314,\"publisher\":{\"@id\":\"https:\\\/\\\/www.accidentdutravail-idf.net\\\/blog\\\/#organization\"},\"image\":{\"@id\":\"https:\\\/\\\/www.accidentdutravail-idf.net\\\/blog\\\/la-correze-renforce-son-intervention-contre-les-accidents-du-travail\\\/#primaryimage\"},\"thumbnailUrl\":\"https:\\\/\\\/www.accidentdutravail-idf.net\\\/blog\\\/wp-content\\\/uploads\\\/2025\\\/07\\\/la-correze-renforce-son-intervention-contre-les-accidents-du-travail.jpg\",\"articleSection\":[\"S\u00e9curit\u00e9 Du Travail En Ile-De-France Et Divers:\"],\"inLanguage\":\"fr-FR\"},{\"@type\":\"WebPage\",\"@id\":\"https:\\\/\\\/www.accidentdutravail-idf.net\\\/blog\\\/la-correze-renforce-son-intervention-contre-les-accidents-du-travail\\\/\",\"url\":\"https:\\\/\\\/www.accidentdutravail-idf.net\\\/blog\\\/la-correze-renforce-son-intervention-contre-les-accidents-du-travail\\\/\",\"name\":\"La Corr\u00e8ze renforce son intervention contre les accidents du travail - ACCIDENTDUTRAVAIL-IDF\",\"isPartOf\":{\"@id\":\"https:\\\/\\\/www.accidentdutravail-idf.net\\\/blog\\\/#website\"},\"primaryImageOfPage\":{\"@id\":\"https:\\\/\\\/www.accidentdutravail-idf.net\\\/blog\\\/la-correze-renforce-son-intervention-contre-les-accidents-du-travail\\\/#primaryimage\"},\"image\":{\"@id\":\"https:\\\/\\\/www.accidentdutravail-idf.net\\\/blog\\\/la-correze-renforce-son-intervention-contre-les-accidents-du-travail\\\/#primaryimage\"},\"thumbnailUrl\":\"https:\\\/\\\/www.accidentdutravail-idf.net\\\/blog\\\/wp-content\\\/uploads\\\/2025\\\/07\\\/la-correze-renforce-son-intervention-contre-les-accidents-du-travail.jpg\",\"datePublished\":\"2025-07-23T21:32:00+00:00\",\"description\":\"La Corr\u00e8ze renforce son intervention contre les accidents du travail article de ACCIDENTDUTRAVAIL-IDF\",\"breadcrumb\":{\"@id\":\"https:\\\/\\\/www.accidentdutravail-idf.net\\\/blog\\\/la-correze-renforce-son-intervention-contre-les-accidents-du-travail\\\/#breadcrumb\"},\"inLanguage\":\"fr-FR\",\"potentialAction\":[{\"@type\":\"ReadAction\",\"target\":[\"https:\\\/\\\/www.accidentdutravail-idf.net\\\/blog\\\/la-correze-renforce-son-intervention-contre-les-accidents-du-travail\\\/\"]}]},{\"@type\":\"ImageObject\",\"inLanguage\":\"fr-FR\",\"@id\":\"https:\\\/\\\/www.accidentdutravail-idf.net\\\/blog\\\/la-correze-renforce-son-intervention-contre-les-accidents-du-travail\\\/#primaryimage\",\"url\":\"https:\\\/\\\/www.accidentdutravail-idf.net\\\/blog\\\/wp-content\\\/uploads\\\/2025\\\/07\\\/la-correze-renforce-son-intervention-contre-les-accidents-du-travail.jpg\",\"contentUrl\":\"https:\\\/\\\/www.accidentdutravail-idf.net\\\/blog\\\/wp-content\\\/uploads\\\/2025\\\/07\\\/la-correze-renforce-son-intervention-contre-les-accidents-du-travail.jpg\"},{\"@type\":\"BreadcrumbList\",\"@id\":\"https:\\\/\\\/www.accidentdutravail-idf.net\\\/blog\\\/la-correze-renforce-son-intervention-contre-les-accidents-du-travail\\\/#breadcrumb\",\"itemListElement\":[{\"@type\":\"ListItem\",\"position\":1,\"name\":\"Accueil\",\"item\":\"https:\\\/\\\/www.accidentdutravail-idf.net\\\/blog\\\/\"},{\"@type\":\"ListItem\",\"position\":2,\"name\":\"La Corr\u00e8ze renforce son intervention contre les accidents du travail\"}]},{\"@type\":\"WebSite\",\"@id\":\"https:\\\/\\\/www.accidentdutravail-idf.net\\\/blog\\\/#website\",\"url\":\"https:\\\/\\\/www.accidentdutravail-idf.net\\\/blog\\\/\",\"name\":\"ACCIDENTDUTRAVAIL-IDF\",\"description\":\"Portail accidents du travail-maladies professionnelles des entreprises d&#039;Ile-de-France\",\"publisher\":{\"@id\":\"https:\\\/\\\/www.accidentdutravail-idf.net\\\/blog\\\/#organization\"},\"potentialAction\":[{\"@type\":\"SearchAction\",\"target\":{\"@type\":\"EntryPoint\",\"urlTemplate\":\"https:\\\/\\\/www.accidentdutravail-idf.net\\\/blog\\\/?s={search_term_string}\"},\"query-input\":{\"@type\":\"PropertyValueSpecification\",\"valueRequired\":true,\"valueName\":\"search_term_string\"}}],\"inLanguage\":\"fr-FR\"},{\"@type\":\"Organization\",\"@id\":\"https:\\\/\\\/www.accidentdutravail-idf.net\\\/blog\\\/#organization\",\"name\":\"accidentdutravail-idf\",\"url\":\"https:\\\/\\\/www.accidentdutravail-idf.net\\\/blog\\\/\",\"logo\":{\"@type\":\"ImageObject\",\"inLanguage\":\"fr-FR\",\"@id\":\"https:\\\/\\\/www.accidentdutravail-idf.net\\\/blog\\\/#\\\/schema\\\/logo\\\/image\\\/\",\"url\":\"https:\\\/\\\/www.accidentdutravail-idf.net\\\/blog\\\/wp-content\\\/uploads\\\/2022\\\/09\\\/logo-2.png\",\"contentUrl\":\"https:\\\/\\\/www.accidentdutravail-idf.net\\\/blog\\\/wp-content\\\/uploads\\\/2022\\\/09\\\/logo-2.png\",\"width\":380,\"height\":291,\"caption\":\"accidentdutravail-idf\"},\"image\":{\"@id\":\"https:\\\/\\\/www.accidentdutravail-idf.net\\\/blog\\\/#\\\/schema\\\/logo\\\/image\\\/\"}},{\"@type\":\"Person\",\"@id\":\"https:\\\/\\\/www.accidentdutravail-idf.net\\\/blog\\\/#\\\/schema\\\/person\\\/3255d2f970de45e64bd9201f38e7b947\",\"name\":\"Carlos Poulain\",\"image\":{\"@type\":\"ImageObject\",\"inLanguage\":\"fr-FR\",\"@id\":\"https:\\\/\\\/secure.gravatar.com\\\/avatar\\\/b1c2f9d3588e34e91adb093635df64ef4b2381991216be7576466cfcdca4baf3?s=96&d=mm&r=g\",\"url\":\"https:\\\/\\\/secure.gravatar.com\\\/avatar\\\/b1c2f9d3588e34e91adb093635df64ef4b2381991216be7576466cfcdca4baf3?s=96&d=mm&r=g\",\"contentUrl\":\"https:\\\/\\\/secure.gravatar.com\\\/avatar\\\/b1c2f9d3588e34e91adb093635df64ef4b2381991216be7576466cfcdca4baf3?s=96&d=mm&r=g\",\"caption\":\"Carlos Poulain\"},\"url\":\"https:\\\/\\\/www.accidentdutravail-idf.net\\\/blog\\\/author\\\/idfcarlos\\\/\"}]}<\/script>\n<!-- \/ Yoast SEO plugin. -->","yoast_head_json":{"title":"La Corr\u00e8ze renforce son intervention contre les accidents du travail - ACCIDENTDUTRAVAIL-IDF","description":"La Corr\u00e8ze renforce son intervention contre les accidents du travail article de ACCIDENTDUTRAVAIL-IDF","robots":{"index":"index","follow":"follow","max-snippet":"max-snippet:-1","max-image-preview":"max-image-preview:large","max-video-preview":"max-video-preview:-1"},"canonical":"https:\/\/www.accidentdutravail-idf.net\/blog\/la-correze-renforce-son-intervention-contre-les-accidents-du-travail\/","og_locale":"fr_FR","og_type":"article","og_title":"La Corr\u00e8ze renforce son intervention contre les accidents du travail - ACCIDENTDUTRAVAIL-IDF","og_description":"La Corr\u00e8ze renforce son intervention contre les accidents du travail article de ACCIDENTDUTRAVAIL-IDF","og_url":"https:\/\/www.accidentdutravail-idf.net\/blog\/la-correze-renforce-son-intervention-contre-les-accidents-du-travail\/","og_site_name":"ACCIDENTDUTRAVAIL-IDF","article_published_time":"2025-07-23T21:32:00+00:00","og_image":[{"url":"https:\/\/www.accidentdutravail-idf.net\/blog\/wp-content\/uploads\/2025\/07\/la-correze-renforce-son-intervention-contre-les-accidents-du-travail.jpg","type":"","width":"","height":""}],"author":"Carlos Poulain","twitter_card":"summary_large_image","twitter_misc":{"\u00c9crit par":"Carlos Poulain","Dur\u00e9e de lecture estim\u00e9e":"2 minutes"},"schema":{"@context":"https:\/\/schema.org","@graph":[{"@type":"Article","@id":"https:\/\/www.accidentdutravail-idf.net\/blog\/la-correze-renforce-son-intervention-contre-les-accidents-du-travail\/#article","isPartOf":{"@id":"https:\/\/www.accidentdutravail-idf.net\/blog\/la-correze-renforce-son-intervention-contre-les-accidents-du-travail\/"},"author":{"name":"Carlos Poulain","@id":"https:\/\/www.accidentdutravail-idf.net\/blog\/#\/schema\/person\/3255d2f970de45e64bd9201f38e7b947"},"headline":"La Corr\u00e8ze renforce son intervention contre les accidents du travail","datePublished":"2025-07-23T21:32:00+00:00","mainEntityOfPage":{"@id":"https:\/\/www.accidentdutravail-idf.net\/blog\/la-correze-renforce-son-intervention-contre-les-accidents-du-travail\/"},"wordCount":314,"publisher":{"@id":"https:\/\/www.accidentdutravail-idf.net\/blog\/#organization"},"image":{"@id":"https:\/\/www.accidentdutravail-idf.net\/blog\/la-correze-renforce-son-intervention-contre-les-accidents-du-travail\/#primaryimage"},"thumbnailUrl":"https:\/\/www.accidentdutravail-idf.net\/blog\/wp-content\/uploads\/2025\/07\/la-correze-renforce-son-intervention-contre-les-accidents-du-travail.jpg","articleSection":["S\u00e9curit\u00e9 Du Travail En Ile-De-France Et Divers:"],"inLanguage":"fr-FR"},{"@type":"WebPage","@id":"https:\/\/www.accidentdutravail-idf.net\/blog\/la-correze-renforce-son-intervention-contre-les-accidents-du-travail\/","url":"https:\/\/www.accidentdutravail-idf.net\/blog\/la-correze-renforce-son-intervention-contre-les-accidents-du-travail\/","name":"La Corr\u00e8ze renforce son intervention contre les accidents du travail - ACCIDENTDUTRAVAIL-IDF","isPartOf":{"@id":"https:\/\/www.accidentdutravail-idf.net\/blog\/#website"},"primaryImageOfPage":{"@id":"https:\/\/www.accidentdutravail-idf.net\/blog\/la-correze-renforce-son-intervention-contre-les-accidents-du-travail\/#primaryimage"},"image":{"@id":"https:\/\/www.accidentdutravail-idf.net\/blog\/la-correze-renforce-son-intervention-contre-les-accidents-du-travail\/#primaryimage"},"thumbnailUrl":"https:\/\/www.accidentdutravail-idf.net\/blog\/wp-content\/uploads\/2025\/07\/la-correze-renforce-son-intervention-contre-les-accidents-du-travail.jpg","datePublished":"2025-07-23T21:32:00+00:00","description":"La Corr\u00e8ze renforce son intervention contre les accidents du travail article de ACCIDENTDUTRAVAIL-IDF","breadcrumb":{"@id":"https:\/\/www.accidentdutravail-idf.net\/blog\/la-correze-renforce-son-intervention-contre-les-accidents-du-travail\/#breadcrumb"},"inLanguage":"fr-FR","potentialAction":[{"@type":"ReadAction","target":["https:\/\/www.accidentdutravail-idf.net\/blog\/la-correze-renforce-son-intervention-contre-les-accidents-du-travail\/"]}]},{"@type":"ImageObject","inLanguage":"fr-FR","@id":"https:\/\/www.accidentdutravail-idf.net\/blog\/la-correze-renforce-son-intervention-contre-les-accidents-du-travail\/#primaryimage","url":"https:\/\/www.accidentdutravail-idf.net\/blog\/wp-content\/uploads\/2025\/07\/la-correze-renforce-son-intervention-contre-les-accidents-du-travail.jpg","contentUrl":"https:\/\/www.accidentdutravail-idf.net\/blog\/wp-content\/uploads\/2025\/07\/la-correze-renforce-son-intervention-contre-les-accidents-du-travail.jpg"},{"@type":"BreadcrumbList","@id":"https:\/\/www.accidentdutravail-idf.net\/blog\/la-correze-renforce-son-intervention-contre-les-accidents-du-travail\/#breadcrumb","itemListElement":[{"@type":"ListItem","position":1,"name":"Accueil","item":"https:\/\/www.accidentdutravail-idf.net\/blog\/"},{"@type":"ListItem","position":2,"name":"La Corr\u00e8ze renforce son intervention contre les accidents du travail"}]},{"@type":"WebSite","@id":"https:\/\/www.accidentdutravail-idf.net\/blog\/#website","url":"https:\/\/www.accidentdutravail-idf.net\/blog\/","name":"ACCIDENTDUTRAVAIL-IDF","description":"Portail accidents du travail-maladies professionnelles des entreprises d&#039;Ile-de-France","publisher":{"@id":"https:\/\/www.accidentdutravail-idf.net\/blog\/#organization"},"potentialAction":[{"@type":"SearchAction","target":{"@type":"EntryPoint","urlTemplate":"https:\/\/www.accidentdutravail-idf.net\/blog\/?s={search_term_string}"},"query-input":{"@type":"PropertyValueSpecification","valueRequired":true,"valueName":"search_term_string"}}],"inLanguage":"fr-FR"},{"@type":"Organization","@id":"https:\/\/www.accidentdutravail-idf.net\/blog\/#organization","name":"accidentdutravail-idf","url":"https:\/\/www.accidentdutravail-idf.net\/blog\/","logo":{"@type":"ImageObject","inLanguage":"fr-FR","@id":"https:\/\/www.accidentdutravail-idf.net\/blog\/#\/schema\/logo\/image\/","url":"https:\/\/www.accidentdutravail-idf.net\/blog\/wp-content\/uploads\/2022\/09\/logo-2.png","contentUrl":"https:\/\/www.accidentdutravail-idf.net\/blog\/wp-content\/uploads\/2022\/09\/logo-2.png","width":380,"height":291,"caption":"accidentdutravail-idf"},"image":{"@id":"https:\/\/www.accidentdutravail-idf.net\/blog\/#\/schema\/logo\/image\/"}},{"@type":"Person","@id":"https:\/\/www.accidentdutravail-idf.net\/blog\/#\/schema\/person\/3255d2f970de45e64bd9201f38e7b947","name":"Carlos Poulain","image":{"@type":"ImageObject","inLanguage":"fr-FR","@id":"https:\/\/secure.gravatar.com\/avatar\/b1c2f9d3588e34e91adb093635df64ef4b2381991216be7576466cfcdca4baf3?s=96&d=mm&r=g","url":"https:\/\/secure.gravatar.com\/avatar\/b1c2f9d3588e34e91adb093635df64ef4b2381991216be7576466cfcdca4baf3?s=96&d=mm&r=g","contentUrl":"https:\/\/secure.gravatar.com\/avatar\/b1c2f9d3588e34e91adb093635df64ef4b2381991216be7576466cfcdca4baf3?s=96&d=mm&r=g","caption":"Carlos Poulain"},"url":"https:\/\/www.accidentdutravail-idf.net\/blog\/author\/idfcarlos\/"}]}},"_links":{"self":[{"href":"https:\/\/www.accidentdutravail-idf.net\/blog\/wp-json\/wp\/v2\/posts\/1608","targetHints":{"allow":["GET"]}}],"collection":[{"href":"https:\/\/www.accidentdutravail-idf.net\/blog\/wp-json\/wp\/v2\/posts"}],"about":[{"href":"https:\/\/www.accidentdutravail-idf.net\/blog\/wp-json\/wp\/v2\/types\/post"}],"author":[{"embeddable":true,"href":"https:\/\/www.accidentdutravail-idf.net\/blog\/wp-json\/wp\/v2\/users\/2"}],"replies":[{"embeddable":true,"href":"https:\/\/www.accidentdutravail-idf.net\/blog\/wp-json\/wp\/v2\/comments?post=1608"}],"version-history":[{"count":0,"href":"https:\/\/www.accidentdutravail-idf.net\/blog\/wp-json\/wp\/v2\/posts\/1608\/revisions"}],"wp:attachment":[{"href":"https:\/\/www.accidentdutravail-idf.net\/blog\/wp-json\/wp\/v2\/media?parent=1608"}],"wp:term":[{"taxonomy":"category","embeddable":true,"href":"https:\/\/www.accidentdutravail-idf.net\/blog\/wp-json\/wp\/v2\/categories?post=1608"},{"taxonomy":"post_tag","embeddable":true,"href":"https:\/\/www.accidentdutravail-idf.net\/blog\/wp-json\/wp\/v2\/tags?post=1608"}],"curies":[{"name":"wp","href":"https:\/\/api.w.org\/{rel}","templated":true}]}}