{"id":1606,"date":"2024-03-20T05:04:00","date_gmt":"2024-03-20T03:04:00","guid":{"rendered":"https:\/\/www.accidentdutravail-idf.net\/blog\/accident-du-travail-definition-condition-et-indemnisation\/"},"modified":"2024-03-20T05:04:00","modified_gmt":"2024-03-20T03:04:00","slug":"accident-du-travail-definition-condition-et-indemnisation","status":"publish","type":"post","link":"https:\/\/www.accidentdutravail-idf.net\/blog\/accident-du-travail-definition-condition-et-indemnisation\/","title":{"rendered":"Accident du travail : d\u00e9finition, condition et indemnisation"},"content":{"rendered":"<div><img decoding=\"async\" src=\"https:\/\/www.accidentdutravail-idf.net\/blog\/wp-content\/uploads\/2025\/07\/accident-du-travail-definition-condition-et-indemnisation.jpg\" class=\"ff-og-image-inserted\"><\/div>\n<p class=\"MsoNormal\"><strong><span>D\u00e9finition d\u2019un accident du travail<\/span><\/strong><\/p>\n<p class=\"MsoNormal\"><span>La d\u00e9finition de l\u2019accident du travail est pr\u00e9vue par l\u2019article 411-1 du code de la s\u00e9curit\u00e9 sociale&nbsp;: \u00ab&nbsp;<\/span><em><span>Est consid\u00e9r\u00e9 comme accident du travail, quelle qu\u2019en soit la cause, l\u2019accident survenu par le fait ou \u00e0 l&rsquo;occasion du travail \u00e0 toute personne mentionn\u00e9e \u00e0 l&rsquo;article L. 311-2.<\/span><\/em><span>&nbsp;\u00bb.<\/span><\/p>\n<p class=\"MsoNormal\"><span>Depuis le 1<sup>er<\/sup> septembre 2023, l\u2019article L.311-2 pr\u00e9voit que \u00ab&nbsp;<em>Sont affili\u00e9es obligatoirement aux assurances sociales du r\u00e9gime g\u00e9n\u00e9ral, quel que soit leur \u00e2ge et m\u00eame si elles sont titulaires d&rsquo;une pension, toutes les personnes quelle que soit leur nationalit\u00e9, de l&rsquo;un ou de l&rsquo;autre sexe, salari\u00e9es ou travaillant \u00e0 quelque titre ou en quelque lieu que ce soit, pour un ou plusieurs employeurs et quels que soient le montant et la nature de leur r\u00e9mun\u00e9ration, la forme, la nature ou la validit\u00e9 de leur contrat ou la nature de leur statut.<\/em>&nbsp;\u00bb<\/span><\/p>\n<p class=\"MsoNormal\"><strong><span>D\u00e9finition accident de trajet<\/span><\/strong><\/p>\n<p class=\"MsoNormal\"><span>L\u2019accident de trajet fait \u00e9galement partie de la cat\u00e9gorie des accidents du travail (mais il ne donne pas les m\u00eames droit qu\u2019un accident du travail). Il est d\u00e9fini par l\u2019article 411-2 du code de la s\u00e9curit\u00e9 sociale.<\/span><\/p>\n<p class=\"MsoNormal\"><span>Il s\u2019agit de l\u2019accident survenu pendant le trajet aller-retour entre le lieu de travail du salari\u00e9 et&nbsp;:<br \/>&#8211; sa r\u00e9sidence principale, une r\u00e9sidence secondaire pr\u00e9sentant un caract\u00e8re de stabilit\u00e9 ou tout autre lieu o\u00f9 le travailleur se rend de fa\u00e7on habituelle pour des motifs d\u2019ordre familial. &nbsp;<br \/>&#8211; le restaurant, la cantine ou, d&rsquo;une mani\u00e8re plus g\u00e9n\u00e9rale, le lieu o\u00f9 le travailleur prend habituellement ses repas, et dans la mesure o\u00f9 le parcours n&rsquo;a pas \u00e9t\u00e9 interrompu ou d\u00e9tourn\u00e9 pour un motif dict\u00e9 par l&rsquo;int\u00e9r\u00eat personnel et \u00e9tranger aux n\u00e9cessit\u00e9s essentielles de la vie courante ou ind\u00e9pendant de l\u2019emploi.<\/span><\/p>\n<p class=\"MsoNormal\"><strong><span>Quelles formalit\u00e9s accomplir<\/span><\/strong><\/p>\n<p class=\"MsoNormal\"><span>Le salari\u00e9 dispose d\u2019un d\u00e9lai de 24 heures pour informer l\u2019employeur, en pr\u00e9cisant le lieu et les circonstances de l\u2019accident par lettre recommand\u00e9e avec accus\u00e9 de r\u00e9ception si la d\u00e9claration n\u2019est pas faite sur le lieu de l\u2019accident. Il doit consulter son m\u00e9decin traitant pour faire constater ses \u00e9ventuelles l\u00e9sions et se faire d\u00e9livrer un certificat initial en double exemplaire et aussi un arr\u00eat de travail.<br \/>L\u2019employeur doit \u00e9tablir une feuille d\u2019accident du travail (Cerfa n\u00b014463*03). \u00c0 remplir en 4 exemplaires. L&#8217;employeur doit en envoyer 3 exemplaires, par lettre recommand\u00e9e avec accus\u00e9 de r\u00e9ception, \u00e0 la caisse primaire dont d\u00e9pend le salari\u00e9 victime de l&rsquo;accident, dans les 48&nbsp;heures apr\u00e8s eu connaissance de l&rsquo;accident. Il doit conserver le 4\u00e8me&nbsp;exemplaire pendant 5&nbsp;ans.<br \/>L\u2019employeur dispose d\u2019un d\u00e9lai de 48 heures pour d\u00e9clarer l\u2019accident. Il doit pr\u00e9ciser le lieu, les circonstances ainsi que les t\u00e9moins \u00e9ventuels.<br \/>Ces formalit\u00e9s peuvent \u00eatre effectu\u00e9es directement sur le site&nbsp;:&nbsp;<\/span><a href=\"http:\/\/www.net-entreprises.fr\" target=\"_blank\" rel=\"nofollow\"><span>www.net-entreprises.fr<\/span><\/a><span>.<br \/>La CPAM se prononce dans les 30 jours \u00e0 compter de la d\u00e9claration d\u2019accident du travail et du certificat m\u00e9dical initial, sur le caract\u00e8re professionnel de l\u2019accident.<br \/>Vous pouvez assortir la d\u00e9claration de r\u00e9serves motiv\u00e9es sur le caract\u00e8re professionnel.<\/span><\/p>\n<p class=\"MsoNormal\"><strong><span>L\u2019indemnisation du salari\u00e9<\/span><\/strong><\/p>\n<p class=\"MsoNormal\"><span>Un salari\u00e9 victime d&rsquo;un accident du travail a droit \u00e0 des indemnit\u00e9s journali\u00e8res vers\u00e9es par sa caisse primaire d&rsquo;assurance maladie (CPAM) destin\u00e9es \u00e0 compenser partiellement sa perte de salaire. La reconnaissance d&rsquo;accident du travail permet au salari\u00e9 de percevoir plus vite ses indemnit\u00e9s avec un montant major\u00e9 par rapport \u00e0 la maladie.<br \/>Les indemnit\u00e9s journali\u00e8res sont vers\u00e9es sans d\u00e9lai de carence, \u00e0 partir du lendemain du jour o\u00f9 l\u2019accident du travail a eu lieu.<\/span><\/p>\n<p>Votre employeur doit pour cela remplir le formulaire n\u00b0 S6202 \u00ab&nbsp;Attestation de salaire &#8211; accident du travail ou maladie professionnelle&nbsp;\u00bb qui permettra \u00e0 votre caisse d&rsquo;assurance maladie de calculer, puis de vous verser des indemnit\u00e9s journali\u00e8res pendant votre arr\u00eat de travail. Cette attestation de salaire peut \u00eatre effectu\u00e9e en ligne par votre employeur sur le site net-entreprises.fr.<\/p>\n<p class=\"MsoNormal\"><span>Quant au jour o\u00f9 s&rsquo;est produit l\u2019accident, il doit \u00eatre pay\u00e9 int\u00e9gralement par l&#8217;employeur.<\/span><\/p>\n<p class=\"MsoNormal\"><span>L&rsquo;indemnit\u00e9 journali\u00e8re est calcul\u00e9e \u00e0 partir du salaire brut du mois pr\u00e9c\u00e9dant votre arr\u00eat de travail. Ce salaire, divis\u00e9 par 30,42, d\u00e9termine&nbsp;votre salaire journalier de base.<\/span><\/p>\n<p class=\"MsoNormal\"><span>Le montant de vos indemnit\u00e9s journali\u00e8res \u00e9volue dans le temps.<\/span><\/p>\n<p class=\"MsoNormal\"><strong><span>Pendant les 28 premiers jours suivant l&rsquo;arr\u00eat de votre travail<\/span><\/strong><span>&nbsp;: l&rsquo;indemnit\u00e9 journali\u00e8re est \u00e9gale \u00e0 60&nbsp;% de votre salaire journalier de base, avec un montant maximum plafonn\u00e9 \u00e0 232,02 \u20ac au 1er&nbsp;janvier 2024.<\/span><\/p>\n<p class=\"MsoNormal\"><strong><span>\u00c0 partir du 29\u00e8me&nbsp;jour d&rsquo;arr\u00eat de travail<\/span><\/strong><span>&nbsp;: l\u2019indemnit\u00e9 journali\u00e8re est major\u00e9e et port\u00e9e \u00e0 80&nbsp;% de votre salaire journalier de base, avec un montant maximum plafonn\u00e9 \u00e0 309,36 \u20ac au 1er&nbsp;janvier 2024.<\/span><\/p>\n<p class=\"MsoNormal\"><strong><span>Au-del\u00e0 de 3 mois d&rsquo;arr\u00eat de travail<\/span><\/strong><span>&nbsp;: votre indemnit\u00e9 journali\u00e8re peut \u00eatre revaloris\u00e9e en cas d&rsquo;augmentation g\u00e9n\u00e9rale des salaires apr\u00e8s l&rsquo;accident.<\/span><\/p>\n<p class=\"MsoNormal\"><span>Un taux forfaitaire de 21&nbsp;% est d\u00e9duit du montant de l&rsquo;indemnit\u00e9 journali\u00e8re.<\/span><span><br \/>Au montant de l&rsquo;indemnit\u00e9 journali\u00e8re, il faut d\u00e9duire 0,5&nbsp;% au titre de la CRDS (contribution au remboursement de la dette sociale) et 6,2&nbsp;% au titre de la CSG (contribution sociale g\u00e9n\u00e9ralis\u00e9e). <\/span><\/p>\n<p class=\"MsoNormal\"><span>Il faut aussi rappeler que depuis le 1er janvier 2010, les indemnit\u00e9s journali\u00e8res per\u00e7ues au titre d&rsquo;un accident du travail sont soumises \u00e0 l&rsquo;imp\u00f4t <\/span><span>sur le revenu pour 50&nbsp;% de leur montant.<\/span><\/p>\n<p class=\"MsoNormal\"><span>Les d\u00e9comptes d&rsquo;indemnit\u00e9s journali\u00e8res valident vos droits \u00e0 la retraite. Conservez-les sans limitation de dur\u00e9e, comme vos bulletins de salaire.<\/span><span><br \/><\/span><span>Tant que la caisse n&rsquo;a pas encore reconnu le caract\u00e8re professionnel de la maladie du salari\u00e9, ce dernier per\u00e7oit des indemnit\u00e9s au titre de l&rsquo;assurance maladie et calcul\u00e9es comme telles. Au moment de la reconnaissance de l&rsquo;accident de travail, la caisse effectue une r\u00e9gularisation des indemnit\u00e9s journali\u00e8res.<br \/>Si le salari\u00e9 a un an d\u2019anciennet\u00e9 dans l\u2019entreprise, il b\u00e9n\u00e9ficie d\u2019un compl\u00e9ment de r\u00e9mun\u00e9ration vers\u00e9 par l\u2019employeur qui doit verser ce compl\u00e9ment d\u00e8s le premier jour d\u2019arr\u00eat de travail, sans d\u00e9lai de carence.<\/span><\/p>\n<p class=\"MsoNormal\"><strong><span>Indemnit\u00e9s de licenciement \u00e0 la suite d&rsquo;un accident du travail<\/span><\/strong><\/p>\n<p class=\"MsoNormal\"><span>L&rsquo;article L.1226-14 du code du travail pr\u00e9voit qu&rsquo;un salari\u00e9 licenci\u00e9 pour inaptitude suite \u00e0 un accident du travail ou \u00e0 une maladie professionnelle a droit \u00e0 l&rsquo;indemnit\u00e9 compensatrice de pr\u00e9avis ainsi qu&rsquo;\u00e0 une indemnit\u00e9 sp\u00e9ciale de licenciement qui est \u00e9gale au double de l\u2019indemnit\u00e9 l\u00e9gale. Dans ce cas, aucune condition d\u2019anciennet\u00e9 n&rsquo;est fix\u00e9e par la loi (Cass. Soc. 10 novembre 1988).<\/span><\/p>\n<p class=\"MsoNormal\"><span>Cela donne donc une indemnit\u00e9 sp\u00e9ciale de licenciement de&nbsp;:<br \/>&#8211; 1\/2 de mois de salaire par ann\u00e9e&nbsp;d&rsquo;anciennet\u00e9 pour les ann\u00e9es&nbsp;jusqu&rsquo;\u00e0 10 ans&nbsp;;<br \/>&#8211; et&nbsp;2&nbsp;\/3 de mois de salaire par ann\u00e9e&nbsp;d&rsquo;anciennet\u00e9 pour les ann\u00e9es&nbsp;\u00e0 partir de 10 ans&nbsp;d&rsquo;anciennet\u00e9.<\/span><\/p>\n<p class=\"MsoNormal\"><strong><span>Un arr\u00eat qui donne droit \u00e0 des cong\u00e9s pay\u00e9s<\/span><\/strong><\/p>\n<p class=\"MsoNormal\"><span>L\u2019article L.3145-5 du code du travail pr\u00e9voit que les absences li\u00e9es \u00e0 un accident du travail ou une maladie professionnelle sont assimil\u00e9es \u00e0 du travail effectif pour le calcul des droits \u00e0 cong\u00e9s pay\u00e9s dans la limite d\u2019une p\u00e9riode ininterrompue d&rsquo;un an <\/span><\/p>\n<p class=\"MsoNormal\"><span>La Cour de cassation dans un arr\u00eat du 13 septembre 2023 a jug\u00e9 qu\u2019<\/span><span>en cas d\u2019accident du travail, le calcul des droits \u00e0 cong\u00e9 pay\u00e9 ne sera plus limit\u00e9 \u00e0 la premi\u00e8re ann\u00e9e de l\u2019arr\u00eat de travail. Celle-ci s\u2019est align\u00e9e sur le droit de l\u2019Union europ\u00e9enne, qui consid\u00e8re qu\u2019un salari\u00e9 victime d\u2019un accident de travail peut b\u00e9n\u00e9ficier d\u2019un droit \u00e0 cong\u00e9 pay\u00e9 couvrant l\u2019int\u00e9gralit\u00e9 de son arr\u00eat de travail. C\u2019est cette position qu\u2019il faut d\u00e9sormais appliquer.<\/span><\/p>\n<p> accidentdutravail-idf.net vous a pr\u00e9par\u00e9 ce post qui informe du sujet \u00ab\u00a0Association Sportive Huisson-Longueville Essonne\u00a0\u00bb. La chronique se veut g\u00e9n\u00e9r\u00e9e du mieux possible. Vous pouvez utiliser les coordonn\u00e9es indiqu\u00e9es sur le site dans le but d\u2019apporter des explications sur ce post qui parle du th\u00e8me \u00ab\u00a0Association Sportive Huisson-Longueville Essonne\u00a0\u00bb. Le site accidentdutravail-idf.net a pour but de fournir diverses publications sur la th\u00e9matique Association Sportive Huisson-Longueville Essonne diffus\u00e9es sur le net. Il y aura plusieurs articles autour du sujet \u00ab\u00a0Association Sportive Huisson-Longueville Essonne\u00a0\u00bb dans quelques jours, nous vous invitons \u00e0 naviguer sur notre site web \u00e0 plusieurs reprises.<\/p>\n","protected":false},"excerpt":{"rendered":"<p>D\u00e9finition d\u2019un accident du travail La d\u00e9finition de l\u2019accident du travail est pr\u00e9vue par l\u2019article 411-1 du code de la s\u00e9curit\u00e9 sociale&nbsp;: \u00ab&nbsp;Est consid\u00e9r\u00e9 comme accident du travail, quelle qu\u2019en soit la cause, l\u2019accident survenu par le fait ou \u00e0 l&rsquo;occasion du travail \u00e0 toute personne mentionn\u00e9e \u00e0 l&rsquo;article L. 311-2.&nbsp;\u00bb. Depuis le 1er septembre &hellip; <\/p>\n<p class=\"link-more\"><a href=\"https:\/\/www.accidentdutravail-idf.net\/blog\/accident-du-travail-definition-condition-et-indemnisation\/\" class=\"more-link\">Continuer la lecture <span class=\"screen-reader-text\"> \u00ab\u00a0Accident du travail : d\u00e9finition, condition et indemnisation\u00a0\u00bb<\/span><\/a><\/p>\n","protected":false},"author":2,"featured_media":0,"comment_status":"closed","ping_status":"closed","sticky":false,"template":"","format":"standard","meta":{"footnotes":""},"categories":[5],"tags":[],"class_list":["post-1606","post","type-post","status-publish","format-standard","hentry","category-securite-du-travail-en-ile-de-france-et-divers","entry"],"yoast_head":"<!-- This site is optimized with the Yoast SEO plugin v27.5 - https:\/\/yoast.com\/product\/yoast-seo-wordpress\/ -->\n<title>Accident du travail : d\u00e9finition, condition et indemnisation - ACCIDENTDUTRAVAIL-IDF<\/title>\n<meta name=\"description\" content=\"Accident du travail : d\u00e9finition, condition et indemnisation article de ACCIDENTDUTRAVAIL-IDF\" \/>\n<meta name=\"robots\" content=\"index, follow, max-snippet:-1, max-image-preview:large, max-video-preview:-1\" \/>\n<link rel=\"canonical\" href=\"https:\/\/www.accidentdutravail-idf.net\/blog\/accident-du-travail-definition-condition-et-indemnisation\/\" \/>\n<meta property=\"og:locale\" content=\"fr_FR\" \/>\n<meta property=\"og:type\" content=\"article\" \/>\n<meta property=\"og:title\" content=\"Accident du travail : d\u00e9finition, condition et indemnisation - ACCIDENTDUTRAVAIL-IDF\" \/>\n<meta property=\"og:description\" content=\"Accident du travail : d\u00e9finition, condition et indemnisation article de ACCIDENTDUTRAVAIL-IDF\" \/>\n<meta property=\"og:url\" content=\"https:\/\/www.accidentdutravail-idf.net\/blog\/accident-du-travail-definition-condition-et-indemnisation\/\" \/>\n<meta property=\"og:site_name\" content=\"ACCIDENTDUTRAVAIL-IDF\" \/>\n<meta property=\"article:published_time\" content=\"2024-03-20T03:04:00+00:00\" \/>\n<meta property=\"og:image\" content=\"https:\/\/www.accidentdutravail-idf.net\/blog\/wp-content\/uploads\/2025\/07\/accident-du-travail-definition-condition-et-indemnisation.jpg\" \/>\n<meta name=\"author\" content=\"Carlos Poulain\" \/>\n<meta name=\"twitter:card\" content=\"summary_large_image\" \/>\n<meta name=\"twitter:label1\" content=\"\u00c9crit par\" \/>\n\t<meta name=\"twitter:data1\" content=\"Carlos Poulain\" \/>\n\t<meta name=\"twitter:label2\" content=\"Dur\u00e9e de lecture estim\u00e9e\" \/>\n\t<meta name=\"twitter:data2\" content=\"7 minutes\" \/>\n<script type=\"application\/ld+json\" class=\"yoast-schema-graph\">{\"@context\":\"https:\\\/\\\/schema.org\",\"@graph\":[{\"@type\":\"Article\",\"@id\":\"https:\\\/\\\/www.accidentdutravail-idf.net\\\/blog\\\/accident-du-travail-definition-condition-et-indemnisation\\\/#article\",\"isPartOf\":{\"@id\":\"https:\\\/\\\/www.accidentdutravail-idf.net\\\/blog\\\/accident-du-travail-definition-condition-et-indemnisation\\\/\"},\"author\":{\"name\":\"Carlos Poulain\",\"@id\":\"https:\\\/\\\/www.accidentdutravail-idf.net\\\/blog\\\/#\\\/schema\\\/person\\\/3255d2f970de45e64bd9201f38e7b947\"},\"headline\":\"Accident du travail : d\u00e9finition, condition et indemnisation\",\"datePublished\":\"2024-03-20T03:04:00+00:00\",\"mainEntityOfPage\":{\"@id\":\"https:\\\/\\\/www.accidentdutravail-idf.net\\\/blog\\\/accident-du-travail-definition-condition-et-indemnisation\\\/\"},\"wordCount\":1468,\"publisher\":{\"@id\":\"https:\\\/\\\/www.accidentdutravail-idf.net\\\/blog\\\/#organization\"},\"image\":{\"@id\":\"https:\\\/\\\/www.accidentdutravail-idf.net\\\/blog\\\/accident-du-travail-definition-condition-et-indemnisation\\\/#primaryimage\"},\"thumbnailUrl\":\"https:\\\/\\\/www.accidentdutravail-idf.net\\\/blog\\\/wp-content\\\/uploads\\\/2025\\\/07\\\/accident-du-travail-definition-condition-et-indemnisation.jpg\",\"articleSection\":[\"S\u00e9curit\u00e9 Du Travail En Ile-De-France Et Divers:\"],\"inLanguage\":\"fr-FR\"},{\"@type\":\"WebPage\",\"@id\":\"https:\\\/\\\/www.accidentdutravail-idf.net\\\/blog\\\/accident-du-travail-definition-condition-et-indemnisation\\\/\",\"url\":\"https:\\\/\\\/www.accidentdutravail-idf.net\\\/blog\\\/accident-du-travail-definition-condition-et-indemnisation\\\/\",\"name\":\"Accident du travail : d\u00e9finition, condition et indemnisation - ACCIDENTDUTRAVAIL-IDF\",\"isPartOf\":{\"@id\":\"https:\\\/\\\/www.accidentdutravail-idf.net\\\/blog\\\/#website\"},\"primaryImageOfPage\":{\"@id\":\"https:\\\/\\\/www.accidentdutravail-idf.net\\\/blog\\\/accident-du-travail-definition-condition-et-indemnisation\\\/#primaryimage\"},\"image\":{\"@id\":\"https:\\\/\\\/www.accidentdutravail-idf.net\\\/blog\\\/accident-du-travail-definition-condition-et-indemnisation\\\/#primaryimage\"},\"thumbnailUrl\":\"https:\\\/\\\/www.accidentdutravail-idf.net\\\/blog\\\/wp-content\\\/uploads\\\/2025\\\/07\\\/accident-du-travail-definition-condition-et-indemnisation.jpg\",\"datePublished\":\"2024-03-20T03:04:00+00:00\",\"description\":\"Accident du travail : d\u00e9finition, condition et indemnisation article de ACCIDENTDUTRAVAIL-IDF\",\"breadcrumb\":{\"@id\":\"https:\\\/\\\/www.accidentdutravail-idf.net\\\/blog\\\/accident-du-travail-definition-condition-et-indemnisation\\\/#breadcrumb\"},\"inLanguage\":\"fr-FR\",\"potentialAction\":[{\"@type\":\"ReadAction\",\"target\":[\"https:\\\/\\\/www.accidentdutravail-idf.net\\\/blog\\\/accident-du-travail-definition-condition-et-indemnisation\\\/\"]}]},{\"@type\":\"ImageObject\",\"inLanguage\":\"fr-FR\",\"@id\":\"https:\\\/\\\/www.accidentdutravail-idf.net\\\/blog\\\/accident-du-travail-definition-condition-et-indemnisation\\\/#primaryimage\",\"url\":\"https:\\\/\\\/www.accidentdutravail-idf.net\\\/blog\\\/wp-content\\\/uploads\\\/2025\\\/07\\\/accident-du-travail-definition-condition-et-indemnisation.jpg\",\"contentUrl\":\"https:\\\/\\\/www.accidentdutravail-idf.net\\\/blog\\\/wp-content\\\/uploads\\\/2025\\\/07\\\/accident-du-travail-definition-condition-et-indemnisation.jpg\"},{\"@type\":\"BreadcrumbList\",\"@id\":\"https:\\\/\\\/www.accidentdutravail-idf.net\\\/blog\\\/accident-du-travail-definition-condition-et-indemnisation\\\/#breadcrumb\",\"itemListElement\":[{\"@type\":\"ListItem\",\"position\":1,\"name\":\"Accueil\",\"item\":\"https:\\\/\\\/www.accidentdutravail-idf.net\\\/blog\\\/\"},{\"@type\":\"ListItem\",\"position\":2,\"name\":\"Accident du travail : d\u00e9finition, condition et indemnisation\"}]},{\"@type\":\"WebSite\",\"@id\":\"https:\\\/\\\/www.accidentdutravail-idf.net\\\/blog\\\/#website\",\"url\":\"https:\\\/\\\/www.accidentdutravail-idf.net\\\/blog\\\/\",\"name\":\"ACCIDENTDUTRAVAIL-IDF\",\"description\":\"Portail accidents du travail-maladies professionnelles des entreprises d&#039;Ile-de-France\",\"publisher\":{\"@id\":\"https:\\\/\\\/www.accidentdutravail-idf.net\\\/blog\\\/#organization\"},\"potentialAction\":[{\"@type\":\"SearchAction\",\"target\":{\"@type\":\"EntryPoint\",\"urlTemplate\":\"https:\\\/\\\/www.accidentdutravail-idf.net\\\/blog\\\/?s={search_term_string}\"},\"query-input\":{\"@type\":\"PropertyValueSpecification\",\"valueRequired\":true,\"valueName\":\"search_term_string\"}}],\"inLanguage\":\"fr-FR\"},{\"@type\":\"Organization\",\"@id\":\"https:\\\/\\\/www.accidentdutravail-idf.net\\\/blog\\\/#organization\",\"name\":\"accidentdutravail-idf\",\"url\":\"https:\\\/\\\/www.accidentdutravail-idf.net\\\/blog\\\/\",\"logo\":{\"@type\":\"ImageObject\",\"inLanguage\":\"fr-FR\",\"@id\":\"https:\\\/\\\/www.accidentdutravail-idf.net\\\/blog\\\/#\\\/schema\\\/logo\\\/image\\\/\",\"url\":\"https:\\\/\\\/www.accidentdutravail-idf.net\\\/blog\\\/wp-content\\\/uploads\\\/2022\\\/09\\\/logo-2.png\",\"contentUrl\":\"https:\\\/\\\/www.accidentdutravail-idf.net\\\/blog\\\/wp-content\\\/uploads\\\/2022\\\/09\\\/logo-2.png\",\"width\":380,\"height\":291,\"caption\":\"accidentdutravail-idf\"},\"image\":{\"@id\":\"https:\\\/\\\/www.accidentdutravail-idf.net\\\/blog\\\/#\\\/schema\\\/logo\\\/image\\\/\"}},{\"@type\":\"Person\",\"@id\":\"https:\\\/\\\/www.accidentdutravail-idf.net\\\/blog\\\/#\\\/schema\\\/person\\\/3255d2f970de45e64bd9201f38e7b947\",\"name\":\"Carlos Poulain\",\"image\":{\"@type\":\"ImageObject\",\"inLanguage\":\"fr-FR\",\"@id\":\"https:\\\/\\\/secure.gravatar.com\\\/avatar\\\/b1c2f9d3588e34e91adb093635df64ef4b2381991216be7576466cfcdca4baf3?s=96&d=mm&r=g\",\"url\":\"https:\\\/\\\/secure.gravatar.com\\\/avatar\\\/b1c2f9d3588e34e91adb093635df64ef4b2381991216be7576466cfcdca4baf3?s=96&d=mm&r=g\",\"contentUrl\":\"https:\\\/\\\/secure.gravatar.com\\\/avatar\\\/b1c2f9d3588e34e91adb093635df64ef4b2381991216be7576466cfcdca4baf3?s=96&d=mm&r=g\",\"caption\":\"Carlos Poulain\"},\"url\":\"https:\\\/\\\/www.accidentdutravail-idf.net\\\/blog\\\/author\\\/idfcarlos\\\/\"}]}<\/script>\n<!-- \/ Yoast SEO plugin. -->","yoast_head_json":{"title":"Accident du travail : d\u00e9finition, condition et indemnisation - ACCIDENTDUTRAVAIL-IDF","description":"Accident du travail : d\u00e9finition, condition et indemnisation article de ACCIDENTDUTRAVAIL-IDF","robots":{"index":"index","follow":"follow","max-snippet":"max-snippet:-1","max-image-preview":"max-image-preview:large","max-video-preview":"max-video-preview:-1"},"canonical":"https:\/\/www.accidentdutravail-idf.net\/blog\/accident-du-travail-definition-condition-et-indemnisation\/","og_locale":"fr_FR","og_type":"article","og_title":"Accident du travail : d\u00e9finition, condition et indemnisation - ACCIDENTDUTRAVAIL-IDF","og_description":"Accident du travail : d\u00e9finition, condition et indemnisation article de ACCIDENTDUTRAVAIL-IDF","og_url":"https:\/\/www.accidentdutravail-idf.net\/blog\/accident-du-travail-definition-condition-et-indemnisation\/","og_site_name":"ACCIDENTDUTRAVAIL-IDF","article_published_time":"2024-03-20T03:04:00+00:00","og_image":[{"url":"https:\/\/www.accidentdutravail-idf.net\/blog\/wp-content\/uploads\/2025\/07\/accident-du-travail-definition-condition-et-indemnisation.jpg","type":"","width":"","height":""}],"author":"Carlos Poulain","twitter_card":"summary_large_image","twitter_misc":{"\u00c9crit par":"Carlos Poulain","Dur\u00e9e de lecture estim\u00e9e":"7 minutes"},"schema":{"@context":"https:\/\/schema.org","@graph":[{"@type":"Article","@id":"https:\/\/www.accidentdutravail-idf.net\/blog\/accident-du-travail-definition-condition-et-indemnisation\/#article","isPartOf":{"@id":"https:\/\/www.accidentdutravail-idf.net\/blog\/accident-du-travail-definition-condition-et-indemnisation\/"},"author":{"name":"Carlos Poulain","@id":"https:\/\/www.accidentdutravail-idf.net\/blog\/#\/schema\/person\/3255d2f970de45e64bd9201f38e7b947"},"headline":"Accident du travail : d\u00e9finition, condition et indemnisation","datePublished":"2024-03-20T03:04:00+00:00","mainEntityOfPage":{"@id":"https:\/\/www.accidentdutravail-idf.net\/blog\/accident-du-travail-definition-condition-et-indemnisation\/"},"wordCount":1468,"publisher":{"@id":"https:\/\/www.accidentdutravail-idf.net\/blog\/#organization"},"image":{"@id":"https:\/\/www.accidentdutravail-idf.net\/blog\/accident-du-travail-definition-condition-et-indemnisation\/#primaryimage"},"thumbnailUrl":"https:\/\/www.accidentdutravail-idf.net\/blog\/wp-content\/uploads\/2025\/07\/accident-du-travail-definition-condition-et-indemnisation.jpg","articleSection":["S\u00e9curit\u00e9 Du Travail En Ile-De-France Et Divers:"],"inLanguage":"fr-FR"},{"@type":"WebPage","@id":"https:\/\/www.accidentdutravail-idf.net\/blog\/accident-du-travail-definition-condition-et-indemnisation\/","url":"https:\/\/www.accidentdutravail-idf.net\/blog\/accident-du-travail-definition-condition-et-indemnisation\/","name":"Accident du travail : d\u00e9finition, condition et indemnisation - ACCIDENTDUTRAVAIL-IDF","isPartOf":{"@id":"https:\/\/www.accidentdutravail-idf.net\/blog\/#website"},"primaryImageOfPage":{"@id":"https:\/\/www.accidentdutravail-idf.net\/blog\/accident-du-travail-definition-condition-et-indemnisation\/#primaryimage"},"image":{"@id":"https:\/\/www.accidentdutravail-idf.net\/blog\/accident-du-travail-definition-condition-et-indemnisation\/#primaryimage"},"thumbnailUrl":"https:\/\/www.accidentdutravail-idf.net\/blog\/wp-content\/uploads\/2025\/07\/accident-du-travail-definition-condition-et-indemnisation.jpg","datePublished":"2024-03-20T03:04:00+00:00","description":"Accident du travail : d\u00e9finition, condition et indemnisation article de ACCIDENTDUTRAVAIL-IDF","breadcrumb":{"@id":"https:\/\/www.accidentdutravail-idf.net\/blog\/accident-du-travail-definition-condition-et-indemnisation\/#breadcrumb"},"inLanguage":"fr-FR","potentialAction":[{"@type":"ReadAction","target":["https:\/\/www.accidentdutravail-idf.net\/blog\/accident-du-travail-definition-condition-et-indemnisation\/"]}]},{"@type":"ImageObject","inLanguage":"fr-FR","@id":"https:\/\/www.accidentdutravail-idf.net\/blog\/accident-du-travail-definition-condition-et-indemnisation\/#primaryimage","url":"https:\/\/www.accidentdutravail-idf.net\/blog\/wp-content\/uploads\/2025\/07\/accident-du-travail-definition-condition-et-indemnisation.jpg","contentUrl":"https:\/\/www.accidentdutravail-idf.net\/blog\/wp-content\/uploads\/2025\/07\/accident-du-travail-definition-condition-et-indemnisation.jpg"},{"@type":"BreadcrumbList","@id":"https:\/\/www.accidentdutravail-idf.net\/blog\/accident-du-travail-definition-condition-et-indemnisation\/#breadcrumb","itemListElement":[{"@type":"ListItem","position":1,"name":"Accueil","item":"https:\/\/www.accidentdutravail-idf.net\/blog\/"},{"@type":"ListItem","position":2,"name":"Accident du travail : d\u00e9finition, condition et indemnisation"}]},{"@type":"WebSite","@id":"https:\/\/www.accidentdutravail-idf.net\/blog\/#website","url":"https:\/\/www.accidentdutravail-idf.net\/blog\/","name":"ACCIDENTDUTRAVAIL-IDF","description":"Portail accidents du travail-maladies professionnelles des entreprises d&#039;Ile-de-France","publisher":{"@id":"https:\/\/www.accidentdutravail-idf.net\/blog\/#organization"},"potentialAction":[{"@type":"SearchAction","target":{"@type":"EntryPoint","urlTemplate":"https:\/\/www.accidentdutravail-idf.net\/blog\/?s={search_term_string}"},"query-input":{"@type":"PropertyValueSpecification","valueRequired":true,"valueName":"search_term_string"}}],"inLanguage":"fr-FR"},{"@type":"Organization","@id":"https:\/\/www.accidentdutravail-idf.net\/blog\/#organization","name":"accidentdutravail-idf","url":"https:\/\/www.accidentdutravail-idf.net\/blog\/","logo":{"@type":"ImageObject","inLanguage":"fr-FR","@id":"https:\/\/www.accidentdutravail-idf.net\/blog\/#\/schema\/logo\/image\/","url":"https:\/\/www.accidentdutravail-idf.net\/blog\/wp-content\/uploads\/2022\/09\/logo-2.png","contentUrl":"https:\/\/www.accidentdutravail-idf.net\/blog\/wp-content\/uploads\/2022\/09\/logo-2.png","width":380,"height":291,"caption":"accidentdutravail-idf"},"image":{"@id":"https:\/\/www.accidentdutravail-idf.net\/blog\/#\/schema\/logo\/image\/"}},{"@type":"Person","@id":"https:\/\/www.accidentdutravail-idf.net\/blog\/#\/schema\/person\/3255d2f970de45e64bd9201f38e7b947","name":"Carlos Poulain","image":{"@type":"ImageObject","inLanguage":"fr-FR","@id":"https:\/\/secure.gravatar.com\/avatar\/b1c2f9d3588e34e91adb093635df64ef4b2381991216be7576466cfcdca4baf3?s=96&d=mm&r=g","url":"https:\/\/secure.gravatar.com\/avatar\/b1c2f9d3588e34e91adb093635df64ef4b2381991216be7576466cfcdca4baf3?s=96&d=mm&r=g","contentUrl":"https:\/\/secure.gravatar.com\/avatar\/b1c2f9d3588e34e91adb093635df64ef4b2381991216be7576466cfcdca4baf3?s=96&d=mm&r=g","caption":"Carlos Poulain"},"url":"https:\/\/www.accidentdutravail-idf.net\/blog\/author\/idfcarlos\/"}]}},"_links":{"self":[{"href":"https:\/\/www.accidentdutravail-idf.net\/blog\/wp-json\/wp\/v2\/posts\/1606","targetHints":{"allow":["GET"]}}],"collection":[{"href":"https:\/\/www.accidentdutravail-idf.net\/blog\/wp-json\/wp\/v2\/posts"}],"about":[{"href":"https:\/\/www.accidentdutravail-idf.net\/blog\/wp-json\/wp\/v2\/types\/post"}],"author":[{"embeddable":true,"href":"https:\/\/www.accidentdutravail-idf.net\/blog\/wp-json\/wp\/v2\/users\/2"}],"replies":[{"embeddable":true,"href":"https:\/\/www.accidentdutravail-idf.net\/blog\/wp-json\/wp\/v2\/comments?post=1606"}],"version-history":[{"count":0,"href":"https:\/\/www.accidentdutravail-idf.net\/blog\/wp-json\/wp\/v2\/posts\/1606\/revisions"}],"wp:attachment":[{"href":"https:\/\/www.accidentdutravail-idf.net\/blog\/wp-json\/wp\/v2\/media?parent=1606"}],"wp:term":[{"taxonomy":"category","embeddable":true,"href":"https:\/\/www.accidentdutravail-idf.net\/blog\/wp-json\/wp\/v2\/categories?post=1606"},{"taxonomy":"post_tag","embeddable":true,"href":"https:\/\/www.accidentdutravail-idf.net\/blog\/wp-json\/wp\/v2\/tags?post=1606"}],"curies":[{"name":"wp","href":"https:\/\/api.w.org\/{rel}","templated":true}]}}