{"id":1602,"date":"2025-07-21T02:00:00","date_gmt":"2025-07-21T00:00:00","guid":{"rendered":"https:\/\/www.accidentdutravail-idf.net\/blog\/education-mineurs-morts-sur-leur-lieu-de-travail-des-syndicats-veulent-supprimer-les-stages-de-troisieme\/"},"modified":"2025-07-21T02:00:00","modified_gmt":"2025-07-21T00:00:00","slug":"education-mineurs-morts-sur-leur-lieu-de-travail-des-syndicats-veulent-supprimer-les-stages-de-troisieme","status":"publish","type":"post","link":"https:\/\/www.accidentdutravail-idf.net\/blog\/education-mineurs-morts-sur-leur-lieu-de-travail-des-syndicats-veulent-supprimer-les-stages-de-troisieme\/","title":{"rendered":"Education Mineurs morts sur leur lieu de travail : des syndicats veulent supprimer les stages de troisi\u00e8me"},"content":{"rendered":"<div><img decoding=\"async\" src=\"https:\/\/www.accidentdutravail-idf.net\/blog\/wp-content\/uploads\/2025\/07\/education-mineurs-morts-sur-leur-lieu-de-travail-des-syndicats-veulent-supprimer-les-stages-de-troisieme.jpg\" class=\"ff-og-image-inserted\"><\/div>\n<div>\n<p>En stage ou en apprentissage, les jeunes, peu exp\u00e9riment\u00e9s, sont plus vuln\u00e9rables en entreprise. Cinq jeunes, dont quatre mineurs, sont d\u00e9c\u00e9d\u00e9s sur leur lieu de travail entre le 30&nbsp;avril et le 4&nbsp;juillet. Trois d\u2019entre eux \u00e9taient en stage. En 2023, 38 jeunes de moins de 25 ans sont d\u00e9c\u00e9d\u00e9s \u00e0 la suite d\u2019un accident du travail, selon le minist\u00e8re du Travail. Des chiffres alarmants qui poussent la CGT Educ\u2019action et le Snes-FSU \u00e0 formuler une proposition choc&nbsp;: supprimer les stages d\u2019observation en 3e et en seconde. \u00ab&nbsp;Les \u00e9l\u00e8ves doivent \u00eatre \u00e0 l\u2019\u00e9cole et non mourir au travail&nbsp;\u00bb, mart\u00e8le le syndicat CGT Educ\u2019action <a href=\"https:\/\/www.cgteduc.fr\/2025\/06\/19\/les-eleves-doivent-etre-a-lecole-et-non-mourir-au-travail\/\" target=\"_blank\" rel=\"nofollow\">dans un communiqu\u00e9.<\/a><\/p>\n<p>Les choix politiques pris ces derni\u00e8res ann\u00e9es favorisent l\u2019insertion professionnelle et l\u2019apprentissage. Pr\u00e8s de 550&nbsp;000 lyc\u00e9ens ont la possibilit\u00e9 d\u2019effectuer un stage en entreprise au mois de juin \u2013 lorsqu\u2019ils parviennent \u00e0 trouver une soci\u00e9t\u00e9 pr\u00eate \u00e0 les accueillir. Quant au nombre d\u2019apprentissages, il a bondi depuis 2017, passant de 290&nbsp;000&nbsp;\u00e0 854&nbsp;000 en 2024.<\/p>\n<h2>\u00ab&nbsp;Main-d\u2019\u0153uvre bon march\u00e9&nbsp;\u00bb<\/h2>\n<p>\u00ab&nbsp;Ces drames le rappellent, contrairement aux pr\u00e9jug\u00e9s lib\u00e9raux, l\u2019entreprise n\u2019est pas un lieu de formation initiale&nbsp;\u00bb, met en garde la CGT Educ\u2019action. \u00ab&nbsp;Pouss\u00e9e par une logique de rentabilit\u00e9, dans laquelle stagiaires et apprentis ne sont vus que comme de la main-d\u2019\u0153uvre bon march\u00e9, l\u2019entreprise ne prend pas le temps de former, les cantonne aux t\u00e2ches r\u00e9p\u00e9titives&nbsp;\u00bb, ajoute le syndicat.<\/p>\n<p>Eric Chev\u00e9e, vice-pr\u00e9sident en charge des affaires sociales \u00e0 la CPME, ne partage pas cette analyse&nbsp;: \u00ab&nbsp;L\u2019objectif de ces stages est de donner une culture \u00e9conomique \u00e0 nos jeunes. Il y a des mesures de pr\u00e9caution \u00e0 prendre, ce n\u2019est pas pour autant qu\u2019il faut arr\u00eater l\u2019initiative. Rapprocher les jeunes de l\u2019entreprise afin qu\u2019ils s\u2019orientent mieux est indispensable&nbsp;\u00bb.<\/p>\n<h2>Travaux dangereux<\/h2>\n<p>Les jeunes en apprentissage sont parfois amen\u00e9s \u00e0 r\u00e9aliser des t\u00e2ches dangereuses en entreprise (travail en hauteur, manipulation de machines, exposition \u00e0 des produits). Christelle Glemet, secr\u00e9taire nationale de la CGT travail, emploi, formation professionnelle (TEFP), syndicat majoritaire chez les inspecteurs du travail, plaide pour l\u2019interdiction stricte des travaux dangereux avant 18 ans.<\/p>\n<p>\u00ab Jusqu\u2019alors les employeurs qui souhaitaient faire r\u00e9aliser des travaux dangereux \u00e0 leurs apprentis devaient en faire la demande \u00e0 l\u2019inspection du travail, qui \u00e0 la suite d\u2019une enqu\u00eate, donnait ou non son accord. Mais depuis 2015 \u2013 au nom de la simplification &#8211; une simple d\u00e9claration envoy\u00e9e \u00e0 l\u2019inspection du travail suffit \u00bb, d\u00e9plore Christelle Glemet.<\/p>\n<\/div>\n<div>\n<h2>Renforcer l\u2019obligation de formation \u00e0 la s\u00e9curit\u00e9<\/h2>\n<p>Selon la repr\u00e9sentante syndicale, il serait \u00e9galement n\u00e9cessaire que les apprentis puissent b\u00e9n\u00e9ficier d\u2019une initiation au droit du travail, afin qu\u2019ils puissent notamment savoir qu\u2019ils peuvent exercer leur droit de retrait si les conditions de s\u00e9curit\u00e9 ne sont pas r\u00e9unies.<\/p>\n<p>Astrid Panosyan-Bouvet, ministre charg\u00e9e du Travail, a annonc\u00e9, <a href=\"https:\/\/www.lemonde.fr\/politique\/article\/2025\/07\/11\/astrid-panosyan-bouvet-ministre-chargee-du-travail-lutter-contre-les-accidents-du-travail-est-un-devoir-moral_6620696_823448.html\" target=\"_blank\" rel=\"nofollow\">dans un entretien au journal <\/a><i><a href=\"https:\/\/www.lemonde.fr\/politique\/article\/2025\/07\/11\/astrid-panosyan-bouvet-ministre-chargee-du-travail-lutter-contre-les-accidents-du-travail-est-un-devoir-moral_6620696_823448.html\" target=\"_blank\" rel=\"nofollow\">Le Monde<\/a><\/i> , travailler \u00e0 renforcer l\u2019obligation actuelle de formation \u00e0 la s\u00e9curit\u00e9 lors de la prise de poste pour les jeunes entrant pour la premi\u00e8re fois en milieu professionnel.<\/p>\n<p>\u00ab&nbsp;Il faut aussi que les ma\u00eetres de stage aient l\u2019obligation de suivre une formation en s\u00e9curit\u00e9&nbsp;; ce n\u2019est pas le cas aujourd\u2019hui&nbsp;\u00bb, a insist\u00e9 la ministre, qui&nbsp;propose \u00e9galement d\u2019interdire les entreprises ayant \u00e9t\u00e9 condamn\u00e9es pour faute inexcusable ou pour homicide de recruter un nouvel apprenti pendant une dur\u00e9e d\u00e9termin\u00e9e.<\/p>\n<\/div>\n<p>accidentdutravail-idf.net vous a pr\u00e9par\u00e9 ce post qui informe du sujet \u00ab\u00a0Association Sportive Huisson-Longueville Essonne\u00a0\u00bb. La chronique se veut g\u00e9n\u00e9r\u00e9e du mieux possible. Vous pouvez utiliser les coordonn\u00e9es indiqu\u00e9es sur le site dans le but d\u2019apporter des explications sur ce post qui parle du th\u00e8me \u00ab\u00a0Association Sportive Huisson-Longueville Essonne\u00a0\u00bb. Le site accidentdutravail-idf.net a pour but de fournir diverses publications sur la th\u00e9matique Association Sportive Huisson-Longueville Essonne diffus\u00e9es sur le net. Il y aura plusieurs articles autour du sujet \u00ab\u00a0Association Sportive Huisson-Longueville Essonne\u00a0\u00bb dans quelques jours, nous vous invitons \u00e0 naviguer sur notre site web \u00e0 plusieurs reprises.<\/p>\n","protected":false},"excerpt":{"rendered":"<p>En stage ou en apprentissage, les jeunes, peu exp\u00e9riment\u00e9s, sont plus vuln\u00e9rables en entreprise. Cinq jeunes, dont quatre mineurs, sont d\u00e9c\u00e9d\u00e9s sur leur lieu de travail entre le 30&nbsp;avril et le 4&nbsp;juillet. Trois d\u2019entre eux \u00e9taient en stage. En 2023, 38 jeunes de moins de 25 ans sont d\u00e9c\u00e9d\u00e9s \u00e0 la suite d\u2019un accident du &hellip; <\/p>\n<p class=\"link-more\"><a href=\"https:\/\/www.accidentdutravail-idf.net\/blog\/education-mineurs-morts-sur-leur-lieu-de-travail-des-syndicats-veulent-supprimer-les-stages-de-troisieme\/\" class=\"more-link\">Continuer la lecture <span class=\"screen-reader-text\"> \u00ab\u00a0Education Mineurs morts sur leur lieu de travail : des syndicats veulent supprimer les stages de troisi\u00e8me\u00a0\u00bb<\/span><\/a><\/p>\n","protected":false},"author":2,"featured_media":0,"comment_status":"closed","ping_status":"closed","sticky":false,"template":"","format":"standard","meta":{"footnotes":""},"categories":[5],"tags":[],"class_list":["post-1602","post","type-post","status-publish","format-standard","hentry","category-securite-du-travail-en-ile-de-france-et-divers","entry"],"yoast_head":"<!-- This site is optimized with the Yoast SEO plugin v27.5 - https:\/\/yoast.com\/product\/yoast-seo-wordpress\/ -->\n<title>Education Mineurs morts sur leur lieu de travail : des syndicats veulent supprimer les stages de troisi\u00e8me - ACCIDENTDUTRAVAIL-IDF<\/title>\n<meta name=\"description\" content=\"Education Mineurs morts sur leur lieu de travail : des syndicats veulent supprimer les stages de troisi\u00e8me article de ACCIDENTDUTRAVAIL-IDF\" \/>\n<meta name=\"robots\" content=\"index, follow, max-snippet:-1, max-image-preview:large, max-video-preview:-1\" \/>\n<link rel=\"canonical\" href=\"https:\/\/www.accidentdutravail-idf.net\/blog\/education-mineurs-morts-sur-leur-lieu-de-travail-des-syndicats-veulent-supprimer-les-stages-de-troisieme\/\" \/>\n<meta property=\"og:locale\" content=\"fr_FR\" \/>\n<meta property=\"og:type\" content=\"article\" \/>\n<meta property=\"og:title\" content=\"Education Mineurs morts sur leur lieu de travail : des syndicats veulent supprimer les stages de troisi\u00e8me - ACCIDENTDUTRAVAIL-IDF\" \/>\n<meta property=\"og:description\" content=\"Education Mineurs morts sur leur lieu de travail : des syndicats veulent supprimer les stages de troisi\u00e8me article de ACCIDENTDUTRAVAIL-IDF\" \/>\n<meta property=\"og:url\" content=\"https:\/\/www.accidentdutravail-idf.net\/blog\/education-mineurs-morts-sur-leur-lieu-de-travail-des-syndicats-veulent-supprimer-les-stages-de-troisieme\/\" \/>\n<meta property=\"og:site_name\" content=\"ACCIDENTDUTRAVAIL-IDF\" \/>\n<meta property=\"article:published_time\" content=\"2025-07-21T00:00:00+00:00\" \/>\n<meta property=\"og:image\" content=\"https:\/\/www.accidentdutravail-idf.net\/blog\/wp-content\/uploads\/2025\/07\/education-mineurs-morts-sur-leur-lieu-de-travail-des-syndicats-veulent-supprimer-les-stages-de-troisieme.jpg\" \/>\n<meta name=\"author\" content=\"Carlos Poulain\" \/>\n<meta name=\"twitter:card\" content=\"summary_large_image\" \/>\n<meta name=\"twitter:label1\" content=\"\u00c9crit par\" \/>\n\t<meta name=\"twitter:data1\" content=\"Carlos Poulain\" \/>\n\t<meta name=\"twitter:label2\" content=\"Dur\u00e9e de lecture estim\u00e9e\" \/>\n\t<meta name=\"twitter:data2\" content=\"4 minutes\" \/>\n<script type=\"application\/ld+json\" class=\"yoast-schema-graph\">{\"@context\":\"https:\\\/\\\/schema.org\",\"@graph\":[{\"@type\":\"Article\",\"@id\":\"https:\\\/\\\/www.accidentdutravail-idf.net\\\/blog\\\/education-mineurs-morts-sur-leur-lieu-de-travail-des-syndicats-veulent-supprimer-les-stages-de-troisieme\\\/#article\",\"isPartOf\":{\"@id\":\"https:\\\/\\\/www.accidentdutravail-idf.net\\\/blog\\\/education-mineurs-morts-sur-leur-lieu-de-travail-des-syndicats-veulent-supprimer-les-stages-de-troisieme\\\/\"},\"author\":{\"name\":\"Carlos Poulain\",\"@id\":\"https:\\\/\\\/www.accidentdutravail-idf.net\\\/blog\\\/#\\\/schema\\\/person\\\/3255d2f970de45e64bd9201f38e7b947\"},\"headline\":\"Education Mineurs morts sur leur lieu de travail : des syndicats veulent supprimer les stages de troisi\u00e8me\",\"datePublished\":\"2025-07-21T00:00:00+00:00\",\"mainEntityOfPage\":{\"@id\":\"https:\\\/\\\/www.accidentdutravail-idf.net\\\/blog\\\/education-mineurs-morts-sur-leur-lieu-de-travail-des-syndicats-veulent-supprimer-les-stages-de-troisieme\\\/\"},\"wordCount\":736,\"publisher\":{\"@id\":\"https:\\\/\\\/www.accidentdutravail-idf.net\\\/blog\\\/#organization\"},\"image\":{\"@id\":\"https:\\\/\\\/www.accidentdutravail-idf.net\\\/blog\\\/education-mineurs-morts-sur-leur-lieu-de-travail-des-syndicats-veulent-supprimer-les-stages-de-troisieme\\\/#primaryimage\"},\"thumbnailUrl\":\"https:\\\/\\\/www.accidentdutravail-idf.net\\\/blog\\\/wp-content\\\/uploads\\\/2025\\\/07\\\/education-mineurs-morts-sur-leur-lieu-de-travail-des-syndicats-veulent-supprimer-les-stages-de-troisieme.jpg\",\"articleSection\":[\"S\u00e9curit\u00e9 Du Travail En Ile-De-France Et Divers:\"],\"inLanguage\":\"fr-FR\"},{\"@type\":\"WebPage\",\"@id\":\"https:\\\/\\\/www.accidentdutravail-idf.net\\\/blog\\\/education-mineurs-morts-sur-leur-lieu-de-travail-des-syndicats-veulent-supprimer-les-stages-de-troisieme\\\/\",\"url\":\"https:\\\/\\\/www.accidentdutravail-idf.net\\\/blog\\\/education-mineurs-morts-sur-leur-lieu-de-travail-des-syndicats-veulent-supprimer-les-stages-de-troisieme\\\/\",\"name\":\"Education Mineurs morts sur leur lieu de travail : des syndicats veulent supprimer les stages de troisi\u00e8me - ACCIDENTDUTRAVAIL-IDF\",\"isPartOf\":{\"@id\":\"https:\\\/\\\/www.accidentdutravail-idf.net\\\/blog\\\/#website\"},\"primaryImageOfPage\":{\"@id\":\"https:\\\/\\\/www.accidentdutravail-idf.net\\\/blog\\\/education-mineurs-morts-sur-leur-lieu-de-travail-des-syndicats-veulent-supprimer-les-stages-de-troisieme\\\/#primaryimage\"},\"image\":{\"@id\":\"https:\\\/\\\/www.accidentdutravail-idf.net\\\/blog\\\/education-mineurs-morts-sur-leur-lieu-de-travail-des-syndicats-veulent-supprimer-les-stages-de-troisieme\\\/#primaryimage\"},\"thumbnailUrl\":\"https:\\\/\\\/www.accidentdutravail-idf.net\\\/blog\\\/wp-content\\\/uploads\\\/2025\\\/07\\\/education-mineurs-morts-sur-leur-lieu-de-travail-des-syndicats-veulent-supprimer-les-stages-de-troisieme.jpg\",\"datePublished\":\"2025-07-21T00:00:00+00:00\",\"description\":\"Education Mineurs morts sur leur lieu de travail : des syndicats veulent supprimer les stages de troisi\u00e8me article de ACCIDENTDUTRAVAIL-IDF\",\"breadcrumb\":{\"@id\":\"https:\\\/\\\/www.accidentdutravail-idf.net\\\/blog\\\/education-mineurs-morts-sur-leur-lieu-de-travail-des-syndicats-veulent-supprimer-les-stages-de-troisieme\\\/#breadcrumb\"},\"inLanguage\":\"fr-FR\",\"potentialAction\":[{\"@type\":\"ReadAction\",\"target\":[\"https:\\\/\\\/www.accidentdutravail-idf.net\\\/blog\\\/education-mineurs-morts-sur-leur-lieu-de-travail-des-syndicats-veulent-supprimer-les-stages-de-troisieme\\\/\"]}]},{\"@type\":\"ImageObject\",\"inLanguage\":\"fr-FR\",\"@id\":\"https:\\\/\\\/www.accidentdutravail-idf.net\\\/blog\\\/education-mineurs-morts-sur-leur-lieu-de-travail-des-syndicats-veulent-supprimer-les-stages-de-troisieme\\\/#primaryimage\",\"url\":\"https:\\\/\\\/www.accidentdutravail-idf.net\\\/blog\\\/wp-content\\\/uploads\\\/2025\\\/07\\\/education-mineurs-morts-sur-leur-lieu-de-travail-des-syndicats-veulent-supprimer-les-stages-de-troisieme.jpg\",\"contentUrl\":\"https:\\\/\\\/www.accidentdutravail-idf.net\\\/blog\\\/wp-content\\\/uploads\\\/2025\\\/07\\\/education-mineurs-morts-sur-leur-lieu-de-travail-des-syndicats-veulent-supprimer-les-stages-de-troisieme.jpg\"},{\"@type\":\"BreadcrumbList\",\"@id\":\"https:\\\/\\\/www.accidentdutravail-idf.net\\\/blog\\\/education-mineurs-morts-sur-leur-lieu-de-travail-des-syndicats-veulent-supprimer-les-stages-de-troisieme\\\/#breadcrumb\",\"itemListElement\":[{\"@type\":\"ListItem\",\"position\":1,\"name\":\"Accueil\",\"item\":\"https:\\\/\\\/www.accidentdutravail-idf.net\\\/blog\\\/\"},{\"@type\":\"ListItem\",\"position\":2,\"name\":\"Education Mineurs morts sur leur lieu de travail : des syndicats veulent supprimer les stages de troisi\u00e8me\"}]},{\"@type\":\"WebSite\",\"@id\":\"https:\\\/\\\/www.accidentdutravail-idf.net\\\/blog\\\/#website\",\"url\":\"https:\\\/\\\/www.accidentdutravail-idf.net\\\/blog\\\/\",\"name\":\"ACCIDENTDUTRAVAIL-IDF\",\"description\":\"Portail accidents du travail-maladies professionnelles des entreprises d&#039;Ile-de-France\",\"publisher\":{\"@id\":\"https:\\\/\\\/www.accidentdutravail-idf.net\\\/blog\\\/#organization\"},\"potentialAction\":[{\"@type\":\"SearchAction\",\"target\":{\"@type\":\"EntryPoint\",\"urlTemplate\":\"https:\\\/\\\/www.accidentdutravail-idf.net\\\/blog\\\/?s={search_term_string}\"},\"query-input\":{\"@type\":\"PropertyValueSpecification\",\"valueRequired\":true,\"valueName\":\"search_term_string\"}}],\"inLanguage\":\"fr-FR\"},{\"@type\":\"Organization\",\"@id\":\"https:\\\/\\\/www.accidentdutravail-idf.net\\\/blog\\\/#organization\",\"name\":\"accidentdutravail-idf\",\"url\":\"https:\\\/\\\/www.accidentdutravail-idf.net\\\/blog\\\/\",\"logo\":{\"@type\":\"ImageObject\",\"inLanguage\":\"fr-FR\",\"@id\":\"https:\\\/\\\/www.accidentdutravail-idf.net\\\/blog\\\/#\\\/schema\\\/logo\\\/image\\\/\",\"url\":\"https:\\\/\\\/www.accidentdutravail-idf.net\\\/blog\\\/wp-content\\\/uploads\\\/2022\\\/09\\\/logo-2.png\",\"contentUrl\":\"https:\\\/\\\/www.accidentdutravail-idf.net\\\/blog\\\/wp-content\\\/uploads\\\/2022\\\/09\\\/logo-2.png\",\"width\":380,\"height\":291,\"caption\":\"accidentdutravail-idf\"},\"image\":{\"@id\":\"https:\\\/\\\/www.accidentdutravail-idf.net\\\/blog\\\/#\\\/schema\\\/logo\\\/image\\\/\"}},{\"@type\":\"Person\",\"@id\":\"https:\\\/\\\/www.accidentdutravail-idf.net\\\/blog\\\/#\\\/schema\\\/person\\\/3255d2f970de45e64bd9201f38e7b947\",\"name\":\"Carlos Poulain\",\"image\":{\"@type\":\"ImageObject\",\"inLanguage\":\"fr-FR\",\"@id\":\"https:\\\/\\\/secure.gravatar.com\\\/avatar\\\/b1c2f9d3588e34e91adb093635df64ef4b2381991216be7576466cfcdca4baf3?s=96&d=mm&r=g\",\"url\":\"https:\\\/\\\/secure.gravatar.com\\\/avatar\\\/b1c2f9d3588e34e91adb093635df64ef4b2381991216be7576466cfcdca4baf3?s=96&d=mm&r=g\",\"contentUrl\":\"https:\\\/\\\/secure.gravatar.com\\\/avatar\\\/b1c2f9d3588e34e91adb093635df64ef4b2381991216be7576466cfcdca4baf3?s=96&d=mm&r=g\",\"caption\":\"Carlos Poulain\"},\"url\":\"https:\\\/\\\/www.accidentdutravail-idf.net\\\/blog\\\/author\\\/idfcarlos\\\/\"}]}<\/script>\n<!-- \/ Yoast SEO plugin. -->","yoast_head_json":{"title":"Education Mineurs morts sur leur lieu de travail : des syndicats veulent supprimer les stages de troisi\u00e8me - ACCIDENTDUTRAVAIL-IDF","description":"Education Mineurs morts sur leur lieu de travail : des syndicats veulent supprimer les stages de troisi\u00e8me article de ACCIDENTDUTRAVAIL-IDF","robots":{"index":"index","follow":"follow","max-snippet":"max-snippet:-1","max-image-preview":"max-image-preview:large","max-video-preview":"max-video-preview:-1"},"canonical":"https:\/\/www.accidentdutravail-idf.net\/blog\/education-mineurs-morts-sur-leur-lieu-de-travail-des-syndicats-veulent-supprimer-les-stages-de-troisieme\/","og_locale":"fr_FR","og_type":"article","og_title":"Education Mineurs morts sur leur lieu de travail : des syndicats veulent supprimer les stages de troisi\u00e8me - ACCIDENTDUTRAVAIL-IDF","og_description":"Education Mineurs morts sur leur lieu de travail : des syndicats veulent supprimer les stages de troisi\u00e8me article de ACCIDENTDUTRAVAIL-IDF","og_url":"https:\/\/www.accidentdutravail-idf.net\/blog\/education-mineurs-morts-sur-leur-lieu-de-travail-des-syndicats-veulent-supprimer-les-stages-de-troisieme\/","og_site_name":"ACCIDENTDUTRAVAIL-IDF","article_published_time":"2025-07-21T00:00:00+00:00","og_image":[{"url":"https:\/\/www.accidentdutravail-idf.net\/blog\/wp-content\/uploads\/2025\/07\/education-mineurs-morts-sur-leur-lieu-de-travail-des-syndicats-veulent-supprimer-les-stages-de-troisieme.jpg","type":"","width":"","height":""}],"author":"Carlos Poulain","twitter_card":"summary_large_image","twitter_misc":{"\u00c9crit par":"Carlos Poulain","Dur\u00e9e de lecture estim\u00e9e":"4 minutes"},"schema":{"@context":"https:\/\/schema.org","@graph":[{"@type":"Article","@id":"https:\/\/www.accidentdutravail-idf.net\/blog\/education-mineurs-morts-sur-leur-lieu-de-travail-des-syndicats-veulent-supprimer-les-stages-de-troisieme\/#article","isPartOf":{"@id":"https:\/\/www.accidentdutravail-idf.net\/blog\/education-mineurs-morts-sur-leur-lieu-de-travail-des-syndicats-veulent-supprimer-les-stages-de-troisieme\/"},"author":{"name":"Carlos Poulain","@id":"https:\/\/www.accidentdutravail-idf.net\/blog\/#\/schema\/person\/3255d2f970de45e64bd9201f38e7b947"},"headline":"Education Mineurs morts sur leur lieu de travail : des syndicats veulent supprimer les stages de troisi\u00e8me","datePublished":"2025-07-21T00:00:00+00:00","mainEntityOfPage":{"@id":"https:\/\/www.accidentdutravail-idf.net\/blog\/education-mineurs-morts-sur-leur-lieu-de-travail-des-syndicats-veulent-supprimer-les-stages-de-troisieme\/"},"wordCount":736,"publisher":{"@id":"https:\/\/www.accidentdutravail-idf.net\/blog\/#organization"},"image":{"@id":"https:\/\/www.accidentdutravail-idf.net\/blog\/education-mineurs-morts-sur-leur-lieu-de-travail-des-syndicats-veulent-supprimer-les-stages-de-troisieme\/#primaryimage"},"thumbnailUrl":"https:\/\/www.accidentdutravail-idf.net\/blog\/wp-content\/uploads\/2025\/07\/education-mineurs-morts-sur-leur-lieu-de-travail-des-syndicats-veulent-supprimer-les-stages-de-troisieme.jpg","articleSection":["S\u00e9curit\u00e9 Du Travail En Ile-De-France Et Divers:"],"inLanguage":"fr-FR"},{"@type":"WebPage","@id":"https:\/\/www.accidentdutravail-idf.net\/blog\/education-mineurs-morts-sur-leur-lieu-de-travail-des-syndicats-veulent-supprimer-les-stages-de-troisieme\/","url":"https:\/\/www.accidentdutravail-idf.net\/blog\/education-mineurs-morts-sur-leur-lieu-de-travail-des-syndicats-veulent-supprimer-les-stages-de-troisieme\/","name":"Education Mineurs morts sur leur lieu de travail : des syndicats veulent supprimer les stages de troisi\u00e8me - ACCIDENTDUTRAVAIL-IDF","isPartOf":{"@id":"https:\/\/www.accidentdutravail-idf.net\/blog\/#website"},"primaryImageOfPage":{"@id":"https:\/\/www.accidentdutravail-idf.net\/blog\/education-mineurs-morts-sur-leur-lieu-de-travail-des-syndicats-veulent-supprimer-les-stages-de-troisieme\/#primaryimage"},"image":{"@id":"https:\/\/www.accidentdutravail-idf.net\/blog\/education-mineurs-morts-sur-leur-lieu-de-travail-des-syndicats-veulent-supprimer-les-stages-de-troisieme\/#primaryimage"},"thumbnailUrl":"https:\/\/www.accidentdutravail-idf.net\/blog\/wp-content\/uploads\/2025\/07\/education-mineurs-morts-sur-leur-lieu-de-travail-des-syndicats-veulent-supprimer-les-stages-de-troisieme.jpg","datePublished":"2025-07-21T00:00:00+00:00","description":"Education Mineurs morts sur leur lieu de travail : des syndicats veulent supprimer les stages de troisi\u00e8me article de ACCIDENTDUTRAVAIL-IDF","breadcrumb":{"@id":"https:\/\/www.accidentdutravail-idf.net\/blog\/education-mineurs-morts-sur-leur-lieu-de-travail-des-syndicats-veulent-supprimer-les-stages-de-troisieme\/#breadcrumb"},"inLanguage":"fr-FR","potentialAction":[{"@type":"ReadAction","target":["https:\/\/www.accidentdutravail-idf.net\/blog\/education-mineurs-morts-sur-leur-lieu-de-travail-des-syndicats-veulent-supprimer-les-stages-de-troisieme\/"]}]},{"@type":"ImageObject","inLanguage":"fr-FR","@id":"https:\/\/www.accidentdutravail-idf.net\/blog\/education-mineurs-morts-sur-leur-lieu-de-travail-des-syndicats-veulent-supprimer-les-stages-de-troisieme\/#primaryimage","url":"https:\/\/www.accidentdutravail-idf.net\/blog\/wp-content\/uploads\/2025\/07\/education-mineurs-morts-sur-leur-lieu-de-travail-des-syndicats-veulent-supprimer-les-stages-de-troisieme.jpg","contentUrl":"https:\/\/www.accidentdutravail-idf.net\/blog\/wp-content\/uploads\/2025\/07\/education-mineurs-morts-sur-leur-lieu-de-travail-des-syndicats-veulent-supprimer-les-stages-de-troisieme.jpg"},{"@type":"BreadcrumbList","@id":"https:\/\/www.accidentdutravail-idf.net\/blog\/education-mineurs-morts-sur-leur-lieu-de-travail-des-syndicats-veulent-supprimer-les-stages-de-troisieme\/#breadcrumb","itemListElement":[{"@type":"ListItem","position":1,"name":"Accueil","item":"https:\/\/www.accidentdutravail-idf.net\/blog\/"},{"@type":"ListItem","position":2,"name":"Education Mineurs morts sur leur lieu de travail : des syndicats veulent supprimer les stages de troisi\u00e8me"}]},{"@type":"WebSite","@id":"https:\/\/www.accidentdutravail-idf.net\/blog\/#website","url":"https:\/\/www.accidentdutravail-idf.net\/blog\/","name":"ACCIDENTDUTRAVAIL-IDF","description":"Portail accidents du travail-maladies professionnelles des entreprises d&#039;Ile-de-France","publisher":{"@id":"https:\/\/www.accidentdutravail-idf.net\/blog\/#organization"},"potentialAction":[{"@type":"SearchAction","target":{"@type":"EntryPoint","urlTemplate":"https:\/\/www.accidentdutravail-idf.net\/blog\/?s={search_term_string}"},"query-input":{"@type":"PropertyValueSpecification","valueRequired":true,"valueName":"search_term_string"}}],"inLanguage":"fr-FR"},{"@type":"Organization","@id":"https:\/\/www.accidentdutravail-idf.net\/blog\/#organization","name":"accidentdutravail-idf","url":"https:\/\/www.accidentdutravail-idf.net\/blog\/","logo":{"@type":"ImageObject","inLanguage":"fr-FR","@id":"https:\/\/www.accidentdutravail-idf.net\/blog\/#\/schema\/logo\/image\/","url":"https:\/\/www.accidentdutravail-idf.net\/blog\/wp-content\/uploads\/2022\/09\/logo-2.png","contentUrl":"https:\/\/www.accidentdutravail-idf.net\/blog\/wp-content\/uploads\/2022\/09\/logo-2.png","width":380,"height":291,"caption":"accidentdutravail-idf"},"image":{"@id":"https:\/\/www.accidentdutravail-idf.net\/blog\/#\/schema\/logo\/image\/"}},{"@type":"Person","@id":"https:\/\/www.accidentdutravail-idf.net\/blog\/#\/schema\/person\/3255d2f970de45e64bd9201f38e7b947","name":"Carlos Poulain","image":{"@type":"ImageObject","inLanguage":"fr-FR","@id":"https:\/\/secure.gravatar.com\/avatar\/b1c2f9d3588e34e91adb093635df64ef4b2381991216be7576466cfcdca4baf3?s=96&d=mm&r=g","url":"https:\/\/secure.gravatar.com\/avatar\/b1c2f9d3588e34e91adb093635df64ef4b2381991216be7576466cfcdca4baf3?s=96&d=mm&r=g","contentUrl":"https:\/\/secure.gravatar.com\/avatar\/b1c2f9d3588e34e91adb093635df64ef4b2381991216be7576466cfcdca4baf3?s=96&d=mm&r=g","caption":"Carlos Poulain"},"url":"https:\/\/www.accidentdutravail-idf.net\/blog\/author\/idfcarlos\/"}]}},"_links":{"self":[{"href":"https:\/\/www.accidentdutravail-idf.net\/blog\/wp-json\/wp\/v2\/posts\/1602","targetHints":{"allow":["GET"]}}],"collection":[{"href":"https:\/\/www.accidentdutravail-idf.net\/blog\/wp-json\/wp\/v2\/posts"}],"about":[{"href":"https:\/\/www.accidentdutravail-idf.net\/blog\/wp-json\/wp\/v2\/types\/post"}],"author":[{"embeddable":true,"href":"https:\/\/www.accidentdutravail-idf.net\/blog\/wp-json\/wp\/v2\/users\/2"}],"replies":[{"embeddable":true,"href":"https:\/\/www.accidentdutravail-idf.net\/blog\/wp-json\/wp\/v2\/comments?post=1602"}],"version-history":[{"count":0,"href":"https:\/\/www.accidentdutravail-idf.net\/blog\/wp-json\/wp\/v2\/posts\/1602\/revisions"}],"wp:attachment":[{"href":"https:\/\/www.accidentdutravail-idf.net\/blog\/wp-json\/wp\/v2\/media?parent=1602"}],"wp:term":[{"taxonomy":"category","embeddable":true,"href":"https:\/\/www.accidentdutravail-idf.net\/blog\/wp-json\/wp\/v2\/categories?post=1602"},{"taxonomy":"post_tag","embeddable":true,"href":"https:\/\/www.accidentdutravail-idf.net\/blog\/wp-json\/wp\/v2\/tags?post=1602"}],"curies":[{"name":"wp","href":"https:\/\/api.w.org\/{rel}","templated":true}]}}