{"id":1601,"date":"2025-07-20T23:30:00","date_gmt":"2025-07-20T21:30:00","guid":{"rendered":"https:\/\/www.accidentdutravail-idf.net\/blog\/societe-accidents-mortels-au-travail-des-familles-en-lutte-pour-faire-reconnaitre-l-employicide\/"},"modified":"2025-07-20T23:30:00","modified_gmt":"2025-07-20T21:30:00","slug":"societe-accidents-mortels-au-travail-des-familles-en-lutte-pour-faire-reconnaitre-l-employicide","status":"publish","type":"post","link":"https:\/\/www.accidentdutravail-idf.net\/blog\/societe-accidents-mortels-au-travail-des-familles-en-lutte-pour-faire-reconnaitre-l-employicide\/","title":{"rendered":"Soci\u00e9t\u00e9 Accidents mortels au travail : Des familles en lutte pour faire reconna\u00eetre l&rsquo;\u00ab employicide"},"content":{"rendered":"<div><img decoding=\"async\" src=\"https:\/\/www.accidentdutravail-idf.net\/blog\/wp-content\/uploads\/2025\/07\/societe-accidents-mortels-au-travail-des-familles-en-lutte-pour-faire-reconnaitre-l-employicide.jpg\" class=\"ff-og-image-inserted\"><\/div>\n<div>\n<p>\u00ab&nbsp;Perdre son enfant est difficile, mais dans l\u2019indiff\u00e9rence g\u00e9n\u00e9rale \u00e7a l\u2019est d\u2019autant plus. On a l\u2019impression de crier et que personne ne nous entend&nbsp;\u00bb, confie V\u00e9ronique Millot, des sanglots dans la voix. Le 10&nbsp;mars 2021, sa vie a bascul\u00e9. Ce jour-l\u00e0, son fils Alban, qui installait des panneaux photovolta\u00efques, a fait une chute mortelle, le jour de ses 25 ans, \u00e0 Lieuron (Ille-et-Vilaine). \u00ab&nbsp;Mon fils est pass\u00e9 \u00e0 travers le toit. L\u2019entreprise n\u2019avait pas install\u00e9 d\u2019\u00e9chafaudage et ce pour faire une \u00e9conomie de 5&nbsp;000&nbsp;euros&nbsp;\u00bb, raconte la maman d\u2019Alban, qui vit \u00e0 Dole (Jura).<\/p>\n<p>L\u2019employeur a \u00e9t\u00e9 condamn\u00e9 l\u2019an dernier en appel \u00e0 36 mois de prison, dont 24 avec sursis &#8211; sa peine d\u2019un an est \u00e0 effectuer sous bracelet \u00e9lectronique. \u00ab&nbsp;Jamais je me suis dit que mon fils mourrait au travail. On \u00e9tait m\u00eame contents qu\u2019il vienne de trouver un emploi. Vous faites des enfants et voil\u00e0 ce que le monde du travail en fait&nbsp;\u00bb, se d\u00e9sole V\u00e9ronique Millot.<\/p>\n<\/div>\n<div>\n<h2>Une proposition de loi \u00e9labor\u00e9e<\/h2>\n<p>Aujourd\u2019hui, elle se bat au sein du Collectif familles stop \u00e0 la mort au travail, qui rassemble 200 adh\u00e9rents, pour renforcer les sanctions \u00e0 l\u2019encontre des entreprises d\u00e9faillantes. Pour le collectif, l\u2019enjeu est d\u2019abord de faire conna\u00eetre leur cause au grand public. \u00ab&nbsp;Il y a trois fois plus d\u2019accidents mortels au travail que de f\u00e9minicides, pourtant, on n\u2019en parle pas autant&nbsp;\u00bb, d\u00e9plore V\u00e9ronique, vice-pr\u00e9sidente de l\u2019association, \u00ab&nbsp;sans pour autant nier l\u2019importance de lutter contre les f\u00e9minicides&nbsp;\u00bb. <\/p>\n<p>Le Collectif familles stop \u00e0 la mort au travail se mobilise, \u00e0 l\u2019\u00e9chelle nationale et europ\u00e9enne, pour faire bouger les lignes. Ensemble, les membres ont travaill\u00e9 \u00e0 l\u2019\u00e9laboration d\u2019une proposition de loi.<\/p>\n<p>Les familles de victimes proposent la cr\u00e9ation d\u2019une infraction sp\u00e9cifique pour \u00ab&nbsp;employicide&nbsp;\u00bb, sur le mod\u00e8le du d\u00e9lit pour homicide routier, adopt\u00e9 d\u00e9but juillet par le Parlement. Parmi les autres mesures propos\u00e9es, la mise en place d\u2019une liste noire regroupant les entreprises \u00e0 l\u2019origine d\u2019accidents mortels, comme c\u2019est le cas pour le travail dissimul\u00e9, ou encore l\u2019exclusion des march\u00e9s publics des entreprises avec un fort taux d\u2019accidents ou r\u00e9cidivistes.<\/p>\n<p>Selon Me Charles Culioli, avocat sp\u00e9cialis\u00e9 en droit du travail qui conseille le collectif, les sanctions prononc\u00e9es par les juges ne sont pas assez s\u00e9v\u00e8res et donc pas suffisamment dissuasives. \u00ab&nbsp;On compte moins d\u2019une centaine de proc\u00e8s par an pour morts au travail. La plupart du temps, les amendes prononc\u00e9es sont de l\u2019ordre de 20&nbsp;000&nbsp;euros&nbsp;\u00bb, souligne&nbsp;Me Charles Culioli<\/p>\n<\/div>\n<div>\n<h2>Des sanctions proportionnelles au chiffre d\u2019affaires<\/h2>\n<p>D\u2019ailleurs, il n\u2019est pas rare que des accidents surviennent plusieurs fois au m\u00eame poste au sein de la m\u00eame entreprise, sans que les mesures pour y rem\u00e9dier ne soient prises. Pour ce faire, l\u2019avocat propose des sanctions proportionnelles au chiffre d\u2019affaires de l\u2019entreprise.<\/p>\n<p>Pour l\u2019heure, les minist\u00e8res du Travail et de la Justice viennent de prendre une circulaire conjointe qui enjoint d\u2019une part les procureurs \u00e0 poursuivre&nbsp;syst\u00e9matiquement les entreprises&nbsp;en cas d\u2019accidents graves et mortels et, d\u2019autre part, \u00e0 utiliser au maximum le pouvoir de sanction administrative&nbsp;en cas de manquement au devoir de s\u00e9curit\u00e9, \u00ab&nbsp;et m\u00eame avant l\u2019accident, pour favoriser une vraie politique de pr\u00e9vention dans l\u2019entreprise&nbsp;\u00bb.<\/p>\n<p>Cela va dans le bon sens, pour le collectif de victimes, qui aimerait toutefois voir port\u00e9es par des d\u00e9put\u00e9s ou le gouvernement ses propositions. \u00ab&nbsp;\u00c7a va prendre du temps&nbsp;\u00bb, reconna\u00eet V\u00e9ronique \u00ab&nbsp;Mais le temps, c\u2019est tout ce qu\u2019il me reste&nbsp;\u00bb\u2026<\/p>\n<\/div>\n<p>accidentdutravail-idf.net vous a pr\u00e9par\u00e9 ce post qui informe du sujet \u00ab\u00a0Association Sportive Huisson-Longueville Essonne\u00a0\u00bb. La chronique se veut g\u00e9n\u00e9r\u00e9e du mieux possible. Vous pouvez utiliser les coordonn\u00e9es indiqu\u00e9es sur le site dans le but d\u2019apporter des explications sur ce post qui parle du th\u00e8me \u00ab\u00a0Association Sportive Huisson-Longueville Essonne\u00a0\u00bb. Le site accidentdutravail-idf.net a pour but de fournir diverses publications sur la th\u00e9matique Association Sportive Huisson-Longueville Essonne diffus\u00e9es sur le net. Il y aura plusieurs articles autour du sujet \u00ab\u00a0Association Sportive Huisson-Longueville Essonne\u00a0\u00bb dans quelques jours, nous vous invitons \u00e0 naviguer sur notre site web \u00e0 plusieurs reprises.<\/p>\n","protected":false},"excerpt":{"rendered":"<p>\u00ab&nbsp;Perdre son enfant est difficile, mais dans l\u2019indiff\u00e9rence g\u00e9n\u00e9rale \u00e7a l\u2019est d\u2019autant plus. On a l\u2019impression de crier et que personne ne nous entend&nbsp;\u00bb, confie V\u00e9ronique Millot, des sanglots dans la voix. Le 10&nbsp;mars 2021, sa vie a bascul\u00e9. Ce jour-l\u00e0, son fils Alban, qui installait des panneaux photovolta\u00efques, a fait une chute mortelle, le &hellip; <\/p>\n<p class=\"link-more\"><a href=\"https:\/\/www.accidentdutravail-idf.net\/blog\/societe-accidents-mortels-au-travail-des-familles-en-lutte-pour-faire-reconnaitre-l-employicide\/\" class=\"more-link\">Continuer la lecture <span class=\"screen-reader-text\"> \u00ab\u00a0Soci\u00e9t\u00e9 Accidents mortels au travail : Des familles en lutte pour faire reconna\u00eetre l&rsquo;\u00ab employicide\u00a0\u00bb<\/span><\/a><\/p>\n","protected":false},"author":2,"featured_media":0,"comment_status":"closed","ping_status":"closed","sticky":false,"template":"","format":"standard","meta":{"footnotes":""},"categories":[5],"tags":[],"class_list":["post-1601","post","type-post","status-publish","format-standard","hentry","category-securite-du-travail-en-ile-de-france-et-divers","entry"],"yoast_head":"<!-- This site is optimized with the Yoast SEO plugin v27.5 - https:\/\/yoast.com\/product\/yoast-seo-wordpress\/ -->\n<title>Soci\u00e9t\u00e9 Accidents mortels au travail : Des familles en lutte pour faire reconna\u00eetre l&#039;\u00ab employicide - ACCIDENTDUTRAVAIL-IDF<\/title>\n<meta name=\"description\" content=\"Soci\u00e9t\u00e9 Accidents mortels au travail : Des familles en lutte pour faire reconna\u00eetre l&#039;\u00ab employicide article de ACCIDENTDUTRAVAIL-IDF\" \/>\n<meta name=\"robots\" content=\"index, follow, max-snippet:-1, max-image-preview:large, max-video-preview:-1\" \/>\n<link rel=\"canonical\" href=\"https:\/\/www.accidentdutravail-idf.net\/blog\/societe-accidents-mortels-au-travail-des-familles-en-lutte-pour-faire-reconnaitre-l-employicide\/\" \/>\n<meta property=\"og:locale\" content=\"fr_FR\" \/>\n<meta property=\"og:type\" content=\"article\" \/>\n<meta property=\"og:title\" content=\"Soci\u00e9t\u00e9 Accidents mortels au travail : Des familles en lutte pour faire reconna\u00eetre l&#039;\u00ab employicide - ACCIDENTDUTRAVAIL-IDF\" \/>\n<meta property=\"og:description\" content=\"Soci\u00e9t\u00e9 Accidents mortels au travail : Des familles en lutte pour faire reconna\u00eetre l&#039;\u00ab employicide article de ACCIDENTDUTRAVAIL-IDF\" \/>\n<meta property=\"og:url\" content=\"https:\/\/www.accidentdutravail-idf.net\/blog\/societe-accidents-mortels-au-travail-des-familles-en-lutte-pour-faire-reconnaitre-l-employicide\/\" \/>\n<meta property=\"og:site_name\" content=\"ACCIDENTDUTRAVAIL-IDF\" \/>\n<meta property=\"article:published_time\" content=\"2025-07-20T21:30:00+00:00\" \/>\n<meta property=\"og:image\" content=\"https:\/\/www.accidentdutravail-idf.net\/blog\/wp-content\/uploads\/2025\/07\/societe-accidents-mortels-au-travail-des-familles-en-lutte-pour-faire-reconnaitre-l-employicide.jpg\" \/>\n<meta name=\"author\" content=\"Carlos Poulain\" \/>\n<meta name=\"twitter:card\" content=\"summary_large_image\" \/>\n<meta name=\"twitter:label1\" content=\"\u00c9crit par\" \/>\n\t<meta name=\"twitter:data1\" content=\"Carlos Poulain\" \/>\n\t<meta name=\"twitter:label2\" content=\"Dur\u00e9e de lecture estim\u00e9e\" \/>\n\t<meta name=\"twitter:data2\" content=\"4 minutes\" \/>\n<script type=\"application\/ld+json\" class=\"yoast-schema-graph\">{\"@context\":\"https:\\\/\\\/schema.org\",\"@graph\":[{\"@type\":\"Article\",\"@id\":\"https:\\\/\\\/www.accidentdutravail-idf.net\\\/blog\\\/societe-accidents-mortels-au-travail-des-familles-en-lutte-pour-faire-reconnaitre-l-employicide\\\/#article\",\"isPartOf\":{\"@id\":\"https:\\\/\\\/www.accidentdutravail-idf.net\\\/blog\\\/societe-accidents-mortels-au-travail-des-familles-en-lutte-pour-faire-reconnaitre-l-employicide\\\/\"},\"author\":{\"name\":\"Carlos Poulain\",\"@id\":\"https:\\\/\\\/www.accidentdutravail-idf.net\\\/blog\\\/#\\\/schema\\\/person\\\/3255d2f970de45e64bd9201f38e7b947\"},\"headline\":\"Soci\u00e9t\u00e9 Accidents mortels au travail : Des familles en lutte pour faire reconna\u00eetre l&rsquo;\u00ab employicide\",\"datePublished\":\"2025-07-20T21:30:00+00:00\",\"mainEntityOfPage\":{\"@id\":\"https:\\\/\\\/www.accidentdutravail-idf.net\\\/blog\\\/societe-accidents-mortels-au-travail-des-familles-en-lutte-pour-faire-reconnaitre-l-employicide\\\/\"},\"wordCount\":779,\"publisher\":{\"@id\":\"https:\\\/\\\/www.accidentdutravail-idf.net\\\/blog\\\/#organization\"},\"image\":{\"@id\":\"https:\\\/\\\/www.accidentdutravail-idf.net\\\/blog\\\/societe-accidents-mortels-au-travail-des-familles-en-lutte-pour-faire-reconnaitre-l-employicide\\\/#primaryimage\"},\"thumbnailUrl\":\"https:\\\/\\\/www.accidentdutravail-idf.net\\\/blog\\\/wp-content\\\/uploads\\\/2025\\\/07\\\/societe-accidents-mortels-au-travail-des-familles-en-lutte-pour-faire-reconnaitre-l-employicide.jpg\",\"articleSection\":[\"S\u00e9curit\u00e9 Du Travail En Ile-De-France Et Divers:\"],\"inLanguage\":\"fr-FR\"},{\"@type\":\"WebPage\",\"@id\":\"https:\\\/\\\/www.accidentdutravail-idf.net\\\/blog\\\/societe-accidents-mortels-au-travail-des-familles-en-lutte-pour-faire-reconnaitre-l-employicide\\\/\",\"url\":\"https:\\\/\\\/www.accidentdutravail-idf.net\\\/blog\\\/societe-accidents-mortels-au-travail-des-familles-en-lutte-pour-faire-reconnaitre-l-employicide\\\/\",\"name\":\"Soci\u00e9t\u00e9 Accidents mortels au travail : Des familles en lutte pour faire reconna\u00eetre l'\u00ab employicide - ACCIDENTDUTRAVAIL-IDF\",\"isPartOf\":{\"@id\":\"https:\\\/\\\/www.accidentdutravail-idf.net\\\/blog\\\/#website\"},\"primaryImageOfPage\":{\"@id\":\"https:\\\/\\\/www.accidentdutravail-idf.net\\\/blog\\\/societe-accidents-mortels-au-travail-des-familles-en-lutte-pour-faire-reconnaitre-l-employicide\\\/#primaryimage\"},\"image\":{\"@id\":\"https:\\\/\\\/www.accidentdutravail-idf.net\\\/blog\\\/societe-accidents-mortels-au-travail-des-familles-en-lutte-pour-faire-reconnaitre-l-employicide\\\/#primaryimage\"},\"thumbnailUrl\":\"https:\\\/\\\/www.accidentdutravail-idf.net\\\/blog\\\/wp-content\\\/uploads\\\/2025\\\/07\\\/societe-accidents-mortels-au-travail-des-familles-en-lutte-pour-faire-reconnaitre-l-employicide.jpg\",\"datePublished\":\"2025-07-20T21:30:00+00:00\",\"description\":\"Soci\u00e9t\u00e9 Accidents mortels au travail : Des familles en lutte pour faire reconna\u00eetre l'\u00ab employicide article de ACCIDENTDUTRAVAIL-IDF\",\"breadcrumb\":{\"@id\":\"https:\\\/\\\/www.accidentdutravail-idf.net\\\/blog\\\/societe-accidents-mortels-au-travail-des-familles-en-lutte-pour-faire-reconnaitre-l-employicide\\\/#breadcrumb\"},\"inLanguage\":\"fr-FR\",\"potentialAction\":[{\"@type\":\"ReadAction\",\"target\":[\"https:\\\/\\\/www.accidentdutravail-idf.net\\\/blog\\\/societe-accidents-mortels-au-travail-des-familles-en-lutte-pour-faire-reconnaitre-l-employicide\\\/\"]}]},{\"@type\":\"ImageObject\",\"inLanguage\":\"fr-FR\",\"@id\":\"https:\\\/\\\/www.accidentdutravail-idf.net\\\/blog\\\/societe-accidents-mortels-au-travail-des-familles-en-lutte-pour-faire-reconnaitre-l-employicide\\\/#primaryimage\",\"url\":\"https:\\\/\\\/www.accidentdutravail-idf.net\\\/blog\\\/wp-content\\\/uploads\\\/2025\\\/07\\\/societe-accidents-mortels-au-travail-des-familles-en-lutte-pour-faire-reconnaitre-l-employicide.jpg\",\"contentUrl\":\"https:\\\/\\\/www.accidentdutravail-idf.net\\\/blog\\\/wp-content\\\/uploads\\\/2025\\\/07\\\/societe-accidents-mortels-au-travail-des-familles-en-lutte-pour-faire-reconnaitre-l-employicide.jpg\"},{\"@type\":\"BreadcrumbList\",\"@id\":\"https:\\\/\\\/www.accidentdutravail-idf.net\\\/blog\\\/societe-accidents-mortels-au-travail-des-familles-en-lutte-pour-faire-reconnaitre-l-employicide\\\/#breadcrumb\",\"itemListElement\":[{\"@type\":\"ListItem\",\"position\":1,\"name\":\"Accueil\",\"item\":\"https:\\\/\\\/www.accidentdutravail-idf.net\\\/blog\\\/\"},{\"@type\":\"ListItem\",\"position\":2,\"name\":\"Soci\u00e9t\u00e9 Accidents mortels au travail : Des familles en lutte pour faire reconna\u00eetre l&rsquo;\u00ab employicide\"}]},{\"@type\":\"WebSite\",\"@id\":\"https:\\\/\\\/www.accidentdutravail-idf.net\\\/blog\\\/#website\",\"url\":\"https:\\\/\\\/www.accidentdutravail-idf.net\\\/blog\\\/\",\"name\":\"ACCIDENTDUTRAVAIL-IDF\",\"description\":\"Portail accidents du travail-maladies professionnelles des entreprises d&#039;Ile-de-France\",\"publisher\":{\"@id\":\"https:\\\/\\\/www.accidentdutravail-idf.net\\\/blog\\\/#organization\"},\"potentialAction\":[{\"@type\":\"SearchAction\",\"target\":{\"@type\":\"EntryPoint\",\"urlTemplate\":\"https:\\\/\\\/www.accidentdutravail-idf.net\\\/blog\\\/?s={search_term_string}\"},\"query-input\":{\"@type\":\"PropertyValueSpecification\",\"valueRequired\":true,\"valueName\":\"search_term_string\"}}],\"inLanguage\":\"fr-FR\"},{\"@type\":\"Organization\",\"@id\":\"https:\\\/\\\/www.accidentdutravail-idf.net\\\/blog\\\/#organization\",\"name\":\"accidentdutravail-idf\",\"url\":\"https:\\\/\\\/www.accidentdutravail-idf.net\\\/blog\\\/\",\"logo\":{\"@type\":\"ImageObject\",\"inLanguage\":\"fr-FR\",\"@id\":\"https:\\\/\\\/www.accidentdutravail-idf.net\\\/blog\\\/#\\\/schema\\\/logo\\\/image\\\/\",\"url\":\"https:\\\/\\\/www.accidentdutravail-idf.net\\\/blog\\\/wp-content\\\/uploads\\\/2022\\\/09\\\/logo-2.png\",\"contentUrl\":\"https:\\\/\\\/www.accidentdutravail-idf.net\\\/blog\\\/wp-content\\\/uploads\\\/2022\\\/09\\\/logo-2.png\",\"width\":380,\"height\":291,\"caption\":\"accidentdutravail-idf\"},\"image\":{\"@id\":\"https:\\\/\\\/www.accidentdutravail-idf.net\\\/blog\\\/#\\\/schema\\\/logo\\\/image\\\/\"}},{\"@type\":\"Person\",\"@id\":\"https:\\\/\\\/www.accidentdutravail-idf.net\\\/blog\\\/#\\\/schema\\\/person\\\/3255d2f970de45e64bd9201f38e7b947\",\"name\":\"Carlos Poulain\",\"image\":{\"@type\":\"ImageObject\",\"inLanguage\":\"fr-FR\",\"@id\":\"https:\\\/\\\/secure.gravatar.com\\\/avatar\\\/b1c2f9d3588e34e91adb093635df64ef4b2381991216be7576466cfcdca4baf3?s=96&d=mm&r=g\",\"url\":\"https:\\\/\\\/secure.gravatar.com\\\/avatar\\\/b1c2f9d3588e34e91adb093635df64ef4b2381991216be7576466cfcdca4baf3?s=96&d=mm&r=g\",\"contentUrl\":\"https:\\\/\\\/secure.gravatar.com\\\/avatar\\\/b1c2f9d3588e34e91adb093635df64ef4b2381991216be7576466cfcdca4baf3?s=96&d=mm&r=g\",\"caption\":\"Carlos Poulain\"},\"url\":\"https:\\\/\\\/www.accidentdutravail-idf.net\\\/blog\\\/author\\\/idfcarlos\\\/\"}]}<\/script>\n<!-- \/ Yoast SEO plugin. -->","yoast_head_json":{"title":"Soci\u00e9t\u00e9 Accidents mortels au travail : Des familles en lutte pour faire reconna\u00eetre l'\u00ab employicide - ACCIDENTDUTRAVAIL-IDF","description":"Soci\u00e9t\u00e9 Accidents mortels au travail : Des familles en lutte pour faire reconna\u00eetre l'\u00ab employicide article de ACCIDENTDUTRAVAIL-IDF","robots":{"index":"index","follow":"follow","max-snippet":"max-snippet:-1","max-image-preview":"max-image-preview:large","max-video-preview":"max-video-preview:-1"},"canonical":"https:\/\/www.accidentdutravail-idf.net\/blog\/societe-accidents-mortels-au-travail-des-familles-en-lutte-pour-faire-reconnaitre-l-employicide\/","og_locale":"fr_FR","og_type":"article","og_title":"Soci\u00e9t\u00e9 Accidents mortels au travail : Des familles en lutte pour faire reconna\u00eetre l'\u00ab employicide - ACCIDENTDUTRAVAIL-IDF","og_description":"Soci\u00e9t\u00e9 Accidents mortels au travail : Des familles en lutte pour faire reconna\u00eetre l'\u00ab employicide article de ACCIDENTDUTRAVAIL-IDF","og_url":"https:\/\/www.accidentdutravail-idf.net\/blog\/societe-accidents-mortels-au-travail-des-familles-en-lutte-pour-faire-reconnaitre-l-employicide\/","og_site_name":"ACCIDENTDUTRAVAIL-IDF","article_published_time":"2025-07-20T21:30:00+00:00","og_image":[{"url":"https:\/\/www.accidentdutravail-idf.net\/blog\/wp-content\/uploads\/2025\/07\/societe-accidents-mortels-au-travail-des-familles-en-lutte-pour-faire-reconnaitre-l-employicide.jpg","type":"","width":"","height":""}],"author":"Carlos Poulain","twitter_card":"summary_large_image","twitter_misc":{"\u00c9crit par":"Carlos Poulain","Dur\u00e9e de lecture estim\u00e9e":"4 minutes"},"schema":{"@context":"https:\/\/schema.org","@graph":[{"@type":"Article","@id":"https:\/\/www.accidentdutravail-idf.net\/blog\/societe-accidents-mortels-au-travail-des-familles-en-lutte-pour-faire-reconnaitre-l-employicide\/#article","isPartOf":{"@id":"https:\/\/www.accidentdutravail-idf.net\/blog\/societe-accidents-mortels-au-travail-des-familles-en-lutte-pour-faire-reconnaitre-l-employicide\/"},"author":{"name":"Carlos Poulain","@id":"https:\/\/www.accidentdutravail-idf.net\/blog\/#\/schema\/person\/3255d2f970de45e64bd9201f38e7b947"},"headline":"Soci\u00e9t\u00e9 Accidents mortels au travail : Des familles en lutte pour faire reconna\u00eetre l&rsquo;\u00ab employicide","datePublished":"2025-07-20T21:30:00+00:00","mainEntityOfPage":{"@id":"https:\/\/www.accidentdutravail-idf.net\/blog\/societe-accidents-mortels-au-travail-des-familles-en-lutte-pour-faire-reconnaitre-l-employicide\/"},"wordCount":779,"publisher":{"@id":"https:\/\/www.accidentdutravail-idf.net\/blog\/#organization"},"image":{"@id":"https:\/\/www.accidentdutravail-idf.net\/blog\/societe-accidents-mortels-au-travail-des-familles-en-lutte-pour-faire-reconnaitre-l-employicide\/#primaryimage"},"thumbnailUrl":"https:\/\/www.accidentdutravail-idf.net\/blog\/wp-content\/uploads\/2025\/07\/societe-accidents-mortels-au-travail-des-familles-en-lutte-pour-faire-reconnaitre-l-employicide.jpg","articleSection":["S\u00e9curit\u00e9 Du Travail En Ile-De-France Et Divers:"],"inLanguage":"fr-FR"},{"@type":"WebPage","@id":"https:\/\/www.accidentdutravail-idf.net\/blog\/societe-accidents-mortels-au-travail-des-familles-en-lutte-pour-faire-reconnaitre-l-employicide\/","url":"https:\/\/www.accidentdutravail-idf.net\/blog\/societe-accidents-mortels-au-travail-des-familles-en-lutte-pour-faire-reconnaitre-l-employicide\/","name":"Soci\u00e9t\u00e9 Accidents mortels au travail : Des familles en lutte pour faire reconna\u00eetre l'\u00ab employicide - ACCIDENTDUTRAVAIL-IDF","isPartOf":{"@id":"https:\/\/www.accidentdutravail-idf.net\/blog\/#website"},"primaryImageOfPage":{"@id":"https:\/\/www.accidentdutravail-idf.net\/blog\/societe-accidents-mortels-au-travail-des-familles-en-lutte-pour-faire-reconnaitre-l-employicide\/#primaryimage"},"image":{"@id":"https:\/\/www.accidentdutravail-idf.net\/blog\/societe-accidents-mortels-au-travail-des-familles-en-lutte-pour-faire-reconnaitre-l-employicide\/#primaryimage"},"thumbnailUrl":"https:\/\/www.accidentdutravail-idf.net\/blog\/wp-content\/uploads\/2025\/07\/societe-accidents-mortels-au-travail-des-familles-en-lutte-pour-faire-reconnaitre-l-employicide.jpg","datePublished":"2025-07-20T21:30:00+00:00","description":"Soci\u00e9t\u00e9 Accidents mortels au travail : Des familles en lutte pour faire reconna\u00eetre l'\u00ab employicide article de ACCIDENTDUTRAVAIL-IDF","breadcrumb":{"@id":"https:\/\/www.accidentdutravail-idf.net\/blog\/societe-accidents-mortels-au-travail-des-familles-en-lutte-pour-faire-reconnaitre-l-employicide\/#breadcrumb"},"inLanguage":"fr-FR","potentialAction":[{"@type":"ReadAction","target":["https:\/\/www.accidentdutravail-idf.net\/blog\/societe-accidents-mortels-au-travail-des-familles-en-lutte-pour-faire-reconnaitre-l-employicide\/"]}]},{"@type":"ImageObject","inLanguage":"fr-FR","@id":"https:\/\/www.accidentdutravail-idf.net\/blog\/societe-accidents-mortels-au-travail-des-familles-en-lutte-pour-faire-reconnaitre-l-employicide\/#primaryimage","url":"https:\/\/www.accidentdutravail-idf.net\/blog\/wp-content\/uploads\/2025\/07\/societe-accidents-mortels-au-travail-des-familles-en-lutte-pour-faire-reconnaitre-l-employicide.jpg","contentUrl":"https:\/\/www.accidentdutravail-idf.net\/blog\/wp-content\/uploads\/2025\/07\/societe-accidents-mortels-au-travail-des-familles-en-lutte-pour-faire-reconnaitre-l-employicide.jpg"},{"@type":"BreadcrumbList","@id":"https:\/\/www.accidentdutravail-idf.net\/blog\/societe-accidents-mortels-au-travail-des-familles-en-lutte-pour-faire-reconnaitre-l-employicide\/#breadcrumb","itemListElement":[{"@type":"ListItem","position":1,"name":"Accueil","item":"https:\/\/www.accidentdutravail-idf.net\/blog\/"},{"@type":"ListItem","position":2,"name":"Soci\u00e9t\u00e9 Accidents mortels au travail : Des familles en lutte pour faire reconna\u00eetre l&rsquo;\u00ab employicide"}]},{"@type":"WebSite","@id":"https:\/\/www.accidentdutravail-idf.net\/blog\/#website","url":"https:\/\/www.accidentdutravail-idf.net\/blog\/","name":"ACCIDENTDUTRAVAIL-IDF","description":"Portail accidents du travail-maladies professionnelles des entreprises d&#039;Ile-de-France","publisher":{"@id":"https:\/\/www.accidentdutravail-idf.net\/blog\/#organization"},"potentialAction":[{"@type":"SearchAction","target":{"@type":"EntryPoint","urlTemplate":"https:\/\/www.accidentdutravail-idf.net\/blog\/?s={search_term_string}"},"query-input":{"@type":"PropertyValueSpecification","valueRequired":true,"valueName":"search_term_string"}}],"inLanguage":"fr-FR"},{"@type":"Organization","@id":"https:\/\/www.accidentdutravail-idf.net\/blog\/#organization","name":"accidentdutravail-idf","url":"https:\/\/www.accidentdutravail-idf.net\/blog\/","logo":{"@type":"ImageObject","inLanguage":"fr-FR","@id":"https:\/\/www.accidentdutravail-idf.net\/blog\/#\/schema\/logo\/image\/","url":"https:\/\/www.accidentdutravail-idf.net\/blog\/wp-content\/uploads\/2022\/09\/logo-2.png","contentUrl":"https:\/\/www.accidentdutravail-idf.net\/blog\/wp-content\/uploads\/2022\/09\/logo-2.png","width":380,"height":291,"caption":"accidentdutravail-idf"},"image":{"@id":"https:\/\/www.accidentdutravail-idf.net\/blog\/#\/schema\/logo\/image\/"}},{"@type":"Person","@id":"https:\/\/www.accidentdutravail-idf.net\/blog\/#\/schema\/person\/3255d2f970de45e64bd9201f38e7b947","name":"Carlos Poulain","image":{"@type":"ImageObject","inLanguage":"fr-FR","@id":"https:\/\/secure.gravatar.com\/avatar\/b1c2f9d3588e34e91adb093635df64ef4b2381991216be7576466cfcdca4baf3?s=96&d=mm&r=g","url":"https:\/\/secure.gravatar.com\/avatar\/b1c2f9d3588e34e91adb093635df64ef4b2381991216be7576466cfcdca4baf3?s=96&d=mm&r=g","contentUrl":"https:\/\/secure.gravatar.com\/avatar\/b1c2f9d3588e34e91adb093635df64ef4b2381991216be7576466cfcdca4baf3?s=96&d=mm&r=g","caption":"Carlos Poulain"},"url":"https:\/\/www.accidentdutravail-idf.net\/blog\/author\/idfcarlos\/"}]}},"_links":{"self":[{"href":"https:\/\/www.accidentdutravail-idf.net\/blog\/wp-json\/wp\/v2\/posts\/1601","targetHints":{"allow":["GET"]}}],"collection":[{"href":"https:\/\/www.accidentdutravail-idf.net\/blog\/wp-json\/wp\/v2\/posts"}],"about":[{"href":"https:\/\/www.accidentdutravail-idf.net\/blog\/wp-json\/wp\/v2\/types\/post"}],"author":[{"embeddable":true,"href":"https:\/\/www.accidentdutravail-idf.net\/blog\/wp-json\/wp\/v2\/users\/2"}],"replies":[{"embeddable":true,"href":"https:\/\/www.accidentdutravail-idf.net\/blog\/wp-json\/wp\/v2\/comments?post=1601"}],"version-history":[{"count":0,"href":"https:\/\/www.accidentdutravail-idf.net\/blog\/wp-json\/wp\/v2\/posts\/1601\/revisions"}],"wp:attachment":[{"href":"https:\/\/www.accidentdutravail-idf.net\/blog\/wp-json\/wp\/v2\/media?parent=1601"}],"wp:term":[{"taxonomy":"category","embeddable":true,"href":"https:\/\/www.accidentdutravail-idf.net\/blog\/wp-json\/wp\/v2\/categories?post=1601"},{"taxonomy":"post_tag","embeddable":true,"href":"https:\/\/www.accidentdutravail-idf.net\/blog\/wp-json\/wp\/v2\/tags?post=1601"}],"curies":[{"name":"wp","href":"https:\/\/api.w.org\/{rel}","templated":true}]}}