{"id":1599,"date":"2025-07-20T09:58:00","date_gmt":"2025-07-20T07:58:00","guid":{"rendered":"https:\/\/www.accidentdutravail-idf.net\/blog\/accident-dramatique-au-travail-sortie-de-route-fuite-apres-un-accident-les-faits-divers-de-la-nievre-en-bref\/"},"modified":"2025-07-20T09:58:00","modified_gmt":"2025-07-20T07:58:00","slug":"accident-dramatique-au-travail-sortie-de-route-fuite-apres-un-accident-les-faits-divers-de-la-nievre-en-bref","status":"publish","type":"post","link":"https:\/\/www.accidentdutravail-idf.net\/blog\/accident-dramatique-au-travail-sortie-de-route-fuite-apres-un-accident-les-faits-divers-de-la-nievre-en-bref\/","title":{"rendered":"Accident dramatique au travail, sortie de route, fuite apr\u00e8s un accident&#8230; Les faits divers de la Ni\u00e8vre en bref"},"content":{"rendered":"<h3 class=\"typo-h3\">Fuite apr\u00e8s un accident<\/h3>\n<p class=\"typo-p1\">Un conducteur a abandonn\u00e9 son v\u00e9hicule apr\u00e8s en avoir percut\u00e9 un autre qui \u00e9tait stationn\u00e9 \u00e0 Nevers, samedi 19 juillet vers 5&nbsp;heures, boulevard Pierre-de-Coubertin. Le v\u00e9hicule abandonn\u00e9 en pleine rue a \u00e9t\u00e9 \u00e9vacu\u00e9 par une d\u00e9panneuse. Le propri\u00e9taire devrait \u00eatre convoqu\u00e9 dans les prochains jours pour s\u2019expliquer.&nbsp;<\/p>\n<h3 class=\"typo-h3\">Accident au travail&nbsp;<\/h3>\n<p class=\"typo-p1\">Un homme qui travaillait le long du canal lat\u00e9ral \u00e0 Loire \u00e0 Luthenay-Uxeloup a perdu la vie sur son lieu de travail ce dimanche 20 juillet vers 16 heures. Victime d&rsquo;une crise cardiaque, il n&rsquo;a pas surv\u00e9cu, malgr\u00e9 l&rsquo;intervention des pompiers qui ont tent\u00e9 de le r\u00e9animer pendant plus d&rsquo;une heure.&nbsp;<\/p>\n<h3 class=\"typo-h3\">Accident dans la nuit&nbsp;<\/h3>\n<p class=\"typo-p1\">Une voiture a fait une sortie de route \u00e0 Luzy dans la nuit de vendredi \u00e0 samedi 19 juillet. Le conducteur n\u2019a pas \u00e9t\u00e9 bless\u00e9. Des d\u00e9pistages sont en cours.&nbsp;<\/p>\n<p>accidentdutravail-idf.net vous a pr\u00e9par\u00e9 ce post qui informe du sujet \u00ab\u00a0Association Sportive Huisson-Longueville Essonne\u00a0\u00bb. La chronique se veut g\u00e9n\u00e9r\u00e9e du mieux possible. Vous pouvez utiliser les coordonn\u00e9es indiqu\u00e9es sur le site dans le but d\u2019apporter des explications sur ce post qui parle du th\u00e8me \u00ab\u00a0Association Sportive Huisson-Longueville Essonne\u00a0\u00bb. Le site accidentdutravail-idf.net a pour but de fournir diverses publications sur la th\u00e9matique Association Sportive Huisson-Longueville Essonne diffus\u00e9es sur le net. Il y aura plusieurs articles autour du sujet \u00ab\u00a0Association Sportive Huisson-Longueville Essonne\u00a0\u00bb dans quelques jours, nous vous invitons \u00e0 naviguer sur notre site web \u00e0 plusieurs reprises.<\/p>\n","protected":false},"excerpt":{"rendered":"<p>Fuite apr\u00e8s un accident Un conducteur a abandonn\u00e9 son v\u00e9hicule apr\u00e8s en avoir percut\u00e9 un autre qui \u00e9tait stationn\u00e9 \u00e0 Nevers, samedi 19 juillet vers 5&nbsp;heures, boulevard Pierre-de-Coubertin. Le v\u00e9hicule abandonn\u00e9 en pleine rue a \u00e9t\u00e9 \u00e9vacu\u00e9 par une d\u00e9panneuse. Le propri\u00e9taire devrait \u00eatre convoqu\u00e9 dans les prochains jours pour s\u2019expliquer.&nbsp; Accident au travail&nbsp; Un &hellip; <\/p>\n<p class=\"link-more\"><a href=\"https:\/\/www.accidentdutravail-idf.net\/blog\/accident-dramatique-au-travail-sortie-de-route-fuite-apres-un-accident-les-faits-divers-de-la-nievre-en-bref\/\" class=\"more-link\">Continuer la lecture <span class=\"screen-reader-text\"> \u00ab\u00a0Accident dramatique au travail, sortie de route, fuite apr\u00e8s un accident&#8230; Les faits divers de la Ni\u00e8vre en bref\u00a0\u00bb<\/span><\/a><\/p>\n","protected":false},"author":2,"featured_media":0,"comment_status":"closed","ping_status":"closed","sticky":false,"template":"","format":"standard","meta":{"footnotes":""},"categories":[5],"tags":[],"class_list":["post-1599","post","type-post","status-publish","format-standard","hentry","category-securite-du-travail-en-ile-de-france-et-divers","entry"],"yoast_head":"<!-- This site is optimized with the Yoast SEO plugin v27.5 - https:\/\/yoast.com\/product\/yoast-seo-wordpress\/ -->\n<title>Accident dramatique au travail, sortie de route, fuite apr\u00e8s un accident... Les faits divers de la Ni\u00e8vre en bref - ACCIDENTDUTRAVAIL-IDF<\/title>\n<meta name=\"description\" content=\"Accident dramatique au travail, sortie de route, fuite apr\u00e8s un accident... Les faits divers de la Ni\u00e8vre en bref article de ACCIDENTDUTRAVAIL-IDF\" \/>\n<meta name=\"robots\" content=\"index, follow, max-snippet:-1, max-image-preview:large, max-video-preview:-1\" \/>\n<link rel=\"canonical\" href=\"https:\/\/www.accidentdutravail-idf.net\/blog\/accident-dramatique-au-travail-sortie-de-route-fuite-apres-un-accident-les-faits-divers-de-la-nievre-en-bref\/\" \/>\n<meta property=\"og:locale\" content=\"fr_FR\" \/>\n<meta property=\"og:type\" content=\"article\" \/>\n<meta property=\"og:title\" content=\"Accident dramatique au travail, sortie de route, fuite apr\u00e8s un accident... Les faits divers de la Ni\u00e8vre en bref - ACCIDENTDUTRAVAIL-IDF\" \/>\n<meta property=\"og:description\" content=\"Accident dramatique au travail, sortie de route, fuite apr\u00e8s un accident... Les faits divers de la Ni\u00e8vre en bref article de ACCIDENTDUTRAVAIL-IDF\" \/>\n<meta property=\"og:url\" content=\"https:\/\/www.accidentdutravail-idf.net\/blog\/accident-dramatique-au-travail-sortie-de-route-fuite-apres-un-accident-les-faits-divers-de-la-nievre-en-bref\/\" \/>\n<meta property=\"og:site_name\" content=\"ACCIDENTDUTRAVAIL-IDF\" \/>\n<meta property=\"article:published_time\" content=\"2025-07-20T07:58:00+00:00\" \/>\n<meta name=\"author\" content=\"Carlos Poulain\" \/>\n<meta name=\"twitter:card\" content=\"summary_large_image\" \/>\n<meta name=\"twitter:label1\" content=\"\u00c9crit par\" \/>\n\t<meta name=\"twitter:data1\" content=\"Carlos Poulain\" \/>\n\t<meta name=\"twitter:label2\" content=\"Dur\u00e9e de lecture estim\u00e9e\" \/>\n\t<meta name=\"twitter:data2\" content=\"1 minute\" \/>\n<script type=\"application\/ld+json\" class=\"yoast-schema-graph\">{\"@context\":\"https:\\\/\\\/schema.org\",\"@graph\":[{\"@type\":\"Article\",\"@id\":\"https:\\\/\\\/www.accidentdutravail-idf.net\\\/blog\\\/accident-dramatique-au-travail-sortie-de-route-fuite-apres-un-accident-les-faits-divers-de-la-nievre-en-bref\\\/#article\",\"isPartOf\":{\"@id\":\"https:\\\/\\\/www.accidentdutravail-idf.net\\\/blog\\\/accident-dramatique-au-travail-sortie-de-route-fuite-apres-un-accident-les-faits-divers-de-la-nievre-en-bref\\\/\"},\"author\":{\"name\":\"Carlos Poulain\",\"@id\":\"https:\\\/\\\/www.accidentdutravail-idf.net\\\/blog\\\/#\\\/schema\\\/person\\\/3255d2f970de45e64bd9201f38e7b947\"},\"headline\":\"Accident dramatique au travail, sortie de route, fuite apr\u00e8s un accident&#8230; Les faits divers de la Ni\u00e8vre en bref\",\"datePublished\":\"2025-07-20T07:58:00+00:00\",\"mainEntityOfPage\":{\"@id\":\"https:\\\/\\\/www.accidentdutravail-idf.net\\\/blog\\\/accident-dramatique-au-travail-sortie-de-route-fuite-apres-un-accident-les-faits-divers-de-la-nievre-en-bref\\\/\"},\"wordCount\":275,\"publisher\":{\"@id\":\"https:\\\/\\\/www.accidentdutravail-idf.net\\\/blog\\\/#organization\"},\"articleSection\":[\"S\u00e9curit\u00e9 Du Travail En Ile-De-France Et Divers:\"],\"inLanguage\":\"fr-FR\"},{\"@type\":\"WebPage\",\"@id\":\"https:\\\/\\\/www.accidentdutravail-idf.net\\\/blog\\\/accident-dramatique-au-travail-sortie-de-route-fuite-apres-un-accident-les-faits-divers-de-la-nievre-en-bref\\\/\",\"url\":\"https:\\\/\\\/www.accidentdutravail-idf.net\\\/blog\\\/accident-dramatique-au-travail-sortie-de-route-fuite-apres-un-accident-les-faits-divers-de-la-nievre-en-bref\\\/\",\"name\":\"Accident dramatique au travail, sortie de route, fuite apr\u00e8s un accident... Les faits divers de la Ni\u00e8vre en bref - ACCIDENTDUTRAVAIL-IDF\",\"isPartOf\":{\"@id\":\"https:\\\/\\\/www.accidentdutravail-idf.net\\\/blog\\\/#website\"},\"datePublished\":\"2025-07-20T07:58:00+00:00\",\"description\":\"Accident dramatique au travail, sortie de route, fuite apr\u00e8s un accident... Les faits divers de la Ni\u00e8vre en bref article de ACCIDENTDUTRAVAIL-IDF\",\"breadcrumb\":{\"@id\":\"https:\\\/\\\/www.accidentdutravail-idf.net\\\/blog\\\/accident-dramatique-au-travail-sortie-de-route-fuite-apres-un-accident-les-faits-divers-de-la-nievre-en-bref\\\/#breadcrumb\"},\"inLanguage\":\"fr-FR\",\"potentialAction\":[{\"@type\":\"ReadAction\",\"target\":[\"https:\\\/\\\/www.accidentdutravail-idf.net\\\/blog\\\/accident-dramatique-au-travail-sortie-de-route-fuite-apres-un-accident-les-faits-divers-de-la-nievre-en-bref\\\/\"]}]},{\"@type\":\"BreadcrumbList\",\"@id\":\"https:\\\/\\\/www.accidentdutravail-idf.net\\\/blog\\\/accident-dramatique-au-travail-sortie-de-route-fuite-apres-un-accident-les-faits-divers-de-la-nievre-en-bref\\\/#breadcrumb\",\"itemListElement\":[{\"@type\":\"ListItem\",\"position\":1,\"name\":\"Accueil\",\"item\":\"https:\\\/\\\/www.accidentdutravail-idf.net\\\/blog\\\/\"},{\"@type\":\"ListItem\",\"position\":2,\"name\":\"Accident dramatique au travail, sortie de route, fuite apr\u00e8s un accident&#8230; Les faits divers de la Ni\u00e8vre en bref\"}]},{\"@type\":\"WebSite\",\"@id\":\"https:\\\/\\\/www.accidentdutravail-idf.net\\\/blog\\\/#website\",\"url\":\"https:\\\/\\\/www.accidentdutravail-idf.net\\\/blog\\\/\",\"name\":\"ACCIDENTDUTRAVAIL-IDF\",\"description\":\"Portail accidents du travail-maladies professionnelles des entreprises d&#039;Ile-de-France\",\"publisher\":{\"@id\":\"https:\\\/\\\/www.accidentdutravail-idf.net\\\/blog\\\/#organization\"},\"potentialAction\":[{\"@type\":\"SearchAction\",\"target\":{\"@type\":\"EntryPoint\",\"urlTemplate\":\"https:\\\/\\\/www.accidentdutravail-idf.net\\\/blog\\\/?s={search_term_string}\"},\"query-input\":{\"@type\":\"PropertyValueSpecification\",\"valueRequired\":true,\"valueName\":\"search_term_string\"}}],\"inLanguage\":\"fr-FR\"},{\"@type\":\"Organization\",\"@id\":\"https:\\\/\\\/www.accidentdutravail-idf.net\\\/blog\\\/#organization\",\"name\":\"accidentdutravail-idf\",\"url\":\"https:\\\/\\\/www.accidentdutravail-idf.net\\\/blog\\\/\",\"logo\":{\"@type\":\"ImageObject\",\"inLanguage\":\"fr-FR\",\"@id\":\"https:\\\/\\\/www.accidentdutravail-idf.net\\\/blog\\\/#\\\/schema\\\/logo\\\/image\\\/\",\"url\":\"https:\\\/\\\/www.accidentdutravail-idf.net\\\/blog\\\/wp-content\\\/uploads\\\/2022\\\/09\\\/logo-2.png\",\"contentUrl\":\"https:\\\/\\\/www.accidentdutravail-idf.net\\\/blog\\\/wp-content\\\/uploads\\\/2022\\\/09\\\/logo-2.png\",\"width\":380,\"height\":291,\"caption\":\"accidentdutravail-idf\"},\"image\":{\"@id\":\"https:\\\/\\\/www.accidentdutravail-idf.net\\\/blog\\\/#\\\/schema\\\/logo\\\/image\\\/\"}},{\"@type\":\"Person\",\"@id\":\"https:\\\/\\\/www.accidentdutravail-idf.net\\\/blog\\\/#\\\/schema\\\/person\\\/3255d2f970de45e64bd9201f38e7b947\",\"name\":\"Carlos Poulain\",\"image\":{\"@type\":\"ImageObject\",\"inLanguage\":\"fr-FR\",\"@id\":\"https:\\\/\\\/secure.gravatar.com\\\/avatar\\\/b1c2f9d3588e34e91adb093635df64ef4b2381991216be7576466cfcdca4baf3?s=96&d=mm&r=g\",\"url\":\"https:\\\/\\\/secure.gravatar.com\\\/avatar\\\/b1c2f9d3588e34e91adb093635df64ef4b2381991216be7576466cfcdca4baf3?s=96&d=mm&r=g\",\"contentUrl\":\"https:\\\/\\\/secure.gravatar.com\\\/avatar\\\/b1c2f9d3588e34e91adb093635df64ef4b2381991216be7576466cfcdca4baf3?s=96&d=mm&r=g\",\"caption\":\"Carlos Poulain\"},\"url\":\"https:\\\/\\\/www.accidentdutravail-idf.net\\\/blog\\\/author\\\/idfcarlos\\\/\"}]}<\/script>\n<!-- \/ Yoast SEO plugin. -->","yoast_head_json":{"title":"Accident dramatique au travail, sortie de route, fuite apr\u00e8s un accident... Les faits divers de la Ni\u00e8vre en bref - ACCIDENTDUTRAVAIL-IDF","description":"Accident dramatique au travail, sortie de route, fuite apr\u00e8s un accident... Les faits divers de la Ni\u00e8vre en bref article de ACCIDENTDUTRAVAIL-IDF","robots":{"index":"index","follow":"follow","max-snippet":"max-snippet:-1","max-image-preview":"max-image-preview:large","max-video-preview":"max-video-preview:-1"},"canonical":"https:\/\/www.accidentdutravail-idf.net\/blog\/accident-dramatique-au-travail-sortie-de-route-fuite-apres-un-accident-les-faits-divers-de-la-nievre-en-bref\/","og_locale":"fr_FR","og_type":"article","og_title":"Accident dramatique au travail, sortie de route, fuite apr\u00e8s un accident... Les faits divers de la Ni\u00e8vre en bref - ACCIDENTDUTRAVAIL-IDF","og_description":"Accident dramatique au travail, sortie de route, fuite apr\u00e8s un accident... Les faits divers de la Ni\u00e8vre en bref article de ACCIDENTDUTRAVAIL-IDF","og_url":"https:\/\/www.accidentdutravail-idf.net\/blog\/accident-dramatique-au-travail-sortie-de-route-fuite-apres-un-accident-les-faits-divers-de-la-nievre-en-bref\/","og_site_name":"ACCIDENTDUTRAVAIL-IDF","article_published_time":"2025-07-20T07:58:00+00:00","author":"Carlos Poulain","twitter_card":"summary_large_image","twitter_misc":{"\u00c9crit par":"Carlos Poulain","Dur\u00e9e de lecture estim\u00e9e":"1 minute"},"schema":{"@context":"https:\/\/schema.org","@graph":[{"@type":"Article","@id":"https:\/\/www.accidentdutravail-idf.net\/blog\/accident-dramatique-au-travail-sortie-de-route-fuite-apres-un-accident-les-faits-divers-de-la-nievre-en-bref\/#article","isPartOf":{"@id":"https:\/\/www.accidentdutravail-idf.net\/blog\/accident-dramatique-au-travail-sortie-de-route-fuite-apres-un-accident-les-faits-divers-de-la-nievre-en-bref\/"},"author":{"name":"Carlos Poulain","@id":"https:\/\/www.accidentdutravail-idf.net\/blog\/#\/schema\/person\/3255d2f970de45e64bd9201f38e7b947"},"headline":"Accident dramatique au travail, sortie de route, fuite apr\u00e8s un accident&#8230; Les faits divers de la Ni\u00e8vre en bref","datePublished":"2025-07-20T07:58:00+00:00","mainEntityOfPage":{"@id":"https:\/\/www.accidentdutravail-idf.net\/blog\/accident-dramatique-au-travail-sortie-de-route-fuite-apres-un-accident-les-faits-divers-de-la-nievre-en-bref\/"},"wordCount":275,"publisher":{"@id":"https:\/\/www.accidentdutravail-idf.net\/blog\/#organization"},"articleSection":["S\u00e9curit\u00e9 Du Travail En Ile-De-France Et Divers:"],"inLanguage":"fr-FR"},{"@type":"WebPage","@id":"https:\/\/www.accidentdutravail-idf.net\/blog\/accident-dramatique-au-travail-sortie-de-route-fuite-apres-un-accident-les-faits-divers-de-la-nievre-en-bref\/","url":"https:\/\/www.accidentdutravail-idf.net\/blog\/accident-dramatique-au-travail-sortie-de-route-fuite-apres-un-accident-les-faits-divers-de-la-nievre-en-bref\/","name":"Accident dramatique au travail, sortie de route, fuite apr\u00e8s un accident... Les faits divers de la Ni\u00e8vre en bref - ACCIDENTDUTRAVAIL-IDF","isPartOf":{"@id":"https:\/\/www.accidentdutravail-idf.net\/blog\/#website"},"datePublished":"2025-07-20T07:58:00+00:00","description":"Accident dramatique au travail, sortie de route, fuite apr\u00e8s un accident... Les faits divers de la Ni\u00e8vre en bref article de ACCIDENTDUTRAVAIL-IDF","breadcrumb":{"@id":"https:\/\/www.accidentdutravail-idf.net\/blog\/accident-dramatique-au-travail-sortie-de-route-fuite-apres-un-accident-les-faits-divers-de-la-nievre-en-bref\/#breadcrumb"},"inLanguage":"fr-FR","potentialAction":[{"@type":"ReadAction","target":["https:\/\/www.accidentdutravail-idf.net\/blog\/accident-dramatique-au-travail-sortie-de-route-fuite-apres-un-accident-les-faits-divers-de-la-nievre-en-bref\/"]}]},{"@type":"BreadcrumbList","@id":"https:\/\/www.accidentdutravail-idf.net\/blog\/accident-dramatique-au-travail-sortie-de-route-fuite-apres-un-accident-les-faits-divers-de-la-nievre-en-bref\/#breadcrumb","itemListElement":[{"@type":"ListItem","position":1,"name":"Accueil","item":"https:\/\/www.accidentdutravail-idf.net\/blog\/"},{"@type":"ListItem","position":2,"name":"Accident dramatique au travail, sortie de route, fuite apr\u00e8s un accident&#8230; Les faits divers de la Ni\u00e8vre en bref"}]},{"@type":"WebSite","@id":"https:\/\/www.accidentdutravail-idf.net\/blog\/#website","url":"https:\/\/www.accidentdutravail-idf.net\/blog\/","name":"ACCIDENTDUTRAVAIL-IDF","description":"Portail accidents du travail-maladies professionnelles des entreprises d&#039;Ile-de-France","publisher":{"@id":"https:\/\/www.accidentdutravail-idf.net\/blog\/#organization"},"potentialAction":[{"@type":"SearchAction","target":{"@type":"EntryPoint","urlTemplate":"https:\/\/www.accidentdutravail-idf.net\/blog\/?s={search_term_string}"},"query-input":{"@type":"PropertyValueSpecification","valueRequired":true,"valueName":"search_term_string"}}],"inLanguage":"fr-FR"},{"@type":"Organization","@id":"https:\/\/www.accidentdutravail-idf.net\/blog\/#organization","name":"accidentdutravail-idf","url":"https:\/\/www.accidentdutravail-idf.net\/blog\/","logo":{"@type":"ImageObject","inLanguage":"fr-FR","@id":"https:\/\/www.accidentdutravail-idf.net\/blog\/#\/schema\/logo\/image\/","url":"https:\/\/www.accidentdutravail-idf.net\/blog\/wp-content\/uploads\/2022\/09\/logo-2.png","contentUrl":"https:\/\/www.accidentdutravail-idf.net\/blog\/wp-content\/uploads\/2022\/09\/logo-2.png","width":380,"height":291,"caption":"accidentdutravail-idf"},"image":{"@id":"https:\/\/www.accidentdutravail-idf.net\/blog\/#\/schema\/logo\/image\/"}},{"@type":"Person","@id":"https:\/\/www.accidentdutravail-idf.net\/blog\/#\/schema\/person\/3255d2f970de45e64bd9201f38e7b947","name":"Carlos Poulain","image":{"@type":"ImageObject","inLanguage":"fr-FR","@id":"https:\/\/secure.gravatar.com\/avatar\/b1c2f9d3588e34e91adb093635df64ef4b2381991216be7576466cfcdca4baf3?s=96&d=mm&r=g","url":"https:\/\/secure.gravatar.com\/avatar\/b1c2f9d3588e34e91adb093635df64ef4b2381991216be7576466cfcdca4baf3?s=96&d=mm&r=g","contentUrl":"https:\/\/secure.gravatar.com\/avatar\/b1c2f9d3588e34e91adb093635df64ef4b2381991216be7576466cfcdca4baf3?s=96&d=mm&r=g","caption":"Carlos Poulain"},"url":"https:\/\/www.accidentdutravail-idf.net\/blog\/author\/idfcarlos\/"}]}},"_links":{"self":[{"href":"https:\/\/www.accidentdutravail-idf.net\/blog\/wp-json\/wp\/v2\/posts\/1599","targetHints":{"allow":["GET"]}}],"collection":[{"href":"https:\/\/www.accidentdutravail-idf.net\/blog\/wp-json\/wp\/v2\/posts"}],"about":[{"href":"https:\/\/www.accidentdutravail-idf.net\/blog\/wp-json\/wp\/v2\/types\/post"}],"author":[{"embeddable":true,"href":"https:\/\/www.accidentdutravail-idf.net\/blog\/wp-json\/wp\/v2\/users\/2"}],"replies":[{"embeddable":true,"href":"https:\/\/www.accidentdutravail-idf.net\/blog\/wp-json\/wp\/v2\/comments?post=1599"}],"version-history":[{"count":0,"href":"https:\/\/www.accidentdutravail-idf.net\/blog\/wp-json\/wp\/v2\/posts\/1599\/revisions"}],"wp:attachment":[{"href":"https:\/\/www.accidentdutravail-idf.net\/blog\/wp-json\/wp\/v2\/media?parent=1599"}],"wp:term":[{"taxonomy":"category","embeddable":true,"href":"https:\/\/www.accidentdutravail-idf.net\/blog\/wp-json\/wp\/v2\/categories?post=1599"},{"taxonomy":"post_tag","embeddable":true,"href":"https:\/\/www.accidentdutravail-idf.net\/blog\/wp-json\/wp\/v2\/tags?post=1599"}],"curies":[{"name":"wp","href":"https:\/\/api.w.org\/{rel}","templated":true}]}}