{"id":1570,"date":"2025-07-09T04:01:00","date_gmt":"2025-07-09T02:01:00","guid":{"rendered":"https:\/\/www.accidentdutravail-idf.net\/blog\/un-salarie-projete-dans-les-airs-9-jours-de-coma-sequelles-a-vie-le-gonflage-dun-pneu-de-camion-a-vire-au-drame\/"},"modified":"2025-07-09T04:01:00","modified_gmt":"2025-07-09T02:01:00","slug":"un-salarie-projete-dans-les-airs-9-jours-de-coma-sequelles-a-vie-le-gonflage-dun-pneu-de-camion-a-vire-au-drame","status":"publish","type":"post","link":"https:\/\/www.accidentdutravail-idf.net\/blog\/un-salarie-projete-dans-les-airs-9-jours-de-coma-sequelles-a-vie-le-gonflage-dun-pneu-de-camion-a-vire-au-drame\/","title":{"rendered":"Un salari\u00e9 projet\u00e9 dans les airs, 9 jours de coma, s\u00e9quelles \u00e0 vie : le gonflage d\u2019un pneu de camion a vir\u00e9 au drame"},"content":{"rendered":"<div><img decoding=\"async\" src=\"https:\/\/www.accidentdutravail-idf.net\/blog\/wp-content\/uploads\/2025\/07\/un-salarie-projete-dans-les-airs-9-jours-de-coma-sequelles-a-vie-le-gonflage-dun-pneu-de-camion-a-vire-au-drame.jpg\" class=\"ff-og-image-inserted\"><\/div>\n<p> <span class=\"article-full__chapo-label hide-on-small-only\">l&rsquo;essentiel<\/span> Deux salari\u00e9s d\u2019une soci\u00e9t\u00e9 de travaux publics bas\u00e9e \u00e0 R\u00e9almont (Tarn) avaient \u00e9t\u00e9 gravement bless\u00e9s en septembre&nbsp;2022 suite \u00e0 l\u2019\u00e9clatement d\u2019un pneu d\u2019un engin de g\u00e9nie civil. Trois ans apr\u00e8s le drame, leur employeur vient d\u2019\u00eatre jug\u00e9 par le tribunal correctionnel d\u2019Albi pour blessures involontaires et emploi d\u2019un \u00e9tranger sans autorisation de travail. <\/p>\n<div data-state=\"fixed-height\" data-selection=\"disabled\"> <!-- Pub DFP Position [outstream] --> <\/p>\n<p>Deux salari\u00e9s de la soci\u00e9t\u00e9 Bessac Travaux Publics et Carri\u00e8res, situ\u00e9e \u00e0 R\u00e9almont, ont \u00e9t\u00e9&nbsp;victimes d\u2019un grave accident du travail en septembre&nbsp;2022 alors qu\u2019ils gonflaient un gros pneu d\u2019un engin de g\u00e9nie civil. Celui-ci a \u00e9clat\u00e9 pendant l\u2019op\u00e9ration. L\u2019un des employ\u00e9s, S., a \u00e9t\u00e9&nbsp;projet\u00e9 dans les airs \u00e0 plusieurs m\u00e8tres. Son coll\u00e8gue D., lui, a \u00e9t\u00e9 touch\u00e9 \u00e0 la t\u00eate. Gri\u00e8vement bless\u00e9, avec un pronostic vital engag\u00e9, l\u2019ouvrier de 27 ans&nbsp;avait \u00e9t\u00e9&nbsp;h\u00e9liport\u00e9 vers Toulouse.<\/p>\n<p><!-- Pub DFP Position [article] --> <\/p>\n<p class=\"std-elt__inline\"> <strong>\u00c0 lire aussi :<\/strong> <a href=\"https:\/\/www.ladepeche.fr\/2022\/09\/02\/realmont-un-ouvrier-de-27-ans-grievement-blesse-dans-un-accident-du-travail-10519739.php\" target=\"_blank\" rel=\"nofollow\">R\u00e9almont : un ouvrier de 27 ans gri\u00e8vement bless\u00e9 dans un accident du travail<\/a> <\/p>\n<p>L\u2019enqu\u00eate a mis en avant un d\u00e9faut de proc\u00e9dures de formation et d\u2019\u00e9quipement de travail appropri\u00e9, qui a valu&nbsp;\u00e0 cette soci\u00e9t\u00e9 familiale et \u00e0 son dirigeant de compara\u00eetre le 3&nbsp;juillet dernier devant le tribunal judiciaire d\u2019Albi pour blessures involontaires par violation d\u2019une obligation de s\u00e9curit\u00e9 mais aussi emploi d\u2019un \u00e9tranger non muni d\u2019une autorisation de travail. Il s\u2019agit de l\u2019un des salari\u00e9s bless\u00e9s. Ce dernier&nbsp;n\u2019\u00e9tait&nbsp;pas pr\u00e9sent \u00e0 l\u2019audience&nbsp;: il a fait l\u2019objet d\u2019un arr\u00eat\u00e9 de reconduite \u00e0 la fronti\u00e8re en novembre&nbsp;2023. Apr\u00e8s avoir soign\u00e9 ses fractures.<\/p>\n<h2 class=\"txt-int\">Des s\u00e9quelles \u00e0 vie<\/h2>\n<p>Son ancien coll\u00e8gue D.&nbsp;\u00e9tait en revanche sur les bancs des parties civiles, entour\u00e9 par ses proches. Son corps et notamment son&nbsp;visage portent, encore trois ans apr\u00e8s, les s\u00e9quelles de l\u2019accident qui lui ont valu 9 jours de coma et un mois en r\u00e9animation. Il a subi de multiples fractures, un traumatisme facial et oculaire n\u00e9cessitant plusieurs op\u00e9rations lourdes et malgr\u00e9 lesquelles il conservera des s\u00e9quelles morphologiques et neurologiques.<\/p>\n<p>\u00c0 l\u2019audience, le salari\u00e9 s\u2019\u00e9meut&nbsp;de l\u2019attitude du chef d\u2019entreprise. Il estime qu\u2019il n\u2019a pas pris la mesure de l\u2019accident et ses cons\u00e9quences. Le pr\u00e9sident, lui, tique sur le sourire arbor\u00e9 par l\u2019employeur, lorsqu\u2019il donne sa version.&nbsp;\u00ab\u00a0Je regrette ce qui s\u2019est pass\u00e9 m\u00eame si je souris\u00a0\u00bb, se d\u00e9fend l\u2019interess\u00e9, appuy\u00e9 par son&nbsp;avocate, qui vient \u00e0 son secours afin d\u2019\u00e9viter toute m\u00e9prise. Le dirigeant estime qu\u2019il n\u2019y avait pas absence de formation. \u00ab\u00a0Les anciens employ\u00e9s forment les nouveaux. \u00c7a fait 40 ans qu\u2019on change les pneus. \u00c7a ne nous \u00e9tait jamais arriv\u00e9&nbsp;!\u00a0\u00bb<\/p>\n<h2 class=\"txt-int\">Responsabilit\u00e9 p\u00e9nale de l\u2019employeur<\/h2>\n<p>Un peu court pour la partie civile. Surtout lorsque le sexag\u00e9naire sous-entend que le salari\u00e9 absent \u00e0 l\u2019audience n\u2019aurait pas fait les choses correctement et serait all\u00e9 au-del\u00e0 de ses fonctions. \u00ab\u00a0Un employeur est d\u00e9muni face \u00e0 une initiative personnelle. M\u00eame une formation externe n\u2019aurait pas emp\u00each\u00e9 l\u2019accident\u00a0\u00bb, rench\u00e9rit l\u2019avocate.<\/p>\n<p>Mais pour la partie civile, D.&nbsp;\u00e9tait un man\u0153uvre et n\u2019aurait pas d\u00fb se trouver l\u00e0&nbsp;; le document unique de l\u2019entreprise ne prend pas en compte le risque d\u2019\u00e9clatement de pneus. \u00ab\u00a0On ne peut rejeter la faute sur un salari\u00e9&nbsp;? C\u2019est parce qu\u2019il n\u2019y a pas eu de formation.\u00a0\u00bb<\/p>\n<p>La procureure St\u00e9phanie Bazart estime aussi que les obligations de s\u00e9curit\u00e9 n\u2019ont pas \u00e9t\u00e9 respect\u00e9es Elle r\u00e9clame 5&nbsp;000&nbsp;euros d\u2019amende dont 2&nbsp;000&nbsp;euros avec sursis pour le dirigeant et 30&nbsp;000&nbsp;euros pour la soci\u00e9t\u00e9. Au terme de son d\u00e9lib\u00e9r\u00e9, le tribunal a suivi&nbsp;les r\u00e9quisitions du minist\u00e8re public avec un sursis pour le dirigeant relev\u00e9 \u00e0 2&nbsp;500&nbsp;euros.<\/p>\n<\/p><\/div>\n<p>accidentdutravail-idf.net vous a pr\u00e9par\u00e9 ce post qui informe du sujet \u00ab\u00a0Association Sportive Huisson-Longueville Essonne\u00a0\u00bb. La chronique se veut g\u00e9n\u00e9r\u00e9e du mieux possible. Vous pouvez utiliser les coordonn\u00e9es indiqu\u00e9es sur le site dans le but d\u2019apporter des explications sur ce post qui parle du th\u00e8me \u00ab\u00a0Association Sportive Huisson-Longueville Essonne\u00a0\u00bb. Le site accidentdutravail-idf.net a pour but de fournir diverses publications sur la th\u00e9matique Association Sportive Huisson-Longueville Essonne diffus\u00e9es sur le net. Il y aura plusieurs articles autour du sujet \u00ab\u00a0Association Sportive Huisson-Longueville Essonne\u00a0\u00bb dans quelques jours, nous vous invitons \u00e0 naviguer sur notre site web \u00e0 plusieurs reprises.<\/p>\n","protected":false},"excerpt":{"rendered":"<p>l&rsquo;essentiel Deux salari\u00e9s d\u2019une soci\u00e9t\u00e9 de travaux publics bas\u00e9e \u00e0 R\u00e9almont (Tarn) avaient \u00e9t\u00e9 gravement bless\u00e9s en septembre&nbsp;2022 suite \u00e0 l\u2019\u00e9clatement d\u2019un pneu d\u2019un engin de g\u00e9nie civil. Trois ans apr\u00e8s le drame, leur employeur vient d\u2019\u00eatre jug\u00e9 par le tribunal correctionnel d\u2019Albi pour blessures involontaires et emploi d\u2019un \u00e9tranger sans autorisation de travail. Deux &hellip; <\/p>\n<p class=\"link-more\"><a href=\"https:\/\/www.accidentdutravail-idf.net\/blog\/un-salarie-projete-dans-les-airs-9-jours-de-coma-sequelles-a-vie-le-gonflage-dun-pneu-de-camion-a-vire-au-drame\/\" class=\"more-link\">Continuer la lecture <span class=\"screen-reader-text\"> \u00ab\u00a0Un salari\u00e9 projet\u00e9 dans les airs, 9 jours de coma, s\u00e9quelles \u00e0 vie : le gonflage d\u2019un pneu de camion a vir\u00e9 au drame\u00a0\u00bb<\/span><\/a><\/p>\n","protected":false},"author":2,"featured_media":0,"comment_status":"closed","ping_status":"closed","sticky":false,"template":"","format":"standard","meta":{"footnotes":""},"categories":[5],"tags":[],"class_list":["post-1570","post","type-post","status-publish","format-standard","hentry","category-securite-du-travail-en-ile-de-france-et-divers","entry"],"yoast_head":"<!-- This site is optimized with the Yoast SEO plugin v27.5 - https:\/\/yoast.com\/product\/yoast-seo-wordpress\/ -->\n<title>Un salari\u00e9 projet\u00e9 dans les airs, 9 jours de coma, s\u00e9quelles \u00e0 vie : le gonflage d\u2019un pneu de camion a vir\u00e9 au drame - ACCIDENTDUTRAVAIL-IDF<\/title>\n<meta name=\"description\" content=\"Un salari\u00e9 projet\u00e9 dans les airs, 9 jours de coma, s\u00e9quelles \u00e0 vie : le gonflage d\u2019un pneu de camion a vir\u00e9 au drame article de ACCIDENTDUTRAVAIL-IDF\" \/>\n<meta name=\"robots\" content=\"index, follow, max-snippet:-1, max-image-preview:large, max-video-preview:-1\" \/>\n<link rel=\"canonical\" href=\"https:\/\/www.accidentdutravail-idf.net\/blog\/un-salarie-projete-dans-les-airs-9-jours-de-coma-sequelles-a-vie-le-gonflage-dun-pneu-de-camion-a-vire-au-drame\/\" \/>\n<meta property=\"og:locale\" content=\"fr_FR\" \/>\n<meta property=\"og:type\" content=\"article\" \/>\n<meta property=\"og:title\" content=\"Un salari\u00e9 projet\u00e9 dans les airs, 9 jours de coma, s\u00e9quelles \u00e0 vie : le gonflage d\u2019un pneu de camion a vir\u00e9 au drame - ACCIDENTDUTRAVAIL-IDF\" \/>\n<meta property=\"og:description\" content=\"Un salari\u00e9 projet\u00e9 dans les airs, 9 jours de coma, s\u00e9quelles \u00e0 vie : le gonflage d\u2019un pneu de camion a vir\u00e9 au drame article de ACCIDENTDUTRAVAIL-IDF\" \/>\n<meta property=\"og:url\" content=\"https:\/\/www.accidentdutravail-idf.net\/blog\/un-salarie-projete-dans-les-airs-9-jours-de-coma-sequelles-a-vie-le-gonflage-dun-pneu-de-camion-a-vire-au-drame\/\" \/>\n<meta property=\"og:site_name\" content=\"ACCIDENTDUTRAVAIL-IDF\" \/>\n<meta property=\"article:published_time\" content=\"2025-07-09T02:01:00+00:00\" \/>\n<meta property=\"og:image\" content=\"https:\/\/www.accidentdutravail-idf.net\/blog\/wp-content\/uploads\/2025\/07\/un-salarie-projete-dans-les-airs-9-jours-de-coma-sequelles-a-vie-le-gonflage-dun-pneu-de-camion-a-vire-au-drame.jpg\" \/>\n<meta name=\"author\" content=\"Carlos Poulain\" \/>\n<meta name=\"twitter:card\" content=\"summary_large_image\" \/>\n<meta name=\"twitter:label1\" content=\"\u00c9crit par\" \/>\n\t<meta name=\"twitter:data1\" content=\"Carlos Poulain\" \/>\n\t<meta name=\"twitter:label2\" content=\"Dur\u00e9e de lecture estim\u00e9e\" \/>\n\t<meta name=\"twitter:data2\" content=\"4 minutes\" \/>\n<script type=\"application\/ld+json\" class=\"yoast-schema-graph\">{\"@context\":\"https:\\\/\\\/schema.org\",\"@graph\":[{\"@type\":\"Article\",\"@id\":\"https:\\\/\\\/www.accidentdutravail-idf.net\\\/blog\\\/un-salarie-projete-dans-les-airs-9-jours-de-coma-sequelles-a-vie-le-gonflage-dun-pneu-de-camion-a-vire-au-drame\\\/#article\",\"isPartOf\":{\"@id\":\"https:\\\/\\\/www.accidentdutravail-idf.net\\\/blog\\\/un-salarie-projete-dans-les-airs-9-jours-de-coma-sequelles-a-vie-le-gonflage-dun-pneu-de-camion-a-vire-au-drame\\\/\"},\"author\":{\"name\":\"Carlos Poulain\",\"@id\":\"https:\\\/\\\/www.accidentdutravail-idf.net\\\/blog\\\/#\\\/schema\\\/person\\\/3255d2f970de45e64bd9201f38e7b947\"},\"headline\":\"Un salari\u00e9 projet\u00e9 dans les airs, 9 jours de coma, s\u00e9quelles \u00e0 vie : le gonflage d\u2019un pneu de camion a vir\u00e9 au drame\",\"datePublished\":\"2025-07-09T02:01:00+00:00\",\"mainEntityOfPage\":{\"@id\":\"https:\\\/\\\/www.accidentdutravail-idf.net\\\/blog\\\/un-salarie-projete-dans-les-airs-9-jours-de-coma-sequelles-a-vie-le-gonflage-dun-pneu-de-camion-a-vire-au-drame\\\/\"},\"wordCount\":819,\"publisher\":{\"@id\":\"https:\\\/\\\/www.accidentdutravail-idf.net\\\/blog\\\/#organization\"},\"image\":{\"@id\":\"https:\\\/\\\/www.accidentdutravail-idf.net\\\/blog\\\/un-salarie-projete-dans-les-airs-9-jours-de-coma-sequelles-a-vie-le-gonflage-dun-pneu-de-camion-a-vire-au-drame\\\/#primaryimage\"},\"thumbnailUrl\":\"https:\\\/\\\/www.accidentdutravail-idf.net\\\/blog\\\/wp-content\\\/uploads\\\/2025\\\/07\\\/un-salarie-projete-dans-les-airs-9-jours-de-coma-sequelles-a-vie-le-gonflage-dun-pneu-de-camion-a-vire-au-drame.jpg\",\"articleSection\":[\"S\u00e9curit\u00e9 Du Travail En Ile-De-France Et Divers:\"],\"inLanguage\":\"fr-FR\"},{\"@type\":\"WebPage\",\"@id\":\"https:\\\/\\\/www.accidentdutravail-idf.net\\\/blog\\\/un-salarie-projete-dans-les-airs-9-jours-de-coma-sequelles-a-vie-le-gonflage-dun-pneu-de-camion-a-vire-au-drame\\\/\",\"url\":\"https:\\\/\\\/www.accidentdutravail-idf.net\\\/blog\\\/un-salarie-projete-dans-les-airs-9-jours-de-coma-sequelles-a-vie-le-gonflage-dun-pneu-de-camion-a-vire-au-drame\\\/\",\"name\":\"Un salari\u00e9 projet\u00e9 dans les airs, 9 jours de coma, s\u00e9quelles \u00e0 vie : le gonflage d\u2019un pneu de camion a vir\u00e9 au drame - ACCIDENTDUTRAVAIL-IDF\",\"isPartOf\":{\"@id\":\"https:\\\/\\\/www.accidentdutravail-idf.net\\\/blog\\\/#website\"},\"primaryImageOfPage\":{\"@id\":\"https:\\\/\\\/www.accidentdutravail-idf.net\\\/blog\\\/un-salarie-projete-dans-les-airs-9-jours-de-coma-sequelles-a-vie-le-gonflage-dun-pneu-de-camion-a-vire-au-drame\\\/#primaryimage\"},\"image\":{\"@id\":\"https:\\\/\\\/www.accidentdutravail-idf.net\\\/blog\\\/un-salarie-projete-dans-les-airs-9-jours-de-coma-sequelles-a-vie-le-gonflage-dun-pneu-de-camion-a-vire-au-drame\\\/#primaryimage\"},\"thumbnailUrl\":\"https:\\\/\\\/www.accidentdutravail-idf.net\\\/blog\\\/wp-content\\\/uploads\\\/2025\\\/07\\\/un-salarie-projete-dans-les-airs-9-jours-de-coma-sequelles-a-vie-le-gonflage-dun-pneu-de-camion-a-vire-au-drame.jpg\",\"datePublished\":\"2025-07-09T02:01:00+00:00\",\"description\":\"Un salari\u00e9 projet\u00e9 dans les airs, 9 jours de coma, s\u00e9quelles \u00e0 vie : le gonflage d\u2019un pneu de camion a vir\u00e9 au drame article de ACCIDENTDUTRAVAIL-IDF\",\"breadcrumb\":{\"@id\":\"https:\\\/\\\/www.accidentdutravail-idf.net\\\/blog\\\/un-salarie-projete-dans-les-airs-9-jours-de-coma-sequelles-a-vie-le-gonflage-dun-pneu-de-camion-a-vire-au-drame\\\/#breadcrumb\"},\"inLanguage\":\"fr-FR\",\"potentialAction\":[{\"@type\":\"ReadAction\",\"target\":[\"https:\\\/\\\/www.accidentdutravail-idf.net\\\/blog\\\/un-salarie-projete-dans-les-airs-9-jours-de-coma-sequelles-a-vie-le-gonflage-dun-pneu-de-camion-a-vire-au-drame\\\/\"]}]},{\"@type\":\"ImageObject\",\"inLanguage\":\"fr-FR\",\"@id\":\"https:\\\/\\\/www.accidentdutravail-idf.net\\\/blog\\\/un-salarie-projete-dans-les-airs-9-jours-de-coma-sequelles-a-vie-le-gonflage-dun-pneu-de-camion-a-vire-au-drame\\\/#primaryimage\",\"url\":\"https:\\\/\\\/www.accidentdutravail-idf.net\\\/blog\\\/wp-content\\\/uploads\\\/2025\\\/07\\\/un-salarie-projete-dans-les-airs-9-jours-de-coma-sequelles-a-vie-le-gonflage-dun-pneu-de-camion-a-vire-au-drame.jpg\",\"contentUrl\":\"https:\\\/\\\/www.accidentdutravail-idf.net\\\/blog\\\/wp-content\\\/uploads\\\/2025\\\/07\\\/un-salarie-projete-dans-les-airs-9-jours-de-coma-sequelles-a-vie-le-gonflage-dun-pneu-de-camion-a-vire-au-drame.jpg\"},{\"@type\":\"BreadcrumbList\",\"@id\":\"https:\\\/\\\/www.accidentdutravail-idf.net\\\/blog\\\/un-salarie-projete-dans-les-airs-9-jours-de-coma-sequelles-a-vie-le-gonflage-dun-pneu-de-camion-a-vire-au-drame\\\/#breadcrumb\",\"itemListElement\":[{\"@type\":\"ListItem\",\"position\":1,\"name\":\"Accueil\",\"item\":\"https:\\\/\\\/www.accidentdutravail-idf.net\\\/blog\\\/\"},{\"@type\":\"ListItem\",\"position\":2,\"name\":\"Un salari\u00e9 projet\u00e9 dans les airs, 9 jours de coma, s\u00e9quelles \u00e0 vie : le gonflage d\u2019un pneu de camion a vir\u00e9 au drame\"}]},{\"@type\":\"WebSite\",\"@id\":\"https:\\\/\\\/www.accidentdutravail-idf.net\\\/blog\\\/#website\",\"url\":\"https:\\\/\\\/www.accidentdutravail-idf.net\\\/blog\\\/\",\"name\":\"ACCIDENTDUTRAVAIL-IDF\",\"description\":\"Portail accidents du travail-maladies professionnelles des entreprises d&#039;Ile-de-France\",\"publisher\":{\"@id\":\"https:\\\/\\\/www.accidentdutravail-idf.net\\\/blog\\\/#organization\"},\"potentialAction\":[{\"@type\":\"SearchAction\",\"target\":{\"@type\":\"EntryPoint\",\"urlTemplate\":\"https:\\\/\\\/www.accidentdutravail-idf.net\\\/blog\\\/?s={search_term_string}\"},\"query-input\":{\"@type\":\"PropertyValueSpecification\",\"valueRequired\":true,\"valueName\":\"search_term_string\"}}],\"inLanguage\":\"fr-FR\"},{\"@type\":\"Organization\",\"@id\":\"https:\\\/\\\/www.accidentdutravail-idf.net\\\/blog\\\/#organization\",\"name\":\"accidentdutravail-idf\",\"url\":\"https:\\\/\\\/www.accidentdutravail-idf.net\\\/blog\\\/\",\"logo\":{\"@type\":\"ImageObject\",\"inLanguage\":\"fr-FR\",\"@id\":\"https:\\\/\\\/www.accidentdutravail-idf.net\\\/blog\\\/#\\\/schema\\\/logo\\\/image\\\/\",\"url\":\"https:\\\/\\\/www.accidentdutravail-idf.net\\\/blog\\\/wp-content\\\/uploads\\\/2022\\\/09\\\/logo-2.png\",\"contentUrl\":\"https:\\\/\\\/www.accidentdutravail-idf.net\\\/blog\\\/wp-content\\\/uploads\\\/2022\\\/09\\\/logo-2.png\",\"width\":380,\"height\":291,\"caption\":\"accidentdutravail-idf\"},\"image\":{\"@id\":\"https:\\\/\\\/www.accidentdutravail-idf.net\\\/blog\\\/#\\\/schema\\\/logo\\\/image\\\/\"}},{\"@type\":\"Person\",\"@id\":\"https:\\\/\\\/www.accidentdutravail-idf.net\\\/blog\\\/#\\\/schema\\\/person\\\/3255d2f970de45e64bd9201f38e7b947\",\"name\":\"Carlos Poulain\",\"image\":{\"@type\":\"ImageObject\",\"inLanguage\":\"fr-FR\",\"@id\":\"https:\\\/\\\/secure.gravatar.com\\\/avatar\\\/b1c2f9d3588e34e91adb093635df64ef4b2381991216be7576466cfcdca4baf3?s=96&d=mm&r=g\",\"url\":\"https:\\\/\\\/secure.gravatar.com\\\/avatar\\\/b1c2f9d3588e34e91adb093635df64ef4b2381991216be7576466cfcdca4baf3?s=96&d=mm&r=g\",\"contentUrl\":\"https:\\\/\\\/secure.gravatar.com\\\/avatar\\\/b1c2f9d3588e34e91adb093635df64ef4b2381991216be7576466cfcdca4baf3?s=96&d=mm&r=g\",\"caption\":\"Carlos Poulain\"},\"url\":\"https:\\\/\\\/www.accidentdutravail-idf.net\\\/blog\\\/author\\\/idfcarlos\\\/\"}]}<\/script>\n<!-- \/ Yoast SEO plugin. -->","yoast_head_json":{"title":"Un salari\u00e9 projet\u00e9 dans les airs, 9 jours de coma, s\u00e9quelles \u00e0 vie : le gonflage d\u2019un pneu de camion a vir\u00e9 au drame - ACCIDENTDUTRAVAIL-IDF","description":"Un salari\u00e9 projet\u00e9 dans les airs, 9 jours de coma, s\u00e9quelles \u00e0 vie : le gonflage d\u2019un pneu de camion a vir\u00e9 au drame article de ACCIDENTDUTRAVAIL-IDF","robots":{"index":"index","follow":"follow","max-snippet":"max-snippet:-1","max-image-preview":"max-image-preview:large","max-video-preview":"max-video-preview:-1"},"canonical":"https:\/\/www.accidentdutravail-idf.net\/blog\/un-salarie-projete-dans-les-airs-9-jours-de-coma-sequelles-a-vie-le-gonflage-dun-pneu-de-camion-a-vire-au-drame\/","og_locale":"fr_FR","og_type":"article","og_title":"Un salari\u00e9 projet\u00e9 dans les airs, 9 jours de coma, s\u00e9quelles \u00e0 vie : le gonflage d\u2019un pneu de camion a vir\u00e9 au drame - ACCIDENTDUTRAVAIL-IDF","og_description":"Un salari\u00e9 projet\u00e9 dans les airs, 9 jours de coma, s\u00e9quelles \u00e0 vie : le gonflage d\u2019un pneu de camion a vir\u00e9 au drame article de ACCIDENTDUTRAVAIL-IDF","og_url":"https:\/\/www.accidentdutravail-idf.net\/blog\/un-salarie-projete-dans-les-airs-9-jours-de-coma-sequelles-a-vie-le-gonflage-dun-pneu-de-camion-a-vire-au-drame\/","og_site_name":"ACCIDENTDUTRAVAIL-IDF","article_published_time":"2025-07-09T02:01:00+00:00","og_image":[{"url":"https:\/\/www.accidentdutravail-idf.net\/blog\/wp-content\/uploads\/2025\/07\/un-salarie-projete-dans-les-airs-9-jours-de-coma-sequelles-a-vie-le-gonflage-dun-pneu-de-camion-a-vire-au-drame.jpg","type":"","width":"","height":""}],"author":"Carlos Poulain","twitter_card":"summary_large_image","twitter_misc":{"\u00c9crit par":"Carlos Poulain","Dur\u00e9e de lecture estim\u00e9e":"4 minutes"},"schema":{"@context":"https:\/\/schema.org","@graph":[{"@type":"Article","@id":"https:\/\/www.accidentdutravail-idf.net\/blog\/un-salarie-projete-dans-les-airs-9-jours-de-coma-sequelles-a-vie-le-gonflage-dun-pneu-de-camion-a-vire-au-drame\/#article","isPartOf":{"@id":"https:\/\/www.accidentdutravail-idf.net\/blog\/un-salarie-projete-dans-les-airs-9-jours-de-coma-sequelles-a-vie-le-gonflage-dun-pneu-de-camion-a-vire-au-drame\/"},"author":{"name":"Carlos Poulain","@id":"https:\/\/www.accidentdutravail-idf.net\/blog\/#\/schema\/person\/3255d2f970de45e64bd9201f38e7b947"},"headline":"Un salari\u00e9 projet\u00e9 dans les airs, 9 jours de coma, s\u00e9quelles \u00e0 vie : le gonflage d\u2019un pneu de camion a vir\u00e9 au drame","datePublished":"2025-07-09T02:01:00+00:00","mainEntityOfPage":{"@id":"https:\/\/www.accidentdutravail-idf.net\/blog\/un-salarie-projete-dans-les-airs-9-jours-de-coma-sequelles-a-vie-le-gonflage-dun-pneu-de-camion-a-vire-au-drame\/"},"wordCount":819,"publisher":{"@id":"https:\/\/www.accidentdutravail-idf.net\/blog\/#organization"},"image":{"@id":"https:\/\/www.accidentdutravail-idf.net\/blog\/un-salarie-projete-dans-les-airs-9-jours-de-coma-sequelles-a-vie-le-gonflage-dun-pneu-de-camion-a-vire-au-drame\/#primaryimage"},"thumbnailUrl":"https:\/\/www.accidentdutravail-idf.net\/blog\/wp-content\/uploads\/2025\/07\/un-salarie-projete-dans-les-airs-9-jours-de-coma-sequelles-a-vie-le-gonflage-dun-pneu-de-camion-a-vire-au-drame.jpg","articleSection":["S\u00e9curit\u00e9 Du Travail En Ile-De-France Et Divers:"],"inLanguage":"fr-FR"},{"@type":"WebPage","@id":"https:\/\/www.accidentdutravail-idf.net\/blog\/un-salarie-projete-dans-les-airs-9-jours-de-coma-sequelles-a-vie-le-gonflage-dun-pneu-de-camion-a-vire-au-drame\/","url":"https:\/\/www.accidentdutravail-idf.net\/blog\/un-salarie-projete-dans-les-airs-9-jours-de-coma-sequelles-a-vie-le-gonflage-dun-pneu-de-camion-a-vire-au-drame\/","name":"Un salari\u00e9 projet\u00e9 dans les airs, 9 jours de coma, s\u00e9quelles \u00e0 vie : le gonflage d\u2019un pneu de camion a vir\u00e9 au drame - ACCIDENTDUTRAVAIL-IDF","isPartOf":{"@id":"https:\/\/www.accidentdutravail-idf.net\/blog\/#website"},"primaryImageOfPage":{"@id":"https:\/\/www.accidentdutravail-idf.net\/blog\/un-salarie-projete-dans-les-airs-9-jours-de-coma-sequelles-a-vie-le-gonflage-dun-pneu-de-camion-a-vire-au-drame\/#primaryimage"},"image":{"@id":"https:\/\/www.accidentdutravail-idf.net\/blog\/un-salarie-projete-dans-les-airs-9-jours-de-coma-sequelles-a-vie-le-gonflage-dun-pneu-de-camion-a-vire-au-drame\/#primaryimage"},"thumbnailUrl":"https:\/\/www.accidentdutravail-idf.net\/blog\/wp-content\/uploads\/2025\/07\/un-salarie-projete-dans-les-airs-9-jours-de-coma-sequelles-a-vie-le-gonflage-dun-pneu-de-camion-a-vire-au-drame.jpg","datePublished":"2025-07-09T02:01:00+00:00","description":"Un salari\u00e9 projet\u00e9 dans les airs, 9 jours de coma, s\u00e9quelles \u00e0 vie : le gonflage d\u2019un pneu de camion a vir\u00e9 au drame article de ACCIDENTDUTRAVAIL-IDF","breadcrumb":{"@id":"https:\/\/www.accidentdutravail-idf.net\/blog\/un-salarie-projete-dans-les-airs-9-jours-de-coma-sequelles-a-vie-le-gonflage-dun-pneu-de-camion-a-vire-au-drame\/#breadcrumb"},"inLanguage":"fr-FR","potentialAction":[{"@type":"ReadAction","target":["https:\/\/www.accidentdutravail-idf.net\/blog\/un-salarie-projete-dans-les-airs-9-jours-de-coma-sequelles-a-vie-le-gonflage-dun-pneu-de-camion-a-vire-au-drame\/"]}]},{"@type":"ImageObject","inLanguage":"fr-FR","@id":"https:\/\/www.accidentdutravail-idf.net\/blog\/un-salarie-projete-dans-les-airs-9-jours-de-coma-sequelles-a-vie-le-gonflage-dun-pneu-de-camion-a-vire-au-drame\/#primaryimage","url":"https:\/\/www.accidentdutravail-idf.net\/blog\/wp-content\/uploads\/2025\/07\/un-salarie-projete-dans-les-airs-9-jours-de-coma-sequelles-a-vie-le-gonflage-dun-pneu-de-camion-a-vire-au-drame.jpg","contentUrl":"https:\/\/www.accidentdutravail-idf.net\/blog\/wp-content\/uploads\/2025\/07\/un-salarie-projete-dans-les-airs-9-jours-de-coma-sequelles-a-vie-le-gonflage-dun-pneu-de-camion-a-vire-au-drame.jpg"},{"@type":"BreadcrumbList","@id":"https:\/\/www.accidentdutravail-idf.net\/blog\/un-salarie-projete-dans-les-airs-9-jours-de-coma-sequelles-a-vie-le-gonflage-dun-pneu-de-camion-a-vire-au-drame\/#breadcrumb","itemListElement":[{"@type":"ListItem","position":1,"name":"Accueil","item":"https:\/\/www.accidentdutravail-idf.net\/blog\/"},{"@type":"ListItem","position":2,"name":"Un salari\u00e9 projet\u00e9 dans les airs, 9 jours de coma, s\u00e9quelles \u00e0 vie : le gonflage d\u2019un pneu de camion a vir\u00e9 au drame"}]},{"@type":"WebSite","@id":"https:\/\/www.accidentdutravail-idf.net\/blog\/#website","url":"https:\/\/www.accidentdutravail-idf.net\/blog\/","name":"ACCIDENTDUTRAVAIL-IDF","description":"Portail accidents du travail-maladies professionnelles des entreprises d&#039;Ile-de-France","publisher":{"@id":"https:\/\/www.accidentdutravail-idf.net\/blog\/#organization"},"potentialAction":[{"@type":"SearchAction","target":{"@type":"EntryPoint","urlTemplate":"https:\/\/www.accidentdutravail-idf.net\/blog\/?s={search_term_string}"},"query-input":{"@type":"PropertyValueSpecification","valueRequired":true,"valueName":"search_term_string"}}],"inLanguage":"fr-FR"},{"@type":"Organization","@id":"https:\/\/www.accidentdutravail-idf.net\/blog\/#organization","name":"accidentdutravail-idf","url":"https:\/\/www.accidentdutravail-idf.net\/blog\/","logo":{"@type":"ImageObject","inLanguage":"fr-FR","@id":"https:\/\/www.accidentdutravail-idf.net\/blog\/#\/schema\/logo\/image\/","url":"https:\/\/www.accidentdutravail-idf.net\/blog\/wp-content\/uploads\/2022\/09\/logo-2.png","contentUrl":"https:\/\/www.accidentdutravail-idf.net\/blog\/wp-content\/uploads\/2022\/09\/logo-2.png","width":380,"height":291,"caption":"accidentdutravail-idf"},"image":{"@id":"https:\/\/www.accidentdutravail-idf.net\/blog\/#\/schema\/logo\/image\/"}},{"@type":"Person","@id":"https:\/\/www.accidentdutravail-idf.net\/blog\/#\/schema\/person\/3255d2f970de45e64bd9201f38e7b947","name":"Carlos Poulain","image":{"@type":"ImageObject","inLanguage":"fr-FR","@id":"https:\/\/secure.gravatar.com\/avatar\/b1c2f9d3588e34e91adb093635df64ef4b2381991216be7576466cfcdca4baf3?s=96&d=mm&r=g","url":"https:\/\/secure.gravatar.com\/avatar\/b1c2f9d3588e34e91adb093635df64ef4b2381991216be7576466cfcdca4baf3?s=96&d=mm&r=g","contentUrl":"https:\/\/secure.gravatar.com\/avatar\/b1c2f9d3588e34e91adb093635df64ef4b2381991216be7576466cfcdca4baf3?s=96&d=mm&r=g","caption":"Carlos Poulain"},"url":"https:\/\/www.accidentdutravail-idf.net\/blog\/author\/idfcarlos\/"}]}},"_links":{"self":[{"href":"https:\/\/www.accidentdutravail-idf.net\/blog\/wp-json\/wp\/v2\/posts\/1570","targetHints":{"allow":["GET"]}}],"collection":[{"href":"https:\/\/www.accidentdutravail-idf.net\/blog\/wp-json\/wp\/v2\/posts"}],"about":[{"href":"https:\/\/www.accidentdutravail-idf.net\/blog\/wp-json\/wp\/v2\/types\/post"}],"author":[{"embeddable":true,"href":"https:\/\/www.accidentdutravail-idf.net\/blog\/wp-json\/wp\/v2\/users\/2"}],"replies":[{"embeddable":true,"href":"https:\/\/www.accidentdutravail-idf.net\/blog\/wp-json\/wp\/v2\/comments?post=1570"}],"version-history":[{"count":0,"href":"https:\/\/www.accidentdutravail-idf.net\/blog\/wp-json\/wp\/v2\/posts\/1570\/revisions"}],"wp:attachment":[{"href":"https:\/\/www.accidentdutravail-idf.net\/blog\/wp-json\/wp\/v2\/media?parent=1570"}],"wp:term":[{"taxonomy":"category","embeddable":true,"href":"https:\/\/www.accidentdutravail-idf.net\/blog\/wp-json\/wp\/v2\/categories?post=1570"},{"taxonomy":"post_tag","embeddable":true,"href":"https:\/\/www.accidentdutravail-idf.net\/blog\/wp-json\/wp\/v2\/tags?post=1570"}],"curies":[{"name":"wp","href":"https:\/\/api.w.org\/{rel}","templated":true}]}}