{"id":1563,"date":"2025-07-11T09:00:00","date_gmt":"2025-07-11T07:00:00","guid":{"rendered":"https:\/\/www.accidentdutravail-idf.net\/blog\/astrid-panosyan-bouvet-ministre-chargee-du-travail-lutter-contre-les-accidents-du-travail-est-un-devoir-moral\/"},"modified":"2025-07-11T09:00:00","modified_gmt":"2025-07-11T07:00:00","slug":"astrid-panosyan-bouvet-ministre-chargee-du-travail-lutter-contre-les-accidents-du-travail-est-un-devoir-moral","status":"publish","type":"post","link":"https:\/\/www.accidentdutravail-idf.net\/blog\/astrid-panosyan-bouvet-ministre-chargee-du-travail-lutter-contre-les-accidents-du-travail-est-un-devoir-moral\/","title":{"rendered":"Astrid Panosyan-Bouvet, ministre charg\u00e9e du travail : \u00ab Lutter contre les accidents du travail est un devoir moral"},"content":{"rendered":"<figure class=\"article__media\">  <img decoding=\"async\" src=\"https:\/\/www.accidentdutravail-idf.net\/blog\/wp-content\/uploads\/2025\/07\/astrid-panosyan-bouvet-ministre-chargee-du-travail-lutter-contre-les-accidents-du-travail-est-un-devoir-moral.jpg\" alt=\"La ministre charg\u00e9e du travail er de l\u2019emploi, Astrid Panosyan-Bouvet, \u00e0 l\u2019Assembl\u00e9e nationale, le 3&nbsp;juillet&nbsp;2025.\" width=\"664\" height=\"443\">   <img decoding=\"async\" src=\"https:\/\/www.accidentdutravail-idf.net\/blog\/wp-content\/uploads\/2025\/07\/astrid-panosyan-bouvet-ministre-chargee-du-travail-lutter-contre-les-accidents-du-travail-est-un-devoir-moral.jpg\" alt=\"La ministre charg\u00e9e du travail er de l\u2019emploi, Astrid Panosyan-Bouvet, \u00e0 l\u2019Assembl\u00e9e nationale, le 3&nbsp;juillet&nbsp;2025.\"><figcaption class=\"article__legend\" aria-hidden=\"true\">La ministre charg\u00e9e du travail er de l\u2019emploi, Astrid Panosyan-Bouvet, \u00e0 l\u2019Assembl\u00e9e nationale, le 3&nbsp;juillet&nbsp;2025. <span class=\"article__credit\" aria-hidden=\"true\">BASTIEN OHIER\/HANS LUCAS\/AFP<\/span> <\/figcaption><\/figure>\n<p class=\"article__paragraph \">Alors que le nombre d\u2019accidents du travail graves et mortels ne baisse plus depuis plusieurs ann\u00e9es, la ministre charg\u00e9e du travail et de l\u2019emploi, Astrid Panosyan-Bouvet, pr\u00e9sente au <em>Monde <\/em>sa strat\u00e9gie pour lutter contre le ph\u00e9nom\u00e8ne.<\/p>\n<h3 class=\"article__question\">Comment expliquez-vous qu\u2019il y ait eu encore au moins 810 morts au travail en&nbsp;2023, selon les derniers chiffres disponibles&nbsp;?<\/h3>\n<p class=\"article__paragraph \">On voit encore cela comme des faits divers, alors que nous sommes face \u00e0 un ph\u00e9nom\u00e8ne de soci\u00e9t\u00e9 qui ne doit pas \u00eatre une fatalit\u00e9. La r\u00e9ponse des pouvoirs publics ne commence pas aujourd\u2019hui. Les entreprises sont \u00e9galement mobilis\u00e9es depuis longtemps sur la pr\u00e9vention. Mais je souhaite vraiment acc\u00e9l\u00e9rer sur le sujet, car je vois \u00e7a comme un devoir moral.<\/p>\n<h3 class=\"article__question\">Quelles mesures comptez-vous prendre&nbsp;?<\/h3>\n<p class=\"article__paragraph \">On souhaite d\u2019abord fusionner le plan pour la pr\u00e9vention des accidents du travail avec le plan sant\u00e9 au travail pour qu\u2019il n\u2019y ait plus qu\u2019un seul outil avec deux sujets de la m\u00eame importance. Ce nouveau plan est en pr\u00e9paration et sera mis en pratique en&nbsp;2026. Sur la partie accidents, je fixe des points d\u2019arriv\u00e9e et je souhaite que les partenaires sociaux discutent de mesures fortes pour y arriver autour de cinq axes&nbsp;: responsabiliser davantage les entreprises et les donneurs d\u2019ordre, en limitant, par exemple, les rangs de sous-traitance, am\u00e9liorer la pr\u00e9vention pour les publics les plus expos\u00e9s (jeunes, int\u00e9rimaires, BTP), renforcer la culture de la pr\u00e9vention, renforcer les outils et les sanctions dont dispose l\u2019Etat, notamment le pouvoir des inspecteurs du travail et, enfin, mieux accompagner les victimes.<\/p>\n<p class=\"reading-mode-only \"><strong>Il vous reste 80.55% de cet article \u00e0 lire. La suite est r\u00e9serv\u00e9e aux abonn\u00e9s.<\/strong><\/p>\n<p> accidentdutravail-idf.net vous a pr\u00e9par\u00e9 ce post qui informe du sujet \u00ab\u00a0Association Sportive Huisson-Longueville Essonne\u00a0\u00bb. La chronique se veut g\u00e9n\u00e9r\u00e9e du mieux possible. Vous pouvez utiliser les coordonn\u00e9es indiqu\u00e9es sur le site dans le but d\u2019apporter des explications sur ce post qui parle du th\u00e8me \u00ab\u00a0Association Sportive Huisson-Longueville Essonne\u00a0\u00bb. Le site accidentdutravail-idf.net a pour but de fournir diverses publications sur la th\u00e9matique Association Sportive Huisson-Longueville Essonne diffus\u00e9es sur le net. Il y aura plusieurs articles autour du sujet \u00ab\u00a0Association Sportive Huisson-Longueville Essonne\u00a0\u00bb dans quelques jours, nous vous invitons \u00e0 naviguer sur notre site web \u00e0 plusieurs reprises.<\/p>\n","protected":false},"excerpt":{"rendered":"<p>La ministre charg\u00e9e du travail er de l\u2019emploi, Astrid Panosyan-Bouvet, \u00e0 l\u2019Assembl\u00e9e nationale, le 3&nbsp;juillet&nbsp;2025. BASTIEN OHIER\/HANS LUCAS\/AFP Alors que le nombre d\u2019accidents du travail graves et mortels ne baisse plus depuis plusieurs ann\u00e9es, la ministre charg\u00e9e du travail et de l\u2019emploi, Astrid Panosyan-Bouvet, pr\u00e9sente au Monde sa strat\u00e9gie pour lutter contre le ph\u00e9nom\u00e8ne. Comment &hellip; <\/p>\n<p class=\"link-more\"><a href=\"https:\/\/www.accidentdutravail-idf.net\/blog\/astrid-panosyan-bouvet-ministre-chargee-du-travail-lutter-contre-les-accidents-du-travail-est-un-devoir-moral\/\" class=\"more-link\">Continuer la lecture <span class=\"screen-reader-text\"> \u00ab\u00a0Astrid Panosyan-Bouvet, ministre charg\u00e9e du travail : \u00ab Lutter contre les accidents du travail est un devoir moral\u00a0\u00bb<\/span><\/a><\/p>\n","protected":false},"author":2,"featured_media":0,"comment_status":"closed","ping_status":"closed","sticky":false,"template":"","format":"standard","meta":{"footnotes":""},"categories":[5],"tags":[],"class_list":["post-1563","post","type-post","status-publish","format-standard","hentry","category-securite-du-travail-en-ile-de-france-et-divers","entry"],"yoast_head":"<!-- This site is optimized with the Yoast SEO plugin v27.5 - https:\/\/yoast.com\/product\/yoast-seo-wordpress\/ -->\n<title>Astrid Panosyan-Bouvet, ministre charg\u00e9e du travail : \u00ab Lutter contre les accidents du travail est un devoir moral - ACCIDENTDUTRAVAIL-IDF<\/title>\n<meta name=\"description\" content=\"Astrid Panosyan-Bouvet, ministre charg\u00e9e du travail : \u00ab Lutter contre les accidents du travail est un devoir moral article de ACCIDENTDUTRAVAIL-IDF\" \/>\n<meta name=\"robots\" content=\"index, follow, max-snippet:-1, max-image-preview:large, max-video-preview:-1\" \/>\n<link rel=\"canonical\" href=\"https:\/\/www.accidentdutravail-idf.net\/blog\/astrid-panosyan-bouvet-ministre-chargee-du-travail-lutter-contre-les-accidents-du-travail-est-un-devoir-moral\/\" \/>\n<meta property=\"og:locale\" content=\"fr_FR\" \/>\n<meta property=\"og:type\" content=\"article\" \/>\n<meta property=\"og:title\" content=\"Astrid Panosyan-Bouvet, ministre charg\u00e9e du travail : \u00ab Lutter contre les accidents du travail est un devoir moral - ACCIDENTDUTRAVAIL-IDF\" \/>\n<meta property=\"og:description\" content=\"Astrid Panosyan-Bouvet, ministre charg\u00e9e du travail : \u00ab Lutter contre les accidents du travail est un devoir moral article de ACCIDENTDUTRAVAIL-IDF\" \/>\n<meta property=\"og:url\" content=\"https:\/\/www.accidentdutravail-idf.net\/blog\/astrid-panosyan-bouvet-ministre-chargee-du-travail-lutter-contre-les-accidents-du-travail-est-un-devoir-moral\/\" \/>\n<meta property=\"og:site_name\" content=\"ACCIDENTDUTRAVAIL-IDF\" \/>\n<meta property=\"article:published_time\" content=\"2025-07-11T07:00:00+00:00\" \/>\n<meta property=\"og:image\" content=\"https:\/\/www.accidentdutravail-idf.net\/blog\/wp-content\/uploads\/2025\/07\/astrid-panosyan-bouvet-ministre-chargee-du-travail-lutter-contre-les-accidents-du-travail-est-un-devoir-moral.jpg\" \/>\n<meta name=\"author\" content=\"Carlos Poulain\" \/>\n<meta name=\"twitter:card\" content=\"summary_large_image\" \/>\n<meta name=\"twitter:label1\" content=\"\u00c9crit par\" \/>\n\t<meta name=\"twitter:data1\" content=\"Carlos Poulain\" \/>\n\t<meta name=\"twitter:label2\" content=\"Dur\u00e9e de lecture estim\u00e9e\" \/>\n\t<meta name=\"twitter:data2\" content=\"2 minutes\" \/>\n<script type=\"application\/ld+json\" class=\"yoast-schema-graph\">{\"@context\":\"https:\\\/\\\/schema.org\",\"@graph\":[{\"@type\":\"Article\",\"@id\":\"https:\\\/\\\/www.accidentdutravail-idf.net\\\/blog\\\/astrid-panosyan-bouvet-ministre-chargee-du-travail-lutter-contre-les-accidents-du-travail-est-un-devoir-moral\\\/#article\",\"isPartOf\":{\"@id\":\"https:\\\/\\\/www.accidentdutravail-idf.net\\\/blog\\\/astrid-panosyan-bouvet-ministre-chargee-du-travail-lutter-contre-les-accidents-du-travail-est-un-devoir-moral\\\/\"},\"author\":{\"name\":\"Carlos Poulain\",\"@id\":\"https:\\\/\\\/www.accidentdutravail-idf.net\\\/blog\\\/#\\\/schema\\\/person\\\/3255d2f970de45e64bd9201f38e7b947\"},\"headline\":\"Astrid Panosyan-Bouvet, ministre charg\u00e9e du travail : \u00ab Lutter contre les accidents du travail est un devoir moral\",\"datePublished\":\"2025-07-11T07:00:00+00:00\",\"mainEntityOfPage\":{\"@id\":\"https:\\\/\\\/www.accidentdutravail-idf.net\\\/blog\\\/astrid-panosyan-bouvet-ministre-chargee-du-travail-lutter-contre-les-accidents-du-travail-est-un-devoir-moral\\\/\"},\"wordCount\":449,\"publisher\":{\"@id\":\"https:\\\/\\\/www.accidentdutravail-idf.net\\\/blog\\\/#organization\"},\"image\":{\"@id\":\"https:\\\/\\\/www.accidentdutravail-idf.net\\\/blog\\\/astrid-panosyan-bouvet-ministre-chargee-du-travail-lutter-contre-les-accidents-du-travail-est-un-devoir-moral\\\/#primaryimage\"},\"thumbnailUrl\":\"https:\\\/\\\/www.accidentdutravail-idf.net\\\/blog\\\/wp-content\\\/uploads\\\/2025\\\/07\\\/astrid-panosyan-bouvet-ministre-chargee-du-travail-lutter-contre-les-accidents-du-travail-est-un-devoir-moral.jpg\",\"articleSection\":[\"S\u00e9curit\u00e9 Du Travail En Ile-De-France Et Divers:\"],\"inLanguage\":\"fr-FR\"},{\"@type\":\"WebPage\",\"@id\":\"https:\\\/\\\/www.accidentdutravail-idf.net\\\/blog\\\/astrid-panosyan-bouvet-ministre-chargee-du-travail-lutter-contre-les-accidents-du-travail-est-un-devoir-moral\\\/\",\"url\":\"https:\\\/\\\/www.accidentdutravail-idf.net\\\/blog\\\/astrid-panosyan-bouvet-ministre-chargee-du-travail-lutter-contre-les-accidents-du-travail-est-un-devoir-moral\\\/\",\"name\":\"Astrid Panosyan-Bouvet, ministre charg\u00e9e du travail : \u00ab Lutter contre les accidents du travail est un devoir moral - ACCIDENTDUTRAVAIL-IDF\",\"isPartOf\":{\"@id\":\"https:\\\/\\\/www.accidentdutravail-idf.net\\\/blog\\\/#website\"},\"primaryImageOfPage\":{\"@id\":\"https:\\\/\\\/www.accidentdutravail-idf.net\\\/blog\\\/astrid-panosyan-bouvet-ministre-chargee-du-travail-lutter-contre-les-accidents-du-travail-est-un-devoir-moral\\\/#primaryimage\"},\"image\":{\"@id\":\"https:\\\/\\\/www.accidentdutravail-idf.net\\\/blog\\\/astrid-panosyan-bouvet-ministre-chargee-du-travail-lutter-contre-les-accidents-du-travail-est-un-devoir-moral\\\/#primaryimage\"},\"thumbnailUrl\":\"https:\\\/\\\/www.accidentdutravail-idf.net\\\/blog\\\/wp-content\\\/uploads\\\/2025\\\/07\\\/astrid-panosyan-bouvet-ministre-chargee-du-travail-lutter-contre-les-accidents-du-travail-est-un-devoir-moral.jpg\",\"datePublished\":\"2025-07-11T07:00:00+00:00\",\"description\":\"Astrid Panosyan-Bouvet, ministre charg\u00e9e du travail : \u00ab Lutter contre les accidents du travail est un devoir moral article de ACCIDENTDUTRAVAIL-IDF\",\"breadcrumb\":{\"@id\":\"https:\\\/\\\/www.accidentdutravail-idf.net\\\/blog\\\/astrid-panosyan-bouvet-ministre-chargee-du-travail-lutter-contre-les-accidents-du-travail-est-un-devoir-moral\\\/#breadcrumb\"},\"inLanguage\":\"fr-FR\",\"potentialAction\":[{\"@type\":\"ReadAction\",\"target\":[\"https:\\\/\\\/www.accidentdutravail-idf.net\\\/blog\\\/astrid-panosyan-bouvet-ministre-chargee-du-travail-lutter-contre-les-accidents-du-travail-est-un-devoir-moral\\\/\"]}]},{\"@type\":\"ImageObject\",\"inLanguage\":\"fr-FR\",\"@id\":\"https:\\\/\\\/www.accidentdutravail-idf.net\\\/blog\\\/astrid-panosyan-bouvet-ministre-chargee-du-travail-lutter-contre-les-accidents-du-travail-est-un-devoir-moral\\\/#primaryimage\",\"url\":\"https:\\\/\\\/www.accidentdutravail-idf.net\\\/blog\\\/wp-content\\\/uploads\\\/2025\\\/07\\\/astrid-panosyan-bouvet-ministre-chargee-du-travail-lutter-contre-les-accidents-du-travail-est-un-devoir-moral.jpg\",\"contentUrl\":\"https:\\\/\\\/www.accidentdutravail-idf.net\\\/blog\\\/wp-content\\\/uploads\\\/2025\\\/07\\\/astrid-panosyan-bouvet-ministre-chargee-du-travail-lutter-contre-les-accidents-du-travail-est-un-devoir-moral.jpg\"},{\"@type\":\"BreadcrumbList\",\"@id\":\"https:\\\/\\\/www.accidentdutravail-idf.net\\\/blog\\\/astrid-panosyan-bouvet-ministre-chargee-du-travail-lutter-contre-les-accidents-du-travail-est-un-devoir-moral\\\/#breadcrumb\",\"itemListElement\":[{\"@type\":\"ListItem\",\"position\":1,\"name\":\"Accueil\",\"item\":\"https:\\\/\\\/www.accidentdutravail-idf.net\\\/blog\\\/\"},{\"@type\":\"ListItem\",\"position\":2,\"name\":\"Astrid Panosyan-Bouvet, ministre charg\u00e9e du travail : \u00ab Lutter contre les accidents du travail est un devoir moral\"}]},{\"@type\":\"WebSite\",\"@id\":\"https:\\\/\\\/www.accidentdutravail-idf.net\\\/blog\\\/#website\",\"url\":\"https:\\\/\\\/www.accidentdutravail-idf.net\\\/blog\\\/\",\"name\":\"ACCIDENTDUTRAVAIL-IDF\",\"description\":\"Portail accidents du travail-maladies professionnelles des entreprises d&#039;Ile-de-France\",\"publisher\":{\"@id\":\"https:\\\/\\\/www.accidentdutravail-idf.net\\\/blog\\\/#organization\"},\"potentialAction\":[{\"@type\":\"SearchAction\",\"target\":{\"@type\":\"EntryPoint\",\"urlTemplate\":\"https:\\\/\\\/www.accidentdutravail-idf.net\\\/blog\\\/?s={search_term_string}\"},\"query-input\":{\"@type\":\"PropertyValueSpecification\",\"valueRequired\":true,\"valueName\":\"search_term_string\"}}],\"inLanguage\":\"fr-FR\"},{\"@type\":\"Organization\",\"@id\":\"https:\\\/\\\/www.accidentdutravail-idf.net\\\/blog\\\/#organization\",\"name\":\"accidentdutravail-idf\",\"url\":\"https:\\\/\\\/www.accidentdutravail-idf.net\\\/blog\\\/\",\"logo\":{\"@type\":\"ImageObject\",\"inLanguage\":\"fr-FR\",\"@id\":\"https:\\\/\\\/www.accidentdutravail-idf.net\\\/blog\\\/#\\\/schema\\\/logo\\\/image\\\/\",\"url\":\"https:\\\/\\\/www.accidentdutravail-idf.net\\\/blog\\\/wp-content\\\/uploads\\\/2022\\\/09\\\/logo-2.png\",\"contentUrl\":\"https:\\\/\\\/www.accidentdutravail-idf.net\\\/blog\\\/wp-content\\\/uploads\\\/2022\\\/09\\\/logo-2.png\",\"width\":380,\"height\":291,\"caption\":\"accidentdutravail-idf\"},\"image\":{\"@id\":\"https:\\\/\\\/www.accidentdutravail-idf.net\\\/blog\\\/#\\\/schema\\\/logo\\\/image\\\/\"}},{\"@type\":\"Person\",\"@id\":\"https:\\\/\\\/www.accidentdutravail-idf.net\\\/blog\\\/#\\\/schema\\\/person\\\/3255d2f970de45e64bd9201f38e7b947\",\"name\":\"Carlos Poulain\",\"image\":{\"@type\":\"ImageObject\",\"inLanguage\":\"fr-FR\",\"@id\":\"https:\\\/\\\/secure.gravatar.com\\\/avatar\\\/b1c2f9d3588e34e91adb093635df64ef4b2381991216be7576466cfcdca4baf3?s=96&d=mm&r=g\",\"url\":\"https:\\\/\\\/secure.gravatar.com\\\/avatar\\\/b1c2f9d3588e34e91adb093635df64ef4b2381991216be7576466cfcdca4baf3?s=96&d=mm&r=g\",\"contentUrl\":\"https:\\\/\\\/secure.gravatar.com\\\/avatar\\\/b1c2f9d3588e34e91adb093635df64ef4b2381991216be7576466cfcdca4baf3?s=96&d=mm&r=g\",\"caption\":\"Carlos Poulain\"},\"url\":\"https:\\\/\\\/www.accidentdutravail-idf.net\\\/blog\\\/author\\\/idfcarlos\\\/\"}]}<\/script>\n<!-- \/ Yoast SEO plugin. -->","yoast_head_json":{"title":"Astrid Panosyan-Bouvet, ministre charg\u00e9e du travail : \u00ab Lutter contre les accidents du travail est un devoir moral - ACCIDENTDUTRAVAIL-IDF","description":"Astrid Panosyan-Bouvet, ministre charg\u00e9e du travail : \u00ab Lutter contre les accidents du travail est un devoir moral article de ACCIDENTDUTRAVAIL-IDF","robots":{"index":"index","follow":"follow","max-snippet":"max-snippet:-1","max-image-preview":"max-image-preview:large","max-video-preview":"max-video-preview:-1"},"canonical":"https:\/\/www.accidentdutravail-idf.net\/blog\/astrid-panosyan-bouvet-ministre-chargee-du-travail-lutter-contre-les-accidents-du-travail-est-un-devoir-moral\/","og_locale":"fr_FR","og_type":"article","og_title":"Astrid Panosyan-Bouvet, ministre charg\u00e9e du travail : \u00ab Lutter contre les accidents du travail est un devoir moral - ACCIDENTDUTRAVAIL-IDF","og_description":"Astrid Panosyan-Bouvet, ministre charg\u00e9e du travail : \u00ab Lutter contre les accidents du travail est un devoir moral article de ACCIDENTDUTRAVAIL-IDF","og_url":"https:\/\/www.accidentdutravail-idf.net\/blog\/astrid-panosyan-bouvet-ministre-chargee-du-travail-lutter-contre-les-accidents-du-travail-est-un-devoir-moral\/","og_site_name":"ACCIDENTDUTRAVAIL-IDF","article_published_time":"2025-07-11T07:00:00+00:00","og_image":[{"url":"https:\/\/www.accidentdutravail-idf.net\/blog\/wp-content\/uploads\/2025\/07\/astrid-panosyan-bouvet-ministre-chargee-du-travail-lutter-contre-les-accidents-du-travail-est-un-devoir-moral.jpg","type":"","width":"","height":""}],"author":"Carlos Poulain","twitter_card":"summary_large_image","twitter_misc":{"\u00c9crit par":"Carlos Poulain","Dur\u00e9e de lecture estim\u00e9e":"2 minutes"},"schema":{"@context":"https:\/\/schema.org","@graph":[{"@type":"Article","@id":"https:\/\/www.accidentdutravail-idf.net\/blog\/astrid-panosyan-bouvet-ministre-chargee-du-travail-lutter-contre-les-accidents-du-travail-est-un-devoir-moral\/#article","isPartOf":{"@id":"https:\/\/www.accidentdutravail-idf.net\/blog\/astrid-panosyan-bouvet-ministre-chargee-du-travail-lutter-contre-les-accidents-du-travail-est-un-devoir-moral\/"},"author":{"name":"Carlos Poulain","@id":"https:\/\/www.accidentdutravail-idf.net\/blog\/#\/schema\/person\/3255d2f970de45e64bd9201f38e7b947"},"headline":"Astrid Panosyan-Bouvet, ministre charg\u00e9e du travail : \u00ab Lutter contre les accidents du travail est un devoir moral","datePublished":"2025-07-11T07:00:00+00:00","mainEntityOfPage":{"@id":"https:\/\/www.accidentdutravail-idf.net\/blog\/astrid-panosyan-bouvet-ministre-chargee-du-travail-lutter-contre-les-accidents-du-travail-est-un-devoir-moral\/"},"wordCount":449,"publisher":{"@id":"https:\/\/www.accidentdutravail-idf.net\/blog\/#organization"},"image":{"@id":"https:\/\/www.accidentdutravail-idf.net\/blog\/astrid-panosyan-bouvet-ministre-chargee-du-travail-lutter-contre-les-accidents-du-travail-est-un-devoir-moral\/#primaryimage"},"thumbnailUrl":"https:\/\/www.accidentdutravail-idf.net\/blog\/wp-content\/uploads\/2025\/07\/astrid-panosyan-bouvet-ministre-chargee-du-travail-lutter-contre-les-accidents-du-travail-est-un-devoir-moral.jpg","articleSection":["S\u00e9curit\u00e9 Du Travail En Ile-De-France Et Divers:"],"inLanguage":"fr-FR"},{"@type":"WebPage","@id":"https:\/\/www.accidentdutravail-idf.net\/blog\/astrid-panosyan-bouvet-ministre-chargee-du-travail-lutter-contre-les-accidents-du-travail-est-un-devoir-moral\/","url":"https:\/\/www.accidentdutravail-idf.net\/blog\/astrid-panosyan-bouvet-ministre-chargee-du-travail-lutter-contre-les-accidents-du-travail-est-un-devoir-moral\/","name":"Astrid Panosyan-Bouvet, ministre charg\u00e9e du travail : \u00ab Lutter contre les accidents du travail est un devoir moral - ACCIDENTDUTRAVAIL-IDF","isPartOf":{"@id":"https:\/\/www.accidentdutravail-idf.net\/blog\/#website"},"primaryImageOfPage":{"@id":"https:\/\/www.accidentdutravail-idf.net\/blog\/astrid-panosyan-bouvet-ministre-chargee-du-travail-lutter-contre-les-accidents-du-travail-est-un-devoir-moral\/#primaryimage"},"image":{"@id":"https:\/\/www.accidentdutravail-idf.net\/blog\/astrid-panosyan-bouvet-ministre-chargee-du-travail-lutter-contre-les-accidents-du-travail-est-un-devoir-moral\/#primaryimage"},"thumbnailUrl":"https:\/\/www.accidentdutravail-idf.net\/blog\/wp-content\/uploads\/2025\/07\/astrid-panosyan-bouvet-ministre-chargee-du-travail-lutter-contre-les-accidents-du-travail-est-un-devoir-moral.jpg","datePublished":"2025-07-11T07:00:00+00:00","description":"Astrid Panosyan-Bouvet, ministre charg\u00e9e du travail : \u00ab Lutter contre les accidents du travail est un devoir moral article de ACCIDENTDUTRAVAIL-IDF","breadcrumb":{"@id":"https:\/\/www.accidentdutravail-idf.net\/blog\/astrid-panosyan-bouvet-ministre-chargee-du-travail-lutter-contre-les-accidents-du-travail-est-un-devoir-moral\/#breadcrumb"},"inLanguage":"fr-FR","potentialAction":[{"@type":"ReadAction","target":["https:\/\/www.accidentdutravail-idf.net\/blog\/astrid-panosyan-bouvet-ministre-chargee-du-travail-lutter-contre-les-accidents-du-travail-est-un-devoir-moral\/"]}]},{"@type":"ImageObject","inLanguage":"fr-FR","@id":"https:\/\/www.accidentdutravail-idf.net\/blog\/astrid-panosyan-bouvet-ministre-chargee-du-travail-lutter-contre-les-accidents-du-travail-est-un-devoir-moral\/#primaryimage","url":"https:\/\/www.accidentdutravail-idf.net\/blog\/wp-content\/uploads\/2025\/07\/astrid-panosyan-bouvet-ministre-chargee-du-travail-lutter-contre-les-accidents-du-travail-est-un-devoir-moral.jpg","contentUrl":"https:\/\/www.accidentdutravail-idf.net\/blog\/wp-content\/uploads\/2025\/07\/astrid-panosyan-bouvet-ministre-chargee-du-travail-lutter-contre-les-accidents-du-travail-est-un-devoir-moral.jpg"},{"@type":"BreadcrumbList","@id":"https:\/\/www.accidentdutravail-idf.net\/blog\/astrid-panosyan-bouvet-ministre-chargee-du-travail-lutter-contre-les-accidents-du-travail-est-un-devoir-moral\/#breadcrumb","itemListElement":[{"@type":"ListItem","position":1,"name":"Accueil","item":"https:\/\/www.accidentdutravail-idf.net\/blog\/"},{"@type":"ListItem","position":2,"name":"Astrid Panosyan-Bouvet, ministre charg\u00e9e du travail : \u00ab Lutter contre les accidents du travail est un devoir moral"}]},{"@type":"WebSite","@id":"https:\/\/www.accidentdutravail-idf.net\/blog\/#website","url":"https:\/\/www.accidentdutravail-idf.net\/blog\/","name":"ACCIDENTDUTRAVAIL-IDF","description":"Portail accidents du travail-maladies professionnelles des entreprises d&#039;Ile-de-France","publisher":{"@id":"https:\/\/www.accidentdutravail-idf.net\/blog\/#organization"},"potentialAction":[{"@type":"SearchAction","target":{"@type":"EntryPoint","urlTemplate":"https:\/\/www.accidentdutravail-idf.net\/blog\/?s={search_term_string}"},"query-input":{"@type":"PropertyValueSpecification","valueRequired":true,"valueName":"search_term_string"}}],"inLanguage":"fr-FR"},{"@type":"Organization","@id":"https:\/\/www.accidentdutravail-idf.net\/blog\/#organization","name":"accidentdutravail-idf","url":"https:\/\/www.accidentdutravail-idf.net\/blog\/","logo":{"@type":"ImageObject","inLanguage":"fr-FR","@id":"https:\/\/www.accidentdutravail-idf.net\/blog\/#\/schema\/logo\/image\/","url":"https:\/\/www.accidentdutravail-idf.net\/blog\/wp-content\/uploads\/2022\/09\/logo-2.png","contentUrl":"https:\/\/www.accidentdutravail-idf.net\/blog\/wp-content\/uploads\/2022\/09\/logo-2.png","width":380,"height":291,"caption":"accidentdutravail-idf"},"image":{"@id":"https:\/\/www.accidentdutravail-idf.net\/blog\/#\/schema\/logo\/image\/"}},{"@type":"Person","@id":"https:\/\/www.accidentdutravail-idf.net\/blog\/#\/schema\/person\/3255d2f970de45e64bd9201f38e7b947","name":"Carlos Poulain","image":{"@type":"ImageObject","inLanguage":"fr-FR","@id":"https:\/\/secure.gravatar.com\/avatar\/b1c2f9d3588e34e91adb093635df64ef4b2381991216be7576466cfcdca4baf3?s=96&d=mm&r=g","url":"https:\/\/secure.gravatar.com\/avatar\/b1c2f9d3588e34e91adb093635df64ef4b2381991216be7576466cfcdca4baf3?s=96&d=mm&r=g","contentUrl":"https:\/\/secure.gravatar.com\/avatar\/b1c2f9d3588e34e91adb093635df64ef4b2381991216be7576466cfcdca4baf3?s=96&d=mm&r=g","caption":"Carlos Poulain"},"url":"https:\/\/www.accidentdutravail-idf.net\/blog\/author\/idfcarlos\/"}]}},"_links":{"self":[{"href":"https:\/\/www.accidentdutravail-idf.net\/blog\/wp-json\/wp\/v2\/posts\/1563","targetHints":{"allow":["GET"]}}],"collection":[{"href":"https:\/\/www.accidentdutravail-idf.net\/blog\/wp-json\/wp\/v2\/posts"}],"about":[{"href":"https:\/\/www.accidentdutravail-idf.net\/blog\/wp-json\/wp\/v2\/types\/post"}],"author":[{"embeddable":true,"href":"https:\/\/www.accidentdutravail-idf.net\/blog\/wp-json\/wp\/v2\/users\/2"}],"replies":[{"embeddable":true,"href":"https:\/\/www.accidentdutravail-idf.net\/blog\/wp-json\/wp\/v2\/comments?post=1563"}],"version-history":[{"count":0,"href":"https:\/\/www.accidentdutravail-idf.net\/blog\/wp-json\/wp\/v2\/posts\/1563\/revisions"}],"wp:attachment":[{"href":"https:\/\/www.accidentdutravail-idf.net\/blog\/wp-json\/wp\/v2\/media?parent=1563"}],"wp:term":[{"taxonomy":"category","embeddable":true,"href":"https:\/\/www.accidentdutravail-idf.net\/blog\/wp-json\/wp\/v2\/categories?post=1563"},{"taxonomy":"post_tag","embeddable":true,"href":"https:\/\/www.accidentdutravail-idf.net\/blog\/wp-json\/wp\/v2\/tags?post=1563"}],"curies":[{"name":"wp","href":"https:\/\/api.w.org\/{rel}","templated":true}]}}