{"id":1558,"date":"2025-07-08T10:06:00","date_gmt":"2025-07-08T08:06:00","guid":{"rendered":"https:\/\/www.accidentdutravail-idf.net\/blog\/la-production-dascoval-a-saint-saulve-stoppee-toute-la-semaine-apres-un-grave-accident-dans-lacierie\/"},"modified":"2025-07-08T10:06:00","modified_gmt":"2025-07-08T08:06:00","slug":"la-production-dascoval-a-saint-saulve-stoppee-toute-la-semaine-apres-un-grave-accident-dans-lacierie","status":"publish","type":"post","link":"https:\/\/www.accidentdutravail-idf.net\/blog\/la-production-dascoval-a-saint-saulve-stoppee-toute-la-semaine-apres-un-grave-accident-dans-lacierie\/","title":{"rendered":"La production d&rsquo;Ascoval \u00e0 Saint-Saulve stopp\u00e9e toute la semaine apr\u00e8s un grave accident dans l&rsquo;aci\u00e9rie"},"content":{"rendered":"<div><img decoding=\"async\" src=\"https:\/\/www.accidentdutravail-idf.net\/blog\/wp-content\/uploads\/2025\/07\/la-production-dascoval-a-saint-saulve-stoppee-toute-la-semaine-apres-un-grave-accident-dans-lacierie.jpg\" class=\"ff-og-image-inserted\"><\/div>\n<p>La direction de l&rsquo;usine d&rsquo;Ascoval, aci\u00e9rie situ\u00e9e \u00e0 Saint-Saulve, a d\u00e9cid\u00e9 de stopper sa production apr\u00e8s un grave accident sur le site dans la nuit du samedi 5 au dimanche 6 juillet. Trois salari\u00e9s ont \u00e9t\u00e9 br\u00fbl\u00e9s par un arc \u00e9lectrique lors d&rsquo;une op\u00e9ration de maintenance.<\/p>\n<div><!--[1--><!--[--><!--[2--><!--[--><!--[1--><!--&gt;\n\n<p>--><!--[1--><!--[--><!--[2--><!--[1--><!--[1--><!--&gt;--><!--&gt;La production de l'aci\u00e9rie Ascoval, le site de Saint-Saulve dans le Valenciennois, est stopp\u00e9e toute la semaine du lundi 7 au dimanche 13 juillet, apr\u00e8s un grave accident du travail.&nbsp;Dans la nuit de samedi 5 au dimanche 6 juillet, <strong>trois personnes ont \u00e9t\u00e9 gravement bless\u00e9es<\/strong> en effectuant une op\u00e9ration de maintenance sur le site.&nbsp;Gravement br\u00fbl\u00e9s, le pronostic vital de deux des trois salari\u00e9s \u00e9tait toujours engag\u00e9&nbsp;au moment de leur prise en charge par les secours. <em>\"Dans ce contexte, nous sommes dans l\u2019incapacit\u00e9 de maintenir l\u2019exploitation\"<\/em>, \u00e9crit&nbsp;la direction de l'usine.--><!--&gt;--><!--]--><!--]--><!--]--><!--&gt;]--><!--]--><!--&gt;--><\/p>\n<p><!--&gt;]--><!--]--><!--]--><!--&gt;[2--><!--[3--><!--&gt;[--><!--]--><!--&gt;]--><!--]--><!--&gt;[2--><!--[1--><!--[--><!--&gt;[1--><\/p>\n<h2><!--&gt;-->Deux salari\u00e9s gravement br\u00fbl\u00e9s<!--&gt;--><\/h2>\n<p><!--]--><!--&gt;]--><!--]--><!--]--><!--&gt;[2--><!--[--><!--[1--><!--&gt;\n\n<p>--><!--[1--><!--[--><!--[2--><!--[1--><!--[1--><!--&gt;--><!--&gt;Vers trois heures du matin&nbsp;dimanche,&nbsp;ces trois salari\u00e9s effectuent une maintenance sur un moteur dans l'aci\u00e9rie. Pendant cette op\u00e9ration, <strong>un arc \u00e9lectrique se forme<\/strong>, c'est-\u00e0-dire une d\u00e9charge de courant&nbsp;qui circule dans l'air entre deux conducteurs. Les trois salari\u00e9s sont touch\u00e9s et&nbsp;deux d'entre eux sont gravement br\u00fbl\u00e9s. Ils sont alors&nbsp;transport\u00e9s par les pompiers dans un service d\u00e9di\u00e9s aux grands br\u00fbl\u00e9s, l'un&nbsp;au CHU de Lille et&nbsp;l'autre vers le centre hospitalier de Charleroi, en Belgique. Au moment de leur prise en charge par les secours dimanche,&nbsp;leur pronostic vital est engag\u00e9.--><!--&gt;--><!--]--><!--]--><!--]--><!--&gt;]--><!--]--><!--&gt;--><\/p>\n<p><!--&gt;]--><!--]--><!--]--><!--&gt;[2--><!--[--><!--[1--><!--&gt;\n\n<p>--><!--[1--><!--[--><!--[2--><!--[1--><!--[1--><!--&gt;--><!--&gt;Une enqu\u00eate de police est en cours,&nbsp;ainsi qu'une enqu\u00eate de l'inspection du travail. La direction de l'usine a d\u00e9cid\u00e9 de stopper son activit\u00e9 pendant une semaine.&nbsp;<em>\"Nous sommes dans l\u2019incapacit\u00e9 de maintenir l\u2019exploitation\"<\/em>, \u00e9crit la direction dans un courrier adress\u00e9 aux salari\u00e9s d'Ascoval.&nbsp;<em>\"Dans ces moments compliqu\u00e9s, nous pensons en priorit\u00e9 \u00e0 nos coll\u00e8gues et \u00e0 leurs familles\"<\/em>, ajoute-t-elle. Une cellule d\u2019\u00e9coute et d\u2019accompagnement est en place au sein de l'usine. Un CSE extraordinaire est \u00e9galement organis\u00e9 mercredi 9 juillet \u00e0 10 heures.--><!--&gt;--><!--]--><!--]--><!--]--><!--&gt;]--><!--]--><!--&gt;--><\/p>\n<p><!--&gt;]--><!--]--><!--]--><!--&gt;[2--><!--[3--><!--&gt;[1--><!--[!--><!--]--> <!--[--><!--[--><!--[--><!--]--><!--]--><!--]--><!--]--><!--&gt;]--><!--]--><!--&gt;]--><!--]--><!--&gt;<\/div>\n\naccidentdutravail-idf.net vous a pr\u00e9par\u00e9 ce post qui informe du sujet \"Association Sportive Huisson-Longueville Essonne\". La chronique se veut g\u00e9n\u00e9r\u00e9e du mieux possible. Vous pouvez utiliser les coordonn\u00e9es indiqu\u00e9es sur le site dans le but d\u2019apporter des explications sur ce post qui parle du th\u00e8me \"Association Sportive Huisson-Longueville Essonne\". Le site accidentdutravail-idf.net a pour but de fournir diverses publications sur la th\u00e9matique Association Sportive Huisson-Longueville Essonne diffus\u00e9es sur le net. Il y aura plusieurs articles autour du sujet \"Association Sportive Huisson-Longueville Essonne\" dans quelques jours, nous vous invitons \u00e0 naviguer sur notre site web \u00e0 plusieurs reprises.--><\/p>\n","protected":false},"excerpt":{"rendered":"<p>La direction de l&rsquo;usine d&rsquo;Ascoval, aci\u00e9rie situ\u00e9e \u00e0 Saint-Saulve, a d\u00e9cid\u00e9 de stopper sa production apr\u00e8s un grave accident sur le site dans la nuit du samedi 5 au dimanche 6 juillet. Trois salari\u00e9s ont \u00e9t\u00e9 br\u00fbl\u00e9s par un arc \u00e9lectrique lors d&rsquo;une op\u00e9ration de maintenance. Deux salari\u00e9s gravement br\u00fbl\u00e9s<\/p>\n","protected":false},"author":2,"featured_media":0,"comment_status":"closed","ping_status":"closed","sticky":false,"template":"","format":"standard","meta":{"footnotes":""},"categories":[5],"tags":[],"class_list":["post-1558","post","type-post","status-publish","format-standard","hentry","category-securite-du-travail-en-ile-de-france-et-divers","entry"],"yoast_head":"<!-- This site is optimized with the Yoast SEO plugin v27.5 - https:\/\/yoast.com\/product\/yoast-seo-wordpress\/ -->\n<title>La production d&#039;Ascoval \u00e0 Saint-Saulve stopp\u00e9e toute la semaine apr\u00e8s un grave accident dans l&#039;aci\u00e9rie - ACCIDENTDUTRAVAIL-IDF<\/title>\n<meta name=\"description\" content=\"La production d&#039;Ascoval \u00e0 Saint-Saulve stopp\u00e9e toute la semaine apr\u00e8s un grave accident dans l&#039;aci\u00e9rie article de ACCIDENTDUTRAVAIL-IDF\" \/>\n<meta name=\"robots\" content=\"index, follow, max-snippet:-1, max-image-preview:large, max-video-preview:-1\" \/>\n<link rel=\"canonical\" href=\"https:\/\/www.accidentdutravail-idf.net\/blog\/la-production-dascoval-a-saint-saulve-stoppee-toute-la-semaine-apres-un-grave-accident-dans-lacierie\/\" \/>\n<meta property=\"og:locale\" content=\"fr_FR\" \/>\n<meta property=\"og:type\" content=\"article\" \/>\n<meta property=\"og:title\" content=\"La production d&#039;Ascoval \u00e0 Saint-Saulve stopp\u00e9e toute la semaine apr\u00e8s un grave accident dans l&#039;aci\u00e9rie - ACCIDENTDUTRAVAIL-IDF\" \/>\n<meta property=\"og:description\" content=\"La production d&#039;Ascoval \u00e0 Saint-Saulve stopp\u00e9e toute la semaine apr\u00e8s un grave accident dans l&#039;aci\u00e9rie article de ACCIDENTDUTRAVAIL-IDF\" \/>\n<meta property=\"og:url\" content=\"https:\/\/www.accidentdutravail-idf.net\/blog\/la-production-dascoval-a-saint-saulve-stoppee-toute-la-semaine-apres-un-grave-accident-dans-lacierie\/\" \/>\n<meta property=\"og:site_name\" content=\"ACCIDENTDUTRAVAIL-IDF\" \/>\n<meta property=\"article:published_time\" content=\"2025-07-08T08:06:00+00:00\" \/>\n<meta property=\"og:image\" content=\"https:\/\/www.accidentdutravail-idf.net\/blog\/wp-content\/uploads\/2025\/07\/la-production-dascoval-a-saint-saulve-stoppee-toute-la-semaine-apres-un-grave-accident-dans-lacierie.jpg\" \/>\n<meta name=\"author\" content=\"Carlos Poulain\" \/>\n<meta name=\"twitter:card\" content=\"summary_large_image\" \/>\n<meta name=\"twitter:label1\" content=\"\u00c9crit par\" \/>\n\t<meta name=\"twitter:data1\" content=\"Carlos Poulain\" \/>\n<script type=\"application\/ld+json\" class=\"yoast-schema-graph\">{\"@context\":\"https:\\\/\\\/schema.org\",\"@graph\":[{\"@type\":\"Article\",\"@id\":\"https:\\\/\\\/www.accidentdutravail-idf.net\\\/blog\\\/la-production-dascoval-a-saint-saulve-stoppee-toute-la-semaine-apres-un-grave-accident-dans-lacierie\\\/#article\",\"isPartOf\":{\"@id\":\"https:\\\/\\\/www.accidentdutravail-idf.net\\\/blog\\\/la-production-dascoval-a-saint-saulve-stoppee-toute-la-semaine-apres-un-grave-accident-dans-lacierie\\\/\"},\"author\":{\"name\":\"Carlos Poulain\",\"@id\":\"https:\\\/\\\/www.accidentdutravail-idf.net\\\/blog\\\/#\\\/schema\\\/person\\\/3255d2f970de45e64bd9201f38e7b947\"},\"headline\":\"La production d&rsquo;Ascoval \u00e0 Saint-Saulve stopp\u00e9e toute la semaine apr\u00e8s un grave accident dans l&rsquo;aci\u00e9rie\",\"datePublished\":\"2025-07-08T08:06:00+00:00\",\"mainEntityOfPage\":{\"@id\":\"https:\\\/\\\/www.accidentdutravail-idf.net\\\/blog\\\/la-production-dascoval-a-saint-saulve-stoppee-toute-la-semaine-apres-un-grave-accident-dans-lacierie\\\/\"},\"wordCount\":75,\"publisher\":{\"@id\":\"https:\\\/\\\/www.accidentdutravail-idf.net\\\/blog\\\/#organization\"},\"image\":{\"@id\":\"https:\\\/\\\/www.accidentdutravail-idf.net\\\/blog\\\/la-production-dascoval-a-saint-saulve-stoppee-toute-la-semaine-apres-un-grave-accident-dans-lacierie\\\/#primaryimage\"},\"thumbnailUrl\":\"https:\\\/\\\/www.accidentdutravail-idf.net\\\/blog\\\/wp-content\\\/uploads\\\/2025\\\/07\\\/la-production-dascoval-a-saint-saulve-stoppee-toute-la-semaine-apres-un-grave-accident-dans-lacierie.jpg\",\"articleSection\":[\"S\u00e9curit\u00e9 Du Travail En Ile-De-France Et Divers:\"],\"inLanguage\":\"fr-FR\"},{\"@type\":\"WebPage\",\"@id\":\"https:\\\/\\\/www.accidentdutravail-idf.net\\\/blog\\\/la-production-dascoval-a-saint-saulve-stoppee-toute-la-semaine-apres-un-grave-accident-dans-lacierie\\\/\",\"url\":\"https:\\\/\\\/www.accidentdutravail-idf.net\\\/blog\\\/la-production-dascoval-a-saint-saulve-stoppee-toute-la-semaine-apres-un-grave-accident-dans-lacierie\\\/\",\"name\":\"La production d'Ascoval \u00e0 Saint-Saulve stopp\u00e9e toute la semaine apr\u00e8s un grave accident dans l'aci\u00e9rie - ACCIDENTDUTRAVAIL-IDF\",\"isPartOf\":{\"@id\":\"https:\\\/\\\/www.accidentdutravail-idf.net\\\/blog\\\/#website\"},\"primaryImageOfPage\":{\"@id\":\"https:\\\/\\\/www.accidentdutravail-idf.net\\\/blog\\\/la-production-dascoval-a-saint-saulve-stoppee-toute-la-semaine-apres-un-grave-accident-dans-lacierie\\\/#primaryimage\"},\"image\":{\"@id\":\"https:\\\/\\\/www.accidentdutravail-idf.net\\\/blog\\\/la-production-dascoval-a-saint-saulve-stoppee-toute-la-semaine-apres-un-grave-accident-dans-lacierie\\\/#primaryimage\"},\"thumbnailUrl\":\"https:\\\/\\\/www.accidentdutravail-idf.net\\\/blog\\\/wp-content\\\/uploads\\\/2025\\\/07\\\/la-production-dascoval-a-saint-saulve-stoppee-toute-la-semaine-apres-un-grave-accident-dans-lacierie.jpg\",\"datePublished\":\"2025-07-08T08:06:00+00:00\",\"description\":\"La production d'Ascoval \u00e0 Saint-Saulve stopp\u00e9e toute la semaine apr\u00e8s un grave accident dans l'aci\u00e9rie article de ACCIDENTDUTRAVAIL-IDF\",\"breadcrumb\":{\"@id\":\"https:\\\/\\\/www.accidentdutravail-idf.net\\\/blog\\\/la-production-dascoval-a-saint-saulve-stoppee-toute-la-semaine-apres-un-grave-accident-dans-lacierie\\\/#breadcrumb\"},\"inLanguage\":\"fr-FR\",\"potentialAction\":[{\"@type\":\"ReadAction\",\"target\":[\"https:\\\/\\\/www.accidentdutravail-idf.net\\\/blog\\\/la-production-dascoval-a-saint-saulve-stoppee-toute-la-semaine-apres-un-grave-accident-dans-lacierie\\\/\"]}]},{\"@type\":\"ImageObject\",\"inLanguage\":\"fr-FR\",\"@id\":\"https:\\\/\\\/www.accidentdutravail-idf.net\\\/blog\\\/la-production-dascoval-a-saint-saulve-stoppee-toute-la-semaine-apres-un-grave-accident-dans-lacierie\\\/#primaryimage\",\"url\":\"https:\\\/\\\/www.accidentdutravail-idf.net\\\/blog\\\/wp-content\\\/uploads\\\/2025\\\/07\\\/la-production-dascoval-a-saint-saulve-stoppee-toute-la-semaine-apres-un-grave-accident-dans-lacierie.jpg\",\"contentUrl\":\"https:\\\/\\\/www.accidentdutravail-idf.net\\\/blog\\\/wp-content\\\/uploads\\\/2025\\\/07\\\/la-production-dascoval-a-saint-saulve-stoppee-toute-la-semaine-apres-un-grave-accident-dans-lacierie.jpg\"},{\"@type\":\"BreadcrumbList\",\"@id\":\"https:\\\/\\\/www.accidentdutravail-idf.net\\\/blog\\\/la-production-dascoval-a-saint-saulve-stoppee-toute-la-semaine-apres-un-grave-accident-dans-lacierie\\\/#breadcrumb\",\"itemListElement\":[{\"@type\":\"ListItem\",\"position\":1,\"name\":\"Accueil\",\"item\":\"https:\\\/\\\/www.accidentdutravail-idf.net\\\/blog\\\/\"},{\"@type\":\"ListItem\",\"position\":2,\"name\":\"La production d&rsquo;Ascoval \u00e0 Saint-Saulve stopp\u00e9e toute la semaine apr\u00e8s un grave accident dans l&rsquo;aci\u00e9rie\"}]},{\"@type\":\"WebSite\",\"@id\":\"https:\\\/\\\/www.accidentdutravail-idf.net\\\/blog\\\/#website\",\"url\":\"https:\\\/\\\/www.accidentdutravail-idf.net\\\/blog\\\/\",\"name\":\"ACCIDENTDUTRAVAIL-IDF\",\"description\":\"Portail accidents du travail-maladies professionnelles des entreprises d&#039;Ile-de-France\",\"publisher\":{\"@id\":\"https:\\\/\\\/www.accidentdutravail-idf.net\\\/blog\\\/#organization\"},\"potentialAction\":[{\"@type\":\"SearchAction\",\"target\":{\"@type\":\"EntryPoint\",\"urlTemplate\":\"https:\\\/\\\/www.accidentdutravail-idf.net\\\/blog\\\/?s={search_term_string}\"},\"query-input\":{\"@type\":\"PropertyValueSpecification\",\"valueRequired\":true,\"valueName\":\"search_term_string\"}}],\"inLanguage\":\"fr-FR\"},{\"@type\":\"Organization\",\"@id\":\"https:\\\/\\\/www.accidentdutravail-idf.net\\\/blog\\\/#organization\",\"name\":\"accidentdutravail-idf\",\"url\":\"https:\\\/\\\/www.accidentdutravail-idf.net\\\/blog\\\/\",\"logo\":{\"@type\":\"ImageObject\",\"inLanguage\":\"fr-FR\",\"@id\":\"https:\\\/\\\/www.accidentdutravail-idf.net\\\/blog\\\/#\\\/schema\\\/logo\\\/image\\\/\",\"url\":\"https:\\\/\\\/www.accidentdutravail-idf.net\\\/blog\\\/wp-content\\\/uploads\\\/2022\\\/09\\\/logo-2.png\",\"contentUrl\":\"https:\\\/\\\/www.accidentdutravail-idf.net\\\/blog\\\/wp-content\\\/uploads\\\/2022\\\/09\\\/logo-2.png\",\"width\":380,\"height\":291,\"caption\":\"accidentdutravail-idf\"},\"image\":{\"@id\":\"https:\\\/\\\/www.accidentdutravail-idf.net\\\/blog\\\/#\\\/schema\\\/logo\\\/image\\\/\"}},{\"@type\":\"Person\",\"@id\":\"https:\\\/\\\/www.accidentdutravail-idf.net\\\/blog\\\/#\\\/schema\\\/person\\\/3255d2f970de45e64bd9201f38e7b947\",\"name\":\"Carlos Poulain\",\"image\":{\"@type\":\"ImageObject\",\"inLanguage\":\"fr-FR\",\"@id\":\"https:\\\/\\\/secure.gravatar.com\\\/avatar\\\/b1c2f9d3588e34e91adb093635df64ef4b2381991216be7576466cfcdca4baf3?s=96&d=mm&r=g\",\"url\":\"https:\\\/\\\/secure.gravatar.com\\\/avatar\\\/b1c2f9d3588e34e91adb093635df64ef4b2381991216be7576466cfcdca4baf3?s=96&d=mm&r=g\",\"contentUrl\":\"https:\\\/\\\/secure.gravatar.com\\\/avatar\\\/b1c2f9d3588e34e91adb093635df64ef4b2381991216be7576466cfcdca4baf3?s=96&d=mm&r=g\",\"caption\":\"Carlos Poulain\"},\"url\":\"https:\\\/\\\/www.accidentdutravail-idf.net\\\/blog\\\/author\\\/idfcarlos\\\/\"}]}<\/script>\n<!-- \/ Yoast SEO plugin. -->","yoast_head_json":{"title":"La production d'Ascoval \u00e0 Saint-Saulve stopp\u00e9e toute la semaine apr\u00e8s un grave accident dans l'aci\u00e9rie - ACCIDENTDUTRAVAIL-IDF","description":"La production d'Ascoval \u00e0 Saint-Saulve stopp\u00e9e toute la semaine apr\u00e8s un grave accident dans l'aci\u00e9rie article de ACCIDENTDUTRAVAIL-IDF","robots":{"index":"index","follow":"follow","max-snippet":"max-snippet:-1","max-image-preview":"max-image-preview:large","max-video-preview":"max-video-preview:-1"},"canonical":"https:\/\/www.accidentdutravail-idf.net\/blog\/la-production-dascoval-a-saint-saulve-stoppee-toute-la-semaine-apres-un-grave-accident-dans-lacierie\/","og_locale":"fr_FR","og_type":"article","og_title":"La production d'Ascoval \u00e0 Saint-Saulve stopp\u00e9e toute la semaine apr\u00e8s un grave accident dans l'aci\u00e9rie - ACCIDENTDUTRAVAIL-IDF","og_description":"La production d'Ascoval \u00e0 Saint-Saulve stopp\u00e9e toute la semaine apr\u00e8s un grave accident dans l'aci\u00e9rie article de ACCIDENTDUTRAVAIL-IDF","og_url":"https:\/\/www.accidentdutravail-idf.net\/blog\/la-production-dascoval-a-saint-saulve-stoppee-toute-la-semaine-apres-un-grave-accident-dans-lacierie\/","og_site_name":"ACCIDENTDUTRAVAIL-IDF","article_published_time":"2025-07-08T08:06:00+00:00","og_image":[{"url":"https:\/\/www.accidentdutravail-idf.net\/blog\/wp-content\/uploads\/2025\/07\/la-production-dascoval-a-saint-saulve-stoppee-toute-la-semaine-apres-un-grave-accident-dans-lacierie.jpg","type":"","width":"","height":""}],"author":"Carlos Poulain","twitter_card":"summary_large_image","twitter_misc":{"\u00c9crit par":"Carlos Poulain"},"schema":{"@context":"https:\/\/schema.org","@graph":[{"@type":"Article","@id":"https:\/\/www.accidentdutravail-idf.net\/blog\/la-production-dascoval-a-saint-saulve-stoppee-toute-la-semaine-apres-un-grave-accident-dans-lacierie\/#article","isPartOf":{"@id":"https:\/\/www.accidentdutravail-idf.net\/blog\/la-production-dascoval-a-saint-saulve-stoppee-toute-la-semaine-apres-un-grave-accident-dans-lacierie\/"},"author":{"name":"Carlos Poulain","@id":"https:\/\/www.accidentdutravail-idf.net\/blog\/#\/schema\/person\/3255d2f970de45e64bd9201f38e7b947"},"headline":"La production d&rsquo;Ascoval \u00e0 Saint-Saulve stopp\u00e9e toute la semaine apr\u00e8s un grave accident dans l&rsquo;aci\u00e9rie","datePublished":"2025-07-08T08:06:00+00:00","mainEntityOfPage":{"@id":"https:\/\/www.accidentdutravail-idf.net\/blog\/la-production-dascoval-a-saint-saulve-stoppee-toute-la-semaine-apres-un-grave-accident-dans-lacierie\/"},"wordCount":75,"publisher":{"@id":"https:\/\/www.accidentdutravail-idf.net\/blog\/#organization"},"image":{"@id":"https:\/\/www.accidentdutravail-idf.net\/blog\/la-production-dascoval-a-saint-saulve-stoppee-toute-la-semaine-apres-un-grave-accident-dans-lacierie\/#primaryimage"},"thumbnailUrl":"https:\/\/www.accidentdutravail-idf.net\/blog\/wp-content\/uploads\/2025\/07\/la-production-dascoval-a-saint-saulve-stoppee-toute-la-semaine-apres-un-grave-accident-dans-lacierie.jpg","articleSection":["S\u00e9curit\u00e9 Du Travail En Ile-De-France Et Divers:"],"inLanguage":"fr-FR"},{"@type":"WebPage","@id":"https:\/\/www.accidentdutravail-idf.net\/blog\/la-production-dascoval-a-saint-saulve-stoppee-toute-la-semaine-apres-un-grave-accident-dans-lacierie\/","url":"https:\/\/www.accidentdutravail-idf.net\/blog\/la-production-dascoval-a-saint-saulve-stoppee-toute-la-semaine-apres-un-grave-accident-dans-lacierie\/","name":"La production d'Ascoval \u00e0 Saint-Saulve stopp\u00e9e toute la semaine apr\u00e8s un grave accident dans l'aci\u00e9rie - ACCIDENTDUTRAVAIL-IDF","isPartOf":{"@id":"https:\/\/www.accidentdutravail-idf.net\/blog\/#website"},"primaryImageOfPage":{"@id":"https:\/\/www.accidentdutravail-idf.net\/blog\/la-production-dascoval-a-saint-saulve-stoppee-toute-la-semaine-apres-un-grave-accident-dans-lacierie\/#primaryimage"},"image":{"@id":"https:\/\/www.accidentdutravail-idf.net\/blog\/la-production-dascoval-a-saint-saulve-stoppee-toute-la-semaine-apres-un-grave-accident-dans-lacierie\/#primaryimage"},"thumbnailUrl":"https:\/\/www.accidentdutravail-idf.net\/blog\/wp-content\/uploads\/2025\/07\/la-production-dascoval-a-saint-saulve-stoppee-toute-la-semaine-apres-un-grave-accident-dans-lacierie.jpg","datePublished":"2025-07-08T08:06:00+00:00","description":"La production d'Ascoval \u00e0 Saint-Saulve stopp\u00e9e toute la semaine apr\u00e8s un grave accident dans l'aci\u00e9rie article de ACCIDENTDUTRAVAIL-IDF","breadcrumb":{"@id":"https:\/\/www.accidentdutravail-idf.net\/blog\/la-production-dascoval-a-saint-saulve-stoppee-toute-la-semaine-apres-un-grave-accident-dans-lacierie\/#breadcrumb"},"inLanguage":"fr-FR","potentialAction":[{"@type":"ReadAction","target":["https:\/\/www.accidentdutravail-idf.net\/blog\/la-production-dascoval-a-saint-saulve-stoppee-toute-la-semaine-apres-un-grave-accident-dans-lacierie\/"]}]},{"@type":"ImageObject","inLanguage":"fr-FR","@id":"https:\/\/www.accidentdutravail-idf.net\/blog\/la-production-dascoval-a-saint-saulve-stoppee-toute-la-semaine-apres-un-grave-accident-dans-lacierie\/#primaryimage","url":"https:\/\/www.accidentdutravail-idf.net\/blog\/wp-content\/uploads\/2025\/07\/la-production-dascoval-a-saint-saulve-stoppee-toute-la-semaine-apres-un-grave-accident-dans-lacierie.jpg","contentUrl":"https:\/\/www.accidentdutravail-idf.net\/blog\/wp-content\/uploads\/2025\/07\/la-production-dascoval-a-saint-saulve-stoppee-toute-la-semaine-apres-un-grave-accident-dans-lacierie.jpg"},{"@type":"BreadcrumbList","@id":"https:\/\/www.accidentdutravail-idf.net\/blog\/la-production-dascoval-a-saint-saulve-stoppee-toute-la-semaine-apres-un-grave-accident-dans-lacierie\/#breadcrumb","itemListElement":[{"@type":"ListItem","position":1,"name":"Accueil","item":"https:\/\/www.accidentdutravail-idf.net\/blog\/"},{"@type":"ListItem","position":2,"name":"La production d&rsquo;Ascoval \u00e0 Saint-Saulve stopp\u00e9e toute la semaine apr\u00e8s un grave accident dans l&rsquo;aci\u00e9rie"}]},{"@type":"WebSite","@id":"https:\/\/www.accidentdutravail-idf.net\/blog\/#website","url":"https:\/\/www.accidentdutravail-idf.net\/blog\/","name":"ACCIDENTDUTRAVAIL-IDF","description":"Portail accidents du travail-maladies professionnelles des entreprises d&#039;Ile-de-France","publisher":{"@id":"https:\/\/www.accidentdutravail-idf.net\/blog\/#organization"},"potentialAction":[{"@type":"SearchAction","target":{"@type":"EntryPoint","urlTemplate":"https:\/\/www.accidentdutravail-idf.net\/blog\/?s={search_term_string}"},"query-input":{"@type":"PropertyValueSpecification","valueRequired":true,"valueName":"search_term_string"}}],"inLanguage":"fr-FR"},{"@type":"Organization","@id":"https:\/\/www.accidentdutravail-idf.net\/blog\/#organization","name":"accidentdutravail-idf","url":"https:\/\/www.accidentdutravail-idf.net\/blog\/","logo":{"@type":"ImageObject","inLanguage":"fr-FR","@id":"https:\/\/www.accidentdutravail-idf.net\/blog\/#\/schema\/logo\/image\/","url":"https:\/\/www.accidentdutravail-idf.net\/blog\/wp-content\/uploads\/2022\/09\/logo-2.png","contentUrl":"https:\/\/www.accidentdutravail-idf.net\/blog\/wp-content\/uploads\/2022\/09\/logo-2.png","width":380,"height":291,"caption":"accidentdutravail-idf"},"image":{"@id":"https:\/\/www.accidentdutravail-idf.net\/blog\/#\/schema\/logo\/image\/"}},{"@type":"Person","@id":"https:\/\/www.accidentdutravail-idf.net\/blog\/#\/schema\/person\/3255d2f970de45e64bd9201f38e7b947","name":"Carlos Poulain","image":{"@type":"ImageObject","inLanguage":"fr-FR","@id":"https:\/\/secure.gravatar.com\/avatar\/b1c2f9d3588e34e91adb093635df64ef4b2381991216be7576466cfcdca4baf3?s=96&d=mm&r=g","url":"https:\/\/secure.gravatar.com\/avatar\/b1c2f9d3588e34e91adb093635df64ef4b2381991216be7576466cfcdca4baf3?s=96&d=mm&r=g","contentUrl":"https:\/\/secure.gravatar.com\/avatar\/b1c2f9d3588e34e91adb093635df64ef4b2381991216be7576466cfcdca4baf3?s=96&d=mm&r=g","caption":"Carlos Poulain"},"url":"https:\/\/www.accidentdutravail-idf.net\/blog\/author\/idfcarlos\/"}]}},"_links":{"self":[{"href":"https:\/\/www.accidentdutravail-idf.net\/blog\/wp-json\/wp\/v2\/posts\/1558","targetHints":{"allow":["GET"]}}],"collection":[{"href":"https:\/\/www.accidentdutravail-idf.net\/blog\/wp-json\/wp\/v2\/posts"}],"about":[{"href":"https:\/\/www.accidentdutravail-idf.net\/blog\/wp-json\/wp\/v2\/types\/post"}],"author":[{"embeddable":true,"href":"https:\/\/www.accidentdutravail-idf.net\/blog\/wp-json\/wp\/v2\/users\/2"}],"replies":[{"embeddable":true,"href":"https:\/\/www.accidentdutravail-idf.net\/blog\/wp-json\/wp\/v2\/comments?post=1558"}],"version-history":[{"count":0,"href":"https:\/\/www.accidentdutravail-idf.net\/blog\/wp-json\/wp\/v2\/posts\/1558\/revisions"}],"wp:attachment":[{"href":"https:\/\/www.accidentdutravail-idf.net\/blog\/wp-json\/wp\/v2\/media?parent=1558"}],"wp:term":[{"taxonomy":"category","embeddable":true,"href":"https:\/\/www.accidentdutravail-idf.net\/blog\/wp-json\/wp\/v2\/categories?post=1558"},{"taxonomy":"post_tag","embeddable":true,"href":"https:\/\/www.accidentdutravail-idf.net\/blog\/wp-json\/wp\/v2\/tags?post=1558"}],"curies":[{"name":"wp","href":"https:\/\/api.w.org\/{rel}","templated":true}]}}