{"id":1546,"date":"2025-07-04T02:07:00","date_gmt":"2025-07-04T00:07:00","guid":{"rendered":"https:\/\/www.accidentdutravail-idf.net\/blog\/un-employe-de-41-ans-meurt-au-travail-apres-un-accident-lors-dune-intervention-sur-une-machine-destinee-a-decouper-des-pierres\/"},"modified":"2025-07-04T02:07:00","modified_gmt":"2025-07-04T00:07:00","slug":"un-employe-de-41-ans-meurt-au-travail-apres-un-accident-lors-dune-intervention-sur-une-machine-destinee-a-decouper-des-pierres","status":"publish","type":"post","link":"https:\/\/www.accidentdutravail-idf.net\/blog\/un-employe-de-41-ans-meurt-au-travail-apres-un-accident-lors-dune-intervention-sur-une-machine-destinee-a-decouper-des-pierres\/","title":{"rendered":"Un employ\u00e9 de 41 ans meurt au travail apr\u00e8s un accident lors d\u2019une intervention sur une machine destin\u00e9e \u00e0 d\u00e9couper des pierres"},"content":{"rendered":"<div><img decoding=\"async\" src=\"https:\/\/www.accidentdutravail-idf.net\/blog\/wp-content\/uploads\/2025\/07\/un-employe-de-41-ans-meurt-au-travail-apres-un-accident-lors-dune-intervention-sur-une-machine-destinee-a-decouper-des-pierres.jpg\" class=\"ff-og-image-inserted\"><\/div>\n<p> <span class=\"article-full__chapo-label hide-on-small-only\">l&rsquo;essentiel<\/span> Malgr\u00e9 les tentatives de r\u00e9animation des secours, un homme de 41 ans est d\u00e9c\u00e9d\u00e9 mercredi \u00e0 Septmonts dans l\u2019Aisne apr\u00e8s un accident sur une machine industrielle servant \u00e0 la d\u00e9coupe des blocs de pierre dans une carri\u00e8re. <\/p>\n<div> <!-- Pub DFP Position [outstream] --> <\/p>\n<p>C\u2019est un nouveau drame survenu sur un chantier. Un homme de 41&nbsp;ans, victime d\u2019un accident de travail \u00e0 Septmonts dans l\u2019Aisne, est mort mercredi 2&nbsp;juillet. Salari\u00e9 aux carri\u00e8res de Noyant, le quadrag\u00e9naire intervenait&nbsp;lors d\u2019une maintenance sur une machine servant \u00e0 travailler les gros blocs de calcaire, r\u00e9v\u00e8le <a href=\"https:\/\/www.lunion.fr\/id729423\/article\/2025-07-02\/un-employe-des-carrieres-de-noyant-decede-apres-un-accident-du-travail\" target=\"_self\" rel=\"nofollow\"><em>L\u2019Union<\/em><\/a>.<\/p>\n<p><!-- Pub DFP Position [article] --> <\/p>\n<p class=\"std-elt__inline\"> <strong>\u00c0 lire aussi :<\/strong> <a href=\"https:\/\/www.ladepeche.fr\/2025\/07\/03\/la-machine-inarretable-lui-a-arrache-les-cheveux-une-femme-entre-la-vie-et-la-mort-apres-un-accident-du-travail-dans-une-usine-12802839.php\" target=\"_blank\" rel=\"nofollow\">La machine, inarr\u00eatable, lui a arrach\u00e9 les cheveux&nbsp;: une femme entre la vie et la mort apr\u00e8s un accident du travail dans une usine<\/a> <\/p>\n<p>Les secours sont intervenus vers 13&nbsp;h&nbsp;20&nbsp;\u00ab\u00a0pour une personne bless\u00e9e sur son lieu de travail\u00a0\u00bb, rapporte <a href=\"https:\/\/france3-regions.franceinfo.fr\/hauts-de-france\/aisne\/un-homme-de-41-ans-perd-la-vie-sur-son-lieu-de-travail-en-intervenant-sur-une-machine-3182394.html\" target=\"_self\" rel=\"nofollow\">France 3 Hauts-de-France<\/a>. \u00c0 leur arriv\u00e9e, la victime \u00e9tait en \u00ab\u00a0arr\u00eat cardio-respiratoire\u00a0\u00bb, a pr\u00e9cis\u00e9 le Sdis.<\/p>\n<p>Le salari\u00e9 a finalement succomb\u00e9 \u00e0 ses blessures. Il a \u00e9t\u00e9 d\u00e9clar\u00e9 d\u00e9c\u00e9d\u00e9 sur son lieu de travail, malgr\u00e9 les tentatives de r\u00e9animation des secours.<\/p>\n<p>Sous le choc, trois employ\u00e9s ont \u00e9t\u00e9 pris en charge et transport\u00e9s vers un h\u00f4pital pour un suivi psychologique.<\/p>\n<p>Une enqu\u00eate a \u00e9t\u00e9 ouverte pour d\u00e9terminer les circonstances exactes du d\u00e9c\u00e8s.<\/p>\n<\/p><\/div>\n<p>accidentdutravail-idf.net vous a pr\u00e9par\u00e9 ce post qui informe du sujet \u00ab\u00a0Association Sportive Huisson-Longueville Essonne\u00a0\u00bb. La chronique se veut g\u00e9n\u00e9r\u00e9e du mieux possible. Vous pouvez utiliser les coordonn\u00e9es indiqu\u00e9es sur le site dans le but d\u2019apporter des explications sur ce post qui parle du th\u00e8me \u00ab\u00a0Association Sportive Huisson-Longueville Essonne\u00a0\u00bb. Le site accidentdutravail-idf.net a pour but de fournir diverses publications sur la th\u00e9matique Association Sportive Huisson-Longueville Essonne diffus\u00e9es sur le net. Il y aura plusieurs articles autour du sujet \u00ab\u00a0Association Sportive Huisson-Longueville Essonne\u00a0\u00bb dans quelques jours, nous vous invitons \u00e0 naviguer sur notre site web \u00e0 plusieurs reprises.<\/p>\n","protected":false},"excerpt":{"rendered":"<p>l&rsquo;essentiel Malgr\u00e9 les tentatives de r\u00e9animation des secours, un homme de 41 ans est d\u00e9c\u00e9d\u00e9 mercredi \u00e0 Septmonts dans l\u2019Aisne apr\u00e8s un accident sur une machine industrielle servant \u00e0 la d\u00e9coupe des blocs de pierre dans une carri\u00e8re. C\u2019est un nouveau drame survenu sur un chantier. Un homme de 41&nbsp;ans, victime d\u2019un accident de travail &hellip; <\/p>\n<p class=\"link-more\"><a href=\"https:\/\/www.accidentdutravail-idf.net\/blog\/un-employe-de-41-ans-meurt-au-travail-apres-un-accident-lors-dune-intervention-sur-une-machine-destinee-a-decouper-des-pierres\/\" class=\"more-link\">Continuer la lecture <span class=\"screen-reader-text\"> \u00ab\u00a0Un employ\u00e9 de 41 ans meurt au travail apr\u00e8s un accident lors d\u2019une intervention sur une machine destin\u00e9e \u00e0 d\u00e9couper des pierres\u00a0\u00bb<\/span><\/a><\/p>\n","protected":false},"author":2,"featured_media":0,"comment_status":"closed","ping_status":"closed","sticky":false,"template":"","format":"standard","meta":{"footnotes":""},"categories":[5],"tags":[],"class_list":["post-1546","post","type-post","status-publish","format-standard","hentry","category-securite-du-travail-en-ile-de-france-et-divers","entry"],"yoast_head":"<!-- This site is optimized with the Yoast SEO plugin v27.5 - https:\/\/yoast.com\/product\/yoast-seo-wordpress\/ -->\n<title>Un employ\u00e9 de 41 ans meurt au travail apr\u00e8s un accident lors d\u2019une intervention sur une machine destin\u00e9e \u00e0 d\u00e9couper des pierres - ACCIDENTDUTRAVAIL-IDF<\/title>\n<meta name=\"description\" content=\"Un employ\u00e9 de 41 ans meurt au travail apr\u00e8s un accident lors d\u2019une intervention sur une machine destin\u00e9e \u00e0 d\u00e9couper des pierres article de ACCIDENTDUTRAVAIL-IDF\" \/>\n<meta name=\"robots\" content=\"index, follow, max-snippet:-1, max-image-preview:large, max-video-preview:-1\" \/>\n<link rel=\"canonical\" href=\"https:\/\/www.accidentdutravail-idf.net\/blog\/un-employe-de-41-ans-meurt-au-travail-apres-un-accident-lors-dune-intervention-sur-une-machine-destinee-a-decouper-des-pierres\/\" \/>\n<meta property=\"og:locale\" content=\"fr_FR\" \/>\n<meta property=\"og:type\" content=\"article\" \/>\n<meta property=\"og:title\" content=\"Un employ\u00e9 de 41 ans meurt au travail apr\u00e8s un accident lors d\u2019une intervention sur une machine destin\u00e9e \u00e0 d\u00e9couper des pierres - ACCIDENTDUTRAVAIL-IDF\" \/>\n<meta property=\"og:description\" content=\"Un employ\u00e9 de 41 ans meurt au travail apr\u00e8s un accident lors d\u2019une intervention sur une machine destin\u00e9e \u00e0 d\u00e9couper des pierres article de ACCIDENTDUTRAVAIL-IDF\" \/>\n<meta property=\"og:url\" content=\"https:\/\/www.accidentdutravail-idf.net\/blog\/un-employe-de-41-ans-meurt-au-travail-apres-un-accident-lors-dune-intervention-sur-une-machine-destinee-a-decouper-des-pierres\/\" \/>\n<meta property=\"og:site_name\" content=\"ACCIDENTDUTRAVAIL-IDF\" \/>\n<meta property=\"article:published_time\" content=\"2025-07-04T00:07:00+00:00\" \/>\n<meta property=\"og:image\" content=\"https:\/\/www.accidentdutravail-idf.net\/blog\/wp-content\/uploads\/2025\/07\/un-employe-de-41-ans-meurt-au-travail-apres-un-accident-lors-dune-intervention-sur-une-machine-destinee-a-decouper-des-pierres.jpg\" \/>\n<meta name=\"author\" content=\"Carlos Poulain\" \/>\n<meta name=\"twitter:card\" content=\"summary_large_image\" \/>\n<meta name=\"twitter:label1\" content=\"\u00c9crit par\" \/>\n\t<meta name=\"twitter:data1\" content=\"Carlos Poulain\" \/>\n\t<meta name=\"twitter:label2\" content=\"Dur\u00e9e de lecture estim\u00e9e\" \/>\n\t<meta name=\"twitter:data2\" content=\"2 minutes\" \/>\n<script type=\"application\/ld+json\" class=\"yoast-schema-graph\">{\"@context\":\"https:\\\/\\\/schema.org\",\"@graph\":[{\"@type\":\"Article\",\"@id\":\"https:\\\/\\\/www.accidentdutravail-idf.net\\\/blog\\\/un-employe-de-41-ans-meurt-au-travail-apres-un-accident-lors-dune-intervention-sur-une-machine-destinee-a-decouper-des-pierres\\\/#article\",\"isPartOf\":{\"@id\":\"https:\\\/\\\/www.accidentdutravail-idf.net\\\/blog\\\/un-employe-de-41-ans-meurt-au-travail-apres-un-accident-lors-dune-intervention-sur-une-machine-destinee-a-decouper-des-pierres\\\/\"},\"author\":{\"name\":\"Carlos Poulain\",\"@id\":\"https:\\\/\\\/www.accidentdutravail-idf.net\\\/blog\\\/#\\\/schema\\\/person\\\/3255d2f970de45e64bd9201f38e7b947\"},\"headline\":\"Un employ\u00e9 de 41 ans meurt au travail apr\u00e8s un accident lors d\u2019une intervention sur une machine destin\u00e9e \u00e0 d\u00e9couper des pierres\",\"datePublished\":\"2025-07-04T00:07:00+00:00\",\"mainEntityOfPage\":{\"@id\":\"https:\\\/\\\/www.accidentdutravail-idf.net\\\/blog\\\/un-employe-de-41-ans-meurt-au-travail-apres-un-accident-lors-dune-intervention-sur-une-machine-destinee-a-decouper-des-pierres\\\/\"},\"wordCount\":363,\"publisher\":{\"@id\":\"https:\\\/\\\/www.accidentdutravail-idf.net\\\/blog\\\/#organization\"},\"image\":{\"@id\":\"https:\\\/\\\/www.accidentdutravail-idf.net\\\/blog\\\/un-employe-de-41-ans-meurt-au-travail-apres-un-accident-lors-dune-intervention-sur-une-machine-destinee-a-decouper-des-pierres\\\/#primaryimage\"},\"thumbnailUrl\":\"https:\\\/\\\/www.accidentdutravail-idf.net\\\/blog\\\/wp-content\\\/uploads\\\/2025\\\/07\\\/un-employe-de-41-ans-meurt-au-travail-apres-un-accident-lors-dune-intervention-sur-une-machine-destinee-a-decouper-des-pierres.jpg\",\"articleSection\":[\"S\u00e9curit\u00e9 Du Travail En Ile-De-France Et Divers:\"],\"inLanguage\":\"fr-FR\"},{\"@type\":\"WebPage\",\"@id\":\"https:\\\/\\\/www.accidentdutravail-idf.net\\\/blog\\\/un-employe-de-41-ans-meurt-au-travail-apres-un-accident-lors-dune-intervention-sur-une-machine-destinee-a-decouper-des-pierres\\\/\",\"url\":\"https:\\\/\\\/www.accidentdutravail-idf.net\\\/blog\\\/un-employe-de-41-ans-meurt-au-travail-apres-un-accident-lors-dune-intervention-sur-une-machine-destinee-a-decouper-des-pierres\\\/\",\"name\":\"Un employ\u00e9 de 41 ans meurt au travail apr\u00e8s un accident lors d\u2019une intervention sur une machine destin\u00e9e \u00e0 d\u00e9couper des pierres - ACCIDENTDUTRAVAIL-IDF\",\"isPartOf\":{\"@id\":\"https:\\\/\\\/www.accidentdutravail-idf.net\\\/blog\\\/#website\"},\"primaryImageOfPage\":{\"@id\":\"https:\\\/\\\/www.accidentdutravail-idf.net\\\/blog\\\/un-employe-de-41-ans-meurt-au-travail-apres-un-accident-lors-dune-intervention-sur-une-machine-destinee-a-decouper-des-pierres\\\/#primaryimage\"},\"image\":{\"@id\":\"https:\\\/\\\/www.accidentdutravail-idf.net\\\/blog\\\/un-employe-de-41-ans-meurt-au-travail-apres-un-accident-lors-dune-intervention-sur-une-machine-destinee-a-decouper-des-pierres\\\/#primaryimage\"},\"thumbnailUrl\":\"https:\\\/\\\/www.accidentdutravail-idf.net\\\/blog\\\/wp-content\\\/uploads\\\/2025\\\/07\\\/un-employe-de-41-ans-meurt-au-travail-apres-un-accident-lors-dune-intervention-sur-une-machine-destinee-a-decouper-des-pierres.jpg\",\"datePublished\":\"2025-07-04T00:07:00+00:00\",\"description\":\"Un employ\u00e9 de 41 ans meurt au travail apr\u00e8s un accident lors d\u2019une intervention sur une machine destin\u00e9e \u00e0 d\u00e9couper des pierres article de ACCIDENTDUTRAVAIL-IDF\",\"breadcrumb\":{\"@id\":\"https:\\\/\\\/www.accidentdutravail-idf.net\\\/blog\\\/un-employe-de-41-ans-meurt-au-travail-apres-un-accident-lors-dune-intervention-sur-une-machine-destinee-a-decouper-des-pierres\\\/#breadcrumb\"},\"inLanguage\":\"fr-FR\",\"potentialAction\":[{\"@type\":\"ReadAction\",\"target\":[\"https:\\\/\\\/www.accidentdutravail-idf.net\\\/blog\\\/un-employe-de-41-ans-meurt-au-travail-apres-un-accident-lors-dune-intervention-sur-une-machine-destinee-a-decouper-des-pierres\\\/\"]}]},{\"@type\":\"ImageObject\",\"inLanguage\":\"fr-FR\",\"@id\":\"https:\\\/\\\/www.accidentdutravail-idf.net\\\/blog\\\/un-employe-de-41-ans-meurt-au-travail-apres-un-accident-lors-dune-intervention-sur-une-machine-destinee-a-decouper-des-pierres\\\/#primaryimage\",\"url\":\"https:\\\/\\\/www.accidentdutravail-idf.net\\\/blog\\\/wp-content\\\/uploads\\\/2025\\\/07\\\/un-employe-de-41-ans-meurt-au-travail-apres-un-accident-lors-dune-intervention-sur-une-machine-destinee-a-decouper-des-pierres.jpg\",\"contentUrl\":\"https:\\\/\\\/www.accidentdutravail-idf.net\\\/blog\\\/wp-content\\\/uploads\\\/2025\\\/07\\\/un-employe-de-41-ans-meurt-au-travail-apres-un-accident-lors-dune-intervention-sur-une-machine-destinee-a-decouper-des-pierres.jpg\"},{\"@type\":\"BreadcrumbList\",\"@id\":\"https:\\\/\\\/www.accidentdutravail-idf.net\\\/blog\\\/un-employe-de-41-ans-meurt-au-travail-apres-un-accident-lors-dune-intervention-sur-une-machine-destinee-a-decouper-des-pierres\\\/#breadcrumb\",\"itemListElement\":[{\"@type\":\"ListItem\",\"position\":1,\"name\":\"Accueil\",\"item\":\"https:\\\/\\\/www.accidentdutravail-idf.net\\\/blog\\\/\"},{\"@type\":\"ListItem\",\"position\":2,\"name\":\"Un employ\u00e9 de 41 ans meurt au travail apr\u00e8s un accident lors d\u2019une intervention sur une machine destin\u00e9e \u00e0 d\u00e9couper des pierres\"}]},{\"@type\":\"WebSite\",\"@id\":\"https:\\\/\\\/www.accidentdutravail-idf.net\\\/blog\\\/#website\",\"url\":\"https:\\\/\\\/www.accidentdutravail-idf.net\\\/blog\\\/\",\"name\":\"ACCIDENTDUTRAVAIL-IDF\",\"description\":\"Portail accidents du travail-maladies professionnelles des entreprises d&#039;Ile-de-France\",\"publisher\":{\"@id\":\"https:\\\/\\\/www.accidentdutravail-idf.net\\\/blog\\\/#organization\"},\"potentialAction\":[{\"@type\":\"SearchAction\",\"target\":{\"@type\":\"EntryPoint\",\"urlTemplate\":\"https:\\\/\\\/www.accidentdutravail-idf.net\\\/blog\\\/?s={search_term_string}\"},\"query-input\":{\"@type\":\"PropertyValueSpecification\",\"valueRequired\":true,\"valueName\":\"search_term_string\"}}],\"inLanguage\":\"fr-FR\"},{\"@type\":\"Organization\",\"@id\":\"https:\\\/\\\/www.accidentdutravail-idf.net\\\/blog\\\/#organization\",\"name\":\"accidentdutravail-idf\",\"url\":\"https:\\\/\\\/www.accidentdutravail-idf.net\\\/blog\\\/\",\"logo\":{\"@type\":\"ImageObject\",\"inLanguage\":\"fr-FR\",\"@id\":\"https:\\\/\\\/www.accidentdutravail-idf.net\\\/blog\\\/#\\\/schema\\\/logo\\\/image\\\/\",\"url\":\"https:\\\/\\\/www.accidentdutravail-idf.net\\\/blog\\\/wp-content\\\/uploads\\\/2022\\\/09\\\/logo-2.png\",\"contentUrl\":\"https:\\\/\\\/www.accidentdutravail-idf.net\\\/blog\\\/wp-content\\\/uploads\\\/2022\\\/09\\\/logo-2.png\",\"width\":380,\"height\":291,\"caption\":\"accidentdutravail-idf\"},\"image\":{\"@id\":\"https:\\\/\\\/www.accidentdutravail-idf.net\\\/blog\\\/#\\\/schema\\\/logo\\\/image\\\/\"}},{\"@type\":\"Person\",\"@id\":\"https:\\\/\\\/www.accidentdutravail-idf.net\\\/blog\\\/#\\\/schema\\\/person\\\/3255d2f970de45e64bd9201f38e7b947\",\"name\":\"Carlos Poulain\",\"image\":{\"@type\":\"ImageObject\",\"inLanguage\":\"fr-FR\",\"@id\":\"https:\\\/\\\/secure.gravatar.com\\\/avatar\\\/b1c2f9d3588e34e91adb093635df64ef4b2381991216be7576466cfcdca4baf3?s=96&d=mm&r=g\",\"url\":\"https:\\\/\\\/secure.gravatar.com\\\/avatar\\\/b1c2f9d3588e34e91adb093635df64ef4b2381991216be7576466cfcdca4baf3?s=96&d=mm&r=g\",\"contentUrl\":\"https:\\\/\\\/secure.gravatar.com\\\/avatar\\\/b1c2f9d3588e34e91adb093635df64ef4b2381991216be7576466cfcdca4baf3?s=96&d=mm&r=g\",\"caption\":\"Carlos Poulain\"},\"url\":\"https:\\\/\\\/www.accidentdutravail-idf.net\\\/blog\\\/author\\\/idfcarlos\\\/\"}]}<\/script>\n<!-- \/ Yoast SEO plugin. -->","yoast_head_json":{"title":"Un employ\u00e9 de 41 ans meurt au travail apr\u00e8s un accident lors d\u2019une intervention sur une machine destin\u00e9e \u00e0 d\u00e9couper des pierres - ACCIDENTDUTRAVAIL-IDF","description":"Un employ\u00e9 de 41 ans meurt au travail apr\u00e8s un accident lors d\u2019une intervention sur une machine destin\u00e9e \u00e0 d\u00e9couper des pierres article de ACCIDENTDUTRAVAIL-IDF","robots":{"index":"index","follow":"follow","max-snippet":"max-snippet:-1","max-image-preview":"max-image-preview:large","max-video-preview":"max-video-preview:-1"},"canonical":"https:\/\/www.accidentdutravail-idf.net\/blog\/un-employe-de-41-ans-meurt-au-travail-apres-un-accident-lors-dune-intervention-sur-une-machine-destinee-a-decouper-des-pierres\/","og_locale":"fr_FR","og_type":"article","og_title":"Un employ\u00e9 de 41 ans meurt au travail apr\u00e8s un accident lors d\u2019une intervention sur une machine destin\u00e9e \u00e0 d\u00e9couper des pierres - ACCIDENTDUTRAVAIL-IDF","og_description":"Un employ\u00e9 de 41 ans meurt au travail apr\u00e8s un accident lors d\u2019une intervention sur une machine destin\u00e9e \u00e0 d\u00e9couper des pierres article de ACCIDENTDUTRAVAIL-IDF","og_url":"https:\/\/www.accidentdutravail-idf.net\/blog\/un-employe-de-41-ans-meurt-au-travail-apres-un-accident-lors-dune-intervention-sur-une-machine-destinee-a-decouper-des-pierres\/","og_site_name":"ACCIDENTDUTRAVAIL-IDF","article_published_time":"2025-07-04T00:07:00+00:00","og_image":[{"url":"https:\/\/www.accidentdutravail-idf.net\/blog\/wp-content\/uploads\/2025\/07\/un-employe-de-41-ans-meurt-au-travail-apres-un-accident-lors-dune-intervention-sur-une-machine-destinee-a-decouper-des-pierres.jpg","type":"","width":"","height":""}],"author":"Carlos Poulain","twitter_card":"summary_large_image","twitter_misc":{"\u00c9crit par":"Carlos Poulain","Dur\u00e9e de lecture estim\u00e9e":"2 minutes"},"schema":{"@context":"https:\/\/schema.org","@graph":[{"@type":"Article","@id":"https:\/\/www.accidentdutravail-idf.net\/blog\/un-employe-de-41-ans-meurt-au-travail-apres-un-accident-lors-dune-intervention-sur-une-machine-destinee-a-decouper-des-pierres\/#article","isPartOf":{"@id":"https:\/\/www.accidentdutravail-idf.net\/blog\/un-employe-de-41-ans-meurt-au-travail-apres-un-accident-lors-dune-intervention-sur-une-machine-destinee-a-decouper-des-pierres\/"},"author":{"name":"Carlos Poulain","@id":"https:\/\/www.accidentdutravail-idf.net\/blog\/#\/schema\/person\/3255d2f970de45e64bd9201f38e7b947"},"headline":"Un employ\u00e9 de 41 ans meurt au travail apr\u00e8s un accident lors d\u2019une intervention sur une machine destin\u00e9e \u00e0 d\u00e9couper des pierres","datePublished":"2025-07-04T00:07:00+00:00","mainEntityOfPage":{"@id":"https:\/\/www.accidentdutravail-idf.net\/blog\/un-employe-de-41-ans-meurt-au-travail-apres-un-accident-lors-dune-intervention-sur-une-machine-destinee-a-decouper-des-pierres\/"},"wordCount":363,"publisher":{"@id":"https:\/\/www.accidentdutravail-idf.net\/blog\/#organization"},"image":{"@id":"https:\/\/www.accidentdutravail-idf.net\/blog\/un-employe-de-41-ans-meurt-au-travail-apres-un-accident-lors-dune-intervention-sur-une-machine-destinee-a-decouper-des-pierres\/#primaryimage"},"thumbnailUrl":"https:\/\/www.accidentdutravail-idf.net\/blog\/wp-content\/uploads\/2025\/07\/un-employe-de-41-ans-meurt-au-travail-apres-un-accident-lors-dune-intervention-sur-une-machine-destinee-a-decouper-des-pierres.jpg","articleSection":["S\u00e9curit\u00e9 Du Travail En Ile-De-France Et Divers:"],"inLanguage":"fr-FR"},{"@type":"WebPage","@id":"https:\/\/www.accidentdutravail-idf.net\/blog\/un-employe-de-41-ans-meurt-au-travail-apres-un-accident-lors-dune-intervention-sur-une-machine-destinee-a-decouper-des-pierres\/","url":"https:\/\/www.accidentdutravail-idf.net\/blog\/un-employe-de-41-ans-meurt-au-travail-apres-un-accident-lors-dune-intervention-sur-une-machine-destinee-a-decouper-des-pierres\/","name":"Un employ\u00e9 de 41 ans meurt au travail apr\u00e8s un accident lors d\u2019une intervention sur une machine destin\u00e9e \u00e0 d\u00e9couper des pierres - ACCIDENTDUTRAVAIL-IDF","isPartOf":{"@id":"https:\/\/www.accidentdutravail-idf.net\/blog\/#website"},"primaryImageOfPage":{"@id":"https:\/\/www.accidentdutravail-idf.net\/blog\/un-employe-de-41-ans-meurt-au-travail-apres-un-accident-lors-dune-intervention-sur-une-machine-destinee-a-decouper-des-pierres\/#primaryimage"},"image":{"@id":"https:\/\/www.accidentdutravail-idf.net\/blog\/un-employe-de-41-ans-meurt-au-travail-apres-un-accident-lors-dune-intervention-sur-une-machine-destinee-a-decouper-des-pierres\/#primaryimage"},"thumbnailUrl":"https:\/\/www.accidentdutravail-idf.net\/blog\/wp-content\/uploads\/2025\/07\/un-employe-de-41-ans-meurt-au-travail-apres-un-accident-lors-dune-intervention-sur-une-machine-destinee-a-decouper-des-pierres.jpg","datePublished":"2025-07-04T00:07:00+00:00","description":"Un employ\u00e9 de 41 ans meurt au travail apr\u00e8s un accident lors d\u2019une intervention sur une machine destin\u00e9e \u00e0 d\u00e9couper des pierres article de ACCIDENTDUTRAVAIL-IDF","breadcrumb":{"@id":"https:\/\/www.accidentdutravail-idf.net\/blog\/un-employe-de-41-ans-meurt-au-travail-apres-un-accident-lors-dune-intervention-sur-une-machine-destinee-a-decouper-des-pierres\/#breadcrumb"},"inLanguage":"fr-FR","potentialAction":[{"@type":"ReadAction","target":["https:\/\/www.accidentdutravail-idf.net\/blog\/un-employe-de-41-ans-meurt-au-travail-apres-un-accident-lors-dune-intervention-sur-une-machine-destinee-a-decouper-des-pierres\/"]}]},{"@type":"ImageObject","inLanguage":"fr-FR","@id":"https:\/\/www.accidentdutravail-idf.net\/blog\/un-employe-de-41-ans-meurt-au-travail-apres-un-accident-lors-dune-intervention-sur-une-machine-destinee-a-decouper-des-pierres\/#primaryimage","url":"https:\/\/www.accidentdutravail-idf.net\/blog\/wp-content\/uploads\/2025\/07\/un-employe-de-41-ans-meurt-au-travail-apres-un-accident-lors-dune-intervention-sur-une-machine-destinee-a-decouper-des-pierres.jpg","contentUrl":"https:\/\/www.accidentdutravail-idf.net\/blog\/wp-content\/uploads\/2025\/07\/un-employe-de-41-ans-meurt-au-travail-apres-un-accident-lors-dune-intervention-sur-une-machine-destinee-a-decouper-des-pierres.jpg"},{"@type":"BreadcrumbList","@id":"https:\/\/www.accidentdutravail-idf.net\/blog\/un-employe-de-41-ans-meurt-au-travail-apres-un-accident-lors-dune-intervention-sur-une-machine-destinee-a-decouper-des-pierres\/#breadcrumb","itemListElement":[{"@type":"ListItem","position":1,"name":"Accueil","item":"https:\/\/www.accidentdutravail-idf.net\/blog\/"},{"@type":"ListItem","position":2,"name":"Un employ\u00e9 de 41 ans meurt au travail apr\u00e8s un accident lors d\u2019une intervention sur une machine destin\u00e9e \u00e0 d\u00e9couper des pierres"}]},{"@type":"WebSite","@id":"https:\/\/www.accidentdutravail-idf.net\/blog\/#website","url":"https:\/\/www.accidentdutravail-idf.net\/blog\/","name":"ACCIDENTDUTRAVAIL-IDF","description":"Portail accidents du travail-maladies professionnelles des entreprises d&#039;Ile-de-France","publisher":{"@id":"https:\/\/www.accidentdutravail-idf.net\/blog\/#organization"},"potentialAction":[{"@type":"SearchAction","target":{"@type":"EntryPoint","urlTemplate":"https:\/\/www.accidentdutravail-idf.net\/blog\/?s={search_term_string}"},"query-input":{"@type":"PropertyValueSpecification","valueRequired":true,"valueName":"search_term_string"}}],"inLanguage":"fr-FR"},{"@type":"Organization","@id":"https:\/\/www.accidentdutravail-idf.net\/blog\/#organization","name":"accidentdutravail-idf","url":"https:\/\/www.accidentdutravail-idf.net\/blog\/","logo":{"@type":"ImageObject","inLanguage":"fr-FR","@id":"https:\/\/www.accidentdutravail-idf.net\/blog\/#\/schema\/logo\/image\/","url":"https:\/\/www.accidentdutravail-idf.net\/blog\/wp-content\/uploads\/2022\/09\/logo-2.png","contentUrl":"https:\/\/www.accidentdutravail-idf.net\/blog\/wp-content\/uploads\/2022\/09\/logo-2.png","width":380,"height":291,"caption":"accidentdutravail-idf"},"image":{"@id":"https:\/\/www.accidentdutravail-idf.net\/blog\/#\/schema\/logo\/image\/"}},{"@type":"Person","@id":"https:\/\/www.accidentdutravail-idf.net\/blog\/#\/schema\/person\/3255d2f970de45e64bd9201f38e7b947","name":"Carlos Poulain","image":{"@type":"ImageObject","inLanguage":"fr-FR","@id":"https:\/\/secure.gravatar.com\/avatar\/b1c2f9d3588e34e91adb093635df64ef4b2381991216be7576466cfcdca4baf3?s=96&d=mm&r=g","url":"https:\/\/secure.gravatar.com\/avatar\/b1c2f9d3588e34e91adb093635df64ef4b2381991216be7576466cfcdca4baf3?s=96&d=mm&r=g","contentUrl":"https:\/\/secure.gravatar.com\/avatar\/b1c2f9d3588e34e91adb093635df64ef4b2381991216be7576466cfcdca4baf3?s=96&d=mm&r=g","caption":"Carlos Poulain"},"url":"https:\/\/www.accidentdutravail-idf.net\/blog\/author\/idfcarlos\/"}]}},"_links":{"self":[{"href":"https:\/\/www.accidentdutravail-idf.net\/blog\/wp-json\/wp\/v2\/posts\/1546","targetHints":{"allow":["GET"]}}],"collection":[{"href":"https:\/\/www.accidentdutravail-idf.net\/blog\/wp-json\/wp\/v2\/posts"}],"about":[{"href":"https:\/\/www.accidentdutravail-idf.net\/blog\/wp-json\/wp\/v2\/types\/post"}],"author":[{"embeddable":true,"href":"https:\/\/www.accidentdutravail-idf.net\/blog\/wp-json\/wp\/v2\/users\/2"}],"replies":[{"embeddable":true,"href":"https:\/\/www.accidentdutravail-idf.net\/blog\/wp-json\/wp\/v2\/comments?post=1546"}],"version-history":[{"count":0,"href":"https:\/\/www.accidentdutravail-idf.net\/blog\/wp-json\/wp\/v2\/posts\/1546\/revisions"}],"wp:attachment":[{"href":"https:\/\/www.accidentdutravail-idf.net\/blog\/wp-json\/wp\/v2\/media?parent=1546"}],"wp:term":[{"taxonomy":"category","embeddable":true,"href":"https:\/\/www.accidentdutravail-idf.net\/blog\/wp-json\/wp\/v2\/categories?post=1546"},{"taxonomy":"post_tag","embeddable":true,"href":"https:\/\/www.accidentdutravail-idf.net\/blog\/wp-json\/wp\/v2\/tags?post=1546"}],"curies":[{"name":"wp","href":"https:\/\/api.w.org\/{rel}","templated":true}]}}