{"id":1545,"date":"2025-07-03T09:00:00","date_gmt":"2025-07-03T07:00:00","guid":{"rendered":"https:\/\/www.accidentdutravail-idf.net\/blog\/accident-mortel-sur-le-chantier-du-grand-paris-express-eiffage-condamne-pour-homicide-involontaire\/"},"modified":"2025-07-03T09:00:00","modified_gmt":"2025-07-03T07:00:00","slug":"accident-mortel-sur-le-chantier-du-grand-paris-express-eiffage-condamne-pour-homicide-involontaire","status":"publish","type":"post","link":"https:\/\/www.accidentdutravail-idf.net\/blog\/accident-mortel-sur-le-chantier-du-grand-paris-express-eiffage-condamne-pour-homicide-involontaire\/","title":{"rendered":"Accident mortel sur le chantier du Grand Paris Express : Eiffage condamn\u00e9 pour homicide involontaire"},"content":{"rendered":"<div><img decoding=\"async\" src=\"https:\/\/www.accidentdutravail-idf.net\/blog\/wp-content\/uploads\/2025\/07\/accident-mortel-sur-le-chantier-du-grand-paris-express-eiffage-condamne-pour-homicide-involontaire.jpg\" class=\"ff-og-image-inserted\"><\/div>\n<p>La soci\u00e9t\u00e9 Eiffage a \u00e9t\u00e9 condamn\u00e9e ce jeudi 3 juillet \u00e0 une amende de 200 000 euros pour homicide involontaire sur le chantier de la gare du Blanc-Mesnil du Grand Paris Express. En mars 2023, un chauffeur de camion avait \u00e9t\u00e9 percut\u00e9 par un colis d&rsquo;une tonne lors d&rsquo;une livraison.<\/p>\n<div><!--[1--><!--[--><!--[2--><!--[--><!--[1--><!--&gt;\n\n<p>--><!--[1--><!--[--><!--[2--><!--[1--><!--[1--><!--&gt;--><!--&gt;La soci\u00e9t\u00e9 Eiffage a \u00e9t\u00e9 condamn\u00e9e, ce&nbsp; jeudi 3 juillet, par le tribunal de Bobigny \u00e0 200.000 euros d'amende pour avoir involontairement caus\u00e9 la mort d'un chauffeur de camion sur un chantier du Grand Paris Express en 2023.--><!--&gt;--><!--]--><!--]--><!--]--><!--&gt;]--><!--]--><!--&gt;--><\/p>\n<p><!--&gt;]--><!--]--><!--]--><!--&gt;[2--><!--[3--><!--&gt;[--><!--]--><!--&gt;]--><!--]--><!--&gt;[2--><!--[--><!--[1--><!--&gt;\n\n<p>--><!--[1--><!--[--><!--[2--><!--[1--><!--[1--><!--&gt;--><!--&gt;Le 7 mars de cette ann\u00e9e l\u00e0, \u00e0 7 h du matin, Franck Michel vient d'effectuer sa livraison sur le chantier de la gare du Blanc-Mesnil (Seine-Saint-Denis) de la future ligne 16 du Grand Paris Express. Il replace la b\u00e2che lat\u00e9rale de son camion quand il est <strong>percut\u00e9 \u00e0 la t\u00eate par un colis de plus d'une tonne<\/strong> tomb\u00e9 d'un chariot \u00e9l\u00e9vateur.--><!--&gt;--><!--]--><!--]--><!--]--><!--&gt;]--><!--]--><!--&gt;--><\/p>\n<p><!--&gt;]--><!--]--><!--]--><!--&gt;[2--><!--[--><!--[1--><!--&gt;\n\n<p>--><!--[1--><!--[--><!--[2--><!--[1--><!--[1--><!--&gt;--><!--&gt;Eiffage G\u00e9nie Civil a comparu le mois dernier \u00e0 Bobigny en tant que personne morale, au c\u00f4t\u00e9 d'un conducteur des travaux, pour cet accident du travail, l'<strong>un des cinq mortels recens\u00e9s<\/strong> sur le colossal chantier des nouvelles lignes de m\u00e9tro automatique en banlieue parisienne.--><!--&gt;--><!--]--><!--]--><!--]--><!--&gt;]--><!--]--><!--&gt;--><\/p>\n<p><!--&gt;]--><!--]--><!--]--><!--&gt;[2--><!--[1--><!--[--><!--&gt;[1--><\/p>\n<h2><!--&gt;-->Le conducteur de travaux relax\u00e9<!--&gt;--><\/h2>\n<p><!--]--><!--&gt;]--><!--]--><!--]--><!--&gt;[2--><!--[--><!--[1--><!--&gt;\n\n<p>--><!--[1--><!--[--><!--[2--><!--[1--><!--[1--><!--&gt;--><!--&gt;Le tribunal a relax\u00e9 le conducteur de travaux du chef d'homicide involontaire au motif qu'il n'a pas commis de faute <em>\"caract\u00e9ris\u00e9e ou d\u00e9lib\u00e9r\u00e9e\"<\/em>. Le responsable n'\u00e9tait pas pr\u00e9sent sur les lieux au moment du drame mais en chemin vers la gare. Les juges ont en revanche estim\u00e9 qu'en commettant une <em>\"faute simple\"<\/em>, \u00e0 savoir en ne transmettant pas le protocole de s\u00e9curit\u00e9, il avait engag\u00e9 <em>\"la responsabilit\u00e9 de la personne morale\"<\/em>, son employeur Eiffage.--><!--&gt;--><!--]--><!--]--><!--]--><!--&gt;]--><!--]--><!--&gt;--><\/p>\n<p><!--&gt;]--><!--]--><!--]--><!--&gt;[2--><!--[--><!--[1--><!--&gt;\n\n<p>--><!--[1--><!--[--><!--[2--><!--[1--><!--[1--><!--&gt;--><!--&gt;Le parquet avait requis une peine d'amende de 300.000 euros contre Eiffage, en r\u00e9cidive car d\u00e9j\u00e0 condamn\u00e9e pour un autre homicide involontaire, et neuf mois de prison avec sursis et 20.000 euros d'amende contre le conducteur des travaux.--><!--&gt;--><!--]--><!--]--><!--]--><!--&gt;]--><!--]--><!--&gt;--><\/p>\n<p><!--&gt;]--><!--]--><!--]--><!--&gt;[2--><!--[1--><!--[--><!--&gt;[1--><\/p>\n<h2><!--&gt;-->\u00ab\u00a0Par vos manquements de s\u00e9curit\u00e9, vous l&rsquo;avez quand m\u00eame tu\u00e9\u00a0\u00bb<!--&gt;--><\/h2>\n<p><!--]--><!--&gt;]--><!--]--><!--]--><!--&gt;[2--><!--[--><!--[1--><!--&gt;\n\n<p>--><!--[1--><!--[--><!--[2--><!--[1--><!--[1--><!--&gt;--><!--&gt;A l'audience du 5 juin, l'entreprise avait essuy\u00e9 la col\u00e8re vibrante d'une s\u0153ur de la victime: un groupe de BTP qui <em>\"brasse des milliards\"<\/em> devrait \u00eatre <em>\"nickel\"<\/em> sur la s\u00e9curit\u00e9, avait ass\u00e9n\u00e9 Karine Michel. <em>\"Je sais que vous ne vous \u00eates pas lev\u00e9s le matin en vous disant on va tuer quelqu'un (...) mais par vos manquements de s\u00e9curit\u00e9, <strong>vous l'avez quand m\u00eame tu\u00e9<\/strong>\"<\/em>, leur avait-elle lanc\u00e9.--><!--&gt;--><!--]--><!--]--><!--]--><!--&gt;]--><!--]--><!--&gt;--><\/p>\n<p><!--&gt;]--><!--]--><!--]--><!--&gt;[2--><!--[--><!--[1--><!--&gt;\n\n<p>--><!--[1--><!--[--><!--[2--><!--[1--><!--[1--><!--&gt;--><!--&gt;La d\u00e9fense d'Eiffage avait fustig\u00e9 le comportement du chef de chantier, absent du proc\u00e8s, comme l'<em>\"auteur direct de l'accident\"<\/em> en lui imputant un comportement <em>\"disruptif\"<\/em>. Elle avait insist\u00e9 sur le fait qu'au lieu de faire d\u00e9charger le camion \u00e0 l'aide d'une grue, le chef de chantier s'\u00e9tait mis lui-m\u00eame au volant d'un chariot \u00e9l\u00e9vateur - sans avoir suivi la formation ad\u00e9quate - dont les fourches avaient \u00e9t\u00e9 rallong\u00e9es avec des poutrelles inadapt\u00e9es, appartenant \u00e0 un prestataire.--><!--&gt;--><!--]--><!--]--><!--]--><!--&gt;]--><!--]--><!--&gt;--><\/p>\n<p><!--&gt;]--><!--]--><!--]--><!--&gt;]--><!--]--><!--&gt;<\/div>\n\naccidentdutravail-idf.net vous a pr\u00e9par\u00e9 ce post qui informe du sujet \"Association Sportive Huisson-Longueville Essonne\". La chronique se veut g\u00e9n\u00e9r\u00e9e du mieux possible. Vous pouvez utiliser les coordonn\u00e9es indiqu\u00e9es sur le site dans le but d\u2019apporter des explications sur ce post qui parle du th\u00e8me \"Association Sportive Huisson-Longueville Essonne\". Le site accidentdutravail-idf.net a pour but de fournir diverses publications sur la th\u00e9matique Association Sportive Huisson-Longueville Essonne diffus\u00e9es sur le net. Il y aura plusieurs articles autour du sujet \"Association Sportive Huisson-Longueville Essonne\" dans quelques jours, nous vous invitons \u00e0 naviguer sur notre site web \u00e0 plusieurs reprises.--><\/p>\n","protected":false},"excerpt":{"rendered":"<p>La soci\u00e9t\u00e9 Eiffage a \u00e9t\u00e9 condamn\u00e9e ce jeudi 3 juillet \u00e0 une amende de 200 000 euros pour homicide involontaire sur le chantier de la gare du Blanc-Mesnil du Grand Paris Express. En mars 2023, un chauffeur de camion avait \u00e9t\u00e9 percut\u00e9 par un colis d&rsquo;une tonne lors d&rsquo;une livraison. Le conducteur de travaux relax\u00e9 &hellip; <\/p>\n<p class=\"link-more\"><a href=\"https:\/\/www.accidentdutravail-idf.net\/blog\/accident-mortel-sur-le-chantier-du-grand-paris-express-eiffage-condamne-pour-homicide-involontaire\/\" class=\"more-link\">Continuer la lecture <span class=\"screen-reader-text\"> \u00ab\u00a0Accident mortel sur le chantier du Grand Paris Express : Eiffage condamn\u00e9 pour homicide involontaire\u00a0\u00bb<\/span><\/a><\/p>\n","protected":false},"author":2,"featured_media":0,"comment_status":"closed","ping_status":"closed","sticky":false,"template":"","format":"standard","meta":{"footnotes":""},"categories":[5],"tags":[],"class_list":["post-1545","post","type-post","status-publish","format-standard","hentry","category-securite-du-travail-en-ile-de-france-et-divers","entry"],"yoast_head":"<!-- This site is optimized with the Yoast SEO plugin v27.5 - https:\/\/yoast.com\/product\/yoast-seo-wordpress\/ -->\n<title>Accident mortel sur le chantier du Grand Paris Express : Eiffage condamn\u00e9 pour homicide involontaire - ACCIDENTDUTRAVAIL-IDF<\/title>\n<meta name=\"description\" content=\"Accident mortel sur le chantier du Grand Paris Express : Eiffage condamn\u00e9 pour homicide involontaire article de ACCIDENTDUTRAVAIL-IDF\" \/>\n<meta name=\"robots\" content=\"index, follow, max-snippet:-1, max-image-preview:large, max-video-preview:-1\" \/>\n<link rel=\"canonical\" href=\"https:\/\/www.accidentdutravail-idf.net\/blog\/accident-mortel-sur-le-chantier-du-grand-paris-express-eiffage-condamne-pour-homicide-involontaire\/\" \/>\n<meta property=\"og:locale\" content=\"fr_FR\" \/>\n<meta property=\"og:type\" content=\"article\" \/>\n<meta property=\"og:title\" content=\"Accident mortel sur le chantier du Grand Paris Express : Eiffage condamn\u00e9 pour homicide involontaire - ACCIDENTDUTRAVAIL-IDF\" \/>\n<meta property=\"og:description\" content=\"Accident mortel sur le chantier du Grand Paris Express : Eiffage condamn\u00e9 pour homicide involontaire article de ACCIDENTDUTRAVAIL-IDF\" \/>\n<meta property=\"og:url\" content=\"https:\/\/www.accidentdutravail-idf.net\/blog\/accident-mortel-sur-le-chantier-du-grand-paris-express-eiffage-condamne-pour-homicide-involontaire\/\" \/>\n<meta property=\"og:site_name\" content=\"ACCIDENTDUTRAVAIL-IDF\" \/>\n<meta property=\"article:published_time\" content=\"2025-07-03T07:00:00+00:00\" \/>\n<meta property=\"og:image\" content=\"https:\/\/www.accidentdutravail-idf.net\/blog\/wp-content\/uploads\/2025\/07\/accident-mortel-sur-le-chantier-du-grand-paris-express-eiffage-condamne-pour-homicide-involontaire.jpg\" \/>\n<meta name=\"author\" content=\"Carlos Poulain\" \/>\n<meta name=\"twitter:card\" content=\"summary_large_image\" \/>\n<meta name=\"twitter:label1\" content=\"\u00c9crit par\" \/>\n\t<meta name=\"twitter:data1\" content=\"Carlos Poulain\" \/>\n<script type=\"application\/ld+json\" class=\"yoast-schema-graph\">{\"@context\":\"https:\\\/\\\/schema.org\",\"@graph\":[{\"@type\":\"Article\",\"@id\":\"https:\\\/\\\/www.accidentdutravail-idf.net\\\/blog\\\/accident-mortel-sur-le-chantier-du-grand-paris-express-eiffage-condamne-pour-homicide-involontaire\\\/#article\",\"isPartOf\":{\"@id\":\"https:\\\/\\\/www.accidentdutravail-idf.net\\\/blog\\\/accident-mortel-sur-le-chantier-du-grand-paris-express-eiffage-condamne-pour-homicide-involontaire\\\/\"},\"author\":{\"name\":\"Carlos Poulain\",\"@id\":\"https:\\\/\\\/www.accidentdutravail-idf.net\\\/blog\\\/#\\\/schema\\\/person\\\/3255d2f970de45e64bd9201f38e7b947\"},\"headline\":\"Accident mortel sur le chantier du Grand Paris Express : Eiffage condamn\u00e9 pour homicide involontaire\",\"datePublished\":\"2025-07-03T07:00:00+00:00\",\"mainEntityOfPage\":{\"@id\":\"https:\\\/\\\/www.accidentdutravail-idf.net\\\/blog\\\/accident-mortel-sur-le-chantier-du-grand-paris-express-eiffage-condamne-pour-homicide-involontaire\\\/\"},\"wordCount\":78,\"publisher\":{\"@id\":\"https:\\\/\\\/www.accidentdutravail-idf.net\\\/blog\\\/#organization\"},\"image\":{\"@id\":\"https:\\\/\\\/www.accidentdutravail-idf.net\\\/blog\\\/accident-mortel-sur-le-chantier-du-grand-paris-express-eiffage-condamne-pour-homicide-involontaire\\\/#primaryimage\"},\"thumbnailUrl\":\"https:\\\/\\\/www.accidentdutravail-idf.net\\\/blog\\\/wp-content\\\/uploads\\\/2025\\\/07\\\/accident-mortel-sur-le-chantier-du-grand-paris-express-eiffage-condamne-pour-homicide-involontaire.jpg\",\"articleSection\":[\"S\u00e9curit\u00e9 Du Travail En Ile-De-France Et Divers:\"],\"inLanguage\":\"fr-FR\"},{\"@type\":\"WebPage\",\"@id\":\"https:\\\/\\\/www.accidentdutravail-idf.net\\\/blog\\\/accident-mortel-sur-le-chantier-du-grand-paris-express-eiffage-condamne-pour-homicide-involontaire\\\/\",\"url\":\"https:\\\/\\\/www.accidentdutravail-idf.net\\\/blog\\\/accident-mortel-sur-le-chantier-du-grand-paris-express-eiffage-condamne-pour-homicide-involontaire\\\/\",\"name\":\"Accident mortel sur le chantier du Grand Paris Express : Eiffage condamn\u00e9 pour homicide involontaire - ACCIDENTDUTRAVAIL-IDF\",\"isPartOf\":{\"@id\":\"https:\\\/\\\/www.accidentdutravail-idf.net\\\/blog\\\/#website\"},\"primaryImageOfPage\":{\"@id\":\"https:\\\/\\\/www.accidentdutravail-idf.net\\\/blog\\\/accident-mortel-sur-le-chantier-du-grand-paris-express-eiffage-condamne-pour-homicide-involontaire\\\/#primaryimage\"},\"image\":{\"@id\":\"https:\\\/\\\/www.accidentdutravail-idf.net\\\/blog\\\/accident-mortel-sur-le-chantier-du-grand-paris-express-eiffage-condamne-pour-homicide-involontaire\\\/#primaryimage\"},\"thumbnailUrl\":\"https:\\\/\\\/www.accidentdutravail-idf.net\\\/blog\\\/wp-content\\\/uploads\\\/2025\\\/07\\\/accident-mortel-sur-le-chantier-du-grand-paris-express-eiffage-condamne-pour-homicide-involontaire.jpg\",\"datePublished\":\"2025-07-03T07:00:00+00:00\",\"description\":\"Accident mortel sur le chantier du Grand Paris Express : Eiffage condamn\u00e9 pour homicide involontaire article de ACCIDENTDUTRAVAIL-IDF\",\"breadcrumb\":{\"@id\":\"https:\\\/\\\/www.accidentdutravail-idf.net\\\/blog\\\/accident-mortel-sur-le-chantier-du-grand-paris-express-eiffage-condamne-pour-homicide-involontaire\\\/#breadcrumb\"},\"inLanguage\":\"fr-FR\",\"potentialAction\":[{\"@type\":\"ReadAction\",\"target\":[\"https:\\\/\\\/www.accidentdutravail-idf.net\\\/blog\\\/accident-mortel-sur-le-chantier-du-grand-paris-express-eiffage-condamne-pour-homicide-involontaire\\\/\"]}]},{\"@type\":\"ImageObject\",\"inLanguage\":\"fr-FR\",\"@id\":\"https:\\\/\\\/www.accidentdutravail-idf.net\\\/blog\\\/accident-mortel-sur-le-chantier-du-grand-paris-express-eiffage-condamne-pour-homicide-involontaire\\\/#primaryimage\",\"url\":\"https:\\\/\\\/www.accidentdutravail-idf.net\\\/blog\\\/wp-content\\\/uploads\\\/2025\\\/07\\\/accident-mortel-sur-le-chantier-du-grand-paris-express-eiffage-condamne-pour-homicide-involontaire.jpg\",\"contentUrl\":\"https:\\\/\\\/www.accidentdutravail-idf.net\\\/blog\\\/wp-content\\\/uploads\\\/2025\\\/07\\\/accident-mortel-sur-le-chantier-du-grand-paris-express-eiffage-condamne-pour-homicide-involontaire.jpg\"},{\"@type\":\"BreadcrumbList\",\"@id\":\"https:\\\/\\\/www.accidentdutravail-idf.net\\\/blog\\\/accident-mortel-sur-le-chantier-du-grand-paris-express-eiffage-condamne-pour-homicide-involontaire\\\/#breadcrumb\",\"itemListElement\":[{\"@type\":\"ListItem\",\"position\":1,\"name\":\"Accueil\",\"item\":\"https:\\\/\\\/www.accidentdutravail-idf.net\\\/blog\\\/\"},{\"@type\":\"ListItem\",\"position\":2,\"name\":\"Accident mortel sur le chantier du Grand Paris Express : Eiffage condamn\u00e9 pour homicide involontaire\"}]},{\"@type\":\"WebSite\",\"@id\":\"https:\\\/\\\/www.accidentdutravail-idf.net\\\/blog\\\/#website\",\"url\":\"https:\\\/\\\/www.accidentdutravail-idf.net\\\/blog\\\/\",\"name\":\"ACCIDENTDUTRAVAIL-IDF\",\"description\":\"Portail accidents du travail-maladies professionnelles des entreprises d&#039;Ile-de-France\",\"publisher\":{\"@id\":\"https:\\\/\\\/www.accidentdutravail-idf.net\\\/blog\\\/#organization\"},\"potentialAction\":[{\"@type\":\"SearchAction\",\"target\":{\"@type\":\"EntryPoint\",\"urlTemplate\":\"https:\\\/\\\/www.accidentdutravail-idf.net\\\/blog\\\/?s={search_term_string}\"},\"query-input\":{\"@type\":\"PropertyValueSpecification\",\"valueRequired\":true,\"valueName\":\"search_term_string\"}}],\"inLanguage\":\"fr-FR\"},{\"@type\":\"Organization\",\"@id\":\"https:\\\/\\\/www.accidentdutravail-idf.net\\\/blog\\\/#organization\",\"name\":\"accidentdutravail-idf\",\"url\":\"https:\\\/\\\/www.accidentdutravail-idf.net\\\/blog\\\/\",\"logo\":{\"@type\":\"ImageObject\",\"inLanguage\":\"fr-FR\",\"@id\":\"https:\\\/\\\/www.accidentdutravail-idf.net\\\/blog\\\/#\\\/schema\\\/logo\\\/image\\\/\",\"url\":\"https:\\\/\\\/www.accidentdutravail-idf.net\\\/blog\\\/wp-content\\\/uploads\\\/2022\\\/09\\\/logo-2.png\",\"contentUrl\":\"https:\\\/\\\/www.accidentdutravail-idf.net\\\/blog\\\/wp-content\\\/uploads\\\/2022\\\/09\\\/logo-2.png\",\"width\":380,\"height\":291,\"caption\":\"accidentdutravail-idf\"},\"image\":{\"@id\":\"https:\\\/\\\/www.accidentdutravail-idf.net\\\/blog\\\/#\\\/schema\\\/logo\\\/image\\\/\"}},{\"@type\":\"Person\",\"@id\":\"https:\\\/\\\/www.accidentdutravail-idf.net\\\/blog\\\/#\\\/schema\\\/person\\\/3255d2f970de45e64bd9201f38e7b947\",\"name\":\"Carlos Poulain\",\"image\":{\"@type\":\"ImageObject\",\"inLanguage\":\"fr-FR\",\"@id\":\"https:\\\/\\\/secure.gravatar.com\\\/avatar\\\/b1c2f9d3588e34e91adb093635df64ef4b2381991216be7576466cfcdca4baf3?s=96&d=mm&r=g\",\"url\":\"https:\\\/\\\/secure.gravatar.com\\\/avatar\\\/b1c2f9d3588e34e91adb093635df64ef4b2381991216be7576466cfcdca4baf3?s=96&d=mm&r=g\",\"contentUrl\":\"https:\\\/\\\/secure.gravatar.com\\\/avatar\\\/b1c2f9d3588e34e91adb093635df64ef4b2381991216be7576466cfcdca4baf3?s=96&d=mm&r=g\",\"caption\":\"Carlos Poulain\"},\"url\":\"https:\\\/\\\/www.accidentdutravail-idf.net\\\/blog\\\/author\\\/idfcarlos\\\/\"}]}<\/script>\n<!-- \/ Yoast SEO plugin. -->","yoast_head_json":{"title":"Accident mortel sur le chantier du Grand Paris Express : Eiffage condamn\u00e9 pour homicide involontaire - ACCIDENTDUTRAVAIL-IDF","description":"Accident mortel sur le chantier du Grand Paris Express : Eiffage condamn\u00e9 pour homicide involontaire article de ACCIDENTDUTRAVAIL-IDF","robots":{"index":"index","follow":"follow","max-snippet":"max-snippet:-1","max-image-preview":"max-image-preview:large","max-video-preview":"max-video-preview:-1"},"canonical":"https:\/\/www.accidentdutravail-idf.net\/blog\/accident-mortel-sur-le-chantier-du-grand-paris-express-eiffage-condamne-pour-homicide-involontaire\/","og_locale":"fr_FR","og_type":"article","og_title":"Accident mortel sur le chantier du Grand Paris Express : Eiffage condamn\u00e9 pour homicide involontaire - ACCIDENTDUTRAVAIL-IDF","og_description":"Accident mortel sur le chantier du Grand Paris Express : Eiffage condamn\u00e9 pour homicide involontaire article de ACCIDENTDUTRAVAIL-IDF","og_url":"https:\/\/www.accidentdutravail-idf.net\/blog\/accident-mortel-sur-le-chantier-du-grand-paris-express-eiffage-condamne-pour-homicide-involontaire\/","og_site_name":"ACCIDENTDUTRAVAIL-IDF","article_published_time":"2025-07-03T07:00:00+00:00","og_image":[{"url":"https:\/\/www.accidentdutravail-idf.net\/blog\/wp-content\/uploads\/2025\/07\/accident-mortel-sur-le-chantier-du-grand-paris-express-eiffage-condamne-pour-homicide-involontaire.jpg","type":"","width":"","height":""}],"author":"Carlos Poulain","twitter_card":"summary_large_image","twitter_misc":{"\u00c9crit par":"Carlos Poulain"},"schema":{"@context":"https:\/\/schema.org","@graph":[{"@type":"Article","@id":"https:\/\/www.accidentdutravail-idf.net\/blog\/accident-mortel-sur-le-chantier-du-grand-paris-express-eiffage-condamne-pour-homicide-involontaire\/#article","isPartOf":{"@id":"https:\/\/www.accidentdutravail-idf.net\/blog\/accident-mortel-sur-le-chantier-du-grand-paris-express-eiffage-condamne-pour-homicide-involontaire\/"},"author":{"name":"Carlos Poulain","@id":"https:\/\/www.accidentdutravail-idf.net\/blog\/#\/schema\/person\/3255d2f970de45e64bd9201f38e7b947"},"headline":"Accident mortel sur le chantier du Grand Paris Express : Eiffage condamn\u00e9 pour homicide involontaire","datePublished":"2025-07-03T07:00:00+00:00","mainEntityOfPage":{"@id":"https:\/\/www.accidentdutravail-idf.net\/blog\/accident-mortel-sur-le-chantier-du-grand-paris-express-eiffage-condamne-pour-homicide-involontaire\/"},"wordCount":78,"publisher":{"@id":"https:\/\/www.accidentdutravail-idf.net\/blog\/#organization"},"image":{"@id":"https:\/\/www.accidentdutravail-idf.net\/blog\/accident-mortel-sur-le-chantier-du-grand-paris-express-eiffage-condamne-pour-homicide-involontaire\/#primaryimage"},"thumbnailUrl":"https:\/\/www.accidentdutravail-idf.net\/blog\/wp-content\/uploads\/2025\/07\/accident-mortel-sur-le-chantier-du-grand-paris-express-eiffage-condamne-pour-homicide-involontaire.jpg","articleSection":["S\u00e9curit\u00e9 Du Travail En Ile-De-France Et Divers:"],"inLanguage":"fr-FR"},{"@type":"WebPage","@id":"https:\/\/www.accidentdutravail-idf.net\/blog\/accident-mortel-sur-le-chantier-du-grand-paris-express-eiffage-condamne-pour-homicide-involontaire\/","url":"https:\/\/www.accidentdutravail-idf.net\/blog\/accident-mortel-sur-le-chantier-du-grand-paris-express-eiffage-condamne-pour-homicide-involontaire\/","name":"Accident mortel sur le chantier du Grand Paris Express : Eiffage condamn\u00e9 pour homicide involontaire - ACCIDENTDUTRAVAIL-IDF","isPartOf":{"@id":"https:\/\/www.accidentdutravail-idf.net\/blog\/#website"},"primaryImageOfPage":{"@id":"https:\/\/www.accidentdutravail-idf.net\/blog\/accident-mortel-sur-le-chantier-du-grand-paris-express-eiffage-condamne-pour-homicide-involontaire\/#primaryimage"},"image":{"@id":"https:\/\/www.accidentdutravail-idf.net\/blog\/accident-mortel-sur-le-chantier-du-grand-paris-express-eiffage-condamne-pour-homicide-involontaire\/#primaryimage"},"thumbnailUrl":"https:\/\/www.accidentdutravail-idf.net\/blog\/wp-content\/uploads\/2025\/07\/accident-mortel-sur-le-chantier-du-grand-paris-express-eiffage-condamne-pour-homicide-involontaire.jpg","datePublished":"2025-07-03T07:00:00+00:00","description":"Accident mortel sur le chantier du Grand Paris Express : Eiffage condamn\u00e9 pour homicide involontaire article de ACCIDENTDUTRAVAIL-IDF","breadcrumb":{"@id":"https:\/\/www.accidentdutravail-idf.net\/blog\/accident-mortel-sur-le-chantier-du-grand-paris-express-eiffage-condamne-pour-homicide-involontaire\/#breadcrumb"},"inLanguage":"fr-FR","potentialAction":[{"@type":"ReadAction","target":["https:\/\/www.accidentdutravail-idf.net\/blog\/accident-mortel-sur-le-chantier-du-grand-paris-express-eiffage-condamne-pour-homicide-involontaire\/"]}]},{"@type":"ImageObject","inLanguage":"fr-FR","@id":"https:\/\/www.accidentdutravail-idf.net\/blog\/accident-mortel-sur-le-chantier-du-grand-paris-express-eiffage-condamne-pour-homicide-involontaire\/#primaryimage","url":"https:\/\/www.accidentdutravail-idf.net\/blog\/wp-content\/uploads\/2025\/07\/accident-mortel-sur-le-chantier-du-grand-paris-express-eiffage-condamne-pour-homicide-involontaire.jpg","contentUrl":"https:\/\/www.accidentdutravail-idf.net\/blog\/wp-content\/uploads\/2025\/07\/accident-mortel-sur-le-chantier-du-grand-paris-express-eiffage-condamne-pour-homicide-involontaire.jpg"},{"@type":"BreadcrumbList","@id":"https:\/\/www.accidentdutravail-idf.net\/blog\/accident-mortel-sur-le-chantier-du-grand-paris-express-eiffage-condamne-pour-homicide-involontaire\/#breadcrumb","itemListElement":[{"@type":"ListItem","position":1,"name":"Accueil","item":"https:\/\/www.accidentdutravail-idf.net\/blog\/"},{"@type":"ListItem","position":2,"name":"Accident mortel sur le chantier du Grand Paris Express : Eiffage condamn\u00e9 pour homicide involontaire"}]},{"@type":"WebSite","@id":"https:\/\/www.accidentdutravail-idf.net\/blog\/#website","url":"https:\/\/www.accidentdutravail-idf.net\/blog\/","name":"ACCIDENTDUTRAVAIL-IDF","description":"Portail accidents du travail-maladies professionnelles des entreprises d&#039;Ile-de-France","publisher":{"@id":"https:\/\/www.accidentdutravail-idf.net\/blog\/#organization"},"potentialAction":[{"@type":"SearchAction","target":{"@type":"EntryPoint","urlTemplate":"https:\/\/www.accidentdutravail-idf.net\/blog\/?s={search_term_string}"},"query-input":{"@type":"PropertyValueSpecification","valueRequired":true,"valueName":"search_term_string"}}],"inLanguage":"fr-FR"},{"@type":"Organization","@id":"https:\/\/www.accidentdutravail-idf.net\/blog\/#organization","name":"accidentdutravail-idf","url":"https:\/\/www.accidentdutravail-idf.net\/blog\/","logo":{"@type":"ImageObject","inLanguage":"fr-FR","@id":"https:\/\/www.accidentdutravail-idf.net\/blog\/#\/schema\/logo\/image\/","url":"https:\/\/www.accidentdutravail-idf.net\/blog\/wp-content\/uploads\/2022\/09\/logo-2.png","contentUrl":"https:\/\/www.accidentdutravail-idf.net\/blog\/wp-content\/uploads\/2022\/09\/logo-2.png","width":380,"height":291,"caption":"accidentdutravail-idf"},"image":{"@id":"https:\/\/www.accidentdutravail-idf.net\/blog\/#\/schema\/logo\/image\/"}},{"@type":"Person","@id":"https:\/\/www.accidentdutravail-idf.net\/blog\/#\/schema\/person\/3255d2f970de45e64bd9201f38e7b947","name":"Carlos Poulain","image":{"@type":"ImageObject","inLanguage":"fr-FR","@id":"https:\/\/secure.gravatar.com\/avatar\/b1c2f9d3588e34e91adb093635df64ef4b2381991216be7576466cfcdca4baf3?s=96&d=mm&r=g","url":"https:\/\/secure.gravatar.com\/avatar\/b1c2f9d3588e34e91adb093635df64ef4b2381991216be7576466cfcdca4baf3?s=96&d=mm&r=g","contentUrl":"https:\/\/secure.gravatar.com\/avatar\/b1c2f9d3588e34e91adb093635df64ef4b2381991216be7576466cfcdca4baf3?s=96&d=mm&r=g","caption":"Carlos Poulain"},"url":"https:\/\/www.accidentdutravail-idf.net\/blog\/author\/idfcarlos\/"}]}},"_links":{"self":[{"href":"https:\/\/www.accidentdutravail-idf.net\/blog\/wp-json\/wp\/v2\/posts\/1545","targetHints":{"allow":["GET"]}}],"collection":[{"href":"https:\/\/www.accidentdutravail-idf.net\/blog\/wp-json\/wp\/v2\/posts"}],"about":[{"href":"https:\/\/www.accidentdutravail-idf.net\/blog\/wp-json\/wp\/v2\/types\/post"}],"author":[{"embeddable":true,"href":"https:\/\/www.accidentdutravail-idf.net\/blog\/wp-json\/wp\/v2\/users\/2"}],"replies":[{"embeddable":true,"href":"https:\/\/www.accidentdutravail-idf.net\/blog\/wp-json\/wp\/v2\/comments?post=1545"}],"version-history":[{"count":0,"href":"https:\/\/www.accidentdutravail-idf.net\/blog\/wp-json\/wp\/v2\/posts\/1545\/revisions"}],"wp:attachment":[{"href":"https:\/\/www.accidentdutravail-idf.net\/blog\/wp-json\/wp\/v2\/media?parent=1545"}],"wp:term":[{"taxonomy":"category","embeddable":true,"href":"https:\/\/www.accidentdutravail-idf.net\/blog\/wp-json\/wp\/v2\/categories?post=1545"},{"taxonomy":"post_tag","embeddable":true,"href":"https:\/\/www.accidentdutravail-idf.net\/blog\/wp-json\/wp\/v2\/tags?post=1545"}],"curies":[{"name":"wp","href":"https:\/\/api.w.org\/{rel}","templated":true}]}}