{"id":154,"date":"2022-08-31T10:41:05","date_gmt":"2022-08-31T08:41:05","guid":{"rendered":"https:\/\/www.site.cdcl.xyz\/2022\/08\/31\/gauche-france-une-proposition-de-loi-de-la-nupes-vise-a-garant-nupes-gauche-de-partidegauche94\/"},"modified":"2022-08-31T10:41:05","modified_gmt":"2022-08-31T08:41:05","slug":"gauche-france-une-proposition-de-loi-de-la-nupes-vise-a-garant-nupes-gauche-de-partidegauche94","status":"publish","type":"post","link":"https:\/\/www.accidentdutravail-idf.net\/blog\/gauche-france-une-proposition-de-loi-de-la-nupes-vise-a-garant-nupes-gauche-de-partidegauche94\/","title":{"rendered":"Gauche France: Une proposition de loi de la #Nupes, vise \u00e0 garant\u2026 #nupes #gauche |de @PartideGauche94"},"content":{"rendered":"<p>Cet tweet de quelques mots, vient d\u2019\u00eatre d\u00e9couvert sur les derniers tweets publi\u00e9s, notre staff est heureux de vous en produire l\u2019essentiel dans cette publication.<\/p>\n<p>Le profil twitter est pr\u00e9sent\u00e9 sous le nom Parti de Gauche 94 \u2013 France insoumise. Il<br \/>est connu avec le pseudonyme @PartideGauche94.<\/p>\n<p>Pour m\u00e9moire voil\u00e0 sa description:Le projet du Parti de gauche est l\u2019\u00e9cosocialisme. Le Parti de gauche fait partie de la France insoumise.<\/p>\n<p>Revoici pareillement le lien sur sa page:<br \/>https:\/\/twitter.com\/intent\/user?user_id=3027894052<\/p>\n<p>Texte source dont il s\u2019agit : <\/p>\n<p><img decoding=\"async\" src=\"https:\/\/www.accidentdutravail-idf.net\/blog\/wp-content\/uploads\/2022\/10\/gauche-france-une-proposition-de-loi-de-la-nupes-vise-a-garant-nupes-gauche-de-partidegauche94.webp\"><\/p>\n<p>Une proposition de loi de la #Nupes, vise \u00e0 garantir \u00ab la gratuit\u00e9 r\u00e9elle de l\u2019Education nationale \u00bb. Parce que l\u2019\u00e9galit\u00e9 d\u2019acc\u00e8s \u00e0 l\u2019Education de TOUS les enfants est fondamentale pour une \u00e9cole \u00e9galitaire et \u00e9mancipatrice ! #Rentree2022 #RentreeScolaire<br \/><a rel=\"nofollow noopener\" target=\"_blank\" href=\"https:\/\/t.co\/pYS4S0FCyI\">https:\/\/t.co\/pYS4S0FCyI<\/a><\/p>\n<p>A l\u2019heure o\u00f9 nous diffusons l\u2019information, ce tweet a \u00e9t\u00e9 lik\u00e9 2 fois et a \u00e9t\u00e9 retwett\u00e9 1 fois.<\/p>\n<p>A lire sur un objet analogue:<\/p>\n<p>,<a href=\"https:\/\/fr.wikisource.org\/wiki\/Chronique_de_la_quinzaine_-_14_f%C3%A9vrier_1920\" target=\"_blank\" rel=\"noopener noreferrer nofollow\">(la couverture) <\/a><span><\/span>.<\/p>\n<p>,<a href=\"https:\/\/fr.wikisource.org\/wiki\/La_Morale_socialiste\" target=\"_blank\" rel=\"noopener noreferrer nofollow\">(la couverture) <\/a><span><\/span>. Disponible \u00e0 l\u2019achat sur les plateformes Amazon, Fnac, Cultura \u2026.<\/p>\n<p>{Les Propos d\u2019Alain (1920)\/Tome 2\/045.,<a href=\"https:\/\/fr.wikisource.org\/wiki\/Les_Propos_d%E2%80%99Alain_(1920)\/Tome_2\/045\" target=\"_blank\" rel=\"noopener noreferrer nofollow\">Le livre <\/a><span><\/span>. Disponible dans toutes les bonnes librairies.<br \/>|,<a href=\"https:\/\/fr.wikisource.org\/wiki\/Les_Propos_d%E2%80%99Alain_(1920)\/Tome_2\/090\" target=\"_blank\" rel=\"noopener noreferrer nofollow\">Clicker Ici <\/a><span><\/span>. Disponible dans toutes les bonnes biblioth\u00e8ques de votre d\u00e9partement.<br \/>|,<a href=\"https:\/\/www.kobo.com\/fr\/fr\/ebook\/les-quatre-livres-de-philosophie-morale-et-politique-de-la-chine-3\" target=\"_blank\" rel=\"noopener noreferrer nofollow\">A voir et \u00e0 lire. <\/a><span><\/span>.<br \/>|,<a href=\"https:\/\/www.kobo.com\/fr\/fr\/ebook\/les-quatre-livres-de-philosophie-morale-et-politique-de-la-chine-1\" target=\"_blank\" rel=\"noopener noreferrer nofollow\">Ouvrage <\/a><span><\/span>. A emprunter en biblioth\u00e8que.<br \/>|,<a href=\"https:\/\/fr.wikisource.org\/wiki\/Les_Questions_politiques_et_sociales\" target=\"_blank\" rel=\"noopener noreferrer nofollow\">Le livre <\/a><span><\/span>.<br \/>|,<a href=\"https:\/\/www.kobo.com\/fr\/fr\/ebook\/les-religions-face-a-l-intolerance\" target=\"_blank\" rel=\"noopener noreferrer nofollow\">(la couverture) <\/a><span><\/span>. Disponible \u00e0 l\u2019achat sur les plateformes Amazon, Fnac, Cultura \u2026.<br \/>|,<a href=\"https:\/\/fr.wikisource.org\/wiki\/Les_R%C3%A9volutionnaires\" target=\"_blank\" rel=\"noopener noreferrer nofollow\">Le livre <\/a><span><\/span>. Disponible dans toutes les bonnes librairies.<br \/>|,<a href=\"https:\/\/fr.wikisource.org\/wiki\/Les_Socialistes_falsificateurs_de_Karl_Marx\" target=\"_blank\" rel=\"noopener noreferrer nofollow\">Clicker Ici <\/a><span><\/span>. Disponible dans toutes les bonnes biblioth\u00e8ques de votre d\u00e9partement.<br \/>|,<a href=\"https:\/\/fr.wikisource.org\/wiki\/Les_Soci%C3%A9t%C3%A9s_communistes_aux_%C3%89tats-Unis\" target=\"_blank\" rel=\"noopener noreferrer nofollow\">A voir et \u00e0 lire. <\/a><span><\/span>. Disponible sur internet.<br \/>|,<a href=\"https:\/\/booknode.com\/les_soutiens_financiers_secrets_de_hitler_03399475\" target=\"_blank\" rel=\"noopener noreferrer nofollow\">Ouvrage <\/a><span><\/span>.<br \/>|,<a href=\"https:\/\/fr.wikisource.org\/wiki\/Les_Temps_nouveaux\" target=\"_blank\" rel=\"noopener noreferrer nofollow\">Le livre <\/a><span><\/span>.<br \/>|,<a href=\"https:\/\/fr.wikisource.org\/wiki\/Les_Temps_nouveaux\" target=\"_blank\" rel=\"noopener noreferrer nofollow\">(la couverture) <\/a><span><\/span>. Disponible \u00e0 l\u2019achat sur les plateformes Amazon, Fnac, Cultura \u2026.<br \/>|,<a href=\"https:\/\/fr.wikisource.org\/wiki\/Les_Tendances_nouvelles_de_l%E2%80%99%C3%A9conomie_politique_et_du_socialisme\" target=\"_blank\" rel=\"noopener noreferrer nofollow\">(Disponible) <\/a><span><\/span>.<br \/>|,<a href=\"https:\/\/fr.wikisource.org\/wiki\/Les_Violettes_et_les_Abeilles\" target=\"_blank\" rel=\"noopener noreferrer nofollow\">Le livre <\/a><span><\/span>.<br \/>|,<a href=\"https:\/\/www.kobo.com\/fr\/fr\/ebook\/l-espace-politique-de-la-sante\" target=\"_blank\" rel=\"noopener noreferrer nofollow\">livre de r\u00e9f\u00e9rence <\/a><span><\/span>.<br \/>|,<a href=\"https:\/\/booknode.com\/letat_monde_liberalisme_socialisme_et_communisme_a_lechelle_globale_refondation_du_marxisme_02073424\" target=\"_blank\" rel=\"noopener noreferrer nofollow\">(la couverture) <\/a><span><\/span>.<br \/>|,<a href=\"https:\/\/booknode.com\/letat_monde_liberalisme_socialisme_et_communisme_a_lechelle_globale_refondation_du_marxisme_02073424\" target=\"_blank\" rel=\"noopener noreferrer nofollow\">(Disponible) <\/a><span><\/span>. Disponible chez votre libraire.<br \/>|,<a href=\"https:\/\/booknode.com\/letat_monde_liberalisme_socialisme_et_communisme_a_lechelle_globale_refondation_du_marxisme_02073424\" target=\"_blank\" rel=\"noopener noreferrer nofollow\">Le livre <\/a><span><\/span>. Disponible dans toutes les bonnes librairies.<br \/>|,<a href=\"https:\/\/fr.wikisource.org\/wiki\/Lettre_des_dirigeants_de_Cronstadt_au_chef_blanc_Grimm\" target=\"_blank\" rel=\"noopener noreferrer nofollow\">A voir et \u00e0 lire. <\/a><span><\/span>.<br \/>|,<a href=\"https:\/\/www.kobo.com\/fr\/fr\/ebook\/lettre-ouverte-aux-hommes-de-gauche-1\" target=\"_blank\" rel=\"noopener noreferrer nofollow\">Ouvrage <\/a><span><\/span>.<br \/>|,<a href=\"https:\/\/www.kobo.com\/fr\/fr\/ebook\/lettre-ouverte-contre-l-instrumentalisation-politique-de-la-laicite\" target=\"_blank\" rel=\"noopener noreferrer nofollow\">Le livre <\/a><span><\/span>.<br \/>|,<a href=\"https:\/\/fr.wikisource.org\/wiki\/Lettres_%C3%A0_Herzen_et_Ogareff\/%C3%80_Herzen_(28-10-1869)\" target=\"_blank\" rel=\"noopener noreferrer nofollow\">Clicker Ici <\/a><span><\/span>. Disponible dans toutes les bonnes biblioth\u00e8ques de votre d\u00e9partement.<br \/>|,<a href=\"https:\/\/fr.wikisource.org\/wiki\/Lettres_%C3%A0_Herzen_et_Ogareff\/%C3%80_Herzen_et_%C3%A0_Ogareff_(23-03-1866)\" target=\"_blank\" rel=\"noopener noreferrer nofollow\">A voir et \u00e0 lire. <\/a><span><\/span>.<br \/>|,<a href=\"https:\/\/fr.wikisource.org\/wiki\/Lettres_%C3%A0_Herzen_et_Ogareff\/%C3%80_Ogareff_(31-08-1870)\" target=\"_blank\" rel=\"noopener noreferrer nofollow\">Ouvrage <\/a><span><\/span>.<br \/>|,<a href=\"https:\/\/fr.wikisource.org\/wiki\/Lettres_%C3%A0_M._Domenger\/Lettre_10\" target=\"_blank\" rel=\"noopener noreferrer nofollow\">Le livre <\/a><span><\/span>.<br \/>|,<a href=\"https:\/\/fr.wikisource.org\/wiki\/Lettres_%C3%A0_M._F%C3%A9lix_Coudroy\/Lettre_46\" target=\"_blank\" rel=\"noopener noreferrer nofollow\">(la couverture) <\/a><span><\/span>. Disponible \u00e0 l\u2019achat sur les plateformes Amazon, Fnac, Cultura \u2026.<br \/>|,<a href=\"https:\/\/fr.wikisource.org\/wiki\/Lettres_%C3%A0_M._F%C3%A9lix_Coudroy\/Lettre_50\" target=\"_blank\" rel=\"noopener noreferrer nofollow\">Le livre <\/a><span><\/span>.<br \/>|,<a href=\"https:\/\/fr.wikisource.org\/wiki\/Lettres_%C3%A0_M._Horace_Say\/Lettre_3\" target=\"_blank\" rel=\"noopener noreferrer nofollow\">Clicker Ici <\/a><span><\/span>.<br \/>|,<a href=\"https:\/\/fr.wikisource.org\/wiki\/Lettres_%C3%A0_Richard_Cobden\/Lettre_14\" target=\"_blank\" rel=\"noopener noreferrer nofollow\">A voir et \u00e0 lire. <\/a><span><\/span>. Disponible sur internet.<br \/>|,<a href=\"https:\/\/fr.wikisource.org\/wiki\/Lettres_%C3%A0_Richard_Cobden\/Lettre_35\" target=\"_blank\" rel=\"noopener noreferrer nofollow\">Ouvrage <\/a><span><\/span>.<br \/>|,<a href=\"https:\/\/fr.wikisource.org\/wiki\/Lettres_%C3%A0_Richard_Cobden\/Lettre_40\" target=\"_blank\" rel=\"noopener noreferrer nofollow\">Le livre <\/a><span><\/span>.<br \/>|,<a href=\"https:\/\/fr.wikisource.org\/wiki\/Lettres_%C3%A0_Sergio_Solmi_sur_la_philosophie_de_Kant\" target=\"_blank\" rel=\"noopener noreferrer nofollow\">(la couverture) <\/a><span><\/span>.<br \/>|,<a href=\"https:\/\/fr.wikisource.org\/wiki\/Lettres_%C3%A0_Sergio_Solmi_sur_la_philosophie_de_Kant\/Lettre_6\" target=\"_blank\" rel=\"noopener noreferrer nofollow\">(Disponible) <\/a><span><\/span>.<br \/>|,<a href=\"https:\/\/fr.wikisource.org\/wiki\/Lettres_d%E2%80%99un_habitant_des_Landes\/Lettre_15\" target=\"_blank\" rel=\"noopener noreferrer nofollow\">Le livre <\/a><span><\/span>.<br \/>|,<a href=\"https:\/\/fr.wikisource.org\/wiki\/Lettres_d%E2%80%99un_habitant_des_Landes\/Lettre_16\" target=\"_blank\" rel=\"noopener noreferrer nofollow\">livre de r\u00e9f\u00e9rence <\/a><span><\/span>.<br \/>|,<a href=\"https:\/\/fr.wikisource.org\/wiki\/Lettres_de_P%C3%A9trograd_-_Esquisses_de_la_vie_sovi%C3%A9tique\/02\" target=\"_blank\" rel=\"noopener noreferrer nofollow\">(la couverture) <\/a><span><\/span>.<br \/>|,<a href=\"https:\/\/fr.wikisource.org\/wiki\/Lettres_parisiennes\/Ann%C3%A9e_1848\/03\" target=\"_blank\" rel=\"noopener noreferrer nofollow\">(Disponible) <\/a><span><\/span>.<br \/>|,<a href=\"https:\/\/fr.wikisource.org\/wiki\/Lettres_r%C3%A9publicaines\" target=\"_blank\" rel=\"noopener noreferrer nofollow\">Le livre <\/a><span><\/span>. Disponible dans toutes les bonnes librairies.<br \/>|,<a href=\"https:\/\/fr.wikisource.org\/wiki\/Lettres_r%C3%A9publicaines\/Lettre_06\" target=\"_blank\" rel=\"noopener noreferrer nofollow\">A voir et \u00e0 lire. <\/a><span><\/span>.<br \/>|,<a href=\"https:\/\/fr.wikisource.org\/wiki\/Lettres_r%C3%A9publicaines\/Lettre_09\" target=\"_blank\" rel=\"noopener noreferrer nofollow\">Ouvrage <\/a><span><\/span>.<br \/>|,<a href=\"https:\/\/fr.wikisource.org\/wiki\/Lettres_r%C3%A9publicaines\/Lettre_12\" target=\"_blank\" rel=\"noopener noreferrer nofollow\">Le livre <\/a><span><\/span>.<br \/>|,<a href=\"https:\/\/fr.wikisource.org\/wiki\/Lettres_r%C3%A9publicaines\/Lettre_13\" target=\"_blank\" rel=\"noopener noreferrer nofollow\">Clicker Ici <\/a><span><\/span>.<br \/>|,<a href=\"https:\/\/fr.wikisource.org\/wiki\/Lettres_r%C3%A9publicaines\/Lettre_17\" target=\"_blank\" rel=\"noopener noreferrer nofollow\">A voir et \u00e0 lire. <\/a><span><\/span>.<br \/>|,<a href=\"https:\/\/www.kobo.com\/fr\/fr\/ebook\/l-experience-politique-de-l-art\" target=\"_blank\" rel=\"noopener noreferrer nofollow\">Ouvrage <\/a><span><\/span>.<br \/>|,<a href=\"https:\/\/www.kobo.com\/fr\/fr\/ebook\/l-habiter-un-impense-de-la-politique-de-la-ville\" target=\"_blank\" rel=\"noopener noreferrer nofollow\">Le livre <\/a><span><\/span>.<br \/>|,<a href=\"https:\/\/booknode.com\/lhistoire_du_communisme_racontee_aux_malades_mentaux_02634865\" target=\"_blank\" rel=\"noopener noreferrer nofollow\">(la couverture) <\/a><span><\/span>. Disponible \u00e0 l\u2019achat sur les plateformes Amazon, Fnac, Cultura \u2026.<br \/>|,<a href=\"https:\/\/booknode.com\/lhumain_dabord_le_programme_du_front_de_gauche_0157532\" target=\"_blank\" rel=\"noopener noreferrer nofollow\">Le livre <\/a><span><\/span>.<br \/>|,<a href=\"https:\/\/fr.wikisource.org\/wiki\/Lib%C3%A9ralisme_socialiste_-_Les_%C3%A9crits_de_M._Proudhon\" target=\"_blank\" rel=\"noopener noreferrer nofollow\">Clicker Ici <\/a><span><\/span>.<br \/>|,<a href=\"https:\/\/booknode.com\/libre_echangisme_protectionnisme_et_socialisme_01665234\" target=\"_blank\" rel=\"noopener noreferrer nofollow\">A voir et \u00e0 lire. <\/a><span><\/span>. Disponible sur internet.<br \/>|,<a href=\"https:\/\/www.kobo.com\/fr\/fr\/ebook\/l-imagination-theologico-politique-de-l-eglise-vers-une-ecclesiologie-narrative-avec-william-t-ca\" target=\"_blank\" rel=\"noopener noreferrer nofollow\">Ouvrage <\/a><span><\/span>.<br \/>|,<a href=\"https:\/\/fr.wikisource.orgURL\" target=\"_blank\" rel=\"noopener noreferrer nofollow\">Le livre <\/a><span><\/span>. Ouvrage de r\u00e9f\u00e9rence.<br \/>|,<a href=\"https:\/\/www.kobo.com\/fr\/fr\/ebook\/l-instabilite-politique-de-l-amerique-latine\" target=\"_blank\" rel=\"noopener noreferrer nofollow\">(la couverture) <\/a><span><\/span>.<br \/>|,<a href=\"https:\/\/www.kobo.com\/fr\/fr\/ebook\/l-ontologie-politique-de-martin-heidegger\" target=\"_blank\" rel=\"noopener noreferrer nofollow\">(Disponible) <\/a><span><\/span>. Disponible chez votre libraire.<br \/>|,<a href=\"https:\/\/www.kobo.com\/fr\/fr\/ebook\/l-utopie-26\" target=\"_blank\" rel=\"noopener noreferrer nofollow\">Le livre <\/a><span><\/span>. Disponible \u00e0 CULTURA.<br \/>|,<a href=\"https:\/\/fr.wikisource.org\/wiki\/M._de_Bismarck_et_le_socialisme_allemand\" target=\"_blank\" rel=\"noopener noreferrer nofollow\">livre de r\u00e9f\u00e9rence <\/a><span><\/span>.<br \/>|,<a href=\"https:\/\/fr.wikisource.org\/wiki\/Manifeste_de_la_Socialist_League\" target=\"_blank\" rel=\"noopener noreferrer nofollow\">(la couverture) <\/a><span><\/span>. Disponible Sur AMAZON.<br \/>|,<a href=\"https:\/\/fr.wikisource.org\/wiki\/Manifeste_du_parti_communiste\" target=\"_blank\" rel=\"noopener noreferrer nofollow\">(Disponible) <\/a><span><\/span>.<br \/>|,<a href=\"https:\/\/fr.wikisource.org\/wiki\/Manifeste_du_parti_communiste\/Andler\" target=\"_blank\" rel=\"noopener noreferrer nofollow\">Le livre <\/a><span><\/span>.<br \/>|,<a href=\"https:\/\/fr.wikisource.org\/wiki\/Manifeste_du_parti_communiste\/Andler\" target=\"_blank\" rel=\"noopener noreferrer nofollow\">A voir et \u00e0 lire. <\/a><span><\/span>.<br \/>|,<a href=\"https:\/\/fr.wikisource.org\/wiki\/Manifeste_du_parti_communiste\/Andler\/II\/Commentaire\" target=\"_blank\" rel=\"noopener noreferrer nofollow\">Ouvrage <\/a><span><\/span>.<br \/>|,<a href=\"https:\/\/fr.wikisource.org\/wiki\/Manifeste_du_parti_communiste\/Andler\/II\/Commentaire\/2\" target=\"_blank\" rel=\"noopener noreferrer nofollow\">Le livre <\/a><span><\/span>.<br \/>|,<a href=\"https:\/\/fr.wikisource.org\/wiki\/Manifeste_du_parti_communiste\/Andler\/II\/Commentaire\/3\" target=\"_blank\" rel=\"noopener noreferrer nofollow\">Clicker Ici <\/a><span><\/span>.<br \/>|,<a href=\"https:\/\/fr.wikisource.org\/wiki\/Manifeste_du_parti_communiste\/Andler\/II\/Commentaire\/3\" target=\"_blank\" rel=\"noopener noreferrer nofollow\">A voir et \u00e0 lire. <\/a><span><\/span>. Disponible sur internet.<br \/>|,<a href=\"https:\/\/fr.wikisource.org\/wiki\/Manifeste_du_parti_communiste\/Andler\/II\/Commentaire\/4\" target=\"_blank\" rel=\"noopener noreferrer nofollow\">Ouvrage <\/a><span><\/span>.<br \/>|,<a href=\"https:\/\/fr.wikisource.org\/wiki\/Manifeste_du_parti_communiste\/Andler\/Pr%C3%A9face\" target=\"_blank\" rel=\"noopener noreferrer nofollow\">Le livre <\/a><span><\/span>. Ouvrage de r\u00e9f\u00e9rence.<br \/>|,<a href=\"https:\/\/fr.wikisource.org\/wiki\/Manifeste_du_parti_communiste\/Lafargue\" target=\"_blank\" rel=\"noopener noreferrer nofollow\">(la couverture) <\/a><span><\/span>.<br \/>|,<a href=\"https:\/\/fr.wikisource.org\/wiki\/Manifeste_du_parti_communiste\/Lafargue\" target=\"_blank\" rel=\"noopener noreferrer nofollow\">Le livre <\/a><span><\/span>.<br \/>|,<a href=\"https:\/\/fr.wikisource.org\/wiki\/Manifeste_du_parti_communiste\/Lafargue\/Texte_entier\" target=\"_blank\" rel=\"noopener noreferrer nofollow\">Clicker Ici <\/a><span><\/span>.<br \/>|,<a href=\"https:\/\/fr.wikisource.org\/wiki\/Manifeste_du_parti_communiste\/Lafargue\/Texte_entier\" target=\"_blank\" rel=\"noopener noreferrer nofollow\">A voir et \u00e0 lire. <\/a><span><\/span>.<br \/>|,<a href=\"https:\/\/fr.wikisource.org\/wiki\/Manifeste_du_parti_communiste\/Mermeix\" target=\"_blank\" rel=\"noopener noreferrer nofollow\">Ouvrage <\/a><span><\/span>.<br \/>|,<a href=\"https:\/\/fr.wikisource.org\/wiki\/Manifeste_du_parti_communiste\/Mermeix\" target=\"_blank\" rel=\"noopener noreferrer nofollow\">Le livre <\/a><span><\/span>. Ouvrage de r\u00e9f\u00e9rence.<br \/>|,<a href=\"https:\/\/fr.wikisource.org\/wiki\/Manuel_d%E2%80%99%C3%A9conomique\/2\/2\/1\" target=\"_blank\" rel=\"noopener noreferrer nofollow\">(la couverture) <\/a><span><\/span>. Disponible \u00e0 l\u2019achat sur les plateformes Amazon, Fnac, Cultura \u2026.<br \/>|,<a href=\"https:\/\/fr.wikisource.org\/wiki\/Mars_ou_la_Guerre_jug%C3%A9e_(1921)\/45\" target=\"_blank\" rel=\"noopener noreferrer nofollow\">(Disponible) <\/a><span><\/span>.<br \/>|,<a href=\"https:\/\/fr.wikisource.org\/wiki\/Mars_ou_la_Guerre_jug%C3%A9e_(1921)\/63\" target=\"_blank\" rel=\"noopener noreferrer nofollow\">Le livre <\/a><span><\/span>.<br \/>|,<a href=\"https:\/\/fr.wikisource.org\/wiki\/Marxisme_contre_dictature\/Masse_et_Chefs_(Espoirs_d%C3%A9%C3%A7us)\" target=\"_blank\" rel=\"noopener noreferrer nofollow\">livre de r\u00e9f\u00e9rence <\/a><span><\/span>.<br \/>|,<a href=\"https:\/\/fr.wikisource.org\/wiki\/Marxisme_contre_dictature\/Pr%C3%A9face_%C3%A0_l%E2%80%99%C3%A9dition_de_1934\" target=\"_blank\" rel=\"noopener noreferrer nofollow\">(la couverture) <\/a><span><\/span>.<br \/>|,<a href=\"https:\/\/fr.wikisource.org\/wiki\/Marxisme_contre_dictature\/Pr%C3%A9face_%C3%A0_la_deuxi%C3%A8me_%C3%A9dition\" target=\"_blank\" rel=\"noopener noreferrer nofollow\">(Disponible) <\/a><span><\/span>.<br \/>|,<a href=\"https:\/\/www.kobo.com\/fr\/fr\/ebook\/melancolie-de-gauche-1\" target=\"_blank\" rel=\"noopener noreferrer nofollow\">Le livre <\/a><span><\/span>.<br \/>|,<a href=\"https:\/\/fr.wikisource.org\/wiki\/M%C3%A9langes_(Ozanam)\" target=\"_blank\" rel=\"noopener noreferrer nofollow\">A voir et \u00e0 lire. <\/a><span><\/span>.<br \/>|,<a href=\"https:\/\/fr.wikisource.org\/wiki\/M%C3%A9langes\/Tome_I\/54\" target=\"_blank\" rel=\"noopener noreferrer nofollow\">Ouvrage <\/a><span><\/span>. A emprunter en biblioth\u00e8que.<br \/>|,<a href=\"https:\/\/booknode.com\/melenchon_et_les_medias_03356229\" target=\"_blank\" rel=\"noopener noreferrer nofollow\">Le livre <\/a><span><\/span>.<br \/>|,<a href=\"https:\/\/booknode.com\/melenchon_le_plebeien_0340722\" target=\"_blank\" rel=\"noopener noreferrer nofollow\">Clicker Ici <\/a><span><\/span>.<br \/>|,<a href=\"https:\/\/fr.wikisource.org\/wiki\/M%C3%A9moires_d%E2%80%99outre-tombe\/Troisi%C3%A8me_partie\/Livre_XV\" target=\"_blank\" rel=\"noopener noreferrer nofollow\">A voir et \u00e0 lire. <\/a><span><\/span>.<br \/>|,<a href=\"https:\/\/fr.wikisource.org\/wiki\/M%C3%A9moires_d%E2%80%99un_r%C3%A9volutionnaire\/Biographie\" target=\"_blank\" rel=\"noopener noreferrer nofollow\">Ouvrage <\/a><span><\/span>.<br \/>|,<a href=\"https:\/\/fr.wikisource.org\/wiki\/M%C3%A9moires_d%E2%80%99un_r%C3%A9volutionnaire\/VI3\" target=\"_blank\" rel=\"noopener noreferrer nofollow\">Le livre <\/a><span><\/span>. Ouvrage de r\u00e9f\u00e9rence.<br \/>|,<a href=\"https:\/\/fr.wikisource.org\/wiki\/M%C3%A9moires_d%E2%80%99un_r%C3%A9volutionnaire\/VI6\" target=\"_blank\" rel=\"noopener noreferrer nofollow\">(la couverture) <\/a><span><\/span>.<br \/>|,<a href=\"https:\/\/fr.wikisource.org\/wiki\/Minerve_ou_De_la_sagesse\/Chapitre_LXVIII\" target=\"_blank\" rel=\"noopener noreferrer nofollow\">Le livre <\/a><span><\/span>.<br \/>|,<a href=\"https:\/\/fr.wikisource.org\/wiki\/Minerve_ou_De_la_sagesse\/Chapitre_LXXXIX\" target=\"_blank\" rel=\"noopener noreferrer nofollow\">Clicker Ici <\/a><span><\/span>.<br \/>|,<a href=\"https:\/\/fr.wikisource.org\/wiki\/Mis%C3%A8re_de_la_philosophie\/Pr%C3%A9face\" target=\"_blank\" rel=\"noopener noreferrer nofollow\">A voir et \u00e0 lire. <\/a><span><\/span>.<br \/>|,<a href=\"https:\/\/fr.wikisource.org\/wiki\/M%C5%93urs_et_coutumes_des_M%C3%A9lan%C3%A9siens\" target=\"_blank\" rel=\"noopener noreferrer nofollow\">Ouvrage <\/a><span><\/span>. A emprunter en biblioth\u00e8que.<br \/>|,<a href=\"https:\/\/www.kobo.com\/fr\/fr\/ebook\/moins-de-co2-pour-pas-trop-cher\" target=\"_blank\" rel=\"noopener noreferrer nofollow\">Le livre <\/a><span><\/span>. Ouvrage de r\u00e9f\u00e9rence.<br \/>|,<a href=\"https:\/\/www.kobo.com\/fr\/fr\/ebook\/mon-corps-ce-desir-cette-loi\" target=\"_blank\" rel=\"noopener noreferrer nofollow\">(la couverture) <\/a><span><\/span>. Disponible \u00e0 l\u2019achat sur les plateformes Amazon, Fnac, Cultura \u2026.<br \/>|,<a href=\"https:\/\/fr.wikisource.org\/wiki\/Monde\/53\" target=\"_blank\" rel=\"noopener noreferrer nofollow\">(Disponible) <\/a><span><\/span>.<br \/>|,<a href=\"https:\/\/booknode.com\/naissance_et_fin_du_communisme_russe_de_lenine_a_gorbatchev_03361735\" target=\"_blank\" rel=\"noopener noreferrer nofollow\">Le livre <\/a><span><\/span>.<br \/>|,<a href=\"https:\/\/booknode.com\/naissance_et_fin_du_communisme_russe_de_lenine_a_gorbatchev_03361735\" target=\"_blank\" rel=\"noopener noreferrer nofollow\">livre de r\u00e9f\u00e9rence <\/a><span><\/span>.<br \/>|,<a href=\"https:\/\/fr.wikisource.org\/wiki\/Napol%C3%A9on_le_Petit\/2\/XI\" target=\"_blank\" rel=\"noopener noreferrer nofollow\">(la couverture) <\/a><span><\/span>. Disponible Sur AMAZON.<br \/>|,<a href=\"https:\/\/fr.wikisource.org\/wiki\/Nietzsche_et_l%E2%80%99immoralisme\" target=\"_blank\" rel=\"noopener noreferrer nofollow\">(Disponible) <\/a><span><\/span>. Disponible chez votre libraire.<br \/>|,<a href=\"https:\/\/www.kobo.com\/fr\/fr\/ebook\/noms-d-oiseaux\" target=\"_blank\" rel=\"noopener noreferrer nofollow\">Le livre <\/a><span><\/span>. Disponible dans toutes les bonnes librairies.<br \/>|,<a href=\"https:\/\/www.kobo.com\/fr\/fr\/ebook\/nos-enfants-ont-ils-droit-a-l-art-et-a-la-culture\" target=\"_blank\" rel=\"noopener noreferrer nofollow\">A voir et \u00e0 lire. <\/a><span><\/span>.<br \/>|,<a href=\"https:\/\/fr.wikisource.org\/wiki\/Notre_nouvelle_enqu%C3%AAte\" target=\"_blank\" rel=\"noopener noreferrer nofollow\">Ouvrage <\/a><span><\/span>.<br \/>|,<a href=\"https:\/\/booknode.com\/nous_on_peut_0124940\" target=\"_blank\" rel=\"noopener noreferrer nofollow\">Le livre <\/a><span><\/span>.<br \/>|,<a href=\"https:\/\/www.kobo.com\/fr\/fr\/ebook\/nouvelle-sociologie-politique-de-la-france\" target=\"_blank\" rel=\"noopener noreferrer nofollow\">Clicker Ici <\/a><span><\/span>.<br \/>|,<a href=\"https:\/\/fr.wikisource.org\/wiki\/Nouvelles_de_nulle_part\/Chapitre_14\" target=\"_blank\" rel=\"noopener noreferrer nofollow\">A voir et \u00e0 lire. <\/a><span><\/span>. Disponible sur internet.<br \/>|,<a href=\"https:\/\/fr.wikisource.org\/wiki\/Nouvelles_de_nulle_part\/Chapitre_17\" target=\"_blank\" rel=\"noopener noreferrer nofollow\">Ouvrage <\/a><span><\/span>.<br \/>|,<a href=\"https:\/\/fr.wikisource.org\/wiki\/Nouvelles_lettres_intimes_(Renan)\/37\" target=\"_blank\" rel=\"noopener noreferrer nofollow\">Le livre <\/a><span><\/span>. Ouvrage de r\u00e9f\u00e9rence.<br \/>|,<a href=\"https:\/\/fr.wikisource.org\/wiki\/%C5%92uvres_compl%C3%A8tes_d%E2%80%99Alexis_de_Tocqueville,_L%C3%A9vy\/Discours_%C3%A0_l%E2%80%99Assembl%C3%A9e_constituante_sur_la_question_du_droit_au_travail\" target=\"_blank\" rel=\"noopener noreferrer nofollow\">(la couverture) <\/a><span><\/span>. Disponible \u00e0 l\u2019achat sur les plateformes Amazon, Fnac, Cultura \u2026.<br \/>|,<a href=\"https:\/\/fr.wikisource.org\/wiki\/%C5%92uvres_compl%C3%A8tes_de_Charles_P%C3%A9guy\/Tome_1\/Du_second_provincial\" target=\"_blank\" rel=\"noopener noreferrer nofollow\">Le livre <\/a><span><\/span>. Disponible dans toutes les bonnes librairies.<br \/>|,<a href=\"https:\/\/fr.wikisource.org\/wiki\/%C5%92uvres_compl%C3%A8tes_de_Fr%C3%A9d%C3%A9ric_Bastiat\/Lettres_%C3%A0_M._Horace_Say_(tome_7)\" target=\"_blank\" rel=\"noopener noreferrer nofollow\">Clicker Ici <\/a><span><\/span>.<br \/>|,<a href=\"https:\/\/fr.wikisource.org\/wiki\/%C5%92uvres_compl%C3%A8tes_de_Fr%C3%A9d%C3%A9ric_Ozanam,_3e_%C3%A9dition\/Volume_07\" target=\"_blank\" rel=\"noopener noreferrer nofollow\">A voir et \u00e0 lire. <\/a><span><\/span>. Disponible sur internet.<br \/>|,<a href=\"https:\/\/fr.wikisource.org\/wiki\/%C5%92uvres_compl%C3%A8tes_de_Fr%C3%A9d%C3%A9ric_Ozanam,_3e_%C3%A9dition\/Volume_07\/Les_Origines_du_socialisme\" target=\"_blank\" rel=\"noopener noreferrer nofollow\">Ouvrage <\/a><span><\/span>.<br \/>|,<a href=\"https:\/\/fr.wikisource.org\/wiki\/%C5%92uvres_compl%C3%A8tes_de_Fr%C3%A9d%C3%A9ric_Ozanam,_3e_%C3%A9dition\/Volume_11\/044\" target=\"_blank\" rel=\"noopener noreferrer nofollow\">Le livre <\/a><span><\/span>. Ouvrage de r\u00e9f\u00e9rence.<br \/>|,<a href=\"https:\/\/fr.wikisource.org\/wiki\/Opinions_sociales\/Conte_pour_commencer_gaiement_l%E2%80%99ann%C3%A9e\" target=\"_blank\" rel=\"noopener noreferrer nofollow\">(la couverture) <\/a><span><\/span>.<br \/>|,<a href=\"https:\/\/www.kobo.com\/fr\/fr\/ebook\/ou-est-passe-le-peuple-de-gauche\" target=\"_blank\" rel=\"noopener noreferrer nofollow\">(la couverture) <\/a><span><\/span>.<br \/>|,<a href=\"https:\/\/www.kobo.com\/fr\/fr\/ebook\/oui-des-gens-de-gauche-votent-fn\" target=\"_blank\" rel=\"noopener noreferrer nofollow\">(la couverture) <\/a><span><\/span>. Disponible \u00e0 l\u2019achat sur les plateformes Amazon, Fnac, Cultura \u2026.<br \/>|,<a href=\"https:\/\/fr.wikisource.org\/wiki\/Pages_d%27histoire_socialiste,_I\/01\" target=\"_blank\" rel=\"noopener noreferrer nofollow\">(la couverture) <\/a><span><\/span>.<br \/>|,<a href=\"https:\/\/fr.wikisource.org\/wiki\/Pages_d%27histoire_socialiste,_I\/02\" target=\"_blank\" rel=\"noopener noreferrer nofollow\">(la couverture) <\/a><span><\/span>.<br \/>|,<a href=\"https:\/\/fr.wikisource.org\/wiki\/Pages_d%27histoire_socialiste,_I\/03\" target=\"_blank\" rel=\"noopener noreferrer nofollow\">(la couverture) <\/a><span><\/span>.<br \/>|,<a href=\"https:\/\/fr.wikisource.org\/wiki\/Pages_d%27histoire_socialiste,_I\/04\" target=\"_blank\" rel=\"noopener noreferrer nofollow\">(la couverture) <\/a><span><\/span>. Disponible \u00e0 l\u2019achat sur les plateformes Amazon, Fnac, Cultura \u2026.<br \/>|,<a href=\"https:\/\/fr.wikisource.org\/wiki\/Paris-%C3%89ros._Premi%C3%A8re_s%C3%A9rie,_Les_maquerelles_in%C3%A9dites\/10\" target=\"_blank\" rel=\"noopener noreferrer nofollow\">(la couverture) <\/a><span><\/span>.<br \/>|,<a href=\"https:\/\/fr.wikisource.org\/wiki\/Paroles_d%E2%80%99un_r%C3%A9volt%C3%A9\/La_Commune_de_Paris\" target=\"_blank\" rel=\"noopener noreferrer nofollow\">(la couverture) <\/a><span><\/span>.<br \/>|,<a href=\"https:\/\/fr.wikisource.org\/wiki\/Paroles_d%E2%80%99un_r%C3%A9volt%C3%A9\/La_situation\" target=\"_blank\" rel=\"noopener noreferrer nofollow\">(la couverture) <\/a><span><\/span>. Disponible \u00e0 l\u2019achat sur les plateformes Amazon, Fnac, Cultura \u2026.<br \/>|,<a href=\"https:\/\/fr.wikisource.org\/wiki\/Paroles_d%E2%80%99un_r%C3%A9volt%C3%A9\/Les_minorit%C3%A9s_r%C3%A9volutionnaires\" target=\"_blank\" rel=\"noopener noreferrer nofollow\">(la couverture) <\/a><span><\/span>. Disponible \u00e0 l\u2019achat sur les plateformes Amazon, Fnac, Cultura \u2026.<br \/>|,<a href=\"https:\/\/fr.wikisource.org\/wiki\/Paroles_d%E2%80%99un_r%C3%A9volt%C3%A9\/Th%C3%A9orie_et_pratique\" target=\"_blank\" rel=\"noopener noreferrer nofollow\">(la couverture) <\/a><span><\/span>.<br \/>|,<a href=\"https:\/\/fr.wikisource.org\/wiki\/Paroles_d%E2%80%99un_r%C3%A9volt%C3%A9\/Tous_socialistes\" target=\"_blank\" rel=\"noopener noreferrer nofollow\">(la couverture) <\/a><span><\/span>.<br \/>|,<a href=\"https:\/\/fr.wikisource.org\/wiki\/Paroles_d%E2%80%99un_r%C3%A9volt%C3%A9\/Tous_socialistes\" target=\"_blank\" rel=\"noopener noreferrer nofollow\">(la couverture) <\/a><span><\/span>. Disponible \u00e0 l\u2019achat sur les plateformes Amazon, Fnac, Cultura \u2026.<br \/>|,<a href=\"https:\/\/fr.wikisource.org\/wiki\/Participation_minist%C3%A9rielle\" target=\"_blank\" rel=\"noopener noreferrer nofollow\">(la couverture) <\/a><span><\/span>. Disponible \u00e0 l\u2019achat sur les plateformes Amazon, Fnac, Cultura \u2026.<br \/>|,<a href=\"https:\/\/www.kobo.com\/fr\/fr\/ebook\/paul-painleve\" target=\"_blank\" rel=\"noopener noreferrer nofollow\">(la couverture) <\/a><span><\/span>.<br \/>|,<a href=\"https:\/\/fr.wikisource.org\/wiki\/Pendant_l%E2%80%99orage\/Un_am%C3%A9ricain_%C3%A9crit\" target=\"_blank\" rel=\"noopener noreferrer nofollow\">(la couverture) <\/a><span><\/span>.<br \/>|,<a href=\"https:\/\/fr.wikisource.org\/wiki\/Pens%C3%A9e_fran%C3%A7aise,_pages_choisies\/09\" target=\"_blank\" rel=\"noopener noreferrer nofollow\">(la couverture) <\/a><span><\/span>. Disponible \u00e0 l\u2019achat sur les plateformes Amazon, Fnac, Cultura \u2026.<br \/>|,<a href=\"https:\/\/booknode.com\/penser_le_communisme_03436992\" target=\"_blank\" rel=\"noopener noreferrer nofollow\">(la couverture) <\/a><span><\/span>.<br \/>|,<a href=\"https:\/\/www.kobo.com\/fr\/fr\/ebook\/petit-manuel-de-survie-a-l-intention-d-un-socialiste-dans-un-diner-avec-des-gens-de-gauche\" target=\"_blank\" rel=\"noopener noreferrer nofollow\">(la couverture) <\/a><span><\/span>. Disponible \u00e0 l\u2019achat sur les plateformes Amazon, Fnac, Cultura \u2026.<br \/>|,<a href=\"https:\/\/fr.wikisource.org\/wiki\/Philosophie_de_l%E2%80%99Anarchie\/Consid%C3%A9rations_g%C3%A9n%C3%A9rales\" target=\"_blank\" rel=\"noopener noreferrer nofollow\">(la couverture) <\/a><span><\/span>.<br \/>|,<a href=\"https:\/\/fr.wikisource.org\/wiki\/Philosophie_de_l%E2%80%99Anarchie\/D%C3%A9veloppement_de_l%E2%80%99humanit%C3%A9\" target=\"_blank\" rel=\"noopener noreferrer nofollow\">(la couverture) <\/a><span><\/span>.<br \/>|,<a href=\"https:\/\/fr.wikisource.org\/wiki\/Philosophie_de_l%E2%80%99Anarchie\/Instruction_et_%C3%A9ducation\" target=\"_blank\" rel=\"noopener noreferrer nofollow\">(la couverture) <\/a><span><\/span>.<br \/>|,<a href=\"https:\/\/fr.wikisource.org\/wiki\/Philosophie_de_l%E2%80%99Anarchie\/La_propri%C3%A9t%C3%A9\" target=\"_blank\" rel=\"noopener noreferrer nofollow\">(la couverture) <\/a><span><\/span>.<br \/>|,<a href=\"https:\/\/fr.wikisource.org\/wiki\/Philosophie_de_l%E2%80%99Anarchie\/Production\" target=\"_blank\" rel=\"noopener noreferrer nofollow\">(la couverture) <\/a><span><\/span>.<br \/>|,<a href=\"https:\/\/fr.wikisource.org\/wiki\/Philosophie_de_l%E2%80%99Anarchie\/Religion_et_Patrie\" target=\"_blank\" rel=\"noopener noreferrer nofollow\">(la couverture) <\/a><span><\/span>.<br \/>|,<a href=\"https:\/\/fr.wikisource.org\/wiki\/Philosophie_de_l%E2%80%99Anarchie\/Texte_entier\" target=\"_blank\" rel=\"noopener noreferrer nofollow\">(la couverture) <\/a><span><\/span>. Disponible \u00e0 l\u2019achat sur les plateformes Amazon, Fnac, Cultura \u2026.<br \/>|,<a href=\"https:\/\/fr.wikisource.org\/wiki\/Philosophie_de_la_mis%C3%A8re\/Chapitre_01\" target=\"_blank\" rel=\"noopener noreferrer nofollow\">(la couverture) <\/a><span><\/span>. Disponible \u00e0 l\u2019achat sur les plateformes Amazon, Fnac, Cultura \u2026.<br \/>|,<a href=\"https:\/\/fr.wikisource.org\/wiki\/Pie_IX_au_Paradis\" target=\"_blank\" rel=\"noopener noreferrer nofollow\">(la couverture) <\/a><span><\/span>.<br \/>|,<a href=\"https:\/\/fr.wikisource.org\/wiki\/Pierre_Kropotkine,_Souvenirs_et_critiques_d%E2%80%99un_de_ses_vieux_amis\" target=\"_blank\" rel=\"noopener noreferrer nofollow\">(la couverture) <\/a><span><\/span>.<br \/>|,<a href=\"https:\/\/www.kobo.com\/fr\/fr\/ebook\/politique-de-defense-et-securite-nationale-du-cameroun\" target=\"_blank\" rel=\"noopener noreferrer nofollow\">(la couverture) <\/a><span><\/span>.<br \/>|,<a href=\"https:\/\/www.kobo.com\/fr\/fr\/ebook\/politique-de-jeunesse-le-grand-malentendu\" target=\"_blank\" rel=\"noopener noreferrer nofollow\">(la couverture) <\/a><span><\/span>. Disponible \u00e0 l\u2019achat sur les plateformes Amazon, Fnac, Cultura \u2026.<br \/>|,<a href=\"https:\/\/www.kobo.com\/fr\/fr\/ebook\/politique-de-la-decoincidence\" target=\"_blank\" rel=\"noopener noreferrer nofollow\">(la couverture) <\/a><span><\/span>.<br \/>|,<a href=\"https:\/\/www.kobo.com\/fr\/fr\/ebook\/politique-de-la-france-en-afrique\" target=\"_blank\" rel=\"noopener noreferrer nofollow\">(la couverture) <\/a><span><\/span>. Disponible \u00e0 l\u2019achat sur les plateformes Amazon, Fnac, Cultura \u2026.<br \/>|,<a href=\"https:\/\/www.kobo.com\/fr\/fr\/ebook\/politique-de-la-tres-grande-entreprise\" target=\"_blank\" rel=\"noopener noreferrer nofollow\">(la couverture) <\/a><span><\/span>.<br \/>|,<a href=\"https:\/\/www.kobo.com\/fr\/fr\/ebook\/politique-de-la-tres-grande-entreprise\" target=\"_blank\" rel=\"noopener noreferrer nofollow\">(la couverture) <\/a><span><\/span>.<br \/>|,<a href=\"https:\/\/www.kobo.com\/fr\/fr\/ebook\/politique-de-sante-reussir-le-changement\" target=\"_blank\" rel=\"noopener noreferrer nofollow\">(la couverture) <\/a><span><\/span>.<br \/>|,<a href=\"https:\/\/booknode.com\/pour_en_finir_avec_le_vieux_socialisme_et_etre_enfin_de_gauche_entretiens_avec_claude_askolovitch_042632\" target=\"_blank\" rel=\"noopener noreferrer nofollow\">(la couverture) <\/a><span><\/span>.<br \/>|,<a href=\"https:\/\/fr.wikisource.org\/wiki\/Pour_%C3%AAtre_socialiste\" target=\"_blank\" rel=\"noopener noreferrer nofollow\">(la couverture) <\/a><span><\/span>.<br \/>|,<a href=\"https:\/\/www.kobo.com\/fr\/fr\/ebook\/pour-un-populisme-de-gauche\" target=\"_blank\" rel=\"noopener noreferrer nofollow\">(la couverture) <\/a><span><\/span>. Disponible \u00e0 l\u2019achat sur les plateformes Amazon, Fnac, Cultura \u2026.<br \/>|,<a href=\"https:\/\/www.kobo.com\/fr\/fr\/audiobook\/pour-un-tocqueville-de-gauche\" target=\"_blank\" rel=\"noopener noreferrer nofollow\">(la couverture) <\/a><span><\/span>.<br \/>|,<a href=\"https:\/\/booknode.com\/pour_une_france_independante_n4_03419080\" target=\"_blank\" rel=\"noopener noreferrer nofollow\">(la couverture) <\/a><span><\/span>. Disponible \u00e0 l\u2019achat sur les plateformes Amazon, Fnac, Cultura \u2026.<br \/>|,<a href=\"https:\/\/www.kobo.com\/fr\/fr\/ebook\/pour-une-histoire-politique-de-la-politique-de-la-ville\" target=\"_blank\" rel=\"noopener noreferrer nofollow\">(la couverture) <\/a><span><\/span>.<br \/>|,<a href=\"https:\/\/www.kobo.com\/fr\/fr\/ebook\/pour-une-politique-de-la-jeunesse\" target=\"_blank\" rel=\"noopener noreferrer nofollow\">(la couverture) <\/a><span><\/span>.<br \/>|,<a href=\"https:\/\/fr.wikisource.org\/wiki\/Pr%C3%A9cis_de_sociologie\" target=\"_blank\" rel=\"noopener noreferrer nofollow\">(la couverture) <\/a><span><\/span>.<br \/>|,<a href=\"https:\/\/fr.wikisource.org\/wiki\/Pr%C3%A9cis_de_sociologie\/III\/III\" target=\"_blank\" rel=\"noopener noreferrer nofollow\">(la couverture) <\/a><span><\/span>. Disponible \u00e0 l\u2019achat sur les plateformes Amazon, Fnac, Cultura \u2026.<br \/>|,<a href=\"https:\/\/fr.wikisource.org\/wiki\/Pr%C3%A9cis_de_sociologie\/V\/I\" target=\"_blank\" rel=\"noopener noreferrer nofollow\">(la couverture) <\/a><span><\/span>.<br \/>|,<a href=\"https:\/\/fr.wikisource.org\/wiki\/Pr%C3%A9cis_de_sociologie\/V\/III\" target=\"_blank\" rel=\"noopener noreferrer nofollow\">(la couverture) <\/a><span><\/span>. Disponible \u00e0 l\u2019achat sur les plateformes Amazon, Fnac, Cultura \u2026.<br \/>|,<a href=\"https:\/\/fr.wikisource.org\/wiki\/Pr%C3%A9cis_de_sociologie\/V\/V\" target=\"_blank\" rel=\"noopener noreferrer nofollow\">(la couverture) <\/a><span><\/span>.<br \/>|,<a href=\"https:\/\/fr.wikisource.org\/wiki\/Pr%C3%A9face_de_En_Garde_!_de_Jules_Guesde_par_Bracke\" target=\"_blank\" rel=\"noopener noreferrer nofollow\">(la couverture) <\/a><span><\/span>. Disponible \u00e0 l\u2019achat sur les plateformes Amazon, Fnac, Cultura \u2026.<br \/>|,<a href=\"https:\/\/fr.wikisource.org\/wiki\/Principes_d%E2%80%99%C3%A9conomie_politique\" target=\"_blank\" rel=\"noopener noreferrer nofollow\">(la couverture) <\/a><span><\/span>.<br \/>|,<a href=\"https:\/\/fr.wikisource.org\/wiki\/Principes_d%E2%80%99%C3%A9conomie_politique\/0-VI\" target=\"_blank\" rel=\"noopener noreferrer nofollow\">(la couverture) <\/a><span><\/span>.<br \/>|,<a href=\"https:\/\/fr.wikisource.org\/wiki\/Principes_d%E2%80%99%C3%A9conomie_politique\/IA\" target=\"_blank\" rel=\"noopener noreferrer nofollow\">(la couverture) <\/a><span><\/span>.<br \/>|,<a href=\"https:\/\/fr.wikisource.org\/wiki\/Principes_d%E2%80%99%C3%A9conomie_politique\/II-1-I-IV\" target=\"_blank\" rel=\"noopener noreferrer nofollow\">(la couverture) <\/a><span><\/span>.<br \/>|,<a href=\"https:\/\/fr.wikisource.org\/wiki\/Principes_d%E2%80%99%C3%A9conomie_politique\/III-I-II-I\" target=\"_blank\" rel=\"noopener noreferrer nofollow\">(la couverture) <\/a><span><\/span>.<br \/>|,<a href=\"https:\/\/fr.wikisource.org\/wiki\/Principes_d%E2%80%99%C3%A9conomie_politique\/III-I-II-II\" target=\"_blank\" rel=\"noopener noreferrer nofollow\">(la couverture) <\/a><span><\/span>.<br \/>|,<a href=\"https:\/\/fr.wikisource.org\/wiki\/Principes_d%E2%80%99%C3%A9conomie_politique\/III-II-II-II\" target=\"_blank\" rel=\"noopener noreferrer nofollow\">(la couverture) <\/a><span><\/span>.<br \/>|,<a href=\"https:\/\/fr.wikisource.org\/wiki\/Principes_d%E2%80%99%C3%A9conomie_politique\/III-I-II-III\" target=\"_blank\" rel=\"noopener noreferrer nofollow\">(la couverture) <\/a><span><\/span>.<br \/>|,<a href=\"https:\/\/fr.wikisource.org\/wiki\/Principes_d%E2%80%99%C3%A9conomie_politique\/III-I-II-III\" target=\"_blank\" rel=\"noopener noreferrer nofollow\">(la couverture) <\/a><span><\/span>.<br \/>|,<a href=\"https:\/\/fr.wikisource.org\/wiki\/Principes_d%E2%80%99%C3%A9conomie_politique\/III-I-II-IV\" target=\"_blank\" rel=\"noopener noreferrer nofollow\">(la couverture) <\/a><span><\/span>.<br \/>|,<a href=\"https:\/\/fr.wikisource.org\/wiki\/Principes_d%E2%80%99%C3%A9conomie_politique\/TdM\" target=\"_blank\" rel=\"noopener noreferrer nofollow\">(la couverture) <\/a><span><\/span>.<br \/>|,<a href=\"https:\/\/booknode.com\/principes_du_communisme_01660624\" target=\"_blank\" rel=\"noopener noreferrer nofollow\">(la couverture) <\/a><span><\/span>.<br \/>|,<a href=\"https:\/\/booknode.com\/principes_du_socialisme_04196\" target=\"_blank\" rel=\"noopener noreferrer nofollow\">(la couverture) <\/a><span><\/span>.<br \/>|,<a href=\"https:\/\/fr.wikisource.org\/wiki\/Principes_du_socialisme_(Baju)\" target=\"_blank\" rel=\"noopener noreferrer nofollow\">(la couverture) <\/a><span><\/span>. Disponible \u00e0 l\u2019achat sur les plateformes Amazon, Fnac, Cultura \u2026.<br \/>|,<a href=\"https:\/\/booknode.com\/principes_du_socialisme_manifeste_de_la_democratie_au_xixe_siecle_02496674\" target=\"_blank\" rel=\"noopener noreferrer nofollow\">(la couverture) <\/a><span><\/span>.<br \/>|,<a href=\"https:\/\/fr.wikisource.org\/wiki\/Profession_de_foi_%C3%A9lectorale_de_1849\" target=\"_blank\" rel=\"noopener noreferrer nofollow\">(la couverture) <\/a><span><\/span>.<br \/>|,<a href=\"https:\/\/fr.wikisource.org\/wiki\/Propri%C3%A9t%C3%A9_et_loi\" target=\"_blank\" rel=\"noopener noreferrer nofollow\">(la couverture) <\/a><span><\/span>.<br \/>|,<a href=\"https:\/\/fr.wikisource.org\/wiki\/Proses_philosophiques\/La_Question_sociale\" target=\"_blank\" rel=\"noopener noreferrer nofollow\">(la couverture) <\/a><span><\/span>. Disponible \u00e0 l\u2019achat sur les plateformes Amazon, Fnac, Cultura \u2026.<br \/>|,<a href=\"https:\/\/fr.wikisource.org\/wiki\/Protectionisme_et_communisme\" target=\"_blank\" rel=\"noopener noreferrer nofollow\">(la couverture) <\/a><span><\/span>.<br \/>|,<a href=\"https:\/\/fr.wikisource.org\/wiki\/Proudhon_-_De_la_Capacit%C3%A9_politique_des_classes_ouvri%C3%A8res\/II,3\" target=\"_blank\" rel=\"noopener noreferrer nofollow\">(la couverture) <\/a><span><\/span>.<br \/>|,<a href=\"https:\/\/fr.wikisource.org\/wiki\/Proudhon_-_De_la_Capacit%C3%A9_politique_des_classes_ouvri%C3%A8res\/L%E2%80%99auteur\" target=\"_blank\" rel=\"noopener noreferrer nofollow\">(la couverture) <\/a><span><\/span>. Disponible \u00e0 l\u2019achat sur les plateformes Amazon, Fnac, Cultura \u2026.<br \/>|,<a href=\"https:\/\/fr.wikisource.org\/wiki\/Proudhon_-_Du_Principe_f%C3%A9d%C3%A9ratif\/I,2\" target=\"_blank\" rel=\"noopener noreferrer nofollow\">(la couverture) <\/a><span><\/span>.<br \/>|,<a href=\"https:\/\/fr.wikisource.org\/wiki\/Proudhon_-_Du_Principe_f%C3%A9d%C3%A9ratif\/I,3\" target=\"_blank\" rel=\"noopener noreferrer nofollow\">(la couverture) <\/a><span><\/span>. Disponible \u00e0 l\u2019achat sur les plateformes Amazon, Fnac, Cultura \u2026.<br \/>|,<a href=\"https:\/\/fr.wikisource.org\/wiki\/Proudhon_-_Du_Principe_f%C3%A9d%C3%A9ratif\/I,4\" target=\"_blank\" rel=\"noopener noreferrer nofollow\">(la couverture) <\/a><span><\/span>.<br \/>|,<a href=\"https:\/\/fr.wikisource.org\/wiki\/Proudhon_-_Du_Principe_f%C3%A9d%C3%A9ratif\/II,2\" target=\"_blank\" rel=\"noopener noreferrer nofollow\">(la couverture) <\/a><span><\/span>. Disponible \u00e0 l\u2019achat sur les plateformes Amazon, Fnac, Cultura \u2026.<br \/>|,<a href=\"https:\/\/fr.wikisource.org\/wiki\/Proudhon_-_Du_Principe_f%C3%A9d%C3%A9ratif\/II,3\" target=\"_blank\" rel=\"noopener noreferrer nofollow\">(la couverture) <\/a><span><\/span>.<br \/>|,<a href=\"https:\/\/fr.wikisource.org\/wiki\/Proudhon_-_Du_Principe_f%C3%A9d%C3%A9ratif\/II,3\" target=\"_blank\" rel=\"noopener noreferrer nofollow\">(la couverture) <\/a><span><\/span>.<br \/>|,<a href=\"https:\/\/fr.wikisource.org\/wiki\/Proudhon_-_Du_Principe_f%C3%A9d%C3%A9ratif\/III,3\" target=\"_blank\" rel=\"noopener noreferrer nofollow\">(la couverture) <\/a><span><\/span>. Disponible \u00e0 l\u2019achat sur les plateformes Amazon, Fnac, Cultura \u2026.<br \/>|,<a href=\"https:\/\/fr.wikisource.org\/wiki\/Proudhon_jug%C3%A9_par_Karl_Marx\" target=\"_blank\" rel=\"noopener noreferrer nofollow\">(la couverture) <\/a><span><\/span>.<br \/>|,<a href=\"https:\/\/booknode.com\/psychologie_du_socialisme_02749273\" target=\"_blank\" rel=\"noopener noreferrer nofollow\">(la couverture) <\/a><span><\/span>.<br \/>|,<a href=\"https:\/\/fr.wikisource.org\/wiki\/Psychologie_politique_et_d%C3%A9fense_sociale\/Livre_I\/Chapitre_III\" target=\"_blank\" rel=\"noopener noreferrer nofollow\">(la couverture) <\/a><span><\/span>.<br \/>|,<a href=\"https:\/\/fr.wikisource.org\/wiki\/Psychologie_politique_et_d%C3%A9fense_sociale\/Livre_IV\/Chapitre_I\" target=\"_blank\" rel=\"noopener noreferrer nofollow\">(la couverture) <\/a><span><\/span>.<br \/>|,<a href=\"https:\/\/fr.wikisource.org\/wiki\/Publications_d%C3%A9mocratiques_et_communistes\" target=\"_blank\" rel=\"noopener noreferrer nofollow\">(la couverture) <\/a><span><\/span>.<br \/>|,<a href=\"https:\/\/fr.wikisource.org\/wiki\/Qu%E2%80%99est-ce_que_le_bolch%C3%A9visme_%3F\" target=\"_blank\" rel=\"noopener noreferrer nofollow\">(la couverture) <\/a><span><\/span>.<br \/>|,<a href=\"https:\/\/booknode.com\/quel_communisme_01975335\" target=\"_blank\" rel=\"noopener noreferrer nofollow\">(la couverture) <\/a><span><\/span>.<br \/>|,<a href=\"https:\/\/booknode.com\/quest_ce_que_le_socialisme_03441415\" target=\"_blank\" rel=\"noopener noreferrer nofollow\">(la couverture) <\/a><span><\/span>. Disponible \u00e0 l\u2019achat sur les plateformes Amazon, Fnac, Cultura \u2026.<br \/>|,<a href=\"https:\/\/fr.wikisource.org\/wiki\/Questions_politiques_et_sociales\" target=\"_blank\" rel=\"noopener noreferrer nofollow\">(la couverture) <\/a><span><\/span>. Disponible \u00e0 l\u2019achat sur les plateformes Amazon, Fnac, Cultura \u2026.<br \/>|,<a href=\"https:\/\/fr.wikisource.org\/wiki\/Questions_politiques_et_sociales\/16\" target=\"_blank\" rel=\"noopener noreferrer nofollow\">(la couverture) <\/a><span><\/span>.<br \/>|,<a href=\"https:\/\/fr.wikisource.org\/wiki\/Questions_politiques_et_sociales\/20\" target=\"_blank\" rel=\"noopener noreferrer nofollow\">(la couverture) <\/a><span><\/span>.<br \/>|,<a href=\"https:\/\/fr.wikisource.org\/wiki\/Questions_politiques_et_sociales\/6\" target=\"_blank\" rel=\"noopener noreferrer nofollow\">(la couverture) <\/a><span><\/span>. Disponible \u00e0 l\u2019achat sur les plateformes Amazon, Fnac, Cultura \u2026.<br \/>|,<a href=\"https:\/\/fr.wikisource.org\/wiki\/Questions_politiques_et_sociales\/7\" target=\"_blank\" rel=\"noopener noreferrer nofollow\">(la couverture) <\/a><span><\/span>. Disponible \u00e0 l\u2019achat sur les plateformes Amazon, Fnac, Cultura \u2026.<br \/>|,<a href=\"https:\/\/booknode.com\/quils_sen_aillent_tous_vite_la_revolution_citoyenne_076789\" target=\"_blank\" rel=\"noopener noreferrer nofollow\">(la couverture) <\/a><span><\/span>. Disponible \u00e0 l\u2019achat sur les plateformes Amazon, Fnac, Cultura \u2026.<br \/>|,<a href=\"https:\/\/www.kobo.com\/fr\/fr\/ebook\/recits-d-un-homme-de-gauche\" target=\"_blank\" rel=\"noopener noreferrer nofollow\">(la couverture) <\/a><span><\/span>.<br \/>|,<a href=\"https:\/\/fr.wikisource.org\/wiki\/R%C3%A9flexions_sur_l%E2%80%99amendement_de_M._Mortimer-Ternaux\" target=\"_blank\" rel=\"noopener noreferrer nofollow\">(la couverture) <\/a><span><\/span>.<br \/>|,<a href=\"https:\/\/fr.wikisource.org\/wiki\/R%C3%A9flexions_sur_la_violence\/Avant-propos\" target=\"_blank\" rel=\"noopener noreferrer nofollow\">(la couverture) <\/a><span><\/span>. Disponible \u00e0 l\u2019achat sur les plateformes Amazon, Fnac, Cultura \u2026.<br \/>|,<a href=\"https:\/\/fr.wikisource.org\/wiki\/R%C3%A9flexions_sur_la_violence\/I\" target=\"_blank\" rel=\"noopener noreferrer nofollow\">(la couverture) <\/a><span><\/span>.<br \/>|,<a href=\"https:\/\/fr.wikisource.org\/wiki\/R%C3%A9flexions_sur_la_violence\/II\" target=\"_blank\" rel=\"noopener noreferrer nofollow\">(la couverture) <\/a><span><\/span>. Disponible \u00e0 l\u2019achat sur les plateformes Amazon, Fnac, Cultura \u2026.<br \/>|,<a href=\"https:\/\/fr.wikisource.org\/wiki\/R%C3%A9flexions_sur_la_violence\/IV\" target=\"_blank\" rel=\"noopener noreferrer nofollow\">(la couverture) <\/a><span><\/span>.<br \/>|,<a href=\"https:\/\/fr.wikisource.org\/wiki\/R%C3%A9flexions_sur_la_violence\/V\" target=\"_blank\" rel=\"noopener noreferrer nofollow\">(la couverture) <\/a><span><\/span>.<br \/>|,<a href=\"https:\/\/fr.wikisource.org\/wiki\/R%C3%A9v%C3%A9lations_sur_le_proc%C3%A8s_des_communistes_de_Cologne\" target=\"_blank\" rel=\"noopener noreferrer nofollow\">(la couverture) <\/a><span><\/span>. Disponible \u00e0 l\u2019achat sur les plateformes Amazon, Fnac, Cultura \u2026.<br \/>|,<a href=\"https:\/\/fr.wikisource.org\/wiki\/R%C3%A9v%C3%A9lations_sur_le_proc%C3%A8s_des_communistes_de_Cologne\/Introduction\" target=\"_blank\" rel=\"noopener noreferrer nofollow\">(la couverture) <\/a><span><\/span>.<br \/>|,<a href=\"https:\/\/fr.wikisource.org\/wiki\/R%C3%A9v%C3%A9lations_sur_le_proc%C3%A8s_des_communistes_de_Cologne\/VII\" target=\"_blank\" rel=\"noopener noreferrer nofollow\">(la couverture) <\/a><span><\/span>.<br \/>|,<a href=\"https:\/\/www.kobo.com\/fr\/fr\/ebook\/reverie-de-gauche\" target=\"_blank\" rel=\"noopener noreferrer nofollow\">(la couverture) <\/a><span><\/span>. Disponible \u00e0 l\u2019achat sur les plateformes Amazon, Fnac, Cultura \u2026.<br \/>|,<a href=\"https:\/\/fr.wikisource.org\/wiki\/R%C3%A9volution_chr%C3%A9tienne_et_R%C3%A9volution_sociale\" target=\"_blank\" rel=\"noopener noreferrer nofollow\">(la couverture) <\/a><span><\/span>. Disponible \u00e0 l\u2019achat sur les plateformes Amazon, Fnac, Cultura \u2026.<br \/>|,<a href=\"https:\/\/fr.wikisource.org\/wiki\/R%C3%A9volution_chr%C3%A9tienne_et_R%C3%A9volution_sociale\/Chapitre_II.\" target=\"_blank\" rel=\"noopener noreferrer nofollow\">(la couverture) <\/a><span><\/span>.<br \/>|,<a href=\"https:\/\/fr.wikisource.org\/wiki\/R%C3%A9volution_chr%C3%A9tienne_et_R%C3%A9volution_sociale\/Chapitre_VII.\" target=\"_blank\" rel=\"noopener noreferrer nofollow\">(la couverture) <\/a><span><\/span>.<br \/>|,<a href=\"https:\/\/fr.wikisource.org\/wiki\/R%C3%A9volution_chr%C3%A9tienne_et_R%C3%A9volution_sociale\/Chapitre_VIII.\" target=\"_blank\" rel=\"noopener noreferrer nofollow\">(la couverture) <\/a><span><\/span>.<br \/>|,<a href=\"https:\/\/fr.wikisource.org\/wiki\/R%C3%A9volution_chr%C3%A9tienne_et_R%C3%A9volution_sociale\/Chapitre_X.\" target=\"_blank\" rel=\"noopener noreferrer nofollow\">(la couverture) <\/a><span><\/span>. Disponible \u00e0 l\u2019achat sur les plateformes Amazon, Fnac, Cultura \u2026.<br \/>|,<a href=\"https:\/\/fr.wikisource.org\/wiki\/R%C3%A9volution_chr%C3%A9tienne_et_R%C3%A9volution_sociale\/Chapitre_XI.\" target=\"_blank\" rel=\"noopener noreferrer nofollow\">(la couverture) <\/a><span><\/span>. Disponible \u00e0 l\u2019achat sur les plateformes Amazon, Fnac, Cultura \u2026.<br \/>|,<a href=\"https:\/\/fr.wikisource.org\/wiki\/R%C3%A9volution_chr%C3%A9tienne_et_R%C3%A9volution_sociale\/Chapitre_XI.\" target=\"_blank\" rel=\"noopener noreferrer nofollow\">(la couverture) <\/a><span><\/span>.<br \/>|,<a href=\"https:\/\/fr.wikisource.org\/wiki\/R%C3%A9volution_chr%C3%A9tienne_et_R%C3%A9volution_sociale\/Chapitre_XII.\" target=\"_blank\" rel=\"noopener noreferrer nofollow\">(la couverture) <\/a><span><\/span>.<br \/>|,<a href=\"https:\/\/fr.wikisource.org\/wiki\/R%C3%A9volution_chr%C3%A9tienne_et_R%C3%A9volution_sociale\/Chapitre_XII.\" target=\"_blank\" rel=\"noopener noreferrer nofollow\">(la couverture) <\/a><span><\/span>. Disponible \u00e0 l\u2019achat sur les plateformes Amazon, Fnac, Cultura \u2026.<br \/>|,<a href=\"https:\/\/fr.wikisource.org\/wiki\/R%C3%A9volution_et_contre-r%C3%A9volution_en_Allemagne_(trad._Lafargue)\/III\" target=\"_blank\" rel=\"noopener noreferrer nofollow\">(la couverture) <\/a><span><\/span>.<br \/>|,<a href=\"https:\/\/fr.wikisource.org\/wiki\/R%C3%A9volution_et_contre-r%C3%A9volution_en_Allemagne_(trad._Lafargue)\/VI\" target=\"_blank\" rel=\"noopener noreferrer nofollow\">(la couverture) <\/a><span><\/span>.<br \/>|,<a href=\"https:\/\/fr.wikisource.org\/wiki\/R%C3%A9volution_et_contre-r%C3%A9volution_en_Allemagne\/R%C3%A9my\/VI\" target=\"_blank\" rel=\"noopener noreferrer nofollow\">(la couverture) <\/a><span><\/span>.<br \/>|,<a href=\"https:\/\/booknode.com\/revolution_et_socialisme_042429\" target=\"_blank\" rel=\"noopener noreferrer nofollow\">(la couverture) <\/a><span><\/span>.<br \/>|,<a href=\"https:\/\/fr.wikisource.org\/wiki\/Revue_d%E2%80%99%C3%A9conomie_politique\/1887\" target=\"_blank\" rel=\"noopener noreferrer nofollow\">(la couverture) <\/a><span><\/span>. Disponible \u00e0 l\u2019achat sur les plateformes Amazon, Fnac, Cultura \u2026.<br \/>|,<a href=\"https:\/\/fr.wikisource.org\/wiki\/Revue_d%E2%80%99%C3%A9conomie_politique\/1888\" target=\"_blank\" rel=\"noopener noreferrer nofollow\">(la couverture) <\/a><span><\/span>. Disponible \u00e0 l\u2019achat sur les plateformes Amazon, Fnac, Cultura \u2026.<br \/>|,<a href=\"https:\/\/fr.wikisource.org\/wiki\/Revue_des_Deux_Mondes\/1849\" target=\"_blank\" rel=\"noopener noreferrer nofollow\">(la couverture) <\/a><span><\/span>.<br \/>|,<a href=\"https:\/\/fr.wikisource.org\/wiki\/Revue_des_Deux_Mondes\/1849-1855\" target=\"_blank\" rel=\"noopener noreferrer nofollow\">(la couverture) <\/a><span><\/span>.<br \/>|,<a href=\"https:\/\/fr.wikisource.org\/wiki\/Revue_des_Deux_Mondes\/1849-1855\" target=\"_blank\" rel=\"noopener noreferrer nofollow\">(la couverture) <\/a><span><\/span>.<br \/>|,<a href=\"https:\/\/fr.wikisource.org\/wiki\/Revue_des_Deux_Mondes\/1851\" target=\"_blank\" rel=\"noopener noreferrer nofollow\">(la couverture) <\/a><span><\/span>.<br \/>|,<a href=\"https:\/\/fr.wikisource.org\/wiki\/Revue_des_Deux_Mondes\/1856-1873\" target=\"_blank\" rel=\"noopener noreferrer nofollow\">(la couverture) <\/a><span><\/span>. Disponible \u00e0 l\u2019achat sur les plateformes Amazon, Fnac, Cultura \u2026.<br \/>|,<a href=\"https:\/\/fr.wikisource.org\/wiki\/Revue_des_Deux_Mondes\/1872\" target=\"_blank\" rel=\"noopener noreferrer nofollow\">(la couverture) <\/a><span><\/span>. Disponible \u00e0 l\u2019achat sur les plateformes Amazon, Fnac, Cultura \u2026.<br \/>|,<a href=\"https:\/\/fr.wikisource.org\/wiki\/Revue_des_Deux_Mondes\/1874-1893\" target=\"_blank\" rel=\"noopener noreferrer nofollow\">(la couverture) <\/a><span><\/span>.<br \/>|,<a href=\"https:\/\/fr.wikisource.org\/wiki\/Revue_des_Deux_Mondes\/1874-1893\" target=\"_blank\" rel=\"noopener noreferrer nofollow\">(la couverture) <\/a><span><\/span>.<br \/>|,<a href=\"https:\/\/fr.wikisource.org\/wiki\/Revue_des_Deux_Mondes\/1894-1900\" target=\"_blank\" rel=\"noopener noreferrer nofollow\">(la couverture) <\/a><span><\/span>.<br \/>|,<a href=\"https:\/\/fr.wikisource.org\/wiki\/Revue_des_Deux_Mondes\/1897\" target=\"_blank\" rel=\"noopener noreferrer nofollow\">(la couverture) <\/a><span><\/span>.<br \/>|,<a href=\"https:\/\/fr.wikisource.org\/wiki\/Revue_des_Deux_Mondes\/1911-1920\" target=\"_blank\" rel=\"noopener noreferrer nofollow\">(la couverture) <\/a><span><\/span>.<br \/>|,<a href=\"https:\/\/fr.wikisource.org\/wiki\/Revue_du_Pays_de_Caux_N%C2%B01_janvier_1903\/I\" target=\"_blank\" rel=\"noopener noreferrer nofollow\">(la couverture) <\/a><span><\/span>.<br \/>|,<a href=\"https:\/\/fr.wikisource.org\/wiki\/Revue_du_Pays_de_Caux_N%C2%B04_Septembre_1902\" target=\"_blank\" rel=\"noopener noreferrer nofollow\">(la couverture) <\/a><span><\/span>.<br \/>|,<a href=\"https:\/\/fr.wikisource.org\/wiki\/Revue_du_Pays_de_Caux_N%C2%B04_septembre_1902\/III\" target=\"_blank\" rel=\"noopener noreferrer nofollow\">(la couverture) <\/a><span><\/span>.<br \/>|,<a href=\"https:\/\/fr.wikisource.org\/wiki\/Revue_du_Pays_de_Caux_N%C2%B04_Septembre_1902\/Texte_entier\" target=\"_blank\" rel=\"noopener noreferrer nofollow\">(la couverture) <\/a><span><\/span>.<br \/>|,<a href=\"https:\/\/www.kobo.com\/fr\/fr\/ebook\/revue-etudes-une-politique-energetique-pour-le-prochain-quinquennat-et-si-la-gauche-se-remettait-au-travail-les-chiffres-de-la-ciase-a-l-epreuve\" target=\"_blank\" rel=\"noopener noreferrer nofollow\">(la couverture) <\/a><span><\/span>.<br \/>|,<a href=\"https:\/\/fr.wikisource.org\/wiki\/Revue_litt%C3%A9raire_-_14_mars_1849\" target=\"_blank\" rel=\"noopener noreferrer nofollow\">(la couverture) <\/a><span><\/span>. Disponible \u00e0 l\u2019achat sur les plateformes Amazon, Fnac, Cultura \u2026.<br \/>|,<a href=\"https:\/\/fr.wikisource.org\/wiki\/Revue_litt%C3%A9raire_-_31_mars_1849\" target=\"_blank\" rel=\"noopener noreferrer nofollow\">(la couverture) <\/a><span><\/span>. Disponible \u00e0 l\u2019achat sur les plateformes Amazon, Fnac, Cultura \u2026.<br \/>|,<a href=\"https:\/\/fr.wikisource.org\/wiki\/Revue_pour_les_Fran%C3%A7ais_Juin_1907\/IV\" target=\"_blank\" rel=\"noopener noreferrer nofollow\">(la couverture) <\/a><span><\/span>. Disponible \u00e0 l\u2019achat sur les plateformes Amazon, Fnac, Cultura \u2026.<br \/>|,<a href=\"https:\/\/fr.wikisource.org\/wiki\/Revue_pour_les_Fran%C3%A7ais_Mars_1907\/III\" target=\"_blank\" rel=\"noopener noreferrer nofollow\">(la couverture) <\/a><span><\/span>.<br \/>|,<a href=\"https:\/\/fr.wikisource.org\/wiki\/Revue_pour_les_Fran%C3%A7ais_Novembre_1906\" target=\"_blank\" rel=\"noopener noreferrer nofollow\">(la couverture) <\/a><span><\/span>. Disponible \u00e0 l\u2019achat sur les plateformes Amazon, Fnac, Cultura \u2026.<br \/>|,<a href=\"https:\/\/www.kobo.com\/fr\/fr\/ebook\/robespierre-22\" target=\"_blank\" rel=\"noopener noreferrer nofollow\">(la couverture) <\/a><span><\/span>.<br \/>|,<a href=\"https:\/\/booknode.com\/rocard_le_rendez_vous_manque_063201\" target=\"_blank\" rel=\"noopener noreferrer nofollow\">(la couverture) <\/a><span><\/span>. Disponible \u00e0 l\u2019achat sur les plateformes Amazon, Fnac, Cultura \u2026.<br \/>|,<a href=\"https:\/\/www.kobo.com\/fr\/fr\/ebook\/secrets-d-union-et-de-longevite-du-pouvoir-de-gauche-6-mai-2012-a-20xx\" target=\"_blank\" rel=\"noopener noreferrer nofollow\">(la couverture) <\/a><span><\/span>. Disponible \u00e0 l\u2019achat sur les plateformes Amazon, Fnac, Cultura \u2026.<br \/>|,<a href=\"https:\/\/www.kobo.com\/fr\/fr\/ebook\/si-les-enfants-votaient\" target=\"_blank\" rel=\"noopener noreferrer nofollow\">(la couverture) <\/a><span><\/span>.<br \/>|,<a href=\"https:\/\/booknode.com\/socialism_a_very_short_introduction_03442355\" target=\"_blank\" rel=\"noopener noreferrer nofollow\">(la couverture) <\/a><span><\/span>.<br \/>|,<a href=\"https:\/\/booknode.com\/socialisme_la_voie_occidentale_01663364\" target=\"_blank\" rel=\"noopener noreferrer nofollow\">(la couverture) <\/a><span><\/span>.<br \/>|,<a href=\"https:\/\/booknode.com\/socialisme_un_combat_parmanent_02185835\" target=\"_blank\" rel=\"noopener noreferrer nofollow\">(la couverture) <\/a><span><\/span>.<br \/>|,<a href=\"https:\/\/fr.wikisource.org\/wiki\/Socialisme_d%E2%80%99%C3%89tat_et_socialisme_chr%C3%A9tien\" target=\"_blank\" rel=\"noopener noreferrer nofollow\">(la couverture) <\/a><span><\/span>.<br \/>|,<a href=\"https:\/\/booknode.com\/socialisme_et_anarchisme_saint_simon_proudhon_marx_07827\" target=\"_blank\" rel=\"noopener noreferrer nofollow\">(la couverture) <\/a><span><\/span>. Disponible \u00e0 l\u2019achat sur les plateformes Amazon, Fnac, Cultura \u2026.<br \/>|,<a href=\"https:\/\/booknode.com\/socialisme_et_christianisme_01405275\" target=\"_blank\" rel=\"noopener noreferrer nofollow\">(la couverture) <\/a><span><\/span>.<br \/>|,<a href=\"https:\/\/booknode.com\/socialisme_et_sociologie_03379773\" target=\"_blank\" rel=\"noopener noreferrer nofollow\">(la couverture) <\/a><span><\/span>.<br \/>|,<a href=\"https:\/\/booknode.com\/socialisme_liberal_014892\" target=\"_blank\" rel=\"noopener noreferrer nofollow\">(la couverture) <\/a><span><\/span>. Disponible \u00e0 l\u2019achat sur les plateformes Amazon, Fnac, Cultura \u2026.<br \/>|,<a href=\"https:\/\/booknode.com\/socialisme_ou_barbarie_laventure_dun_groupe_1946_1969_03448759\" target=\"_blank\" rel=\"noopener noreferrer nofollow\">(la couverture) <\/a><span><\/span>.<br \/>|,<a href=\"https:\/\/booknode.com\/socialisme_utopique_et_socialisme_scientifique_0152492\" target=\"_blank\" rel=\"noopener noreferrer nofollow\">(la couverture) <\/a><span><\/span>.<br \/>|,<a href=\"https:\/\/fr.wikisource.org\/wiki\/Socialisme_utopique_et_socialisme_scientifique\" target=\"_blank\" rel=\"noopener noreferrer nofollow\">(la couverture) <\/a><span><\/span>.<br \/>|,<a href=\"https:\/\/booknode.com\/societe_alienee_et_societe_saine_du_capitalisme_au_socialisme_humaniste_psychanalyse_de_la_societe_contemporaine_01208815\" target=\"_blank\" rel=\"noopener noreferrer nofollow\">(la couverture) <\/a><span><\/span>. Disponible \u00e0 l\u2019achat sur les plateformes Amazon, Fnac, Cultura \u2026.<br \/>|,<a href=\"https:\/\/www.kobo.com\/fr\/fr\/ebook\/sociologie-politique-de-la-menace-et-du-risque\" target=\"_blank\" rel=\"noopener noreferrer nofollow\">(la couverture) <\/a><span><\/span>.<br \/>|,<a href=\"https:\/\/www.kobo.com\/fr\/fr\/ebook\/sociologie-politique-de-l-insecurite\" target=\"_blank\" rel=\"noopener noreferrer nofollow\">(la couverture) <\/a><span><\/span>.<br \/>|,<a href=\"https:\/\/fr.wikisource.org\/wiki\/Sophismes_%C3%A9conomiques\" target=\"_blank\" rel=\"noopener noreferrer nofollow\">(la couverture) <\/a><span><\/span>.<br \/>|,<a href=\"https:\/\/fr.wikisource.org\/wiki\/Sophismes_%C3%A9conomiques\/S%C3%A9rie_1\/Chapitre_12\" target=\"_blank\" rel=\"noopener noreferrer nofollow\">(la couverture) <\/a><span><\/span>. Disponible \u00e0 l\u2019achat sur les plateformes Amazon, Fnac, Cultura \u2026.<br \/>|,<a href=\"https:\/\/fr.wikisource.org\/wiki\/Sophismes_%C3%A9conomiques\/S%C3%A9rie_1\/Chapitre_14\" target=\"_blank\" rel=\"noopener noreferrer nofollow\">(la couverture) <\/a><span><\/span>. Disponible \u00e0 l\u2019achat sur les plateformes Amazon, Fnac, Cultura \u2026.<br \/>|,<a href=\"https:\/\/fr.wikisource.org\/wiki\/Sophismes_%C3%A9conomiques\/S%C3%A9rie_1\/Chapitre_4\" target=\"_blank\" rel=\"noopener noreferrer nofollow\">(la couverture) <\/a><span><\/span>.<br \/>|,<a href=\"https:\/\/fr.wikisource.org\/wiki\/Sophismes_%C3%A9conomiques\/S%C3%A9rie_1\/Conclusion\" target=\"_blank\" rel=\"noopener noreferrer nofollow\">(la couverture) <\/a><span><\/span>. Disponible \u00e0 l\u2019achat sur les plateformes Amazon, Fnac, Cultura \u2026.<br \/>|,<a href=\"https:\/\/booknode.com\/sortir_du_communisme_changer_depoque_03361733\" target=\"_blank\" rel=\"noopener noreferrer nofollow\">(la couverture) <\/a><span><\/span>.<br \/>|,<a href=\"https:\/\/fr.wikisource.org\/wiki\/Souvenirs_(Tocqueville)\/Avant-propos\" target=\"_blank\" rel=\"noopener noreferrer nofollow\">(la couverture) <\/a><span><\/span>.<br \/>|,<a href=\"https:\/\/fr.wikisource.org\/wiki\/Souvenirs_d%E2%80%99enfance_(Kovalewsky)\/1\/8\" target=\"_blank\" rel=\"noopener noreferrer nofollow\">(la couverture) <\/a><span><\/span>. Disponible \u00e0 l\u2019achat sur les plateformes Amazon, Fnac, Cultura \u2026.<br \/>|,<a href=\"https:\/\/fr.wikisource.org\/wiki\/Souvenirs_de_1848\" target=\"_blank\" rel=\"noopener noreferrer nofollow\">(la couverture) <\/a><span><\/span>. Disponible \u00e0 l\u2019achat sur les plateformes Amazon, Fnac, Cultura \u2026.<br \/>|,<a href=\"https:\/\/fr.wikisource.org\/wiki\/Souvenirs_de_1848\/1\/10\" target=\"_blank\" rel=\"noopener noreferrer nofollow\">(la couverture) <\/a><span><\/span>. Disponible \u00e0 l\u2019achat sur les plateformes Amazon, Fnac, Cultura \u2026.<br \/>|,<a href=\"https:\/\/fr.wikisource.org\/wiki\/Souvenirs_de_1848\/1\/12\" target=\"_blank\" rel=\"noopener noreferrer nofollow\">(la couverture) <\/a><span><\/span>.<br \/>|,<a href=\"https:\/\/fr.wikisource.org\/wiki\/Souvenirs_de_1848\/1\/15\" target=\"_blank\" rel=\"noopener noreferrer nofollow\">(la couverture) <\/a><span><\/span>. Disponible \u00e0 l\u2019achat sur les plateformes Amazon, Fnac, Cultura \u2026.<br \/>|,<a href=\"https:\/\/fr.wikisource.org\/wiki\/Souvenirs_de_1848\/1\/8\" target=\"_blank\" rel=\"noopener noreferrer nofollow\">(la couverture) <\/a><span><\/span>. Disponible \u00e0 l\u2019achat sur les plateformes Amazon, Fnac, Cultura \u2026.<br \/>|,<a href=\"https:\/\/fr.wikisource.org\/wiki\/Souvenirs_et_Id%C3%A9es\/1848\/1\" target=\"_blank\" rel=\"noopener noreferrer nofollow\">(la couverture) <\/a><span><\/span>.<br \/>|,<a href=\"https:\/\/fr.wikisource.org\/wiki\/Souvenirs_et_Id%C3%A9es\/Sur_Mac-Mahon_et_Thiers\" target=\"_blank\" rel=\"noopener noreferrer nofollow\">(la couverture) <\/a><span><\/span>.<br \/>|,<a href=\"https:\/\/fr.wikisource.org\/wiki\/Spoliation_et_loi\" target=\"_blank\" rel=\"noopener noreferrer nofollow\">(la couverture) <\/a><span><\/span>. Disponible \u00e0 l\u2019achat sur les plateformes Amazon, Fnac, Cultura \u2026.<br \/>|,<a href=\"https:\/\/fr.wikisource.org\/wiki\/Sunt_Lacrym%C3%A6_rerum\" target=\"_blank\" rel=\"noopener noreferrer nofollow\">(la couverture) <\/a><span><\/span>.<br \/>|,<a href=\"https:\/\/fr.wikisource.org\/wiki\/Sur_la_d%C3%A9fense_de_la_r%C3%A9volution\" target=\"_blank\" rel=\"noopener noreferrer nofollow\">(la couverture) <\/a><span><\/span>.<br \/>|,<a href=\"https:\/\/fr.wikisource.org\/wiki\/Syst%C3%A8me_des_contradictions_%C3%A9conomiques_ou_Philosophie_de_la_mis%C3%A8re\/Chapitre_01\" target=\"_blank\" rel=\"noopener noreferrer nofollow\">(la couverture) <\/a><span><\/span>.<br \/>|,<a href=\"https:\/\/fr.wikisource.org\/wiki\/Syst%C3%A8me_des_contradictions_%C3%A9conomiques_ou_Philosophie_de_la_mis%C3%A8re\/Chapitre_12\" target=\"_blank\" rel=\"noopener noreferrer nofollow\">(la couverture) <\/a><span><\/span>.<br \/>|,<a href=\"https:\/\/fr.wikisource.org\/wiki\/Syst%C3%A8me_des_contradictions_%C3%A9conomiques_ou_Philosophie_de_la_mis%C3%A8re\/Chapitre_12\" target=\"_blank\" rel=\"noopener noreferrer nofollow\">(la couverture) <\/a><span><\/span>.<br \/>|,<a href=\"https:\/\/www.kobo.com\/fr\/fr\/ebook\/tempetes-microbiennes\" target=\"_blank\" rel=\"noopener noreferrer nofollow\">(la couverture) <\/a><span><\/span>.<br \/>|,<a href=\"https:\/\/fr.wikisource.org\/wiki\/Terre_d%E2%80%99%C3%A9b%C3%A8ne\/Chapitre_III\" target=\"_blank\" rel=\"noopener noreferrer nofollow\">(la couverture) <\/a><span><\/span>.<br \/>|,<a href=\"https:\/\/booknode.com\/terrorisme_et_communisme_0119101\" target=\"_blank\" rel=\"noopener noreferrer nofollow\">(la couverture) <\/a><span><\/span>. Disponible \u00e0 l\u2019achat sur les plateformes Amazon, Fnac, Cultura \u2026.<br \/>|,<a href=\"https:\/\/www.kobo.com\/fr\/fr\/ebook\/testament-politique-de-louis-mandrin\" target=\"_blank\" rel=\"noopener noreferrer nofollow\">(la couverture) <\/a><span><\/span>.<br \/>|,<a href=\"https:\/\/fr.wikisource.org\/wiki\/Th%C3%A9orie_de_la_propri%C3%A9t%C3%A9\/3\" target=\"_blank\" rel=\"noopener noreferrer nofollow\">(la couverture) <\/a><span><\/span>. Disponible \u00e0 l\u2019achat sur les plateformes Amazon, Fnac, Cultura \u2026.<br \/>|,<a href=\"https:\/\/fr.wikisource.org\/wiki\/Th%C3%A9orie_de_la_propri%C3%A9t%C3%A9\/5\" target=\"_blank\" rel=\"noopener noreferrer nofollow\">(la couverture) <\/a><span><\/span>. Disponible \u00e0 l\u2019achat sur les plateformes Amazon, Fnac, Cultura \u2026.<br \/>|,<a href=\"https:\/\/fr.wikisource.org\/wiki\/Th%C3%A9orie_de_la_propri%C3%A9t%C3%A9\/9\" target=\"_blank\" rel=\"noopener noreferrer nofollow\">(la couverture) <\/a><span><\/span>.<br \/>|,<a href=\"https:\/\/www.kobo.com\/fr\/fr\/ebook\/ton-aventure-peuple-de-gauche-1920-1979\" target=\"_blank\" rel=\"noopener noreferrer nofollow\">(la couverture) <\/a><span><\/span>. Disponible \u00e0 l\u2019achat sur les plateformes Amazon, Fnac, Cultura \u2026.<br \/>|,<a href=\"https:\/\/fr.wikisource.org\/wiki\/Trait%C3%A9_de_documentation\/Le_Livre_et_le_Document\/Corr%C3%A9lations_entre_les_divers_%C3%A9l%C3%A9ments_du_Livre_et_du_Document\" target=\"_blank\" rel=\"noopener noreferrer nofollow\">(la couverture) <\/a><span><\/span>.<br \/>|,<a href=\"https:\/\/www.kobo.com\/fr\/fr\/ebook\/traite-d-economie-politique-de-jean-baptiste-say\" target=\"_blank\" rel=\"noopener noreferrer nofollow\">(la couverture) <\/a><span><\/span>.<br \/>|,<a href=\"https:\/\/www.kobo.com\/fr\/fr\/ebook\/traite-theologico-politique-de-spinoza\" target=\"_blank\" rel=\"noopener noreferrer nofollow\">(la couverture) <\/a><span><\/span>. Disponible \u00e0 l\u2019achat sur les plateformes Amazon, Fnac, Cultura \u2026.<br \/>|,<a href=\"https:\/\/fr.wikisource.org\/wiki\/Trois_lettres_au_journal_%C2%AB_L%E2%80%99Homme_%C2%BB\" target=\"_blank\" rel=\"noopener noreferrer nofollow\">(la couverture) <\/a><span><\/span>.<br \/>|,<a href=\"https:\/\/fr.wikisource.org\/wiki\/Trois_Lettres_in%C3%A9dites_(Rimbaud)_(NRF_8)\" target=\"_blank\" rel=\"noopener noreferrer nofollow\">(la couverture) <\/a><span><\/span>.<br \/>|,<a href=\"https:\/\/booknode.com\/troll_tome_1_les_insoumis_0326202\" target=\"_blank\" rel=\"noopener noreferrer nofollow\">(la couverture) <\/a><span><\/span>.<br \/>|,<a href=\"https:\/\/www.kobo.com\/fr\/fr\/ebook\/true-blood-politique-de-la-difference\" target=\"_blank\" rel=\"noopener noreferrer nofollow\">(la couverture) <\/a><span><\/span>.<br \/>|,<a href=\"https:\/\/booknode.com\/un_communisme_insupportable_03361729\" target=\"_blank\" rel=\"noopener noreferrer nofollow\">(la couverture) <\/a><span><\/span>.<br \/>|,<a href=\"https:\/\/booknode.com\/un_communisme_insupportable_03361729\" target=\"_blank\" rel=\"noopener noreferrer nofollow\">(la couverture) <\/a><span><\/span>. Disponible \u00e0 l\u2019achat sur les plateformes Amazon, Fnac, Cultura \u2026.<br \/>|,<a href=\"https:\/\/www.kobo.com\/fr\/fr\/ebook\/un-prix-a-la-vie\" target=\"_blank\" rel=\"noopener noreferrer nofollow\">(la couverture) <\/a><span><\/span>.<br \/>|,<a href=\"https:\/\/fr.wikisource.org\/wiki\/Un_projet_d%E2%80%99organisation_anarchiste\" target=\"_blank\" rel=\"noopener noreferrer nofollow\">(la couverture) <\/a><span><\/span>.<br \/>|,<a href=\"https:\/\/fr.wikisource.org\/wiki\/Un_Socialisme_chinois_au_XIe_si%C3%A8cle_-_Wang-ngan-Ch%C3%A9\" target=\"_blank\" rel=\"noopener noreferrer nofollow\">(la couverture) <\/a><span><\/span>. Disponible \u00e0 l\u2019achat sur les plateformes Amazon, Fnac, Cultura \u2026.<br \/>|,<a href=\"https:\/\/fr.wikisource.org\/wiki\/Un_temps_d%E2%80%99arr%C3%AAt\" target=\"_blank\" rel=\"noopener noreferrer nofollow\">(la couverture) <\/a><span><\/span>. Disponible \u00e0 l\u2019achat sur les plateformes Amazon, Fnac, Cultura \u2026.<br \/>|,<a href=\"https:\/\/fr.wikisource.org\/wiki\/Une_comparaison_entre_l%E2%80%99Am%C3%A9rique_et_l%E2%80%99Europe\" target=\"_blank\" rel=\"noopener noreferrer nofollow\">(la couverture) <\/a><span><\/span>. Disponible \u00e0 l\u2019achat sur les plateformes Amazon, Fnac, Cultura \u2026.<br \/>|,<a href=\"https:\/\/booknode.com\/une_histoire_mondiale_du_communisme_tome_1_les_bourreaux_01730523\" target=\"_blank\" rel=\"noopener noreferrer nofollow\">(la couverture) <\/a><span><\/span>.<br \/>|,<a href=\"https:\/\/booknode.com\/une_histoire_mondiale_du_communisme_tome_2_les_victimes_01730525\" target=\"_blank\" rel=\"noopener noreferrer nofollow\">(la couverture) <\/a><span><\/span>.<br \/>|,<a href=\"https:\/\/booknode.com\/une_histoire_mondiale_du_communisme_tome_3_les_complices_03361763\" target=\"_blank\" rel=\"noopener noreferrer nofollow\">(la couverture) <\/a><span><\/span>.<br \/>|,<a href=\"https:\/\/www.kobo.com\/fr\/fr\/ebook\/une-histoire-politique-de-l-alimentation\" target=\"_blank\" rel=\"noopener noreferrer nofollow\">(la couverture) <\/a><span><\/span>.<br \/>|,<a href=\"https:\/\/www.kobo.com\/fr\/fr\/ebook\/une-histoire-politique-de-la-litterature-1\" target=\"_blank\" rel=\"noopener noreferrer nofollow\">(la couverture) <\/a><span><\/span>.<br \/>|,<a href=\"https:\/\/www.kobo.com\/fr\/fr\/ebook\/une-politique-de-la-langue-la-revolution-francaise-et-les-patois-l-enquete-de-gregoire-1\" target=\"_blank\" rel=\"noopener noreferrer nofollow\">(la couverture) <\/a><span><\/span>. Disponible \u00e0 l\u2019achat sur les plateformes Amazon, Fnac, Cultura \u2026.<br \/>|,<a href=\"https:\/\/booknode.com\/valls_macron_le_socialisme_de_lexcellence_a_la_francaise_pour_un_manifeste_feuillant_02072085\" target=\"_blank\" rel=\"noopener noreferrer nofollow\">(la couverture) <\/a><span><\/span>.<br \/>|,<a href=\"https:\/\/fr.wikisource.org\/wiki\/Vers_la_r%C3%A9publique_sociale\" target=\"_blank\" rel=\"noopener noreferrer nofollow\">(la couverture) <\/a><span><\/span>.<br \/>|,<a href=\"https:\/\/fr.wikisource.org\/wiki\/Vers_la_r%C3%A9publique_sociale\" target=\"_blank\" rel=\"noopener noreferrer nofollow\">(la couverture) <\/a><span><\/span>.<br \/>|,<a href=\"https:\/\/fr.wikisource.org\/wiki\/Vers_les_mirages\" target=\"_blank\" rel=\"noopener noreferrer nofollow\">(la couverture) <\/a><span><\/span>. Disponible \u00e0 l\u2019achat sur les plateformes Amazon, Fnac, Cultura \u2026.<br \/>|,<a href=\"https:\/\/www.kobo.com\/fr\/fr\/ebook\/vers-une-societe-du-care-epub\" target=\"_blank\" rel=\"noopener noreferrer nofollow\">(la couverture) <\/a><span><\/span>.<br \/>|,<a href=\"https:\/\/fr.wikisource.org\/wiki\/Vie_de_J%C3%A9sus_1867\/10\" target=\"_blank\" rel=\"noopener noreferrer nofollow\">(la couverture) <\/a><span><\/span>.<br \/>|,<a href=\"https:\/\/fr.wikisource.org\/wiki\/Vie_du_pape_Pie-IX\/Le_Syllabus\" target=\"_blank\" rel=\"noopener noreferrer nofollow\">(la couverture) <\/a><span><\/span>. Disponible \u00e0 l\u2019achat sur les plateformes Amazon, Fnac, Cultura \u2026.<br \/>|,<a href=\"https:\/\/www.kobo.com\/fr\/fr\/ebook\/visages-de-la-terreur\" target=\"_blank\" rel=\"noopener noreferrer nofollow\">(la couverture) <\/a><span><\/span>.<br \/>|,<a href=\"https:\/\/fr.wikisource.org\/wiki\/Voisinage_(Mauri%C3%A8re)\" target=\"_blank\" rel=\"noopener noreferrer nofollow\">(la couverture) <\/a><span><\/span>.<br \/>|,<a href=\"https:\/\/fr.wikisource.org\/wiki\/Voyage_en_Orient_(Nerval)\/Les_Akkals_-_L%E2%80%99Antiliban\/IV\" target=\"_blank\" rel=\"noopener noreferrer nofollow\">(la couverture) <\/a><span><\/span>.<br \/>|,<a href=\"https:\/\/www.kobo.com\/fr\/fr\/ebook\/vue-generale-de-l-histoire-politique-de-l-europe-4\" target=\"_blank\" rel=\"noopener noreferrer nofollow\">(la couverture) <\/a><span><\/span>. Disponible \u00e0 l\u2019achat sur les plateformes Amazon, Fnac, Cultura \u2026.<br \/>|,<a href=\"https:\/\/www.kobo.com\/fr\/fr\/ebook\/vue-generale-de-l-histoire-politique-de-l-europe-3\" target=\"_blank\" rel=\"noopener noreferrer nofollow\">(la couverture) <\/a><span><\/span>.<br \/>|,<a href=\"https:\/\/www.kobo.com\/fr\/fr\/ebook\/vue-generale-de-l-histoire-politique-de-l-europe-2\" target=\"_blank\" rel=\"noopener noreferrer nofollow\">(la couverture) <\/a><span><\/span>. Disponible \u00e0 l\u2019achat sur les plateformes Amazon, Fnac, Cultura \u2026.<br \/>|,<a href=\"https:\/\/www.kobo.com\/fr\/fr\/ebook\/walter-benjamin-8\" target=\"_blank\" rel=\"noopener noreferrer nofollow\">(la couverture) <\/a><span><\/span>. Disponible \u00e0 l\u2019achat sur les plateformes Amazon, Fnac, Cultura \u2026.<br \/>|,<a href=\"https:\/\/www.kobo.com\/fr\/fr\/ebook\/walter-benjamin-8\" target=\"_blank\" rel=\"noopener noreferrer nofollow\">(la couverture) <\/a><span><\/span>.<br \/>|,<a href=\"https:\/\/fr.wikisource.org\/wiki\/William_Shakespeare_(Victor_Hugo)\/II\/V\" target=\"_blank\" rel=\"noopener noreferrer nofollow\">(la couverture) <\/a><span><\/span>.<br \/>|,<a href=\"https:\/\/www.kobo.com\/fr\/fr\/ebook\/winter-is-coming-18\" target=\"_blank\" rel=\"noopener noreferrer nofollow\">(la couverture) <\/a><span><\/span>. Disponible \u00e0 l\u2019achat sur les plateformes Amazon, Fnac, Cultura \u2026.<\/p>\n","protected":false},"excerpt":{"rendered":"<p>Cet tweet de quelques mots, vient d\u2019\u00eatre d\u00e9couvert sur les derniers tweets publi\u00e9s, notre staff est heureux de vous en produire l\u2019essentiel dans cette publication. Le profil twitter est pr\u00e9sent\u00e9 sous le nom Parti de Gauche 94 \u2013 France insoumise. Ilest connu avec le pseudonyme @PartideGauche94. Pour m\u00e9moire voil\u00e0 sa description:Le projet du Parti de &hellip; <\/p>\n<p class=\"link-more\"><a href=\"https:\/\/www.accidentdutravail-idf.net\/blog\/gauche-france-une-proposition-de-loi-de-la-nupes-vise-a-garant-nupes-gauche-de-partidegauche94\/\" class=\"more-link\">Continuer la lecture <span class=\"screen-reader-text\"> \u00ab\u00a0Gauche France: Une proposition de loi de la #Nupes, vise \u00e0 garant\u2026 #nupes #gauche |de @PartideGauche94\u00a0\u00bb<\/span><\/a><\/p>\n","protected":false},"author":3,"featured_media":155,"comment_status":"closed","ping_status":"closed","sticky":false,"template":"","format":"standard","meta":{"footnotes":""},"categories":[3],"tags":[],"class_list":["post-154","post","type-post","status-publish","format-standard","has-post-thumbnail","hentry","category-securite-du-travail-en-ile-de-france-communiques","entry"],"yoast_head":"<!-- This site is optimized with the Yoast SEO plugin v27.5 - https:\/\/yoast.com\/product\/yoast-seo-wordpress\/ -->\n<title>Gauche France: Une proposition de loi de la #Nupes, vise \u00e0 garant\u2026 #nupes #gauche |de @PartideGauche94 - ACCIDENTDUTRAVAIL-IDF<\/title>\n<meta name=\"description\" content=\"Gauche France: Une proposition de loi de la #Nupes, vise \u00e0 garant\u2026 #nupes #gauche |de @PartideGauche94 article de ACCIDENTDUTRAVAIL-IDF\" \/>\n<meta name=\"robots\" content=\"index, follow, max-snippet:-1, max-image-preview:large, max-video-preview:-1\" \/>\n<link rel=\"canonical\" href=\"https:\/\/www.accidentdutravail-idf.net\/blog\/gauche-france-une-proposition-de-loi-de-la-nupes-vise-a-garant-nupes-gauche-de-partidegauche94\/\" \/>\n<meta property=\"og:locale\" content=\"fr_FR\" \/>\n<meta property=\"og:type\" content=\"article\" \/>\n<meta property=\"og:title\" content=\"Gauche France: Une proposition de loi de la #Nupes, vise \u00e0 garant\u2026 #nupes #gauche |de @PartideGauche94 - ACCIDENTDUTRAVAIL-IDF\" \/>\n<meta property=\"og:description\" content=\"Gauche France: Une proposition de loi de la #Nupes, vise \u00e0 garant\u2026 #nupes #gauche |de @PartideGauche94 article de ACCIDENTDUTRAVAIL-IDF\" \/>\n<meta property=\"og:url\" content=\"https:\/\/www.accidentdutravail-idf.net\/blog\/gauche-france-une-proposition-de-loi-de-la-nupes-vise-a-garant-nupes-gauche-de-partidegauche94\/\" \/>\n<meta property=\"og:site_name\" content=\"ACCIDENTDUTRAVAIL-IDF\" \/>\n<meta property=\"article:published_time\" content=\"2022-08-31T08:41:05+00:00\" \/>\n<meta property=\"og:image\" content=\"https:\/\/www.accidentdutravail-idf.net\/blog\/wp-content\/uploads\/2022\/10\/gauche-france-une-proposition-de-loi-de-la-nupes-vise-a-garant-nupes-gauche-de-partidegauche94.webp\" \/>\n<meta name=\"author\" content=\"Roxane BARLER\" \/>\n<meta name=\"twitter:card\" content=\"summary_large_image\" \/>\n<meta name=\"twitter:label1\" content=\"\u00c9crit par\" \/>\n\t<meta name=\"twitter:data1\" content=\"Roxane BARLER\" \/>\n\t<meta name=\"twitter:label2\" content=\"Dur\u00e9e de lecture estim\u00e9e\" \/>\n\t<meta name=\"twitter:data2\" content=\"9 minutes\" \/>\n<script type=\"application\/ld+json\" class=\"yoast-schema-graph\">{\"@context\":\"https:\\\/\\\/schema.org\",\"@graph\":[{\"@type\":\"Article\",\"@id\":\"https:\\\/\\\/www.accidentdutravail-idf.net\\\/blog\\\/gauche-france-une-proposition-de-loi-de-la-nupes-vise-a-garant-nupes-gauche-de-partidegauche94\\\/#article\",\"isPartOf\":{\"@id\":\"https:\\\/\\\/www.accidentdutravail-idf.net\\\/blog\\\/gauche-france-une-proposition-de-loi-de-la-nupes-vise-a-garant-nupes-gauche-de-partidegauche94\\\/\"},\"author\":{\"name\":\"Roxane BARLER\",\"@id\":\"https:\\\/\\\/www.accidentdutravail-idf.net\\\/blog\\\/#\\\/schema\\\/person\\\/73aa09ba2db8f06bf1debf3a872bd6f9\"},\"headline\":\"Gauche France: Une proposition de loi de la #Nupes, vise \u00e0 garant\u2026 #nupes #gauche |de @PartideGauche94\",\"datePublished\":\"2022-08-31T08:41:05+00:00\",\"mainEntityOfPage\":{\"@id\":\"https:\\\/\\\/www.accidentdutravail-idf.net\\\/blog\\\/gauche-france-une-proposition-de-loi-de-la-nupes-vise-a-garant-nupes-gauche-de-partidegauche94\\\/\"},\"wordCount\":1774,\"publisher\":{\"@id\":\"https:\\\/\\\/www.accidentdutravail-idf.net\\\/blog\\\/#organization\"},\"image\":{\"@id\":\"https:\\\/\\\/www.accidentdutravail-idf.net\\\/blog\\\/gauche-france-une-proposition-de-loi-de-la-nupes-vise-a-garant-nupes-gauche-de-partidegauche94\\\/#primaryimage\"},\"thumbnailUrl\":\"https:\\\/\\\/www.accidentdutravail-idf.net\\\/blog\\\/wp-content\\\/uploads\\\/2022\\\/10\\\/gauche-france-une-proposition-de-loi-de-la-nupes-vise-a-garant-nupes-gauche-de-partidegauche94.webp\",\"articleSection\":[\"S\u00e9curit\u00e9 Du Travail En Ile-De-France Communiqu\u00e9s:\"],\"inLanguage\":\"fr-FR\"},{\"@type\":\"WebPage\",\"@id\":\"https:\\\/\\\/www.accidentdutravail-idf.net\\\/blog\\\/gauche-france-une-proposition-de-loi-de-la-nupes-vise-a-garant-nupes-gauche-de-partidegauche94\\\/\",\"url\":\"https:\\\/\\\/www.accidentdutravail-idf.net\\\/blog\\\/gauche-france-une-proposition-de-loi-de-la-nupes-vise-a-garant-nupes-gauche-de-partidegauche94\\\/\",\"name\":\"Gauche France: Une proposition de loi de la #Nupes, vise \u00e0 garant\u2026 #nupes #gauche |de @PartideGauche94 - ACCIDENTDUTRAVAIL-IDF\",\"isPartOf\":{\"@id\":\"https:\\\/\\\/www.accidentdutravail-idf.net\\\/blog\\\/#website\"},\"primaryImageOfPage\":{\"@id\":\"https:\\\/\\\/www.accidentdutravail-idf.net\\\/blog\\\/gauche-france-une-proposition-de-loi-de-la-nupes-vise-a-garant-nupes-gauche-de-partidegauche94\\\/#primaryimage\"},\"image\":{\"@id\":\"https:\\\/\\\/www.accidentdutravail-idf.net\\\/blog\\\/gauche-france-une-proposition-de-loi-de-la-nupes-vise-a-garant-nupes-gauche-de-partidegauche94\\\/#primaryimage\"},\"thumbnailUrl\":\"https:\\\/\\\/www.accidentdutravail-idf.net\\\/blog\\\/wp-content\\\/uploads\\\/2022\\\/10\\\/gauche-france-une-proposition-de-loi-de-la-nupes-vise-a-garant-nupes-gauche-de-partidegauche94.webp\",\"datePublished\":\"2022-08-31T08:41:05+00:00\",\"description\":\"Gauche France: Une proposition de loi de la #Nupes, vise \u00e0 garant\u2026 #nupes #gauche |de @PartideGauche94 article de ACCIDENTDUTRAVAIL-IDF\",\"breadcrumb\":{\"@id\":\"https:\\\/\\\/www.accidentdutravail-idf.net\\\/blog\\\/gauche-france-une-proposition-de-loi-de-la-nupes-vise-a-garant-nupes-gauche-de-partidegauche94\\\/#breadcrumb\"},\"inLanguage\":\"fr-FR\",\"potentialAction\":[{\"@type\":\"ReadAction\",\"target\":[\"https:\\\/\\\/www.accidentdutravail-idf.net\\\/blog\\\/gauche-france-une-proposition-de-loi-de-la-nupes-vise-a-garant-nupes-gauche-de-partidegauche94\\\/\"]}]},{\"@type\":\"ImageObject\",\"inLanguage\":\"fr-FR\",\"@id\":\"https:\\\/\\\/www.accidentdutravail-idf.net\\\/blog\\\/gauche-france-une-proposition-de-loi-de-la-nupes-vise-a-garant-nupes-gauche-de-partidegauche94\\\/#primaryimage\",\"url\":\"https:\\\/\\\/www.accidentdutravail-idf.net\\\/blog\\\/wp-content\\\/uploads\\\/2022\\\/10\\\/gauche-france-une-proposition-de-loi-de-la-nupes-vise-a-garant-nupes-gauche-de-partidegauche94.webp\",\"contentUrl\":\"https:\\\/\\\/www.accidentdutravail-idf.net\\\/blog\\\/wp-content\\\/uploads\\\/2022\\\/10\\\/gauche-france-une-proposition-de-loi-de-la-nupes-vise-a-garant-nupes-gauche-de-partidegauche94.webp\",\"width\":1200,\"height\":675,\"caption\":\"gauche france une proposition de loi de la nupes vise a garant nupes gauche de partidegauche94\"},{\"@type\":\"BreadcrumbList\",\"@id\":\"https:\\\/\\\/www.accidentdutravail-idf.net\\\/blog\\\/gauche-france-une-proposition-de-loi-de-la-nupes-vise-a-garant-nupes-gauche-de-partidegauche94\\\/#breadcrumb\",\"itemListElement\":[{\"@type\":\"ListItem\",\"position\":1,\"name\":\"Accueil\",\"item\":\"https:\\\/\\\/www.accidentdutravail-idf.net\\\/blog\\\/\"},{\"@type\":\"ListItem\",\"position\":2,\"name\":\"Gauche France: Une proposition de loi de la #Nupes, vise \u00e0 garant\u2026 #nupes #gauche |de @PartideGauche94\"}]},{\"@type\":\"WebSite\",\"@id\":\"https:\\\/\\\/www.accidentdutravail-idf.net\\\/blog\\\/#website\",\"url\":\"https:\\\/\\\/www.accidentdutravail-idf.net\\\/blog\\\/\",\"name\":\"ACCIDENTDUTRAVAIL-IDF\",\"description\":\"Portail accidents du travail-maladies professionnelles des entreprises d&#039;Ile-de-France\",\"publisher\":{\"@id\":\"https:\\\/\\\/www.accidentdutravail-idf.net\\\/blog\\\/#organization\"},\"potentialAction\":[{\"@type\":\"SearchAction\",\"target\":{\"@type\":\"EntryPoint\",\"urlTemplate\":\"https:\\\/\\\/www.accidentdutravail-idf.net\\\/blog\\\/?s={search_term_string}\"},\"query-input\":{\"@type\":\"PropertyValueSpecification\",\"valueRequired\":true,\"valueName\":\"search_term_string\"}}],\"inLanguage\":\"fr-FR\"},{\"@type\":\"Organization\",\"@id\":\"https:\\\/\\\/www.accidentdutravail-idf.net\\\/blog\\\/#organization\",\"name\":\"accidentdutravail-idf\",\"url\":\"https:\\\/\\\/www.accidentdutravail-idf.net\\\/blog\\\/\",\"logo\":{\"@type\":\"ImageObject\",\"inLanguage\":\"fr-FR\",\"@id\":\"https:\\\/\\\/www.accidentdutravail-idf.net\\\/blog\\\/#\\\/schema\\\/logo\\\/image\\\/\",\"url\":\"https:\\\/\\\/www.accidentdutravail-idf.net\\\/blog\\\/wp-content\\\/uploads\\\/2022\\\/09\\\/logo-2.png\",\"contentUrl\":\"https:\\\/\\\/www.accidentdutravail-idf.net\\\/blog\\\/wp-content\\\/uploads\\\/2022\\\/09\\\/logo-2.png\",\"width\":380,\"height\":291,\"caption\":\"accidentdutravail-idf\"},\"image\":{\"@id\":\"https:\\\/\\\/www.accidentdutravail-idf.net\\\/blog\\\/#\\\/schema\\\/logo\\\/image\\\/\"}},{\"@type\":\"Person\",\"@id\":\"https:\\\/\\\/www.accidentdutravail-idf.net\\\/blog\\\/#\\\/schema\\\/person\\\/73aa09ba2db8f06bf1debf3a872bd6f9\",\"name\":\"Roxane BARLER\",\"image\":{\"@type\":\"ImageObject\",\"inLanguage\":\"fr-FR\",\"@id\":\"https:\\\/\\\/secure.gravatar.com\\\/avatar\\\/0167a3f2fdd1b1378a9aef148e68e7656ab41c7534176836deba3d1e5d6dc5df?s=96&d=mm&r=g\",\"url\":\"https:\\\/\\\/secure.gravatar.com\\\/avatar\\\/0167a3f2fdd1b1378a9aef148e68e7656ab41c7534176836deba3d1e5d6dc5df?s=96&d=mm&r=g\",\"contentUrl\":\"https:\\\/\\\/secure.gravatar.com\\\/avatar\\\/0167a3f2fdd1b1378a9aef148e68e7656ab41c7534176836deba3d1e5d6dc5df?s=96&d=mm&r=g\",\"caption\":\"Roxane BARLER\"},\"url\":\"https:\\\/\\\/www.accidentdutravail-idf.net\\\/blog\\\/author\\\/idfroxane\\\/\"}]}<\/script>\n<!-- \/ Yoast SEO plugin. -->","yoast_head_json":{"title":"Gauche France: Une proposition de loi de la #Nupes, vise \u00e0 garant\u2026 #nupes #gauche |de @PartideGauche94 - ACCIDENTDUTRAVAIL-IDF","description":"Gauche France: Une proposition de loi de la #Nupes, vise \u00e0 garant\u2026 #nupes #gauche |de @PartideGauche94 article de ACCIDENTDUTRAVAIL-IDF","robots":{"index":"index","follow":"follow","max-snippet":"max-snippet:-1","max-image-preview":"max-image-preview:large","max-video-preview":"max-video-preview:-1"},"canonical":"https:\/\/www.accidentdutravail-idf.net\/blog\/gauche-france-une-proposition-de-loi-de-la-nupes-vise-a-garant-nupes-gauche-de-partidegauche94\/","og_locale":"fr_FR","og_type":"article","og_title":"Gauche France: Une proposition de loi de la #Nupes, vise \u00e0 garant\u2026 #nupes #gauche |de @PartideGauche94 - ACCIDENTDUTRAVAIL-IDF","og_description":"Gauche France: Une proposition de loi de la #Nupes, vise \u00e0 garant\u2026 #nupes #gauche |de @PartideGauche94 article de ACCIDENTDUTRAVAIL-IDF","og_url":"https:\/\/www.accidentdutravail-idf.net\/blog\/gauche-france-une-proposition-de-loi-de-la-nupes-vise-a-garant-nupes-gauche-de-partidegauche94\/","og_site_name":"ACCIDENTDUTRAVAIL-IDF","article_published_time":"2022-08-31T08:41:05+00:00","og_image":[{"url":"https:\/\/www.accidentdutravail-idf.net\/blog\/wp-content\/uploads\/2022\/10\/gauche-france-une-proposition-de-loi-de-la-nupes-vise-a-garant-nupes-gauche-de-partidegauche94.webp","type":"","width":"","height":""}],"author":"Roxane BARLER","twitter_card":"summary_large_image","twitter_misc":{"\u00c9crit par":"Roxane BARLER","Dur\u00e9e de lecture estim\u00e9e":"9 minutes"},"schema":{"@context":"https:\/\/schema.org","@graph":[{"@type":"Article","@id":"https:\/\/www.accidentdutravail-idf.net\/blog\/gauche-france-une-proposition-de-loi-de-la-nupes-vise-a-garant-nupes-gauche-de-partidegauche94\/#article","isPartOf":{"@id":"https:\/\/www.accidentdutravail-idf.net\/blog\/gauche-france-une-proposition-de-loi-de-la-nupes-vise-a-garant-nupes-gauche-de-partidegauche94\/"},"author":{"name":"Roxane BARLER","@id":"https:\/\/www.accidentdutravail-idf.net\/blog\/#\/schema\/person\/73aa09ba2db8f06bf1debf3a872bd6f9"},"headline":"Gauche France: Une proposition de loi de la #Nupes, vise \u00e0 garant\u2026 #nupes #gauche |de @PartideGauche94","datePublished":"2022-08-31T08:41:05+00:00","mainEntityOfPage":{"@id":"https:\/\/www.accidentdutravail-idf.net\/blog\/gauche-france-une-proposition-de-loi-de-la-nupes-vise-a-garant-nupes-gauche-de-partidegauche94\/"},"wordCount":1774,"publisher":{"@id":"https:\/\/www.accidentdutravail-idf.net\/blog\/#organization"},"image":{"@id":"https:\/\/www.accidentdutravail-idf.net\/blog\/gauche-france-une-proposition-de-loi-de-la-nupes-vise-a-garant-nupes-gauche-de-partidegauche94\/#primaryimage"},"thumbnailUrl":"https:\/\/www.accidentdutravail-idf.net\/blog\/wp-content\/uploads\/2022\/10\/gauche-france-une-proposition-de-loi-de-la-nupes-vise-a-garant-nupes-gauche-de-partidegauche94.webp","articleSection":["S\u00e9curit\u00e9 Du Travail En Ile-De-France Communiqu\u00e9s:"],"inLanguage":"fr-FR"},{"@type":"WebPage","@id":"https:\/\/www.accidentdutravail-idf.net\/blog\/gauche-france-une-proposition-de-loi-de-la-nupes-vise-a-garant-nupes-gauche-de-partidegauche94\/","url":"https:\/\/www.accidentdutravail-idf.net\/blog\/gauche-france-une-proposition-de-loi-de-la-nupes-vise-a-garant-nupes-gauche-de-partidegauche94\/","name":"Gauche France: Une proposition de loi de la #Nupes, vise \u00e0 garant\u2026 #nupes #gauche |de @PartideGauche94 - ACCIDENTDUTRAVAIL-IDF","isPartOf":{"@id":"https:\/\/www.accidentdutravail-idf.net\/blog\/#website"},"primaryImageOfPage":{"@id":"https:\/\/www.accidentdutravail-idf.net\/blog\/gauche-france-une-proposition-de-loi-de-la-nupes-vise-a-garant-nupes-gauche-de-partidegauche94\/#primaryimage"},"image":{"@id":"https:\/\/www.accidentdutravail-idf.net\/blog\/gauche-france-une-proposition-de-loi-de-la-nupes-vise-a-garant-nupes-gauche-de-partidegauche94\/#primaryimage"},"thumbnailUrl":"https:\/\/www.accidentdutravail-idf.net\/blog\/wp-content\/uploads\/2022\/10\/gauche-france-une-proposition-de-loi-de-la-nupes-vise-a-garant-nupes-gauche-de-partidegauche94.webp","datePublished":"2022-08-31T08:41:05+00:00","description":"Gauche France: Une proposition de loi de la #Nupes, vise \u00e0 garant\u2026 #nupes #gauche |de @PartideGauche94 article de ACCIDENTDUTRAVAIL-IDF","breadcrumb":{"@id":"https:\/\/www.accidentdutravail-idf.net\/blog\/gauche-france-une-proposition-de-loi-de-la-nupes-vise-a-garant-nupes-gauche-de-partidegauche94\/#breadcrumb"},"inLanguage":"fr-FR","potentialAction":[{"@type":"ReadAction","target":["https:\/\/www.accidentdutravail-idf.net\/blog\/gauche-france-une-proposition-de-loi-de-la-nupes-vise-a-garant-nupes-gauche-de-partidegauche94\/"]}]},{"@type":"ImageObject","inLanguage":"fr-FR","@id":"https:\/\/www.accidentdutravail-idf.net\/blog\/gauche-france-une-proposition-de-loi-de-la-nupes-vise-a-garant-nupes-gauche-de-partidegauche94\/#primaryimage","url":"https:\/\/www.accidentdutravail-idf.net\/blog\/wp-content\/uploads\/2022\/10\/gauche-france-une-proposition-de-loi-de-la-nupes-vise-a-garant-nupes-gauche-de-partidegauche94.webp","contentUrl":"https:\/\/www.accidentdutravail-idf.net\/blog\/wp-content\/uploads\/2022\/10\/gauche-france-une-proposition-de-loi-de-la-nupes-vise-a-garant-nupes-gauche-de-partidegauche94.webp","width":1200,"height":675,"caption":"gauche france une proposition de loi de la nupes vise a garant nupes gauche de partidegauche94"},{"@type":"BreadcrumbList","@id":"https:\/\/www.accidentdutravail-idf.net\/blog\/gauche-france-une-proposition-de-loi-de-la-nupes-vise-a-garant-nupes-gauche-de-partidegauche94\/#breadcrumb","itemListElement":[{"@type":"ListItem","position":1,"name":"Accueil","item":"https:\/\/www.accidentdutravail-idf.net\/blog\/"},{"@type":"ListItem","position":2,"name":"Gauche France: Une proposition de loi de la #Nupes, vise \u00e0 garant\u2026 #nupes #gauche |de @PartideGauche94"}]},{"@type":"WebSite","@id":"https:\/\/www.accidentdutravail-idf.net\/blog\/#website","url":"https:\/\/www.accidentdutravail-idf.net\/blog\/","name":"ACCIDENTDUTRAVAIL-IDF","description":"Portail accidents du travail-maladies professionnelles des entreprises d&#039;Ile-de-France","publisher":{"@id":"https:\/\/www.accidentdutravail-idf.net\/blog\/#organization"},"potentialAction":[{"@type":"SearchAction","target":{"@type":"EntryPoint","urlTemplate":"https:\/\/www.accidentdutravail-idf.net\/blog\/?s={search_term_string}"},"query-input":{"@type":"PropertyValueSpecification","valueRequired":true,"valueName":"search_term_string"}}],"inLanguage":"fr-FR"},{"@type":"Organization","@id":"https:\/\/www.accidentdutravail-idf.net\/blog\/#organization","name":"accidentdutravail-idf","url":"https:\/\/www.accidentdutravail-idf.net\/blog\/","logo":{"@type":"ImageObject","inLanguage":"fr-FR","@id":"https:\/\/www.accidentdutravail-idf.net\/blog\/#\/schema\/logo\/image\/","url":"https:\/\/www.accidentdutravail-idf.net\/blog\/wp-content\/uploads\/2022\/09\/logo-2.png","contentUrl":"https:\/\/www.accidentdutravail-idf.net\/blog\/wp-content\/uploads\/2022\/09\/logo-2.png","width":380,"height":291,"caption":"accidentdutravail-idf"},"image":{"@id":"https:\/\/www.accidentdutravail-idf.net\/blog\/#\/schema\/logo\/image\/"}},{"@type":"Person","@id":"https:\/\/www.accidentdutravail-idf.net\/blog\/#\/schema\/person\/73aa09ba2db8f06bf1debf3a872bd6f9","name":"Roxane BARLER","image":{"@type":"ImageObject","inLanguage":"fr-FR","@id":"https:\/\/secure.gravatar.com\/avatar\/0167a3f2fdd1b1378a9aef148e68e7656ab41c7534176836deba3d1e5d6dc5df?s=96&d=mm&r=g","url":"https:\/\/secure.gravatar.com\/avatar\/0167a3f2fdd1b1378a9aef148e68e7656ab41c7534176836deba3d1e5d6dc5df?s=96&d=mm&r=g","contentUrl":"https:\/\/secure.gravatar.com\/avatar\/0167a3f2fdd1b1378a9aef148e68e7656ab41c7534176836deba3d1e5d6dc5df?s=96&d=mm&r=g","caption":"Roxane BARLER"},"url":"https:\/\/www.accidentdutravail-idf.net\/blog\/author\/idfroxane\/"}]}},"_links":{"self":[{"href":"https:\/\/www.accidentdutravail-idf.net\/blog\/wp-json\/wp\/v2\/posts\/154","targetHints":{"allow":["GET"]}}],"collection":[{"href":"https:\/\/www.accidentdutravail-idf.net\/blog\/wp-json\/wp\/v2\/posts"}],"about":[{"href":"https:\/\/www.accidentdutravail-idf.net\/blog\/wp-json\/wp\/v2\/types\/post"}],"author":[{"embeddable":true,"href":"https:\/\/www.accidentdutravail-idf.net\/blog\/wp-json\/wp\/v2\/users\/3"}],"replies":[{"embeddable":true,"href":"https:\/\/www.accidentdutravail-idf.net\/blog\/wp-json\/wp\/v2\/comments?post=154"}],"version-history":[{"count":0,"href":"https:\/\/www.accidentdutravail-idf.net\/blog\/wp-json\/wp\/v2\/posts\/154\/revisions"}],"wp:featuredmedia":[{"embeddable":true,"href":"https:\/\/www.accidentdutravail-idf.net\/blog\/wp-json\/wp\/v2\/media\/155"}],"wp:attachment":[{"href":"https:\/\/www.accidentdutravail-idf.net\/blog\/wp-json\/wp\/v2\/media?parent=154"}],"wp:term":[{"taxonomy":"category","embeddable":true,"href":"https:\/\/www.accidentdutravail-idf.net\/blog\/wp-json\/wp\/v2\/categories?post=154"},{"taxonomy":"post_tag","embeddable":true,"href":"https:\/\/www.accidentdutravail-idf.net\/blog\/wp-json\/wp\/v2\/tags?post=154"}],"curies":[{"name":"wp","href":"https:\/\/api.w.org\/{rel}","templated":true}]}}